{"id":3494,"date":"2016-07-27T00:05:04","date_gmt":"2016-07-26T21:05:04","guid":{"rendered":"https:\/\/www.turna.com\/blog\/?p=3494"},"modified":"2020-09-10T17:37:26","modified_gmt":"2020-09-10T14:37:26","slug":"dalis-severlere-5-guzel-oneri","status":"publish","type":"post","link":"https:\/\/www.turna.com\/blog\/dalis-severlere-5-guzel-oneri","title":{"rendered":"Dal\u0131\u015f Severlere 5 G\u00fczel \u00d6neri"},"content":{"rendered":"<div id=\"ez-toc-container\" class=\"ez-toc-v2_0_82_2 counter-hierarchy ez-toc-counter ez-toc-black ez-toc-container-direction\">\n<div class=\"ez-toc-title-container\">\n<p class=\"ez-toc-title\" style=\"cursor:inherit\">\u0130\u00e7indekiler<\/p>\n<span class=\"ez-toc-title-toggle\"><a href=\"#\" class=\"ez-toc-pull-right ez-toc-btn ez-toc-btn-xs ez-toc-btn-default ez-toc-toggle\" aria-label=\"\u0130\u00e7indekiler Tablosunu A\u00e7\/Kapat\"><span class=\"ez-toc-js-icon-con\"><span class=\"\"><span class=\"eztoc-hide\" style=\"display:none;\">Toggle<\/span><span class=\"ez-toc-icon-toggle-span\"><svg style=\"fill: #ffffff;color:#ffffff\" xmlns=\"http:\/\/www.w3.org\/2000\/svg\" class=\"list-377408\" width=\"20px\" height=\"20px\" viewBox=\"0 0 24 24\" fill=\"none\"><path d=\"M6 6H4v2h2V6zm14 0H8v2h12V6zM4 11h2v2H4v-2zm16 0H8v2h12v-2zM4 16h2v2H4v-2zm16 0H8v2h12v-2z\" fill=\"currentColor\"><\/path><\/svg><svg style=\"fill: #ffffff;color:#ffffff\" class=\"arrow-unsorted-368013\" xmlns=\"http:\/\/www.w3.org\/2000\/svg\" width=\"10px\" height=\"10px\" viewBox=\"0 0 24 24\" version=\"1.2\" baseProfile=\"tiny\"><path d=\"M18.2 9.3l-6.2-6.3-6.2 6.3c-.2.2-.3.4-.3.7s.1.5.3.7c.2.2.4.3.7.3h11c.3 0 .5-.1.7-.3.2-.2.3-.5.3-.7s-.1-.5-.3-.7zM5.8 14.7l6.2 6.3 6.2-6.3c.2-.2.3-.5.3-.7s-.1-.5-.3-.7c-.2-.2-.4-.3-.7-.3h-11c-.3 0-.5.1-.7.3-.2.2-.3.5-.3.7s.1.5.3.7z\"\/><\/svg><\/span><\/span><\/span><\/a><\/span><\/div>\n<nav><ul class='ez-toc-list ez-toc-list-level-1 eztoc-toggle-hide-by-default' ><li class='ez-toc-page-1 ez-toc-heading-level-2'><a class=\"ez-toc-link ez-toc-heading-1\" href=\"https:\/\/www.turna.com\/blog\/dalis-severlere-5-guzel-oneri\/#turkiyede_5_dalis_rotasi\" >T\u00fcrkiye&#8217;de 5 Dal\u0131\u015f Rotas\u0131<\/a><ul class='ez-toc-list-level-3' ><li class='ez-toc-heading-level-3'><a class=\"ez-toc-link ez-toc-heading-2\" href=\"https:\/\/www.turna.com\/blog\/dalis-severlere-5-guzel-oneri\/#1_saros_korfezi\" >1. Saros K\u00f6rfezi<\/a><\/li><li class='ez-toc-page-1 ez-toc-heading-level-3'><a class=\"ez-toc-link ez-toc-heading-3\" href=\"https:\/\/www.turna.com\/blog\/dalis-severlere-5-guzel-oneri\/#2_buyuk_resif_bodrum\" >2. B\u00fcy\u00fck Resif, Bodrum<\/a><\/li><li class='ez-toc-page-1 ez-toc-heading-level-3'><a class=\"ez-toc-link ez-toc-heading-4\" href=\"https:\/\/www.turna.com\/blog\/dalis-severlere-5-guzel-oneri\/#3_ucan_balik_kas\" >3. U\u00e7an Bal\u0131k, Ka\u015f<\/a><\/li><li class='ez-toc-page-1 ez-toc-heading-level-3'><a class=\"ez-toc-link ez-toc-heading-5\" href=\"https:\/\/www.turna.com\/blog\/dalis-severlere-5-guzel-oneri\/#4_gokova\" >4. G\u00f6kova<\/a><\/li><li class='ez-toc-page-1 ez-toc-heading-level-3'><a class=\"ez-toc-link ez-toc-heading-6\" href=\"https:\/\/www.turna.com\/blog\/dalis-severlere-5-guzel-oneri\/#5_ayvalik\" >5. Ayval\u0131k<\/a><\/li><\/ul><\/li><\/ul><\/nav><\/div>\n<p>Mavi sular\u0131n derinliklerinde bamba\u015fka bir hayat var. D\u00fcnyada en zengin su alt\u0131 ya\u015fam\u0131na sahip b\u00f6lgelerden biri de \u00fclkemizin \u00e7evresi. Ba\u015fta Ege ve Akdeniz olmak \u00fczere T\u00fcrkiye&#8217;yi \u00e7evreleyen denizlerimiz dal\u0131\u015f severler i\u00e7in adeta cennet.<\/p>\n<p>Her y\u0131l d\u00fcnyan\u0131n farkl\u0131 yerlerindeki g\u00fczellikleri ke\u015ffetmeye \u00e7\u0131kan dal\u0131\u015f severlerin rotas\u0131nda yer alan \u00fclkemizin en pop\u00fcler merkezlerini bu listede bir araya getirdik.<\/p>\n<h2><span class=\"ez-toc-section\" id=\"turkiyede_5_dalis_rotasi\"><\/span><strong>T\u00fcrkiye&#8217;de 5 Dal\u0131\u015f Rotas\u0131<\/strong><span class=\"ez-toc-section-end\"><\/span><\/h2>\n<h3><span class=\"ez-toc-section\" id=\"1_saros_korfezi\"><\/span><strong>1. Saros K\u00f6rfezi<\/strong><span class=\"ez-toc-section-end\"><\/span><\/h3>\n<p><img width=\"800\" height=\"500\" data-public-id=\"Saros-Korfezi_fbyks8\/Saros-Korfezi_fbyks8.jpg\" fetchpriority=\"high\" decoding=\"async\" class=\"alignnone wp-post-3494 wp-image-3694\" src=\"https:\/\/res.cloudinary.com\/turna\/images\/w_800,h_500,c_scale\/f_auto,q_auto:low\/v1469565249\/Saros-Korfezi_fbyks8\/Saros-Korfezi_fbyks8.jpg?_i=AA\" data-format=\"jpg\" data-transformations=\"f_auto,q_auto:low\" data-version=\"1469565249\" data-seo=\"1\" \/><\/p>\n<p>Kuzey Ege&#8217;de, Tarihi Gelibolu Yar\u0131madas\u0131 Milli Park\u0131&#8217;n\u0131n bat\u0131s\u0131nda bulunan Saros K\u00f6rfezi, \u00c7anakkale Sava\u015f\u0131&#8217;n\u0131n ya\u015fand\u0131\u011f\u0131 an\u0131lara sahip. K\u0131y\u0131ya yak\u0131n ve s\u0131\u011f b\u00f6lgede \u00e7ok say\u0131da bat\u0131\u011f\u0131n rahatl\u0131kla g\u00f6r\u00fclebildi\u011fi k\u00f6rfezde dal\u0131\u015fa yeni ba\u015flayanlar i\u00e7in \u00e7ok say\u0131da g\u00fczel nokta bulunuyor.<\/p>\n<h3><span class=\"ez-toc-section\" id=\"2_buyuk_resif_bodrum\"><\/span><strong>2. B\u00fcy\u00fck Resif, Bodrum<\/strong><span class=\"ez-toc-section-end\"><\/span><\/h3>\n<p>Ege Denizi&#8217;nin en zengin sualt\u0131 ya\u015fam\u0131na sahip yerlerden biri Bodrum&#8217;da bulunan B\u00fcy\u00fck Resif. G\u00fcneydo\u011fu b\u00f6lgesindeki denizlerden gelen g\u00f6\u00e7men bal\u0131klar\u0131n da g\u00f6r\u00fclebildi\u011fi b\u00f6lgede \u00f6zellikle g\u00fcn\u00fcn erken saatlerinde \u00e7ok say\u0131da ki\u015fi su alt\u0131n\u0131 ke\u015ffediyor.<\/p>\n<h3><span class=\"ez-toc-section\" id=\"3_ucan_balik_kas\"><\/span><strong>3. U\u00e7an Bal\u0131k, Ka\u015f<\/strong><span class=\"ez-toc-section-end\"><\/span><\/h3>\n<p><img width=\"800\" height=\"500\" data-public-id=\"Kas-Dalis_blkutj\/Kas-Dalis_blkutj.jpg\" decoding=\"async\" class=\"alignnone wp-post-3494 wp-image-3692\" src=\"https:\/\/res.cloudinary.com\/turna\/images\/w_800,h_500,c_scale\/f_auto,q_auto:low\/v1469565207\/Kas-Dalis_blkutj\/Kas-Dalis_blkutj.jpg?_i=AA\" data-format=\"jpg\" data-transformations=\"f_auto,q_auto:low\" data-version=\"1469565207\" data-seo=\"1\" \/>T\u00fcrkiye&#8217;nin en bakir b\u00f6lgelerinden Ka\u015f, denizi ile de ziyaret\u00e7ilerini etkiliyor. 65 metre derinlikte bulunan \u0130talyan u\u00e7a\u011f\u0131 enkaz\u0131 ile muhte\u015fem bir deneyim ya\u015fatan Ka\u015f, daha \u00e7ok bu alanda profesyonelle\u015fenlerin tercihi.<\/p>\n<h3><span class=\"ez-toc-section\" id=\"4_gokova\"><\/span><strong>4. G\u00f6kova<\/strong><span class=\"ez-toc-section-end\"><\/span><\/h3>\n<p>Mu\u011fla&#8217;da bulunan G\u00f6kova K\u00f6rfezi Ula il\u00e7esin s\u0131n\u0131rlar\u0131nda. \u00dclkemizin en pop\u00fcler tatil merkezlerinden birine d\u00f6n\u00fc\u015fen Akyaka&#8217;n\u0131n da yer ald\u0131\u011f\u0131 k\u00f6rfezde y\u00fczlerce canl\u0131 t\u00fcr\u00fcne rastlamak m\u00fcmk\u00fcn. R\u00fczgar s\u00f6rf\u00fcn\u00fcn de yap\u0131ld\u0131\u011f\u0131 G\u00f6kova alternatiflere a\u00e7\u0131k bir yer.<\/p>\n<p><a href=\"https:\/\/www.turna.com\/otobus-bileti\/mugla\">Mu\u011fla otob\u00fcs bileti<\/a> se\u00e7eneklerine g\u00f6z at\u0131n.<\/p>\n<h3><span class=\"ez-toc-section\" id=\"5_ayvalik\"><\/span><strong>5. Ayval\u0131k<\/strong><span class=\"ez-toc-section-end\"><\/span><\/h3>\n<p><img width=\"800\" height=\"500\" data-public-id=\"Ayvalik-Dalis_jkesop\/Ayvalik-Dalis_jkesop.jpg\" decoding=\"async\" class=\"alignnone wp-post-3494 wp-image-3693\" src=\"https:\/\/res.cloudinary.com\/turna\/images\/w_800,h_500,c_scale\/f_auto,q_auto:low\/v1469565227\/Ayvalik-Dalis_jkesop\/Ayvalik-Dalis_jkesop.jpg?_i=AA\" data-format=\"jpg\" data-transformations=\"f_auto,q_auto:low\" data-version=\"1469565227\" data-seo=\"1\" \/><\/p>\n<p>22 farkl\u0131 adadan olu\u015fan Ayval\u0131k, hen\u00fcz hak etti\u011fi de\u011feri bulamayan yerler aras\u0131nda. Ayval\u0131k Adalar\u0131 Tabiat Park\u0131&#8217;nda resif ve k\u0131rm\u0131z\u0131 mercanlar aras\u0131nda \u015fa\u015fk\u0131na d\u00f6nmemek m\u00fcmk\u00fcn de\u011fil. Her bir k\u00f6\u015fesinde ba\u015fka g\u00fczelli\u011fi bar\u0131nd\u0131ran Ayval\u0131k ula\u015f\u0131m kolayl\u0131\u011f\u0131 nedeniyle de tercih ediliyor.<\/p>\n<p>\u00dclkemizin farkl\u0131 b\u00f6lgelerindeki bu g\u00fczel yerleri ke\u015ffetmek i\u00e7in bir an \u00f6nce u\u00e7ak biletinizi ve \u00e7antan\u0131z\u0131 haz\u0131rlay\u0131n. Uygun u\u00e7ak bileti f\u0131rsatlar\u0131n\u0131 de\u011ferlendirmek ve kar\u015f\u0131la\u015ft\u0131rmal\u0131 fiyatlar\u0131 incelemek i\u00e7in <a href=\"https:\/\/www.turna.com\" target=\"_blank\" rel=\"noopener noreferrer\"><strong>Turna.com<\/strong><\/a> web sitesine u\u011framay\u0131 unutmay\u0131n.<\/p>\n\n    <div class=\"xs_social_share_widget xs_share_url after_content \t\tmain_content  wslu-style-1 wslu-share-box-shaped wslu-fill-colored wslu-none wslu-share-horizontal wslu-theme-font-no wslu-main_content\">\n\n\t\t\n        <ul>\n\t\t\t        <\/ul>\n    <\/div> \n","protected":false},"excerpt":{"rendered":"<p>Mavi sular\u0131n derinliklerinde bamba\u015fka bir hayat var. D\u00fcnyada en zengin su alt\u0131 ya\u015fam\u0131na sahip b\u00f6lgelerden biri de \u00fclkemizin \u00e7evresi. Ba\u015fta Ege ve Akdeniz olmak \u00fczere T\u00fcrkiye&#8217;yi \u00e7evreleyen denizlerimiz dal\u0131\u015f severler i\u00e7in adeta cennet. Her y\u0131l d\u00fcnyan\u0131n farkl\u0131 yerlerindeki g\u00fczellikleri ke\u015ffetmeye \u00e7\u0131kan dal\u0131\u015f severlerin rotas\u0131nda yer alan \u00fclkemizin en pop\u00fcler merkezlerini bu listede bir araya getirdik. [&hellip;]<\/p>\n","protected":false},"author":8,"featured_media":3692,"comment_status":"open","ping_status":"open","sticky":false,"template":"","format":"standard","meta":{"rop_custom_images_group":[],"rop_custom_messages_group":[],"rop_publish_now":"initial","rop_publish_now_accounts":[],"rop_publish_now_history":[],"rop_publish_now_status":"pending","_cloudinary_featured_overwrite":false,"footnotes":""},"categories":[84,1821],"tags":[290,247,359,261],"class_list":["post-3494","post","type-post","status-publish","format-standard","has-post-thumbnail","hentry","category-turkiye","category-canakkale","tag-bodrum","tag-canakkale","tag-dalaman","tag-edremit"],"_links":{"self":[{"href":"https:\/\/www.turna.com\/blog\/wp-json\/wp\/v2\/posts\/3494","targetHints":{"allow":["GET"]}}],"collection":[{"href":"https:\/\/www.turna.com\/blog\/wp-json\/wp\/v2\/posts"}],"about":[{"href":"https:\/\/www.turna.com\/blog\/wp-json\/wp\/v2\/types\/post"}],"author":[{"embeddable":true,"href":"https:\/\/www.turna.com\/blog\/wp-json\/wp\/v2\/users\/8"}],"replies":[{"embeddable":true,"href":"https:\/\/www.turna.com\/blog\/wp-json\/wp\/v2\/comments?post=3494"}],"version-history":[{"count":0,"href":"https:\/\/www.turna.com\/blog\/wp-json\/wp\/v2\/posts\/3494\/revisions"}],"wp:featuredmedia":[{"embeddable":true,"href":"https:\/\/www.turna.com\/blog\/wp-json\/wp\/v2\/media\/3692"}],"wp:attachment":[{"href":"https:\/\/www.turna.com\/blog\/wp-json\/wp\/v2\/media?parent=3494"}],"wp:term":[{"taxonomy":"category","embeddable":true,"href":"https:\/\/www.turna.com\/blog\/wp-json\/wp\/v2\/categories?post=3494"},{"taxonomy":"post_tag","embeddable":true,"href":"https:\/\/www.turna.com\/blog\/wp-json\/wp\/v2\/tags?post=3494"}],"curies":[{"name":"wp","href":"https:\/\/api.w.org\/{rel}","templated":true}]}}