{"id":3355,"date":"2024-08-21T17:11:00","date_gmt":"2024-08-21T14:11:00","guid":{"rendered":"https:\/\/www.turna.com\/blog\/?p=3355"},"modified":"2025-12-08T13:31:29","modified_gmt":"2025-12-08T10:31:29","slug":"muglada-kamp-yapilacak-5-etkileyici-yer","status":"publish","type":"post","link":"https:\/\/www.turna.com\/blog\/muglada-kamp-yapilacak-5-etkileyici-yer","title":{"rendered":"Mu\u011fla\u2019da Kamp Yap\u0131lacak En \u0130yi 10 Yer"},"content":{"rendered":"<div id=\"ez-toc-container\" class=\"ez-toc-v2_0_82_2 counter-hierarchy ez-toc-counter ez-toc-black ez-toc-container-direction\">\n<div class=\"ez-toc-title-container\">\n<p class=\"ez-toc-title\" style=\"cursor:inherit\">\u0130\u00e7indekiler<\/p>\n<span class=\"ez-toc-title-toggle\"><a href=\"#\" class=\"ez-toc-pull-right ez-toc-btn ez-toc-btn-xs ez-toc-btn-default ez-toc-toggle\" aria-label=\"\u0130\u00e7indekiler Tablosunu A\u00e7\/Kapat\"><span class=\"ez-toc-js-icon-con\"><span class=\"\"><span class=\"eztoc-hide\" style=\"display:none;\">Toggle<\/span><span class=\"ez-toc-icon-toggle-span\"><svg style=\"fill: #ffffff;color:#ffffff\" xmlns=\"http:\/\/www.w3.org\/2000\/svg\" class=\"list-377408\" width=\"20px\" height=\"20px\" viewBox=\"0 0 24 24\" fill=\"none\"><path d=\"M6 6H4v2h2V6zm14 0H8v2h12V6zM4 11h2v2H4v-2zm16 0H8v2h12v-2zM4 16h2v2H4v-2zm16 0H8v2h12v-2z\" fill=\"currentColor\"><\/path><\/svg><svg style=\"fill: #ffffff;color:#ffffff\" class=\"arrow-unsorted-368013\" xmlns=\"http:\/\/www.w3.org\/2000\/svg\" width=\"10px\" height=\"10px\" viewBox=\"0 0 24 24\" version=\"1.2\" baseProfile=\"tiny\"><path d=\"M18.2 9.3l-6.2-6.3-6.2 6.3c-.2.2-.3.4-.3.7s.1.5.3.7c.2.2.4.3.7.3h11c.3 0 .5-.1.7-.3.2-.2.3-.5.3-.7s-.1-.5-.3-.7zM5.8 14.7l6.2 6.3 6.2-6.3c.2-.2.3-.5.3-.7s-.1-.5-.3-.7c-.2-.2-.4-.3-.7-.3h-11c-.3 0-.5.1-.7.3-.2.2-.3.5-.3.7s.1.5.3.7z\"\/><\/svg><\/span><\/span><\/span><\/a><\/span><\/div>\n<nav><ul class='ez-toc-list ez-toc-list-level-1 eztoc-toggle-hide-by-default' ><li class='ez-toc-page-1 ez-toc-heading-level-2'><a class=\"ez-toc-link ez-toc-heading-1\" href=\"https:\/\/www.turna.com\/blog\/muglada-kamp-yapilacak-5-etkileyici-yer\/#muglanin_en_iyi_kamp_alanlari\" >Mu\u011fla&#8217;n\u0131n En \u0130yi Kamp Alanlar\u0131<\/a><ul class='ez-toc-list-level-3' ><li class='ez-toc-heading-level-3'><a class=\"ez-toc-link ez-toc-heading-2\" href=\"https:\/\/www.turna.com\/blog\/muglada-kamp-yapilacak-5-etkileyici-yer\/#kabak_koyu\" >Kabak Koyu<\/a><\/li><li class='ez-toc-page-1 ez-toc-heading-level-3'><a class=\"ez-toc-link ez-toc-heading-3\" href=\"https:\/\/www.turna.com\/blog\/muglada-kamp-yapilacak-5-etkileyici-yer\/#katranci_koyu\" >Katranc\u0131 Koyu<\/a><\/li><li class='ez-toc-page-1 ez-toc-heading-level-3'><a class=\"ez-toc-link ez-toc-heading-4\" href=\"https:\/\/www.turna.com\/blog\/muglada-kamp-yapilacak-5-etkileyici-yer\/#akyaka_orman_kampi\" >Akyaka Orman Kamp\u0131<\/a><\/li><li class='ez-toc-page-1 ez-toc-heading-level-3'><a class=\"ez-toc-link ez-toc-heading-5\" href=\"https:\/\/www.turna.com\/blog\/muglada-kamp-yapilacak-5-etkileyici-yer\/#bordubet_koyu\" >B\u00f6rd\u00fcbet Koyu<\/a><\/li><li class='ez-toc-page-1 ez-toc-heading-level-3'><a class=\"ez-toc-link ez-toc-heading-6\" href=\"https:\/\/www.turna.com\/blog\/muglada-kamp-yapilacak-5-etkileyici-yer\/#gunluklu_koyu\" >G\u00fcnl\u00fckl\u00fc Koyu<\/a><\/li><li class='ez-toc-page-1 ez-toc-heading-level-3'><a class=\"ez-toc-link ez-toc-heading-7\" href=\"https:\/\/www.turna.com\/blog\/muglada-kamp-yapilacak-5-etkileyici-yer\/#datca_aktur\" >Dat\u00e7a Aktur<\/a><\/li><li class='ez-toc-page-1 ez-toc-heading-level-3'><a class=\"ez-toc-link ez-toc-heading-8\" href=\"https:\/\/www.turna.com\/blog\/muglada-kamp-yapilacak-5-etkileyici-yer\/#cubucak_orman_kampi\" >\u00c7ubucak Orman Kamp\u0131<\/a><\/li><li class='ez-toc-page-1 ez-toc-heading-level-3'><a class=\"ez-toc-link ez-toc-heading-9\" href=\"https:\/\/www.turna.com\/blog\/muglada-kamp-yapilacak-5-etkileyici-yer\/#kelebekler_vadisi\" >Kelebekler Vadisi<\/a><\/li><li class='ez-toc-page-1 ez-toc-heading-level-3'><a class=\"ez-toc-link ez-toc-heading-10\" href=\"https:\/\/www.turna.com\/blog\/muglada-kamp-yapilacak-5-etkileyici-yer\/#inlice_plaji\" >\u0130nlice Plaj\u0131<\/a><\/li><li class='ez-toc-page-1 ez-toc-heading-level-3'><a class=\"ez-toc-link ez-toc-heading-11\" href=\"https:\/\/www.turna.com\/blog\/muglada-kamp-yapilacak-5-etkileyici-yer\/#sarsala_koyu\" >Sarsala Koyu<\/a><\/li><\/ul><\/li><\/ul><\/nav><\/div>\n\n<p>Mu\u011fla\u2019da kamp yapman\u0131n co\u015fkusu bamba\u015fka! Yaz\u0131n alt\u0131n sar\u0131s\u0131 g\u00fcne\u015fi, masmavi denizi ve yemye\u015fil do\u011fas\u0131yla adeta bir cenneti and\u0131ran Mu\u011fla, do\u011faseverler i\u00e7in ke\u015ffedilmeyi bekleyen bir hazine gibi. S\u0131rt \u00e7antan\u0131 haz\u0131rlay\u0131p, \u00e7ad\u0131r\u0131n\u0131 kapt\u0131\u011f\u0131n gibi yollara d\u00fc\u015fmek i\u00e7in daha iyi bir bahane bulamazs\u0131n! <strong>Mu\u011fla\u2019da kamp yapmak<\/strong>, sadece do\u011fayla i\u00e7 i\u00e7e olmak de\u011fil; ayn\u0131 zamanda ruhunu \u00f6zg\u00fcrl\u00fc\u011fe, huzura ve maceraya a\u00e7mak demek. Her bir koyunda, orman\u0131nda ve kumsal\u0131nda seni bekleyen e\u015fsiz an\u0131lar var. E\u011fer \u015fehir hayat\u0131n\u0131n rutininden ka\u00e7\u0131p, do\u011fan\u0131n kollar\u0131nda kaybolmak istiyorsan, Mu\u011fla\u2019daki bu kamp yerleri tam sana g\u00f6re! Haz\u0131rsan, \u00e7ad\u0131r\u0131n\u0131 kurup y\u0131ld\u0131zlar\u0131n alt\u0131nda unutulmaz bir deneyime ad\u0131m atmaya ne dersin?<\/p>\n\n\n\n<h2 class=\"wp-block-heading has-text-align-center has-neeon-button-dark-gray-color has-text-color has-link-color wp-elements-a9d5a3688215e76c60dfd42ea13c9cda\"><span class=\"ez-toc-section\" id=\"muglanin_en_iyi_kamp_alanlari\"><\/span><strong>Mu\u011fla&#8217;n\u0131n En \u0130yi Kamp Alanlar\u0131<\/strong><span class=\"ez-toc-section-end\"><\/span><\/h2>\n\n\n\n<figure class=\"wp-block-image size-large\"><img width=\"800\" height=\"500\" decoding=\"async\" src=\"data:image\/svg+xml;base64,PHN2ZyB4bWxucz0iaHR0cDovL3d3dy53My5vcmcvMjAwMC9zdmciIHdpZHRoPSI4MDAiIGhlaWdodD0iNTAwIj48cmVjdCB3aWR0aD0iMTAwJSIgaGVpZ2h0PSIxMDAlIj48YW5pbWF0ZSBhdHRyaWJ1dGVOYW1lPSJmaWxsIiB2YWx1ZXM9InJnYmEoMTUzLDE1MywxNTMsMC41KTtyZ2JhKDE1MywxNTMsMTUzLDAuMSk7cmdiYSgxNTMsMTUzLDE1MywwLjUpIiBkdXI9IjJzIiByZXBlYXRDb3VudD0iaW5kZWZpbml0ZSIgLz48L3JlY3Q+PC9zdmc+\" alt=\"Mu\u011fla\u2019da Kamp Yap\u0131lacak En \u0130yi 10 Yer\" data-public-id=\"wordpress-contents\/Mu\u011fla_kamp_alanlari\/Mu\u011fla_kamp_alanlari.jpg\" class=\"wp-post-3355 wp-image-22898\" data-format=\"jpg\" data-transformations=\"f_auto,q_auto:low\" data-version=\"1724251515\" data-seo=\"1\" data-size=\"800 500\" data-srcset=\"https:\/\/res.cloudinary.com\/turna\/images\/f_auto,q_auto:low\/v1724251515\/wordpress-contents\/Mu\u011fla_kamp_alanlari\/Mu\u011fla_kamp_alanlari.jpg?_i=AA 800w, https:\/\/res.cloudinary.com\/turna\/images\/w_300,h_188,c_scale\/f_auto,q_auto:low\/v1724251515\/wordpress-contents\/Mu\u011fla_kamp_alanlari\/Mu\u011fla_kamp_alanlari.jpg?_i=AA 300w, https:\/\/res.cloudinary.com\/turna\/images\/w_672,h_420,c_scale\/f_auto,q_auto:low\/v1724251515\/wordpress-contents\/Mu\u011fla_kamp_alanlari\/Mu\u011fla_kamp_alanlari.jpg?_i=AA 672w, https:\/\/res.cloudinary.com\/turna\/images\/w_640,h_400,c_scale\/f_auto,q_auto:low\/v1724251515\/wordpress-contents\/Mu\u011fla_kamp_alanlari\/Mu\u011fla_kamp_alanlari.jpg?_i=AA 640w, https:\/\/res.cloudinary.com\/turna\/images\/w_681,h_426,c_scale\/f_auto,q_auto:low\/v1724251515\/wordpress-contents\/Mu\u011fla_kamp_alanlari\/Mu\u011fla_kamp_alanlari.jpg?_i=AA 681w\" data-sizes=\"(max-width: 800px) 100vw, 800px\" data-delivery=\"upload\" onload=\";window.CLDBind?CLDBind(this):null;\" data-cloudinary=\"lazy\" \/><\/figure>\n\n\n\n<p>Masmavi deniziyle kucakla\u015fan koylar, \u00e7am ormanlar\u0131n\u0131n serin g\u00f6lgesinde sakl\u0131 kalan vadiler, ve g\u00fcn bat\u0131m\u0131n\u0131n k\u0131z\u0131ll\u0131\u011f\u0131yla \u0131\u015f\u0131ldayan da\u011flar\u2026 Mu\u011fla, kamp tutkunlar\u0131na d\u00f6rt bir yan\u0131nda b\u00fcy\u00fcleyici se\u00e7enekler sunuyor. \u0130ster deniz kenar\u0131nda \u00e7ad\u0131r\u0131n\u0131 kurup, dalgalar\u0131n ninnisiyle uykuya dal; ister orman\u0131n derinliklerinde ku\u015f c\u0131v\u0131lt\u0131lar\u0131 e\u015fli\u011finde g\u00fcne uyan.<\/p>\n\n\n\n<p>Mu\u011fla\u2019da kamp, sadece bir tatil de\u011fil, do\u011fan\u0131n en saf haliyle kucakla\u015fmak demek. Yaz g\u00fcne\u015finin s\u0131cakl\u0131\u011f\u0131n\u0131, Akdeniz\u2019in ferahl\u0131\u011f\u0131n\u0131 ve Ege\u2019nin mis kokulu meltemini hissetmek i\u00e7in bu kamp alanlar\u0131 seni bekliyor! A\u015fa\u011f\u0131da, Mu\u011fla\u2019n\u0131n bu do\u011fa harikas\u0131 kamp noktalar\u0131n\u0131 detayl\u0131ca ke\u015ffedecek ve hangisinin senin ruhuna daha \u00e7ok hitap etti\u011fini bulacaks\u0131n. Haz\u0131rsan, Mu\u011fla\u2019daki bu e\u015fsiz kamp rotalar\u0131na do\u011fru birlikte bir yolculu\u011fa \u00e7\u0131kal\u0131m!<\/p>\n\n\n\n<h3 class=\"wp-block-heading has-text-align-center has-neeon-button-dark-gray-color has-text-color has-link-color wp-elements-3d1c8d0dc26810d89e6c8e06bc05dc52\"><span class=\"ez-toc-section\" id=\"kabak_koyu\"><\/span><strong>Kabak Koyu<\/strong><span class=\"ez-toc-section-end\"><\/span><\/h3>\n\n\n\n<figure class=\"wp-block-image size-large\"><img decoding=\"async\" src=\"https:\/\/res.cloudinary.com\/turna\/image\/upload\/v1724251515\/wordpress-contents\/kabak_koyu.jpg\" alt=\"Mu\u011fla\u2019da Kamp Yap\u0131lacak En \u0130yi 10 Yer Kabak Koyu\"\/><\/figure>\n\n\n\n<p>Fethiye&#8217;nin cennet noktalar\u0131 aras\u0131nda g\u00f6sterilen <strong>Kabak Koyu<\/strong>, \u00f6zellikle gen\u00e7ler aras\u0131nda olduk\u00e7a me\u015fhur. Yaz ve bahar aylar\u0131nda \u00e7ok&nbsp;kalabal\u0131k olan Kabak Koyunda, ister kamp alanlar\u0131nda isterseniz de ormanl\u0131k arazi i\u00e7erisinde \u00e7ad\u0131r kurabilirsiniz. Kabak Koyu bir vadi i\u00e7erisinde yer ald\u0131\u011f\u0131 i\u00e7in belli bir noktaya kadar araba ile ula\u015f\u0131m sa\u011flanabiliyor. Geri kalan b\u00f6l\u00fcm\u00fcn\u00fc y\u00fcr\u00fcmeniz yada trakt\u00f6r, jeep gibi y\u00fcksek ara\u00e7lar kullanman\u0131z gerekti\u011fi i\u00e7in yan\u0131n\u0131za alaca\u011f\u0131n\u0131z e\u015fya say\u0131s\u0131n\u0131n \u00e7ok olmamas\u0131na dikkat etmelisiniz. Konum <strong><a href=\"https:\/\/maps.app.goo.gl\/cXzjA8fUDpqVmbJSA\" target=\"_blank\" rel=\"noreferrer noopener\">burada.<\/a><\/strong><\/p>\n\n\n\n<p><strong>Kabak Koyu&#8217;nda Kamp Yapabilece\u011finiz Tesisler:<\/strong><\/p>\n\n\n\n<ul class=\"wp-block-list\">\n<li><strong>Kabak Camping<\/strong>: Kamp alan\u0131nda elektrik, su, tuvalet ve du\u015f gibi olanaklar var. Ayr\u0131ca restoran ve kafeterya gibi yeme i\u00e7me se\u00e7enekleri de mevcut. Do\u011fayla i\u00e7 i\u00e7e, sakin bir ortam sunuyor. \u00c7ad\u0131r alanlar\u0131n\u0131n yan\u0131 s\u0131ra bungalov se\u00e7enekleri de bulunuyor.<\/li>\n\n\n\n<li><strong>Baba\u2019s Camping<\/strong>: Kabak Koyu\u2019nun giri\u015fine yak\u0131n bir yerde bulunuyor. Sade bir kamp deneyimi sunuyor, do\u011fa ile i\u00e7 i\u00e7e olmay\u0131 sevenler i\u00e7in ideal bir se\u00e7enek.<\/li>\n\n\n\n<li><strong>Naturel Kabak Camping<\/strong>: Kabak Koyu&#8217;nun do\u011fas\u0131nda, denizden biraz daha uzakta bir noktada yer al\u0131yor. Daha do\u011fal ve minimalist bir kamp deneyimi sunar. Do\u011fan\u0131n keyfini \u00e7\u0131karmak isteyenler i\u00e7in ideal.<\/li>\n<\/ul>\n\n\n\n<h3 class=\"wp-block-heading has-text-align-center has-neeon-button-dark-gray-color has-text-color has-link-color wp-elements-32a53f6dd6cdb755734d6e772fdf0a6e\"><span class=\"ez-toc-section\" id=\"katranci_koyu\"><\/span><strong>Katranc\u0131 Koyu<\/strong><span class=\"ez-toc-section-end\"><\/span><\/h3>\n\n\n\n<figure class=\"wp-block-image size-large\"><img decoding=\"async\" src=\"https:\/\/res.cloudinary.com\/turna\/image\/upload\/v1724251515\/wordpress-contents\/katranci_koyu.jpg\" alt=\"Mu\u011fla\u2019da Kamp Yap\u0131lacak En \u0130yi 10 Yer katranc\u0131\"\/><\/figure>\n\n\n\n<p>Fethiye karayolu \u00fczerinde bulunan <strong>Katranc\u0131 Koyu<\/strong>, Katranc\u0131 Tabiat Park\u0131 i\u00e7erisinde yer al\u0131yor. Do\u011fa ve denizle bir arada bir tatil f\u0131rsat\u0131 sunan koydaki Katranc\u0131 Camping&nbsp;ise Mu\u011fla&#8217;n\u0131n en \u00e7ok ra\u011fbet g\u00f6ren kamp alanlar\u0131ndan. Zaman zaman m\u00fczik ve gen\u00e7lik festivallerine de ev sahipli\u011fi yapan bu alana gelmeden \u00f6nce rezervasyon yapt\u0131rman\u0131zda fayda var \u00e7\u00fcnk\u00fc festival zamanlar\u0131na veya bayram tatili gibi uzun tatil d\u00f6nemlerine denk gelirseniz kap\u0131dan geri d\u00f6nebilirsiniz. Konum <strong><a href=\"https:\/\/maps.app.goo.gl\/pwmm8ih7gR5MTPhV6\" target=\"_blank\" rel=\"noreferrer noopener\">burada.<\/a><\/strong><\/p>\n\n\n\n<h3 class=\"wp-block-heading has-text-align-center has-neeon-button-dark-gray-color has-text-color has-link-color wp-elements-0e28e8bff8685a8e2f58c470ce4179c9\"><span class=\"ez-toc-section\" id=\"akyaka_orman_kampi\"><\/span><strong>Akyaka Orman Kamp\u0131<\/strong><span class=\"ez-toc-section-end\"><\/span><\/h3>\n\n\n\n<figure class=\"wp-block-image size-large\"><img decoding=\"async\" src=\"https:\/\/res.cloudinary.com\/turna\/image\/upload\/v1724251514\/wordpress-contents\/akyaka_orman_kampi.jpg\" alt=\"Mu\u011fla\u2019da Kamp Yap\u0131lacak En \u0130yi 10 Yer Akyaka\"\/><\/figure>\n\n\n\n<p><strong>Akyaka<\/strong>&#8216;da, G\u00f6kova ve Akyaka&nbsp;Orman Kamplar\u0131n\u0131n yan\u0131 s\u0131ra Azmak Nehri kenar\u0131nda da do\u011fa ile i\u00e7 i\u00e7e bir kamp yapmak i\u00e7in elveri\u015fli yerler bulunuyor. \u0130lk defa kamp yapmak isteyenler i\u00e7in olduk\u00e7a uygun ko\u015fullara sahip olan orman kamplar\u0131nda s\u0131cak su, tuvalet, elektrik, mutfak, market gibi temel ihtiya\u00e7lar\u0131n\u0131z\u0131 giderebilece\u011finiz yerler mevcut. Ayr\u0131ca \u00e7ad\u0131r\u0131 olmayanlar i\u00e7in tesisten \u00e7ad\u0131r da temin edilebiliyor. Akyaka&#8217;ya gelirken unutmaman\u0131z gereken en \u00f6nemli \u015fey ise sinek kovucu sprey. Konum <strong><a href=\"https:\/\/maps.app.goo.gl\/HY3tY2XSW9yhRxPB7\" target=\"_blank\" rel=\"noreferrer noopener\">burada.<\/a><\/strong><\/p>\n\n\n\n<h3 class=\"wp-block-heading has-text-align-center has-neeon-button-dark-gray-color has-text-color has-link-color wp-elements-4fba43d7044e508480fae7d904f79171\"><span class=\"ez-toc-section\" id=\"bordubet_koyu\"><\/span><strong>B\u00f6rd\u00fcbet Koyu<\/strong><span class=\"ez-toc-section-end\"><\/span><\/h3>\n\n\n\n<figure class=\"wp-block-image size-large\"><img decoding=\"async\" src=\"https:\/\/res.cloudinary.com\/turna\/image\/upload\/v1724251514\/wordpress-contents\/bordubet_koyu.jpg\" alt=\"B\u00f6rd\u00fcbet Koyu\"\/><\/figure>\n\n\n\n<p>B\u00f6rd\u00fcbet Koyu, Marmaris\u2019in gizli cennetlerinden biri! Bir yanda \u00e7am ormanlar\u0131n\u0131n serinli\u011fi, di\u011fer yanda ku\u015f c\u0131v\u0131lt\u0131lar\u0131 ve dalga sesleriyle uyumak m\u0131? \u0130\u015fte tam da buras\u0131! B\u00f6rd\u00fcbet, yaban hayat\u0131 severler i\u00e7in \u015fahane bir ka\u00e7\u0131\u015f noktas\u0131. B\u00f6rd\u00fcbet\u2019te kamp yapmak i\u00e7in tercih edebilece\u011finiz birka\u00e7 hizmet veren kamp alan\u0131 da mevcut. Bu kamp alanlar\u0131, elektrik, su, du\u015f ve tuvalet gibi temel ihtiya\u00e7lar\u0131 kar\u015f\u0131layacak olanaklar sunuyor. <\/p>\n\n\n\n<p>\u00dcstelik buras\u0131 sadece kamp yapmakla kalmay\u0131p, kano veya paddleboard ile suyun tad\u0131n\u0131 \u00e7\u0131karabilece\u011finiz harika bir destinasyon. Do\u011fa y\u00fcr\u00fcy\u00fc\u015fleri i\u00e7in de bi\u00e7ilmi\u015f kaftan; her ad\u0131mda kar\u015f\u0131n\u0131za \u00e7\u0131kan minik dereler ve muhte\u015fem manzaralar, do\u011fayla ba\u011f\u0131n\u0131z\u0131 g\u00fc\u00e7lendirecek. Elektrik ve su gibi temel kamp olanaklar\u0131na sahip bu koyda, hem huzuru bulacak hem de do\u011fan\u0131n kollar\u0131nda kendinizi yenilenmi\u015f hissedeceksiniz. Konum <strong><a href=\"https:\/\/maps.app.goo.gl\/yxgYsz3wKXWAD6Vb9\" target=\"_blank\" rel=\"noreferrer noopener\">burada.<\/a><\/strong><\/p>\n\n\n\n<p><strong>B\u00f6rd\u00fcbet&#8217;te Kamp Yapabilece\u011finiz Tesisler:<\/strong><\/p>\n\n\n\n<ul class=\"wp-block-list\">\n<li><strong>Golden Key B\u00f6rd\u00fcbet<\/strong>: Buras\u0131, do\u011fayla i\u00e7 i\u00e7e l\u00fcks bir kamp deneyimi sunan butik bir otel ve kamp alan\u0131. Kendi \u00e7ad\u0131r\u0131n\u0131z\u0131 kurabilir veya tesisin sundu\u011fu glamping se\u00e7eneklerinden yararlanabilirsiniz. Konforlu bir kamp deneyimi arayanlar i\u00e7in ideal bir se\u00e7enek.<\/li>\n\n\n\n<li><strong>Club Amazon B\u00f6rd\u00fcbet<\/strong>: B\u00f6rd\u00fcbet Koyu\u2019nun en pop\u00fcler kamp alanlar\u0131ndan biri. Hem \u00e7ad\u0131r kamp\u0131 hem de bungalow se\u00e7enekleri sunan bu tesis, misafirlerine do\u011fayla ba\u015f ba\u015fa kalma f\u0131rsat\u0131 sunarken, ayn\u0131 zamanda restoran, elektrik, du\u015f ve tuvalet gibi olanaklarla da konfor sa\u011fl\u0131yor.<\/li>\n\n\n\n<li><strong>B\u00f6rd\u00fcbet Kamp Alan\u0131<\/strong>: Bu kamp alan\u0131, daha sade ve do\u011fal bir kamp deneyimi arayanlar i\u00e7in m\u00fckemmel. \u00c7am ormanlar\u0131n\u0131n i\u00e7indeki bu alan, do\u011fan\u0131n i\u00e7inde sakin ve huzurlu bir ortam sunuyor. Elektrik ve su gibi temel hizmetler mevcut, ancak do\u011fayla daha yak\u0131n bir temas arayanlar i\u00e7in minimalist bir se\u00e7enek.<\/li>\n<\/ul>\n\n\n\n<h3 class=\"wp-block-heading has-text-align-center has-neeon-button-dark-gray-color has-text-color has-link-color wp-elements-b6a1ecaee1b2036c86b2bff056f1d9e8\"><span class=\"ez-toc-section\" id=\"gunluklu_koyu\"><\/span><strong>G\u00fcnl\u00fckl\u00fc Koyu<\/strong><span class=\"ez-toc-section-end\"><\/span><\/h3>\n\n\n\n<figure class=\"wp-block-image size-large\"><img decoding=\"async\" src=\"https:\/\/res.cloudinary.com\/turna\/image\/upload\/v1724251514\/wordpress-contents\/gunluklu_koyu.jpg\" alt=\"G\u00fcnl\u00fckl\u00fc Koyu\"\/><\/figure>\n\n\n\n<p>G\u00fcnl\u00fckl\u00fc Koyu, kamp severler i\u00e7in ger\u00e7ek bir huzur dura\u011f\u0131. Kamp alan\u0131, e\u015fsiz do\u011fa manzaralar\u0131yla \u00e7evrili, \u00e7am a\u011fa\u00e7lar\u0131n\u0131n g\u00f6lgesinde dinlenebilece\u011finiz bir alan sunuyor. Sahile sadece 100 metre mesafede bulunuyor; bu sayede deniz ve g\u00fcne\u015fin tad\u0131n\u0131 \u00e7\u0131karmak i\u00e7in birka\u00e7 ad\u0131m atman\u0131z yeterli.<\/p>\n\n\n\n<p>G\u00fcnl\u00fckl\u00fc Koyu\u2019ndaki kamp alan\u0131, her ihtiyaca uygun olanaklarla donat\u0131lm\u0131\u015f. Karavanla kamp yapmay\u0131 d\u00fc\u015f\u00fcnenler i\u00e7in \u00f6zel olarak tasarlanm\u0131\u015f alanlar mevcut. Ayr\u0131ca, \u00e7ad\u0131r sahibi olmayanlar i\u00e7in \u00e7ad\u0131r kiralama imkan\u0131 da bulunuyor. Yani yan\u0131n\u0131zda \u00e7ad\u0131r ta\u015f\u0131mak zorunda kalmadan kamp yapabilirsiniz. Kamp alan\u0131nda elektrik, su, tuvalet ve du\u015f gibi temel ihtiya\u00e7lar kar\u015f\u0131lan\u0131yor. Temiz ve d\u00fczenli olan bu tesis, konforlu bir kamp deneyimi ya\u015faman\u0131z i\u00e7in gereken her \u015feyi sunuyor. Konum <strong><a href=\"https:\/\/maps.app.goo.gl\/YVbRgtEadryEAiDG9\" target=\"_blank\" rel=\"noreferrer noopener\">burada.<\/a><\/strong><\/p>\n\n\n\n<h3 class=\"wp-block-heading has-text-align-center has-neeon-button-dark-gray-color has-text-color has-link-color wp-elements-b33cbeee41b8170e392182d622511d18\"><span class=\"ez-toc-section\" id=\"datca_aktur\"><\/span><strong>Dat\u00e7a Aktur<\/strong><span class=\"ez-toc-section-end\"><\/span><\/h3>\n\n\n\n<figure class=\"wp-block-image size-large\"><img decoding=\"async\" src=\"https:\/\/res.cloudinary.com\/turna\/image\/upload\/v1724251515\/wordpress-contents\/datca_aktur.jpg\" alt=\"Dat\u00e7a Aktur\"\/><\/figure>\n\n\n\n<p>Mu\u011fla\u2019da kamp yapman\u0131n en keyifli adreslerinden biri de Dat\u00e7a Aktur! Buras\u0131, do\u011fan\u0131n t\u00fcm c\u00f6mertli\u011fini sergiledi\u011fi, adeta bir yery\u00fcz\u00fc cenneti. \u00c7am a\u011fa\u00e7lar\u0131n\u0131n aras\u0131nda yer alan Aktur Kamp Alan\u0131, mavi ile ye\u015filin en g\u00fczel tonlar\u0131n\u0131 bir arada sunuyor. Deniz kenar\u0131nda \u00e7ad\u0131r\u0131n\u0131z\u0131 kurabilir, sabah\u0131n ilk \u0131\u015f\u0131klar\u0131yla denize dal\u0131\u015f yapabilirsiniz.<\/p>\n\n\n\n<p>Aktur\u2019un tertemiz plajlar\u0131, berrak denizi ve sakin atmosferi, kamp\u00e7\u0131lar i\u00e7in ideal bir ka\u00e7\u0131\u015f noktas\u0131. Ayn\u0131 zamanda burada market, restoran, elektrik ve du\u015f gibi ihtiya\u00e7lar\u0131n\u0131z\u0131 kar\u015f\u0131layabilece\u011finiz olanaklar da mevcut. Hem huzur dolu hem de konforlu bir kamp deneyimi ar\u0131yorsan\u0131z, Dat\u00e7a Aktur tam size g\u00f6re! Konum <strong><a href=\"https:\/\/maps.app.goo.gl\/f5aTDTKZgDAvHy6X9\" target=\"_blank\" rel=\"noreferrer noopener\">burada.<\/a><\/strong><\/p>\n\n\n\n<h3 class=\"wp-block-heading has-text-align-center has-neeon-button-dark-gray-color has-text-color has-link-color wp-elements-9d8f9fea927e9bc9fa413a5ffb9e766a\"><span class=\"ez-toc-section\" id=\"cubucak_orman_kampi\"><\/span><strong>\u00c7ubucak Orman Kamp\u0131<\/strong><span class=\"ez-toc-section-end\"><\/span><\/h3>\n\n\n\n<figure class=\"wp-block-image size-large\"><img decoding=\"async\" src=\"https:\/\/res.cloudinary.com\/turna\/image\/upload\/v1724251515\/wordpress-contents\/cubucak_orman_kampi.jpg\" alt=\"\u00c7ubucak Orman Kamp\u0131\"\/><\/figure>\n\n\n\n<p>\u00c7ubucak Orman Kamp\u0131, Marmaris\u2019e sadece 20 dakika mesafede, \u00e7am a\u011fa\u00e7lar\u0131n\u0131n g\u00f6lgesinde saklanan bir kamp cenneti! Denize s\u0131f\u0131r bir konumda yer al\u0131yor, yani sabah uyan\u0131r uyanmaz birka\u00e7 ad\u0131mda kendinizi serin sulara b\u0131rakabilirsiniz. Kamp alan\u0131nda her \u015fey d\u00fc\u015f\u00fcn\u00fclm\u00fc\u015f: Elektrik, du\u015f, tuvalet, hatta k\u00fc\u00e7\u00fck bir market bile var.<\/p>\n\n\n\n<p>\u00c7ad\u0131r\u0131n\u0131z\u0131 kurup, ak\u015famlar\u0131 kamp ate\u015finin etraf\u0131nda dostlar\u0131n\u0131zla toplanabilir ya da hamakta uzan\u0131p \u00e7am kokular\u0131 e\u015fli\u011finde kitab\u0131n\u0131z\u0131 okuyabilirsiniz. \u00c7ubucak\u2019\u0131n plaj\u0131 kumlu ve denizi s\u0131\u011f, bu da \u00e7ocuklu aileler i\u00e7in olduk\u00e7a ideal. Ayr\u0131ca y\u00fcr\u00fcy\u00fc\u015f yapmak isterseniz, \u00e7evredeki orman yollar\u0131 sizi bekliyor. Hem do\u011fayla i\u00e7 i\u00e7e olaca\u011f\u0131n\u0131z hem de konforunuzdan \u00f6d\u00fcn vermeyece\u011finiz bir kamp deneyimi i\u00e7in \u00c7ubucak Orman Kamp\u0131 tam yeridir! Konum <strong><a href=\"https:\/\/maps.app.goo.gl\/RzyWbrhFSS3UGwpR9\" target=\"_blank\" rel=\"noreferrer noopener\">burada. <\/a><\/strong><\/p>\n\n\n\n<h3 class=\"wp-block-heading has-text-align-center has-neeon-button-dark-gray-color has-text-color has-link-color wp-elements-26bc45ba8b69c570f5bc13ca0b5a358e\"><span class=\"ez-toc-section\" id=\"kelebekler_vadisi\"><\/span><strong>Kelebekler Vadisi<\/strong><span class=\"ez-toc-section-end\"><\/span><\/h3>\n\n\n\n<figure class=\"wp-block-image size-large\"><img decoding=\"async\" src=\"https:\/\/res.cloudinary.com\/turna\/image\/upload\/v1724251515\/wordpress-contents\/kelebekler_vadisi.jpg\" alt=\"Kelebekler Vadisi\"\/><\/figure>\n\n\n\n<p>Fethiye\u2019nin sakl\u0131 cennetlerinden biri olan bu vadi, sarp kayal\u0131klar\u0131n aras\u0131nda yer alan, do\u011fan\u0131n t\u00fcm g\u00fczelliklerini c\u00f6mert\u00e7e sergiledi\u011fi b\u00fcy\u00fcleyici bir kamp alan\u0131 sunuyor. Vadiye teknelerle ula\u015fabilirsiniz. Kamp alan\u0131, \u00e7ad\u0131r\u0131n\u0131z\u0131 kurabilece\u011finiz d\u00fcz bir zemine sahip ve sahile sadece birka\u00e7 ad\u0131m uzakl\u0131kta. Elektrik yok mu? Do\u011fan\u0131n \u015farj\u0131 yeter de artar!<\/p>\n\n\n\n<p>Vadi, ad\u0131n\u0131 burada ya\u015fayan y\u00fczlerce kelebek t\u00fcr\u00fcnden al\u0131yor, yani sabah kahvenizi yudumlarken \u00e7evrenizde u\u00e7u\u015fan rengarenk kelebekler size e\u015flik ediyor. G\u00f6z al\u0131c\u0131 plaj\u0131, berrak denizi ve kayal\u0131klar\u0131n aras\u0131nda serinleyebilece\u011finiz \u015felalesiyle Kelebekler Vadisi, kamp\u00e7\u0131lar i\u00e7in tam anlam\u0131yla bir do\u011fa harikas\u0131. Gece olunca y\u0131ld\u0131zlar o kadar parlak ki, sanki g\u00f6ky\u00fcz\u00fc yere inmi\u015f gibi! Elektrikten uzak ama do\u011faya bir o kadar yak\u0131n bir kamp deneyimi ar\u0131yorsan\u0131z, Kelebekler Vadisi sizi bekliyor. Unutmay\u0131n, buras\u0131 \u00f6yle s\u0131radan bir yer de\u011fil; buras\u0131 do\u011fan\u0131n kalbi, \u00f6zg\u00fcrl\u00fc\u011f\u00fcn ta kendisi! Konum <strong><a href=\"https:\/\/maps.app.goo.gl\/hvLvtvJzEiXksnxU6\" target=\"_blank\" rel=\"noreferrer noopener\">burada.<\/a><\/strong><\/p>\n\n\n\n<h3 class=\"wp-block-heading has-text-align-center has-neeon-button-dark-gray-color has-text-color has-link-color wp-elements-b833a672f7d725d5d1724c0e4455e0cf\"><span class=\"ez-toc-section\" id=\"inlice_plaji\"><\/span><strong>\u0130nlice Plaj\u0131<\/strong><span class=\"ez-toc-section-end\"><\/span><\/h3>\n\n\n\n<figure class=\"wp-block-image size-large\"><img decoding=\"async\" src=\"https:\/\/res.cloudinary.com\/turna\/image\/upload\/v1724251514\/wordpress-contents\/inlice_plaji.jpg\" alt=\"\u0130nlice Plaj\u0131\"\/><\/figure>\n\n\n\n<p>\u0130nlice Plaj\u0131, Mu\u011fla\u2019da kamp yapmak isteyenler i\u00e7in olduk\u00e7a ideal bir destinasyon! Fethiye\u2019ye yakla\u015f\u0131k 30 dakika uzakl\u0131kta G\u00f6cek&#8217;te yer alan bu plaj, kalabal\u0131ktan uzakla\u015f\u0131p sakinlik isteyenler i\u00e7in ideal bir kamp alan\u0131 sunuyor. \u0130nlice, alt\u0131n sar\u0131s\u0131 kumlar\u0131 ve masmavi deniziyle ilk g\u00f6r\u00fc\u015fte kalbinizi \u00e7alacak bir yer. Plaj\u0131n \u00e7evresindeki \u00e7am ormanlar\u0131, g\u00f6lgesinde keyifli piknikler yapabilece\u011finiz ve serinleyebilece\u011finiz alanlar sunuyor.<\/p>\n\n\n\n<p>Burada kamp yapmak i\u00e7in gerekli olanaklar da mevcut: Du\u015f, tuvalet, hatta k\u00fc\u00e7\u00fck bir kafe bile var. Ak\u015famlar\u0131 plajda yakaca\u011f\u0131n\u0131z kamp ate\u015fiyle y\u0131ld\u0131zlar\u0131n alt\u0131nda unutulmaz bir gece ge\u00e7irebilirsiniz. Sade, sakin ve do\u011fayla i\u00e7 i\u00e7e bir kamp deneyimi ar\u0131yorsan\u0131z, \u0130nlice Plaj\u0131\u2019nda arad\u0131\u011f\u0131n\u0131z\u0131 fazlas\u0131yla bulacaks\u0131n\u0131z! Hem de o kadar sessiz ve huzurlu ki, burada zaman\u0131n nas\u0131l ge\u00e7ti\u011fini anlamayacaks\u0131n\u0131z. Konum <strong><a href=\"https:\/\/maps.app.goo.gl\/HonHkGqYNPJD3frj6\" target=\"_blank\" rel=\"noreferrer noopener\">burada.<\/a><\/strong><\/p>\n\n\n\n<h3 class=\"wp-block-heading has-text-align-center has-neeon-button-dark-gray-color has-text-color has-link-color wp-elements-787af66047c0e245a4004edfd2f052e2\"><span class=\"ez-toc-section\" id=\"sarsala_koyu\"><\/span><strong>Sarsala Koyu<\/strong><span class=\"ez-toc-section-end\"><\/span><\/h3>\n\n\n\n<figure class=\"wp-block-image size-large\"><img decoding=\"async\" src=\"https:\/\/res.cloudinary.com\/turna\/image\/upload\/v1724251516\/wordpress-contents\/sarsala_koyu.jpg\" alt=\"Sarsala Koyu\"\/><\/figure>\n\n\n\n<p>Mu\u011fla\u2019da kamp yapmak isteyenlerin radar\u0131na mutlaka girmesi gereken yerlerden biri de Dalaman\u2019daki Sarsala Koyu! Da\u011flar\u0131n aras\u0131nda k\u0131vr\u0131larak inen bir yolun sonunda, sanki gizli bir hazine gibi kar\u015f\u0131n\u0131za \u00e7\u0131kan Sarsala, b\u00fcy\u00fcleyici manzaras\u0131yla nefes kesiyor. Buras\u0131, adeta do\u011fan\u0131n hediyesi; masmavi denizi, yemye\u015fil ormanlar\u0131 ve alt\u0131n rengi plaj\u0131yla hem ruhunuzu hem de g\u00f6zlerinizi doyuracak bir cennet.<\/p>\n\n\n\n<p>Sarsala\u2019da kamp yapabilece\u011finiz alanlar olduk\u00e7a geni\u015f; \u00e7ad\u0131r\u0131n\u0131z\u0131 deniz kenar\u0131na yak\u0131n bir yere kurup, dalgalar\u0131n sakinle\u015ftirici sesiyle huzur bulabilirsiniz. Temel ihtiya\u00e7lar\u0131n\u0131z\u0131 kar\u015f\u0131layabilece\u011finiz bir kafe ve tuvaletler de mevcut. Burada, do\u011fayla i\u00e7 i\u00e7e, huzurlu bir tatil ge\u00e7irmek isteyenler i\u00e7in ideal bir ortam var. \u00c7am a\u011fa\u00e7lar\u0131n\u0131n g\u00f6lgesinde dinlenebilir veya deniz kenar\u0131nda piknik yapabilirsiniz. Sarsala Koyu, hem rahatlamak hem de do\u011fan\u0131n tad\u0131n\u0131 \u00e7\u0131karmak isteyenler i\u00e7in olduk\u00e7a cazip bir se\u00e7enek. Konum <strong><a href=\"https:\/\/maps.app.goo.gl\/9F1JEfufV3rSQo9F7\" target=\"_blank\" rel=\"noreferrer noopener\">burada.<\/a><\/strong><\/p>\n\n\n\n<p>Kamp\u00e7\u0131lar\u0131n s\u0131k s\u0131k ziyaret etti\u011fi bu muhte\u015fem alanlara ula\u015fabilece\u011finiz en yak\u0131n havaliman\u0131 Dalaman&#8217;da bulunuyor. <a href=\"https:\/\/www.turna.com\/ucak-bileti\/dalaman\" target=\"_blank\" rel=\"noopener noreferrer\"><strong>Dalaman u\u00e7ak bileti<\/strong><\/a> f\u0131rsatlar\u0131na g\u00f6z atarak, bu etkileyici noktalarda do\u011fan\u0131n ve denizin&nbsp;tad\u0131n\u0131 \u00e7\u0131kar\u0131n.<\/p>\n\n    <div class=\"xs_social_share_widget xs_share_url after_content \t\tmain_content  wslu-style-1 wslu-share-box-shaped wslu-fill-colored wslu-none wslu-share-horizontal wslu-theme-font-no wslu-main_content\">\n\n\t\t\n        <ul>\n\t\t\t        <\/ul>\n    <\/div> \n","protected":false},"excerpt":{"rendered":"<p>Mu\u011fla\u2019da kamp yapmak, sadece do\u011fayla i\u00e7 i\u00e7e olmak de\u011fil; ayn\u0131 zamanda ruhunu \u00f6zg\u00fcrl\u00fc\u011fe, huzura ve maceraya a\u00e7mak demek. Her bir koyunda, orman\u0131nda ve kumsal\u0131nda seni bekleyen e\u015fsiz an\u0131lar var. E\u011fer \u015fehir hayat\u0131n\u0131n rutininden ka\u00e7\u0131p, do\u011fan\u0131n kollar\u0131nda kaybolmak istiyorsan, Mu\u011fla\u2019daki bu kamp yerleri tam sana g\u00f6re! Haz\u0131rsan, \u00e7ad\u0131r\u0131n\u0131 kurup y\u0131ld\u0131zlar\u0131n alt\u0131nda unutulmaz bir deneyime ad\u0131m atmaya ne dersin?<\/p>\n","protected":false},"author":34,"featured_media":22898,"comment_status":"open","ping_status":"open","sticky":false,"template":"","format":"standard","meta":{"rop_custom_images_group":[],"rop_custom_messages_group":[],"rop_publish_now":"initial","rop_publish_now_accounts":[],"rop_publish_now_history":[],"rop_publish_now_status":"pending","_cloudinary_featured_overwrite":false,"footnotes":""},"categories":[84,1852],"tags":[290,359,711,448],"class_list":["post-3355","post","type-post","status-publish","format-standard","has-post-thumbnail","hentry","category-turkiye","category-mugla","tag-bodrum","tag-dalaman","tag-kamp","tag-mugla"],"_links":{"self":[{"href":"https:\/\/www.turna.com\/blog\/wp-json\/wp\/v2\/posts\/3355","targetHints":{"allow":["GET"]}}],"collection":[{"href":"https:\/\/www.turna.com\/blog\/wp-json\/wp\/v2\/posts"}],"about":[{"href":"https:\/\/www.turna.com\/blog\/wp-json\/wp\/v2\/types\/post"}],"author":[{"embeddable":true,"href":"https:\/\/www.turna.com\/blog\/wp-json\/wp\/v2\/users\/34"}],"replies":[{"embeddable":true,"href":"https:\/\/www.turna.com\/blog\/wp-json\/wp\/v2\/comments?post=3355"}],"version-history":[{"count":0,"href":"https:\/\/www.turna.com\/blog\/wp-json\/wp\/v2\/posts\/3355\/revisions"}],"wp:featuredmedia":[{"embeddable":true,"href":"https:\/\/www.turna.com\/blog\/wp-json\/wp\/v2\/media\/22898"}],"wp:attachment":[{"href":"https:\/\/www.turna.com\/blog\/wp-json\/wp\/v2\/media?parent=3355"}],"wp:term":[{"taxonomy":"category","embeddable":true,"href":"https:\/\/www.turna.com\/blog\/wp-json\/wp\/v2\/categories?post=3355"},{"taxonomy":"post_tag","embeddable":true,"href":"https:\/\/www.turna.com\/blog\/wp-json\/wp\/v2\/tags?post=3355"}],"curies":[{"name":"wp","href":"https:\/\/api.w.org\/{rel}","templated":true}]}}