{"id":3247,"date":"2016-07-05T16:53:44","date_gmt":"2016-07-05T13:53:44","guid":{"rendered":"https:\/\/www.turna.com\/blog\/?p=3247"},"modified":"2019-09-05T15:43:11","modified_gmt":"2019-09-05T12:43:11","slug":"yaz-tatilinde-alternatif-5-rota","status":"publish","type":"post","link":"https:\/\/www.turna.com\/blog\/yaz-tatilinde-alternatif-5-rota","title":{"rendered":"Yaz Tatilinde Alternatif 5 Rota"},"content":{"rendered":"<div id=\"ez-toc-container\" class=\"ez-toc-v2_0_82_2 counter-hierarchy ez-toc-counter ez-toc-black ez-toc-container-direction\">\n<div class=\"ez-toc-title-container\">\n<p class=\"ez-toc-title\" style=\"cursor:inherit\">\u0130\u00e7indekiler<\/p>\n<span class=\"ez-toc-title-toggle\"><a href=\"#\" class=\"ez-toc-pull-right ez-toc-btn ez-toc-btn-xs ez-toc-btn-default ez-toc-toggle\" aria-label=\"\u0130\u00e7indekiler Tablosunu A\u00e7\/Kapat\"><span class=\"ez-toc-js-icon-con\"><span class=\"\"><span class=\"eztoc-hide\" style=\"display:none;\">Toggle<\/span><span class=\"ez-toc-icon-toggle-span\"><svg style=\"fill: #ffffff;color:#ffffff\" xmlns=\"http:\/\/www.w3.org\/2000\/svg\" class=\"list-377408\" width=\"20px\" height=\"20px\" viewBox=\"0 0 24 24\" fill=\"none\"><path d=\"M6 6H4v2h2V6zm14 0H8v2h12V6zM4 11h2v2H4v-2zm16 0H8v2h12v-2zM4 16h2v2H4v-2zm16 0H8v2h12v-2z\" fill=\"currentColor\"><\/path><\/svg><svg style=\"fill: #ffffff;color:#ffffff\" class=\"arrow-unsorted-368013\" xmlns=\"http:\/\/www.w3.org\/2000\/svg\" width=\"10px\" height=\"10px\" viewBox=\"0 0 24 24\" version=\"1.2\" baseProfile=\"tiny\"><path d=\"M18.2 9.3l-6.2-6.3-6.2 6.3c-.2.2-.3.4-.3.7s.1.5.3.7c.2.2.4.3.7.3h11c.3 0 .5-.1.7-.3.2-.2.3-.5.3-.7s-.1-.5-.3-.7zM5.8 14.7l6.2 6.3 6.2-6.3c.2-.2.3-.5.3-.7s-.1-.5-.3-.7c-.2-.2-.4-.3-.7-.3h-11c-.3 0-.5.1-.7.3-.2.2-.3.5-.3.7s.1.5.3.7z\"\/><\/svg><\/span><\/span><\/span><\/a><\/span><\/div>\n<nav><ul class='ez-toc-list ez-toc-list-level-1 eztoc-toggle-hide-by-default' ><li class='ez-toc-page-1 ez-toc-heading-level-2'><a class=\"ez-toc-link ez-toc-heading-1\" href=\"https:\/\/www.turna.com\/blog\/yaz-tatilinde-alternatif-5-rota\/#yaz_tatilinde_alternatif_rotalar\" >Yaz Tatilinde Alternatif Rotalar\u00a0<\/a><ul class='ez-toc-list-level-3' ><li class='ez-toc-heading-level-3'><a class=\"ez-toc-link ez-toc-heading-2\" href=\"https:\/\/www.turna.com\/blog\/yaz-tatilinde-alternatif-5-rota\/#1_van\" >1. Van<\/a><\/li><li class='ez-toc-page-1 ez-toc-heading-level-3'><a class=\"ez-toc-link ez-toc-heading-3\" href=\"https:\/\/www.turna.com\/blog\/yaz-tatilinde-alternatif-5-rota\/#2_rize\" >2. Rize<\/a><\/li><li class='ez-toc-page-1 ez-toc-heading-level-3'><a class=\"ez-toc-link ez-toc-heading-4\" href=\"https:\/\/www.turna.com\/blog\/yaz-tatilinde-alternatif-5-rota\/#3_adiyaman\" >3. Ad\u0131yaman<\/a><\/li><li class='ez-toc-page-1 ez-toc-heading-level-3'><a class=\"ez-toc-link ez-toc-heading-5\" href=\"https:\/\/www.turna.com\/blog\/yaz-tatilinde-alternatif-5-rota\/#4_bartin\" >4. Bart\u0131n<\/a><\/li><li class='ez-toc-page-1 ez-toc-heading-level-3'><a class=\"ez-toc-link ez-toc-heading-6\" href=\"https:\/\/www.turna.com\/blog\/yaz-tatilinde-alternatif-5-rota\/#5_edirne\" >5. Edirne<\/a><\/li><\/ul><\/li><\/ul><\/nav><\/div>\n<p>Yaz tatiline \u00e7\u0131kmadan \u00f6nce kalabal\u0131k plajlardan, yer bulunmayan restoranlardan ve kavurucu s\u0131caktan korkup bir t\u00fcrl\u00fc bir yere gidemeyenlerdenseniz alternatif rotalar tam size g\u00f6re.<\/p>\n<p>Yaz\u0131n s\u0131ca\u011f\u0131ndan ve tatilci ak\u0131n\u0131ndan uzakla\u015fmak, do\u011fayla ba\u015f ba\u015fa huzurlu zaman ge\u00e7irmenin hayalini kuranlar i\u00e7in yaz tatilinde alternatif rota listesi tam anlam\u0131yla hayat kurtar\u0131yor.<\/p>\n<h2><span class=\"ez-toc-section\" id=\"yaz_tatilinde_alternatif_rotalar\"><\/span><strong>Yaz Tatilinde Alternatif Rotalar\u00a0<\/strong><span class=\"ez-toc-section-end\"><\/span><\/h2>\n<h3><span class=\"ez-toc-section\" id=\"1_van\"><\/span><strong>1. Van<\/strong><span class=\"ez-toc-section-end\"><\/span><\/h3>\n<p><img width=\"800\" height=\"500\" data-public-id=\"Van-Akdamar_itn324\/Van-Akdamar_itn324.jpg\" fetchpriority=\"high\" decoding=\"async\" class=\"alignnone wp-post-3247 wp-image-3250\" src=\"https:\/\/res.cloudinary.com\/turna\/images\/w_800,h_500,c_scale\/f_auto,q_auto:low\/v1467726780\/Van-Akdamar_itn324\/Van-Akdamar_itn324.jpg?_i=AA\" data-format=\"jpg\" data-transformations=\"f_auto,q_auto:low\" data-version=\"1467726780\" data-seo=\"1\" \/>Do\u011fu Anadolu B\u00f6lgesi&#8217;nin en b\u00fcy\u00fck \u015fehri Van, d\u00fcnyaca \u00fcnl\u00fc Van G\u00f6l\u00fc&#8217;n\u00fcn k\u0131y\u0131s\u0131nda kurulu. Akdamar Adas\u0131 ba\u015fta olmak \u00fczere \u00e7ok say\u0131da tarihi ve do\u011fal g\u00fczelli\u011fin bulundu\u011fu \u015fehirde me\u015fhur Van kahvalt\u0131s\u0131n\u0131n da tad\u0131na bak\u0131n. H\u0131z\u0131n\u0131z\u0131 alamay\u0131p vize istemeyen \u00fclkelerden \u0130ran&#8217;a bile ge\u00e7ebilirsiniz.<\/p>\n<h3><span class=\"ez-toc-section\" id=\"2_rize\"><\/span><strong>2. Rize<\/strong><span class=\"ez-toc-section-end\"><\/span><\/h3>\n<p>Ye\u015filin her tonunun g\u00f6r\u00fclebildi\u011fi do\u011fayla bar\u0131\u015f\u0131k bir kent olan Rize yaylalar\u0131 s\u0131caktan bunalanlar\u0131n imdad\u0131na yeti\u015fiyor. Ayder Yaylas\u0131 gibi \u00e7ok say\u0131da etkileyici yaylan\u0131n bulundu\u011fu kentte do\u011fayla bar\u0131\u015f\u0131k, serin ve huzurlu bir tatil m\u00fcmk\u00fcn.<\/p>\n<h3><span class=\"ez-toc-section\" id=\"3_adiyaman\"><\/span><strong>3. Ad\u0131yaman<\/strong><span class=\"ez-toc-section-end\"><\/span><\/h3>\n<p>UNESCO D\u00fcnya Miras\u0131 Listesi&#8217;nde yer alan Nemrut Da\u011f\u0131 Milli Park\u0131&#8217;n\u0131n da bulundu\u011fu Ad\u0131yaman \u015fehri, g\u00fcn do\u011fumu ve bat\u0131m\u0131n\u0131n en iyi izlendi\u011fi bu g\u00fczel yer ile pek \u00fcnl\u00fc. Sabah\u0131n erken saatlerinde \u00e7\u0131kaca\u011f\u0131n\u0131z da\u011fda battaniyeye sar\u0131larak g\u00fcne\u015fin do\u011fumunu izleyin ve kalabal\u0131k plajlar\u0131 akl\u0131n\u0131zdan \u00e7\u0131kart\u0131n.<\/p>\n<h3><span class=\"ez-toc-section\" id=\"4_bartin\"><\/span><strong>4. Bart\u0131n<\/strong><span class=\"ez-toc-section-end\"><\/span><\/h3>\n<p><img width=\"800\" height=\"500\" data-public-id=\"Bartin-Gezi_hsoisk\/Bartin-Gezi_hsoisk.jpg\" decoding=\"async\" class=\"alignnone wp-post-3247 wp-image-3251\" src=\"https:\/\/res.cloudinary.com\/turna\/images\/w_800,h_500,c_scale\/f_auto,q_auto:low\/v1467726796\/Bartin-Gezi_hsoisk\/Bartin-Gezi_hsoisk.jpg?_i=AA\" data-format=\"jpg\" data-transformations=\"f_auto,q_auto:low\" data-version=\"1467726796\" data-seo=\"1\" \/><\/p>\n<p>Bat\u0131 Karadeniz&#8217;de bulunan Bart\u0131n Marmara ile Karadeniz ikliminin ge\u00e7i\u015f ya\u015fad\u0131\u011f\u0131 kentlerden. \u0130nkumu Plaj\u0131 ve Amasra il\u00e7esinin de yer ald\u0131\u011f\u0131 Bart\u0131n, kalabal\u0131ktan ve s\u0131caktan uzak tatilin yeni adreslerinden biri. \u00c7ok \u00fcnlenmeden ziyaret edin.<\/p>\n<h3><span class=\"ez-toc-section\" id=\"5_edirne\"><\/span><strong>5. Edirne<\/strong><span class=\"ez-toc-section-end\"><\/span><\/h3>\n<p><img width=\"800\" height=\"500\" data-public-id=\"Saros-Korfezi_nin58g\/Saros-Korfezi_nin58g.jpg\" decoding=\"async\" class=\"alignnone wp-post-3247 wp-image-3252\" src=\"https:\/\/res.cloudinary.com\/turna\/images\/w_800,h_500,c_scale\/f_auto,q_auto:low\/v1467726817\/Saros-Korfezi_nin58g\/Saros-Korfezi_nin58g.jpg?_i=AA\" data-format=\"jpg\" data-transformations=\"f_auto,q_auto:low\" data-version=\"1467726817\" data-seo=\"1\" \/><\/p>\n<p>Tatil i\u00e7in Edirne&#8217;ye ne dersiniz? Edirne bir\u00e7o\u011fumuz i\u00e7in tatil denildi\u011finde zihinde canlanmayan bir \u015fehir olsa da Edirne&#8217;nin g\u00fcneyinde Ege Denizi&#8217;ne k\u0131y\u0131s\u0131 olan Enez il\u00e7esi tatilcilerin yeni g\u00f6zdesi. Sessiz, sakin ve bozulmam\u0131\u015f do\u011fas\u0131yla Yunanistan s\u0131n\u0131r\u0131nda bulunan bu il\u00e7ede huzurla tan\u0131\u015f\u0131n!<\/p>\n<p>Yeni rota aray\u0131\u015f\u0131nda olanlar i\u00e7in <a href=\"https:\/\/www.turna.com\" target=\"_blank\" rel=\"noopener noreferrer\"><strong>Turna.com<\/strong><\/a> web sitesi ucuz u\u00e7ak bileti se\u00e7enekleriyle iyi bir \u00e7\u00f6z\u00fcm merkezi. \u00c7antan\u0131z\u0131 haz\u0131rlay\u0131n ve yola \u00e7\u0131k\u0131n!<\/p>\n\n    <div class=\"xs_social_share_widget xs_share_url after_content \t\tmain_content  wslu-style-1 wslu-share-box-shaped wslu-fill-colored wslu-none wslu-share-horizontal wslu-theme-font-no wslu-main_content\">\n\n\t\t\n        <ul>\n\t\t\t        <\/ul>\n    <\/div> \n","protected":false},"excerpt":{"rendered":"<p>Yaz tatiline \u00e7\u0131kmadan \u00f6nce kalabal\u0131k plajlardan, yer bulunmayan restoranlardan ve kavurucu s\u0131caktan korkup bir t\u00fcrl\u00fc bir yere gidemeyenlerdenseniz alternatif rotalar tam size g\u00f6re. Yaz\u0131n s\u0131ca\u011f\u0131ndan ve tatilci ak\u0131n\u0131ndan uzakla\u015fmak, do\u011fayla ba\u015f ba\u015fa huzurlu zaman ge\u00e7irmenin hayalini kuranlar i\u00e7in yaz tatilinde alternatif rota listesi tam anlam\u0131yla hayat kurtar\u0131yor. Yaz Tatilinde Alternatif Rotalar\u00a0 1. Van Do\u011fu Anadolu [&hellip;]<\/p>\n","protected":false},"author":9,"featured_media":3251,"comment_status":"open","ping_status":"open","sticky":false,"template":"","format":"standard","meta":{"rop_custom_images_group":[],"rop_custom_messages_group":[],"rop_publish_now":"initial","rop_publish_now_accounts":[],"rop_publish_now_history":[],"rop_publish_now_status":"pending","_cloudinary_featured_overwrite":false,"footnotes":""},"categories":[84,1806,1826,1869],"tags":[325,518,252],"class_list":["post-3247","post","type-post","status-publish","format-standard","has-post-thumbnail","hentry","category-turkiye","category-adiyaman","category-edirne","category-van","tag-adiyaman","tag-edirne","tag-van"],"_links":{"self":[{"href":"https:\/\/www.turna.com\/blog\/wp-json\/wp\/v2\/posts\/3247","targetHints":{"allow":["GET"]}}],"collection":[{"href":"https:\/\/www.turna.com\/blog\/wp-json\/wp\/v2\/posts"}],"about":[{"href":"https:\/\/www.turna.com\/blog\/wp-json\/wp\/v2\/types\/post"}],"author":[{"embeddable":true,"href":"https:\/\/www.turna.com\/blog\/wp-json\/wp\/v2\/users\/9"}],"replies":[{"embeddable":true,"href":"https:\/\/www.turna.com\/blog\/wp-json\/wp\/v2\/comments?post=3247"}],"version-history":[{"count":0,"href":"https:\/\/www.turna.com\/blog\/wp-json\/wp\/v2\/posts\/3247\/revisions"}],"wp:featuredmedia":[{"embeddable":true,"href":"https:\/\/www.turna.com\/blog\/wp-json\/wp\/v2\/media\/3251"}],"wp:attachment":[{"href":"https:\/\/www.turna.com\/blog\/wp-json\/wp\/v2\/media?parent=3247"}],"wp:term":[{"taxonomy":"category","embeddable":true,"href":"https:\/\/www.turna.com\/blog\/wp-json\/wp\/v2\/categories?post=3247"},{"taxonomy":"post_tag","embeddable":true,"href":"https:\/\/www.turna.com\/blog\/wp-json\/wp\/v2\/tags?post=3247"}],"curies":[{"name":"wp","href":"https:\/\/api.w.org\/{rel}","templated":true}]}}