{"id":2844,"date":"2016-06-02T23:50:51","date_gmt":"2016-06-02T20:50:51","guid":{"rendered":"https:\/\/www.turna.com\/blog\/?p=2844"},"modified":"2024-09-16T15:48:18","modified_gmt":"2024-09-16T12:48:18","slug":"yunan-adalarina-gitmek-icin-4","status":"publish","type":"post","link":"https:\/\/www.turna.com\/blog\/yunan-adalarina-gitmek-icin-4","title":{"rendered":"Yunan Adalar\u0131na Gitmek \u0130\u00e7in 4 Neden"},"content":{"rendered":"<div id=\"ez-toc-container\" class=\"ez-toc-v2_0_82_2 counter-hierarchy ez-toc-counter ez-toc-black ez-toc-container-direction\">\n<div class=\"ez-toc-title-container\">\n<p class=\"ez-toc-title\" style=\"cursor:inherit\">\u0130\u00e7indekiler<\/p>\n<span class=\"ez-toc-title-toggle\"><a href=\"#\" class=\"ez-toc-pull-right ez-toc-btn ez-toc-btn-xs ez-toc-btn-default ez-toc-toggle\" aria-label=\"\u0130\u00e7indekiler Tablosunu A\u00e7\/Kapat\"><span class=\"ez-toc-js-icon-con\"><span class=\"\"><span class=\"eztoc-hide\" style=\"display:none;\">Toggle<\/span><span class=\"ez-toc-icon-toggle-span\"><svg style=\"fill: #ffffff;color:#ffffff\" xmlns=\"http:\/\/www.w3.org\/2000\/svg\" class=\"list-377408\" width=\"20px\" height=\"20px\" viewBox=\"0 0 24 24\" fill=\"none\"><path d=\"M6 6H4v2h2V6zm14 0H8v2h12V6zM4 11h2v2H4v-2zm16 0H8v2h12v-2zM4 16h2v2H4v-2zm16 0H8v2h12v-2z\" fill=\"currentColor\"><\/path><\/svg><svg style=\"fill: #ffffff;color:#ffffff\" class=\"arrow-unsorted-368013\" xmlns=\"http:\/\/www.w3.org\/2000\/svg\" width=\"10px\" height=\"10px\" viewBox=\"0 0 24 24\" version=\"1.2\" baseProfile=\"tiny\"><path d=\"M18.2 9.3l-6.2-6.3-6.2 6.3c-.2.2-.3.4-.3.7s.1.5.3.7c.2.2.4.3.7.3h11c.3 0 .5-.1.7-.3.2-.2.3-.5.3-.7s-.1-.5-.3-.7zM5.8 14.7l6.2 6.3 6.2-6.3c.2-.2.3-.5.3-.7s-.1-.5-.3-.7c-.2-.2-.4-.3-.7-.3h-11c-.3 0-.5.1-.7.3-.2.2-.3.5-.3.7s.1.5.3.7z\"\/><\/svg><\/span><\/span><\/span><\/a><\/span><\/div>\n<nav><ul class='ez-toc-list ez-toc-list-level-1 eztoc-toggle-hide-by-default' ><li class='ez-toc-page-1 ez-toc-heading-level-2'><a class=\"ez-toc-link ez-toc-heading-1\" href=\"https:\/\/www.turna.com\/blog\/yunan-adalarina-gitmek-icin-4\/#yunan_adalarina_gitmek_icin_4_gecerli_sebep\" >Yunan Adalar\u0131na Gitmek \u0130\u00e7in 4 Ge\u00e7erli Sebep<\/a><ul class='ez-toc-list-level-3' ><li class='ez-toc-heading-level-3'><a class=\"ez-toc-link ez-toc-heading-2\" href=\"https:\/\/www.turna.com\/blog\/yunan-adalarina-gitmek-icin-4\/#1_gercekten_ucuz\" >1. Ger\u00e7ekten ucuz<\/a><\/li><li class='ez-toc-page-1 ez-toc-heading-level-3'><a class=\"ez-toc-link ez-toc-heading-3\" href=\"https:\/\/www.turna.com\/blog\/yunan-adalarina-gitmek-icin-4\/#2_farkli_hava\" >2. Farkl\u0131 hava<\/a><\/li><li class='ez-toc-page-1 ez-toc-heading-level-3'><a class=\"ez-toc-link ez-toc-heading-4\" href=\"https:\/\/www.turna.com\/blog\/yunan-adalarina-gitmek-icin-4\/#3_pratik_yapma_firsati\" >3. Pratik yapma f\u0131rsat\u0131<\/a><\/li><li class='ez-toc-page-1 ez-toc-heading-level-3'><a class=\"ez-toc-link ez-toc-heading-5\" href=\"https:\/\/www.turna.com\/blog\/yunan-adalarina-gitmek-icin-4\/#4_dogayla_bas_basa\" >4. Do\u011fayla ba\u015f ba\u015fa<\/a><\/li><\/ul><\/li><\/ul><\/nav><\/div>\n<p>Ege\u2019nin \u00f6te yakas\u0131ndaki kom\u015fumuz Yunanistan, d\u00fcnyada en \u00e7ok ziyaret\u00e7i \u00e7eken \u00fclkeler aras\u0131nda. 200\u2019\u00fc a\u015fk\u0131n adas\u0131nda muhte\u015fem plaj, mavi sandalyeli bal\u0131k restoranlar\u0131, konsept d\u00fckkanlar\u0131 ve birbirinden g\u00fczel mekanlar\u0131 ile ho\u015f an\u0131lar ya\u015fatan \u00fclkeyi her y\u0131l \u00e7ok say\u0131da T\u00fcrk gezgin de ziyaret ediyor.<\/p>\n<p>\u00c7e\u015fme, Ayval\u0131k, Bodrum, Ku\u015fadas\u0131, Ka\u015f, Turgutreis ve Marmaris\u2019ten feribotlarla ula\u015f\u0131lan Yunan adalar\u0131na 40 ile 60 dakika gibi s\u00fcrelerde ula\u015f\u0131labiliyor. G\u00fcn\u00fcbirlik ya da birka\u00e7 g\u00fcnl\u00fc\u011f\u00fcne adalara gitmeyi tercih eden T\u00fcrk seyahatseverler bir\u00e7ok an\u0131yla geriye d\u00f6n\u00fcyor.<\/p>\n<p><img width=\"800\" height=\"500\" data-public-id=\"Gezi-Yunan-Adalari_wgbybr\/Gezi-Yunan-Adalari_wgbybr.jpg\" fetchpriority=\"high\" decoding=\"async\" class=\"alignnone wp-post-2844 wp-image-2846\" src=\"https:\/\/res.cloudinary.com\/turna\/images\/w_800,h_500,c_scale\/f_auto,q_auto:low\/v1464900062\/Gezi-Yunan-Adalari_wgbybr\/Gezi-Yunan-Adalari_wgbybr.jpg?_i=AA\" data-format=\"jpg\" data-transformations=\"f_auto,q_auto:low\" data-version=\"1464900062\" data-seo=\"1\" srcset=\"https:\/\/res.cloudinary.com\/turna\/images\/f_auto,q_auto:low\/v1464900062\/Gezi-Yunan-Adalari_wgbybr\/Gezi-Yunan-Adalari_wgbybr.jpg?_i=AA 800w, https:\/\/res.cloudinary.com\/turna\/images\/w_300,h_188,c_scale\/f_auto,q_auto:low\/v1464900062\/Gezi-Yunan-Adalari_wgbybr\/Gezi-Yunan-Adalari_wgbybr.jpg?_i=AA 300w, https:\/\/res.cloudinary.com\/turna\/images\/w_672,h_420,c_scale\/f_auto,q_auto:low\/v1464900062\/Gezi-Yunan-Adalari_wgbybr\/Gezi-Yunan-Adalari_wgbybr.jpg?_i=AA 672w, https:\/\/res.cloudinary.com\/turna\/images\/w_640,h_400,c_scale\/f_auto,q_auto:low\/v1464900062\/Gezi-Yunan-Adalari_wgbybr\/Gezi-Yunan-Adalari_wgbybr.jpg?_i=AA 640w, https:\/\/res.cloudinary.com\/turna\/images\/w_681,h_426,c_scale\/f_auto,q_auto:low\/v1464900062\/Gezi-Yunan-Adalari_wgbybr\/Gezi-Yunan-Adalari_wgbybr.jpg?_i=AA 681w\" sizes=\"(max-width: 800px) 100vw, 800px\" \/><\/p>\n<h2><span class=\"ez-toc-section\" id=\"yunan_adalarina_gitmek_icin_4_gecerli_sebep\"><\/span><strong>Yunan Adalar\u0131na Gitmek \u0130\u00e7in 4 Ge\u00e7erli Sebep<\/strong><span class=\"ez-toc-section-end\"><\/span><\/h2>\n<h3><span class=\"ez-toc-section\" id=\"1_gercekten_ucuz\"><\/span><strong>1. Ger\u00e7ekten ucuz<\/strong><span class=\"ez-toc-section-end\"><\/span><\/h3>\n<p>Yunanistan\u2019\u0131n ya\u015fad\u0131\u011f\u0131 ekonomik krizle birlikte \u00fclkenin en b\u00fcy\u00fck umudu turizme d\u00f6n\u00fc\u015ft\u00fc. \u00d6zellikle T\u00fcrk k\u0131y\u0131lar\u0131na yak\u0131n olan adalarda T\u00fcrk turistin harcama beklentisi ile gelecek planlar\u0131 yap\u0131l\u0131yor. Bir\u00e7ok restoranda m\u00fckellef bir yemek i\u00e7in T\u00fcrkiye\u2019nin neredeyse yar\u0131s\u0131 kadar hesap \u00f6deniyor. Lezzetli deniz \u00fcr\u00fcnleri ve rahats\u0131z etmeyen hizmet anlay\u0131\u015f\u0131 da cabas\u0131.<\/p>\n<h3><span class=\"ez-toc-section\" id=\"2_farkli_hava\"><\/span><strong>2. Farkl\u0131 hava<\/strong><span class=\"ez-toc-section-end\"><\/span><\/h3>\n<p>Ayn\u0131 yerler, ayn\u0131 insanlar ve ayn\u0131 sohbet konular\u0131ndan s\u0131k\u0131lanlar i\u00e7in en kolay ka\u00e7\u0131\u015f rotas\u0131 Yunan adalar\u0131. Ayn\u0131 konu etraf\u0131nda d\u00f6n\u00fcp dola\u015f\u0131p can\u0131n\u0131z\u0131 s\u0131kmak yerine atlay\u0131n feribota 1 saatte kar\u015f\u0131 k\u0131y\u0131das\u0131n\u0131z. Yunanca konu\u015fulan sokaklarda, \u00f6zg\u00fcrl\u00fc\u011f\u00fcn keyfini 1 g\u00fcnl\u00fc\u011f\u00fcne de olsa \u00e7\u0131kar\u0131n. Farkl\u0131 hava, farkl\u0131 insanlar ve keyifli bir g\u00fcn ge\u00e7irin!<\/p>\n<p><img width=\"800\" height=\"500\" data-public-id=\"Yunan-Adalari_sxliav\/Yunan-Adalari_sxliav.jpg\" decoding=\"async\" class=\"alignnone wp-post-2844 wp-image-2847 wp-image-22525\" src=\"https:\/\/res.cloudinary.com\/turna\/images\/w_800,h_500,c_scale\/f_auto,q_auto:low\/v1464900205\/Yunan-Adalari_sxliav\/Yunan-Adalari_sxliav.jpg?_i=AA\" data-format=\"jpg\" data-transformations=\"f_auto,q_auto:low\" data-version=\"1464900205\" data-seo=\"1\" srcset=\"https:\/\/res.cloudinary.com\/turna\/images\/f_auto,q_auto:low\/v1464900205\/Yunan-Adalari_sxliav\/Yunan-Adalari_sxliav.jpg?_i=AA 800w, https:\/\/res.cloudinary.com\/turna\/images\/w_300,h_188,c_scale\/f_auto,q_auto:low\/v1464900205\/Yunan-Adalari_sxliav\/Yunan-Adalari_sxliav.jpg?_i=AA 300w, https:\/\/res.cloudinary.com\/turna\/images\/w_672,h_420,c_scale\/f_auto,q_auto:low\/v1464900205\/Yunan-Adalari_sxliav\/Yunan-Adalari_sxliav.jpg?_i=AA 672w, https:\/\/res.cloudinary.com\/turna\/images\/w_640,h_400,c_scale\/f_auto,q_auto:low\/v1464900205\/Yunan-Adalari_sxliav\/Yunan-Adalari_sxliav.jpg?_i=AA 640w, https:\/\/res.cloudinary.com\/turna\/images\/w_681,h_426,c_scale\/f_auto,q_auto:low\/v1464900205\/Yunan-Adalari_sxliav\/Yunan-Adalari_sxliav.jpg?_i=AA 681w\" sizes=\"(max-width: 800px) 100vw, 800px\" \/><\/p>\n<h3><span class=\"ez-toc-section\" id=\"3_pratik_yapma_firsati\"><\/span><strong>3. Pratik yapma f\u0131rsat\u0131<\/strong><span class=\"ez-toc-section-end\"><\/span><\/h3>\n<p>Yabanc\u0131 dilimi nas\u0131l geli\u015ftiririm, \u0130ngilizce pratik yapmak isteyenler i\u00e7in keyif i\u00e7eren kolay bir \u00f6nerimiz var. Yunan adalar\u0131nda bir\u00e7ok insan \u0130ngilizce konu\u015fuyor. Hem gezeyim hem de biraz \u0130ngilizce prati\u011fi yapay\u0131m diyorsan\u0131z, Yunan adalar\u0131na hemen \u015fimdi ad\u0131m at\u0131n.<\/p>\n<h3><span class=\"ez-toc-section\" id=\"4_dogayla_bas_basa\"><\/span><strong>4. Do\u011fayla ba\u015f ba\u015fa<\/strong><span class=\"ez-toc-section-end\"><\/span><\/h3>\n<p>Y\u00fczlerce kumsal, yemye\u015fil ormanlar, tarihi kal\u0131nt\u0131lar ve bolca huzur i\u00e7in d\u0131\u015f etkenlerden uzakla\u015fm\u0131\u015f adalar ideal. Y\u00fcksek sezon d\u0131\u015f\u0131ndaki d\u00f6nemde adalara seyahat edenler az insan bolca huzur buluyor. \u00d6zellikle kendini dinlemek isteyenler i\u00e7in Yunan adalar\u0131 keyifli bir rota.<\/p>\n<p><img width=\"800\" height=\"500\" data-public-id=\"Yunan-Adalari-Gezi_u6pyo6\/Yunan-Adalari-Gezi_u6pyo6.jpg\" decoding=\"async\" class=\"alignnone wp-post-2844 wp-image-2848\" src=\"https:\/\/res.cloudinary.com\/turna\/images\/w_800,h_500,c_scale\/f_auto,q_auto\/f_auto,q_auto:low\/v1464900362\/Yunan-Adalari-Gezi_u6pyo6\/Yunan-Adalari-Gezi_u6pyo6.jpg?_i=AA\" data-format=\"jpg\" data-transformations=\"f_auto,q_auto\/f_auto,q_auto:low\" data-version=\"1464900362\" data-seo=\"1\" srcset=\"https:\/\/res.cloudinary.com\/turna\/images\/f_auto,q_auto\/f_auto,q_auto\/f_auto,q_auto:low\/v1464900362\/Yunan-Adalari-Gezi_u6pyo6\/Yunan-Adalari-Gezi_u6pyo6.jpg?_i=AA 800w, https:\/\/res.cloudinary.com\/turna\/images\/w_300,h_188,c_scale\/f_auto,q_auto\/f_auto,q_auto\/f_auto,q_auto:low\/v1464900362\/Yunan-Adalari-Gezi_u6pyo6\/Yunan-Adalari-Gezi_u6pyo6.jpg?_i=AA 300w, https:\/\/res.cloudinary.com\/turna\/images\/w_672,h_420,c_scale\/f_auto,q_auto\/f_auto,q_auto\/f_auto,q_auto:low\/v1464900362\/Yunan-Adalari-Gezi_u6pyo6\/Yunan-Adalari-Gezi_u6pyo6.jpg?_i=AA 672w, https:\/\/res.cloudinary.com\/turna\/images\/w_640,h_400,c_scale\/f_auto,q_auto\/f_auto,q_auto\/f_auto,q_auto:low\/v1464900362\/Yunan-Adalari-Gezi_u6pyo6\/Yunan-Adalari-Gezi_u6pyo6.jpg?_i=AA 640w, https:\/\/res.cloudinary.com\/turna\/images\/w_681,h_426,c_scale\/f_auto,q_auto\/f_auto,q_auto\/f_auto,q_auto:low\/v1464900362\/Yunan-Adalari-Gezi_u6pyo6\/Yunan-Adalari-Gezi_u6pyo6.jpg?_i=AA 681w\" sizes=\"(max-width: 800px) 100vw, 800px\" \/><\/p>\n<p>T\u00fcrkiye\u2019nin yan\u0131 ba\u015f\u0131ndaki Yunan adalar\u0131, yurtd\u0131\u015f\u0131 deneyimi ya\u015famak isteyenler i\u00e7in en kolay se\u00e7eneklerden. Bu g\u00fczel f\u0131rsat\u0131 de\u011ferlendirmek, do\u011fayla ba\u015f ba\u015fa farkl\u0131 bir \u00fclkede olman\u0131n tad\u0131n\u0131 \u00e7\u0131karmak i\u00e7in hemen <a href=\"https:\/\/www.turna.com\/ucak-bileti\/yunanistan\" target=\"_blank\" rel=\"noopener\"><strong>Yunanistan<\/strong> <strong>u\u00e7ak bileti<\/strong><\/a> se\u00e7eneklerine g\u00f6z at\u0131n, yeni bir yolculu\u011fa haz\u0131rlan\u0131n!<\/p>\n\n    <div class=\"xs_social_share_widget xs_share_url after_content \t\tmain_content  wslu-style-1 wslu-share-box-shaped wslu-fill-colored wslu-none wslu-share-horizontal wslu-theme-font-no wslu-main_content\">\n\n\t\t\n        <ul>\n\t\t\t        <\/ul>\n    <\/div> \n","protected":false},"excerpt":{"rendered":"<p>Ege\u2019nin \u00f6te yakas\u0131ndaki kom\u015fumuz Yunanistan, d\u00fcnyada en \u00e7ok ziyaret\u00e7i \u00e7eken \u00fclkeler aras\u0131nda. 200\u2019\u00fc a\u015fk\u0131n adas\u0131nda muhte\u015fem plaj, mavi sandalyeli bal\u0131k restoranlar\u0131, konsept d\u00fckkanlar\u0131 ve birbirinden g\u00fczel mekanlar\u0131 ile ho\u015f an\u0131lar ya\u015fatan \u00fclkeyi her y\u0131l \u00e7ok say\u0131da T\u00fcrk gezgin de ziyaret ediyor. \u00c7e\u015fme, Ayval\u0131k, Bodrum, Ku\u015fadas\u0131, Ka\u015f, Turgutreis ve Marmaris\u2019ten feribotlarla ula\u015f\u0131lan Yunan adalar\u0131na 40 ile [&hellip;]<\/p>\n","protected":false},"author":8,"featured_media":2848,"comment_status":"open","ping_status":"open","sticky":false,"template":"","format":"standard","meta":{"rop_custom_images_group":[],"rop_custom_messages_group":[],"rop_publish_now":"initial","rop_publish_now_accounts":[],"rop_publish_now_history":[],"rop_publish_now_status":"pending","_cloudinary_featured_overwrite":false,"footnotes":""},"categories":[18],"tags":[2443,272,10],"class_list":["post-2844","post","type-post","status-publish","format-standard","has-post-thumbnail","hentry","category-yunanistan","tag-paphos","tag-yunan-adalari","tag-yunanistan"],"_links":{"self":[{"href":"https:\/\/www.turna.com\/blog\/wp-json\/wp\/v2\/posts\/2844","targetHints":{"allow":["GET"]}}],"collection":[{"href":"https:\/\/www.turna.com\/blog\/wp-json\/wp\/v2\/posts"}],"about":[{"href":"https:\/\/www.turna.com\/blog\/wp-json\/wp\/v2\/types\/post"}],"author":[{"embeddable":true,"href":"https:\/\/www.turna.com\/blog\/wp-json\/wp\/v2\/users\/8"}],"replies":[{"embeddable":true,"href":"https:\/\/www.turna.com\/blog\/wp-json\/wp\/v2\/comments?post=2844"}],"version-history":[{"count":0,"href":"https:\/\/www.turna.com\/blog\/wp-json\/wp\/v2\/posts\/2844\/revisions"}],"wp:featuredmedia":[{"embeddable":true,"href":"https:\/\/www.turna.com\/blog\/wp-json\/wp\/v2\/media\/2848"}],"wp:attachment":[{"href":"https:\/\/www.turna.com\/blog\/wp-json\/wp\/v2\/media?parent=2844"}],"wp:term":[{"taxonomy":"category","embeddable":true,"href":"https:\/\/www.turna.com\/blog\/wp-json\/wp\/v2\/categories?post=2844"},{"taxonomy":"post_tag","embeddable":true,"href":"https:\/\/www.turna.com\/blog\/wp-json\/wp\/v2\/tags?post=2844"}],"curies":[{"name":"wp","href":"https:\/\/api.w.org\/{rel}","templated":true}]}}