{"id":26021,"date":"2026-09-04T16:39:52","date_gmt":"2026-09-04T13:39:52","guid":{"rendered":"https:\/\/www.turna.com\/blog\/?p=26021"},"modified":"2026-09-04T16:39:55","modified_gmt":"2026-09-04T13:39:55","slug":"troya-her-ay-1-efsane","status":"publish","type":"post","link":"https:\/\/www.turna.com\/blog\/troya-her-ay-1-efsane","title":{"rendered":"Troya Antik Kenti: Her Ay 1 Efsane"},"content":{"rendered":"<div id=\"ez-toc-container\" class=\"ez-toc-v2_0_87 counter-hierarchy ez-toc-counter ez-toc-black ez-toc-container-direction\">\n<div class=\"ez-toc-title-container\">\n<p class=\"ez-toc-title\" style=\"cursor:inherit\">\u0130\u00e7indekiler<\/p>\n<span class=\"ez-toc-title-toggle\"><a href=\"#\" class=\"ez-toc-pull-right ez-toc-btn ez-toc-btn-xs ez-toc-btn-default ez-toc-toggle\" aria-label=\"\u0130\u00e7indekiler Tablosunu A\u00e7\/Kapat\"><span class=\"ez-toc-js-icon-con\"><span class=\"\"><span class=\"eztoc-hide\" style=\"display:none;\">Toggle<\/span><span class=\"ez-toc-icon-toggle-span\"><svg style=\"fill: #ffffff;color:#ffffff\" xmlns=\"http:\/\/www.w3.org\/2000\/svg\" class=\"list-377408\" width=\"20px\" height=\"20px\" viewBox=\"0 0 24 24\" fill=\"none\"><path d=\"M6 6H4v2h2V6zm14 0H8v2h12V6zM4 11h2v2H4v-2zm16 0H8v2h12v-2zM4 16h2v2H4v-2zm16 0H8v2h12v-2z\" fill=\"currentColor\"><\/path><\/svg><svg style=\"fill: #ffffff;color:#ffffff\" class=\"arrow-unsorted-368013\" xmlns=\"http:\/\/www.w3.org\/2000\/svg\" width=\"10px\" height=\"10px\" viewBox=\"0 0 24 24\" version=\"1.2\" baseProfile=\"tiny\"><path d=\"M18.2 9.3l-6.2-6.3-6.2 6.3c-.2.2-.3.4-.3.7s.1.5.3.7c.2.2.4.3.7.3h11c.3 0 .5-.1.7-.3.2-.2.3-.5.3-.7s-.1-.5-.3-.7zM5.8 14.7l6.2 6.3 6.2-6.3c.2-.2.3-.5.3-.7s-.1-.5-.3-.7c-.2-.2-.4-.3-.7-.3h-11c-.3 0-.5.1-.7.3-.2.2-.3.5-.3.7s.1.5.3.7z\"\/><\/svg><\/span><\/span><\/span><\/a><\/span><\/div>\n<nav><ul class='ez-toc-list ez-toc-list-level-1 eztoc-toggle-hide-by-default' ><li class='ez-toc-page-1 ez-toc-heading-level-2'><a class=\"ez-toc-link ez-toc-heading-1\" href=\"https:\/\/www.turna.com\/blog\/troya-her-ay-1-efsane\/#troyanin_kurulus_efsanesi\" >Troya\u2019n\u0131n Kurulu\u015f Efsanesi<\/a><\/li><li class='ez-toc-page-1 ez-toc-heading-level-2'><a class=\"ez-toc-link ez-toc-heading-2\" href=\"https:\/\/www.turna.com\/blog\/troya-her-ay-1-efsane\/#peki_troya_neden_bu_kadar_unlu\" >Peki Troya Neden Bu Kadar \u00dcnl\u00fc?<\/a><\/li><li class='ez-toc-page-1 ez-toc-heading-level-2'><a class=\"ez-toc-link ez-toc-heading-3\" href=\"https:\/\/www.turna.com\/blog\/troya-her-ay-1-efsane\/#truva_savasi\" >Truva Sava\u015f\u0131<\/a><\/li><li class='ez-toc-page-1 ez-toc-heading-level-2'><a class=\"ez-toc-link ez-toc-heading-4\" href=\"https:\/\/www.turna.com\/blog\/troya-her-ay-1-efsane\/#troya_antik_kenti_nerede\" >Troya Antik Kenti Nerede?<\/a><\/li><\/ul><\/nav><\/div>\n\n<p class=\"wp-block-paragraph\">\u00c7anakkale Bo\u011faz\u0131\u2019n\u0131n r\u00fczgar\u0131n\u0131 arkan\u0131za al\u0131p antik ta\u015flar\u0131n aras\u0131nda y\u00fcr\u00fcd\u00fc\u011f\u00fcn\u00fczde, efsanevi bir yerde oldu\u011funuzu ilk saniyeden anl\u0131yorsunuz. Her Ay 1 Efsane serimizin bu ayki dura\u011f\u0131nda, d\u00fcnya k\u00fclt\u00fcr tarihinin en p\u0131r\u0131lt\u0131l\u0131 y\u0131ld\u0131zlar\u0131ndan birine, Troya Antik Kenti\u2019ne konuk oluyoruz. Homeros\u2019un \u0130lyada Destan\u0131\u2019na ilham veren o amans\u0131z sava\u015flar\u0131n, unutulmaz kahramanl\u0131klar\u0131n ve a\u015fk u\u011fruna g\u00f6z\u00fc karartan insanlar\u0131n izini s\u00fcrmek \u00fczere efsanevi topraklara ad\u0131m at\u0131yoruz.&nbsp;<\/p>\n\n\n\n<p class=\"wp-block-paragraph\">Tarihi milattan \u00f6nce 3000\u2019li y\u0131llara dek uzanan bu muazzam kent, 5000 y\u0131ld\u0131r ayakta duran k\u00f6kl\u00fc bir ge\u00e7mi\u015fe sahip. \u00c7anakkale il s\u0131n\u0131rlar\u0131 i\u00e7inde, Ege ile Marmara\u2019n\u0131n kesi\u015fti\u011fi \u00f6zel co\u011frafyada yer alan kent, 1998 y\u0131l\u0131ndan bu yana UNESCO D\u00fcnya Miras Listesi\u2019nde koruma alt\u0131nda. Troya, insanl\u0131k tarihinin katmanlar\u0131n\u0131 birer kitap sayfas\u0131 gibi \u00f6n\u00fcm\u00fcze seren bir antik kent.<\/p>\n\n\n\n<h2 class=\"wp-block-heading has-text-align-center has-neeon-button-dark-gray-color has-text-color has-link-color wp-elements-1\"><span class=\"ez-toc-section\" id=\"troyanin_kurulus_efsanesi\"><\/span><strong><strong><strong><strong><strong><strong>Troya\u2019n\u0131n Kurulu\u015f Efsanesi<\/strong><\/strong><\/strong><\/strong><\/strong><\/strong><span class=\"ez-toc-section-end\"><\/span><\/h2>\n\n\n\n<figure class=\"wp-block-image size-large\"><img decoding=\"async\" src=\"https:\/\/res.cloudinary.com\/turna\/image\/upload\/v1788528465\/wordpress-contents\/Troya_Antik_Kenti.webp\" alt=\"\"\/><\/figure>\n\n\n\n<p class=\"wp-block-paragraph\">Bu g\u00f6rkemli kentin nas\u0131l kuruldu\u011funu merak ediyorsan\u0131z, mitolojinin o rengarenk ve entrika dolu d\u00fcnyas\u0131na ufak bir seyahat yapmam\u0131z gerekiyor. Efsaneye g\u00f6re her \u015fey, deniz perisi Thetis ile denizlerin kudretli tanr\u0131s\u0131 Okeanos\u2019un k\u0131z\u0131 olan Elektra ile ba\u015fl\u0131yor. G\u00fczeller g\u00fczeli Elektra, Olympos\u2019un ba\u015ftanr\u0131s\u0131 Zeus\u2019un dikkatini \u00e7ekiyor ve bu tutkulu beraberlikten Dardanos ad\u0131nda bir o\u011ful d\u00fcnyaya geliyor.&nbsp;<\/p>\n\n\n\n<p class=\"wp-block-paragraph\">Dardanos\u2019un kurdu\u011fu soylu \u00e7izgi, nesiller boyunca bu topraklarda k\u00f6k sal\u0131p g\u00fc\u00e7leniyor. Onun o\u011flu Tros, kendi ad\u0131n\u0131 \u00f6l\u00fcms\u00fczle\u015ftiren Truad b\u00f6lgesini kurarak krall\u0131\u011f\u0131n s\u0131n\u0131rlar\u0131n\u0131 belirginle\u015ftiriyor. Krall\u0131\u011f\u0131 as\u0131l zirveye ta\u015f\u0131yan hamle ise Tros\u2019un o\u011flu \u0130lus\u2019tan geliyor. \u0130lus, dedelerinden devrald\u0131\u011f\u0131 mirasla bug\u00fcn kal\u0131nt\u0131lar\u0131 kar\u015f\u0131s\u0131nda b\u00fcy\u00fclendi\u011fimiz Troya kentinin temellerini at\u0131yor. B\u00f6ylece destanlara konu olacak devasa bir metropol\u00fcn hikayesi resmen ba\u015flam\u0131\u015f oluyor.<\/p>\n\n\n\n<h2 class=\"wp-block-heading has-text-align-center has-neeon-button-dark-gray-color has-text-color has-link-color wp-elements-2\"><span class=\"ez-toc-section\" id=\"peki_troya_neden_bu_kadar_unlu\"><\/span><strong><strong><strong><strong><strong><strong>Peki Troya Neden Bu Kadar \u00dcnl\u00fc?<\/strong><\/strong><\/strong><\/strong><\/strong><\/strong><span class=\"ez-toc-section-end\"><\/span><\/h2>\n\n\n\n<figure class=\"wp-block-image size-large\"><img decoding=\"async\" src=\"https:\/\/res.cloudinary.com\/turna\/image\/upload\/v1788528324\/wordpress-contents\/Troya_Antik_Kenti1.jpg\" alt=\"troya\"\/><\/figure>\n\n\n\n<p class=\"wp-block-paragraph\">\u0130yi ho\u015f da bu antik kent neden bu kadar \u00fcnl\u00fc diye sordu\u011funuzu duyar gibiyim. Sonu\u00e7ta \u00e7o\u011fumuz bu hikayeleri dinleyerek veya bu hikayeden ilhamla \u00e7ekilen filmleri izledik. Troya\u2019n\u0131n \u015f\u00f6hreti, hemen yan\u0131 ba\u015f\u0131ndaki Kaz Da\u011flar\u0131\u2019nda tarihin ilk g\u00fczellik yar\u0131\u015fmas\u0131 olarak bilinen me\u015fhur olaya dayan\u0131yor. Yar\u0131\u015fmac\u0131lar ise ba\u015ftanr\u0131\u00e7a Hera, zekan\u0131n simgesi Athena ve a\u015fk\u0131n v\u00fccut bulmu\u015f hali Afrodit. Masada ise \u00fczerinde &#8220;En g\u00fczele&#8221; yazan alt\u0131ndan bir elma duruyor. <\/p>\n\n\n\n<p class=\"wp-block-paragraph\">Bu \u00fc\u00e7 iddial\u0131 tanr\u0131\u00e7a aras\u0131ndaki zorlu se\u00e7imi yapma g\u00f6revi, Troya\u2019n\u0131n gen\u00e7 prensi Paris\u2019e veriliyor. Tanr\u0131\u00e7alar Paris\u2019in akl\u0131n\u0131 \u00e7elmek i\u00e7in krall\u0131klar, sava\u015f zaferleri teklif etse de Afrodit nokta at\u0131\u015f\u0131 bir vaatle \u00e7\u0131kageliyor: D\u00fcnyan\u0131n en g\u00fczel kad\u0131n\u0131 olan Sparta Kral\u0131\u2019n\u0131n kar\u0131s\u0131 Helena\u2019n\u0131n a\u015fk\u0131! Paris, g\u00f6z\u00fcn\u00fc karart\u0131p elmay\u0131 Afrodit\u2019e veriyor. \u00c7ok ge\u00e7meden Sparta\u2019ya gidip Helena\u2019y\u0131 Troya\u2019ya ka\u00e7\u0131r\u0131yor ve bu tutkulu a\u015fk hamlesi, \u00e7a\u011flar boyu konu\u015fulacak amans\u0131z bir sava\u015f\u0131n ilk ad\u0131mlar\u0131 oluyor. Bug\u00fcn ise bize harika destanlar ve e\u015fsiz filmler kal\u0131yor. \ud83d\ude01<\/p>\n\n\n\n<h2 class=\"wp-block-heading has-text-align-center has-neeon-button-dark-gray-color has-text-color has-link-color wp-elements-3\"><span class=\"ez-toc-section\" id=\"truva_savasi\"><\/span><strong><strong><strong><strong><strong><strong>Truva Sava\u015f\u0131<\/strong><\/strong><\/strong><\/strong><\/strong><\/strong><span class=\"ez-toc-section-end\"><\/span><\/h2>\n\n\n\n<figure class=\"wp-block-image size-large\"><img decoding=\"async\" src=\"https:\/\/res.cloudinary.com\/turna\/image\/upload\/v1788528323\/wordpress-contents\/Troya_Antik_Kenti3.jpg\" alt=\"\"\/><\/figure>\n\n\n\n<p class=\"wp-block-paragraph\">Hikayeyi buraya kadar anlat\u0131nca Truva Sava\u015f\u0131\u2019na da biraz de\u011finmesek olmaz. Gururu k\u0131r\u0131lan Sparta Kral\u0131, karde\u015fi Agamemnon\u2019un \u00f6nderli\u011finde toplad\u0131\u011f\u0131 devasa Yunan o zaman\u0131n Yunan ordusuyla \u00c7anakkale k\u0131y\u0131lar\u0131na dayan\u0131yor. Ama\u00e7 elbette Helena\u2019y\u0131 geri almak ve Troya\u2019y\u0131 yerle bir etmek. Fakat Troya\u2019n\u0131n o d\u00f6nem i\u00e7in a\u015f\u0131lmas\u0131 imkans\u0131z g\u00f6r\u00fcnen dev surlar\u0131, orduya ge\u00e7it vermiyor. Tam 10 y\u0131l boyunca s\u00fcren kanl\u0131 ku\u015fatmada iki taraf da a\u011f\u0131r kay\u0131plar veriyor ama \u015fehir bir t\u00fcrl\u00fc d\u00fc\u015fm\u00fcyor. Sava\u015f tam bir k\u00f6rd\u00fc\u011f\u00fcme d\u00f6n\u00fc\u015fm\u00fc\u015fken sahneye kurnazl\u0131klar\u0131yla \u00fcnl\u00fc Odysseus \u00e7\u0131k\u0131yor. Buradan sonras\u0131n\u0131 hepimiz biliyoruz. \ud83d\ude01<\/p>\n\n\n\n<p class=\"wp-block-paragraph\">Odysseus\u2019un akl\u0131na gelen me\u015fhur planla devasa bir tahta at in\u015fa ediliyor ve i\u00e7ine en g\u00f6z\u00fc pek askerler saklan\u0131yor. Yunan ordusu pes edip ka\u00e7m\u0131\u015f gibi yap\u0131p gemilerle uzakla\u015f\u0131nca, Troyal\u0131lar bu heybetli at\u0131 tanr\u0131lara bir \u015f\u00fckran hediyesi sanarak surlar\u0131n i\u00e7ine \u00e7ekiyorlar. Gece boyu s\u00fcren zafer kutlamalar\u0131n\u0131n ard\u0131ndan koca \u015fehir derin bir uykuya dald\u0131\u011f\u0131nda, at\u0131n karn\u0131ndan \u00e7\u0131kan askerler kent kap\u0131lar\u0131n\u0131 d\u0131\u015far\u0131da bekleyen ordular\u0131na a\u00e7\u0131yor ve o a\u015f\u0131lamaz denen g\u00f6rkemli Troya, tek bir gecede alevlere teslim olarak tarihe kar\u0131\u015f\u0131yor.<\/p>\n\n\n\n<h2 class=\"wp-block-heading has-text-align-center has-neeon-button-dark-gray-color has-text-color has-link-color wp-elements-4\"><span class=\"ez-toc-section\" id=\"troya_antik_kenti_nerede\"><\/span><strong><strong><strong><strong><strong><strong>Troya Antik Kenti Nerede?<\/strong><\/strong><\/strong><\/strong><\/strong><\/strong><span class=\"ez-toc-section-end\"><\/span><\/h2>\n\n\n\n<figure class=\"wp-block-image size-large\"><img decoding=\"async\" src=\"https:\/\/res.cloudinary.com\/turna\/image\/upload\/v1788528324\/wordpress-contents\/Troya_Antik_Kenti2.jpg\" alt=\"\"\/><\/figure>\n\n\n\n<p class=\"wp-block-paragraph\">T\u00fcm bu efsaneleri yerinde hissetmek, r\u00fczgar\u0131 ci\u011ferlerinize \u00e7ekmek isterseniz rotan\u0131z son derece net. Troya Antik Kenti, \u00c7anakkale il merkezine yakla\u015f\u0131k 30 kilometre mesafede Tevfikiye K\u00f6y\u00fc s\u0131n\u0131rlar\u0131 i\u00e7erisinde yer al\u0131yor.<\/p>\n\n\n\n<p class=\"wp-block-paragraph\">Troya Antik Kenti&#8217;ne nas\u0131l gidilir diye soranlar i\u00e7in konum <strong><a href=\"https:\/\/www.google.com\/maps\/place\/\/data=!4m2!3m1!1s0x14b05025420d2251:0xb573bfef2cf9ea13?sa=X&amp;ved=1t:8290&amp;ictx=111\" target=\"_blank\" rel=\"noopener\">burada<\/a><\/strong>.<\/p>\n\n\n\n<p class=\"wp-block-paragraph\">Ula\u015f\u0131m da olduk\u00e7a pratik. Kendi arac\u0131n\u0131zla seyahat edecekseniz \u00c7anakkale merkezden \u0130zmir istikametine do\u011fru ilerlerken, kahverengi Troya y\u00f6nlendirme tabelalar\u0131n\u0131 takip etmeniz yeterli. Yol sizi do\u011frudan \u00f6ren yerinin kap\u0131s\u0131na getirecektir. Toplu ta\u015f\u0131may\u0131 tercih edecekseniz, \u00c7anakkale \u015fehir merkezinden d\u00fczenli aral\u0131klarla kalkan Tevfikiye minib\u00fcslerini kullanabilirsiniz. Kente gitti\u011finizde, giri\u015fin hemen yan\u0131nda bulunan ve uluslararas\u0131 alanda bir\u00e7ok mimari \u00f6d\u00fcl kazanan Troya M\u00fczesi\u2019ni ziyaret etmeyi sak\u0131n ihmal etmeyin.<\/p>\n\n\n\n<p class=\"wp-block-paragraph\">Efsane dolu seyahat plan\u0131n\u0131z haz\u0131rsa, <strong><a href=\"https:\/\/www.turna.com\/ucak-bileti\">u\u00e7ak bileti<\/a><\/strong>nden <strong><a href=\"https:\/\/www.turna.com\/otel\">otel rezervasyonu<\/a><\/strong>na ihtiyac\u0131n\u0131z olan her \u015fey Turna&#8217;da! \ud83d\udc99<\/p>\n\n    <div class=\"xs_social_share_widget xs_share_url after_content \t\tmain_content  wslu-style-1 wslu-share-box-shaped wslu-fill-colored wslu-none wslu-share-horizontal wslu-theme-font-no wslu-main_content\">\n\n\t\t\n        <ul>\n\t\t\t        <\/ul>\n    <\/div> \n","protected":false},"excerpt":{"rendered":"<p>\u00c7anakkale Bo\u011faz\u0131\u2019n\u0131n r\u00fczgar\u0131n\u0131 arkan\u0131za al\u0131p antik ta\u015flar\u0131n aras\u0131nda y\u00fcr\u00fcd\u00fc\u011f\u00fcn\u00fczde, efsanevi bir yerde oldu\u011funuzu ilk saniyeden anl\u0131yorsunuz. Her Ay 1 Efsane serimizin bu ayki dura\u011f\u0131nda, d\u00fcnya k\u00fclt\u00fcr tarihinin en p\u0131r\u0131lt\u0131l\u0131 y\u0131ld\u0131zlar\u0131ndan birine, Troya Antik Kenti\u2019ne konuk oluyoruz. Homeros\u2019un \u0130lyada Destan\u0131\u2019na ilham veren o amans\u0131z sava\u015flar\u0131n, unutulmaz kahramanl\u0131klar\u0131n ve a\u015fk u\u011fruna g\u00f6z\u00fc karartan insanlar\u0131n izini s\u00fcrmek \u00fczere [&hellip;]<\/p>\n","protected":false},"author":45,"featured_media":26022,"comment_status":"open","ping_status":"open","sticky":false,"template":"","format":"standard","meta":{"rop_custom_images_group":[],"rop_custom_messages_group":[],"rop_publish_now":"initial","rop_publish_now_accounts":[],"rop_publish_now_history":[],"rop_publish_now_status":"pending","_cloudinary_featured_overwrite":false,"footnotes":""},"categories":[84],"tags":[5629,5709,5708,5710,5711],"class_list":["post-26021","post","type-post","status-publish","format-standard","has-post-thumbnail","hentry","category-turkiye","tag-efsane","tag-troya","tag-troya-antik-kenti","tag-truva","tag-truva-antik-kenti"],"_links":{"self":[{"href":"https:\/\/www.turna.com\/blog\/wp-json\/wp\/v2\/posts\/26021","targetHints":{"allow":["GET"]}}],"collection":[{"href":"https:\/\/www.turna.com\/blog\/wp-json\/wp\/v2\/posts"}],"about":[{"href":"https:\/\/www.turna.com\/blog\/wp-json\/wp\/v2\/types\/post"}],"author":[{"embeddable":true,"href":"https:\/\/www.turna.com\/blog\/wp-json\/wp\/v2\/users\/45"}],"replies":[{"embeddable":true,"href":"https:\/\/www.turna.com\/blog\/wp-json\/wp\/v2\/comments?post=26021"}],"version-history":[{"count":0,"href":"https:\/\/www.turna.com\/blog\/wp-json\/wp\/v2\/posts\/26021\/revisions"}],"wp:featuredmedia":[{"embeddable":true,"href":"https:\/\/www.turna.com\/blog\/wp-json\/wp\/v2\/media\/26022"}],"wp:attachment":[{"href":"https:\/\/www.turna.com\/blog\/wp-json\/wp\/v2\/media?parent=26021"}],"wp:term":[{"taxonomy":"category","embeddable":true,"href":"https:\/\/www.turna.com\/blog\/wp-json\/wp\/v2\/categories?post=26021"},{"taxonomy":"post_tag","embeddable":true,"href":"https:\/\/www.turna.com\/blog\/wp-json\/wp\/v2\/tags?post=26021"}],"curies":[{"name":"wp","href":"https:\/\/api.w.org\/{rel}","templated":true}]}}