{"id":26014,"date":"2026-09-01T13:59:18","date_gmt":"2026-09-01T10:59:18","guid":{"rendered":"https:\/\/www.turna.com\/blog\/?p=26014"},"modified":"2026-09-01T13:59:22","modified_gmt":"2026-09-01T10:59:22","slug":"renklerden-rotalara-rengarenk-dunya-turu","status":"publish","type":"post","link":"https:\/\/www.turna.com\/blog\/renklerden-rotalara-rengarenk-dunya-turu","title":{"rendered":"Renklerden Rotalara: Rengarenk Bir D\u00fcnya Turu"},"content":{"rendered":"<div id=\"ez-toc-container\" class=\"ez-toc-v2_0_87 counter-hierarchy ez-toc-counter ez-toc-black ez-toc-container-direction\">\n<div class=\"ez-toc-title-container\">\n<p class=\"ez-toc-title\" style=\"cursor:inherit\">\u0130\u00e7indekiler<\/p>\n<span class=\"ez-toc-title-toggle\"><a href=\"#\" class=\"ez-toc-pull-right ez-toc-btn ez-toc-btn-xs ez-toc-btn-default ez-toc-toggle\" aria-label=\"\u0130\u00e7indekiler Tablosunu A\u00e7\/Kapat\"><span class=\"ez-toc-js-icon-con\"><span class=\"\"><span class=\"eztoc-hide\" style=\"display:none;\">Toggle<\/span><span class=\"ez-toc-icon-toggle-span\"><svg style=\"fill: #ffffff;color:#ffffff\" xmlns=\"http:\/\/www.w3.org\/2000\/svg\" class=\"list-377408\" width=\"20px\" height=\"20px\" viewBox=\"0 0 24 24\" fill=\"none\"><path d=\"M6 6H4v2h2V6zm14 0H8v2h12V6zM4 11h2v2H4v-2zm16 0H8v2h12v-2zM4 16h2v2H4v-2zm16 0H8v2h12v-2z\" fill=\"currentColor\"><\/path><\/svg><svg style=\"fill: #ffffff;color:#ffffff\" class=\"arrow-unsorted-368013\" xmlns=\"http:\/\/www.w3.org\/2000\/svg\" width=\"10px\" height=\"10px\" viewBox=\"0 0 24 24\" version=\"1.2\" baseProfile=\"tiny\"><path d=\"M18.2 9.3l-6.2-6.3-6.2 6.3c-.2.2-.3.4-.3.7s.1.5.3.7c.2.2.4.3.7.3h11c.3 0 .5-.1.7-.3.2-.2.3-.5.3-.7s-.1-.5-.3-.7zM5.8 14.7l6.2 6.3 6.2-6.3c.2-.2.3-.5.3-.7s-.1-.5-.3-.7c-.2-.2-.4-.3-.7-.3h-11c-.3 0-.5.1-.7.3-.2.2-.3.5-.3.7s.1.5.3.7z\"\/><\/svg><\/span><\/span><\/span><\/a><\/span><\/div>\n<nav><ul class='ez-toc-list ez-toc-list-level-1 eztoc-toggle-hide-by-default' ><li class='ez-toc-page-1 ez-toc-heading-level-2'><a class=\"ez-toc-link ez-toc-heading-1\" href=\"https:\/\/www.turna.com\/blog\/renklerden-rotalara-rengarenk-dunya-turu\/#pembe_jaipur_hindistan\" >Pembe \/ Jaipur, Hindistan<\/a><\/li><li class='ez-toc-page-1 ez-toc-heading-level-2'><a class=\"ez-toc-link ez-toc-heading-2\" href=\"https:\/\/www.turna.com\/blog\/renklerden-rotalara-rengarenk-dunya-turu\/#yesil_ubud_endonezya\" >Ye\u015fil \/ Ubud, Endonezya<\/a><\/li><li class='ez-toc-page-1 ez-toc-heading-level-2'><a class=\"ez-toc-link ez-toc-heading-3\" href=\"https:\/\/www.turna.com\/blog\/renklerden-rotalara-rengarenk-dunya-turu\/#mavi_chefchaouen_fas\" >Mavi \/ Chefchaouen, Fas<\/a><\/li><li class='ez-toc-page-1 ez-toc-heading-level-2'><a class=\"ez-toc-link ez-toc-heading-4\" href=\"https:\/\/www.turna.com\/blog\/renklerden-rotalara-rengarenk-dunya-turu\/#sari_hoi_an_vietnam\" >Sar\u0131 \/ Hoi An, Vietnam<\/a><\/li><li class='ez-toc-page-1 ez-toc-heading-level-2'><a class=\"ez-toc-link ez-toc-heading-5\" href=\"https:\/\/www.turna.com\/blog\/renklerden-rotalara-rengarenk-dunya-turu\/#mor_provence_fransa\" >Mor \/ Provence, Fransa<\/a><\/li><li class='ez-toc-page-1 ez-toc-heading-level-2'><a class=\"ez-toc-link ez-toc-heading-6\" href=\"https:\/\/www.turna.com\/blog\/renklerden-rotalara-rengarenk-dunya-turu\/#beyaz_santorini_yunanistan\" >Beyaz \/ Santorini, Yunanistan<\/a><\/li><li class='ez-toc-page-1 ez-toc-heading-level-2'><a class=\"ez-toc-link ez-toc-heading-7\" href=\"https:\/\/www.turna.com\/blog\/renklerden-rotalara-rengarenk-dunya-turu\/#kirmizi_kyoto_japonya\" >K\u0131rm\u0131z\u0131 \/ Kyoto, Japonya<\/a><\/li><li class='ez-toc-page-1 ez-toc-heading-level-2'><a class=\"ez-toc-link ez-toc-heading-8\" href=\"https:\/\/www.turna.com\/blog\/renklerden-rotalara-rengarenk-dunya-turu\/#turuncu_wadi_rum_urdun\" >Turuncu \/ Wadi Rum, \u00dcrd\u00fcn<\/a><\/li><li class='ez-toc-page-1 ez-toc-heading-level-2'><a class=\"ez-toc-link ez-toc-heading-9\" href=\"https:\/\/www.turna.com\/blog\/renklerden-rotalara-rengarenk-dunya-turu\/#turkuaz_oludeniz_turkiye\" >Turkuaz \/ \u00d6l\u00fcdeniz, T\u00fcrkiye<\/a><\/li><\/ul><\/nav><\/div>\n\n<p class=\"wp-block-paragraph\">D\u00fcnyay\u0131 ke\u015ffetmenin say\u0131s\u0131z yolu var. Bu kez pusulam\u0131z\u0131 bir kenara b\u0131rak\u0131yor, rotam\u0131z\u0131 renklerin pe\u015finden \u00e7iziyoruz. \u00c7\u00fcnk\u00fc baz\u0131 \u015fehirleri isimlerinden \u00f6nce renkleriyle hat\u0131rl\u0131yoruz. Chefchaouen\u2019in masmavi sokaklar\u0131, Jaipur\u2019un pembeye b\u00fcr\u00fcnen tarihi merkezi, Provence\u2019\u0131n g\u00f6z al\u0131c\u0131 mor tarlalar\u0131\u2026 D\u00fcnyan\u0131n d\u00f6rt bir yan\u0131nda renkler kimi zaman bir \u015fehrin hikayesini anlat\u0131yor, kimi zaman do\u011fan\u0131n en g\u00fczel s\u00fcrprizlerinden birine d\u00f6n\u00fc\u015f\u00fcyor. \ud83d\udc99\ud83c\udf3f<\/p>\n\n\n\n<p class=\"wp-block-paragraph\">Peki favori renginiz sizi hangi rotaya g\u00f6t\u00fcr\u00fcrd\u00fc? Maviden pembeye, sar\u0131dan turkuaza uzanan rengarenk bir d\u00fcnya turuna \u00e7\u0131kmaya haz\u0131rsan\u0131z, bizi takip edin. \ud83c\udfa8\u2728<\/p>\n\n\n\n<h2 class=\"wp-block-heading\"><span class=\"ez-toc-section\" id=\"pembe_jaipur_hindistan\"><\/span><strong>Pembe \/ Jaipur, Hindistan<\/strong><span class=\"ez-toc-section-end\"><\/span><\/h2>\n\n\n\n<figure class=\"wp-block-image size-large\"><img decoding=\"async\" src=\"https:\/\/res.cloudinary.com\/turna\/image\/upload\/v1788249580\/wordpress-contents\/Jaipur.webp\" alt=\"\"\/><\/figure>\n\n\n\n<p class=\"wp-block-paragraph\">Jaipur\u2019un pembe ile hikayesi \u00e7ok eski zamanlara 19. y\u00fczy\u0131la uzanan bir kar\u015f\u0131lama gelene\u011fine dayan\u0131yor. \ud83e\ude77 1876 y\u0131l\u0131nda Galler Prensi Albert Edward\u2019\u0131n \u015fehri ziyareti \u00f6ncesinde Jaipur\u2019un tarihi merkezindeki yap\u0131lar, misafirperverli\u011fi simgeleyen pembe tonlar\u0131na boyan\u0131yor. \u015eehir bu g\u00f6r\u00fcn\u00fcm\u00fc \u00f6ylesine benimsiyor ki zamanla \u201cPembe \u015eehir\u201d olarak an\u0131lmaya ba\u015fl\u0131yor. Ve zamanla misafirperverli\u011fin karakteristik rengi Jaipur\u2019un kimli\u011finin bir par\u00e7as\u0131na d\u00f6n\u00fc\u015f\u00fcyor.<\/p>\n\n\n\n<p class=\"wp-block-paragraph\">Bug\u00fcn tarihi merkezde dola\u015f\u0131rken pembeden kiremit ve mercan tonlar\u0131na uzanan bu renk paletini \u015fehrin pek \u00e7ok k\u00f6\u015fesinde g\u00f6rmeniz m\u00fcmk\u00fcn. Jaipur\u2019un simgelerinden Hawa Mahal, y\u00fczlerce k\u00fc\u00e7\u00fck penceresiyle bu renkli ke\u015ffin en etkileyici duraklar\u0131 aras\u0131nda \u00fcst s\u0131ralarda yer al\u0131yor. \ud83e\ude77<\/p>\n\n\n\n<h2 class=\"wp-block-heading\"><span class=\"ez-toc-section\" id=\"yesil_ubud_endonezya\"><\/span><strong>Ye\u015fil \/ Ubud, Endonezya<\/strong><span class=\"ez-toc-section-end\"><\/span><\/h2>\n\n\n\n<figure class=\"wp-block-image size-large\"><img decoding=\"async\" src=\"https:\/\/res.cloudinary.com\/turna\/image\/upload\/v1788249583\/wordpress-contents\/ubud_26.webp\" alt=\"\"\/><\/figure>\n\n\n\n<p class=\"wp-block-paragraph\">Ubud\u2019da ye\u015fil, manzaran\u0131n ba\u015frol\u00fcn\u00fc kimseye b\u0131rakmamaya kararl\u0131.\ud83c\udf3f Tropik ormanlar, palmiyeler, pirin\u00e7 tarlalar\u0131 ve vadiler \u015fehrin d\u00f6rt bir yan\u0131n\u0131 neredeyse kesintisiz bir ye\u015fille \u00e7evreliyor. Bali\u2019nin i\u00e7 kesimlerinde konumlanan Ubud, adan\u0131n hareketli sahil b\u00f6lgelerinden uzakla\u015f\u0131p do\u011faya biraz daha yakla\u015fmak isteyenlerin en sevdi\u011fi duraklar aras\u0131nda bulunuyor. \u00dcstelik burada ye\u015fil yaln\u0131zca g\u00fczel bir fon de\u011fil; b\u00f6lgenin g\u00fcnl\u00fck ya\u015fam\u0131n\u0131n ve k\u00fclt\u00fcr\u00fcn\u00fcn de \u00f6nemli bir par\u00e7as\u0131 rol\u00fcn\u00fc \u00fcstleniyor.<\/p>\n\n\n\n<p class=\"wp-block-paragraph\">Ubud\u2019un bu y\u00fcz\u00fcn\u00fc g\u00f6rmek i\u00e7in en g\u00fczel duraklardan biri, katman katman uzanan pirin\u00e7 tarlalar\u0131yla \u00fcnl\u00fc Tegallalang. \ud83c\udf3e Campuhan Ridge Walk boyunca y\u00fcr\u00fcyerek vadilerin aras\u0131na kar\u0131\u015fabilir, \u00e7evredeki k\u00fc\u00e7\u00fck k\u00f6yleri ve tap\u0131naklar\u0131 ke\u015ffedebilirsiniz. Ubud merkezinde ise sanat galerileri, geleneksel pazarlar ve Bali k\u00fclt\u00fcr\u00fcn\u00fcn izlerini ta\u015f\u0131yan yap\u0131lar ke\u015ffinizi bekliyor. \ud83d\udc9a<\/p>\n\n\n\n<h2 class=\"wp-block-heading\"><span class=\"ez-toc-section\" id=\"mavi_chefchaouen_fas\"><\/span><strong>Mavi \/ Chefchaouen, Fas<\/strong><span class=\"ez-toc-section-end\"><\/span><\/h2>\n\n\n\n<figure class=\"wp-block-image size-large\"><img decoding=\"async\" src=\"https:\/\/res.cloudinary.com\/turna\/image\/upload\/v1788249843\/wordpress-contents\/Chefchaouen_Fas_26.jpg\" alt=\"\"\/><\/figure>\n\n\n\n<p class=\"wp-block-paragraph\">Rif Da\u011flar\u0131 aras\u0131na saklanan Chefchaouen, mavinin onlarca tonuyla \u00e7evrili sokaklar\u0131yla d\u00fcnyan\u0131n en renkli rotalar\u0131 aras\u0131nda.\ud83d\udc99 \u015eehrin tarihi merkezinde dola\u015f\u0131rken merdivenlerden kap\u0131lara, dar ge\u00e7itlerden evlerin d\u0131\u015f cephelerine kadar neredeyse her k\u00f6\u015fede mavinin en g\u00fczel tonlar\u0131 kar\u015f\u0131n\u0131za \u00e7\u0131k\u0131yor. Chefchaouen\u2019in bu karakteristik g\u00f6r\u00fcn\u00fcm\u00fcn\u00fcn nas\u0131l ortaya \u00e7\u0131kt\u0131\u011f\u0131 konusunda ise farkl\u0131 hikayeler anlat\u0131l\u0131yor. Rengin serinlik hissi yaratmak ya da b\u00f6cekleri uzak tutmak amac\u0131yla tercih edildi\u011fine dair g\u00f6r\u00fc\u015fler bulunuyor.<\/p>\n\n\n\n<p class=\"wp-block-paragraph\">Bug\u00fcn ise mavi, tart\u0131\u015fmas\u0131z \u015fekilde Chefchaouen\u2019in ikonik simgesi. \u2728 Medina\u2019n\u0131n dar sokaklar\u0131nda y\u00fcr\u00fcyebilir, k\u00fc\u00e7\u00fck meydanlar\u0131 ve yerel d\u00fckkanlar\u0131 ke\u015ffedebilir, \u015fehri \u00e7evreleyen Rif Da\u011flar\u0131\u2019n\u0131n manzaras\u0131n\u0131n tad\u0131n\u0131 \u00e7\u0131karabilirsiniz. \u00d6zellikle g\u00fcn\u00fcn farkl\u0131 saatlerinde de\u011fi\u015fen \u0131\u015f\u0131kla birlikte mavinin tonlar\u0131 da de\u011fi\u015fiyor. Chefchaouen\u2019de mavinin hangi tonunu daha \u00e7ok sevdi\u011finize karar vermek biraz zor olacak bizden s\u00f6ylemesi. \ud83d\udc99<\/p>\n\n\n\n<h2 class=\"wp-block-heading\"><span class=\"ez-toc-section\" id=\"sari_hoi_an_vietnam\"><\/span><strong>Sar\u0131 \/ Hoi An, Vietnam<\/strong><span class=\"ez-toc-section-end\"><\/span><\/h2>\n\n\n\n<figure class=\"wp-block-image size-large\"><img decoding=\"async\" src=\"https:\/\/res.cloudinary.com\/turna\/image\/upload\/v1788252013\/wordpress-contents\/vietnam_hoi_an_26.jpg\" alt=\"\"\/><\/figure>\n\n\n\n<p class=\"wp-block-paragraph\">Sar\u0131 duvarlar, rengarenk fenerler, begonvillerle s\u00fcslenen yerel evler\u2026 Hoi An, daha ilk bak\u0131\u015fta Vietnam\u2019\u0131n en renkli y\u00fczlerinden biriyle tan\u0131\u015ft\u0131\u011f\u0131n\u0131z\u0131 hissettiriyor. \ud83d\udc9b \u00d6zellikle \u015fehrin tarihi b\u00f6lgesine ad\u0131m att\u0131\u011f\u0131n\u0131zda hardaldan alt\u0131n tonlar\u0131na uzanan sar\u0131 tonlu cepheler \u015fehrin neredeyse tamam\u0131na s\u0131cak bir g\u00f6r\u00fcn\u00fcm kazand\u0131r\u0131yor. \u00dcstelik y\u00fczy\u0131llar boyunca \u00f6nemli bir ticaret liman\u0131 olan Hoi An\u2019\u0131n sokaklar\u0131nda \u00c7in, Japon ve Avrupa mimarisinden g\u00fcn\u00fcm\u00fcze uzanan izler de bu renkli manzaraya e\u015flik ediyor.\ud83c\udfee<\/p>\n\n\n\n<p class=\"wp-block-paragraph\">UNESCO D\u00fcnya Miras\u0131 Listesi\u2019nde bulunan Old Town b\u00f6lgesinde Japon K\u00f6pr\u00fcs\u00fc\u2019n\u00fc g\u00f6rebilir, yerel halk\u0131n aras\u0131na kar\u0131\u015fabilir ve Thu Bon Nehri boyunca renkli bir ke\u015fif yapabilirsiniz. Fakat Hoi An\u2019\u0131 yaln\u0131zca g\u00fcnd\u00fcz g\u00f6rd\u00fcyseniz ke\u015ffinizi yar\u0131m b\u0131rakm\u0131\u015f say\u0131l\u0131rs\u0131n\u0131z. G\u00fcne\u015f batt\u0131\u011f\u0131nda bu rotada y\u00fczlerce fener yan\u0131yor ve g\u00fcnd\u00fcz sar\u0131n\u0131n hakim oldu\u011fu sokaklar bu kez k\u0131rm\u0131z\u0131, turuncu, pembe ve ye\u015fil tonlarla renkleniyor. \u2728&nbsp;<\/p>\n\n\n\n<h2 class=\"wp-block-heading\"><span class=\"ez-toc-section\" id=\"mor_provence_fransa\"><\/span><strong>Mor \/ Provence, Fransa<\/strong><span class=\"ez-toc-section-end\"><\/span><\/h2>\n\n\n\n<figure class=\"wp-block-image size-large\"><img decoding=\"async\" src=\"https:\/\/res.cloudinary.com\/turna\/image\/upload\/v1788253413\/wordpress-contents\/provence_mor.jpg\" alt=\"\"\/><\/figure>\n\n\n\n<p class=\"wp-block-paragraph\">Baz\u0131 manzaralar\u0131n hangi renkle hat\u0131rlanaca\u011f\u0131 konusunda hi\u00e7 \u015f\u00fcphe yok. Provence denildi\u011finde de morun rakibi yok. \ud83d\udc9c Fransa\u2019n\u0131n g\u00fcneyindeki bu \u00f6zel co\u011frafyada yaz aylar\u0131 geldi\u011finde lavanta tarlalar\u0131 ufka do\u011fru uzan\u0131yor; ta\u015f evler, k\u00fc\u00e7\u00fck k\u00f6yler ve k\u0131vr\u0131larak ilerleyen k\u0131r yollar\u0131 bu mor manzaran\u0131n g\u00fczelli\u011fine g\u00fczellik kat\u0131yor. \u00d6zellikle Valensole Platosu, Provence\u2019\u0131n haf\u0131zalara kaz\u0131nan lavanta manzaralar\u0131yla bulu\u015fmak i\u00e7in b\u00f6lgenin en \u00fcnl\u00fc duraklar\u0131 aras\u0131nda bulunuyor.<\/p>\n\n\n\n<p class=\"wp-block-paragraph\">Lavantalar b\u00f6lgeye ve hava ko\u015fullar\u0131na g\u00f6re farkl\u0131l\u0131k g\u00f6stermekle birlikte genellikle haziran sonundan itibaren renklenmeye ba\u015fl\u0131yor, temmuz ay\u0131 ise bu manzaralar i\u00e7in en pop\u00fcler d\u00f6nemlerden biri oluyor. \ud83c\udf3f Fakat Provence\u2019\u0131 yaln\u0131zca lavanta tarlalar\u0131ndan ibaret d\u00fc\u015f\u00fcnmeyin. Gordes ve Roussillon gibi karakteristik yerle\u015fimleri ke\u015ffetmek, yerel pazarlara u\u011framak ve k\u00fc\u00e7\u00fck Provence k\u00f6yleri aras\u0131nda yolculuk yapmak da bu rotan\u0131n en keyifli par\u00e7alar\u0131 aras\u0131nda. \ud83d\udc9c\u2728<\/p>\n\n\n\n<p class=\"wp-block-paragraph\"><strong><a href=\"https:\/\/www.turna.com\/blog\/fransanin-en-guzel-kasabalari\" data-type=\"link\" data-id=\"https:\/\/www.turna.com\/blog\/fransanin-en-guzel-kasabalari\">Fransa\u2019n\u0131n En G\u00fczel Kasabalar\u0131: Kartpostallar\u0131 An\u0131msatan Rotalar<\/a><\/strong> i\u00e7eri\u011fimize g\u00f6z atarak g\u00f6z al\u0131c\u0131 Fransa kasabalar\u0131na uzanan bir ke\u015ffe \u00e7\u0131kabilirsiniz.<\/p>\n\n\n\n<h2 class=\"wp-block-heading\"><span class=\"ez-toc-section\" id=\"beyaz_santorini_yunanistan\"><\/span><strong>Beyaz \/ Santorini, Yunanistan<\/strong><span class=\"ez-toc-section-end\"><\/span><\/h2>\n\n\n\n<figure class=\"wp-block-image size-large\"><img decoding=\"async\" src=\"https:\/\/res.cloudinary.com\/turna\/image\/upload\/v1784798011\/wordpress-contents\/oia_26.jpg\" alt=\"\"\/><\/figure>\n\n\n\n<p class=\"wp-block-paragraph\">Beyaz badanal\u0131 evler, mavi kubbeler, darac\u0131k sokaklar ve sonsuzlu\u011fa do\u011fru uzanan masmavi Ege\u2026 \ud83e\udd0d Santorini\u2019nin d\u00fcnyaca \u00fcnl\u00fc renk paleti olduk\u00e7a sade ama bir o kadar etkileyici. \u00d6zellikle Oia ve Fira\u2019da yama\u00e7lara s\u0131ralanan beyaz yap\u0131lar, adan\u0131n volkanik co\u011frafyas\u0131yla g\u00fc\u00e7l\u00fc bir kontrast olu\u015fturuyor ve Santorini\u2019ye daha ilk bak\u0131\u015fta tan\u0131yaca\u011f\u0131n\u0131z o karakteristik g\u00f6r\u00fcn\u00fcm\u00fc kazand\u0131r\u0131yor.<\/p>\n\n\n\n<p class=\"wp-block-paragraph\">Adadaki beyaz badana gelene\u011finin ard\u0131nda ise yaln\u0131zca estetik kayg\u0131lar bulunmuyor. G\u00fcne\u015f \u0131\u015f\u0131\u011f\u0131n\u0131 yans\u0131tan beyaz y\u00fczeyler, s\u0131cak Ege g\u00fcnlerinde yap\u0131lar\u0131n daha serin kalmas\u0131na yard\u0131mc\u0131 oluyor. \u2600\ufe0f Santorini\u2019de bu ikonik manzaran\u0131n pe\u015finden Oia\u2019n\u0131n sokaklar\u0131nda dola\u015fabilir, Fira\u2019dan kalderay\u0131 izleyebilir ve beyaz evlerin aras\u0131ndan Ege\u2019ye a\u00e7\u0131lan k\u00fc\u00e7\u00fck seyir noktalar\u0131n\u0131 ke\u015ffedebilirsiniz. \ud83e\udd0d\ud83c\udf0a<\/p>\n\n\n\n<p class=\"wp-block-paragraph\"> <a href=\"https:\/\/www.turna.com\/otel\/yunanistan\"><strong>Yunanistan otelleri<\/strong><\/a><strong> <\/strong>kampanya ve f\u0131rsatlar\u0131na g\u00f6z atarak, Yunan adalar\u0131na uzanan unutulmaz bir ke\u015fif i\u00e7in ilk ad\u0131m\u0131 hemen \u015fimdi atabilirsiniz.&nbsp;\ud83d\udc99<\/p>\n\n\n\n<h2 class=\"wp-block-heading\"><span class=\"ez-toc-section\" id=\"kirmizi_kyoto_japonya\"><\/span><strong>K\u0131rm\u0131z\u0131 \/ Kyoto, Japonya<\/strong><span class=\"ez-toc-section-end\"><\/span><\/h2>\n\n\n\n<figure class=\"wp-block-image size-large\"><img decoding=\"async\" src=\"https:\/\/res.cloudinary.com\/turna\/image\/upload\/v1788253871\/wordpress-contents\/kyoto_g%C3%BCz.jpg\" alt=\"\"\/><\/figure>\n\n\n\n<p class=\"wp-block-paragraph\">Kyoto\u2019da k\u0131rm\u0131z\u0131 bazen bir tap\u0131na\u011f\u0131n kap\u0131s\u0131nda, bazen geleneksel bir yap\u0131n\u0131n detaylar\u0131nda, bazen de sonbaharla birlikte renk de\u011fi\u015ftiren a\u011fa\u00e7larda kar\u015f\u0131m\u0131za \u00e7\u0131k\u0131yor. \u2764\ufe0f Japonya\u2019n\u0131n k\u00fclt\u00fcrel miras\u0131yla \u00f6n plana \u00e7\u0131kan bu \u00f6zel \u015fehri, k\u0131rm\u0131z\u0131n\u0131n en g\u00fczel tonlar\u0131yla tan\u0131\u015fmak i\u00e7in do\u011fru durak. \u015eehrin simgelerinden Fushimi Inari Tap\u0131na\u011f\u0131\u2019nda art arda s\u0131ralanan binlerce torii kap\u0131s\u0131n\u0131n olu\u015fturdu\u011fu k\u0131z\u0131l koridor ise Kyoto\u2019nun haf\u0131zalara kaz\u0131nan ikonik g\u00f6r\u00fcnt\u00fcleri aras\u0131nda.<\/p>\n\n\n\n<p class=\"wp-block-paragraph\">Sonbahar geldi\u011finde \u015fehrin renk paleti daha da etkileyici bir hal al\u0131yor. \ud83c\udf41 Ak\u00e7aa\u011fa\u00e7lar\u0131n k\u0131rm\u0131z\u0131 ve turuncuya d\u00f6nen yapraklar\u0131 tap\u0131nak bah\u00e7elerini, y\u00fcr\u00fcy\u00fc\u015f yollar\u0131n\u0131 ve tarihi sokaklar\u0131 bamba\u015fka bir g\u00f6r\u00fcn\u00fcme kavu\u015fturuyor. Kiyomizu-dera ve Tofuku-ji gibi noktalar bu mevsimsel d\u00f6n\u00fc\u015f\u00fcm\u00fc izlemek i\u00e7in Kyoto\u2019nun en dikkat \u00e7ekici duraklar\u0131 aras\u0131nda bulunuyor. Bir de Fushimi Inari\u2019nin torii kap\u0131lar\u0131 aras\u0131nda y\u00fcr\u00fcy\u00fc\u015f\u00fc listenize eklerseniz, d\u00fcnya turumuzun k\u0131rm\u0131z\u0131 dura\u011f\u0131n\u0131n hakk\u0131n\u0131 fazlas\u0131yla vermi\u015f olacaks\u0131n\u0131z. \u2764\ufe0f\ud83c\udf41<\/p>\n\n\n\n<p class=\"wp-block-paragraph\">Bu \u00f6zel ke\u015ffi birbirinden iddial\u0131&nbsp;<a href=\"https:\/\/www.turna.com\/otel\/kyoto\" data-type=\"link\" data-id=\"https:\/\/www.turna.com\/otel\/kyoto\"><strong>Kyoto otelleri<\/strong>&nbsp;<\/a>ile ta\u00e7land\u0131rmak i\u00e7in Turna\u2019y\u0131 ziyaret etmeyi unutmay\u0131n.<\/p>\n\n\n\n<h2 class=\"wp-block-heading\"><span class=\"ez-toc-section\" id=\"turuncu_wadi_rum_urdun\"><\/span><strong>Turuncu \/ Wadi Rum, \u00dcrd\u00fcn<\/strong><span class=\"ez-toc-section-end\"><\/span><\/h2>\n\n\n\n<figure class=\"wp-block-image size-large\"><img decoding=\"async\" src=\"https:\/\/res.cloudinary.com\/turna\/image\/upload\/v1788254111\/wordpress-contents\/Wadi_Rum_%C3%9Crd%C3%BCn.jpg\" alt=\"\"\/><\/figure>\n\n\n\n<p class=\"wp-block-paragraph\">U\u00e7suz bucaks\u0131z \u00e7\u00f6l manzaralar\u0131, k\u0131z\u0131l kayal\u0131klar ve g\u00fcne\u015fle birlikte ton de\u011fi\u015ftiren kumlar\u2026 Wadi Rum\u2019da turuncu tonlar\u0131 manzaran\u0131n neredeyse tamam\u0131na hakim oluyor. \ud83e\udde1 \u00dcrd\u00fcn\u2019\u00fcn g\u00fcneyinde uzanan ve \u201cAy Vadisi\u201d olarak da bilinen bu etkileyici co\u011frafya; dev kumta\u015f\u0131 olu\u015fumlar\u0131, do\u011fal kemerleri ve geni\u015f d\u00fczl\u00fckleriyle d\u00fcnyan\u0131n en s\u0131ra d\u0131\u015f\u0131 \u00e7\u00f6l rotalar\u0131 aras\u0131nda yer al\u0131yor. Kumta\u015f\u0131 olu\u015fumlar\u0131 ve b\u00f6lgenin mineral yap\u0131s\u0131 ise Wadi Rum\u2019a k\u0131rm\u0131z\u0131dan turuncuya, sar\u0131dan kahverengiye uzanan kendine has renklerini kazand\u0131r\u0131yor.<\/p>\n\n\n\n<p class=\"wp-block-paragraph\">Wadi Rum\u2019u ke\u015ffetmenin en keyifli yollar\u0131ndan biri, arazi ara\u00e7lar\u0131yla d\u00fczenlenen turlara kat\u0131larak vadinin farkl\u0131 noktalar\u0131na ula\u015fmak oluyor. \ud83d\ude99 Do\u011fal kaya k\u00f6pr\u00fclerini g\u00f6rebilir, kanyonlar aras\u0131nda y\u00fcr\u00fcyebilir ve g\u00fcn\u00fcn sonunda \u00e7\u00f6l\u00fcn en etkileyici anlar\u0131ndan birine yani g\u00fcn bat\u0131m\u0131na \u015fans verebilirsiniz. G\u00fcne\u015f al\u00e7ald\u0131k\u00e7a turuncu tonlar koyula\u015f\u0131yor, kayal\u0131klar k\u0131z\u0131l renklere b\u00fcr\u00fcn\u00fcyor. Rengarenk d\u00fcnya turumuzda turuncunun hakk\u0131n\u0131 verecek bir yer ar\u0131yorsak, Wadi Rum bu konuda bir hayli iddial\u0131. \ud83e\udde1\u2728<\/p>\n\n\n\n<p class=\"wp-block-paragraph\">\ud83d\udddd\ufe0fKeyifli bir seyahat plan\u0131 yap\u0131yorsan\u0131z ve otel f\u0131rsatlar\u0131na g\u00f6z atmak istiyorsan\u0131z tek yapman\u0131z gereken <a href=\"https:\/\/www.turna.com\/kampanyalar\/otel\"><strong>otel kampanyalar\u0131<\/strong><\/a> sayfam\u0131z\u0131 ziyaret etmek. Pratik ve ekonomik bir seyahat plan\u0131 i\u00e7in otelinizi Turna avantajlar\u0131yla se\u00e7in.\ud83d\udc9b<\/p>\n\n\n\n<h2 class=\"wp-block-heading\"><span class=\"ez-toc-section\" id=\"turkuaz_oludeniz_turkiye\"><\/span><strong>Turkuaz \/ \u00d6l\u00fcdeniz, T\u00fcrkiye<\/strong><span class=\"ez-toc-section-end\"><\/span><\/h2>\n\n\n\n<figure class=\"wp-block-image size-large\"><img decoding=\"async\" src=\"https:\/\/res.cloudinary.com\/turna\/image\/upload\/v1788254919\/wordpress-contents\/oludeniz_26.jpg\" alt=\"\"\/><\/figure>\n\n\n\n<p class=\"wp-block-paragraph\">Rengarenk d\u00fcnya turunun finalinde s\u0131ra turkuazda ve bu renk i\u00e7in \u00e7ok uza\u011fa gitmeye gerek yok. \ud83e\ude75 Fethiye\u2019nin en \u00f6zel k\u00f6\u015felerinden \u00d6l\u00fcdeniz, yemye\u015fil da\u011flar\u0131n aras\u0131nda uzanan berrak sular\u0131 ve ikonik lag\u00fcn\u00fcyle T\u00fcrkiye\u2019nin haf\u0131zalara kaz\u0131nan manzaralar\u0131ndan birine ev sahipli\u011fi yap\u0131yor. Maviden ye\u015file uzanan tonlar\u0131n g\u00fcne\u015f \u0131\u015f\u0131\u011f\u0131yla s\u00fcrekli de\u011fi\u015fti\u011fi bu k\u0131y\u0131da, turkuaz manzaran\u0131n tart\u0131\u015fmas\u0131z ba\u015frol\u00fc oluyor.<\/p>\n\n\n\n<p class=\"wp-block-paragraph\">\u00d6l\u00fcdeniz\u2019in renklerini en etkileyici haliyle g\u00f6rmek i\u00e7in manzaraya biraz yukar\u0131dan bakmak gerekiyor. Babada\u011f\u2019dan s\u00fcz\u00fclen yama\u00e7 para\u015f\u00fctleri, turkuaz lag\u00fcn ile Akdeniz\u2019in bulu\u015ftu\u011fu o me\u015fhur manzaray\u0131 ku\u015f bak\u0131\u015f\u0131 izleme imkan\u0131 sunuyor. \ud83e\ude82 Daha sakin bir ke\u015fif i\u00e7in sahilde uzun bir g\u00fcn ge\u00e7irebilir, tekne turlar\u0131yla \u00e7evredeki koylara uzanabilir ya da Likya Yolu\u2019nun b\u00f6lgedeki parkurlar\u0131nda y\u00fcr\u00fcyebilirsiniz. \ud83c\udf0a\ud83e\ude75\u2728<\/p>\n\n\n\n<p class=\"wp-block-paragraph\"><strong>Turna Mavisi \u2014 Yeni Rotalara \u00c7a\u011f\u0131ran Mavinin En G\u00fczel Tonu \ud83d\udc99<\/strong><\/p>\n\n\n\n<p class=\"wp-block-paragraph\">D\u00fcnya maviden pembeye, ye\u015filden turuncuya ke\u015ffedilecek say\u0131s\u0131z renkle dolu. Peki s\u0131radaki yolculu\u011funuz sizi hangi renkle bulu\u015ftursun? \ud83c\udfa8 Cevab\u0131n\u0131z ne olursa olsun, yeni rotalara uzanan yolculu\u011funuzda Turna mavisi size e\u015flik etmeye haz\u0131r. \ud83d\udc99 <strong><a href=\"https:\/\/www.turna.com\/ucak-bileti\" data-type=\"link\" data-id=\"https:\/\/www.turna.com\/ucak-bileti\">U\u00e7ak biletinden<\/a><\/strong> otele, <strong><a href=\"https:\/\/www.turna.com\/arac-kiralama\" data-type=\"link\" data-id=\"https:\/\/www.turna.com\/arac-kiralama\">ara\u00e7 kiralamadan<\/a><\/strong> feribot biletine uzanan seyahat se\u00e7eneklerini avantajl\u0131 f\u0131rsatlarla ke\u015ffedin; rotan\u0131z\u0131 belirleyin ve yeni maceralara do\u011fru yola \u00e7\u0131k\u0131n. \u2708\ufe0f\ud83c\udf0d<\/p>\n\n\n\n<p class=\"wp-block-paragraph\"><strong><a href=\"https:\/\/www.turna.com\/blog\/en-buyuleyici-10-botanik-bahcesi\" data-type=\"link\" data-id=\"https:\/\/www.turna.com\/blog\/en-buyuleyici-10-botanik-bahcesi\">D\u00fcnyan\u0131n D\u00f6rt Bir Yan\u0131ndan En B\u00fcy\u00fcleyici 10 Botanik Bah\u00e7esi <\/a><\/strong>i\u00e7eri\u011fimiz ile ke\u015ffinize h\u0131z kesmeden devam edebilirsiniz.<\/p>\n\n    <div class=\"xs_social_share_widget xs_share_url after_content \t\tmain_content  wslu-style-1 wslu-share-box-shaped wslu-fill-colored wslu-none wslu-share-horizontal wslu-theme-font-no wslu-main_content\">\n\n\t\t\n        <ul>\n\t\t\t        <\/ul>\n    <\/div> \n","protected":false},"excerpt":{"rendered":"<p>D\u00fcnyay\u0131 ke\u015ffetmenin say\u0131s\u0131z yolu var. Bu kez pusulam\u0131z\u0131 bir kenara b\u0131rak\u0131yor, rotam\u0131z\u0131 renklerin pe\u015finden \u00e7iziyoruz. \u00c7\u00fcnk\u00fc baz\u0131 \u015fehirleri isimlerinden \u00f6nce renkleriyle hat\u0131rl\u0131yoruz. Chefchaouen\u2019in masmavi sokaklar\u0131, Jaipur\u2019un pembeye b\u00fcr\u00fcnen tarihi merkezi, Provence\u2019\u0131n g\u00f6z al\u0131c\u0131 mor tarlalar\u0131\u2026 D\u00fcnyan\u0131n d\u00f6rt bir yan\u0131nda renkler kimi zaman bir \u015fehrin hikayesini anlat\u0131yor, kimi zaman do\u011fan\u0131n en g\u00fczel s\u00fcrprizlerinden birine d\u00f6n\u00fc\u015f\u00fcyor. \ud83d\udc99\ud83c\udf3f [&hellip;]<\/p>\n","protected":false},"author":44,"featured_media":26015,"comment_status":"open","ping_status":"open","sticky":false,"template":"","format":"standard","meta":{"rop_custom_images_group":[],"rop_custom_messages_group":[],"rop_publish_now":"initial","rop_publish_now_accounts":[],"rop_publish_now_history":[],"rop_publish_now_status":"pending","_cloudinary_featured_overwrite":false,"footnotes":""},"categories":[1],"tags":[273,857,379,409,616,380,5619,412,10],"class_list":["post-26014","post","type-post","status-publish","format-standard","has-post-thumbnail","hentry","category-seyahat-rehberi","tag-endonezya-id","tag-fas","tag-fransa","tag-hindistan","tag-japonya","tag-turkiye","tag-urdun-2","tag-vietnam","tag-yunanistan"],"_links":{"self":[{"href":"https:\/\/www.turna.com\/blog\/wp-json\/wp\/v2\/posts\/26014","targetHints":{"allow":["GET"]}}],"collection":[{"href":"https:\/\/www.turna.com\/blog\/wp-json\/wp\/v2\/posts"}],"about":[{"href":"https:\/\/www.turna.com\/blog\/wp-json\/wp\/v2\/types\/post"}],"author":[{"embeddable":true,"href":"https:\/\/www.turna.com\/blog\/wp-json\/wp\/v2\/users\/44"}],"replies":[{"embeddable":true,"href":"https:\/\/www.turna.com\/blog\/wp-json\/wp\/v2\/comments?post=26014"}],"version-history":[{"count":0,"href":"https:\/\/www.turna.com\/blog\/wp-json\/wp\/v2\/posts\/26014\/revisions"}],"wp:featuredmedia":[{"embeddable":true,"href":"https:\/\/www.turna.com\/blog\/wp-json\/wp\/v2\/media\/26015"}],"wp:attachment":[{"href":"https:\/\/www.turna.com\/blog\/wp-json\/wp\/v2\/media?parent=26014"}],"wp:term":[{"taxonomy":"category","embeddable":true,"href":"https:\/\/www.turna.com\/blog\/wp-json\/wp\/v2\/categories?post=26014"},{"taxonomy":"post_tag","embeddable":true,"href":"https:\/\/www.turna.com\/blog\/wp-json\/wp\/v2\/tags?post=26014"}],"curies":[{"name":"wp","href":"https:\/\/api.w.org\/{rel}","templated":true}]}}