{"id":26008,"date":"2026-08-28T16:51:41","date_gmt":"2026-08-28T13:51:41","guid":{"rendered":"https:\/\/www.turna.com\/blog\/?p=26008"},"modified":"2026-08-28T16:51:44","modified_gmt":"2026-08-28T13:51:44","slug":"barselonada-nerede-kalinir","status":"publish","type":"post","link":"https:\/\/www.turna.com\/blog\/barselonada-nerede-kalinir","title":{"rendered":"Barselona\u2019da Nerede Kal\u0131n\u0131r? Gothic Quarter m\u0131, Eixample m\u0131?"},"content":{"rendered":"<div id=\"ez-toc-container\" class=\"ez-toc-v2_0_87 counter-hierarchy ez-toc-counter ez-toc-black ez-toc-container-direction\">\n<div class=\"ez-toc-title-container\">\n<p class=\"ez-toc-title\" style=\"cursor:inherit\">\u0130\u00e7indekiler<\/p>\n<span class=\"ez-toc-title-toggle\"><a href=\"#\" class=\"ez-toc-pull-right ez-toc-btn ez-toc-btn-xs ez-toc-btn-default ez-toc-toggle\" aria-label=\"\u0130\u00e7indekiler Tablosunu A\u00e7\/Kapat\"><span class=\"ez-toc-js-icon-con\"><span class=\"\"><span class=\"eztoc-hide\" style=\"display:none;\">Toggle<\/span><span class=\"ez-toc-icon-toggle-span\"><svg style=\"fill: #ffffff;color:#ffffff\" xmlns=\"http:\/\/www.w3.org\/2000\/svg\" class=\"list-377408\" width=\"20px\" height=\"20px\" viewBox=\"0 0 24 24\" fill=\"none\"><path d=\"M6 6H4v2h2V6zm14 0H8v2h12V6zM4 11h2v2H4v-2zm16 0H8v2h12v-2zM4 16h2v2H4v-2zm16 0H8v2h12v-2z\" fill=\"currentColor\"><\/path><\/svg><svg style=\"fill: #ffffff;color:#ffffff\" class=\"arrow-unsorted-368013\" xmlns=\"http:\/\/www.w3.org\/2000\/svg\" width=\"10px\" height=\"10px\" viewBox=\"0 0 24 24\" version=\"1.2\" baseProfile=\"tiny\"><path d=\"M18.2 9.3l-6.2-6.3-6.2 6.3c-.2.2-.3.4-.3.7s.1.5.3.7c.2.2.4.3.7.3h11c.3 0 .5-.1.7-.3.2-.2.3-.5.3-.7s-.1-.5-.3-.7zM5.8 14.7l6.2 6.3 6.2-6.3c.2-.2.3-.5.3-.7s-.1-.5-.3-.7c-.2-.2-.4-.3-.7-.3h-11c-.3 0-.5.1-.7.3-.2.2-.3.5-.3.7s.1.5.3.7z\"\/><\/svg><\/span><\/span><\/span><\/a><\/span><\/div>\n<nav><ul class='ez-toc-list ez-toc-list-level-1 eztoc-toggle-hide-by-default' ><li class='ez-toc-page-1 ez-toc-heading-level-2'><a class=\"ez-toc-link ez-toc-heading-1\" href=\"https:\/\/www.turna.com\/blog\/barselonada-nerede-kalinir\/#gothic_quarterda_konaklamanin_artilari_ve_eksileri\" >Gothic Quarter\u2019da Konaklaman\u0131n Art\u0131lar\u0131 ve Eksileri<\/a><\/li><li class='ez-toc-page-1 ez-toc-heading-level-2'><a class=\"ez-toc-link ez-toc-heading-2\" href=\"https:\/\/www.turna.com\/blog\/barselonada-nerede-kalinir\/#eixampleda_konaklamanin_artilari_ve_eksileri\" >Eixample\u2019da Konaklaman\u0131n Art\u0131lar\u0131 ve Eksileri<\/a><\/li><li class='ez-toc-page-1 ez-toc-heading-level-2'><a class=\"ez-toc-link ez-toc-heading-3\" href=\"https:\/\/www.turna.com\/blog\/barselonada-nerede-kalinir\/#barselonada_farkli_atmosferler_sunan_konaklama_bolgeleri\" >Barselona\u2019da Farkl\u0131 Atmosferler Sunan Konaklama B\u00f6lgeleri<\/a><\/li><li class='ez-toc-page-1 ez-toc-heading-level-2'><a class=\"ez-toc-link ez-toc-heading-4\" href=\"https:\/\/www.turna.com\/blog\/barselonada-nerede-kalinir\/#barselonada_denize_yakin_nerede_kalinir\" >Barselona\u2019da Denize Yak\u0131n Nerede Kal\u0131n\u0131r?<\/a><\/li><li class='ez-toc-page-1 ez-toc-heading-level-2'><a class=\"ez-toc-link ez-toc-heading-5\" href=\"https:\/\/www.turna.com\/blog\/barselonada-nerede-kalinir\/#barselonada_nerede_kalinir_gothic_quarter_mi_eixample_mi\" >Barselona\u2019da Nerede Kal\u0131n\u0131r?: Gothic Quarter m\u0131, Eixample m\u0131?<\/a><\/li><li class='ez-toc-page-1 ez-toc-heading-level-2'><a class=\"ez-toc-link ez-toc-heading-6\" href=\"https:\/\/www.turna.com\/blog\/barselonada-nerede-kalinir\/#barselona_seyahati_icin_ipuclari_ve_oneriler\" >Barselona Seyahati \u0130\u00e7in \u0130pu\u00e7lar\u0131 ve \u00d6neriler<\/a><\/li><\/ul><\/nav><\/div>\n\n<p class=\"wp-block-paragraph\">Sagrada Familia, Gaudi\u2019nin renkli d\u00fcnyas\u0131, Akdeniz k\u0131y\u0131lar\u0131, tapas duraklar\u0131 ve g\u00fcn\u00fcn her saati ya\u015fayan sokaklar\u2026 Barselona daha ilk ad\u0131mda ke\u015ffedilecek say\u0131s\u0131z g\u00fczellik sunan \u015fehirlerden biri. \ud83d\udc83 \u015eimdi bu renkli \u015fehre uzanan seyahatinizi planlarken s\u0131rada \u00e7ok \u00f6nemli bir karar var: Nerede kalacaks\u0131n\u0131z? \u00c7\u00fcnk\u00fc Barselona\u2019da konaklayaca\u011f\u0131n\u0131z b\u00f6lge, \u015fehirde ya\u015fayaca\u011f\u0131n\u0131z deneyimin havas\u0131n\u0131 tamamen de\u011fi\u015ftirebiliyor.\u00a0 Bu destinasyonda Gothic Quarter\u2019\u0131n dar sokaklar\u0131nda tarihin izlerini takip etmek, Eixample\u2019\u0131n geni\u015f bulvarlar\u0131nda Gaudi eserlerine kom\u015fu olmak ya da g\u00fcne Akdeniz k\u0131y\u0131s\u0131nda ba\u015flamak m\u00fcmk\u00fcn. Peki sizin Barselona hayalinize hangi b\u00f6lge daha uygun? Haz\u0131rsan\u0131z, Barselona\u2019n\u0131n en sevilen konaklama b\u00f6lgelerini birlikte ke\u015ffedelim.<\/p>\n\n\n\n<h2 class=\"wp-block-heading\"><span class=\"ez-toc-section\" id=\"gothic_quarterda_konaklamanin_artilari_ve_eksileri\"><\/span><strong>Gothic Quarter\u2019da Konaklaman\u0131n Art\u0131lar\u0131 ve Eksileri<\/strong><span class=\"ez-toc-section-end\"><\/span><\/h2>\n\n\n\n<figure class=\"wp-block-image size-large\"><img decoding=\"async\" src=\"https:\/\/res.cloudinary.com\/turna\/image\/upload\/v1787918119\/wordpress-contents\/Gothic_Quarter.webp\" alt=\"\"\/><\/figure>\n\n\n\n<p class=\"wp-block-paragraph\">Barselona\u2019n\u0131n tarihi kalbinde yer alan Gothic Quarter, \u00f6zellikle \u015fehri ilk kez ziyaret edenler i\u00e7in en avantajl\u0131 konaklama b\u00f6lgeleri aras\u0131nda yer al\u0131yor. Bu b\u00f6lge darac\u0131k sokaklar\u0131, k\u00fc\u00e7\u00fck meydanlar\u0131 ve Orta \u00c7a\u011f\u2019dan izler ta\u015f\u0131yan yap\u0131lar\u0131yla olduk\u00e7a karakteristik bir atmosfere sahip. Barselona Katedrali, Pla\u00e7a de Sant Jaume ve Pla\u00e7a Reial gibi \u00f6nemli cazibe duraklar\u0131 bu b\u00f6lgenin i\u00e7inde yer al\u0131yor. B\u00f6lgede La Rambla, El Born ve sahil taraf\u0131na y\u00fcr\u00fcyerek ula\u015fmak m\u00fcmk\u00fcn oluyor. Bence b\u00f6lgenin en g\u00fczel yan\u0131 da bu; otelinizden \u00e7\u0131kt\u0131\u011f\u0131n\u0131z anda kendinizi do\u011frudan Barselona\u2019n\u0131n tarihi merkezinde buluyorsunuz.<\/p>\n\n\n\n<p class=\"wp-block-paragraph\">Elbette bu merkezi konumun baz\u0131 dezavantajlar\u0131 var. \ud83d\ude42Gothic Quarter \u00f6zellikle y\u00fcksek sezonda olduk\u00e7a kalabal\u0131k olabiliyor. Dar sokaklar nedeniyle valizle ula\u015f\u0131m zaman zaman zorlay\u0131c\u0131 olabiliyor. \u00d6te yandan Pla\u00e7a Reial ve La Rambla\u2019ya yak\u0131n noktalar geceleri bir hayli g\u00fcr\u00fclt\u00fcl\u00fc olabiliyor. Bu nedenle otel se\u00e7erken yaln\u0131zca b\u00f6lgeye de\u011fil, bulundu\u011fu soka\u011fa da dikkat etmenizde fayda var. Ayr\u0131ca turistik ve kalabal\u0131k noktalarda ki\u015fisel e\u015fyalar konusunda tedbirli olmak da bir di\u011fer \u00f6nemli husus.<\/p>\n\n\n\n<p class=\"wp-block-paragraph\"><a href=\"https:\/\/www.turna.com\/ucak-bileti\/barcelona\" data-type=\"link\" data-id=\"https:\/\/www.turna.com\/ucak-bileti\/barcelona\"><strong>Barselona<\/strong> <strong>u\u00e7ak bileti<\/strong> <\/a>se\u00e7eneklerini Turna avantajlar\u0131yla ke\u015ffedin.\u2708\ufe0f\ud83e\ude75<\/p>\n\n\n\n<h2 class=\"wp-block-heading\"><span class=\"ez-toc-section\" id=\"eixampleda_konaklamanin_artilari_ve_eksileri\"><\/span><strong>Eixample\u2019da Konaklaman\u0131n Art\u0131lar\u0131 ve Eksileri<\/strong><span class=\"ez-toc-section-end\"><\/span><\/h2>\n\n\n\n<figure class=\"wp-block-image size-large\"><img decoding=\"async\" src=\"https:\/\/res.cloudinary.com\/turna\/image\/upload\/v1787918119\/wordpress-contents\/Eixample.webp\" alt=\"\"\/><\/figure>\n\n\n\n<p class=\"wp-block-paragraph\">Barselona\u2019n\u0131n daha d\u00fczenli bir b\u00f6lgesini ve modern y\u00fcz\u00fcn\u00fc ke\u015ffetmek isteyenler i\u00e7in Eixample olduk\u00e7a g\u00fc\u00e7l\u00fc bir konaklama alternatifi. Geni\u015f bulvarlar\u0131 ve karakteristik sekizgen yap\u0131 adalar\u0131yla Gothic Quarter\u2019\u0131n dar sokaklar\u0131ndan tamamen farkl\u0131 bir \u015fehir deneyimi vadediyor. \u00dcstelik Sagrada Familia, Casa Batllo ve La Pedrera gibi Gaudi\u2019nin en \u00fcnl\u00fc eserlerinden baz\u0131lar\u0131 bu b\u00f6lgede konumlan\u0131yor. Passeig de Gracia \u00e7evresindeki restoranlar, kafeler ve ma\u011fazalar da b\u00f6lgeyi g\u00fcn\u00fcn b\u00fcy\u00fck b\u00f6l\u00fcm\u00fcnde hareketli tutuyor. Bence Eixample\u2019\u0131n en b\u00fcy\u00fck avantaj\u0131, merkezi konumdan vazge\u00e7meden biraz daha ferah ve d\u00fczenli bir b\u00f6lgede konaklama imkan\u0131 sunmas\u0131.<\/p>\n\n\n\n<p class=\"wp-block-paragraph\">Eixample olduk\u00e7a geni\u015f bir alana yay\u0131ld\u0131\u011f\u0131 i\u00e7in otel se\u00e7erken konuma dikkat etmek \u00f6nemli. Gothic Quarter\u2019\u0131n tarihi atmosferini kap\u0131n\u0131zdan \u00e7\u0131kar \u00e7\u0131kmaz hissetmek ya da sahile birka\u00e7 dakikada y\u00fcr\u00fcmek istiyorsan\u0131z bu b\u00f6lge beklentinizi tam olarak kar\u015f\u0131lamayabilir. Bununla birlikte metro ba\u011flant\u0131lar\u0131n\u0131n g\u00fc\u00e7l\u00fc olmas\u0131 \u015fehrin farkl\u0131 noktalar\u0131na ula\u015fmay\u0131 olduk\u00e7a kolayla\u015ft\u0131r\u0131yor.&nbsp;<\/p>\n\n\n\n<h2 class=\"wp-block-heading\"><span class=\"ez-toc-section\" id=\"barselonada_farkli_atmosferler_sunan_konaklama_bolgeleri\"><\/span><strong>Barselona\u2019da Farkl\u0131 Atmosferler Sunan Konaklama B\u00f6lgeleri<\/strong><span class=\"ez-toc-section-end\"><\/span><\/h2>\n\n\n\n<figure class=\"wp-block-image size-full is-resized\"><img width=\"800\" height=\"500\" data-public-id=\"La-Sagrada-Familia_rclj6h\/La-Sagrada-Familia_rclj6h.jpg\" fetchpriority=\"high\" decoding=\"async\" src=\"https:\/\/res.cloudinary.com\/turna\/images\/w_800,h_500,c_scale\/f_auto,q_auto:low\/v1477159363\/La-Sagrada-Familia_rclj6h\/La-Sagrada-Familia_rclj6h.jpg?_i=AA\" alt=\"\" class=\"wp-post-26008 wp-image-4940\" style=\"width:1200px;height:auto\" data-format=\"jpg\" data-transformations=\"f_auto,q_auto:low\" data-version=\"1477159363\" data-seo=\"1\" srcset=\"https:\/\/res.cloudinary.com\/turna\/images\/f_auto,q_auto:low\/v1477159363\/La-Sagrada-Familia_rclj6h\/La-Sagrada-Familia_rclj6h.jpg?_i=AA 800w, https:\/\/res.cloudinary.com\/turna\/images\/w_300,h_188,c_scale\/f_auto,q_auto:low\/v1477159363\/La-Sagrada-Familia_rclj6h\/La-Sagrada-Familia_rclj6h.jpg?_i=AA 300w, https:\/\/res.cloudinary.com\/turna\/images\/w_672,h_420,c_scale\/f_auto,q_auto:low\/v1477159363\/La-Sagrada-Familia_rclj6h\/La-Sagrada-Familia_rclj6h.jpg?_i=AA 672w, https:\/\/res.cloudinary.com\/turna\/images\/w_640,h_400,c_scale\/f_auto,q_auto:low\/v1477159363\/La-Sagrada-Familia_rclj6h\/La-Sagrada-Familia_rclj6h.jpg?_i=AA 640w, https:\/\/res.cloudinary.com\/turna\/images\/w_681,h_426,c_scale\/f_auto,q_auto:low\/v1477159363\/La-Sagrada-Familia_rclj6h\/La-Sagrada-Familia_rclj6h.jpg?_i=AA 681w\" sizes=\"(max-width: 800px) 100vw, 800px\" \/><\/figure>\n\n\n\n<p class=\"wp-block-paragraph\">Gothic Quarter ve Eixample, Barselona\u2019da konaklama denince ilk \u00f6n plana \u00e7\u0131kan se\u00e7enekler olsa da \u015fehir bu iki b\u00f6lgeden \u00e7ok daha fazlas\u0131n\u0131 sunuyor. \u00d6rne\u011fin tarihi dokudan kopmadan daha hareketli ve yarat\u0131c\u0131 bir atmosfer ar\u0131yorsan\u0131z El Born olduk\u00e7a keyifli bir alternatif&nbsp; sunuyor. Picasso M\u00fczesi, Santa Maria del Mar Bazilikas\u0131 ve Ciutadella Park\u0131\u2019na yak\u0131n olan b\u00f6lge; k\u00fc\u00e7\u00fck tasar\u0131m ma\u011fazalar\u0131, kafeleri ve ak\u015fam saatlerinde hareketlenen sokaklar\u0131yla \u00f6zellikle \u015fehri y\u00fcr\u00fcyerek ke\u015ffetmeyi sevenlere hitap ediyor. Gothic Quarter\u2019a olduk\u00e7a yak\u0131n olmas\u0131na ra\u011fmen bence El Born\u2019un havas\u0131 biraz daha gen\u00e7 ve canl\u0131.<\/p>\n\n\n\n<p class=\"wp-block-paragraph\">Barselona\u2019n\u0131n mahalle ya\u015fam\u0131n\u0131 daha yak\u0131ndan g\u00f6rmek isteyenler ise Gracia taraf\u0131na g\u00f6z atabilir. Bir d\u00f6nem \u015fehirden ayr\u0131 bir yerle\u015fim olan Gracia, bug\u00fcn k\u00fc\u00e7\u00fck meydanlar\u0131, lokal kafeleri ve ba\u011f\u0131ms\u0131z ma\u011fazalar\u0131yla merkezdeki turistik hareketlilikten biraz uzakla\u015fmak isteyenler i\u00e7in en do\u011fru tercih. Park G\u00fcell\u2019e yak\u0131n olmas\u0131 \u00f6nemli bir avantaj ancak La Rambla ve sahil \u00e7evresine y\u00fcr\u00fcyerek ula\u015fmak i\u00e7in pek ideal de\u011fil. Buna kar\u015f\u0131l\u0131k metro ba\u011flant\u0131lar\u0131 sayesinde merkeze ula\u015f\u0131m olduk\u00e7a kolay. Ben Barselona\u2019da birka\u00e7 g\u00fcnden uzun kalacak olsam Gracia\u2019y\u0131 se\u00e7enekler aras\u0131na mutlaka eklerdim.<\/p>\n\n\n\n<p class=\"wp-block-paragraph\"><strong><a href=\"https:\/\/www.turna.com\/otel\/ispanya\" data-type=\"link\" data-id=\"https:\/\/www.turna.com\/otel\/ispanya\">\u0130spanya otelleri<\/a>\u00a0<\/strong>kampanya ve f\u0131rsatlar\u0131na g\u00f6z atarak, bu rotaya uzanan unutulmaz bir ke\u015fif i\u00e7in ilk ad\u0131m\u0131 hemen \u015fimdi atabilirsiniz. \ud83c\udf0d\ud83e\ude75 <\/p>\n\n\n\n<h2 class=\"wp-block-heading\"><span class=\"ez-toc-section\" id=\"barselonada_denize_yakin_nerede_kalinir\"><\/span><strong>Barselona\u2019da Denize Yak\u0131n Nerede Kal\u0131n\u0131r?<\/strong><span class=\"ez-toc-section-end\"><\/span><\/h2>\n\n\n\n<figure class=\"wp-block-image size-large\"><img decoding=\"async\" src=\"https:\/\/res.cloudinary.com\/turna\/image\/upload\/v1787918113\/wordpress-contents\/barselona_deniz.jpg\" alt=\"\"\/><\/figure>\n\n\n\n<p class=\"wp-block-paragraph\">Barselona\u2019da \u015fehir ke\u015ffinin aras\u0131na biraz deniz havas\u0131 eklemek istiyorsan\u0131z konaklama i\u00e7in sahil hatt\u0131na y\u00f6nelebilirsiniz. Bu noktada akla ilk gelen b\u00f6lge Barceloneta. Barseloneta Plaj\u0131\u2019na birka\u00e7 dakikada ula\u015fabilmek, sabah sahilde y\u00fcr\u00fcy\u00fc\u015f yapmak ve ak\u015fam\u0131 deniz kenar\u0131nda tamamlamak b\u00f6lgenin en avantajl\u0131 taraflar\u0131 aras\u0131nda. \u00dcstelik Gothic Quarter ve El Born\u2019a yak\u0131n konumu sayesinde tarihi merkezden tamamen uzakla\u015fmadan denize kom\u015fu olmak da m\u00fcmk\u00fcn. Bence hem \u015fehir gezmek hem de f\u0131rsat bulduk\u00e7a kendini sahile atmak isteyenler i\u00e7in bu b\u00f6lge olduk\u00e7a keyifli bir denge sunuyor.<\/p>\n\n\n\n<p class=\"wp-block-paragraph\">Daha sakin bir sahil deneyimi i\u00e7in Poblenou ve \u00e7evresindeki Bogatell ile Mar Bella plajlar\u0131na yak\u0131n konaklama se\u00e7enekleri de\u011ferlendirilebilir. Poblenou, Barceloneta\u2019n\u0131n yo\u011fun turist hareketlili\u011fine k\u0131yasla daha lokal ve rahat bir atmosfere sahip. \u00d6zellikle yaz aylar\u0131nda denizi tatilin \u00f6nemli bir par\u00e7as\u0131 haline getirmek isteyenler i\u00e7in g\u00fczel bir alternatif.<\/p>\n\n\n\n<p class=\"wp-block-paragraph\"><strong><a href=\"https:\/\/www.turna.com\/blog\/barselona-gezilecek-yerler\" data-type=\"link\" data-id=\"https:\/\/www.turna.com\/blog\/barselona-gezilecek-yerler\">Barselona Gezilecek Yerler<\/a><\/strong> i\u00e7eri\u011fimize g\u00f6z atarak bu renkli destinasyona dair daha detayl\u0131 bilgi sahibi olabilirsiniz.<\/p>\n\n\n\n<h2 class=\"wp-block-heading\"><span class=\"ez-toc-section\" id=\"barselonada_nerede_kalinir_gothic_quarter_mi_eixample_mi\"><\/span><strong>Barselona\u2019da Nerede Kal\u0131n\u0131r?: Gothic Quarter m\u0131, Eixample m\u0131?<\/strong><span class=\"ez-toc-section-end\"><\/span><\/h2>\n\n\n\n<figure class=\"wp-block-image size-large\"><img decoding=\"async\" src=\"https:\/\/res.cloudinary.com\/turna\/image\/upload\/v1787919500\/wordpress-contents\/barcelona_genel.jpg\" alt=\"\"\/><\/figure>\n\n\n\n<p class=\"wp-block-paragraph\">Gothic Quarter ve Eixample aras\u0131nda se\u00e7im yapmadan \u00f6nce nas\u0131l bir Barselona deneyimi istedi\u011finize karar vermeniz gerekiyor. \u015eehri ilk kez ziyaret ediyor, tarihi sokaklar\u0131n tam ortas\u0131nda olmak ve La Rambla, El Born, katedral \u00e7evresi gibi noktalara y\u00fcr\u00fcyerek ula\u015fmak istiyorsan\u0131z Gothic Quarter sizin i\u00e7in daha cazip bir se\u00e7enek olabilir. \u00d6zellikle k\u0131sa s\u00fcreli seyahatlerde otelden \u00e7\u0131kar \u00e7\u0131kmaz ke\u015ffe ba\u015flayabilmek bence \u00f6nemli bir avantaj. Bunun kar\u015f\u0131l\u0131\u011f\u0131nda kalabal\u0131k, hareketli sokaklar ve zaman zaman g\u00fcr\u00fclt\u00fcyle kar\u015f\u0131la\u015fabilece\u011finizi de hesaba katmal\u0131s\u0131n\u0131z.&nbsp;<\/p>\n\n\n\n<p class=\"wp-block-paragraph\">Daha ferah bir \u015fehir deneyimi, g\u00fc\u00e7l\u00fc ula\u015f\u0131m ba\u011flant\u0131lar\u0131 ve modern konaklama se\u00e7enekleri ar\u0131yorsan\u0131z Eixample bir ad\u0131m \u00f6ne \u00e7\u0131k\u0131yor. Sagrada Familia, Casa Batllo ve La Pedrera gibi Barselona\u2019n\u0131n simge yap\u0131lar\u0131na yak\u0131n olmak da cabas\u0131. Ben tarihi atmosferi \u00f6nceliklendirenlere Gothic Quarter\u2019\u0131; konfor, ula\u015f\u0131m ve daha d\u00fczenli bir \u00e7evre arayanlara ise Eixample\u2019\u0131 \u00f6neririm.<\/p>\n\n\n\n<h2 class=\"wp-block-heading\"><span class=\"ez-toc-section\" id=\"barselona_seyahati_icin_ipuclari_ve_oneriler\"><\/span><strong>Barselona Seyahati \u0130\u00e7in \u0130pu\u00e7lar\u0131 ve \u00d6neriler<\/strong><span class=\"ez-toc-section-end\"><\/span><\/h2>\n\n\n\n<p class=\"wp-block-paragraph\">\ud83c\udfdb\ufe0f <strong>Mutlaka g\u00f6r\u00fcn:<\/strong> Sagrada Fam\u00edlia, Park G\u00fcell, Casa Batllo ve La Pedrera Barselona\u2019n\u0131n Gaud\u00ed imzas\u0131n\u0131 ta\u015f\u0131yan en \u00f6nemli duraklar\u0131 aras\u0131nda. Gothic Quarter\u2019\u0131n ara sokaklar\u0131nda kaybolmaya ve El Born\u2019u y\u00fcr\u00fcyerek ke\u015ffetmeye de mutlaka zaman ay\u0131rmal\u0131s\u0131n\u0131z.<\/p>\n\n\n\n<p class=\"wp-block-paragraph\">\ud83e\udd58 <strong>Mutlaka deneyin:<\/strong> Tapas ve patatas bravas ile ba\u015flay\u0131p Katalan mutfa\u011f\u0131n\u0131n klasiklerinden pa amb tomaquet ve crema catalana ile devam edebilirsiniz. La Boqueria\u2019y\u0131 da listenize ekleyin, \u015fehrin renkli pazar k\u00fclt\u00fcr\u00fcn\u00fc g\u00f6rmek i\u00e7in u\u011framaya de\u011fer.<\/p>\n\n\n\n<p class=\"wp-block-paragraph\">\ud83d\ude87 <strong>Ula\u015f\u0131m\u0131 planlay\u0131n:<\/strong> Barselona y\u00fcr\u00fcyerek ke\u015ffetmesi olduk\u00e7a keyifli bir \u015fehir olsa da g\u00f6r\u00fclecek yerler geni\u015f bir alana yay\u0131l\u0131yor. \u00d6zellikle Park G\u00fcell ve Sagrada Familia gibi duraklar\u0131 ayn\u0131 g\u00fcne ekliyorsan\u0131z metro ve otob\u00fcs ba\u011flant\u0131lar\u0131ndan yararlanmak i\u015finizi kolayla\u015ft\u0131racakt\u0131r.<\/p>\n\n\n\n<p class=\"wp-block-paragraph\">\ud83c\udf9f\ufe0f <strong>Biletleri \u00f6nceden al\u0131n:<\/strong> Sagrada Familia ve Park G\u00fcell gibi pop\u00fcler noktalarda istedi\u011finiz saat i\u00e7in bilet bulmak her zaman kolay olmayabiliyor. Seyahat tarihleriniz belliyse giri\u015f biletlerini \u00f6nceden almak bence Barselona\u2019da yapabilece\u011finiz en iyi haz\u0131rl\u0131klardan biri olacakt\u0131r.<\/p>\n\n\n\n<p class=\"wp-block-paragraph\">\ud83c\udf0a <strong>Sahile zaman ay\u0131r\u0131n:<\/strong> Barselona yaln\u0131zca mimarisi ve tarihiyle ke\u015ffedilecek bir \u015fehir de\u011fil. \u00d6zellikle havan\u0131n g\u00fczel oldu\u011fu d\u00f6nemlerde Barceloneta\u2019dan ba\u015flay\u0131p sahil boyunca y\u00fcr\u00fcmek, yo\u011fun gezi program\u0131n\u0131n aras\u0131na g\u00fczel bir renk katacakt\u0131r.<\/p>\n\n    <div class=\"xs_social_share_widget xs_share_url after_content \t\tmain_content  wslu-style-1 wslu-share-box-shaped wslu-fill-colored wslu-none wslu-share-horizontal wslu-theme-font-no wslu-main_content\">\n\n\t\t\n        <ul>\n\t\t\t        <\/ul>\n    <\/div> \n","protected":false},"excerpt":{"rendered":"<p>Sagrada Familia, Gaudi\u2019nin renkli d\u00fcnyas\u0131, Akdeniz k\u0131y\u0131lar\u0131, tapas duraklar\u0131 ve g\u00fcn\u00fcn her saati ya\u015fayan sokaklar\u2026 Barselona daha ilk ad\u0131mda ke\u015ffedilecek say\u0131s\u0131z g\u00fczellik sunan \u015fehirlerden biri. \ud83d\udc83 \u015eimdi bu renkli \u015fehre uzanan seyahatinizi planlarken s\u0131rada \u00e7ok \u00f6nemli bir karar var: Nerede kalacaks\u0131n\u0131z? \u00c7\u00fcnk\u00fc Barselona\u2019da konaklayaca\u011f\u0131n\u0131z b\u00f6lge, \u015fehirde ya\u015fayaca\u011f\u0131n\u0131z deneyimin havas\u0131n\u0131 tamamen de\u011fi\u015ftirebiliyor.\u00a0 Bu destinasyonda Gothic Quarter\u2019\u0131n [&hellip;]<\/p>\n","protected":false},"author":44,"featured_media":26010,"comment_status":"open","ping_status":"open","sticky":false,"template":"","format":"standard","meta":{"rop_custom_images_group":[],"rop_custom_messages_group":[],"rop_publish_now":"initial","rop_publish_now_accounts":[],"rop_publish_now_history":[],"rop_publish_now_status":"pending","_cloudinary_featured_overwrite":false,"footnotes":""},"categories":[1],"tags":[315],"class_list":["post-26008","post","type-post","status-publish","format-standard","has-post-thumbnail","hentry","category-seyahat-rehberi","tag-barcelona"],"_links":{"self":[{"href":"https:\/\/www.turna.com\/blog\/wp-json\/wp\/v2\/posts\/26008","targetHints":{"allow":["GET"]}}],"collection":[{"href":"https:\/\/www.turna.com\/blog\/wp-json\/wp\/v2\/posts"}],"about":[{"href":"https:\/\/www.turna.com\/blog\/wp-json\/wp\/v2\/types\/post"}],"author":[{"embeddable":true,"href":"https:\/\/www.turna.com\/blog\/wp-json\/wp\/v2\/users\/44"}],"replies":[{"embeddable":true,"href":"https:\/\/www.turna.com\/blog\/wp-json\/wp\/v2\/comments?post=26008"}],"version-history":[{"count":0,"href":"https:\/\/www.turna.com\/blog\/wp-json\/wp\/v2\/posts\/26008\/revisions"}],"wp:featuredmedia":[{"embeddable":true,"href":"https:\/\/www.turna.com\/blog\/wp-json\/wp\/v2\/media\/26010"}],"wp:attachment":[{"href":"https:\/\/www.turna.com\/blog\/wp-json\/wp\/v2\/media?parent=26008"}],"wp:term":[{"taxonomy":"category","embeddable":true,"href":"https:\/\/www.turna.com\/blog\/wp-json\/wp\/v2\/categories?post=26008"},{"taxonomy":"post_tag","embeddable":true,"href":"https:\/\/www.turna.com\/blog\/wp-json\/wp\/v2\/tags?post=26008"}],"curies":[{"name":"wp","href":"https:\/\/api.w.org\/{rel}","templated":true}]}}