{"id":25804,"date":"2026-04-30T16:27:45","date_gmt":"2026-04-30T13:27:45","guid":{"rendered":"https:\/\/www.turna.com\/blog\/?p=25804"},"modified":"2026-04-30T19:03:35","modified_gmt":"2026-04-30T16:03:35","slug":"ilk-kez-yurt-disina-cikacaklar-icin-en-ideal-rotalar","status":"publish","type":"post","link":"https:\/\/www.turna.com\/blog\/ilk-kez-yurt-disina-cikacaklar-icin-en-ideal-rotalar","title":{"rendered":"\u0130lk Kez Yurt D\u0131\u015f\u0131na \u00c7\u0131kacaklar \u0130\u00e7in En \u0130deal Rotalar"},"content":{"rendered":"<div id=\"ez-toc-container\" class=\"ez-toc-v2_0_82_2 counter-hierarchy ez-toc-counter ez-toc-black ez-toc-container-direction\">\n<div class=\"ez-toc-title-container\">\n<p class=\"ez-toc-title\" style=\"cursor:inherit\">\u0130\u00e7indekiler<\/p>\n<span class=\"ez-toc-title-toggle\"><a href=\"#\" class=\"ez-toc-pull-right ez-toc-btn ez-toc-btn-xs ez-toc-btn-default ez-toc-toggle\" aria-label=\"\u0130\u00e7indekiler Tablosunu A\u00e7\/Kapat\"><span class=\"ez-toc-js-icon-con\"><span class=\"\"><span class=\"eztoc-hide\" style=\"display:none;\">Toggle<\/span><span class=\"ez-toc-icon-toggle-span\"><svg style=\"fill: #ffffff;color:#ffffff\" xmlns=\"http:\/\/www.w3.org\/2000\/svg\" class=\"list-377408\" width=\"20px\" height=\"20px\" viewBox=\"0 0 24 24\" fill=\"none\"><path d=\"M6 6H4v2h2V6zm14 0H8v2h12V6zM4 11h2v2H4v-2zm16 0H8v2h12v-2zM4 16h2v2H4v-2zm16 0H8v2h12v-2z\" fill=\"currentColor\"><\/path><\/svg><svg style=\"fill: #ffffff;color:#ffffff\" class=\"arrow-unsorted-368013\" xmlns=\"http:\/\/www.w3.org\/2000\/svg\" width=\"10px\" height=\"10px\" viewBox=\"0 0 24 24\" version=\"1.2\" baseProfile=\"tiny\"><path d=\"M18.2 9.3l-6.2-6.3-6.2 6.3c-.2.2-.3.4-.3.7s.1.5.3.7c.2.2.4.3.7.3h11c.3 0 .5-.1.7-.3.2-.2.3-.5.3-.7s-.1-.5-.3-.7zM5.8 14.7l6.2 6.3 6.2-6.3c.2-.2.3-.5.3-.7s-.1-.5-.3-.7c-.2-.2-.4-.3-.7-.3h-11c-.3 0-.5.1-.7.3-.2.2-.3.5-.3.7s.1.5.3.7z\"\/><\/svg><\/span><\/span><\/span><\/a><\/span><\/div>\n<nav><ul class='ez-toc-list ez-toc-list-level-1 eztoc-toggle-hide-by-default' ><li class='ez-toc-page-1 ez-toc-heading-level-2'><a class=\"ez-toc-link ez-toc-heading-1\" href=\"https:\/\/www.turna.com\/blog\/ilk-kez-yurt-disina-cikacaklar-icin-en-ideal-rotalar\/#rodos_adasi\" >Rodos Adas\u0131<\/a><\/li><li class='ez-toc-page-1 ez-toc-heading-level-2'><a class=\"ez-toc-link ez-toc-heading-2\" href=\"https:\/\/www.turna.com\/blog\/ilk-kez-yurt-disina-cikacaklar-icin-en-ideal-rotalar\/#belgrad_sirbistan\" >Belgrad, S\u0131rbistan<\/a><\/li><li class='ez-toc-page-1 ez-toc-heading-level-2'><a class=\"ez-toc-link ez-toc-heading-3\" href=\"https:\/\/www.turna.com\/blog\/ilk-kez-yurt-disina-cikacaklar-icin-en-ideal-rotalar\/#baku_azerbaycan\" >Bak\u00fc, Azerbaycan<\/a><\/li><li class='ez-toc-page-1 ez-toc-heading-level-2'><a class=\"ez-toc-link ez-toc-heading-4\" href=\"https:\/\/www.turna.com\/blog\/ilk-kez-yurt-disina-cikacaklar-icin-en-ideal-rotalar\/#budapeste_macaristan\" >Budape\u015fte, Macaristan<\/a><\/li><li class='ez-toc-page-1 ez-toc-heading-level-2'><a class=\"ez-toc-link ez-toc-heading-5\" href=\"https:\/\/www.turna.com\/blog\/ilk-kez-yurt-disina-cikacaklar-icin-en-ideal-rotalar\/#tiflis_gurcistan\" >Tiflis, G\u00fcrcistan<\/a><\/li><li class='ez-toc-page-1 ez-toc-heading-level-2'><a class=\"ez-toc-link ez-toc-heading-6\" href=\"https:\/\/www.turna.com\/blog\/ilk-kez-yurt-disina-cikacaklar-icin-en-ideal-rotalar\/#mostar_bosna_hersek\" >Mostar, Bosna Hersek<\/a><\/li><li class='ez-toc-page-1 ez-toc-heading-level-2'><a class=\"ez-toc-link ez-toc-heading-7\" href=\"https:\/\/www.turna.com\/blog\/ilk-kez-yurt-disina-cikacaklar-icin-en-ideal-rotalar\/#uskup_kuzey_makedonya\" >\u00dcsk\u00fcp, Kuzey Makedonya<\/a><\/li><li class='ez-toc-page-1 ez-toc-heading-level-2'><a class=\"ez-toc-link ez-toc-heading-8\" href=\"https:\/\/www.turna.com\/blog\/ilk-kez-yurt-disina-cikacaklar-icin-en-ideal-rotalar\/#sakiz_adasi\" >Sak\u0131z Adas\u0131<\/a><\/li><li class='ez-toc-page-1 ez-toc-heading-level-2'><a class=\"ez-toc-link ez-toc-heading-9\" href=\"https:\/\/www.turna.com\/blog\/ilk-kez-yurt-disina-cikacaklar-icin-en-ideal-rotalar\/#krakov_polonya\" >Krakov, Polonya<\/a><\/li><li class='ez-toc-page-1 ez-toc-heading-level-2'><a class=\"ez-toc-link ez-toc-heading-10\" href=\"https:\/\/www.turna.com\/blog\/ilk-kez-yurt-disina-cikacaklar-icin-en-ideal-rotalar\/#kotor_karadag\" >Kotor, Karada\u011f<\/a><\/li><\/ul><\/nav><\/div>\n\n<p>Bazen bir yolculuk sadece bir \u015fehre ula\u015fma hedefi de\u011fil, bir ilki ger\u00e7ekle\u015ftirme heyecan\u0131 ta\u015f\u0131yor.\u00a0\u0130lk kez yurt d\u0131\u015f\u0131na \u00e7\u0131kmak da \u00e7o\u011fu zaman tam olarak b\u00f6yle bir heyecan yarat\u0131yor. Pasaport kontrol\u00fcnden yabanc\u0131 bir sokakta y\u00f6n bulmaya kadar her an, haf\u0131zada yer edecek k\u00fc\u00e7\u00fck deneyimlere d\u00f6n\u00fc\u015f\u00fcyor. \ud83c\udf0d Ancak bu ilk ad\u0131m\u0131n keyifli ge\u00e7mesi i\u00e7in rota se\u00e7imi kritik \u00f6nem ta\u015f\u0131yor. \u00c7ok karma\u015f\u0131k, pahal\u0131 ya da zorlay\u0131c\u0131 \u015fehirler yerine; ula\u015f\u0131m\u0131 kolay, gezmesi pratik ve sizi yormayan destinasyonlar ilk seyahat i\u00e7in \u00e7ok daha do\u011fru bir ba\u015flang\u0131\u00e7 olana\u011f\u0131 sunuyor. \u2728 Bu yaz\u0131da, ilk yurt d\u0131\u015f\u0131 deneyiminizi rahat ve unutulmaz k\u0131lacak en ideal rotalar ke\u015ffinizi bekliyor.\ud83e\uddf3<\/p>\n\n\n\n<h2 class=\"wp-block-heading\"><span class=\"ez-toc-section\" id=\"rodos_adasi\"><\/span><strong>Rodos Adas\u0131<\/strong><span class=\"ez-toc-section-end\"><\/span><\/h2>\n\n\n\n<figure class=\"wp-block-image size-large\"><img decoding=\"async\" src=\"https:\/\/res.cloudinary.com\/turna\/image\/upload\/v1777546070\/wordpress-contents\/ilk_yurt_d%C4%B1%C5%9F%C4%B1_seyahati_genel.webp\" alt=\"\"\/><\/figure>\n\n\n\n<p>Rodos, ilk yurt d\u0131\u015f\u0131 deneyimini deniz ve tarihli \u00e7evrili bir rotada ya\u015famak isteyenler i\u00e7in en risksiz se\u00e7enekler aras\u0131nda yer al\u0131yor. \ud83c\udf0a Feribotla ula\u015f\u0131m kolay, ada kompakt ve ke\u015ffetmesi kesinlikle \u00e7ok keyifli. Bu rotada 2\u20133 g\u00fcn konaklamak yeterli. Bu renkli destinasyonda hem denize girip hem de eski \u015fehrin ta\u015f sokaklar\u0131nda kaybolarak keyifli saatler ge\u00e7irebilirsiniz.\ud83c\udfdd\ufe0f Lindos\u2019ta manzaraya kar\u015f\u0131 vakit ge\u00e7irmek, eski \u015fehirde g\u00fcn bat\u0131m\u0131n\u0131 izlemek ve sahil restoranlar\u0131nda uzun ak\u015famlar ge\u00e7irmek adan\u0131n en keyifli deneyimleri aras\u0131nda yer al\u0131yor. \u2728<\/p>\n\n\n\n<p><a href=\"https:\/\/www.turna.com\/feribot-bileti\/rodos-fethiye\"><strong>Rodos feribot bileti<\/strong><\/a>&nbsp;alternatifleri avantajl\u0131 fiyatlarla Turna\u2019da!\u2708\ufe0f\ud83e\ude75<\/p>\n\n\n\n<h2 class=\"wp-block-heading\"><span class=\"ez-toc-section\" id=\"belgrad_sirbistan\"><\/span><strong>Belgrad, S\u0131rbistan<\/strong><span class=\"ez-toc-section-end\"><\/span><\/h2>\n\n\n\n<figure class=\"wp-block-image size-large\"><img decoding=\"async\" src=\"https:\/\/res.cloudinary.com\/turna\/image\/upload\/v1777546882\/belgrad_26_owrur1.jpg\" alt=\"\"\/><\/figure>\n\n\n\n<p>Belgrad, ilk kez yurt d\u0131\u015f\u0131na \u00e7\u0131kacaklar i\u00e7in ideal bir ke\u015fif rotas\u0131. \u2708\ufe0f Vizesiz olmas\u0131 b\u00fcy\u00fck avantaj sa\u011fl\u0131yor, \u015fehir merkezi ise y\u00fcr\u00fcyerek kolayca ke\u015ffediliyor. Bu rotada 2\u20133 g\u00fcn kalmak ideal; bu \u015fekilde tempo yormuyor, planlar gayet rahat ilerliyor. G\u00fcnd\u00fcz Knez Mihailova\u2019da dola\u015f\u0131p Kalemegdan\u2019da Tuna ve Sava\u2019n\u0131n kesi\u015fti\u011fi noktada g\u00fcn bat\u0131m\u0131n\u0131 izlemek bu \u015fehrin olmazsa olmazlar\u0131 aras\u0131nda yer al\u0131yor. \ud83c\udf05 Belgrad, ak\u015fam nehir k\u0131y\u0131s\u0131nda huzurlu y\u00fcr\u00fcy\u00fc\u015fler yapmak, mimari harikalar aras\u0131nda zaman ge\u00e7irmek ve biraz durup ne\u015feli mekanlarda lezzetli molalar vermek i\u00e7in e\u015fsiz bir rota.<\/p>\n\n\n\n<p>Keyifli bir konaklama deneyimi i\u00e7in  konforlu ve avantajl\u0131&nbsp;<strong><a href=\"https:\/\/www.turna.com\/otel\/belgrad\">Belgrad otelleri<\/a><\/strong>&nbsp;Turna\u2019da!\u2708\ufe0f\ud83e\ude75<\/p>\n\n\n\n<h2 class=\"wp-block-heading\"><span class=\"ez-toc-section\" id=\"baku_azerbaycan\"><\/span><strong>Bak\u00fc, Azerbaycan<\/strong><span class=\"ez-toc-section-end\"><\/span><\/h2>\n\n\n\n<figure class=\"wp-block-image size-large\"><img decoding=\"async\" src=\"https:\/\/res.cloudinary.com\/turna\/image\/upload\/v1777548027\/wordpress-contents\/baku_26.jpg\" alt=\"\"\/><\/figure>\n\n\n\n<p>Bak\u00fc, ilk kez yurt d\u0131\u015f\u0131na \u00e7\u0131kmak ve yabanc\u0131l\u0131k hissi ya\u015famadan farkl\u0131 bir \u015fehir g\u00f6rmek isteyenler i\u00e7in olduk\u00e7a iyi bir alternatif.\u2728 Dil bariyeri neredeyse yok, \u015fehir d\u00fczenli ve gezmesi bir hayli kolay. Bu rotada 2\u20133 g\u00fcn kalmak yeterli oluyor. Bak\u00fc\u2019n\u00fcn \u0130\u00e7eri\u015fehir b\u00f6lgesinde dar sokaklarda dola\u015f\u0131rken tarih hissi a\u011f\u0131r bas\u0131yor, birka\u00e7 dakika sonra Alev Kuleleri\u2019nin g\u00f6lgesinde bamba\u015fka bir atmosferde ke\u015ffe devam ediliyor. \ud83c\udf06 Hazar k\u0131y\u0131s\u0131nda y\u00fcr\u00fcmek, ak\u015fam \u0131\u015f\u0131klar alt\u0131nda \u015fehri izlemek ve bulvarda vakit ge\u00e7irmek ke\u015ffi tamamlayan deneyimler aras\u0131nda yer al\u0131yor. \u2728<\/p>\n\n\n\n<p><strong><a href=\"https:\/\/www.turna.com\/ucak-bileti\/baku\">Bak\u00fc u\u00e7ak bileti<\/a><\/strong>&nbsp;kampanyalar\u0131 Turna&#8217;da. \u0130nceleyin, avantajl\u0131 fiyatlar\u0131 ka\u00e7\u0131rmay\u0131n! \u2708\ufe0f\ud83e\ude75<\/p>\n\n\n\n<h2 class=\"wp-block-heading\"><span class=\"ez-toc-section\" id=\"budapeste_macaristan\"><\/span><strong>Budape\u015fte, Macaristan<\/strong><span class=\"ez-toc-section-end\"><\/span><\/h2>\n\n\n\n<figure class=\"wp-block-image size-large\"><img decoding=\"async\" src=\"https:\/\/res.cloudinary.com\/turna\/image\/upload\/v1777548176\/wordpress-contents\/budapeste_26.jpg\" alt=\"\"\/><\/figure>\n\n\n\n<p>Budape\u015fte, ilk Avrupa deneyimi i\u00e7in en ideal \u015fehirler aras\u0131nda. \u2728 Bu \u015fehir Buda ve Pe\u015fte olarak ikiye ayr\u0131l\u0131yor ama g\u00f6z\u00fcn\u00fcz\u00fc korkutmas\u0131n; ula\u015f\u0131m bir hayli kolay. 3 g\u00fcn kalmak bu rota i\u00e7in yeterli. Budape\u015fte etkisini detaylarda g\u00f6steriyor. Tuna k\u0131y\u0131s\u0131nda y\u00fcr\u00fcrken kar\u015f\u0131n\u0131za \u00e7\u0131kan manzara, ak\u015fam saatlerinde \u0131\u015f\u0131klarla birlikte bamba\u015fka bir atmosfere d\u00f6n\u00fc\u015f\u00fcyor. \ud83c\udf09 Termal spa k\u00fclt\u00fcr\u00fc ise \u015fehri sadece gezilecek de\u011fil, deneyimlenecek bir yere d\u00f6n\u00fc\u015ft\u00fcr\u00fcyor. G\u00fcn bat\u0131m\u0131nda Zincir K\u00f6pr\u00fc \u00e7evresinde vakit ge\u00e7irmek ve gece \u015fehri izlemek en keyifli anlar aras\u0131nda yer al\u0131yor. \u2728<\/p>\n\n\n\n<p><a href=\"https:\/\/www.turna.com\/ucak-bileti\/budapeste\" target=\"_blank\" rel=\"noreferrer noopener\"><strong>Budape\u015fte u\u00e7ak bileti<\/strong><\/a>&nbsp;se\u00e7eneklerine Turna avantajlar\u0131yla g\u00f6z at\u0131n.\u2708\ufe0f\ud83e\ude75<\/p>\n\n\n\n<h2 class=\"wp-block-heading\"><span class=\"ez-toc-section\" id=\"tiflis_gurcistan\"><\/span><strong>Tiflis, G\u00fcrcistan<\/strong><span class=\"ez-toc-section-end\"><\/span><\/h2>\n\n\n\n<figure class=\"wp-block-image size-large\"><img decoding=\"async\" src=\"https:\/\/res.cloudinary.com\/turna\/image\/upload\/v1777550563\/wordpress-contents\/tiflis_26.jpg\" alt=\"\"\/><\/figure>\n\n\n\n<p>Tiflis, ilk kez yurt d\u0131\u015f\u0131na \u00e7\u0131kacaklar i\u00e7in en pratik ve keyifli rotalar aras\u0131nda. \u2728 \u015eehir k\u00fc\u00e7\u00fck ve kolay geziliyor. Ayr\u0131ca k\u00fc\u00e7\u00fck bir \u015fehir olmas\u0131na ra\u011fmen d\u00f6rt bir yan\u0131nda keyifli ke\u015fif f\u0131rsatlar\u0131 sakl\u0131. Bu rotada 2\u20133 g\u00fcn kalmak gayet yeterli; eski \u015fehir, manzaralar ve sokaklar sizi bir noktadan di\u011ferine zahmetsizce ula\u015ft\u0131r\u0131yor. Dar sokaklarda y\u00fcr\u00fcrken bir anda kar\u015f\u0131n\u0131za \u00e7\u0131kan tarihi binalar, g\u00f6z al\u0131c\u0131 manzaralar ve o hafif bohem hava \u015fehri farkl\u0131 k\u0131l\u0131yor. \ud83c\udf3f Teleferikle yukar\u0131 \u00e7\u0131k\u0131p manzaray\u0131 izlemek, ak\u015fam saatlerinde \u015fehirde dola\u015fmak ve lezzetli yemekler bu \u015fehri ke\u015ffetmenin en keyifli anlar\u0131 aras\u0131nda.<\/p>\n\n\n\n<h2 class=\"wp-block-heading\"><span class=\"ez-toc-section\" id=\"mostar_bosna_hersek\"><\/span><strong>Mostar, Bosna Hersek<\/strong><span class=\"ez-toc-section-end\"><\/span><\/h2>\n\n\n\n<figure class=\"wp-block-image size-large is-resized\"><img width=\"1024\" height=\"640\" data-public-id=\"wordpress-contents\/mostar_26\/mostar_26.jpg\" fetchpriority=\"high\" decoding=\"async\" src=\"https:\/\/res.cloudinary.com\/turna\/images\/w_1024,h_640,c_scale\/f_auto,q_auto:low\/v1773392172\/wordpress-contents\/mostar_26\/mostar_26.jpg?_i=AA\" alt=\"\" class=\"wp-post-25804 wp-image-25733\" style=\"width:1200px;height:auto\" data-format=\"jpg\" data-transformations=\"f_auto,q_auto:low\" data-version=\"1773392172\" data-seo=\"1\" srcset=\"https:\/\/res.cloudinary.com\/turna\/images\/w_1024,h_640,c_scale\/f_auto,q_auto:low\/v1773392172\/wordpress-contents\/mostar_26\/mostar_26.jpg?_i=AA 1024w, https:\/\/res.cloudinary.com\/turna\/images\/w_1000,h_625,c_scale\/f_auto,q_auto:low\/v1773392172\/wordpress-contents\/mostar_26\/mostar_26.jpg?_i=AA 1000w, https:\/\/res.cloudinary.com\/turna\/images\/w_300,h_188,c_scale\/f_auto,q_auto:low\/v1773392172\/wordpress-contents\/mostar_26\/mostar_26.jpg?_i=AA 300w, https:\/\/res.cloudinary.com\/turna\/images\/w_1536,h_960,c_scale\/f_auto,q_auto:low\/v1773392172\/wordpress-contents\/mostar_26\/mostar_26.jpg?_i=AA 1536w, https:\/\/res.cloudinary.com\/turna\/images\/f_auto,q_auto:low\/v1773392172\/wordpress-contents\/mostar_26\/mostar_26.jpg?_i=AA 1600w\" sizes=\"(max-width: 1024px) 100vw, 1024px\" \/><\/figure>\n\n\n\n<p>Mostar, ilk yurt d\u0131\u015f\u0131 deneyiminde k\u0131sa ama \u00e7ok etkileyici bir durak arayanlar i\u00e7in birebir. \u2728 K\u00fc\u00e7\u00fck bir \u015fehir oldu\u011fu i\u00e7in bu rotada 1\u20132 g\u00fcn kalmak yeterli; hatta \u00e7o\u011fu gezgin bur rotay\u0131 Saraybosna ile birlikte planl\u0131yor. Mostar, tek bir manzarayla haf\u0131zaya kaz\u0131nan \u015fehirler aras\u0131nda yer al\u0131yor. Neretva Nehri \u00fczerindeki \u00fcnl\u00fc k\u00f6pr\u00fc ve \u00e7evresindeki ta\u015f sokaklar, g\u00fcn\u00fcn her saatinde ayr\u0131 bir atmosfere b\u00fcr\u00fcn\u00fcyor. \ud83c\udf09 K\u00f6pr\u00fc \u00e7evresinde vakit ge\u00e7irmek, eski \u00e7ar\u015f\u0131da dola\u015fmak ve manzaraya kar\u015f\u0131 uzun bir kahve molas\u0131 vermek bu \u015fehrin en keyifli anlar\u0131 aras\u0131nda.<\/p>\n\n\n\n<p><strong><a href=\"https:\/\/www.turna.com\/blog\/balkanlarin-en-iyi-yemekleri\" data-type=\"link\" data-id=\"https:\/\/www.turna.com\/blog\/balkanlarin-en-iyi-yemekleri\">Balkanlar\u2019\u0131n En \u0130yi Yemekleri: Gurmelere \u00d6zel Balkan Turu<\/a><\/strong> i\u00e7eri\u011fimize g\u00f6z at\u0131n, ke\u015ffiniz \u00f6ncesinde \u00f6zel Balkan lezzetleriyle tan\u0131\u015fmay\u0131 unutmay\u0131n.\ud83e\ude75<\/p>\n\n\n\n<h2 class=\"wp-block-heading\"><span class=\"ez-toc-section\" id=\"uskup_kuzey_makedonya\"><\/span><strong>\u00dcsk\u00fcp, Kuzey Makedonya<\/strong><span class=\"ez-toc-section-end\"><\/span><\/h2>\n\n\n\n<figure class=\"wp-block-image size-large\"><img decoding=\"async\" src=\"https:\/\/res.cloudinary.com\/turna\/image\/upload\/v1777551256\/wordpress-contents\/uskup_26.jpg\" alt=\"\"\/><\/figure>\n\n\n\n<p>\u00dcsk\u00fcp, ilk kez yurt d\u0131\u015f\u0131na \u00e7\u0131kacaklar i\u00e7in yabanc\u0131l\u0131k \u00e7ekmeden gezilebilen \u015fehirlerden. \u2728 K\u00fc\u00e7\u00fck, d\u00fczenli ve kompakt yap\u0131s\u0131yla bu \u015fehirde 2 g\u00fcn kalmak yeterli. \u015eehrin merkezi y\u00fcr\u00fcyerek rahat\u00e7a ke\u015ffediliyor. \u00dcsk\u00fcp tan\u0131d\u0131k ama bir o kadar da farkl\u0131. Bir yanda heykellerle dolu modern meydan, birka\u00e7 ad\u0131m \u00f6tede eski \u00e7ar\u015f\u0131n\u0131n otantik sokaklar\u0131\u2026 \ud83c\udf09 Ta\u015f K\u00f6pr\u00fc\u2019den ge\u00e7erken bu iki d\u00fcnya aras\u0131nda gidip gelmek \u015fehrin en keyifli anlar\u0131 aras\u0131nda. Eski \u00e7ar\u015f\u0131da kaybolmak, Vardar Nehri k\u0131y\u0131s\u0131nda y\u00fcr\u00fcmek, Matka Kanyonu\u2019nda keyifli saatler ge\u00e7irmek ve \u015fehrin sakin ritmine kar\u0131\u015fmak \u00dcsk\u00fcp ke\u015fiflerinin olmazsa olmazlar\u0131 aras\u0131nda.<\/p>\n\n\n\n<p><a href=\"https:\/\/www.turna.com\/blog\/balkanlarda-yakin-ulkeler\" data-type=\"link\" data-id=\"https:\/\/www.turna.com\/blog\/balkanlarda-yakin-ulkeler\"><strong>Balkanlar\u2019da Hangi \u00dclkeler Birbirine Yak\u0131n? Gezi Rotas\u0131 Rehberi<\/strong> <\/a>i\u00e7eri\u011fimize g\u00f6z atarak keyifli bir Balkan rotas\u0131 planlamak i\u00e7in ihtiyac\u0131n\u0131z olan detaylar\u0131 ke\u015ffedebilirsiniz.<\/p>\n\n\n\n<h2 class=\"wp-block-heading\"><span class=\"ez-toc-section\" id=\"sakiz_adasi\"><\/span><strong>Sak\u0131z Adas\u0131<\/strong><span class=\"ez-toc-section-end\"><\/span><\/h2>\n\n\n\n<figure class=\"wp-block-image size-large\"><img decoding=\"async\" src=\"https:\/\/res.cloudinary.com\/turna\/image\/upload\/v1777546070\/wordpress-contents\/ilk_yurt_d%C4%B1%C5%9F%C4%B1_seyahati_sakiz_adasi.webp\" alt=\"\"\/><\/figure>\n\n\n\n<p>Sak\u0131z Adas\u0131, ilk yurt d\u0131\u015f\u0131 deneyimini k\u00fc\u00e7\u00fck bir ka\u00e7amakla tamamlamak isteyenler i\u00e7in en pratik rotalardan. \u2728 \u0130zmir\u2019den feribotla kolayca ula\u015f\u0131m sa\u011flan\u0131yor, planlamas\u0131 kolay ve 2 g\u00fcn kalmak genelde yeterli oluyor. Sak\u0131z Adas\u0131 sade ve huzurlu bir durak. Kalabal\u0131k \u015fehirler gibi yormuyor, yava\u015flat\u0131yor. \ud83c\udfdd\ufe0f Renkli k\u00f6ylerde dola\u015fmak, sahil kasabalar\u0131nda vakit ge\u00e7irmek ve berrak denizde y\u00fczmek bu adan\u0131n en keyifli anlar\u0131 aras\u0131nda bulunuyor. <\/p>\n\n\n\n<p>\u201c\u0130yi ki yapt\u0131m.\u201d dedirtecek bir ka\u00e7amak plan\u0131 i\u00e7in en do\u011fru zaman tam da bu an!\u00a0<a href=\"https:\/\/www.turna.com\/feribot-bileti\/chios-sakiz\"><strong>Sak\u0131z Adas\u0131 feribot bileti<\/strong><\/a>\u00a0alternatiflerine g\u00f6z at\u0131n, sokak aralar\u0131nda uzun sofralara oturun ve ard\u0131ndan Mesta k\u00f6y\u00fcn\u00fcn ta\u015f sokaklar\u0131na do\u011fru keyifli bir y\u00fcr\u00fcy\u00fc\u015f yap\u0131n.\ud83e\ude75<\/p>\n\n\n\n<h2 class=\"wp-block-heading\"><span class=\"ez-toc-section\" id=\"krakov_polonya\"><\/span><strong>Krakov, Polonya<\/strong><span class=\"ez-toc-section-end\"><\/span><\/h2>\n\n\n\n<figure class=\"wp-block-image size-large\"><img decoding=\"async\" src=\"https:\/\/res.cloudinary.com\/turna\/image\/upload\/v1775824581\/wordpress-contents\/krakow_genel_2.jpg\" alt=\"\"\/><\/figure>\n\n\n\n<p>Krakov, ilk Avrupa deneyimini sakin ama etkileyici bir durakta ya\u015famak isteyenler i\u00e7in g\u00fc\u00e7l\u00fc bir alternatif. \u2728 \u015eehir kompakt, y\u00fcr\u00fcyerek gezmesi kolay ve temposu yormuyor. 2\u20133 g\u00fcn kalmak ideal; eski \u015fehir merkezinde dola\u015fmak bile ba\u015fl\u0131 ba\u015f\u0131na bir ke\u015fif deneyimi sunuyor. Rynek G\u0142owny\u2019de vakit ge\u00e7irirken \u015fehrin ritmine kap\u0131labilir, birka\u00e7 ad\u0131mda Wawel Kalesi\u2019ne ula\u015fabilirsiniz. \ud83c\udff0 Ta\u015f sokaklarda y\u00fcr\u00fcmek, ak\u015fam \u0131\u015f\u0131klar\u0131nda \u015fehri izlemek ve kalabal\u0131\u011fa kar\u0131\u015fmadan Avrupa hissini ya\u015famak Krakov\u2019un en keyifli taraf\u0131. \u2728<\/p>\n\n\n\n<p><a href=\"https:\/\/www.turna.com\/ucak-bileti\/krakov\"><strong>Krakov u\u00e7ak bileti<\/strong><\/a> alternatifleri avantajl\u0131 fiyatlar ve cazip kampanyalarla Turna\u2019da. Hemen inceleyin, b\u00fcy\u00fcleyici bir ke\u015fif i\u00e7in ilk ad\u0131m\u0131 at\u0131n.\u2708\ufe0f\ud83e\ude75<\/p>\n\n\n\n<h2 class=\"wp-block-heading\"><span class=\"ez-toc-section\" id=\"kotor_karadag\"><\/span><strong>Kotor, Karada\u011f<\/strong><span class=\"ez-toc-section-end\"><\/span><\/h2>\n\n\n\n<figure class=\"wp-block-image size-large\"><img decoding=\"async\" src=\"https:\/\/res.cloudinary.com\/turna\/image\/upload\/v1777552917\/wordpress-contents\/Kotor_26.jpg\" alt=\"\"\/><\/figure>\n\n\n\n<p>Kotor, ilk yurt d\u0131\u015f\u0131 deneyimini denizle \u00e7evrili bir destinasyonda ya\u015famak isteyenler i\u00e7in harika bir rota. \u2728 Vizesiz olu\u015fu b\u00fcy\u00fck avantaj ve 2 g\u00fcn kalmak genelde yeterli oluyor. Kotor\u2019un manzaras\u0131 dahi tek ba\u015f\u0131na etkileyici bir deneyim sunuyor. Da\u011flar\u0131n denize indi\u011fi k\u00f6rfez, \u015fehirle birlikte kartpostal gibi bir g\u00f6r\u00fcnt\u00fc olu\u015fturuyor. \ud83c\udf0a Dar sokaklarda kaybolmak, surlara \u00e7\u0131k\u0131p manzaray\u0131 izlemek ve liman \u00e7evresinde vakit ge\u00e7irmek bu \u015fehrin olmazsa olmazlar\u0131 aras\u0131nda.\u2728<br><strong>\u00a0<a href=\"https:\/\/www.turna.com\/ucak-bileti\/karadag\" target=\"_blank\" rel=\"noreferrer noopener\">Karada\u011f u\u00e7ak bileti<\/a><\/strong>\u00a0f\u0131rsatlar\u0131na g\u00f6z atarak tarihi atmosferiyle g\u00f6renleri b\u00fcy\u00fcleyen bu harika \u015fehri ke\u015ffedebilirsiniz.\u2708\ufe0f\ud83e\ude75<\/p>\n\n    <div class=\"xs_social_share_widget xs_share_url after_content \t\tmain_content  wslu-style-1 wslu-share-box-shaped wslu-fill-colored wslu-none wslu-share-horizontal wslu-theme-font-no wslu-main_content\">\n\n\t\t\n        <ul>\n\t\t\t        <\/ul>\n    <\/div> \n","protected":false},"excerpt":{"rendered":"<p>Bazen bir yolculuk sadece bir \u015fehre ula\u015fma hedefi de\u011fil, bir ilki ger\u00e7ekle\u015ftirme heyecan\u0131 ta\u015f\u0131yor.\u00a0\u0130lk kez yurt d\u0131\u015f\u0131na \u00e7\u0131kmak da \u00e7o\u011fu zaman tam olarak b\u00f6yle bir heyecan yarat\u0131yor. Pasaport kontrol\u00fcnden yabanc\u0131 bir sokakta y\u00f6n bulmaya kadar her an, haf\u0131zada yer edecek k\u00fc\u00e7\u00fck deneyimlere d\u00f6n\u00fc\u015f\u00fcyor. \ud83c\udf0d Ancak bu ilk ad\u0131m\u0131n keyifli ge\u00e7mesi i\u00e7in rota se\u00e7imi kritik \u00f6nem [&hellip;]<\/p>\n","protected":false},"author":44,"featured_media":25805,"comment_status":"open","ping_status":"open","sticky":false,"template":"","format":"standard","meta":{"rop_custom_images_group":[],"rop_custom_messages_group":[],"rop_publish_now":"initial","rop_publish_now_accounts":[],"rop_publish_now_history":[],"rop_publish_now_status":"pending","_cloudinary_featured_overwrite":false,"footnotes":""},"categories":[1,2],"tags":[978],"class_list":["post-25804","post","type-post","status-publish","format-standard","has-post-thumbnail","hentry","category-seyahat-rehberi","category-ulkeler","tag-seyahat-rehberi"],"_links":{"self":[{"href":"https:\/\/www.turna.com\/blog\/wp-json\/wp\/v2\/posts\/25804","targetHints":{"allow":["GET"]}}],"collection":[{"href":"https:\/\/www.turna.com\/blog\/wp-json\/wp\/v2\/posts"}],"about":[{"href":"https:\/\/www.turna.com\/blog\/wp-json\/wp\/v2\/types\/post"}],"author":[{"embeddable":true,"href":"https:\/\/www.turna.com\/blog\/wp-json\/wp\/v2\/users\/44"}],"replies":[{"embeddable":true,"href":"https:\/\/www.turna.com\/blog\/wp-json\/wp\/v2\/comments?post=25804"}],"version-history":[{"count":0,"href":"https:\/\/www.turna.com\/blog\/wp-json\/wp\/v2\/posts\/25804\/revisions"}],"wp:featuredmedia":[{"embeddable":true,"href":"https:\/\/www.turna.com\/blog\/wp-json\/wp\/v2\/media\/25805"}],"wp:attachment":[{"href":"https:\/\/www.turna.com\/blog\/wp-json\/wp\/v2\/media?parent=25804"}],"wp:term":[{"taxonomy":"category","embeddable":true,"href":"https:\/\/www.turna.com\/blog\/wp-json\/wp\/v2\/categories?post=25804"},{"taxonomy":"post_tag","embeddable":true,"href":"https:\/\/www.turna.com\/blog\/wp-json\/wp\/v2\/tags?post=25804"}],"curies":[{"name":"wp","href":"https:\/\/api.w.org\/{rel}","templated":true}]}}