{"id":25797,"date":"2026-04-27T14:26:32","date_gmt":"2026-04-27T11:26:32","guid":{"rendered":"https:\/\/www.turna.com\/blog\/?p=25797"},"modified":"2026-04-27T14:26:35","modified_gmt":"2026-04-27T11:26:35","slug":"1-animasyon-1-ulke","status":"publish","type":"post","link":"https:\/\/www.turna.com\/blog\/1-animasyon-1-ulke","title":{"rendered":"1 Animasyon 1 \u00dclke: Seyahat Etmeden \u00d6nce Mutlaka \u0130zleyin"},"content":{"rendered":"<div id=\"ez-toc-container\" class=\"ez-toc-v2_0_82_2 counter-hierarchy ez-toc-counter ez-toc-black ez-toc-container-direction\">\n<div class=\"ez-toc-title-container\">\n<p class=\"ez-toc-title\" style=\"cursor:inherit\">\u0130\u00e7indekiler<\/p>\n<span class=\"ez-toc-title-toggle\"><a href=\"#\" class=\"ez-toc-pull-right ez-toc-btn ez-toc-btn-xs ez-toc-btn-default ez-toc-toggle\" aria-label=\"\u0130\u00e7indekiler Tablosunu A\u00e7\/Kapat\"><span class=\"ez-toc-js-icon-con\"><span class=\"\"><span class=\"eztoc-hide\" style=\"display:none;\">Toggle<\/span><span class=\"ez-toc-icon-toggle-span\"><svg style=\"fill: #ffffff;color:#ffffff\" xmlns=\"http:\/\/www.w3.org\/2000\/svg\" class=\"list-377408\" width=\"20px\" height=\"20px\" viewBox=\"0 0 24 24\" fill=\"none\"><path d=\"M6 6H4v2h2V6zm14 0H8v2h12V6zM4 11h2v2H4v-2zm16 0H8v2h12v-2zM4 16h2v2H4v-2zm16 0H8v2h12v-2z\" fill=\"currentColor\"><\/path><\/svg><svg style=\"fill: #ffffff;color:#ffffff\" class=\"arrow-unsorted-368013\" xmlns=\"http:\/\/www.w3.org\/2000\/svg\" width=\"10px\" height=\"10px\" viewBox=\"0 0 24 24\" version=\"1.2\" baseProfile=\"tiny\"><path d=\"M18.2 9.3l-6.2-6.3-6.2 6.3c-.2.2-.3.4-.3.7s.1.5.3.7c.2.2.4.3.7.3h11c.3 0 .5-.1.7-.3.2-.2.3-.5.3-.7s-.1-.5-.3-.7zM5.8 14.7l6.2 6.3 6.2-6.3c.2-.2.3-.5.3-.7s-.1-.5-.3-.7c-.2-.2-.4-.3-.7-.3h-11c-.3 0-.5.1-.7.3-.2.2-.3.5-.3.7s.1.5.3.7z\"\/><\/svg><\/span><\/span><\/span><\/a><\/span><\/div>\n<nav><ul class='ez-toc-list ez-toc-list-level-1 eztoc-toggle-hide-by-default' ><li class='ez-toc-page-1 ez-toc-heading-level-3'><a class=\"ez-toc-link ez-toc-heading-1\" href=\"https:\/\/www.turna.com\/blog\/1-animasyon-1-ulke\/#seyahat_etmeden_once_izlemeniz_gereken_animasyon_filmler\" >Seyahat Etmeden \u00d6nce \u0130zlemeniz Gereken Animasyon Filmler<\/a><\/li><li class='ez-toc-page-1 ez-toc-heading-level-3'><a class=\"ez-toc-link ez-toc-heading-2\" href=\"https:\/\/www.turna.com\/blog\/1-animasyon-1-ulke\/#ratatouille_%e2%80%93_fransa\" >Ratatouille &#8211; Fransa<\/a><\/li><li class='ez-toc-page-1 ez-toc-heading-level-3'><a class=\"ez-toc-link ez-toc-heading-3\" href=\"https:\/\/www.turna.com\/blog\/1-animasyon-1-ulke\/#persepolis_%e2%80%93_iran\" >Persepolis &#8211; \u0130ran<\/a><\/li><li class='ez-toc-page-1 ez-toc-heading-level-3'><a class=\"ez-toc-link ez-toc-heading-4\" href=\"https:\/\/www.turna.com\/blog\/1-animasyon-1-ulke\/#coco_%e2%80%93_meksika\" >Coco &#8211; Meksika<\/a><\/li><li class='ez-toc-page-1 ez-toc-heading-level-3'><a class=\"ez-toc-link ez-toc-heading-5\" href=\"https:\/\/www.turna.com\/blog\/1-animasyon-1-ulke\/#loving_vincent_%e2%80%93_hollanda\" >Loving Vincent &#8211; Hollanda<\/a><\/li><li class='ez-toc-page-1 ez-toc-heading-level-3'><a class=\"ez-toc-link ez-toc-heading-6\" href=\"https:\/\/www.turna.com\/blog\/1-animasyon-1-ulke\/#luca_%e2%80%93_italya\" >Luca &#8211; \u0130talya&nbsp;<\/a><\/li><li class='ez-toc-page-1 ez-toc-heading-level-3'><a class=\"ez-toc-link ez-toc-heading-7\" href=\"https:\/\/www.turna.com\/blog\/1-animasyon-1-ulke\/#spirited_away_%e2%80%93_japonya\" >Spirited Away &#8211; Japonya<\/a><\/li><li class='ez-toc-page-1 ez-toc-heading-level-3'><a class=\"ez-toc-link ez-toc-heading-8\" href=\"https:\/\/www.turna.com\/blog\/1-animasyon-1-ulke\/#rio_%e2%80%93_brezilya\" >Rio &#8211; Brezilya<\/a><\/li><li class='ez-toc-page-1 ez-toc-heading-level-3'><a class=\"ez-toc-link ez-toc-heading-9\" href=\"https:\/\/www.turna.com\/blog\/1-animasyon-1-ulke\/#song_of_the_sea_%e2%80%93_irlanda\" >Song of the Sea &#8211; \u0130rlanda<\/a><\/li><\/ul><\/nav><\/div>\n\n<p>Kabul edelim, bazen bir <strong><a href=\"https:\/\/www.turna.com\/ucak-bileti\">u\u00e7ak bileti<\/a><\/strong> almadan \u00e7ok \u00f6nce, ruhumuz \u00e7oktan seyahate \u00e7\u0131km\u0131\u015f oluyor. Ofis masas\u0131nda dosya kovalarken, trafi\u011fin tam ortas\u0131nda kalm\u0131\u015fken ya da koltu\u011fumuza uzanm\u0131\u015f tavana bakarken bizi al\u0131p hayalimizdeki o \u015fehre g\u00f6t\u00fcren bir \u015feyler ar\u0131yoruz. \u00c7ocuk i\u015fi deyip ge\u00e7ilen ama asl\u0131nda bir yerin ruhunu en saf, en renkli ve en d\u00fcr\u00fcst haliyle anlatan animasyonlar bu noktada devreye giriyor. Bu kez rehberimizi al\u0131\u015f\u0131lagelmi\u015f gezi kitaplar\u0131ndan de\u011fil, \u00e7izgilerin ve hayal g\u00fcc\u00fcn\u00fcn s\u0131n\u0131rs\u0131z d\u00fcnyas\u0131ndan se\u00e7tik; \u00e7\u00fcnk\u00fc bazen bir \u015fehrin kalbini anlamak i\u00e7in ihtiyac\u0131n\u0131z olan \u015fey sadece biraz renk ve harika bir hikayedir.&nbsp;<\/p>\n\n\n\n<p>Hayat\u0131n grili\u011fi bazen bir yerin ger\u00e7ek ne\u015fesini g\u00f6lgeleyebilir ama bir animasyon karesi, Paris\u2019in o puslu ak\u015fam \u0131\u015f\u0131\u011f\u0131n\u0131 veya Meksika\u2019n\u0131n bitmek bilmeyen enerjisini do\u011frudan kalbinize m\u00fch\u00fcrleyebilir. Bir \u00fclkeye turist olarak gitmek ile oran\u0131n efsanelerini, lezzetlerini ve insan\u0131n\u0131n mizac\u0131n\u0131 bilerek gitmek aras\u0131nda koca bir d\u00fcnya fark var. Valizinizde yer a\u00e7\u0131n; \u00e7\u00fcnk\u00fc bu listedeki yap\u0131mlar size koordinat vermeyecek, gidece\u011finiz yerin karakterini de f\u0131s\u0131ldayacak. Patlam\u0131\u015f m\u0131s\u0131rlar\u0131 haz\u0131rlay\u0131n, rotam\u0131z\u0131 hayal g\u00fcc\u00fcyle \u00e7iziyoruz!<\/p>\n\n\n\n<h3 class=\"wp-block-heading has-text-align-center has-neeon-button-dark-gray-color has-text-color has-link-color wp-elements-9dcbb599bf1470deb0fc1227b18a4aea\"><span class=\"ez-toc-section\" id=\"seyahat_etmeden_once_izlemeniz_gereken_animasyon_filmler\"><\/span><strong><strong><strong><strong><strong>Seyahat Etmeden \u00d6nce \u0130zlemeniz Gereken Animasyon Filmler<\/strong><\/strong><\/strong><\/strong><\/strong><span class=\"ez-toc-section-end\"><\/span><\/h3>\n\n\n\n<h3 class=\"wp-block-heading has-text-align-center has-neeon-button-dark-gray-color has-text-color has-link-color wp-elements-7cf3026915cf2f1f5369fa44620a6233\"><span class=\"ez-toc-section\" id=\"ratatouille_%e2%80%93_fransa\"><\/span><strong><strong><strong><strong><strong>Ratatouille &#8211; Fransa<\/strong><\/strong><\/strong><\/strong><\/strong><span class=\"ez-toc-section-end\"><\/span><\/h3>\n\n\n\n<figure class=\"wp-block-image size-large\"><img decoding=\"async\" src=\"https:\/\/res.cloudinary.com\/turna\/image\/upload\/v1762849811\/wordpress-contents\/paris.jpg\" alt=\"\"\/><\/figure>\n\n\n\n<p>Paris denince akl\u0131n\u0131za hemen Eyfel Kulesi ve romantizm, Ratatouille size bu \u015fehrin \u00e7ok daha derin, daha lezzetli bir katman\u0131n\u0131 sunmaya haz\u0131r. Hikayemiz, a\u015f\u00e7\u0131 olma hayalleri kuran ancak k\u00fc\u00e7\u00fck bir engeli olan Remy isimli bir farenin etraf\u0131nda d\u00f6n\u00fcyor. Paris\u2019in o me\u015fhur kanalizasyonlar\u0131ndan \u00e7\u0131k\u0131p, \u015fehrin en prestijli restoranlar\u0131ndan birinin mutfa\u011f\u0131na s\u0131zan bu sevimli dostumuz, bize asl\u0131nda Frans\u0131z k\u00fclt\u00fcr\u00fcn\u00fcn temel ta\u015f\u0131n\u0131 anlat\u0131yor: Gastronomi. Film boyunca Paris\u2019in puslu ak\u015famlar\u0131n\u0131, o e\u015fsiz \u0131\u015f\u0131kland\u0131rmas\u0131n\u0131 ve her k\u00f6\u015feba\u015f\u0131ndan burnunuza gelecekmi\u015f gibi hissettiren taze baget ekme\u011fi kokusunu hissediyorsunuz.&nbsp;<\/p>\n\n\n\n<p>E\u011fer Fransa seyahati planl\u0131yorsan\u0131z, Ratatouille size bir \u015fehri sevmenin yolunun midesinden ge\u00e7ti\u011fini kan\u0131tlayacak. Filmdeki her bir malzemenin sayg\u0131 g\u00f6rmesi ve herkes yemek yapabilir mottosu, asl\u0131nda Frans\u0131zlar\u0131n ya\u015fama sanat\u0131na (art de vivre) olan tutkusunu \u00f6zetliyor. Paris\u2019in dar sokaklar\u0131nda kaybolmadan \u00f6nce bu filmi izledi\u011finizde, Seine Nehri kenar\u0131ndaki o k\u00fc\u00e7\u00fck bistrolara basit yemek yemek i\u00e7in de\u011fil, bir sanat eserini tecr\u00fcbe etmek i\u00e7in gireceksiniz. Belki de o me\u015fhur sebze yeme\u011fini sipari\u015f ederken mutfakta gizli bir \u015fefin oldu\u011fundan \u015f\u00fcphelenirsiniz!<\/p>\n\n\n\n<h3 class=\"wp-block-heading has-text-align-center has-neeon-button-dark-gray-color has-text-color has-link-color wp-elements-d4653101f086548d2941366e9e047433\"><span class=\"ez-toc-section\" id=\"persepolis_%e2%80%93_iran\"><\/span><strong><strong><strong><strong><strong>Persepolis &#8211; \u0130ran<\/strong><\/strong><\/strong><\/strong><\/strong><span class=\"ez-toc-section-end\"><\/span><\/h3>\n\n\n\n<figure class=\"wp-block-image size-large\"><img width=\"800\" height=\"500\" decoding=\"async\" src=\"data:image\/svg+xml;base64,PHN2ZyB4bWxucz0iaHR0cDovL3d3dy53My5vcmcvMjAwMC9zdmciIHdpZHRoPSI4MDAiIGhlaWdodD0iNTAwIj48cmVjdCB3aWR0aD0iMTAwJSIgaGVpZ2h0PSIxMDAlIj48YW5pbWF0ZSBhdHRyaWJ1dGVOYW1lPSJmaWxsIiB2YWx1ZXM9InJnYmEoMTUzLDE1MywxNTMsMC41KTtyZ2JhKDE1MywxNTMsMTUzLDAuMSk7cmdiYSgxNTMsMTUzLDE1MywwLjUpIiBkdXI9IjJzIiByZXBlYXRDb3VudD0iaW5kZWZpbml0ZSIgLz48L3JlY3Q+PC9zdmc+\" alt=\"\" data-public-id=\"Tahran-Iran_zpbjd3\/Tahran-Iran_zpbjd3.jpg\" class=\"wp-post-25797 wp-image-1069\" data-format=\"jpg\" data-transformations=\"f_auto,q_auto\/f_auto,q_auto:low\" data-version=\"1461740332\" data-seo=\"1\" data-size=\"800 500\" data-srcset=\"https:\/\/res.cloudinary.com\/turna\/images\/f_auto,q_auto\/f_auto,q_auto\/f_auto,q_auto:low\/v1461740332\/Tahran-Iran_zpbjd3\/Tahran-Iran_zpbjd3.jpg?_i=AA 800w, https:\/\/res.cloudinary.com\/turna\/images\/w_300,h_188,c_scale\/f_auto,q_auto\/f_auto,q_auto\/f_auto,q_auto:low\/v1461740332\/Tahran-Iran_zpbjd3\/Tahran-Iran_zpbjd3.jpg?_i=AA 300w, https:\/\/res.cloudinary.com\/turna\/images\/w_672,h_420,c_scale\/f_auto,q_auto\/f_auto,q_auto\/f_auto,q_auto:low\/v1461740332\/Tahran-Iran_zpbjd3\/Tahran-Iran_zpbjd3.jpg?_i=AA 672w, https:\/\/res.cloudinary.com\/turna\/images\/w_640,h_400,c_scale\/f_auto,q_auto\/f_auto,q_auto\/f_auto,q_auto:low\/v1461740332\/Tahran-Iran_zpbjd3\/Tahran-Iran_zpbjd3.jpg?_i=AA 640w, https:\/\/res.cloudinary.com\/turna\/images\/w_681,h_426,c_scale\/f_auto,q_auto\/f_auto,q_auto\/f_auto,q_auto:low\/v1461740332\/Tahran-Iran_zpbjd3\/Tahran-Iran_zpbjd3.jpg?_i=AA 681w\" data-sizes=\"(max-width: 800px) 100vw, 800px\" data-delivery=\"upload\" onload=\";window.CLDBind?CLDBind(this):null;\" data-cloudinary=\"lazy\" \/><\/figure>\n\n\n\n<p>Modern d\u00fcnya tarihinin en etkileyici grafik romanlar\u0131ndan biri olan Persepolis\u2019in animasyon uyarlamas\u0131, sizi \u0130ran\u2019\u0131n karma\u015f\u0131k ama bir o kadar da derin ruhuna g\u00f6t\u00fcr\u00fcyor. Film, k\u00fc\u00e7\u00fck Marjane\u2019\u0131n g\u00f6z\u00fcnden 1979 Devrimi \u00f6ncesi ve sonras\u0131 \u0130ran\u2019\u0131 anlat\u0131rken, asl\u0131nda bize bir \u00fclkenin sadece haber b\u00fcltenlerinden ibaret olmad\u0131\u011f\u0131n\u0131 g\u00f6steriyor. Tahran\u2019\u0131n siyah-beyaz \u00e7izgilerle anlat\u0131lan atmosferi, izleyiciye \u015fehrin h\u00fczn\u00fcn\u00fc, sevincini, yasaklar\u0131n\u0131 ve o yasaklar\u0131n ard\u0131ndaki s\u00f6nmeyen ya\u015fam enerjisini hissettiriyor.&nbsp;<\/p>\n\n\n\n<p>Persepolis\u2019i izledi\u011finizde, \u0130ran halk\u0131n\u0131n sanata ve \u00f6zg\u00fcrl\u00fc\u011fe olan d\u00fc\u015fk\u00fcnl\u00fc\u011f\u00fcn\u00fc, o me\u015fhur misafirperverliklerinin ard\u0131ndaki derin k\u00fclt\u00fcrel birikimi daha iyi kavrayacaks\u0131n\u0131z. \u0130ran seyahati bir ke\u015fiften ziyade bir anlama yolculu\u011fudur ve Persepolis bu yolculukta size en d\u00fcr\u00fcst rehberli\u011fi yapacak olan yap\u0131md\u0131r. Filmi be\u011fenirseniz \u00e7izgi roman\u0131n\u0131 da okuman\u0131z\u0131 kesinlikle tavsiye ederim.<\/p>\n\n\n\n<h3 class=\"wp-block-heading has-text-align-center has-neeon-button-dark-gray-color has-text-color has-link-color wp-elements-42a6e5942b21b4f052b368c2ccddc876\"><span class=\"ez-toc-section\" id=\"coco_%e2%80%93_meksika\"><\/span><strong><strong><strong><strong><strong>Coco &#8211; Meksika<\/strong><\/strong><\/strong><\/strong><\/strong><span class=\"ez-toc-section-end\"><\/span><\/h3>\n\n\n\n<figure class=\"wp-block-image size-large\"><img decoding=\"async\" src=\"https:\/\/res.cloudinary.com\/turna\/image\/upload\/v1769162325\/wordpress-contents\/%C3%96l%C3%BCler_G%C3%BCn%C3%BC.jpg\" alt=\"\"\/><\/figure>\n\n\n\n<p>Meksika\u2019ya gitmek i\u00e7in binlerce sebebiniz olabilir ama Coco\u2019yu izledikten sonra tek bir sebebiniz kalacak: O renkli, g\u00fcr\u00fclt\u00fcl\u00fc ve sevgi dolu k\u00fclt\u00fcre bir an \u00f6nce dokunmak. Animasyon, m\u00fczik tutkunu k\u00fc\u00e7\u00fck Miguel\u2019in, Meksika\u2019n\u0131n en \u00f6nemli geleneklerinden biri olan D\u00eda de los Muertos (\u00d6l\u00fcler G\u00fcn\u00fc) s\u0131ras\u0131nda yanl\u0131\u015fl\u0131kla \u00f6l\u00fcler diyar\u0131na ge\u00e7i\u015fini anlat\u0131yor. Ancak korkmay\u0131n, bu diyar karanl\u0131k de\u011fil; Meksika\u2019n\u0131n sokaklar\u0131 gibi canl\u0131, turuncu kadife \u00e7i\u00e7ekleriyle s\u00fcsl\u00fc ve her daim m\u00fczik dolu.<\/p>\n\n\n\n<p>Meksika seyahatinizde kar\u015f\u0131la\u015faca\u011f\u0131n\u0131z o devasa meydanlar, her k\u00f6\u015feden f\u0131rlayan mariachi gruplar\u0131 ve sofralar\u0131n vazge\u00e7ilmezi olan o ac\u0131l\u0131 ama lezzetli yemekler, Coco ile zihninizde bir b\u00fct\u00fcn haline gelecek. \u00d6zellikle Guanajuato gibi \u015fehirlere giderseniz, filmdeki o dikey yerle\u015fimin ve rengarenk evlerin sadece bir hayal \u00fcr\u00fcn\u00fc olmad\u0131\u011f\u0131n\u0131, Meksika\u2019n\u0131n kendisi oldu\u011funu g\u00f6receksiniz. Coco\u2019yu izlemeden Meksika\u2019ya giderseniz, sadece bir turistsinizdir; izleyip giderseniz, o festivalin bir par\u00e7as\u0131 gibi hissedersiniz.<\/p>\n\n\n\n<h3 class=\"wp-block-heading has-text-align-center has-neeon-button-dark-gray-color has-text-color has-link-color wp-elements-be4a3c05226839e7431a8a4845dbb205\"><span class=\"ez-toc-section\" id=\"loving_vincent_%e2%80%93_hollanda\"><\/span><strong><strong><strong><strong><strong>Loving Vincent &#8211; Hollanda<\/strong><\/strong><\/strong><\/strong><\/strong><span class=\"ez-toc-section-end\"><\/span><\/h3>\n\n\n\n<figure class=\"wp-block-image size-large\"><img decoding=\"async\" src=\"https:\/\/res.cloudinary.com\/turna\/image\/upload\/v1775462474\/wordpress-contents\/Lisse_Hollanda_26.jpg\" alt=\"\"\/><\/figure>\n\n\n\n<p>D\u00fcnyan\u0131n ilk tamamen ya\u011fl\u0131 boya ile yap\u0131lm\u0131\u015f animasyon filmi olan Loving Vincent, sizi do\u011frudan bir tablonun i\u00e7ine davet ediyor. Hollandal\u0131 efsanevi ressam Vincent van Gogh\u2019un trajik hayat\u0131n\u0131 ve gizemli \u00f6l\u00fcm\u00fcn\u00fc konu alan bu yap\u0131m, her karesiyle bir sanat eseri. Hollanda seyahatinizde Amsterdam\u2019daki Van Gogh M\u00fczesi\u2019ne gitmeyi planl\u0131yorsan\u0131z, bu filmi izlemek o m\u00fczedeki f\u0131r\u00e7a darbelerinin canland\u0131\u011f\u0131n\u0131 g\u00f6rmenize neden olacak. Film Van Gogh\u2019un d\u00fcnyay\u0131 nas\u0131l g\u00f6rd\u00fc\u011f\u00fcn\u00fc, o me\u015fhur sar\u0131 ve mavi tonlar\u0131n Hollanda ve Fransa topraklar\u0131ndaki k\u00f6kenlerini hissettiriyor.&nbsp;<\/p>\n\n\n\n<p>Hollanda\u2019n\u0131n o karakteristik yel de\u011firmenleri, u\u00e7suz bucaks\u0131z lale tarlalar\u0131 ve kuzeyin o kendine has \u0131\u015f\u0131\u011f\u0131, animasyon boyunca ruhunuza s\u0131z\u0131yor. Loving Vincent\u2019\u0131 izledikten sonra Hollanda\u2019n\u0131n k\u00fc\u00e7\u00fck kasabalar\u0131nda veya Amsterdam\u2019\u0131n kanallar\u0131nda y\u00fcr\u00fcrken, etraf\u0131n\u0131zdaki her manzaraya birer tabloymu\u015f gibi bakmaya ba\u015flayacaks\u0131n\u0131z.&nbsp;<\/p>\n\n\n\n<p>Filme ait \u00e7izimleri ve daha fazlas\u0131n\u0131 <strong><a href=\"https:\/\/lovingvincent.com\/\" target=\"_blank\" rel=\"noopener\">buradan<\/a><\/strong> inceleyebilirsiniz.<\/p>\n\n\n\n<h3 class=\"wp-block-heading has-text-align-center has-neeon-button-dark-gray-color has-text-color has-link-color wp-elements-ffa23f8839ac9b822643d56c105ed0a5\"><span class=\"ez-toc-section\" id=\"luca_%e2%80%93_italya\"><\/span><strong><strong><strong><strong><strong>Luca &#8211; \u0130talya&nbsp;<\/strong><\/strong><\/strong><\/strong><\/strong><span class=\"ez-toc-section-end\"><\/span><\/h3>\n\n\n\n<figure class=\"wp-block-image size-large\"><img decoding=\"async\" src=\"https:\/\/res.cloudinary.com\/turna\/image\/upload\/v1776162647\/wordpress-contents\/Cinque_Terre_26.jpg\" alt=\"animasyon\"\/><\/figure>\n\n\n\n<p>\u0130talyan Rivieras\u0131\u2019n\u0131n o me\u015fhur Cinque Terre b\u00f6lgesinden esinlenen hayali Portorosso kasabas\u0131nda ge\u00e7en film, deniz canavar\u0131 olan iki arkada\u015f\u0131n karaya \u00e7\u0131k\u0131p insan gibi ya\u015fama \u00e7abalar\u0131n\u0131 anlat\u0131yor. Ama as\u0131l hikaye, o muazzam \u0130talyan yaz\u0131! Makarnalar, meydandaki f\u0131skiyeler, darac\u0131k yoku\u015flu sokaklar ve elbette o sonsuz mavi deniz. Filmi izledikten sonra \u0130talya\u2019n\u0131n kuzey k\u0131y\u0131lar\u0131na gitti\u011finizde, Portorosso\u2019nun o s\u0131cakl\u0131\u011f\u0131n\u0131 her yerde hissedeceksiniz. Bir \u0130talyan restoran\u0131nda yedi\u011finiz pestolu makarnan\u0131n tad\u0131, animasyondaki o ne\u015feli sofralar\u0131 hat\u0131rlatacak; her g\u00f6rd\u00fc\u011f\u00fcn\u00fcz eski model Vespa\u2019ya atlay\u0131p tepelere s\u00fcrme iste\u011fi duyacaks\u0131n\u0131z. Luca, seyahat etmeden \u00f6nce size yava\u015flamay\u0131, an\u0131n tad\u0131n\u0131 \u00e7\u0131karmay\u0131 ve bir dondurman\u0131n d\u00fcnyan\u0131n en \u00f6nemli meselesi olabilece\u011fini \u00f6\u011freten en e\u011flenceli \u0130talya rehberidir.<\/p>\n\n\n\n<h3 class=\"wp-block-heading has-text-align-center has-neeon-button-dark-gray-color has-text-color has-link-color wp-elements-c7463497dd1ee0345f07f49b1f1d4b87\"><span class=\"ez-toc-section\" id=\"spirited_away_%e2%80%93_japonya\"><\/span><strong><strong><strong><strong><strong>Spirited Away &#8211; Japonya<\/strong><\/strong><\/strong><\/strong><\/strong><span class=\"ez-toc-section-end\"><\/span><\/h3>\n\n\n\n<figure class=\"wp-block-image size-large\"><img decoding=\"async\" src=\"https:\/\/res.cloudinary.com\/turna\/image\/upload\/v1777289133\/wordpress-contents\/japonyanimasyon.jpg\" alt=\"\"\/><\/figure>\n\n\n\n<p>Japonya denince akla gelen o y\u00fcksek teknoloji ve robotlar\u0131n \u00f6tesindeki ger\u00e7ek ruhu merak ediyorsan\u0131z, Hayao Miyazaki\u2019nin \u015faheseri ve benimde listedeki favorim Spirited Away sizin pusulan\u0131z olmal\u0131. K\u00fc\u00e7\u00fck Chihiro\u2019nun tanr\u0131lar ve ruhlarla dolu b\u00fcy\u00fcl\u00fc bir d\u00fcnyaya ad\u0131m at\u0131\u015f\u0131n\u0131 anlayan bu film, Japon k\u00fclt\u00fcr\u00fcn\u00fcn kalbindeki \u015einto inanc\u0131n\u0131 ve geleneksel banyo evlerini (Onsen) muazzam bir \u015fekilde i\u015fliyor. Japonya\u2019ya gitti\u011finizde o devasa g\u00f6kdelenlerin aras\u0131nda bile hissedilen o mistik huzur ve sayg\u0131, bu animasyonun her karesinde gizli.&nbsp;<\/p>\n\n\n\n<p>Bu filmi izledikten sonra Japonya\u2019daki tap\u0131naklara girdi\u011finizde veya tarihi banyolar\u0131 ziyaret etti\u011finizde, etraf\u0131n\u0131zdaki nesnelerin bir ruhu oldu\u011funa inanmaya ba\u015flayabilirsiniz. Spirited Away, size Japonya\u2019n\u0131n g\u00f6r\u00fcnen y\u00fcz\u00fcn\u00fc de\u011fil, o g\u00f6r\u00fcnenin ard\u0131ndaki derin maneviyat\u0131 ve do\u011fa ile olan kopmaz ba\u011f\u0131n\u0131 anlat\u0131yor. Tokyo\u2019nun kalabal\u0131\u011f\u0131nda kaybolmadan \u00f6nce bu b\u00fcy\u00fcl\u00fc d\u00fcnyay\u0131 solumak, seyahatiniz boyunca kar\u015f\u0131la\u015faca\u011f\u0131n\u0131z o k\u00fc\u00e7\u00fck detaylar\u0131, rit\u00fcelleri ve nezaketi anlamland\u0131rman\u0131z\u0131 sa\u011flayacak.<\/p>\n\n\n\n<h3 class=\"wp-block-heading has-text-align-center has-neeon-button-dark-gray-color has-text-color has-link-color wp-elements-f17450deb26d6bb4f8e13b2aa61cc1f4\"><span class=\"ez-toc-section\" id=\"rio_%e2%80%93_brezilya\"><\/span><strong><strong><strong><strong><strong>Rio &#8211; Brezilya<\/strong><\/strong><\/strong><\/strong><\/strong><span class=\"ez-toc-section-end\"><\/span><\/h3>\n\n\n\n<figure class=\"wp-block-image size-large\"><img width=\"800\" height=\"500\" decoding=\"async\" src=\"data:image\/svg+xml;base64,PHN2ZyB4bWxucz0iaHR0cDovL3d3dy53My5vcmcvMjAwMC9zdmciIHdpZHRoPSI4MDAiIGhlaWdodD0iNTAwIj48cmVjdCB3aWR0aD0iMTAwJSIgaGVpZ2h0PSIxMDAlIj48YW5pbWF0ZSBhdHRyaWJ1dGVOYW1lPSJmaWxsIiB2YWx1ZXM9InJnYmEoMTUzLDE1MywxNTMsMC41KTtyZ2JhKDE1MywxNTMsMTUzLDAuMSk7cmdiYSgxNTMsMTUzLDE1MywwLjUpIiBkdXI9IjJzIiByZXBlYXRDb3VudD0iaW5kZWZpbml0ZSIgLz48L3JlY3Q+PC9zdmc+\" alt=\"\" data-public-id=\"rioblog3\/rioblog3.jpg\" class=\"wp-post-25797 wp-image-17635\" data-format=\"jpg\" data-transformations=\"f_auto,q_auto:low\" data-version=\"1603954924\" data-seo=\"1\" data-size=\"800 500\" data-srcset=\"https:\/\/res.cloudinary.com\/turna\/images\/f_auto,q_auto:low\/v1603954924\/rioblog3\/rioblog3.jpg?_i=AA 800w, https:\/\/res.cloudinary.com\/turna\/images\/w_300,h_188,c_scale\/f_auto,q_auto:low\/v1603954924\/rioblog3\/rioblog3.jpg?_i=AA 300w, https:\/\/res.cloudinary.com\/turna\/images\/w_672,h_420,c_scale\/f_auto,q_auto:low\/v1603954924\/rioblog3\/rioblog3.jpg?_i=AA 672w, https:\/\/res.cloudinary.com\/turna\/images\/w_640,h_400,c_scale\/f_auto,q_auto:low\/v1603954924\/rioblog3\/rioblog3.jpg?_i=AA 640w, https:\/\/res.cloudinary.com\/turna\/images\/w_681,h_426,c_scale\/f_auto,q_auto:low\/v1603954924\/rioblog3\/rioblog3.jpg?_i=AA 681w\" data-sizes=\"(max-width: 800px) 100vw, 800px\" data-delivery=\"upload\" onload=\";window.CLDBind?CLDBind(this):null;\" data-cloudinary=\"lazy\" \/><\/figure>\n\n\n\n<p>Brezilya demek enerji demek, renk demek, ritim demek. Rio filmi de bu enerjinin animasyon hali. Nadir bulunan bir ku\u015f olan Blu\u2019nun, konforlu hayat\u0131n\u0131 b\u0131rak\u0131p Rio de Janeiro\u2019nun vah\u015fi ve bir o kadar da e\u011flenceli sokaklar\u0131na savrulu\u015funu izlerken, oturdu\u011funuz yerde samba yapmaya ba\u015flayabilirsiniz. Kurtar\u0131c\u0131 \u0130sa heykelinin tepesinden s\u00fcz\u00fcl\u00fcrken g\u00f6rd\u00fc\u011f\u00fcn\u00fcz o manzara, plajlar\u0131n canl\u0131l\u0131\u011f\u0131, filmin her an\u0131nda sizi Rio\u2019ya \u00e7a\u011f\u0131r\u0131yor ba\u011f\u0131r\u0131yor.&nbsp;<\/p>\n\n\n\n<p>Filmin o muazzam renk paleti ve Rio Karnaval\u0131\u2019n\u0131n co\u015fkusu, sizi bu \u00fclkenin insanlar\u0131n\u0131n hayata bak\u0131\u015f a\u00e7\u0131s\u0131na haz\u0131rlar. Brezilya\u2019ya gitti\u011finizde, filmdeki o ne\u015feli kaosun, her an her yerden \u00e7\u0131kabilecek bir m\u00fczik sesinin ve insanlar\u0131n bitmek bilmeyen ya\u015fam sevincinin ne kadar ger\u00e7ek oldu\u011funu g\u00f6receksiniz. Valizinize birka\u00e7 renkli k\u0131yafet atmadan \u00f6nce bu animasyonu mutlaka izleyin ve unutmay\u0131n: Rio\u2019da griye yer yok!<\/p>\n\n\n\n<h3 class=\"wp-block-heading has-text-align-center has-neeon-button-dark-gray-color has-text-color has-link-color wp-elements-49880c41c5b335ac7aaf1e7726e36c74\"><span class=\"ez-toc-section\" id=\"song_of_the_sea_%e2%80%93_irlanda\"><\/span><strong><strong><strong><strong><strong>Song of the Sea &#8211; \u0130rlanda<\/strong><\/strong><\/strong><\/strong><\/strong><span class=\"ez-toc-section-end\"><\/span><\/h3>\n\n\n\n<figure class=\"wp-block-image size-large\"><img decoding=\"async\" src=\"https:\/\/res.cloudinary.com\/turna\/image\/upload\/v1777285381\/wordpress-contents\/irlanda1.jpg\" alt=\"\"\/><\/figure>\n\n\n\n<p>\u0130rlanda\u2019n\u0131n sisli tepeleri, h\u0131r\u00e7\u0131n okyanusu ve dilden dile dola\u015fan efsaneleri ilginizi \u00e7ekiyorsa, Song of the Sea sizi b\u00fcy\u00fclemeye haz\u0131r. \u0130rlanda mitolojisindeki fok derisine b\u00fcr\u00fcnen insanlar\u0131 konu alan Selkie efsanesinden yola \u00e7\u0131kan film, muhte\u015fem g\u00f6rsel diliyle sizi Z\u00fcmr\u00fct Ada\u2019n\u0131n tam ortas\u0131na b\u0131rak\u0131yor. \u0130rlanda\u2019n\u0131n o me\u015fhur ye\u015filinin her tonunu, ya\u011fmurun sesini ve r\u00fczgar\u0131n f\u0131s\u0131lt\u0131s\u0131n\u0131 bu animasyonda duyabiliyorsunuz.&nbsp;<\/p>\n\n\n\n<p>E\u011fer Dublin\u2019in d\u0131\u015f\u0131na \u00e7\u0131k\u0131p Cliffs of Moher gibi u\u00e7urumlara veya \u0130rlanda\u2019n\u0131n vah\u015fi bat\u0131 k\u0131y\u0131lar\u0131na gitmeyi d\u00fc\u015f\u00fcn\u00fcyorsan\u0131z, Song of the Sea size o topraklara nas\u0131l bakman\u0131z gerekti\u011fini \u00f6\u011fretecek. Ta\u015flar\u0131n, a\u011fa\u00e7lar\u0131n ve denizin bir hikayesi oldu\u011funu fark edecek; \u0130rlandal\u0131lar\u0131n neden bu kadar anlatmay\u0131 seven, masals\u0131 insanlar oldu\u011funu anlayacaks\u0131n\u0131z. U\u00e7ak bileti almadan \u00f6nce bu \u015fark\u0131ya kulak verin; \u0130rlanda sizi bekliyor!<\/p>\n\n    <div class=\"xs_social_share_widget xs_share_url after_content \t\tmain_content  wslu-style-1 wslu-share-box-shaped wslu-fill-colored wslu-none wslu-share-horizontal wslu-theme-font-no wslu-main_content\">\n\n\t\t\n        <ul>\n\t\t\t        <\/ul>\n    <\/div> \n","protected":false},"excerpt":{"rendered":"<p>Kabul edelim, bazen bir u\u00e7ak bileti almadan \u00e7ok \u00f6nce, ruhumuz \u00e7oktan seyahate \u00e7\u0131km\u0131\u015f oluyor. Ofis masas\u0131nda dosya kovalarken, trafi\u011fin tam ortas\u0131nda kalm\u0131\u015fken ya da koltu\u011fumuza uzanm\u0131\u015f tavana bakarken bizi al\u0131p hayalimizdeki o \u015fehre g\u00f6t\u00fcren bir \u015feyler ar\u0131yoruz. \u00c7ocuk i\u015fi deyip ge\u00e7ilen ama asl\u0131nda bir yerin ruhunu en saf, en renkli ve en d\u00fcr\u00fcst haliyle anlatan [&hellip;]<\/p>\n","protected":false},"author":45,"featured_media":25798,"comment_status":"open","ping_status":"open","sticky":false,"template":"","format":"standard","meta":{"rop_custom_images_group":[],"rop_custom_messages_group":[],"rop_publish_now":"initial","rop_publish_now_accounts":[],"rop_publish_now_history":[],"rop_publish_now_status":"pending","_cloudinary_featured_overwrite":false,"footnotes":""},"categories":[440,101,29,1255,27,817,1588],"tags":[5657,5577,379,40,616],"class_list":["post-25797","post","type-post","status-publish","format-standard","has-post-thumbnail","hentry","category-brezilya","category-fransa","category-hollanda","category-irlanda","category-italya","category-japonya","category-meksika","tag-animasyon","tag-film","tag-fransa","tag-italya","tag-japonya"],"_links":{"self":[{"href":"https:\/\/www.turna.com\/blog\/wp-json\/wp\/v2\/posts\/25797","targetHints":{"allow":["GET"]}}],"collection":[{"href":"https:\/\/www.turna.com\/blog\/wp-json\/wp\/v2\/posts"}],"about":[{"href":"https:\/\/www.turna.com\/blog\/wp-json\/wp\/v2\/types\/post"}],"author":[{"embeddable":true,"href":"https:\/\/www.turna.com\/blog\/wp-json\/wp\/v2\/users\/45"}],"replies":[{"embeddable":true,"href":"https:\/\/www.turna.com\/blog\/wp-json\/wp\/v2\/comments?post=25797"}],"version-history":[{"count":0,"href":"https:\/\/www.turna.com\/blog\/wp-json\/wp\/v2\/posts\/25797\/revisions"}],"wp:featuredmedia":[{"embeddable":true,"href":"https:\/\/www.turna.com\/blog\/wp-json\/wp\/v2\/media\/25798"}],"wp:attachment":[{"href":"https:\/\/www.turna.com\/blog\/wp-json\/wp\/v2\/media?parent=25797"}],"wp:term":[{"taxonomy":"category","embeddable":true,"href":"https:\/\/www.turna.com\/blog\/wp-json\/wp\/v2\/categories?post=25797"},{"taxonomy":"post_tag","embeddable":true,"href":"https:\/\/www.turna.com\/blog\/wp-json\/wp\/v2\/tags?post=25797"}],"curies":[{"name":"wp","href":"https:\/\/api.w.org\/{rel}","templated":true}]}}