{"id":2577,"date":"2016-05-26T14:54:49","date_gmt":"2016-05-26T11:54:49","guid":{"rendered":"https:\/\/www.turna.com\/blog\/?p=2577"},"modified":"2022-01-17T15:05:30","modified_gmt":"2022-01-17T12:05:30","slug":"dunyanin-en-gosterisli-yerleri","status":"publish","type":"post","link":"https:\/\/www.turna.com\/blog\/dunyanin-en-gosterisli-yerleri","title":{"rendered":"D\u00fcnyan\u0131n En G\u00f6rkemli Tap\u0131naklar\u0131 ve G\u00f6steri\u015fli Yerleri"},"content":{"rendered":"<div id=\"ez-toc-container\" class=\"ez-toc-v2_0_82_2 counter-hierarchy ez-toc-counter ez-toc-black ez-toc-container-direction\">\n<div class=\"ez-toc-title-container\">\n<p class=\"ez-toc-title\" style=\"cursor:inherit\">\u0130\u00e7indekiler<\/p>\n<span class=\"ez-toc-title-toggle\"><a href=\"#\" class=\"ez-toc-pull-right ez-toc-btn ez-toc-btn-xs ez-toc-btn-default ez-toc-toggle\" aria-label=\"\u0130\u00e7indekiler Tablosunu A\u00e7\/Kapat\"><span class=\"ez-toc-js-icon-con\"><span class=\"\"><span class=\"eztoc-hide\" style=\"display:none;\">Toggle<\/span><span class=\"ez-toc-icon-toggle-span\"><svg style=\"fill: #ffffff;color:#ffffff\" xmlns=\"http:\/\/www.w3.org\/2000\/svg\" class=\"list-377408\" width=\"20px\" height=\"20px\" viewBox=\"0 0 24 24\" fill=\"none\"><path d=\"M6 6H4v2h2V6zm14 0H8v2h12V6zM4 11h2v2H4v-2zm16 0H8v2h12v-2zM4 16h2v2H4v-2zm16 0H8v2h12v-2z\" fill=\"currentColor\"><\/path><\/svg><svg style=\"fill: #ffffff;color:#ffffff\" class=\"arrow-unsorted-368013\" xmlns=\"http:\/\/www.w3.org\/2000\/svg\" width=\"10px\" height=\"10px\" viewBox=\"0 0 24 24\" version=\"1.2\" baseProfile=\"tiny\"><path d=\"M18.2 9.3l-6.2-6.3-6.2 6.3c-.2.2-.3.4-.3.7s.1.5.3.7c.2.2.4.3.7.3h11c.3 0 .5-.1.7-.3.2-.2.3-.5.3-.7s-.1-.5-.3-.7zM5.8 14.7l6.2 6.3 6.2-6.3c.2-.2.3-.5.3-.7s-.1-.5-.3-.7c-.2-.2-.4-.3-.7-.3h-11c-.3 0-.5.1-.7.3-.2.2-.3.5-.3.7s.1.5.3.7z\"\/><\/svg><\/span><\/span><\/span><\/a><\/span><\/div>\n<nav><ul class='ez-toc-list ez-toc-list-level-1 eztoc-toggle-hide-by-default' ><li class='ez-toc-page-1 ez-toc-heading-level-2'><a class=\"ez-toc-link ez-toc-heading-1\" href=\"https:\/\/www.turna.com\/blog\/dunyanin-en-gosterisli-yerleri\/#dunyanin_en_gosterisli_yerleri\" >D\u00fcnyan\u0131n En G\u00f6steri\u015fli Yerleri<\/a><ul class='ez-toc-list-level-3' ><li class='ez-toc-heading-level-3'><a class=\"ez-toc-link ez-toc-heading-2\" href=\"https:\/\/www.turna.com\/blog\/dunyanin-en-gosterisli-yerleri\/#1_luxor_misir\" >1. Luxor, M\u0131s\u0131r<\/a><\/li><\/ul><\/li><li class='ez-toc-page-1 ez-toc-heading-level-2'><a class=\"ez-toc-link ez-toc-heading-3\" href=\"https:\/\/www.turna.com\/blog\/dunyanin-en-gosterisli-yerleri\/#2_kremlin_sarayi_rusya\" >2. Kremlin Saray\u0131, Rusya<\/a><\/li><li class='ez-toc-page-1 ez-toc-heading-level-2'><a class=\"ez-toc-link ez-toc-heading-4\" href=\"https:\/\/www.turna.com\/blog\/dunyanin-en-gosterisli-yerleri\/#3_ayasofya_turkiye\" >3. Ayasofya, T\u00fcrkiye<\/a><\/li><li class='ez-toc-page-1 ez-toc-heading-level-2'><a class=\"ez-toc-link ez-toc-heading-5\" href=\"https:\/\/www.turna.com\/blog\/dunyanin-en-gosterisli-yerleri\/#4_st_peter_bazilikasi_vatikan\" >4. St. Peter Bazilikas\u0131, Vatikan<\/a><\/li><li class='ez-toc-page-1 ez-toc-heading-level-2'><a class=\"ez-toc-link ez-toc-heading-6\" href=\"https:\/\/www.turna.com\/blog\/dunyanin-en-gosterisli-yerleri\/#5_beyaz_saray_abd\" >5. Beyaz Saray, ABD<\/a><\/li><li class='ez-toc-page-1 ez-toc-heading-level-2'><a class=\"ez-toc-link ez-toc-heading-7\" href=\"https:\/\/www.turna.com\/blog\/dunyanin-en-gosterisli-yerleri\/#6_versay_sarayi_fransa\" >6. Versay Saray\u0131, Fransa<\/a><\/li><li class='ez-toc-page-1 ez-toc-heading-level-2'><a class=\"ez-toc-link ez-toc-heading-8\" href=\"https:\/\/www.turna.com\/blog\/dunyanin-en-gosterisli-yerleri\/#7_schonbrunn_sarayi_avusturya\" >7. Sch\u00f6nbrunn Saray\u0131, Avusturya<\/a><\/li><li class='ez-toc-page-1 ez-toc-heading-level-2'><a class=\"ez-toc-link ez-toc-heading-9\" href=\"https:\/\/www.turna.com\/blog\/dunyanin-en-gosterisli-yerleri\/#8_chichen_itza_meksika\" >8. Chich\u00e9n Itz\u00e1, Meksika<\/a><\/li><\/ul><\/nav><\/div>\n<p>D\u00fcnyan\u0131n d\u00f6rt bir yan\u0131nda insanl\u0131k tarihine tan\u0131kl\u0131k eden birbirinden g\u00f6steri\u015fli yap\u0131lar bulunuyor. Bir\u00e7o\u011fu insanl\u0131k tarihine y\u00f6n veren olaylara konu olan yap\u0131lar, ge\u00e7mi\u015fte farkl\u0131 milletlerin haf\u0131zas\u0131nda \u00f6nemli anlara ev sahipli\u011fi yapm\u0131\u015f.<\/p>\n<p>Bug\u00fcn seyahatseverlerin ilgisini \u00e7eken, yeni yerler g\u00f6rmek ve ke\u015ffetmek isteyenlerin ziyaret etti\u011fi bu g\u00fczel yerler, y\u0131l\u0131n her d\u00f6nemi pop\u00fclerli\u011fini kaybetmiyor.<\/p>\n<h2><span class=\"ez-toc-section\" id=\"dunyanin_en_gosterisli_yerleri\"><\/span><strong>D\u00fcnyan\u0131n En G\u00f6steri\u015fli Yerleri<\/strong><span class=\"ez-toc-section-end\"><\/span><\/h2>\n<h3><span class=\"ez-toc-section\" id=\"1_luxor_misir\"><\/span><strong>1. Luxor, M\u0131s\u0131r<\/strong><span class=\"ez-toc-section-end\"><\/span><\/h3>\n<p><a href=\"https:\/\/www.turna.com\/blog\/dunyanin-en-gosterisli-yerleri\/2\"><img width=\"800\" height=\"500\" data-public-id=\"Luxor-Tapinak_blpvtx\/Luxor-Tapinak_blpvtx.jpg\" fetchpriority=\"high\" decoding=\"async\" class=\"alignnone wp-post-2577 wp-image-2732\" src=\"https:\/\/res.cloudinary.com\/turna\/images\/w_800,h_500,c_scale\/f_auto,q_auto\/f_auto,q_auto:low\/v1464302259\/Luxor-Tapinak_blpvtx\/Luxor-Tapinak_blpvtx.jpg?_i=AA\" data-format=\"jpg\" data-transformations=\"f_auto,q_auto\/f_auto,q_auto:low\" data-version=\"1464302259\" data-seo=\"1\" srcset=\"https:\/\/res.cloudinary.com\/turna\/images\/w_300,h_188,c_scale\/f_auto,q_auto\/f_auto,q_auto\/f_auto,q_auto:low\/v1464302259\/Luxor-Tapinak_blpvtx\/Luxor-Tapinak_blpvtx.jpg?_i=AA 300w, https:\/\/res.cloudinary.com\/turna\/images\/w_672,h_420,c_scale\/f_auto,q_auto\/f_auto,q_auto\/f_auto,q_auto:low\/v1464302259\/Luxor-Tapinak_blpvtx\/Luxor-Tapinak_blpvtx.jpg?_i=AA 672w, https:\/\/res.cloudinary.com\/turna\/images\/w_640,h_400,c_scale\/f_auto,q_auto\/f_auto,q_auto\/f_auto,q_auto:low\/v1464302259\/Luxor-Tapinak_blpvtx\/Luxor-Tapinak_blpvtx.jpg?_i=AA 640w, https:\/\/res.cloudinary.com\/turna\/images\/w_681,h_426,c_scale\/f_auto,q_auto\/f_auto,q_auto\/f_auto,q_auto:low\/v1464302259\/Luxor-Tapinak_blpvtx\/Luxor-Tapinak_blpvtx.jpg?_i=AA 681w, https:\/\/res.cloudinary.com\/turna\/images\/f_auto,q_auto\/f_auto,q_auto\/f_auto,q_auto:low\/v1464302259\/Luxor-Tapinak_blpvtx\/Luxor-Tapinak_blpvtx.jpg?_i=AA 800w\" sizes=\"(max-width: 800px) 100vw, 800px\" \/><\/a><\/p>\n<p>Antik M\u0131s\u0131r \u0130mparatorlu\u011fu&#8217;nun ba\u015fkenti olan Luxor, \u00e7ok say\u0131da tap\u0131nak ve antik yerle\u015fim yeriyle muhte\u015fem bir atmosfere sahip. Luxor Tap\u0131na\u011f\u0131, Karnak Tap\u0131na\u011f\u0131, antik mezarlar Luxor&#8217;da en \u00e7ok ziyaret edilen noktalardan.<\/p>\n<p>&nbsp;<\/p>\n<h2><span class=\"ez-toc-section\" id=\"2_kremlin_sarayi_rusya\"><\/span><strong>2. Kremlin Saray\u0131, Rusya<\/strong><span class=\"ez-toc-section-end\"><\/span><\/h2>\n<p><a href=\"https:\/\/www.turna.com\/blog\/dunyanin-en-gosterisli-yerleri\/3\"><img width=\"800\" height=\"500\" data-public-id=\"Kremlin-Sarayi_agjhh8\/Kremlin-Sarayi_agjhh8.jpg\" decoding=\"async\" class=\"alignnone wp-post-2577 wp-image-2733\" src=\"https:\/\/res.cloudinary.com\/turna\/images\/w_800,h_500,c_scale\/f_auto,q_auto:low\/v1464302276\/Kremlin-Sarayi_agjhh8\/Kremlin-Sarayi_agjhh8.jpg?_i=AA\" data-format=\"jpg\" data-transformations=\"f_auto,q_auto:low\" data-version=\"1464302276\" data-seo=\"1\" srcset=\"https:\/\/res.cloudinary.com\/turna\/images\/f_auto,q_auto:low\/v1464302276\/Kremlin-Sarayi_agjhh8\/Kremlin-Sarayi_agjhh8.jpg?_i=AA 800w, https:\/\/res.cloudinary.com\/turna\/images\/w_300,h_188,c_scale\/f_auto,q_auto:low\/v1464302276\/Kremlin-Sarayi_agjhh8\/Kremlin-Sarayi_agjhh8.jpg?_i=AA 300w, https:\/\/res.cloudinary.com\/turna\/images\/w_672,h_420,c_scale\/f_auto,q_auto:low\/v1464302276\/Kremlin-Sarayi_agjhh8\/Kremlin-Sarayi_agjhh8.jpg?_i=AA 672w, https:\/\/res.cloudinary.com\/turna\/images\/w_640,h_400,c_scale\/f_auto,q_auto:low\/v1464302276\/Kremlin-Sarayi_agjhh8\/Kremlin-Sarayi_agjhh8.jpg?_i=AA 640w, https:\/\/res.cloudinary.com\/turna\/images\/w_681,h_426,c_scale\/f_auto,q_auto:low\/v1464302276\/Kremlin-Sarayi_agjhh8\/Kremlin-Sarayi_agjhh8.jpg?_i=AA 681w\" sizes=\"(max-width: 800px) 100vw, 800px\" \/><\/a><\/p>\n<p>Rusya&#8217;n\u0131n ba\u015fkenti Moskova&#8217;da bulunan Kremlin Saray\u0131, devrim \u00f6ncesinde Rus \u00e7arlar\u0131n\u0131n ikamet etti\u011fi yerdi. 28 hektarl\u0131k bir alanda kurulu olan saray, Moskova&#8217;n\u0131n sembollerinden.<\/p>\n<p>&nbsp;<\/p>\n<h2><span class=\"ez-toc-section\" id=\"3_ayasofya_turkiye\"><\/span><strong>3. Ayasofya, T\u00fcrkiye<\/strong><span class=\"ez-toc-section-end\"><\/span><\/h2>\n<p><a href=\"https:\/\/www.turna.com\/blog\/dunyanin-en-gosterisli-yerleri\/4\"><img width=\"800\" height=\"500\" data-public-id=\"Ayasofya-Istanbul_u1is5k\/Ayasofya-Istanbul_u1is5k.jpg\" decoding=\"async\" class=\"alignnone wp-post-2577 wp-image-2734\" src=\"https:\/\/res.cloudinary.com\/turna\/images\/w_800,h_500,c_scale\/f_auto,q_auto\/f_auto,q_auto:low\/v1464302293\/Ayasofya-Istanbul_u1is5k\/Ayasofya-Istanbul_u1is5k.jpg?_i=AA\" data-format=\"jpg\" data-transformations=\"f_auto,q_auto\/f_auto,q_auto:low\" data-version=\"1464302293\" data-seo=\"1\" srcset=\"https:\/\/res.cloudinary.com\/turna\/images\/f_auto,q_auto\/f_auto,q_auto\/f_auto,q_auto:low\/v1464302293\/Ayasofya-Istanbul_u1is5k\/Ayasofya-Istanbul_u1is5k.jpg?_i=AA 800w, https:\/\/res.cloudinary.com\/turna\/images\/w_300,h_188,c_scale\/f_auto,q_auto\/f_auto,q_auto\/f_auto,q_auto:low\/v1464302293\/Ayasofya-Istanbul_u1is5k\/Ayasofya-Istanbul_u1is5k.jpg?_i=AA 300w, https:\/\/res.cloudinary.com\/turna\/images\/w_672,h_420,c_scale\/f_auto,q_auto\/f_auto,q_auto\/f_auto,q_auto:low\/v1464302293\/Ayasofya-Istanbul_u1is5k\/Ayasofya-Istanbul_u1is5k.jpg?_i=AA 672w, https:\/\/res.cloudinary.com\/turna\/images\/w_640,h_400,c_scale\/f_auto,q_auto\/f_auto,q_auto\/f_auto,q_auto:low\/v1464302293\/Ayasofya-Istanbul_u1is5k\/Ayasofya-Istanbul_u1is5k.jpg?_i=AA 640w, https:\/\/res.cloudinary.com\/turna\/images\/w_681,h_426,c_scale\/f_auto,q_auto\/f_auto,q_auto\/f_auto,q_auto:low\/v1464302293\/Ayasofya-Istanbul_u1is5k\/Ayasofya-Istanbul_u1is5k.jpg?_i=AA 681w\" sizes=\"(max-width: 800px) 100vw, 800px\" \/><\/a><\/p>\n<p>Bizans \u0130mparatoru I. J\u00fcstinyen taraf\u0131ndan \u0130stanbul&#8217;a in\u015fa ettirilen Ayasofya, katedral olarak kullan\u0131l\u0131yordu. Fatih Sultan Mehmet&#8217;in \u0130stanbul&#8217;u fethetmesiyle birlikte camiye d\u00f6n\u00fc\u015ft\u00fcr\u00fclen yap\u0131 g\u00fcn\u00fcm\u00fczde m\u00fcze olarak ziyarete a\u00e7\u0131k.<\/p>\n<p>&nbsp;<\/p>\n<h2><span class=\"ez-toc-section\" id=\"4_st_peter_bazilikasi_vatikan\"><\/span><strong>4. St. Peter Bazilikas\u0131, Vatikan<\/strong><span class=\"ez-toc-section-end\"><\/span><\/h2>\n<p><a href=\"https:\/\/www.turna.com\/blog\/dunyanin-en-gosterisli-yerleri\/5\"><img width=\"800\" height=\"500\" loading=\"lazy\" decoding=\"async\" class=\"alignnone wp-post-2577 wp-image-2735\" src=\"data:image\/svg+xml;base64,PHN2ZyB4bWxucz0iaHR0cDovL3d3dy53My5vcmcvMjAwMC9zdmciIHdpZHRoPSI4MDAiIGhlaWdodD0iNTAwIj48cmVjdCB3aWR0aD0iMTAwJSIgaGVpZ2h0PSIxMDAlIj48YW5pbWF0ZSBhdHRyaWJ1dGVOYW1lPSJmaWxsIiB2YWx1ZXM9InJnYmEoMTUzLDE1MywxNTMsMC41KTtyZ2JhKDE1MywxNTMsMTUzLDAuMSk7cmdiYSgxNTMsMTUzLDE1MywwLjUpIiBkdXI9IjJzIiByZXBlYXRDb3VudD0iaW5kZWZpbml0ZSIgLz48L3JlY3Q+PC9zdmc+\" data-public-id=\"St-Peters-Bazilika_lsfxjt\/St-Peters-Bazilika_lsfxjt.jpg\" data-format=\"jpg\" data-transformations=\"f_auto,q_auto\/f_auto,q_auto:low\" data-version=\"1464302312\" data-seo=\"1\" data-size=\"800 500\" data-srcset=\"https:\/\/res.cloudinary.com\/turna\/images\/w_300,h_188,c_scale\/f_auto,q_auto\/f_auto,q_auto\/f_auto,q_auto:low\/v1464302312\/St-Peters-Bazilika_lsfxjt\/St-Peters-Bazilika_lsfxjt.jpg?_i=AA 300w, https:\/\/res.cloudinary.com\/turna\/images\/w_672,h_420,c_scale\/f_auto,q_auto\/f_auto,q_auto\/f_auto,q_auto:low\/v1464302312\/St-Peters-Bazilika_lsfxjt\/St-Peters-Bazilika_lsfxjt.jpg?_i=AA 672w, https:\/\/res.cloudinary.com\/turna\/images\/w_640,h_400,c_scale\/f_auto,q_auto\/f_auto,q_auto\/f_auto,q_auto:low\/v1464302312\/St-Peters-Bazilika_lsfxjt\/St-Peters-Bazilika_lsfxjt.jpg?_i=AA 640w, https:\/\/res.cloudinary.com\/turna\/images\/w_681,h_426,c_scale\/f_auto,q_auto\/f_auto,q_auto\/f_auto,q_auto:low\/v1464302312\/St-Peters-Bazilika_lsfxjt\/St-Peters-Bazilika_lsfxjt.jpg?_i=AA 681w, https:\/\/res.cloudinary.com\/turna\/images\/f_auto,q_auto\/f_auto,q_auto\/f_auto,q_auto:low\/v1464302312\/St-Peters-Bazilika_lsfxjt\/St-Peters-Bazilika_lsfxjt.jpg?_i=AA 800w\" data-sizes=\"(max-width: 800px) 100vw, 800px\" data-delivery=\"upload\" onload=\";window.CLDBind?CLDBind(this):null;\" data-cloudinary=\"lazy\" \/><\/a><\/p>\n<p>Katolik inanc\u0131n\u0131n, Vatikan\u2019\u0131n, Papa\u2019n\u0131n evinin sembol\u00fc olan St. Peter Bazilikas\u0131 60,000 ki\u015filik kapasitesiyle H\u0131ristiyanl\u0131\u011f\u0131n en b\u00fcy\u00fck kilisesi olarak biliniyor. Roma sil\u00fcetinin de\u011fi\u015fmezi olan yap\u0131 her y\u0131l binlerce insan\u0131n ziyaret etti\u011fi bir yer.<\/p>\n<p>&nbsp;<\/p>\n<h2><span class=\"ez-toc-section\" id=\"5_beyaz_saray_abd\"><\/span><strong>5. Beyaz Saray, ABD<\/strong><span class=\"ez-toc-section-end\"><\/span><\/h2>\n<p><a href=\"https:\/\/www.turna.com\/blog\/dunyanin-en-gosterisli-yerleri\/6\"><img width=\"800\" height=\"500\" loading=\"lazy\" decoding=\"async\" class=\"alignnone wp-post-2577 wp-image-2737\" src=\"data:image\/svg+xml;base64,PHN2ZyB4bWxucz0iaHR0cDovL3d3dy53My5vcmcvMjAwMC9zdmciIHdpZHRoPSI4MDAiIGhlaWdodD0iNTAwIj48cmVjdCB3aWR0aD0iMTAwJSIgaGVpZ2h0PSIxMDAlIj48YW5pbWF0ZSBhdHRyaWJ1dGVOYW1lPSJmaWxsIiB2YWx1ZXM9InJnYmEoMTUzLDE1MywxNTMsMC41KTtyZ2JhKDE1MywxNTMsMTUzLDAuMSk7cmdiYSgxNTMsMTUzLDE1MywwLjUpIiBkdXI9IjJzIiByZXBlYXRDb3VudD0iaW5kZWZpbml0ZSIgLz48L3JlY3Q+PC9zdmc+\" data-public-id=\"White-House_gwcrym\/White-House_gwcrym.jpg\" data-format=\"jpg\" data-transformations=\"f_auto,q_auto:low\" data-version=\"1464302350\" data-seo=\"1\" data-size=\"800 500\" data-srcset=\"https:\/\/res.cloudinary.com\/turna\/images\/f_auto,q_auto:low\/v1464302350\/White-House_gwcrym\/White-House_gwcrym.jpg?_i=AA 800w, https:\/\/res.cloudinary.com\/turna\/images\/w_300,h_188,c_scale\/f_auto,q_auto:low\/v1464302350\/White-House_gwcrym\/White-House_gwcrym.jpg?_i=AA 300w, https:\/\/res.cloudinary.com\/turna\/images\/w_672,h_420,c_scale\/f_auto,q_auto:low\/v1464302350\/White-House_gwcrym\/White-House_gwcrym.jpg?_i=AA 672w, https:\/\/res.cloudinary.com\/turna\/images\/w_640,h_400,c_scale\/f_auto,q_auto:low\/v1464302350\/White-House_gwcrym\/White-House_gwcrym.jpg?_i=AA 640w, https:\/\/res.cloudinary.com\/turna\/images\/w_681,h_426,c_scale\/f_auto,q_auto:low\/v1464302350\/White-House_gwcrym\/White-House_gwcrym.jpg?_i=AA 681w\" data-sizes=\"(max-width: 800px) 100vw, 800px\" data-delivery=\"upload\" onload=\";window.CLDBind?CLDBind(this):null;\" data-cloudinary=\"lazy\" \/><\/a><\/p>\n<p>Washington\u2019da bulunan ve 1800 y\u0131l\u0131ndan beri Amerika Ba\u015fkan\u0131\u2019n\u0131n resmi ikamet b\u00f6lgesi olan bina, Ba\u015fkan\u2019\u0131n evi, Ba\u015fkan\u2019\u0131n i\u015flerini y\u00fcr\u00fctt\u00fc\u011f\u00fc yer ve Amerika\u2019n\u0131n sembol\u00fc konumunda. D\u00fcnyada en \u00e7ok tan\u0131nan yap\u0131lardan olan Beyaz Saray, y\u00fcksek g\u00fcvenlik \u00f6nlemleri ile korunuyor.<\/p>\n<p>&nbsp;<\/p>\n<h2><span class=\"ez-toc-section\" id=\"6_versay_sarayi_fransa\"><\/span><strong>6. Versay Saray\u0131, Fransa<\/strong><span class=\"ez-toc-section-end\"><\/span><\/h2>\n<p><a href=\"https:\/\/www.turna.com\/blog\/dunyanin-en-gosterisli-yerleri\/7\"><img width=\"800\" height=\"500\" loading=\"lazy\" decoding=\"async\" class=\"alignnone wp-post-2577 wp-image-2736\" src=\"data:image\/svg+xml;base64,PHN2ZyB4bWxucz0iaHR0cDovL3d3dy53My5vcmcvMjAwMC9zdmciIHdpZHRoPSI4MDAiIGhlaWdodD0iNTAwIj48cmVjdCB3aWR0aD0iMTAwJSIgaGVpZ2h0PSIxMDAlIj48YW5pbWF0ZSBhdHRyaWJ1dGVOYW1lPSJmaWxsIiB2YWx1ZXM9InJnYmEoMTUzLDE1MywxNTMsMC41KTtyZ2JhKDE1MywxNTMsMTUzLDAuMSk7cmdiYSgxNTMsMTUzLDE1MywwLjUpIiBkdXI9IjJzIiByZXBlYXRDb3VudD0iaW5kZWZpbml0ZSIgLz48L3JlY3Q+PC9zdmc+\" data-public-id=\"Versailles-Chateau_nx1ddo\/Versailles-Chateau_nx1ddo.jpg\" data-format=\"jpg\" data-transformations=\"f_auto,q_auto:low\" data-version=\"1464302331\" data-seo=\"1\" data-size=\"800 500\" data-srcset=\"https:\/\/res.cloudinary.com\/turna\/images\/w_300,h_188,c_scale\/f_auto,q_auto:low\/v1464302331\/Versailles-Chateau_nx1ddo\/Versailles-Chateau_nx1ddo.jpg?_i=AA 300w, https:\/\/res.cloudinary.com\/turna\/images\/w_672,h_420,c_scale\/f_auto,q_auto:low\/v1464302331\/Versailles-Chateau_nx1ddo\/Versailles-Chateau_nx1ddo.jpg?_i=AA 672w, https:\/\/res.cloudinary.com\/turna\/images\/w_640,h_400,c_scale\/f_auto,q_auto:low\/v1464302331\/Versailles-Chateau_nx1ddo\/Versailles-Chateau_nx1ddo.jpg?_i=AA 640w, https:\/\/res.cloudinary.com\/turna\/images\/w_681,h_426,c_scale\/f_auto,q_auto:low\/v1464302331\/Versailles-Chateau_nx1ddo\/Versailles-Chateau_nx1ddo.jpg?_i=AA 681w, https:\/\/res.cloudinary.com\/turna\/images\/f_auto,q_auto:low\/v1464302331\/Versailles-Chateau_nx1ddo\/Versailles-Chateau_nx1ddo.jpg?_i=AA 800w\" data-sizes=\"(max-width: 800px) 100vw, 800px\" data-delivery=\"upload\" onload=\";window.CLDBind?CLDBind(this):null;\" data-cloudinary=\"lazy\" \/><\/a><\/p>\n<p>Tarihi Frans\u0131z \u015fatosu olan Versay Saray\u0131&#8217;n\u0131n yap\u0131m\u0131na 1661 y\u0131l\u0131nda ba\u015flanm\u0131\u015f. Fransa&#8217;n\u0131n en \u00f6nemli yap\u0131lar\u0131ndan olan sarayda\u00a01768 y\u0131l\u0131na kadar\u00a0i\u015fleyen herhangi bir tuvaletin olmamas\u0131 en dikkat \u00e7eken \u00f6zellik. Kokusu ile tan\u0131nan sarayda, kraliyet ailesinin kullanmas\u0131 i\u00e7in Frans\u0131z Devrimi&#8217;nden sonra 9 tane tuvalet in\u015fa edilmi\u015f.<\/p>\n<p>&nbsp;<\/p>\n<h2><span class=\"ez-toc-section\" id=\"7_schonbrunn_sarayi_avusturya\"><\/span><strong>7. Sch\u00f6nbrunn Saray\u0131, Avusturya<\/strong><span class=\"ez-toc-section-end\"><\/span><\/h2>\n<p><a href=\"https:\/\/www.turna.com\/blog\/dunyanin-en-gosterisli-yerleri\/8\"><img width=\"800\" height=\"500\" loading=\"lazy\" decoding=\"async\" class=\"alignnone wp-post-2577 wp-image-2738\" src=\"data:image\/svg+xml;base64,PHN2ZyB4bWxucz0iaHR0cDovL3d3dy53My5vcmcvMjAwMC9zdmciIHdpZHRoPSI4MDAiIGhlaWdodD0iNTAwIj48cmVjdCB3aWR0aD0iMTAwJSIgaGVpZ2h0PSIxMDAlIj48YW5pbWF0ZSBhdHRyaWJ1dGVOYW1lPSJmaWxsIiB2YWx1ZXM9InJnYmEoMTUzLDE1MywxNTMsMC41KTtyZ2JhKDE1MywxNTMsMTUzLDAuMSk7cmdiYSgxNTMsMTUzLDE1MywwLjUpIiBkdXI9IjJzIiByZXBlYXRDb3VudD0iaW5kZWZpbml0ZSIgLz48L3JlY3Q+PC9zdmc+\" data-public-id=\"Schonbrunn-Palace_cbpeyw\/Schonbrunn-Palace_cbpeyw.jpg\" data-format=\"jpg\" data-transformations=\"f_auto,q_auto:low\" data-version=\"1464302370\" data-seo=\"1\" data-size=\"800 500\" data-srcset=\"https:\/\/res.cloudinary.com\/turna\/images\/f_auto,q_auto:low\/v1464302370\/Schonbrunn-Palace_cbpeyw\/Schonbrunn-Palace_cbpeyw.jpg?_i=AA 800w, https:\/\/res.cloudinary.com\/turna\/images\/w_300,h_188,c_scale\/f_auto,q_auto:low\/v1464302370\/Schonbrunn-Palace_cbpeyw\/Schonbrunn-Palace_cbpeyw.jpg?_i=AA 300w, https:\/\/res.cloudinary.com\/turna\/images\/w_672,h_420,c_scale\/f_auto,q_auto:low\/v1464302370\/Schonbrunn-Palace_cbpeyw\/Schonbrunn-Palace_cbpeyw.jpg?_i=AA 672w, https:\/\/res.cloudinary.com\/turna\/images\/w_640,h_400,c_scale\/f_auto,q_auto:low\/v1464302370\/Schonbrunn-Palace_cbpeyw\/Schonbrunn-Palace_cbpeyw.jpg?_i=AA 640w, https:\/\/res.cloudinary.com\/turna\/images\/w_681,h_426,c_scale\/f_auto,q_auto:low\/v1464302370\/Schonbrunn-Palace_cbpeyw\/Schonbrunn-Palace_cbpeyw.jpg?_i=AA 681w\" data-sizes=\"(max-width: 800px) 100vw, 800px\" data-delivery=\"upload\" onload=\";window.CLDBind?CLDBind(this):null;\" data-cloudinary=\"lazy\" \/><\/a><\/p>\n<p>Avusturya&#8217;n\u0131n ba\u015fkenti Viyana&#8217;n\u0131n sembollerinden olan Sch\u00f6nbrunn Saray\u0131, \u015fehrin en \u00e7ok ziyaret\u00e7i \u00e7eken noktalar\u0131ndan biri. Habsburg Hanedan\u0131&#8217;n\u0131n yazl\u0131k saray\u0131 olarak kullan\u0131lan yap\u0131n\u0131n bah\u00e7eleri ve havuzlar\u0131 olduk\u00e7a etkileyici.<\/p>\n<p>&nbsp;<\/p>\n<h2><span class=\"ez-toc-section\" id=\"8_chichen_itza_meksika\"><\/span><strong>8. Chich\u00e9n Itz\u00e1, Meksika<\/strong><span class=\"ez-toc-section-end\"><\/span><\/h2>\n<p><a href=\"https:\/\/www.turna.com\/blog\/\"><img width=\"800\" height=\"500\" loading=\"lazy\" decoding=\"async\" class=\"alignnone wp-post-2577 wp-image-2739\" src=\"data:image\/svg+xml;base64,PHN2ZyB4bWxucz0iaHR0cDovL3d3dy53My5vcmcvMjAwMC9zdmciIHdpZHRoPSI4MDAiIGhlaWdodD0iNTAwIj48cmVjdCB3aWR0aD0iMTAwJSIgaGVpZ2h0PSIxMDAlIj48YW5pbWF0ZSBhdHRyaWJ1dGVOYW1lPSJmaWxsIiB2YWx1ZXM9InJnYmEoMTUzLDE1MywxNTMsMC41KTtyZ2JhKDE1MywxNTMsMTUzLDAuMSk7cmdiYSgxNTMsMTUzLDE1MywwLjUpIiBkdXI9IjJzIiByZXBlYXRDb3VudD0iaW5kZWZpbml0ZSIgLz48L3JlY3Q+PC9zdmc+\" data-public-id=\"Chichen-Itza_yur4ay\/Chichen-Itza_yur4ay.jpg\" data-format=\"jpg\" data-transformations=\"f_auto,q_auto:low\" data-version=\"1464302409\" data-seo=\"1\" data-size=\"800 500\" data-srcset=\"https:\/\/res.cloudinary.com\/turna\/images\/f_auto,q_auto:low\/v1464302409\/Chichen-Itza_yur4ay\/Chichen-Itza_yur4ay.jpg?_i=AA 800w, https:\/\/res.cloudinary.com\/turna\/images\/w_300,h_188,c_scale\/f_auto,q_auto:low\/v1464302409\/Chichen-Itza_yur4ay\/Chichen-Itza_yur4ay.jpg?_i=AA 300w, https:\/\/res.cloudinary.com\/turna\/images\/w_672,h_420,c_scale\/f_auto,q_auto:low\/v1464302409\/Chichen-Itza_yur4ay\/Chichen-Itza_yur4ay.jpg?_i=AA 672w, https:\/\/res.cloudinary.com\/turna\/images\/w_640,h_400,c_scale\/f_auto,q_auto:low\/v1464302409\/Chichen-Itza_yur4ay\/Chichen-Itza_yur4ay.jpg?_i=AA 640w, https:\/\/res.cloudinary.com\/turna\/images\/w_681,h_426,c_scale\/f_auto,q_auto:low\/v1464302409\/Chichen-Itza_yur4ay\/Chichen-Itza_yur4ay.jpg?_i=AA 681w\" data-sizes=\"(max-width: 800px) 100vw, 800px\" data-delivery=\"upload\" onload=\";window.CLDBind?CLDBind(this):null;\" data-cloudinary=\"lazy\" \/><\/a>M.\u00d6 1200-750 y\u0131llar\u0131 aras\u0131nda Maya k\u00fclt\u00fcr\u00fcnde \u00e7ok \u00f6nemli bir b\u00f6lgesel kent olan Chichen Itza,\u00a0g\u00fcn\u00fcm\u00fczde Meksika\u2019n\u0131n en \u00e7ok ziyaret edilen\u00a0arkeolojik b\u00f6lgelerinden biri. Piramitler hala bir\u00e7ok efsane ve hikaye ile dilden dile anlat\u0131l\u0131yor.<\/p>\n<p>D\u00fcnyan\u0131n farkl\u0131 yerlerinde bulunan sembol yap\u0131lar \u00e7ok say\u0131da insan\u0131n ilgisini \u00e7ekiyor. Her y\u0131l binlerce insan bu yap\u0131lar\u0131 g\u00f6rmek i\u00e7in farkl\u0131 \u00fclkeleri ziyaret ediyor. U\u00e7ak biletinizi <a href=\"https:\/\/www.turna.com\" target=\"_blank\" rel=\"noopener noreferrer\"><strong>turna.com<\/strong><\/a> \u00fczerinden alarak seyahat plan\u0131n\u0131z\u0131 hemen hayata ge\u00e7irebilirsiniz.<\/p>\n\n    <div class=\"xs_social_share_widget xs_share_url after_content \t\tmain_content  wslu-style-1 wslu-share-box-shaped wslu-fill-colored wslu-none wslu-share-horizontal wslu-theme-font-no wslu-main_content\">\n\n\t\t\n        <ul>\n\t\t\t        <\/ul>\n    <\/div> \n","protected":false},"excerpt":{"rendered":"<p>D\u00fcnyan\u0131n d\u00f6rt bir yan\u0131nda insanl\u0131k tarihine tan\u0131kl\u0131k eden birbirinden g\u00f6steri\u015fli yap\u0131lar bulunuyor. Bir\u00e7o\u011fu insanl\u0131k tarihine y\u00f6n veren olaylara konu olan yap\u0131lar, ge\u00e7mi\u015fte farkl\u0131 milletlerin haf\u0131zas\u0131nda \u00f6nemli anlara ev sahipli\u011fi yapm\u0131\u015f. Bug\u00fcn seyahatseverlerin ilgisini \u00e7eken, yeni yerler g\u00f6rmek ve ke\u015ffetmek isteyenlerin ziyaret etti\u011fi bu g\u00fczel yerler, y\u0131l\u0131n her d\u00f6nemi pop\u00fclerli\u011fini kaybetmiyor. D\u00fcnyan\u0131n En G\u00f6steri\u015fli Yerleri 1. [&hellip;]<\/p>\n","protected":false},"author":8,"featured_media":2735,"comment_status":"open","ping_status":"open","sticky":false,"template":"","format":"standard","meta":{"rop_custom_images_group":[],"rop_custom_messages_group":[],"rop_publish_now":"initial","rop_publish_now_accounts":[],"rop_publish_now_history":[],"rop_publish_now_status":"pending","_cloudinary_featured_overwrite":false,"footnotes":""},"categories":[2,61,101,323,84],"tags":[556,485,2303,379,2461,641,2504,2457,324,2768,563,2521,2499,2692,380,2771,76,2691],"class_list":["post-2577","post","type-post","status-publish","format-standard","has-post-thumbnail","hentry","category-ulkeler","category-amerika-birlesik-devletleri","category-fransa","category-misir","category-turkiye","tag-amerika","tag-avusturya","tag-cheboksary","tag-fransa","tag-lille","tag-meksika","tag-merida","tag-minneapolis","tag-misir","tag-oaxaca","tag-rusya","tag-san-luis-potosi","tag-tijuana","tag-tomsk","tag-turkiye","tag-tuxtla-gutierrez","tag-vatikan","tag-vladivostok"],"_links":{"self":[{"href":"https:\/\/www.turna.com\/blog\/wp-json\/wp\/v2\/posts\/2577","targetHints":{"allow":["GET"]}}],"collection":[{"href":"https:\/\/www.turna.com\/blog\/wp-json\/wp\/v2\/posts"}],"about":[{"href":"https:\/\/www.turna.com\/blog\/wp-json\/wp\/v2\/types\/post"}],"author":[{"embeddable":true,"href":"https:\/\/www.turna.com\/blog\/wp-json\/wp\/v2\/users\/8"}],"replies":[{"embeddable":true,"href":"https:\/\/www.turna.com\/blog\/wp-json\/wp\/v2\/comments?post=2577"}],"version-history":[{"count":0,"href":"https:\/\/www.turna.com\/blog\/wp-json\/wp\/v2\/posts\/2577\/revisions"}],"wp:featuredmedia":[{"embeddable":true,"href":"https:\/\/www.turna.com\/blog\/wp-json\/wp\/v2\/media\/2735"}],"wp:attachment":[{"href":"https:\/\/www.turna.com\/blog\/wp-json\/wp\/v2\/media?parent=2577"}],"wp:term":[{"taxonomy":"category","embeddable":true,"href":"https:\/\/www.turna.com\/blog\/wp-json\/wp\/v2\/categories?post=2577"},{"taxonomy":"post_tag","embeddable":true,"href":"https:\/\/www.turna.com\/blog\/wp-json\/wp\/v2\/tags?post=2577"}],"curies":[{"name":"wp","href":"https:\/\/api.w.org\/{rel}","templated":true}]}}