{"id":25730,"date":"2026-03-12T13:09:25","date_gmt":"2026-03-12T10:09:25","guid":{"rendered":"https:\/\/www.turna.com\/blog\/?p=25730"},"modified":"2026-04-21T13:00:22","modified_gmt":"2026-04-21T10:00:22","slug":"avrupada-kesfedilmeyi-bekleyen-sehirler","status":"publish","type":"post","link":"https:\/\/www.turna.com\/blog\/avrupada-kesfedilmeyi-bekleyen-sehirler","title":{"rendered":"Avrupa&#8217;da Ke\u015ffedilmeyi Bekleyen 10 Gizli \u015eehir"},"content":{"rendered":"<div id=\"ez-toc-container\" class=\"ez-toc-v2_0_82_2 counter-hierarchy ez-toc-counter ez-toc-black ez-toc-container-direction\">\n<div class=\"ez-toc-title-container\">\n<p class=\"ez-toc-title\" style=\"cursor:inherit\">\u0130\u00e7indekiler<\/p>\n<span class=\"ez-toc-title-toggle\"><a href=\"#\" class=\"ez-toc-pull-right ez-toc-btn ez-toc-btn-xs ez-toc-btn-default ez-toc-toggle\" aria-label=\"\u0130\u00e7indekiler Tablosunu A\u00e7\/Kapat\"><span class=\"ez-toc-js-icon-con\"><span class=\"\"><span class=\"eztoc-hide\" style=\"display:none;\">Toggle<\/span><span class=\"ez-toc-icon-toggle-span\"><svg style=\"fill: #ffffff;color:#ffffff\" xmlns=\"http:\/\/www.w3.org\/2000\/svg\" class=\"list-377408\" width=\"20px\" height=\"20px\" viewBox=\"0 0 24 24\" fill=\"none\"><path d=\"M6 6H4v2h2V6zm14 0H8v2h12V6zM4 11h2v2H4v-2zm16 0H8v2h12v-2zM4 16h2v2H4v-2zm16 0H8v2h12v-2z\" fill=\"currentColor\"><\/path><\/svg><svg style=\"fill: #ffffff;color:#ffffff\" class=\"arrow-unsorted-368013\" xmlns=\"http:\/\/www.w3.org\/2000\/svg\" width=\"10px\" height=\"10px\" viewBox=\"0 0 24 24\" version=\"1.2\" baseProfile=\"tiny\"><path d=\"M18.2 9.3l-6.2-6.3-6.2 6.3c-.2.2-.3.4-.3.7s.1.5.3.7c.2.2.4.3.7.3h11c.3 0 .5-.1.7-.3.2-.2.3-.5.3-.7s-.1-.5-.3-.7zM5.8 14.7l6.2 6.3 6.2-6.3c.2-.2.3-.5.3-.7s-.1-.5-.3-.7c-.2-.2-.4-.3-.7-.3h-11c-.3 0-.5.1-.7.3-.2.2-.3.5-.3.7s.1.5.3.7z\"\/><\/svg><\/span><\/span><\/span><\/a><\/span><\/div>\n<nav><ul class='ez-toc-list ez-toc-list-level-1 eztoc-toggle-hide-by-default' ><li class='ez-toc-page-1 ez-toc-heading-level-2'><a class=\"ez-toc-link ez-toc-heading-1\" href=\"https:\/\/www.turna.com\/blog\/avrupada-kesfedilmeyi-bekleyen-sehirler\/#mutlaka_gormeniz_gereken_avrupa_sehirleri\" >Mutlaka G\u00f6rmeniz Gereken Avrupa \u015eehirleri<\/a><ul class='ez-toc-list-level-3' ><li class='ez-toc-heading-level-3'><a class=\"ez-toc-link ez-toc-heading-2\" href=\"https:\/\/www.turna.com\/blog\/avrupada-kesfedilmeyi-bekleyen-sehirler\/#braga_portekiz\" >Braga, Portekiz<\/a><\/li><li class='ez-toc-page-1 ez-toc-heading-level-3'><a class=\"ez-toc-link ez-toc-heading-3\" href=\"https:\/\/www.turna.com\/blog\/avrupada-kesfedilmeyi-bekleyen-sehirler\/#albarracin_ispanya\" >Albarracin, \u0130spanya<\/a><\/li><li class='ez-toc-page-1 ez-toc-heading-level-3'><a class=\"ez-toc-link ez-toc-heading-4\" href=\"https:\/\/www.turna.com\/blog\/avrupada-kesfedilmeyi-bekleyen-sehirler\/#klaipeda_litvanya\" >Klaipeda, Litvanya<\/a><\/li><li class='ez-toc-page-1 ez-toc-heading-level-3'><a class=\"ez-toc-link ez-toc-heading-5\" href=\"https:\/\/www.turna.com\/blog\/avrupada-kesfedilmeyi-bekleyen-sehirler\/#annecy_fransa\" >Annecy, Fransa<\/a><\/li><li class='ez-toc-page-1 ez-toc-heading-level-3'><a class=\"ez-toc-link ez-toc-heading-6\" href=\"https:\/\/www.turna.com\/blog\/avrupada-kesfedilmeyi-bekleyen-sehirler\/#rocamadour_fransa\" >Rocamadour, Fransa<\/a><\/li><li class='ez-toc-page-1 ez-toc-heading-level-3'><a class=\"ez-toc-link ez-toc-heading-7\" href=\"https:\/\/www.turna.com\/blog\/avrupada-kesfedilmeyi-bekleyen-sehirler\/#olomouc_cekya\" >Olomouc, \u00c7ekya<\/a><\/li><li class='ez-toc-page-1 ez-toc-heading-level-3'><a class=\"ez-toc-link ez-toc-heading-8\" href=\"https:\/\/www.turna.com\/blog\/avrupada-kesfedilmeyi-bekleyen-sehirler\/#pecs_macaristan\" >Pecs, Macaristan<\/a><\/li><li class='ez-toc-page-1 ez-toc-heading-level-3'><a class=\"ez-toc-link ez-toc-heading-9\" href=\"https:\/\/www.turna.com\/blog\/avrupada-kesfedilmeyi-bekleyen-sehirler\/#trogir_hirvatistan\" >Trogir, H\u0131rvatistan<\/a><\/li><li class='ez-toc-page-1 ez-toc-heading-level-3'><a class=\"ez-toc-link ez-toc-heading-10\" href=\"https:\/\/www.turna.com\/blog\/avrupada-kesfedilmeyi-bekleyen-sehirler\/#sighisoara_romanya\" >Sighi\u0219oara, Romanya<\/a><\/li><li class='ez-toc-page-1 ez-toc-heading-level-3'><a class=\"ez-toc-link ez-toc-heading-11\" href=\"https:\/\/www.turna.com\/blog\/avrupada-kesfedilmeyi-bekleyen-sehirler\/#dinant_belcika\" >Dinant, Bel\u00e7ika<\/a><\/li><\/ul><\/li><\/ul><\/nav><\/div>\n\n<p>Avrupa seyahati planlan\u0131rken \u00e7o\u011fu zaman ayn\u0131 \u015fehirler konu\u015fulur. Herkesin listesinde benzer duraklar vard\u0131r: B\u00fcy\u00fck meydanlar, kalabal\u0131k caddeler, uzun m\u00fcze kuyruklar\u0131\u2026 Oysa k\u0131tan\u0131n as\u0131l s\u00fcrprizleri \u00e7o\u011fu zaman biraz daha kenarda kalm\u0131\u015f, ad\u0131n\u0131 \u00e7ok s\u0131k duymad\u0131\u011f\u0131n\u0131z \u015fehirlerde sakl\u0131d\u0131r.&nbsp;<\/p>\n\n\n\n<p>Bu yaz\u0131da sizi b\u00f6yle \u015fehirlerle tan\u0131\u015ft\u0131raca\u011f\u0131z. Kalabal\u0131k tur otob\u00fcslerinden uzak, foto\u011fraflarda g\u00f6r\u00fcp merak uyand\u0131ran, sokaklar\u0131nda dola\u015f\u0131rken ke\u015fif duygusunu yeniden hissettiren 10 Avrupa \u015fehri\u2026 Belki bug\u00fcne kadar ad\u0131n\u0131 hi\u00e7 duymad\u0131\u011f\u0131n\u0131z, belki de g\u00f6r\u00fcp bir g\u00fcn gitsem mi diye d\u00fc\u015f\u00fcnd\u00fc\u011f\u00fcn\u00fcz yerler. Ama bir \u015fey kesin: Bu \u015fehirler, Avrupa seyahat listenize k\u00fc\u00e7\u00fck ama olduk\u00e7a etkileyici bir dokunu\u015f olacak.<\/p>\n\n\n\n<h2 class=\"wp-block-heading has-text-align-center has-neeon-button-dark-gray-color has-text-color has-link-color wp-elements-c1d88ac17cd71216e8cec5d99bdc4869\"><span class=\"ez-toc-section\" id=\"mutlaka_gormeniz_gereken_avrupa_sehirleri\"><\/span><strong><strong><strong><strong><strong><strong><strong><strong><strong><strong><strong><strong>Mutlaka G\u00f6rmeniz Gereken Avrupa \u015eehirleri<\/strong><\/strong><\/strong><\/strong><\/strong><\/strong><\/strong><\/strong><\/strong><\/strong><\/strong><\/strong><span class=\"ez-toc-section-end\"><\/span><\/h2>\n\n\n\n<h3 class=\"wp-block-heading has-text-align-center has-neeon-button-dark-gray-color has-text-color has-link-color wp-elements-d9de763c93b0a994c1fd2780e87339db\"><span class=\"ez-toc-section\" id=\"braga_portekiz\"><\/span><strong><strong><strong><strong><strong><strong><strong><strong><strong><strong><strong><strong>Braga, Portekiz<\/strong><\/strong><\/strong><\/strong><\/strong><\/strong><\/strong><\/strong><\/strong><\/strong><\/strong><\/strong><span class=\"ez-toc-section-end\"><\/span><\/h3>\n\n\n\n<figure class=\"wp-block-image size-large\"><img decoding=\"async\" src=\"https:\/\/res.cloudinary.com\/turna\/image\/upload\/v1773309660\/wordpress-contents\/braga.jpg\" alt=\"avrupa\"\/><\/figure>\n\n\n\n<p>Portekiz\u2019in kuzeyinde yer alan Braga, \u00fclkenin en eski \u015fehirlerinden biri olmas\u0131na ra\u011fmen \u00e7o\u011fu gezginin radar\u0131na pek girmiyor. Oysa \u015fehir, tarihi kiliseleri, barok mimarisi ve sakin atmosferiyle sakinlik seven turistlerin dostu. Braga\u2019ya geldi\u011finizde ilk dikkat \u00e7eken \u015fey, \u015fehrin neredeyse her k\u00f6\u015fesinde kar\u015f\u0131n\u0131za \u00e7\u0131kan g\u00f6rkemli dini yap\u0131lar. Bu y\u00fczden Braga\u2019ya bazen Portekiz\u2019in Roma\u2019s\u0131 da deniyor.&nbsp;<\/p>\n\n\n\n<p>\u015eehrin en \u00fcnl\u00fc noktas\u0131 ise tepede yer alan Bom Jesus do Monte. Uzun ve simetrik merdivenleriyle foto\u011fraflarda s\u0131k\u00e7a g\u00f6rd\u00fc\u011f\u00fcn\u00fcz o etkileyici yap\u0131 i\u015fte buras\u0131. Merdivenleri t\u0131rmanmak biraz yorucu olabilir ama yukar\u0131daki manzara buna de\u011fiyor. Braga\u2019da ayr\u0131ca dar sokaklarda y\u00fcr\u00fcy\u00fc\u015f yapmak, k\u00fc\u00e7\u00fck kafelerde oturup Portekiz kahvesi i\u00e7mek ve yerel pastanelerde tatl\u0131 molas\u0131 vermek de olduk\u00e7a keyifli.<\/p>\n\n\n\n<h3 class=\"wp-block-heading has-text-align-center has-neeon-button-dark-gray-color has-text-color has-link-color wp-elements-0b3b3e5251cfa439f596b1a96e81a4eb\"><span class=\"ez-toc-section\" id=\"albarracin_ispanya\"><\/span><strong><strong><strong><strong><strong><strong><strong><strong><strong><strong><strong><strong>Albarracin, \u0130spanya<\/strong><\/strong><\/strong><\/strong><\/strong><\/strong><\/strong><\/strong><\/strong><\/strong><\/strong><\/strong><span class=\"ez-toc-section-end\"><\/span><\/h3>\n\n\n\n<figure class=\"wp-block-image size-large\"><img decoding=\"async\" src=\"https:\/\/res.cloudinary.com\/turna\/image\/upload\/v1773309665\/wordpress-contents\/Albarracin.jpg\" alt=\"\"\/><\/figure>\n\n\n\n<p>\u0130spanya\u2019n\u0131n do\u011fusunda, k\u0131rm\u0131z\u0131 tonlar\u0131ndaki ta\u015f evleriyle \u00fcnl\u00fc Albarracin, bir masal kasabas\u0131 resmen. \u015eehir, y\u00fcksek kayal\u0131klar\u0131n \u00fczerinde kurulmu\u015f ve etraf\u0131 eski surlarla \u00e7evrili. Dar sokaklar\u0131, birbirine yaslanm\u0131\u015f evleri ve ta\u015f yollar\u0131 sayesinde burada y\u00fcr\u00fcrken zaman\u0131n biraz yava\u015flad\u0131\u011f\u0131n\u0131 hissediyorsunuz.&nbsp;<\/p>\n\n\n\n<p>Albarracin\u2019in en g\u00fczel yan\u0131 ise y\u00fcr\u00fcyerek t\u00fcm \u015fehri ke\u015ffedebiliyor olman\u0131z. \u015eehrin \u00fcst k\u0131sm\u0131ndaki kaleye do\u011fru \u00e7\u0131karken kar\u015f\u0131n\u0131za \u00e7\u0131kan manzaralar ger\u00e7ekten etkileyici. Eski \u015fehirdeki k\u00fc\u00e7\u00fck meydanlar, geleneksel restoranlar ve seyir noktalar\u0131 Albarracin\u2019i foto\u011fraf tutkunlar\u0131 i\u00e7in de olduk\u00e7a cazip hale getiriyor.<\/p>\n\n\n\n<h3 class=\"wp-block-heading has-text-align-center has-neeon-button-dark-gray-color has-text-color has-link-color wp-elements-a7d5f1b604fde89a0ebc0d2465c5a7eb\"><span class=\"ez-toc-section\" id=\"klaipeda_litvanya\"><\/span><strong><strong><strong><strong><strong><strong><strong><strong><strong><strong><strong><strong>Klaipeda, Litvanya<\/strong><\/strong><\/strong><\/strong><\/strong><\/strong><\/strong><\/strong><\/strong><\/strong><\/strong><\/strong><span class=\"ez-toc-section-end\"><\/span><\/h3>\n\n\n\n<figure class=\"wp-block-image size-large\"><img decoding=\"async\" src=\"https:\/\/res.cloudinary.com\/turna\/image\/upload\/v1773309669\/wordpress-contents\/Klaipeda.jpg\" alt=\"\"\/><\/figure>\n\n\n\n<p>Balt\u0131k k\u0131y\u0131s\u0131nda yer alan Klaipeda, Litvanya\u2019n\u0131n en farkl\u0131 \u015fehirlerinden biri. Bunun nedeni ise \u015fehirde hem Balt\u0131k hem de Alman mimarisinin izlerini bir arada g\u00f6rebilmeniz. \u00d6zellikle eski \u015fehir b\u00f6lgesindeki yar\u0131 ah\u015fap evler ve ta\u015f sokaklar, buraya olduk\u00e7a farkl\u0131 bir karakter kazand\u0131r\u0131yor.&nbsp;<\/p>\n\n\n\n<p>Klaipeda deniz havas\u0131 almak isteyenler i\u00e7in de harika bir durak. \u015eehirden k\u0131sa bir feribot yolculu\u011fuyla ula\u015fabilece\u011finiz Curonian Spit, dev kum tepeleri ve do\u011fal manzaralar\u0131yla UNESCO korumas\u0131nda olan etkileyici bir b\u00f6lge. Do\u011fa ve \u015fehir gezisini bir arada seviyorsan\u0131z, Klaipeda sizi olduk\u00e7a mutlu edebilir.<\/p>\n\n\n\n<h3 class=\"wp-block-heading has-text-align-center has-neeon-button-dark-gray-color has-text-color has-link-color wp-elements-f6d317e062a69d24c5287ff29cdeba7e\"><span class=\"ez-toc-section\" id=\"annecy_fransa\"><\/span><strong><strong><strong><strong><strong><strong><strong><strong><strong><strong><strong><strong>Annecy, Fransa<\/strong><\/strong><\/strong><\/strong><\/strong><\/strong><\/strong><\/strong><\/strong><\/strong><\/strong><\/strong><span class=\"ez-toc-section-end\"><\/span><\/h3>\n\n\n\n<figure class=\"wp-block-image size-large\"><img decoding=\"async\" src=\"https:\/\/res.cloudinary.com\/turna\/image\/upload\/v1773309686\/wordpress-contents\/Annecy1.jpg\" alt=\"\"\/><\/figure>\n\n\n\n<p>Annecy, Fransa\u2019n\u0131n en romantik \u015fehirlerinden biri olarak g\u00f6steriliyor ama ilgin\u00e7 \u015fekilde hala bir\u00e7ok gezgin taraf\u0131ndan ke\u015ffedilmeyi bekliyor. \u015eehrin ortas\u0131ndan ge\u00e7en kanallar, pastel renkli evler ve g\u00f6l manzaras\u0131 Annecy\u2019yi bir film setine benzetiyor. Bu y\u00fczden buraya s\u0131k s\u0131k Frans\u0131z Alpleri\u2019nin Venedik\u2019i denildi\u011fini duyabilirsiniz.&nbsp;<\/p>\n\n\n\n<p>\u015eehrin en g\u00fczel noktalar\u0131ndan biri Annecy G\u00f6l\u00fc. Avrupa\u2019n\u0131n en temiz g\u00f6llerinden biri olarak kabul edilen bu g\u00f6l\u00fcn etraf\u0131nda bisiklet s\u00fcrmek, y\u00fcr\u00fcy\u00fc\u015f yapmak ya da manzaray\u0131 izlemek bile ba\u015fl\u0131 ba\u015f\u0131na keyifli bir aktivite. Annecy\u2019de k\u00fc\u00e7\u00fck kafelerde oturup Frans\u0131z tatl\u0131lar\u0131n\u0131n tad\u0131na bakmak da seyahatin en keyifli anlar\u0131ndan biri olabilir.<\/p>\n\n\n\n<h3 class=\"wp-block-heading has-text-align-center has-neeon-button-dark-gray-color has-text-color has-link-color wp-elements-7fdf2f19b4753b68ccc67de1ef3e660c\"><span class=\"ez-toc-section\" id=\"rocamadour_fransa\"><\/span><strong><strong><strong><strong><strong><strong><strong><strong><strong><strong><strong><strong>Rocamadour, Fransa<\/strong><\/strong><\/strong><\/strong><\/strong><\/strong><\/strong><\/strong><\/strong><\/strong><\/strong><\/strong><span class=\"ez-toc-section-end\"><\/span><\/h3>\n\n\n\n<figure class=\"wp-block-image size-large\"><img decoding=\"async\" src=\"https:\/\/res.cloudinary.com\/turna\/image\/upload\/v1773309717\/wordpress-contents\/Rocamadour.jpg\" alt=\"\"\/><\/figure>\n\n\n\n<p>Rocamadour\u2019u ilk g\u00f6rd\u00fc\u011f\u00fcn\u00fczde muhtemelen k\u0131sa bir s\u00fcre g\u00f6zlerinize inanamazs\u0131n\u0131z. \u00c7\u00fcnk\u00fc bu \u015fehir, kayal\u0131k bir yamaca yap\u0131\u015fm\u0131\u015f gibi g\u00f6r\u00fcnen yap\u0131lar\u0131yla olduk\u00e7a etkileyici bir manzaraya sahip. Fransa\u2019n\u0131n g\u00fcneybat\u0131s\u0131nda yer alan Rocamadour, y\u00fczy\u0131llard\u0131r hac yolu \u00fczerinde \u00f6nemli bir durak olarak biliniyor.&nbsp;<\/p>\n\n\n\n<p>\u015eehrin en dikkat \u00e7ekici k\u0131sm\u0131 ise yukar\u0131 do\u011fru katman katman y\u00fckselen tarihi yap\u0131lar\u0131. Ta\u015f merdivenlerden yukar\u0131 do\u011fru \u00e7\u0131karken hem tarihi kiliseleri hem de etkileyici vadi manzaras\u0131n\u0131 g\u00f6rebiliyorsunuz. Rocamadour k\u00fc\u00e7\u00fck bir \u015fehir olsa da atmosferi olduk\u00e7a g\u00fc\u00e7l\u00fc; burada ge\u00e7irilen birka\u00e7 saat bile unutulmaz bir deneyime d\u00f6n\u00fc\u015febiliyor. Mutlaka gezi listenize eklemelisiniz.<\/p>\n\n\n\n<h3 class=\"wp-block-heading has-text-align-center has-neeon-button-dark-gray-color has-text-color has-link-color wp-elements-34ba5eb27d96ed173a8f443b3298cdb0\"><span class=\"ez-toc-section\" id=\"olomouc_cekya\"><\/span><strong><strong><strong><strong><strong><strong><strong><strong><strong><strong><strong><strong>Olomouc, \u00c7ekya<\/strong><\/strong><\/strong><\/strong><\/strong><\/strong><\/strong><\/strong><\/strong><\/strong><\/strong><\/strong><span class=\"ez-toc-section-end\"><\/span><\/h3>\n\n\n\n<figure class=\"wp-block-image size-large\"><img decoding=\"async\" src=\"https:\/\/res.cloudinary.com\/turna\/image\/upload\/v1773309718\/wordpress-contents\/Olomouc1.jpg\" alt=\"\"\/><\/figure>\n\n\n\n<p>\u00c7ekya denince \u00e7o\u011fu ki\u015fi do\u011frudan Prag\u2019\u0131 d\u00fc\u015f\u00fcn\u00fcr ama Olomouc bu konuda biraz haks\u0131zl\u0131\u011fa u\u011fruyor. \u015eehir, barok mimarisi, geni\u015f meydanlar\u0131 ve tarihi atmosferiyle Prag\u2019\u0131n daha sakin bir versiyonu gibi. Kalabal\u0131k turist gruplar\u0131 yerine daha yerel bir atmosfer ar\u0131yorsan\u0131z Olomouc iyi bir se\u00e7enek olabilir.&nbsp;<\/p>\n\n\n\n<p>\u015eehrin kalbi say\u0131lan Holy Trinity Column ise UNESCO D\u00fcnya Miras\u0131 listesinde yer al\u0131yor. Bu an\u0131t\u0131n bulundu\u011fu meydan \u00f6zellikle g\u00fcn bat\u0131m\u0131nda olduk\u00e7a etkileyici g\u00f6r\u00fcn\u00fcyor. Olomouc\u2019ta \u00f6\u011frenci n\u00fcfusunun y\u00fcksek olmas\u0131 sayesinde \u015fehirde canl\u0131 ama samimi bir sosyal hayat da var.<\/p>\n\n\n\n<h3 class=\"wp-block-heading has-text-align-center has-neeon-button-dark-gray-color has-text-color has-link-color wp-elements-633e047ac7c8daf1420c4e7d4cfa3772\"><span class=\"ez-toc-section\" id=\"pecs_macaristan\"><\/span><strong><strong><strong><strong><strong><strong><strong><strong><strong><strong><strong><strong>Pecs, Macaristan<\/strong><\/strong><\/strong><\/strong><\/strong><\/strong><\/strong><\/strong><\/strong><\/strong><\/strong><\/strong><span class=\"ez-toc-section-end\"><\/span><\/h3>\n\n\n\n<figure class=\"wp-block-image size-large\"><img decoding=\"async\" src=\"https:\/\/res.cloudinary.com\/turna\/image\/upload\/v1773309727\/wordpress-contents\/Pecs.jpg\" alt=\"\"\/><\/figure>\n\n\n\n<p>Macaristan\u2019\u0131n g\u00fcneyinde yer alan Pecs, farkl\u0131 k\u00fclt\u00fcrlerin iz b\u0131rakt\u0131\u011f\u0131 \u015fehirlerden biri. Roma d\u00f6neminden Osmanl\u0131 d\u00f6nemine kadar uzanan bu tarih, \u015fehirdeki mimaride a\u00e7\u0131k\u00e7a hissediliyor. \u00d6zellikle meydandaki Pecs Cathedral ve Osmanl\u0131 d\u00f6neminden kalma cami yap\u0131lar\u0131 olduk\u00e7a dikkat \u00e7ekici.&nbsp;<\/p>\n\n\n\n<p>Pecs sanatla da olduk\u00e7a i\u00e7 i\u00e7e bir \u015fehir. K\u00fc\u00e7\u00fck galeriler, m\u00fczeler ve renkli sokaklar \u015fehrin k\u00fclt\u00fcrel y\u00f6n\u00fcn\u00fc ortaya koyuyor. E\u011fer Avrupa\u2019da hem tarihi hem de k\u00fclt\u00fcrel atmosferi g\u00fc\u00e7l\u00fc ama sakin bir \u015fehir ar\u0131yorsan\u0131z Pecs arad\u0131\u011f\u0131n\u0131z yer olabilir.<\/p>\n\n\n\n<h3 class=\"wp-block-heading has-text-align-center has-neeon-button-dark-gray-color has-text-color has-link-color wp-elements-f4da97b7966fd8d497b62b57eeffb6b9\"><span class=\"ez-toc-section\" id=\"trogir_hirvatistan\"><\/span><strong><strong><strong><strong><strong><strong><strong><strong><strong><strong><strong><strong>Trogir, H\u0131rvatistan<\/strong><\/strong><\/strong><\/strong><\/strong><\/strong><\/strong><\/strong><\/strong><\/strong><\/strong><\/strong><span class=\"ez-toc-section-end\"><\/span><\/h3>\n\n\n\n<figure class=\"wp-block-image size-large\"><img decoding=\"async\" src=\"https:\/\/res.cloudinary.com\/turna\/image\/upload\/v1773309724\/wordpress-contents\/Trogir.jpg\" alt=\"\"\/><\/figure>\n\n\n\n<p>Adriyatik k\u0131y\u0131s\u0131ndaki Trogir, k\u00fc\u00e7\u00fck ama etkileyici \u015fehirlerden biri. Tarihi \u015fehir merkezi k\u00fc\u00e7\u00fck bir adac\u0131\u011f\u0131n \u00fczerine kurulmu\u015f ve k\u00f6pr\u00fclerle ana karaya ba\u011flan\u0131yor. Bu y\u00fczden Trogir\u2019e geldi\u011finizde kendinizi bir m\u00fczede y\u00fcr\u00fcyormu\u015f gibi hissedebilirsiniz.&nbsp;<\/p>\n\n\n\n<p>\u015eehrin dar ta\u015f sokaklar\u0131, eski meydanlar\u0131 ve sahil boyunca uzanan restoranlar\u0131 da olduk\u00e7a keyifli bir atmosfer yarat\u0131yor. \u00d6zellikle g\u00fcn bat\u0131m\u0131nda sahilde y\u00fcr\u00fcy\u00fc\u015f yapmak ve deniz manzaras\u0131 e\u015fli\u011finde yemek yemek Trogir\u2019de yap\u0131lacak en g\u00fczel \u015feylerden biri.<\/p>\n\n\n\n<h3 class=\"wp-block-heading has-text-align-center has-neeon-button-dark-gray-color has-text-color has-link-color wp-elements-590ff10ea09f11f672f2d5782c59606b\"><span class=\"ez-toc-section\" id=\"sighisoara_romanya\"><\/span><strong><strong><strong><strong><strong><strong><strong><strong><strong><strong><strong><strong>Sighi\u0219oara, Romanya<\/strong><\/strong><\/strong><\/strong><\/strong><\/strong><\/strong><\/strong><\/strong><\/strong><\/strong><\/strong><span class=\"ez-toc-section-end\"><\/span><\/h3>\n\n\n\n<figure class=\"wp-block-image size-large\"><img decoding=\"async\" src=\"https:\/\/res.cloudinary.com\/turna\/image\/upload\/v1773309725\/wordpress-contents\/Sighi%C8%99oara.jpg\" alt=\"\"\/><\/figure>\n\n\n\n<p>Sighi\u0219oara, Avrupa\u2019daki en iyi korunmu\u015f Orta \u00c7a\u011f \u015fehirlerinden biri olarak biliniyor. Renkli evleri, ta\u015f sokaklar\u0131 ve kuleleriyle \u015fehir ger\u00e7ekten masals\u0131 bir atmosfere sahip. Bu y\u00fczden Sighi\u0219oara\u2019ya gelen bir\u00e7ok ki\u015fi kendini bir film setinde geziyormu\u015f gibi hissediyor.&nbsp;<\/p>\n\n\n\n<p>\u015eehir tarihiyle de olduk\u00e7a ilgin\u00e7. \u00c7\u00fcnk\u00fc efsanelere g\u00f6re \u00fcnl\u00fc vampir karakteri Dracula\u2019ya ilham veren ki\u015fi olan Vlad the Impaler burada do\u011fmu\u015f. Bu y\u00fczden \u015fehirde vampir temal\u0131 hediyelik e\u015fyalar g\u00f6rmek de olduk\u00e7a normal.<\/p>\n\n\n\n<h3 class=\"wp-block-heading has-text-align-center has-neeon-button-dark-gray-color has-text-color has-link-color wp-elements-da42077c883f71d2f66c263e77fb21ab\"><span class=\"ez-toc-section\" id=\"dinant_belcika\"><\/span><strong><strong><strong><strong><strong><strong><strong><strong><strong><strong><strong><strong>Dinant, Bel\u00e7ika<\/strong><\/strong><\/strong><\/strong><\/strong><\/strong><\/strong><\/strong><\/strong><\/strong><\/strong><\/strong><span class=\"ez-toc-section-end\"><\/span><\/h3>\n\n\n\n<figure class=\"wp-block-image size-large\"><img decoding=\"async\" src=\"https:\/\/res.cloudinary.com\/turna\/image\/upload\/v1773309723\/wordpress-contents\/Dinant.jpg\" alt=\"\"\/><\/figure>\n\n\n\n<p>Bel\u00e7ika\u2019n\u0131n en etkileyici \u015fehirlerinden biri olan Dinant, Meuse Nehri k\u0131y\u0131s\u0131nda kurulmu\u015f k\u00fc\u00e7\u00fck ama olduk\u00e7a renkli bir \u015fehir. Nehir kenar\u0131ndaki renkli evler ve arkas\u0131nda y\u00fckselen kayal\u0131klar, Dinant\u2019\u0131 Avrupa\u2019n\u0131n en etkileyici manzaralar\u0131ndan birine sahip \u015fehirlerden biri haline getiriyor. Burada ilk g\u00f6rmeniz gereken yer de Citadel of Dinant. Buraya teleferikle \u00e7\u0131kabilir ve yukar\u0131dan muhte\u015fem nehir manzaras\u0131n\u0131 izleyebilirsiniz. \u015eehirde bir\u00e7ok saksafon heykeline rastlamak m\u00fcmk\u00fcn \u00e7\u00fcnk\u00fc Dinant, saksafonun mucidi olan Adolphe Sax\u2019\u0131n do\u011fdu\u011fu yer olarak da biliniyor.<\/p>\n\n\n\n<p>\u0130lginizi \u00e7eken rotaya <strong><a href=\"https:\/\/www.turna.com\/ucak-bileti\">u\u00e7ak bileti<\/a><\/strong> al\u0131n ve yola Turna ayr\u0131cal\u0131klar\u0131 ile \u00e7\u0131kman\u0131n keyfine var\u0131n.<\/p>\n\n    <div class=\"xs_social_share_widget xs_share_url after_content \t\tmain_content  wslu-style-1 wslu-share-box-shaped wslu-fill-colored wslu-none wslu-share-horizontal wslu-theme-font-no wslu-main_content\">\n\n\t\t\n        <ul>\n\t\t\t        <\/ul>\n    <\/div> \n","protected":false},"excerpt":{"rendered":"<p>Avrupa seyahati planlan\u0131rken \u00e7o\u011fu zaman ayn\u0131 \u015fehirler konu\u015fulur. Herkesin listesinde benzer duraklar vard\u0131r: B\u00fcy\u00fck meydanlar, kalabal\u0131k caddeler, uzun m\u00fcze kuyruklar\u0131\u2026 Oysa k\u0131tan\u0131n as\u0131l s\u00fcrprizleri \u00e7o\u011fu zaman biraz daha kenarda kalm\u0131\u015f, ad\u0131n\u0131 \u00e7ok s\u0131k duymad\u0131\u011f\u0131n\u0131z \u015fehirlerde sakl\u0131d\u0131r.&nbsp; Bu yaz\u0131da sizi b\u00f6yle \u015fehirlerle tan\u0131\u015ft\u0131raca\u011f\u0131z. Kalabal\u0131k tur otob\u00fcslerinden uzak, foto\u011fraflarda g\u00f6r\u00fcp merak uyand\u0131ran, sokaklar\u0131nda dola\u015f\u0131rken ke\u015fif duygusunu yeniden [&hellip;]<\/p>\n","protected":false},"author":45,"featured_media":25731,"comment_status":"open","ping_status":"open","sticky":false,"template":"","format":"standard","meta":{"rop_custom_images_group":[],"rop_custom_messages_group":[],"rop_publish_now":"initial","rop_publish_now_accounts":[],"rop_publish_now_history":[],"rop_publish_now_status":"pending","_cloudinary_featured_overwrite":false,"footnotes":""},"categories":[398],"tags":[657],"class_list":["post-25730","post","type-post","status-publish","format-standard","has-post-thumbnail","hentry","category-avrupa","tag-avrupa"],"_links":{"self":[{"href":"https:\/\/www.turna.com\/blog\/wp-json\/wp\/v2\/posts\/25730","targetHints":{"allow":["GET"]}}],"collection":[{"href":"https:\/\/www.turna.com\/blog\/wp-json\/wp\/v2\/posts"}],"about":[{"href":"https:\/\/www.turna.com\/blog\/wp-json\/wp\/v2\/types\/post"}],"author":[{"embeddable":true,"href":"https:\/\/www.turna.com\/blog\/wp-json\/wp\/v2\/users\/45"}],"replies":[{"embeddable":true,"href":"https:\/\/www.turna.com\/blog\/wp-json\/wp\/v2\/comments?post=25730"}],"version-history":[{"count":0,"href":"https:\/\/www.turna.com\/blog\/wp-json\/wp\/v2\/posts\/25730\/revisions"}],"wp:featuredmedia":[{"embeddable":true,"href":"https:\/\/www.turna.com\/blog\/wp-json\/wp\/v2\/media\/25731"}],"wp:attachment":[{"href":"https:\/\/www.turna.com\/blog\/wp-json\/wp\/v2\/media?parent=25730"}],"wp:term":[{"taxonomy":"category","embeddable":true,"href":"https:\/\/www.turna.com\/blog\/wp-json\/wp\/v2\/categories?post=25730"},{"taxonomy":"post_tag","embeddable":true,"href":"https:\/\/www.turna.com\/blog\/wp-json\/wp\/v2\/tags?post=25730"}],"curies":[{"name":"wp","href":"https:\/\/api.w.org\/{rel}","templated":true}]}}