{"id":25728,"date":"2026-03-11T12:30:55","date_gmt":"2026-03-11T09:30:55","guid":{"rendered":"https:\/\/www.turna.com\/blog\/?p=25728"},"modified":"2026-03-11T12:30:58","modified_gmt":"2026-03-11T09:30:58","slug":"pariste-nerede-kalinir","status":"publish","type":"post","link":"https:\/\/www.turna.com\/blog\/pariste-nerede-kalinir","title":{"rendered":"Paris\u2019te Nerede Kal\u0131n\u0131r? Le Marais mi Saint-Germain mi Daha Mant\u0131kl\u0131?"},"content":{"rendered":"<div id=\"ez-toc-container\" class=\"ez-toc-v2_0_82_2 counter-hierarchy ez-toc-counter ez-toc-black ez-toc-container-direction\">\n<div class=\"ez-toc-title-container\">\n<p class=\"ez-toc-title\" style=\"cursor:inherit\">\u0130\u00e7indekiler<\/p>\n<span class=\"ez-toc-title-toggle\"><a href=\"#\" class=\"ez-toc-pull-right ez-toc-btn ez-toc-btn-xs ez-toc-btn-default ez-toc-toggle\" aria-label=\"\u0130\u00e7indekiler Tablosunu A\u00e7\/Kapat\"><span class=\"ez-toc-js-icon-con\"><span class=\"\"><span class=\"eztoc-hide\" style=\"display:none;\">Toggle<\/span><span class=\"ez-toc-icon-toggle-span\"><svg style=\"fill: #ffffff;color:#ffffff\" xmlns=\"http:\/\/www.w3.org\/2000\/svg\" class=\"list-377408\" width=\"20px\" height=\"20px\" viewBox=\"0 0 24 24\" fill=\"none\"><path d=\"M6 6H4v2h2V6zm14 0H8v2h12V6zM4 11h2v2H4v-2zm16 0H8v2h12v-2zM4 16h2v2H4v-2zm16 0H8v2h12v-2z\" fill=\"currentColor\"><\/path><\/svg><svg style=\"fill: #ffffff;color:#ffffff\" class=\"arrow-unsorted-368013\" xmlns=\"http:\/\/www.w3.org\/2000\/svg\" width=\"10px\" height=\"10px\" viewBox=\"0 0 24 24\" version=\"1.2\" baseProfile=\"tiny\"><path d=\"M18.2 9.3l-6.2-6.3-6.2 6.3c-.2.2-.3.4-.3.7s.1.5.3.7c.2.2.4.3.7.3h11c.3 0 .5-.1.7-.3.2-.2.3-.5.3-.7s-.1-.5-.3-.7zM5.8 14.7l6.2 6.3 6.2-6.3c.2-.2.3-.5.3-.7s-.1-.5-.3-.7c-.2-.2-.4-.3-.7-.3h-11c-.3 0-.5.1-.7.3-.2.2-.3.5-.3.7s.1.5.3.7z\"\/><\/svg><\/span><\/span><\/span><\/a><\/span><\/div>\n<nav><ul class='ez-toc-list ez-toc-list-level-1 eztoc-toggle-hide-by-default' ><li class='ez-toc-page-1 ez-toc-heading-level-2'><a class=\"ez-toc-link ez-toc-heading-1\" href=\"https:\/\/www.turna.com\/blog\/pariste-nerede-kalinir\/#le_maraisde_konaklamanin_artilari_ve_eksileri\" >Le Marais\u2019de Konaklaman\u0131n Art\u0131lar\u0131 ve Eksileri<\/a><\/li><li class='ez-toc-page-1 ez-toc-heading-level-2'><a class=\"ez-toc-link ez-toc-heading-2\" href=\"https:\/\/www.turna.com\/blog\/pariste-nerede-kalinir\/#saint-germainde_konaklamanin_artilari_ve_eksileri\" >Saint-Germain\u2019de Konaklaman\u0131n Art\u0131lar\u0131 ve Eksileri<\/a><\/li><li class='ez-toc-page-1 ez-toc-heading-level-2'><a class=\"ez-toc-link ez-toc-heading-3\" href=\"https:\/\/www.turna.com\/blog\/pariste-nerede-kalinir\/#pariste_nerede_kalinir_ilk_kez_parise_gidenler_icin_hangisi_daha_mantikli\" >Paris&#8217;te Nerede Kal\u0131n\u0131r?  \u0130lk Kez Paris\u2019e Gidenler \u0130\u00e7in Hangisi Daha Mant\u0131kl\u0131?<\/a><\/li><li class='ez-toc-page-1 ez-toc-heading-level-2'><a class=\"ez-toc-link ez-toc-heading-4\" href=\"https:\/\/www.turna.com\/blog\/pariste-nerede-kalinir\/#%f0%9f%8e%af_paris_seyahati_icin_ipuclari_ve_oneriler\" >\ud83c\udfaf Paris Seyahati \u0130\u00e7in \u0130pu\u00e7lar\u0131 ve \u00d6neriler<\/a><\/li><\/ul><\/nav><\/div>\n\n<p>Paris\u2019te nerede kal\u0131n\u0131r sorusuna yan\u0131t ar\u0131yorsan\u0131z, do\u011fru yerdesiniz. Paris seyahatinizi planlamaya ba\u015flad\u0131n\u0131z ve \u015fimdi s\u0131rada bu b\u00fcy\u00fcleyici \u015fehirde konaklayaca\u011f\u0131n\u0131z b\u00f6lgeyi se\u00e7mek var. Ancak Paris\u2019te konaklama b\u00f6lgesi se\u00e7imi s\u00f6z konusu oldu\u011funda karar vermek hi\u00e7 de kolay de\u011fil. \u00c7\u00fcnk\u00fc bu b\u00fcy\u00fcl\u00fc \u015fehirde her semt farkl\u0131 bir atmosfer ve kendine has g\u00fczellikler sunuyor. Kimi mahalleler sanat galerileri ve \u00f6zel tasar\u0131m butikleriyle \u00f6n plana \u00e7\u0131karken, kimileri Paris\u2019in klasik ve romantik y\u00fcz\u00fcn\u00fc en g\u00fc\u00e7l\u00fc \u015fekilde hissettiriyor. \u0130\u015fte bu noktada bir\u00e7ok gezginin akl\u0131nda ayn\u0131 soru beliriyor: Le Marais mi, yoksa Saint-Germain mi? E\u011fer Paris\u2019te nerede kal\u0131n\u0131r diyorsan\u0131z ve konaklama i\u00e7in bu iki pop\u00fcler Paris semti aras\u0131nda karars\u0131z kald\u0131ysan\u0131z bizi takip edin. Paris konaklama rehberimizle Le Marais ve Saint-Germain b\u00f6lgelerini birlikte inceleyelim.<\/p>\n\n\n\n<h2 class=\"wp-block-heading\"><span class=\"ez-toc-section\" id=\"le_maraisde_konaklamanin_artilari_ve_eksileri\"><\/span>Le Marais\u2019de Konaklaman\u0131n Art\u0131lar\u0131 ve Eksileri<span class=\"ez-toc-section-end\"><\/span><\/h2>\n\n\n\n<figure class=\"wp-block-image size-large\"><img decoding=\"async\" src=\"https:\/\/res.cloudinary.com\/turna\/image\/upload\/v1773212417\/wordpress-contents\/Le_Marais.jpg\" alt=\"\"\/><\/figure>\n\n\n\n<p>Le Marais, Paris\u2019in en karakteristik mahallelerinden biri olarak dikkat \u00e7ekiyor. Tarihi sokaklar\u0131, k\u00fc\u00e7\u00fck kafeleri, butik ma\u011fazalar\u0131 ve sanat galerileriyle gezginlerin be\u011fenisini topluyor. \u00d6zellikle gen\u00e7 gezginler ve \u015fehir atmosferini yak\u0131ndan deneyimlemek isteyenler i\u00e7in olduk\u00e7a cazip bir se\u00e7enek sunuyor. Pompidou Merkezi, Picasso M\u00fczesi ve Place des Vosges gibi \u00f6nemli duraklar bu b\u00f6lgede konumlan\u0131yor. Ayr\u0131ca bu b\u00f6lgeden metro ba\u011flant\u0131lar\u0131 sayesinde \u015fehrin pek \u00e7ok noktas\u0131na ula\u015f\u0131m olduk\u00e7a kolay \u015fekilde sa\u011flan\u0131yor. Bununla birlikte Le Marais\u2019de konaklaman\u0131n baz\u0131 dezavantajlar\u0131 da bulunuyor. B\u00f6lge olduk\u00e7a pop\u00fcler oldu\u011fu i\u00e7in \u00f6zellikle hafta sonlar\u0131 olduk\u00e7a kalabal\u0131k olabiliyor. Bununla birlikte eski Paris binalar\u0131nda yer alan otellerde odalar zaman zaman k\u00fc\u00e7\u00fck olabiliyor ve baz\u0131 yap\u0131larda asans\u00f6r bulunmayabiliyor.<br>Paris seyahatinize renk katacak konforlu konaklama se\u00e7enekleri Turna\u2019da.<strong> <\/strong><a href=\"https:\/\/www.turna.com\/otel\/paris\"><strong>Paris otelleri <\/strong><\/a>alternatiflerini Turna avantajlar\u0131yla ke\u015ffetmeyi unutmay\u0131n.<\/p>\n\n\n\n<h2 class=\"wp-block-heading\"><span class=\"ez-toc-section\" id=\"saint-germainde_konaklamanin_artilari_ve_eksileri\"><\/span><strong>Saint-Germain\u2019de Konaklaman\u0131n Art\u0131lar\u0131 ve Eksileri<\/strong><span class=\"ez-toc-section-end\"><\/span><\/h2>\n\n\n\n<figure class=\"wp-block-image size-large\"><img decoding=\"async\" src=\"https:\/\/res.cloudinary.com\/turna\/image\/upload\/v1773212244\/wordpress-contents\/Saint-Germain.jpg\" alt=\"\"\/><\/figure>\n\n\n\n<p>Saint-Germain-des-Pres, Paris\u2019in en zarif ve klasik mahallelerinden biri olarak dikkat \u00e7ekiyor. Seine Nehri\u2019nin sol k\u0131y\u0131s\u0131nda konumlanan bu b\u00f6lge, \u00f6zellikle edebiyat ve sanat d\u00fcnyas\u0131yla olan g\u00fc\u00e7l\u00fc ba\u011f\u0131yla dikkat \u00e7ekiyor. Simone de Beauvoir ve Jean-Paul Sartre gibi \u00f6nemli isimlerin u\u011frak noktas\u0131 olan \u00fcnl\u00fc Cafe de Flore ve Les Deux Magots gibi tarihi kafeler de burada bulunuyor. Bu b\u00f6lgeden Louvre M\u00fczesi, Notre Dame Katedrali ve Orsay M\u00fczesi gibi pek \u00e7ok \u00f6nemli noktaya y\u00fcr\u00fcyerek ula\u015fmak m\u00fcmk\u00fcn. \u00d6te yandan Saint-Germain\u2019de konaklamak genellikle daha y\u00fcksek bir b\u00fct\u00e7e gerektiriyor. Bu b\u00f6lgede yer alan oteller genellikle butik otel konseptinde oldu\u011fu i\u00e7in fiyatlar Le Marais\u2019ye k\u0131yasla biraz daha y\u00fcksek seyrediyor. <br><strong><a href=\"https:\/\/www.turna.com\/ucak-bileti\/paris\" data-type=\"link\" data-id=\"https:\/\/www.turna.com\/ucak-bileti\/paris\">Paris u\u00e7ak bileti<\/a> <\/strong>alternatifleri avantajl\u0131 fiyatlar ve d\u00f6nemsel kampanyalarla Turna\u2019da.<\/p>\n\n\n\n<h2 class=\"wp-block-heading\"><span class=\"ez-toc-section\" id=\"pariste_nerede_kalinir_ilk_kez_parise_gidenler_icin_hangisi_daha_mantikli\"><\/span><strong>Paris&#8217;te Nerede Kal\u0131n\u0131r?  \u0130lk Kez Paris\u2019e Gidenler \u0130\u00e7in Hangisi Daha Mant\u0131kl\u0131?<\/strong><span class=\"ez-toc-section-end\"><\/span><\/h2>\n\n\n\n<figure class=\"wp-block-image size-large\"><img decoding=\"async\" src=\"https:\/\/res.cloudinary.com\/turna\/image\/upload\/v1773212244\/wordpress-contents\/Saint-Germain_2.jpg\" alt=\"\"\/><\/figure>\n\n\n\n<p>Paris\u2019te konaklama b\u00f6lgesi tercihi b\u00fcy\u00fck \u00f6l\u00e7\u00fcde seyahat tarz\u0131 ve beklentilerine ba\u011fl\u0131 olarak de\u011fi\u015fiklik g\u00f6steriyor. E\u011fer \u015fehrin daha enerjik ve modern y\u00fcz\u00fcn\u00fc ke\u015ffetmek istiyorsan\u0131z Le Marais sizin i\u00e7in daha uygun bir se\u00e7enek olacakt\u0131r. Butikler, sanat galerileri ve hareketli sokaklar bu b\u00f6lgenin en dikkat \u00e7eken \u00f6zellikleri aras\u0131nda yer al\u0131yor. Ancak Paris\u2019e daha romantik ve klasik bir atmosfer i\u00e7in geliyorsan\u0131z Saint-Germain sizin i\u00e7in daha etkileyici bir deneyim sunabilir. Tarihi kafelerde oturmak, Seine k\u0131y\u0131s\u0131nda y\u00fcr\u00fcy\u00fc\u015f yapmak ve sanat dolu sokaklar\u0131 ke\u015ffetmek bu b\u00f6lgede konaklaman\u0131n en keyifli yanlar\u0131 aras\u0131nda. S\u00f6z\u00fcn \u00f6z\u00fc Paris konaklama rehberinde ele ald\u0131\u011f\u0131m\u0131z bu iki pop\u00fcler semt aras\u0131nda en do\u011fru se\u00e7im, seyahatten ne bekledi\u011finize ba\u011fl\u0131 olarak de\u011fi\u015fiyor.<\/p>\n\n\n\n<h2 class=\"wp-block-heading\"><span class=\"ez-toc-section\" id=\"%f0%9f%8e%af_paris_seyahati_icin_ipuclari_ve_oneriler\"><\/span><strong>\ud83c\udfaf Paris Seyahati \u0130\u00e7in \u0130pu\u00e7lar\u0131 ve \u00d6neriler<\/strong><span class=\"ez-toc-section-end\"><\/span><\/h2>\n\n\n\n<figure class=\"wp-block-image size-large is-resized\"><img width=\"1024\" height=\"640\" data-public-id=\"wordpress-contents\/paris_26\/paris_26.jpg\" fetchpriority=\"high\" decoding=\"async\" src=\"https:\/\/res.cloudinary.com\/turna\/images\/w_1024,h_640,c_scale\/f_auto,q_auto:low\/v1770287075\/wordpress-contents\/paris_26\/paris_26.jpg?_i=AA\" alt=\"\" class=\"wp-post-25728 wp-image-25663\" style=\"width:1200px;height:auto\" data-format=\"jpg\" data-transformations=\"f_auto,q_auto:low\" data-version=\"1770287075\" data-seo=\"1\" srcset=\"https:\/\/res.cloudinary.com\/turna\/images\/w_1024,h_640,c_scale\/f_auto,q_auto:low\/v1770287075\/wordpress-contents\/paris_26\/paris_26.jpg?_i=AA 1024w, https:\/\/res.cloudinary.com\/turna\/images\/w_1000,h_625,c_scale\/f_auto,q_auto:low\/v1770287075\/wordpress-contents\/paris_26\/paris_26.jpg?_i=AA 1000w, https:\/\/res.cloudinary.com\/turna\/images\/w_300,h_188,c_scale\/f_auto,q_auto:low\/v1770287075\/wordpress-contents\/paris_26\/paris_26.jpg?_i=AA 300w, https:\/\/res.cloudinary.com\/turna\/images\/w_1536,h_960,c_scale\/f_auto,q_auto:low\/v1770287075\/wordpress-contents\/paris_26\/paris_26.jpg?_i=AA 1536w, https:\/\/res.cloudinary.com\/turna\/images\/f_auto,q_auto:low\/v1770287075\/wordpress-contents\/paris_26\/paris_26.jpg?_i=AA 1600w\" sizes=\"(max-width: 1024px) 100vw, 1024px\" \/><\/figure>\n\n\n\n<p><strong>\ud83c\udfdb\ufe0f Mutlaka g\u00f6r\u00fcn:<\/strong><\/p>\n\n\n\n<p>Louvre M\u00fczesi, Eyfel Kulesi, Montmartre Paris seyahatinin olmazsa olmaz duraklar\u0131 aras\u0131nda yer al\u0131yor. G\u00fcn bat\u0131m\u0131nda Seine Nehri k\u0131y\u0131s\u0131nda y\u00fcr\u00fcy\u00fc\u015f yapmak da Paris ke\u015fiflerinin en keyifli anlar\u0131 aras\u0131nda.<\/p>\n\n\n\n<p><strong>\ud83e\udd50 Mutlaka deneyin:<\/strong><\/p>\n\n\n\n<p>Tereya\u011fl\u0131 kruvasan, Frans\u0131z so\u011fan \u00e7orbas\u0131, rengarenk macaron \u00e7e\u015fitleri ve Paris sokaklar\u0131nda s\u0131k\u00e7a rastlayabilece\u011finiz taze baget sandvi\u00e7ler \u015fehrin en sevilen lezzetleri aras\u0131nda. Siz de e\u015fsiz bir ke\u015fif i\u00e7in bu lezzetlere \u015fans vermeyi sak\u0131n unutmay\u0131n. <strong><a href=\"https:\/\/www.turna.com\/blog\/pariste-ne-yenir-tatilin-tadini-cikarmak-icin-ipuclari\" data-type=\"link\" data-id=\"https:\/\/www.turna.com\/blog\/pariste-ne-yenir-tatilin-tadini-cikarmak-icin-ipuclari\">Paris\u2019te Ne Yenir? Tatilin Tad\u0131n\u0131 \u00c7\u0131karmak \u0130\u00e7in \u0130pu\u00e7lar\u0131<\/a><\/strong> i\u00e7eri\u011fimize g\u00f6z atarak daha \u00e7ok lezzet \u00f6nerisi ke\u015ffedebilirsiniz.<\/p>\n\n\n\n<p><strong>\ud83d\udcb6 Para birimi:<\/strong><\/p>\n\n\n\n<p>Fransa\u2019n\u0131n para birimi Euro. Kart kullan\u0131m\u0131 \u015fehir genelinde olduk\u00e7a yayg\u0131n olsa da k\u00fc\u00e7\u00fck kafeler ve yerel pazarlar i\u00e7in yan\u0131n\u0131zda bir miktar nakit bulundurman\u0131zda fayda var.<\/p>\n\n\n\n<p><strong>\ud83d\udcc5 En iyi ke\u015fif zaman\u0131:<\/strong><\/p>\n\n\n\n<p>\u0130lkbahar (Nisan \u2013 Haziran) ve sonbahar (Eyl\u00fcl \u2013 Ekim) d\u00f6nemi Paris\u2019i ke\u015ffetmek i\u00e7in en ideal d\u00f6nemler.<\/p>\n\n\n\n<p><strong>\ud83c\udf9f\ufe0f Biletleri \u00f6nceden al\u0131n:<\/strong><\/p>\n\n\n\n<p>Louvre M\u00fczesi ve Eyfel Kulesi i\u00e7in online rezervasyon yapmak uzun kuyruklardan ka\u00e7\u0131nman\u0131z\u0131 ve zaman kazanman\u0131z\u0131 sa\u011flayabilir.<\/p>\n\n\n\n<p><br><\/p>\n\n    <div class=\"xs_social_share_widget xs_share_url after_content \t\tmain_content  wslu-style-1 wslu-share-box-shaped wslu-fill-colored wslu-none wslu-share-horizontal wslu-theme-font-no wslu-main_content\">\n\n\t\t\n        <ul>\n\t\t\t        <\/ul>\n    <\/div> \n","protected":false},"excerpt":{"rendered":"<p>Paris\u2019te nerede kal\u0131n\u0131r sorusuna yan\u0131t ar\u0131yorsan\u0131z, do\u011fru yerdesiniz. Paris seyahatinizi planlamaya ba\u015flad\u0131n\u0131z ve \u015fimdi s\u0131rada bu b\u00fcy\u00fcleyici \u015fehirde konaklayaca\u011f\u0131n\u0131z b\u00f6lgeyi se\u00e7mek var. Ancak Paris\u2019te konaklama b\u00f6lgesi se\u00e7imi s\u00f6z konusu oldu\u011funda karar vermek hi\u00e7 de kolay de\u011fil. \u00c7\u00fcnk\u00fc bu b\u00fcy\u00fcl\u00fc \u015fehirde her semt farkl\u0131 bir atmosfer ve kendine has g\u00fczellikler sunuyor. Kimi mahalleler sanat galerileri ve [&hellip;]<\/p>\n","protected":false},"author":44,"featured_media":25729,"comment_status":"open","ping_status":"open","sticky":false,"template":"","format":"standard","meta":{"rop_custom_images_group":[],"rop_custom_messages_group":[],"rop_publish_now":"initial","rop_publish_now_accounts":[],"rop_publish_now_history":[],"rop_publish_now_status":"pending","_cloudinary_featured_overwrite":false,"footnotes":""},"categories":[101,1],"tags":[379,301,5325,102],"class_list":["post-25728","post","type-post","status-publish","format-standard","has-post-thumbnail","hentry","category-fransa","category-seyahat-rehberi","tag-fransa","tag-konaklama","tag-otel","tag-paris"],"_links":{"self":[{"href":"https:\/\/www.turna.com\/blog\/wp-json\/wp\/v2\/posts\/25728","targetHints":{"allow":["GET"]}}],"collection":[{"href":"https:\/\/www.turna.com\/blog\/wp-json\/wp\/v2\/posts"}],"about":[{"href":"https:\/\/www.turna.com\/blog\/wp-json\/wp\/v2\/types\/post"}],"author":[{"embeddable":true,"href":"https:\/\/www.turna.com\/blog\/wp-json\/wp\/v2\/users\/44"}],"replies":[{"embeddable":true,"href":"https:\/\/www.turna.com\/blog\/wp-json\/wp\/v2\/comments?post=25728"}],"version-history":[{"count":0,"href":"https:\/\/www.turna.com\/blog\/wp-json\/wp\/v2\/posts\/25728\/revisions"}],"wp:featuredmedia":[{"embeddable":true,"href":"https:\/\/www.turna.com\/blog\/wp-json\/wp\/v2\/media\/25729"}],"wp:attachment":[{"href":"https:\/\/www.turna.com\/blog\/wp-json\/wp\/v2\/media?parent=25728"}],"wp:term":[{"taxonomy":"category","embeddable":true,"href":"https:\/\/www.turna.com\/blog\/wp-json\/wp\/v2\/categories?post=25728"},{"taxonomy":"post_tag","embeddable":true,"href":"https:\/\/www.turna.com\/blog\/wp-json\/wp\/v2\/tags?post=25728"}],"curies":[{"name":"wp","href":"https:\/\/api.w.org\/{rel}","templated":true}]}}