{"id":25723,"date":"2026-03-10T10:31:26","date_gmt":"2026-03-10T07:31:26","guid":{"rendered":"https:\/\/www.turna.com\/blog\/?p=25723"},"modified":"2026-03-10T10:45:31","modified_gmt":"2026-03-10T07:45:31","slug":"sinirlari-asan-bir-sporcu-aysu-turkoglu","status":"publish","type":"post","link":"https:\/\/www.turna.com\/blog\/sinirlari-asan-bir-sporcu-aysu-turkoglu","title":{"rendered":"S\u0131n\u0131rlar\u0131 A\u015fan Bir Sporcu: Aysu T\u00fcrko\u011flu ile Seyahat \u00dczerine"},"content":{"rendered":"\n<p>Hayallere uzanan ad\u0131mlar\u0131n g\u00fcc\u00fcne ve d\u00fcnyay\u0131 ke\u015ffetmenin heyecan\u0131na inan\u0131yoruz. Kendi hayallerine kararl\u0131l\u0131kla ve ba\u015far\u0131yla ilerleyen ultra maraton sporcusu Aysu T\u00fcrko\u011flu\u2019nun yolculu\u011funa, 2026 y\u0131l\u0131 boyunca seyahat sponsoru olarak e\u015flik etmekten mutluluk duyuyoruz. 8 Mart D\u00fcnya Kad\u0131nlar G\u00fcn\u00fc\u2019ne \u00f6zel haz\u0131rlad\u0131\u011f\u0131m\u0131z bu r\u00f6portajda Aysu T\u00fcrko\u011flu ile s\u0131n\u0131rlar\u0131 a\u015fan hikayesini ve seyahatle kurdu\u011fu ba\u011f\u0131 konu\u015fuyoruz.<\/p>\n\n\n\n<h3 class=\"wp-block-heading has-text-align-center has-neeon-button-dark-gray-color has-text-color has-link-color wp-elements-ef2a38ed070e4b29f71864d68dade41b\"><strong><strong><strong><strong><strong><strong><strong><strong><strong><strong><strong><strong>Aysu T\u00fcrko\u011flu Kimdir?<\/strong><\/strong><\/strong><\/strong><\/strong><\/strong><\/strong><\/strong><\/strong><\/strong><\/strong><\/strong><\/h3>\n\n\n\n<figure class=\"wp-block-image size-large\"><img decoding=\"async\" src=\"https:\/\/res.cloudinary.com\/turna\/image\/upload\/v1773126918\/wordpress-contents\/aysu_t%C3%BCrko%C4%9Flu2.webp\" alt=\"aysu t\u00fcrko\u011flu\n\"\/><\/figure>\n\n\n\n<p>Spor d\u00fcnyas\u0131nda baz\u0131 isimler vard\u0131r; ba\u015far\u0131lar\u0131 kadar cesaretleriyle de an\u0131l\u0131rlar. Ultra maraton y\u00fcz\u00fcc\u00fcs\u00fc Aysu T\u00fcrko\u011flu da o isimlerden biri. Bodrum\u2019da denizin i\u00e7inde b\u00fcy\u00fcyen gen\u00e7 sporcu, y\u0131llar i\u00e7inde o tan\u0131d\u0131k mavili\u011fi d\u00fcnyan\u0131n en zorlu a\u00e7\u0131k su parkurlar\u0131na ta\u015f\u0131d\u0131. So\u011fuk ak\u0131nt\u0131lar, kilometrelerce s\u00fcren y\u00fcz\u00fc\u015fler ve zorlu sular. T\u00fcrko\u011flu i\u00e7in bunlar\u0131n her biri yeni bir hedefin ba\u015flang\u0131c\u0131. Hen\u00fcz gen\u00e7 ya\u015f\u0131nda a\u00e7\u0131k su y\u00fczmenin en zorlu s\u0131navlar\u0131na meydan okuyan bir sporcu olarak, ad\u0131n\u0131 uluslararas\u0131 arenada h\u0131zla duyurmay\u0131 ba\u015fard\u0131.&nbsp;<\/p>\n\n\n\n<p>Onu d\u00fcnya spor g\u00fcndemine ta\u015f\u0131yan yolculuk ise birbiri ard\u0131na gelen cesur ge\u00e7i\u015flerle \u015fekillendi. \u0130ngiltere ile Fransa aras\u0131ndaki Man\u015f Denizi\u2019ni 16 saat 28 dakikada y\u00fczerek ge\u00e7en en gen\u00e7 T\u00fcrk sporcu unvan\u0131n\u0131 ald\u0131ktan sonra, d\u00fcnyan\u0131n en zorlu parkurlar\u0131ndan biri kabul edilen Kuzey Kanal\u0131\u2019n\u0131 a\u015farak bu rotay\u0131 tamamlayan ilk T\u00fcrk kad\u0131n ve en gen\u00e7 T\u00fcrk sporcu oldu. Ard\u0131ndan Cook Bo\u011faz\u0131 ve Kaiwi Kanal\u0131 gibi a\u00e7\u0131k su y\u00fcz\u00fcc\u00fclerinin hayalini s\u00fcsleyen ge\u00e7i\u015flerde de kula\u00e7 att\u0131. Bug\u00fcn T\u00fcrko\u011flu\u2019nun hedefi, d\u00fcnyan\u0131n en zorlu yedi a\u00e7\u0131k su ge\u00e7i\u015finden olu\u015fan Ocean\u2019s Seven serisini tamamlamak. Onun hikayesine bak\u0131nca anl\u0131yorsunuz ki as\u0131l mesele biraz cesaret, biraz sab\u0131r ve \u00e7ok\u00e7a deniz kokusu.<\/p>\n\n\n\n<h3 class=\"wp-block-heading has-text-align-center has-neeon-button-dark-gray-color has-text-color has-link-color wp-elements-0c795116f9eaf7157f518984a52f76c3\"><strong><strong><strong><strong><strong><strong><strong><strong><strong><strong><strong><strong><strong>Aysu T\u00fcrko\u011flu ile Seyahat \u00dczerine<\/strong><\/strong><\/strong><\/strong><\/strong><\/strong><\/strong><\/strong><\/strong><\/strong><\/strong><\/strong><\/strong><\/h3>\n\n\n\n<figure class=\"wp-block-image size-large\"><img decoding=\"async\" src=\"https:\/\/res.cloudinary.com\/turna\/image\/upload\/v1773126918\/wordpress-contents\/aysu_t%C3%BCrko%C4%9Flu3.webp\" alt=\"\"\/><\/figure>\n\n\n\n<p><strong>Bir kad\u0131n sporcu olarak pek \u00e7ok ki\u015fi i\u00e7in rol model olmak sana nas\u0131l hissettiriyor?<\/strong><\/p>\n\n\n\n<p>&#8211; A\u00e7\u0131k\u00e7as\u0131 ben y\u00fczmeye ba\u015flad\u0131\u011f\u0131mda rol model olmak gibi bir hedefle ba\u015flamad\u0131m. Ben sadece y\u00fczmek istiyordum. Denizi seven biri olmak ve s\u0131n\u0131rlar\u0131m\u0131 a\u015ft\u0131\u011f\u0131m\u0131 g\u00f6rme hissi beni bu noktaya getirdi. Ama zaman i\u00e7inde insanlardan, \u00f6zellikle gen\u00e7 k\u0131zlardan mesajlar almaya ba\u015flad\u0131m. \u2018Ben de y\u00fczmek istiyorum\u2019, \u2018Ben de b\u00f6yle hayaller kurabilir miyim?\u2019 gibi. \u0130\u015fte o zaman yapt\u0131\u011f\u0131m \u015feyin sadece bir spor ba\u015far\u0131s\u0131ndan ibaret olmad\u0131\u011f\u0131n\u0131, benli\u011fimin ba\u015fkalar\u0131n\u0131n benli\u011fine dokunabildi\u011fini g\u00f6rd\u00fcm.<\/p>\n\n\n\n<p><strong>Spor kariyerin olmasayd\u0131 yine bu kadar s\u0131k seyahat eder miydin?<\/strong><\/p>\n\n\n\n<p>&#8211; Belki bu kadar olmazd\u0131 ama yine de normalin bir t\u0131k \u00fcst\u00fcnde olurdu. Ben yeni yerler, \u00fclkeler, k\u00fclt\u00fcrler ke\u015ffetmeyi seven biriyim, seyahat etmek benim i\u00e7in zorunluluktan \u00e7ok duygusal hissiyatla yap\u0131lan bir eylem.<\/p>\n\n\n\n<figure class=\"wp-block-image size-large\"><img decoding=\"async\" src=\"https:\/\/res.cloudinary.com\/turna\/image\/upload\/v1773126918\/wordpress-contents\/aysu_t%C3%BCrko%C4%9Flu4.webp\" alt=\"\"\/><\/figure>\n\n\n\n<p><strong>Gitti\u011fin yerlerde antrenman d\u0131\u015f\u0131nda \u015fehri deneyimlemek i\u00e7in \u00f6zellikle yapt\u0131\u011f\u0131n bir \u015fey var m\u0131?<\/strong><\/p>\n\n\n\n<p>&#8211; Benim i\u00e7in \u00f6ncelikle gitti\u011fim yerde ilk i\u015f sabah kalk\u0131p antrenmana gitmek oluyor, bunu yap\u0131nca kendimi oran\u0131n lokallerinden gibi hissediyorum, bu duygu \u201cbelki bir g\u00fcn orada ya\u015fasam nas\u0131l olurdu?\u201d sorusunu kafamda canland\u0131rmama yard\u0131mc\u0131 oluyor. Ama onun d\u0131\u015f\u0131nda gitti\u011fim yerlerin ara sokaklar\u0131nda turlamak, sabah bir kahve al\u0131p insanlar\u0131n k\u0131yafetlerini, tav\u0131rlar\u0131n\u0131, g\u00fcne ba\u015flarkenki motivasyonlar\u0131n\u0131 izlemek bana o \u00fclke i\u00e7in olduk\u00e7a fazla bilgi veriyor.<\/p>\n\n\n\n<p><strong>Gelecekte ziyaret etmeyi en \u00e7ok arzulad\u0131\u011f\u0131n yer neresi?<\/strong><\/p>\n\n\n\n<p>&#8211; Yerler desek daha iyi olabilir \ud83d\ude42 En ba\u015fta Paris, sonra ortaokul hayalim Roma, Barselona\u2026 K\u0131saca t\u00fcm Avrupa diyebiliriz :)) Ama kendime s\u00f6z verdim Hawaii\u2019ye bir daha gidece\u011fim.<\/p>\n\n\n\n<figure class=\"wp-block-image size-large\"><img decoding=\"async\" src=\"https:\/\/res.cloudinary.com\/turna\/image\/upload\/v1773126918\/wordpress-contents\/aysu_t%C3%BCrko%C4%9Flu1.webp\" alt=\"\"\/><\/figure>\n\n\n\n<p><strong>S\u0131k seyahat etmek sana daha planl\u0131 olmay\u0131 m\u0131 \u00f6\u011fretti, yoksa kontrol\u00fc b\u0131rak\u0131p esnek kalmay\u0131 m\u0131?<\/strong><\/p>\n\n\n\n<p>&#8211; Kontrol\u00fc b\u0131rak\u0131p esnek olmak diye bir kavram\u0131 yakla\u015f\u0131k 2 ay gibi bir s\u00fcre deneyimleyebiliyorum, onda da off sezonda oldu\u011fumdan evime gidip olabildi\u011fince dinlenmeye \u00e7al\u0131\u015f\u0131yorum. Planl\u0131 olmak benim kendi se\u00e7mi\u015f oldu\u011fum bir ya\u015fam tarz\u0131, bunun d\u0131\u015f\u0131na \u00e7\u0131k\u0131nca \u00e7ok tad\u0131m ka\u00e7\u0131yor ve kendimi daha da fazla plan\u0131n i\u00e7inde bo\u011fuluyor buluyorum. O y\u00fczden planl\u0131 seyahat her zaman en sevdi\u011fimdir.<\/p>\n\n\n\n<p>Ultra maraton sporcumuz Aysu T\u00fcrko\u011flu ile ger\u00e7ekle\u015ftirdi\u011fimiz sohbette onun deneyimlerini, hedeflerini ve ilham veren hikayesini dinleme f\u0131rsat\u0131 bulduk. Hayallerinin pe\u015finden giderken g\u00f6sterdi\u011fi kararl\u0131l\u0131\u011fa tan\u0131kl\u0131k etmek ve s\u0131n\u0131rlar\u0131 a\u015ft\u0131\u011f\u0131 bu keyifli yolculu\u011funda onunla birlikte y\u00fcr\u00fcmekten b\u00fcy\u00fck gurur duyuyoruz. \ud83d\udc99<\/p>\n\n    <div class=\"xs_social_share_widget xs_share_url after_content \t\tmain_content  wslu-style-1 wslu-share-box-shaped wslu-fill-colored wslu-none wslu-share-horizontal wslu-theme-font-no wslu-main_content\">\n\n\t\t\n        <ul>\n\t\t\t        <\/ul>\n    <\/div> \n","protected":false},"excerpt":{"rendered":"<p>Hayallere uzanan ad\u0131mlar\u0131n g\u00fcc\u00fcne ve d\u00fcnyay\u0131 ke\u015ffetmenin heyecan\u0131na inan\u0131yoruz. Kendi hayallerine kararl\u0131l\u0131kla ve ba\u015far\u0131yla ilerleyen ultra maraton sporcusu Aysu T\u00fcrko\u011flu\u2019nun yolculu\u011funa, 2026 y\u0131l\u0131 boyunca seyahat sponsoru olarak e\u015flik etmekten mutluluk duyuyoruz. 8 Mart D\u00fcnya Kad\u0131nlar G\u00fcn\u00fc\u2019ne \u00f6zel haz\u0131rlad\u0131\u011f\u0131m\u0131z bu r\u00f6portajda Aysu T\u00fcrko\u011flu ile s\u0131n\u0131rlar\u0131 a\u015fan hikayesini ve seyahatle kurdu\u011fu ba\u011f\u0131 konu\u015fuyoruz. Aysu T\u00fcrko\u011flu Kimdir? Spor [&hellip;]<\/p>\n","protected":false},"author":45,"featured_media":25727,"comment_status":"open","ping_status":"open","sticky":false,"template":"","format":"standard","meta":{"rop_custom_images_group":[],"rop_custom_messages_group":[],"rop_publish_now":"initial","rop_publish_now_accounts":[],"rop_publish_now_history":[],"rop_publish_now_status":"pending","_cloudinary_featured_overwrite":false,"footnotes":""},"categories":[1719],"tags":[5638],"class_list":["post-25723","post","type-post","status-publish","format-standard","has-post-thumbnail","hentry","category-roportajlar","tag-aysu-turkoglu"],"_links":{"self":[{"href":"https:\/\/www.turna.com\/blog\/wp-json\/wp\/v2\/posts\/25723","targetHints":{"allow":["GET"]}}],"collection":[{"href":"https:\/\/www.turna.com\/blog\/wp-json\/wp\/v2\/posts"}],"about":[{"href":"https:\/\/www.turna.com\/blog\/wp-json\/wp\/v2\/types\/post"}],"author":[{"embeddable":true,"href":"https:\/\/www.turna.com\/blog\/wp-json\/wp\/v2\/users\/45"}],"replies":[{"embeddable":true,"href":"https:\/\/www.turna.com\/blog\/wp-json\/wp\/v2\/comments?post=25723"}],"version-history":[{"count":0,"href":"https:\/\/www.turna.com\/blog\/wp-json\/wp\/v2\/posts\/25723\/revisions"}],"wp:featuredmedia":[{"embeddable":true,"href":"https:\/\/www.turna.com\/blog\/wp-json\/wp\/v2\/media\/25727"}],"wp:attachment":[{"href":"https:\/\/www.turna.com\/blog\/wp-json\/wp\/v2\/media?parent=25723"}],"wp:term":[{"taxonomy":"category","embeddable":true,"href":"https:\/\/www.turna.com\/blog\/wp-json\/wp\/v2\/categories?post=25723"},{"taxonomy":"post_tag","embeddable":true,"href":"https:\/\/www.turna.com\/blog\/wp-json\/wp\/v2\/tags?post=25723"}],"curies":[{"name":"wp","href":"https:\/\/api.w.org\/{rel}","templated":true}]}}