{"id":25649,"date":"2026-01-28T13:49:47","date_gmt":"2026-01-28T10:49:47","guid":{"rendered":"https:\/\/www.turna.com\/blog\/?p=25649"},"modified":"2026-01-28T13:49:49","modified_gmt":"2026-01-28T10:49:49","slug":"dunyanin-en-iyi-10-moda-sehri","status":"publish","type":"post","link":"https:\/\/www.turna.com\/blog\/dunyanin-en-iyi-10-moda-sehri","title":{"rendered":"D\u00fcnyan\u0131n En \u0130yi 10 Moda \u015eehri"},"content":{"rendered":"<div id=\"ez-toc-container\" class=\"ez-toc-v2_0_82_2 counter-hierarchy ez-toc-counter ez-toc-black ez-toc-container-direction\">\n<div class=\"ez-toc-title-container\">\n<p class=\"ez-toc-title\" style=\"cursor:inherit\">\u0130\u00e7indekiler<\/p>\n<span class=\"ez-toc-title-toggle\"><a href=\"#\" class=\"ez-toc-pull-right ez-toc-btn ez-toc-btn-xs ez-toc-btn-default ez-toc-toggle\" aria-label=\"\u0130\u00e7indekiler Tablosunu A\u00e7\/Kapat\"><span class=\"ez-toc-js-icon-con\"><span class=\"\"><span class=\"eztoc-hide\" style=\"display:none;\">Toggle<\/span><span class=\"ez-toc-icon-toggle-span\"><svg style=\"fill: #ffffff;color:#ffffff\" xmlns=\"http:\/\/www.w3.org\/2000\/svg\" class=\"list-377408\" width=\"20px\" height=\"20px\" viewBox=\"0 0 24 24\" fill=\"none\"><path d=\"M6 6H4v2h2V6zm14 0H8v2h12V6zM4 11h2v2H4v-2zm16 0H8v2h12v-2zM4 16h2v2H4v-2zm16 0H8v2h12v-2z\" fill=\"currentColor\"><\/path><\/svg><svg style=\"fill: #ffffff;color:#ffffff\" class=\"arrow-unsorted-368013\" xmlns=\"http:\/\/www.w3.org\/2000\/svg\" width=\"10px\" height=\"10px\" viewBox=\"0 0 24 24\" version=\"1.2\" baseProfile=\"tiny\"><path d=\"M18.2 9.3l-6.2-6.3-6.2 6.3c-.2.2-.3.4-.3.7s.1.5.3.7c.2.2.4.3.7.3h11c.3 0 .5-.1.7-.3.2-.2.3-.5.3-.7s-.1-.5-.3-.7zM5.8 14.7l6.2 6.3 6.2-6.3c.2-.2.3-.5.3-.7s-.1-.5-.3-.7c-.2-.2-.4-.3-.7-.3h-11c-.3 0-.5.1-.7.3-.2.2-.3.5-.3.7s.1.5.3.7z\"\/><\/svg><\/span><\/span><\/span><\/a><\/span><\/div>\n<nav><ul class='ez-toc-list ez-toc-list-level-1 eztoc-toggle-hide-by-default' ><li class='ez-toc-page-1 ez-toc-heading-level-2'><a class=\"ez-toc-link ez-toc-heading-1\" href=\"https:\/\/www.turna.com\/blog\/dunyanin-en-iyi-10-moda-sehri\/#milano_italya\" >Milano, \u0130talya<\/a><\/li><li class='ez-toc-page-1 ez-toc-heading-level-2'><a class=\"ez-toc-link ez-toc-heading-2\" href=\"https:\/\/www.turna.com\/blog\/dunyanin-en-iyi-10-moda-sehri\/#paris_fransa\" >Paris, Fransa<\/a><\/li><li class='ez-toc-page-1 ez-toc-heading-level-2'><a class=\"ez-toc-link ez-toc-heading-3\" href=\"https:\/\/www.turna.com\/blog\/dunyanin-en-iyi-10-moda-sehri\/#new_york_amerika_birlesik_devletleri\" >New York, Amerika Birle\u015fik Devletleri<\/a><\/li><li class='ez-toc-page-1 ez-toc-heading-level-2'><a class=\"ez-toc-link ez-toc-heading-4\" href=\"https:\/\/www.turna.com\/blog\/dunyanin-en-iyi-10-moda-sehri\/#londra_birlesik_krallik\" >Londra, Birle\u015fik Krall\u0131k<\/a><\/li><li class='ez-toc-page-1 ez-toc-heading-level-2'><a class=\"ez-toc-link ez-toc-heading-5\" href=\"https:\/\/www.turna.com\/blog\/dunyanin-en-iyi-10-moda-sehri\/#roma_italya\" >Roma, \u0130talya<\/a><\/li><li class='ez-toc-page-1 ez-toc-heading-level-2'><a class=\"ez-toc-link ez-toc-heading-6\" href=\"https:\/\/www.turna.com\/blog\/dunyanin-en-iyi-10-moda-sehri\/#barselona_ispanya\" >Barselona, \u0130spanya<\/a><\/li><li class='ez-toc-page-1 ez-toc-heading-level-2'><a class=\"ez-toc-link ez-toc-heading-7\" href=\"https:\/\/www.turna.com\/blog\/dunyanin-en-iyi-10-moda-sehri\/#berlin_almanya\" >Berlin, Almanya<\/a><\/li><li class='ez-toc-page-1 ez-toc-heading-level-2'><a class=\"ez-toc-link ez-toc-heading-8\" href=\"https:\/\/www.turna.com\/blog\/dunyanin-en-iyi-10-moda-sehri\/#tokyo_japonya\" >Tokyo, Japonya<\/a><\/li><li class='ez-toc-page-1 ez-toc-heading-level-2'><a class=\"ez-toc-link ez-toc-heading-9\" href=\"https:\/\/www.turna.com\/blog\/dunyanin-en-iyi-10-moda-sehri\/#melbourne_avustralya\" >Melbourne, Avustralya<\/a><\/li><li class='ez-toc-page-1 ez-toc-heading-level-2'><a class=\"ez-toc-link ez-toc-heading-10\" href=\"https:\/\/www.turna.com\/blog\/dunyanin-en-iyi-10-moda-sehri\/#dubai_birlesik_arap_emirlikleri\" >Dubai, Birle\u015fik Arap Emirlikleri<\/a><\/li><li class='ez-toc-page-1 ez-toc-heading-level-2'><a class=\"ez-toc-link ez-toc-heading-11\" href=\"https:\/\/www.turna.com\/blog\/dunyanin-en-iyi-10-moda-sehri\/#dunyanin_en_iyi_10_moda_sehrinde_kesfetmeniz_gerekenler\" >D\u00fcnyan\u0131n En \u0130yi 10 Moda \u015eehrinde Ke\u015ffetmeniz Gerekenler<\/a><\/li><\/ul><\/nav><\/div>\n\n<p>Moda ve seyahat kelimelerini duydu\u011funuzda kalbinizin ritmi h\u0131zlan\u0131yorsa, do\u011fru yerdesiniz. Bu kez rotam\u0131z\u0131 podyumu and\u0131ran sokaklara \u00e7evirdik; vitrinleri kadar hikayeleriyle de ilham veren \u015fehirlerin izini s\u00fcrd\u00fck. Baz\u0131 \u015fehirlerde stil, sadece giysilerde de\u011fil; y\u00fcr\u00fcd\u00fc\u011f\u00fcn\u00fcz caddede, oturdu\u011funuz kafede ve g\u00fcnl\u00fck hayat\u0131n t\u00fcm k\u00fc\u00e7\u00fck detaylar\u0131nda hissediliyor. Paris\u2019ten Milano\u2019ya, Tokyo\u2019dan New York\u2019a uzanan bu se\u00e7kide her durak ayr\u0131 bir ke\u015fif, \u00f6zel lezzetler ve kendine has bir k\u00fclt\u00fcrle tamamlan\u0131yor. Sokak modas\u0131, m\u00fczeler, al\u0131\u015fveri\u015f rotalar\u0131 ve yerel k\u00fclt\u00fcr; bu destinasyonlarda at\u0131lan her ad\u0131m\u0131 unutulmaz bir deneyime d\u00f6n\u00fc\u015ft\u00fcr\u00fcyor. Haz\u0131rsan\u0131z bavulunuzu haz\u0131rlay\u0131n, renkli bir ke\u015ffe \u00e7\u0131k\u0131yoruz. \u2708\ufe0f \u0130\u015fte kar\u015f\u0131n\u0131zda g\u00f6z al\u0131c\u0131 ke\u015fifler vadeden d\u00fcnyan\u0131n en iyi 10 moda \u015fehri! \ud83d\udc57\ud83e\udde5\ud83c\udf0d<\/p>\n\n\n\n<h2 class=\"wp-block-heading\"><span class=\"ez-toc-section\" id=\"milano_italya\"><\/span><strong>Milano, \u0130talya<\/strong><span class=\"ez-toc-section-end\"><\/span><\/h2>\n\n\n\n<figure class=\"wp-block-image size-large\"><img decoding=\"async\" src=\"https:\/\/res.cloudinary.com\/turna\/image\/upload\/v1766998478\/wordpress-contents\/milano_cadde.jpg\" alt=\"\"\/><\/figure>\n\n\n\n<p>Milano, modan\u0131n end\u00fcstriyel bir disiplinle sanata d\u00f6n\u00fc\u015ft\u00fc\u011f\u00fc bir destinasyon.\u2728 Milano Moda Haftas\u0131, her sezon yaln\u0131zca trendleri de\u011fil, modan\u0131n y\u00f6n\u00fcn\u00fc de belirleyen g\u00fc\u00e7l\u00fc bir vitrin sunuyor. \ud83d\udc57 Bu renkli \u015fehir, k\u00f6kl\u00fc moda evleri, g\u00fc\u00e7l\u00fc tasar\u0131m okullar\u0131 ve uluslararas\u0131 fuarlar\u0131yla dikkat \u00e7ekiyor. Brera ve Quadrilatero della Moda \u00e7evresinde dola\u015f\u0131rken, Milano\u2019nun neden zamans\u0131z kalite ile an\u0131ld\u0131\u011f\u0131 hemen anla\u015f\u0131l\u0131yor. \ud83c\udfdb\ufe0f Bu \u00f6zel rota, mimariyle i\u00e7 i\u00e7e ge\u00e7mi\u015f stil anlay\u0131\u015f\u0131, el i\u015f\u00e7ili\u011fine verilen \u00f6nem ve rafine estetik alg\u0131s\u0131yla be\u011feni topluyor. Milano, l\u00fcks\u00fcn gelenekle bulu\u015ftu\u011fu g\u00fc\u00e7l\u00fc bir moda merkezi olarak d\u00fcnyan\u0131n en iyi moda \u015fehirleri aras\u0131nda yer al\u0131yor.\ud83c\udf0d<\/p>\n\n\n\n<p><strong>Milano\u2019da stil dolu bir rota nas\u0131l \u00e7izilir?<\/strong><\/p>\n\n\n\n<p>Y\u00fcr\u00fcyerek ke\u015ffedilen Via Brera ve \u00e7evresindeki sanat dolu sokaklar, Navigli\u2019nin kanallar\u0131 boyunca uzanan yarat\u0131c\u0131 atmosfer ve Via Montenapoleone \u2013 Via della Spiga hatt\u0131ndaki zarif vitrinler, Milano stilini hissetmenin en keyifli yolunu sunuyor. \ud83d\udc60\u2728 Bu \u00f6zel rotaya uzanan bir ke\u015fif hayal ediyorsan\u0131z,\u00a0<a href=\"https:\/\/www.turna.com\/ucak-bileti\/milano?swcfpc=1\"><strong>Milano u\u00e7ak bileti<\/strong><\/a>\u00a0se\u00e7enekleri avantajl\u0131 fiyatlarla Turna\u2019da.<\/p>\n\n\n\n<h2 class=\"wp-block-heading\"><span class=\"ez-toc-section\" id=\"paris_fransa\"><\/span><strong>Paris, Fransa<\/strong><span class=\"ez-toc-section-end\"><\/span><\/h2>\n\n\n\n<figure class=\"wp-block-image size-full is-resized\"><img width=\"800\" height=\"500\" data-public-id=\"pariste_ne_yap\u0131l\u0131r\/pariste_ne_yap\u0131l\u0131r.jpg\" fetchpriority=\"high\" decoding=\"async\" src=\"https:\/\/res.cloudinary.com\/turna\/images\/w_800,h_500,c_scale\/f_auto,q_auto:low\/v1686819962\/pariste_ne_yap\u0131l\u0131r\/pariste_ne_yap\u0131l\u0131r.jpg?_i=AA\" alt=\"Pariste ne yap\u0131l\u0131r\" class=\"wp-post-25649 wp-image-21823\" style=\"aspect-ratio:1.6000187505859558;width:1200px;height:auto\" data-format=\"jpg\" data-transformations=\"f_auto,q_auto:low\" data-version=\"1686819962\" data-seo=\"1\" srcset=\"https:\/\/res.cloudinary.com\/turna\/images\/f_auto,q_auto:low\/v1686819962\/pariste_ne_yap\u0131l\u0131r\/pariste_ne_yap\u0131l\u0131r.jpg?_i=AA 800w, https:\/\/res.cloudinary.com\/turna\/images\/w_300,h_188,c_scale\/f_auto,q_auto:low\/v1686819962\/pariste_ne_yap\u0131l\u0131r\/pariste_ne_yap\u0131l\u0131r.jpg?_i=AA 300w, https:\/\/res.cloudinary.com\/turna\/images\/w_672,h_420,c_scale\/f_auto,q_auto:low\/v1686819962\/pariste_ne_yap\u0131l\u0131r\/pariste_ne_yap\u0131l\u0131r.jpg?_i=AA 672w, https:\/\/res.cloudinary.com\/turna\/images\/w_640,h_400,c_scale\/f_auto,q_auto:low\/v1686819962\/pariste_ne_yap\u0131l\u0131r\/pariste_ne_yap\u0131l\u0131r.jpg?_i=AA 640w, https:\/\/res.cloudinary.com\/turna\/images\/w_681,h_426,c_scale\/f_auto,q_auto:low\/v1686819962\/pariste_ne_yap\u0131l\u0131r\/pariste_ne_yap\u0131l\u0131r.jpg?_i=AA 681w\" sizes=\"(max-width: 800px) 100vw, 800px\" \/><\/figure>\n\n\n\n<p>Paris, zarafet ve stil kavramlar\u0131n\u0131n \u015fehirle b\u00fct\u00fcnle\u015fti\u011fi \u00f6zel bir destinasyon. \u2728 I\u015f\u0131k \u015eehri olarak da an\u0131lan bu rota, yaln\u0131zca podyumlar\u0131yla de\u011fil, sokaklar\u0131, mimarisi ve ya\u015fam ritmiyle de modan\u0131n y\u00f6n\u00fcn\u00fc belirliyor. \ud83d\udc57 Paris Moda Haftas\u0131, her sezon k\u00fcresel moda takviminin en g\u00fc\u00e7l\u00fc duraklar\u0131ndan biri olarak ilgi \u00e7ekiyor. \u00d6te yandan k\u00f6kl\u00fc moda okullar\u0131, yarat\u0131c\u0131 tasar\u0131m k\u00fclt\u00fcr\u00fc ve yay\u0131n d\u00fcnyas\u0131ndaki etkisiyle de Paris \u00f6nemli bir rol \u00fcstleniyor. Paris\u2019te kald\u0131r\u0131mlar, kafeler ve vitrinler g\u00fc\u00e7l\u00fc bir esteti\u011fi g\u00fcnl\u00fck hayata ta\u015f\u0131yor. \ud83c\udfdb\ufe0f Paris, haute couture\u2019\u00fcn ruhunu ta\u015f\u0131yan g\u00fc\u00e7l\u00fc bir moda ba\u015fkenti olarak d\u00fcnyan\u0131n en iyi 10 moda \u015fehri aras\u0131nda yer almay\u0131 fazlas\u0131yla hak ediyor. \ud83c\udf0d<\/p>\n\n\n\n<p><strong>Paris\u2019te stil dolu bir rota nas\u0131l \u00e7izilir?<\/strong><\/p>\n\n\n\n<p>Le Marais sokaklar\u0131nda y\u00fcr\u00fcmek, Saint-Germain\u2019de kafe molas\u0131 vermek ve Avenue Montaigne ile Rue Saint-Honore \u00e7evresinde vitrinleri izlemek Paris stilini hissetmenin en keyifli yollar\u0131ndan birini sunuyor. \ud83d\udc60\u2728 Bu \u00f6zel ke\u015ffi birbirinden iddial\u0131\u00a0<a href=\"https:\/\/www.turna.com\/otel\/paris\"><strong>Paris otelleri<\/strong><\/a>\u00a0ile ta\u00e7land\u0131rmak i\u00e7in Turna\u2019y\u0131 ziyaret etmeyi unutmay\u0131n.<\/p>\n\n\n\n<h2 class=\"wp-block-heading\"><span class=\"ez-toc-section\" id=\"new_york_amerika_birlesik_devletleri\"><\/span><strong>New York, Amerika Birle\u015fik Devletleri<\/strong><span class=\"ez-toc-section-end\"><\/span><\/h2>\n\n\n\n<figure class=\"wp-block-image size-large is-resized\"><img width=\"1024\" height=\"640\" data-public-id=\"wordpress-contents\/new_york_26\/new_york_26.jpg\" decoding=\"async\" src=\"https:\/\/res.cloudinary.com\/turna\/images\/w_1024,h_640,c_scale\/f_auto,q_auto:low\/v1768899603\/wordpress-contents\/new_york_26\/new_york_26.jpg?_i=AA\" alt=\"\" class=\"wp-post-25649 wp-image-25650\" style=\"aspect-ratio:1.6000146487951366;width:1200px;height:auto\" data-format=\"jpg\" data-transformations=\"f_auto,q_auto:low\" data-version=\"1768899603\" data-seo=\"1\" srcset=\"https:\/\/res.cloudinary.com\/turna\/images\/w_1024,h_640,c_scale\/f_auto,q_auto:low\/v1768899603\/wordpress-contents\/new_york_26\/new_york_26.jpg?_i=AA 1024w, https:\/\/res.cloudinary.com\/turna\/images\/w_1000,h_625,c_scale\/f_auto,q_auto:low\/v1768899603\/wordpress-contents\/new_york_26\/new_york_26.jpg?_i=AA 1000w, https:\/\/res.cloudinary.com\/turna\/images\/w_300,h_188,c_scale\/f_auto,q_auto:low\/v1768899603\/wordpress-contents\/new_york_26\/new_york_26.jpg?_i=AA 300w, https:\/\/res.cloudinary.com\/turna\/images\/w_1536,h_960,c_scale\/f_auto,q_auto:low\/v1768899603\/wordpress-contents\/new_york_26\/new_york_26.jpg?_i=AA 1536w, https:\/\/res.cloudinary.com\/turna\/images\/f_auto,q_auto:low\/v1768899603\/wordpress-contents\/new_york_26\/new_york_26.jpg?_i=AA 1600w\" sizes=\"(max-width: 1024px) 100vw, 1024px\" \/><\/figure>\n\n\n\n<p>New York, modan\u0131n s\u0131n\u0131r tan\u0131mayan, enerjik ve cesur y\u00fcz\u00fcn\u00fc ba\u015far\u0131l\u0131 \u015fekilde temsil ediyor. Bu \u015fehir, trendlerin h\u0131zla do\u011fdu\u011fu ve sokak stilinin podyumlara ilham verdi\u011fi dinamik bir moda sahnesine ev sahipli\u011fi yap\u0131yor. \ud83d\udc57 New York Moda Haftas\u0131, k\u00fcresel moda takviminde yenilik\u00e7i bak\u0131\u015f a\u00e7\u0131lar\u0131n\u0131 \u00f6n plana \u00e7\u0131karan g\u00fc\u00e7l\u00fc duraklardan biri olarak kabul g\u00f6r\u00fcyor. Bu destinasyon, Manhattan\u2019dan Brooklyn\u2019e uzanan sokaklarda, modan\u0131n g\u00fcnl\u00fck hayatla i\u00e7 i\u00e7e ge\u00e7ti\u011fi canl\u0131 bir atmosfer sunuyor. New York, \u00e7ok sesli yap\u0131s\u0131yla d\u00fcnyan\u0131n en iyi 10 moda \u015fehri aras\u0131nda yer al\u0131yor. \ud83c\udfd9\ufe0f<\/p>\n\n\n\n<p><strong>New York\u2019ta stil dolu bir rota nas\u0131l \u00e7izilir?<\/strong><\/p>\n\n\n\n<p>SoHo ve Nolita\u2019da sokak modas\u0131n\u0131 g\u00f6zlemlemek, Fifth Avenue \u00e7evresinde vitrinlere g\u00f6z atmak ve Williamsburg sokaklar\u0131nda yarat\u0131c\u0131 ruhu hissetmek New York stilini ke\u015ffetmenin en keyifli yollar\u0131 aras\u0131nda bulunuyor.\ud83d\udc5f\u2728<\/p>\n\n\n\n<p><strong><a href=\"https:\/\/www.turna.com\/blog\/new-york-yeme-icme-rehberi-en-iyi-mekanlar\" data-type=\"link\" data-id=\"https:\/\/www.turna.com\/blog\/new-york-yeme-icme-rehberi-en-iyi-mekanlar\">New York Yeme \u0130\u00e7me Rehberi | En \u0130yi Mekanlar<\/a><\/strong> i\u00e7eri\u011fimize g\u00f6z atarak bu \u015fehrin \u00f6zel lezzetleri hakk\u0131nda bilgi sahibi olabilirsiniz.<\/p>\n\n\n\n<h2 class=\"wp-block-heading\"><span class=\"ez-toc-section\" id=\"londra_birlesik_krallik\"><\/span><strong>Londra, Birle\u015fik Krall\u0131k<\/strong><span class=\"ez-toc-section-end\"><\/span><\/h2>\n\n\n\n<figure class=\"wp-block-image size-large\"><img decoding=\"async\" src=\"https:\/\/res.cloudinary.com\/turna\/image\/upload\/v1769587156\/wordpress-contents\/londra_2026.jpg\" alt=\"\"\/><\/figure>\n\n\n\n<p>Londra, moday\u0131 cesurca yeniden tan\u0131mlayan \u015fehirler aras\u0131nda yer al\u0131yor.\u2728 Punk ruhundan \u00e7a\u011fda\u015f sokak stiline uzanan geni\u015f bir yelpaze, Londra\u2019y\u0131 yarat\u0131c\u0131l\u0131k ve z\u0131tl\u0131klar\u0131n merkezi haline d\u00f6n\u00fc\u015ft\u00fcr\u00fcyor.\ud83d\udc57 Londra Moda Haftas\u0131 ve y\u0131l boyunca d\u00fczenlenen sekt\u00f6rel etkinlikler, \u015fehrin deneysel ve \u00f6zg\u00fcr moda anlay\u0131\u015f\u0131n\u0131 kusursuz bi\u00e7imde yans\u0131t\u0131yor. K\u00fclt\u00fcrel \u00e7e\u015fitlilik, farkl\u0131 stillerin yan yana var olmas\u0131na olanak sa\u011fl\u0131yor. \ud83c\udfd9\ufe0f Londra, bireyselli\u011fi \u00f6ne \u00e7\u0131karan yakla\u015f\u0131m\u0131yla d\u00fcnyan\u0131n en iyi 10 moda \u015fehri aras\u0131nda yer al\u0131yor.\ud83c\udf0d<\/p>\n\n\n\n<p><strong>Londra\u2019da stil dolu bir rota nas\u0131l \u00e7izilir?<\/strong><\/p>\n\n\n\n<p>Soho ve Shoreditch sokaklar\u0131nda yarat\u0131c\u0131 atmosferi hissetmek, Covent Garden \u00e7evresinde vitrinleri gezmek ve Camden\u2019de alternatif tarzlar\u0131 g\u00f6zlemlemek Londra stilini ke\u015ffetmenin en keyifli yollar\u0131 aras\u0131nda bulunuyor. \ud83d\udc5f\u2728 Bu renkli ke\u015fifler i\u00e7in <a href=\"https:\/\/www.turna.com\/ucak-bileti\/londra?swcfpc=1\"><strong>Londra u\u00e7ak bileti<\/strong><\/a>\u00a0f\u0131rsatlar\u0131n\u0131 de\u011ferlendirebilirsiniz.<\/p>\n\n\n\n<h2 class=\"wp-block-heading\"><span class=\"ez-toc-section\" id=\"roma_italya\"><\/span><strong>Roma, \u0130talya<\/strong><span class=\"ez-toc-section-end\"><\/span><\/h2>\n\n\n\n<figure class=\"wp-block-image size-full is-resized\"><img width=\"1024\" height=\"640\" data-public-id=\"trieste\/trieste.jpg\" decoding=\"async\" src=\"https:\/\/res.cloudinary.com\/turna\/images\/w_1024,h_640,c_scale\/f_auto,q_auto:low\/v1608976598\/trieste\/trieste.jpg?_i=AA\" alt=\"Trieste, Roma\" class=\"wp-post-25649 wp-image-18132\" style=\"aspect-ratio:1.6000146487951366;width:1200px;height:auto\" data-format=\"jpg\" data-transformations=\"f_auto,q_auto:low\" data-version=\"1608976598\" data-seo=\"1\" srcset=\"https:\/\/res.cloudinary.com\/turna\/images\/f_auto,q_auto:low\/v1608976598\/trieste\/trieste.jpg?_i=AA 1024w, https:\/\/res.cloudinary.com\/turna\/images\/w_800,h_500,c_scale\/f_auto,q_auto:low\/v1608976598\/trieste\/trieste.jpg?_i=AA 800w, https:\/\/res.cloudinary.com\/turna\/images\/w_300,h_188,c_scale\/f_auto,q_auto:low\/v1608976598\/trieste\/trieste.jpg?_i=AA 300w, https:\/\/res.cloudinary.com\/turna\/images\/w_672,h_420,c_scale\/f_auto,q_auto:low\/v1608976598\/trieste\/trieste.jpg?_i=AA 672w, https:\/\/res.cloudinary.com\/turna\/images\/w_640,h_400,c_scale\/f_auto,q_auto:low\/v1608976598\/trieste\/trieste.jpg?_i=AA 640w, https:\/\/res.cloudinary.com\/turna\/images\/w_681,h_426,c_scale\/f_auto,q_auto:low\/v1608976598\/trieste\/trieste.jpg?_i=AA 681w\" sizes=\"(max-width: 1024px) 100vw, 1024px\" \/><\/figure>\n\n\n\n<p>Roma, modan\u0131n tarih ve zarafetle i\u00e7 i\u00e7e ge\u00e7ti\u011fi g\u00fc\u00e7l\u00fc bir ke\u015fif dura\u011f\u0131.\u2728 K\u00fcresel moda ba\u015fkentleri aras\u0131nda h\u0131zla y\u00fckselen Roma, \u00f6zellikle haute couture gelene\u011fi ve sofistike stil anlay\u0131\u015f\u0131yla be\u011feni topluyor. \ud83d\udc57 L\u00fcks al\u0131\u015fveri\u015f b\u00f6lgeleri, k\u00f6kl\u00fc moda okullar\u0131 ve sinema ile i\u00e7 i\u00e7e ge\u00e7en tasar\u0131m k\u00fclt\u00fcr\u00fcyle renkli bir k\u00fclt\u00fcr deneyimi vadediyor. Tarihi dokunun g\u00fcnl\u00fck stile yans\u0131d\u0131\u011f\u0131 sokaklarda dola\u015f\u0131rken Roma modas\u0131n\u0131n neden zamans\u0131z olarak tan\u0131mland\u0131\u011f\u0131n\u0131 hissetmek m\u00fcmk\u00fcn oluyor.\ud83c\udfdb\ufe0f Moda haftalar\u0131 ve yarat\u0131c\u0131 etkinlikler, Roma\u2019n\u0131n klasik esteti\u011fini \u00e7a\u011fda\u015f dokunu\u015flarla bulu\u015fturuyor. Roma, d\u00fcnyan\u0131n en iyi 10 moda \u015fehri listelerinde ilk akla gelenler aras\u0131nda. \ud83c\udf0d<\/p>\n\n\n\n<p><strong>Roma\u2019da stil dolu bir rota nas\u0131l \u00e7izilir?<\/strong><\/p>\n\n\n\n<p>\u0130spanyol Merdivenleri \u00e7evresinde vitrin gezmek, Via del Corso boyunca y\u00fcr\u00fcmek ve Trastevere sokaklar\u0131nda Roma stilinin g\u00fcnl\u00fck ya\u015fama nas\u0131l kar\u0131\u015ft\u0131\u011f\u0131n\u0131 g\u00f6zlemlemek bu \u015fehrin moda ruhunu ke\u015ffetmenin en keyifli yollar\u0131 aras\u0131nda bulunuyor. \ud83d\udc60\u2728<\/p>\n\n\n\n<h2 class=\"wp-block-heading\"><span class=\"ez-toc-section\" id=\"barselona_ispanya\"><\/span><strong>Barselona, \u0130spanya<\/strong><span class=\"ez-toc-section-end\"><\/span><\/h2>\n\n\n\n<figure class=\"wp-block-image size-large is-resized\"><img decoding=\"async\" src=\"https:\/\/res.cloudinary.com\/turna\/image\/upload\/v1769587640\/wordpress-contents\/barselona_2026.jpg\" alt=\"\" style=\"aspect-ratio:1.6000187505859558;width:1200px;height:auto\"\/><\/figure>\n\n\n\n<p>Barselona, moday\u0131 tasar\u0131m, yenilik ve s\u00fcrd\u00fcr\u00fclebilirlikle bulu\u015fturan enerjik bir destinasyon.\u2728 Kent, yarat\u0131c\u0131l\u0131\u011f\u0131 destekleyen moda etkinlikleri ve h\u0131zla b\u00fcy\u00fcyen tekstil ekosistemiyle dikkat \u00e7ekiyor. Modern tasar\u0131m anlay\u0131\u015f\u0131, yerel \u00fcretim k\u00fclt\u00fcr\u00fc ve gen\u00e7 yeteneklere alan a\u00e7an yakla\u015f\u0131m\u0131 Barselona\u2019y\u0131 farkl\u0131 k\u0131l\u0131yor. Tarihsel dokuyla \u00e7a\u011fda\u015f mimarinin i\u00e7 i\u00e7e ge\u00e7ti\u011fi bu \u015fehirde moda \u00e7izgisi rahat, cesur ve deneysel bir \u00e7izgide ilerliyor.\ud83c\udf0d<\/p>\n\n\n\n<p><strong>Barselona\u2019da stil dolu bir rota nas\u0131l \u00e7izilir?<\/strong><\/p>\n\n\n\n<p>El Born ve Gracia sokaklar\u0131nda tasar\u0131m ruhunu hissetmek, Passeig de Gracia boyunca vitrinleri izlemek ve Raval \u00e7evresinde alternatif stilin izini s\u00fcrmek Barselona modas\u0131n\u0131 ke\u015ffetmek i\u00e7in mutlaka \u015fans vermeniz gereken deneyimler aras\u0131nda. \ud83d\udc5f\u2728 \u015eehrin b\u00fcy\u00fcleyici noktalar\u0131n\u0131 ke\u015ffetmek i\u00e7in\u00a0<a href=\"https:\/\/www.turna.com\/blog\/barselona-gezilecek-yerler\"><strong>Barselona Gezilecek Yerler<\/strong><\/a>\u00a0i\u00e7eri\u011fimizi inceleyebilirsiniz.<\/p>\n\n\n\n<h2 class=\"wp-block-heading\"><span class=\"ez-toc-section\" id=\"berlin_almanya\"><\/span><strong>Berlin, Almanya<\/strong><span class=\"ez-toc-section-end\"><\/span><\/h2>\n\n\n\n<figure class=\"wp-block-image size-large is-resized\"><img width=\"1024\" height=\"640\" loading=\"lazy\" decoding=\"async\" src=\"data:image\/svg+xml;base64,PHN2ZyB4bWxucz0iaHR0cDovL3d3dy53My5vcmcvMjAwMC9zdmciIHdpZHRoPSIxMDI0IiBoZWlnaHQ9IjY0MCI+PHJlY3Qgd2lkdGg9IjEwMCUiIGhlaWdodD0iMTAwJSI+PGFuaW1hdGUgYXR0cmlidXRlTmFtZT0iZmlsbCIgdmFsdWVzPSJyZ2JhKDE1MywxNTMsMTUzLDAuNSk7cmdiYSgxNTMsMTUzLDE1MywwLjEpO3JnYmEoMTUzLDE1MywxNTMsMC41KSIgZHVyPSIycyIgcmVwZWF0Q291bnQ9ImluZGVmaW5pdGUiIC8+PC9yZWN0Pjwvc3ZnPg==\" alt=\"Berlinde gezilecek yerler\" class=\"wp-post-25649 wp-image-23226\" style=\"aspect-ratio:1.6000146487951366;width:1200px;height:auto\" data-public-id=\"wordpress-contents\/berlinde_gezilecek_yerler\/berlinde_gezilecek_yerler.webp\" data-format=\"webp\" data-transformations=\"f_auto,q_auto:low\" data-version=\"1727872299\" data-seo=\"1\" data-size=\"1024 640\" data-srcset=\"https:\/\/res.cloudinary.com\/turna\/images\/w_1024,h_640,c_scale\/f_auto,q_auto:low\/v1727872299\/wordpress-contents\/berlinde_gezilecek_yerler\/berlinde_gezilecek_yerler.webp?_i=AA 1024w, https:\/\/res.cloudinary.com\/turna\/images\/w_800,h_500,c_scale\/f_auto,q_auto:low\/v1727872299\/wordpress-contents\/berlinde_gezilecek_yerler\/berlinde_gezilecek_yerler.webp?_i=AA 800w, https:\/\/res.cloudinary.com\/turna\/images\/w_300,h_188,c_scale\/f_auto,q_auto:low\/v1727872299\/wordpress-contents\/berlinde_gezilecek_yerler\/berlinde_gezilecek_yerler.webp?_i=AA 300w, https:\/\/res.cloudinary.com\/turna\/images\/w_1536,h_960,c_scale\/f_auto,q_auto:low\/v1727872299\/wordpress-contents\/berlinde_gezilecek_yerler\/berlinde_gezilecek_yerler.webp?_i=AA 1536w, https:\/\/res.cloudinary.com\/turna\/images\/w_672,h_420,c_scale\/f_auto,q_auto:low\/v1727872299\/wordpress-contents\/berlinde_gezilecek_yerler\/berlinde_gezilecek_yerler.webp?_i=AA 672w, https:\/\/res.cloudinary.com\/turna\/images\/w_640,h_400,c_scale\/f_auto,q_auto:low\/v1727872299\/wordpress-contents\/berlinde_gezilecek_yerler\/berlinde_gezilecek_yerler.webp?_i=AA 640w, https:\/\/res.cloudinary.com\/turna\/images\/w_681,h_426,c_scale\/f_auto,q_auto:low\/v1727872299\/wordpress-contents\/berlinde_gezilecek_yerler\/berlinde_gezilecek_yerler.webp?_i=AA 681w, https:\/\/res.cloudinary.com\/turna\/images\/f_auto,q_auto:low\/v1727872299\/wordpress-contents\/berlinde_gezilecek_yerler\/berlinde_gezilecek_yerler.webp?_i=AA 1600w\" data-sizes=\"(max-width: 1024px) 100vw, 1024px\" data-delivery=\"upload\" onload=\";window.CLDBind?CLDBind(this):null;\" data-cloudinary=\"lazy\" \/><\/figure>\n\n\n\n<p>Berlin, modan\u0131n kurallarla de\u011fil \u00f6zg\u00fcrl\u00fckle tan\u0131mland\u0131\u011f\u0131 \u015fehirler aras\u0131nda yer al\u0131yor. \u2728 Renkli k\u00fclt\u00fcr\u00fc, sanat sahnesi ve \u00e7ok katmanl\u0131 \u015fehir hayat\u0131 Berlin stiline g\u00fc\u00e7l\u00fc bir karakter kazand\u0131r\u0131yor. \ud83d\udc57 Bu destinasyonda moda; deneysel, rahat ve kendine has bir \u00e7izgiye sahip. Berlin, trendleri takip etmekten \u00e7ok onlar\u0131 d\u00f6n\u00fc\u015ft\u00fcrmeyi seven yakla\u015f\u0131m\u0131yla d\u00fcnyan\u0131n en iyi 10 moda \u015fehri aras\u0131nda kendine \u00f6zg\u00fc bir yere sahip. \ud83c\udf0d<\/p>\n\n\n\n<p><strong>Berlin\u2019de stil dolu bir rota nas\u0131l \u00e7izilir?<\/strong><\/p>\n\n\n\n<p>Kreuzberg ve Neuk\u00f6lln sokaklar\u0131nda alternatif tarzlar\u0131 ke\u015ffetmek, Mitte \u00e7evresinde galeriler aras\u0131nda dola\u015fmak g\u00fcnl\u00fck stilin \u015fehirle nas\u0131l b\u00fct\u00fcnle\u015fti\u011fini g\u00f6zlemlemek Berlin modas\u0131n\u0131 hissetmenin en keyifli yollar\u0131 aras\u0131nda\u00a0 bulunuyor.\u2728<\/p>\n\n\n\n<h2 class=\"wp-block-heading\"><span class=\"ez-toc-section\" id=\"tokyo_japonya\"><\/span><strong>Tokyo, Japonya<\/strong><span class=\"ez-toc-section-end\"><\/span><\/h2>\n\n\n\n<figure class=\"wp-block-image size-large\"><img decoding=\"async\" src=\"https:\/\/res.cloudinary.com\/turna\/image\/upload\/v1769587861\/wordpress-contents\/tokyo_2026.jpg\" alt=\"\"\/><\/figure>\n\n\n\n<p>Tokyo, d\u00fcnyan\u0131n en \u00f6zg\u00fcn moda \u015fehirleri aras\u0131nda yer al\u0131yor.\u00a0 Bu dev metropol, hi\u00e7bir \u015fehrin birebir taklit edemedi\u011fi s\u0131ra d\u0131\u015f\u0131 bir stil evrenine ev sahipli\u011fi yap\u0131yor. K\u00f6kl\u00fc estetik anlay\u0131\u015f\u0131, g\u00fc\u00e7l\u00fc e\u011fitim altyap\u0131s\u0131 ve yenilik\u00e7i etkinlikleriyle Tokyo, Asya\u2019n\u0131n en dikkat \u00e7ekici moda merkezlerinden biri olarak \u00f6n plana \u00e7\u0131k\u0131yor. Tokyo Moda Haftas\u0131, her sezon al\u0131\u015f\u0131lm\u0131\u015f\u0131n d\u0131\u015f\u0131nda koleksiyonlarla modan\u0131n s\u0131n\u0131rlar\u0131n\u0131 yeniden \u00e7iziyor. \ud83c\udfd9\ufe0f Kimono gelene\u011finden f\u00fct\u00fcristik sokak stiline uzanan bu geni\u015f yelpaze, Tokyo\u2019yu d\u00fcnyan\u0131n en iyi 10 moda \u015fehri aras\u0131nda \u00f6zel bir yere ta\u015f\u0131yor.<\/p>\n\n\n\n<p><strong>Tokyo\u2019da stil dolu bir rota nas\u0131l \u00e7izilir?<\/strong><\/p>\n\n\n\n<p>Harajuku sokaklar\u0131nda yarat\u0131c\u0131 stilleri g\u00f6zlemlemek, Shibuya\u2019da modern modan\u0131n nabz\u0131n\u0131 tutmak ve Ginza \u00e7evresinde zarif vitrinler aras\u0131nda dola\u015fmak Tokyo modas\u0131n\u0131 yerinde hissetmenin en etkileyici yollar\u0131 aras\u0131nda bulunuyor. \u2728<\/p>\n\n\n\n<p><strong><a href=\"https:\/\/www.turna.com\/blog\/tokyo-gezilecek-yerler\" data-type=\"link\" data-id=\"https:\/\/www.turna.com\/blog\/tokyo-gezilecek-yerler\">Tokyo Gezilecek Yerler<\/a><\/strong> i\u00e7eri\u011fimize g\u00f6z atarak Tokyo ke\u015ffinize devam edebilirsiniz.<\/p>\n\n\n\n<h2 class=\"wp-block-heading\"><span class=\"ez-toc-section\" id=\"melbourne_avustralya\"><\/span><strong>Melbourne, Avustralya<\/strong><span class=\"ez-toc-section-end\"><\/span><\/h2>\n\n\n\n<figure class=\"wp-block-image size-large is-resized\"><img decoding=\"async\" src=\"https:\/\/res.cloudinary.com\/turna\/image\/upload\/v1769587985\/wordpress-contents\/Melbourne_2026.jpg\" alt=\"\" style=\"aspect-ratio:1.6000187505859558;width:1200px;height:auto\"\/><\/figure>\n\n\n\n<p>Melbourne, rahatl\u0131kla stilin dengeyle bulu\u015ftu\u011fu, yarat\u0131c\u0131 ruhu g\u00fc\u00e7l\u00fc bir moda \u015fehri.  \u015eehir, ba\u011f\u0131ms\u0131z tasar\u0131m k\u00fclt\u00fcr\u00fc, s\u00fcrd\u00fcr\u00fclebilir moda yakla\u015f\u0131m\u0131 ve sokak stiline verdi\u011fi \u00f6nemle dikkat \u00e7ekiyor.\ud83d\udc57 Burada moda; g\u00f6steri\u015ften uzak, fonksiyonel ve karakterli. Y\u0131l boyunca d\u00fczenlenen moda etkinlikleri ve yarat\u0131c\u0131 bulu\u015fmalar, \u015fehrin dinamik yap\u0131s\u0131n\u0131 besliyor. Melbourne, \u00f6zg\u00fcn duru\u015fu ve ya\u015fam tarz\u0131 odakl\u0131 yakla\u015f\u0131m\u0131yla d\u00fcnyan\u0131n en iyi 10 moda \u015fehri aras\u0131nda yer al\u0131yor.\ud83c\udf0d<\/p>\n\n\n\n<p><strong>Melbourne\u2019de stil dolu bir rota nas\u0131l \u00e7izilir?<\/strong><\/p>\n\n\n\n<p>Hosier Lane ve \u00e7evresindeki sokak sanat\u0131yla dolu ge\u00e7itlerde dola\u015fmak, Fitzroy ve Collingwood mahallelerinde yerel tasar\u0131m ruhunu hissetmek ve CBD \u00e7evresinde vitrinlere g\u00f6z atmak Melbourne stilini ke\u015ffetmenin en keyifli yolu.\ud83d\udc57<\/p>\n\n\n\n<h2 class=\"wp-block-heading\"><span class=\"ez-toc-section\" id=\"dubai_birlesik_arap_emirlikleri\"><\/span><strong>Dubai, Birle\u015fik Arap Emirlikleri<\/strong><span class=\"ez-toc-section-end\"><\/span><\/h2>\n\n\n\n<figure class=\"wp-block-image size-full is-resized\"><img width=\"800\" height=\"500\" loading=\"lazy\" decoding=\"async\" src=\"data:image\/svg+xml;base64,PHN2ZyB4bWxucz0iaHR0cDovL3d3dy53My5vcmcvMjAwMC9zdmciIHdpZHRoPSI4MDAiIGhlaWdodD0iNTAwIj48cmVjdCB3aWR0aD0iMTAwJSIgaGVpZ2h0PSIxMDAlIj48YW5pbWF0ZSBhdHRyaWJ1dGVOYW1lPSJmaWxsIiB2YWx1ZXM9InJnYmEoMTUzLDE1MywxNTMsMC41KTtyZ2JhKDE1MywxNTMsMTUzLDAuMSk7cmdiYSgxNTMsMTUzLDE1MywwLjUpIiBkdXI9IjJzIiByZXBlYXRDb3VudD0iaW5kZWZpbml0ZSIgLz48L3JlY3Q+PC9zdmc+\" alt=\"Dubai\" class=\"wp-post-25649 wp-image-20466\" style=\"aspect-ratio:1.6000187505859558;width:1200px;height:auto\" data-public-id=\"Dubai_204660a9e6\/Dubai_204660a9e6.jpg\" data-format=\"jpg\" data-transformations=\"f_auto,q_auto:low\" data-version=\"1730457695\" data-seo=\"1\" data-size=\"800 500\" data-srcset=\"https:\/\/res.cloudinary.com\/turna\/images\/f_auto,q_auto:low\/v1730457695\/Dubai_204660a9e6\/Dubai_204660a9e6.jpg?_i=AA 800w, https:\/\/res.cloudinary.com\/turna\/images\/w_300,h_188,c_scale\/f_auto,q_auto:low\/v1730457695\/Dubai_204660a9e6\/Dubai_204660a9e6.jpg?_i=AA 300w, https:\/\/res.cloudinary.com\/turna\/images\/w_672,h_420,c_scale\/f_auto,q_auto:low\/v1730457695\/Dubai_204660a9e6\/Dubai_204660a9e6.jpg?_i=AA 672w, https:\/\/res.cloudinary.com\/turna\/images\/w_640,h_400,c_scale\/f_auto,q_auto:low\/v1730457695\/Dubai_204660a9e6\/Dubai_204660a9e6.jpg?_i=AA 640w, https:\/\/res.cloudinary.com\/turna\/images\/w_681,h_426,c_scale\/f_auto,q_auto:low\/v1730457695\/Dubai_204660a9e6\/Dubai_204660a9e6.jpg?_i=AA 681w\" data-sizes=\"(max-width: 800px) 100vw, 800px\" data-delivery=\"upload\" onload=\";window.CLDBind?CLDBind(this):null;\" data-cloudinary=\"lazy\" \/><\/figure>\n\n\n\n<p>Dubai, modan\u0131n l\u00fcks, yenilik ve g\u00f6steri\u015fle bulu\u015ftu\u011fu \u00e7a\u011fda\u015f bir stil merkezi.  \u00c7\u00f6l\u00fcn ortas\u0131nda y\u00fckselen bu dinamik \u015fehir, k\u00fcresel moda sahnesinde kendine h\u0131zl\u0131 \u015fekilde yer a\u00e7t\u0131. \ud83d\udc57 Uluslararas\u0131 etkinlikler, modern al\u0131\u015fveri\u015f alanlar\u0131 ve \u00e7ok k\u00fclt\u00fcrl\u00fc yap\u0131s\u0131 Dubai\u2019nin stil anlay\u0131\u015f\u0131n\u0131 \u015fekillendiriyor. Geleneksel estetikle modern tasar\u0131m\u0131n i\u00e7 i\u00e7e ge\u00e7ti\u011fi \u015fehir, farkl\u0131 tarzlar\u0131n bir arada var olabildi\u011fi nadir rotalar aras\u0131nda yer al\u0131yor. Dubai, iddial\u0131 duru\u015fuyla d\u00fcnyan\u0131n en iyi 10 moda \u015fehri aras\u0131nda yer al\u0131yor. \ud83c\udf0d<\/p>\n\n\n\n<p><strong>Dubai\u2019de stil dolu bir rota nas\u0131l \u00e7izilir?<\/strong><\/p>\n\n\n\n<p>Downtown Dubai \u00e7evresinde vitrin gezintisi yapmak, Dubai Design District\u2019te yarat\u0131c\u0131 atmosferi hissetmek ve Jumeirah sahil hatt\u0131nda stilin g\u00fcnl\u00fck ya\u015fama nas\u0131l yans\u0131d\u0131\u011f\u0131n\u0131 g\u00f6zlemlemek Dubai modas\u0131n\u0131 ke\u015ffetmenin en etkileyici yollar\u0131 aras\u0131nda. \ud83d\udc60\u2728<\/p>\n\n\n\n<h2 class=\"wp-block-heading\"><span class=\"ez-toc-section\" id=\"dunyanin_en_iyi_10_moda_sehrinde_kesfetmeniz_gerekenler\"><\/span><strong>D\u00fcnyan\u0131n En \u0130yi 10 Moda \u015eehrinde Ke\u015ffetmeniz Gerekenler<\/strong><span class=\"ez-toc-section-end\"><\/span><\/h2>\n\n\n\n<ul class=\"wp-block-list\">\n<li><strong>Milano \ud83d\udc60: <\/strong>Deri \u00e7antalar, kaliteli ayakkab\u0131lar, butik vitrinler ve el i\u015f\u00e7ili\u011fi detayl\u0131 aksesuarlara mutlaka g\u00f6z at\u0131n.<\/li>\n\n\n\n<li><strong>Paris \ud83e\udde5: <\/strong>Parf\u00fcm, ipek aksesuarlar ve zarif d\u0131\u015f giyim par\u00e7alar\u0131 i\u00e7in vintage d\u00fckkanlar\u0131 ka\u00e7\u0131rmay\u0131n.<\/li>\n\n\n\n<li><strong>New York \ud83d\udc5f: <\/strong>Sneaker koleksiyonlar\u0131, denim \u00fcr\u00fcnler ve spor-\u015f\u0131k par\u00e7alar.<\/li>\n\n\n\n<li><strong>Londra \ud83e\udde2:<\/strong> Vintage k\u0131yafetler, klasik stil par\u00e7alar\u0131 ve \u00f6zg\u00fcn aksesuarlar.<\/li>\n\n\n\n<li><strong>Roma \ud83d\udc57: <\/strong>Zarif elbiseler, kaliteli kuma\u015flar ve klasik aksesuar par\u00e7alar\u0131.<\/li>\n\n\n\n<li><strong>Barselona \ud83c\udf3f: <\/strong>Rahat tasar\u0131mlar, s\u00fcrd\u00fcr\u00fclebilir moda par\u00e7alar\u0131 ve renkli yerel markalar.<\/li>\n\n\n\n<li><strong>Berlin \ud83e\uddf5:<\/strong> \u0130kinci el\u00a0 par\u00e7alar, konsept ma\u011fazalar ve \u00f6zg\u00fcn tasar\u0131mlar.<\/li>\n\n\n\n<li><strong>Tokyo \ud83e\udde2: <\/strong>Sokak modas\u0131, sneaker modelleri ve minimal tasar\u0131mlar.<\/li>\n\n\n\n<li><strong>Melbourne \u2615: <\/strong>Fonksiyonel giyim \u00fcr\u00fcnleri, ba\u011f\u0131ms\u0131z tasar\u0131mlar ve rahat kesimlere sahip yerel markalar.<\/li>\n\n\n\n<li><strong>Dubai \ud83d\udc8e:<\/strong> L\u00fcks aksesuarlar, m\u00fccevher, parf\u00fcm ve iddial\u0131 giyim \u00fcr\u00fcnleri.<\/li>\n<\/ul>\n\n\n\n<p>Ke\u015ffinize h\u0131z kesmeden devam etmek istiyorsan\u0131z, <a href=\"https:\/\/www.turna.com\/blog\/dunyanin-en-iyi-10-alisveris-sehri\" data-type=\"link\" data-id=\"https:\/\/www.turna.com\/blog\/dunyanin-en-iyi-10-alisveris-sehri\"><strong>D\u00fcnyan\u0131n En \u0130yi 10 Al\u0131\u015fveri\u015f \u015eehri<\/strong> <\/a>i\u00e7eri\u011fimize g\u00f6z atabilirsiniz.<\/p>\n\n\n\n<p><br><\/p>\n\n    <div class=\"xs_social_share_widget xs_share_url after_content \t\tmain_content  wslu-style-1 wslu-share-box-shaped wslu-fill-colored wslu-none wslu-share-horizontal wslu-theme-font-no wslu-main_content\">\n\n\t\t\n        <ul>\n\t\t\t        <\/ul>\n    <\/div> \n","protected":false},"excerpt":{"rendered":"<p>Moda ve seyahat kelimelerini duydu\u011funuzda kalbinizin ritmi h\u0131zlan\u0131yorsa, do\u011fru yerdesiniz. Bu kez rotam\u0131z\u0131 podyumu and\u0131ran sokaklara \u00e7evirdik; vitrinleri kadar hikayeleriyle de ilham veren \u015fehirlerin izini s\u00fcrd\u00fck. Baz\u0131 \u015fehirlerde stil, sadece giysilerde de\u011fil; y\u00fcr\u00fcd\u00fc\u011f\u00fcn\u00fcz caddede, oturdu\u011funuz kafede ve g\u00fcnl\u00fck hayat\u0131n t\u00fcm k\u00fc\u00e7\u00fck detaylar\u0131nda hissediliyor. Paris\u2019ten Milano\u2019ya, Tokyo\u2019dan New York\u2019a uzanan bu se\u00e7kide her durak ayr\u0131 bir [&hellip;]<\/p>\n","protected":false},"author":44,"featured_media":25651,"comment_status":"open","ping_status":"open","sticky":false,"template":"","format":"standard","meta":{"rop_custom_images_group":[],"rop_custom_messages_group":[],"rop_publish_now":"initial","rop_publish_now_accounts":[],"rop_publish_now_history":[],"rop_publish_now_status":"pending","_cloudinary_featured_overwrite":false,"footnotes":""},"categories":[110,61,442,724,1449,101,165,27,817,1],"tags":[316,111,728,5571,209,878,133,67,102,1770,619,858],"class_list":["post-25649","post","type-post","status-publish","format-standard","has-post-thumbnail","hentry","category-almanya","category-amerika-birlesik-devletleri","category-avustralya","category-birlesik-arap-emirlikleri","category-birlesik-krallik","category-fransa","category-ispanya","category-italya","category-japonya","category-seyahat-rehberi","tag-barselona","tag-berlin","tag-dubai","tag-italya-2","tag-londra","tag-melbourne","tag-milano","tag-new-york","tag-paris","tag-roma","tag-tokyo","tag-ucak-bileti"],"_links":{"self":[{"href":"https:\/\/www.turna.com\/blog\/wp-json\/wp\/v2\/posts\/25649","targetHints":{"allow":["GET"]}}],"collection":[{"href":"https:\/\/www.turna.com\/blog\/wp-json\/wp\/v2\/posts"}],"about":[{"href":"https:\/\/www.turna.com\/blog\/wp-json\/wp\/v2\/types\/post"}],"author":[{"embeddable":true,"href":"https:\/\/www.turna.com\/blog\/wp-json\/wp\/v2\/users\/44"}],"replies":[{"embeddable":true,"href":"https:\/\/www.turna.com\/blog\/wp-json\/wp\/v2\/comments?post=25649"}],"version-history":[{"count":0,"href":"https:\/\/www.turna.com\/blog\/wp-json\/wp\/v2\/posts\/25649\/revisions"}],"wp:featuredmedia":[{"embeddable":true,"href":"https:\/\/www.turna.com\/blog\/wp-json\/wp\/v2\/media\/25651"}],"wp:attachment":[{"href":"https:\/\/www.turna.com\/blog\/wp-json\/wp\/v2\/media?parent=25649"}],"wp:term":[{"taxonomy":"category","embeddable":true,"href":"https:\/\/www.turna.com\/blog\/wp-json\/wp\/v2\/categories?post=25649"},{"taxonomy":"post_tag","embeddable":true,"href":"https:\/\/www.turna.com\/blog\/wp-json\/wp\/v2\/tags?post=25649"}],"curies":[{"name":"wp","href":"https:\/\/api.w.org\/{rel}","templated":true}]}}