{"id":25647,"date":"2026-01-27T13:56:01","date_gmt":"2026-01-27T10:56:01","guid":{"rendered":"https:\/\/www.turna.com\/blog\/?p=25647"},"modified":"2026-01-27T13:56:03","modified_gmt":"2026-01-27T10:56:03","slug":"unlu-sanat-eserleri-nerede-sergileniyor","status":"publish","type":"post","link":"https:\/\/www.turna.com\/blog\/unlu-sanat-eserleri-nerede-sergileniyor","title":{"rendered":"D\u00fcnyaca \u00dcnl\u00fc Sanat Eserleri Nerede Sergileniyor?"},"content":{"rendered":"<div id=\"ez-toc-container\" class=\"ez-toc-v2_0_82_2 counter-hierarchy ez-toc-counter ez-toc-black ez-toc-container-direction\">\n<div class=\"ez-toc-title-container\">\n<p class=\"ez-toc-title\" style=\"cursor:inherit\">\u0130\u00e7indekiler<\/p>\n<span class=\"ez-toc-title-toggle\"><a href=\"#\" class=\"ez-toc-pull-right ez-toc-btn ez-toc-btn-xs ez-toc-btn-default ez-toc-toggle\" aria-label=\"\u0130\u00e7indekiler Tablosunu A\u00e7\/Kapat\"><span class=\"ez-toc-js-icon-con\"><span class=\"\"><span class=\"eztoc-hide\" style=\"display:none;\">Toggle<\/span><span class=\"ez-toc-icon-toggle-span\"><svg style=\"fill: #ffffff;color:#ffffff\" xmlns=\"http:\/\/www.w3.org\/2000\/svg\" class=\"list-377408\" width=\"20px\" height=\"20px\" viewBox=\"0 0 24 24\" fill=\"none\"><path d=\"M6 6H4v2h2V6zm14 0H8v2h12V6zM4 11h2v2H4v-2zm16 0H8v2h12v-2zM4 16h2v2H4v-2zm16 0H8v2h12v-2z\" fill=\"currentColor\"><\/path><\/svg><svg style=\"fill: #ffffff;color:#ffffff\" class=\"arrow-unsorted-368013\" xmlns=\"http:\/\/www.w3.org\/2000\/svg\" width=\"10px\" height=\"10px\" viewBox=\"0 0 24 24\" version=\"1.2\" baseProfile=\"tiny\"><path d=\"M18.2 9.3l-6.2-6.3-6.2 6.3c-.2.2-.3.4-.3.7s.1.5.3.7c.2.2.4.3.7.3h11c.3 0 .5-.1.7-.3.2-.2.3-.5.3-.7s-.1-.5-.3-.7zM5.8 14.7l6.2 6.3 6.2-6.3c.2-.2.3-.5.3-.7s-.1-.5-.3-.7c-.2-.2-.4-.3-.7-.3h-11c-.3 0-.5.1-.7.3-.2.2-.3.5-.3.7s.1.5.3.7z\"\/><\/svg><\/span><\/span><\/span><\/a><\/span><\/div>\n<nav><ul class='ez-toc-list ez-toc-list-level-1 eztoc-toggle-hide-by-default' ><li class='ez-toc-page-1 ez-toc-heading-level-3'><a class=\"ez-toc-link ez-toc-heading-1\" href=\"https:\/\/www.turna.com\/blog\/unlu-sanat-eserleri-nerede-sergileniyor\/#unlu_13_sanat_eseri_nerede_sergileniyor\" >\u00dcnl\u00fc 13 Sanat Eseri Nerede Sergileniyor?<\/a><\/li><li class='ez-toc-page-1 ez-toc-heading-level-3'><a class=\"ez-toc-link ez-toc-heading-2\" href=\"https:\/\/www.turna.com\/blog\/unlu-sanat-eserleri-nerede-sergileniyor\/#mona_lisa_%e2%80%93_leonardo_da_vinci\" >Mona Lisa &#8211; Leonardo da Vinci<\/a><\/li><li class='ez-toc-page-1 ez-toc-heading-level-3'><a class=\"ez-toc-link ez-toc-heading-3\" href=\"https:\/\/www.turna.com\/blog\/unlu-sanat-eserleri-nerede-sergileniyor\/#son_aksam_yemegi_%e2%80%93_leonardo_da_vinci\" >Son Ak\u015fam Yeme\u011fi &#8211; Leonardo da Vinci<\/a><\/li><li class='ez-toc-page-1 ez-toc-heading-level-3'><a class=\"ez-toc-link ez-toc-heading-4\" href=\"https:\/\/www.turna.com\/blog\/unlu-sanat-eserleri-nerede-sergileniyor\/#ademin_yaratilisi_%e2%80%93_michelangelo\" >Adem\u2019in Yarat\u0131l\u0131\u015f\u0131 &#8211; Michelangelo<\/a><\/li><li class='ez-toc-page-1 ez-toc-heading-level-3'><a class=\"ez-toc-link ez-toc-heading-5\" href=\"https:\/\/www.turna.com\/blog\/unlu-sanat-eserleri-nerede-sergileniyor\/#yildizli_gece_%e2%80%93_vincent_van_gogh\" >Y\u0131ld\u0131zl\u0131 Gece &#8211; Vincent van Gogh<\/a><\/li><li class='ez-toc-page-1 ez-toc-heading-level-3'><a class=\"ez-toc-link ez-toc-heading-6\" href=\"https:\/\/www.turna.com\/blog\/unlu-sanat-eserleri-nerede-sergileniyor\/#iki_frida_%e2%80%93_frida_kahlo\" >\u0130ki Frida &#8211; Frida Kahlo<\/a><\/li><li class='ez-toc-page-1 ez-toc-heading-level-3'><a class=\"ez-toc-link ez-toc-heading-7\" href=\"https:\/\/www.turna.com\/blog\/unlu-sanat-eserleri-nerede-sergileniyor\/#kirmizi_balonlu_kiz_%e2%80%93_banksy\" >K\u0131rm\u0131z\u0131 Balonlu K\u0131z &#8211; Banksy<\/a><\/li><li class='ez-toc-page-1 ez-toc-heading-level-3'><a class=\"ez-toc-link ez-toc-heading-8\" href=\"https:\/\/www.turna.com\/blog\/unlu-sanat-eserleri-nerede-sergileniyor\/#opucuk_%e2%80%93_gustav_klimt\" >\u00d6p\u00fcc\u00fck &#8211; Gustav Klimt<\/a><\/li><li class='ez-toc-page-1 ez-toc-heading-level-3'><a class=\"ez-toc-link ez-toc-heading-9\" href=\"https:\/\/www.turna.com\/blog\/unlu-sanat-eserleri-nerede-sergileniyor\/#guernica_%e2%80%93_pablo_picasso\" >Guernica &#8211; Pablo Picasso<\/a><\/li><li class='ez-toc-page-1 ez-toc-heading-level-3'><a class=\"ez-toc-link ez-toc-heading-10\" href=\"https:\/\/www.turna.com\/blog\/unlu-sanat-eserleri-nerede-sergileniyor\/#gece_devriyesi_%e2%80%93_rembrandt_van_rijn\" >Gece Devriyesi &#8211; Rembrandt van Rijn<\/a><\/li><li class='ez-toc-page-1 ez-toc-heading-level-3'><a class=\"ez-toc-link ez-toc-heading-11\" href=\"https:\/\/www.turna.com\/blog\/unlu-sanat-eserleri-nerede-sergileniyor\/#davut_heykeli_%e2%80%93_michelangelo\" >Davut Heykeli &#8211; Michelangelo<\/a><\/li><li class='ez-toc-page-1 ez-toc-heading-level-3'><a class=\"ez-toc-link ez-toc-heading-12\" href=\"https:\/\/www.turna.com\/blog\/unlu-sanat-eserleri-nerede-sergileniyor\/#semadirek_kanatli_zaferi\" >Semadirek Kanatl\u0131 Zaferi<\/a><\/li><li class='ez-toc-page-1 ez-toc-heading-level-3'><a class=\"ez-toc-link ez-toc-heading-13\" href=\"https:\/\/www.turna.com\/blog\/unlu-sanat-eserleri-nerede-sergileniyor\/#pieta_%e2%80%93_michelangelo\" >Pieta &#8211; Michelangelo<\/a><\/li><\/ul><\/nav><\/div>\n\n<p>D\u00fcnyan\u0131n d\u00f6rt bir yan\u0131nda, bazen bir m\u00fczenin lo\u015f salonunda, bazen tarihi bir kilisenin sessizli\u011finde, bazen de bir soka\u011f\u0131n k\u00f6\u015fesinde insan\u0131 durup d\u00fc\u015f\u00fcnmeye zorlayan eserler var. Baz\u0131lar\u0131 y\u00fczy\u0131llard\u0131r ayn\u0131 yerde duruyor, kimisi ise ba\u015f\u0131na gelen talihsiz olaylarla daha da me\u015fhur oluyor. Ortak noktalar\u0131 ise \u015fu: Hepsi bulunduklar\u0131 \u015fehirleri birer sanat dura\u011f\u0131na d\u00f6n\u00fc\u015ft\u00fcr\u00fcyor.<\/p>\n\n\n\n<p>E\u011fer seyahat planlar\u0131n\u0131za biraz k\u00fclt\u00fcr ve biraz sanat eklemek istiyorsan\u0131z, bu eserlerin izini s\u00fcrmek olduk\u00e7a keyifli. <strong><a href=\"https:\/\/www.turna.com\/ucak-bileti\">U\u00e7ak bileti<\/a><\/strong> al\u0131p valizinizi haz\u0131rlamadan \u00f6nce, d\u00fcnyan\u0131n en \u00fcnl\u00fc sanat eserleri nerede sergileniyor, hangi \u015fehirde hangi ba\u015fyap\u0131t sizi bekliyor, birlikte bakal\u0131m.<\/p>\n\n\n\n<h3 class=\"wp-block-heading has-text-align-center has-neeon-button-dark-gray-color has-text-color has-link-color wp-elements-972d3bd8d110a63d14df8d7610e99290\"><span class=\"ez-toc-section\" id=\"unlu_13_sanat_eseri_nerede_sergileniyor\"><\/span><strong>\u00dcnl\u00fc 13 Sanat Eseri Nerede Sergileniyor?<\/strong><span class=\"ez-toc-section-end\"><\/span><\/h3>\n\n\n\n<h3 class=\"wp-block-heading has-text-align-center has-neeon-button-dark-gray-color has-text-color has-link-color wp-elements-8501a17388c18c4503e7cded97cedb3c\"><span class=\"ez-toc-section\" id=\"mona_lisa_%e2%80%93_leonardo_da_vinci\"><\/span><strong>Mona Lisa &#8211; Leonardo da Vinci<\/strong><span class=\"ez-toc-section-end\"><\/span><\/h3>\n\n\n\n<figure class=\"wp-block-image size-large\"><img decoding=\"async\" src=\"https:\/\/res.cloudinary.com\/turna\/image\/upload\/v1769508507\/wordpress-contents\/mona_lisa.jpg\" alt=\"sanat\"\/><\/figure>\n\n\n\n<p>Tabii ki listemiz belki de insanl\u0131k tarihinin en me\u015fhur tablosu ile ba\u015fl\u0131yor. Mona Lisa denince akla ilk gelen \u015fey o me\u015fhur g\u00fcl\u00fcmseme. Ne tam g\u00fcl\u00fcyor ne de tamamen ciddi. Leonardo da Vinci\u2019nin 1500\u2019l\u00fc y\u0131llar\u0131n ba\u015f\u0131nda yapt\u0131\u011f\u0131 bu portre, sanat tarihinin en \u00e7ok konu\u015fulan y\u00fcz\u00fc desek abartm\u0131\u015f olmay\u0131z. Modelin kim oldu\u011fu hala tart\u0131\u015fma konusu olsa da \u00e7o\u011fu tarih\u00e7i onun Floransal\u0131 Lisa Gherardini oldu\u011funu d\u00fc\u015f\u00fcn\u00fcyor. Leonardo\u2019nun sfumato tekni\u011fiyle yumu\u015fak ge\u00e7i\u015fler yaratmas\u0131, tabloya neredeyse canl\u0131 bir ifade kazand\u0131r\u0131yor.<\/p>\n\n\n\n<p>Bu efsanevi tabloyu g\u00f6rmek i\u00e7in rotay\u0131 Paris\u2019e \u00e7evirmeniz gerekiyor. Mona Lisa, d\u00fcnyan\u0131n en \u00e7ok ziyaret edilen m\u00fczelerinden biri olan Louvre M\u00fczesinde sergileniyor. K\u00fc\u00e7\u00fck boyutuna aldanmay\u0131n; \u00f6n\u00fcnde genellikle kalabal\u0131k eksik olmuyor.&nbsp;<\/p>\n\n\n\n<p>Louvre M\u00fczesi ile ilgili daha fazla bilgiye, biletlere <strong><a href=\"https:\/\/www.louvre.fr\/en\" target=\"_blank\" rel=\"noopener\">buradan<\/a><\/strong> ula\u015fabilirsiniz.<\/p>\n\n\n\n<h3 class=\"wp-block-heading has-text-align-center has-neeon-button-dark-gray-color has-text-color has-link-color wp-elements-fa2fc4584d383b5115a683b980ae4b89\"><span class=\"ez-toc-section\" id=\"son_aksam_yemegi_%e2%80%93_leonardo_da_vinci\"><\/span><strong>Son Ak\u015fam Yeme\u011fi &#8211; Leonardo da Vinci<\/strong><span class=\"ez-toc-section-end\"><\/span><\/h3>\n\n\n\n<figure class=\"wp-block-image size-large\"><img decoding=\"async\" src=\"https:\/\/res.cloudinary.com\/turna\/image\/upload\/v1769508507\/wordpress-contents\/Son_Ak%C5%9Fam_Yeme%C4%9Fi.jpg\" alt=\"\"\/><\/figure>\n\n\n\n<p>Leonardo da Vinci\u2019nin bir di\u011fer efsanevi eseri olan Son Ak\u015fam Yeme\u011fi, Hz. \u0130sa\u2019n\u0131n havarileriyle yapt\u0131\u011f\u0131 son yeme\u011fi konu al\u0131yor. Ancak bu freski \u00f6zel k\u0131lan sadece dini anlat\u0131s\u0131 de\u011fil. Leonardo, havarilerin y\u00fcz ifadelerine ve beden dillerine \u00f6yle bir anlam y\u00fcklemi\u015f ki, her birinin karakteri neredeyse tek tek okunabiliyor. Ne yaz\u0131k ki Leonardo\u2019nun deneysel teknikler kullanmas\u0131, eserin zamanla ciddi \u015fekilde y\u0131pranmas\u0131na da neden olmu\u015f.<\/p>\n\n\n\n<p>Bu ba\u015fyap\u0131t\u0131 g\u00f6rmek i\u00e7in \u0130talya\u2019n\u0131n sanatla i\u00e7 i\u00e7e \u015fehri Milano\u2019ya gitmeniz gerekiyor. Santa Maria delle Grazie Manast\u0131r\u0131n\u0131n yemekhanesinde bulunan eser, \u00f6zel koruma alt\u0131nda sergileniyor. Ziyaret i\u00e7in \u00f6nceden rezervasyon \u015fart ve i\u00e7eride ge\u00e7irilen s\u00fcre s\u0131n\u0131rl\u0131. Ama inan\u0131n, birka\u00e7 dakikal\u0131k o an bile fazlas\u0131yla etkileyici.<\/p>\n\n\n\n<h3 class=\"wp-block-heading has-text-align-center has-neeon-button-dark-gray-color has-text-color has-link-color wp-elements-8dfd914f8b3a7ef7359e9d1752b48110\"><span class=\"ez-toc-section\" id=\"ademin_yaratilisi_%e2%80%93_michelangelo\"><\/span><strong>Adem\u2019in Yarat\u0131l\u0131\u015f\u0131 &#8211; Michelangelo<\/strong><span class=\"ez-toc-section-end\"><\/span><\/h3>\n\n\n\n<figure class=\"wp-block-image size-large\"><img decoding=\"async\" src=\"https:\/\/res.cloudinary.com\/turna\/image\/upload\/v1769508504\/wordpress-contents\/Adem_in_Yarat%C4%B1l%C4%B1%C5%9F%C4%B1.jpg\" alt=\"\"\/><\/figure>\n\n\n\n<p>Adem\u2019in Yarat\u0131l\u0131\u015f\u0131, belki de bir tavan resminin bu kadar \u00fcnl\u00fc olabilece\u011finin en net kan\u0131t\u0131. Michelangelo\u2019nun Sistina \u015eapeli\u2019nin tavan\u0131na yapt\u0131\u011f\u0131 bu sahnede, Tanr\u0131 ile Adem\u2019in neredeyse dokunacak gibi olan parmaklar\u0131, insanl\u0131k tarihinin en ikonik g\u00f6r\u00fcnt\u00fclerinden biri. Michelangelo\u2019nun heykelt\u0131ra\u015f olmas\u0131na ra\u011fmen bu kadar g\u00fc\u00e7l\u00fc bir fresk ortaya koymas\u0131, i\u015fi daha da etkileyici k\u0131l\u0131yor.<\/p>\n\n\n\n<p>Bu eseri yerinde g\u00f6rmek isteyenlerin adresi Vatikan. Sistina \u015eapeli\u2019ne girdi\u011finiz anda ba\u015f\u0131n\u0131z\u0131 yukar\u0131 kald\u0131rman\u0131z neredeyse refleks haline geliyor. Kalabal\u0131k, sessizlik uyar\u0131lar\u0131 ve uzun kuyruklara ra\u011fmen, o tavan\u0131n alt\u0131nda durmak ger\u00e7ekten unutulmaz bir deneyim.<\/p>\n\n\n\n<h3 class=\"wp-block-heading has-text-align-center has-neeon-button-dark-gray-color has-text-color has-link-color wp-elements-1846d037d4e308dbaf53f84273c8f6d3\"><span class=\"ez-toc-section\" id=\"yildizli_gece_%e2%80%93_vincent_van_gogh\"><\/span><strong>Y\u0131ld\u0131zl\u0131 Gece &#8211; Vincent van Gogh<\/strong><span class=\"ez-toc-section-end\"><\/span><\/h3>\n\n\n\n<figure class=\"wp-block-image size-large\"><img decoding=\"async\" src=\"https:\/\/res.cloudinary.com\/turna\/image\/upload\/v1769508506\/wordpress-contents\/Y%C4%B1ld%C4%B1zl%C4%B1_Gece.jpg\" alt=\"\"\/><\/figure>\n\n\n\n<p>Y\u0131ld\u0131zl\u0131 Gece, Vincent van Gogh\u2019un i\u00e7 d\u00fcnyas\u0131n\u0131 en net yans\u0131tan eserlerden biri. D\u00f6nen y\u0131ld\u0131zlar, dalgal\u0131 g\u00f6ky\u00fcz\u00fc ve sakin kasaba manzaras\u0131, sanat\u00e7\u0131n\u0131n ruh halini tuvale d\u00f6k\u00fcyor. Van Gogh bu tabloyu, Fransa\u2019daki bir ak\u0131l hastanesinde kald\u0131\u011f\u0131 d\u00f6nemde yap\u0131yor. F\u0131r\u00e7a darbeleri ne kadar hareketliyse, tablo da o kadar duygusal.<\/p>\n\n\n\n<p>Bug\u00fcn Y\u0131ld\u0131zl\u0131 Gece\u2019yi g\u00f6rmek i\u00e7in New York\u2019a gitmeniz gerekiyor. Eser, Museum of Modern Art (MoMA) koleksiyonunda yer al\u0131yor. Modern sanatla dolu bu m\u00fczede, Y\u0131ld\u0131zl\u0131 Gece\u2019nin \u00f6n\u00fcnde durmak \u00e7o\u011fu ziyaret\u00e7i i\u00e7in \u00f6zel bir an.<\/p>\n\n\n\n<h3 class=\"wp-block-heading has-text-align-center has-neeon-button-dark-gray-color has-text-color has-link-color wp-elements-d26e42a04b2e951640c383c262f7e02d\"><span class=\"ez-toc-section\" id=\"iki_frida_%e2%80%93_frida_kahlo\"><\/span><strong>\u0130ki Frida &#8211; Frida Kahlo<\/strong><span class=\"ez-toc-section-end\"><\/span><\/h3>\n\n\n\n<p>\u0130ki Frida, Frida Kahlo\u2019nun en ki\u015fisel ve en \u00e7arp\u0131c\u0131 eserlerinden biri. Ayn\u0131 kad\u0131n\u0131n iki farkl\u0131 halini yan yana g\u00f6steren bu tablo, sanat\u00e7\u0131n\u0131n i\u00e7sel \u00e7at\u0131\u015fmalar\u0131n\u0131 ve ya\u015fad\u0131\u011f\u0131 duygusal f\u0131rt\u0131nalar\u0131 anlat\u0131yor. Kalp detaylar\u0131, a\u00e7\u0131k damarlar ve bak\u0131\u015flar, Frida\u2019n\u0131n ac\u0131s\u0131n\u0131 saklamadan ortaya koyuyor.<\/p>\n\n\n\n<p>Bu etkileyici eseri g\u00f6rmek i\u00e7in Meksika\u2019n\u0131n ba\u015fkenti Mexico City\u2019ye gitmeniz gerekiyor. \u0130ki Frida, Museo de Arte Moderno\u2019da sergileniyor. Renkli, canl\u0131 ve bir o kadar da derin bir sanat yolculu\u011fu sunuyor.<\/p>\n\n\n\n<h3 class=\"wp-block-heading has-text-align-center has-neeon-button-dark-gray-color has-text-color has-link-color wp-elements-174f543cfe86adaa5a3b9d427438d03d\"><span class=\"ez-toc-section\" id=\"kirmizi_balonlu_kiz_%e2%80%93_banksy\"><\/span><strong>K\u0131rm\u0131z\u0131 Balonlu K\u0131z &#8211; Banksy<\/strong><span class=\"ez-toc-section-end\"><\/span><\/h3>\n\n\n\n<p>Biraz m\u00fczelerden \u00e7\u0131kal\u0131m ve sokaklara gidelim. K\u0131rm\u0131z\u0131 Balonlu K\u0131z, modern sanat\u0131n en tan\u0131nan sokak i\u015flerinden biri. Banksy\u2019nin anonim kimli\u011fi ve g\u00fc\u00e7l\u00fc mesajlar\u0131, bu eseri daha da ikonik hale getiriyor. Balonunu b\u0131rakan k\u00fc\u00e7\u00fck k\u0131z fig\u00fcr\u00fc, umut, masumiyet ve kay\u0131p duygular\u0131n\u0131 ayn\u0131 anda yans\u0131t\u0131yor. Eserin bir m\u00fczayedede kendini imha etmesi ise sanat tarihine ge\u00e7en anlardan biri.&nbsp;<\/p>\n\n\n\n<p>Bu eser sabit bir m\u00fczede sergilenmiyor. Farkl\u0131 versiyonlar\u0131 ve bask\u0131lar\u0131 zaman zaman Londra ba\u015fta olmak \u00fczere \u00e7e\u015fitli galerilerde ve sergilerde kar\u015f\u0131n\u0131za \u00e7\u0131kabiliyor. Banksy s\u00f6z konusuysa, biraz s\u00fcrprize haz\u0131rl\u0131kl\u0131 olmak gerekiyor.<\/p>\n\n\n\n<h3 class=\"wp-block-heading has-text-align-center has-neeon-button-dark-gray-color has-text-color has-link-color wp-elements-f952d74567b0e5dbe0135033413f3c19\"><span class=\"ez-toc-section\" id=\"opucuk_%e2%80%93_gustav_klimt\"><\/span><strong>\u00d6p\u00fcc\u00fck &#8211; Gustav Klimt<\/strong><span class=\"ez-toc-section-end\"><\/span><\/h3>\n\n\n\n<figure class=\"wp-block-image size-large\"><img decoding=\"async\" src=\"https:\/\/res.cloudinary.com\/turna\/image\/upload\/v1769508505\/wordpress-contents\/Belvedere_Saray%C4%B1.jpg\" alt=\"\"\/><figcaption class=\"wp-element-caption\">                                                                                                   Belvedere Saray\u0131<\/figcaption><\/figure>\n\n\n\n<p>Alt\u0131n varakl\u0131 y\u00fczeyi ve romantik atmosferiyle \u00d6p\u00fcc\u00fck, Gustav Klimt\u2019in en tan\u0131nan eserlerinden biri. Fig\u00fcrlerin birbirine sar\u0131l\u0131\u015f\u0131, desenlerin ihti\u015fam\u0131yla birle\u015fince ortaya hem zarif hem de b\u00fcy\u00fcleyici bir tablo \u00e7\u0131k\u0131yor.&nbsp;<\/p>\n\n\n\n<p>Bu g\u00f6z al\u0131c\u0131 eseri Viyana\u2019da, Belvedere Saray\u0131\u2019nda g\u00f6rebilirsiniz. Saray\u0131n tarihi atmosferiyle birle\u015fince, tablo \u00e7ok daha etkileyici bir hal al\u0131yor.<\/p>\n\n\n\n<h3 class=\"wp-block-heading has-text-align-center has-neeon-button-dark-gray-color has-text-color has-link-color wp-elements-e1b6eb323c61535f271895e485c33725\"><span class=\"ez-toc-section\" id=\"guernica_%e2%80%93_pablo_picasso\"><\/span><strong>Guernica &#8211; Pablo Picasso<\/strong><span class=\"ez-toc-section-end\"><\/span><\/h3>\n\n\n\n<p>Guernica, sava\u015f\u0131n y\u0131k\u0131c\u0131l\u0131\u011f\u0131n\u0131 anlatan en sert ve en etkileyici eserlerden biri. Picasso, \u0130spanya \u0130\u00e7 Sava\u015f\u0131 s\u0131ras\u0131nda bombalanan Guernica kasabas\u0131ndan etkilenerek bu devasa tabloyu yap\u0131yor. Siyah, beyaz ve gri tonlar; ac\u0131y\u0131, korkuyu ve kaosu iliklere kadar hissettiriyor.<\/p>\n\n\n\n<p>Eseri g\u00f6rmek i\u00e7in Madrid\u2019e gitmeniz gerekiyor. Guernica, Museo Reina Sof\u00eda\u2019da sergileniyor. \u00d6n\u00fcnde durdu\u011funuzda tarihin karanl\u0131k bir an\u0131na bak\u0131yormu\u015f gibi hissediyorsunuz.<\/p>\n\n\n\n<h3 class=\"wp-block-heading has-text-align-center has-neeon-button-dark-gray-color has-text-color has-link-color wp-elements-8dbf769c7efb22c0935b15c60b61ff68\"><span class=\"ez-toc-section\" id=\"gece_devriyesi_%e2%80%93_rembrandt_van_rijn\"><\/span><strong>Gece Devriyesi &#8211; Rembrandt van Rijn<\/strong><span class=\"ez-toc-section-end\"><\/span><\/h3>\n\n\n\n<figure class=\"wp-block-image size-large\"><img decoding=\"async\" src=\"https:\/\/res.cloudinary.com\/turna\/image\/upload\/v1769508497\/wordpress-contents\/Rijksmuseum1.jpg\" alt=\"\"\/><figcaption class=\"wp-element-caption\">                                                                                                         Rijksmuseum<\/figcaption><\/figure>\n\n\n\n<p>Gece Devriyesi, asl\u0131nda ad\u0131ndan da anla\u015f\u0131laca\u011f\u0131 gibi gece sahnesi gibi alg\u0131lansa da, orijinalinde g\u00fcnd\u00fcz\u00fc anlat\u0131yor. Zamanla kararan vernik tabakas\u0131 tabloya bu ismi kazand\u0131r\u0131yor. Rembrandt\u2019\u0131n \u0131\u015f\u0131k ve g\u00f6lge kullan\u0131m\u0131, eseri d\u00f6neminin \u00e7ok \u00f6tesine ta\u015f\u0131yor.<\/p>\n\n\n\n<p>Bu devasa tablo, Hollanda\u2019n\u0131n ba\u015fkenti Amsterdam\u2019da, Rijksmuseum\u2019da sergileniyor. M\u00fczenin en dikkat \u00e7eken eserlerinden biri ve geni\u015f salonlardan birinde t\u00fcm ihti\u015fam\u0131yla duruyor.<\/p>\n\n\n\n<h3 class=\"wp-block-heading has-text-align-center has-neeon-button-dark-gray-color has-text-color has-link-color wp-elements-a796349e751ad84dd3d79dbdd55f9476\"><span class=\"ez-toc-section\" id=\"davut_heykeli_%e2%80%93_michelangelo\"><\/span><strong>Davut Heykeli &#8211; Michelangelo<\/strong><span class=\"ez-toc-section-end\"><\/span><\/h3>\n\n\n\n<figure class=\"wp-block-image size-large\"><img decoding=\"async\" src=\"https:\/\/res.cloudinary.com\/turna\/image\/upload\/v1769508505\/wordpress-contents\/davut_heykeli.jpg\" alt=\"\"\/><\/figure>\n\n\n\n<p>Michelangelo\u2019nun Davut Heykeli, R\u00f6nesans\u2019\u0131n insan v\u00fccuduna bak\u0131\u015f\u0131n\u0131 en net g\u00f6steren eserlerden biri. Mermerden yap\u0131lm\u0131\u015f olmas\u0131na ra\u011fmen kas detaylar\u0131 ve duru\u015fu inan\u0131lmaz derecede ger\u00e7ek\u00e7i. Davut\u2019un Golyat\u2019la sava\u015f \u00f6ncesi an\u0131, heykelde b\u00fcy\u00fck bir gerilimle yans\u0131t\u0131l\u0131yor.<\/p>\n\n\n\n<p>Heykeli g\u00f6rmek i\u00e7in Floransa\u2019ya gitmeniz gerekiyor. Galleria dell\u2019Accademia\u2019da sergilenen Davut, m\u00fczenin tart\u0131\u015fmas\u0131z y\u0131ld\u0131z\u0131. Kar\u015f\u0131n\u0131za \u00e7\u0131kt\u0131\u011f\u0131nda, boyutlar\u0131 ve detaylar\u0131yla ger\u00e7ekten etkiliyor.<\/p>\n\n\n\n<h3 class=\"wp-block-heading has-text-align-center has-neeon-button-dark-gray-color has-text-color has-link-color wp-elements-5c9a3e077bd480c3a5c449ec7784fb0b\"><span class=\"ez-toc-section\" id=\"semadirek_kanatli_zaferi\"><\/span><strong>Semadirek Kanatl\u0131 Zaferi<\/strong><span class=\"ez-toc-section-end\"><\/span><\/h3>\n\n\n\n<figure class=\"wp-block-image size-large\"><img decoding=\"async\" src=\"https:\/\/res.cloudinary.com\/turna\/image\/upload\/v1769508481\/wordpress-contents\/Semadirek_Kanatl%C4%B1_Zaferi.jpg\" alt=\"\"\/><\/figure>\n\n\n\n<p>Semadirek Kanatl\u0131 Zaferi, hareket hissini mermerde yakalamay\u0131 ba\u015faran nadir heykellerden biri. Kanatlar\u0131n a\u00e7\u0131l\u0131\u015f\u0131 ve k\u0131yafetlerin r\u00fczgarla savruluyormu\u015f gibi g\u00f6r\u00fcnmesi, heykeli son derece dinamik k\u0131l\u0131yor. Heykelin ba\u015f\u0131 ve kollar\u0131 eksik olsa da etkisi hi\u00e7 azalm\u0131yor.<\/p>\n\n\n\n<p>Bu etkileyici heykel de Paris\u2019te, Louvre M\u00fczesinde sergileniyor. M\u00fczenin merdivenlerinin tepesinde sizi kar\u015f\u0131layan bu eser, foto\u011fraf \u00e7ekmek isteyenlerin de favorisi.<\/p>\n\n\n\n<h3 class=\"wp-block-heading has-text-align-center has-neeon-button-dark-gray-color has-text-color has-link-color wp-elements-1dce34cf0994672d39f25b4a4e7357cb\"><span class=\"ez-toc-section\" id=\"pieta_%e2%80%93_michelangelo\"><\/span><strong>Pieta &#8211; Michelangelo<\/strong><span class=\"ez-toc-section-end\"><\/span><\/h3>\n\n\n\n<figure class=\"wp-block-image size-large\"><img decoding=\"async\" src=\"https:\/\/res.cloudinary.com\/turna\/image\/upload\/v1769508475\/wordpress-contents\/pieta.jpg\" alt=\"\"\/><\/figure>\n\n\n\n<p>Listemizin son eseri yine Michelangelo\u2019dan (san\u0131r\u0131m buraya kadar favori sanat\u00e7\u0131lar\u0131mdan biri oldu\u011funu anlam\u0131\u015fs\u0131n\u0131zd\u0131r\ud83d\ude01). Pieta, Michelangelo\u2019nun hen\u00fcz gen\u00e7 ya\u015fta yapt\u0131\u011f\u0131 ama ustal\u0131\u011f\u0131n\u0131 a\u00e7\u0131k\u00e7a ortaya koyan bir eser. Hz. Meryem\u2019in kuca\u011f\u0131nda \u0130sa\u2019y\u0131 tuttu\u011fu bu sahne, son derece sakin ama bir o kadar da duygusal. Mermerin bu kadar yumu\u015fak ve canl\u0131 g\u00f6r\u00fcnebilmesi, Michelangelo\u2019nun yetene\u011fini g\u00f6zler \u00f6n\u00fcne seriyor.<\/p>\n\n\n\n<p>Bu ba\u015fyap\u0131t\u0131 g\u00f6rmek i\u00e7in yine Vatikan\u2019a gitmeniz gerekiyor. Aziz Petrus Bazilikas\u0131 i\u00e7inde sergilenen Pieta, hala ibadete a\u00e7\u0131k bir mekanda bulunmas\u0131yla da \u00f6zel bir deneyim sunuyor.<\/p>\n\n    <div class=\"xs_social_share_widget xs_share_url after_content \t\tmain_content  wslu-style-1 wslu-share-box-shaped wslu-fill-colored wslu-none wslu-share-horizontal wslu-theme-font-no wslu-main_content\">\n\n\t\t\n        <ul>\n\t\t\t        <\/ul>\n    <\/div> \n","protected":false},"excerpt":{"rendered":"<p>D\u00fcnyan\u0131n d\u00f6rt bir yan\u0131nda, bazen bir m\u00fczenin lo\u015f salonunda, bazen tarihi bir kilisenin sessizli\u011finde, bazen de bir soka\u011f\u0131n k\u00f6\u015fesinde insan\u0131 durup d\u00fc\u015f\u00fcnmeye zorlayan eserler var. Baz\u0131lar\u0131 y\u00fczy\u0131llard\u0131r ayn\u0131 yerde duruyor, kimisi ise ba\u015f\u0131na gelen talihsiz olaylarla daha da me\u015fhur oluyor. Ortak noktalar\u0131 ise \u015fu: Hepsi bulunduklar\u0131 \u015fehirleri birer sanat dura\u011f\u0131na d\u00f6n\u00fc\u015ft\u00fcr\u00fcyor. E\u011fer seyahat planlar\u0131n\u0131za biraz [&hellip;]<\/p>\n","protected":false},"author":45,"featured_media":25648,"comment_status":"open","ping_status":"open","sticky":false,"template":"","format":"standard","meta":{"rop_custom_images_group":[],"rop_custom_messages_group":[],"rop_publish_now":"initial","rop_publish_now_accounts":[],"rop_publish_now_history":[],"rop_publish_now_status":"pending","_cloudinary_featured_overwrite":false,"footnotes":""},"categories":[2],"tags":[30,379,5571,209,5624,67,5623,76,162],"class_list":["post-25647","post","type-post","status-publish","format-standard","has-post-thumbnail","hentry","category-ulkeler","tag-amsterdam","tag-fransa","tag-italya-2","tag-londra","tag-muze","tag-new-york","tag-sanat","tag-vatikan","tag-viyana"],"_links":{"self":[{"href":"https:\/\/www.turna.com\/blog\/wp-json\/wp\/v2\/posts\/25647","targetHints":{"allow":["GET"]}}],"collection":[{"href":"https:\/\/www.turna.com\/blog\/wp-json\/wp\/v2\/posts"}],"about":[{"href":"https:\/\/www.turna.com\/blog\/wp-json\/wp\/v2\/types\/post"}],"author":[{"embeddable":true,"href":"https:\/\/www.turna.com\/blog\/wp-json\/wp\/v2\/users\/45"}],"replies":[{"embeddable":true,"href":"https:\/\/www.turna.com\/blog\/wp-json\/wp\/v2\/comments?post=25647"}],"version-history":[{"count":0,"href":"https:\/\/www.turna.com\/blog\/wp-json\/wp\/v2\/posts\/25647\/revisions"}],"wp:featuredmedia":[{"embeddable":true,"href":"https:\/\/www.turna.com\/blog\/wp-json\/wp\/v2\/media\/25648"}],"wp:attachment":[{"href":"https:\/\/www.turna.com\/blog\/wp-json\/wp\/v2\/media?parent=25647"}],"wp:term":[{"taxonomy":"category","embeddable":true,"href":"https:\/\/www.turna.com\/blog\/wp-json\/wp\/v2\/categories?post=25647"},{"taxonomy":"post_tag","embeddable":true,"href":"https:\/\/www.turna.com\/blog\/wp-json\/wp\/v2\/tags?post=25647"}],"curies":[{"name":"wp","href":"https:\/\/api.w.org\/{rel}","templated":true}]}}