{"id":25484,"date":"2025-12-10T13:14:10","date_gmt":"2025-12-10T10:14:10","guid":{"rendered":"https:\/\/www.turna.com\/blog\/?p=25484"},"modified":"2025-12-10T13:14:12","modified_gmt":"2025-12-10T10:14:12","slug":"en-guzel-tirmanis-rotalari","status":"publish","type":"post","link":"https:\/\/www.turna.com\/blog\/en-guzel-tirmanis-rotalari","title":{"rendered":"T\u0131rman\u0131\u015f Tutkunlar\u0131 i\u00e7in 10 \u00d6zel Rota"},"content":{"rendered":"<div id=\"ez-toc-container\" class=\"ez-toc-v2_0_82_2 counter-hierarchy ez-toc-counter ez-toc-black ez-toc-container-direction\">\n<div class=\"ez-toc-title-container\">\n<p class=\"ez-toc-title\" style=\"cursor:inherit\">\u0130\u00e7indekiler<\/p>\n<span class=\"ez-toc-title-toggle\"><a href=\"#\" class=\"ez-toc-pull-right ez-toc-btn ez-toc-btn-xs ez-toc-btn-default ez-toc-toggle\" aria-label=\"\u0130\u00e7indekiler Tablosunu A\u00e7\/Kapat\"><span class=\"ez-toc-js-icon-con\"><span class=\"\"><span class=\"eztoc-hide\" style=\"display:none;\">Toggle<\/span><span class=\"ez-toc-icon-toggle-span\"><svg style=\"fill: #ffffff;color:#ffffff\" xmlns=\"http:\/\/www.w3.org\/2000\/svg\" class=\"list-377408\" width=\"20px\" height=\"20px\" viewBox=\"0 0 24 24\" fill=\"none\"><path d=\"M6 6H4v2h2V6zm14 0H8v2h12V6zM4 11h2v2H4v-2zm16 0H8v2h12v-2zM4 16h2v2H4v-2zm16 0H8v2h12v-2z\" fill=\"currentColor\"><\/path><\/svg><svg style=\"fill: #ffffff;color:#ffffff\" class=\"arrow-unsorted-368013\" xmlns=\"http:\/\/www.w3.org\/2000\/svg\" width=\"10px\" height=\"10px\" viewBox=\"0 0 24 24\" version=\"1.2\" baseProfile=\"tiny\"><path d=\"M18.2 9.3l-6.2-6.3-6.2 6.3c-.2.2-.3.4-.3.7s.1.5.3.7c.2.2.4.3.7.3h11c.3 0 .5-.1.7-.3.2-.2.3-.5.3-.7s-.1-.5-.3-.7zM5.8 14.7l6.2 6.3 6.2-6.3c.2-.2.3-.5.3-.7s-.1-.5-.3-.7c-.2-.2-.4-.3-.7-.3h-11c-.3 0-.5.1-.7.3-.2.2-.3.5-.3.7s.1.5.3.7z\"\/><\/svg><\/span><\/span><\/span><\/a><\/span><\/div>\n<nav><ul class='ez-toc-list ez-toc-list-level-1 eztoc-toggle-hide-by-default' ><li class='ez-toc-page-1 ez-toc-heading-level-2'><a class=\"ez-toc-link ez-toc-heading-1\" href=\"https:\/\/www.turna.com\/blog\/en-guzel-tirmanis-rotalari\/#maceracilar_icin_en_guzel_tirmanis_rotalari\" >Macerac\u0131lar \u0130\u00e7in En G\u00fczel T\u0131rman\u0131\u015f Rotalar\u0131<\/a><ul class='ez-toc-list-level-3' ><li class='ez-toc-heading-level-3'><a class=\"ez-toc-link ez-toc-heading-2\" href=\"https:\/\/www.turna.com\/blog\/en-guzel-tirmanis-rotalari\/#geyikbayiri_antalya\" >Geyikbay\u0131r\u0131, Antalya<\/a><\/li><li class='ez-toc-page-1 ez-toc-heading-level-3'><a class=\"ez-toc-link ez-toc-heading-3\" href=\"https:\/\/www.turna.com\/blog\/en-guzel-tirmanis-rotalari\/#kackarlar_rize\" >Ka\u00e7karlar, Rize<\/a><\/li><li class='ez-toc-page-1 ez-toc-heading-level-3'><a class=\"ez-toc-link ez-toc-heading-4\" href=\"https:\/\/www.turna.com\/blog\/en-guzel-tirmanis-rotalari\/#ballikayalar_kanyonu_kocaeli\" >Ball\u0131kayalar Kanyonu, Kocaeli<\/a><\/li><li class='ez-toc-page-1 ez-toc-heading-level-3'><a class=\"ez-toc-link ez-toc-heading-5\" href=\"https:\/\/www.turna.com\/blog\/en-guzel-tirmanis-rotalari\/#bafa_golu_mugla\" >Bafa G\u00f6l\u00fc, Mu\u011fla<\/a><\/li><li class='ez-toc-page-1 ez-toc-heading-level-3'><a class=\"ez-toc-link ez-toc-heading-6\" href=\"https:\/\/www.turna.com\/blog\/en-guzel-tirmanis-rotalari\/#aladaglar_nigde\" >Alada\u011flar, Ni\u011fde<\/a><\/li><li class='ez-toc-page-1 ez-toc-heading-level-3'><a class=\"ez-toc-link ez-toc-heading-7\" href=\"https:\/\/www.turna.com\/blog\/en-guzel-tirmanis-rotalari\/#kaynaklar_izmir\" >Kaynaklar, \u0130zmir<\/a><\/li><li class='ez-toc-page-1 ez-toc-heading-level-3'><a class=\"ez-toc-link ez-toc-heading-8\" href=\"https:\/\/www.turna.com\/blog\/en-guzel-tirmanis-rotalari\/#dolomites_daglari_italya\" >Dolomites Da\u011flar\u0131, \u0130talya<\/a><\/li><li class='ez-toc-page-1 ez-toc-heading-level-3'><a class=\"ez-toc-link ez-toc-heading-9\" href=\"https:\/\/www.turna.com\/blog\/en-guzel-tirmanis-rotalari\/#frankenjura_almanya\" >Frankenjura, Almanya<\/a><\/li><li class='ez-toc-page-1 ez-toc-heading-level-3'><a class=\"ez-toc-link ez-toc-heading-10\" href=\"https:\/\/www.turna.com\/blog\/en-guzel-tirmanis-rotalari\/#khuiten_dagi_mogolistan\" >Khuiten Da\u011f\u0131, Mo\u011folistan\u00a0<\/a><\/li><li class='ez-toc-page-1 ez-toc-heading-level-3'><a class=\"ez-toc-link ez-toc-heading-11\" href=\"https:\/\/www.turna.com\/blog\/en-guzel-tirmanis-rotalari\/#railay_beach_tayland\" >Railay Beach, Tayland<\/a><\/li><\/ul><\/li><\/ul><\/nav><\/div>\n\n<p>T\u0131rman\u0131\u015f\u0131n en g\u00fczel yan\u0131, insan\u0131n hem kaslar\u0131n\u0131 hem de sabr\u0131n\u0131 ayn\u0131 anda s\u0131namas\u0131 san\u0131r\u0131m. Bir duvar\u0131n kar\u015f\u0131s\u0131na ge\u00e7ti\u011finizde \u00f6nce hafif bir korku, sonra tatl\u0131 bir heyecan, en sonunda da iyi ki bu sporu yap\u0131yorum hissi geliyor. E\u011fer siz de bu duyguyu tan\u0131yorsan\u0131z, do\u011fru yerdesiniz. Hem T\u00fcrkiye\u2019den hem de d\u00fcnyan\u0131n d\u00f6rt bir yan\u0131ndan en keyifli t\u0131rman\u0131\u015f rota \u00f6nerilerini derledik; hem ula\u015f\u0131labilir, hem de harika manzaralar sunan t\u00fcrden.<\/p>\n\n\n\n<p>Ama ba\u015ftan anla\u015fal\u0131m: Bu listede Annapurna, Everest ya da K2 gibi tehlikeli, profesyonellik isteyen \u00f6l\u00fcmc\u00fcl zirveler yok. Onlar ba\u015fka bir d\u00fcnyan\u0131n konusu. Biz bu yaz\u0131da, hem g\u00fcvenle deneyimleyebilece\u011finiz hem de do\u011fan\u0131n tad\u0131n\u0131 doyas\u0131ya \u00e7\u0131karabilece\u011finiz t\u0131rman\u0131\u015f rotalar\u0131na odaklan\u0131yoruz. Ama tabii ki bu rotalarda da t\u0131rman\u0131\u015f bilgisi, profesyonellik ve uygun ekipman gerekli. Yani daha \u00e7ok macera + keyif + bol manzara kombinasyonu sizi bekliyor.<\/p>\n\n\n\n<h2 class=\"wp-block-heading has-text-align-center has-neeon-button-dark-gray-color has-text-color has-link-color wp-elements-99109e15460370929da339025168e9a3\"><span class=\"ez-toc-section\" id=\"maceracilar_icin_en_guzel_tirmanis_rotalari\"><\/span><strong><strong><strong><strong>Macerac\u0131lar \u0130\u00e7in En G\u00fczel T\u0131rman\u0131\u015f Rotalar\u0131<\/strong><\/strong><\/strong><\/strong><span class=\"ez-toc-section-end\"><\/span><\/h2>\n\n\n\n<h3 class=\"wp-block-heading has-text-align-center has-neeon-button-dark-gray-color has-text-color has-link-color wp-elements-d5ac814bc733af3a887974fcb0534f0c\"><span class=\"ez-toc-section\" id=\"geyikbayiri_antalya\"><\/span><strong><strong><strong><strong>Geyikbay\u0131r\u0131, Antalya<\/strong><\/strong><\/strong><\/strong><span class=\"ez-toc-section-end\"><\/span><\/h3>\n\n\n\n<figure class=\"wp-block-image size-large\"><img decoding=\"async\" src=\"https:\/\/res.cloudinary.com\/turna\/image\/upload\/v1765360338\/wordpress-contents\/t%C4%B1rman%C4%B1%C5%9F3.jpg\" alt=\"\"\/><\/figure>\n\n\n\n<p>Antalya\u2019n\u0131n s\u0131cac\u0131k havas\u0131yla, k\u0131z\u0131l kayal\u0131klar\u0131n\u0131n aras\u0131nda saklanm\u0131\u015f ger\u00e7ek bir t\u0131rman\u0131\u015f cenneti Geyikbay\u0131r\u0131. Burada neredeyse her seviyeye uygun rota bulmak m\u00fcmk\u00fcn; kaya yap\u0131s\u0131 hem tutu\u015f a\u00e7\u0131s\u0131ndan rahat hem de inan\u0131lmaz \u00e7e\u015fitli. \u0130lk g\u00fcn \u015f\u00f6yle bir bakay\u0131m diye girip, ertesi g\u00fcn kendinizi daha zor bir hatta denerken buluyorsunuz.<\/p>\n\n\n\n<p>Buras\u0131 ayr\u0131ca \u00e7ok sosyal bir yer. D\u00fcnyan\u0131n d\u00f6rt bir yan\u0131ndan gelen t\u0131rman\u0131c\u0131larla ayn\u0131 kamp alan\u0131nda bulu\u015fmak, rotalar hakk\u0131nda sohbet etmek, ak\u015fam ate\u015f ba\u015f\u0131nda g\u00fcn\u00fcn kriti\u011fini yapmak Geyikbay\u0131r\u0131 deneyiminin en keyifli par\u00e7alar\u0131ndan.<\/p>\n\n\n\n<h3 class=\"wp-block-heading has-text-align-center has-neeon-button-dark-gray-color has-text-color has-link-color wp-elements-a52bc5389900c8745af56c306470ea5a\"><span class=\"ez-toc-section\" id=\"kackarlar_rize\"><\/span><strong><strong><strong><strong>Ka\u00e7karlar, Rize<\/strong><\/strong><\/strong><\/strong><span class=\"ez-toc-section-end\"><\/span><\/h3>\n\n\n\n<figure class=\"wp-block-image size-large\"><img width=\"800\" height=\"500\" decoding=\"async\" src=\"data:image\/svg+xml;base64,PHN2ZyB4bWxucz0iaHR0cDovL3d3dy53My5vcmcvMjAwMC9zdmciIHdpZHRoPSI4MDAiIGhlaWdodD0iNTAwIj48cmVjdCB3aWR0aD0iMTAwJSIgaGVpZ2h0PSIxMDAlIj48YW5pbWF0ZSBhdHRyaWJ1dGVOYW1lPSJmaWxsIiB2YWx1ZXM9InJnYmEoMTUzLDE1MywxNTMsMC41KTtyZ2JhKDE1MywxNTMsMTUzLDAuMSk7cmdiYSgxNTMsMTUzLDE1MywwLjUpIiBkdXI9IjJzIiByZXBlYXRDb3VudD0iaW5kZWZpbml0ZSIgLz48L3JlY3Q+PC9zdmc+\" alt=\"\" data-public-id=\"en-guzel-karadeniz-yaylasi\/en-guzel-karadeniz-yaylasi.jpg\" class=\"wp-post-25484 wp-image-20160\" data-format=\"jpg\" data-transformations=\"f_auto,q_auto:low\" data-version=\"1636785497\" data-seo=\"1\" data-size=\"800 500\" data-srcset=\"https:\/\/res.cloudinary.com\/turna\/images\/f_auto,q_auto:low\/v1636785497\/en-guzel-karadeniz-yaylasi\/en-guzel-karadeniz-yaylasi.jpg?_i=AA 800w, https:\/\/res.cloudinary.com\/turna\/images\/w_300,h_188,c_scale\/f_auto,q_auto:low\/v1636785497\/en-guzel-karadeniz-yaylasi\/en-guzel-karadeniz-yaylasi.jpg?_i=AA 300w, https:\/\/res.cloudinary.com\/turna\/images\/w_672,h_420,c_scale\/f_auto,q_auto:low\/v1636785497\/en-guzel-karadeniz-yaylasi\/en-guzel-karadeniz-yaylasi.jpg?_i=AA 672w, https:\/\/res.cloudinary.com\/turna\/images\/w_640,h_400,c_scale\/f_auto,q_auto:low\/v1636785497\/en-guzel-karadeniz-yaylasi\/en-guzel-karadeniz-yaylasi.jpg?_i=AA 640w, https:\/\/res.cloudinary.com\/turna\/images\/w_681,h_426,c_scale\/f_auto,q_auto:low\/v1636785497\/en-guzel-karadeniz-yaylasi\/en-guzel-karadeniz-yaylasi.jpg?_i=AA 681w\" data-sizes=\"(max-width: 800px) 100vw, 800px\" data-delivery=\"upload\" onload=\";window.CLDBind?CLDBind(this):null;\" data-cloudinary=\"lazy\" \/><\/figure>\n\n\n\n<p>Ka\u00e7karlar biraz fantastik film seti gibi; ormanlar, sis, buz gibi dereler\u2026 Y\u00fcr\u00fcy\u00fc\u015f ile t\u0131rman\u0131\u015f\u0131 harmanlamak isteyenler i\u00e7in tek kelimeyle ideal. Buradaki rota yap\u0131s\u0131 daha \u00e7ok uzun soluklu bir macera hissi veriyor. Kendinizi Y\u00fcz\u00fcklerin Efendisi filminde gibi hissedebilirsiniz.<\/p>\n\n\n\n<p>Sahneyi hayal edin: Bir anda sis a\u00e7\u0131l\u0131yor, kar\u015f\u0131n\u0131za dev gibi bir duvar \u00e7\u0131k\u0131yor ve siz san\u0131r\u0131m tam arad\u0131\u011f\u0131m yer buras\u0131 diye d\u00fc\u015f\u00fcn\u00fcyorsunuz. Ka\u00e7karlar kesinlikle hem do\u011fa hem de ruh i\u00e7in iyi bir rota.<\/p>\n\n\n\n<h3 class=\"wp-block-heading has-text-align-center has-neeon-button-dark-gray-color has-text-color has-link-color wp-elements-be2f6bd25bf020c0993cafdbbaa88c75\"><span class=\"ez-toc-section\" id=\"ballikayalar_kanyonu_kocaeli\"><\/span><strong><strong><strong><strong>Ball\u0131kayalar Kanyonu, Kocaeli<\/strong><\/strong><\/strong><\/strong><span class=\"ez-toc-section-end\"><\/span><\/h3>\n\n\n\n<figure class=\"wp-block-image size-large\"><img decoding=\"async\" src=\"https:\/\/res.cloudinary.com\/turna\/image\/upload\/v1765360338\/wordpress-contents\/t%C4%B1rman%C4%B1%C5%9F4.jpg\" alt=\"\"\/><\/figure>\n\n\n\n<p>\u0130stanbul\u2019a bu kadar yak\u0131n olup da bu kadar do\u011fal kalmay\u0131 ba\u015farm\u0131\u015f ender yerlerden biri Ball\u0131kayalar. K\u00fc\u00e7\u00fck deresi, dar ge\u00e7itleri, ku\u015f sesleri ve \u00e7ok daha fazlas\u0131yle \u015fehir stresini \u00fcst\u00fcnden silkelemek isteyenlerin u\u011frak noktas\u0131. Rota \u00e7e\u015fitlili\u011fi de olduk\u00e7a tatmin edici; k\u0131sa, keyifli spor rotalar\u0131 bolca var.<\/p>\n\n\n\n<p>Hafta sonu arabaya atlay\u0131p bir saat i\u00e7inde b\u00f6yle bir yere ula\u015fmak ger\u00e7ekten l\u00fcks. T\u0131rman\u0131\u015f sonras\u0131 kanyonun i\u00e7ine kurulup sandvi\u00e7inizi yemek bile insan\u0131 yeniliyor.<\/p>\n\n\n\n<h3 class=\"wp-block-heading has-text-align-center has-neeon-button-dark-gray-color has-text-color has-link-color wp-elements-e969507fdba1579605d6208ac263e0aa\"><span class=\"ez-toc-section\" id=\"bafa_golu_mugla\"><\/span><strong><strong><strong><strong>Bafa G\u00f6l\u00fc, Mu\u011fla<\/strong><\/strong><\/strong><\/strong><span class=\"ez-toc-section-end\"><\/span><\/h3>\n\n\n\n<figure class=\"wp-block-image size-large\"><img decoding=\"async\" src=\"https:\/\/res.cloudinary.com\/turna\/image\/upload\/v1765360338\/wordpress-contents\/bafa_g%C3%B6l%C3%BC.jpg\" alt=\"\"\/><\/figure>\n\n\n\n<p>Bafa\u2019n\u0131n atmosferi ger\u00e7ekten bamba\u015fka, foto\u011fraflara bak\u0131nca bile anla\u015f\u0131l\u0131yor. G\u00f6l\u00fcn hemen k\u0131y\u0131s\u0131ndaki granit kayalar sizi hem zorlamadan hem de tatl\u0131 tatl\u0131 terleterek yukar\u0131 ta\u015f\u0131yor. Rota arayanlar\u0131n son y\u0131llarda favorisi olmas\u0131n\u0131n sebebi de bu: Hem manzara g\u00fc\u00e7l\u00fc, hem de kaya kalitesi \u00e7ok iyi.<\/p>\n\n\n\n<p>Sabah\u0131n erken saatlerinde g\u00f6l hala sakin olurken t\u0131rmanmak, aralarda g\u00f6le bak\u0131p nefeslenmek\u2026 Bafa biraz meditasyon gibi.<\/p>\n\n\n\n<h3 class=\"wp-block-heading has-text-align-center has-neeon-button-dark-gray-color has-text-color has-link-color wp-elements-6f44fc3855bb3f6bf183d7dcc92beaf6\"><span class=\"ez-toc-section\" id=\"aladaglar_nigde\"><\/span><strong><strong><strong><strong>Alada\u011flar, Ni\u011fde<\/strong><\/strong><\/strong><\/strong><span class=\"ez-toc-section-end\"><\/span><\/h3>\n\n\n\n<figure class=\"wp-block-image size-large\"><img decoding=\"async\" src=\"https:\/\/res.cloudinary.com\/turna\/image\/upload\/v1765360338\/wordpress-contents\/alada%C4%9Flar.jpg\" alt=\"\"\/><\/figure>\n\n\n\n<p>Ni\u011fde, Adana ve Kayseri \u00fc\u00e7geninde yer alan Alada\u011flar, T\u00fcrkiye\u2019nin en k\u00f6kl\u00fc da\u011fc\u0131l\u0131k merkezlerinden biri. Co\u011frafyan\u0131n sertli\u011fi, kayalar\u0131n g\u00fc\u00e7l\u00fc yap\u0131s\u0131 ve dev duvarlar sayesinde burada t\u0131rman\u0131\u015f deneyimi ger\u00e7ekten \u00fcst d\u00fczey bir maceraya d\u00f6n\u00fc\u015f\u00fcyor. B\u00f6lge, \u00e7ok say\u0131da \u00e7ok ipli (multi-pitch) rota bar\u0131nd\u0131rmas\u0131yla biliniyor.<\/p>\n\n\n\n<p>Alada\u011flar\u2019\u0131n bir ba\u015fka g\u00fczelli\u011fi de vah\u015fi do\u011fa hissi. Buraya geldi\u011finizde geni\u015f vadiler, keskin zirveler ve e\u015fsiz bir sessizlik kar\u015f\u0131l\u0131yor sizi. Geceleri g\u00f6ky\u00fcz\u00fcn\u00fc izlemek bile ba\u015fl\u0131 ba\u015f\u0131na bir etkinlik.&nbsp;<\/p>\n\n\n\n<h3 class=\"wp-block-heading has-text-align-center has-neeon-button-dark-gray-color has-text-color has-link-color wp-elements-c055c2fb52fa45e2240060743c23b524\"><span class=\"ez-toc-section\" id=\"kaynaklar_izmir\"><\/span><strong><strong><strong><strong>Kaynaklar, \u0130zmir<\/strong><\/strong><\/strong><\/strong><span class=\"ez-toc-section-end\"><\/span><\/h3>\n\n\n\n<p>\u0130zmir\u2019in Buca il\u00e7esine ba\u011fl\u0131 Kaynaklar k\u00f6y\u00fc, Ege\u2019nin en hareketli t\u0131rman\u0131\u015f b\u00f6lgelerinden biri. \u015eehir merkezine sadece 25-30 dakika uzakl\u0131kta olmas\u0131na ra\u011fmen kendinizi tamamen do\u011fan\u0131n ortas\u0131nda hissediyorsunuz. Kaynaklar\u2019\u0131n kire\u00e7ta\u015f\u0131 kayal\u0131klar\u0131 dik, temiz ve \u00e7ok \u00e7e\u015fitli oldu\u011fu i\u00e7in rota arayanlar\u0131n y\u0131llard\u0131r favorisi.<\/p>\n\n\n\n<p>Kolay rotalar\u0131yla yeni ba\u015flayanlar\u0131, zor hatlar\u0131yla deneyimli t\u0131rman\u0131c\u0131lar\u0131 memnun eden bir yer. T\u0131rman\u0131\u015f sonras\u0131 \u0130zmir merkeze d\u00f6n\u00fcp g\u00fczel bir ak\u015fam yeme\u011fi yemek de b\u00f6lgenin en b\u00fcy\u00fck l\u00fckslerinden. Hem spor hem \u015fehir keyfi bir arada.<\/p>\n\n\n\n<h3 class=\"wp-block-heading has-text-align-center has-neeon-button-dark-gray-color has-text-color has-link-color wp-elements-faa30e70e25d4f448c853570a9d65147\"><span class=\"ez-toc-section\" id=\"dolomites_daglari_italya\"><\/span><strong><strong><strong><strong>Dolomites Da\u011flar\u0131, \u0130talya<\/strong><\/strong><\/strong><\/strong><span class=\"ez-toc-section-end\"><\/span><\/h3>\n\n\n\n<figure class=\"wp-block-image size-large\"><img decoding=\"async\" src=\"https:\/\/res.cloudinary.com\/turna\/image\/upload\/v1765360339\/wordpress-contents\/Dolomites.jpg\" alt=\"\"\/><\/figure>\n\n\n\n<p>Biraz da yurt d\u0131\u015f\u0131 rotalar\u0131na bakal\u0131m. \u0130talya\u2019n\u0131n kuzeyinde, Alp Da\u011flar\u0131\u2019n\u0131n bir par\u00e7as\u0131 olan Dolomites, UNESCO D\u00fcnya Miras\u0131 Listesi\u2019ndeki g\u00f6rkemli kaya kuleleriyle \u00fcnl\u00fc. Kayalar\u0131n rengi g\u00fcn\u00fcn saatine g\u00f6re pembeye, turuncuya, hatta mora d\u00f6n\u00fcyor. Manzara ger\u00e7ekten b\u00fcy\u00fcleyici..<\/p>\n\n\n\n<p>Dolomites \u00f6zellikle \u00e7ok ipli uzun rotalar i\u00e7in d\u00fcnyan\u0131n en iyi b\u00f6lgelerinden biri. Bir yandan metrelerce y\u00fckselirken bir yandan t\u00fcm vadiyi g\u00f6rebilmek\u2026 Avrupa\u2019daki en unutulmaz t\u0131rman\u0131\u015flar\u0131n\u0131z\u0131 burada ya\u015fayabilirsiniz.<\/p>\n\n\n\n<h3 class=\"wp-block-heading has-text-align-center has-neeon-button-dark-gray-color has-text-color has-link-color wp-elements-9a49d4f1cb6cdb7d86d2bdddbcb92b77\"><span class=\"ez-toc-section\" id=\"frankenjura_almanya\"><\/span><strong><strong><strong><strong>Frankenjura, Almanya<\/strong><\/strong><\/strong><\/strong><span class=\"ez-toc-section-end\"><\/span><\/h3>\n\n\n\n<figure class=\"wp-block-image size-large\"><img decoding=\"async\" src=\"https:\/\/res.cloudinary.com\/turna\/image\/upload\/v1765360338\/wordpress-contents\/t%C4%B1rman%C4%B1%C5%9F1.jpg\" alt=\"\"\/><\/figure>\n\n\n\n<p>Berlin\u2019in g\u00fcneyinde, Bavyera b\u00f6lgesinde yer alan Frankenjura; ye\u015fil vadileri, ta\u015f evli k\u00f6yleri ve yo\u011fun ormanlar\u0131yla tam bir Alman masal\u0131. Ama t\u0131rman\u0131\u015f d\u00fcnyas\u0131nda onu \u00f6zel yapan \u015fey, burada bulunan y\u00fczlerce k\u0131sa ama g\u00fc\u00e7l\u00fc rota. D\u00fcnya \u00e7ap\u0131nda efsane olmu\u015f pek \u00e7ok t\u0131rman\u0131c\u0131 burada tarih yazd\u0131.<\/p>\n\n\n\n<p>Kire\u00e7ta\u015f\u0131 kayalarda bol bol parmak cepleri g\u00f6r\u00fcrs\u00fcn\u00fcz. Bu y\u00fczden parmak g\u00fcc\u00fcn\u00fc geli\u015ftirmek isteyenlerin ilk tercihlerinden desek abartm\u0131\u015f olmay\u0131z. G\u00fcn boyu t\u0131rman\u0131p ak\u015fam k\u00fc\u00e7\u00fck bir k\u00f6y birahanesinde g\u00fczel yemeklerle g\u00fcn\u00fc kapatmak da deneyimin tatl\u0131 bir par\u00e7as\u0131.<\/p>\n\n\n\n<p>Frankenjura&#8217;n\u0131n da orijinal web sitesi <strong><a href=\"https:\/\/www.frankenjura.com\/\" target=\"_blank\" rel=\"noopener\">burada<\/a><\/strong>. Ayr\u0131nt\u0131l\u0131 bilgi edinmek istiyorsan\u0131z inceleyebilirsiniz.<\/p>\n\n\n\n<h3 class=\"wp-block-heading has-text-align-center has-neeon-button-dark-gray-color has-text-color has-link-color wp-elements-0798bb0e7465f74814ab1605e23399a7\"><span class=\"ez-toc-section\" id=\"khuiten_dagi_mogolistan\"><\/span><strong><strong><strong><strong>Khuiten Da\u011f\u0131, Mo\u011folistan\u00a0<\/strong><\/strong><\/strong><\/strong><span class=\"ez-toc-section-end\"><\/span><\/h3>\n\n\n\n<figure class=\"wp-block-image size-large\"><img decoding=\"async\" src=\"https:\/\/res.cloudinary.com\/turna\/image\/upload\/v1765360338\/wordpress-contents\/t%C4%B1rman%C4%B1%C5%9F2.jpg\" alt=\"\"\/><\/figure>\n\n\n\n<p>S\u0131radaki rota biraz daha zirve g\u00f6rmeyi sevenler i\u00e7in. Mo\u011folistan\u2019\u0131n bat\u0131s\u0131nda, \u00c7in ve Rusya s\u0131n\u0131r\u0131na yak\u0131n bir b\u00f6lgede yer alan Khuiten Da\u011f\u0131, Altay Da\u011flar\u0131\u2019n\u0131n en y\u00fcksek noktas\u0131 ve insan\u0131n kendiyle ba\u015f ba\u015fa kald\u0131\u011f\u0131 vah\u015fi bir co\u011frafya. Buradaki t\u0131rman\u0131\u015f deneyimi g\u00fcc\u00fcn yan\u0131nda dayan\u0131kl\u0131l\u0131k ve sab\u0131r gerektiriyor.<\/p>\n\n\n\n<p>Bozk\u0131rlar sonsuz bir deniz gibi uzan\u0131yor. R\u00fczgar\u0131n sesi bile burada farkl\u0131 duyuluyor. Kamp yapmak, y\u00fcr\u00fcy\u00fc\u015f yapmak ve t\u0131rmanmak. Hepsi bir b\u00fct\u00fcn olarak ruhunuzu tazeliyor. Daha \u00f6nce gitmedi\u011finiz kadar uzak ve sakin bir yer ar\u0131yorsan\u0131z, Khuiten listenizde olmal\u0131.<\/p>\n\n\n\n<h3 class=\"wp-block-heading has-text-align-center has-neeon-button-dark-gray-color has-text-color has-link-color wp-elements-284e829003fee01eba570bca872217bc\"><span class=\"ez-toc-section\" id=\"railay_beach_tayland\"><\/span><strong><strong><strong><strong>Railay Beach, Tayland<\/strong><\/strong><\/strong><\/strong><span class=\"ez-toc-section-end\"><\/span><\/h3>\n\n\n\n<figure class=\"wp-block-image size-large\"><img decoding=\"async\" src=\"https:\/\/res.cloudinary.com\/turna\/image\/upload\/v1765360339\/wordpress-contents\/Railay_Beach.jpg\" alt=\"\"\/><\/figure>\n\n\n\n<p>Railay Beach, Tayland\u2019\u0131n Krabi b\u00f6lgesinde yer al\u0131yor ve teknelerle ula\u015f\u0131labilen tropik bir cennet. Kire\u00e7ta\u015f\u0131 kayal\u0131klar\u0131, turkuaz denizi ve bembeyaz kumlar\u0131yla d\u00fcnyan\u0131n en \u00fcnl\u00fc t\u0131rman\u0131\u015f destinasyonlar\u0131ndan biri. Buradaki rotalar genelde uzun, kollar\u0131 g\u00fczel yoran ama bir o kadar keyifli hatlardan olu\u015fuyor.<\/p>\n\n\n\n<p>En g\u00fczel k\u0131sm\u0131 ise \u015fu: T\u0131rman\u0131rken aya\u011f\u0131n\u0131z\u0131n alt\u0131nda deniz uzan\u0131yor. T\u0131rman\u0131\u015f bittikten sonra kendinizi sahile b\u0131rakmak ise tarifsiz bir keyif. Hem tatil hem t\u0131rman\u0131\u015f olsun diyenlerin g\u00f6nl\u00fcnde ayr\u0131 bir yeri var.<\/p>\n\n\n\n<p>Hem yurt i\u00e7inde hem de yurt d\u0131\u015f\u0131nda, bu spora g\u00f6n\u00fcl vermi\u015f herkes i\u00e7in birbirinden g\u00fczel rotalar bulunuyor. Ama biz tekrar hat\u0131rlatal\u0131m: T\u0131rman\u0131\u015f sporu profesyonellik isteyen bir aktivite. Mutlaka yan\u0131n\u0131zda bilgili biri ve uygun ekipmanlar olmal\u0131. Onun d\u0131\u015f\u0131nda bu 10 \u00f6zel rota aras\u0131ndan hangisini se\u00e7erseniz se\u00e7in, d\u00f6n\u00fc\u015fte anlatacak \u00e7ok hikayeniz olacak. \u00c7antan\u0131z\u0131 haz\u0131rlay\u0131n, <strong><a href=\"https:\/\/www.turna.com\/ucak-bileti\">u\u00e7ak bileti<\/a><\/strong>nizi al\u0131n; Turna ile s\u0131radaki maceran\u0131n nerede ba\u015flayaca\u011f\u0131n\u0131 kim bilir?<\/p>\n\n    <div class=\"xs_social_share_widget xs_share_url after_content \t\tmain_content  wslu-style-1 wslu-share-box-shaped wslu-fill-colored wslu-none wslu-share-horizontal wslu-theme-font-no wslu-main_content\">\n\n\t\t\n        <ul>\n\t\t\t        <\/ul>\n    <\/div> \n","protected":false},"excerpt":{"rendered":"<p>T\u0131rman\u0131\u015f\u0131n en g\u00fczel yan\u0131, insan\u0131n hem kaslar\u0131n\u0131 hem de sabr\u0131n\u0131 ayn\u0131 anda s\u0131namas\u0131 san\u0131r\u0131m. Bir duvar\u0131n kar\u015f\u0131s\u0131na ge\u00e7ti\u011finizde \u00f6nce hafif bir korku, sonra tatl\u0131 bir heyecan, en sonunda da iyi ki bu sporu yap\u0131yorum hissi geliyor. E\u011fer siz de bu duyguyu tan\u0131yorsan\u0131z, do\u011fru yerdesiniz. Hem T\u00fcrkiye\u2019den hem de d\u00fcnyan\u0131n d\u00f6rt bir yan\u0131ndan en keyifli t\u0131rman\u0131\u015f [&hellip;]<\/p>\n","protected":false},"author":45,"featured_media":25500,"comment_status":"open","ping_status":"open","sticky":false,"template":"","format":"standard","meta":{"rop_custom_images_group":[],"rop_custom_messages_group":[],"rop_publish_now":"initial","rop_publish_now_accounts":[],"rop_publish_now_history":[],"rop_publish_now_status":"pending","_cloudinary_featured_overwrite":false,"footnotes":""},"categories":[110,1811,27,1839,1845,1145,1852,1855,1857,389],"tags":[5594],"class_list":["post-25484","post","type-post","status-publish","format-standard","has-post-thumbnail","hentry","category-almanya","category-antalya","category-italya","category-izmir","category-kocaeli","category-mogolistan","category-mugla","category-nigde","category-rize","category-tayland","tag-tirmanis"],"_links":{"self":[{"href":"https:\/\/www.turna.com\/blog\/wp-json\/wp\/v2\/posts\/25484","targetHints":{"allow":["GET"]}}],"collection":[{"href":"https:\/\/www.turna.com\/blog\/wp-json\/wp\/v2\/posts"}],"about":[{"href":"https:\/\/www.turna.com\/blog\/wp-json\/wp\/v2\/types\/post"}],"author":[{"embeddable":true,"href":"https:\/\/www.turna.com\/blog\/wp-json\/wp\/v2\/users\/45"}],"replies":[{"embeddable":true,"href":"https:\/\/www.turna.com\/blog\/wp-json\/wp\/v2\/comments?post=25484"}],"version-history":[{"count":0,"href":"https:\/\/www.turna.com\/blog\/wp-json\/wp\/v2\/posts\/25484\/revisions"}],"wp:featuredmedia":[{"embeddable":true,"href":"https:\/\/www.turna.com\/blog\/wp-json\/wp\/v2\/media\/25500"}],"wp:attachment":[{"href":"https:\/\/www.turna.com\/blog\/wp-json\/wp\/v2\/media?parent=25484"}],"wp:term":[{"taxonomy":"category","embeddable":true,"href":"https:\/\/www.turna.com\/blog\/wp-json\/wp\/v2\/categories?post=25484"},{"taxonomy":"post_tag","embeddable":true,"href":"https:\/\/www.turna.com\/blog\/wp-json\/wp\/v2\/tags?post=25484"}],"curies":[{"name":"wp","href":"https:\/\/api.w.org\/{rel}","templated":true}]}}