{"id":25169,"date":"2025-11-04T13:38:09","date_gmt":"2025-11-04T10:38:09","guid":{"rendered":"https:\/\/www.turna.com\/blog\/?p=25169"},"modified":"2025-11-28T17:50:49","modified_gmt":"2025-11-28T14:50:49","slug":"kasim-ayi-etkinlik-takvimi","status":"publish","type":"post","link":"https:\/\/www.turna.com\/blog\/kasim-ayi-etkinlik-takvimi","title":{"rendered":"Kas\u0131m Ay\u0131 Etkinlik Takvimi I 2025"},"content":{"rendered":"<div id=\"ez-toc-container\" class=\"ez-toc-v2_0_82_2 counter-hierarchy ez-toc-counter ez-toc-black ez-toc-container-direction\">\n<div class=\"ez-toc-title-container\">\n<p class=\"ez-toc-title\" style=\"cursor:inherit\">\u0130\u00e7indekiler<\/p>\n<span class=\"ez-toc-title-toggle\"><a href=\"#\" class=\"ez-toc-pull-right ez-toc-btn ez-toc-btn-xs ez-toc-btn-default ez-toc-toggle\" aria-label=\"\u0130\u00e7indekiler Tablosunu A\u00e7\/Kapat\"><span class=\"ez-toc-js-icon-con\"><span class=\"\"><span class=\"eztoc-hide\" style=\"display:none;\">Toggle<\/span><span class=\"ez-toc-icon-toggle-span\"><svg style=\"fill: #ffffff;color:#ffffff\" xmlns=\"http:\/\/www.w3.org\/2000\/svg\" class=\"list-377408\" width=\"20px\" height=\"20px\" viewBox=\"0 0 24 24\" fill=\"none\"><path d=\"M6 6H4v2h2V6zm14 0H8v2h12V6zM4 11h2v2H4v-2zm16 0H8v2h12v-2zM4 16h2v2H4v-2zm16 0H8v2h12v-2z\" fill=\"currentColor\"><\/path><\/svg><svg style=\"fill: #ffffff;color:#ffffff\" class=\"arrow-unsorted-368013\" xmlns=\"http:\/\/www.w3.org\/2000\/svg\" width=\"10px\" height=\"10px\" viewBox=\"0 0 24 24\" version=\"1.2\" baseProfile=\"tiny\"><path d=\"M18.2 9.3l-6.2-6.3-6.2 6.3c-.2.2-.3.4-.3.7s.1.5.3.7c.2.2.4.3.7.3h11c.3 0 .5-.1.7-.3.2-.2.3-.5.3-.7s-.1-.5-.3-.7zM5.8 14.7l6.2 6.3 6.2-6.3c.2-.2.3-.5.3-.7s-.1-.5-.3-.7c-.2-.2-.4-.3-.7-.3h-11c-.3 0-.5.1-.7.3-.2.2-.3.5-.3.7s.1.5.3.7z\"\/><\/svg><\/span><\/span><\/span><\/a><\/span><\/div>\n<nav><ul class='ez-toc-list ez-toc-list-level-1 eztoc-toggle-hide-by-default' ><li class='ez-toc-page-1 ez-toc-heading-level-2'><a class=\"ez-toc-link ez-toc-heading-1\" href=\"https:\/\/www.turna.com\/blog\/kasim-ayi-etkinlik-takvimi\/#istanbul_kasim_ayi_etkinlik_takvimi\" >\u0130stanbul Kas\u0131m Ay\u0131 Etkinlik Takvimi<\/a><ul class='ez-toc-list-level-3' ><li class='ez-toc-heading-level-3'><a class=\"ez-toc-link ez-toc-heading-2\" href=\"https:\/\/www.turna.com\/blog\/kasim-ayi-etkinlik-takvimi\/#ataturke_armagan_sarkilar\" >Atat\u00fcrk&#8217;e Arma\u011fan \u015eark\u0131lar<\/a><\/li><li class='ez-toc-page-1 ez-toc-heading-level-3'><a class=\"ez-toc-link ez-toc-heading-3\" href=\"https:\/\/www.turna.com\/blog\/kasim-ayi-etkinlik-takvimi\/#harry_potter_ve_sirlar_odasi_in_concert\" >Harry Potter ve S\u0131rlar Odas\u0131 In Concert\u00a0<\/a><\/li><li class='ez-toc-page-1 ez-toc-heading-level-3'><a class=\"ez-toc-link ez-toc-heading-4\" href=\"https:\/\/www.turna.com\/blog\/kasim-ayi-etkinlik-takvimi\/#an_epic_symphony_%e2%80%93_cem_adrian\" >An Epic Symphony &#8211; Cem Adrian\u00a0<\/a><\/li><li class='ez-toc-page-1 ez-toc-heading-level-3'><a class=\"ez-toc-link ez-toc-heading-5\" href=\"https:\/\/www.turna.com\/blog\/kasim-ayi-etkinlik-takvimi\/#7_kocali_hurmuz_muzikali\" >7 Kocal\u0131 H\u00fcrm\u00fcz M\u00fczikali<\/a><\/li><li class='ez-toc-page-1 ez-toc-heading-level-3'><a class=\"ez-toc-link ez-toc-heading-6\" href=\"https:\/\/www.turna.com\/blog\/kasim-ayi-etkinlik-takvimi\/#guldur_guldur_show\" >G\u00fcld\u00fcr G\u00fcld\u00fcr Show\u00a0<\/a><\/li><li class='ez-toc-page-1 ez-toc-heading-level-3'><a class=\"ez-toc-link ez-toc-heading-7\" href=\"https:\/\/www.turna.com\/blog\/kasim-ayi-etkinlik-takvimi\/#candan_ercetin_30_yil_konseri\" >Candan Er\u00e7etin 30. Y\u0131l Konseri\u00a0<\/a><\/li><li class='ez-toc-page-1 ez-toc-heading-level-3'><a class=\"ez-toc-link ez-toc-heading-8\" href=\"https:\/\/www.turna.com\/blog\/kasim-ayi-etkinlik-takvimi\/#baba\" >Baba<\/a><\/li><\/ul><\/li><li class='ez-toc-page-1 ez-toc-heading-level-2'><a class=\"ez-toc-link ez-toc-heading-9\" href=\"https:\/\/www.turna.com\/blog\/kasim-ayi-etkinlik-takvimi\/#ankara_kasim_ayi_etkinlik_takvimi\" >Ankara Kas\u0131m Ay\u0131 Etkinlik Takvimi<\/a><ul class='ez-toc-list-level-3' ><li class='ez-toc-heading-level-3'><a class=\"ez-toc-link ez-toc-heading-10\" href=\"https:\/\/www.turna.com\/blog\/kasim-ayi-etkinlik-takvimi\/#29_ankara_caz_festivali\" >29. Ankara Caz Festivali<\/a><\/li><li class='ez-toc-page-1 ez-toc-heading-level-3'><a class=\"ez-toc-link ez-toc-heading-11\" href=\"https:\/\/www.turna.com\/blog\/kasim-ayi-etkinlik-takvimi\/#dhafer_youssef\" >Dhafer Youssef\u00a0<\/a><\/li><li class='ez-toc-page-1 ez-toc-heading-level-3'><a class=\"ez-toc-link ez-toc-heading-12\" href=\"https:\/\/www.turna.com\/blog\/kasim-ayi-etkinlik-takvimi\/#karsu\" >Karsu<\/a><\/li><li class='ez-toc-page-1 ez-toc-heading-level-3'><a class=\"ez-toc-link ez-toc-heading-13\" href=\"https:\/\/www.turna.com\/blog\/kasim-ayi-etkinlik-takvimi\/#acik_iliski\" >A\u00e7\u0131k \u0130li\u015fki<\/a><\/li><li class='ez-toc-page-1 ez-toc-heading-level-3'><a class=\"ez-toc-link ez-toc-heading-14\" href=\"https:\/\/www.turna.com\/blog\/kasim-ayi-etkinlik-takvimi\/#etekler_ve_pantolonlar\" >Etekler ve Pantolonlar\u00a0<\/a><\/li><li class='ez-toc-page-1 ez-toc-heading-level-3'><a class=\"ez-toc-link ez-toc-heading-15\" href=\"https:\/\/www.turna.com\/blog\/kasim-ayi-etkinlik-takvimi\/#glen_hansard\" >Glen Hansard\u00a0<\/a><\/li><\/ul><\/li><li class='ez-toc-page-1 ez-toc-heading-level-2'><a class=\"ez-toc-link ez-toc-heading-16\" href=\"https:\/\/www.turna.com\/blog\/kasim-ayi-etkinlik-takvimi\/#izmir_kasim_ayi_etkinlik_takvimi\" >\u0130zmir Kas\u0131m Ay\u0131 Etkinlik Takvimi<\/a><ul class='ez-toc-list-level-3' ><li class='ez-toc-heading-level-3'><a class=\"ez-toc-link ez-toc-heading-17\" href=\"https:\/\/www.turna.com\/blog\/kasim-ayi-etkinlik-takvimi\/#kenan_dogulu\" >Kenan Do\u011fulu\u00a0<\/a><\/li><li class='ez-toc-page-1 ez-toc-heading-level-3'><a class=\"ez-toc-link ez-toc-heading-18\" href=\"https:\/\/www.turna.com\/blog\/kasim-ayi-etkinlik-takvimi\/#mabel_matiz\" >Mabel Matiz\u00a0<\/a><\/li><li class='ez-toc-page-1 ez-toc-heading-level-3'><a class=\"ez-toc-link ez-toc-heading-19\" href=\"https:\/\/www.turna.com\/blog\/kasim-ayi-etkinlik-takvimi\/#blues_on_blues\" >Blues on Blues<\/a><\/li><li class='ez-toc-page-1 ez-toc-heading-level-3'><a class=\"ez-toc-link ez-toc-heading-20\" href=\"https:\/\/www.turna.com\/blog\/kasim-ayi-etkinlik-takvimi\/#agaclar_ayakta_olur\" >A\u011fa\u00e7lar Ayakta \u00d6l\u00fcr<\/a><\/li><li class='ez-toc-page-1 ez-toc-heading-level-3'><a class=\"ez-toc-link ez-toc-heading-21\" href=\"https:\/\/www.turna.com\/blog\/kasim-ayi-etkinlik-takvimi\/#tolga_bilgin_quartet\" >Tolga Bilgin Quartet<\/a><\/li><\/ul><\/li><li class='ez-toc-page-1 ez-toc-heading-level-2'><a class=\"ez-toc-link ez-toc-heading-22\" href=\"https:\/\/www.turna.com\/blog\/kasim-ayi-etkinlik-takvimi\/#turkiye_genelinde_one_cikan_kasim_ayi_etkinlik_takvimi\" >T\u00fcrkiye Genelinde \u00d6ne \u00c7\u0131kan Kas\u0131m Ay\u0131 Etkinlik Takvimi<\/a><ul class='ez-toc-list-level-3' ><li class='ez-toc-heading-level-3'><a class=\"ez-toc-link ez-toc-heading-23\" href=\"https:\/\/www.turna.com\/blog\/kasim-ayi-etkinlik-takvimi\/#adana_%e2%80%93_adana_cocktail_festival\" >Adana &#8211; Adana Cocktail Festival\u00a0<\/a><\/li><li class='ez-toc-page-1 ez-toc-heading-level-3'><a class=\"ez-toc-link ez-toc-heading-24\" href=\"https:\/\/www.turna.com\/blog\/kasim-ayi-etkinlik-takvimi\/#antalya_%e2%80%93_anadolu_atesi\" >Antalya &#8211; Anadolu Ate\u015fi\u00a0<\/a><\/li><li class='ez-toc-page-1 ez-toc-heading-level-3'><a class=\"ez-toc-link ez-toc-heading-25\" href=\"https:\/\/www.turna.com\/blog\/kasim-ayi-etkinlik-takvimi\/#eskisehir_%e2%80%93_mor_ve_otesi\" >Eski\u015fehir &#8211; mor ve \u00f6tesi\u00a0<\/a><\/li><li class='ez-toc-page-1 ez-toc-heading-level-3'><a class=\"ez-toc-link ez-toc-heading-26\" href=\"https:\/\/www.turna.com\/blog\/kasim-ayi-etkinlik-takvimi\/#bursa_%e2%80%93_fazil_say_piyano_basinda_50_yil\" >Bursa &#8211; Faz\u0131l Say \/ Piyano Ba\u015f\u0131nda 50 Y\u0131l\u00a0<\/a><\/li><li class='ez-toc-page-1 ez-toc-heading-level-3'><a class=\"ez-toc-link ez-toc-heading-27\" href=\"https:\/\/www.turna.com\/blog\/kasim-ayi-etkinlik-takvimi\/#trabzon_%e2%80%93_eser_yenenler_ile_itiraf_et\" >Trabzon &#8211; Eser Yenenler ile \u0130tiraf Et\u00a0<\/a><\/li><\/ul><\/li><\/ul><\/nav><\/div>\n\n<p>Kas\u0131m ay\u0131 geldi\u011finde \u015fehirlerin havas\u0131 birden de\u011fi\u015fiyor. Sokaklarda hafif bir serinlik, kafelerde s\u0131cak kahve kokusu ve k\u00fclt\u00fcr-sanat\u0131n kalbini h\u0131zland\u0131ran bir hareket ba\u015fl\u0131yor. Yaz\u0131n kalabal\u0131\u011f\u0131 \u00e7ekilmi\u015f, \u015fehir kendi ritmine d\u00f6nm\u00fc\u015f oluyor. Bu d\u00f6nemde konserlerden tiyatrolara, m\u00fczikallere kadar dolu dolu bir Kas\u0131m Ay\u0131 Etkinlik Takvimi sizi bekliyor. Bu ay, sahnelerin hi\u00e7 bo\u015f kalmad\u0131\u011f\u0131 bir festival havas\u0131nda ge\u00e7ecek.<\/p>\n\n\n\n<p>Kas\u0131m, hem duygusal hem de enerjik bir ay. Bir yandan Atat\u00fcrk\u2019\u00fc anarken, bir yandan da m\u00fczikle, tiyatroyla ruhumuzu tazeliyoruz. Bu y\u0131l\u0131n Kas\u0131m Ay\u0131 Etkinlik Takvimi, birbirinden \u00f6zel performanslara ve dopdolu sahne \u015fovlar\u0131na ev sahipli\u011fi yap\u0131yor. \u201cBu ay ne yapsak?\u201d diye d\u00fc\u015f\u00fcn\u00fcyorsan\u0131z, \u00fclkemizin her k\u00f6\u015fesinde sizi bekleyen o b\u00fcy\u00fcl\u00fc etkinliklerle tan\u0131\u015fman\u0131n tam zaman\u0131. \ud83c\udfad \ud83c\udf99\ufe0f \ud83d\uddbc\ufe0f<\/p>\n\n\n\n<h2 class=\"wp-block-heading has-text-align-center has-neeon-button-dark-gray-color has-text-color has-link-color wp-elements-742b875528fc23d47529df4e62cd289b\"><span class=\"ez-toc-section\" id=\"istanbul_kasim_ayi_etkinlik_takvimi\"><\/span><strong><strong><strong><strong><strong><strong><strong>\u0130stanbul Kas\u0131m Ay\u0131 Etkinlik Takvimi<\/strong><\/strong><\/strong><\/strong><\/strong><\/strong><\/strong><span class=\"ez-toc-section-end\"><\/span><\/h2>\n\n\n\n<figure class=\"wp-block-image size-large\"><img width=\"800\" height=\"500\" data-public-id=\"mayisayietkinliktakvimi\/mayisayietkinliktakvimi.jpg\" decoding=\"async\" src=\"https:\/\/res.cloudinary.com\/turna\/images\/w_800,h_500,c_scale\/f_auto,q_auto:low\/v1746177945\/mayisayietkinliktakvimi\/mayisayietkinliktakvimi.jpg?_i=AA\" alt=\"\" class=\"wp-post-0 wp-image-23813\" data-format=\"jpg\" data-transformations=\"f_auto,q_auto:low\" data-version=\"1746177945\" data-seo=\"1\" srcset=\"https:\/\/res.cloudinary.com\/turna\/images\/f_auto,q_auto:low\/v1746177945\/mayisayietkinliktakvimi\/mayisayietkinliktakvimi.jpg?_i=AA 800w, https:\/\/res.cloudinary.com\/turna\/images\/w_300,h_188,c_scale\/f_auto,q_auto:low\/v1746177945\/mayisayietkinliktakvimi\/mayisayietkinliktakvimi.jpg?_i=AA 300w, https:\/\/res.cloudinary.com\/turna\/images\/w_672,h_420,c_scale\/f_auto,q_auto:low\/v1746177945\/mayisayietkinliktakvimi\/mayisayietkinliktakvimi.jpg?_i=AA 672w, https:\/\/res.cloudinary.com\/turna\/images\/w_640,h_400,c_scale\/f_auto,q_auto:low\/v1746177945\/mayisayietkinliktakvimi\/mayisayietkinliktakvimi.jpg?_i=AA 640w, https:\/\/res.cloudinary.com\/turna\/images\/w_681,h_426,c_scale\/f_auto,q_auto:low\/v1746177945\/mayisayietkinliktakvimi\/mayisayietkinliktakvimi.jpg?_i=AA 681w\" sizes=\"(max-width: 800px) 100vw, 800px\" \/><\/figure>\n\n\n\n<p>\u0130stanbul, Kas\u0131m ay\u0131nda bir k\u00fclt\u00fcr \u015f\u00f6lenine d\u00f6n\u00fc\u015f\u00fcyor. Her hafta, farkl\u0131 bir sahnede heyecan verici bir konser ya da tiyatro oyunu sizi bekliyor. I\u015f\u0131klar alt\u0131nda unutulmaz anlar ya\u015famak isteyen herkes i\u00e7in bu Kas\u0131m Ay\u0131 Etkinlik Takvimi, ka\u00e7\u0131r\u0131lmamas\u0131 gereken etkinliklerle dolu. <\/p>\n\n\n\n<p><strong><a href=\"https:\/\/www.turna.com\/ucak-bileti\/istanbul\">\u0130stanbul u\u00e7ak bileti<\/a><\/strong> se\u00e7eneklerini mutlaka inceleyin.<\/p>\n\n\n\n<h3 class=\"wp-block-heading has-text-align-center has-neeon-button-dark-gray-color has-text-color has-link-color wp-elements-d9799403d104bbdf3c06c0f0712db061\"><span class=\"ez-toc-section\" id=\"ataturke_armagan_sarkilar\"><\/span><strong><strong><strong><strong><strong><strong><strong>Atat\u00fcrk&#8217;e Arma\u011fan \u015eark\u0131lar<\/strong><\/strong><\/strong><\/strong><\/strong><\/strong><\/strong><span class=\"ez-toc-section-end\"><\/span><\/h3>\n\n\n\n<p>Harbiye Cemil Topuzlu A\u00e7\u0131khava Tiyatrosu\u2019nda d\u00fczenlenen bu anlaml\u0131 konser, hem duygusal hem de unutulmaz bir gece vadediyor. Cahit Berkay, Cengiz \u00d6zkan, Ceylan Ertem, Redd ve daha bir\u00e7ok de\u011ferli sanat\u00e7\u0131 ayn\u0131 sahnede bulu\u015farak Atat\u00fcrk\u2019e olan sevgilerini m\u00fczikle ifade edecek. 10 Kas\u0131m\u2019\u0131n anlam\u0131na yara\u015f\u0131r bu konser, b\u00fcy\u00fck bir anma gecesi olacak.<\/p>\n\n\n\n<p><strong>Tarih:<\/strong> 10 Kas\u0131m<\/p>\n\n\n\n<h3 class=\"wp-block-heading has-text-align-center has-neeon-button-dark-gray-color has-text-color has-link-color wp-elements-752e4bfd6bd7c928249d4f7878010496\"><span class=\"ez-toc-section\" id=\"harry_potter_ve_sirlar_odasi_in_concert\"><\/span><strong><strong><strong><strong><strong><strong><strong>Harry Potter ve S\u0131rlar Odas\u0131 In Concert\u00a0<\/strong><\/strong><\/strong><\/strong><\/strong><\/strong><\/strong><span class=\"ez-toc-section-end\"><\/span><\/h3>\n\n\n\n<p>Volkswagen Arena, bu Kas\u0131m\u2019da b\u00fcy\u00fcyle dolup ta\u015facak! Harry Potter evrenini canl\u0131 m\u00fczikle deneyimlemeye haz\u0131r olun. Film dev ekranda oynarken, senkronize \u015fekilde \u00e7al\u0131nan orkestra performans\u0131 sizi Hogwarts\u2019\u0131n mistik d\u00fcnyas\u0131na g\u00f6t\u00fcrecek. Her ya\u015f grubundan izleyicinin b\u00fcy\u00fclenece\u011fi bu etkinlikte, sihir, m\u00fczik ve sinema i\u00e7 i\u00e7e ge\u00e7iyor. Harry Potter hayran\u0131ysan\u0131z, bu b\u00fcy\u00fcleyici konseri ka\u00e7\u0131rmak istemezsiniz.<\/p>\n\n\n\n<p><strong>Tarih: <\/strong>29 Kas\u0131m<\/p>\n\n\n\n<h3 class=\"wp-block-heading has-text-align-center has-neeon-button-dark-gray-color has-text-color has-link-color wp-elements-82920f5050eb7bebdde32796dbebad5e\"><span class=\"ez-toc-section\" id=\"an_epic_symphony_%e2%80%93_cem_adrian\"><\/span><strong><strong><strong><strong><strong><strong><strong>An Epic Symphony &#8211; Cem Adrian\u00a0<\/strong><\/strong><\/strong><\/strong><\/strong><\/strong><\/strong><span class=\"ez-toc-section-end\"><\/span><\/h3>\n\n\n\n<p>Cem Adrian\u2019\u0131n sesi zaten ba\u015fl\u0131 ba\u015f\u0131na bir deneyim ama bu kez ona senfonik bir orkestra e\u015flik ediyor. Harbiye Cemil Topuzlu A\u00e7\u0131khava Tiyatrosu\u2019nda ger\u00e7ekle\u015fecek An Epic Symphony, klasik m\u00fczikle alternatif t\u0131n\u0131lar\u0131n birle\u015fti\u011fi \u00f6zel bir konser serisi. Cem Adrian\u2019\u0131n derin ve duygusal yorumuyla tan\u0131d\u0131\u011f\u0131n\u0131z \u015fark\u0131lar, orkestra ile birlikte bamba\u015fka bir hale b\u00fcr\u00fcnecek.\u00a0<\/p>\n\n\n\n<p><strong>Tarih: <\/strong>12 Kas\u0131m<\/p>\n\n\n\n<h3 class=\"wp-block-heading has-text-align-center has-neeon-button-dark-gray-color has-text-color has-link-color wp-elements-157b6e3d0d8244e13e4483e27461157c\"><span class=\"ez-toc-section\" id=\"7_kocali_hurmuz_muzikali\"><\/span><strong><strong><strong><strong><strong><strong><strong>7 Kocal\u0131 H\u00fcrm\u00fcz M\u00fczikali<\/strong><\/strong><\/strong><\/strong><\/strong><\/strong><\/strong><span class=\"ez-toc-section-end\"><\/span><\/h3>\n\n\n\n<p>T\u00fcrk tiyatrosunun efsane eserlerinden biri olan 7 Kocal\u0131 H\u00fcrm\u00fcz, bu Kas\u0131m\u2019da yeniden sahnede. L\u00fctfi K\u0131rdar Anadolu Auditorium\u2019da izleyiciyle bulu\u015facak m\u00fczikalde, M\u00fcjdat Gezen, \u00c7a\u011fla \u015eikel, G\u00fcnay Karacao\u011flu ve usta isimler rol al\u0131yor. E\u011flence, m\u00fczik ve kahkahan\u0131n i\u00e7 i\u00e7e ge\u00e7ti\u011fi bu klasik eser, geleneksel T\u00fcrk tiyatrosunun t\u00fcm renklerini modern bir yorumla sahneye ta\u015f\u0131yor.&nbsp;<\/p>\n\n\n\n<p><strong>Tarih: <\/strong>8-9-23-26 Kas\u0131m<\/p>\n\n\n\n<h3 class=\"wp-block-heading has-text-align-center has-neeon-button-dark-gray-color has-text-color has-link-color wp-elements-4040448c11bc8774e3746ea19efeb940\"><span class=\"ez-toc-section\" id=\"guldur_guldur_show\"><\/span><strong><strong><strong><strong><strong><strong><strong>G\u00fcld\u00fcr G\u00fcld\u00fcr Show\u00a0<\/strong><\/strong><\/strong><\/strong><\/strong><\/strong><\/strong><span class=\"ez-toc-section-end\"><\/span><\/h3>\n\n\n\n<p>Televizyon ekranlar\u0131nda kahkahaya bo\u011fan G\u00fcld\u00fcr G\u00fcld\u00fcr Show, bu kez canl\u0131 performans\u0131yla sahnede. Maximum UNIQ Hall\u2019da ger\u00e7ekle\u015fecek g\u00f6steride sevilen karakterler, yepyeni ske\u00e7lerle izleyiciyi kahkaha krizine sokacak. G\u00fcnl\u00fck hayat\u0131n komik y\u00f6nlerini zekice g\u00f6steren kadro, enerjisiyle yine salonu dolduracak.<\/p>\n\n\n\n<p><strong>Tarih: <\/strong>22 Kas\u0131m<\/p>\n\n\n\n<h3 class=\"wp-block-heading has-text-align-center has-neeon-button-dark-gray-color has-text-color has-link-color wp-elements-b4204157d34d5167c5e43035a1f51d8c\"><span class=\"ez-toc-section\" id=\"candan_ercetin_30_yil_konseri\"><\/span><strong><strong><strong><strong><strong><strong><strong>Candan Er\u00e7etin 30. Y\u0131l Konseri\u00a0<\/strong><\/strong><\/strong><\/strong><\/strong><\/strong><\/strong><span class=\"ez-toc-section-end\"><\/span><\/h3>\n\n\n\n<p>T\u00fcrk m\u00fczi\u011finin en \u00f6zel seslerinden biri olan Candan Er\u00e7etin, sanat hayat\u0131n\u0131n 30. y\u0131l\u0131n\u0131 Zorlu PSM Turkcell Sahnesi\u2019nde kutluyor. Klasikle\u015fmi\u015f \u015fark\u0131lar\u0131n\u0131 canl\u0131 dinlemek, hem nostaljik hem de b\u00fcy\u00fcleyici bir deneyim olacak. Orkestrayla haz\u0131rlanan \u00f6zel sahne d\u00fczeni ve Candan Er\u00e7etin\u2019in zarif yorumuyla bu konser, Kas\u0131m ay\u0131n\u0131n en duygusal gecelerinden biri olacak.<\/p>\n\n\n\n<p><strong>Tarih: <\/strong>21 Kas\u0131m<\/p>\n\n\n\n<h3 class=\"wp-block-heading has-text-align-center has-neeon-button-dark-gray-color has-text-color has-link-color wp-elements-9c44e9c50e4dbbfae48d4052c309c3f3\"><span class=\"ez-toc-section\" id=\"baba\"><\/span><strong><strong><strong><strong><strong><strong><strong>Baba<\/strong><\/strong><\/strong><\/strong><\/strong><\/strong><\/strong><span class=\"ez-toc-section-end\"><\/span><\/h3>\n\n\n\n<p>Usta oyuncular \u00d6zlem Zeynep Dinsel ve Haluk Bilginer\u2019in sahneye ta\u015f\u0131d\u0131\u011f\u0131 Baba, izleyen herkesin kalbine dokunan g\u00fc\u00e7l\u00fc bir tiyatro oyunu. Alzheimer hastal\u0131\u011f\u0131yla m\u00fccadele eden bir baban\u0131n, zamanla de\u011fi\u015fen ger\u00e7eklik alg\u0131s\u0131n\u0131 konu alan oyun; hem duygusal hem de d\u00fc\u015f\u00fcnd\u00fcr\u00fcc\u00fc. Ger\u00e7ek bir oyunculuk \u015f\u00f6leni izlemek isteyen tiyatroseverler i\u00e7in Kas\u0131m ay\u0131n\u0131n ka\u00e7\u0131r\u0131lmamas\u0131 gereken etkinliklerinden biri.<\/p>\n\n\n\n<p><strong>Tarih: <\/strong>14 Kas\u0131m<\/p>\n\n\n\n<h2 class=\"wp-block-heading has-text-align-center has-neeon-button-dark-gray-color has-text-color has-link-color wp-elements-d8b5e3e12b332a7e8bc7daa0f0d4918b\"><span class=\"ez-toc-section\" id=\"ankara_kasim_ayi_etkinlik_takvimi\"><\/span><strong><strong><strong><strong><strong><strong><strong>Ankara Kas\u0131m Ay\u0131 Etkinlik Takvimi<\/strong><\/strong><\/strong><\/strong><\/strong><\/strong><\/strong><span class=\"ez-toc-section-end\"><\/span><\/h2>\n\n\n\n<figure class=\"wp-block-image size-large\"><img decoding=\"async\" src=\"https:\/\/res.cloudinary.com\/turna\/image\/upload\/v1751362042\/wordpress-contents\/temmuz_etkinlik_takvimi.jpg2.jpg\" alt=\"\"\/><\/figure>\n\n\n\n<p>Kas\u0131m ay\u0131nda Ankara da bamba\u015fka bir hal al\u0131yor. \u015eehrin serin havas\u0131 ve \u0131\u015f\u0131klar\u0131yla dolu k\u00fclt\u00fcr merkezleri, sanatla bir atmosfere b\u00fcr\u00fcn\u00fcyor. Konserler, tiyatrolar, festivaller\u2026 Hepsi arka arkaya s\u0131ralan\u0131yor ve insan\u0131n i\u00e7ini k\u0131p\u0131r k\u0131p\u0131r ediyor. Bu y\u0131l\u0131n Kas\u0131m Ay\u0131 Etkinlik Takvimi, bu ruhu yans\u0131t\u0131yor. Ba\u015fkent, m\u00fczikten tiyatroya uzanan dopdolu bir programla, sizi sanata doyurmaya haz\u0131rlan\u0131yor. Renkli etkinliklere kat\u0131lmak i\u00e7in <strong><a href=\"https:\/\/www.turna.com\/ucak-bileti\/ankara\">Ankara u\u00e7ak bileti<\/a> <\/strong>se\u00e7eneklerini incelemeyi unutmay\u0131n.<\/p>\n\n\n\n<h3 class=\"wp-block-heading has-text-align-center has-neeon-button-dark-gray-color has-text-color has-link-color wp-elements-466d9cceeaf86bdb1fb5ef1416d26600\"><span class=\"ez-toc-section\" id=\"29_ankara_caz_festivali\"><\/span><strong><strong><strong><strong><strong><strong><strong>29. Ankara Caz Festivali<\/strong><\/strong><\/strong><\/strong><\/strong><\/strong><\/strong><span class=\"ez-toc-section-end\"><\/span><\/h3>\n\n\n\n<p>Ankara\u2019n\u0131n klasikle\u015fmi\u015f etkinliklerinden biri olan Caz Festivali, bu y\u0131l 29. kez m\u00fczikseverlerle bulu\u015fuyor. \u015eehrin d\u00f6rt bir yan\u0131nda, birbirinden \u00f6zel mekanlarda d\u00fczenlenecek konserlerle dolu bu festival, bir caz \u015f\u00f6leni olacak. Hem usta isimleri hem de gen\u00e7 yetenekleri ayn\u0131 sahnede izleme f\u0131rsat\u0131 bulaca\u011f\u0131n\u0131z festival boyunca, ruhunuzu dinlendiren t\u0131n\u0131lara kendinizi b\u0131rakabilirsiniz. S\u0131cac\u0131k salonlarda, nefis caz ezgileriyle dolu bir ak\u015fam ge\u00e7irmek isterseniz, ajandan\u0131za \u015fimdiden not al\u0131n.<\/p>\n\n\n\n<p><strong>Tarih: <\/strong>13-30 Kas\u0131m<\/p>\n\n\n\n<h3 class=\"wp-block-heading has-text-align-center has-neeon-button-dark-gray-color has-text-color has-link-color wp-elements-d0207b8c29164cbffb8de8f767d38a83\"><span class=\"ez-toc-section\" id=\"dhafer_youssef\"><\/span><strong><strong><strong><strong><strong><strong><strong>Dhafer Youssef\u00a0<\/strong><\/strong><\/strong><\/strong><\/strong><\/strong><\/strong><span class=\"ez-toc-section-end\"><\/span><\/h3>\n\n\n\n<p>Tunuslu m\u00fczisyen Dhafer Youssef, s\u0131ra d\u0131\u015f\u0131 sesi ve ud performans\u0131yla m\u00fczi\u011fe mistik bir boyut kat\u0131yor. CSO Ada Ankara sahnesinde ger\u00e7ekle\u015fecek bu konserde, do\u011fu ezgileriyle bat\u0131 armonilerinin b\u00fcy\u00fcleyici bir uyumuna tan\u0131k olacaks\u0131n\u0131z. Youssef\u2019in sahnesi, hem ruhu dinlendiren hem de ilham veren t\u00fcrden.&nbsp;<\/p>\n\n\n\n<p><strong>Tarih: <\/strong>5 Kas\u0131m<\/p>\n\n\n\n<h3 class=\"wp-block-heading has-text-align-center has-neeon-button-dark-gray-color has-text-color has-link-color wp-elements-87ea89341e213b7e2c7c323e3a19a8f2\"><span class=\"ez-toc-section\" id=\"karsu\"><\/span><strong><strong><strong><strong><strong><strong>Karsu<\/strong><\/strong><\/strong><\/strong><\/strong><\/strong><span class=\"ez-toc-section-end\"><\/span><\/h3>\n\n\n\n<p>Karsu, kendine \u00f6zg\u00fc tarz\u0131 ve enerjisiyle Ankara seyircisini b\u00fcy\u00fclemeye geliyor. Caz, pop ve T\u00fcrk m\u00fczi\u011fini harmanlad\u0131\u011f\u0131 par\u00e7alar\u0131yla tan\u0131nan sanat\u00e7\u0131, sahne performans\u0131nda hem enerjik hem de duygusal anlar ya\u015fat\u0131yor. Congresium Ankara\u2019daki bu konser, Karsu\u2019nun zarif sesi ve piyanoda yaratt\u0131\u011f\u0131 muhte\u015fem atmosferle birle\u015fince unutulmaz bir ak\u015fama d\u00f6n\u00fc\u015fecek.&nbsp;<\/p>\n\n\n\n<p><strong>Tarih: <\/strong>8 Kas\u0131m<\/p>\n\n\n\n<h3 class=\"wp-block-heading has-text-align-center has-neeon-button-dark-gray-color has-text-color has-link-color wp-elements-f604feb08ebd626953e00a0bff2fe408\"><span class=\"ez-toc-section\" id=\"acik_iliski\"><\/span><strong><strong><strong><strong><strong><strong><strong>A\u00e7\u0131k \u0130li\u015fki<\/strong><\/strong><\/strong><\/strong><\/strong><\/strong><\/strong><span class=\"ez-toc-section-end\"><\/span><\/h3>\n\n\n\n<p>Mert F\u0131rat ve Binnur Kaya\u2019y\u0131 ayn\u0131 sahnede g\u00f6rmek bile ba\u015fl\u0131 ba\u015f\u0131na bir sebep. A\u00e7\u0131k \u0130li\u015fki, mizah\u0131 zekice kullanan, ili\u015fkilerdeki karma\u015fay\u0131 e\u011flenceli bir dille ele alan bir oyun. G\u00fcl\u00fcmsetirken d\u00fc\u015f\u00fcnd\u00fcren yap\u0131s\u0131yla seyirciyi i\u00e7ine \u00e7ekiyor. Usta oyunculuklar\u0131n, keyifli diyaloglar\u0131n ve bol bol kahkahan\u0131n bir araya geldi\u011fi bu oyun, tiyatro severlerin Kas\u0131m ay\u0131nda mutlaka g\u00f6rmesi gereken yap\u0131mlardan biri.<\/p>\n\n\n\n<p><strong>Tarih: <\/strong>6 Kas\u0131m<\/p>\n\n\n\n<h3 class=\"wp-block-heading has-text-align-center has-neeon-button-dark-gray-color has-text-color has-link-color wp-elements-5f29a5bfe57b2248de9185c4839f288a\"><span class=\"ez-toc-section\" id=\"etekler_ve_pantolonlar\"><\/span><strong><strong><strong><strong><strong><strong><strong>Etekler ve Pantolonlar\u00a0<\/strong><\/strong><\/strong><\/strong><\/strong><\/strong><\/strong><span class=\"ez-toc-section-end\"><\/span><\/h3>\n\n\n\n<p>Nurseli \u0130diz, Nergis Kumbasar ve Kimya G\u00f6k\u00e7e Ayta\u00e7 gibi g\u00fc\u00e7l\u00fc oyuncular\u0131 bir araya getiren Etekler ve Pantolonlar, kad\u0131nlar\u0131n toplumdaki rolleri, \u00f6zg\u00fcrl\u00fckleri ve de\u011fi\u015fen de\u011ferler \u00fczerine dokunakl\u0131 ama bir o kadar da esprili bir bak\u0131\u015f sunuyor. Her performans\u0131nda b\u00fcy\u00fck be\u011feni toplayan bu oyun, 7 sezondur sahnelendi\u011fi her yerde seyirciyle g\u00fc\u00e7l\u00fc bir ba\u011f kurmay\u0131 ba\u015far\u0131yor.<\/p>\n\n\n\n<p><strong>Tarih: <\/strong>6-18-26 Kas\u0131m<\/p>\n\n\n\n<h3 class=\"wp-block-heading has-text-align-center has-neeon-button-dark-gray-color has-text-color has-link-color wp-elements-3b8785dcb6074a5e7a8cff9179ab0705\"><span class=\"ez-toc-section\" id=\"glen_hansard\"><\/span><strong><strong><strong><strong><strong><strong><strong>Glen Hansard\u00a0<\/strong><\/strong><\/strong><\/strong><\/strong><\/strong><\/strong><span class=\"ez-toc-section-end\"><\/span><\/h3>\n\n\n\n<p>Kas\u0131m Ay\u0131 Etkinlik Takvimi listemizde \u00f6d\u00fcll\u00fc bir m\u00fczisyen! Oscar \u00f6d\u00fcll\u00fc m\u00fczisyen Glen Hansard, sade ama etkileyici performans\u0131yla Ankara seyircisini b\u00fcy\u00fcleyecek. Duygusal \u015fark\u0131 s\u00f6zleri, akustik gitar t\u0131n\u0131lar\u0131 ve i\u00e7ten sahne enerjisiyle tan\u0131nan Hansard, MEB \u015eura Salonu\u2019nda sahne alacak. Samimi atmosferiyle Kas\u0131m ay\u0131n\u0131n en \u00f6zel konserlerinden biri olmaya aday.<\/p>\n\n\n\n<p><strong>Tarih: <\/strong>13 Kas\u0131m<\/p>\n\n\n\n<h2 class=\"wp-block-heading has-text-align-center has-neeon-button-dark-gray-color has-text-color has-link-color wp-elements-eba03176161cab9468b38d33aceccbf8\"><span class=\"ez-toc-section\" id=\"izmir_kasim_ayi_etkinlik_takvimi\"><\/span><strong><strong><strong><strong><strong><strong><strong>\u0130zmir Kas\u0131m Ay\u0131 Etkinlik Takvimi<\/strong><\/strong><\/strong><\/strong><\/strong><\/strong><\/strong><span class=\"ez-toc-section-end\"><\/span><\/h2>\n\n\n\n<figure class=\"wp-block-image size-large\"><img decoding=\"async\" src=\"https:\/\/res.cloudinary.com\/turna\/image\/upload\/v1751362042\/wordpress-contents\/temmuz_etkinlik_takvimi.jpg3.jpg\" alt=\"\"\/><\/figure>\n\n\n\n<p>Kas\u0131m ay\u0131 \u0130zmir\u2019e hep yak\u0131\u015f\u0131yor. Havan\u0131n serinlemeye ba\u015flad\u0131\u011f\u0131 ama enerjinin hi\u00e7 azalmad\u0131\u011f\u0131 bu d\u00f6nemde \u015fehir, m\u00fczikle, tiyatroyla ve kahkahayla dolup ta\u015f\u0131yor. Bu y\u0131l\u0131n \u0130zmir Kas\u0131m Ay\u0131 Etkinlik Takvimi de yine harika bir ruh ta\u015f\u0131yor: S\u0131cac\u0131k melodiler, unutulmaz konserler ve kaliteli tiyatro g\u00f6sterileriyle dolu. Bu ay \u0130zmir\u2019de can\u0131m s\u0131k\u0131l\u0131yor deme ihtimaliniz s\u0131f\u0131r! T\u00fcm bu etkinlikleri yerinde takip etmek i\u00e7in bir <strong><a href=\"https:\/\/www.turna.com\/ucak-bileti\/izmir\">\u0130zmir u\u00e7ak bileti<\/a><\/strong> yeterli.<\/p>\n\n\n\n<h3 class=\"wp-block-heading has-text-align-center has-neeon-button-dark-gray-color has-text-color has-link-color wp-elements-bc3dc5a902a83605b467c5fd53fc37bf\"><span class=\"ez-toc-section\" id=\"kenan_dogulu\"><\/span><strong><strong><strong><strong><strong><strong><strong>Kenan Do\u011fulu\u00a0<\/strong><\/strong><\/strong><\/strong><\/strong><\/strong><\/strong><span class=\"ez-toc-section-end\"><\/span><\/h3>\n\n\n\n<p>Kas\u0131m ay\u0131na enerjik bir ba\u015flang\u0131\u00e7 yapmaya haz\u0131r olun. Kenan Do\u011fulu, \u0130zmir sahnesine her zamanki pozitif enerjisiyle \u00e7\u0131k\u0131yor. Dans ettiren \u015fark\u0131lar\u0131, sahnedeki s\u0131cak tavr\u0131 ve muhte\u015fem orkestras\u0131yla bu konser tam bir enerji patlamas\u0131 olacak. Hava biraz serin olabilir ama emin olun, Kenan Do\u011fulu sahnesinde \u00fc\u015f\u00fcme ihtimaliniz yok.<\/p>\n\n\n\n<p><strong>Tarih:<\/strong> 5 Kas\u0131m<\/p>\n\n\n\n<h3 class=\"wp-block-heading has-text-align-center has-neeon-button-dark-gray-color has-text-color has-link-color wp-elements-eb9ba68f011afc2e8f2f63218d12a8ea\"><span class=\"ez-toc-section\" id=\"mabel_matiz\"><\/span><strong><strong><strong><strong><strong><strong><strong>Mabel Matiz\u00a0<\/strong><\/strong><\/strong><\/strong><\/strong><\/strong><\/strong><span class=\"ez-toc-section-end\"><\/span><\/h3>\n\n\n\n<p>\u0130zmir gecelerine duygusunu katan bir isim varsa, o da Mabel Matiz\u2019dir. Kendine \u00f6zg\u00fc tarz\u0131, sahne karizmas\u0131 ve vokal g\u00fcc\u00fcyle Mabel, 7 Kas\u0131m ak\u015fam\u0131 Bornova A\u015f\u0131k Veysel A\u00e7\u0131khava Tiyatrosu\u2019nu b\u00fcy\u00fcl\u00fc bir atmosfere d\u00f6n\u00fc\u015ft\u00fcrecek. Binlerce ki\u015fiyle birlikte ayn\u0131 duyguyu payla\u015fman\u0131n keyfini \u00e7\u0131karabilirsiniz. \u0130zmir\u2019in romantik r\u00fczgar\u0131, Mabel\u2019in sesiyle birle\u015fince ortaya unutulmaz bir gece \u00e7\u0131kacak.<\/p>\n\n\n\n<p><strong>Tarih:<\/strong> 7 Kas\u0131m<\/p>\n\n\n\n<h3 class=\"wp-block-heading has-text-align-center has-neeon-button-dark-gray-color has-text-color has-link-color wp-elements-38647ac39d0f2fe687a73ac1b37d1850\"><span class=\"ez-toc-section\" id=\"blues_on_blues\"><\/span><strong><strong><strong><strong><strong><strong><strong>Blues on Blues<\/strong><\/strong><\/strong><\/strong><\/strong><\/strong><\/strong><span class=\"ez-toc-section-end\"><\/span><\/h3>\n\n\n\n<p>Blues severler buraya! \u0130zmir\u2019in en keyifli noktalar\u0131ndan biri olan Konak Vapur \u0130skelesi, bu kez efsane grup The Old Ramblers\u2019\u0131 a\u011f\u0131rl\u0131yor. Denizin hemen kenar\u0131nda, g\u00fcn bat\u0131m\u0131na kar\u015f\u0131 canl\u0131 blues performans\u0131 dinlemek; kula\u011fa m\u00fcthi\u015f gelmiyor mu? Grubun klasikle\u015fmi\u015f par\u00e7alar\u0131 ve do\u011fa\u00e7lama performanslar\u0131yla dolu bu ak\u015fam, hem m\u00fczikal anlamda doyurucu hem de atmosfer olarak tam bir \u0130zmir klasi\u011fi olacak.&nbsp;<\/p>\n\n\n\n<p><strong>Tarih:<\/strong> 15 Kas\u0131m<\/p>\n\n\n\n<h3 class=\"wp-block-heading has-text-align-center has-neeon-button-dark-gray-color has-text-color has-link-color wp-elements-c54f76f87d0ad7cfceaa310d7e8e9927\"><span class=\"ez-toc-section\" id=\"agaclar_ayakta_olur\"><\/span><strong><strong><strong><strong><strong><strong><strong>A\u011fa\u00e7lar Ayakta \u00d6l\u00fcr<\/strong><\/strong><\/strong><\/strong><\/strong><\/strong><\/strong><span class=\"ez-toc-section-end\"><\/span><\/h3>\n\n\n\n<p>\u0130spanyol yazar Alejandro Casona\u2019n\u0131n d\u00fcnya klasiklerinden biri olan bu duygusal komedi, tiyatro sahnesinde bamba\u015fka bir tat b\u0131rak\u0131yor. Usta oyuncu Nevra Serezli\u2019nin ba\u015frol\u00fcnde oldu\u011fu A\u011fa\u00e7lar Ayakta \u00d6l\u00fcr, hem i\u00e7 \u0131s\u0131tan hem d\u00fc\u015f\u00fcnd\u00fcren bir hikayeye sahip. Aile ba\u011flar\u0131, \u00f6zlemler ve insan\u0131n i\u00e7indeki sevgiye dair dokunakl\u0131 mesajlarla dolu bu oyun, Kas\u0131m ay\u0131nda izleyenlerin kalbine dokunacak.&nbsp;<\/p>\n\n\n\n<p><strong>Tarih:<\/strong> 11 Kas\u0131m<\/p>\n\n\n\n<h3 class=\"wp-block-heading has-text-align-center has-neeon-button-dark-gray-color has-text-color has-link-color wp-elements-bd1324e830c2f6f3661a174ad2bd87a8\"><span class=\"ez-toc-section\" id=\"tolga_bilgin_quartet\"><\/span><strong><strong><strong><strong><strong><strong><strong>Tolga Bilgin Quartet<\/strong><\/strong><\/strong><\/strong><\/strong><\/strong><\/strong><span class=\"ez-toc-section-end\"><\/span><\/h3>\n\n\n\n<p>Caz tutkunlar\u0131 i\u00e7in Kas\u0131m ay\u0131n\u0131n en keyifli ak\u015famlar\u0131ndan biri olmaya aday! Tolga Bilgin Quartet, \u0130zmir\u2019in en zarif mekanlar\u0131ndan BonVivant Pasaport Teras\u2019ta sahne al\u0131yor. Deniz manzaras\u0131na kar\u015f\u0131 i\u00e7ece\u011finizi yudumlarken, trompetin s\u0131cak sesi ve grubun do\u011fa\u00e7lama ritimleriyle mest olacaks\u0131n\u0131z. Samimi bir atmosferde, kaliteli m\u00fczi\u011fin tad\u0131n\u0131 doyas\u0131ya \u00e7\u0131karabilece\u011finiz bu etkinlik, hafta sonuna huzurlu bir mola vermenin en g\u00fczel yolu.<\/p>\n\n\n\n<p><strong>Tarih:<\/strong> 15 Kas\u0131m<\/p>\n\n\n\n<h2 class=\"wp-block-heading has-text-align-center has-neeon-button-dark-gray-color has-text-color has-link-color wp-elements-afaa40eec7c8750259b15061956de441\"><span class=\"ez-toc-section\" id=\"turkiye_genelinde_one_cikan_kasim_ayi_etkinlik_takvimi\"><\/span><strong><strong><strong><strong><strong><strong><strong>T\u00fcrkiye Genelinde \u00d6ne \u00c7\u0131kan Kas\u0131m Ay\u0131 Etkinlik Takvimi<\/strong><\/strong><\/strong><\/strong><\/strong><\/strong><\/strong><span class=\"ez-toc-section-end\"><\/span><\/h2>\n\n\n\n<figure class=\"wp-block-image size-large\"><img decoding=\"async\" src=\"https:\/\/res.cloudinary.com\/turna\/image\/upload\/v1751362042\/wordpress-contents\/temmuz_etkinlik_takvimi1.jpg\" alt=\"\"\/><\/figure>\n\n\n\n<h3 class=\"wp-block-heading has-text-align-center has-neeon-button-dark-gray-color has-text-color has-link-color wp-elements-a53480bc0732ae1913a08e450c6adc66\"><span class=\"ez-toc-section\" id=\"adana_%e2%80%93_adana_cocktail_festival\"><\/span><strong><strong><strong><strong><strong><strong><strong>Adana &#8211; Adana Cocktail Festival\u00a0<\/strong><\/strong><\/strong><\/strong><\/strong><\/strong><\/strong><span class=\"ez-toc-section-end\"><\/span><\/h3>\n\n\n\n<p>Kas\u0131m Ay\u0131 Etkinlik Takvimi listemizde, Adana bu kez kebab\u0131yla de\u011fil, e\u011flencesiyle g\u00fcndemde. Adana HiltonSA\u2019da d\u00fczenlenecek Adana Cocktail Festival, hem m\u00fczik hem de lezzet dolu bir hafta sonu vaat ediyor. Aleyna Tilki, Emir Yarg\u0131n ve Enzo Siffredi gibi isimlerin sahne alaca\u011f\u0131 festivalde, renkli barlar, \u00f6zel kokteyller ve bolca dans sizi bekliyor.\u00a0<\/p>\n\n\n\n<p><strong>Tarih: <\/strong>8-9 Kas\u0131m&nbsp;<\/p>\n\n\n\n<h3 class=\"wp-block-heading has-text-align-center has-neeon-button-dark-gray-color has-text-color has-link-color wp-elements-ba3c7372def47e6aea2f09639f9c7d56\"><span class=\"ez-toc-section\" id=\"antalya_%e2%80%93_anadolu_atesi\"><\/span><strong><strong><strong><strong><strong><strong><strong>Antalya &#8211; Anadolu Ate\u015fi\u00a0<\/strong><\/strong><\/strong><\/strong><\/strong><\/strong><\/strong><span class=\"ez-toc-section-end\"><\/span><\/h3>\n\n\n\n<p>Antalya, Kas\u0131m ay\u0131nda sahnede yine b\u00fcy\u00fcl\u00fcyor. Tarihi Aspendos Antik Tiyatro\u2019nun etkileyici atmosferinde izleyiciyle bulu\u015facak Anadolu Ate\u015fi, dans\u0131n ve m\u00fczi\u011fin birle\u015fti\u011fi destans\u0131 bir g\u00f6steri sunuyor. T\u00fcrk k\u00fclt\u00fcr\u00fcnden esinlenen bu koreografiler, hem ritim hem duygu a\u00e7\u0131s\u0131ndan izleyenleri b\u00fcy\u00fcl\u00fcyor.&nbsp;<\/p>\n\n\n\n<p><strong>Tarih: <\/strong>4-11 Kas\u0131m<\/p>\n\n\n\n<h3 class=\"wp-block-heading has-text-align-center has-neeon-button-dark-gray-color has-text-color has-link-color wp-elements-f4d05b32947d66669693a55cdcc9138a\"><span class=\"ez-toc-section\" id=\"eskisehir_%e2%80%93_mor_ve_otesi\"><\/span><strong><strong><strong><strong><strong><strong><strong>Eski\u015fehir &#8211; mor ve \u00f6tesi\u00a0<\/strong><\/strong><\/strong><\/strong><\/strong><\/strong><\/strong><span class=\"ez-toc-section-end\"><\/span><\/h3>\n\n\n\n<p>Rock m\u00fczi\u011fin en g\u00fc\u00e7l\u00fc isimlerinden mor ve \u00f6tesi, Kas\u0131m ay\u0131nda Eski\u015fehir sahnesini sallamaya geliyor. Grubun efsanele\u015fmi\u015f \u015fark\u0131lar\u0131n\u0131 binlerce ki\u015fiyle hep bir a\u011f\u0131zdan s\u00f6ylemek, enerjisi y\u00fcksek bir ak\u015fam ge\u00e7irmek isteyenler i\u00e7in ka\u00e7\u0131r\u0131lmayacak bir konser. Hem nostaljiye hem de co\u015fkuya doyaca\u011f\u0131n\u0131z bu gece, Eski\u015fehir\u2019in Kas\u0131m ay\u0131na damga vuracak.<\/p>\n\n\n\n<p><strong>Tarih: <\/strong>15 Kas\u0131m<\/p>\n\n\n\n<h3 class=\"wp-block-heading has-text-align-center has-neeon-button-dark-gray-color has-text-color has-link-color wp-elements-b065c9ffb5d4ea75a1ee714b62df551b\"><span class=\"ez-toc-section\" id=\"bursa_%e2%80%93_fazil_say_piyano_basinda_50_yil\"><\/span><strong><strong><strong><strong><strong><strong><strong>Bursa &#8211; Faz\u0131l Say \/ Piyano Ba\u015f\u0131nda 50 Y\u0131l\u00a0<\/strong><\/strong><\/strong><\/strong><\/strong><\/strong><\/strong><span class=\"ez-toc-section-end\"><\/span><\/h3>\n\n\n\n<p>T\u00fcrkiye\u2019nin d\u00fcnyaca \u00fcnl\u00fc piyanisti Faz\u0131l Say, sanat hayat\u0131n\u0131n 50. y\u0131l\u0131n\u0131 Bursa\u2019da kutluyor. Tayyare K\u00fclt\u00fcr Merkezi\u2019nde ger\u00e7ekle\u015fecek bu \u00f6zel konserde, Say\u2019\u0131n b\u00fcy\u00fcleyici piyano performans\u0131na tan\u0131kl\u0131k edeceksiniz. Klasik m\u00fczi\u011fi bamba\u015fka bir dille yorumlayan sanat\u00e7\u0131n\u0131n repertuvar\u0131nda hem klasik eserler hem de kendi besteleri yer alacak.\u00a0Bu e\u015fsiz konser kesinlikle Kas\u0131m Ay\u0131 Etkinlik Takvimi&#8217;nde \u00f6ne \u00e7\u0131k\u0131yor.<\/p>\n\n\n\n<p><strong>Tarih: <\/strong>15 Kas\u0131m<\/p>\n\n\n\n<h3 class=\"wp-block-heading has-text-align-center has-neeon-button-dark-gray-color has-text-color has-link-color wp-elements-0c42c8b7b772d443dcdc06d713e192c5\"><span class=\"ez-toc-section\" id=\"trabzon_%e2%80%93_eser_yenenler_ile_itiraf_et\"><\/span><strong><strong><strong><strong><strong><strong><strong>Trabzon &#8211; Eser Yenenler ile \u0130tiraf Et\u00a0<\/strong><\/strong><\/strong><\/strong><\/strong><\/strong><\/strong><span class=\"ez-toc-section-end\"><\/span><\/h3>\n\n\n\n<p>Kas\u0131m ay\u0131nda kahkaha garantili bir ak\u015fam ar\u0131yorsan\u0131z, rotan\u0131z\u0131 Trabzon\u2019a \u00e7evirebilirsiniz. Eser Yenenler ile \u0130tiraf Et, izleyiciyle interaktif bir \u015fekilde bulu\u015fan, bol kahkahal\u0131 bir stand-up g\u00f6sterisi. G\u00fcnl\u00fck hayat\u0131n i\u00e7inden gelen espriler, samimi sohbet havas\u0131 ve Eser Yenenler\u2019in do\u011fal enerjisiyle dolu bu performans, Karadeniz seyircisini g\u00fclmekten k\u0131r\u0131p ge\u00e7irecek.<\/p>\n\n\n\n<p><strong>Tarih: <\/strong>19 Kas\u0131m \u00c7ar<\/p>\n\n\n\n<p>Kas\u0131m Ay\u0131 Etkinlik Takvimi yard\u0131m\u0131yla etkinli\u011finizi se\u00e7in ve Turna&#8217;dan <strong><a href=\"https:\/\/www.turna.com\/ucak-bileti\">u\u00e7ak bileti<\/a><\/strong>, <strong><a href=\"https:\/\/www.turna.com\/otobus-bileti\">otob\u00fcs bileti<\/a><\/strong> ve <strong><a href=\"https:\/\/www.turna.com\/otel\">otel rezervasyonu<\/a><\/strong> se\u00e7eneklerini inceleyin; kolayca tatilinizi planlay\u0131n. Turna her zaman yan\u0131n\u0131zda, siz sadece e\u011flencenin tad\u0131n\u0131 \u00e7\u0131kar\u0131n! \ud83d\udc99<\/p>\n\n    <div class=\"xs_social_share_widget xs_share_url after_content \t\tmain_content  wslu-style-1 wslu-share-box-shaped wslu-fill-colored wslu-none wslu-share-horizontal wslu-theme-font-no wslu-main_content\">\n\n\t\t\n        <ul>\n\t\t\t        <\/ul>\n    <\/div> \n","protected":false},"excerpt":{"rendered":"<p>Kas\u0131m ay\u0131 geldi\u011finde \u015fehirlerin havas\u0131 birden de\u011fi\u015fiyor. Sokaklarda hafif bir serinlik, kafelerde s\u0131cak kahve kokusu ve k\u00fclt\u00fcr-sanat\u0131n kalbini h\u0131zland\u0131ran bir hareket ba\u015fl\u0131yor. Yaz\u0131n kalabal\u0131\u011f\u0131 \u00e7ekilmi\u015f, \u015fehir kendi ritmine d\u00f6nm\u00fc\u015f oluyor. Bu d\u00f6nemde konserlerden tiyatrolara, m\u00fczikallere kadar dolu dolu bir Kas\u0131m Ay\u0131 Etkinlik Takvimi sizi bekliyor. Bu ay, sahnelerin hi\u00e7 bo\u015f kalmad\u0131\u011f\u0131 bir festival havas\u0131nda ge\u00e7ecek. [&hellip;]<\/p>\n","protected":false},"author":45,"featured_media":25170,"comment_status":"open","ping_status":"open","sticky":false,"template":"","format":"standard","meta":{"rop_custom_images_group":[],"rop_custom_messages_group":[],"rop_publish_now":"initial","rop_publish_now_accounts":[],"rop_publish_now_history":[],"rop_publish_now_status":"pending","_cloudinary_featured_overwrite":false,"footnotes":""},"categories":[1],"tags":[450,255,306,347,505,5339,204,224,352],"class_list":["post-25169","post","type-post","status-publish","format-standard","has-post-thumbnail","hentry","category-seyahat-rehberi","tag-adana","tag-ankara","tag-antalya","tag-bursa","tag-eskisehir","tag-flight","tag-istanbul","tag-izmir","tag-trabzon"],"_links":{"self":[{"href":"https:\/\/www.turna.com\/blog\/wp-json\/wp\/v2\/posts\/25169","targetHints":{"allow":["GET"]}}],"collection":[{"href":"https:\/\/www.turna.com\/blog\/wp-json\/wp\/v2\/posts"}],"about":[{"href":"https:\/\/www.turna.com\/blog\/wp-json\/wp\/v2\/types\/post"}],"author":[{"embeddable":true,"href":"https:\/\/www.turna.com\/blog\/wp-json\/wp\/v2\/users\/45"}],"replies":[{"embeddable":true,"href":"https:\/\/www.turna.com\/blog\/wp-json\/wp\/v2\/comments?post=25169"}],"version-history":[{"count":0,"href":"https:\/\/www.turna.com\/blog\/wp-json\/wp\/v2\/posts\/25169\/revisions"}],"wp:featuredmedia":[{"embeddable":true,"href":"https:\/\/www.turna.com\/blog\/wp-json\/wp\/v2\/media\/25170"}],"wp:attachment":[{"href":"https:\/\/www.turna.com\/blog\/wp-json\/wp\/v2\/media?parent=25169"}],"wp:term":[{"taxonomy":"category","embeddable":true,"href":"https:\/\/www.turna.com\/blog\/wp-json\/wp\/v2\/categories?post=25169"},{"taxonomy":"post_tag","embeddable":true,"href":"https:\/\/www.turna.com\/blog\/wp-json\/wp\/v2\/tags?post=25169"}],"curies":[{"name":"wp","href":"https:\/\/api.w.org\/{rel}","templated":true}]}}