{"id":25137,"date":"2025-10-15T13:03:32","date_gmt":"2025-10-15T10:03:32","guid":{"rendered":"https:\/\/www.turna.com\/blog\/?p=25137"},"modified":"2025-10-15T13:03:34","modified_gmt":"2025-10-15T10:03:34","slug":"ara-tatilde-gezilecek-yerler","status":"publish","type":"post","link":"https:\/\/www.turna.com\/blog\/ara-tatilde-gezilecek-yerler","title":{"rendered":"Ara Tatilde Gezilecek Yerler: 10 \u00d6neri"},"content":{"rendered":"<div id=\"ez-toc-container\" class=\"ez-toc-v2_0_82_2 counter-hierarchy ez-toc-counter ez-toc-black ez-toc-container-direction\">\n<div class=\"ez-toc-title-container\">\n<p class=\"ez-toc-title\" style=\"cursor:inherit\">\u0130\u00e7indekiler<\/p>\n<span class=\"ez-toc-title-toggle\"><a href=\"#\" class=\"ez-toc-pull-right ez-toc-btn ez-toc-btn-xs ez-toc-btn-default ez-toc-toggle\" aria-label=\"\u0130\u00e7indekiler Tablosunu A\u00e7\/Kapat\"><span class=\"ez-toc-js-icon-con\"><span class=\"\"><span class=\"eztoc-hide\" style=\"display:none;\">Toggle<\/span><span class=\"ez-toc-icon-toggle-span\"><svg style=\"fill: #ffffff;color:#ffffff\" xmlns=\"http:\/\/www.w3.org\/2000\/svg\" class=\"list-377408\" width=\"20px\" height=\"20px\" viewBox=\"0 0 24 24\" fill=\"none\"><path d=\"M6 6H4v2h2V6zm14 0H8v2h12V6zM4 11h2v2H4v-2zm16 0H8v2h12v-2zM4 16h2v2H4v-2zm16 0H8v2h12v-2z\" fill=\"currentColor\"><\/path><\/svg><svg style=\"fill: #ffffff;color:#ffffff\" class=\"arrow-unsorted-368013\" xmlns=\"http:\/\/www.w3.org\/2000\/svg\" width=\"10px\" height=\"10px\" viewBox=\"0 0 24 24\" version=\"1.2\" baseProfile=\"tiny\"><path d=\"M18.2 9.3l-6.2-6.3-6.2 6.3c-.2.2-.3.4-.3.7s.1.5.3.7c.2.2.4.3.7.3h11c.3 0 .5-.1.7-.3.2-.2.3-.5.3-.7s-.1-.5-.3-.7zM5.8 14.7l6.2 6.3 6.2-6.3c.2-.2.3-.5.3-.7s-.1-.5-.3-.7c-.2-.2-.4-.3-.7-.3h-11c-.3 0-.5.1-.7.3-.2.2-.3.5-.3.7s.1.5.3.7z\"\/><\/svg><\/span><\/span><\/span><\/a><\/span><\/div>\n<nav><ul class='ez-toc-list ez-toc-list-level-1 eztoc-toggle-hide-by-default' ><li class='ez-toc-page-1 ez-toc-heading-level-2'><a class=\"ez-toc-link ez-toc-heading-1\" href=\"https:\/\/www.turna.com\/blog\/ara-tatilde-gezilecek-yerler\/#ara_tatilde_yurt_icinde_gezilecek_yerler\" >Ara Tatilde Yurt \u0130\u00e7inde Gezilecek Yerler<\/a><ul class='ez-toc-list-level-3' ><li class='ez-toc-heading-level-3'><a class=\"ez-toc-link ez-toc-heading-2\" href=\"https:\/\/www.turna.com\/blog\/ara-tatilde-gezilecek-yerler\/#ankara\" >Ankara<\/a><\/li><li class='ez-toc-page-1 ez-toc-heading-level-3'><a class=\"ez-toc-link ez-toc-heading-3\" href=\"https:\/\/www.turna.com\/blog\/ara-tatilde-gezilecek-yerler\/#gaziantep\" >Gaziantep<\/a><\/li><li class='ez-toc-page-1 ez-toc-heading-level-3'><a class=\"ez-toc-link ez-toc-heading-4\" href=\"https:\/\/www.turna.com\/blog\/ara-tatilde-gezilecek-yerler\/#safranbolu_karabuk\" >Safranbolu, Karab\u00fck<\/a><\/li><li class='ez-toc-page-1 ez-toc-heading-level-3'><a class=\"ez-toc-link ez-toc-heading-5\" href=\"https:\/\/www.turna.com\/blog\/ara-tatilde-gezilecek-yerler\/#bozcaada_canakkale\" >Bozcaada, \u00c7anakkale<\/a><\/li><li class='ez-toc-page-1 ez-toc-heading-level-3'><a class=\"ez-toc-link ez-toc-heading-6\" href=\"https:\/\/www.turna.com\/blog\/ara-tatilde-gezilecek-yerler\/#bolu\" >Bolu<\/a><\/li><\/ul><\/li><li class='ez-toc-page-1 ez-toc-heading-level-2'><a class=\"ez-toc-link ez-toc-heading-7\" href=\"https:\/\/www.turna.com\/blog\/ara-tatilde-gezilecek-yerler\/#ara_tatilde_yurt_disinda_gezilecek_yerler\" >Ara Tatilde Yurt D\u0131\u015f\u0131nda Gezilecek Yerler<\/a><ul class='ez-toc-list-level-3' ><li class='ez-toc-heading-level-3'><a class=\"ez-toc-link ez-toc-heading-8\" href=\"https:\/\/www.turna.com\/blog\/ara-tatilde-gezilecek-yerler\/#tallinn_estonya\" >Tallinn, Estonya<\/a><\/li><li class='ez-toc-page-1 ez-toc-heading-level-3'><a class=\"ez-toc-link ez-toc-heading-9\" href=\"https:\/\/www.turna.com\/blog\/ara-tatilde-gezilecek-yerler\/#mostar_bosna_hersek\" >Mostar, Bosna Hersek<\/a><\/li><li class='ez-toc-page-1 ez-toc-heading-level-3'><a class=\"ez-toc-link ez-toc-heading-10\" href=\"https:\/\/www.turna.com\/blog\/ara-tatilde-gezilecek-yerler\/#kotor_perast_karadag\" >Kotor &amp; Perast, Karada\u011f<\/a><\/li><li class='ez-toc-page-1 ez-toc-heading-level-3'><a class=\"ez-toc-link ez-toc-heading-11\" href=\"https:\/\/www.turna.com\/blog\/ara-tatilde-gezilecek-yerler\/#paris_fransa\" >Paris, Fransa\u00a0<\/a><\/li><li class='ez-toc-page-1 ez-toc-heading-level-3'><a class=\"ez-toc-link ez-toc-heading-12\" href=\"https:\/\/www.turna.com\/blog\/ara-tatilde-gezilecek-yerler\/#golden_circle_turu_izlanda\" >Golden Circle Turu, \u0130zlanda<\/a><\/li><\/ul><\/li><\/ul><\/nav><\/div>\n\n<p>Kas\u0131m ara tatili yakla\u015f\u0131yor! 10-17 Kas\u0131m tarihleri aras\u0131nda k\u0131sa ama nefes ald\u0131ran bir mola vermek i\u00e7in harika bir f\u0131rsat\u0131n\u0131z var. Okul temposundan biraz uzakla\u015f\u0131p, valizleri haz\u0131rlaman\u0131n, yeni yerler ke\u015ffetmenin tam zaman\u0131. Peki, \u201cAra Tatilde Gezilecek Yerler nereler olabilir?\u201d diye d\u00fc\u015f\u00fcn\u00fcyorsan\u0131z, sizin i\u00e7in birbirinden g\u00fczel 10 rotay\u0131 bir araya getirdik. Kimisi tarihiyle b\u00fcy\u00fcl\u00fcyor, kimisi do\u011fas\u0131yla mest ediyor, kimisi de mutfa\u011f\u0131yla sizi kendine a\u015f\u0131k ediyor.<\/p>\n\n\n\n<p>Bu listede hem T\u00fcrkiye\u2019den hem de yurt d\u0131\u015f\u0131ndan ke\u015fke tatil bitmese diyece\u011finiz yerler var. S\u0131cak kahvenizi al\u0131n, arkan\u0131za yaslan\u0131n ve <strong><a href=\"https:\/\/www.turna.com\/ucak-bileti\">u\u00e7ak bileti<\/a><\/strong> almaya haz\u0131r olun; \u00e7\u00fcnk\u00fc \u015fimdi hep birlikte ara tatilde gezilecek en g\u00fczel yerleri ke\u015ffe \u00e7\u0131k\u0131yoruz.<\/p>\n\n\n\n<h2 class=\"wp-block-heading has-text-align-center has-neeon-button-dark-gray-color has-text-color has-link-color wp-elements-9ea4dac5c2fe6a81064f4d25918cf5d4\"><span class=\"ez-toc-section\" id=\"ara_tatilde_yurt_icinde_gezilecek_yerler\"><\/span><strong>Ara Tatilde <strong>Yurt \u0130\u00e7inde<\/strong> Gezilecek Yerler<\/strong><span class=\"ez-toc-section-end\"><\/span><\/h2>\n\n\n\n<h3 class=\"wp-block-heading has-text-align-center has-neeon-button-dark-gray-color has-text-color has-link-color wp-elements-5c3a607d740623961d33fc1dc9b06ccc\"><span class=\"ez-toc-section\" id=\"ankara\"><\/span><strong><strong><strong><strong>Ankara<\/strong><\/strong><\/strong><\/strong><span class=\"ez-toc-section-end\"><\/span><\/h3>\n\n\n\n<figure class=\"wp-block-image size-large\"><img decoding=\"async\" src=\"https:\/\/res.cloudinary.com\/turna\/image\/upload\/v1717184183\/wordpress-contents\/an%C4%B1tkabir.jpg\" alt=\"\"\/><\/figure>\n\n\n\n<p>Ara tatilde gezilecek yerler aras\u0131nda <strong><a href=\"https:\/\/www.turna.com\/blog\/turkiye\/ankara\">Ankara<\/a><\/strong>, hem kolay ula\u015f\u0131m\u0131 hem de tarihi \u00f6nemiyle \u00f6ne \u00e7\u0131k\u0131yor. Ba\u015fkent\u2019te mutlaka ilk dura\u011f\u0131n\u0131z An\u0131tkabir olmal\u0131. Atat\u00fcrk\u2019\u00fc ziyaret etmek, cumhuriyet ruhunu hissetmenin en anlaml\u0131 yollar\u0131ndan biri.<\/p>\n\n\n\n<p>Sonras\u0131nda Anadolu Medeniyetleri M\u00fczesi\u2019ni gezerek, ge\u00e7mi\u015ften g\u00fcn\u00fcm\u00fcze uzanan Anadolu k\u00fclt\u00fcr\u00fcne tan\u0131k olabilirsiniz. Hamam\u00f6n\u00fc\u2019nde dola\u015f\u0131rken restore edilmi\u015f evlerin aras\u0131nda kahvenizi yudumlayabilir, hediyelik e\u015fyalar alabilirsiniz. Ak\u015fam yeme\u011finde ise Ankara\u2019n\u0131n me\u015fhur Aspava d\u00fcr\u00fcm\u00fc veya Ankara tavas\u0131n\u0131 denemeden d\u00f6nmeyin. Ankara k\u00fclt\u00fcr\u00fcyle, tarihiyle ve s\u0131cac\u0131k atmosferiyle ara tatilde m\u00fckemmel bir durak.<\/p>\n\n\n\n<h3 class=\"wp-block-heading has-text-align-center has-neeon-button-dark-gray-color has-text-color has-link-color wp-elements-8913a361a1ecae2b8a4e81c2e01b6266\"><span class=\"ez-toc-section\" id=\"gaziantep\"><\/span><strong><strong><strong><strong>Gaziantep<\/strong><\/strong><\/strong><\/strong><span class=\"ez-toc-section-end\"><\/span><\/h3>\n\n\n\n<figure class=\"wp-block-image size-large\"><img width=\"800\" height=\"500\" data-public-id=\"Gaziantep-Baklava_qhuk0e\/Gaziantep-Baklava_qhuk0e.jpg\" decoding=\"async\" src=\"https:\/\/res.cloudinary.com\/turna\/images\/w_800,h_500,c_scale\/f_auto,q_auto:low\/v1560639392\/Gaziantep-Baklava_qhuk0e\/Gaziantep-Baklava_qhuk0e.jpg?_i=AA\" alt=\"\" class=\"wp-post-0 wp-image-16133\" data-format=\"jpg\" data-transformations=\"f_auto,q_auto:low\" data-version=\"1560639392\" data-seo=\"1\" srcset=\"https:\/\/res.cloudinary.com\/turna\/images\/f_auto,q_auto:low\/v1560639392\/Gaziantep-Baklava_qhuk0e\/Gaziantep-Baklava_qhuk0e.jpg?_i=AA 800w, https:\/\/res.cloudinary.com\/turna\/images\/w_300,h_188,c_scale\/f_auto,q_auto:low\/v1560639392\/Gaziantep-Baklava_qhuk0e\/Gaziantep-Baklava_qhuk0e.jpg?_i=AA 300w, https:\/\/res.cloudinary.com\/turna\/images\/w_672,h_420,c_scale\/f_auto,q_auto:low\/v1560639392\/Gaziantep-Baklava_qhuk0e\/Gaziantep-Baklava_qhuk0e.jpg?_i=AA 672w, https:\/\/res.cloudinary.com\/turna\/images\/w_640,h_400,c_scale\/f_auto,q_auto:low\/v1560639392\/Gaziantep-Baklava_qhuk0e\/Gaziantep-Baklava_qhuk0e.jpg?_i=AA 640w, https:\/\/res.cloudinary.com\/turna\/images\/w_681,h_426,c_scale\/f_auto,q_auto:low\/v1560639392\/Gaziantep-Baklava_qhuk0e\/Gaziantep-Baklava_qhuk0e.jpg?_i=AA 681w\" sizes=\"(max-width: 800px) 100vw, 800px\" \/><\/figure>\n\n\n\n<p>Bir\u00e7ok ki\u015fi i\u00e7in Ara Tatilde Gezilecek Yerler listesinin zirvesinde Gaziantep vard\u0131r, hakl\u0131lar da! Bu \u015fehir bir destinasyon de\u011fil, resmen bir lezzet \u015f\u00f6leni. Sabah kahvalt\u0131s\u0131nda katmer ile ba\u015flay\u0131n, ard\u0131ndan Zeugma Mozaik M\u00fczesi\u2019ni ziyaret edin. Tarihi mozaiklerin renkleri ve detaylar\u0131 sizi b\u00fcy\u00fcleyecek.<\/p>\n\n\n\n<p>Bak\u0131rc\u0131lar \u00c7ar\u015f\u0131s\u0131\u2019nda dola\u015f\u0131rken el eme\u011fi \u00fcr\u00fcnlere hayran kalacak, aralarda menengi\u00e7 kahvesi molas\u0131 vereceksiniz. \u00d6\u011fle yeme\u011finde Ali Nazik kebab\u0131, ak\u015fam ise f\u0131st\u0131kl\u0131 baklava ile g\u00fcn\u00fc ta\u00e7land\u0131rabilirsiniz. Gaziantep, hem mideye hem ruha hitap eden bir \u015fehir. E\u011fer lezzetli bir ara tatil istiyorsan\u0131z, adres belli.<\/p>\n\n\n\n<h3 class=\"wp-block-heading has-text-align-center has-neeon-button-dark-gray-color has-text-color has-link-color wp-elements-d2c3caf814c33faf06ef7c85629d3bdd\"><span class=\"ez-toc-section\" id=\"safranbolu_karabuk\"><\/span><strong><strong><strong><strong>Safranbolu, Karab\u00fck<\/strong><\/strong><\/strong><\/strong><span class=\"ez-toc-section-end\"><\/span><\/h3>\n\n\n\n<figure class=\"wp-block-image size-large\"><img decoding=\"async\" src=\"https:\/\/res.cloudinary.com\/turna\/image\/upload\/v1664798370\/ekim_ay%C4%B1nda_nereye_gidilir_safranbolu.jpg\" alt=\"\"\/><\/figure>\n\n\n\n<p>Biraz huzur, biraz tarih diyorsan\u0131z Safranbolu sizin i\u00e7in do\u011fru adres. Ara tatilde gezilecek yerler i\u00e7inde otantik atmosferiyle \u00f6ne \u00e7\u0131kan bu il\u00e7e, UNESCO D\u00fcnya Miras\u0131 Listesi\u2019nde yer al\u0131yor. Arnavut kald\u0131r\u0131ml\u0131 sokaklar\u0131nda y\u00fcr\u00fcrken kendinizi 19. y\u00fczy\u0131lda hissedebilirsiniz.<\/p>\n\n\n\n<p>H\u0131d\u0131rl\u0131k Tepesi\u2019nden panoramik manzara izlemek, Kaymakamlar Evi M\u00fczesi\u2019ni gezmek ve tarihi konaklarda \u00e7ay molas\u0131 vermek \u00e7ok keyifli. Y\u00f6resel tatlardan safranl\u0131 lokum, cevizli yay\u0131m ve perohi mant\u0131s\u0131 mutlaka denenmeli. Safranbolu, ara tatilde yava\u015flaman\u0131n, sakinli\u011fin ve ge\u00e7mi\u015fe yolculu\u011fun en g\u00fczel adreslerinden biri.<\/p>\n\n\n\n<h3 class=\"wp-block-heading has-text-align-center has-neeon-button-dark-gray-color has-text-color has-link-color wp-elements-a467bdea3d20779a6f8dd01fea90ec08\"><span class=\"ez-toc-section\" id=\"bozcaada_canakkale\"><\/span><strong><strong><strong><strong>Bozcaada, \u00c7anakkale<\/strong><\/strong><\/strong><\/strong><span class=\"ez-toc-section-end\"><\/span><\/h3>\n\n\n\n<figure class=\"wp-block-image size-large\"><img decoding=\"async\" src=\"https:\/\/res.cloudinary.com\/turna\/image\/upload\/v1721128987\/wordpress-contents\/bozcaada.jpg\" alt=\"\"\/><\/figure>\n\n\n\n<p>Ara tatilde gezilecek yerler aras\u0131nda deniz havas\u0131 almak isteyenler i\u00e7in Bozcaada harika bir se\u00e7enek. Kas\u0131m ay\u0131nda ada sakinle\u015fiyor, kalabal\u0131klar \u00e7ekilir ve huzur ba\u015fl\u0131yor. Bozcaada Kalesi\u2019ni gezip, ada sokaklar\u0131nda dola\u015fmak, begonvillerle s\u00fcsl\u00fc kap\u0131lar\u0131n \u00f6n\u00fcnden ge\u00e7mek tam bir terapi gibidir.<\/p>\n\n\n\n<p>Adan\u0131n \u00fcnl\u00fc ba\u011f evlerinde \u015farap tad\u0131m\u0131 yapabilir, ak\u015fam yeme\u011finde Ege mezeleri ve taze bal\u0131kla g\u00fcn bat\u0131m\u0131n\u0131 izleyebilirsiniz. Bu mevsimde r\u00fczgar hafif esiyor, denizin sesi kula\u011f\u0131n\u0131zda kal\u0131yor. Bozcaada, sonbahar\u0131n dinginli\u011fini hissetmek i\u00e7in birebir. <strong><a href=\"https:\/\/www.turna.com\/blog\/bozcaadanin-en-iyi-butik-otelleri\">Bozcaada&#8217;n\u0131n En \u0130yi Butik Otelleri<\/a><\/strong> yaz\u0131m\u0131za bakmadan otel rezervasyonu yapmay\u0131n.<\/p>\n\n\n\n<h3 class=\"wp-block-heading has-text-align-center has-neeon-button-dark-gray-color has-text-color has-link-color wp-elements-3378d880789ed3b1ae283204a46cc7bd\"><span class=\"ez-toc-section\" id=\"bolu\"><\/span><strong><strong><strong><strong>Bolu<\/strong><\/strong><\/strong><\/strong><span class=\"ez-toc-section-end\"><\/span><\/h3>\n\n\n\n<figure class=\"wp-block-image size-large\"><img width=\"800\" height=\"500\" data-public-id=\"Golcuk-Bolu_xhlmvt\/Golcuk-Bolu_xhlmvt.jpg\" decoding=\"async\" src=\"https:\/\/res.cloudinary.com\/turna\/images\/w_800,h_500,c_scale\/f_auto,q_auto:low\/v1541717144\/Golcuk-Bolu_xhlmvt\/Golcuk-Bolu_xhlmvt.jpg?_i=AA\" alt=\"\" class=\"wp-post-0 wp-image-14576\" data-format=\"jpg\" data-transformations=\"f_auto,q_auto:low\" data-version=\"1541717144\" data-seo=\"1\" srcset=\"https:\/\/res.cloudinary.com\/turna\/images\/f_auto,q_auto:low\/v1541717144\/Golcuk-Bolu_xhlmvt\/Golcuk-Bolu_xhlmvt.jpg?_i=AA 800w, https:\/\/res.cloudinary.com\/turna\/images\/w_300,h_188,c_scale\/f_auto,q_auto:low\/v1541717144\/Golcuk-Bolu_xhlmvt\/Golcuk-Bolu_xhlmvt.jpg?_i=AA 300w, https:\/\/res.cloudinary.com\/turna\/images\/w_672,h_420,c_scale\/f_auto,q_auto:low\/v1541717144\/Golcuk-Bolu_xhlmvt\/Golcuk-Bolu_xhlmvt.jpg?_i=AA 672w, https:\/\/res.cloudinary.com\/turna\/images\/w_640,h_400,c_scale\/f_auto,q_auto:low\/v1541717144\/Golcuk-Bolu_xhlmvt\/Golcuk-Bolu_xhlmvt.jpg?_i=AA 640w, https:\/\/res.cloudinary.com\/turna\/images\/w_681,h_426,c_scale\/f_auto,q_auto:low\/v1541717144\/Golcuk-Bolu_xhlmvt\/Golcuk-Bolu_xhlmvt.jpg?_i=AA 681w\" sizes=\"(max-width: 800px) 100vw, 800px\" \/><\/figure>\n\n\n\n<p>Ara tatilde nereye gidilir diye soran do\u011faseverlerin cevab\u0131 da elbette Bolu. \u015eehrin d\u00f6rt bir yan\u0131 ormanlarla \u00e7evrili, g\u00f6lleriyle \u00fcnl\u00fc bir do\u011fa cenneti. \u0130stanbul\u2019a yak\u0131nl\u0131\u011f\u0131 ile de s\u0131k s\u0131k tercih ediliyor tatilciler aras\u0131nda. Yedig\u00f6ller Milli Park\u0131\u2019nda y\u00fcr\u00fcy\u00fc\u015f yapmak, renk c\u00fcmb\u00fc\u015f\u00fc i\u00e7indeki a\u011fa\u00e7lar\u0131n aras\u0131nda foto\u011fraf \u00e7ekmek unutulmaz bir deneyimdir.<br>Abant G\u00f6l\u00fc \u00e7evresinde bisiklete binmek ya da atla gezinti yapmak da keyiflidir. Hava so\u011fuyunca Bolu mutfa\u011f\u0131n\u0131n s\u0131cac\u0131k yemeklerinden biri olan ke\u015fli cevizli eri\u015fte sizi \u0131s\u0131tacakt\u0131r. Bolu, ara tatilde do\u011fayla yeniden ba\u011f kurmak isteyenler i\u00e7in g\u00fczel bir se\u00e7enek.<\/p>\n\n\n\n<h2 class=\"wp-block-heading has-text-align-center has-neeon-button-dark-gray-color has-text-color has-link-color wp-elements-19f6fd9c0baa756c3ceba66efa47fba4\"><span class=\"ez-toc-section\" id=\"ara_tatilde_yurt_disinda_gezilecek_yerler\"><\/span><strong>Ara Tatilde <strong>Yurt D\u0131\u015f\u0131nda<\/strong> Gezilecek Yerler<\/strong><span class=\"ez-toc-section-end\"><\/span><\/h2>\n\n\n\n<h3 class=\"wp-block-heading has-text-align-center has-neeon-button-dark-gray-color has-text-color has-link-color wp-elements-5a7d5269522495f13d1c8305afd7ae1c\"><span class=\"ez-toc-section\" id=\"tallinn_estonya\"><\/span><strong><strong><strong><strong>Tallinn, Estonya<\/strong><\/strong><\/strong><\/strong><span class=\"ez-toc-section-end\"><\/span><\/h3>\n\n\n\n<figure class=\"wp-block-image size-large\"><img decoding=\"async\" src=\"https:\/\/res.cloudinary.com\/turna\/image\/upload\/v1603678119\/Toompea-Hill-Tallin_hwigk4-2.jpg\" alt=\"\"\/><\/figure>\n\n\n\n<p>Yurt d\u0131\u015f\u0131na \u00e7\u0131kmay\u0131 d\u00fc\u015f\u00fcnenler i\u00e7in Tallinn, masals\u0131 bir se\u00e7enek. Ara tatilde gezilecek yerler aras\u0131nda Avrupa havas\u0131 almak isteyenler buray\u0131 mutlaka d\u00fc\u015f\u00fcnmeli. \u015eehrin Old Town (Eski \u015eehir) b\u00f6lgesi tamamen ta\u015f sokaklarla \u00e7evrili, tarihi binalarla dolu.<\/p>\n\n\n\n<p>Toompea Tepesi\u2019nden \u015fehre tepeden bakabilir, Balti Jaama Turg pazar\u0131nda yerel lezzetleri tadabilirsiniz. Estonya mutfa\u011f\u0131nda f\u00fcme bal\u0131klar ve \u00e7avdar ekme\u011fi \u00f6ne \u00e7\u0131k\u0131yor. Ak\u015fam so\u011fu\u011funda bir kafede gl\u00f6gi (s\u0131cak baharatl\u0131 \u015farap) i\u00e7mek ise tam Tallinn tarz\u0131 bir mola.<\/p>\n\n\n\n<h3 class=\"wp-block-heading has-text-align-center has-neeon-button-dark-gray-color has-text-color has-link-color wp-elements-3727bd4c6b81c318d1a16052bf36794d\"><span class=\"ez-toc-section\" id=\"mostar_bosna_hersek\"><\/span><strong><strong><strong><strong>Mostar, Bosna Hersek<\/strong><\/strong><\/strong><\/strong><span class=\"ez-toc-section-end\"><\/span><\/h3>\n\n\n\n<figure class=\"wp-block-image size-large\"><img width=\"800\" height=\"500\" data-public-id=\"mostar\/mostar.jpeg\" decoding=\"async\" src=\"https:\/\/res.cloudinary.com\/turna\/images\/w_800,h_500,c_scale\/f_auto,q_auto:low\/v1637565312\/mostar\/mostar.jpeg?_i=AA\" alt=\"\" class=\"wp-post-0 wp-image-20335\" data-format=\"jpeg\" data-transformations=\"f_auto,q_auto:low\" data-version=\"1637565312\" data-seo=\"1\" srcset=\"https:\/\/res.cloudinary.com\/turna\/images\/f_auto,q_auto:low\/v1637565312\/mostar\/mostar.jpeg?_i=AA 800w, https:\/\/res.cloudinary.com\/turna\/images\/w_300,h_188,c_scale\/f_auto,q_auto:low\/v1637565312\/mostar\/mostar.jpeg?_i=AA 300w, https:\/\/res.cloudinary.com\/turna\/images\/w_672,h_420,c_scale\/f_auto,q_auto:low\/v1637565312\/mostar\/mostar.jpeg?_i=AA 672w, https:\/\/res.cloudinary.com\/turna\/images\/w_640,h_400,c_scale\/f_auto,q_auto:low\/v1637565312\/mostar\/mostar.jpeg?_i=AA 640w, https:\/\/res.cloudinary.com\/turna\/images\/w_681,h_426,c_scale\/f_auto,q_auto:low\/v1637565312\/mostar\/mostar.jpeg?_i=AA 681w\" sizes=\"(max-width: 800px) 100vw, 800px\" \/><\/figure>\n\n\n\n<p>Pasaport var ama vizeyle u\u011fra\u015fmak istemiyorsan\u0131z, Mostar sizi bekliyor. Ara tatilde gezilecek yerler aras\u0131nda hem tarihiyle hem de ula\u015f\u0131m kolayl\u0131\u011f\u0131 ile \u00f6ne \u00e7\u0131k\u0131yor. Mostar K\u00f6pr\u00fcs\u00fc\u2019n\u00fc ge\u00e7erken Neretva Nehri\u2019nin sesi size e\u015flik ediyor.<\/p>\n\n\n\n<p>Osmanl\u0131 d\u00f6neminden kalma ta\u015f sokaklar, tarihi evler ve s\u0131cak insanlar\u0131yla Mostar, kendinizi evinizde gibi hissettirecek. Y\u00f6resel tatlardan cevapi (k\u00f6fte) ve burek mutlaka deneyin. \u00dcstelik vize derdi yok, fiyatlar da olduk\u00e7a uygun. K\u0131sa ama unutulmaz bir ara tatil i\u00e7in birebir.<\/p>\n\n\n\n<h3 class=\"wp-block-heading has-text-align-center has-neeon-button-dark-gray-color has-text-color has-link-color wp-elements-481294db78f9f99e11c0248078958f97\"><span class=\"ez-toc-section\" id=\"kotor_perast_karadag\"><\/span><strong><strong><strong><strong>Kotor &amp; Perast, Karada\u011f<\/strong><\/strong><\/strong><\/strong><span class=\"ez-toc-section-end\"><\/span><\/h3>\n\n\n\n<figure class=\"wp-block-image size-large\"><img width=\"800\" height=\"500\" data-public-id=\"Kotor-Korfezi_dldyxk\/Kotor-Korfezi_dldyxk.jpg\" decoding=\"async\" src=\"https:\/\/res.cloudinary.com\/turna\/images\/w_800,h_500,c_scale\/f_auto,q_auto:low\/v1519281960\/Kotor-Korfezi_dldyxk\/Kotor-Korfezi_dldyxk.jpg?_i=AA\" alt=\"\" class=\"wp-post-0 wp-image-11740\" data-format=\"jpg\" data-transformations=\"f_auto,q_auto:low\" data-version=\"1519281960\" data-seo=\"1\" srcset=\"https:\/\/res.cloudinary.com\/turna\/images\/f_auto,q_auto:low\/v1519281960\/Kotor-Korfezi_dldyxk\/Kotor-Korfezi_dldyxk.jpg?_i=AA 800w, https:\/\/res.cloudinary.com\/turna\/images\/w_300,h_188,c_scale\/f_auto,q_auto:low\/v1519281960\/Kotor-Korfezi_dldyxk\/Kotor-Korfezi_dldyxk.jpg?_i=AA 300w, https:\/\/res.cloudinary.com\/turna\/images\/w_672,h_420,c_scale\/f_auto,q_auto:low\/v1519281960\/Kotor-Korfezi_dldyxk\/Kotor-Korfezi_dldyxk.jpg?_i=AA 672w, https:\/\/res.cloudinary.com\/turna\/images\/w_640,h_400,c_scale\/f_auto,q_auto:low\/v1519281960\/Kotor-Korfezi_dldyxk\/Kotor-Korfezi_dldyxk.jpg?_i=AA 640w, https:\/\/res.cloudinary.com\/turna\/images\/w_681,h_426,c_scale\/f_auto,q_auto:low\/v1519281960\/Kotor-Korfezi_dldyxk\/Kotor-Korfezi_dldyxk.jpg?_i=AA 681w\" sizes=\"(max-width: 800px) 100vw, 800px\" \/><\/figure>\n\n\n\n<p>Yine vizesiz bir Avrupa dura\u011f\u0131: Karada\u011f. \u00d6zellikle Kotor ve Perast, ara tatilde gezilecek yerler aras\u0131nda son d\u00f6nemin g\u00f6zdesi. Kotor Eski \u015eehir surlar\u0131na t\u0131rmand\u0131\u011f\u0131n\u0131zda Adriyatik\u2019in nefes kesici manzaras\u0131 kar\u015f\u0131n\u0131za \u00e7\u0131k\u0131yor.<\/p>\n\n\n\n<p>K\u00fc\u00e7\u00fck bal\u0131k\u00e7\u0131 kasabas\u0131 Perast ise tam bir kartpostal g\u00fczelli\u011finde. Ta\u015f evler, dar sokaklar ve deniz kokusu\u2026 Ak\u015famlar\u0131 deniz kenar\u0131nda deniz mahsulleri ve yerel \u015faraplarla g\u00fcn\u00fc sonland\u0131rmak m\u00fckemmel bir fikir. Adriyatik\u2019in huzuru, ara tatilinizi unutulmaz k\u0131lacak.<\/p>\n\n\n\n<h3 class=\"wp-block-heading has-text-align-center has-neeon-button-dark-gray-color has-text-color has-link-color wp-elements-925e70cbb224714e1e0ef733de8ad407\"><span class=\"ez-toc-section\" id=\"paris_fransa\"><\/span><strong><strong><strong><strong>Paris, Fransa\u00a0<\/strong><\/strong><\/strong><\/strong><span class=\"ez-toc-section-end\"><\/span><\/h3>\n\n\n\n<figure class=\"wp-block-image size-large\"><img width=\"800\" height=\"500\" data-public-id=\"Disneyland-Paris_20495c4ab4\/Disneyland-Paris_20495c4ab4.jpg\" decoding=\"async\" src=\"https:\/\/res.cloudinary.com\/turna\/images\/w_800,h_500,c_scale\/f_auto,q_auto:low\/v1642578484\/Disneyland-Paris_20495c4ab4\/Disneyland-Paris_20495c4ab4.jpg?_i=AA\" alt=\"\" class=\"wp-post-0 wp-image-20495\" data-format=\"jpg\" data-transformations=\"f_auto,q_auto:low\" data-version=\"1642578484\" data-seo=\"1\" srcset=\"https:\/\/res.cloudinary.com\/turna\/images\/f_auto,q_auto:low\/v1642578484\/Disneyland-Paris_20495c4ab4\/Disneyland-Paris_20495c4ab4.jpg?_i=AA 800w, https:\/\/res.cloudinary.com\/turna\/images\/w_300,h_188,c_scale\/f_auto,q_auto:low\/v1642578484\/Disneyland-Paris_20495c4ab4\/Disneyland-Paris_20495c4ab4.jpg?_i=AA 300w, https:\/\/res.cloudinary.com\/turna\/images\/w_672,h_420,c_scale\/f_auto,q_auto:low\/v1642578484\/Disneyland-Paris_20495c4ab4\/Disneyland-Paris_20495c4ab4.jpg?_i=AA 672w, https:\/\/res.cloudinary.com\/turna\/images\/w_640,h_400,c_scale\/f_auto,q_auto:low\/v1642578484\/Disneyland-Paris_20495c4ab4\/Disneyland-Paris_20495c4ab4.jpg?_i=AA 640w, https:\/\/res.cloudinary.com\/turna\/images\/w_681,h_426,c_scale\/f_auto,q_auto:low\/v1642578484\/Disneyland-Paris_20495c4ab4\/Disneyland-Paris_20495c4ab4.jpg?_i=AA 681w\" sizes=\"(max-width: 800px) 100vw, 800px\" \/><\/figure>\n\n\n\n<p>Ara Tatilde Gezilecek Yerler listesinin romantik y\u0131ld\u0131z\u0131 Paris! Ama bu kez rotam\u0131z\u0131 biraz farkl\u0131 tutal\u0131m: Disneyland Paris. Ailece e\u011flenmek, \u00e7ocuklarla sihirli bir g\u00fcn ge\u00e7irmek istiyorsan\u0131z kesinlikle gidilmeli. Disneyland Paris&#8217;in web sitesine de <strong><a href=\"https:\/\/www.disneylandparis.com\/en-int\" target=\"_blank\" rel=\"noopener\">buradan <\/a><\/strong>ula\u015fabilirsiniz.<br>Roller coasterlar, temal\u0131 parklar ve Mickey Mouse\u2019la foto\u011fraflar derken zaman nas\u0131l ge\u00e7iyor anlam\u0131yorsunuz. \u015eehre d\u00f6nd\u00fc\u011f\u00fcn\u00fczde Eyfel Kulesi\u2019ni g\u00f6rmek, Seine Nehri boyunca y\u00fcr\u00fcmek, ak\u015fam ise Frans\u0131z mutfa\u011f\u0131ndan so\u011fan \u00e7orbas\u0131 ya da krep yemek harika oluyor. Paris, her tatili \u00f6zel k\u0131l\u0131yor ama ara tatilde bamba\u015fka bir b\u00fcy\u00fcye b\u00fcr\u00fcn\u00fcyor.<\/p>\n\n\n\n<h3 class=\"wp-block-heading has-text-align-center has-neeon-button-dark-gray-color has-text-color has-link-color wp-elements-5f256cf9f81b11125b47bedc2f618699\"><span class=\"ez-toc-section\" id=\"golden_circle_turu_izlanda\"><\/span><strong><strong><strong><strong>Golden Circle Turu, \u0130zlanda<\/strong><\/strong><\/strong><\/strong><span class=\"ez-toc-section-end\"><\/span><\/h3>\n\n\n\n<figure class=\"wp-block-image size-large\"><img width=\"800\" height=\"500\" data-public-id=\"Izlanda-Gezi-Rehberi\/Izlanda-Gezi-Rehberi.jpg\" decoding=\"async\" src=\"https:\/\/res.cloudinary.com\/turna\/images\/w_800,h_500,c_scale\/f_auto,q_auto:low\/v1624684317\/Izlanda-Gezi-Rehberi\/Izlanda-Gezi-Rehberi.jpg?_i=AA\" alt=\"\" class=\"wp-post-0 wp-image-19473\" data-format=\"jpg\" data-transformations=\"f_auto,q_auto:low\" data-version=\"1624684317\" data-seo=\"1\" srcset=\"https:\/\/res.cloudinary.com\/turna\/images\/f_auto,q_auto:low\/v1624684317\/Izlanda-Gezi-Rehberi\/Izlanda-Gezi-Rehberi.jpg?_i=AA 800w, https:\/\/res.cloudinary.com\/turna\/images\/w_300,h_188,c_scale\/f_auto,q_auto:low\/v1624684317\/Izlanda-Gezi-Rehberi\/Izlanda-Gezi-Rehberi.jpg?_i=AA 300w, https:\/\/res.cloudinary.com\/turna\/images\/w_672,h_420,c_scale\/f_auto,q_auto:low\/v1624684317\/Izlanda-Gezi-Rehberi\/Izlanda-Gezi-Rehberi.jpg?_i=AA 672w, https:\/\/res.cloudinary.com\/turna\/images\/w_640,h_400,c_scale\/f_auto,q_auto:low\/v1624684317\/Izlanda-Gezi-Rehberi\/Izlanda-Gezi-Rehberi.jpg?_i=AA 640w, https:\/\/res.cloudinary.com\/turna\/images\/w_681,h_426,c_scale\/f_auto,q_auto:low\/v1624684317\/Izlanda-Gezi-Rehberi\/Izlanda-Gezi-Rehberi.jpg?_i=AA 681w\" sizes=\"(max-width: 800px) 100vw, 800px\" \/><\/figure>\n\n\n\n<p>Ara tatilde gezilecek yerler aras\u0131nda s\u0131ra d\u0131\u015f\u0131 bir macera arayanlar i\u00e7in \u0130zlanda efsane bir rota. Golden Circle Turu, do\u011fa tutkunlar\u0131n\u0131n hayali. Bu rota boyunca Thingvellir Ulusal Park\u0131, Geysir Jeotermal Alan\u0131 ve Gullfoss \u015eelalesi gibi do\u011fa harikalar\u0131 g\u00f6r\u00fcl\u00fcyor.<\/p>\n\n\n\n<p>Gayzerlerin f\u0131\u015fk\u0131rd\u0131\u011f\u0131 bu topraklarda, s\u0131cak sular\u0131n buhar\u0131 aras\u0131nda y\u00fcr\u00fcmek bamba\u015fka bir deneyim. Ak\u015fam so\u011fu\u011funda bir otelde s\u0131cak \u00e7orban\u0131z\u0131 i\u00e7erken kuzey \u0131\u015f\u0131klar\u0131n\u0131 izleme \u015fans\u0131n\u0131z olabilir. E\u011fer \u201chayat\u0131mda bir kez olsun\u201d diyece\u011finiz bir rota ar\u0131yorsan\u0131z, buras\u0131 kesinlikle arad\u0131\u011f\u0131n\u0131z se\u00e7enek.<\/p>\n\n\n\n<p>Ara tatil k\u0131sa ama de\u011ferlidir. Bu listeyle Ankara\u2019da tarihin izinde y\u00fcr\u00fcy\u00fcn, Gaziantep\u2019te kebap kokusunun pe\u015fine d\u00fc\u015f\u00fcn, Mostar\u2019da k\u00f6pr\u00fcden ge\u00e7ip tarihe dokunun.. Karar sizin. Her biri farkl\u0131 bir ruh, farkl\u0131 bir hikaye anlat\u0131yor. Turna ile ke\u015ffedece\u011finiz bu rotalar, sevdiklerinizle yeni an\u0131lar demek. Kas\u0131m r\u00fczgar\u0131 hafif hafif eserken, siz de rotan\u0131z\u0131 belirleyin, <strong><a href=\"https:\/\/www.turna.com\/otel\">otel rezervasyonu<\/a><\/strong> yap\u0131n ve ara tatili unutulmaz bir ke\u015ffe d\u00f6n\u00fc\u015ft\u00fcr\u00fcn.<\/p>\n\n\n\n<p><\/p>\n\n    <div class=\"xs_social_share_widget xs_share_url after_content \t\tmain_content  wslu-style-1 wslu-share-box-shaped wslu-fill-colored wslu-none wslu-share-horizontal wslu-theme-font-no wslu-main_content\">\n\n\t\t\n        <ul>\n\t\t\t        <\/ul>\n    <\/div> \n","protected":false},"excerpt":{"rendered":"<p>Kas\u0131m ara tatili yakla\u015f\u0131yor! 10-17 Kas\u0131m tarihleri aras\u0131nda k\u0131sa ama nefes ald\u0131ran bir mola vermek i\u00e7in harika bir f\u0131rsat\u0131n\u0131z var. Okul temposundan biraz uzakla\u015f\u0131p, valizleri haz\u0131rlaman\u0131n, yeni yerler ke\u015ffetmenin tam zaman\u0131. Peki, \u201cAra Tatilde Gezilecek Yerler nereler olabilir?\u201d diye d\u00fc\u015f\u00fcn\u00fcyorsan\u0131z, sizin i\u00e7in birbirinden g\u00fczel 10 rotay\u0131 bir araya getirdik. Kimisi tarihiyle b\u00fcy\u00fcl\u00fcyor, kimisi do\u011fas\u0131yla mest [&hellip;]<\/p>\n","protected":false},"author":45,"featured_media":25138,"comment_status":"open","ping_status":"open","sticky":false,"template":"","format":"standard","meta":{"rop_custom_images_group":[],"rop_custom_messages_group":[],"rop_publish_now":"initial","rop_publish_now_accounts":[],"rop_publish_now_history":[],"rop_publish_now_status":"pending","_cloudinary_featured_overwrite":false,"footnotes":""},"categories":[1],"tags":[255,937,339,244,2305,2249,849,5339,379,387,1217,2586,660,5325,102,978],"class_list":["post-25137","post","type-post","status-publish","format-standard","has-post-thumbnail","hentry","category-seyahat-rehberi","tag-ankara","tag-bolu","tag-bosna-hersek","tag-bozcaada","tag-canakkale-2","tag-disneyland","tag-estonya","tag-flight","tag-fransa","tag-gaziantep","tag-izlanda","tag-karabuk","tag-karadag","tag-otel","tag-paris","tag-seyahat-rehberi"],"_links":{"self":[{"href":"https:\/\/www.turna.com\/blog\/wp-json\/wp\/v2\/posts\/25137","targetHints":{"allow":["GET"]}}],"collection":[{"href":"https:\/\/www.turna.com\/blog\/wp-json\/wp\/v2\/posts"}],"about":[{"href":"https:\/\/www.turna.com\/blog\/wp-json\/wp\/v2\/types\/post"}],"author":[{"embeddable":true,"href":"https:\/\/www.turna.com\/blog\/wp-json\/wp\/v2\/users\/45"}],"replies":[{"embeddable":true,"href":"https:\/\/www.turna.com\/blog\/wp-json\/wp\/v2\/comments?post=25137"}],"version-history":[{"count":0,"href":"https:\/\/www.turna.com\/blog\/wp-json\/wp\/v2\/posts\/25137\/revisions"}],"wp:featuredmedia":[{"embeddable":true,"href":"https:\/\/www.turna.com\/blog\/wp-json\/wp\/v2\/media\/25138"}],"wp:attachment":[{"href":"https:\/\/www.turna.com\/blog\/wp-json\/wp\/v2\/media?parent=25137"}],"wp:term":[{"taxonomy":"category","embeddable":true,"href":"https:\/\/www.turna.com\/blog\/wp-json\/wp\/v2\/categories?post=25137"},{"taxonomy":"post_tag","embeddable":true,"href":"https:\/\/www.turna.com\/blog\/wp-json\/wp\/v2\/tags?post=25137"}],"curies":[{"name":"wp","href":"https:\/\/api.w.org\/{rel}","templated":true}]}}