{"id":25129,"date":"2025-10-10T13:02:57","date_gmt":"2025-10-10T10:02:57","guid":{"rendered":"https:\/\/www.turna.com\/blog\/?p=25129"},"modified":"2025-10-10T13:03:00","modified_gmt":"2025-10-10T10:03:00","slug":"belcika-yemekleri","status":"publish","type":"post","link":"https:\/\/www.turna.com\/blog\/belcika-yemekleri","title":{"rendered":"Bel\u00e7ika&#8217;da Ne Yenir?: Bel\u00e7ika Yemekleri Rehberi"},"content":{"rendered":"<div id=\"ez-toc-container\" class=\"ez-toc-v2_0_82_2 counter-hierarchy ez-toc-counter ez-toc-black ez-toc-container-direction\">\n<div class=\"ez-toc-title-container\">\n<p class=\"ez-toc-title\" style=\"cursor:inherit\">\u0130\u00e7indekiler<\/p>\n<span class=\"ez-toc-title-toggle\"><a href=\"#\" class=\"ez-toc-pull-right ez-toc-btn ez-toc-btn-xs ez-toc-btn-default ez-toc-toggle\" aria-label=\"\u0130\u00e7indekiler Tablosunu A\u00e7\/Kapat\"><span class=\"ez-toc-js-icon-con\"><span class=\"\"><span class=\"eztoc-hide\" style=\"display:none;\">Toggle<\/span><span class=\"ez-toc-icon-toggle-span\"><svg style=\"fill: #ffffff;color:#ffffff\" xmlns=\"http:\/\/www.w3.org\/2000\/svg\" class=\"list-377408\" width=\"20px\" height=\"20px\" viewBox=\"0 0 24 24\" fill=\"none\"><path d=\"M6 6H4v2h2V6zm14 0H8v2h12V6zM4 11h2v2H4v-2zm16 0H8v2h12v-2zM4 16h2v2H4v-2zm16 0H8v2h12v-2z\" fill=\"currentColor\"><\/path><\/svg><svg style=\"fill: #ffffff;color:#ffffff\" class=\"arrow-unsorted-368013\" xmlns=\"http:\/\/www.w3.org\/2000\/svg\" width=\"10px\" height=\"10px\" viewBox=\"0 0 24 24\" version=\"1.2\" baseProfile=\"tiny\"><path d=\"M18.2 9.3l-6.2-6.3-6.2 6.3c-.2.2-.3.4-.3.7s.1.5.3.7c.2.2.4.3.7.3h11c.3 0 .5-.1.7-.3.2-.2.3-.5.3-.7s-.1-.5-.3-.7zM5.8 14.7l6.2 6.3 6.2-6.3c.2-.2.3-.5.3-.7s-.1-.5-.3-.7c-.2-.2-.4-.3-.7-.3h-11c-.3 0-.5.1-.7.3-.2.2-.3.5-.3.7s.1.5.3.7z\"\/><\/svg><\/span><\/span><\/span><\/a><\/span><\/div>\n<nav><ul class='ez-toc-list ez-toc-list-level-1 eztoc-toggle-hide-by-default' ><li class='ez-toc-page-1 ez-toc-heading-level-2'><a class=\"ez-toc-link ez-toc-heading-1\" href=\"https:\/\/www.turna.com\/blog\/belcika-yemekleri\/#midye_ve_patates_kizartmasi\" >Midye ve Patates K\u0131zartmas\u0131<\/a><\/li><li class='ez-toc-page-1 ez-toc-heading-level-2'><a class=\"ez-toc-link ez-toc-heading-2\" href=\"https:\/\/www.turna.com\/blog\/belcika-yemekleri\/#boulet_a_la_liegeoise\" >Boulet \u00e0 la Li\u00e9geoise<\/a><\/li><li class='ez-toc-page-1 ez-toc-heading-level-2'><a class=\"ez-toc-link ez-toc-heading-3\" href=\"https:\/\/www.turna.com\/blog\/belcika-yemekleri\/#stoemp\" >Stoemp<\/a><\/li><li class='ez-toc-page-1 ez-toc-heading-level-2'><a class=\"ez-toc-link ez-toc-heading-4\" href=\"https:\/\/www.turna.com\/blog\/belcika-yemekleri\/#stoverij\" >Stoverij<\/a><\/li><li class='ez-toc-page-1 ez-toc-heading-level-2'><a class=\"ez-toc-link ez-toc-heading-5\" href=\"https:\/\/www.turna.com\/blog\/belcika-yemekleri\/#waffle\" >Waffle<\/a><\/li><li class='ez-toc-page-1 ez-toc-heading-level-2'><a class=\"ez-toc-link ez-toc-heading-6\" href=\"https:\/\/www.turna.com\/blog\/belcika-yemekleri\/#waterzooi\" >Waterzooi<\/a><\/li><li class='ez-toc-page-1 ez-toc-heading-level-2'><a class=\"ez-toc-link ez-toc-heading-7\" href=\"https:\/\/www.turna.com\/blog\/belcika-yemekleri\/#eel\" >Eel<\/a><\/li><li class='ez-toc-page-1 ez-toc-heading-level-2'><a class=\"ez-toc-link ez-toc-heading-8\" href=\"https:\/\/www.turna.com\/blog\/belcika-yemekleri\/#belcika_cikolatasi\" >Bel\u00e7ika \u00c7ikolatas\u0131<\/a><\/li><li class='ez-toc-page-1 ez-toc-heading-level-2'><a class=\"ez-toc-link ez-toc-heading-9\" href=\"https:\/\/www.turna.com\/blog\/belcika-yemekleri\/#speculaas\" >Speculaas<\/a><\/li><li class='ez-toc-page-1 ez-toc-heading-level-2'><a class=\"ez-toc-link ez-toc-heading-10\" href=\"https:\/\/www.turna.com\/blog\/belcika-yemekleri\/#caricoles\" >Caricoles<\/a><\/li><li class='ez-toc-page-1 ez-toc-heading-level-2'><a class=\"ez-toc-link ez-toc-heading-11\" href=\"https:\/\/www.turna.com\/blog\/belcika-yemekleri\/#steak_tartare\" >Steak Tartare<\/a><\/li><li class='ez-toc-page-1 ez-toc-heading-level-2'><a class=\"ez-toc-link ez-toc-heading-12\" href=\"https:\/\/www.turna.com\/blog\/belcika-yemekleri\/#rijsttaart\" >Rijsttaart<\/a><\/li><li class='ez-toc-page-1 ez-toc-heading-level-2'><a class=\"ez-toc-link ez-toc-heading-13\" href=\"https:\/\/www.turna.com\/blog\/belcika-yemekleri\/#belcika_peynirleri\" >Bel\u00e7ika Peynirleri<\/a><\/li><li class='ez-toc-page-1 ez-toc-heading-level-2'><a class=\"ez-toc-link ez-toc-heading-14\" href=\"https:\/\/www.turna.com\/blog\/belcika-yemekleri\/#cuberdon\" >Cuberdon<\/a><\/li><li class='ez-toc-page-1 ez-toc-heading-level-2'><a class=\"ez-toc-link ez-toc-heading-15\" href=\"https:\/\/www.turna.com\/blog\/belcika-yemekleri\/#pain_depices\" >Pain d\u2019\u00e9pices<\/a><\/li><\/ul><\/nav><\/div>\n\n<p>Bel\u00e7ika sadece masallar\u0131 an\u0131msatan kasabalar\u0131, etkileyici gotik mimarisi ve sanat dolu sokaklar\u0131yla de\u011fil; mutfa\u011f\u0131n\u0131n sundu\u011fu e\u015fsiz tatlarla da ke\u015ffe de\u011fer bir rota olarak dikkat \u00e7ekiyor. Waffle kokusunun y\u00fckseldi\u011fi ta\u015f sokaklarda y\u00fcr\u00fcrken bir k\u00f6\u015fede \u00e7\u0131t\u0131r patates k\u0131zartmalar\u0131, di\u011ferinde \u00f6zel et yemekleri sizi bekliyor. Her lokmada tarihin, k\u00fclt\u00fcr\u00fcn ve zarif bir lezzet anlay\u0131\u015f\u0131n\u0131n izlerini ta\u015f\u0131yan bu mutfak; her damak tad\u0131na hitap edecek lezzetler sunuyor. \u0130ster Brugge\u2019\u00fcn sokak aralar\u0131nda \u00e7ikolata turlar\u0131 yap\u0131n, ister Gent\u2019te deniz mahsull\u00fc bir ak\u015fam yeme\u011fiyle g\u00fcn\u00fc sonland\u0131r\u0131n <strong><a href=\"https:\/\/www.turna.com\/blog\/belcika-ulke-bilgileri\" data-type=\"link\" data-id=\"https:\/\/www.turna.com\/blog\/belcika-ulke-bilgileri\">Bel\u00e7ika<\/a><\/strong>, ke\u015ffetmenin en lezzetli halini vadediyor. Bel\u00e7ika ke\u015ffinizde \u015fans vermeniz gereken lezzetlerle tan\u0131\u015fmaya haz\u0131rsan\u0131z, ba\u015fl\u0131yoruz!<\/p>\n\n\n\n<h2 class=\"wp-block-heading\"><span class=\"ez-toc-section\" id=\"midye_ve_patates_kizartmasi\"><\/span><strong>Midye ve Patates K\u0131zartmas\u0131<\/strong><span class=\"ez-toc-section-end\"><\/span><\/h2>\n\n\n\n<figure class=\"wp-block-image size-large\"><img decoding=\"async\" src=\"https:\/\/res.cloudinary.com\/turna\/image\/upload\/v1760084690\/wordpress-contents\/belcika_yemek.jpg\" alt=\"\"\/><\/figure>\n\n\n\n<p>Midye ve patates k\u0131zartmas\u0131, Bel\u00e7ika mutfa\u011f\u0131n\u0131n en sade ama en \u00e7ok sevilen lezzetlerinden biri. Buharda pi\u015fmi\u015f midyelerin \u00f6zel aromas\u0131, yan\u0131nda servis edilen \u00e7\u0131t\u0131r patateslerle m\u00fckemmel bir uyum sa\u011fl\u0131yor. Genellikle beyaz \u015farap ve otlu \u00f6zel sosuyla sunulsa da sar\u0131msakl\u0131 veya domatesli soslarla da harika bir uyum yakal\u0131yor. Bu klasik, Bel\u00e7ika sokaklar\u0131n\u0131n vazge\u00e7ilmez lezzetlerinden.<\/p>\n\n\n\n<p><a href=\"https:\/\/www.turna.com\/ucak-bileti\/belcika\" target=\"_blank\" rel=\"noreferrer noopener\"><strong>Bel\u00e7ika u\u00e7ak bileti<\/strong><\/a>\u00a0f\u0131rsatlar\u0131n\u0131 de\u011ferlendirerek, Avrupa\u2019n\u0131n bu \u015firin \u00fclkesinde huzur dolu bir yolculuk yapabilir, \u00fclkenin \u00f6zel lezzetlerini ke\u015ffetme \u015fans\u0131 bulabilirsiniz.<\/p>\n\n\n\n<h2 class=\"wp-block-heading\"><span class=\"ez-toc-section\" id=\"boulet_a_la_liegeoise\"><\/span><strong>Boulet \u00e0 la Li\u00e9geoise<\/strong><span class=\"ez-toc-section-end\"><\/span><\/h2>\n\n\n\n<figure class=\"wp-block-image size-large\"><img decoding=\"async\" src=\"https:\/\/res.cloudinary.com\/turna\/image\/upload\/v1760084989\/wordpress-contents\/bel%C3%A7ika_k%C3%B6ftesi.jpg\" alt=\"\"\/><\/figure>\n\n\n\n<p>Boulet \u00e0 la Li\u00e9geoise tarifinde dana ve domuz etinin harman\u0131yla haz\u0131rlanan iri k\u00f6fteler, me\u015fhur Sirop de Liege meyve \u015furubundan yap\u0131lan tatl\u0131 ve ek\u015fi sosla bulu\u015fuyor. Yan\u0131nda \u00e7\u0131t\u0131r patateslerle servis edilen bu yemek, \u00f6zellikle Liege b\u00f6lgesinde olmazsa olmaz lezzetler aras\u0131nda yer al\u0131yor.<\/p>\n\n\n\n<h2 class=\"wp-block-heading\"><span class=\"ez-toc-section\" id=\"stoemp\"><\/span><strong>Stoemp<\/strong><span class=\"ez-toc-section-end\"><\/span><\/h2>\n\n\n\n<p>Stoemp, Bel\u00e7ika\u2019n\u0131n sade ama i\u00e7 \u0131s\u0131tan lezzetlerinden biri. Patates p\u00fcresinin havu\u00e7, p\u0131rasa ya da kereviz gibi sebzelerle kar\u0131\u015ft\u0131r\u0131lmas\u0131yla haz\u0131rlanan bu geleneksel yemek, tam anlam\u0131yla bir anne yeme\u011fi hissi veriyor. \u00dczerine konan sosis, past\u0131rma ya da bir yumurta ile sunumu tamamlan\u0131yor. So\u011fuk g\u00fcnlerde tek tabakta mutluluk vadeden stoemp, Bel\u00e7ika mutfa\u011f\u0131n\u0131n samimi y\u00f6n\u00fcn\u00fc en iyi yans\u0131tan tariflerden biri.<\/p>\n\n\n\n<h2 class=\"wp-block-heading\"><span class=\"ez-toc-section\" id=\"stoverij\"><\/span><strong>Stoverij<\/strong><span class=\"ez-toc-section-end\"><\/span><\/h2>\n\n\n\n<p>Stoverij, Bel\u00e7ika\u2019n\u0131n yava\u015f pi\u015fen lezzetlerin aras\u0131nda yer al\u0131yor. Dana eti, so\u011fan ve baharatlarla birlikte uzun saatler boyunca pi\u015firiliyor. ortaya koyu renkli, yo\u011fun aromal\u0131 bir yahni \u00e7\u0131k\u0131yor. Etin yumu\u015fak dokusu ve karamelize sosu, yan\u0131nda servis edilen \u00e7\u0131t\u0131r patateslerle m\u00fckemmel bir uyum yakal\u0131yor.<\/p>\n\n\n\n<h2 class=\"wp-block-heading\"><span class=\"ez-toc-section\" id=\"waffle\"><\/span><strong>Waffle<\/strong><span class=\"ez-toc-section-end\"><\/span><\/h2>\n\n\n\n<figure class=\"wp-block-image size-large\"><img decoding=\"async\" src=\"https:\/\/res.cloudinary.com\/turna\/image\/upload\/v1760085674\/wordpress-contents\/belgian_waffles.jpg\" alt=\"\"\/><\/figure>\n\n\n\n<p>Bel\u00e7ika waffle\u2019lar\u0131, sadece bir tatl\u0131 de\u011fil, adeta bir gelene\u011fi and\u0131r\u0131yor. D\u0131\u015f\u0131 \u00e7\u0131t\u0131r, i\u00e7i yumu\u015fac\u0131k bu lezzet, Br\u00fcksel\u2019de hafif ve kare bi\u00e7imli; Liege\u2019de ise yo\u011fun, karamelize \u015fekerli ve hamurumsu yap\u0131s\u0131yla \u00f6n plana \u00e7\u0131k\u0131yor. Sokak tezgahlar\u0131ndan y\u00fckselen vanilya kokusu sizi hemen cezbedebilir.<\/p>\n\n\n\n<h2 class=\"wp-block-heading\"><span class=\"ez-toc-section\" id=\"waterzooi\"><\/span><strong>Waterzooi<\/strong><span class=\"ez-toc-section-end\"><\/span><\/h2>\n\n\n\n<p>Waterzooi, Bel\u00e7ika mutfa\u011f\u0131n\u0131n en zarif yemekleri aras\u0131nda yer al\u0131yor. Tavuk ya da bal\u0131\u011f\u0131n sebzelerle bulu\u015ftu\u011fu bu kremal\u0131 g\u00fcve\u00e7, \u00f6zellikle so\u011fuk ak\u015famlarda s\u0131cac\u0131k bir s\u0131\u011f\u0131nak rol\u00fc \u00fcstleniyor. Yumurtal\u0131 ve kremal\u0131 sosu, hem hafif hem de doyurucu bir doku yarat\u0131yor. \u00c7\u0131t\u0131r ekmekle sosa band\u0131\u011f\u0131n\u0131zda t\u00fcm lezzetleri bir arada hissedebilirsiniz.<\/p>\n\n\n\n<h2 class=\"wp-block-heading\"><span class=\"ez-toc-section\" id=\"eel\"><\/span><strong>Eel<\/strong><span class=\"ez-toc-section-end\"><\/span><\/h2>\n\n\n\n<p>Y\u0131lan bal\u0131\u011f\u0131, Bel\u00e7ika mutfa\u011f\u0131nda deniz mahsullerinin en karakteristik temsilcileri aras\u0131nda bulunuyor. Genellikle taze ye\u015fil otlardan yap\u0131lan aromatik bir sosla servis ediliyor. Nane, maydanoz ve Frenk so\u011fan\u0131n\u0131n birle\u015fimiyle haz\u0131rlanan bu sos, bal\u0131\u011f\u0131n ya\u011fl\u0131 dokusuna m\u00fckemmel bir denge kazand\u0131r\u0131yor.<\/p>\n\n\n\n<h2 class=\"wp-block-heading\"><span class=\"ez-toc-section\" id=\"belcika_cikolatasi\"><\/span><strong>Bel\u00e7ika \u00c7ikolatas\u0131<\/strong><span class=\"ez-toc-section-end\"><\/span><\/h2>\n\n\n\n<figure class=\"wp-block-image size-large\"><img decoding=\"async\" src=\"https:\/\/res.cloudinary.com\/turna\/image\/upload\/v1760085977\/wordpress-contents\/Bel%C3%A7ika_%C3%87ikolatas%C4%B1.jpg\" alt=\"\"\/><\/figure>\n\n\n\n<p>Bel\u00e7ika \u00e7ikolatas\u0131, adeta tatl\u0131 d\u00fcnyas\u0131n\u0131n doruk noktas\u0131 olarak kabul g\u00f6r\u00fcyor. Her bir par\u00e7a, y\u00fczy\u0131llard\u0131r s\u00fcren ustal\u0131\u011f\u0131n ve zarif el i\u015f\u00e7ili\u011finin bir sonucu oldu\u011funu kan\u0131tl\u0131yor. Pralin\u2019in mucidi Neuhaus\u2019tan Leonidas ve Marcolini\u2019ye kadar her marka, bu gelene\u011fi kendi yorumuyla ya\u015fat\u0131yor. Kahve yan\u0131nda sunulan minicik bir \u00e7ikolata bile Bel\u00e7ika\u2019da bir ikramdan \u00e7ok daha fazlas\u0131 olarak damaklarda iz b\u0131rak\u0131yor.<\/p>\n\n\n\n<h2 class=\"wp-block-heading\"><span class=\"ez-toc-section\" id=\"speculaas\"><\/span><strong>Speculaas<\/strong><span class=\"ez-toc-section-end\"><\/span><\/h2>\n\n\n\n<p>Speculaas, Bel\u00e7ika\u2019n\u0131n tar\u00e7\u0131n kokulu s\u0131cac\u0131k hediyesi olarak tatl\u0131 severlerin mutlaka \u015fans vermesi gereken lezzetler aras\u0131nda yer al\u0131yor. Geleneksel olarak Aziz Nicholas G\u00fcn\u00fc\u2019nde yap\u0131lan bu \u00e7\u0131t\u0131r kurabiyeler, art\u0131k y\u0131l\u0131n her d\u00f6neminde raflarda yerini al\u0131yor. Tar\u00e7\u0131n, karanfil ve muskatla harmanlanan aromas\u0131yla k\u0131\u015f\u0131n huzurunu hissettiriyor.\u00a0<\/p>\n\n\n\n<h2 class=\"wp-block-heading\"><span class=\"ez-toc-section\" id=\"caricoles\"><\/span><strong>Caricoles<\/strong><span class=\"ez-toc-section-end\"><\/span><\/h2>\n\n\n\n<p>Caricoles, Br\u00fcksel sokaklar\u0131nda buhar\u0131 t\u00fcten tezgahlardan y\u00fckselen deniz kokusuyla gezginleri kendine \u00e7ekiyor. \u00d6zel baharatl\u0131 aromatik sos i\u00e7inde pi\u015firilen deniz salyangozlar\u0131, hem doyurucu hem de merak uyand\u0131r\u0131c\u0131 bir lezzet sunuyor. Genellikle k\u00fc\u00e7\u00fck sandvi\u00e7 ekmekleri aras\u0131nda servis ediliyor. Cesur tatlar sevenler i\u00e7in Bel\u00e7ika\u2019da mutlaka denenmesi gereken bir sokak klasi\u011fi olarak ke\u015ffinizi bekliyor.<\/p>\n\n\n\n<h2 class=\"wp-block-heading\"><span class=\"ez-toc-section\" id=\"steak_tartare\"><\/span><strong>Steak Tartare<\/strong><span class=\"ez-toc-section-end\"><\/span><\/h2>\n\n\n\n<figure class=\"wp-block-image size-large\"><img decoding=\"async\" src=\"https:\/\/res.cloudinary.com\/turna\/image\/upload\/v1760086305\/wordpress-contents\/bel%C3%A7ika_lezzet.jpg\" alt=\"\"\/><\/figure>\n\n\n\n<p>Steak Tartare, Br\u00fcksel mutfa\u011f\u0131n\u0131n en iddial\u0131 tatlar\u0131 aras\u0131nda yer al\u0131yor. \u0130nce k\u0131y\u0131lm\u0131\u015f s\u0131\u011f\u0131r eti, kapari, so\u011fan ve baharatlarla harmanlanarak haz\u0131rlan\u0131yor ve \u00fczerine taze bir yumurta sar\u0131s\u0131 eklenerek servis ediliyor. Bu yemek, sade g\u00f6r\u00fcn\u00fcm\u00fcn\u00fcn ard\u0131nda g\u00fc\u00e7l\u00fc ve rafine bir lezzet bar\u0131nd\u0131r\u0131yor.\u00a0<\/p>\n\n\n\n<h2 class=\"wp-block-heading\"><span class=\"ez-toc-section\" id=\"rijsttaart\"><\/span><strong>Rijsttaart<\/strong><span class=\"ez-toc-section-end\"><\/span><\/h2>\n\n\n\n<p>Rijsttaart, yani pirin\u00e7li tart, Bel\u00e7ika\u2019n\u0131n g\u00fcneyinden t\u00fcm \u00fclkeye yay\u0131lan nostaljik bir lezzet. Pirin\u00e7, s\u00fct ve kreman\u0131n yumu\u015fac\u0131k muhallebi dokusuyla bulu\u015ftu\u011fu bu tatl\u0131, alt\u0131n rengi kabu\u011fuyla hem g\u00f6z al\u0131c\u0131 hem de doyurucu bir deneyim vadediyor. Genellikle \u00e7ay saatlerinde ya da kahve e\u015fli\u011finde servis ediliyor.<\/p>\n\n\n\n<h2 class=\"wp-block-heading\"><span class=\"ez-toc-section\" id=\"belcika_peynirleri\"><\/span>Bel\u00e7ika Peynirleri<span class=\"ez-toc-section-end\"><\/span><\/h2>\n\n\n\n<figure class=\"wp-block-image size-large\"><img decoding=\"async\" src=\"https:\/\/res.cloudinary.com\/turna\/image\/upload\/v1760088034\/wordpress-contents\/Bel%C3%A7ika_Peynirleri.jpg\" alt=\"\"\/><\/figure>\n\n\n\n<p>Bel\u00e7ika peynirleri, \u00fclkenin zengin mutfak k\u00fclt\u00fcr\u00fcn\u00fcn en \u00f6zg\u00fcn par\u00e7alar\u0131 aras\u0131nda yer al\u0131yor. Y\u00fczy\u0131llard\u0131r manast\u0131rlarda \u00fcretilen bu peynirler, birayla olgunla\u015ft\u0131r\u0131lan aromatik yap\u0131lar\u0131yla tan\u0131n\u0131yor. Chimay, Orval ve Maredsous gibi peynirler kremaya benzer dokusuyla \u00f6ne \u00e7\u0131karken, Herve peyniri g\u00fc\u00e7l\u00fc kokusu ve global \u00fcn\u00fcyle Bel\u00e7ika\u2019n\u0131n simgeleri aras\u0131nda kabul g\u00f6r\u00fcyor. Bel\u00e7ika peynirleri her lokmada gelenek, zanaat ve kendine has bir karakter sunar.<\/p>\n\n\n\n<h2 class=\"wp-block-heading\"><span class=\"ez-toc-section\" id=\"cuberdon\"><\/span><strong>Cuberdon<\/strong><span class=\"ez-toc-section-end\"><\/span><\/h2>\n\n\n\n<figure class=\"wp-block-image size-large\"><img decoding=\"async\" src=\"https:\/\/res.cloudinary.com\/turna\/image\/upload\/v1760088242\/wordpress-contents\/Cuberdon.jpg\" alt=\"\"\/><\/figure>\n\n\n\n<p>Cuberdon, Bel\u00e7ika\u2019n\u0131n en \u00f6zg\u00fcn ve merak uyand\u0131ran tatl\u0131lar\u0131ndan biri. D\u0131\u015far\u0131dan bak\u0131ld\u0131\u011f\u0131nda k\u00fc\u00e7\u00fck, mor bir \u015feker gibi g\u00f6r\u00fcnse de i\u00e7i yumu\u015fac\u0131k ve meyve aromas\u0131yla dolu. Genellikle ahududu tad\u0131nda oluyor, ancak g\u00fcn\u00fcm\u00fczde vi\u015fne, limon hatta lavanta gibi farkl\u0131 versiyonlar\u0131 da bulunuyor. Gent\u2019in burnu olarak da bilinen bu ikonik \u015fekerleme, Bel\u00e7ika\u2019n\u0131n tatl\u0131 tarihiyle bulu\u015fmak i\u00e7in do\u011fru tercih.<\/p>\n\n\n\n<h2 class=\"wp-block-heading\"><span class=\"ez-toc-section\" id=\"pain_depices\"><\/span><strong>Pain d\u2019\u00e9pices<\/strong><span class=\"ez-toc-section-end\"><\/span><\/h2>\n\n\n\n<p>Pain d\u2019\u00e9pices, Bel\u00e7ika\u2019n\u0131n mis gibi kokan geleneksel lezzetlerinden biri. Zencefil, tar\u00e7\u0131n, karanfil ve bal\u0131n uyumuyla haz\u0131rlanan bu baharatl\u0131 kek, f\u0131r\u0131ndan \u00e7\u0131kt\u0131\u011f\u0131nda t\u00fcm evi s\u0131cak bir aromayla sar\u0131yor. Zencefilli kurabiyeyi and\u0131rsa da daha yo\u011fun, nemli ve kendine \u00f6zg\u00fc bir dokuya sahip. \u00c7ay saatlerinde ya da kahve yan\u0131nda m\u00fckemmel bir e\u015flik\u00e7i olarak \u015fans vermeniz gerekenler aras\u0131nda.<\/p>\n\n\n\n<p><a href=\"https:\/\/www.turna.com\/blog\/belcikada-gezilecek-5-sehir\" data-type=\"link\" data-id=\"https:\/\/www.turna.com\/blog\/belcikada-gezilecek-5-sehir\">Bel\u00e7ika\u2019da Gezilecek 5 \u015eehir<\/a> i\u00e7eri\u011fimize g\u00f6z atarak Bel\u00e7ika seyahatiniz i\u00e7in daha detayl\u0131 bilgi sahibi olabilirsiniz.<\/p>\n\n    <div class=\"xs_social_share_widget xs_share_url after_content \t\tmain_content  wslu-style-1 wslu-share-box-shaped wslu-fill-colored wslu-none wslu-share-horizontal wslu-theme-font-no wslu-main_content\">\n\n\t\t\n        <ul>\n\t\t\t        <\/ul>\n    <\/div> \n","protected":false},"excerpt":{"rendered":"<p>Bel\u00e7ika sadece masallar\u0131 an\u0131msatan kasabalar\u0131, etkileyici gotik mimarisi ve sanat dolu sokaklar\u0131yla de\u011fil; mutfa\u011f\u0131n\u0131n sundu\u011fu e\u015fsiz tatlarla da ke\u015ffe de\u011fer bir rota olarak dikkat \u00e7ekiyor. Waffle kokusunun y\u00fckseldi\u011fi ta\u015f sokaklarda y\u00fcr\u00fcrken bir k\u00f6\u015fede \u00e7\u0131t\u0131r patates k\u0131zartmalar\u0131, di\u011ferinde \u00f6zel et yemekleri sizi bekliyor. Her lokmada tarihin, k\u00fclt\u00fcr\u00fcn ve zarif bir lezzet anlay\u0131\u015f\u0131n\u0131n izlerini ta\u015f\u0131yan bu mutfak; [&hellip;]<\/p>\n","protected":false},"author":44,"featured_media":256,"comment_status":"open","ping_status":"open","sticky":false,"template":"","format":"standard","meta":{"rop_custom_images_group":[],"rop_custom_messages_group":[],"rop_publish_now":"initial","rop_publish_now_accounts":[],"rop_publish_now_history":[],"rop_publish_now_status":"pending","_cloudinary_featured_overwrite":false,"footnotes":""},"categories":[695,1],"tags":[35,36],"class_list":["post-25129","post","type-post","status-publish","format-standard","has-post-thumbnail","hentry","category-gurme","category-seyahat-rehberi","tag-belcika","tag-bruksel"],"_links":{"self":[{"href":"https:\/\/www.turna.com\/blog\/wp-json\/wp\/v2\/posts\/25129","targetHints":{"allow":["GET"]}}],"collection":[{"href":"https:\/\/www.turna.com\/blog\/wp-json\/wp\/v2\/posts"}],"about":[{"href":"https:\/\/www.turna.com\/blog\/wp-json\/wp\/v2\/types\/post"}],"author":[{"embeddable":true,"href":"https:\/\/www.turna.com\/blog\/wp-json\/wp\/v2\/users\/44"}],"replies":[{"embeddable":true,"href":"https:\/\/www.turna.com\/blog\/wp-json\/wp\/v2\/comments?post=25129"}],"version-history":[{"count":0,"href":"https:\/\/www.turna.com\/blog\/wp-json\/wp\/v2\/posts\/25129\/revisions"}],"wp:featuredmedia":[{"embeddable":true,"href":"https:\/\/www.turna.com\/blog\/wp-json\/wp\/v2\/media\/256"}],"wp:attachment":[{"href":"https:\/\/www.turna.com\/blog\/wp-json\/wp\/v2\/media?parent=25129"}],"wp:term":[{"taxonomy":"category","embeddable":true,"href":"https:\/\/www.turna.com\/blog\/wp-json\/wp\/v2\/categories?post=25129"},{"taxonomy":"post_tag","embeddable":true,"href":"https:\/\/www.turna.com\/blog\/wp-json\/wp\/v2\/tags?post=25129"}],"curies":[{"name":"wp","href":"https:\/\/api.w.org\/{rel}","templated":true}]}}