{"id":25110,"date":"2025-10-01T14:25:21","date_gmt":"2025-10-01T11:25:21","guid":{"rendered":"https:\/\/www.turna.com\/blog\/?p=25110"},"modified":"2025-10-01T14:25:23","modified_gmt":"2025-10-01T11:25:23","slug":"ekim-ayi-etkinlik-takvimi","status":"publish","type":"post","link":"https:\/\/www.turna.com\/blog\/ekim-ayi-etkinlik-takvimi","title":{"rendered":"Ekim Ay\u0131 Etkinlik Takvimi"},"content":{"rendered":"<div id=\"ez-toc-container\" class=\"ez-toc-v2_0_82_2 counter-hierarchy ez-toc-counter ez-toc-black ez-toc-container-direction\">\n<div class=\"ez-toc-title-container\">\n<p class=\"ez-toc-title\" style=\"cursor:inherit\">\u0130\u00e7indekiler<\/p>\n<span class=\"ez-toc-title-toggle\"><a href=\"#\" class=\"ez-toc-pull-right ez-toc-btn ez-toc-btn-xs ez-toc-btn-default ez-toc-toggle\" aria-label=\"\u0130\u00e7indekiler Tablosunu A\u00e7\/Kapat\"><span class=\"ez-toc-js-icon-con\"><span class=\"\"><span class=\"eztoc-hide\" style=\"display:none;\">Toggle<\/span><span class=\"ez-toc-icon-toggle-span\"><svg style=\"fill: #ffffff;color:#ffffff\" xmlns=\"http:\/\/www.w3.org\/2000\/svg\" class=\"list-377408\" width=\"20px\" height=\"20px\" viewBox=\"0 0 24 24\" fill=\"none\"><path d=\"M6 6H4v2h2V6zm14 0H8v2h12V6zM4 11h2v2H4v-2zm16 0H8v2h12v-2zM4 16h2v2H4v-2zm16 0H8v2h12v-2z\" fill=\"currentColor\"><\/path><\/svg><svg style=\"fill: #ffffff;color:#ffffff\" class=\"arrow-unsorted-368013\" xmlns=\"http:\/\/www.w3.org\/2000\/svg\" width=\"10px\" height=\"10px\" viewBox=\"0 0 24 24\" version=\"1.2\" baseProfile=\"tiny\"><path d=\"M18.2 9.3l-6.2-6.3-6.2 6.3c-.2.2-.3.4-.3.7s.1.5.3.7c.2.2.4.3.7.3h11c.3 0 .5-.1.7-.3.2-.2.3-.5.3-.7s-.1-.5-.3-.7zM5.8 14.7l6.2 6.3 6.2-6.3c.2-.2.3-.5.3-.7s-.1-.5-.3-.7c-.2-.2-.4-.3-.7-.3h-11c-.3 0-.5.1-.7.3-.2.2-.3.5-.3.7s.1.5.3.7z\"\/><\/svg><\/span><\/span><\/span><\/a><\/span><\/div>\n<nav><ul class='ez-toc-list ez-toc-list-level-1 eztoc-toggle-hide-by-default' ><li class='ez-toc-page-1 ez-toc-heading-level-2'><a class=\"ez-toc-link ez-toc-heading-1\" href=\"https:\/\/www.turna.com\/blog\/ekim-ayi-etkinlik-takvimi\/#istanbul_ekim_ayi_etkinlik_takvimi\" >\u0130stanbul Ekim Ay\u0131 Etkinlik Takvimi<\/a><ul class='ez-toc-list-level-3' ><li class='ez-toc-heading-level-3'><a class=\"ez-toc-link ez-toc-heading-2\" href=\"https:\/\/www.turna.com\/blog\/ekim-ayi-etkinlik-takvimi\/#robbie_williams_live_2025\" >Robbie Williams Live 2025\u00a0<\/a><\/li><li class='ez-toc-page-1 ez-toc-heading-level-3'><a class=\"ez-toc-link ez-toc-heading-3\" href=\"https:\/\/www.turna.com\/blog\/ekim-ayi-etkinlik-takvimi\/#yasar\" >Ya\u015far\u00a0<\/a><\/li><li class='ez-toc-page-1 ez-toc-heading-level-3'><a class=\"ez-toc-link ez-toc-heading-4\" href=\"https:\/\/www.turna.com\/blog\/ekim-ayi-etkinlik-takvimi\/#ajda_pekkan\" >Ajda Pekkan\u00a0<\/a><\/li><li class='ez-toc-page-1 ez-toc-heading-level-3'><a class=\"ez-toc-link ez-toc-heading-5\" href=\"https:\/\/www.turna.com\/blog\/ekim-ayi-etkinlik-takvimi\/#don_quixote\" >Don Quixote\u00a0<\/a><\/li><li class='ez-toc-page-1 ez-toc-heading-level-3'><a class=\"ez-toc-link ez-toc-heading-6\" href=\"https:\/\/www.turna.com\/blog\/ekim-ayi-etkinlik-takvimi\/#aydinlikevler\" >Ayd\u0131nl\u0131kevler\u00a0<\/a><\/li><li class='ez-toc-page-1 ez-toc-heading-level-3'><a class=\"ez-toc-link ez-toc-heading-7\" href=\"https:\/\/www.turna.com\/blog\/ekim-ayi-etkinlik-takvimi\/#yuzuklerin_efendisi_kralin_donusu_konser\" >Y\u00fcz\u00fcklerin Efendisi Kral\u0131n D\u00f6n\u00fc\u015f\u00fc Konser\u00a0<\/a><\/li><li class='ez-toc-page-1 ez-toc-heading-level-3'><a class=\"ez-toc-link ez-toc-heading-8\" href=\"https:\/\/www.turna.com\/blog\/ekim-ayi-etkinlik-takvimi\/#kel_diva\" >Kel Diva<\/a><\/li><li class='ez-toc-page-1 ez-toc-heading-level-3'><a class=\"ez-toc-link ez-toc-heading-9\" href=\"https:\/\/www.turna.com\/blog\/ekim-ayi-etkinlik-takvimi\/#maximum_genclik_festivali\" >Maximum Gen\u00e7lik Festivali\u00a0<\/a><\/li><li class='ez-toc-page-1 ez-toc-heading-level-3'><a class=\"ez-toc-link ez-toc-heading-10\" href=\"https:\/\/www.turna.com\/blog\/ekim-ayi-etkinlik-takvimi\/#sakir_pasa_ailesinin_bes_harikasi\" >\u015eakir Pa\u015fa Ailesi&#8217;nin Be\u015f Harikas\u0131<\/a><\/li><\/ul><\/li><li class='ez-toc-page-1 ez-toc-heading-level-2'><a class=\"ez-toc-link ez-toc-heading-11\" href=\"https:\/\/www.turna.com\/blog\/ekim-ayi-etkinlik-takvimi\/#ankara_ekim_ayi_etkinlik_takvimi\" >Ankara Ekim Ay\u0131 Etkinlik Takvimi<\/a><ul class='ez-toc-list-level-3' ><li class='ez-toc-heading-level-3'><a class=\"ez-toc-link ez-toc-heading-12\" href=\"https:\/\/www.turna.com\/blog\/ekim-ayi-etkinlik-takvimi\/#evgeny_grinko_konseri\" >Evgeny Grinko Konseri\u00a0<\/a><\/li><li class='ez-toc-page-1 ez-toc-heading-level-3'><a class=\"ez-toc-link ez-toc-heading-13\" href=\"https:\/\/www.turna.com\/blog\/ekim-ayi-etkinlik-takvimi\/#selda_bagcan\" >Selda Ba\u011fcan<\/a><\/li><li class='ez-toc-page-1 ez-toc-heading-level-3'><a class=\"ez-toc-link ez-toc-heading-14\" href=\"https:\/\/www.turna.com\/blog\/ekim-ayi-etkinlik-takvimi\/#evrencan_gunduz\" >Evrencan G\u00fcnd\u00fcz\u00a0<\/a><\/li><li class='ez-toc-page-1 ez-toc-heading-level-3'><a class=\"ez-toc-link ez-toc-heading-15\" href=\"https:\/\/www.turna.com\/blog\/ekim-ayi-etkinlik-takvimi\/#fareler_ve_insanlar\" >Fareler ve \u0130nsanlar<\/a><\/li><li class='ez-toc-page-1 ez-toc-heading-level-3'><a class=\"ez-toc-link ez-toc-heading-16\" href=\"https:\/\/www.turna.com\/blog\/ekim-ayi-etkinlik-takvimi\/#cocktail_festival\" >Cocktail Festival<\/a><\/li><li class='ez-toc-page-1 ez-toc-heading-level-3'><a class=\"ez-toc-link ez-toc-heading-17\" href=\"https:\/\/www.turna.com\/blog\/ekim-ayi-etkinlik-takvimi\/#kurk_mantolu_madonna\" >K\u00fcrk Mantolu Madonna\u00a0<\/a><\/li><\/ul><\/li><li class='ez-toc-page-1 ez-toc-heading-level-2'><a class=\"ez-toc-link ez-toc-heading-18\" href=\"https:\/\/www.turna.com\/blog\/ekim-ayi-etkinlik-takvimi\/#izmir_ekim_ayi_etkinlik_takvimi\" >\u0130zmir Ekim Ay\u0131 Etkinlik Takvimi<\/a><ul class='ez-toc-list-level-3' ><li class='ez-toc-heading-level-3'><a class=\"ez-toc-link ez-toc-heading-19\" href=\"https:\/\/www.turna.com\/blog\/ekim-ayi-etkinlik-takvimi\/#can_bonomo_%e2%80%93_evrencan_gunduz_konseri\" >Can Bonomo &#8211; Evrencan G\u00fcnd\u00fcz Konseri\u00a0<\/a><\/li><li class='ez-toc-page-1 ez-toc-heading-level-3'><a class=\"ez-toc-link ez-toc-heading-20\" href=\"https:\/\/www.turna.com\/blog\/ekim-ayi-etkinlik-takvimi\/#cok_guzel_hareketler_2\" >\u00c7ok G\u00fczel Hareketler 2\u00a0<\/a><\/li><li class='ez-toc-page-1 ez-toc-heading-level-3'><a class=\"ez-toc-link ez-toc-heading-21\" href=\"https:\/\/www.turna.com\/blog\/ekim-ayi-etkinlik-takvimi\/#saksakcilar\" >\u015eak\u015fak\u00e7\u0131lar\u00a0<\/a><\/li><li class='ez-toc-page-1 ez-toc-heading-level-3'><a class=\"ez-toc-link ez-toc-heading-22\" href=\"https:\/\/www.turna.com\/blog\/ekim-ayi-etkinlik-takvimi\/#izmir_elektronik_muzik_festivali\" >\u0130zmir Elektronik M\u00fczik Festivali\u00a0<\/a><\/li><li class='ez-toc-page-1 ez-toc-heading-level-3'><a class=\"ez-toc-link ez-toc-heading-23\" href=\"https:\/\/www.turna.com\/blog\/ekim-ayi-etkinlik-takvimi\/#yalin_%e2%80%93_bir_buyulu_gece\" >Yal\u0131n &#8211; Bir B\u00fcy\u00fcl\u00fc Gece\u00a0<\/a><\/li><li class='ez-toc-page-1 ez-toc-heading-level-3'><a class=\"ez-toc-link ez-toc-heading-24\" href=\"https:\/\/www.turna.com\/blog\/ekim-ayi-etkinlik-takvimi\/#geleneksel_6_buyuk_efes_bag_bozumu_festivali\" >Geleneksel 6. B\u00fcy\u00fck Efes Ba\u011f Bozumu Festivali\u00a0<\/a><\/li><li class='ez-toc-page-1 ez-toc-heading-level-3'><a class=\"ez-toc-link ez-toc-heading-25\" href=\"https:\/\/www.turna.com\/blog\/ekim-ayi-etkinlik-takvimi\/#alsancak_muzik_festivali\" >Alsancak M\u00fczik Festivali<\/a><\/li><\/ul><\/li><li class='ez-toc-page-1 ez-toc-heading-level-2'><a class=\"ez-toc-link ez-toc-heading-26\" href=\"https:\/\/www.turna.com\/blog\/ekim-ayi-etkinlik-takvimi\/#turkiye_genelinde_one_cikan_ekim_ayi_etkinlik_takvimi\" >T\u00fcrkiye Genelinde \u00d6ne \u00c7\u0131kan Ekim Ay\u0131 Etkinlik Takvimi<\/a><ul class='ez-toc-list-level-3' ><li class='ez-toc-heading-level-3'><a class=\"ez-toc-link ez-toc-heading-27\" href=\"https:\/\/www.turna.com\/blog\/ekim-ayi-etkinlik-takvimi\/#eskisehir_gastro_fest-eskisehir\" >Eski\u015fehir Gastro Fest-Eski\u015fehir<\/a><\/li><li class='ez-toc-page-1 ez-toc-heading-level-3'><a class=\"ez-toc-link ez-toc-heading-28\" href=\"https:\/\/www.turna.com\/blog\/ekim-ayi-etkinlik-takvimi\/#canakkale_muzik_festivali_%e2%80%93_canakkale\" >\u00c7anakkale M\u00fczik Festivali &#8211; \u00c7anakkale<\/a><\/li><li class='ez-toc-page-1 ez-toc-heading-level-3'><a class=\"ez-toc-link ez-toc-heading-29\" href=\"https:\/\/www.turna.com\/blog\/ekim-ayi-etkinlik-takvimi\/#anadolu_atesi_%e2%80%93_antalya\" >Anadolu Ate\u015fi &#8211; Antalya<\/a><\/li><li class='ez-toc-page-1 ez-toc-heading-level-3'><a class=\"ez-toc-link ez-toc-heading-30\" href=\"https:\/\/www.turna.com\/blog\/ekim-ayi-etkinlik-takvimi\/#candan_ercetin_30_yil_konseri-adana\" >Candan Er\u00e7etin 30. Y\u0131l Konseri-Adana<\/a><\/li><li class='ez-toc-page-1 ez-toc-heading-level-3'><a class=\"ez-toc-link ez-toc-heading-31\" href=\"https:\/\/www.turna.com\/blog\/ekim-ayi-etkinlik-takvimi\/#4_samsun_tiyatro_festivali-samsun\" >4. Samsun Tiyatro Festivali-Samsun<\/a><\/li><\/ul><\/li><\/ul><\/nav><\/div>\n\n<p>Ekim ay\u0131 geldi\u011finde \u015fehirlerin havas\u0131 bamba\u015fka bir ruha b\u00fcr\u00fcn\u00fcyor. Yaz\u0131n tela\u015f\u0131 geride kal\u0131rken, sokaklara serin bir r\u00fczgar, parklara rengarenk yapraklar hakim oluyor. Ama ekim ay\u0131n\u0131 \u00f6zel yapan \u015fey do\u011fan\u0131n de\u011fi\u015fiminin yan\u0131nda, k\u00fclt\u00fcr ve sanatla dolu dopdolu etkinlikler. Bu d\u00f6nemde kendinize biraz zaman ay\u0131r\u0131p konserlere, tiyatrolara ya da sergilere kat\u0131lmak, \u015fehrin enerjisini hissetmenin en keyifli yollar\u0131ndan biri oluyor.<\/p>\n\n\n\n<p>T\u00fcrkiye\u2019nin bir\u00e7ok \u015fehrinde bu ay birbirinden g\u00fczel etkinlikler sizleri bekliyor. D\u00fcnya \u00e7ap\u0131nda y\u0131ld\u0131zlar\u0131n konserlerinden yerli sanat\u00e7\u0131lar\u0131n unutulmaz performanslar\u0131na, tiyatro oyunlar\u0131ndan b\u00fcy\u00fck sergilere kadar her zevke hitap eden bir takvim var. Gelin, <strong>Ekim Ay\u0131 Etkinlik Takvimi<\/strong>\u2019nde neler olup bitecek, birlikte ke\u015ffedelim.<\/p>\n\n\n\n<h2 class=\"wp-block-heading has-text-align-center has-neeon-button-dark-gray-color has-text-color has-link-color wp-elements-64facf9c67396438bf6738b9f9e2e009\"><span class=\"ez-toc-section\" id=\"istanbul_ekim_ayi_etkinlik_takvimi\"><\/span><strong><strong><strong><strong><strong>\u0130stanbul Ekim Ay\u0131 Etkinlik Takvimi<\/strong><\/strong><\/strong><\/strong><\/strong><span class=\"ez-toc-section-end\"><\/span><\/h2>\n\n\n\n<figure class=\"wp-block-image size-large\"><img decoding=\"async\" src=\"https:\/\/res.cloudinary.com\/turna\/image\/upload\/v1751362042\/wordpress-contents\/temmuz_etkinlik_takvimi1.jpg\" alt=\"\"\/><\/figure>\n\n\n\n<p>\u0130stanbul\u2019da ekim ay\u0131, sonbahar\u0131n gelmesiyle k\u00fclt\u00fcr-sanat \u015f\u00f6lenine d\u00f6n\u00fc\u015f\u00fcyor. D\u00fcnyaca \u00fcnl\u00fc isimlerden tiyatro sahnelerinin usta oyuncular\u0131na, gen\u00e7lik festivallerinden unutulmaz konserlere kadar \u00e7ok geni\u015f bir yelpazede etkinlik sizleri bekliyor. \u015eimdi gelin, bu ay\u0131 renklendirecek etkinliklere tek tek g\u00f6z atal\u0131m. <br>Etkinliklere kat\u0131lmak istiyorsan\u0131z da <strong><a href=\"https:\/\/www.turna.com\/ucak-bileti\/istanbul\">\u0130stanbul u\u00e7ak bileti<\/a><\/strong> se\u00e7eneklerine g\u00f6z at\u0131n.<\/p>\n\n\n\n<h3 class=\"wp-block-heading has-text-align-center has-neeon-button-dark-gray-color has-text-color has-link-color wp-elements-5138299daf0da36d2e02d13218ed173f\"><span class=\"ez-toc-section\" id=\"robbie_williams_live_2025\"><\/span><strong><strong><strong><strong>Robbie Williams Live 2025\u00a0<\/strong><\/strong><\/strong><\/strong><span class=\"ez-toc-section-end\"><\/span><\/h3>\n\n\n\n<p>Robbie Williams, y\u0131llar sonra yeniden \u0130stanbul\u2019a geliyor. Atak\u00f6y Marina\u2019n\u0131n deniz kenar\u0131ndaki b\u00fcy\u00fcleyici atmosferinde ger\u00e7ekle\u015fecek konser, m\u00fczikseverlere unutulmaz bir gece ya\u015fatacak. Hit par\u00e7alar\u0131yla sahneyi sallayacak olan Williams, enerjisi ve sahne \u015fovlar\u0131yla izleyenleri b\u00fcy\u00fclemeyi her zaman ba\u015far\u0131yor. Bu geceyi ajandan\u0131za mutlaka not edin.<\/p>\n\n\n\n<p><strong>Tarih: <\/strong>7 Ekim<\/p>\n\n\n\n<h3 class=\"wp-block-heading has-text-align-center has-neeon-button-dark-gray-color has-text-color has-link-color wp-elements-5cd210ca889b38507830ce91c0d1547f\"><span class=\"ez-toc-section\" id=\"yasar\"><\/span><strong><strong><strong><strong>Ya\u015far\u00a0<\/strong><\/strong><\/strong><\/strong><span class=\"ez-toc-section-end\"><\/span><\/h3>\n\n\n\n<p>T\u00fcrk pop m\u00fczi\u011finin en romantik seslerinden biri olan Ya\u015far, bu kez Harbiye A\u00e7\u0131khava sahnesinde sevenleriyle bulu\u015fuyor. \u015eark\u0131lar\u0131yla haf\u0131zalara kaz\u0131nan sanat\u00e7\u0131, sahnedeki samimiyeti ve s\u0131cakl\u0131\u011f\u0131yla da biliniyor. Harbiye\u2019nin tarihi atmosferinde, g\u00f6ky\u00fcz\u00fcn\u00fcn alt\u0131nda m\u00fczik dinlemek ba\u015fl\u0131 ba\u015f\u0131na \u00f6zel bir deneyimken, Ya\u015far\u2019\u0131n duygusal performans\u0131 geceye ayr\u0131 bir anlam katacak.&nbsp;<\/p>\n\n\n\n<p><strong>Tarih: <\/strong>8 Ekim<\/p>\n\n\n\n<h3 class=\"wp-block-heading has-text-align-center has-neeon-button-dark-gray-color has-text-color has-link-color wp-elements-bc7499239731a3dc5a05986086c71701\"><span class=\"ez-toc-section\" id=\"ajda_pekkan\"><\/span><strong><strong><strong><strong>Ajda Pekkan\u00a0<\/strong><\/strong><\/strong><\/strong><span class=\"ez-toc-section-end\"><\/span><\/h3>\n\n\n\n<p>T\u00fcrkiye\u2019nin S\u00fcperstar\u2019\u0131 Ajda Pekkan, 11 Ekim\u2019de Harbiye A\u00e7\u0131khava\u2019da sahneye \u00e7\u0131k\u0131yor. Y\u0131llara meydan okuyan enerjisi, g\u00fc\u00e7l\u00fc sesi ve unutulmaz repertuvar\u0131yla Ajda Pekkan konserleri her zaman bamba\u015fka bir deneyim. Ge\u00e7mi\u015ften bug\u00fcne uzanan m\u00fczik yolculu\u011funa \u00e7\u0131kmaya haz\u0131r olun.&nbsp;<\/p>\n\n\n\n<p><strong>Tarih: <\/strong>11 Ekim<\/p>\n\n\n\n<h3 class=\"wp-block-heading has-text-align-center has-neeon-button-dark-gray-color has-text-color has-link-color wp-elements-f1d24a279a84dab4d52e64b3962682f2\"><span class=\"ez-toc-section\" id=\"don_quixote\"><\/span><strong><strong><strong><strong>Don Quixote\u00a0<\/strong><\/strong><\/strong><\/strong><span class=\"ez-toc-section-end\"><\/span><\/h3>\n\n\n\n<p>\u0130spanyol edebiyat\u0131n\u0131n \u00f6l\u00fcms\u00fcz kahraman\u0131 Don Quixote, bu kez \u0130stanbul sahnesine ta\u015f\u0131n\u0131yor. Zuhal Olcay, Sel\u00e7uk Y\u00f6ntem ve Cengiz Bozkurt gibi usta oyuncular\u0131n yer ald\u0131\u011f\u0131 bu prod\u00fcksiyon, izleyenleri hem d\u00fc\u015f\u00fcnd\u00fcren hem de kahkahalara bo\u011fan bir hikayeye davet ediyor. Ekim ay\u0131nda tiyatroya gitmek isteyenler i\u00e7in bu oyun, kesinlikle ka\u00e7\u0131r\u0131lmamas\u0131 gereken bir se\u00e7enek.<\/p>\n\n\n\n<p><strong>Tarih: <\/strong>12-13-14-17 Ekim<\/p>\n\n\n\n<h3 class=\"wp-block-heading has-text-align-center has-neeon-button-dark-gray-color has-text-color has-link-color wp-elements-5eafb7900e2cf31dc08634a07e87347b\"><span class=\"ez-toc-section\" id=\"aydinlikevler\"><\/span><strong><strong><strong><strong>Ayd\u0131nl\u0131kevler\u00a0<\/strong><\/strong><\/strong><\/strong><span class=\"ez-toc-section-end\"><\/span><\/h3>\n\n\n\n<p>Demet Akba\u011f ve Salih Bademci\u2019nin ba\u015frollerini payla\u015ft\u0131\u011f\u0131 Ayd\u0131nl\u0131kevler, hem g\u00fcld\u00fcren hem h\u00fcz\u00fcnlendiren bir oyun. T\u00fcrkiye\u2019nin toplumsal de\u011fi\u015fimlerini, aile ili\u015fkilerini ve ku\u015fak \u00e7at\u0131\u015fmalar\u0131n\u0131 e\u011flenceli bir dille ele al\u0131yor. Maximum UNIQ Hall\u2019\u00fcn konforlu salonunda bu keyifli oyunu izlemek, ekim ak\u015fam\u0131n\u0131z\u0131 unutulmaz hale getirecek.<\/p>\n\n\n\n<p><strong>Tarih: <\/strong>16 Ekim<\/p>\n\n\n\n<h3 class=\"wp-block-heading has-text-align-center has-neeon-button-dark-gray-color has-text-color has-link-color wp-elements-581101d941fcbe19cd42129af3a58942\"><span class=\"ez-toc-section\" id=\"yuzuklerin_efendisi_kralin_donusu_konser\"><\/span><strong><strong><strong><strong>Y\u00fcz\u00fcklerin Efendisi Kral\u0131n D\u00f6n\u00fc\u015f\u00fc Konser\u00a0<\/strong><\/strong><\/strong><\/strong><span class=\"ez-toc-section-end\"><\/span><\/h3>\n\n\n\n<p>D\u00fcnyaca \u00fcnl\u00fc Y\u00fcz\u00fcklerin Efendisi serisinin final filmi Kral\u0131n D\u00f6n\u00fc\u015f\u00fc, bu kez dev bir orkestran\u0131n canl\u0131 performans\u0131 e\u015fli\u011finde izleyiciyle bulu\u015fuyor. Volkswagen Arena\u2019da ger\u00e7ekle\u015fecek etkinlikte, filmin efsane m\u00fczikleri dev ekranda film g\u00f6sterimiyle birlikte canl\u0131 olarak icra edilecek. Howard Shore\u2019un b\u00fcy\u00fcleyici besteleri, orkestran\u0131n g\u00fcc\u00fcyle birle\u015fti\u011finde ortaya \u00e7\u0131kan etkiyi kelimelerle anlatmak zor.&nbsp;<\/p>\n\n\n\n<p><strong>Tarih: <\/strong>18-19 Ekim<\/p>\n\n\n\n<h3 class=\"wp-block-heading has-text-align-center has-neeon-button-dark-gray-color has-text-color has-link-color wp-elements-a4f2b2dcdc0cc2768ff916e79d313819\"><span class=\"ez-toc-section\" id=\"kel_diva\"><\/span><strong><strong><strong><strong>Kel Diva<\/strong><\/strong><\/strong><\/strong><span class=\"ez-toc-section-end\"><\/span><\/h3>\n\n\n\n<p>Haluk Bilginer ve Zuhal Olcay gibi T\u00fcrkiye tiyatrosunun duayen isimlerini ayn\u0131 sahnede g\u00f6rmek ba\u015fl\u0131 ba\u015f\u0131na b\u00fcy\u00fck bir ayr\u0131cal\u0131k. Kel Diva, abs\u00fcrt tiyatronun en \u00f6nemli \u00f6rneklerinden biri olarak seyirciye s\u0131ra d\u0131\u015f\u0131 bir deneyim sunuyor. Oyunun mizahi dili, ironik g\u00f6ndermeleri ve g\u00fc\u00e7l\u00fc oyunculuklar\u0131yla sizi hem g\u00fcld\u00fcr\u00fcp hem d\u00fc\u015f\u00fcnd\u00fcrmesi garanti.&nbsp;<\/p>\n\n\n\n<p><strong>Tarih: <\/strong>20 Ekim<\/p>\n\n\n\n<h3 class=\"wp-block-heading has-text-align-center has-neeon-button-dark-gray-color has-text-color has-link-color wp-elements-358d6757f7a7c1e8e360cdef96e19cee\"><span class=\"ez-toc-section\" id=\"maximum_genclik_festivali\"><\/span><strong><strong><strong><strong>Maximum Gen\u00e7lik Festivali\u00a0<\/strong><\/strong><\/strong><\/strong><span class=\"ez-toc-section-end\"><\/span><\/h3>\n\n\n\n<p>M\u00fczi\u011fin enerjisini doyas\u0131ya ya\u015famak isteyen gen\u00e7ler i\u00e7in ekim ay\u0131nda bir festival var: Maximum Gen\u00e7lik Festivali! Hande Yener, Madrigal, \u00c7akal ve Skapova gibi birbirinden farkl\u0131 tarzlara sahip sanat\u00e7\u0131lar\u0131n sahne alaca\u011f\u0131 festival, gen\u00e7lik enerjisini \u0130stanbul\u2019a ta\u015f\u0131yor. A\u00e7\u0131khavada m\u00fczik, dans, e\u011flence ve bol bol enerjiyle dolu bir g\u00fcn sizi bekliyor.&nbsp;<\/p>\n\n\n\n<p><strong>Tarih: <\/strong>11 Ekim<\/p>\n\n\n\n<h3 class=\"wp-block-heading has-text-align-center has-neeon-button-dark-gray-color has-text-color has-link-color wp-elements-18b81822cddef87d13bcc178c4e6dd00\"><span class=\"ez-toc-section\" id=\"sakir_pasa_ailesinin_bes_harikasi\"><\/span><strong><strong><strong><strong>\u015eakir Pa\u015fa Ailesi&#8217;nin Be\u015f Harikas\u0131<\/strong><\/strong><\/strong><\/strong><span class=\"ez-toc-section-end\"><\/span><\/h3>\n\n\n\n<p>\u0130stanbul\u2019un k\u00fclt\u00fcr sanat hayat\u0131na damga vuran AKM\u2019de devam eden bu sergi, \u015eakir Pa\u015fa ailesinin sanata ve k\u00fclt\u00fcre katk\u0131lar\u0131n\u0131 g\u00f6zler \u00f6n\u00fcne seriyor. Resimler, belgeler, \u00f6zel koleksiyonlar ve \u00e7ok daha fazlas\u0131, ziyaret\u00e7ilere hem tarihi hem de sanatsal bir yolculuk sunuyor. Ekim ay\u0131 boyunca a\u00e7\u0131k olacak sergiye mutlaka zaman ay\u0131r\u0131n.<\/p>\n\n\n\n<p><strong>Tarih: <\/strong>27 Eyl\u00fcl &#8211; 31 Aral\u0131k 2025<\/p>\n\n\n\n<h2 class=\"wp-block-heading has-text-align-center has-neeon-button-dark-gray-color has-text-color has-link-color wp-elements-6ef1dc5a434e1e0da4f7d991eb936acd\"><span class=\"ez-toc-section\" id=\"ankara_ekim_ayi_etkinlik_takvimi\"><\/span><strong><strong><strong><strong><strong><strong><strong>Ankara Ekim Ay\u0131 Etkinlik Takvimi<\/strong><\/strong><\/strong><\/strong><\/strong><\/strong><\/strong><span class=\"ez-toc-section-end\"><\/span><\/h2>\n\n\n\n<figure class=\"wp-block-image size-large\"><img width=\"800\" height=\"500\" data-public-id=\"mayisayietkinliktakvimi\/mayisayietkinliktakvimi.jpg\" decoding=\"async\" src=\"https:\/\/res.cloudinary.com\/turna\/images\/w_800,h_500,c_scale\/f_auto,q_auto:low\/v1746177945\/mayisayietkinliktakvimi\/mayisayietkinliktakvimi.jpg?_i=AA\" alt=\"\" class=\"wp-post-0 wp-image-23813\" data-format=\"jpg\" data-transformations=\"f_auto,q_auto:low\" data-version=\"1746177945\" data-seo=\"1\" srcset=\"https:\/\/res.cloudinary.com\/turna\/images\/f_auto,q_auto:low\/v1746177945\/mayisayietkinliktakvimi\/mayisayietkinliktakvimi.jpg?_i=AA 800w, https:\/\/res.cloudinary.com\/turna\/images\/w_300,h_188,c_scale\/f_auto,q_auto:low\/v1746177945\/mayisayietkinliktakvimi\/mayisayietkinliktakvimi.jpg?_i=AA 300w, https:\/\/res.cloudinary.com\/turna\/images\/w_672,h_420,c_scale\/f_auto,q_auto:low\/v1746177945\/mayisayietkinliktakvimi\/mayisayietkinliktakvimi.jpg?_i=AA 672w, https:\/\/res.cloudinary.com\/turna\/images\/w_640,h_400,c_scale\/f_auto,q_auto:low\/v1746177945\/mayisayietkinliktakvimi\/mayisayietkinliktakvimi.jpg?_i=AA 640w, https:\/\/res.cloudinary.com\/turna\/images\/w_681,h_426,c_scale\/f_auto,q_auto:low\/v1746177945\/mayisayietkinliktakvimi\/mayisayietkinliktakvimi.jpg?_i=AA 681w\" sizes=\"(max-width: 800px) 100vw, 800px\" \/><\/figure>\n\n\n\n<p>Ba\u015fkentte sonbahar ayr\u0131 bir g\u00fczeldir. Serinleyen hava, a\u011fa\u00e7lardan d\u00fc\u015fen yapraklar\u0131n yaratt\u0131\u011f\u0131 manzara ve \u015fehrin kendine \u00f6zg\u00fc dinginli\u011fi, ekim ay\u0131n\u0131 Ankara\u2019da \u00e7ok \u00f6zel k\u0131l\u0131yor. Ama bu ay\u0131 \u00f6zel yapan \u015feylerden biri de birbirinden renkli konserler, tiyatrolar ve festivallerle dolu k\u00fclt\u00fcr-sanat takvimi. Ekim boyunca \u015fehrin d\u00f6rt bir yan\u0131nda sahneye \u00e7\u0131kacak sanat\u00e7\u0131lar ve sergilenecek oyunlar sayesinde Ankara\u2019dakiler i\u00e7in her g\u00fcn ayr\u0131 bir heyecan var.<\/p>\n\n\n\n<p><strong><a href=\"https:\/\/www.turna.com\/ucak-bileti\/ankara\">Ankara u\u00e7ak bileti<\/a><\/strong> se\u00e7enekleri Turna&#8217;da!<\/p>\n\n\n\n<h3 class=\"wp-block-heading has-text-align-center has-neeon-button-dark-gray-color has-text-color has-link-color wp-elements-df8b567ce4397de94222046fe7a4cfc2\"><span class=\"ez-toc-section\" id=\"evgeny_grinko_konseri\"><\/span><strong><strong><strong><strong>Evgeny Grinko Konseri\u00a0<\/strong><\/strong><\/strong><\/strong><span class=\"ez-toc-section-end\"><\/span><\/h3>\n\n\n\n<p>Piyano ba\u015f\u0131na ge\u00e7ti\u011finde ba\u015fka bir d\u00fcnyan\u0131n kap\u0131lar\u0131n\u0131 aralayan Evgeny Grinko, Ankara\u2019ya geliyor. G\u00f6n\u00fcllerde taht kuran sanat\u00e7\u0131, minimalist besteleri ve duygusal ezgileriyle dinleyicilerini b\u00fcy\u00fcleyecek. Congresium\u2019un etkileyici akusti\u011finde Grinko\u2019nun piyano t\u0131n\u0131lar\u0131n\u0131 dinlemek, sonbahar ak\u015fam\u0131na ruhunuzu \u0131s\u0131tacak bir dokunu\u015f katacak.<\/p>\n\n\n\n<p><strong>Tarih: <\/strong>8 Ekim<\/p>\n\n\n\n<h3 class=\"wp-block-heading has-text-align-center has-neeon-button-dark-gray-color has-text-color has-link-color wp-elements-60e5295ef6ba2955020ae8f5b3ae27fb\"><span class=\"ez-toc-section\" id=\"selda_bagcan\"><\/span><strong><strong><strong><strong>Selda Ba\u011fcan<\/strong><\/strong><\/strong><\/strong><span class=\"ez-toc-section-end\"><\/span><\/h3>\n\n\n\n<p>T\u00fcrk m\u00fczi\u011finin efsane sesi Selda Ba\u011fcan, 10 Ekim\u2019de Ankaral\u0131larla bulu\u015fuyor. Duygulu yorumu, sahnedeki g\u00fc\u00e7l\u00fc varl\u0131\u011f\u0131 ve y\u0131llara meydan okuyan \u015fark\u0131lar\u0131yla Selda Ba\u011fcan konseri, bir m\u00fczik ziyafeti olacak. Oran A\u00e7\u0131khava\u2019n\u0131n atmosferinde, Selda Ba\u011fcan\u2019\u0131n unutulmaz eserlerini canl\u0131 dinlemek herkese nasip olmaz, bu f\u0131rsat\u0131 ka\u00e7\u0131rmay\u0131n.<\/p>\n\n\n\n<p><strong>Tarih: <\/strong>10 Ekim<\/p>\n\n\n\n<h3 class=\"wp-block-heading has-text-align-center has-neeon-button-dark-gray-color has-text-color has-link-color wp-elements-aa7308b6c4f2fdb04d132f1348514a6a\"><span class=\"ez-toc-section\" id=\"evrencan_gunduz\"><\/span><strong><strong><strong><strong>Evrencan G\u00fcnd\u00fcz\u00a0<\/strong><\/strong><\/strong><\/strong><span class=\"ez-toc-section-end\"><\/span><\/h3>\n\n\n\n<p>Gen\u00e7 m\u00fczisyen Evrencan G\u00fcnd\u00fcz, sahnedeki enerjisi ve \u00f6zg\u00fcn yorumlar\u0131yla; blues, caz ve rock esintilerini harmanlad\u0131\u011f\u0131 performans\u0131 ile Ankaral\u0131lara e\u011flenceli bir gece ya\u015fatmaya haz\u0131rlan\u0131yor. Vibe \u0130ncek\u2019in samimi atmosferinde arkada\u015flar\u0131n\u0131zla birlikte keyifli bir ak\u015fam ge\u00e7irmek i\u00e7in harika bir se\u00e7enek.<\/p>\n\n\n\n<p><strong>Tarih: <\/strong>10 Ekim<\/p>\n\n\n\n<h3 class=\"wp-block-heading has-text-align-center has-neeon-button-dark-gray-color has-text-color has-link-color wp-elements-feb5a100ae787707a5da22ea907adf21\"><span class=\"ez-toc-section\" id=\"fareler_ve_insanlar\"><\/span><strong><strong><strong><strong>Fareler ve \u0130nsanlar<\/strong><\/strong><\/strong><\/strong><span class=\"ez-toc-section-end\"><\/span><\/h3>\n\n\n\n<p>John Steinbeck\u2019in d\u00fcnya edebiyat\u0131na arma\u011fan etti\u011fi unutulmaz eseri Fareler ve \u0130nsanlar, Ankara Yeni Sahne\u2019de seyirciyle bulu\u015fuyor. Burak Alo\u011flu, S\u00fcha Ko\u00e7o\u011flu ve Nil \u00d6zkul\u2019un g\u00fc\u00e7l\u00fc oyunculuklar\u0131yla sahneye ta\u015f\u0131nan oyun, dostluk, hayaller ve hayal k\u0131r\u0131kl\u0131klar\u0131 \u00fczerine derin bir hikaye sunuyor. Ekim ay\u0131 boyunca farkl\u0131 tarihlerde izleme \u015fans\u0131 bulabilece\u011finiz bu oyun, tiyatroseverler i\u00e7in ka\u00e7\u0131r\u0131lmamas\u0131 gereken bir deneyim.<\/p>\n\n\n\n<p><strong>Tarih:<\/strong> 10-24 Ekim<\/p>\n\n\n\n<h3 class=\"wp-block-heading has-text-align-center has-neeon-button-dark-gray-color has-text-color has-link-color wp-elements-f7d13daa2722f076c8950d1bc2b1f82e\"><span class=\"ez-toc-section\" id=\"cocktail_festival\"><\/span><strong><strong><strong><strong>Cocktail Festival<\/strong><\/strong><\/strong><\/strong><span class=\"ez-toc-section-end\"><\/span><\/h3>\n\n\n\n<p>\u015eehrin en keyifli etkinliklerinden biri olan Cocktail Festival, ekim ay\u0131nda CerModern\u2019de ger\u00e7ekle\u015fiyor. B\u00fcy\u00fck Ev Ablukada, Mor ve \u00d6tesi, Jakuzi ve daha bir\u00e7ok sanat\u00e7\u0131n\u0131n sahne alaca\u011f\u0131 festival, m\u00fczik, e\u011flence ve lezzet dolu iki g\u00fcn sunuyor. Ankara\u2019da festivallerin enerjisini \u00f6zleyenler i\u00e7in bu etkinlik ka\u00e7\u0131r\u0131lmamas\u0131 gereken bir f\u0131rsat.<\/p>\n\n\n\n<p><strong>Tarih: <\/strong>11-12 Ekim<\/p>\n\n\n\n<h3 class=\"wp-block-heading has-text-align-center has-neeon-button-dark-gray-color has-text-color has-link-color wp-elements-e7eaa9330c6df8b99b0800e8d127d44c\"><span class=\"ez-toc-section\" id=\"kurk_mantolu_madonna\"><\/span><strong><strong><strong><strong>K\u00fcrk Mantolu Madonna\u00a0<\/strong><\/strong><\/strong><\/strong><span class=\"ez-toc-section-end\"><\/span><\/h3>\n\n\n\n<p>Sabahattin Ali\u2019nin klasikle\u015fmi\u015f roman\u0131 K\u00fcrk Mantolu Madonna, ekim sonunda sahnede. Raif Efendi ve Maria Puder\u2019in h\u00fcz\u00fcnl\u00fc ama derin hikayesini sahnede canl\u0131 g\u00f6rmek, edebiyat tutkunlar\u0131 i\u00e7in e\u015fsiz bir deneyim olacak. Oyunun g\u00fc\u00e7l\u00fc kadrosu ve etkileyici sahne tasar\u0131m\u0131yla birle\u015fti\u011finde seyirciyi i\u00e7ine alan bir yolculu\u011fa d\u00f6n\u00fc\u015fmesi garanti.<\/p>\n\n\n\n<p><strong>Tarih: <\/strong>30 Ekim<\/p>\n\n\n\n<h2 class=\"wp-block-heading has-text-align-center has-neeon-button-dark-gray-color has-text-color has-link-color wp-elements-05314f3dd86c3829e4d5c24c4c720522\"><span class=\"ez-toc-section\" id=\"izmir_ekim_ayi_etkinlik_takvimi\"><\/span><strong><strong><strong><strong><strong><strong>\u0130zmir Ekim Ay\u0131 Etkinlik Takvimi<\/strong><\/strong><\/strong><\/strong><\/strong><\/strong><span class=\"ez-toc-section-end\"><\/span><\/h2>\n\n\n\n<figure class=\"wp-block-image size-large\"><img decoding=\"async\" src=\"https:\/\/res.cloudinary.com\/turna\/image\/upload\/v1751362042\/wordpress-contents\/temmuz_etkinlik_takvimi.jpg3.jpg\" alt=\"\"\/><\/figure>\n\n\n\n<p>\u0130zmir\u2019in sonbahar\u0131 bir ba\u015fka g\u00fczel oluyor. Hafif esen r\u00fczgar, denizden gelen iyot kokusu ve \u015fehrin kendine \u00f6zg\u00fc enerjisi, ekim ay\u0131nda k\u00fclt\u00fcr-sanat etkinlikleriyle daha da renkleniyor. Alsancak\u2019tan Bornova\u2019ya, a\u00e7\u0131khava sahnelerinden festivallere kadar uzanan dopdolu bir program sizi bekliyor. E\u011fer bu ay ne yapsak diye d\u00fc\u015f\u00fcn\u00fcyorsan\u0131z, \u0130zmir ekim ay\u0131 takvimi size fazlas\u0131yla ilham verecek. <\/p>\n\n\n\n<p>En avantajl\u0131 <strong><a href=\"https:\/\/www.turna.com\/ucak-bileti\/izmir\">\u0130zmir u\u00e7ak bileti<\/a><\/strong> se\u00e7eneklerini inceleyin.<\/p>\n\n\n\n<h3 class=\"wp-block-heading has-text-align-center has-neeon-button-dark-gray-color has-text-color has-link-color wp-elements-fc3db994d593324a179599f69d6a3263\"><span class=\"ez-toc-section\" id=\"can_bonomo_%e2%80%93_evrencan_gunduz_konseri\"><\/span><strong><strong><strong><strong>Can Bonomo &#8211; Evrencan G\u00fcnd\u00fcz Konseri\u00a0<\/strong><\/strong><\/strong><\/strong><span class=\"ez-toc-section-end\"><\/span><\/h3>\n\n\n\n<p>Ay\u0131n ilk g\u00fcnlerinde \u0130zmir\u2019in kalbi m\u00fczikle atacak. Can Bonomo\u2019nun farkl\u0131 tarz\u0131yla harmanlanm\u0131\u015f enerjik \u015fark\u0131lar\u0131 ve Evrencan G\u00fcnd\u00fcz\u2019\u00fcn sahneye katt\u0131\u011f\u0131 \u00f6zg\u00fcn yorumlar ayn\u0131 gece Alsancak Tarihi Havagaz\u0131 Fabrikas\u0131\u2019nda bulu\u015fuyor. \u015eehrin en sevilen konser mekanlar\u0131ndan birinde, g\u00fcn bat\u0131m\u0131yla birlikte ba\u015flayacak bu konser, m\u00fczikseverlere unutulmaz bir ak\u015fam ya\u015fatacak.<\/p>\n\n\n\n<p><strong>Tarih:<\/strong> 3 Ekim<\/p>\n\n\n\n<h3 class=\"wp-block-heading has-text-align-center has-neeon-button-dark-gray-color has-text-color has-link-color wp-elements-bd39393049ac7a495ac10963885b6738\"><span class=\"ez-toc-section\" id=\"cok_guzel_hareketler_2\"><\/span><strong><strong><strong><strong>\u00c7ok G\u00fczel Hareketler 2\u00a0<\/strong><\/strong><\/strong><\/strong><span class=\"ez-toc-section-end\"><\/span><\/h3>\n\n\n\n<p>Televizyonda severek izlenen \u00c7ok G\u00fczel Hareketler 2 ekibi, bu kez canl\u0131 performanslar\u0131yla \u0130zmir sahnesinde. Gen\u00e7 yeteneklerin ske\u00e7leri, do\u011fa\u00e7lama \u015fovlar\u0131 ve kahkahalara bo\u011fan esprileriyle keyifli bir g\u00fcn ge\u00e7irmek i\u00e7in birebir. Bostanl\u0131 Suat Ta\u015fer Tiyatrosu\u2019nun samimi atmosferinde izleyiciler, bu enerjik kadroyla birlikte g\u00fclmekten k\u0131r\u0131lacak.<\/p>\n\n\n\n<p><strong>Tarih: <\/strong>5 Ekim<\/p>\n\n\n\n<h3 class=\"wp-block-heading has-text-align-center has-neeon-button-dark-gray-color has-text-color has-link-color wp-elements-4a73f014799d7a8d4ff89d6e7d1c608c\"><span class=\"ez-toc-section\" id=\"saksakcilar\"><\/span><strong><strong><strong><strong>\u015eak\u015fak\u00e7\u0131lar\u00a0<\/strong><\/strong><\/strong><\/strong><span class=\"ez-toc-section-end\"><\/span><\/h3>\n\n\n\n<p>\u00c7a\u011flar \u00c7orumlu, Albina \u00d6zden ve Erkan Baylav gibi usta oyuncular\u0131 ayn\u0131 sahnede bulu\u015fturan \u015eak\u015fak\u00e7\u0131lar, \u0130zmir\u2019de tiyatroseverlerin ka\u00e7\u0131rmamas\u0131 gereken oyunlardan biri. Hem mizahi y\u00f6n\u00fcyle e\u011flendiren hem de d\u00fc\u015f\u00fcnd\u00fcren oyun, sahnedeki g\u00fc\u00e7l\u00fc performanslar\u0131yla izleyiciyi i\u00e7ine \u00e7ekiyor.&nbsp;<\/p>\n\n\n\n<p><strong>Tarih: <\/strong>9 Ekim<\/p>\n\n\n\n<h3 class=\"wp-block-heading has-text-align-center has-neeon-button-dark-gray-color has-text-color has-link-color wp-elements-e375fb58595cf61984f542a1329167ac\"><span class=\"ez-toc-section\" id=\"izmir_elektronik_muzik_festivali\"><\/span><strong><strong><strong><strong>\u0130zmir Elektronik M\u00fczik Festivali\u00a0<\/strong><\/strong><\/strong><\/strong><span class=\"ez-toc-section-end\"><\/span><\/h3>\n\n\n\n<p>Elektronik m\u00fczik tutkunlar\u0131 i\u00e7in \u0130zmir\u2019de y\u0131l\u0131n en heyecanl\u0131 bulu\u015fmas\u0131 geliyor. DJ performanslar\u0131, g\u00f6rsel \u015fovlar ve festival ruhunu doyas\u0131ya ya\u015fatacak detaylarla Alsancak Tarihi Havagaz\u0131 Fabrikas\u0131 bir g\u00fcnl\u00fc\u011f\u00fcne elektronik m\u00fczi\u011fin merkezi olacak. Dans etmek, enerji depolamak ve sabaha kadar e\u011flenmek isteyenler i\u00e7in bu festival ka\u00e7maz.<\/p>\n\n\n\n<p><strong>Tarih: <\/strong>11 Ekim<\/p>\n\n\n\n<h3 class=\"wp-block-heading has-text-align-center has-neeon-button-dark-gray-color has-text-color has-link-color wp-elements-f259043ab7690fb18e4dd6a44ab811df\"><span class=\"ez-toc-section\" id=\"yalin_%e2%80%93_bir_buyulu_gece\"><\/span><strong><strong><strong><strong>Yal\u0131n &#8211; Bir B\u00fcy\u00fcl\u00fc Gece\u00a0<\/strong><\/strong><\/strong><\/strong><span class=\"ez-toc-section-end\"><\/span><\/h3>\n\n\n\n<p>Romantik \u015fark\u0131lar\u0131yla g\u00f6n\u00fcllere dokunan Yal\u0131n, Bir B\u00fcy\u00fcl\u00fc Gece konseptiyle \u0130zmir\u2019e geliyor. \u0130ki g\u00fcn \u00fcst \u00fcste sahne alacak olan sanat\u00e7\u0131, sevilen par\u00e7alar\u0131yla izleyenlere duygusal bir yolculuk ya\u015fatacak. Bornova A\u015f\u0131k Veysel A\u00e7\u0131khava Tiyatrosu\u2019nun a\u00e7\u0131k g\u00f6ky\u00fcz\u00fc alt\u0131nda, bu konser ger\u00e7ekten b\u00fcy\u00fcl\u00fc bir deneyim olacak.<\/p>\n\n\n\n<p><strong>Tarih: <\/strong>16-17 Ekim<\/p>\n\n\n\n<h3 class=\"wp-block-heading has-text-align-center has-neeon-button-dark-gray-color has-text-color has-link-color wp-elements-b6763f38e3a8084b652a83ec1b0b9611\"><span class=\"ez-toc-section\" id=\"geleneksel_6_buyuk_efes_bag_bozumu_festivali\"><\/span><strong><strong><strong><strong>Geleneksel 6. B\u00fcy\u00fck Efes Ba\u011f Bozumu Festivali\u00a0<\/strong><\/strong><\/strong><\/strong><span class=\"ez-toc-section-end\"><\/span><\/h3>\n\n\n\n<p>\u0130zmir\u2019in en keyifli geleneklerinden biri haline gelen Ba\u011f Bozumu Festivali, bu y\u0131l da Swissotel B\u00fcy\u00fck Efes\u2019te d\u00fczenleniyor. \u00dcz\u00fcm ba\u011flar\u0131ndan sofralara uzanan ser\u00fcveni kutlayan festivalde, \u015farap tad\u0131mlar\u0131, at\u00f6lyeler ve konserler bir arada olacak. Sonbahar\u0131n en g\u00fczel yanlar\u0131ndan biri olan ba\u011f bozumu, \u0130zmir\u2019de festival havas\u0131nda ya\u015fanacak.<\/p>\n\n\n\n<p><strong>Tarih: <\/strong>18-19 Ekim<\/p>\n\n\n\n<h3 class=\"wp-block-heading has-text-align-center has-neeon-button-dark-gray-color has-text-color has-link-color wp-elements-ea8c8fefa3ea731ccd14ed1705744104\"><span class=\"ez-toc-section\" id=\"alsancak_muzik_festivali\"><\/span><strong><strong><strong><strong>Alsancak M\u00fczik Festivali<\/strong><\/strong><\/strong><\/strong><span class=\"ez-toc-section-end\"><\/span><\/h3>\n\n\n\n<p>Ekim ay\u0131n\u0131n kapan\u0131\u015f\u0131na yak\u0131\u015f\u0131r bir m\u00fczik \u015f\u00f6leni: Alsancak M\u00fczik Festivali! Melike \u015eahin\u2019in g\u00fc\u00e7l\u00fc sesi ve sahnedeki b\u00fcy\u00fcleyici duru\u015fu, Dilan Balkay\u2019\u0131n enerjik performans\u0131yla birle\u015fiyor. \u0130zmir\u2019in en sevilen mekanlar\u0131ndan Havagaz\u0131 Fabrikas\u0131\u2019nda ger\u00e7ekle\u015fecek festival, hem m\u00fczikseverler hem de festival ruhunu sevenler i\u00e7in ka\u00e7\u0131r\u0131lmayacak bir bulu\u015fma.<\/p>\n\n\n\n<p><strong>Tarih: <\/strong>&nbsp;25 Ekim<\/p>\n\n\n\n<h2 class=\"wp-block-heading has-text-align-center has-neeon-button-dark-gray-color has-text-color has-link-color wp-elements-17ef8518eb24179c7727a7269c919d81\"><span class=\"ez-toc-section\" id=\"turkiye_genelinde_one_cikan_ekim_ayi_etkinlik_takvimi\"><\/span><strong><strong><strong><strong><strong><strong><strong>T\u00fcrkiye Genelinde \u00d6ne \u00c7\u0131kan Ekim Ay\u0131 Etkinlik Takvimi<\/strong><\/strong><\/strong><\/strong><\/strong><\/strong><\/strong><span class=\"ez-toc-section-end\"><\/span><\/h2>\n\n\n\n<figure class=\"wp-block-image size-large\"><img width=\"800\" height=\"500\" data-public-id=\"eylul-ayi-etkinlik-takvimi-kapak\/eylul-ayi-etkinlik-takvimi-kapak.jpg\" decoding=\"async\" src=\"https:\/\/res.cloudinary.com\/turna\/images\/w_800,h_500,c_scale\/f_auto,q_auto:low\/v1756721304\/eylul-ayi-etkinlik-takvimi-kapak\/eylul-ayi-etkinlik-takvimi-kapak.jpg?_i=AA\" alt=\"\" class=\"wp-post-0 wp-image-25053\" data-format=\"jpg\" data-transformations=\"f_auto,q_auto:low\" data-version=\"1756721304\" data-seo=\"1\" srcset=\"https:\/\/res.cloudinary.com\/turna\/images\/f_auto,q_auto:low\/v1756721304\/eylul-ayi-etkinlik-takvimi-kapak\/eylul-ayi-etkinlik-takvimi-kapak.jpg?_i=AA 800w, https:\/\/res.cloudinary.com\/turna\/images\/w_300,h_188,c_scale\/f_auto,q_auto:low\/v1756721304\/eylul-ayi-etkinlik-takvimi-kapak\/eylul-ayi-etkinlik-takvimi-kapak.jpg?_i=AA 300w\" sizes=\"(max-width: 800px) 100vw, 800px\" \/><\/figure>\n\n\n\n<h3 class=\"wp-block-heading has-text-align-center has-neeon-button-dark-gray-color has-text-color has-link-color wp-elements-6c377dd698ebea458d941f4639e57ae6\"><span class=\"ez-toc-section\" id=\"eskisehir_gastro_fest-eskisehir\"><\/span><strong><strong><strong><strong>Eski\u015fehir Gastro Fest-Eski\u015fehir<\/strong><\/strong><\/strong><\/strong><span class=\"ez-toc-section-end\"><\/span><\/h3>\n\n\n\n<p>Eski\u015fehir, ekim ay\u0131na lezzet ve m\u00fczik dolu bir festivalle merhaba diyor. Kentpark\u2019ta ger\u00e7ekle\u015fecek olan Gastro Fest, damaklara ve kulaklara hitap ediyor. Hayko Cepkin\u2019in sahnedeki \u00e7\u0131lg\u0131n enerjisi, G\u00f6khan T\u00fcrkmen\u2019in romantik \u015fark\u0131lar\u0131, Levent Y\u00fcksel\u2019in y\u0131llara meydan okuyan performans\u0131 ve Y\u00fcksek Sadakat\u2019in co\u015fkulu konseriyle ve \u00e7ok daha fazlas\u0131yla festival bir m\u00fczik \u015f\u00f6lenine d\u00f6n\u00fc\u015fecek. \u00dcstelik festival boyunca sokak lezzetleri, gastronomi at\u00f6lyeleri ve renkli etkinliklerle Eski\u015fehir\u2019de unutulmaz \u00fc\u00e7 g\u00fcn sizi bekliyor.<\/p>\n\n\n\n<p><strong>Tarih: <\/strong>3-4-5 Ekim&nbsp;<\/p>\n\n\n\n<h3 class=\"wp-block-heading has-text-align-center has-neeon-button-dark-gray-color has-text-color has-link-color wp-elements-4d1f4e25d6bb77b3076c0468dcbbba24\"><span class=\"ez-toc-section\" id=\"canakkale_muzik_festivali_%e2%80%93_canakkale\"><\/span><strong><strong><strong><strong>\u00c7anakkale M\u00fczik Festivali &#8211; \u00c7anakkale<\/strong><\/strong><\/strong><\/strong><span class=\"ez-toc-section-end\"><\/span><\/h3>\n\n\n\n<p>Bo\u011faz havas\u0131 e\u015fli\u011finde m\u00fczik keyfi yapmak isteyenler i\u00e7in \u00c7anakkale M\u00fczik Festivali bi\u00e7ilmi\u015f kaftan. Duman\u2019\u0131n sahnede co\u015fturaca\u011f\u0131 kalabal\u0131k, Sagopa Kajmer\u2019in rap performans\u0131yla bamba\u015fka bir havaya b\u00fcr\u00fcnecek. \u00c7akal ve Emre Fel\u2019in gen\u00e7lere hitap eden enerjik \u015fark\u0131lar\u0131, Zeynep Bast\u0131k\u2019\u0131n pop\u00fcler par\u00e7alar\u0131yla birle\u015fince ortaya tam anlam\u0131yla bir festival ruhu \u00e7\u0131kacak. \u00dc\u00e7 g\u00fcn boyunca m\u00fczik hi\u00e7 susmayacak, \u00c7anakkale sahilleri unutulmaz an\u0131lara ev sahipli\u011fi yapacak.<\/p>\n\n\n\n<p><strong>Tarih: <\/strong>10-11-12 Ekim<\/p>\n\n\n\n<h3 class=\"wp-block-heading has-text-align-center has-neeon-button-dark-gray-color has-text-color has-link-color wp-elements-456201e5d95d273ab4196806527be08f\"><span class=\"ez-toc-section\" id=\"anadolu_atesi_%e2%80%93_antalya\"><\/span><strong><strong><strong><strong>Anadolu Ate\u015fi &#8211; Antalya<\/strong><\/strong><\/strong><\/strong><span class=\"ez-toc-section-end\"><\/span><\/h3>\n\n\n\n<p>Antalya\u2019da tarihle sanat\u0131 bir araya getiren b\u00fcy\u00fcleyici bir deneyim: Anadolu Ate\u015fi! D\u00fcnyaca \u00fcnl\u00fc dans toplulu\u011fu, ekim ay\u0131nda Aspendos\u2019un tarihi atmosferinde izleyicilerle bulu\u015fuyor. Antik tiyatronun g\u00f6rkemi ve dans\u00e7\u0131lar\u0131n enerjisi birle\u015fti\u011finde ortaya \u00e7\u0131kan b\u00fcy\u00fc ger\u00e7ekten nefes kesici.<\/p>\n\n\n\n<p><strong>Tarih: <\/strong>3-7-10-14-17-21-24-28-31 Ekim<\/p>\n\n\n\n<h3 class=\"wp-block-heading has-text-align-center has-neeon-button-dark-gray-color has-text-color has-link-color wp-elements-b5cdd0fa419b34ecc4f2bcbe5eafeca5\"><span class=\"ez-toc-section\" id=\"candan_ercetin_30_yil_konseri-adana\"><\/span><strong><strong><strong><strong>Candan Er\u00e7etin 30. Y\u0131l Konseri-Adana<\/strong><\/strong><\/strong><\/strong><span class=\"ez-toc-section-end\"><\/span><\/h3>\n\n\n\n<p>T\u00fcrk m\u00fczi\u011finin en \u00f6zel seslerinden Candan Er\u00e7etin, sanat hayat\u0131ndaki 30. y\u0131l\u0131n\u0131 Adana\u2019da hayranlar\u0131yla kutluyor. Unutulmaz \u015fark\u0131lar\u0131n\u0131n yan\u0131 s\u0131ra yeni s\u00fcrprizlerle dolu repertuvar\u0131yla sahneye \u00e7\u0131kacak sanat\u00e7\u0131, \u00c7ukurova \u00dcniversitesi A\u00e7\u0131khava Tiyatrosu\u2019nu b\u00fcy\u00fcl\u00fc bir konsere d\u00f6n\u00fc\u015ft\u00fcrecek.&nbsp;<\/p>\n\n\n\n<p><strong>Tarih: <\/strong>10 Ekim&nbsp;<\/p>\n\n\n\n<h3 class=\"wp-block-heading has-text-align-center has-neeon-button-dark-gray-color has-text-color has-link-color wp-elements-4c868b68caabfd4f59d9f4a29d60c2db\"><span class=\"ez-toc-section\" id=\"4_samsun_tiyatro_festivali-samsun\"><\/span><strong><strong><strong><strong>4. Samsun Tiyatro Festivali-Samsun<\/strong><\/strong><\/strong><\/strong><span class=\"ez-toc-section-end\"><\/span><\/h3>\n\n\n\n<p>Karadeniz\u2019in k\u00fclt\u00fcr-sanatla bulu\u015ftu\u011fu en \u00f6nemli organizasyonlardan biri olan Samsun Tiyatro Festivali, bu y\u0131l d\u00f6rd\u00fcnc\u00fc kez perdelerini a\u00e7\u0131yor. Atakum Sanat Merkezi\u2019nde ger\u00e7ekle\u015fecek festivalde birbirinden farkl\u0131 oyunlar sahnelenecek. Bu festival, ekim ay\u0131nda ka\u00e7\u0131r\u0131lmamas\u0131 gereken bir deneyim.<\/p>\n\n\n\n<p><strong>Tarih:<\/strong>21-22-23-2-25 Ekim&nbsp;<\/p>\n\n    <div class=\"xs_social_share_widget xs_share_url after_content \t\tmain_content  wslu-style-1 wslu-share-box-shaped wslu-fill-colored wslu-none wslu-share-horizontal wslu-theme-font-no wslu-main_content\">\n\n\t\t\n        <ul>\n\t\t\t        <\/ul>\n    <\/div> \n","protected":false},"excerpt":{"rendered":"<p>Ekim ay\u0131 geldi\u011finde \u015fehirlerin havas\u0131 bamba\u015fka bir ruha b\u00fcr\u00fcn\u00fcyor. Yaz\u0131n tela\u015f\u0131 geride kal\u0131rken, sokaklara serin bir r\u00fczgar, parklara rengarenk yapraklar hakim oluyor. Ama ekim ay\u0131n\u0131 \u00f6zel yapan \u015fey do\u011fan\u0131n de\u011fi\u015fiminin yan\u0131nda, k\u00fclt\u00fcr ve sanatla dolu dopdolu etkinlikler. Bu d\u00f6nemde kendinize biraz zaman ay\u0131r\u0131p konserlere, tiyatrolara ya da sergilere kat\u0131lmak, \u015fehrin enerjisini hissetmenin en keyifli yollar\u0131ndan [&hellip;]<\/p>\n","protected":false},"author":45,"featured_media":25111,"comment_status":"open","ping_status":"open","sticky":false,"template":"","format":"standard","meta":{"rop_custom_images_group":[],"rop_custom_messages_group":[],"rop_publish_now":"yes","rop_publish_now_accounts":[],"rop_publish_now_history":[],"rop_publish_now_status":"pending","_cloudinary_featured_overwrite":false,"footnotes":""},"categories":[1],"tags":[255,306,5339,204,224],"class_list":["post-25110","post","type-post","status-publish","format-standard","has-post-thumbnail","hentry","category-seyahat-rehberi","tag-ankara","tag-antalya","tag-flight","tag-istanbul","tag-izmir"],"_links":{"self":[{"href":"https:\/\/www.turna.com\/blog\/wp-json\/wp\/v2\/posts\/25110","targetHints":{"allow":["GET"]}}],"collection":[{"href":"https:\/\/www.turna.com\/blog\/wp-json\/wp\/v2\/posts"}],"about":[{"href":"https:\/\/www.turna.com\/blog\/wp-json\/wp\/v2\/types\/post"}],"author":[{"embeddable":true,"href":"https:\/\/www.turna.com\/blog\/wp-json\/wp\/v2\/users\/45"}],"replies":[{"embeddable":true,"href":"https:\/\/www.turna.com\/blog\/wp-json\/wp\/v2\/comments?post=25110"}],"version-history":[{"count":0,"href":"https:\/\/www.turna.com\/blog\/wp-json\/wp\/v2\/posts\/25110\/revisions"}],"wp:featuredmedia":[{"embeddable":true,"href":"https:\/\/www.turna.com\/blog\/wp-json\/wp\/v2\/media\/25111"}],"wp:attachment":[{"href":"https:\/\/www.turna.com\/blog\/wp-json\/wp\/v2\/media?parent=25110"}],"wp:term":[{"taxonomy":"category","embeddable":true,"href":"https:\/\/www.turna.com\/blog\/wp-json\/wp\/v2\/categories?post=25110"},{"taxonomy":"post_tag","embeddable":true,"href":"https:\/\/www.turna.com\/blog\/wp-json\/wp\/v2\/tags?post=25110"}],"curies":[{"name":"wp","href":"https:\/\/api.w.org\/{rel}","templated":true}]}}