{"id":25067,"date":"2025-09-10T13:34:47","date_gmt":"2025-09-10T10:34:47","guid":{"rendered":"https:\/\/www.turna.com\/blog\/?p=25067"},"modified":"2025-09-10T13:34:50","modified_gmt":"2025-09-10T10:34:50","slug":"iklim-degisikligi-ve-turizm","status":"publish","type":"post","link":"https:\/\/www.turna.com\/blog\/iklim-degisikligi-ve-turizm","title":{"rendered":"\u0130klim De\u011fi\u015fikli\u011fi ve De\u011fi\u015fen Turizm Al\u0131\u015fkanl\u0131klar\u0131"},"content":{"rendered":"<div id=\"ez-toc-container\" class=\"ez-toc-v2_0_82_2 counter-hierarchy ez-toc-counter ez-toc-black ez-toc-container-direction\">\n<div class=\"ez-toc-title-container\">\n<p class=\"ez-toc-title\" style=\"cursor:inherit\">\u0130\u00e7indekiler<\/p>\n<span class=\"ez-toc-title-toggle\"><a href=\"#\" class=\"ez-toc-pull-right ez-toc-btn ez-toc-btn-xs ez-toc-btn-default ez-toc-toggle\" aria-label=\"\u0130\u00e7indekiler Tablosunu A\u00e7\/Kapat\"><span class=\"ez-toc-js-icon-con\"><span class=\"\"><span class=\"eztoc-hide\" style=\"display:none;\">Toggle<\/span><span class=\"ez-toc-icon-toggle-span\"><svg style=\"fill: #ffffff;color:#ffffff\" xmlns=\"http:\/\/www.w3.org\/2000\/svg\" class=\"list-377408\" width=\"20px\" height=\"20px\" viewBox=\"0 0 24 24\" fill=\"none\"><path d=\"M6 6H4v2h2V6zm14 0H8v2h12V6zM4 11h2v2H4v-2zm16 0H8v2h12v-2zM4 16h2v2H4v-2zm16 0H8v2h12v-2z\" fill=\"currentColor\"><\/path><\/svg><svg style=\"fill: #ffffff;color:#ffffff\" class=\"arrow-unsorted-368013\" xmlns=\"http:\/\/www.w3.org\/2000\/svg\" width=\"10px\" height=\"10px\" viewBox=\"0 0 24 24\" version=\"1.2\" baseProfile=\"tiny\"><path d=\"M18.2 9.3l-6.2-6.3-6.2 6.3c-.2.2-.3.4-.3.7s.1.5.3.7c.2.2.4.3.7.3h11c.3 0 .5-.1.7-.3.2-.2.3-.5.3-.7s-.1-.5-.3-.7zM5.8 14.7l6.2 6.3 6.2-6.3c.2-.2.3-.5.3-.7s-.1-.5-.3-.7c-.2-.2-.4-.3-.7-.3h-11c-.3 0-.5.1-.7.3-.2.2-.3.5-.3.7s.1.5.3.7z\"\/><\/svg><\/span><\/span><\/span><\/a><\/span><\/div>\n<nav><ul class='ez-toc-list ez-toc-list-level-1 eztoc-toggle-hide-by-default' ><li class='ez-toc-page-1 ez-toc-heading-level-2'><a class=\"ez-toc-link ez-toc-heading-1\" href=\"https:\/\/www.turna.com\/blog\/iklim-degisikligi-ve-turizm\/#kuresel_isinma_turizmde_donusumu_hizlandiriyor\" >K\u00fcresel Is\u0131nma Turizmde D\u00f6n\u00fc\u015f\u00fcm\u00fc H\u0131zland\u0131r\u0131yor<\/a><\/li><li class='ez-toc-page-1 ez-toc-heading-level-2'><a class=\"ez-toc-link ez-toc-heading-2\" href=\"https:\/\/www.turna.com\/blog\/iklim-degisikligi-ve-turizm\/#iklim_degisikligi_ve_turizm_krizinin_en_cok_hissedecegi_bolgeler\" >\u0130klim De\u011fi\u015fikli\u011fi ve Turizm Krizinin En \u00c7ok Hissedece\u011fi B\u00f6lgeler<\/a><\/li><li class='ez-toc-page-1 ez-toc-heading-level-2'><a class=\"ez-toc-link ez-toc-heading-3\" href=\"https:\/\/www.turna.com\/blog\/iklim-degisikligi-ve-turizm\/#gelecegin_seyahat_trendleri\" >Gelece\u011fin Seyahat Trendleri<\/a><\/li><li class='ez-toc-page-1 ez-toc-heading-level-2'><a class=\"ez-toc-link ez-toc-heading-4\" href=\"https:\/\/www.turna.com\/blog\/iklim-degisikligi-ve-turizm\/#surdurulebilir_turizm_ve_iklim_kaynakli_tatil_trendlerine_uyum\" >S\u00fcrd\u00fcr\u00fclebilir Turizm ve \u0130klim Kaynakl\u0131 Tatil Trendlerine Uyum<\/a><\/li><li class='ez-toc-page-1 ez-toc-heading-level-2'><a class=\"ez-toc-link ez-toc-heading-5\" href=\"https:\/\/www.turna.com\/blog\/iklim-degisikligi-ve-turizm\/#dunyadan_surdurulebilir_turizm_ornekleri\" >D\u00fcnyadan S\u00fcrd\u00fcr\u00fclebilir Turizm \u00d6rnekleri<\/a><\/li><\/ul><\/nav><\/div>\n\n<p>Bo\u011fazi\u00e7i \u00dcniversitesi\u2019nden bilim insanlar\u0131n\u0131n haz\u0131rlad\u0131\u011f\u0131 bir ara\u015ft\u0131rma, T\u00fcrkiye\u2019nin bat\u0131 k\u0131y\u0131lar\u0131nda turizm al\u0131\u015fkanl\u0131klar\u0131n\u0131n \u00f6n\u00fcm\u00fczdeki y\u0131llarda \u00f6nemli de\u011fi\u015fimlerle kar\u015f\u0131la\u015fabilece\u011fini ortaya koyuyor. \u0130klim de\u011fi\u015fikli\u011fi ve turizm \u00fczerinde etkilerine ve \u00f6zellikle 2026 ila 2050 y\u0131llar\u0131 aras\u0131na odaklanan \u00e7al\u0131\u015fmaya g\u00f6re, Akdeniz, Ege ve Marmara k\u0131y\u0131lar\u0131nda yaz aylar\u0131nda artan s\u0131cakl\u0131klar ve nem, tatil konforunu etkileyebilir. \u0130klim de\u011fi\u015fikli\u011fi ilgili b\u00f6lgelerde ziyaretlerin k\u0131salmas\u0131na ya da turizm sezonunun farkl\u0131 d\u00f6nemlere kaymas\u0131na neden olabilir. Fakat bu durum ayn\u0131 zamanda yeni olas\u0131l\u0131klar da bar\u0131nd\u0131r\u0131yor. \u0130lkbahar ve sonbahar\u0131n ke\u015fifler i\u00e7in daha elveri\u015fli hale gelmesi, k\u00fclt\u00fcr turlar\u0131, do\u011fa deneyimleri ve gastronomi ke\u015fifleri i\u00e7in \u00e7e\u015fitli f\u0131rsatlar sunuyor. Yani yaz tatillerinin \u00f6tesinde, d\u00f6rt mevsime yay\u0131lan daha zengin ve \u00e7e\u015fitlenmi\u015f bir turizm anlay\u0131\u015f\u0131 bizleri bekliyor.<\/p>\n\n\n\n<h2 class=\"wp-block-heading\"><span class=\"ez-toc-section\" id=\"kuresel_isinma_turizmde_donusumu_hizlandiriyor\"><\/span><strong>K\u00fcresel Is\u0131nma Turizmde D\u00f6n\u00fc\u015f\u00fcm\u00fc H\u0131zland\u0131r\u0131yor<\/strong><span class=\"ez-toc-section-end\"><\/span><\/h2>\n\n\n\n<figure class=\"wp-block-image size-full is-resized\"><img width=\"800\" height=\"500\" data-public-id=\"Yaz-Tatili-Valizi_klh1it\/Yaz-Tatili-Valizi_klh1it.jpg\" fetchpriority=\"high\" decoding=\"async\" src=\"https:\/\/res.cloudinary.com\/turna\/images\/w_800,h_500,c_scale\/f_auto,q_auto\/f_auto,q_auto:low\/v1517517932\/Yaz-Tatili-Valizi_klh1it\/Yaz-Tatili-Valizi_klh1it.jpg?_i=AA\" alt=\"\" class=\"wp-post-25067 wp-image-11532\" style=\"width:1200px;height:auto\" data-format=\"jpg\" data-transformations=\"f_auto,q_auto\/f_auto,q_auto:low\" data-version=\"1517517932\" data-seo=\"1\" srcset=\"https:\/\/res.cloudinary.com\/turna\/images\/f_auto,q_auto\/f_auto,q_auto\/f_auto,q_auto:low\/v1517517932\/Yaz-Tatili-Valizi_klh1it\/Yaz-Tatili-Valizi_klh1it.jpg?_i=AA 800w, https:\/\/res.cloudinary.com\/turna\/images\/w_300,h_188,c_scale\/f_auto,q_auto\/f_auto,q_auto\/f_auto,q_auto:low\/v1517517932\/Yaz-Tatili-Valizi_klh1it\/Yaz-Tatili-Valizi_klh1it.jpg?_i=AA 300w, https:\/\/res.cloudinary.com\/turna\/images\/w_672,h_420,c_scale\/f_auto,q_auto\/f_auto,q_auto\/f_auto,q_auto:low\/v1517517932\/Yaz-Tatili-Valizi_klh1it\/Yaz-Tatili-Valizi_klh1it.jpg?_i=AA 672w, https:\/\/res.cloudinary.com\/turna\/images\/w_640,h_400,c_scale\/f_auto,q_auto\/f_auto,q_auto\/f_auto,q_auto:low\/v1517517932\/Yaz-Tatili-Valizi_klh1it\/Yaz-Tatili-Valizi_klh1it.jpg?_i=AA 640w, https:\/\/res.cloudinary.com\/turna\/images\/w_681,h_426,c_scale\/f_auto,q_auto\/f_auto,q_auto\/f_auto,q_auto:low\/v1517517932\/Yaz-Tatili-Valizi_klh1it\/Yaz-Tatili-Valizi_klh1it.jpg?_i=AA 681w\" sizes=\"(max-width: 800px) 100vw, 800px\" \/><\/figure>\n\n\n\n<p>Bo\u011fazi\u00e7i \u00dcniversitesi\u2019nden bilim insanlar\u0131n\u0131n, d\u00fcnyan\u0131n \u00f6nde gelen akademik yay\u0131n gruplar\u0131ndan Springer Nature\u2019da yay\u0131mlanan ara\u015ft\u0131rmas\u0131, T\u00fcrkiye\u2019nin bat\u0131 k\u0131y\u0131lar\u0131nda yaz turizminin \u00f6n\u00fcm\u00fczdeki y\u0131llarda baz\u0131 zorluklarla kar\u015f\u0131la\u015fabilece\u011fini g\u00f6steriyor. 2026-2050 d\u00f6neminde artmas\u0131 \u00f6ng\u00f6r\u00fclen s\u0131cakl\u0131klar ve nem oran\u0131n\u0131n, tatilcilerin konforunu azaltarak ziyaret\u00e7i say\u0131s\u0131nda ve konaklama s\u00fcrelerinde d\u00fc\u015f\u00fc\u015fe neden olabilece\u011fi d\u00fc\u015f\u00fcn\u00fcl\u00fcyor. Ayr\u0131ca, yaz mevsiminin konforunun azalmas\u0131yla birlikte ilkbahar ve sonbahar\u0131n daha uygun alternatifler olarak \u00f6n plana \u00e7\u0131kmas\u0131 ihtimalinin \u00fczerinde duruluyor. Bu s\u00fcrecin uzun vadede k\u00fclt\u00fcr, do\u011fa ve gastronomi odakl\u0131 turizm i\u00e7in yeni f\u0131rsatlar yaratabilece\u011fi vurgulan\u0131yor. Pek tabii turizm sekt\u00f6r\u00fcn\u00fcn bu yeni ko\u015fullara uyum sa\u011flamak i\u00e7in baz\u0131 haz\u0131rl\u0131klar\u0131 tamamlamas\u0131 kritik \u00f6nem ta\u015f\u0131yor.<\/p>\n\n\n\n<h2 class=\"wp-block-heading\"><span class=\"ez-toc-section\" id=\"iklim_degisikligi_ve_turizm_krizinin_en_cok_hissedecegi_bolgeler\"><\/span><strong> \u0130klim De\u011fi\u015fikli\u011fi ve Turizm Krizinin En \u00c7ok Hissedece\u011fi B\u00f6lgeler<\/strong><span class=\"ez-toc-section-end\"><\/span><\/h2>\n\n\n\n<figure class=\"wp-block-image size-full is-resized\"><img width=\"800\" height=\"500\" data-public-id=\"Yaz-Tatili-Bavul_q7yd1o\/Yaz-Tatili-Bavul_q7yd1o.jpg\" decoding=\"async\" src=\"https:\/\/res.cloudinary.com\/turna\/images\/w_800,h_500,c_scale\/f_auto,q_auto\/f_auto,q_auto:low\/v1517517905\/Yaz-Tatili-Bavul_q7yd1o\/Yaz-Tatili-Bavul_q7yd1o.jpg?_i=AA\" alt=\"\" class=\"wp-post-25067 wp-image-11531\" style=\"width:1200px;height:auto\" data-format=\"jpg\" data-transformations=\"f_auto,q_auto\/f_auto,q_auto:low\" data-version=\"1517517905\" data-seo=\"1\" srcset=\"https:\/\/res.cloudinary.com\/turna\/images\/f_auto,q_auto\/f_auto,q_auto\/f_auto,q_auto:low\/v1517517905\/Yaz-Tatili-Bavul_q7yd1o\/Yaz-Tatili-Bavul_q7yd1o.jpg?_i=AA 800w, https:\/\/res.cloudinary.com\/turna\/images\/w_300,h_188,c_scale\/f_auto,q_auto\/f_auto,q_auto\/f_auto,q_auto:low\/v1517517905\/Yaz-Tatili-Bavul_q7yd1o\/Yaz-Tatili-Bavul_q7yd1o.jpg?_i=AA 300w, https:\/\/res.cloudinary.com\/turna\/images\/w_672,h_420,c_scale\/f_auto,q_auto\/f_auto,q_auto\/f_auto,q_auto:low\/v1517517905\/Yaz-Tatili-Bavul_q7yd1o\/Yaz-Tatili-Bavul_q7yd1o.jpg?_i=AA 672w, https:\/\/res.cloudinary.com\/turna\/images\/w_640,h_400,c_scale\/f_auto,q_auto\/f_auto,q_auto\/f_auto,q_auto:low\/v1517517905\/Yaz-Tatili-Bavul_q7yd1o\/Yaz-Tatili-Bavul_q7yd1o.jpg?_i=AA 640w, https:\/\/res.cloudinary.com\/turna\/images\/w_681,h_426,c_scale\/f_auto,q_auto\/f_auto,q_auto\/f_auto,q_auto:low\/v1517517905\/Yaz-Tatili-Bavul_q7yd1o\/Yaz-Tatili-Bavul_q7yd1o.jpg?_i=AA 681w\" sizes=\"(max-width: 800px) 100vw, 800px\" \/><\/figure>\n\n\n\n<p>\u0130klim de\u011fi\u015fikli\u011finin turizm \u00fczerindeki etkileri t\u00fcm sahil kentlerinde hissedilecek olsa dahi baz\u0131 b\u00f6lgeler daha kritik durumda. \u00d6n\u00fcm\u00fczdeki y\u0131llarda \u00f6zellikle Adana, Hatay  gibi yaz\u0131n zaten y\u00fcksek s\u0131cakl\u0131klar\u0131n g\u00f6r\u00fcld\u00fc\u011f\u00fc illerde iklim konforunun biraz daha azalaca\u011f\u0131 tahmin ediliyor. Bu illerde artan s\u0131cakl\u0131k dalgalar\u0131, a\u00e7\u0131k hava etkinliklerini k\u0131s\u0131tlayarak tatil deneyimini zorla\u015ft\u0131rabilir. Bununla birlikte Ayd\u0131n, Bal\u0131kesir, \u00c7anakkale ve <strong><a href=\"https:\/\/www.turna.com\/blog\/turkiye\/izmir\" data-type=\"link\" data-id=\"https:\/\/www.turna.com\/blog\/turkiye\/izmir\">\u0130zmir<\/a><\/strong> gibi destinasyonlarda etkilerin biraz daha s\u0131n\u0131rl\u0131 olaca\u011f\u0131 d\u00fc\u015f\u00fcn\u00fcl\u00fcyor fakat bu illerde de d\u0131\u015f mekanda zaman ge\u00e7irmeyi gerektiren tatil t\u00fcrleri i\u00e7in konfor kayb\u0131 ya\u015fanabilir. Bu tablo, al\u0131\u015ft\u0131\u011f\u0131m\u0131z yaz sezonunun cazibesini azaltabilir. \u00d6te yandan daha \u0131l\u0131man ge\u00e7en bahar ve sonbahar aylar\u0131 turizm i\u00e7in \u00f6n plana \u00e7\u0131kabilir. Yani anlayaca\u011f\u0131n\u0131z seyahat tutkusu de\u011fil yaln\u0131zca favori seyahat d\u00f6nemleri de\u011fi\u015fiyor.<\/p>\n\n\n\n<h2 class=\"wp-block-heading\"><span class=\"ez-toc-section\" id=\"gelecegin_seyahat_trendleri\"><\/span><strong>Gelece\u011fin Seyahat Trendleri<\/strong><span class=\"ez-toc-section-end\"><\/span><\/h2>\n\n\n\n<figure class=\"wp-block-image size-full is-resized\"><img width=\"800\" height=\"500\" data-public-id=\"tatil_nu5qko\/tatil_nu5qko.png\" decoding=\"async\" src=\"https:\/\/res.cloudinary.com\/turna\/images\/w_800,h_500,c_scale\/f_auto,q_auto:low\/v1474366006\/tatil_nu5qko\/tatil_nu5qko.png?_i=AA\" alt=\"\" class=\"wp-post-25067 wp-image-4496\" style=\"width:1200px;height:auto\" data-format=\"png\" data-transformations=\"f_auto,q_auto:low\" data-version=\"1474366006\" data-seo=\"1\" srcset=\"https:\/\/res.cloudinary.com\/turna\/images\/f_auto,q_auto:low\/v1474366006\/tatil_nu5qko\/tatil_nu5qko.png?_i=AA 800w, https:\/\/res.cloudinary.com\/turna\/images\/w_300,h_188,c_scale\/f_auto,q_auto:low\/v1474366006\/tatil_nu5qko\/tatil_nu5qko.png?_i=AA 300w, https:\/\/res.cloudinary.com\/turna\/images\/w_672,h_420,c_scale\/f_auto,q_auto:low\/v1474366006\/tatil_nu5qko\/tatil_nu5qko.png?_i=AA 672w, https:\/\/res.cloudinary.com\/turna\/images\/w_640,h_400,c_scale\/f_auto,q_auto:low\/v1474366006\/tatil_nu5qko\/tatil_nu5qko.png?_i=AA 640w, https:\/\/res.cloudinary.com\/turna\/images\/w_681,h_426,c_scale\/f_auto,q_auto:low\/v1474366006\/tatil_nu5qko\/tatil_nu5qko.png?_i=AA 681w\" sizes=\"(max-width: 800px) 100vw, 800px\" \/><\/figure>\n\n\n\n<p>\u0130klim de\u011fi\u015fikli\u011finin etkileri maalesef art\u0131k uzak bir senaryo de\u011fil ve hatta turizmin bug\u00fcnk\u00fc dinamiklerini bile \u015fekillendirmeye ba\u015flam\u0131\u015f durumda. \u00d6zellikle yaz aylar\u0131nda yo\u011funla\u015fan a\u015f\u0131r\u0131 s\u0131cakl\u0131k ve nem, sekt\u00f6r\u00fc yeni aray\u0131\u015flara y\u00f6neltiyor. Bu noktada, turizmin gelece\u011fini g\u00fcvence alt\u0131na alabilmek i\u00e7in destinasyonlar\u0131n yaln\u0131zca yaz sezonuna odaklanmamas\u0131 gerekiyor. Do\u011fru planlamalar ve s\u00fcrd\u00fcr\u00fclebilir politikalarla ilkbahar ve sonbahar aylar\u0131n\u0131n potansiyeli \u00f6n plana \u00e7\u0131kar\u0131labilir. B\u00f6ylece  turizm takvimi y\u0131l geneline yay\u0131l\u0131r ve ayn\u0131 zamanda ziyaret\u00e7ilere farkl\u0131 deneyimler sunulabilir. Farkl\u0131 turistik ke\u015fif olanaklar\u0131 mevsimsel \u00e7e\u015fitlili\u011fi art\u0131r\u0131rken destinasyonlar\u0131n iklim krizine daha dayan\u0131kl\u0131 hale gelmesine de katk\u0131 sa\u011flayacak.<\/p>\n\n\n\n<h2 class=\"wp-block-heading\"><span class=\"ez-toc-section\" id=\"surdurulebilir_turizm_ve_iklim_kaynakli_tatil_trendlerine_uyum\"><\/span>S\u00fcrd\u00fcr\u00fclebilir Turizm ve \u0130klim Kaynakl\u0131 Tatil Trendlerine Uyum<span class=\"ez-toc-section-end\"><\/span><\/h2>\n\n\n\n<p>\u0130klim de\u011fi\u015fikli\u011fi ve turizm \u00fczerindeki etkileri art\u0131k turizmde g\u00f6z ard\u0131 edilemeyecek bir noktaya geldi. Yaz\u0131n cazibe merkezi olan k\u0131y\u0131 \u015fehirleri a\u015f\u0131r\u0131 s\u0131cakl\u0131klar ve nem oran\u0131yla m\u00fccadele ediyor. \u00d6te yandan, k\u0131\u015f turizmiyle \u00f6ne \u00e7\u0131kan b\u00f6lgeler de azalan kar ya\u011f\u0131\u015flar\u0131ndan etkileniyor. Bu durum sadece tatil al\u0131\u015fkanl\u0131klar\u0131n\u0131 de\u011fi\u015ftirmekle kalm\u0131yor, mevsimlik ziyaret\u00e7ilere odaklanan bir\u00e7ok b\u00f6lgenin ekonomik dengesini de tehdit ediyor. Dolay\u0131s\u0131yla hem turizm sekt\u00f6r\u00fc hem de seyahat severler, daha dayan\u0131kl\u0131 ve s\u00fcrd\u00fcr\u00fclebilir alternatiflere y\u00f6nelmek zorunda kal\u0131yor. \u00c7evreye duyarl\u0131 uygulamalar ve do\u011fal kaynaklar\u0131n korunmas\u0131na y\u00f6nelik ad\u0131mlar, turizmde hem ekonomik s\u00fcrd\u00fcr\u00fclebilirlik hem de iklim krizine kar\u015f\u0131 uyum i\u00e7in \u00e7ok daha kritik hale geliyor. T\u00fcrkiye\u2019nin g\u00fc\u00e7l\u00fc turizm potansiyeli, bu de\u011fi\u015fimi do\u011fru stratejilerle ba\u015far\u0131l\u0131 \u015fekilde y\u00f6netmeye olduk\u00e7a m\u00fcsait.<\/p>\n\n\n\n<h2 class=\"wp-block-heading\"><span class=\"ez-toc-section\" id=\"dunyadan_surdurulebilir_turizm_ornekleri\"><\/span><strong>D\u00fcnyadan S\u00fcrd\u00fcr\u00fclebilir Turizm \u00d6rnekleri<\/strong><span class=\"ez-toc-section-end\"><\/span><\/h2>\n\n\n\n<figure class=\"wp-block-image size-full is-resized\"><img width=\"800\" height=\"500\" data-public-id=\"wordpress-contents\/seyahat\/seyahat.jpg\" loading=\"lazy\" decoding=\"async\" src=\"https:\/\/res.cloudinary.com\/turna\/images\/w_800,h_500,c_scale\/f_auto,q_auto:low\/v1753164478\/wordpress-contents\/seyahat\/seyahat.jpg?_i=AA\" alt=\"\" class=\"wp-post-25067 wp-image-24884\" style=\"width:1200px;height:auto\" data-format=\"jpg\" data-transformations=\"f_auto,q_auto:low\" data-version=\"1753164478\" data-seo=\"1\" srcset=\"https:\/\/res.cloudinary.com\/turna\/images\/f_auto,q_auto:low\/v1753164478\/wordpress-contents\/seyahat\/seyahat.jpg?_i=AA 800w, https:\/\/res.cloudinary.com\/turna\/images\/w_300,h_188,c_scale\/f_auto,q_auto:low\/v1753164478\/wordpress-contents\/seyahat\/seyahat.jpg?_i=AA 300w\" sizes=\"(max-width: 800px) 100vw, 800px\" \/><\/figure>\n\n\n\n<p>\u0130klim de\u011fi\u015fikli\u011fi ve turizm \u00fczerindeki etkileri yaln\u0131zca T\u00fcrkiye\u2019yi de\u011fil, d\u00fcnya turizmini de yeniden \u015fekillendiriyor. \u0130skandinav \u00fclkeleri yaz aylar\u0131nda do\u011fa y\u00fcr\u00fcy\u00fc\u015f\u00fc, bisiklet ve yaban hayat\u0131 turizmini \u00f6n plana \u00e7\u0131kararak sezonu \u00e7e\u015fitlendiriyor. Portekiz ve Yunanistan, yo\u011fun yaz kalabal\u0131\u011f\u0131n\u0131 dengelemek i\u00e7in bahar ve sonbahar aylar\u0131na da odaklan\u0131yor, ayr\u0131ca \u00e7evre dostu konaklama tesislerini g\u00fcnden g\u00fcne yayg\u0131nla\u015ft\u0131r\u0131yor.  Kanarya Adalar\u0131 ise kitle turizmine ba\u011f\u0131ml\u0131l\u0131\u011f\u0131 azaltmak i\u00e7in do\u011fa temelli deneyimlere a\u011f\u0131rl\u0131k veriyor. Turizmi daha s\u00fcrd\u00fcr\u00fclebilir ve d\u00f6rt mevsime yay\u0131lan bir yap\u0131ya d\u00f6n\u00fc\u015ft\u00fcrmek i\u00e7in t\u00fcm turizm merkezlerinin kendi \u00f6zel stratejisini geli\u015ftirmesi ka\u00e7\u0131n\u0131lmaz g\u00f6r\u00fcn\u00fcyor.<\/p>\n\n\n\n<p>D\u00fcnya de\u011fi\u015fiyor, iklim ve turizm al\u0131\u015fkanl\u0131klar\u0131 da bu de\u011fi\u015fimden etkileniyor. Ancak tek bir \u015fey sabit kal\u0131yor: ke\u015ffetme tutkusu. Turna.com, bu ke\u015fif tutkusunu gelece\u011fin trendleriyle bulu\u015fturmak i\u00e7in \u00e7al\u0131\u015fmalar\u0131n\u0131 h\u0131z kesmeden s\u00fcrd\u00fcr\u00fcyor. <strong><a href=\"https:\/\/www.turna.com\/ucak-bileti\" data-type=\"link\" data-id=\"https:\/\/www.turna.com\/ucak-bileti\">U\u00e7ak bileti<\/a><\/strong>, otob\u00fcs ya da feribot bileti, otel rezervasyonu veya ara\u00e7 kiralama\u2026 Bug\u00fcn\u00fcn ve gelece\u011fin turizminde en konforlu ve g\u00fcvenilir deneyimi ya\u015faman\u0131z i\u00e7in Turna her zaman yan\u0131n\u0131zda!<\/p>\n\n    <div class=\"xs_social_share_widget xs_share_url after_content \t\tmain_content  wslu-style-1 wslu-share-box-shaped wslu-fill-colored wslu-none wslu-share-horizontal wslu-theme-font-no wslu-main_content\">\n\n\t\t\n        <ul>\n\t\t\t        <\/ul>\n    <\/div> \n","protected":false},"excerpt":{"rendered":"<p>Bo\u011fazi\u00e7i \u00dcniversitesi\u2019nden bilim insanlar\u0131n\u0131n haz\u0131rlad\u0131\u011f\u0131 bir ara\u015ft\u0131rma, T\u00fcrkiye\u2019nin bat\u0131 k\u0131y\u0131lar\u0131nda turizm al\u0131\u015fkanl\u0131klar\u0131n\u0131n \u00f6n\u00fcm\u00fczdeki y\u0131llarda \u00f6nemli de\u011fi\u015fimlerle kar\u015f\u0131la\u015fabilece\u011fini ortaya koyuyor. \u0130klim de\u011fi\u015fikli\u011fi ve turizm \u00fczerinde etkilerine ve \u00f6zellikle 2026 ila 2050 y\u0131llar\u0131 aras\u0131na odaklanan \u00e7al\u0131\u015fmaya g\u00f6re, Akdeniz, Ege ve Marmara k\u0131y\u0131lar\u0131nda yaz aylar\u0131nda artan s\u0131cakl\u0131klar ve nem, tatil konforunu etkileyebilir. \u0130klim de\u011fi\u015fikli\u011fi ilgili b\u00f6lgelerde ziyaretlerin k\u0131salmas\u0131na [&hellip;]<\/p>\n","protected":false},"author":44,"featured_media":25068,"comment_status":"open","ping_status":"open","sticky":false,"template":"","format":"standard","meta":{"rop_custom_images_group":[],"rop_custom_messages_group":[],"rop_publish_now":"yes","rop_publish_now_accounts":[],"rop_publish_now_history":[],"rop_publish_now_status":"pending","_cloudinary_featured_overwrite":false,"footnotes":""},"categories":[1],"tags":[],"class_list":["post-25067","post","type-post","status-publish","format-standard","has-post-thumbnail","hentry","category-seyahat-rehberi"],"_links":{"self":[{"href":"https:\/\/www.turna.com\/blog\/wp-json\/wp\/v2\/posts\/25067","targetHints":{"allow":["GET"]}}],"collection":[{"href":"https:\/\/www.turna.com\/blog\/wp-json\/wp\/v2\/posts"}],"about":[{"href":"https:\/\/www.turna.com\/blog\/wp-json\/wp\/v2\/types\/post"}],"author":[{"embeddable":true,"href":"https:\/\/www.turna.com\/blog\/wp-json\/wp\/v2\/users\/44"}],"replies":[{"embeddable":true,"href":"https:\/\/www.turna.com\/blog\/wp-json\/wp\/v2\/comments?post=25067"}],"version-history":[{"count":0,"href":"https:\/\/www.turna.com\/blog\/wp-json\/wp\/v2\/posts\/25067\/revisions"}],"wp:featuredmedia":[{"embeddable":true,"href":"https:\/\/www.turna.com\/blog\/wp-json\/wp\/v2\/media\/25068"}],"wp:attachment":[{"href":"https:\/\/www.turna.com\/blog\/wp-json\/wp\/v2\/media?parent=25067"}],"wp:term":[{"taxonomy":"category","embeddable":true,"href":"https:\/\/www.turna.com\/blog\/wp-json\/wp\/v2\/categories?post=25067"},{"taxonomy":"post_tag","embeddable":true,"href":"https:\/\/www.turna.com\/blog\/wp-json\/wp\/v2\/tags?post=25067"}],"curies":[{"name":"wp","href":"https:\/\/api.w.org\/{rel}","templated":true}]}}