{"id":25065,"date":"2025-09-09T14:00:22","date_gmt":"2025-09-09T11:00:22","guid":{"rendered":"https:\/\/www.turna.com\/blog\/?p=25065"},"modified":"2025-09-09T14:00:22","modified_gmt":"2025-09-09T11:00:22","slug":"sonbahar-road-trip-rotalari","status":"publish","type":"post","link":"https:\/\/www.turna.com\/blog\/sonbahar-road-trip-rotalari","title":{"rendered":"Sonbahar Road Trip Rotalar\u0131"},"content":{"rendered":"<div id=\"ez-toc-container\" class=\"ez-toc-v2_0_82_2 counter-hierarchy ez-toc-counter ez-toc-black ez-toc-container-direction\">\n<div class=\"ez-toc-title-container\">\n<p class=\"ez-toc-title\" style=\"cursor:inherit\">\u0130\u00e7indekiler<\/p>\n<span class=\"ez-toc-title-toggle\"><a href=\"#\" class=\"ez-toc-pull-right ez-toc-btn ez-toc-btn-xs ez-toc-btn-default ez-toc-toggle\" aria-label=\"\u0130\u00e7indekiler Tablosunu A\u00e7\/Kapat\"><span class=\"ez-toc-js-icon-con\"><span class=\"\"><span class=\"eztoc-hide\" style=\"display:none;\">Toggle<\/span><span class=\"ez-toc-icon-toggle-span\"><svg style=\"fill: #ffffff;color:#ffffff\" xmlns=\"http:\/\/www.w3.org\/2000\/svg\" class=\"list-377408\" width=\"20px\" height=\"20px\" viewBox=\"0 0 24 24\" fill=\"none\"><path d=\"M6 6H4v2h2V6zm14 0H8v2h12V6zM4 11h2v2H4v-2zm16 0H8v2h12v-2zM4 16h2v2H4v-2zm16 0H8v2h12v-2z\" fill=\"currentColor\"><\/path><\/svg><svg style=\"fill: #ffffff;color:#ffffff\" class=\"arrow-unsorted-368013\" xmlns=\"http:\/\/www.w3.org\/2000\/svg\" width=\"10px\" height=\"10px\" viewBox=\"0 0 24 24\" version=\"1.2\" baseProfile=\"tiny\"><path d=\"M18.2 9.3l-6.2-6.3-6.2 6.3c-.2.2-.3.4-.3.7s.1.5.3.7c.2.2.4.3.7.3h11c.3 0 .5-.1.7-.3.2-.2.3-.5.3-.7s-.1-.5-.3-.7zM5.8 14.7l6.2 6.3 6.2-6.3c.2-.2.3-.5.3-.7s-.1-.5-.3-.7c-.2-.2-.4-.3-.7-.3h-11c-.3 0-.5.1-.7.3-.2.2-.3.5-.3.7s.1.5.3.7z\"\/><\/svg><\/span><\/span><\/span><\/a><\/span><\/div>\n<nav><ul class='ez-toc-list ez-toc-list-level-1 eztoc-toggle-hide-by-default' ><li class='ez-toc-page-1 ez-toc-heading-level-2'><a class=\"ez-toc-link ez-toc-heading-1\" href=\"https:\/\/www.turna.com\/blog\/sonbahar-road-trip-rotalari\/#sonbahar_road_trip_rotalari_8_guzergah\" >Sonbahar Road Trip Rotalar\u0131: 8 G\u00fczergah<\/a><ul class='ez-toc-list-level-3' ><li class='ez-toc-heading-level-3'><a class=\"ez-toc-link ez-toc-heading-2\" href=\"https:\/\/www.turna.com\/blog\/sonbahar-road-trip-rotalari\/#kapadokya_%e2%80%93_ihlara_vadisi_%e2%80%93_urgup_%e2%80%93_avanos\" >Kapadokya &#8211; Ihlara Vadisi &#8211; \u00dcrg\u00fcp &#8211; Avanos<\/a><\/li><li class='ez-toc-page-1 ez-toc-heading-level-3'><a class=\"ez-toc-link ez-toc-heading-3\" href=\"https:\/\/www.turna.com\/blog\/sonbahar-road-trip-rotalari\/#kars_%e2%80%93_ani_harabeleri_%e2%80%93_cildir_golu\" >Kars &#8211; Ani Harabeleri &#8211; \u00c7\u0131ld\u0131r G\u00f6l\u00fc<\/a><\/li><li class='ez-toc-page-1 ez-toc-heading-level-3'><a class=\"ez-toc-link ez-toc-heading-4\" href=\"https:\/\/www.turna.com\/blog\/sonbahar-road-trip-rotalari\/#kaz_daglari_%e2%80%93_adatepe_%e2%80%93_assos_%e2%80%93_cunda\" >Kaz Da\u011flar\u0131 &#8211; Adatepe &#8211; Assos &#8211; Cunda<\/a><\/li><li class='ez-toc-page-1 ez-toc-heading-level-3'><a class=\"ez-toc-link ez-toc-heading-5\" href=\"https:\/\/www.turna.com\/blog\/sonbahar-road-trip-rotalari\/#datca_%e2%80%93_marmaris_%e2%80%93_akyaka\" >Dat\u00e7a &#8211; Marmaris &#8211; Akyaka<\/a><\/li><li class='ez-toc-page-1 ez-toc-heading-level-3'><a class=\"ez-toc-link ez-toc-heading-6\" href=\"https:\/\/www.turna.com\/blog\/sonbahar-road-trip-rotalari\/#mardin_%e2%80%93_midyat_%e2%80%93_hasankeyf_%e2%80%93_dara_antik_kenti\" >Mardin &#8211; Midyat &#8211; Hasankeyf &#8211; Dara Antik Kenti<\/a><\/li><li class='ez-toc-page-1 ez-toc-heading-level-3'><a class=\"ez-toc-link ez-toc-heading-7\" href=\"https:\/\/www.turna.com\/blog\/sonbahar-road-trip-rotalari\/#salda_golu_%e2%80%93_burdur_%e2%80%93_isparta_lavanta_koyleri\" >Salda G\u00f6l\u00fc &#8211; Burdur &#8211; Isparta Lavanta K\u00f6yleri<\/a><\/li><li class='ez-toc-page-1 ez-toc-heading-level-3'><a class=\"ez-toc-link ez-toc-heading-8\" href=\"https:\/\/www.turna.com\/blog\/sonbahar-road-trip-rotalari\/#sevilla_%e2%80%93_ronda_%e2%80%93_granada\" >Sevilla &#8211; Ronda &#8211; Granada<\/a><\/li><li class='ez-toc-page-1 ez-toc-heading-level-3'><a class=\"ez-toc-link ez-toc-heading-9\" href=\"https:\/\/www.turna.com\/blog\/sonbahar-road-trip-rotalari\/#prag_%e2%80%93_cesky_krumlov_%e2%80%93_karlovy_vary\" >Prag &#8211; Cesky Krumlov &#8211; Karlovy Vary\u00a0<\/a><\/li><\/ul><\/li><\/ul><\/nav><\/div>\n\n<p>Sonbahar, do\u011fan\u0131n bir ressam gibi renk paletini ortaya serdi\u011fi zaman. A\u011fa\u00e7lar\u0131n yapraklar\u0131 sar\u0131ya, turuncuya ve k\u0131rm\u0131z\u0131ya b\u00fcr\u00fcn\u00fcrken, \u015fehirlerin sokaklar\u0131 ve k\u00f6ylerin ta\u015f evleri de bu renk c\u00fcmb\u00fc\u015f\u00fcne e\u015flik ediyor. B\u00f6yle zamanlarda yola \u00e7\u0131kmak, yeni yerler g\u00f6rmenin \u00f6tesinde ruhunuza da bir tatil vermek anlam\u0131na geliyor. Bu y\u00fczden Sonbahar Road Trip Rotalar\u0131, gezi listenizde mutlaka yer almal\u0131; hem foto\u011fraf makineniz hem de ruhunuz doyacak.<\/p>\n\n\n\n<p>T\u00fcrkiye ve d\u00fcnyan\u0131n \u00e7e\u015fitli k\u00f6\u015felerinde sonbahar\u0131n b\u00fcy\u00fcs\u00fcn\u00fc ke\u015ffedebilece\u011finiz rotalar var. Bazen mistik vadilerde y\u00fcr\u00fcy\u00fc\u015f yaparken, bazen deniz kenar\u0131nda hafif bir esintiyle y\u00fcz\u00fcn\u00fcz\u00fc ok\u015fayan r\u00fczgar\u0131 hissedebilirsiniz. \u015eehirlerin tarih dolu sokaklar\u0131nda kaybolmak, ta\u015f evlerin aras\u0131nda foto\u011fraf kareleri yakalamak ya da do\u011fal g\u00fczelliklerin tad\u0131n\u0131 \u00e7\u0131karmak\u2026 T\u00fcm bu deneyimler, Sonbahar Road Trip Rotalar\u0131 ile bir araya geliyor ve unutulmaz an\u0131lar biriktirmenizi sa\u011fl\u0131yor. Bu rotalarda diledi\u011finizce yeni maceralar biriktirmek i\u00e7in de Turna&#8217;n\u0131n <strong><a href=\"https:\/\/www.turna.com\/arac-kiralama\">ara\u00e7 kiralama<\/a><\/strong> se\u00e7eneklerine mutlaka g\u00f6z at\u0131n.<\/p>\n\n\n\n<h2 class=\"wp-block-heading has-text-align-center has-neeon-button-dark-gray-color has-text-color has-link-color wp-elements-cdf3fc2311e4ebda97c6ea77c2e0cb6c\"><span class=\"ez-toc-section\" id=\"sonbahar_road_trip_rotalari_8_guzergah\"><\/span><strong>Sonbahar Road Trip Rotalar\u0131: 8 G\u00fczergah<\/strong><span class=\"ez-toc-section-end\"><\/span><\/h2>\n\n\n\n<h3 class=\"wp-block-heading has-text-align-center has-neeon-button-dark-gray-color has-text-color has-link-color wp-elements-55cfc8ba132f8a6ce6820f8e3577f49b\"><span class=\"ez-toc-section\" id=\"kapadokya_%e2%80%93_ihlara_vadisi_%e2%80%93_urgup_%e2%80%93_avanos\"><\/span><strong><strong><strong><strong><strong><strong>Kapadokya &#8211; Ihlara Vadisi &#8211; \u00dcrg\u00fcp &#8211; Avanos<\/strong><\/strong><\/strong><\/strong><\/strong><\/strong><span class=\"ez-toc-section-end\"><\/span><\/h3>\n\n\n\n<figure class=\"wp-block-image size-large\"><img width=\"800\" height=\"500\" data-public-id=\"Kapadokya-Kayseri-Gezilecek-Yerler\/Kapadokya-Kayseri-Gezilecek-Yerler.jpg\" decoding=\"async\" src=\"https:\/\/res.cloudinary.com\/turna\/images\/w_800,h_500,c_scale\/f_auto,q_auto:low\/v1641116881\/Kapadokya-Kayseri-Gezilecek-Yerler\/Kapadokya-Kayseri-Gezilecek-Yerler.jpg?_i=AA\" alt=\"\" class=\"wp-post-0 wp-image-20436\" data-format=\"jpg\" data-transformations=\"f_auto,q_auto:low\" data-version=\"1641116881\" data-seo=\"1\" srcset=\"https:\/\/res.cloudinary.com\/turna\/images\/f_auto,q_auto:low\/v1641116881\/Kapadokya-Kayseri-Gezilecek-Yerler\/Kapadokya-Kayseri-Gezilecek-Yerler.jpg?_i=AA 800w, https:\/\/res.cloudinary.com\/turna\/images\/w_300,h_188,c_scale\/f_auto,q_auto:low\/v1641116881\/Kapadokya-Kayseri-Gezilecek-Yerler\/Kapadokya-Kayseri-Gezilecek-Yerler.jpg?_i=AA 300w, https:\/\/res.cloudinary.com\/turna\/images\/w_672,h_420,c_scale\/f_auto,q_auto:low\/v1641116881\/Kapadokya-Kayseri-Gezilecek-Yerler\/Kapadokya-Kayseri-Gezilecek-Yerler.jpg?_i=AA 672w, https:\/\/res.cloudinary.com\/turna\/images\/w_640,h_400,c_scale\/f_auto,q_auto:low\/v1641116881\/Kapadokya-Kayseri-Gezilecek-Yerler\/Kapadokya-Kayseri-Gezilecek-Yerler.jpg?_i=AA 640w, https:\/\/res.cloudinary.com\/turna\/images\/w_681,h_426,c_scale\/f_auto,q_auto:low\/v1641116881\/Kapadokya-Kayseri-Gezilecek-Yerler\/Kapadokya-Kayseri-Gezilecek-Yerler.jpg?_i=AA 681w\" sizes=\"(max-width: 800px) 100vw, 800px\" \/><\/figure>\n\n\n\n<p>Sonbahar Road Trip Rotalar\u0131 listemize g\u00f6z al\u0131c\u0131 bir ba\u015flang\u0131\u00e7 yap\u0131yoruz. Kapadokya, sonbaharda ba\u015fka bir b\u00fcy\u00fcye b\u00fcr\u00fcn\u00fcyor. Peribacalar\u0131n\u0131n aras\u0131nda sabah\u0131n ilk \u0131\u015f\u0131klar\u0131yla balonlar\u0131n s\u00fcz\u00fcl\u00fc\u015f\u00fcn\u00fc izlemek, size masals\u0131 bir ba\u015flang\u0131\u00e7 sunuyor. Ihlara Vadisi\u2019nde yapaca\u011f\u0131n\u0131z y\u00fcr\u00fcy\u00fc\u015flerde yapraklar\u0131n h\u0131\u015f\u0131rt\u0131s\u0131 e\u015fli\u011finde do\u011fal bir terapi al\u0131rken, vadideki kiliseleri ke\u015ffetmek tarihe doyaca\u011f\u0131n\u0131z bir deneyim sa\u011fl\u0131yor. \u00dcrg\u00fcp\u2019te y\u00f6resel \u015farap tad\u0131mlar\u0131 yapabilir, Avanos\u2019ta \u00e7\u00f6mlek at\u00f6lyelerinde kendi el eme\u011finizle bir hat\u0131ra olu\u015fturabilirsiniz. Bu rota i\u00e7in en az 3 g\u00fcn ay\u0131rman\u0131z yeterli olabilir; \u00e7\u00fcnk\u00fc her durak ayr\u0131 bir ke\u015fif f\u0131rsat\u0131 sunuyor.<\/p>\n\n\n\n<p>Mutlaka G\u00f6r\u00fclmesi Gereken Yerler:<\/p>\n\n\n\n<ul class=\"wp-block-list\">\n<li>G\u00f6reme A\u00e7\u0131k Hava M\u00fczesi\u2019ni ziyaret edin. Burada kayalara oyulmu\u015f kiliseleri ve freskleri g\u00f6rebilirsiniz.<\/li>\n\n\n\n<li>Ihlara Vadisi\u2019nde y\u00fcr\u00fcy\u00fc\u015f yap\u0131n. Vadinin sakinli\u011fi ve do\u011fas\u0131 sonbaharda muhte\u015fem bir g\u00f6rsel \u015f\u00f6len sunuyor.<\/li>\n\n\n\n<li>\u00dcrg\u00fcp\u2019te \u015farap tad\u0131m\u0131 yap\u0131n. Y\u00f6resel \u00fcz\u00fcm ba\u011flar\u0131n\u0131n lezzetlerini ke\u015ffetmek keyifli bir mola oluyor.<\/li>\n\n\n\n<li>Avanos\u2019ta \u00e7\u00f6mlek at\u00f6lyelerini deneyimleyin. Kendi el eme\u011finizle bir hat\u0131ra yapmak unutulmaz bir deneyim.<\/li>\n\n\n\n<li>U\u00e7hisar Kalesi\u2019nden g\u00fcn bat\u0131m\u0131n\u0131 izleyin. Kapadokya\u2019n\u0131n panoramik manzaras\u0131n\u0131 mutlaka g\u00f6r\u00fcn. <\/li>\n<\/ul>\n\n\n\n<h3 class=\"wp-block-heading has-text-align-center has-neeon-button-dark-gray-color has-text-color has-link-color wp-elements-6459aa6df9f576ce10d0222a0ca6ffd9\"><span class=\"ez-toc-section\" id=\"kars_%e2%80%93_ani_harabeleri_%e2%80%93_cildir_golu\"><\/span><strong><strong><strong><strong><strong><strong><strong>Kars &#8211; Ani Harabeleri &#8211; \u00c7\u0131ld\u0131r G\u00f6l\u00fc<\/strong><\/strong><\/strong><\/strong><\/strong><\/strong><\/strong><span class=\"ez-toc-section-end\"><\/span><\/h3>\n\n\n\n<figure class=\"wp-block-image size-large\"><img decoding=\"async\" src=\"https:\/\/res.cloudinary.com\/turna\/image\/upload\/v1579287346\/Kars_tldsfv.jpg\" alt=\"\"\/><\/figure>\n\n\n\n<p>Do\u011fu Anadolu\u2019nun mistik havas\u0131, sonbahar\u0131n alt\u0131n tonlar\u0131yla birle\u015fti\u011finde unutulmaz bir rota ortaya \u00e7\u0131k\u0131yor. Kars\u2019\u0131n ta\u015f evleri ve tarihi, sizi ge\u00e7mi\u015fe g\u00f6t\u00fcr\u00fcrken, Ani Harabeleri\u2019nde dola\u015fmak tarihin derinliklerine yolculuk yapmak gibi. \u00c7\u0131ld\u0131r G\u00f6l\u00fc\u2019n\u00fcn sakinli\u011fi, g\u00f6l\u00fcn \u00fczerinde hafif sisle birle\u015fince foto\u011fraf karelerinizin unutulmaz olmas\u0131n\u0131 sa\u011fl\u0131yor. Bu rota i\u00e7in 4 g\u00fcn ay\u0131rman\u0131z ideal; hem tarih hem de do\u011fa dolu bir deneyim ya\u015fars\u0131n\u0131z.<\/p>\n\n\n\n<p>Mutlaka G\u00f6r\u00fclmesi Gereken Yerler:<\/p>\n\n\n\n<ul class=\"wp-block-list\">\n<li>Ani Harabeleri\u2019ni gezip eski kent kal\u0131nt\u0131lar\u0131n\u0131 ke\u015ffedin. Tarih adeta ta\u015flarda ya\u015f\u0131yor.<\/li>\n\n\n\n<li>\u00c7\u0131ld\u0131r G\u00f6l\u00fc\u2019nde y\u00fcr\u00fcy\u00fc\u015f veya tekne turu yap\u0131n. G\u00f6l\u00fcn sonbahar manzaras\u0131 huzur veriyor.<\/li>\n\n\n\n<li>Kars Kalesi\u2019ni g\u00f6r\u00fcn. \u015eehrin manzaras\u0131n\u0131 buradan izleyebilirsiniz.<\/li>\n\n\n\n<li>Fethiye Camii\u2019yi ziyaret edin. Osmanl\u0131 d\u00f6nemi mimarisini yak\u0131ndan g\u00f6rmek i\u00e7in harika bir durak.<\/li>\n\n\n\n<li>Bo\u011fatepe Peynir M\u00fczesi\u2019nde Kars peynirlerini tad\u0131n ve \u00fcretim s\u00fcrecini \u00f6\u011frenin.<\/li>\n<\/ul>\n\n\n\n<h3 class=\"wp-block-heading has-text-align-center has-neeon-button-dark-gray-color has-text-color has-link-color wp-elements-93edf8e474597132cb352b91847a9fd8\"><span class=\"ez-toc-section\" id=\"kaz_daglari_%e2%80%93_adatepe_%e2%80%93_assos_%e2%80%93_cunda\"><\/span><strong><strong><strong><strong><strong><strong>Kaz Da\u011flar\u0131 &#8211; Adatepe &#8211; Assos &#8211; Cunda<\/strong><\/strong><\/strong><\/strong><\/strong><\/strong><span class=\"ez-toc-section-end\"><\/span><\/h3>\n\n\n\n<figure class=\"wp-block-image size-large\"><img decoding=\"async\" src=\"https:\/\/res.cloudinary.com\/turna\/image\/upload\/v1689593577\/assos_nerede.jpg\" alt=\"\"\/><\/figure>\n\n\n\n<p>Ege\u2019nin oksijen deposu Kazda\u011flar\u0131, sonbaharda yemye\u015fil ve sar\u0131 tonlar\u0131yla sizi kar\u015f\u0131l\u0131yor. Orman i\u00e7i y\u00fcr\u00fcy\u00fc\u015fler ve \u015felalelerle dolu bu rota, do\u011fa tutkunlar\u0131 i\u00e7in ideal. Adatepe\u2019nin ta\u015f evleri aras\u0131nda gezinmek, zeytinya\u011f\u0131 \u00fcretim s\u00fcre\u00e7lerini g\u00f6rmek ve Assos\u2019un tarihi liman\u0131nda y\u00fcr\u00fcy\u00fc\u015f yapmak ayr\u0131 bir keyif. Cunda\u2019n\u0131n dar sokaklar\u0131nda sonbahar renkleriyle bezenmi\u015f kafelerde mola vermek ise g\u00fcn\u00fc ta\u00e7land\u0131r\u0131yor. Bu rotay\u0131 rahat\u00e7a ke\u015ffetmek i\u00e7in 3 g\u00fcn ay\u0131rabilirsiniz.<\/p>\n\n\n\n<p>Mutlaka G\u00f6r\u00fclmesi Gereken Yerler:<\/p>\n\n\n\n<ul class=\"wp-block-list\">\n<li>Kaz Da\u011flar\u0131 Milli Park\u0131\u2019nda do\u011fa y\u00fcr\u00fcy\u00fc\u015fleri yap\u0131n. Sonbaharda a\u011fa\u00e7lar\u0131n renkleri b\u00fcy\u00fcleyici.<\/li>\n\n\n\n<li>Adatepe Zeytinya\u011f\u0131 M\u00fczesi\u2019ni ziyaret edin ve \u00fcretim s\u00fcrecini g\u00f6r\u00fcn.<\/li>\n\n\n\n<li>Assos Antik Kenti\u2019ni ke\u015ffedin. Tarihi kal\u0131nt\u0131lar size ge\u00e7mi\u015fi anlat\u0131yor.<\/li>\n\n\n\n<li>Cunda Ta\u015f Kahve\u2019de kahve molas\u0131 verin ve sokaklar\u0131 ke\u015ffedin.<\/li>\n\n\n\n<li>\u015eeytan Sofras\u0131\u2019ndan g\u00fcn bat\u0131m\u0131n\u0131 izleyin. Manzara e\u015fsiz.<\/li>\n<\/ul>\n\n\n\n<h3 class=\"wp-block-heading has-text-align-center has-neeon-button-dark-gray-color has-text-color has-link-color wp-elements-04e6b2055f9cbad5bc975092589a62db\"><span class=\"ez-toc-section\" id=\"datca_%e2%80%93_marmaris_%e2%80%93_akyaka\"><\/span><strong><strong><strong><strong><strong><strong>Dat\u00e7a &#8211; Marmaris &#8211; Akyaka<\/strong><\/strong><\/strong><\/strong><\/strong><\/strong><span class=\"ez-toc-section-end\"><\/span><\/h3>\n\n\n\n<figure class=\"wp-block-image size-large\"><img decoding=\"async\" src=\"https:\/\/res.cloudinary.com\/turna\/image\/upload\/v1689160510\/dat%C3%A7a_nerede.jpg\" alt=\"\"\/><\/figure>\n\n\n\n<p>Ege\u2019nin huzurlu sahillerini ve sakin k\u00f6ylerini sonbaharda ke\u015ffetmek isteyenler i\u00e7in bu rota bir cennet. Dat\u00e7a\u2019n\u0131n berrak denizi ve sakin koylar\u0131, kalabal\u0131ktan uzak bir tatil sunuyor. Knidos Antik Kenti\u2019nde tarihe yolculuk yapabilir, Marmaris\u2019in hareketli \u00e7ar\u015f\u0131s\u0131nda y\u00f6resel lezzetleri tadabilirsiniz. Akyaka\u2019n\u0131n Azmak Nehri\u2019nde tekne turu yaparak sonbahar\u0131n dinginli\u011fini tam anlam\u0131yla ya\u015fayabilirsiniz. Bu rota i\u00e7in 4 g\u00fcn ay\u0131rmak ideal.<\/p>\n\n\n\n<p>Mutlaka G\u00f6r\u00fclmesi Gereken Yerler:<\/p>\n\n\n\n<ul class=\"wp-block-list\">\n<li>Dat\u00e7a Eski \u00c7ar\u015f\u0131\u2019da gezip yerel \u00fcr\u00fcnleri ke\u015ffedin. Sokaklar sonbaharda ayr\u0131 bir huzurlu atmosfer sunuyor.<\/li>\n\n\n\n<li>Knidos Antik Kenti\u2019ni ziyaret edin. Tarihi kal\u0131nt\u0131lar, deniz manzaras\u0131yla birle\u015fiyor.<\/li>\n\n\n\n<li>Marmaris Kalesi\u2019ni g\u00f6r\u00fcn. \u015eehrin panoramik manzaras\u0131n\u0131 yakalayabilirsiniz.<\/li>\n\n\n\n<li>Akyaka Azmak Nehri\u2019nde tekne turu yap\u0131n. Sonbaharda nehir kenar\u0131 y\u00fcr\u00fcy\u00fc\u015fleri de \u00e7ok keyifli.<\/li>\n\n\n\n<li>Kleopatra Adas\u0131\u2019nda k\u0131sa bir y\u00fcr\u00fcy\u00fc\u015f yap\u0131n ve do\u011fal g\u00fczellikleri ke\u015ffedin.<\/li>\n<\/ul>\n\n\n\n<h3 class=\"wp-block-heading has-text-align-center has-neeon-button-dark-gray-color has-text-color has-link-color wp-elements-1b2285c5a09117e4d8b7f8c59daeb532\"><span class=\"ez-toc-section\" id=\"mardin_%e2%80%93_midyat_%e2%80%93_hasankeyf_%e2%80%93_dara_antik_kenti\"><\/span><strong><strong><strong><strong><strong><strong><strong>Mardin &#8211; Midyat &#8211; Hasankeyf &#8211; Dara Antik Kenti<\/strong><\/strong><\/strong><\/strong><\/strong><\/strong><\/strong><span class=\"ez-toc-section-end\"><\/span><\/h3>\n\n\n\n<figure class=\"wp-block-image size-large\"><img width=\"800\" height=\"500\" data-public-id=\"mardin-evleri\/mardin-evleri.jpg\" decoding=\"async\" src=\"https:\/\/res.cloudinary.com\/turna\/images\/w_800,h_500,c_scale\/f_auto,q_auto:low\/v1643452180\/mardin-evleri\/mardin-evleri.jpg?_i=AA\" alt=\"\" class=\"wp-post-0 wp-image-20544\" data-format=\"jpg\" data-transformations=\"f_auto,q_auto:low\" data-version=\"1643452180\" data-seo=\"1\" srcset=\"https:\/\/res.cloudinary.com\/turna\/images\/f_auto,q_auto:low\/v1643452180\/mardin-evleri\/mardin-evleri.jpg?_i=AA 800w, https:\/\/res.cloudinary.com\/turna\/images\/w_300,h_188,c_scale\/f_auto,q_auto:low\/v1643452180\/mardin-evleri\/mardin-evleri.jpg?_i=AA 300w, https:\/\/res.cloudinary.com\/turna\/images\/w_672,h_420,c_scale\/f_auto,q_auto:low\/v1643452180\/mardin-evleri\/mardin-evleri.jpg?_i=AA 672w, https:\/\/res.cloudinary.com\/turna\/images\/w_640,h_400,c_scale\/f_auto,q_auto:low\/v1643452180\/mardin-evleri\/mardin-evleri.jpg?_i=AA 640w, https:\/\/res.cloudinary.com\/turna\/images\/w_681,h_426,c_scale\/f_auto,q_auto:low\/v1643452180\/mardin-evleri\/mardin-evleri.jpg?_i=AA 681w\" sizes=\"(max-width: 800px) 100vw, 800px\" \/><\/figure>\n\n\n\n<p>G\u00fcneydo\u011fu\u2019nun ta\u015f evleri ve tarihi atmosferi, havalar\u0131n serinlemeye ba\u015flad\u0131\u011f\u0131 sonbaharda daha da b\u00fcy\u00fcleyici bir hale geliyor. Mardin\u2019in dar sokaklar\u0131nda kaybolmak, ta\u015f evlerin aras\u0131ndaki kafelerde kahve molas\u0131 vermek ve Midyat\u2019\u0131n g\u00fcm\u00fc\u015f i\u015f\u00e7ili\u011fini g\u00f6rmek unutulmaz bir deneyim. Hasankeyf ve Dara Antik Kenti ise tarih merakl\u0131lar\u0131 i\u00e7in e\u015fsiz duraklar. Sonbahar Road Trip Rotalar\u0131 listemizdeki bu rota i\u00e7in 4-5 g\u00fcn ay\u0131rmak en iyisi, \u00e7\u00fcnk\u00fc hem tarihi hem de k\u00fclt\u00fcrel zenginlikleri sindire sindire ke\u015ffetmek gerekiyor.<\/p>\n\n\n\n<p>Mutlaka G\u00f6r\u00fclmesi Gereken Yerler:<\/p>\n\n\n\n<ul class=\"wp-block-list\">\n<li>Mardin\u2019in ta\u015f sokaklar\u0131nda y\u00fcr\u00fcy\u00fcn ve \u015fehir manzaras\u0131n\u0131 izleyin. Tarih etraf\u0131n\u0131z\u0131 sar\u0131yor.<\/li>\n\n\n\n<li>Midyat\u2019ta g\u00fcm\u00fc\u015f i\u015f\u00e7ili\u011fi at\u00f6lyelerini ziyaret edin ve y\u00f6resel el sanatlar\u0131n\u0131 g\u00f6r\u00fcn.<\/li>\n\n\n\n<li>Hasankeyf\u2019in tarihi kal\u0131nt\u0131lar\u0131n\u0131 ke\u015ffedin. Nehir kenar\u0131ndaki manzara b\u00fcy\u00fcleyici.<\/li>\n\n\n\n<li>Dara Antik Kenti\u2019nde antik yap\u0131lar\u0131n aras\u0131nda y\u00fcr\u00fcy\u00fc\u015f yap\u0131n.\u00a0<\/li>\n\n\n\n<li>Mardin Kalesi\u2019nden g\u00fcn bat\u0131m\u0131n\u0131 izleyin.\u00a0<\/li>\n<\/ul>\n\n\n\n<h3 class=\"wp-block-heading has-text-align-center has-neeon-button-dark-gray-color has-text-color has-link-color wp-elements-8cfb573ac71d35fb54ebec58c81ed6cd\"><span class=\"ez-toc-section\" id=\"salda_golu_%e2%80%93_burdur_%e2%80%93_isparta_lavanta_koyleri\"><\/span><strong><strong><strong><strong><strong><strong>Salda G\u00f6l\u00fc &#8211; Burdur &#8211; Isparta Lavanta K\u00f6yleri<\/strong><\/strong><\/strong><\/strong><\/strong><\/strong><span class=\"ez-toc-section-end\"><\/span><\/h3>\n\n\n\n<figure class=\"wp-block-image size-large\"><img decoding=\"async\" src=\"https:\/\/res.cloudinary.com\/turna\/image\/upload\/v1674159829\/kuyucak_lavanta_k%C3%B6y%C3%BC.jpg\" alt=\"\"\/><\/figure>\n\n\n\n<p>Sonbaharda do\u011fa ve renklerin bulu\u015ftu\u011fu bir rota ar\u0131yorsan\u0131z Salda G\u00f6l\u00fc m\u00fckemmel bir ba\u015flang\u0131\u00e7. G\u00f6l\u00fcn turkuaz sular\u0131 ve \u00e7evresindeki do\u011fal alanlar, foto\u011fraf tutkunlar\u0131 i\u00e7in bir cennet. Burdur\u2019un tarihi mekanlar\u0131n\u0131 gezebilir, Isparta\u2019n\u0131n lavanta k\u00f6ylerinde sonbahar\u0131n farkl\u0131 renklerini g\u00f6rebilirsiniz. Bu rota i\u00e7in 2-3 g\u00fcn ay\u0131rman\u0131z yeterli; hem do\u011fa hem de k\u0131sa tarih duraklar\u0131n\u0131 ke\u015ffetmi\u015f olursunuz.<\/p>\n\n\n\n<p>Mutlaka G\u00f6r\u00fclmesi Gereken Yerler:<\/p>\n\n\n\n<ul class=\"wp-block-list\">\n<li>Salda G\u00f6l\u00fc\u2019n\u00fcn k\u0131y\u0131s\u0131nda y\u00fcr\u00fcy\u00fc\u015f yap\u0131n ve g\u00f6l\u00fcn turkuaz sular\u0131n\u0131 ke\u015ffedin.<\/li>\n\n\n\n<li>Burdur Arkeoloji M\u00fczesi\u2019ni ziyaret edin ve b\u00f6lgenin tarihini \u00f6\u011frenin.<\/li>\n\n\n\n<li>Isparta Lavanta K\u00f6yleri\u2019nde sonbahar renklerini foto\u011fraflay\u0131n.<\/li>\n\n\n\n<li>E\u011firdir G\u00f6l\u00fc kenar\u0131nda k\u0131sa bir y\u00fcr\u00fcy\u00fc\u015f yap\u0131n.<\/li>\n\n\n\n<li>Kovada G\u00f6l\u00fc Tabiat Park\u0131\u2019nda dinlenin ve manzaran\u0131n tad\u0131n\u0131 \u00e7\u0131kar\u0131n.<\/li>\n<\/ul>\n\n\n\n<h3 class=\"wp-block-heading has-text-align-center has-neeon-button-dark-gray-color has-text-color has-link-color wp-elements-12097fc6eed0ed78e055ae19941f88b5\"><span class=\"ez-toc-section\" id=\"sevilla_%e2%80%93_ronda_%e2%80%93_granada\"><\/span><strong><strong><strong><strong><strong><strong>Sevilla &#8211; Ronda &#8211; Granada<\/strong><\/strong><\/strong><\/strong><\/strong><\/strong><span class=\"ez-toc-section-end\"><\/span><\/h3>\n\n\n\n<figure class=\"wp-block-image size-large\"><img width=\"800\" height=\"500\" data-public-id=\"avrupa-sevilla\/avrupa-sevilla.jpg\" decoding=\"async\" src=\"https:\/\/res.cloudinary.com\/turna\/images\/w_800,h_500,c_scale\/f_auto,q_auto:low\/v1621487719\/avrupa-sevilla\/avrupa-sevilla.jpg?_i=AA\" alt=\"\" class=\"wp-post-0 wp-image-19143\" data-format=\"jpg\" data-transformations=\"f_auto,q_auto:low\" data-version=\"1621487719\" data-seo=\"1\" srcset=\"https:\/\/res.cloudinary.com\/turna\/images\/f_auto,q_auto:low\/v1621487719\/avrupa-sevilla\/avrupa-sevilla.jpg?_i=AA 800w, https:\/\/res.cloudinary.com\/turna\/images\/w_300,h_188,c_scale\/f_auto,q_auto:low\/v1621487719\/avrupa-sevilla\/avrupa-sevilla.jpg?_i=AA 300w, https:\/\/res.cloudinary.com\/turna\/images\/w_672,h_420,c_scale\/f_auto,q_auto:low\/v1621487719\/avrupa-sevilla\/avrupa-sevilla.jpg?_i=AA 672w, https:\/\/res.cloudinary.com\/turna\/images\/w_640,h_400,c_scale\/f_auto,q_auto:low\/v1621487719\/avrupa-sevilla\/avrupa-sevilla.jpg?_i=AA 640w, https:\/\/res.cloudinary.com\/turna\/images\/w_681,h_426,c_scale\/f_auto,q_auto:low\/v1621487719\/avrupa-sevilla\/avrupa-sevilla.jpg?_i=AA 681w\" sizes=\"(max-width: 800px) 100vw, 800px\" \/><\/figure>\n\n\n\n<p>Sonbahar Road Trip Rotalar\u0131 listemizde biraz da yurt d\u0131\u015f\u0131na \u00e7\u0131kal\u0131m. \u0130spanya\u2019n\u0131n g\u00fcneyi, sonbaharda apayr\u0131 bir b\u00fcy\u00fcye b\u00fcr\u00fcn\u00fcyor. Sevilla\u2019n\u0131n dar ve ta\u015fl\u0131 sokaklar\u0131nda y\u00fcr\u00fcy\u00fc\u015f yaparken, kafelerde oturup s\u0131cak bir kahve e\u015fli\u011finde \u015fehir hayat\u0131n\u0131 izlemek size ger\u00e7ek bir \u0130spanyol havas\u0131 ya\u015fat\u0131yor. Ronda\u2019ya ula\u015ft\u0131\u011f\u0131n\u0131zda ise Puente Nuevo K\u00f6pr\u00fcs\u00fc\u2019n\u00fcn u\u00e7urumun \u00fczerinden s\u00fcz\u00fclen g\u00f6r\u00fcnt\u00fcs\u00fc, sonbahar\u0131n alt\u0131n rengiyle birle\u015fince adeta kartpostall\u0131k bir sahne olu\u015fuyor. Granada ise tarih ve k\u00fclt\u00fcr tutkunlar\u0131 i\u00e7in tam bir cennet. Bu rotay\u0131 en az 5 g\u00fcn ay\u0131rman\u0131z, \u015fehirlerin keyfini \u00e7\u0131karmak ve sonbahar\u0131n renklerini doyas\u0131ya hissetmek i\u00e7in ideal.<\/p>\n\n\n\n<p>Mutlaka G\u00f6r\u00fclmesi Gereken Yerler:<\/p>\n\n\n\n<ul class=\"wp-block-list\">\n<li>Sevilla Katedrali\u2019ni ziyaret edin ve Gotik mimarinin b\u00fcy\u00fcs\u00fcne tan\u0131k olun.<\/li>\n\n\n\n<li>Ronda\u2019n\u0131n Puente Nuevo k\u00f6pr\u00fcs\u00fcnden manzara seyredin. U\u00e7urumun etkileyici g\u00f6r\u00fcnt\u00fcs\u00fc nefes kesiyor.<\/li>\n\n\n\n<li>Granada\u2019daki Alhambra Saray\u0131\u2019n\u0131 ke\u015ffedin.<\/li>\n\n\n\n<li>Albaicin mahallesinde y\u00fcr\u00fcy\u00fc\u015f yap\u0131n ve dar sokaklar\u0131n b\u00fcy\u00fcs\u00fcn\u00fc ya\u015fay\u0131n.<\/li>\n\n\n\n<li>Plaza de Espa\u00f1a\u2019da foto\u011fraf molas\u0131 verin. Meydan\u0131n sonbahar \u0131\u015f\u0131klar\u0131 harika g\u00f6r\u00fcn\u00fcyor.<\/li>\n<\/ul>\n\n\n\n<h3 class=\"wp-block-heading has-text-align-center has-neeon-button-dark-gray-color has-text-color has-link-color wp-elements-607ba8ffec07137807ae4871adc30c24\"><span class=\"ez-toc-section\" id=\"prag_%e2%80%93_cesky_krumlov_%e2%80%93_karlovy_vary\"><\/span><strong><strong><strong><strong><strong><strong>Prag &#8211; Cesky Krumlov &#8211; Karlovy Vary\u00a0<\/strong><\/strong><\/strong><\/strong><\/strong><\/strong><span class=\"ez-toc-section-end\"><\/span><\/h3>\n\n\n\n<figure class=\"wp-block-image size-large\"><img width=\"800\" height=\"500\" data-public-id=\"Prag-Gezilecek-Yerler\/Prag-Gezilecek-Yerler.jpg\" decoding=\"async\" src=\"https:\/\/res.cloudinary.com\/turna\/images\/w_800,h_500,c_scale\/f_auto,q_auto:low\/v1624086514\/Prag-Gezilecek-Yerler\/Prag-Gezilecek-Yerler.jpg?_i=AA\" alt=\"\" class=\"wp-post-0 wp-image-19295\" data-format=\"jpg\" data-transformations=\"f_auto,q_auto:low\" data-version=\"1624086514\" data-seo=\"1\" srcset=\"https:\/\/res.cloudinary.com\/turna\/images\/f_auto,q_auto:low\/v1624086514\/Prag-Gezilecek-Yerler\/Prag-Gezilecek-Yerler.jpg?_i=AA 800w, https:\/\/res.cloudinary.com\/turna\/images\/w_300,h_188,c_scale\/f_auto,q_auto:low\/v1624086514\/Prag-Gezilecek-Yerler\/Prag-Gezilecek-Yerler.jpg?_i=AA 300w, https:\/\/res.cloudinary.com\/turna\/images\/w_672,h_420,c_scale\/f_auto,q_auto:low\/v1624086514\/Prag-Gezilecek-Yerler\/Prag-Gezilecek-Yerler.jpg?_i=AA 672w, https:\/\/res.cloudinary.com\/turna\/images\/w_640,h_400,c_scale\/f_auto,q_auto:low\/v1624086514\/Prag-Gezilecek-Yerler\/Prag-Gezilecek-Yerler.jpg?_i=AA 640w, https:\/\/res.cloudinary.com\/turna\/images\/w_681,h_426,c_scale\/f_auto,q_auto:low\/v1624086514\/Prag-Gezilecek-Yerler\/Prag-Gezilecek-Yerler.jpg?_i=AA 681w\" sizes=\"(max-width: 800px) 100vw, 800px\" \/><\/figure>\n\n\n\n<p>Orta Avrupa\u2019n\u0131n sonbahar manzaralar\u0131, bir masal diyar\u0131n\u0131 and\u0131r\u0131yor. Prag\u2019\u0131n k\u00f6pr\u00fclerinden ge\u00e7ip, Vltava Nehri kenar\u0131nda y\u00fcr\u00fcy\u00fc\u015f yaparken, \u015fehir size tarih dolu bir hikaye anlat\u0131yor. Cesky Krumlov\u2019a vard\u0131\u011f\u0131n\u0131zda ise renkli evlerin ve dar sokaklar\u0131n aras\u0131nda kaybolmak m\u00fcmk\u00fcn; her k\u00f6\u015fe foto\u011fraf karelerine s\u0131\u011facak kadar g\u00fczel. Bu rotay\u0131 4-5 g\u00fcne yayarsan\u0131z hem \u015fehirleri ke\u015ffetmek hem de do\u011fan\u0131n tad\u0131n\u0131 \u00e7\u0131karmak i\u00e7in yeterli zaman\u0131 bulabilirsiniz.<\/p>\n\n\n\n<p>Mutlaka G\u00f6r\u00fclmesi Gereken Yerler:<\/p>\n\n\n\n<ul class=\"wp-block-list\">\n<li>Prag Kalesi\u2019ni gezip \u015fehrin muhte\u015fem manzaras\u0131n\u0131 seyredin. Tarih ve mimari sizi b\u00fcy\u00fcleyecek.<\/li>\n\n\n\n<li>Charles K\u00f6pr\u00fcs\u00fc\u2019nde y\u00fcr\u00fcy\u00fc\u015f yap\u0131n ve nehir kenar\u0131ndaki sonbahar \u0131\u015f\u0131klar\u0131n\u0131 izleyin.<\/li>\n\n\n\n<li>Cesky Krumlov\u2019un tarihi sokaklar\u0131nda kaybolun.<\/li>\n\n\n\n<li>Karlovy Vary kapl\u0131calar\u0131nda dinlenin ve spa keyfi yap\u0131n.<\/li>\n\n\n\n<li>St. Vitus Katedrali\u2019ni ziyaret edin. Gotik mimarinin detaylar\u0131n\u0131 yak\u0131ndan inceleyin.<\/li>\n<\/ul>\n\n    <div class=\"xs_social_share_widget xs_share_url after_content \t\tmain_content  wslu-style-1 wslu-share-box-shaped wslu-fill-colored wslu-none wslu-share-horizontal wslu-theme-font-no wslu-main_content\">\n\n\t\t\n        <ul>\n\t\t\t        <\/ul>\n    <\/div> \n","protected":false},"excerpt":{"rendered":"<p>Sonbahar, do\u011fan\u0131n bir ressam gibi renk paletini ortaya serdi\u011fi zaman. A\u011fa\u00e7lar\u0131n yapraklar\u0131 sar\u0131ya, turuncuya ve k\u0131rm\u0131z\u0131ya b\u00fcr\u00fcn\u00fcrken, \u015fehirlerin sokaklar\u0131 ve k\u00f6ylerin ta\u015f evleri de bu renk c\u00fcmb\u00fc\u015f\u00fcne e\u015flik ediyor. B\u00f6yle zamanlarda yola \u00e7\u0131kmak, yeni yerler g\u00f6rmenin \u00f6tesinde ruhunuza da bir tatil vermek anlam\u0131na geliyor. Bu y\u00fczden Sonbahar Road Trip Rotalar\u0131, gezi listenizde mutlaka yer almal\u0131; [&hellip;]<\/p>\n","protected":false},"author":45,"featured_media":25066,"comment_status":"open","ping_status":"open","sticky":false,"template":"","format":"standard","meta":{"rop_custom_images_group":[],"rop_custom_messages_group":[],"rop_publish_now":"yes","rop_publish_now_accounts":[],"rop_publish_now_history":[],"rop_publish_now_status":"pending","_cloudinary_featured_overwrite":false,"footnotes":""},"categories":[1],"tags":[709,317,342,357,257,265,96,834],"class_list":["post-25065","post","type-post","status-publish","format-standard","has-post-thumbnail","hentry","category-seyahat-rehberi","tag-datca","tag-ispanya","tag-kapadokya","tag-kars","tag-kaz-daglari","tag-mardin","tag-prag","tag-salda-golu"],"_links":{"self":[{"href":"https:\/\/www.turna.com\/blog\/wp-json\/wp\/v2\/posts\/25065","targetHints":{"allow":["GET"]}}],"collection":[{"href":"https:\/\/www.turna.com\/blog\/wp-json\/wp\/v2\/posts"}],"about":[{"href":"https:\/\/www.turna.com\/blog\/wp-json\/wp\/v2\/types\/post"}],"author":[{"embeddable":true,"href":"https:\/\/www.turna.com\/blog\/wp-json\/wp\/v2\/users\/45"}],"replies":[{"embeddable":true,"href":"https:\/\/www.turna.com\/blog\/wp-json\/wp\/v2\/comments?post=25065"}],"version-history":[{"count":0,"href":"https:\/\/www.turna.com\/blog\/wp-json\/wp\/v2\/posts\/25065\/revisions"}],"wp:featuredmedia":[{"embeddable":true,"href":"https:\/\/www.turna.com\/blog\/wp-json\/wp\/v2\/media\/25066"}],"wp:attachment":[{"href":"https:\/\/www.turna.com\/blog\/wp-json\/wp\/v2\/media?parent=25065"}],"wp:term":[{"taxonomy":"category","embeddable":true,"href":"https:\/\/www.turna.com\/blog\/wp-json\/wp\/v2\/categories?post=25065"},{"taxonomy":"post_tag","embeddable":true,"href":"https:\/\/www.turna.com\/blog\/wp-json\/wp\/v2\/tags?post=25065"}],"curies":[{"name":"wp","href":"https:\/\/api.w.org\/{rel}","templated":true}]}}