{"id":25064,"date":"2025-09-08T13:21:23","date_gmt":"2025-09-08T10:21:23","guid":{"rendered":"https:\/\/www.turna.com\/blog\/?p=25064"},"modified":"2025-09-08T13:21:26","modified_gmt":"2025-09-08T10:21:26","slug":"en-guzel-bag-rotalari","status":"publish","type":"post","link":"https:\/\/www.turna.com\/blog\/en-guzel-bag-rotalari","title":{"rendered":"T\u00fcrkiye\u2019nin En G\u00fczel Ba\u011f Rotalar\u0131"},"content":{"rendered":"<div id=\"ez-toc-container\" class=\"ez-toc-v2_0_82_2 counter-hierarchy ez-toc-counter ez-toc-black ez-toc-container-direction\">\n<div class=\"ez-toc-title-container\">\n<p class=\"ez-toc-title\" style=\"cursor:inherit\">\u0130\u00e7indekiler<\/p>\n<span class=\"ez-toc-title-toggle\"><a href=\"#\" class=\"ez-toc-pull-right ez-toc-btn ez-toc-btn-xs ez-toc-btn-default ez-toc-toggle\" aria-label=\"\u0130\u00e7indekiler Tablosunu A\u00e7\/Kapat\"><span class=\"ez-toc-js-icon-con\"><span class=\"\"><span class=\"eztoc-hide\" style=\"display:none;\">Toggle<\/span><span class=\"ez-toc-icon-toggle-span\"><svg style=\"fill: #ffffff;color:#ffffff\" xmlns=\"http:\/\/www.w3.org\/2000\/svg\" class=\"list-377408\" width=\"20px\" height=\"20px\" viewBox=\"0 0 24 24\" fill=\"none\"><path d=\"M6 6H4v2h2V6zm14 0H8v2h12V6zM4 11h2v2H4v-2zm16 0H8v2h12v-2zM4 16h2v2H4v-2zm16 0H8v2h12v-2z\" fill=\"currentColor\"><\/path><\/svg><svg style=\"fill: #ffffff;color:#ffffff\" class=\"arrow-unsorted-368013\" xmlns=\"http:\/\/www.w3.org\/2000\/svg\" width=\"10px\" height=\"10px\" viewBox=\"0 0 24 24\" version=\"1.2\" baseProfile=\"tiny\"><path d=\"M18.2 9.3l-6.2-6.3-6.2 6.3c-.2.2-.3.4-.3.7s.1.5.3.7c.2.2.4.3.7.3h11c.3 0 .5-.1.7-.3.2-.2.3-.5.3-.7s-.1-.5-.3-.7zM5.8 14.7l6.2 6.3 6.2-6.3c.2-.2.3-.5.3-.7s-.1-.5-.3-.7c-.2-.2-.4-.3-.7-.3h-11c-.3 0-.5.1-.7.3-.2.2-.3.5-.3.7s.1.5.3.7z\"\/><\/svg><\/span><\/span><\/span><\/a><\/span><\/div>\n<nav><ul class='ez-toc-list ez-toc-list-level-1 eztoc-toggle-hide-by-default' ><li class='ez-toc-page-1 ez-toc-heading-level-2'><a class=\"ez-toc-link ez-toc-heading-1\" href=\"https:\/\/www.turna.com\/blog\/en-guzel-bag-rotalari\/#bozcaada_bag_rotasi\" >Bozcaada Ba\u011f Rotas\u0131<\/a><\/li><li class='ez-toc-page-1 ez-toc-heading-level-2'><a class=\"ez-toc-link ez-toc-heading-2\" href=\"https:\/\/www.turna.com\/blog\/en-guzel-bag-rotalari\/#urla_bag_rotasi\" >Urla Ba\u011f Rotas\u0131<\/a><\/li><li class='ez-toc-page-1 ez-toc-heading-level-2'><a class=\"ez-toc-link ez-toc-heading-3\" href=\"https:\/\/www.turna.com\/blog\/en-guzel-bag-rotalari\/#kapadokya_bag_rotasi\" >Kapadokya Ba\u011f Rotas\u0131<\/a><\/li><li class='ez-toc-page-1 ez-toc-heading-level-2'><a class=\"ez-toc-link ez-toc-heading-4\" href=\"https:\/\/www.turna.com\/blog\/en-guzel-bag-rotalari\/#trakya_bag_rotasi\" >Trakya Ba\u011f Rotas\u0131<\/a><\/li><li class='ez-toc-page-1 ez-toc-heading-level-2'><a class=\"ez-toc-link ez-toc-heading-5\" href=\"https:\/\/www.turna.com\/blog\/en-guzel-bag-rotalari\/#denizli_bag_rotasi\" >Denizli Ba\u011f Rotas\u0131<\/a><\/li><li class='ez-toc-page-1 ez-toc-heading-level-2'><a class=\"ez-toc-link ez-toc-heading-6\" href=\"https:\/\/www.turna.com\/blog\/en-guzel-bag-rotalari\/#datca_bag_rotasi\" >Dat\u00e7a Ba\u011f Rotas\u0131<\/a><\/li><\/ul><\/nav><\/div>\n\n<p>Bu sonbaharda kendinize \u00f6zel bir ke\u015fif arma\u011fan etmeye haz\u0131rsan\u0131z, ba\u011f rotalar\u0131nda tarih, k\u00fclt\u00fcr ve do\u011fa hepsi bir arada sizi bekliyor. \u00dcz\u00fcm salk\u0131mlar\u0131n\u0131n g\u00f6lgesinde uzanan yollar, keyif dolu bir ser\u00fcven vadediyor. Antik \u00e7a\u011flardan bug\u00fcne uzanan ba\u011f bozumu gelene\u011fi, Anadolu\u2019nun bereketli topraklar\u0131nda ya\u015famaya devam ediyor. Mevsim fark etmeksizin ke\u015ffe a\u00e7\u0131k olan ba\u011flar, hem do\u011fan\u0131n dinginli\u011fini hem de insan eme\u011finin zarafetini ayn\u0131 anda hissettiriyor. Haz\u0131rsan\u0131z, sizi bekleyen bu benzersiz yolculukta yeni tatlar, renkler ve hikayeler var!<\/p>\n\n\n\n<h2 class=\"wp-block-heading\"><span class=\"ez-toc-section\" id=\"bozcaada_bag_rotasi\"><\/span><strong>Bozcaada Ba\u011f Rotas\u0131<\/strong><span class=\"ez-toc-section-end\"><\/span><\/h2>\n\n\n\n<figure class=\"wp-block-image size-full is-resized\"><img width=\"800\" height=\"500\" data-public-id=\"wordpress-contents\/bozcaada_otelleri\/bozcaada_otelleri.jpg\" fetchpriority=\"high\" decoding=\"async\" src=\"https:\/\/res.cloudinary.com\/turna\/images\/w_800,h_500,c_scale\/f_auto,q_auto:low\/v1724417628\/wordpress-contents\/bozcaada_otelleri\/bozcaada_otelleri.jpg?_i=AA\" alt=\"\" class=\"wp-post-25064 wp-image-22902\" style=\"width:1200px;height:auto\" data-format=\"jpg\" data-transformations=\"f_auto,q_auto:low\" data-version=\"1724417628\" data-seo=\"1\" srcset=\"https:\/\/res.cloudinary.com\/turna\/images\/f_auto,q_auto:low\/v1724417628\/wordpress-contents\/bozcaada_otelleri\/bozcaada_otelleri.jpg?_i=AA 800w, https:\/\/res.cloudinary.com\/turna\/images\/w_300,h_188,c_scale\/f_auto,q_auto:low\/v1724417628\/wordpress-contents\/bozcaada_otelleri\/bozcaada_otelleri.jpg?_i=AA 300w, https:\/\/res.cloudinary.com\/turna\/images\/w_672,h_420,c_scale\/f_auto,q_auto:low\/v1724417628\/wordpress-contents\/bozcaada_otelleri\/bozcaada_otelleri.jpg?_i=AA 672w, https:\/\/res.cloudinary.com\/turna\/images\/w_640,h_400,c_scale\/f_auto,q_auto:low\/v1724417628\/wordpress-contents\/bozcaada_otelleri\/bozcaada_otelleri.jpg?_i=AA 640w, https:\/\/res.cloudinary.com\/turna\/images\/w_681,h_426,c_scale\/f_auto,q_auto:low\/v1724417628\/wordpress-contents\/bozcaada_otelleri\/bozcaada_otelleri.jpg?_i=AA 681w\" sizes=\"(max-width: 800px) 100vw, 800px\" \/><\/figure>\n\n\n\n<p>Bozcaada, hem masmavi denizi hem de bereketli ba\u011flar\u0131yla kendine \u00f6zg\u00fc bir ke\u015fif rotas\u0131 sunuyor. Adan\u0131n karakterini \u015fekillendiren ba\u011flar, ta\u015f evlerle \u00e7evrili sokaklara e\u015flik ederken, r\u00fczgar\u0131n ta\u015f\u0131d\u0131\u011f\u0131 tuzlu r\u00fczgarlar ba\u011flara kendine has bir tazelik kat\u0131yor. Adan\u0131n tam kalbinde yer alan ba\u011f yolu, hem \u00fcz\u00fcm \u00e7e\u015fitlerini tan\u0131mak hem de e\u015fsiz manzaralar\u0131n tad\u0131n\u0131 \u00e7\u0131karmak i\u00e7in \u00f6zel bir deneyim vadediyor. Tarihi, do\u011fas\u0131 ve \u015farap k\u00fclt\u00fcr\u00fcyle Bozcaada, \u00fclkemizin en \u00f6zel destinasyonlar\u0131ndan biri olarak y\u0131l\u0131n her d\u00f6neminde unutulmaz bir ka\u00e7\u0131\u015f noktas\u0131 oluyor. Siz de adan\u0131n d\u00f6rt bir yan\u0131nda zarif manzaralara kar\u015f\u0131 konumlanan <strong><a href=\"https:\/\/www.turna.com\/otel\/bozcaada\" data-type=\"link\" data-id=\"https:\/\/www.turna.com\/otel\/bozcaada\">Bozcaada otelleri<\/a><\/strong> ile dingin bir seyahate ad\u0131m atabilirsiniz.<\/p>\n\n\n\n<p><strong>G\u00f6z atabilece\u011finiz Bozcaada otelleri:<\/strong><\/p>\n\n\n\n<ul class=\"wp-block-list\">\n<li>La Kalinda Bozcaada<\/li>\n\n\n\n<li>Narl\u0131 Bozcaada<\/li>\n\n\n\n<li>Ergin Bozcaada<\/li>\n\n\n\n<li>Harmani Tatil \u00c7iftli\u011fi<\/li>\n\n\n\n<li>Limonata Bozcaada<\/li>\n<\/ul>\n\n\n\n<h2 class=\"wp-block-heading\"><span class=\"ez-toc-section\" id=\"urla_bag_rotasi\"><\/span><strong>Urla Ba\u011f Rotas\u0131<\/strong><span class=\"ez-toc-section-end\"><\/span><\/h2>\n\n\n\n<figure class=\"wp-block-image size-full is-resized\"><img width=\"800\" height=\"500\" data-public-id=\"Urla-Bagyolu-Sarap\/Urla-Bagyolu-Sarap.jpg\" decoding=\"async\" src=\"https:\/\/res.cloudinary.com\/turna\/images\/w_800,h_500,c_scale\/f_auto,q_auto:low\/v1632843801\/Urla-Bagyolu-Sarap\/Urla-Bagyolu-Sarap.jpg?_i=AA\" alt=\"Urla-Bagyolu-Sarap\" class=\"wp-post-25064 wp-image-19888\" style=\"width:1200px;height:auto\" data-format=\"jpg\" data-transformations=\"f_auto,q_auto:low\" data-version=\"1632843801\" data-seo=\"1\" srcset=\"https:\/\/res.cloudinary.com\/turna\/images\/f_auto,q_auto:low\/v1632843801\/Urla-Bagyolu-Sarap\/Urla-Bagyolu-Sarap.jpg?_i=AA 800w, https:\/\/res.cloudinary.com\/turna\/images\/w_300,h_188,c_scale\/f_auto,q_auto:low\/v1632843801\/Urla-Bagyolu-Sarap\/Urla-Bagyolu-Sarap.jpg?_i=AA 300w, https:\/\/res.cloudinary.com\/turna\/images\/w_672,h_420,c_scale\/f_auto,q_auto:low\/v1632843801\/Urla-Bagyolu-Sarap\/Urla-Bagyolu-Sarap.jpg?_i=AA 672w, https:\/\/res.cloudinary.com\/turna\/images\/w_640,h_400,c_scale\/f_auto,q_auto:low\/v1632843801\/Urla-Bagyolu-Sarap\/Urla-Bagyolu-Sarap.jpg?_i=AA 640w, https:\/\/res.cloudinary.com\/turna\/images\/w_681,h_426,c_scale\/f_auto,q_auto:low\/v1632843801\/Urla-Bagyolu-Sarap\/Urla-Bagyolu-Sarap.jpg?_i=AA 681w\" sizes=\"(max-width: 800px) 100vw, 800px\" \/><\/figure>\n\n\n\n<p>Ege\u2019nin en \u00f6zel rotalar\u0131 aras\u0131nda yer alan Urla, sadece denizi, \u00f6zel lezzetleriyle \u00f6n plana \u00e7\u0131kan restoranlar\u0131 ya da tarihi sokaklar\u0131yla de\u011fil, ayn\u0131 zamanda kendine has ba\u011f k\u00fclt\u00fcr\u00fcyle de be\u011feni toplayan  bir destinasyon. \u0130zmir\u2019e bir saat mesafede konumlanan Urla ba\u011f rotas\u0131, zeytinliklerle \u00e7evrili k\u0131rsal manzaralar\u0131, ta\u015f evleri ve yemye\u015fil ba\u011flar\u0131yla ziyaret\u00e7ilerine sakin ama ayr\u0131cal\u0131kl\u0131 bir deneyim sunuyor. Yerel \u00fcz\u00fcmler, bu topraklarda ayr\u0131 bir karakter kazan\u0131yor. Modern ba\u011f evleri ve butik \u00fcreticilerin yaratt\u0131\u011f\u0131 \u015faraplar, Urla\u2019n\u0131n gastronomi zenginli\u011fiyle birle\u015ferek b\u00f6lgeyi ger\u00e7ek bir lezzet dura\u011f\u0131na d\u00f6n\u00fc\u015ft\u00fcr\u00fcyor. Urla ba\u011f yolu, do\u011fayla i\u00e7 i\u00e7e huzurlu bir yolculuk arayanlar i\u00e7in y\u0131l\u0131n her d\u00f6neminde ke\u015ffe de\u011fer g\u00fczellikler sakl\u0131yor. <strong><a href=\"https:\/\/www.turna.com\/otel\/urla\" data-type=\"link\" data-id=\"https:\/\/www.turna.com\/otel\/urla\">Urla otelleri<\/a><\/strong> avantajl\u0131 fiyatlarla Turna sayfalar\u0131nda ke\u015ffinizi bekliyor.<\/p>\n\n\n\n<p><strong>G\u00f6z atabilece\u011finiz Urla otelleri:<\/strong><\/p>\n\n\n\n<ul class=\"wp-block-list\">\n<li>Pietra Social House<\/li>\n\n\n\n<li>Manej Urla<\/li>\n\n\n\n<li>Riserva Butik Otel Urla<\/li>\n\n\n\n<li>Dervi\u015f Bey Kona\u011f\u0131<\/li>\n\n\n\n<li>Bambu Urla Otel<\/li>\n<\/ul>\n\n\n\n<h2 class=\"wp-block-heading\"><span class=\"ez-toc-section\" id=\"kapadokya_bag_rotasi\"><\/span><strong>Kapadokya Ba\u011f Rotas\u0131<\/strong><span class=\"ez-toc-section-end\"><\/span><\/h2>\n\n\n\n<figure class=\"wp-block-image size-large\"><img width=\"1600\" height=\"1000\" data-public-id=\"blog\/kapadokya\/kapadokya.png\" decoding=\"async\" src=\"https:\/\/res.cloudinary.com\/turna\/images\/w_1600,h_1000,c_scale\/f_auto,q_auto:low\/v1738658739\/blog\/kapadokya\/kapadokya.png?_i=AA\" alt=\"\" class=\"wp-post-25064 wp-image-23610\" data-format=\"png\" data-transformations=\"f_auto,q_auto:low\" data-version=\"1738658739\" data-seo=\"1\" srcset=\"https:\/\/res.cloudinary.com\/turna\/images\/f_auto,q_auto:low\/v1738658739\/blog\/kapadokya\/kapadokya.png?_i=AA 1600w, https:\/\/res.cloudinary.com\/turna\/images\/w_800,h_500,c_scale\/f_auto,q_auto:low\/v1738658739\/blog\/kapadokya\/kapadokya.png?_i=AA 800w, https:\/\/res.cloudinary.com\/turna\/images\/w_1024,h_640,c_scale\/f_auto,q_auto:low\/v1738658739\/blog\/kapadokya\/kapadokya.png?_i=AA 1024w, https:\/\/res.cloudinary.com\/turna\/images\/w_300,h_188,c_scale\/f_auto,q_auto:low\/v1738658739\/blog\/kapadokya\/kapadokya.png?_i=AA 300w, https:\/\/res.cloudinary.com\/turna\/images\/w_1536,h_960,c_scale\/f_auto,q_auto:low\/v1738658739\/blog\/kapadokya\/kapadokya.png?_i=AA 1536w, https:\/\/res.cloudinary.com\/turna\/images\/w_672,h_420,c_scale\/f_auto,q_auto:low\/v1738658739\/blog\/kapadokya\/kapadokya.png?_i=AA 672w, https:\/\/res.cloudinary.com\/turna\/images\/w_640,h_400,c_scale\/f_auto,q_auto:low\/v1738658739\/blog\/kapadokya\/kapadokya.png?_i=AA 640w, https:\/\/res.cloudinary.com\/turna\/images\/w_681,h_426,c_scale\/f_auto,q_auto:low\/v1738658739\/blog\/kapadokya\/kapadokya.png?_i=AA 681w\" sizes=\"(max-width: 1600px) 100vw, 1600px\" \/><\/figure>\n\n\n\n<p>Volkanik t\u00fcf topraklar\u0131n\u0131n bereketiyle \u015fekillenen g\u00f6rkemli Kapadokya ba\u011flar\u0131, b\u00f6lgeye \u00f6zg\u00fc aromalar\u0131yla T\u00fcrkiye\u2019nin en \u00f6zel ba\u011f rotalar\u0131ndan birini olu\u015fturuyor. Peri bacalar\u0131, vadiler ve ta\u015f evlerin fonunda g\u00f6z alabildi\u011fince uzanan ba\u011flar, g\u00f6rsel ve gastronomik bir \u015f\u00f6len sunuyor. \u00d6zellikle Emir \u00fcz\u00fcm\u00fc, Kapadokya\u2019n\u0131n y\u00fcksek rak\u0131m ve mineral a\u00e7\u0131s\u0131ndan zengin topraklar\u0131nda ayr\u0131 bir karakter kazan\u0131yor. B\u00f6lgedeki ba\u011f evlerinde tad\u0131m yapabilir, volkanik kaya i\u00e7ine oyulmu\u015f mahzenlerde y\u0131llanan \u015faraplar\u0131 ke\u015ffedebilirsiniz. G\u00fcn do\u011fumunda balonlar\u0131n g\u00f6ky\u00fcz\u00fcn\u00fc s\u00fcsledi\u011fi bu co\u011frafya, ba\u011f rotas\u0131 ke\u015ffini unutulmaz bir yolculuk deneyimine d\u00f6n\u00fc\u015ft\u00fcr\u00fcyor. <strong><a href=\"https:\/\/www.turna.com\/otel\/kapadokya\" data-type=\"link\" data-id=\"https:\/\/www.turna.com\/otel\/kapadokya\">Kapadokya otelleri<\/a><\/strong> ise \u00f6zel tasar\u0131mlar\u0131yla bu ke\u015fiflere ayr\u0131 bir g\u00fczellik kat\u0131yor.<\/p>\n\n\n\n<p><strong>G\u00f6z atabilece\u011finiz Kapadokya otelleri:<\/strong><\/p>\n\n\n\n<ul class=\"wp-block-list\">\n<li>Museum Hotel<\/li>\n\n\n\n<li>Sultan Cave Suites<\/li>\n\n\n\n<li>Artemis Cave Suites<\/li>\n\n\n\n<li>Ta\u015fkonaklar Ma\u011fara Otel<\/li>\n\n\n\n<li>Sacred House<\/li>\n<\/ul>\n\n\n\n<h2 class=\"wp-block-heading\"><span class=\"ez-toc-section\" id=\"trakya_bag_rotasi\"><\/span><strong>Trakya Ba\u011f Rotas\u0131<\/strong><span class=\"ez-toc-section-end\"><\/span><\/h2>\n\n\n\n<figure class=\"wp-block-image size-large\"><img decoding=\"async\" src=\"https:\/\/res.cloudinary.com\/turna\/image\/upload\/v1757320695\/wordpress-contents\/bag_rotasi.jpg\" alt=\"\"\/><\/figure>\n\n\n\n<p>\u0130stanbul\u2019a sadece birka\u00e7 saatlik mesafede konumlanan Trakya ba\u011f rotas\u0131, hafta sonu ka\u00e7amaklar\u0131 i\u00e7in ideal bir durak olarak \u00f6n plana \u00e7\u0131k\u0131yor. Tekirda\u011f\u2019dan K\u0131rklareli\u2019ne, Gelibolu\u2019dan Edirne\u2019ye kadar uzanan bu rota, \u00fcz\u00fcm ba\u011flar\u0131, butik \u00fcreticileri ve g\u00f6z al\u0131c\u0131 manzaralar\u0131yla  dikkat \u00e7ekiyor. Do\u011fan\u0131n dinginli\u011fiyle birle\u015fen bu yolculuk, sadece tatlar\u0131 de\u011fil, rotan\u0131n kendisini de bir o kadar unutulmaz k\u0131l\u0131yor. Bu renkli k\u00fclt\u00fcr duraklar\u0131n\u0131 ve ilgi \u00e7ekici ba\u011f rotas\u0131n\u0131 ke\u015ffetmek i\u00e7in Turna\u2019n\u0131n avantajl\u0131 <a href=\"https:\/\/www.turna.com\/arac-kiralama\" data-type=\"link\" data-id=\"https:\/\/www.turna.com\/arac-kiralama\">ara\u00e7 kiralama<\/a> alternatiflerine g\u00f6z atmay\u0131 unutmay\u0131n.<\/p>\n\n\n\n<p><strong>Bu rotada g\u00f6z atabilece\u011finiz oteller:<\/strong><\/p>\n\n\n\n<ul class=\"wp-block-list\">\n<li>Des&#8217;Otel<\/li>\n\n\n\n<li>Ramada by Wyndham Tekirda\u011f<\/li>\n\n\n\n<li>\u0130nemare Hotel<\/li>\n\n\n\n<li>Atakale Butik Otel<\/li>\n<\/ul>\n\n\n\n<h2 class=\"wp-block-heading\"><span class=\"ez-toc-section\" id=\"denizli_bag_rotasi\"><\/span><strong>Denizli Ba\u011f Rotas\u0131<\/strong><span class=\"ez-toc-section-end\"><\/span><\/h2>\n\n\n\n<figure class=\"wp-block-image size-large\"><img decoding=\"async\" src=\"https:\/\/res.cloudinary.com\/turna\/image\/upload\/v1757321516\/wordpress-contents\/bag_rotasi_genel.jpg\" alt=\"\"\/><\/figure>\n\n\n\n<p>Bereketli topraklar\u0131yla \u00f6n plana \u00e7\u0131kan Denizli, \u00f6zellikle \u00c7al il\u00e7esiyle sonbahar aylar\u0131nda gezginlerin dikkatini \u00e7ekiyor. B\u00f6lgeye \u00f6zg\u00fc \u00c7al Karas\u0131 \u00fcz\u00fcm\u00fc, karakteristik aromas\u0131yla damaklarda \u00f6zel bir tat b\u0131rak\u0131yor. \u00c7al ba\u011f yolu projesi ise butik \u015faraphaneleri ve geni\u015f ba\u011flar\u0131yla b\u00f6lgeyi \u00e7ok daha cazip hale getiriyor. Do\u011fayla i\u00e7 i\u00e7e manzaralar e\u015fli\u011finde yap\u0131lan bu yolculuk, Denizli\u2019yi ba\u011f turizmi a\u00e7\u0131s\u0131ndan ke\u015ffedilmeye de\u011fer bir destinasyon haline d\u00f6n\u00fc\u015ft\u00fcr\u00fcyor. <strong><a href=\"https:\/\/www.turna.com\/otel\/denizli\" data-type=\"link\" data-id=\"https:\/\/www.turna.com\/otel\/denizli\">Denizli otelleri<\/a><\/strong> cazip kampanyalarla Turna sayfalar\u0131nda ke\u015ffinizi bekliyor.<\/p>\n\n\n\n<p><strong>G\u00f6z atabilece\u011finiz Denizli otelleri:<\/strong><\/p>\n\n\n\n<ul class=\"wp-block-list\">\n<li>Pamukkale White Heaven Suite Hotel<\/li>\n\n\n\n<li>Spa Hotel Colossae Thermal<\/li>\n\n\n\n<li>Hierapark Thermal &amp; Spa Hotel<\/li>\n\n\n\n<li>Casa Bianca Hotel<\/li>\n<\/ul>\n\n\n\n<h2 class=\"wp-block-heading\"><span class=\"ez-toc-section\" id=\"datca_bag_rotasi\"><\/span><strong>Dat\u00e7a Ba\u011f Rotas\u0131<\/strong><span class=\"ez-toc-section-end\"><\/span><\/h2>\n\n\n\n<figure class=\"wp-block-image size-full is-resized\"><img width=\"800\" height=\"500\" data-public-id=\"datca-mugla\/datca-mugla.jpg\" loading=\"lazy\" decoding=\"async\" src=\"https:\/\/res.cloudinary.com\/turna\/images\/w_800,h_500,c_scale\/f_auto,q_auto:low\/v1618508518\/datca-mugla\/datca-mugla.jpg?_i=AA\" alt=\"datca, mugla\" class=\"wp-post-25064 wp-image-18888\" style=\"width:1200px;height:auto\" data-format=\"jpg\" data-transformations=\"f_auto,q_auto:low\" data-version=\"1618508518\" data-seo=\"1\" srcset=\"https:\/\/res.cloudinary.com\/turna\/images\/f_auto,q_auto:low\/v1618508518\/datca-mugla\/datca-mugla.jpg?_i=AA 800w, https:\/\/res.cloudinary.com\/turna\/images\/w_300,h_188,c_scale\/f_auto,q_auto:low\/v1618508518\/datca-mugla\/datca-mugla.jpg?_i=AA 300w, https:\/\/res.cloudinary.com\/turna\/images\/w_672,h_420,c_scale\/f_auto,q_auto:low\/v1618508518\/datca-mugla\/datca-mugla.jpg?_i=AA 672w, https:\/\/res.cloudinary.com\/turna\/images\/w_640,h_400,c_scale\/f_auto,q_auto:low\/v1618508518\/datca-mugla\/datca-mugla.jpg?_i=AA 640w, https:\/\/res.cloudinary.com\/turna\/images\/w_681,h_426,c_scale\/f_auto,q_auto:low\/v1618508518\/datca-mugla\/datca-mugla.jpg?_i=AA 681w\" sizes=\"(max-width: 800px) 100vw, 800px\" \/><\/figure>\n\n\n\n<p>Dat\u00e7a, hem masmavi koylar\u0131 hem de yeniden canland\u0131r\u0131lan ba\u011f k\u00fclt\u00fcr\u00fcyle \u00f6zel bir ke\u015fif rotas\u0131 sunuyor. Antik \u00e7a\u011fda \u00fcz\u00fcm ve \u015farap ticaretiyle zenginle\u015fen yar\u0131mada, bug\u00fcn butik \u00fcreticilerin \u00e7abalar\u0131 sayesinde bu alanda yeniden dikkat \u00e7ekiyor. \u00d6zellikle Knidos Karas\u0131 \u00fcz\u00fcm\u00fc ve g\u00f6z al\u0131c\u0131 ba\u011f manzaralar\u0131yla \u00f6n plana \u00e7\u0131kan Dat\u00e7a, \u015farap severler i\u00e7in \u00f6zel duraklar aras\u0131nda bulunuyor. Tarih, deniz ve nostaljik pek \u00e7ok detay\u0131n bulu\u015ftu\u011fu bu huzurlu destinasyon, ba\u011f rotas\u0131 ke\u015fiflerini farkl\u0131 bir deneyime d\u00f6n\u00fc\u015ft\u00fcr\u00fcyor. <strong><a href=\"https:\/\/www.turna.com\/otel\/datca\" data-type=\"link\" data-id=\"https:\/\/www.turna.com\/otel\/datca\">Dat\u00e7a otelleri<\/a><\/strong> de bu keyifli ke\u015fiflerin g\u00fczelli\u011fine g\u00fczellik kat\u0131yor.<\/p>\n\n\n\n<p><strong>G\u00f6z atabilece\u011finiz Dat\u00e7a otelleri:<\/strong><\/p>\n\n\n\n<ul class=\"wp-block-list\">\n<li>Damyan \u00c7iftli\u011fi<\/li>\n\n\n\n<li>Wyndham Dat\u00e7a Perili Bay<\/li>\n\n\n\n<li>Tulu Dat\u00e7a<\/li>\n\n\n\n<li>Green Garden Dat\u00e7a<\/li>\n\n\n\n<li>Mandalya K\u00fc\u00e7\u00fck Otel<\/li>\n<\/ul>\n\n\n\n<p><br><\/p>\n\n\n\n<p><br><br><\/p>\n\n\n\n<p><br><br><\/p>\n\n\n\n<p><br><\/p>\n\n    <div class=\"xs_social_share_widget xs_share_url after_content \t\tmain_content  wslu-style-1 wslu-share-box-shaped wslu-fill-colored wslu-none wslu-share-horizontal wslu-theme-font-no wslu-main_content\">\n\n\t\t\n        <ul>\n\t\t\t        <\/ul>\n    <\/div> \n","protected":false},"excerpt":{"rendered":"<p>Bu sonbaharda kendinize \u00f6zel bir ke\u015fif arma\u011fan etmeye haz\u0131rsan\u0131z, ba\u011f rotalar\u0131nda tarih, k\u00fclt\u00fcr ve do\u011fa hepsi bir arada sizi bekliyor. \u00dcz\u00fcm salk\u0131mlar\u0131n\u0131n g\u00f6lgesinde uzanan yollar, keyif dolu bir ser\u00fcven vadediyor. Antik \u00e7a\u011flardan bug\u00fcne uzanan ba\u011f bozumu gelene\u011fi, Anadolu\u2019nun bereketli topraklar\u0131nda ya\u015famaya devam ediyor. Mevsim fark etmeksizin ke\u015ffe a\u00e7\u0131k olan ba\u011flar, hem do\u011fan\u0131n dinginli\u011fini hem de [&hellip;]<\/p>\n","protected":false},"author":44,"featured_media":21882,"comment_status":"open","ping_status":"open","sticky":false,"template":"","format":"standard","meta":{"rop_custom_images_group":[],"rop_custom_messages_group":[],"rop_publish_now":"yes","rop_publish_now_accounts":[],"rop_publish_now_history":[],"rop_publish_now_status":"pending","_cloudinary_featured_overwrite":false,"footnotes":""},"categories":[1,84],"tags":[244,709,262,342,2439],"class_list":["post-25064","post","type-post","status-publish","format-standard","has-post-thumbnail","hentry","category-seyahat-rehberi","category-turkiye","tag-bozcaada","tag-datca","tag-denizli","tag-kapadokya","tag-kirklareli"],"_links":{"self":[{"href":"https:\/\/www.turna.com\/blog\/wp-json\/wp\/v2\/posts\/25064","targetHints":{"allow":["GET"]}}],"collection":[{"href":"https:\/\/www.turna.com\/blog\/wp-json\/wp\/v2\/posts"}],"about":[{"href":"https:\/\/www.turna.com\/blog\/wp-json\/wp\/v2\/types\/post"}],"author":[{"embeddable":true,"href":"https:\/\/www.turna.com\/blog\/wp-json\/wp\/v2\/users\/44"}],"replies":[{"embeddable":true,"href":"https:\/\/www.turna.com\/blog\/wp-json\/wp\/v2\/comments?post=25064"}],"version-history":[{"count":0,"href":"https:\/\/www.turna.com\/blog\/wp-json\/wp\/v2\/posts\/25064\/revisions"}],"wp:featuredmedia":[{"embeddable":true,"href":"https:\/\/www.turna.com\/blog\/wp-json\/wp\/v2\/media\/21882"}],"wp:attachment":[{"href":"https:\/\/www.turna.com\/blog\/wp-json\/wp\/v2\/media?parent=25064"}],"wp:term":[{"taxonomy":"category","embeddable":true,"href":"https:\/\/www.turna.com\/blog\/wp-json\/wp\/v2\/categories?post=25064"},{"taxonomy":"post_tag","embeddable":true,"href":"https:\/\/www.turna.com\/blog\/wp-json\/wp\/v2\/tags?post=25064"}],"curies":[{"name":"wp","href":"https:\/\/api.w.org\/{rel}","templated":true}]}}