{"id":25054,"date":"2025-09-02T13:53:01","date_gmt":"2025-09-02T10:53:01","guid":{"rendered":"https:\/\/www.turna.com\/blog\/?p=25054"},"modified":"2025-09-02T13:53:38","modified_gmt":"2025-09-02T10:53:38","slug":"eylul-burc-yorumlarina-gore-seyahat-rotalari","status":"publish","type":"post","link":"https:\/\/www.turna.com\/blog\/eylul-burc-yorumlarina-gore-seyahat-rotalari","title":{"rendered":"Eyl\u00fcl Bur\u00e7 Yorumlar\u0131na G\u00f6re Seyahat Rotalar\u0131"},"content":{"rendered":"<div id=\"ez-toc-container\" class=\"ez-toc-v2_0_82_2 counter-hierarchy ez-toc-counter ez-toc-black ez-toc-container-direction\">\n<div class=\"ez-toc-title-container\">\n<p class=\"ez-toc-title\" style=\"cursor:inherit\">\u0130\u00e7indekiler<\/p>\n<span class=\"ez-toc-title-toggle\"><a href=\"#\" class=\"ez-toc-pull-right ez-toc-btn ez-toc-btn-xs ez-toc-btn-default ez-toc-toggle\" aria-label=\"\u0130\u00e7indekiler Tablosunu A\u00e7\/Kapat\"><span class=\"ez-toc-js-icon-con\"><span class=\"\"><span class=\"eztoc-hide\" style=\"display:none;\">Toggle<\/span><span class=\"ez-toc-icon-toggle-span\"><svg style=\"fill: #ffffff;color:#ffffff\" xmlns=\"http:\/\/www.w3.org\/2000\/svg\" class=\"list-377408\" width=\"20px\" height=\"20px\" viewBox=\"0 0 24 24\" fill=\"none\"><path d=\"M6 6H4v2h2V6zm14 0H8v2h12V6zM4 11h2v2H4v-2zm16 0H8v2h12v-2zM4 16h2v2H4v-2zm16 0H8v2h12v-2z\" fill=\"currentColor\"><\/path><\/svg><svg style=\"fill: #ffffff;color:#ffffff\" class=\"arrow-unsorted-368013\" xmlns=\"http:\/\/www.w3.org\/2000\/svg\" width=\"10px\" height=\"10px\" viewBox=\"0 0 24 24\" version=\"1.2\" baseProfile=\"tiny\"><path d=\"M18.2 9.3l-6.2-6.3-6.2 6.3c-.2.2-.3.4-.3.7s.1.5.3.7c.2.2.4.3.7.3h11c.3 0 .5-.1.7-.3.2-.2.3-.5.3-.7s-.1-.5-.3-.7zM5.8 14.7l6.2 6.3 6.2-6.3c.2-.2.3-.5.3-.7s-.1-.5-.3-.7c-.2-.2-.4-.3-.7-.3h-11c-.3 0-.5.1-.7.3-.2.2-.3.5-.3.7s.1.5.3.7z\"\/><\/svg><\/span><\/span><\/span><\/a><\/span><\/div>\n<nav><ul class='ez-toc-list ez-toc-list-level-1 eztoc-toggle-hide-by-default' ><li class='ez-toc-page-1 ez-toc-heading-level-2'><a class=\"ez-toc-link ez-toc-heading-1\" href=\"https:\/\/www.turna.com\/blog\/eylul-burc-yorumlarina-gore-seyahat-rotalari\/#koc_burcu_icin_eylul_ayi_seyahat_rotalari\" >Ko\u00e7 Burcu i\u00e7in Eyl\u00fcl Ay\u0131 Seyahat Rotalar\u0131<\/a><\/li><li class='ez-toc-page-1 ez-toc-heading-level-2'><a class=\"ez-toc-link ez-toc-heading-2\" href=\"https:\/\/www.turna.com\/blog\/eylul-burc-yorumlarina-gore-seyahat-rotalari\/#boga_burcu_eylul_ayi_seyahat_rotalari\" >Bo\u011fa Burcu Eyl\u00fcl Ay\u0131 Seyahat Rotalar\u0131<\/a><\/li><li class='ez-toc-page-1 ez-toc-heading-level-2'><a class=\"ez-toc-link ez-toc-heading-3\" href=\"https:\/\/www.turna.com\/blog\/eylul-burc-yorumlarina-gore-seyahat-rotalari\/#ikizler_burcu_eylul_ayi_seyahat_rotalari\" >\u0130kizler Burcu Eyl\u00fcl Ay\u0131 Seyahat Rotalar\u0131<\/a><\/li><li class='ez-toc-page-1 ez-toc-heading-level-2'><a class=\"ez-toc-link ez-toc-heading-4\" href=\"https:\/\/www.turna.com\/blog\/eylul-burc-yorumlarina-gore-seyahat-rotalari\/#yengec_burcu_eylul_ayi_seyahat_rotalari\" >Yenge\u00e7 Burcu Eyl\u00fcl Ay\u0131 Seyahat Rotalar\u0131<\/a><\/li><li class='ez-toc-page-1 ez-toc-heading-level-2'><a class=\"ez-toc-link ez-toc-heading-5\" href=\"https:\/\/www.turna.com\/blog\/eylul-burc-yorumlarina-gore-seyahat-rotalari\/#aslan_burcu_eylul_ayi_seyahat_rotalari\" >Aslan Burcu Eyl\u00fcl Ay\u0131 Seyahat Rotalar\u0131<\/a><\/li><li class='ez-toc-page-1 ez-toc-heading-level-2'><a class=\"ez-toc-link ez-toc-heading-6\" href=\"https:\/\/www.turna.com\/blog\/eylul-burc-yorumlarina-gore-seyahat-rotalari\/#basak_burcu_eylul_ayi_seyahat_rotalari\" >Ba\u015fak Burcu Eyl\u00fcl Ay\u0131 Seyahat Rotalar\u0131<\/a><\/li><li class='ez-toc-page-1 ez-toc-heading-level-2'><a class=\"ez-toc-link ez-toc-heading-7\" href=\"https:\/\/www.turna.com\/blog\/eylul-burc-yorumlarina-gore-seyahat-rotalari\/#terazi_burcu_eylul_ayi_seyahat_rotalari\" >Terazi Burcu Eyl\u00fcl Ay\u0131 Seyahat Rotalar\u0131<\/a><\/li><li class='ez-toc-page-1 ez-toc-heading-level-2'><a class=\"ez-toc-link ez-toc-heading-8\" href=\"https:\/\/www.turna.com\/blog\/eylul-burc-yorumlarina-gore-seyahat-rotalari\/#akrep_burcu_eylul_ayi_seyahat_rotalari\" >Akrep Burcu Eyl\u00fcl Ay\u0131 Seyahat Rotalar\u0131<\/a><\/li><li class='ez-toc-page-1 ez-toc-heading-level-2'><a class=\"ez-toc-link ez-toc-heading-9\" href=\"https:\/\/www.turna.com\/blog\/eylul-burc-yorumlarina-gore-seyahat-rotalari\/#yay_burcu_eylul_ayi_seyahat_rotalari\" >Yay Burcu Eyl\u00fcl Ay\u0131 Seyahat Rotalar\u0131<\/a><\/li><li class='ez-toc-page-1 ez-toc-heading-level-2'><a class=\"ez-toc-link ez-toc-heading-10\" href=\"https:\/\/www.turna.com\/blog\/eylul-burc-yorumlarina-gore-seyahat-rotalari\/#oglak_burcu_eylul_ayi_seyahat_rotalari\" >O\u011flak Burcu Eyl\u00fcl Ay\u0131 Seyahat Rotalar\u0131<\/a><\/li><li class='ez-toc-page-1 ez-toc-heading-level-2'><a class=\"ez-toc-link ez-toc-heading-11\" href=\"https:\/\/www.turna.com\/blog\/eylul-burc-yorumlarina-gore-seyahat-rotalari\/#kova_burcu_eylul_ayi_seyahat_rotalari\" >Kova Burcu Eyl\u00fcl Ay\u0131 Seyahat Rotalar\u0131<\/a><\/li><li class='ez-toc-page-1 ez-toc-heading-level-2'><a class=\"ez-toc-link ez-toc-heading-12\" href=\"https:\/\/www.turna.com\/blog\/eylul-burc-yorumlarina-gore-seyahat-rotalari\/#balik_burcu_eylul_ayi_seyahat_rotalari\" >Bal\u0131k Burcu Eyl\u00fcl Ay\u0131 Seyahat Rotalar\u0131<\/a><\/li><\/ul><\/nav><\/div>\n\n<p>Sonbahar geldi\u2026 Mis gibi kahve kokusunun turuncu yapraklarla bulu\u015ftu\u011fu, do\u011fan\u0131n g\u00fcnden g\u00fcne romantik tonlara b\u00fcr\u00fcnd\u00fc\u011f\u00fc o \u00f6zel zamanlarday\u0131z. Kalabal\u0131k yaz g\u00fcnleri yerini dinginli\u011fe b\u0131rak\u0131yor. Bu mevsim, ke\u015fifleri \u00e7ok daha huzurlu ve yolculuklar\u0131 daha anlaml\u0131 k\u0131l\u0131yor. Renklerin dans etti\u011fi sonbahar manzaralar\u0131 e\u015fli\u011finde yap\u0131lan ke\u015fifler, hem ruhu dinlendiriyor hem de ilham veriyor. Peki y\u0131ld\u0131zlar bu ay hangi bur\u00e7lara hangi rotalar\u0131 i\u015faret ediyor? \ud83c\udf42 Burcunuza \u00f6zel Eyl\u00fcl ay\u0131 seyahat \u00f6nerileriyle, i\u00e7inizdeki ke\u015fif tutkusunu beslemenin tam zaman\u0131. Haz\u0131rsan\u0131z, Eyl\u00fcl ay\u0131 bur\u00e7 yorumlar\u0131na g\u00f6re seyahat rotas\u0131 \u00f6nerilerimiz ba\u015fl\u0131yor. \u2708\ufe0f<\/p>\n\n\n\n<h2 class=\"wp-block-heading\"><span class=\"ez-toc-section\" id=\"koc_burcu_icin_eylul_ayi_seyahat_rotalari\"><\/span><strong>Ko\u00e7 Burcu i\u00e7in Eyl\u00fcl Ay\u0131 Seyahat Rotalar\u0131<\/strong><span class=\"ez-toc-section-end\"><\/span><\/h2>\n\n\n\n<figure class=\"wp-block-image size-full is-resized\"><img width=\"800\" height=\"500\" data-public-id=\"wordpress-contents\/kopenhag_kapak\/kopenhag_kapak.jpg\" fetchpriority=\"high\" decoding=\"async\" src=\"https:\/\/res.cloudinary.com\/turna\/images\/w_800,h_500,c_scale\/f_auto,q_auto:low\/v1754383199\/wordpress-contents\/kopenhag_kapak\/kopenhag_kapak.jpg?_i=AA\" alt=\"\" class=\"wp-post-25054 wp-image-24944\" style=\"width:1200px;height:auto\" data-format=\"jpg\" data-transformations=\"f_auto,q_auto:low\" data-version=\"1754383199\" data-seo=\"1\" srcset=\"https:\/\/res.cloudinary.com\/turna\/images\/f_auto,q_auto:low\/v1754383199\/wordpress-contents\/kopenhag_kapak\/kopenhag_kapak.jpg?_i=AA 800w, https:\/\/res.cloudinary.com\/turna\/images\/w_300,h_188,c_scale\/f_auto,q_auto:low\/v1754383199\/wordpress-contents\/kopenhag_kapak\/kopenhag_kapak.jpg?_i=AA 300w\" sizes=\"(max-width: 800px) 100vw, 800px\" \/><\/figure>\n\n\n\n<p>Uzman astrologlar\u0131n yorumlar\u0131na g\u00f6re ya\u015fam\u0131n\u0131zda bu ay i\u015f ve g\u00fcndelik ya\u015fam d\u00fczeniniz \u00f6n plana \u00e7\u0131k\u0131yor. Erteledi\u011finiz baz\u0131 konular\u0131 yeniden g\u00fcndeme almak ve yeni bir plan kurmak size iyi gelebilir. 10 Eyl\u00fcl\u2019de Ven\u00fcs\u2019\u00fcn Akrep burcuna ge\u00e7i\u015fiyle ili\u015fkilerde daha derin ba\u011flar kurma iste\u011finiz artabilir. Ay ortas\u0131nda ise sosyal \u00e7evrenizde baz\u0131 de\u011fi\u015fimler ve baz\u0131 yeni ke\u015fifler g\u00fcndeme gelebilir. Ay sonunda ise retro etkisiyle ge\u00e7mi\u015ften gelen meseleleri yeniden de\u011ferlendirme f\u0131rsat\u0131 yakalayabilirsiniz.<\/p>\n\n\n\n<p><strong>Eyl\u00fcl 2025 Ko\u00e7 Bur\u00e7lar\u0131na \u00d6zel Rota \u00d6nerileri:<\/strong><\/p>\n\n\n\n<p>Enerjisi y\u00fcksek Ko\u00e7 bur\u00e7lar\u0131 i\u00e7in Eyl\u00fcl ay\u0131nda birbirinden olduk\u00e7a farkl\u0131 iki farkl\u0131 ke\u015fif rotas\u0131 \u00f6n plana \u00e7\u0131k\u0131yor: Kopenhag ve Sinop. Kopenhag\u2019\u0131n modern sokaklar\u0131, \u015fehrin ruhunu yans\u0131tan kafeleri ve modern sanat galerileri Ko\u00e7 bur\u00e7lar\u0131n\u0131n dinamik enerjisiyle e\u015fsiz bir uyum sa\u011fl\u0131yor. Sinop ise Karadeniz\u2019in huzurlu k\u0131y\u0131lar\u0131nda sakin bir mola f\u0131rsat\u0131 sunuyor. Tarihi cezaevi, deniz feneri ve gizli koylar\u0131yla Ko\u00e7\u2019lar\u0131n macerac\u0131 ruhunu sakinlikle dengeliyor.\u00a0Sadece bir<strong>\u00a0<a href=\"https:\/\/www.turna.com\/ucak-bileti\/kopenhag\">Kopenhag u\u00e7ak bileti<\/a>\u00a0<\/strong>mesafesindeki bu rotaya olan ke\u015ffiniz i\u00e7in biletinizi avantajl\u0131 fiyatlarla Turna.com \u00fczerinden alabilirsiniz.<\/p>\n\n\n\n<h2 class=\"wp-block-heading\"><span class=\"ez-toc-section\" id=\"boga_burcu_eylul_ayi_seyahat_rotalari\"><\/span><strong>Bo\u011fa Burcu Eyl\u00fcl Ay\u0131 Seyahat Rotalar\u0131<\/strong><span class=\"ez-toc-section-end\"><\/span><\/h2>\n\n\n\n<figure class=\"wp-block-image size-full is-resized\"><img width=\"800\" height=\"500\" data-public-id=\"Varsova_zflmh9\/Varsova_zflmh9.jpg\" decoding=\"async\" src=\"https:\/\/res.cloudinary.com\/turna\/images\/w_800,h_500,c_scale\/f_auto,q_auto:low\/v1569248396\/Varsova_zflmh9\/Varsova_zflmh9.jpg?_i=AA\" alt=\"\" class=\"wp-post-25054 wp-image-16652\" style=\"width:1200px;height:auto\" data-format=\"jpg\" data-transformations=\"f_auto,q_auto:low\" data-version=\"1569248396\" data-seo=\"1\" srcset=\"https:\/\/res.cloudinary.com\/turna\/images\/f_auto,q_auto:low\/v1569248396\/Varsova_zflmh9\/Varsova_zflmh9.jpg?_i=AA 800w, https:\/\/res.cloudinary.com\/turna\/images\/w_300,h_188,c_scale\/f_auto,q_auto:low\/v1569248396\/Varsova_zflmh9\/Varsova_zflmh9.jpg?_i=AA 300w, https:\/\/res.cloudinary.com\/turna\/images\/w_672,h_420,c_scale\/f_auto,q_auto:low\/v1569248396\/Varsova_zflmh9\/Varsova_zflmh9.jpg?_i=AA 672w, https:\/\/res.cloudinary.com\/turna\/images\/w_640,h_400,c_scale\/f_auto,q_auto:low\/v1569248396\/Varsova_zflmh9\/Varsova_zflmh9.jpg?_i=AA 640w, https:\/\/res.cloudinary.com\/turna\/images\/w_681,h_426,c_scale\/f_auto,q_auto:low\/v1569248396\/Varsova_zflmh9\/Varsova_zflmh9.jpg?_i=AA 681w\" sizes=\"(max-width: 800px) 100vw, 800px\" \/><\/figure>\n\n\n\n<p>Y\u0131ld\u0131zlar\u0131n f\u0131s\u0131ldad\u0131klar\u0131na bakacak olursak Eyl\u00fcl ay\u0131 sizin i\u00e7in \u00fcretkenlik ve d\u00fczen zaman\u0131 olacak gibi g\u00f6r\u00fcn\u00fcyor. Hobileriniz, keyif ald\u0131\u011f\u0131n\u0131z u\u011fra\u015flar ve \u00e7ocuklarla ilgili konular bu ay bir sistem i\u00e7inde ilerleyebilir. 10 Eyl\u00fcl\u2019de Ven\u00fcs\u2019\u00fcn Akrep\u2019e ge\u00e7i\u015fi ise ili\u015fkilerde yo\u011fun duygular ve \u00f6nemli kararlar getirebilir. Ay sonunda ba\u015flayacak Merk\u00fcr retrosu ile ileti\u015fimde sab\u0131rl\u0131 olman\u0131zda ve yeni ba\u015flang\u0131\u00e7lardan ka\u00e7\u0131nman\u0131zda fayda bulunuyor.<\/p>\n\n\n\n<p><strong>Eyl\u00fcl 2025 Bo\u011fa Bur\u00e7lar\u0131na \u00d6zel Rota \u00d6nerileri:<\/strong><\/p>\n\n\n\n<p>Estetik ve huzuru seven Bo\u011fa bur\u00e7lar\u0131 i\u00e7in Eyl\u00fcl ay\u0131nda farkl\u0131 k\u00fclt\u00fcrlerden 2 rota olan Dikili ve Var\u015fova \u00f6ne \u00e7\u0131k\u0131yor. Dikili\u2019nin masmavi koylar\u0131 ve sahil boyunca uzanan bal\u0131k\u00e7\u0131 restoranlar\u0131 Bo\u011fa\u2019lar\u0131n dinginli\u011fe olan ihtiyac\u0131n\u0131 kar\u015f\u0131lamay\u0131 ba\u015far\u0131yor. G\u00fcn bat\u0131m\u0131nda deniz kenar\u0131nda uzun bir y\u00fcr\u00fcy\u00fc\u015f, plajlarda keyif yapmak ya da y\u00f6resel restoranlar\u0131n tad\u0131n\u0131 \u00e7\u0131karmak bu rotada demeniz gerekenler aras\u0131nda. Var\u015fova ise tarih ve modernli\u011fin bulu\u015ftu\u011fu \u015fehir dokusuyla g\u00f6rsel bir \u015f\u00f6len vadediyor. Kraliyet Yolu\u2019nun zarif caddeleri, Vist\u00fcl Nehri k\u0131y\u0131s\u0131ndaki kafeler ve \u015fehrin rengarenk atmosferi, Bo\u011fa bur\u00e7lar\u0131n\u0131n estetik duyarl\u0131l\u0131\u011f\u0131na hitap ediyor. \u0130ki rota da sakinlik ile zarafeti bir arada ya\u015famak isteyen Bo\u011fa\u2019lar i\u00e7in ideal \u00f6zellik ta\u015f\u0131yor. Siz de\u00a0<a href=\"https:\/\/www.turna.com\/ucak-bileti\/varsova\" target=\"_blank\" rel=\"noreferrer noopener\"><strong>Var\u015fova u\u00e7ak bileti<\/strong><\/a>\u00a0f\u0131rsatlar\u0131n\u0131 de\u011ferlendirerek, birbirinden g\u00fczel turistik noktalar\u0131 bulunan bu harika \u015fehri ke\u015ffetme \u015fans\u0131 bulabilirsiniz.<\/p>\n\n\n\n<h2 class=\"wp-block-heading\"><span class=\"ez-toc-section\" id=\"ikizler_burcu_eylul_ayi_seyahat_rotalari\"><\/span>\u0130kizler Burcu Eyl\u00fcl Ay\u0131 Seyahat Rotalar\u0131<span class=\"ez-toc-section-end\"><\/span><\/h2>\n\n\n\n<figure class=\"wp-block-image size-full is-resized\"><img width=\"800\" height=\"500\" data-public-id=\"wordpress-contents\/samos_adas\u0131_gezilecek_yerler\/samos_adas\u0131_gezilecek_yerler.jpg\" decoding=\"async\" src=\"https:\/\/res.cloudinary.com\/turna\/images\/w_800,h_500,c_scale\/f_auto,q_auto:low\/v1715691012\/wordpress-contents\/samos_adas\u0131_gezilecek_yerler\/samos_adas\u0131_gezilecek_yerler.jpg?_i=AA\" alt=\"Samos adas\u0131 gezilecek yerler\" class=\"wp-post-25054 wp-image-22599\" style=\"width:1200px;height:auto\" data-format=\"jpg\" data-transformations=\"f_auto,q_auto:low\" data-version=\"1715691012\" data-seo=\"1\" srcset=\"https:\/\/res.cloudinary.com\/turna\/images\/f_auto,q_auto:low\/v1715691012\/wordpress-contents\/samos_adas\u0131_gezilecek_yerler\/samos_adas\u0131_gezilecek_yerler.jpg?_i=AA 800w, https:\/\/res.cloudinary.com\/turna\/images\/w_300,h_188,c_scale\/f_auto,q_auto:low\/v1715691012\/wordpress-contents\/samos_adas\u0131_gezilecek_yerler\/samos_adas\u0131_gezilecek_yerler.jpg?_i=AA 300w, https:\/\/res.cloudinary.com\/turna\/images\/w_672,h_420,c_scale\/f_auto,q_auto:low\/v1715691012\/wordpress-contents\/samos_adas\u0131_gezilecek_yerler\/samos_adas\u0131_gezilecek_yerler.jpg?_i=AA 672w, https:\/\/res.cloudinary.com\/turna\/images\/w_640,h_400,c_scale\/f_auto,q_auto:low\/v1715691012\/wordpress-contents\/samos_adas\u0131_gezilecek_yerler\/samos_adas\u0131_gezilecek_yerler.jpg?_i=AA 640w, https:\/\/res.cloudinary.com\/turna\/images\/w_681,h_426,c_scale\/f_auto,q_auto:low\/v1715691012\/wordpress-contents\/samos_adas\u0131_gezilecek_yerler\/samos_adas\u0131_gezilecek_yerler.jpg?_i=AA 681w\" sizes=\"(max-width: 800px) 100vw, 800px\" \/><\/figure>\n\n\n\n<p>Konunun uzmanlar\u0131n\u0131n yorumlar\u0131na g\u00f6re, Eyl\u00fcl ay\u0131 sizin i\u00e7in \u00f6nemli d\u00f6n\u00fcm noktalar\u0131 getiriyor. 7 Eyl\u00fcl\u2019deki Ay Tutulmas\u0131 kariyerinizde de\u011fi\u015fim, yeni f\u0131rsatlar veya beklenmedik sonlanmalar getirebilir. 21 Eyl\u00fcl\u2019de ger\u00e7ekle\u015fecek G\u00fcne\u015f Tutulmas\u0131 ise ev ve aile konular\u0131nda yeni bir ba\u015flang\u0131\u00e7 yapma olana\u011f\u0131 sunabilir. Ay\u0131n ikinci yar\u0131s\u0131nda daha keyifli bir ruh haline ge\u00e7erek, hobilerinize ve a\u015fk hayat\u0131n\u0131za odaklanabilirsiniz. 22 Eyl\u00fcl\u2019den sonra ise i\u015f ve seyahat g\u00fcndeminiz yo\u011funla\u015fabilir.<\/p>\n\n\n\n<p><strong>Eyl\u00fcl 2025 \u0130kizler Bur\u00e7lar\u0131na \u00d6zel Rota \u00d6nerileri:<\/strong><\/p>\n\n\n\n<p>Merakl\u0131 ve ke\u015ffi seven \u0130kizler bur\u00e7lar\u0131 i\u00e7in bu ay\u0131n rotalar\u0131 Samos ve Kand\u0131ra! Samos Adas\u0131, mavinin binbir tonuyla \u00e7evrili sahilleri, \u00fcz\u00fcm ba\u011flar\u0131 ve samimi k\u00f6yleriyle \u0130kizler\u2019in hareketli ruhuna hem dinlenme hem de ke\u015fif imkan\u0131 sunuyor. Ada sokaklar\u0131nda kaybolmak ve adan\u0131n \u00fcnl\u00fc lezzetleri unutulmaz bir deneyim vadediyor. T\u00fcm bu g\u00fczellikler yaln\u0131zca bir\u00a0<a href=\"https:\/\/www.turna.com\/feribot-bileti\/samos\"><strong>Samos feribot bileti<\/strong><\/a>\u00a0kadar uza\u011f\u0131n\u0131zda!  Kand\u0131ra ise Kocaeli\u2019nin Karadeniz k\u0131y\u0131s\u0131nda, Cebeci ve Kerpe gibi do\u011fal plajlar\u0131yla \u00fcnl\u00fc bir sahil il\u00e7esi olarak gezginleri etkisi alt\u0131na alan duraklar aras\u0131nda. K\u0131sa ka\u00e7amaklarla farkl\u0131 manzaralar g\u00f6rmek isteyen \u0130kizler i\u00e7in her iki rota da unutulmaz bir seyahatin kap\u0131lar\u0131n\u0131 aral\u0131yor.<\/p>\n\n\n\n<h2 class=\"wp-block-heading\"><span class=\"ez-toc-section\" id=\"yengec_burcu_eylul_ayi_seyahat_rotalari\"><\/span><strong>Yenge\u00e7 Burcu Eyl\u00fcl Ay\u0131 Seyahat Rotalar\u0131<\/strong><span class=\"ez-toc-section-end\"><\/span><\/h2>\n\n\n\n<figure class=\"wp-block-image size-full is-resized\"><img width=\"800\" height=\"500\" data-public-id=\"erdek_gezilecek_yerler\/erdek_gezilecek_yerler.jpg\" loading=\"lazy\" decoding=\"async\" src=\"https:\/\/res.cloudinary.com\/turna\/images\/w_800,h_500,c_scale\/f_auto,q_auto:low\/v1693492088\/erdek_gezilecek_yerler\/erdek_gezilecek_yerler.jpg?_i=AA\" alt=\"Erdek gezilecek yerler\" class=\"wp-post-25054 wp-image-22011\" style=\"width:1200px;height:auto\" data-format=\"jpg\" data-transformations=\"f_auto,q_auto:low\" data-version=\"1693492088\" data-seo=\"1\" srcset=\"https:\/\/res.cloudinary.com\/turna\/images\/f_auto,q_auto:low\/v1693492088\/erdek_gezilecek_yerler\/erdek_gezilecek_yerler.jpg?_i=AA 800w, https:\/\/res.cloudinary.com\/turna\/images\/w_300,h_188,c_scale\/f_auto,q_auto:low\/v1693492088\/erdek_gezilecek_yerler\/erdek_gezilecek_yerler.jpg?_i=AA 300w, https:\/\/res.cloudinary.com\/turna\/images\/w_672,h_420,c_scale\/f_auto,q_auto:low\/v1693492088\/erdek_gezilecek_yerler\/erdek_gezilecek_yerler.jpg?_i=AA 672w, https:\/\/res.cloudinary.com\/turna\/images\/w_640,h_400,c_scale\/f_auto,q_auto:low\/v1693492088\/erdek_gezilecek_yerler\/erdek_gezilecek_yerler.jpg?_i=AA 640w, https:\/\/res.cloudinary.com\/turna\/images\/w_681,h_426,c_scale\/f_auto,q_auto:low\/v1693492088\/erdek_gezilecek_yerler\/erdek_gezilecek_yerler.jpg?_i=AA 681w\" sizes=\"(max-width: 800px) 100vw, 800px\" \/><\/figure>\n\n\n\n<p>Uzmanlar\u0131n yorumlar\u0131na g\u00f6re bu ay Yenge\u00e7 bur\u00e7lar\u0131 i\u00e7in e\u011fitim ve seyahat konular\u0131 \u00f6n planda olacak. 7 Eyl\u00fcl\u2019deki Ay Tutulmas\u0131 sizi yeni bir yolculu\u011fa \u00e7\u0131karabilir ya da uzun s\u00fcredir bekledi\u011finiz g\u00fczel sonu\u00e7lar\u0131 getirebilir. 21 Eyl\u00fcl\u2019deki G\u00fcne\u015f Tutulmas\u0131 ise yak\u0131n \u00e7evreniz ve karde\u015flerinizle ili\u015fkilerinizi yeniden d\u00fczenlemeniz i\u00e7in iyi bir f\u0131rsat olabilir. Ay sonunda ba\u015flayacak Merk\u00fcr retrosu ev ya\u015fam\u0131nda eski meseleleri g\u00fcndeme getirebilir, sab\u0131rl\u0131 davranman\u0131zda fayda var.<\/p>\n\n\n\n<p><strong>Eyl\u00fcl 2025 Yenge\u00e7 Bur\u00e7lar\u0131na \u00d6zel Rota \u00d6nerileri:<\/strong><\/p>\n\n\n\n<p>Eyl\u00fcl ay\u0131nda Yenge\u00e7 bur\u00e7lar\u0131 i\u00e7in deniz kenar\u0131nda huzur bulabilecekleri rotalar dikkat \u00e7ekiyor. T\u00fcrkiye\u2019de Erdek\u2019in sakin koylar\u0131 ve samimi havas\u0131, i\u00e7sel dinginlik arayan Yenge\u00e7ler i\u00e7in e\u015fsiz bir f\u0131rsat sunuyor. Bu rota hem tarihi dokusu hem de sahil esintisiyle k\u0131sa bir ka\u00e7amak i\u00e7in ideal \u00f6zellik ta\u015f\u0131yor. Yunanistan\u2019da Halkidiki\u2019nin Kassandra Yar\u0131madas\u0131 masmavi denizi, dingin k\u00f6yleri ve sahil boyunca uzanan plajlar\u0131yla e\u015fsiz bir ka\u00e7amak sunuyor. Bu rotalar\u0131n her ikisinde yerel deniz \u00fcr\u00fcnleri, g\u00f6z al\u0131c\u0131 g\u00fcn bat\u0131mlar\u0131 ve mavinin en g\u00fczel tonlar\u0131 ke\u015ffinizi bekliyor.<\/p>\n\n\n\n<h2 class=\"wp-block-heading\"><span class=\"ez-toc-section\" id=\"aslan_burcu_eylul_ayi_seyahat_rotalari\"><\/span><strong>Aslan Burcu Eyl\u00fcl Ay\u0131 Seyahat Rotalar\u0131<\/strong><span class=\"ez-toc-section-end\"><\/span><\/h2>\n\n\n\n<figure class=\"wp-block-image size-full is-resized\"><img width=\"800\" height=\"500\" data-public-id=\"Bruksel_bpbpks\/Bruksel_bpbpks.jpg\" loading=\"lazy\" decoding=\"async\" src=\"https:\/\/res.cloudinary.com\/turna\/images\/w_800,h_500,c_scale\/f_auto,q_auto:low\/v1507623991\/Bruksel_bpbpks\/Bruksel_bpbpks.jpg?_i=AA\" alt=\"\" class=\"wp-post-25054 wp-image-9913\" style=\"width:1200px;height:auto\" data-format=\"jpg\" data-transformations=\"f_auto,q_auto:low\" data-version=\"1507623991\" data-seo=\"1\" srcset=\"https:\/\/res.cloudinary.com\/turna\/images\/f_auto,q_auto:low\/v1507623991\/Bruksel_bpbpks\/Bruksel_bpbpks.jpg?_i=AA 800w, https:\/\/res.cloudinary.com\/turna\/images\/w_300,h_188,c_scale\/f_auto,q_auto:low\/v1507623991\/Bruksel_bpbpks\/Bruksel_bpbpks.jpg?_i=AA 300w, https:\/\/res.cloudinary.com\/turna\/images\/w_672,h_420,c_scale\/f_auto,q_auto:low\/v1507623991\/Bruksel_bpbpks\/Bruksel_bpbpks.jpg?_i=AA 672w, https:\/\/res.cloudinary.com\/turna\/images\/w_640,h_400,c_scale\/f_auto,q_auto:low\/v1507623991\/Bruksel_bpbpks\/Bruksel_bpbpks.jpg?_i=AA 640w, https:\/\/res.cloudinary.com\/turna\/images\/w_681,h_426,c_scale\/f_auto,q_auto:low\/v1507623991\/Bruksel_bpbpks\/Bruksel_bpbpks.jpg?_i=AA 681w\" sizes=\"(max-width: 800px) 100vw, 800px\" \/><\/figure>\n\n\n\n<p>Y\u0131ld\u0131zlar\u0131n f\u0131s\u0131ldad\u0131klar\u0131na bakacak olursak bu ay Aslan bur\u00e7lar\u0131 i\u00e7in maddi konular \u00f6n plana \u00e7\u0131k\u0131yor. 7 Eyl\u00fcl\u2019deki Ay Tutulmas\u0131yla yeni bir yat\u0131r\u0131m karar\u0131 g\u00fcndeme gelebilir. 21 Eyl\u00fcl\u2019deki G\u00fcne\u015f Tutulmas\u0131 ise gelir ve gider dengenizde \u00f6nemli bir de\u011fi\u015fim yaratabilir. Ay ortas\u0131ndan sonra yak\u0131n \u00e7evrenizle ileti\u015fiminiz artarken, 22 Eyl\u00fcl sonras\u0131 ev ile ilgili d\u00fczenlemelerle ilgilenebilirsiniz.\u00a0<\/p>\n\n\n\n<p><strong>Eyl\u00fcl 2025 Aslan Bur\u00e7lar\u0131na \u00d6zel Rota \u00d6nerileri:<\/strong><\/p>\n\n\n\n<p>T\u00fcrkiye\u2019nin ilk sakin \u015fehri olarak tan\u0131nan \u015firin \u0130zmir il\u00e7esi Seferihisar, Aslan bur\u00e7lar\u0131n\u0131n ke\u015fif beklentilerini kar\u015f\u0131lamak i\u00e7in ideal \u00f6zellik ta\u015f\u0131yor. Bu rotada S\u0131\u011fac\u0131k&#8217;\u0131n b\u00fcy\u00fcleyici sokaklar\u0131nda dola\u015fabilir, denize kar\u015f\u0131 g\u00fcn bat\u0131m\u0131n\u0131n tad\u0131n\u0131 \u00e7\u0131karabilirsiniz. Bel\u00e7ika\u2019n\u0131n ba\u015fkenti Br\u00fcksel ise Aslan bur\u00e7lar\u0131n\u0131n kalbini \u00e7almaya aday hareketli bir rota. Grand Place\u2019in g\u00f6rkemli mimarisini ve Atomium\u2019un tepesinden \u015fehrin panoramik manzaras\u0131n\u0131 izleyebilirsiniz. Br\u00fcksel\u2019in me\u015fhur  wafflelar\u0131yla ke\u015ffinize tatl\u0131 bir ara verip, \u015fehrin renkli sokaklar\u0131nda keyifle dola\u015fabilirsiniz. \u00a0<strong><a href=\"https:\/\/www.turna.com\/ucak-bileti\/bruksel\">Br\u00fcksel u\u00e7ak bileti<\/a><\/strong>\u00a0se\u00e7enekleri avantajl\u0131 fiyatlarla turna.com\u2019da!<\/p>\n\n\n\n<h2 class=\"wp-block-heading\"><span class=\"ez-toc-section\" id=\"basak_burcu_eylul_ayi_seyahat_rotalari\"><\/span><strong>Ba\u015fak Burcu Eyl\u00fcl Ay\u0131 Seyahat Rotalar\u0131<\/strong><span class=\"ez-toc-section-end\"><\/span><\/h2>\n\n\n\n<figure class=\"wp-block-image size-full is-resized\"><img width=\"1600\" height=\"1000\" data-public-id=\"blog\/kapadokya\/kapadokya.png\" loading=\"lazy\" decoding=\"async\" src=\"https:\/\/res.cloudinary.com\/turna\/images\/w_1600,h_1000,c_scale\/f_auto,q_auto:low\/v1738658739\/blog\/kapadokya\/kapadokya.png?_i=AA\" alt=\"\" class=\"wp-post-25054 wp-image-23610\" style=\"width:1200px;height:auto\" data-format=\"png\" data-transformations=\"f_auto,q_auto:low\" data-version=\"1738658739\" data-seo=\"1\" srcset=\"https:\/\/res.cloudinary.com\/turna\/images\/f_auto,q_auto:low\/v1738658739\/blog\/kapadokya\/kapadokya.png?_i=AA 1600w, https:\/\/res.cloudinary.com\/turna\/images\/w_800,h_500,c_scale\/f_auto,q_auto:low\/v1738658739\/blog\/kapadokya\/kapadokya.png?_i=AA 800w, https:\/\/res.cloudinary.com\/turna\/images\/w_1024,h_640,c_scale\/f_auto,q_auto:low\/v1738658739\/blog\/kapadokya\/kapadokya.png?_i=AA 1024w, https:\/\/res.cloudinary.com\/turna\/images\/w_300,h_188,c_scale\/f_auto,q_auto:low\/v1738658739\/blog\/kapadokya\/kapadokya.png?_i=AA 300w, https:\/\/res.cloudinary.com\/turna\/images\/w_1536,h_960,c_scale\/f_auto,q_auto:low\/v1738658739\/blog\/kapadokya\/kapadokya.png?_i=AA 1536w, https:\/\/res.cloudinary.com\/turna\/images\/w_672,h_420,c_scale\/f_auto,q_auto:low\/v1738658739\/blog\/kapadokya\/kapadokya.png?_i=AA 672w, https:\/\/res.cloudinary.com\/turna\/images\/w_640,h_400,c_scale\/f_auto,q_auto:low\/v1738658739\/blog\/kapadokya\/kapadokya.png?_i=AA 640w, https:\/\/res.cloudinary.com\/turna\/images\/w_681,h_426,c_scale\/f_auto,q_auto:low\/v1738658739\/blog\/kapadokya\/kapadokya.png?_i=AA 681w\" sizes=\"(max-width: 1600px) 100vw, 1600px\" \/><\/figure>\n\n\n\n<p>Uzmanlar\u0131n yorumlar\u0131na g\u00f6re 7 Eyl\u00fcl\u2019deki Ay Tutulmas\u0131 ili\u015fkiler ve ortakl\u0131k alan\u0131nda sizler i\u00e7in \u00f6nemli bir d\u00f6n\u00fcm noktas\u0131 getirebilir. 21 Eyl\u00fcl\u2019de burcunuzda ger\u00e7ekle\u015fecek G\u00fcne\u015f Tutulmas\u0131 ise hayat\u0131n\u0131zda yeni bir sayfa a\u00e7acak, sizin i\u00e7in de\u011fi\u015fim zaman\u0131 gelmi\u015f olabilir. 18 Eyl\u00fcl sonras\u0131 maddi konulara odaklanabilirsiniz. 22 Eyl\u00fcl\u2019den itibaren ileti\u015fim trafi\u011finiz h\u0131zlan\u0131rken yak\u0131n \u00e7evrenizle daha fazla etkile\u015fim i\u00e7inde olabilirsiniz.<\/p>\n\n\n\n<p><strong>Eyl\u00fcl 2025 Ba\u015fak Bur\u00e7lar\u0131na \u00d6zel Rota \u00d6nerileri:<\/strong><\/p>\n\n\n\n<p>Eyl\u00fcl ay\u0131nda Ba\u015fak bur\u00e7lar\u0131 i\u00e7in Kapadokya, masallar\u0131 and\u0131ran vadileri,  g\u00f6z al\u0131c\u0131 y\u00fcr\u00fcy\u00fc\u015f parkurlar\u0131 ve sabah\u0131n ilk \u0131\u015f\u0131klar\u0131nda g\u00f6ky\u00fcz\u00fcn\u00fc s\u00fcsleyen balonlar\u0131yla e\u015fsiz bir se\u00e7im. Burada hem do\u011fayla i\u00e7 i\u00e7e olabilir hem de tarihi otellerde dinginli\u011fi yakalayabilirsiniz. Daha uluslararas\u0131 bir rota arayanlar i\u00e7in ise Londra, d\u00fczenli \u015fehir yap\u0131s\u0131, m\u00fczeleri ve sanatsal atmosferiyle Ba\u015faklar\u0131n ruhuna uygun bir ke\u015fif vadediyor. Thames Nehri boyunca yap\u0131lacak bir y\u00fcr\u00fcy\u00fc\u015f ya da British Museum\u2019da ge\u00e7irilen bir g\u00fcn, Ba\u015faklar\u0131n yeni deneyimler edinme iste\u011fini tatmin ediyor. Ke\u015ffinize konfor katacak otel se\u00e7enekleri avantajl\u0131 fiyatlarla Turna \u00a0<strong><a href=\"https:\/\/www.turna.com\/otel\/kapadokya\">Kapadokya otelleri<\/a><\/strong>\u00a0sayfas\u0131nda!<\/p>\n\n\n\n<h2 class=\"wp-block-heading\"><span class=\"ez-toc-section\" id=\"terazi_burcu_eylul_ayi_seyahat_rotalari\"><\/span><strong>Terazi Burcu Eyl\u00fcl Ay\u0131 Seyahat Rotalar\u0131<\/strong><span class=\"ez-toc-section-end\"><\/span><\/h2>\n\n\n\n<figure class=\"wp-block-image size-full is-resized\"><img width=\"800\" height=\"500\" data-public-id=\"Hatshepsut-Tapinagi-Misir\/Hatshepsut-Tapinagi-Misir.jpg\" loading=\"lazy\" decoding=\"async\" src=\"https:\/\/res.cloudinary.com\/turna\/images\/w_800,h_500,c_scale\/f_auto,q_auto:low\/v1632842763\/Hatshepsut-Tapinagi-Misir\/Hatshepsut-Tapinagi-Misir.jpg?_i=AA\" alt=\"Hatshepsut Tap\u0131na\u011f\u0131, M\u0131s\u0131r\" class=\"wp-post-25054 wp-image-19880\" style=\"width:1200px;height:auto\" data-format=\"jpg\" data-transformations=\"f_auto,q_auto:low\" data-version=\"1632842763\" data-seo=\"1\" srcset=\"https:\/\/res.cloudinary.com\/turna\/images\/f_auto,q_auto:low\/v1632842763\/Hatshepsut-Tapinagi-Misir\/Hatshepsut-Tapinagi-Misir.jpg?_i=AA 800w, https:\/\/res.cloudinary.com\/turna\/images\/w_300,h_188,c_scale\/f_auto,q_auto:low\/v1632842763\/Hatshepsut-Tapinagi-Misir\/Hatshepsut-Tapinagi-Misir.jpg?_i=AA 300w, https:\/\/res.cloudinary.com\/turna\/images\/w_672,h_420,c_scale\/f_auto,q_auto:low\/v1632842763\/Hatshepsut-Tapinagi-Misir\/Hatshepsut-Tapinagi-Misir.jpg?_i=AA 672w, https:\/\/res.cloudinary.com\/turna\/images\/w_640,h_400,c_scale\/f_auto,q_auto:low\/v1632842763\/Hatshepsut-Tapinagi-Misir\/Hatshepsut-Tapinagi-Misir.jpg?_i=AA 640w, https:\/\/res.cloudinary.com\/turna\/images\/w_681,h_426,c_scale\/f_auto,q_auto:low\/v1632842763\/Hatshepsut-Tapinagi-Misir\/Hatshepsut-Tapinagi-Misir.jpg?_i=AA 681w\" sizes=\"(max-width: 800px) 100vw, 800px\" \/><\/figure>\n\n\n\n<p>Y\u0131ld\u0131zlar\u0131n f\u0131s\u0131ldad\u0131klar\u0131na bakacak olursak, 7 Eyl\u00fcl\u2019deki Ay Tutulmas\u0131 i\u015f ve g\u00fcnl\u00fck ya\u015fam alan\u0131n\u0131zda de\u011fi\u015fiklikler getirebilir. 21 Eyl\u00fcl\u2019deki G\u00fcne\u015f Tutulmas\u0131 ise i\u00e7sel bir yenilenme d\u00f6nemi ba\u015flatabilir. 18 Eyl\u00fcl\u2019den itibaren kendinizi daha rahat ifade edecek, 22 Eyl\u00fcl sonras\u0131 ise G\u00fcne\u015f\u2019in burcunuza ge\u00e7i\u015fiyle g\u00f6r\u00fcn\u00fcrl\u00fc\u011f\u00fcn\u00fcz artacak. Ay sonunda Merk\u00fcr retrosu eski meseleleri g\u00fcndeme ta\u015f\u0131yabilir.<\/p>\n\n\n\n<p><strong>Eyl\u00fcl 2025 Terazi Bur\u00e7lar\u0131na \u00d6zel Rota \u00d6nerileri:<\/strong><\/p>\n\n\n\n<p>Zarafet ve denge arayan Terazi bur\u00e7lar\u0131 i\u00e7in bu ay\u0131n rotalar\u0131 mistik ve tarih dolu ke\u015fifler vadediyor. \u015eanl\u0131urfa\u2019da G\u00f6beklitepe\u2019nin gizemli ta\u015f s\u00fctunlar\u0131 aras\u0131nda tarihin s\u0131f\u0131r noktas\u0131na tan\u0131kl\u0131k edebilir, Bal\u0131kl\u0131g\u00f6l\u2019\u00fcn dingin atmosferinde keyifli saatler ge\u00e7irebilirsiniz. \u015eehrin kadim dokusu ve y\u00f6resel lezzetleri, Terazi\u2019nin estetik duyular\u0131na hitap etmeye aday. M\u0131s\u0131r ise piramitleri, Nil Nehri k\u0131y\u0131s\u0131ndaki ya\u015fam\u0131 ve Luxor\u2019un antik tap\u0131naklar\u0131yla zaman\u0131n \u00f6tesine uzanan bir deneyim sunuyor. \u015earm El \u015eeyh\u2019in turkuaz sular\u0131nda dal\u0131\u015f yaparak bu yolculu\u011fa deniz alt\u0131 d\u00fcnyas\u0131n\u0131n gizemleriyle farkl\u0131 renkler de katabilirsiniz. Bu keyifli deneyime ad\u0131m atmak i\u00e7in\u00a0<strong><a href=\"https:\/\/www.turna.com\/ucak-bileti\/misir\" data-type=\"link\" data-id=\"https:\/\/www.turna.com\/ucak-bileti\/misir\">M\u0131s\u0131r u\u00e7ak bileti<\/a><\/strong>\u00a0alternatiflerini hemen \u015fimdi ke\u015ffedin.<\/p>\n\n\n\n<h2 class=\"wp-block-heading\"><span class=\"ez-toc-section\" id=\"akrep_burcu_eylul_ayi_seyahat_rotalari\"><\/span><strong>Akrep Burcu Eyl\u00fcl Ay\u0131 Seyahat Rotalar\u0131<\/strong><span class=\"ez-toc-section-end\"><\/span><\/h2>\n\n\n\n<figure class=\"wp-block-image size-full is-resized\"><img width=\"800\" height=\"500\" data-public-id=\"bozcaada_gezilecek_yerler\/bozcaada_gezilecek_yerler.jpg\" loading=\"lazy\" decoding=\"async\" src=\"https:\/\/res.cloudinary.com\/turna\/images\/w_800,h_500,c_scale\/f_auto,q_auto:low\/v1690490475\/bozcaada_gezilecek_yerler\/bozcaada_gezilecek_yerler.jpg?_i=AA\" alt=\"bozcaada gezilecek yerler\" class=\"wp-post-25054 wp-image-21884\" style=\"width:1200px;height:auto\" data-format=\"jpg\" data-transformations=\"f_auto,q_auto:low\" data-version=\"1690490475\" data-seo=\"1\" srcset=\"https:\/\/res.cloudinary.com\/turna\/images\/f_auto,q_auto:low\/v1690490475\/bozcaada_gezilecek_yerler\/bozcaada_gezilecek_yerler.jpg?_i=AA 800w, https:\/\/res.cloudinary.com\/turna\/images\/w_300,h_188,c_scale\/f_auto,q_auto:low\/v1690490475\/bozcaada_gezilecek_yerler\/bozcaada_gezilecek_yerler.jpg?_i=AA 300w, https:\/\/res.cloudinary.com\/turna\/images\/w_672,h_420,c_scale\/f_auto,q_auto:low\/v1690490475\/bozcaada_gezilecek_yerler\/bozcaada_gezilecek_yerler.jpg?_i=AA 672w, https:\/\/res.cloudinary.com\/turna\/images\/w_640,h_400,c_scale\/f_auto,q_auto:low\/v1690490475\/bozcaada_gezilecek_yerler\/bozcaada_gezilecek_yerler.jpg?_i=AA 640w, https:\/\/res.cloudinary.com\/turna\/images\/w_681,h_426,c_scale\/f_auto,q_auto:low\/v1690490475\/bozcaada_gezilecek_yerler\/bozcaada_gezilecek_yerler.jpg?_i=AA 681w\" sizes=\"(max-width: 800px) 100vw, 800px\" \/><\/figure>\n\n\n\n<p>Sevgili Akrepler ve y\u00fckselen burcu Akrep olanlar, uzman yorumlar\u0131na g\u00f6re bu ay a\u015fk hayat\u0131n\u0131z ve sosyal \u00e7evreniz \u00f6n planda olacak. 7 Eyl\u00fcl\u2019deki Ay Tutulmas\u0131 romantik ili\u015fkilerde d\u00f6n\u00fcm noktas\u0131 yaratabilir. 21 Eyl\u00fcl\u2019deki G\u00fcne\u015f Tutulmas\u0131 ise arkada\u015fl\u0131klar ve projelerde de\u011fi\u015fim getirebilir. 22 Eyl\u00fcl\u2019den sonra Mars burcunuza ge\u00e7iyor ve enerjinizi y\u00fckseltiyor. Ay sonunda Merk\u00fcr retrosu ileti\u015fimde aksiliklere yol a\u00e7abilece\u011finden sab\u0131rl\u0131 kalman\u0131z \u00f6nemli olacak.<\/p>\n\n\n\n<p><strong>Eyl\u00fcl 2025 Akrep Bur\u00e7lar\u0131na \u00d6zel Rota \u00d6nerileri:<\/strong><br>Derinlik ve dinginlik arayan Akrep bur\u00e7lar\u0131 i\u00e7in bu ay\u0131n rotalar\u0131 Brugge ve Bozcaada. Brugge, Orta \u00c7a\u011f\u2019dan kalma ta\u015f sokaklar\u0131, kanallar\u0131 ve \u00e7ikolata kokulu atmosferiyle Akreplerin gizemli ruhuna hitap ediyor. Bozcaada ise Ege\u2019nin r\u00fczgarl\u0131 ba\u011flar\u0131, sessiz koylar\u0131 ve deniz manzaral\u0131 sokaklar\u0131yla dinginlik vadediyor. G\u00fcn bat\u0131m\u0131nda kaleye kar\u015f\u0131 oturup dalgalar\u0131n sesini dinlemek, huzur dolu bir deneyimin kap\u0131lar\u0131n\u0131 aral\u0131yor. <strong><a href=\"https:\/\/www.turna.com\/otel\/bozcaada\" data-type=\"link\" data-id=\"https:\/\/www.turna.com\/otel\/bozcaada\">Bozcaada otelleri<\/a><\/strong>\u00a0ile Eyl\u00fcl ay\u0131n\u0131 en keyifli \u015fekilde kar\u015f\u0131layabilirsiniz.<\/p>\n\n\n\n<h2 class=\"wp-block-heading\"><span class=\"ez-toc-section\" id=\"yay_burcu_eylul_ayi_seyahat_rotalari\"><\/span><strong>Yay Burcu Eyl\u00fcl Ay\u0131 Seyahat Rotalar\u0131<\/strong><span class=\"ez-toc-section-end\"><\/span><\/h2>\n\n\n\n<figure class=\"wp-block-image size-full is-resized\"><img width=\"800\" height=\"500\" data-public-id=\"Katara-Camii\/Katara-Camii.jpg\" loading=\"lazy\" decoding=\"async\" src=\"https:\/\/res.cloudinary.com\/turna\/images\/w_800,h_500,c_scale\/f_auto,q_auto:low\/v1627801577\/Katara-Camii\/Katara-Camii.jpg?_i=AA\" alt=\"Katara-Camii\" class=\"wp-post-25054 wp-image-19642\" style=\"width:1200px;height:auto\" data-format=\"jpg\" data-transformations=\"f_auto,q_auto:low\" data-version=\"1627801577\" data-seo=\"1\" srcset=\"https:\/\/res.cloudinary.com\/turna\/images\/f_auto,q_auto:low\/v1627801577\/Katara-Camii\/Katara-Camii.jpg?_i=AA 800w, https:\/\/res.cloudinary.com\/turna\/images\/w_300,h_188,c_scale\/f_auto,q_auto:low\/v1627801577\/Katara-Camii\/Katara-Camii.jpg?_i=AA 300w, https:\/\/res.cloudinary.com\/turna\/images\/w_672,h_420,c_scale\/f_auto,q_auto:low\/v1627801577\/Katara-Camii\/Katara-Camii.jpg?_i=AA 672w, https:\/\/res.cloudinary.com\/turna\/images\/w_640,h_400,c_scale\/f_auto,q_auto:low\/v1627801577\/Katara-Camii\/Katara-Camii.jpg?_i=AA 640w, https:\/\/res.cloudinary.com\/turna\/images\/w_681,h_426,c_scale\/f_auto,q_auto:low\/v1627801577\/Katara-Camii\/Katara-Camii.jpg?_i=AA 681w\" sizes=\"(max-width: 800px) 100vw, 800px\" \/><\/figure>\n\n\n\n<p>Konunun uzmanlar\u0131na g\u00f6re, Eyl\u00fcl ay\u0131 sizin i\u00e7in hem kariyer hem de aile alan\u0131nda \u00f6nemli d\u00f6n\u00fcm noktalar\u0131 getiriyor. 7 Eyl\u00fcl\u2019deki Ay Tutulmas\u0131 ev d\u00fczeninde de\u011fi\u015fiklik ya da aile b\u00fcy\u00fckleriyle ilgili g\u00fcndemler \u00f6ne \u00e7\u0131kabilir. 21 Eyl\u00fcl\u2019deki G\u00fcne\u015f Tutulmas\u0131 ise kariyerinizi ve toplumsal konumunuzu etkileyerek uzun vadeli hedeflerinizi netle\u015ftirmenizi sa\u011flayabilir. 18 Eyl\u00fcl sonras\u0131 sosyal hayat\u0131n\u0131z canlan\u0131rken, 22 Eyl\u00fcl\u2019den itibaren Mars sizi i\u00e7sel kararlar almaya y\u00f6nlendirecek.&nbsp;<\/p>\n\n\n\n<p><strong>Eyl\u00fcl 2025 Yay Bur\u00e7lar\u0131na \u00d6zel Rota \u00d6nerileri:<\/strong><\/p>\n\n\n\n<p>\u00d6zg\u00fcr ruhlu ve ke\u015fif tutkusu y\u00fcksek Yay bur\u00e7lar\u0131 i\u00e7in bu ay\u0131n rotalar\u0131 Urla ve Katar. Urla, \u0130zmir\u2019in sakl\u0131 hazineleri aras\u0131nda yer al\u0131yor. Bu destinasyon ba\u011f rotalar\u0131, sanat galerileri ve sahil kasabalar\u0131n\u0131n samimi atmosferiyle Yay\u2019lar\u0131n entelekt\u00fcel ve sosyal yan\u0131n\u0131 besliyor. Katar ise modern g\u00f6kdelenleriyle \u00e7\u00f6l\u00fcn ortas\u0131nda y\u00fckselen bir cazibe merkezi olarak \u00f6n plana \u00e7\u0131k\u0131yor. Doha\u2019n\u0131n \u00e7a\u011fda\u015f m\u00fczeleri, Souq Waqif\u2019in geleneksel pazarlar\u0131 ve \u00e7\u00f6lde safari deneyimi Yay bur\u00e7lar\u0131n\u0131n macera aray\u0131\u015f\u0131n\u0131 kar\u015f\u0131l\u0131yor. <strong><a href=\"https:\/\/www.turna.com\/ucak-bileti\/katar\" data-type=\"link\" data-id=\"https:\/\/www.turna.com\/ucak-bileti\/katar\">Katar u\u00e7ak bileti<\/a><\/strong>\u00a0se\u00e7eneklerine g\u00f6z at\u0131n.<\/p>\n\n\n\n<h2 class=\"wp-block-heading\"><span class=\"ez-toc-section\" id=\"oglak_burcu_eylul_ayi_seyahat_rotalari\"><\/span><strong>O\u011flak Burcu Eyl\u00fcl Ay\u0131 Seyahat Rotalar\u0131<\/strong><span class=\"ez-toc-section-end\"><\/span><\/h2>\n\n\n\n<figure class=\"wp-block-image size-full is-resized\"><img width=\"800\" height=\"500\" data-public-id=\"Heidelberg_xs8leu\/Heidelberg_xs8leu.jpg\" loading=\"lazy\" decoding=\"async\" src=\"https:\/\/res.cloudinary.com\/turna\/images\/w_800,h_500,c_scale\/f_auto,q_auto\/f_auto,q_auto:low\/v1548007717\/Heidelberg_xs8leu\/Heidelberg_xs8leu.jpg?_i=AA\" alt=\"\" class=\"wp-post-25054 wp-image-15426\" style=\"width:1200px;height:auto\" data-format=\"jpg\" data-transformations=\"f_auto,q_auto\/f_auto,q_auto:low\" data-version=\"1548007717\" data-seo=\"1\" srcset=\"https:\/\/res.cloudinary.com\/turna\/images\/f_auto,q_auto\/f_auto,q_auto\/f_auto,q_auto:low\/v1548007717\/Heidelberg_xs8leu\/Heidelberg_xs8leu.jpg?_i=AA 800w, https:\/\/res.cloudinary.com\/turna\/images\/w_300,h_188,c_scale\/f_auto,q_auto\/f_auto,q_auto\/f_auto,q_auto:low\/v1548007717\/Heidelberg_xs8leu\/Heidelberg_xs8leu.jpg?_i=AA 300w, https:\/\/res.cloudinary.com\/turna\/images\/w_672,h_420,c_scale\/f_auto,q_auto\/f_auto,q_auto\/f_auto,q_auto:low\/v1548007717\/Heidelberg_xs8leu\/Heidelberg_xs8leu.jpg?_i=AA 672w, https:\/\/res.cloudinary.com\/turna\/images\/w_640,h_400,c_scale\/f_auto,q_auto\/f_auto,q_auto\/f_auto,q_auto:low\/v1548007717\/Heidelberg_xs8leu\/Heidelberg_xs8leu.jpg?_i=AA 640w, https:\/\/res.cloudinary.com\/turna\/images\/w_681,h_426,c_scale\/f_auto,q_auto\/f_auto,q_auto\/f_auto,q_auto:low\/v1548007717\/Heidelberg_xs8leu\/Heidelberg_xs8leu.jpg?_i=AA 681w\" sizes=\"(max-width: 800px) 100vw, 800px\" \/><\/figure>\n\n\n\n<p>Eyl\u00fcl ay\u0131 sizin i\u00e7in ileti\u015fim ve yak\u0131n \u00e7evre ili\u015fkilerinde yo\u011fun bir d\u00f6nem ba\u015flat\u0131yor. 7 Eyl\u00fcl\u2019deki Ay Tutulmas\u0131 \u00f6nemli bir s\u00f6zle\u015fme veya e\u011fitim f\u0131rsat\u0131 kar\u015f\u0131n\u0131za \u00e7\u0131kabilir. 21 Eyl\u00fcl\u2019deki G\u00fcne\u015f Tutulmas\u0131 ise yeni bir ba\u015flang\u0131ca i\u015faret ediyor. 18 Eyl\u00fcl sonras\u0131 kariyerinize odaklanabilirsiniz.&nbsp;<\/p>\n\n\n\n<p><strong>Eyl\u00fcl 2025 O\u011flak Bur\u00e7lar\u0131na \u00d6zel Rota \u00d6nerileri:<\/strong><\/p>\n\n\n\n<p>O\u011flak bur\u00e7lar\u0131 i\u00e7in bu ay\u0131n rotalar\u0131 Gaziantep ve Almanya\u2019n\u0131n nostaljik \u015fehri Heidelberg. Gaziantep, y\u00fczy\u0131llar\u0131n birikimini ta\u015f\u0131yan tarihi \u00e7ar\u015f\u0131lar\u0131, Zeugma Mozaik M\u00fczesi ve e\u015fsiz mutfa\u011f\u0131yla ilgi \u00e7ekici bir ke\u015fif vadediyor. Baharat kokulu sokaklarda dola\u015f\u0131rken hem k\u00fclt\u00fcrel hem de gastronomik  zenginliklerle ho\u015f deneyimler ya\u015fanabiliyor. Heidelberg ise Almanya\u2019n\u0131n romantik \u00fcniversite \u015fehri olarak tan\u0131n\u0131yor. Neckar Nehri k\u0131y\u0131s\u0131ndaki tarihi k\u00f6pr\u00fc, masallar\u0131 and\u0131ran kale ve eski \u015fehir meydan\u0131 O\u011flak bur\u00e7lar\u0131n\u0131n d\u00fczen ve estetik anlay\u0131\u015f\u0131n\u0131 kar\u015f\u0131l\u0131yor.\u00a0T\u00fcm bu ke\u015ffe de\u011fer g\u00fczellikler yaln\u0131zca bir\u00a0<strong><a href=\"https:\/\/www.turna.com\/ucak-bileti\/almanya\" data-type=\"link\" data-id=\"https:\/\/www.turna.com\/ucak-bileti\/almanya\">Almanya u\u00e7ak bileti<\/a><\/strong>\u00a0kadar uza\u011f\u0131n\u0131zda.<\/p>\n\n\n\n<h2 class=\"wp-block-heading\"><span class=\"ez-toc-section\" id=\"kova_burcu_eylul_ayi_seyahat_rotalari\"><\/span>Kova Burcu Eyl\u00fcl Ay\u0131 Seyahat Rotalar\u0131<span class=\"ez-toc-section-end\"><\/span><\/h2>\n\n\n\n<figure class=\"wp-block-image size-full is-resized\"><img width=\"800\" height=\"500\" data-public-id=\"Prag-Kalesi\/Prag-Kalesi.jpeg\" loading=\"lazy\" decoding=\"async\" src=\"https:\/\/res.cloudinary.com\/turna\/images\/w_800,h_500,c_scale\/f_auto,q_auto:low\/v1624093912\/Prag-Kalesi\/Prag-Kalesi.jpeg?_i=AA\" alt=\"Prag-Kalesi\" class=\"wp-post-25054 wp-image-19311\" style=\"width:1200px;height:auto\" data-format=\"jpeg\" data-transformations=\"f_auto,q_auto:low\" data-version=\"1624093912\" data-seo=\"1\" srcset=\"https:\/\/res.cloudinary.com\/turna\/images\/f_auto,q_auto:low\/v1624093912\/Prag-Kalesi\/Prag-Kalesi.jpeg?_i=AA 800w, https:\/\/res.cloudinary.com\/turna\/images\/w_300,h_188,c_scale\/f_auto,q_auto:low\/v1624093912\/Prag-Kalesi\/Prag-Kalesi.jpeg?_i=AA 300w, https:\/\/res.cloudinary.com\/turna\/images\/w_672,h_420,c_scale\/f_auto,q_auto:low\/v1624093912\/Prag-Kalesi\/Prag-Kalesi.jpeg?_i=AA 672w, https:\/\/res.cloudinary.com\/turna\/images\/w_640,h_400,c_scale\/f_auto,q_auto:low\/v1624093912\/Prag-Kalesi\/Prag-Kalesi.jpeg?_i=AA 640w, https:\/\/res.cloudinary.com\/turna\/images\/w_681,h_426,c_scale\/f_auto,q_auto:low\/v1624093912\/Prag-Kalesi\/Prag-Kalesi.jpeg?_i=AA 681w\" sizes=\"(max-width: 800px) 100vw, 800px\" \/><\/figure>\n\n\n\n<p>Bu ay finansal konular ve ortak kaynaklar \u00f6n plana \u00e7\u0131kabilir. 7 Eyl\u00fcl\u2019deki Ay Tutulmas\u0131 para alan\u0131n\u0131zda ger\u00e7ekle\u015fecek. 21 Eyl\u00fcl\u2019deki G\u00fcne\u015f Tutulmas\u0131 ise ortakl\u0131 i\u015fler, miras, vergi veya kredi konular\u0131nda yeni bir ba\u015flang\u0131\u00e7 ya da biti\u015f getirebilir. 18 Eyl\u00fcl sonras\u0131 ileti\u015fim ve e\u011fitim alan\u0131nda daha aktif olabilirsiniz. Ay sonunda ba\u015flayacak Merk\u00fcr retrosu planlarda aksamalara yol a\u00e7abilece\u011fi i\u00e7in yeni giri\u015fimlerden ka\u00e7\u0131nmak faydal\u0131 olacak.<\/p>\n\n\n\n<p><strong>Eyl\u00fcl 2025 Kova Bur\u00e7lar\u0131na \u00d6zel Rota \u00d6nerileri:<\/strong><\/p>\n\n\n\n<p>Eyl\u00fcl ay\u0131 bur\u00e7 yorumlar\u0131na g\u00f6re seyahat \u00f6nerilerimizde Kova bur\u00e7lar\u0131 i\u00e7in bu ay\u0131n rotalar\u0131 K\u0131rklareli ve Prag. K\u0131rklareli, Trakya\u2019n\u0131n az bilinen k\u00f6yleri, \u0130\u011fneada Longoz Ormanlar\u0131 ve e\u015fsiz Karadeniz koylar\u0131yla ke\u015fif ruhunuza taze bir enerji katmaya aday. Prag ise gotik mimarisi, tarihi k\u00f6pr\u00fcleri ve sanat dolu meydanlar\u0131yla konuklar\u0131na ilham sunuyor. Astronomik Saat Kulesi\u2019nin g\u00f6lgesinde dola\u015f\u0131rken, tarihle modernli\u011fi tek rotada ya\u015fayabilirsiniz.\u00a0<\/p>\n\n\n\n<h2 class=\"wp-block-heading\"><span class=\"ez-toc-section\" id=\"balik_burcu_eylul_ayi_seyahat_rotalari\"><\/span><strong>Bal\u0131k Burcu Eyl\u00fcl Ay\u0131 Seyahat Rotalar\u0131<\/strong><span class=\"ez-toc-section-end\"><\/span><\/h2>\n\n\n\n<figure class=\"wp-block-image size-full is-resized\"><img width=\"800\" height=\"500\" data-public-id=\"Olimpos\/Olimpos.jpg\" loading=\"lazy\" decoding=\"async\" src=\"https:\/\/res.cloudinary.com\/turna\/images\/w_800,h_500,c_scale\/f_auto,q_auto:low\/v1619196778\/Olimpos\/Olimpos.jpg?_i=AA\" alt=\"Olimpos\" class=\"wp-post-25054 wp-image-18994\" style=\"width:1200px;height:auto\" data-format=\"jpg\" data-transformations=\"f_auto,q_auto:low\" data-version=\"1619196778\" data-seo=\"1\" srcset=\"https:\/\/res.cloudinary.com\/turna\/images\/f_auto,q_auto:low\/v1619196778\/Olimpos\/Olimpos.jpg?_i=AA 800w, https:\/\/res.cloudinary.com\/turna\/images\/w_300,h_188,c_scale\/f_auto,q_auto:low\/v1619196778\/Olimpos\/Olimpos.jpg?_i=AA 300w, https:\/\/res.cloudinary.com\/turna\/images\/w_672,h_420,c_scale\/f_auto,q_auto:low\/v1619196778\/Olimpos\/Olimpos.jpg?_i=AA 672w, https:\/\/res.cloudinary.com\/turna\/images\/w_640,h_400,c_scale\/f_auto,q_auto:low\/v1619196778\/Olimpos\/Olimpos.jpg?_i=AA 640w, https:\/\/res.cloudinary.com\/turna\/images\/w_681,h_426,c_scale\/f_auto,q_auto:low\/v1619196778\/Olimpos\/Olimpos.jpg?_i=AA 681w\" sizes=\"(max-width: 800px) 100vw, 800px\" \/><\/figure>\n\n\n\n<p>Konunun uzmanlar\u0131na kulak verdik ve Eyl\u00fcl ay\u0131n\u0131n sizin i\u00e7in d\u00f6n\u00fc\u015ft\u00fcr\u00fcc\u00fc bir ay olaca\u011f\u0131 t\u00fcyosunu ald\u0131k. 7 Eyl\u00fcl\u2019de burcunuzda ger\u00e7ekle\u015fen Ay Tutulmas\u0131, uzun s\u00fcredir ta\u015f\u0131d\u0131\u011f\u0131n\u0131z y\u00fckleri b\u0131rakman\u0131za ve yeni bir sayfa a\u00e7man\u0131za imkan tan\u0131yabilir. 21 Eyl\u00fcl\u2019deki G\u00fcne\u015f Tutulmas\u0131 ise ili\u015fkiler ve ortakl\u0131k alan\u0131nda \u00f6nemli geli\u015fmeler getiriyor. 22 Eyl\u00fcl\u2019den itibaren Mars\u2019\u0131n Akrep\u2019e ge\u00e7i\u015fiyle enerjiniz artarken, seyahat ve e\u011fitim konular\u0131nda da yeni f\u0131rsatlar yakalayabilirsiniz.<\/p>\n\n\n\n<p><strong>Eyl\u00fcl 2025 Bal\u0131k Bur\u00e7lar\u0131na \u00d6zel Rota \u00d6nerileri:<\/strong><\/p>\n\n\n\n<p>Hayal g\u00fcc\u00fc y\u00fcksek ve sezgileri g\u00fc\u00e7l\u00fc Bal\u0131k bur\u00e7lar\u0131 i\u00e7in bu ay\u0131n rotalar\u0131 Rotterdam ve Olimpos. Hollanda &#8216;n\u0131n g\u00fcneybat\u0131s\u0131nda yer alan Rotterdam, modern mimarisi, canl\u0131 sanat galerileri ve  renkli \u015fehir atmosferiyle Bal\u0131k\u2019lar\u0131n yarat\u0131c\u0131l\u0131\u011f\u0131n\u0131 besleyecek rotalar aras\u0131nda. K\u00fcbik evler ve Erasmus K\u00f6pr\u00fcs\u00fc\u2019n\u00fcn silueti, \u015fehri adeta ya\u015fayan bir sanat eserine d\u00f6n\u00fc\u015ft\u00fcr\u00fcyor. Olimpos ise Antalya\u2019n\u0131n do\u011fayla i\u00e7 i\u00e7e sakl\u0131 cenneti olarak antik kal\u0131nt\u0131lar aras\u0131nda dola\u015f\u0131rken denize a\u00e7\u0131lan patikalarda huzur dolu anlar vadediyor. \u00c7\u0131ral\u0131 sahilinde denizle bulu\u015fmak, sakin ve keyifli bir deneyim i\u00e7in e\u015fsiz bir se\u00e7im. Samimi\u00a0<strong><a href=\"https:\/\/www.turna.com\/otel\/olimpos-kumluca\" data-type=\"link\" data-id=\"https:\/\/www.turna.com\/otel\/olimpos-kumluca\">Olimpos otelleri<\/a><\/strong>\u00a0sayesinde ise hem do\u011fayla b\u00fct\u00fcnle\u015febilir hem de enerjinizi yenileyebilirsiniz.<\/p>\n\n    <div class=\"xs_social_share_widget xs_share_url after_content \t\tmain_content  wslu-style-1 wslu-share-box-shaped wslu-fill-colored wslu-none wslu-share-horizontal wslu-theme-font-no wslu-main_content\">\n\n\t\t\n        <ul>\n\t\t\t        <\/ul>\n    <\/div> \n","protected":false},"excerpt":{"rendered":"<p>Sonbahar geldi\u2026 Mis gibi kahve kokusunun turuncu yapraklarla bulu\u015ftu\u011fu, do\u011fan\u0131n g\u00fcnden g\u00fcne romantik tonlara b\u00fcr\u00fcnd\u00fc\u011f\u00fc o \u00f6zel zamanlarday\u0131z. Kalabal\u0131k yaz g\u00fcnleri yerini dinginli\u011fe b\u0131rak\u0131yor. Bu mevsim, ke\u015fifleri \u00e7ok daha huzurlu ve yolculuklar\u0131 daha anlaml\u0131 k\u0131l\u0131yor. Renklerin dans etti\u011fi sonbahar manzaralar\u0131 e\u015fli\u011finde yap\u0131lan ke\u015fifler, hem ruhu dinlendiriyor hem de ilham veriyor. Peki y\u0131ld\u0131zlar bu ay hangi [&hellip;]<\/p>\n","protected":false},"author":44,"featured_media":21784,"comment_status":"open","ping_status":"open","sticky":false,"template":"","format":"standard","meta":{"rop_custom_images_group":[],"rop_custom_messages_group":[],"rop_publish_now":"yes","rop_publish_now_accounts":[],"rop_publish_now_history":[],"rop_publish_now_status":"pending","_cloudinary_featured_overwrite":false,"footnotes":""},"categories":[1],"tags":[120,306,244,36,342,1007,617,324,680,978,985,10],"class_list":["post-25054","post","type-post","status-publish","format-standard","has-post-thumbnail","hentry","category-seyahat-rehberi","tag-almanya","tag-antalya","tag-bozcaada","tag-bruksel","tag-kapadokya","tag-katar","tag-kopenhag","tag-misir","tag-samos","tag-seyahat-rehberi","tag-varsova","tag-yunanistan"],"_links":{"self":[{"href":"https:\/\/www.turna.com\/blog\/wp-json\/wp\/v2\/posts\/25054","targetHints":{"allow":["GET"]}}],"collection":[{"href":"https:\/\/www.turna.com\/blog\/wp-json\/wp\/v2\/posts"}],"about":[{"href":"https:\/\/www.turna.com\/blog\/wp-json\/wp\/v2\/types\/post"}],"author":[{"embeddable":true,"href":"https:\/\/www.turna.com\/blog\/wp-json\/wp\/v2\/users\/44"}],"replies":[{"embeddable":true,"href":"https:\/\/www.turna.com\/blog\/wp-json\/wp\/v2\/comments?post=25054"}],"version-history":[{"count":0,"href":"https:\/\/www.turna.com\/blog\/wp-json\/wp\/v2\/posts\/25054\/revisions"}],"wp:featuredmedia":[{"embeddable":true,"href":"https:\/\/www.turna.com\/blog\/wp-json\/wp\/v2\/media\/21784"}],"wp:attachment":[{"href":"https:\/\/www.turna.com\/blog\/wp-json\/wp\/v2\/media?parent=25054"}],"wp:term":[{"taxonomy":"category","embeddable":true,"href":"https:\/\/www.turna.com\/blog\/wp-json\/wp\/v2\/categories?post=25054"},{"taxonomy":"post_tag","embeddable":true,"href":"https:\/\/www.turna.com\/blog\/wp-json\/wp\/v2\/tags?post=25054"}],"curies":[{"name":"wp","href":"https:\/\/api.w.org\/{rel}","templated":true}]}}