{"id":25032,"date":"2025-08-27T11:58:33","date_gmt":"2025-08-27T08:58:33","guid":{"rendered":"https:\/\/www.turna.com\/blog\/?p=25032"},"modified":"2025-08-27T11:58:35","modified_gmt":"2025-08-27T08:58:35","slug":"usak-gezilecek-yerler","status":"publish","type":"post","link":"https:\/\/www.turna.com\/blog\/usak-gezilecek-yerler","title":{"rendered":"U\u015fak Gezilecek Yerler"},"content":{"rendered":"<div id=\"ez-toc-container\" class=\"ez-toc-v2_0_82_2 counter-hierarchy ez-toc-counter ez-toc-black ez-toc-container-direction\">\n<div class=\"ez-toc-title-container\">\n<p class=\"ez-toc-title\" style=\"cursor:inherit\">\u0130\u00e7indekiler<\/p>\n<span class=\"ez-toc-title-toggle\"><a href=\"#\" class=\"ez-toc-pull-right ez-toc-btn ez-toc-btn-xs ez-toc-btn-default ez-toc-toggle\" aria-label=\"\u0130\u00e7indekiler Tablosunu A\u00e7\/Kapat\"><span class=\"ez-toc-js-icon-con\"><span class=\"\"><span class=\"eztoc-hide\" style=\"display:none;\">Toggle<\/span><span class=\"ez-toc-icon-toggle-span\"><svg style=\"fill: #ffffff;color:#ffffff\" xmlns=\"http:\/\/www.w3.org\/2000\/svg\" class=\"list-377408\" width=\"20px\" height=\"20px\" viewBox=\"0 0 24 24\" fill=\"none\"><path d=\"M6 6H4v2h2V6zm14 0H8v2h12V6zM4 11h2v2H4v-2zm16 0H8v2h12v-2zM4 16h2v2H4v-2zm16 0H8v2h12v-2z\" fill=\"currentColor\"><\/path><\/svg><svg style=\"fill: #ffffff;color:#ffffff\" class=\"arrow-unsorted-368013\" xmlns=\"http:\/\/www.w3.org\/2000\/svg\" width=\"10px\" height=\"10px\" viewBox=\"0 0 24 24\" version=\"1.2\" baseProfile=\"tiny\"><path d=\"M18.2 9.3l-6.2-6.3-6.2 6.3c-.2.2-.3.4-.3.7s.1.5.3.7c.2.2.4.3.7.3h11c.3 0 .5-.1.7-.3.2-.2.3-.5.3-.7s-.1-.5-.3-.7zM5.8 14.7l6.2 6.3 6.2-6.3c.2-.2.3-.5.3-.7s-.1-.5-.3-.7c-.2-.2-.4-.3-.7-.3h-11c-.3 0-.5.1-.7.3-.2.2-.3.5-.3.7s.1.5.3.7z\"\/><\/svg><\/span><\/span><\/span><\/a><\/span><\/div>\n<nav><ul class='ez-toc-list ez-toc-list-level-1 eztoc-toggle-hide-by-default' ><li class='ez-toc-page-1 ez-toc-heading-level-2'><a class=\"ez-toc-link ez-toc-heading-1\" href=\"https:\/\/www.turna.com\/blog\/usak-gezilecek-yerler\/#anadolunun_kavsak_noktasi_usaka_genel_bakis\" >Anadolu\u2019nun Kav\u015fak Noktas\u0131 U\u015fak\u2019a Genel Bak\u0131\u015f<\/a><\/li><li class='ez-toc-page-1 ez-toc-heading-level-2'><a class=\"ez-toc-link ez-toc-heading-2\" href=\"https:\/\/www.turna.com\/blog\/usak-gezilecek-yerler\/#usak_gezisinde_gorulecek_15_turistik_adres\" >U\u015fak Gezisinde G\u00f6r\u00fclecek 15 Turistik Adres<\/a><ul class='ez-toc-list-level-3' ><li class='ez-toc-heading-level-3'><a class=\"ez-toc-link ez-toc-heading-3\" href=\"https:\/\/www.turna.com\/blog\/usak-gezilecek-yerler\/#1_clandiras_koprusu\" >1. Cland\u0131ras K\u00f6pr\u00fcs\u00fc<\/a><\/li><li class='ez-toc-page-1 ez-toc-heading-level-3'><a class=\"ez-toc-link ez-toc-heading-4\" href=\"https:\/\/www.turna.com\/blog\/usak-gezilecek-yerler\/#2_sebaste_selcikler\" >2. Sebaste (Sel\u00e7ikler)<\/a><\/li><li class='ez-toc-page-1 ez-toc-heading-level-3'><a class=\"ez-toc-link ez-toc-heading-5\" href=\"https:\/\/www.turna.com\/blog\/usak-gezilecek-yerler\/#3_ulubey_kanyonlari\" >3. Ulubey Kanyonlar\u0131<\/a><\/li><li class='ez-toc-page-1 ez-toc-heading-level-3'><a class=\"ez-toc-link ez-toc-heading-6\" href=\"https:\/\/www.turna.com\/blog\/usak-gezilecek-yerler\/#4_usak_evleri\" >4. U\u015fak Evleri<\/a><\/li><li class='ez-toc-page-1 ez-toc-heading-level-3'><a class=\"ez-toc-link ez-toc-heading-7\" href=\"https:\/\/www.turna.com\/blog\/usak-gezilecek-yerler\/#5_tasyaran_vadisi\" >5. Ta\u015fyaran Vadisi<\/a><\/li><li class='ez-toc-page-1 ez-toc-heading-level-3'><a class=\"ez-toc-link ez-toc-heading-8\" href=\"https:\/\/www.turna.com\/blog\/usak-gezilecek-yerler\/#6_gogem_goleti\" >6. G\u00f6\u011fem G\u00f6leti<\/a><\/li><li class='ez-toc-page-1 ez-toc-heading-level-3'><a class=\"ez-toc-link ez-toc-heading-9\" href=\"https:\/\/www.turna.com\/blog\/usak-gezilecek-yerler\/#7_usak_ataturk_ve_etnografya_muzesi\" >7. U\u015fak Atat\u00fcrk ve Etnografya M\u00fczesi<\/a><\/li><li class='ez-toc-page-1 ez-toc-heading-level-3'><a class=\"ez-toc-link ez-toc-heading-10\" href=\"https:\/\/www.turna.com\/blog\/usak-gezilecek-yerler\/#8_burmali_camii\" >8. Burmal\u0131 Camii<\/a><\/li><li class='ez-toc-page-1 ez-toc-heading-level-3'><a class=\"ez-toc-link ez-toc-heading-11\" href=\"https:\/\/www.turna.com\/blog\/usak-gezilecek-yerler\/#9_aksaz_kaplicasi\" >9. Aksaz Kapl\u0131cas\u0131<\/a><\/li><li class='ez-toc-page-1 ez-toc-heading-level-3'><a class=\"ez-toc-link ez-toc-heading-12\" href=\"https:\/\/www.turna.com\/blog\/usak-gezilecek-yerler\/#10_usak_arkeoloji_muzesi\" >10. U\u015fak Arkeoloji M\u00fczesi<\/a><\/li><li class='ez-toc-page-1 ez-toc-heading-level-3'><a class=\"ez-toc-link ez-toc-heading-13\" href=\"https:\/\/www.turna.com\/blog\/usak-gezilecek-yerler\/#11_usak_ulu_camii\" >11. U\u015fak Ulu Camii<\/a><\/li><li class='ez-toc-page-1 ez-toc-heading-level-3'><a class=\"ez-toc-link ez-toc-heading-14\" href=\"https:\/\/www.turna.com\/blog\/usak-gezilecek-yerler\/#12_usak_bedesteni\" >12. U\u015fak Bedesteni<\/a><\/li><li class='ez-toc-page-1 ez-toc-heading-level-3'><a class=\"ez-toc-link ez-toc-heading-15\" href=\"https:\/\/www.turna.com\/blog\/usak-gezilecek-yerler\/#13_tren_gari\" >13. Tren Gar\u0131<\/a><\/li><li class='ez-toc-page-1 ez-toc-heading-level-3'><a class=\"ez-toc-link ez-toc-heading-16\" href=\"https:\/\/www.turna.com\/blog\/usak-gezilecek-yerler\/#14_blaundus_antik_kenti\" >14. Blaundus Antik Kenti<\/a><\/li><li class='ez-toc-page-1 ez-toc-heading-level-3'><a class=\"ez-toc-link ez-toc-heading-17\" href=\"https:\/\/www.turna.com\/blog\/usak-gezilecek-yerler\/#15_cimcim_cesmesi\" >15. Cimcim \u00c7e\u015fmesi<\/a><\/li><\/ul><\/li><li class='ez-toc-page-1 ez-toc-heading-level-2'><a class=\"ez-toc-link ez-toc-heading-18\" href=\"https:\/\/www.turna.com\/blog\/usak-gezilecek-yerler\/#usaka_nasil_gidilir\" >U\u015fak\u2019a Nas\u0131l Gidilir?<\/a><\/li><li class='ez-toc-page-1 ez-toc-heading-level-2'><a class=\"ez-toc-link ez-toc-heading-19\" href=\"https:\/\/www.turna.com\/blog\/usak-gezilecek-yerler\/#%f0%9f%97%93%ef%b8%8f_2_gunluk_usak_kesfi_rehberi\" >\ud83d\uddd3\ufe0f 2 G\u00fcnl\u00fck U\u015fak Ke\u015ffi Rehberi<\/a><\/li><\/ul><\/nav><\/div>\n\n<p>U\u015fak, Ege B\u00f6lgesi\u2019nin gizli hazinelerinden biri olarak hem k\u00fclt\u00fcr hem de do\u011fa tutkunlar\u0131na b\u00fcy\u00fcleyici bir yolculuk vadediyor. \u0130lk yerle\u015fim izlerinin M\u00d6 4000\u2019lere kadar uzand\u0131\u011f\u0131 bu kadim topraklar, Bronz \u00c7a\u011f\u0131\u2019ndan itibaren g\u00fcnden g\u00fcne \u00f6nem kazanm\u0131\u015f. Hititlerden Perslere, Lidyal\u0131lardan Bizans\u2019a kadar pek \u00e7ok uygarl\u0131\u011fa ev sahipli\u011fi yapan \u015fehir, bir tarih mozai\u011fini and\u0131r\u0131yor. Antik d\u00f6nem kal\u0131nt\u0131lar\u0131yla Osmanl\u0131 eserlerini ayn\u0131 \u015fehirde g\u00f6rmek, ge\u00e7mi\u015fle bug\u00fcn aras\u0131nda etkileyici bir k\u00f6pr\u00fc rol\u00fc \u00fcstleniyor. 1953\u2019te il stat\u00fcs\u00fcne kavu\u015fan U\u015fak, g\u00fcn\u00fcm\u00fczde de do\u011fal g\u00fczellikleri ve tarihi dokusuyla ziyaret\u00e7ilerini hem ke\u015ffetmeye hem de hayranl\u0131kla izlemeye davet ediyor. Bu \u00f6zel destinasyonu daha yak\u0131ndan tan\u0131maya haz\u0131rsan\u0131z, U\u015fak\u2019\u0131n en g\u00f6zde rotalar\u0131na uzanan \u00f6n ke\u015ffimiz ba\u015fl\u0131yor!<\/p>\n\n\n\n<h2 class=\"wp-block-heading\"><span class=\"ez-toc-section\" id=\"anadolunun_kavsak_noktasi_usaka_genel_bakis\"><\/span><strong>Anadolu\u2019nun Kav\u015fak Noktas\u0131 U\u015fak\u2019a Genel Bak\u0131\u015f<\/strong><span class=\"ez-toc-section-end\"><\/span><\/h2>\n\n\n\n<figure class=\"wp-block-image size-full is-resized\"><img width=\"800\" height=\"500\" data-public-id=\"Usak-Halisi_trcge3\/Usak-Halisi_trcge3.jpg\" fetchpriority=\"high\" decoding=\"async\" src=\"https:\/\/res.cloudinary.com\/turna\/images\/w_800,h_500,c_scale\/f_auto,q_auto\/f_auto,q_auto:low\/v1482514460\/Usak-Halisi_trcge3\/Usak-Halisi_trcge3.jpg?_i=AA\" alt=\"\" class=\"wp-post-25032 wp-image-5816\" style=\"width:1200px;height:auto\" data-format=\"jpg\" data-transformations=\"f_auto,q_auto\/f_auto,q_auto:low\" data-version=\"1482514460\" data-seo=\"1\" srcset=\"https:\/\/res.cloudinary.com\/turna\/images\/f_auto,q_auto\/f_auto,q_auto\/f_auto,q_auto:low\/v1482514460\/Usak-Halisi_trcge3\/Usak-Halisi_trcge3.jpg?_i=AA 800w, https:\/\/res.cloudinary.com\/turna\/images\/w_300,h_188,c_scale\/f_auto,q_auto\/f_auto,q_auto\/f_auto,q_auto:low\/v1482514460\/Usak-Halisi_trcge3\/Usak-Halisi_trcge3.jpg?_i=AA 300w, https:\/\/res.cloudinary.com\/turna\/images\/w_672,h_420,c_scale\/f_auto,q_auto\/f_auto,q_auto\/f_auto,q_auto:low\/v1482514460\/Usak-Halisi_trcge3\/Usak-Halisi_trcge3.jpg?_i=AA 672w, https:\/\/res.cloudinary.com\/turna\/images\/w_640,h_400,c_scale\/f_auto,q_auto\/f_auto,q_auto\/f_auto,q_auto:low\/v1482514460\/Usak-Halisi_trcge3\/Usak-Halisi_trcge3.jpg?_i=AA 640w, https:\/\/res.cloudinary.com\/turna\/images\/w_681,h_426,c_scale\/f_auto,q_auto\/f_auto,q_auto\/f_auto,q_auto:low\/v1482514460\/Usak-Halisi_trcge3\/Usak-Halisi_trcge3.jpg?_i=AA 681w\" sizes=\"(max-width: 800px) 100vw, 800px\" \/><\/figure>\n\n\n\n<p>Antik D\u00f6nem\u2019de Temenothyrea ismiyle an\u0131lan U\u015fak, M\u00d6 4,000 y\u0131l\u0131na uzanan tarihi ge\u00e7mi\u015fi ile Anadolu\u2019nun en eski yerle\u015fim yerlerinden biri. Ege B\u00f6lgesi ile \u0130\u00e7 Anadolu B\u00f6lgesi\u2019nin birbirine ba\u011flayan g\u00fczerg\u00e2hta bulunan U\u015fak, kara yolu ve demir yolu kav\u015fa\u011f\u0131 g\u00f6r\u00fcn\u00fcm\u00fcnde. Anadolu\u2019nun i\u00e7iyle bat\u0131s\u0131n\u0131 birbirinden ay\u0131ran ve bu ba\u011flant\u0131y\u0131 \u00fczerinden sa\u011flayan \u015fehir, T\u00fcrkiye Cumhuriyeti\u2019nin ilklerine sahne olmu\u015f y\u0131llar boyunca. T\u00fcrkiye\u2019de elektri\u011fi ilk kullanan \u015fehir, 1926 y\u0131l\u0131nda ilk \u015feker fabrikas\u0131n\u0131n a\u00e7\u0131ld\u0131\u011f\u0131 yer olma unvan\u0131n\u0131 ta\u015f\u0131yan \u015fehir, \u00fclkemizin ilk ihracat yapan \u015fehirleri aras\u0131nda. 19. y\u00fczy\u0131lda tezgahta hal\u0131 dokunan bir kasaba g\u00f6r\u00fcn\u00fcm\u00fcndeki kent, Cumhuriyet\u2019in ilk y\u0131llar\u0131nda sanayisi ile kendinden s\u00f6z ettirmeyi ba\u015farm\u0131\u015f. Hal\u0131 ve kilim dokumada \u00fcnl\u00fc olan kadim \u015fehir, geleneksel lezzetleri ile de \u00f6n planda.<\/p>\n\n\n\n<h2 class=\"wp-block-heading\"><span class=\"ez-toc-section\" id=\"usak_gezisinde_gorulecek_15_turistik_adres\"><\/span>U\u015fak Gezisinde G\u00f6r\u00fclecek 15 Turistik Adres<span class=\"ez-toc-section-end\"><\/span><\/h2>\n\n\n\n<figure class=\"wp-block-image size-full is-resized\"><img width=\"800\" height=\"500\" data-public-id=\"ulubey_kanyonu_uj2s7r\/ulubey_kanyonu_uj2s7r.jpg\" decoding=\"async\" src=\"https:\/\/res.cloudinary.com\/turna\/images\/w_800,h_500,c_scale\/f_auto,q_auto:low\/v1651100400\/ulubey_kanyonu_uj2s7r\/ulubey_kanyonu_uj2s7r.jpg?_i=AA\" alt=\"ulubey kanyonu\" class=\"wp-post-25032 wp-image-20873\" style=\"width:1200px;height:auto\" data-format=\"jpg\" data-transformations=\"f_auto,q_auto:low\" data-version=\"1651100400\" data-seo=\"1\" srcset=\"https:\/\/res.cloudinary.com\/turna\/images\/f_auto,q_auto:low\/v1651100400\/ulubey_kanyonu_uj2s7r\/ulubey_kanyonu_uj2s7r.jpg?_i=AA 800w, https:\/\/res.cloudinary.com\/turna\/images\/w_300,h_188,c_scale\/f_auto,q_auto:low\/v1651100400\/ulubey_kanyonu_uj2s7r\/ulubey_kanyonu_uj2s7r.jpg?_i=AA 300w, https:\/\/res.cloudinary.com\/turna\/images\/w_672,h_420,c_scale\/f_auto,q_auto:low\/v1651100400\/ulubey_kanyonu_uj2s7r\/ulubey_kanyonu_uj2s7r.jpg?_i=AA 672w, https:\/\/res.cloudinary.com\/turna\/images\/w_640,h_400,c_scale\/f_auto,q_auto:low\/v1651100400\/ulubey_kanyonu_uj2s7r\/ulubey_kanyonu_uj2s7r.jpg?_i=AA 640w, https:\/\/res.cloudinary.com\/turna\/images\/w_681,h_426,c_scale\/f_auto,q_auto:low\/v1651100400\/ulubey_kanyonu_uj2s7r\/ulubey_kanyonu_uj2s7r.jpg?_i=AA 681w\" sizes=\"(max-width: 800px) 100vw, 800px\" \/><\/figure>\n\n\n\n<p>Geleneksel el sanatlar\u0131, leziz yemekleri ile \u00f6ne \u00e7\u0131kan mutfa\u011f\u0131n\u0131n yan\u0131 s\u0131ra birbirinden etkileyici tarihi ve do\u011fal g\u00fczellikleriyle de\u00a0<a href=\"https:\/\/www.turna.com\/blog\/turkiye\" target=\"_blank\" rel=\"noreferrer noopener\">T\u00fcrkiye<\/a>\u2018nin \u00f6nemli yerle\u015fim yerlerinden biri olan\u00a0U\u015fak, turistlerin ilgisini \u00e7ekecek cazip se\u00e7eneklere ev sahipli\u011fi yap\u0131yor. \u0130\u015fte U\u015fak ziyaretinde g\u00f6rebilece\u011finiz e\u015fsiz turistik adreslerden baz\u0131lar\u0131.<\/p>\n\n\n\n<h3 class=\"wp-block-heading\"><span class=\"ez-toc-section\" id=\"1_clandiras_koprusu\"><\/span><strong>1. <strong>Cland\u0131ras K\u00f6pr\u00fcs\u00fc<\/strong><\/strong><span class=\"ez-toc-section-end\"><\/span><\/h3>\n\n\n\n<figure class=\"wp-block-image is-resized\"><img width=\"800\" height=\"500\" data-public-id=\"Clandras-Usak_a7nwjg\/Clandras-Usak_a7nwjg.jpg\" decoding=\"async\" src=\"https:\/\/res.cloudinary.com\/turna\/images\/w_800,h_500,c_scale\/f_auto,q_auto:low\/v1482250616\/Clandras-Usak_a7nwjg\/Clandras-Usak_a7nwjg.jpg?_i=AA\" alt=\"\" class=\"wp-post-25032 wp-image-5780\" style=\"width:1200px;height:auto\" data-format=\"jpg\" data-transformations=\"f_auto,q_auto:low\" data-version=\"1482250616\" data-seo=\"1\" srcset=\"https:\/\/res.cloudinary.com\/turna\/images\/f_auto,q_auto:low\/v1482250616\/Clandras-Usak_a7nwjg\/Clandras-Usak_a7nwjg.jpg?_i=AA 800w, https:\/\/res.cloudinary.com\/turna\/images\/w_300,h_188,c_scale\/f_auto,q_auto:low\/v1482250616\/Clandras-Usak_a7nwjg\/Clandras-Usak_a7nwjg.jpg?_i=AA 300w, https:\/\/res.cloudinary.com\/turna\/images\/w_672,h_420,c_scale\/f_auto,q_auto:low\/v1482250616\/Clandras-Usak_a7nwjg\/Clandras-Usak_a7nwjg.jpg?_i=AA 672w, https:\/\/res.cloudinary.com\/turna\/images\/w_640,h_400,c_scale\/f_auto,q_auto:low\/v1482250616\/Clandras-Usak_a7nwjg\/Clandras-Usak_a7nwjg.jpg?_i=AA 640w, https:\/\/res.cloudinary.com\/turna\/images\/w_681,h_426,c_scale\/f_auto,q_auto:low\/v1482250616\/Clandras-Usak_a7nwjg\/Clandras-Usak_a7nwjg.jpg?_i=AA 681w\" sizes=\"(max-width: 800px) 100vw, 800px\" \/><\/figure>\n\n\n\n<p>Banaz \u00c7ay\u0131 \u00fczerinde yer alan Cland\u0131ras K\u00f6pr\u00fcs\u00fc, Lidyal\u0131lar taraf\u0131ndan kral yolu \u00fczerinde su kemeri olarak yapt\u0131r\u0131lm\u0131\u015f. Roma d\u00f6nemine ait ge\u00e7kili ta\u015flardan olu\u015fan k\u00f6pr\u00fc, etkileyici g\u00f6r\u00fcn\u00fcm\u00fc ile foto\u011fraf merakl\u0131lar\u0131n\u0131 da cezbediyor. Karahall\u0131 il\u00e7esinde yer alan k\u00f6pr\u00fc, Banaz \u00c7ay\u0131 \u00fczerine yakla\u015f\u0131k 2500 y\u0131l \u00f6nce in\u015fa edilmi\u015f.<\/p>\n\n\n\n<h3 class=\"wp-block-heading\"><span class=\"ez-toc-section\" id=\"2_sebaste_selcikler\"><\/span><strong>2. <b>Sebaste (Sel\u00e7ikler)<\/b><\/strong><span class=\"ez-toc-section-end\"><\/span><\/h3>\n\n\n\n<p>Sivasl\u0131 il\u00e7esinin yakla\u015f\u0131k iki kilometre g\u00fcneybat\u0131s\u0131nda konumlanan Sebaste \u015fehri, Roma \u0130mparatoru Augustus taraf\u0131ndan Milattan \u00d6nce 20 y\u0131l\u0131nda Sebaste ad\u0131yla kurulmu\u015f. Roma D\u00f6nemi\u2019nde in\u015fa edilen 12 \u00f6nemli \u015fehirden biri olarak an\u0131lan ve Milattan Sonra 9. y\u00fczy\u0131lda yak\u0131n \u00e7evresindeki kentlerin piskoposluk merkezi haline gelen \u015fehir, b\u00f6lgenin en \u00f6nemli tarihi yerlerinden biri olarak dikkat \u00e7ekiyor.<\/p>\n\n\n\n<h3 class=\"wp-block-heading\"><span class=\"ez-toc-section\" id=\"3_ulubey_kanyonlari\"><\/span><strong>3. Ulubey Kanyonlar\u0131<\/strong><span class=\"ez-toc-section-end\"><\/span><\/h3>\n\n\n\n<figure class=\"wp-block-image is-resized\"><img width=\"800\" height=\"500\" data-public-id=\"Ulubey-Kanyon_esbct7\/Ulubey-Kanyon_esbct7.jpg\" loading=\"lazy\" decoding=\"async\" src=\"https:\/\/res.cloudinary.com\/turna\/images\/w_800,h_500,c_scale\/f_auto,q_auto:low\/v1482250562\/Ulubey-Kanyon_esbct7\/Ulubey-Kanyon_esbct7.jpg?_i=AA\" alt=\"\" class=\"wp-post-25032 wp-image-5776\" style=\"width:1200px;height:auto\" data-format=\"jpg\" data-transformations=\"f_auto,q_auto:low\" data-version=\"1482250562\" data-seo=\"1\" srcset=\"https:\/\/res.cloudinary.com\/turna\/images\/f_auto,q_auto:low\/v1482250562\/Ulubey-Kanyon_esbct7\/Ulubey-Kanyon_esbct7.jpg?_i=AA 800w, https:\/\/res.cloudinary.com\/turna\/images\/w_300,h_188,c_scale\/f_auto,q_auto:low\/v1482250562\/Ulubey-Kanyon_esbct7\/Ulubey-Kanyon_esbct7.jpg?_i=AA 300w, https:\/\/res.cloudinary.com\/turna\/images\/w_672,h_420,c_scale\/f_auto,q_auto:low\/v1482250562\/Ulubey-Kanyon_esbct7\/Ulubey-Kanyon_esbct7.jpg?_i=AA 672w, https:\/\/res.cloudinary.com\/turna\/images\/w_640,h_400,c_scale\/f_auto,q_auto:low\/v1482250562\/Ulubey-Kanyon_esbct7\/Ulubey-Kanyon_esbct7.jpg?_i=AA 640w, https:\/\/res.cloudinary.com\/turna\/images\/w_681,h_426,c_scale\/f_auto,q_auto:low\/v1482250562\/Ulubey-Kanyon_esbct7\/Ulubey-Kanyon_esbct7.jpg?_i=AA 681w\" sizes=\"(max-width: 800px) 100vw, 800px\" \/><\/figure>\n\n\n\n<p>U\u015fak&#8217;\u0131n g\u00fcney ve g\u00fcneybat\u0131 kesiminde yer alan 72 kilometre uzunlu\u011fundaki Ulubey Kanyonlar\u0131,\u00a0Ulubey \u00c7ay\u0131 ve Banaz \u00c7ay\u0131 boyunca devam eden ana kanyona ba\u011fl\u0131 onlarca b\u00fcy\u00fck kanyondan olu\u015fuyor. Amerika&#8217;daki B\u00fcy\u00fck Kanyon&#8217;dan sonra d\u00fcnyan\u0131n en b\u00fcy\u00fck 2. kanyonu olan Ulubey Kanyonlar\u0131, \u015fehirdeki turizmi canland\u0131ran en \u00f6nemli do\u011fal g\u00fczelliklerden.<\/p>\n\n\n\n<h3 class=\"wp-block-heading\"><span class=\"ez-toc-section\" id=\"4_usak_evleri\"><\/span><strong>4. U\u015fak Evleri<\/strong><span class=\"ez-toc-section-end\"><\/span><\/h3>\n\n\n\n<p>Gazi Bulvar\u0131\u2019n\u0131n ikiye ay\u0131rd\u0131\u011f\u0131 \u015fehirde bu bulvar \u015fehrin tarihi b\u00f6lgesi ile modern y\u00fcz\u00fcn\u00fcn tam ortas\u0131ndan ge\u00e7iyor. Osmanl\u0131 izlerini ta\u015f\u0131yan U\u015fak Evleri bulvar\u0131n \u00fcst k\u0131sm\u0131ndaki mahallelerde s\u0131ralan\u0131yor. Aybey, Kurtulu\u015f, Karaa\u011fa\u00e7 ve I\u015f\u0131k mahalleleri Osmanl\u0131 izlerinin hala g\u00f6r\u00fclebildi\u011fi noktalar.\u00a0 Birinci katlar\u0131 ta\u015ftan, ikinci katlar\u0131 ah\u015faptan olan cumbal\u0131 evler, K\u00fclt\u00fcr ve Turizm Bakanl\u0131\u011f\u0131\u2019n\u0131n korumas\u0131 alt\u0131nda. G\u00fcn\u00fcm\u00fczde U\u015fak\u2019ta 86 tescilli U\u015fak evi bulunuyor. U\u015fak Evleri\u2019nin genellikle birinci katlar\u0131 ta\u015ftan, ikinci kat\u0131 ah\u015fap, cumbal\u0131, be\u015fik \u00e7at\u0131l\u0131 ve ba\u011fdadi s\u0131vayla yap\u0131lm\u0131\u015f kiremitli. Bu evler K\u00fclt\u00fcr Bakanl\u0131\u011f\u0131\u2019nca koruma alt\u0131na al\u0131nm\u0131\u015f durumda. Kentte tescilli toplam 86 eski U\u015fak evi bulunuyor.<\/p>\n\n\n\n<p>Ke\u015ffinize renk katacak otantik temalarla bezeli ya da modern tasar\u0131m\u0131yla g\u00f6rsel bir \u015f\u00f6len vadeden konaklama alternatifleri Turna&#8217;n\u0131n <strong><a href=\"https:\/\/www.turna.com\/otel\/usak\" data-type=\"link\" data-id=\"https:\/\/www.turna.com\/otel\/usak\">U\u015fak otelleri<\/a><\/strong> sayfas\u0131nda ke\u015ffinizi bekliyor!<\/p>\n\n\n\n<h3 class=\"wp-block-heading\"><span class=\"ez-toc-section\" id=\"5_tasyaran_vadisi\"><\/span><strong>5. Ta\u015fyaran Vadis<\/strong>i<span class=\"ez-toc-section-end\"><\/span><\/h3>\n\n\n\n<figure class=\"wp-block-image size-full is-resized\"><img width=\"800\" height=\"500\" data-public-id=\"u\u015fak_ta\u015fyaran_vadisi\/u\u015fak_ta\u015fyaran_vadisi.jpg\" loading=\"lazy\" decoding=\"async\" src=\"https:\/\/res.cloudinary.com\/turna\/images\/w_800,h_500,c_scale\/f_auto,q_auto:low\/v1661782119\/u\u015fak_ta\u015fyaran_vadisi\/u\u015fak_ta\u015fyaran_vadisi.jpg?_i=AA\" alt=\"ta\u015fyaran vadisi\" class=\"wp-post-25032 wp-image-21098\" style=\"width:1200px;height:auto\" data-format=\"jpg\" data-transformations=\"f_auto,q_auto:low\" data-version=\"1661782119\" data-seo=\"1\" srcset=\"https:\/\/res.cloudinary.com\/turna\/images\/f_auto,q_auto:low\/v1661782119\/u\u015fak_ta\u015fyaran_vadisi\/u\u015fak_ta\u015fyaran_vadisi.jpg?_i=AA 800w, https:\/\/res.cloudinary.com\/turna\/images\/w_300,h_188,c_scale\/f_auto,q_auto:low\/v1661782119\/u\u015fak_ta\u015fyaran_vadisi\/u\u015fak_ta\u015fyaran_vadisi.jpg?_i=AA 300w, https:\/\/res.cloudinary.com\/turna\/images\/w_672,h_420,c_scale\/f_auto,q_auto:low\/v1661782119\/u\u015fak_ta\u015fyaran_vadisi\/u\u015fak_ta\u015fyaran_vadisi.jpg?_i=AA 672w, https:\/\/res.cloudinary.com\/turna\/images\/w_640,h_400,c_scale\/f_auto,q_auto:low\/v1661782119\/u\u015fak_ta\u015fyaran_vadisi\/u\u015fak_ta\u015fyaran_vadisi.jpg?_i=AA 640w, https:\/\/res.cloudinary.com\/turna\/images\/w_681,h_426,c_scale\/f_auto,q_auto:low\/v1661782119\/u\u015fak_ta\u015fyaran_vadisi\/u\u015fak_ta\u015fyaran_vadisi.jpg?_i=AA 681w\" sizes=\"(max-width: 800px) 100vw, 800px\" \/><\/figure>\n\n\n\n<p>\u015eehir merkezine ortalama 50 kilometre uzakl\u0131kta U\u015fak-\u0130zmir Karayolu \u00fczerinde bulunan Ta\u015fyaran Vadisi, Gediz Nehri\u2019nin \u00e7evredeki ta\u015flar\u0131 a\u015f\u0131nd\u0131rmas\u0131yla meydana gelen jeolojik bir olu\u015fum. \u00d6zellikle bahar ve yaz aylar\u0131nda g\u00f6z al\u0131c\u0131 bir g\u00fczelli\u011fe b\u00fcr\u00fcnen vadi, do\u011fa y\u00fcr\u00fcy\u00fc\u015fleri yapmak isteyenler i\u00e7in de olduk\u00e7a cazip.<\/p>\n\n\n\n<h3 class=\"wp-block-heading\"><span class=\"ez-toc-section\" id=\"6_gogem_goleti\"><\/span><strong>6. G\u00f6\u011fem G\u00f6leti<\/strong><span class=\"ez-toc-section-end\"><\/span><\/h3>\n\n\n\n<p>G\u00f6\u011fem G\u00f6leti, U\u015fak\u2019ta do\u011fayla ba\u015f ba\u015fa kalmak isteyenler i\u00e7in sakin bir ka\u00e7\u0131\u015f noktas\u0131 olarak dikkat \u00e7ekiyor. G\u00f6letin etraf\u0131nda y\u00fcr\u00fcy\u00fc\u015f yapabilir, ku\u015f sesleri e\u015fli\u011finde huzurlu anlar\u0131n tad\u0131n\u0131 \u00e7\u0131karabilirsiniz. Do\u011fan\u0131n dinginli\u011fiyle bulu\u015fmak ve sevdiklerinizle keyifli vakit ge\u00e7irmek i\u00e7in de ideal bir durak.<\/p>\n\n\n\n<h3 class=\"wp-block-heading\"><span class=\"ez-toc-section\" id=\"7_usak_ataturk_ve_etnografya_muzesi\"><\/span><strong>7. U\u015fak Atat\u00fcrk ve Etnografya M\u00fczesi<\/strong><span class=\"ez-toc-section-end\"><\/span><\/h3>\n\n\n\n<p>U\u015fak Atat\u00fcrk ve Etnografya M\u00fczesi, Kurtulu\u015f Sava\u015f\u0131\u2019nda Atat\u00fcrk\u2019\u00fcn konaklad\u0131\u011f\u0131 tarihi konakta ziyaret\u00e7ilerini a\u011f\u0131rl\u0131yor. Alt katta U\u015fak hal\u0131lar\u0131, E\u015fme kilimleri ve y\u00f6resel eserler sergileniyor. \u00dcst katta ise Atat\u00fcrk\u2019e ait \u00f6zel e\u015fyalar yer al\u0131yor. Tarih ve k\u00fclt\u00fcr\u00fc bir arada ke\u015ffetmek isteyenler i\u00e7in U\u015fak Atat\u00fcrk ve Etnografya M\u00fczesi mutlaka g\u00f6r\u00fclmesi gereken bir durak.<\/p>\n\n\n\n<h3 class=\"wp-block-heading\"><span class=\"ez-toc-section\" id=\"8_burmali_camii\"><\/span><strong>8. Burmal\u0131 Camii<\/strong><span class=\"ez-toc-section-end\"><\/span><\/h3>\n\n\n\n<p>Burmal\u0131 Camii, U\u015fak merkezinde Bat\u0131 etkileriyle \u015fekillenmi\u015f mimarisiyle dikkat \u00e7eken ender yap\u0131lardan biri olarak \u00f6ne \u00e7\u0131k\u0131yor. 19. y\u00fczy\u0131ldan bug\u00fcne ula\u015fan cami, Evliya \u00c7elebi\u2019nin Seyahatnamesi\u2019nde de an\u0131lmas\u0131yla tarihi \u00f6nemini peki\u015ftiriyor. <\/p>\n\n\n\n<h3 class=\"wp-block-heading\"><span class=\"ez-toc-section\" id=\"9_aksaz_kaplicasi\"><\/span><strong>9. Aksaz Kapl\u0131cas\u0131<\/strong><span class=\"ez-toc-section-end\"><\/span><\/h3>\n\n\n\n<p>Aksaz Kapl\u0131cas\u0131, Ulubey il\u00e7esine ba\u011fl\u0131 Aksaz K\u00f6y\u00fc\u2019nde ziyaret\u00e7ilerini a\u011f\u0131rl\u0131yor. 39 derece s\u0131cakl\u0131ktaki mineralli sular\u0131yla dinlendirici ve faydal\u0131 bir deneyim sunuyor. U\u015fak gezinizde yorgunlu\u011funuzu atmak ve do\u011fayla i\u00e7 i\u00e7e huzurlu anlar ya\u015famak i\u00e7in bu kapl\u0131ca ideal bir durak.<\/p>\n\n\n\n<h3 class=\"wp-block-heading\"><span class=\"ez-toc-section\" id=\"10_usak_arkeoloji_muzesi\"><\/span><strong>10. U\u015fak Arkeoloji M\u00fczesi<\/strong><span class=\"ez-toc-section-end\"><\/span><\/h3>\n\n\n\n<p>U\u015fak Arkeoloji M\u00fczesi, zengin koleksiyonlar\u0131yla \u015fehrin binlerce y\u0131ll\u0131k tarihini g\u00f6zler \u00f6n\u00fcne seriyor. \u00d6zellikle Lidya Uygarl\u0131\u011f\u0131\u2019na ait d\u00fcnyaca \u00fcnl\u00fc Karun Hazinesi, m\u00fczenin en dikkat \u00e7ekici b\u00f6l\u00fcm\u00fc olarak gezginlerin be\u011fenisini topluyor. Antik d\u00f6nemden Roma\u2019ya uzanan eserleriyle buras\u0131, tarih merakl\u0131lar\u0131 i\u00e7in unutulmaz bir ke\u015fif noktas\u0131.<\/p>\n\n\n\n<h3 class=\"wp-block-heading\"><span class=\"ez-toc-section\" id=\"11_usak_ulu_camii\"><\/span><strong>11. U\u015fak Ulu Camii<\/strong><span class=\"ez-toc-section-end\"><\/span><\/h3>\n\n\n\n<p>U\u015fak Ulu Camii, 15. y\u00fczy\u0131lda in\u015fa edilmi\u015f ve k\u00f6kl\u00fc ge\u00e7mi\u015fiyle \u015fehrin en \u00f6nemli dini yap\u0131lar\u0131  aras\u0131nda bulunuyor. Osmanl\u0131 mimarisinin zarif \u00e7izgilerini ta\u015f\u0131yan cami, ah\u015fap s\u00fcslemeleri ve ta\u015f i\u015f\u00e7ili\u011fiyle dikkat \u00e7ekiyor.<\/p>\n\n\n\n<h3 class=\"wp-block-heading\"><span class=\"ez-toc-section\" id=\"12_usak_bedesteni\"><\/span><strong>12. U\u015fak Bedesteni<\/strong><span class=\"ez-toc-section-end\"><\/span><\/h3>\n\n\n\n<p>U\u015fak Bedesteni, Osmanl\u0131 d\u00f6neminden g\u00fcn\u00fcm\u00fcze uzanan ticaret k\u00fclt\u00fcr\u00fcn\u00fcn canl\u0131 bir yans\u0131mas\u0131 olarak dikkat \u00e7ekici bir ke\u015fif vadediyor. \u0130talyan bir mimar taraf\u0131ndan in\u015fa edilen bu iki katl\u0131 ta\u015f yap\u0131, ge\u00e7mi\u015fte sarraflar \u00e7ar\u015f\u0131s\u0131 olarak kullan\u0131lm\u0131\u015f. <\/p>\n\n\n\n<h3 class=\"wp-block-heading\"><span class=\"ez-toc-section\" id=\"13_tren_gari\"><\/span><strong>13. Tren Gar\u0131<\/strong><span class=\"ez-toc-section-end\"><\/span><\/h3>\n\n\n\n<p>U\u015fak Tren Gar\u0131, 1890\u2019larda Frans\u0131zlar taraf\u0131ndan in\u015fa edilmi\u015f ve Kurtulu\u015f Sava\u015f\u0131\u2019n\u0131n izlerini ta\u015f\u0131yan \u00f6nemli yap\u0131lardan biri. Tarihi atmosferiyle \u00f6ne \u00e7\u0131kan gar, g\u00fcn\u00fcm\u00fczde hala \u00e7al\u0131\u015f\u0131r durumda bulunan buharl\u0131 trenlere ev sahipli\u011fi yap\u0131yor. Hem nostaljik bir yolculuk hissi hem de etkileyici foto\u011fraf kareleri i\u00e7in mutlaka \u015fans verilmesi gereken bir durak.<\/p>\n\n\n\n<h3 class=\"wp-block-heading\"><span class=\"ez-toc-section\" id=\"14_blaundus_antik_kenti\"><\/span><strong>14. Blaundus Antik Kenti<\/strong><span class=\"ez-toc-section-end\"><\/span><\/h3>\n\n\n\n<p>Blaundus Antik Kenti, U\u015fak\u2019\u0131n Sivasl\u0131 il\u00e7esinde Helenistik D\u00f6nem\u2019den g\u00fcn\u00fcm\u00fcze ula\u015fan g\u00f6rkemli izler sunuyor. Kale, tiyatro, tap\u0131nak ve kaya mezarlar\u0131yla dikkat \u00e7eken kent, B\u00fcy\u00fck \u0130skender\u2019in askerleri taraf\u0131ndan kuruldu\u011fu rivayetiyle de ayr\u0131 bir tarihi de\u011fer ta\u015f\u0131yor. <\/p>\n\n\n\n<h3 class=\"wp-block-heading\"><span class=\"ez-toc-section\" id=\"15_cimcim_cesmesi\"><\/span><strong>15. Cimcim \u00c7e\u015fmesi<\/strong><span class=\"ez-toc-section-end\"><\/span><\/h3>\n\n\n\n<p>Cimcim \u00c7e\u015fmesi, 1896 y\u0131l\u0131nda in\u015fa edilmi\u015f ve ta\u015f i\u015f\u00e7ili\u011finin en zarif \u00f6rneklerinden biri olarak ke\u015ffe de\u011fer bir durak. Ay y\u0131ld\u0131z motifleriyle s\u00fcslenen kemerleri ve ince ta\u015f oymalar\u0131, d\u00f6nemin sanat anlay\u0131\u015f\u0131n\u0131 yans\u0131t\u0131yor. U\u015fak \u015fehir merkezinde yer alan bu tarihi \u00e7e\u015fme, ho\u015f foto\u011fraf kareleri yakalamak i\u00e7in ideal bir f\u0131rsat sunuyor.<br><\/p>\n\n\n\n<h2 class=\"wp-block-heading\"><span class=\"ez-toc-section\" id=\"usaka_nasil_gidilir\"><\/span><strong>U\u015fak\u2019a Nas\u0131l Gidilir?<\/strong><span class=\"ez-toc-section-end\"><\/span><\/h2>\n\n\n\n<p>U\u015fak,\u00a0Anadolu\u2019nun en \u00f6nemli kav\u015fak noktalar\u0131ndan birinde konumlan\u0131yor. \u0130zmir-Ankara Karayolu\u2019nun \u00fczerindeki \u015fehir, Karadeniz, Do\u011fu Anadolu ve G\u00fcneydo\u011fu Anadolu\u2019dan bat\u0131ya gelen herkesin ge\u00e7mek zorunda oldu\u011fu bir konumda.  U\u015fak\u2019a \u0130stanbul&#8217;dan haftan\u0131n belirli g\u00fcnleri u\u00e7ak seferleri d\u00fczenleniyor.\u00a0Avantajl\u0131 fiyatlarla bu \u00f6zel \u015fehre uzanan bir seyahate ad\u0131m atmak i\u00e7in <strong><a href=\"https:\/\/www.turna.com\/ucak-bileti\/usak\" target=\"_blank\" rel=\"noreferrer noopener\">U\u015fak u\u00e7ak bileti<\/a><\/strong>\u00a0kampanyalar\u0131na g\u00f6z atmay\u0131 unutmay\u0131n. \u015eehre T\u00fcrkiye\u2019nin b\u00fcy\u00fck merkezlerinden otob\u00fcs seferleri ile ula\u015fmak da olduk\u00e7a kolay. Kara yolu ba\u011flant\u0131s\u0131n\u0131n g\u00fc\u00e7l\u00fc olmas\u0131 ula\u015f\u0131m\u0131 kolayla\u015ft\u0131ran etkenlerden.  <a href=\"https:\/\/www.turna.com\/otobus-bileti\/usak\"><strong>U\u015fak otob\u00fcs bileti<\/strong><\/a>\u00a0se\u00e7enekleri cazip kampanyalarla Turna&#8217;da. Anadolu\u2019nun en eski \u015fehirlerinden U\u015fak, farkl\u0131 rotalar\u0131 ke\u015ffetmek isteyenler i\u00e7in ideal duraklardan biri. <\/p>\n\n\n\n<h2 class=\"wp-block-heading\"><span class=\"ez-toc-section\" id=\"%f0%9f%97%93%ef%b8%8f_2_gunluk_usak_kesfi_rehberi\"><\/span><strong>\ud83d\uddd3\ufe0f 2 G\u00fcnl\u00fck U\u015fak Ke\u015ffi Rehberi<\/strong><span class=\"ez-toc-section-end\"><\/span><\/h2>\n\n\n\n<p><strong>1. G\u00fcn<\/strong><\/p>\n\n\n\n<p>\ud83c\udfdb\ufe0f U\u015fak Arkeoloji M\u00fczesi\u2019ni gezerek Karun Hazinesi\u2019ni ke\u015ffedin.<\/p>\n\n\n\n<p>\ud83c\udfe0 Atat\u00fcrk ve Etnografya M\u00fczesi\u2019nde U\u015fak\u2019\u0131n tarihine tan\u0131kl\u0131k edin.<\/p>\n\n\n\n<p>\ud83d\udd4c Ulu Camii ve Burmal\u0131 Camii\u2019yi ziyaret ederek \u015fehirde varl\u0131\u011f\u0131n\u0131 s\u00fcrd\u00fcren Osmanl\u0131 izlerini hissedin.<\/p>\n\n\n\n<p>\ud83d\udecd\ufe0f U\u015fak Bedesteni\u2019nde dola\u015f\u0131p el dokumas\u0131 kilim ve hal\u0131lar\u0131n g\u00f6z al\u0131c\u0131 g\u00fczelliklerine g\u00f6z at\u0131n.<\/p>\n\n\n\n<p>\ud83c\udf72 \u015eehir merkezinde tarhana \u00e7orbas\u0131 veya etli ke\u015fkek denemeyi unutmay\u0131n.<\/p>\n\n\n\n<p><strong>2. G\u00fcn<\/strong><\/p>\n\n\n\n<p>\ud83c\udf04 Ulubey Kanyonlar\u0131\u2019nda y\u00fcr\u00fcy\u00fc\u015f yaparak muhte\u015fem manzaralar seyredin.<\/p>\n\n\n\n<p>\ud83c\udf0a Ta\u015fyaran Vadisi\u2019nde do\u011fan\u0131n kayalar\u0131 nas\u0131l \u015fekillendirdi\u011fini ke\u015ffedin.<\/p>\n\n\n\n<p>\ud83d\ude82 Tarihi U\u015fak Tren Gar\u0131\u2019nda nostaljik atmosferi hissedin ve g\u00fczel kareler yakalay\u0131n.<\/p>\n\n\n\n<p>\ud83d\udca6 Aksaz Kapl\u0131cas\u0131\u2019nda \u015fifal\u0131 sularla yorgunlu\u011funuzu at\u0131n.<\/p>\n\n\n\n<p>\ud83c\udf6f G\u00fcn\u00fcn sonunda h\u00f6\u015fmerim tatl\u0131s\u0131 deneyerek ke\u015ffinizi tatl\u0131 bir \u015fekilde tamamlay\u0131n.<\/p>\n\n    <div class=\"xs_social_share_widget xs_share_url after_content \t\tmain_content  wslu-style-1 wslu-share-box-shaped wslu-fill-colored wslu-none wslu-share-horizontal wslu-theme-font-no wslu-main_content\">\n\n\t\t\n        <ul>\n\t\t\t        <\/ul>\n    <\/div> \n","protected":false},"excerpt":{"rendered":"<p>U\u015fak, Ege B\u00f6lgesi\u2019nin gizli hazinelerinden biri olarak hem k\u00fclt\u00fcr hem de do\u011fa tutkunlar\u0131na b\u00fcy\u00fcleyici bir yolculuk vadediyor. \u0130lk yerle\u015fim izlerinin M\u00d6 4000\u2019lere kadar uzand\u0131\u011f\u0131 bu kadim topraklar, Bronz \u00c7a\u011f\u0131\u2019ndan itibaren g\u00fcnden g\u00fcne \u00f6nem kazanm\u0131\u015f. Hititlerden Perslere, Lidyal\u0131lardan Bizans\u2019a kadar pek \u00e7ok uygarl\u0131\u011fa ev sahipli\u011fi yapan \u015fehir, bir tarih mozai\u011fini and\u0131r\u0131yor. Antik d\u00f6nem kal\u0131nt\u0131lar\u0131yla Osmanl\u0131 eserlerini [&hellip;]<\/p>\n","protected":false},"author":44,"featured_media":25034,"comment_status":"open","ping_status":"open","sticky":false,"template":"","format":"standard","meta":{"rop_custom_images_group":[],"rop_custom_messages_group":[],"rop_publish_now":"yes","rop_publish_now_accounts":[],"rop_publish_now_history":[],"rop_publish_now_status":"pending","_cloudinary_featured_overwrite":false,"footnotes":""},"categories":[1,1868],"tags":[380,458],"class_list":["post-25032","post","type-post","status-publish","format-standard","has-post-thumbnail","hentry","category-seyahat-rehberi","category-usak","tag-turkiye","tag-usak"],"_links":{"self":[{"href":"https:\/\/www.turna.com\/blog\/wp-json\/wp\/v2\/posts\/25032","targetHints":{"allow":["GET"]}}],"collection":[{"href":"https:\/\/www.turna.com\/blog\/wp-json\/wp\/v2\/posts"}],"about":[{"href":"https:\/\/www.turna.com\/blog\/wp-json\/wp\/v2\/types\/post"}],"author":[{"embeddable":true,"href":"https:\/\/www.turna.com\/blog\/wp-json\/wp\/v2\/users\/44"}],"replies":[{"embeddable":true,"href":"https:\/\/www.turna.com\/blog\/wp-json\/wp\/v2\/comments?post=25032"}],"version-history":[{"count":0,"href":"https:\/\/www.turna.com\/blog\/wp-json\/wp\/v2\/posts\/25032\/revisions"}],"wp:featuredmedia":[{"embeddable":true,"href":"https:\/\/www.turna.com\/blog\/wp-json\/wp\/v2\/media\/25034"}],"wp:attachment":[{"href":"https:\/\/www.turna.com\/blog\/wp-json\/wp\/v2\/media?parent=25032"}],"wp:term":[{"taxonomy":"category","embeddable":true,"href":"https:\/\/www.turna.com\/blog\/wp-json\/wp\/v2\/categories?post=25032"},{"taxonomy":"post_tag","embeddable":true,"href":"https:\/\/www.turna.com\/blog\/wp-json\/wp\/v2\/tags?post=25032"}],"curies":[{"name":"wp","href":"https:\/\/api.w.org\/{rel}","templated":true}]}}