{"id":25000,"date":"2025-08-22T12:43:35","date_gmt":"2025-08-22T09:43:35","guid":{"rendered":"https:\/\/www.turna.com\/blog\/?p=25000"},"modified":"2025-11-10T12:36:51","modified_gmt":"2025-11-10T09:36:51","slug":"her-ay-1-efsane-rodos-adasi","status":"publish","type":"post","link":"https:\/\/www.turna.com\/blog\/her-ay-1-efsane-rodos-adasi","title":{"rendered":"Rodos Adas\u0131: Her Ay 1 Efsane"},"content":{"rendered":"<div id=\"ez-toc-container\" class=\"ez-toc-v2_0_82_2 counter-hierarchy ez-toc-counter ez-toc-black ez-toc-container-direction\">\n<div class=\"ez-toc-title-container\">\n<p class=\"ez-toc-title\" style=\"cursor:inherit\">\u0130\u00e7indekiler<\/p>\n<span class=\"ez-toc-title-toggle\"><a href=\"#\" class=\"ez-toc-pull-right ez-toc-btn ez-toc-btn-xs ez-toc-btn-default ez-toc-toggle\" aria-label=\"\u0130\u00e7indekiler Tablosunu A\u00e7\/Kapat\"><span class=\"ez-toc-js-icon-con\"><span class=\"\"><span class=\"eztoc-hide\" style=\"display:none;\">Toggle<\/span><span class=\"ez-toc-icon-toggle-span\"><svg style=\"fill: #ffffff;color:#ffffff\" xmlns=\"http:\/\/www.w3.org\/2000\/svg\" class=\"list-377408\" width=\"20px\" height=\"20px\" viewBox=\"0 0 24 24\" fill=\"none\"><path d=\"M6 6H4v2h2V6zm14 0H8v2h12V6zM4 11h2v2H4v-2zm16 0H8v2h12v-2zM4 16h2v2H4v-2zm16 0H8v2h12v-2z\" fill=\"currentColor\"><\/path><\/svg><svg style=\"fill: #ffffff;color:#ffffff\" class=\"arrow-unsorted-368013\" xmlns=\"http:\/\/www.w3.org\/2000\/svg\" width=\"10px\" height=\"10px\" viewBox=\"0 0 24 24\" version=\"1.2\" baseProfile=\"tiny\"><path d=\"M18.2 9.3l-6.2-6.3-6.2 6.3c-.2.2-.3.4-.3.7s.1.5.3.7c.2.2.4.3.7.3h11c.3 0 .5-.1.7-.3.2-.2.3-.5.3-.7s-.1-.5-.3-.7zM5.8 14.7l6.2 6.3 6.2-6.3c.2-.2.3-.5.3-.7s-.1-.5-.3-.7c-.2-.2-.4-.3-.7-.3h-11c-.3 0-.5.1-.7.3-.2.2-.3.5-.3.7s.1.5.3.7z\"\/><\/svg><\/span><\/span><\/span><\/a><\/span><\/div>\n<nav><ul class='ez-toc-list ez-toc-list-level-1 eztoc-toggle-hide-by-default' ><li class='ez-toc-page-1 ez-toc-heading-level-2'><a class=\"ez-toc-link ez-toc-heading-1\" href=\"https:\/\/www.turna.com\/blog\/her-ay-1-efsane-rodos-adasi\/#gunesin_adasi_rodosun_dogusu\" >G\u00fcne\u015fin Adas\u0131: Rodos\u2019un Do\u011fu\u015fu<\/a><\/li><li class='ez-toc-page-1 ez-toc-heading-level-2'><a class=\"ez-toc-link ez-toc-heading-2\" href=\"https:\/\/www.turna.com\/blog\/her-ay-1-efsane-rodos-adasi\/#antik_dunyanin_devi_rodos_heykeli\" >Antik D\u00fcnyan\u0131n Devi: Rodos Heykeli<\/a><\/li><li class='ez-toc-page-1 ez-toc-heading-level-2'><a class=\"ez-toc-link ez-toc-heading-3\" href=\"https:\/\/www.turna.com\/blog\/her-ay-1-efsane-rodos-adasi\/#rodos_adasinda_yapilacak_seyler\" >Rodos Adas\u0131\u2019nda Yap\u0131lacak \u015eeyler<\/a><\/li><\/ul><\/nav><\/div>\n\n<p>Ege\u2019nin incilerinden biri olan Rodos Adas\u0131, tarih boyunca stratejik \u00f6nemiyle ve efsaneleriyle b\u00fcy\u00fcleyici bir ada olmu\u015ftur. G\u00fcne\u015fin alt\u0131n rengi \u0131\u015f\u0131klar\u0131n\u0131 en parlak \u015fekilde sergiledi\u011fi bu ada, mitolojinin izlerini ta\u015f\u0131r. E\u011fer bir g\u00fcn Rodos\u2019a gitmeyi d\u00fc\u015f\u00fcn\u00fcrseniz, hem tarih hem de efsaneler sizi i\u00e7ine \u00e7ekecek. Bu efsanelere yerinde tan\u0131kl\u0131k etmek i\u00e7in de tabii ki yolculu\u011fun ilk ad\u0131m\u0131 i\u00e7in <strong><a href=\"https:\/\/www.turna.com\/feribot-bileti\">feribot bileti<\/a><\/strong> alarak bu b\u00fcy\u00fcl\u00fc adaya do\u011fru yola \u00e7\u0131kabilirsiniz.<\/p>\n\n\n\n<p>Rodos\u2019u farkl\u0131 k\u0131lan \u015fey, yaln\u0131zca g\u00f6rkemli surlar\u0131, limanlar\u0131 ya da plajlar\u0131 de\u011fildir; tanr\u0131lar\u0131n hikayeleriyle \u00f6r\u00fcl\u00fc ge\u00e7mi\u015fidir de. Her k\u00f6\u015fesinde size mitolojiden bir par\u00e7a sunan ada, hem ger\u00e7ek hem de hayal g\u00fcc\u00fcn\u00fcz\u00fc zorlayan g\u00fczellikleriyle sizi kendine hayran b\u0131rak\u0131r.<\/p>\n\n\n\n<h2 class=\"wp-block-heading has-text-align-center has-neeon-button-dark-gray-color has-text-color has-link-color wp-elements-e47f19de822e1480ce82cd19422fd100\"><span class=\"ez-toc-section\" id=\"gunesin_adasi_rodosun_dogusu\"><\/span><strong><strong><strong><strong><strong><strong>G\u00fcne\u015fin Adas\u0131: Rodos\u2019un Do\u011fu\u015fu<\/strong><\/strong><\/strong><\/strong><\/strong><\/strong><span class=\"ez-toc-section-end\"><\/span><\/h2>\n\n\n\n<figure class=\"wp-block-image size-large\"><img decoding=\"async\" src=\"https:\/\/res.cloudinary.com\/turna\/image\/upload\/v1657007245\/rodos.jpg\" alt=\"\"\/><\/figure>\n\n\n\n<p>Efsaneye g\u00f6re, tanr\u0131lar d\u00fcnyay\u0131 payla\u015f\u0131rken Zeus, g\u00fcne\u015f tanr\u0131s\u0131 Helios\u2019a denizlerin derinliklerinden y\u00fckselen bir ada hediye eder. Helios, bu ada kar\u015f\u0131s\u0131nda b\u00fcy\u00fclenir ve sevdi\u011fi deniz perisi Rhodeia\u2019n\u0131n ad\u0131n\u0131 vererek buray\u0131 kutsal mekan\u0131 haline getirir. O g\u00fcnden sonra ada, Rodos ad\u0131yla an\u0131l\u0131r.<\/p>\n\n\n\n<p>Rodos Adas\u0131 sakinleri, Helios\u2019un korumas\u0131 alt\u0131nda olduklar\u0131na inan\u0131r. Bu y\u00fczden ada halk\u0131 i\u00e7in g\u00fcne\u015f her zaman biraz daha parlak, biraz daha bereketli do\u011far. Bug\u00fcn bile adada g\u00fcn bat\u0131m\u0131na denk geldi\u011finizde, bu efsanenin neden dilden dile aktar\u0131ld\u0131\u011f\u0131n\u0131 kolayca anlayabilirsiniz.<\/p>\n\n\n\n<h2 class=\"wp-block-heading has-text-align-center has-neeon-button-dark-gray-color has-text-color has-link-color wp-elements-173e9c9026055df1e8109e746b28ac6d\"><span class=\"ez-toc-section\" id=\"antik_dunyanin_devi_rodos_heykeli\"><\/span><strong><strong><strong><strong><strong><strong>Antik D\u00fcnyan\u0131n Devi: Rodos Heykeli<\/strong><\/strong><\/strong><\/strong><\/strong><\/strong><span class=\"ez-toc-section-end\"><\/span><\/h2>\n\n\n\n<figure class=\"wp-block-image size-large\"><img width=\"800\" height=\"501\" data-public-id=\"Dunyanin-7-Harikasi-Rodos\/Dunyanin-7-Harikasi-Rodos.jpg\" decoding=\"async\" src=\"https:\/\/res.cloudinary.com\/turna\/images\/w_800,h_501,c_scale\/f_auto,q_auto:low\/v1623480511\/Dunyanin-7-Harikasi-Rodos\/Dunyanin-7-Harikasi-Rodos.jpg?_i=AA\" alt=\"\" class=\"wp-post-0 wp-image-19257\" data-format=\"jpg\" data-transformations=\"f_auto,q_auto:low\" data-version=\"1623480511\" data-seo=\"1\" srcset=\"https:\/\/res.cloudinary.com\/turna\/images\/f_auto,q_auto:low\/v1623480511\/Dunyanin-7-Harikasi-Rodos\/Dunyanin-7-Harikasi-Rodos.jpg?_i=AA 800w, https:\/\/res.cloudinary.com\/turna\/images\/w_300,h_188,c_scale\/f_auto,q_auto:low\/v1623480511\/Dunyanin-7-Harikasi-Rodos\/Dunyanin-7-Harikasi-Rodos.jpg?_i=AA 300w, https:\/\/res.cloudinary.com\/turna\/images\/w_671,h_420,c_scale\/f_auto,q_auto:low\/v1623480511\/Dunyanin-7-Harikasi-Rodos\/Dunyanin-7-Harikasi-Rodos.jpg?_i=AA 671w, https:\/\/res.cloudinary.com\/turna\/images\/w_640,h_401,c_scale\/f_auto,q_auto:low\/v1623480511\/Dunyanin-7-Harikasi-Rodos\/Dunyanin-7-Harikasi-Rodos.jpg?_i=AA 640w, https:\/\/res.cloudinary.com\/turna\/images\/w_681,h_426,c_scale\/f_auto,q_auto:low\/v1623480511\/Dunyanin-7-Harikasi-Rodos\/Dunyanin-7-Harikasi-Rodos.jpg?_i=AA 681w\" sizes=\"(max-width: 800px) 100vw, 800px\" \/><\/figure>\n\n\n\n<p>Rodoslular, Helios\u2019a duyduklar\u0131 minnettarl\u0131\u011f\u0131 g\u00f6stermek i\u00e7in g\u00f6rkemli bir heykel yapmaya karar verir. Lindoslu Haris\u2019in tasarlad\u0131\u011f\u0131 bu dev eser, M.\u00d6. 3. y\u00fczy\u0131lda in\u015fa edilir. Yakla\u015f\u0131k 33 metre y\u00fcksekli\u011finde ve bronzdan yap\u0131lan Rodos Heykeli, d\u00f6nemin en etkileyici m\u00fchendislik harikalar\u0131ndan biridir.<\/p>\n\n\n\n<p>Heykelin tam olarak nerede durdu\u011fu hala tart\u0131\u015fmal\u0131d\u0131r; kimileri liman\u0131n giri\u015finde iki s\u00fctun \u00fczerinde y\u00fckseldi\u011fini, kimileri ise tek bir noktada t\u00fcm ihti\u015fam\u0131yla g\u00f6\u011fe uzand\u0131\u011f\u0131n\u0131 s\u00f6yler. Ancak bilinen ger\u00e7ek, M.\u00d6. 226\u2019da ya\u015fanan b\u00fcy\u00fck depremle y\u0131k\u0131ld\u0131\u011f\u0131d\u0131r. Heykel dizlerinden k\u0131r\u0131larak karaya devrilir, liman ve ticaret binalar\u0131 da a\u011f\u0131r hasar g\u00f6r\u00fcr.<\/p>\n\n\n\n<p>Bir zaman sonra M\u0131s\u0131r Kral\u0131 III. Ptolemy yeniden yap\u0131lmas\u0131 i\u00e7in destek teklif etse de, Delphi Kehanet Merkezi Rodoslular\u0131 \u201cHelios\u2019u g\u00fccendirmi\u015f olabilirsiniz\u201d diyerek korkutur. Bunun \u00fczerine ada halk\u0131 heykeli tekrar in\u015fa etmez. Y\u00fczy\u0131llar boyunca limanda yatan heykel par\u00e7alar\u0131, adaya gelenleri hayran b\u0131rakm\u0131\u015f ve Rodos\u2019un sembol\u00fc haline gelmi\u015ftir.<\/p>\n\n\n\n<h2 class=\"wp-block-heading has-text-align-center has-neeon-button-dark-gray-color has-text-color has-link-color wp-elements-d85e37e2304be06b02dd89b6ba14f4e1\"><span class=\"ez-toc-section\" id=\"rodos_adasinda_yapilacak_seyler\"><\/span><strong><strong><strong><strong><strong><strong>Rodos Adas\u0131\u2019nda Yap\u0131lacak \u015eeyler<\/strong><\/strong><\/strong><\/strong><\/strong><\/strong><span class=\"ez-toc-section-end\"><\/span><\/h2>\n\n\n\n<figure class=\"wp-block-image size-large\"><img width=\"800\" height=\"500\" data-public-id=\"rodos-gezilecek-yerler\/rodos-gezilecek-yerler.jpg\" decoding=\"async\" src=\"https:\/\/res.cloudinary.com\/turna\/images\/w_800,h_500,c_scale\/f_auto,q_auto:low\/v1628520952\/rodos-gezilecek-yerler\/rodos-gezilecek-yerler.jpg?_i=AA\" alt=\"\" class=\"wp-post-0 wp-image-19665\" data-format=\"jpg\" data-transformations=\"f_auto,q_auto:low\" data-version=\"1628520952\" data-seo=\"1\" srcset=\"https:\/\/res.cloudinary.com\/turna\/images\/f_auto,q_auto:low\/v1628520952\/rodos-gezilecek-yerler\/rodos-gezilecek-yerler.jpg?_i=AA 800w, https:\/\/res.cloudinary.com\/turna\/images\/w_300,h_188,c_scale\/f_auto,q_auto:low\/v1628520952\/rodos-gezilecek-yerler\/rodos-gezilecek-yerler.jpg?_i=AA 300w, https:\/\/res.cloudinary.com\/turna\/images\/w_672,h_420,c_scale\/f_auto,q_auto:low\/v1628520952\/rodos-gezilecek-yerler\/rodos-gezilecek-yerler.jpg?_i=AA 672w, https:\/\/res.cloudinary.com\/turna\/images\/w_640,h_400,c_scale\/f_auto,q_auto:low\/v1628520952\/rodos-gezilecek-yerler\/rodos-gezilecek-yerler.jpg?_i=AA 640w, https:\/\/res.cloudinary.com\/turna\/images\/w_681,h_426,c_scale\/f_auto,q_auto:low\/v1628520952\/rodos-gezilecek-yerler\/rodos-gezilecek-yerler.jpg?_i=AA 681w\" sizes=\"(max-width: 800px) 100vw, 800px\" \/><\/figure>\n\n\n\n<p>Rodos Adas\u0131 efsaneleri sizi b\u00fcy\u00fcledi, adaya geldiniz fakat burada nas\u0131l vakit ge\u00e7irebilirsiniz? Buraya geldi\u011finizde hem tarihin izinde dola\u015fabilir hem de denizin ve do\u011fan\u0131n tad\u0131n\u0131 \u00e7\u0131karabilirsiniz. \u0130\u015fte Rodos\u2019ta yapabilece\u011finiz baz\u0131 \u00f6neriler:<\/p>\n\n\n\n<ul class=\"wp-block-list\">\n<li>Orta \u00c7a\u011f\u2019dan kalma Rodos Kalesi\u2019ni ke\u015ffedin. UNESCO D\u00fcnya Miras\u0131 listesindeki bu kale, sizi zamanda yolculu\u011fa \u00e7\u0131kar\u0131r.<\/li>\n\n\n\n<li>\u015e\u00f6valyeler Soka\u011f\u0131\u2019nda y\u00fcr\u00fcy\u00fcn. Ta\u015f d\u00f6\u015feli dar sokaklarda gezerken Orta \u00c7a\u011f atmosferini hissedersiniz.<\/li>\n\n\n\n<li>Lindos Akropol\u00fc\u2019ne t\u0131rman\u0131n. Muhte\u015fem manzara e\u015fli\u011finde antik kal\u0131nt\u0131lar\u0131 g\u00f6r\u00fcn.<\/li>\n\n\n\n<li>Faliraki Plaj\u0131\u2019nda denize girin. Alt\u0131n sar\u0131s\u0131 kumsallar\u0131 ve berrak sular\u0131yla deniz tatili i\u00e7in harika bir adres.<\/li>\n\n\n\n<li>Kelebekler Vadisi\u2019nde do\u011fa y\u00fcr\u00fcy\u00fc\u015f\u00fc yap\u0131n. \u00d6zellikle yaz aylar\u0131nda e\u015fsiz bir manzaraya \u015fahit olursunuz.<\/li>\n\n\n\n<li>Mandraki Liman\u0131\u2019nda g\u00fcn bat\u0131m\u0131n\u0131 izleyin. Efsanevi Rodos Heykeli\u2019nin ayaklar\u0131n\u0131n bir zamanlar burada oldu\u011fu d\u00fc\u015f\u00fcn\u00fcl\u00fcyor.<\/li>\n\n\n\n<li>Yunan mutfa\u011f\u0131n\u0131 tad\u0131n. Deniz \u00fcr\u00fcnlerinden zeytinya\u011fl\u0131lara kadar pek \u00e7ok lezzeti deneyebilirsiniz.<\/li>\n<\/ul>\n\n\n\n<p>Efsanelerin b\u00fcy\u00fcs\u00fcne kap\u0131l\u0131n ya da adan\u0131n sahillerinde denize girin, Rodos her \u015fekilde size unutulmaz bir deneyim sunacakt\u0131r, buna emin olabilirsiniz. Plan\u0131n\u0131z\u0131 yap\u0131n ve <strong><a href=\"https:\/\/www.turna.com\/feribot-bileti\/rodos\">Rodos Adas\u0131 feribot bileti<\/a><\/strong> se\u00e7eneklerini incelemeye ba\u015flay\u0131n!<\/p>\n\n    <div class=\"xs_social_share_widget xs_share_url after_content \t\tmain_content  wslu-style-1 wslu-share-box-shaped wslu-fill-colored wslu-none wslu-share-horizontal wslu-theme-font-no wslu-main_content\">\n\n\t\t\n        <ul>\n\t\t\t        <\/ul>\n    <\/div> \n","protected":false},"excerpt":{"rendered":"<p>Ege\u2019nin incilerinden biri olan Rodos Adas\u0131, tarih boyunca stratejik \u00f6nemiyle ve efsaneleriyle b\u00fcy\u00fcleyici bir ada olmu\u015ftur. G\u00fcne\u015fin alt\u0131n rengi \u0131\u015f\u0131klar\u0131n\u0131 en parlak \u015fekilde sergiledi\u011fi bu ada, mitolojinin izlerini ta\u015f\u0131r. E\u011fer bir g\u00fcn Rodos\u2019a gitmeyi d\u00fc\u015f\u00fcn\u00fcrseniz, hem tarih hem de efsaneler sizi i\u00e7ine \u00e7ekecek. Bu efsanelere yerinde tan\u0131kl\u0131k etmek i\u00e7in de tabii ki yolculu\u011fun ilk ad\u0131m\u0131 [&hellip;]<\/p>\n","protected":false},"author":45,"featured_media":25001,"comment_status":"open","ping_status":"open","sticky":false,"template":"","format":"standard","meta":{"rop_custom_images_group":[],"rop_custom_messages_group":[],"rop_publish_now":"yes","rop_publish_now_accounts":[],"rop_publish_now_history":[],"rop_publish_now_status":"pending","_cloudinary_featured_overwrite":false,"footnotes":""},"categories":[18],"tags":[5341,14,59],"class_list":["post-25000","post","type-post","status-publish","format-standard","has-post-thumbnail","hentry","category-yunanistan","tag-ferry","tag-rodos","tag-rodos-adasi"],"_links":{"self":[{"href":"https:\/\/www.turna.com\/blog\/wp-json\/wp\/v2\/posts\/25000","targetHints":{"allow":["GET"]}}],"collection":[{"href":"https:\/\/www.turna.com\/blog\/wp-json\/wp\/v2\/posts"}],"about":[{"href":"https:\/\/www.turna.com\/blog\/wp-json\/wp\/v2\/types\/post"}],"author":[{"embeddable":true,"href":"https:\/\/www.turna.com\/blog\/wp-json\/wp\/v2\/users\/45"}],"replies":[{"embeddable":true,"href":"https:\/\/www.turna.com\/blog\/wp-json\/wp\/v2\/comments?post=25000"}],"version-history":[{"count":0,"href":"https:\/\/www.turna.com\/blog\/wp-json\/wp\/v2\/posts\/25000\/revisions"}],"wp:featuredmedia":[{"embeddable":true,"href":"https:\/\/www.turna.com\/blog\/wp-json\/wp\/v2\/media\/25001"}],"wp:attachment":[{"href":"https:\/\/www.turna.com\/blog\/wp-json\/wp\/v2\/media?parent=25000"}],"wp:term":[{"taxonomy":"category","embeddable":true,"href":"https:\/\/www.turna.com\/blog\/wp-json\/wp\/v2\/categories?post=25000"},{"taxonomy":"post_tag","embeddable":true,"href":"https:\/\/www.turna.com\/blog\/wp-json\/wp\/v2\/tags?post=25000"}],"curies":[{"name":"wp","href":"https:\/\/api.w.org\/{rel}","templated":true}]}}