{"id":24960,"date":"2025-08-11T12:25:38","date_gmt":"2025-08-11T09:25:38","guid":{"rendered":"https:\/\/www.turna.com\/blog\/?p=24960"},"modified":"2025-08-12T16:47:01","modified_gmt":"2025-08-12T13:47:01","slug":"avrupanin-tatli-haritasi","status":"publish","type":"post","link":"https:\/\/www.turna.com\/blog\/avrupanin-tatli-haritasi","title":{"rendered":"Tatl\u0131 Severlere \u00d6zel Rotalar: Avrupa Tatl\u0131 Haritas\u0131"},"content":{"rendered":"<div id=\"ez-toc-container\" class=\"ez-toc-v2_0_82_2 counter-hierarchy ez-toc-counter ez-toc-black ez-toc-container-direction\">\n<div class=\"ez-toc-title-container\">\n<p class=\"ez-toc-title\" style=\"cursor:inherit\">\u0130\u00e7indekiler<\/p>\n<span class=\"ez-toc-title-toggle\"><a href=\"#\" class=\"ez-toc-pull-right ez-toc-btn ez-toc-btn-xs ez-toc-btn-default ez-toc-toggle\" aria-label=\"\u0130\u00e7indekiler Tablosunu A\u00e7\/Kapat\"><span class=\"ez-toc-js-icon-con\"><span class=\"\"><span class=\"eztoc-hide\" style=\"display:none;\">Toggle<\/span><span class=\"ez-toc-icon-toggle-span\"><svg style=\"fill: #ffffff;color:#ffffff\" xmlns=\"http:\/\/www.w3.org\/2000\/svg\" class=\"list-377408\" width=\"20px\" height=\"20px\" viewBox=\"0 0 24 24\" fill=\"none\"><path d=\"M6 6H4v2h2V6zm14 0H8v2h12V6zM4 11h2v2H4v-2zm16 0H8v2h12v-2zM4 16h2v2H4v-2zm16 0H8v2h12v-2z\" fill=\"currentColor\"><\/path><\/svg><svg style=\"fill: #ffffff;color:#ffffff\" class=\"arrow-unsorted-368013\" xmlns=\"http:\/\/www.w3.org\/2000\/svg\" width=\"10px\" height=\"10px\" viewBox=\"0 0 24 24\" version=\"1.2\" baseProfile=\"tiny\"><path d=\"M18.2 9.3l-6.2-6.3-6.2 6.3c-.2.2-.3.4-.3.7s.1.5.3.7c.2.2.4.3.7.3h11c.3 0 .5-.1.7-.3.2-.2.3-.5.3-.7s-.1-.5-.3-.7zM5.8 14.7l6.2 6.3 6.2-6.3c.2-.2.3-.5.3-.7s-.1-.5-.3-.7c-.2-.2-.4-.3-.7-.3h-11c-.3 0-.5.1-.7.3-.2.2-.3.5-.3.7s.1.5.3.7z\"\/><\/svg><\/span><\/span><\/span><\/a><\/span><\/div>\n<nav><ul class='ez-toc-list ez-toc-list-level-1 eztoc-toggle-hide-by-default' ><li class='ez-toc-page-1 ez-toc-heading-level-2'><a class=\"ez-toc-link ez-toc-heading-1\" href=\"https:\/\/www.turna.com\/blog\/avrupanin-tatli-haritasi\/#avrupa_tatli_haritasi_8_lezzet_rotasi\" >Avrupa Tatl\u0131 Haritas\u0131: 8 Lezzet Rotas\u0131<\/a><ul class='ez-toc-list-level-3' ><li class='ez-toc-heading-level-3'><a class=\"ez-toc-link ez-toc-heading-2\" href=\"https:\/\/www.turna.com\/blog\/avrupanin-tatli-haritasi\/#viyana_avusturya\" >Viyana, Avusturya<\/a><\/li><li class='ez-toc-page-1 ez-toc-heading-level-3'><a class=\"ez-toc-link ez-toc-heading-3\" href=\"https:\/\/www.turna.com\/blog\/avrupanin-tatli-haritasi\/#napoli_italya\" >Napoli, \u0130talya<\/a><\/li><li class='ez-toc-page-1 ez-toc-heading-level-3'><a class=\"ez-toc-link ez-toc-heading-4\" href=\"https:\/\/www.turna.com\/blog\/avrupanin-tatli-haritasi\/#paris_fransa\" >Paris, Fransa<\/a><\/li><li class='ez-toc-page-1 ez-toc-heading-level-3'><a class=\"ez-toc-link ez-toc-heading-5\" href=\"https:\/\/www.turna.com\/blog\/avrupanin-tatli-haritasi\/#brugge_belcika\" >Brugge, Bel\u00e7ika<\/a><\/li><li class='ez-toc-page-1 ez-toc-heading-level-3'><a class=\"ez-toc-link ez-toc-heading-6\" href=\"https:\/\/www.turna.com\/blog\/avrupanin-tatli-haritasi\/#lizbon_portekiz\" >Lizbon, Portekiz<\/a><\/li><li class='ez-toc-page-1 ez-toc-heading-level-3'><a class=\"ez-toc-link ez-toc-heading-7\" href=\"https:\/\/www.turna.com\/blog\/avrupanin-tatli-haritasi\/#leipzig_almanya\" >Leipzig, Almanya<\/a><\/li><li class='ez-toc-page-1 ez-toc-heading-level-3'><a class=\"ez-toc-link ez-toc-heading-8\" href=\"https:\/\/www.turna.com\/blog\/avrupanin-tatli-haritasi\/#madrid_ispanya\" >Madrid, \u0130spanya<\/a><\/li><li class='ez-toc-page-1 ez-toc-heading-level-3'><a class=\"ez-toc-link ez-toc-heading-9\" href=\"https:\/\/www.turna.com\/blog\/avrupanin-tatli-haritasi\/#budapeste_macaristan\" >Budape\u015fte, Macaristan<\/a><\/li><\/ul><\/li><li class='ez-toc-page-1 ez-toc-heading-level-2'><a class=\"ez-toc-link ez-toc-heading-10\" href=\"https:\/\/www.turna.com\/blog\/avrupanin-tatli-haritasi\/#bu_rotalarda_bunlari_da_deneyin\" >Bu Rotalarda Bunlar\u0131 da Deneyin!<\/a><\/li><\/ul><\/nav><\/div>\n\n<p>Pastane vitrinlerine bakmak dahi sizi mutlu ediyor, sevdi\u011finiz tatl\u0131lar\u0131n kokusunu uzaktan bile ay\u0131rt edebiliyorsan\u0131z, tam da olman\u0131z gereken yerdesiniz. \ud83e\udd50\ud83c\udf6b Avrupa, sadece tarihi sokaklar\u0131 ve b\u00fcy\u00fcleyici manzaralar\u0131yla de\u011fil, tatl\u0131 severler i\u00e7in farkl\u0131 deneyimlerin kap\u0131lar\u0131n\u0131 aralayan \u00f6zel lezzetleriyle de be\u011feni topluyor. Avrupa\u2019n\u0131n d\u00f6rt bir yan\u0131ndan, \u015fehrin ruhunu tatl\u0131 tabaklar\u0131nda sunan lezzet duraklar\u0131 sayfan\u0131n devam\u0131nda ke\u015ffinizi bekliyor. Haz\u0131rsan\u0131z, Avrupa\u2019n\u0131n en tatl\u0131 haritas\u0131na do\u011fru yola \u00e7\u0131k\u0131yoruz! \ud83c\udf70<\/p>\n\n\n\n<h2 class=\"wp-block-heading has-text-align-center\"><span class=\"ez-toc-section\" id=\"avrupa_tatli_haritasi_8_lezzet_rotasi\"><\/span> Avrupa Tatl\u0131 Haritas\u0131: 8 Lezzet Rotas\u0131<span class=\"ez-toc-section-end\"><\/span><\/h2>\n\n\n\n<figure class=\"wp-block-image size-large is-resized\"><img decoding=\"async\" src=\"https:\/\/res.cloudinary.com\/turna\/image\/upload\/v1754896204\/wordpress-contents\/tatl%C4%B1.jpg\" alt=\"\" style=\"width:1200px;height:auto\"\/><\/figure>\n\n\n\n<p>\u00d6nce Viyana\u2019da \u00e7ikolata ve meyve aromalar\u0131yla zenginle\u015fen tatl\u0131larla tan\u0131\u015facak, ard\u0131ndan Napoli\u2019nin f\u0131r\u0131ndan yeni \u00e7\u0131km\u0131\u015f hamur i\u015fleriyle bulu\u015faca\u011f\u0131z. Oradan Paris\u2019in zarif pastanelerine, Brugge\u2019nin \u00e7ikolata kokulu sokaklar\u0131na, Lizbon\u2019un leziz tatl\u0131lar\u0131na, Leipzig\u2019in nostaljik lezzetlerine, Madrid\u2019in tatl\u0131 at\u0131\u015ft\u0131rmal\u0131klar\u0131na ve Budape\u015fte\u2019nin efsanevi tatl\u0131 duraklar\u0131na uzanaca\u011f\u0131z. Renkli bir ke\u015ffe haz\u0131rsan\u0131z, Avrupa tatl\u0131 haritas\u0131 ke\u015ffimize ba\u015flayal\u0131m!\ud83c\udf6e\ud83c\udf69<\/p>\n\n\n\n<h3 class=\"wp-block-heading\"><span class=\"ez-toc-section\" id=\"viyana_avusturya\"><\/span>Viyana, Avusturya<span class=\"ez-toc-section-end\"><\/span><\/h3>\n\n\n\n<figure class=\"wp-block-image size-large is-resized\"><img decoding=\"async\" src=\"https:\/\/res.cloudinary.com\/turna\/image\/upload\/v1754896917\/wordpress-contents\/viyana.jpg\" alt=\"\" style=\"width:1200px;height:auto\"\/><\/figure>\n\n\n\n<p>Viyana, tatl\u0131 severler i\u00e7in mutlaka ke\u015ffedilmesi gereken bir durak.  Sachertorte yo\u011fun \u00e7ikolata katmanlar\u0131 ve kay\u0131s\u0131 re\u00e7eliyle \u015fehrin imzas\u0131, apfelstrudel, ince hamuru ve tar\u00e7\u0131nl\u0131 elma dolgusu ile s\u0131cac\u0131k bir klasik ve marillenkn\u00f6del ise kay\u0131s\u0131n\u0131n en tatl\u0131 hali. Bu lezzetleri tarihi kafelerde denerken kendinizi bir zaman yolculu\u011funa \u00e7\u0131km\u0131\u015f gibi hissedebilirsiniz. Tatl\u0131 molalar\u0131 aras\u0131nda Sch\u00f6nbrunn Saray\u0131\u2019n\u0131 gezebilir, Ringstrasse\u2019de y\u00fcr\u00fcy\u00fc\u015f yapabilir ve ak\u015fam saatlerini Viyana\u2019n\u0131n b\u00fcy\u00fcl\u00fc \u0131\u015f\u0131klar\u0131 e\u015fli\u011finde ge\u00e7irebilirsiniz. \ud83c\udfdb\ufe0f\u2728 En avantajl\u0131 <strong><a href=\"https:\/\/www.turna.com\/ucak-bileti\/avusturya\">Avusturya u\u00e7ak bileti<\/a><\/strong> alternatifleri i\u00e7in Turna.com sayfas\u0131n\u0131 ziyaret etmeyi unutmay\u0131n.<\/p>\n\n\n\n<h3 class=\"wp-block-heading\"><span class=\"ez-toc-section\" id=\"napoli_italya\"><\/span>Napoli, \u0130talya<span class=\"ez-toc-section-end\"><\/span><\/h3>\n\n\n\n<figure class=\"wp-block-image size-large is-resized\"><img decoding=\"async\" src=\"https:\/\/res.cloudinary.com\/turna\/image\/upload\/v1754896920\/wordpress-contents\/napoli.jpg\" alt=\"\" style=\"width:1200px;height:auto\"\/><\/figure>\n\n\n\n<p>Napoli, tatl\u0131lar\u0131yla da gezginleri mutlu eden \u00f6zel bir destinasyon. Kat kat \u00e7\u0131t\u0131r hamuruyla ricotta dolgulu sfogliatelle ve pudra \u015fekerine bulanm\u0131\u015f graffa ve delizia al limone burada mutlaka tad\u0131lmas\u0131 gereken lezzetlerden sadece birka\u00e7\u0131. \u015eehrin dar sokaklar\u0131nda her k\u00f6\u015fe ba\u015f\u0131nda bir pastane bulmak m\u00fcmk\u00fcn. Tatl\u0131 molalar\u0131n\u0131z aras\u0131nda Spaccanapoli\u2019de y\u00fcr\u00fcyebilir, Castel dell\u2019Ovo\u2019dan deniz manzaras\u0131n\u0131n b\u00fcy\u00fcs\u00fcne kap\u0131labilir ve g\u00fcn\u00fc limoncello e\u015fli\u011finde g\u00fcn bat\u0131m\u0131n\u0131 seyrederek noktalayabilirsiniz. \ud83c\udf0a\u2600\ufe0f Bu \u00f6zel lezzetlerle tan\u0131\u015fmak i\u00e7in yapman\u0131z gereken tek \u015fey ise bir&nbsp;<strong><a href=\"https:\/\/www.turna.com\/ucak-bileti\/italya\">\u0130talya u\u00e7ak bileti<\/a><\/strong>&nbsp;almak ve lezzet dolu bir ke\u015ffe ad\u0131m atmak.<\/p>\n\n\n\n<h3 class=\"wp-block-heading\"><span class=\"ez-toc-section\" id=\"paris_fransa\"><\/span>Paris, Fransa<span class=\"ez-toc-section-end\"><\/span><\/h3>\n\n\n\n<figure class=\"wp-block-image size-large is-resized\"><img decoding=\"async\" src=\"https:\/\/res.cloudinary.com\/turna\/image\/upload\/v1754897173\/wordpress-contents\/paris_yemek.jpg\" alt=\"\" style=\"width:1200px;height:auto\"\/><\/figure>\n\n\n\n<p>Paris, tatl\u0131 tutkunlar\u0131n\u0131 her detay\u0131yla mutlu edecek kadar iddial\u0131 bir gastronomi rotas\u0131. \u0130ncecik katmanlar\u0131yla tereya\u011fl\u0131 kruvasan, badem kremal\u0131 frangipane tart ve renkleriyle dahi ak\u0131llarda yer tutan makaronlar \u015fehrin en ikonik lezzetlerinden. Seine Nehri k\u0131y\u0131s\u0131nda y\u00fcr\u00fcrken elinizde bir ekler ya da Saint-Germain\u2019de kahvenizle birlikte mille-feuille yemek, Paris\u2019in tad\u0131n\u0131 \u00e7\u0131karman\u0131n en tatl\u0131 yollar\u0131ndan biri. Tatl\u0131 molalar aras\u0131nda Louvre\u2019un salonlar\u0131nda dola\u015fabilir, Montmartre\u2019\u0131n bohem sokaklar\u0131nda kaybolabilir ve Eyfel\u2019in \u0131\u015f\u0131klar\u0131 alt\u0131nda g\u00fcn\u00fc keyifle sonland\u0131rabilirsiniz. \u2728Bu tatl\u0131 ke\u015ffi birbirinden iddial\u0131 <strong><a href=\"https:\/\/www.turna.com\/otel\/paris\">Paris otelleri<\/a><\/strong>\u00a0ile tamamlamak ise ba\u015fl\u0131 ba\u015f\u0131na ayr\u0131cal\u0131kl\u0131 bir deneyimin kap\u0131lar\u0131n\u0131 aralayacak.<\/p>\n\n\n\n<h3 class=\"wp-block-heading\"><span class=\"ez-toc-section\" id=\"brugge_belcika\"><\/span>Brugge, Bel\u00e7ika<span class=\"ez-toc-section-end\"><\/span><\/h3>\n\n\n\n<figure class=\"wp-block-image size-large\"><img width=\"1600\" height=\"1000\" data-public-id=\"brugges_genel_ofesjq\/brugges_genel_ofesjq.png\" fetchpriority=\"high\" decoding=\"async\" src=\"https:\/\/res.cloudinary.com\/turna\/images\/w_1600,h_1000,c_scale\/f_auto,q_auto:low\/v1739346147\/brugges_genel_ofesjq\/brugges_genel_ofesjq.png?_i=AA\" alt=\"\" class=\"wp-post-24960 wp-image-23635\" data-format=\"png\" data-transformations=\"f_auto,q_auto:low\" data-version=\"1739346147\" data-seo=\"1\" srcset=\"https:\/\/res.cloudinary.com\/turna\/images\/f_auto,q_auto:low\/v1739346147\/brugges_genel_ofesjq\/brugges_genel_ofesjq.png?_i=AA 1600w, https:\/\/res.cloudinary.com\/turna\/images\/w_800,h_500,c_scale\/f_auto,q_auto:low\/v1739346147\/brugges_genel_ofesjq\/brugges_genel_ofesjq.png?_i=AA 800w, https:\/\/res.cloudinary.com\/turna\/images\/w_1024,h_640,c_scale\/f_auto,q_auto:low\/v1739346147\/brugges_genel_ofesjq\/brugges_genel_ofesjq.png?_i=AA 1024w, https:\/\/res.cloudinary.com\/turna\/images\/w_300,h_188,c_scale\/f_auto,q_auto:low\/v1739346147\/brugges_genel_ofesjq\/brugges_genel_ofesjq.png?_i=AA 300w, https:\/\/res.cloudinary.com\/turna\/images\/w_1536,h_960,c_scale\/f_auto,q_auto:low\/v1739346147\/brugges_genel_ofesjq\/brugges_genel_ofesjq.png?_i=AA 1536w, https:\/\/res.cloudinary.com\/turna\/images\/w_672,h_420,c_scale\/f_auto,q_auto:low\/v1739346147\/brugges_genel_ofesjq\/brugges_genel_ofesjq.png?_i=AA 672w, https:\/\/res.cloudinary.com\/turna\/images\/w_640,h_400,c_scale\/f_auto,q_auto:low\/v1739346147\/brugges_genel_ofesjq\/brugges_genel_ofesjq.png?_i=AA 640w, https:\/\/res.cloudinary.com\/turna\/images\/w_681,h_426,c_scale\/f_auto,q_auto:low\/v1739346147\/brugges_genel_ofesjq\/brugges_genel_ofesjq.png?_i=AA 681w\" sizes=\"(max-width: 1600px) 100vw, 1600px\" \/><\/figure>\n\n\n\n<p>Bel\u00e7ika, tatl\u0131 severler i\u00e7in keyifli bir ke\u015fif vadeden rotalar aras\u0131nda iddial\u0131 bir konuma sahip. Burada incecik dantel gibi i\u015flenmi\u015f waffle\u2019lar, yo\u011fun aromal\u0131 Bel\u00e7ika \u00e7ikolatalar\u0131 ve y\u0131l\u0131n \u00f6zel d\u00f6nemlerinde ortaya \u00e7\u0131kan s\u0131cac\u0131k oliebollen mutlaka denenmeli. Oliebollen, d\u0131\u015f\u0131 alt\u0131n renginde k\u0131zarm\u0131\u015f, i\u00e7i yumu\u015fac\u0131k hamur toplar\u0131 \u015feklinde haz\u0131rlan\u0131yor ve pudra \u015fekeriyle s\u00fcsleniyor ve bazen kuru \u00fcz\u00fcm ya da elma par\u00e7alar\u0131yla zenginle\u015fiyor. Brugge\u2019nin masals\u0131 sokaklar\u0131nda \u00e7ikolata kokusunu takip edebilir, Br\u00fcksel\u2019de karamel soslu waffle\u2019lar ile lezzet dolu bir deneyim ya\u015fayabilirsiniz.\ud83c\udf07 Tatl\u0131 molalar\u0131 aras\u0131nda kanal kenar\u0131nda y\u00fcr\u00fcy\u00fc\u015f yapabilir, \u015fehrin e\u015fsiz Orta \u00c7a\u011f mimarisini ke\u015ffedebilirsiniz. Farkl\u0131 maceralar ve renkli lezzetlerle tan\u0131\u015fmak isteyenler i\u00e7in\u00a0<strong><a href=\"https:\/\/www.turna.com\/ucak-bileti\/belcika\" data-type=\"link\" data-id=\"https:\/\/www.turna.com\/ucak-bileti\/belcika\">Bel\u00e7ika u\u00e7ak bileti<\/a><\/strong>\u00a0se\u00e7enekleri avantajl\u0131 fiyatlarla Turna\u2019da!<\/p>\n\n\n\n<h3 class=\"wp-block-heading\"><span class=\"ez-toc-section\" id=\"lizbon_portekiz\"><\/span>Lizbon, Portekiz<span class=\"ez-toc-section-end\"><\/span><\/h3>\n\n\n\n<figure class=\"wp-block-image size-large\"><img width=\"1600\" height=\"1000\" data-public-id=\"wordpress-contents\/lizbon_gezilecek_yerler\/lizbon_gezilecek_yerler.webp\" decoding=\"async\" src=\"https:\/\/res.cloudinary.com\/turna\/images\/w_1600,h_1000,c_scale\/f_auto,q_auto:low\/v1727268516\/wordpress-contents\/lizbon_gezilecek_yerler\/lizbon_gezilecek_yerler.webp?_i=AA\" alt=\"Lizbon gezilecek yerler\" class=\"wp-post-24960 wp-image-23204\" data-format=\"webp\" data-transformations=\"f_auto,q_auto:low\" data-version=\"1727268516\" data-seo=\"1\" srcset=\"https:\/\/res.cloudinary.com\/turna\/images\/f_auto,q_auto:low\/v1727268516\/wordpress-contents\/lizbon_gezilecek_yerler\/lizbon_gezilecek_yerler.webp?_i=AA 1600w, https:\/\/res.cloudinary.com\/turna\/images\/w_800,h_500,c_scale\/f_auto,q_auto:low\/v1727268516\/wordpress-contents\/lizbon_gezilecek_yerler\/lizbon_gezilecek_yerler.webp?_i=AA 800w, https:\/\/res.cloudinary.com\/turna\/images\/w_1024,h_640,c_scale\/f_auto,q_auto:low\/v1727268516\/wordpress-contents\/lizbon_gezilecek_yerler\/lizbon_gezilecek_yerler.webp?_i=AA 1024w, https:\/\/res.cloudinary.com\/turna\/images\/w_300,h_188,c_scale\/f_auto,q_auto:low\/v1727268516\/wordpress-contents\/lizbon_gezilecek_yerler\/lizbon_gezilecek_yerler.webp?_i=AA 300w, https:\/\/res.cloudinary.com\/turna\/images\/w_1536,h_960,c_scale\/f_auto,q_auto:low\/v1727268516\/wordpress-contents\/lizbon_gezilecek_yerler\/lizbon_gezilecek_yerler.webp?_i=AA 1536w, https:\/\/res.cloudinary.com\/turna\/images\/w_672,h_420,c_scale\/f_auto,q_auto:low\/v1727268516\/wordpress-contents\/lizbon_gezilecek_yerler\/lizbon_gezilecek_yerler.webp?_i=AA 672w, https:\/\/res.cloudinary.com\/turna\/images\/w_640,h_400,c_scale\/f_auto,q_auto:low\/v1727268516\/wordpress-contents\/lizbon_gezilecek_yerler\/lizbon_gezilecek_yerler.webp?_i=AA 640w, https:\/\/res.cloudinary.com\/turna\/images\/w_681,h_426,c_scale\/f_auto,q_auto:low\/v1727268516\/wordpress-contents\/lizbon_gezilecek_yerler\/lizbon_gezilecek_yerler.webp?_i=AA 681w\" sizes=\"(max-width: 1600px) 100vw, 1600px\" \/><\/figure>\n\n\n\n<p>Lizbon, tatl\u0131lar konusunda da iddial\u0131 \u00f6zel bir rota. Alt\u0131n renkli kremas\u0131 ve \u00e7\u0131t\u0131r hamuruyla pastel de nata, tar\u00e7\u0131n kokusuyla b\u00f6lgenin en \u00fcnl\u00fc lezzeti. Vi\u015fne lik\u00f6r\u00fcyle servis edilen ginjinha\u2019l\u0131 tatl\u0131lar ve bademden yap\u0131lan bolo de amendoa da mutlaka denenmeli. Alfama\u2019n\u0131n dar sokaklar\u0131nda f\u0131r\u0131nlardan y\u00fckselen vanilya kokusunu takip ederken, Tejo Nehri manzaras\u0131nda kahvenizi yudumlayabilir ve Lizbon\u2019un s\u0131cak, davetkar ruhunu hissedebilirsiniz. \ud83c\udf0a\ud83c\udf4b Ke\u015ffinize renk katacak pek \u00e7ok keyifli otel alternatifine Turna\u2019n\u0131n&nbsp;<strong><a href=\"https:\/\/www.turna.com\/otel\/lizbon\">Lizbon otelleri<\/a>&nbsp;<\/strong>sayfas\u0131 \u00fczerinden ula\u015fabilirsiniz.<\/p>\n\n\n\n<h3 class=\"wp-block-heading\"><span class=\"ez-toc-section\" id=\"leipzig_almanya\"><\/span>Leipzig, Almanya<span class=\"ez-toc-section-end\"><\/span><\/h3>\n\n\n\n<figure class=\"wp-block-image size-large is-resized\"><img decoding=\"async\" src=\"https:\/\/res.cloudinary.com\/turna\/image\/upload\/v1754898126\/wordpress-contents\/leipzig.jpg\" alt=\"\" style=\"width:1200px;height:auto\"\/><\/figure>\n\n\n\n<p>Leipzig, tatl\u0131 severler i\u00e7in Almanya\u2019n\u0131n sakl\u0131 hazinelerinden biri olarak \u015fans verilmesi gereken duraklar aras\u0131nda. \ud83c\udf52\ud83c\udf70 Kat kat \u00e7ikolata, krema ve vi\u015fneyle haz\u0131rlanan schwarzwalder kirschtorte ve re\u00e7el dolgulu yumu\u015fac\u0131k berliner burada mutlaka denenmesi gereken lezzetlerden. \u015eehirde tatl\u0131 molalar\u0131n\u0131z\u0131n ard\u0131ndan tarihi Auerbachs Keller\u2019i g\u00f6rebilir, Thomaskirche\u2019de Bach\u2019\u0131n izini s\u00fcrebilir veya Markt Meydan\u0131\u2019nda kurulan pazarlar\u0131 gezebilirsiniz. Leipzig, hem mutfa\u011f\u0131 hem de zengin k\u00fclt\u00fcrel dokusuyla dama\u011f\u0131n\u0131zda da haf\u0131zan\u0131zda da yer edinmeye aday. \ud83c\udfb6\ud83c\udfdb\ufe0f <strong><a href=\"https:\/\/www.turna.com\/ucak-bileti\/almanya\" data-type=\"link\" data-id=\"https:\/\/www.turna.com\/ucak-bileti\/almanya\">Almanya u\u00e7ak bileti<\/a><\/strong> se\u00e7enekleri avantajl\u0131 fiyatlarla Turna\u2019da!<\/p>\n\n\n\n<h3 class=\"wp-block-heading\"><span class=\"ez-toc-section\" id=\"madrid_ispanya\"><\/span>Madrid, \u0130spanya<span class=\"ez-toc-section-end\"><\/span><\/h3>\n\n\n\n<figure class=\"wp-block-image size-large\"><img width=\"1600\" height=\"1000\" data-public-id=\"wordpress-contents\/madrid_gezilecek_yerler\/madrid_gezilecek_yerler.webp\" decoding=\"async\" src=\"https:\/\/res.cloudinary.com\/turna\/images\/w_1600,h_1000,c_scale\/f_auto,q_auto:low\/v1726758356\/wordpress-contents\/madrid_gezilecek_yerler\/madrid_gezilecek_yerler.webp?_i=AA\" alt=\"Madrid gezilecek yerler\" class=\"wp-post-24960 wp-image-23140\" data-format=\"webp\" data-transformations=\"f_auto,q_auto:low\" data-version=\"1726758356\" data-seo=\"1\" srcset=\"https:\/\/res.cloudinary.com\/turna\/images\/f_auto,q_auto:low\/v1726758356\/wordpress-contents\/madrid_gezilecek_yerler\/madrid_gezilecek_yerler.webp?_i=AA 1600w, https:\/\/res.cloudinary.com\/turna\/images\/w_800,h_500,c_scale\/f_auto,q_auto:low\/v1726758356\/wordpress-contents\/madrid_gezilecek_yerler\/madrid_gezilecek_yerler.webp?_i=AA 800w, https:\/\/res.cloudinary.com\/turna\/images\/w_1024,h_640,c_scale\/f_auto,q_auto:low\/v1726758356\/wordpress-contents\/madrid_gezilecek_yerler\/madrid_gezilecek_yerler.webp?_i=AA 1024w, https:\/\/res.cloudinary.com\/turna\/images\/w_300,h_188,c_scale\/f_auto,q_auto:low\/v1726758356\/wordpress-contents\/madrid_gezilecek_yerler\/madrid_gezilecek_yerler.webp?_i=AA 300w, https:\/\/res.cloudinary.com\/turna\/images\/w_1536,h_960,c_scale\/f_auto,q_auto:low\/v1726758356\/wordpress-contents\/madrid_gezilecek_yerler\/madrid_gezilecek_yerler.webp?_i=AA 1536w, https:\/\/res.cloudinary.com\/turna\/images\/w_672,h_420,c_scale\/f_auto,q_auto:low\/v1726758356\/wordpress-contents\/madrid_gezilecek_yerler\/madrid_gezilecek_yerler.webp?_i=AA 672w, https:\/\/res.cloudinary.com\/turna\/images\/w_640,h_400,c_scale\/f_auto,q_auto:low\/v1726758356\/wordpress-contents\/madrid_gezilecek_yerler\/madrid_gezilecek_yerler.webp?_i=AA 640w, https:\/\/res.cloudinary.com\/turna\/images\/w_681,h_426,c_scale\/f_auto,q_auto:low\/v1726758356\/wordpress-contents\/madrid_gezilecek_yerler\/madrid_gezilecek_yerler.webp?_i=AA 681w\" sizes=\"(max-width: 1600px) 100vw, 1600px\" \/><\/figure>\n\n\n\n<p>Madrid, tatl\u0131yla g\u00fcne ba\u015flamay\u0131 sevenlerin \u015fehri olarak ke\u015ffinizi bekleyen rotalar aras\u0131nda. \u2615\ud83c\udf69 S\u0131cac\u0131k \u00e7ikolataya bat\u0131r\u0131lan \u00e7\u0131t\u0131r churros, badem kremas\u0131yla dolu tarta de Santiago ve tar\u00e7\u0131nl\u0131 s\u00fctl\u00fc tatl\u0131 arroz con leche burada mutlaka denenmesi gereken lezzetler. Tatl\u0131 molalar\u0131n\u0131z\u0131n ard\u0131ndan Plaza Mayor\u2019un tarihi atmosferinde y\u00fcr\u00fcyebilir, Prado M\u00fczesi\u2019nde sanat dolu saatler ge\u00e7irebilir veya Retiro Park\u0131\u2019nda g\u00fcn bat\u0131m\u0131n\u0131 izleyebilirsiniz. Madrid, hem dama\u011f\u0131n\u0131z\u0131 hem ruhunuzu doyuracak tatl\u0131 ve renkli bir durak. \ud83c\udf07<\/p>\n\n\n\n<h3 class=\"wp-block-heading\"><span class=\"ez-toc-section\" id=\"budapeste_macaristan\"><\/span>Budape\u015fte, Macaristan<span class=\"ez-toc-section-end\"><\/span><\/h3>\n\n\n\n<figure class=\"wp-block-image size-full is-resized\"><img width=\"800\" height=\"500\" loading=\"lazy\" decoding=\"async\" src=\"data:image\/svg+xml;base64,PHN2ZyB4bWxucz0iaHR0cDovL3d3dy53My5vcmcvMjAwMC9zdmciIHdpZHRoPSI4MDAiIGhlaWdodD0iNTAwIj48cmVjdCB3aWR0aD0iMTAwJSIgaGVpZ2h0PSIxMDAlIj48YW5pbWF0ZSBhdHRyaWJ1dGVOYW1lPSJmaWxsIiB2YWx1ZXM9InJnYmEoMTUzLDE1MywxNTMsMC41KTtyZ2JhKDE1MywxNTMsMTUzLDAuMSk7cmdiYSgxNTMsMTUzLDE1MywwLjUpIiBkdXI9IjJzIiByZXBlYXRDb3VudD0iaW5kZWZpbml0ZSIgLz48L3JlY3Q+PC9zdmc+\" alt=\"\" class=\"wp-post-24960 wp-image-15619\" style=\"width:1200px;height:auto\" data-public-id=\"Budapeste-Kalesi_akgqlw\/Budapeste-Kalesi_akgqlw.jpg\" data-format=\"jpg\" data-transformations=\"q_auto,f_auto\/f_auto,q_auto:low\" data-version=\"1553551943\" data-seo=\"1\" data-size=\"800 500\" data-srcset=\"https:\/\/res.cloudinary.com\/turna\/images\/q_auto,f_auto\/q_auto,f_auto\/f_auto,q_auto:low\/v1553551943\/Budapeste-Kalesi_akgqlw\/Budapeste-Kalesi_akgqlw.jpg?_i=AA 800w, https:\/\/res.cloudinary.com\/turna\/images\/w_300,h_188,c_scale\/q_auto,f_auto\/q_auto,f_auto\/f_auto,q_auto:low\/v1553551943\/Budapeste-Kalesi_akgqlw\/Budapeste-Kalesi_akgqlw.jpg?_i=AA 300w, https:\/\/res.cloudinary.com\/turna\/images\/w_672,h_420,c_scale\/q_auto,f_auto\/q_auto,f_auto\/f_auto,q_auto:low\/v1553551943\/Budapeste-Kalesi_akgqlw\/Budapeste-Kalesi_akgqlw.jpg?_i=AA 672w, https:\/\/res.cloudinary.com\/turna\/images\/w_640,h_400,c_scale\/q_auto,f_auto\/q_auto,f_auto\/f_auto,q_auto:low\/v1553551943\/Budapeste-Kalesi_akgqlw\/Budapeste-Kalesi_akgqlw.jpg?_i=AA 640w, https:\/\/res.cloudinary.com\/turna\/images\/w_681,h_426,c_scale\/q_auto,f_auto\/q_auto,f_auto\/f_auto,q_auto:low\/v1553551943\/Budapeste-Kalesi_akgqlw\/Budapeste-Kalesi_akgqlw.jpg?_i=AA 681w\" data-sizes=\"(max-width: 800px) 100vw, 800px\" data-delivery=\"upload\" onload=\";window.CLDBind?CLDBind(this):null;\" data-cloudinary=\"lazy\" \/><\/figure>\n\n\n\n<p>Avrupa tatl\u0131 haritas\u0131 listemizin son \u015fehri olan Budape\u015fte, tatl\u0131lar\u0131n ba\u015frolde oldu\u011fu bir \u015fehir. D\u0131\u015f\u0131 \u00e7\u0131t\u0131r, i\u00e7i yumu\u015fac\u0131k baca keki, vanilya kremas\u0131yla efsanele\u015fen kremes ve vi\u015fneli ya da ha\u015fha\u015fl\u0131 strudel mutlaka tad\u0131lmas\u0131 gereken lezzetlerden. Yaz aylar\u0131nda tar\u00e7\u0131nl\u0131 \u015fekerle kapl\u0131 erikli mant\u0131, k\u0131\u015f\u0131n ise s\u0131cak \u00e7ikolata e\u015fli\u011finde Gundel krepi \u015fehrin en tatl\u0131 ka\u00e7amaklar\u0131. Tatl\u0131 molalar\u0131n\u0131z\u0131n ard\u0131ndan Tuna Nehri k\u0131y\u0131s\u0131nda y\u00fcr\u00fcyebilir, Buda Kalesi\u2019nden panoramik manzaray\u0131 izleyebilir ve g\u00fcn bat\u0131m\u0131n\u0131 Zincir K\u00f6pr\u00fc \u00fczerinden seyredebilirsiniz. \ud83c\udf09 <strong><a href=\"https:\/\/www.turna.com\/otel\/budapeste\" data-type=\"link\" data-id=\"https:\/\/www.turna.com\/otel\/budapeste\">Budape\u015fte otelleri<\/a><\/strong> cazip fiyatlar ve avantajl\u0131 kampanyalarla Turna\u2019da!<\/p>\n\n\n\n<h2 class=\"wp-block-heading\"><span class=\"ez-toc-section\" id=\"bu_rotalarda_bunlari_da_deneyin\"><\/span>Bu Rotalarda Bunlar\u0131 da Deneyin!<span class=\"ez-toc-section-end\"><\/span><\/h2>\n\n\n\n<ul class=\"wp-block-list\">\n<li>\ud83c\udf72<strong> Viyana, Avusturya: <\/strong>Wiener schnitzel ile keyifli bir yemek molas\u0131 verin, ard\u0131ndan Sch\u00f6nbrunn Saray\u0131\u2019n\u0131n bah\u00e7elerinde dola\u015f\u0131n.<\/li>\n\n\n\n<li><strong>\ud83c\udf55 Napoli, \u0130talya: <\/strong>Odun f\u0131r\u0131n\u0131nda pizzan\u0131n tad\u0131n\u0131 \u00e7\u0131kar\u0131n ve Capri\u2019ye uzanan masmavi sulara yelken a\u00e7\u0131n.<\/li>\n\n\n\n<li><strong>\ud83e\udd56 Paris, Fransa: <\/strong>Taze baget sandvi\u00e7inizi al\u0131n ve Louvre\u2019un koridorlar\u0131nda kaybolun.<\/li>\n\n\n\n<li><strong>\ud83c\udf5f Bruges, Bel\u00e7ika:<\/strong> Patates k\u0131zartman\u0131zla kanallar boyunca keyifli bir tur yap\u0131n.<\/li>\n\n\n\n<li><strong>\ud83e\udd57 Lizbon, Portekiz:<\/strong> Deniz \u00fcr\u00fcnl\u00fc salatan\u0131z\u0131n ard\u0131ndan \u015fehri Tram 28\u2019in penceresinden izleyin.<\/li>\n\n\n\n<li><strong>\ud83e\udd69 Leipzig, Almanya: <\/strong>Sosis taba\u011f\u0131yla lezzetli bir mola verin ve \u00fcnl\u00fc m\u00fczede Bach\u2019\u0131n izini s\u00fcr\u00fcn.<\/li>\n\n\n\n<li><strong>\ud83e\udd58 Madrid, \u0130spanya:<\/strong> Paella e\u015fli\u011finde \u00f6\u011flen keyfi yap\u0131n, Prado\u2019da sanatla ba\u015f ba\u015fa kal\u0131n.<\/li>\n\n\n\n<li><strong>\ud83c\udff0 Budape\u015fte, Macaristan: <\/strong>S\u0131cak gula\u015fla i\u00e7inizi \u0131s\u0131t\u0131n, Buda Kalesi\u2019nden \u015fehrin manzaras\u0131n\u0131 seyredin.<\/li>\n<\/ul>\n\n\n\n<p><br><\/p>\n\n    <div class=\"xs_social_share_widget xs_share_url after_content \t\tmain_content  wslu-style-1 wslu-share-box-shaped wslu-fill-colored wslu-none wslu-share-horizontal wslu-theme-font-no wslu-main_content\">\n\n\t\t\n        <ul>\n\t\t\t        <\/ul>\n    <\/div> \n","protected":false},"excerpt":{"rendered":"<p>Pastane vitrinlerine bakmak dahi sizi mutlu ediyor, sevdi\u011finiz tatl\u0131lar\u0131n kokusunu uzaktan bile ay\u0131rt edebiliyorsan\u0131z, tam da olman\u0131z gereken yerdesiniz. \ud83e\udd50\ud83c\udf6b Avrupa, sadece tarihi sokaklar\u0131 ve b\u00fcy\u00fcleyici manzaralar\u0131yla de\u011fil, tatl\u0131 severler i\u00e7in farkl\u0131 deneyimlerin kap\u0131lar\u0131n\u0131 aralayan \u00f6zel lezzetleriyle de be\u011feni topluyor. Avrupa\u2019n\u0131n d\u00f6rt bir yan\u0131ndan, \u015fehrin ruhunu tatl\u0131 tabaklar\u0131nda sunan lezzet duraklar\u0131 sayfan\u0131n devam\u0131nda ke\u015ffinizi bekliyor. [&hellip;]<\/p>\n","protected":false},"author":44,"featured_media":24961,"comment_status":"open","ping_status":"open","sticky":false,"template":"","format":"standard","meta":{"rop_custom_images_group":[],"rop_custom_messages_group":[],"rop_publish_now":"yes","rop_publish_now_accounts":[],"rop_publish_now_history":[],"rop_publish_now_status":"pending","_cloudinary_featured_overwrite":false,"footnotes":""},"categories":[695,1],"tags":[],"class_list":["post-24960","post","type-post","status-publish","format-standard","has-post-thumbnail","hentry","category-gurme","category-seyahat-rehberi"],"_links":{"self":[{"href":"https:\/\/www.turna.com\/blog\/wp-json\/wp\/v2\/posts\/24960","targetHints":{"allow":["GET"]}}],"collection":[{"href":"https:\/\/www.turna.com\/blog\/wp-json\/wp\/v2\/posts"}],"about":[{"href":"https:\/\/www.turna.com\/blog\/wp-json\/wp\/v2\/types\/post"}],"author":[{"embeddable":true,"href":"https:\/\/www.turna.com\/blog\/wp-json\/wp\/v2\/users\/44"}],"replies":[{"embeddable":true,"href":"https:\/\/www.turna.com\/blog\/wp-json\/wp\/v2\/comments?post=24960"}],"version-history":[{"count":0,"href":"https:\/\/www.turna.com\/blog\/wp-json\/wp\/v2\/posts\/24960\/revisions"}],"wp:featuredmedia":[{"embeddable":true,"href":"https:\/\/www.turna.com\/blog\/wp-json\/wp\/v2\/media\/24961"}],"wp:attachment":[{"href":"https:\/\/www.turna.com\/blog\/wp-json\/wp\/v2\/media?parent=24960"}],"wp:term":[{"taxonomy":"category","embeddable":true,"href":"https:\/\/www.turna.com\/blog\/wp-json\/wp\/v2\/categories?post=24960"},{"taxonomy":"post_tag","embeddable":true,"href":"https:\/\/www.turna.com\/blog\/wp-json\/wp\/v2\/tags?post=24960"}],"curies":[{"name":"wp","href":"https:\/\/api.w.org\/{rel}","templated":true}]}}