{"id":24951,"date":"2025-08-07T11:28:45","date_gmt":"2025-08-07T08:28:45","guid":{"rendered":"https:\/\/www.turna.com\/blog\/?p=24951"},"modified":"2025-08-11T13:00:23","modified_gmt":"2025-08-11T10:00:23","slug":"agustos-burc-yorumlarina-gore-seyahat-rotalari","status":"publish","type":"post","link":"https:\/\/www.turna.com\/blog\/agustos-burc-yorumlarina-gore-seyahat-rotalari","title":{"rendered":"A\u011fustos Bur\u00e7 Yorumlar\u0131na G\u00f6re Seyahat Rotalar\u0131"},"content":{"rendered":"<div id=\"ez-toc-container\" class=\"ez-toc-v2_0_82_2 counter-hierarchy ez-toc-counter ez-toc-black ez-toc-container-direction\">\n<div class=\"ez-toc-title-container\">\n<p class=\"ez-toc-title\" style=\"cursor:inherit\">\u0130\u00e7indekiler<\/p>\n<span class=\"ez-toc-title-toggle\"><a href=\"#\" class=\"ez-toc-pull-right ez-toc-btn ez-toc-btn-xs ez-toc-btn-default ez-toc-toggle\" aria-label=\"\u0130\u00e7indekiler Tablosunu A\u00e7\/Kapat\"><span class=\"ez-toc-js-icon-con\"><span class=\"\"><span class=\"eztoc-hide\" style=\"display:none;\">Toggle<\/span><span class=\"ez-toc-icon-toggle-span\"><svg style=\"fill: #ffffff;color:#ffffff\" xmlns=\"http:\/\/www.w3.org\/2000\/svg\" class=\"list-377408\" width=\"20px\" height=\"20px\" viewBox=\"0 0 24 24\" fill=\"none\"><path d=\"M6 6H4v2h2V6zm14 0H8v2h12V6zM4 11h2v2H4v-2zm16 0H8v2h12v-2zM4 16h2v2H4v-2zm16 0H8v2h12v-2z\" fill=\"currentColor\"><\/path><\/svg><svg style=\"fill: #ffffff;color:#ffffff\" class=\"arrow-unsorted-368013\" xmlns=\"http:\/\/www.w3.org\/2000\/svg\" width=\"10px\" height=\"10px\" viewBox=\"0 0 24 24\" version=\"1.2\" baseProfile=\"tiny\"><path d=\"M18.2 9.3l-6.2-6.3-6.2 6.3c-.2.2-.3.4-.3.7s.1.5.3.7c.2.2.4.3.7.3h11c.3 0 .5-.1.7-.3.2-.2.3-.5.3-.7s-.1-.5-.3-.7zM5.8 14.7l6.2 6.3 6.2-6.3c.2-.2.3-.5.3-.7s-.1-.5-.3-.7c-.2-.2-.4-.3-.7-.3h-11c-.3 0-.5.1-.7.3-.2.2-.3.5-.3.7s.1.5.3.7z\"\/><\/svg><\/span><\/span><\/span><\/a><\/span><\/div>\n<nav><ul class='ez-toc-list ez-toc-list-level-1 eztoc-toggle-hide-by-default' ><li class='ez-toc-page-1 ez-toc-heading-level-2'><a class=\"ez-toc-link ez-toc-heading-1\" href=\"https:\/\/www.turna.com\/blog\/agustos-burc-yorumlarina-gore-seyahat-rotalari\/#koc_burcu_icin_agustos_ayi_seyahat_rotalari\" >Ko\u00e7 Burcu i\u00e7in A\u011fustos Ay\u0131 Seyahat Rotalar\u0131<\/a><ul class='ez-toc-list-level-3' ><li class='ez-toc-heading-level-3'><a class=\"ez-toc-link ez-toc-heading-2\" href=\"https:\/\/www.turna.com\/blog\/agustos-burc-yorumlarina-gore-seyahat-rotalari\/#agustos_2025_koc_burclarina_ozel_rota_onerileri\" >A\u011fustos 2025 Ko\u00e7 Bur\u00e7lar\u0131na \u00d6zel Rota \u00d6nerileri:<\/a><\/li><\/ul><\/li><li class='ez-toc-page-1 ez-toc-heading-level-2'><a class=\"ez-toc-link ez-toc-heading-3\" href=\"https:\/\/www.turna.com\/blog\/agustos-burc-yorumlarina-gore-seyahat-rotalari\/#boga_burcu_agustos_ayi_seyahat_rotalari\" >Bo\u011fa Burcu A\u011fustos Ay\u0131 Seyahat Rotalar\u0131<\/a><ul class='ez-toc-list-level-3' ><li class='ez-toc-heading-level-3'><a class=\"ez-toc-link ez-toc-heading-4\" href=\"https:\/\/www.turna.com\/blog\/agustos-burc-yorumlarina-gore-seyahat-rotalari\/#agustos_2025_boga_burclarina_ozel_rota_onerileri\" >A\u011fustos 2025 Bo\u011fa Bur\u00e7lar\u0131na \u00d6zel Rota \u00d6nerileri:<\/a><\/li><\/ul><\/li><li class='ez-toc-page-1 ez-toc-heading-level-2'><a class=\"ez-toc-link ez-toc-heading-5\" href=\"https:\/\/www.turna.com\/blog\/agustos-burc-yorumlarina-gore-seyahat-rotalari\/#ikizler_burcu_agustos_ayi_seyahat_rotalari\" >\u0130kizler Burcu A\u011fustos Ay\u0131 Seyahat Rotalar\u0131<\/a><ul class='ez-toc-list-level-3' ><li class='ez-toc-heading-level-3'><a class=\"ez-toc-link ez-toc-heading-6\" href=\"https:\/\/www.turna.com\/blog\/agustos-burc-yorumlarina-gore-seyahat-rotalari\/#agustos_2025_ikizler_burclarina_ozel_rota_onerileri\" >A\u011fustos 2025 \u0130kizler Bur\u00e7lar\u0131na \u00d6zel Rota \u00d6nerileri:<\/a><\/li><\/ul><\/li><li class='ez-toc-page-1 ez-toc-heading-level-2'><a class=\"ez-toc-link ez-toc-heading-7\" href=\"https:\/\/www.turna.com\/blog\/agustos-burc-yorumlarina-gore-seyahat-rotalari\/#yengec_burcu_agustos_ayi_seyahat_rotalari\" >Yenge\u00e7 Burcu A\u011fustos Ay\u0131 Seyahat Rotalar\u0131<\/a><ul class='ez-toc-list-level-3' ><li class='ez-toc-heading-level-3'><a class=\"ez-toc-link ez-toc-heading-8\" href=\"https:\/\/www.turna.com\/blog\/agustos-burc-yorumlarina-gore-seyahat-rotalari\/#agustos_2025_yengec_burclarina_ozel_rota_onerileri\" >A\u011fustos 2025 Yenge\u00e7 Bur\u00e7lar\u0131na \u00d6zel Rota \u00d6nerileri:<\/a><\/li><\/ul><\/li><li class='ez-toc-page-1 ez-toc-heading-level-2'><a class=\"ez-toc-link ez-toc-heading-9\" href=\"https:\/\/www.turna.com\/blog\/agustos-burc-yorumlarina-gore-seyahat-rotalari\/#aslan_burcu_agustos_ayi_seyahat_rotalari\" >Aslan Burcu A\u011fustos Ay\u0131 Seyahat Rotalar\u0131<\/a><ul class='ez-toc-list-level-3' ><li class='ez-toc-heading-level-3'><a class=\"ez-toc-link ez-toc-heading-10\" href=\"https:\/\/www.turna.com\/blog\/agustos-burc-yorumlarina-gore-seyahat-rotalari\/#agustos_2025_aslan_burclarina_ozel_rota_onerileri\" >A\u011fustos 2025 Aslan Bur\u00e7lar\u0131na \u00d6zel Rota \u00d6nerileri:<\/a><\/li><\/ul><\/li><li class='ez-toc-page-1 ez-toc-heading-level-2'><a class=\"ez-toc-link ez-toc-heading-11\" href=\"https:\/\/www.turna.com\/blog\/agustos-burc-yorumlarina-gore-seyahat-rotalari\/#basak_burcu_agustos_ayi_seyahat_rotalari\" >Ba\u015fak Burcu A\u011fustos Ay\u0131 Seyahat Rotalar\u0131<\/a><ul class='ez-toc-list-level-3' ><li class='ez-toc-heading-level-3'><a class=\"ez-toc-link ez-toc-heading-12\" href=\"https:\/\/www.turna.com\/blog\/agustos-burc-yorumlarina-gore-seyahat-rotalari\/#agustos_2025_basak_burclarina_ozel_rota_onerileri\" >A\u011fustos 2025 Ba\u015fak Bur\u00e7lar\u0131na \u00d6zel Rota \u00d6nerileri:<\/a><\/li><\/ul><\/li><li class='ez-toc-page-1 ez-toc-heading-level-2'><a class=\"ez-toc-link ez-toc-heading-13\" href=\"https:\/\/www.turna.com\/blog\/agustos-burc-yorumlarina-gore-seyahat-rotalari\/#terazi_burcu_agustos_ayi_seyahat_rotalari\" >Terazi Burcu A\u011fustos Ay\u0131 Seyahat Rotalar\u0131<\/a><ul class='ez-toc-list-level-3' ><li class='ez-toc-heading-level-3'><a class=\"ez-toc-link ez-toc-heading-14\" href=\"https:\/\/www.turna.com\/blog\/agustos-burc-yorumlarina-gore-seyahat-rotalari\/#agustos_2025_terazi_burclarina_ozel_rota_onerileri\" >A\u011fustos 2025 Terazi Bur\u00e7lar\u0131na \u00d6zel Rota \u00d6nerileri:<\/a><\/li><\/ul><\/li><li class='ez-toc-page-1 ez-toc-heading-level-2'><a class=\"ez-toc-link ez-toc-heading-15\" href=\"https:\/\/www.turna.com\/blog\/agustos-burc-yorumlarina-gore-seyahat-rotalari\/#akrep_burcu_agustos_ayi_seyahat_rotalari\" >Akrep Burcu A\u011fustos Ay\u0131 Seyahat Rotalar\u0131<\/a><ul class='ez-toc-list-level-3' ><li class='ez-toc-heading-level-3'><a class=\"ez-toc-link ez-toc-heading-16\" href=\"https:\/\/www.turna.com\/blog\/agustos-burc-yorumlarina-gore-seyahat-rotalari\/#agustos_2025_akrep_burclarina_ozel_rota_onerileri\" >A\u011fustos 2025 Akrep Bur\u00e7lar\u0131na \u00d6zel Rota \u00d6nerileri:<\/a><\/li><\/ul><\/li><li class='ez-toc-page-1 ez-toc-heading-level-2'><a class=\"ez-toc-link ez-toc-heading-17\" href=\"https:\/\/www.turna.com\/blog\/agustos-burc-yorumlarina-gore-seyahat-rotalari\/#yay_burcu_agustos_ayi_seyahat_rotalari\" >Yay Burcu A\u011fustos Ay\u0131 Seyahat Rotalar\u0131<\/a><ul class='ez-toc-list-level-3' ><li class='ez-toc-heading-level-3'><a class=\"ez-toc-link ez-toc-heading-18\" href=\"https:\/\/www.turna.com\/blog\/agustos-burc-yorumlarina-gore-seyahat-rotalari\/#agustos_2025_yay_burclarina_ozel_rota_onerileri\" >A\u011fustos 2025 Yay Bur\u00e7lar\u0131na \u00d6zel Rota \u00d6nerileri:<\/a><\/li><\/ul><\/li><li class='ez-toc-page-1 ez-toc-heading-level-2'><a class=\"ez-toc-link ez-toc-heading-19\" href=\"https:\/\/www.turna.com\/blog\/agustos-burc-yorumlarina-gore-seyahat-rotalari\/#oglak_burcu_agustos_ayi_seyahat_rotalari\" >O\u011flak Burcu A\u011fustos Ay\u0131 Seyahat Rotalar\u0131<\/a><ul class='ez-toc-list-level-3' ><li class='ez-toc-heading-level-3'><a class=\"ez-toc-link ez-toc-heading-20\" href=\"https:\/\/www.turna.com\/blog\/agustos-burc-yorumlarina-gore-seyahat-rotalari\/#agustos_2025_oglak_burclarina_ozel_rota_onerileri\" >A\u011fustos 2025 O\u011flak Bur\u00e7lar\u0131na \u00d6zel Rota \u00d6nerileri:<\/a><\/li><\/ul><\/li><li class='ez-toc-page-1 ez-toc-heading-level-2'><a class=\"ez-toc-link ez-toc-heading-21\" href=\"https:\/\/www.turna.com\/blog\/agustos-burc-yorumlarina-gore-seyahat-rotalari\/#kova_burcu_agustos_ayi_seyahat_rotalari\" >Kova Burcu A\u011fustos Ay\u0131 Seyahat Rotalar\u0131<\/a><ul class='ez-toc-list-level-3' ><li class='ez-toc-heading-level-3'><a class=\"ez-toc-link ez-toc-heading-22\" href=\"https:\/\/www.turna.com\/blog\/agustos-burc-yorumlarina-gore-seyahat-rotalari\/#agustos_2025_kova_burclarina_ozel_rota_onerileri\" >A\u011fustos 2025 Kova Bur\u00e7lar\u0131na \u00d6zel Rota \u00d6nerileri:<\/a><\/li><\/ul><\/li><li class='ez-toc-page-1 ez-toc-heading-level-2'><a class=\"ez-toc-link ez-toc-heading-23\" href=\"https:\/\/www.turna.com\/blog\/agustos-burc-yorumlarina-gore-seyahat-rotalari\/#balik_burcu_agustos_ayi_seyahat_rotalari\" >Bal\u0131k Burcu A\u011fustos Ay\u0131 Seyahat Rotalar\u0131<\/a><ul class='ez-toc-list-level-3' ><li class='ez-toc-heading-level-3'><a class=\"ez-toc-link ez-toc-heading-24\" href=\"https:\/\/www.turna.com\/blog\/agustos-burc-yorumlarina-gore-seyahat-rotalari\/#agustos_2025_balik_burclarina_ozel_rota_onerileri\" >A\u011fustos 2025 Bal\u0131k Bur\u00e7lar\u0131na \u00d6zel Rota \u00d6nerileri:<\/a><\/li><\/ul><\/li><\/ul><\/nav><\/div>\n\n<p>Yaz aylar\u0131n\u0131n en canl\u0131 ve en hareketli zaman\u0131 olan A\u011fustos ay\u0131 geldi. G\u00fcne\u015fin en parlak y\u00fcz\u00fcn\u00fc g\u00f6sterdi\u011fi bu c\u0131v\u0131l c\u0131v\u0131l yaz ay\u0131nda, ruhumuz da t\u0131pk\u0131 yaz aylar\u0131 gibi renkleniyor. Ke\u015ffetme arzusu art\u0131yor, tatil planlar\u0131 \u00e7ok daha keyifli hale geliyor. Peki y\u0131ld\u0131zlar bu ay i\u00e7in bur\u00e7lara hangi rotalar\u0131 f\u0131s\u0131ld\u0131yor? \ud83c\udf1f Burcunuza \u00f6zel seyahat \u00f6nerileriyle, yeni rotalar ke\u015ffetmenizin tam zaman\u0131! \u2708\ufe0f A\u011fustos bur\u00e7 yorumlar\u0131na g\u00f6re ilham veren tatil alternatifleri sizi bekliyor.<\/p>\n\n\n\n<h2 class=\"wp-block-heading\"><span class=\"ez-toc-section\" id=\"koc_burcu_icin_agustos_ayi_seyahat_rotalari\"><\/span><strong>Ko\u00e7 Burcu i\u00e7in A\u011fustos Ay\u0131 Seyahat Rotalar\u0131<\/strong><span class=\"ez-toc-section-end\"><\/span><\/h2>\n\n\n\n<figure class=\"wp-block-image size-full is-resized\"><img width=\"800\" height=\"500\" data-public-id=\"Marmaris_ttmmxo\/Marmaris_ttmmxo.jpg\" fetchpriority=\"high\" decoding=\"async\" src=\"https:\/\/res.cloudinary.com\/turna\/images\/w_800,h_500,c_scale\/f_auto,q_auto:low\/v1570538017\/Marmaris_ttmmxo\/Marmaris_ttmmxo.jpg?_i=AA\" alt=\"\" class=\"wp-post-24951 wp-image-16825\" style=\"width:1200px;height:auto\" data-format=\"jpg\" data-transformations=\"f_auto,q_auto:low\" data-version=\"1570538017\" data-seo=\"1\" srcset=\"https:\/\/res.cloudinary.com\/turna\/images\/f_auto,q_auto:low\/v1570538017\/Marmaris_ttmmxo\/Marmaris_ttmmxo.jpg?_i=AA 800w, https:\/\/res.cloudinary.com\/turna\/images\/w_300,h_188,c_scale\/f_auto,q_auto:low\/v1570538017\/Marmaris_ttmmxo\/Marmaris_ttmmxo.jpg?_i=AA 300w, https:\/\/res.cloudinary.com\/turna\/images\/w_672,h_420,c_scale\/f_auto,q_auto:low\/v1570538017\/Marmaris_ttmmxo\/Marmaris_ttmmxo.jpg?_i=AA 672w, https:\/\/res.cloudinary.com\/turna\/images\/w_640,h_400,c_scale\/f_auto,q_auto:low\/v1570538017\/Marmaris_ttmmxo\/Marmaris_ttmmxo.jpg?_i=AA 640w, https:\/\/res.cloudinary.com\/turna\/images\/w_681,h_426,c_scale\/f_auto,q_auto:low\/v1570538017\/Marmaris_ttmmxo\/Marmaris_ttmmxo.jpg?_i=AA 681w\" sizes=\"(max-width: 800px) 100vw, 800px\" \/><\/figure>\n\n\n\n<p>Konunun uzmanlar\u0131n\u0131n yorumlar\u0131na g\u00f6re bu ay ev ve aileyle ilgili konular \u00f6n planda. Ta\u015f\u0131nmak, ev d\u00fczenini yenilemek ya da aileyle daha s\u0131k vakit ge\u00e7irmek g\u00fcndeminizde yer alabilir. 9 A\u011fustos\u2019taki Kova Dolunay\u0131 ile baz\u0131 arkada\u015fl\u0131klar sonlanabilir, yeni sosyal \u00e7evre aray\u0131\u015f\u0131na girebilirsiniz. Ay sonunda Ba\u015fak Yeniay\u0131 ile i\u015f hayat\u0131n\u0131zda yeni bir d\u00fczen kurabilirsiniz.<\/p>\n\n\n\n<h3 class=\"wp-block-heading\"><span class=\"ez-toc-section\" id=\"agustos_2025_koc_burclarina_ozel_rota_onerileri\"><\/span><strong>A\u011fustos 2025 Ko\u00e7 Bur\u00e7lar\u0131na \u00d6zel Rota \u00d6nerileri:<\/strong><span class=\"ez-toc-section-end\"><\/span><\/h3>\n\n\n\n<p>A\u011fustos ay\u0131nda enerjisi y\u00fcksek Ko\u00e7 bur\u00e7lar\u0131 i\u00e7in ke\u015fif dolu iki harika rota \u00f6nerimiz var: Marmaris\u2019in sakl\u0131 cevheri Selimiye ve Atlantik esintili Portekiz\u2019in \u015firin k\u0131y\u0131 kasabas\u0131 Tavira. Selimiye\u2019nin dingin koylar\u0131nda denizin tad\u0131n\u0131 \u00e7\u0131karabilir, ta\u015f evlerle \u00e7evrili sokaklar\u0131nda sabah y\u00fcr\u00fcy\u00fc\u015fleri yapabilirsiniz. Tavira\u2019da Algarve\u2019nin alt\u0131n sar\u0131s\u0131 plajlar\u0131nda g\u00fcne\u015fin tad\u0131n\u0131 \u00e7\u0131karabilir, tarihi k\u00f6pr\u00fcleri ve az bilinen sokak lezzetlerini ke\u015ffedebilirsiniz. Tavira i\u00e7in en cazip <strong><a href=\"https:\/\/www.turna.com\/ucak-bileti\/portekiz\" data-type=\"link\" data-id=\"https:\/\/www.turna.com\/ucak-bileti\/portekiz\">Portekiz u\u00e7ak bileti<\/a><\/strong> f\u0131rsatlar\u0131na g\u00f6z atmay\u0131 unutmay\u0131n.<\/p>\n\n\n\n<h2 class=\"wp-block-heading\"><span class=\"ez-toc-section\" id=\"boga_burcu_agustos_ayi_seyahat_rotalari\"><\/span><strong>Bo\u011fa Burcu A\u011fustos Ay\u0131 Seyahat Rotalar\u0131<\/strong><span class=\"ez-toc-section-end\"><\/span><\/h2>\n\n\n\n<figure class=\"wp-block-image size-full is-resized\"><img width=\"800\" height=\"500\" data-public-id=\"Brugge_kbsrtg\/Brugge_kbsrtg.jpg\" decoding=\"async\" src=\"https:\/\/res.cloudinary.com\/turna\/images\/w_800,h_500,c_scale\/f_auto,q_auto:low\/v1558392450\/Brugge_kbsrtg\/Brugge_kbsrtg.jpg?_i=AA\" alt=\"\" class=\"wp-post-24951 wp-image-15936\" style=\"width:1200px;height:auto\" data-format=\"jpg\" data-transformations=\"f_auto,q_auto:low\" data-version=\"1558392450\" data-seo=\"1\" srcset=\"https:\/\/res.cloudinary.com\/turna\/images\/f_auto,q_auto:low\/v1558392450\/Brugge_kbsrtg\/Brugge_kbsrtg.jpg?_i=AA 800w, https:\/\/res.cloudinary.com\/turna\/images\/w_300,h_188,c_scale\/f_auto,q_auto:low\/v1558392450\/Brugge_kbsrtg\/Brugge_kbsrtg.jpg?_i=AA 300w, https:\/\/res.cloudinary.com\/turna\/images\/w_672,h_420,c_scale\/f_auto,q_auto:low\/v1558392450\/Brugge_kbsrtg\/Brugge_kbsrtg.jpg?_i=AA 672w, https:\/\/res.cloudinary.com\/turna\/images\/w_640,h_400,c_scale\/f_auto,q_auto:low\/v1558392450\/Brugge_kbsrtg\/Brugge_kbsrtg.jpg?_i=AA 640w, https:\/\/res.cloudinary.com\/turna\/images\/w_681,h_426,c_scale\/f_auto,q_auto:low\/v1558392450\/Brugge_kbsrtg\/Brugge_kbsrtg.jpg?_i=AA 681w\" sizes=\"(max-width: 800px) 100vw, 800px\" \/><\/figure>\n\n\n\n<p>Y\u0131ld\u0131zlar\u0131n f\u0131s\u0131ldad\u0131klar\u0131na g\u00f6re bu ay g\u00fcndelik ya\u015fam\u0131n\u0131z h\u0131z kazan\u0131rken, i\u015f ortam\u0131nda denge kurma konusu da sizler i\u00e7in \u00f6nem kazan\u0131yor. Ailevi konular ve ge\u00e7mi\u015ften gelen duygusal meseleler tekrar g\u00fcndeme gelebilir. Ay ortas\u0131ndan itibaren J\u00fcpiter\u2019in deste\u011fiyle a\u015fk ve yarat\u0131c\u0131l\u0131k alan\u0131nda \u015fans kap\u0131n\u0131z\u0131 \u00e7al\u0131yor. Ay sonunda romantik ili\u015fkilerde yeni ba\u015flang\u0131\u00e7lar m\u00fcmk\u00fcn hale geliyor.<\/p>\n\n\n\n<h3 class=\"wp-block-heading\"><span class=\"ez-toc-section\" id=\"agustos_2025_boga_burclarina_ozel_rota_onerileri\"><\/span><strong>A\u011fustos 2025 Bo\u011fa Bur\u00e7lar\u0131na \u00d6zel Rota \u00d6nerileri:<\/strong><span class=\"ez-toc-section-end\"><\/span><\/h3>\n\n\n\n<p>A\u011fustos ay\u0131nda Bo\u011fa bur\u00e7lar\u0131 i\u00e7in huzur ve estetik \u00f6n planda. \u0130zmir\u2019in zarif sahil kasabas\u0131 Fo\u00e7a, ta\u015f evleri, huzurla \u00e7evrili koylar\u0131 ve deniz kenar\u0131nda s\u0131ralanan mekanlar\u0131yla ruhunuzu dinlendimeye aday. Brugge ise nostaljik kanallar\u0131, \u00e7ikolata kokusuyla \u00e7evrili sokaklar\u0131 ve Orta \u00c7a\u011f\u2019dan kalma g\u00f6z al\u0131c\u0131 mimarisiyle g\u00f6rsel bir \u015f\u00f6len vadediyor. Her k\u00f6\u015fesi foto\u011frafl\u0131k bu \u015fehirde, yava\u015flaman\u0131n ve tad\u0131n\u0131 \u00e7\u0131kararak gezmenin keyfini \u00e7\u0131karabilirsiniz. Konforlu ve \u015f\u0131k <strong><a href=\"https:\/\/www.turna.com\/otel\/belcika\" data-type=\"link\" data-id=\"https:\/\/www.turna.com\/otel\/belcika\">Bel\u00e7ika otelleri<\/a><\/strong> ile Brugge\u2019deki bu deneyimi \u00e7ok daha keyifli hale getirebilirsiniz.<\/p>\n\n\n\n<h2 class=\"wp-block-heading\"><span class=\"ez-toc-section\" id=\"ikizler_burcu_agustos_ayi_seyahat_rotalari\"><\/span><strong>\u0130kizler Burcu A\u011fustos Ay\u0131 Seyahat Rotalar\u0131<\/strong><span class=\"ez-toc-section-end\"><\/span><\/h2>\n\n\n\n<figure class=\"wp-block-image size-full is-resized\"><img width=\"800\" height=\"500\" data-public-id=\"wordpress-contents\/samos_adas\u0131_gezilecek_yerler\/samos_adas\u0131_gezilecek_yerler.jpg\" decoding=\"async\" src=\"https:\/\/res.cloudinary.com\/turna\/images\/w_800,h_500,c_scale\/f_auto,q_auto:low\/v1715691012\/wordpress-contents\/samos_adas\u0131_gezilecek_yerler\/samos_adas\u0131_gezilecek_yerler.jpg?_i=AA\" alt=\"Samos adas\u0131 gezilecek yerler\" class=\"wp-post-24951 wp-image-22599\" style=\"width:1200px;height:auto\" data-format=\"jpg\" data-transformations=\"f_auto,q_auto:low\" data-version=\"1715691012\" data-seo=\"1\" srcset=\"https:\/\/res.cloudinary.com\/turna\/images\/f_auto,q_auto:low\/v1715691012\/wordpress-contents\/samos_adas\u0131_gezilecek_yerler\/samos_adas\u0131_gezilecek_yerler.jpg?_i=AA 800w, https:\/\/res.cloudinary.com\/turna\/images\/w_300,h_188,c_scale\/f_auto,q_auto:low\/v1715691012\/wordpress-contents\/samos_adas\u0131_gezilecek_yerler\/samos_adas\u0131_gezilecek_yerler.jpg?_i=AA 300w, https:\/\/res.cloudinary.com\/turna\/images\/w_672,h_420,c_scale\/f_auto,q_auto:low\/v1715691012\/wordpress-contents\/samos_adas\u0131_gezilecek_yerler\/samos_adas\u0131_gezilecek_yerler.jpg?_i=AA 672w, https:\/\/res.cloudinary.com\/turna\/images\/w_640,h_400,c_scale\/f_auto,q_auto:low\/v1715691012\/wordpress-contents\/samos_adas\u0131_gezilecek_yerler\/samos_adas\u0131_gezilecek_yerler.jpg?_i=AA 640w, https:\/\/res.cloudinary.com\/turna\/images\/w_681,h_426,c_scale\/f_auto,q_auto:low\/v1715691012\/wordpress-contents\/samos_adas\u0131_gezilecek_yerler\/samos_adas\u0131_gezilecek_yerler.jpg?_i=AA 681w\" sizes=\"(max-width: 800px) 100vw, 800px\" \/><\/figure>\n\n\n\n<p>Uzmanlar\u0131n yorumlar\u0131na g\u00f6re bu ay maddi konularda y\u00fcz\u00fcn\u00fcz g\u00fclebilir; bekledi\u011finiz bir \u00f6deme gelebilir ya da yeni bir kazan\u00e7 kap\u0131s\u0131 aralanabilir. 9 A\u011fustos Kova Dolunay\u0131 ile birlikte e\u011fitim, yurt d\u0131\u015f\u0131 ya da sosyal medya alan\u0131nda uzun s\u00fcre hat\u0131rlayaca\u011f\u0131n\u0131z bir sonu\u00e7 alabilirsiniz. Merk\u00fcr retrosunun sona ermesiyle ileti\u015fim trafi\u011finiz de rahatlayacak. <\/p>\n\n\n\n<h3 class=\"wp-block-heading\"><span class=\"ez-toc-section\" id=\"agustos_2025_ikizler_burclarina_ozel_rota_onerileri\"><\/span><strong>A\u011fustos 2025 \u0130kizler Bur\u00e7lar\u0131na \u00d6zel Rota \u00d6nerileri:<\/strong><span class=\"ez-toc-section-end\"><\/span><\/h3>\n\n\n\n<p>A\u011fustos ay\u0131nda merak\u0131 hi\u00e7 bitmeyen \u0130kizler bur\u00e7lar\u0131 i\u00e7in hem Dat\u00e7a hem Samos, ke\u015fif dolu f\u0131rsatlar sunuyor. Dat\u00e7a\u2019n\u0131n birbirinden g\u00fczel koylar\u0131n\u0131 ke\u015ffedebilir, Eski Dat\u00e7a sokaklar\u0131nda yerel sanat\u00e7\u0131lar\u0131n at\u00f6lyelerini gezebilirsiniz. Samos ise masmavi sahilleri, \u00fcz\u00fcm ba\u011flar\u0131 ve samimi kafeleriyle hem dinlendirici hem ilham verici. Renkli plajlardan tarihi k\u00f6ylere uzanan gezilerle dolu bir ada deneyimi Samos&#8217;ta sizi bekliyor. R\u00fczgar\u0131 bol bu yaz rotas\u0131 i\u00e7in en avantajl\u0131 <strong><a href=\"https:\/\/www.turna.com\/feribot-bileti\/samos\" data-type=\"link\" data-id=\"https:\/\/www.turna.com\/feribot-bileti\/samos\">Samos feribot bileti<\/a><\/strong> se\u00e7eneklerine g\u00f6z atmay\u0131 unutmay\u0131n.<\/p>\n\n\n\n<h2 class=\"wp-block-heading\"><span class=\"ez-toc-section\" id=\"yengec_burcu_agustos_ayi_seyahat_rotalari\"><\/span><strong>Yenge\u00e7 Burcu A\u011fustos Ay\u0131 Seyahat Rotalar\u0131<\/strong><span class=\"ez-toc-section-end\"><\/span><\/h2>\n\n\n\n<figure class=\"wp-block-image size-full is-resized\"><img width=\"800\" height=\"500\" loading=\"lazy\" decoding=\"async\" src=\"data:image\/svg+xml;base64,PHN2ZyB4bWxucz0iaHR0cDovL3d3dy53My5vcmcvMjAwMC9zdmciIHdpZHRoPSI4MDAiIGhlaWdodD0iNTAwIj48cmVjdCB3aWR0aD0iMTAwJSIgaGVpZ2h0PSIxMDAlIj48YW5pbWF0ZSBhdHRyaWJ1dGVOYW1lPSJmaWxsIiB2YWx1ZXM9InJnYmEoMTUzLDE1MywxNTMsMC41KTtyZ2JhKDE1MywxNTMsMTUzLDAuMSk7cmdiYSgxNTMsMTUzLDE1MywwLjUpIiBkdXI9IjJzIiByZXBlYXRDb3VudD0iaW5kZWZpbml0ZSIgLz48L3JlY3Q+PC9zdmc+\" alt=\"Atina gezi rehberi\" class=\"wp-post-24951 wp-image-22913\" style=\"width:1200px;height:auto\" data-public-id=\"wordpress-contents\/atina_gezi_rehberi\/atina_gezi_rehberi.jpg\" data-format=\"jpg\" data-transformations=\"f_auto,q_auto:low\" data-version=\"1724762618\" data-seo=\"1\" data-size=\"800 500\" data-srcset=\"https:\/\/res.cloudinary.com\/turna\/images\/f_auto,q_auto:low\/v1724762618\/wordpress-contents\/atina_gezi_rehberi\/atina_gezi_rehberi.jpg?_i=AA 800w, https:\/\/res.cloudinary.com\/turna\/images\/w_300,h_188,c_scale\/f_auto,q_auto:low\/v1724762618\/wordpress-contents\/atina_gezi_rehberi\/atina_gezi_rehberi.jpg?_i=AA 300w, https:\/\/res.cloudinary.com\/turna\/images\/w_672,h_420,c_scale\/f_auto,q_auto:low\/v1724762618\/wordpress-contents\/atina_gezi_rehberi\/atina_gezi_rehberi.jpg?_i=AA 672w, https:\/\/res.cloudinary.com\/turna\/images\/w_640,h_400,c_scale\/f_auto,q_auto:low\/v1724762618\/wordpress-contents\/atina_gezi_rehberi\/atina_gezi_rehberi.jpg?_i=AA 640w, https:\/\/res.cloudinary.com\/turna\/images\/w_681,h_426,c_scale\/f_auto,q_auto:low\/v1724762618\/wordpress-contents\/atina_gezi_rehberi\/atina_gezi_rehberi.jpg?_i=AA 681w\" data-sizes=\"(max-width: 800px) 100vw, 800px\" data-delivery=\"upload\" onload=\";window.CLDBind?CLDBind(this):null;\" data-cloudinary=\"lazy\" \/><\/figure>\n\n\n\n<p>Y\u0131ld\u0131zlar\u0131n f\u0131s\u0131ldad\u0131klar\u0131na bakacak olursak bu ay a\u015fk ve \u00e7ocuklarla ilgili konular sizi biraz yorabilir, \u00f6zellikle ay\u0131n ilk haftas\u0131nda riskli ad\u0131mlardan ka\u00e7\u0131nman\u0131zda fayda var. Maddi alanda ise f\u0131rsatlar art\u0131yor; 14 A\u011fustos sonras\u0131 maddi konularda \u00f6nemli ad\u0131mlar atabilirsiniz. 23 A\u011fustos sonras\u0131 ise ileti\u015fim trafi\u011finiz h\u0131zlan\u0131yor, yeni anla\u015fmalar ve yak\u0131n \u00e7evreyle ili\u015fkiler \u00f6n plana \u00e7\u0131k\u0131yor.<\/p>\n\n\n\n<h3 class=\"wp-block-heading\"><span class=\"ez-toc-section\" id=\"agustos_2025_yengec_burclarina_ozel_rota_onerileri\"><\/span><strong>A\u011fustos 2025 Yenge\u00e7 Bur\u00e7lar\u0131na \u00d6zel Rota \u00d6nerileri:<\/strong><span class=\"ez-toc-section-end\"><\/span><\/h3>\n\n\n\n<p>A\u011fustos ay\u0131nda duygusal derinlik arayan Yenge\u00e7 bur\u00e7lar\u0131 i\u00e7in hem Akyarlar hem Atina ruhu besleyen rotalar olarak ideal birer f\u0131rsat sunuyor. Bodrum Akyarlar\u2019\u0131n sakin denizi ve Ege esintili bal\u0131k sofralar\u0131, sevdiklerinizle ge\u00e7irilecek huzurlu saatler vadediyor. Atina ise Akropolis\u2019in g\u00f6lgesinde ge\u00e7mi\u015fle ba\u011f kurarken, Plaka\u2019n\u0131n nostaljik sokaklar\u0131nda keyifli bir yolculuk ya\u015fat\u0131yor. Tarihle duyguyu bulu\u015fturan bu rotalar, Yenge\u00e7\u2019lerin kendini g\u00fcvende ve ait hissedece\u011fi anlar i\u00e7in ideal birer f\u0131rsat sunuyor.<\/p>\n\n\n\n<h2 class=\"wp-block-heading\"><span class=\"ez-toc-section\" id=\"aslan_burcu_agustos_ayi_seyahat_rotalari\"><\/span><strong>Aslan Burcu A\u011fustos Ay\u0131 Seyahat Rotalar\u0131<\/strong><span class=\"ez-toc-section-end\"><\/span><\/h2>\n\n\n\n<figure class=\"wp-block-image size-full is-resized\"><img width=\"800\" height=\"500\" loading=\"lazy\" decoding=\"async\" src=\"data:image\/svg+xml;base64,PHN2ZyB4bWxucz0iaHR0cDovL3d3dy53My5vcmcvMjAwMC9zdmciIHdpZHRoPSI4MDAiIGhlaWdodD0iNTAwIj48cmVjdCB3aWR0aD0iMTAwJSIgaGVpZ2h0PSIxMDAlIj48YW5pbWF0ZSBhdHRyaWJ1dGVOYW1lPSJmaWxsIiB2YWx1ZXM9InJnYmEoMTUzLDE1MywxNTMsMC41KTtyZ2JhKDE1MywxNTMsMTUzLDAuMSk7cmdiYSgxNTMsMTUzLDE1MywwLjUpIiBkdXI9IjJzIiByZXBlYXRDb3VudD0iaW5kZWZpbml0ZSIgLz48L3JlY3Q+PC9zdmc+\" alt=\"l\u00fcksemburg gezilecek yerler\" class=\"wp-post-24951 wp-image-20991\" style=\"width:1200px;height:auto\" data-public-id=\"l\u00fcksemburg_gezilecek_yerler\/l\u00fcksemburg_gezilecek_yerler.jpg\" data-format=\"jpg\" data-transformations=\"f_auto,q_auto:low\" data-version=\"1657124634\" data-seo=\"1\" data-size=\"800 500\" data-srcset=\"https:\/\/res.cloudinary.com\/turna\/images\/f_auto,q_auto:low\/v1657124634\/l\u00fcksemburg_gezilecek_yerler\/l\u00fcksemburg_gezilecek_yerler.jpg?_i=AA 800w, https:\/\/res.cloudinary.com\/turna\/images\/w_300,h_188,c_scale\/f_auto,q_auto:low\/v1657124634\/l\u00fcksemburg_gezilecek_yerler\/l\u00fcksemburg_gezilecek_yerler.jpg?_i=AA 300w, https:\/\/res.cloudinary.com\/turna\/images\/w_672,h_420,c_scale\/f_auto,q_auto:low\/v1657124634\/l\u00fcksemburg_gezilecek_yerler\/l\u00fcksemburg_gezilecek_yerler.jpg?_i=AA 672w, https:\/\/res.cloudinary.com\/turna\/images\/w_640,h_400,c_scale\/f_auto,q_auto:low\/v1657124634\/l\u00fcksemburg_gezilecek_yerler\/l\u00fcksemburg_gezilecek_yerler.jpg?_i=AA 640w, https:\/\/res.cloudinary.com\/turna\/images\/w_681,h_426,c_scale\/f_auto,q_auto:low\/v1657124634\/l\u00fcksemburg_gezilecek_yerler\/l\u00fcksemburg_gezilecek_yerler.jpg?_i=AA 681w\" data-sizes=\"(max-width: 800px) 100vw, 800px\" data-delivery=\"upload\" onload=\";window.CLDBind?CLDBind(this):null;\" data-cloudinary=\"lazy\" \/><\/figure>\n\n\n\n<p>A\u011fustos ay\u0131 zihinsel olarak sizi rahatlatacak. Bu d\u00f6nemde ge\u00e7mi\u015fle y\u00fczle\u015fip sorunlar\u0131 geride b\u0131rakma \u015fans\u0131 bulabilirsiniz. 9 A\u011fustos\u2019taki Kova Dolunay\u0131 ili\u015fkilerde d\u00f6n\u00fcm noktas\u0131 olabilir, baz\u0131 ortakl\u0131klar sonlanabilir veya eski bir ili\u015fki yeniden g\u00fcndeme gelebilir. 23 A\u011fustos&#8217;tan itibaren ise kazan\u00e7lar\u0131n\u0131zda art\u0131\u015f sa\u011flayacak yeni f\u0131rsatlar kap\u0131n\u0131z\u0131 \u00e7alabilir. <\/p>\n\n\n\n<h3 class=\"wp-block-heading\"><span class=\"ez-toc-section\" id=\"agustos_2025_aslan_burclarina_ozel_rota_onerileri\"><\/span><strong>A\u011fustos 2025 Aslan Bur\u00e7lar\u0131na \u00d6zel Rota \u00d6nerileri:<\/strong><span class=\"ez-toc-section-end\"><\/span><\/h3>\n\n\n\n<p>A\u011fustos ay\u0131nda dikkat \u00e7ekmekten \u00e7ekinmeyen Aslan bur\u00e7lar\u0131 i\u00e7in Ayvac\u0131k ve L\u00fcksemburg, zarafetle do\u011fall\u0131\u011f\u0131 bulu\u015fturan iki rota olarak \u00f6n plana \u00e7\u0131k\u0131yor. \u00c7anakkale Ayvac\u0131k\u2019ta antik Assos\u2019un g\u00f6rkemli ta\u015f yollar\u0131nda y\u00fcr\u00fcyebilir, deniz manzaral\u0131 butik otellerde g\u00fcn bat\u0131m\u0131n\u0131 selamlayabilirsiniz. L\u00fcksemburg ise tarihi surlar\u0131, \u015f\u0131k caddeleri ve yemye\u015fil vadileriyle Aslan ruhuna hitap eden b\u00fcy\u00fcl\u00fc bir durak. Sanat, tarih ve stilin bulu\u015ftu\u011fu bu \u015fehir i\u00e7in avantajl\u0131 <strong><a href=\"https:\/\/www.turna.com\/ucak-bileti\/luksemburg\" data-type=\"link\" data-id=\"https:\/\/www.turna.com\/ucak-bileti\/luksemburg\">L\u00fcksemburg u\u00e7ak bileti<\/a><\/strong> se\u00e7eneklerine g\u00f6z atmay\u0131 unutmay\u0131n.<\/p>\n\n\n\n<h2 class=\"wp-block-heading\"><span class=\"ez-toc-section\" id=\"basak_burcu_agustos_ayi_seyahat_rotalari\"><\/span><strong>Ba\u015fak Burcu A\u011fustos Ay\u0131 Seyahat Rotalar\u0131<\/strong><span class=\"ez-toc-section-end\"><\/span><\/h2>\n\n\n\n<figure class=\"wp-block-image size-full is-resized\"><img width=\"730\" height=\"443\" loading=\"lazy\" decoding=\"async\" src=\"data:image\/svg+xml;base64,PHN2ZyB4bWxucz0iaHR0cDovL3d3dy53My5vcmcvMjAwMC9zdmciIHdpZHRoPSI3MzAiIGhlaWdodD0iNDQzIj48cmVjdCB3aWR0aD0iMTAwJSIgaGVpZ2h0PSIxMDAlIj48YW5pbWF0ZSBhdHRyaWJ1dGVOYW1lPSJmaWxsIiB2YWx1ZXM9InJnYmEoMTUzLDE1MywxNTMsMC41KTtyZ2JhKDE1MywxNTMsMTUzLDAuMSk7cmdiYSgxNTMsMTUzLDE1MywwLjUpIiBkdXI9IjJzIiByZXBlYXRDb3VudD0iaW5kZWZpbml0ZSIgLz48L3JlY3Q+PC9zdmc+\" alt=\"\" class=\"wp-post-24951 wp-image-14583\" style=\"width:1200px;height:auto\" data-public-id=\"Yunan-Adalari-Midilli_pnlgn7\/Yunan-Adalari-Midilli_pnlgn7.jpg\" data-format=\"jpg\" data-transformations=\"f_auto,q_auto:low\" data-version=\"1541717145\" data-seo=\"1\" data-size=\"730 443\" data-srcset=\"https:\/\/res.cloudinary.com\/turna\/images\/f_auto,q_auto:low\/v1541717145\/Yunan-Adalari-Midilli_pnlgn7\/Yunan-Adalari-Midilli_pnlgn7.jpg?_i=AA 730w, https:\/\/res.cloudinary.com\/turna\/images\/w_300,h_182,c_scale\/f_auto,q_auto:low\/v1541717145\/Yunan-Adalari-Midilli_pnlgn7\/Yunan-Adalari-Midilli_pnlgn7.jpg?_i=AA 300w, https:\/\/res.cloudinary.com\/turna\/images\/w_692,h_420,c_scale\/f_auto,q_auto:low\/v1541717145\/Yunan-Adalari-Midilli_pnlgn7\/Yunan-Adalari-Midilli_pnlgn7.jpg?_i=AA 692w, https:\/\/res.cloudinary.com\/turna\/images\/w_640,h_388,c_scale\/f_auto,q_auto:low\/v1541717145\/Yunan-Adalari-Midilli_pnlgn7\/Yunan-Adalari-Midilli_pnlgn7.jpg?_i=AA 640w, https:\/\/res.cloudinary.com\/turna\/images\/w_681,h_413,c_scale\/f_auto,q_auto:low\/v1541717145\/Yunan-Adalari-Midilli_pnlgn7\/Yunan-Adalari-Midilli_pnlgn7.jpg?_i=AA 681w\" data-sizes=\"(max-width: 730px) 100vw, 730px\" data-delivery=\"upload\" onload=\";window.CLDBind?CLDBind(this):null;\" data-cloudinary=\"lazy\" \/><\/figure>\n\n\n\n<p>Uzman astrologlar\u0131n yorumlar\u0131na g\u00f6re bu ay sizin i\u00e7in g\u00fc\u00e7l\u00fc ba\u015flang\u0131\u00e7lar\u0131n habercisi, i\u015f ya\u015fam\u0131n\u0131zda \u00f6d\u00fcller, terfiler ve kutlamalar s\u00f6z konusu olabilir. 9 A\u011fustos Kova Dolunay\u0131 ile birlikte i\u015f ortam\u0131nda baz\u0131 biti\u015fler ya\u015fanabilir. 23 A\u011fustos\u2019ta burcunuzda ger\u00e7ekle\u015fecek Yeniay, sizi yenilemek ve kimli\u011finizi \u00f6n plana \u00e7\u0131karmak i\u00e7in harika bir f\u0131rsat sunuyor. Ay sonunda ise ili\u015fkiler ve evlilik konular\u0131nda duygusal fark\u0131ndal\u0131klar ya\u015faman\u0131z muhtemel.<\/p>\n\n\n\n<h3 class=\"wp-block-heading\"><span class=\"ez-toc-section\" id=\"agustos_2025_basak_burclarina_ozel_rota_onerileri\"><\/span>A\u011fustos 2025 Ba\u015fak Bur\u00e7lar\u0131na \u00d6zel Rota \u00d6nerileri:<span class=\"ez-toc-section-end\"><\/span><\/h3>\n\n\n\n<p>A\u011fustos ay\u0131nda do\u011fayla uyumlanmak isteyen Ba\u015fak bur\u00e7lar\u0131 i\u00e7in \u0130zmir Karaburun ve Midilli Adas\u0131 sade ama ke\u015ffe de\u011fer detaylarla dolu rotalar sunuyor. Karaburun\u2019un r\u00fczgarl\u0131 koylar\u0131nda denize girip bal\u0131k\u00e7\u0131 teknelerinin g\u00f6lgesinde dinlenebilir, Ege\u2019nin hafif lezzetlerini ke\u015ffedebilirsiniz. Midilli\u2019de ise ta\u015f sokaklar, sessiz k\u00f6yler ve tarihi dokular aras\u0131nda d\u00fczenli ama samimi bir ke\u015ffe \u00e7\u0131kabilirsiniz. Hem zihni hem bedeni dinlendiren bu iki rota, Ba\u015fak\u2019lar\u0131n tatilde arad\u0131\u011f\u0131 huzuru sunmay\u0131 ba\u015far\u0131yor.<\/p>\n\n\n\n<h2 class=\"wp-block-heading\"><span class=\"ez-toc-section\" id=\"terazi_burcu_agustos_ayi_seyahat_rotalari\"><\/span><strong>Terazi Burcu A\u011fustos Ay\u0131 Seyahat Rotalar\u0131<\/strong><span class=\"ez-toc-section-end\"><\/span><\/h2>\n\n\n\n<figure class=\"wp-block-image size-full is-resized\"><img width=\"800\" height=\"500\" loading=\"lazy\" decoding=\"async\" src=\"data:image\/svg+xml;base64,PHN2ZyB4bWxucz0iaHR0cDovL3d3dy53My5vcmcvMjAwMC9zdmciIHdpZHRoPSI4MDAiIGhlaWdodD0iNTAwIj48cmVjdCB3aWR0aD0iMTAwJSIgaGVpZ2h0PSIxMDAlIj48YW5pbWF0ZSBhdHRyaWJ1dGVOYW1lPSJmaWxsIiB2YWx1ZXM9InJnYmEoMTUzLDE1MywxNTMsMC41KTtyZ2JhKDE1MywxNTMsMTUzLDAuMSk7cmdiYSgxNTMsMTUzLDE1MywwLjUpIiBkdXI9IjJzIiByZXBlYXRDb3VudD0iaW5kZWZpbml0ZSIgLz48L3JlY3Q+PC9zdmc+\" alt=\"\" class=\"wp-post-24951 wp-image-8346\" style=\"width:1200px;height:auto\" data-public-id=\"Girne-Kibris_fourek\/Girne-Kibris_fourek.jpg\" data-format=\"jpg\" data-transformations=\"f_auto,q_auto:low\" data-version=\"1496596308\" data-seo=\"1\" data-size=\"800 500\" data-srcset=\"https:\/\/res.cloudinary.com\/turna\/images\/f_auto,q_auto:low\/v1496596308\/Girne-Kibris_fourek\/Girne-Kibris_fourek.jpg?_i=AA 800w, https:\/\/res.cloudinary.com\/turna\/images\/w_300,h_188,c_scale\/f_auto,q_auto:low\/v1496596308\/Girne-Kibris_fourek\/Girne-Kibris_fourek.jpg?_i=AA 300w, https:\/\/res.cloudinary.com\/turna\/images\/w_672,h_420,c_scale\/f_auto,q_auto:low\/v1496596308\/Girne-Kibris_fourek\/Girne-Kibris_fourek.jpg?_i=AA 672w, https:\/\/res.cloudinary.com\/turna\/images\/w_640,h_400,c_scale\/f_auto,q_auto:low\/v1496596308\/Girne-Kibris_fourek\/Girne-Kibris_fourek.jpg?_i=AA 640w, https:\/\/res.cloudinary.com\/turna\/images\/w_681,h_426,c_scale\/f_auto,q_auto:low\/v1496596308\/Girne-Kibris_fourek\/Girne-Kibris_fourek.jpg?_i=AA 681w\" data-sizes=\"(max-width: 800px) 100vw, 800px\" data-delivery=\"upload\" onload=\";window.CLDBind?CLDBind(this):null;\" data-cloudinary=\"lazy\" \/><\/figure>\n\n\n\n<p>Y\u0131ld\u0131zlar\u0131n anlatt\u0131klar\u0131na g\u00f6re A\u011fustos ay\u0131nda Mars\u2019\u0131n burcunuza ge\u00e7i\u015fiyle cesaret ve giri\u015fimcilik enerjiniz y\u00fckseliyor. Ancak ay\u0131n ilk yar\u0131s\u0131nda Merk\u00fcr retrosu devam etti\u011finden, ileti\u015fim kazalar\u0131na ve acele kararlara kar\u015f\u0131 dikkatli olman\u0131zda fayda var. 9 A\u011fustos Kova Dolunay\u0131 seyahat, hukuk veya e\u011fitim alanlar\u0131nda beklenmedik geli\u015fmeler getirebilir. Ay sonunda ise i\u00e7e d\u00f6n\u00fc\u015f ve ruhsal yenilenme d\u00f6nemi ba\u015fl\u0131yor.<\/p>\n\n\n\n<h3 class=\"wp-block-heading\"><span class=\"ez-toc-section\" id=\"agustos_2025_terazi_burclarina_ozel_rota_onerileri\"><\/span><strong>A\u011fustos 2025 Terazi Bur\u00e7lar\u0131na \u00d6zel Rota \u00d6nerileri:<\/strong><span class=\"ez-toc-section-end\"><\/span><\/h3>\n\n\n\n<p>A\u011fustos ay\u0131nda zarafet ve denge arayan Terazi bur\u00e7lar\u0131 i\u00e7in Girne ve Kaz Da\u011flar\u0131 b\u00fcy\u00fcleyici bir uyum sunuyor. Girne\u2019nin liman\u0131ndaki ta\u015f sokaklar, \u015f\u0131k kafeler ve Akdeniz\u2019e naz\u0131r g\u00fcn bat\u0131mlar\u0131 estetik duyulara hitap ediyor. Kaz Da\u011flar\u0131 ise oksijen dolu patikalar\u0131, dingin k\u00f6yleri ve do\u011fayla i\u00e7 i\u00e7e ritmiyle dingin bir ke\u015fif vadediyor. Romantik bir Akdeniz ka\u00e7ama\u011f\u0131 i\u00e7in en avantajl\u0131 <strong><a href=\"https:\/\/www.turna.com\/ucak-bileti\/kibris\" data-type=\"link\" data-id=\"https:\/\/www.turna.com\/ucak-bileti\/kibris\">K\u0131br\u0131s u\u00e7ak bileti<\/a><\/strong> f\u0131rsatlar\u0131n\u0131 ka\u00e7\u0131rmay\u0131n.<\/p>\n\n\n\n<h2 class=\"wp-block-heading\"><span class=\"ez-toc-section\" id=\"akrep_burcu_agustos_ayi_seyahat_rotalari\"><\/span><strong>Akrep Burcu A\u011fustos Ay\u0131 Seyahat Rotalar\u0131<\/strong><span class=\"ez-toc-section-end\"><\/span><\/h2>\n\n\n\n<figure class=\"wp-block-image size-full is-resized\"><img width=\"800\" height=\"500\" loading=\"lazy\" decoding=\"async\" src=\"data:image\/svg+xml;base64,PHN2ZyB4bWxucz0iaHR0cDovL3d3dy53My5vcmcvMjAwMC9zdmciIHdpZHRoPSI4MDAiIGhlaWdodD0iNTAwIj48cmVjdCB3aWR0aD0iMTAwJSIgaGVpZ2h0PSIxMDAlIj48YW5pbWF0ZSBhdHRyaWJ1dGVOYW1lPSJmaWxsIiB2YWx1ZXM9InJnYmEoMTUzLDE1MywxNTMsMC41KTtyZ2JhKDE1MywxNTMsMTUzLDAuMSk7cmdiYSgxNTMsMTUzLDE1MywwLjUpIiBkdXI9IjJzIiByZXBlYXRDb3VudD0iaW5kZWZpbml0ZSIgLz48L3JlY3Q+PC9zdmc+\" alt=\"palma de mallorca nasil gidilir\" class=\"wp-post-24951 wp-image-18663\" style=\"width:1200px;height:auto\" data-public-id=\"palma-de-mallorca-nasil-gidilir\/palma-de-mallorca-nasil-gidilir.jpg\" data-format=\"jpg\" data-transformations=\"f_auto,q_auto:low\" data-version=\"1615188592\" data-seo=\"1\" data-size=\"800 500\" data-srcset=\"https:\/\/res.cloudinary.com\/turna\/images\/f_auto,q_auto:low\/v1615188592\/palma-de-mallorca-nasil-gidilir\/palma-de-mallorca-nasil-gidilir.jpg?_i=AA 800w, https:\/\/res.cloudinary.com\/turna\/images\/w_300,h_188,c_scale\/f_auto,q_auto:low\/v1615188592\/palma-de-mallorca-nasil-gidilir\/palma-de-mallorca-nasil-gidilir.jpg?_i=AA 300w, https:\/\/res.cloudinary.com\/turna\/images\/w_672,h_420,c_scale\/f_auto,q_auto:low\/v1615188592\/palma-de-mallorca-nasil-gidilir\/palma-de-mallorca-nasil-gidilir.jpg?_i=AA 672w, https:\/\/res.cloudinary.com\/turna\/images\/w_640,h_400,c_scale\/f_auto,q_auto:low\/v1615188592\/palma-de-mallorca-nasil-gidilir\/palma-de-mallorca-nasil-gidilir.jpg?_i=AA 640w, https:\/\/res.cloudinary.com\/turna\/images\/w_681,h_426,c_scale\/f_auto,q_auto:low\/v1615188592\/palma-de-mallorca-nasil-gidilir\/palma-de-mallorca-nasil-gidilir.jpg?_i=AA 681w\" data-sizes=\"(max-width: 800px) 100vw, 800px\" data-delivery=\"upload\" onload=\";window.CLDBind?CLDBind(this):null;\" data-cloudinary=\"lazy\" \/><\/figure>\n\n\n\n<p>Uzman yorumlar\u0131na g\u00f6re bu ay kariyeriniz ve sosyal \u00e7evreniz hareketlenebilir, tan\u0131\u015faca\u011f\u0131n\u0131z yeni insanlar, uzun vadeli i\u015f f\u0131rsatlar\u0131n\u0131n kap\u0131s\u0131n\u0131 aralayabilir. 11 A\u011fustos sonras\u0131 sosyal \u00e7evreniz de\u011fi\u015fmeye ba\u015flarken, g\u00fc\u00e7l\u00fc ba\u011flant\u0131lar kurman\u0131z m\u00fcmk\u00fcn. Ay sonunu ise i\u00e7e d\u00f6nme ve strateji geli\u015ftirme zaman\u0131 olarak de\u011ferlendirmenizde fayda var.<\/p>\n\n\n\n<h3 class=\"wp-block-heading\"><span class=\"ez-toc-section\" id=\"agustos_2025_akrep_burclarina_ozel_rota_onerileri\"><\/span><strong>A\u011fustos 2025 Akrep Bur\u00e7lar\u0131na \u00d6zel Rota \u00d6nerileri:<\/strong><span class=\"ez-toc-section-end\"><\/span><\/h3>\n\n\n\n<p>A\u011fustos ay\u0131nda derinlik ve tutku arayan Akrep bur\u00e7lar\u0131 i\u00e7in Ku\u015fadas\u0131 ve \u0130spanya&#8217;n\u0131n bir par\u00e7as\u0131 olan Balear Adalar\u0131&#8217;n\u0131n en b\u00fcy\u00fc\u011f\u00fc olan Mallorca, ideal birer se\u00e7im. Ku\u015fadas\u0131\u2019nda Dilek Yar\u0131madas\u0131\u2019n\u0131n el de\u011fmemi\u015f koylar\u0131nda y\u00fczebilir, g\u00fcn bat\u0131m\u0131nda G\u00fcvercinada\u2019n\u0131n sessizli\u011finde kendinizi dinleyebilirsiniz. Mallorca ise Akdeniz\u2019in b\u00fcy\u00fcleyici atmosferi, gizli koylar\u0131 ve tarihi kasabalar\u0131yla Akreplerin sezgisel yan\u0131na hitap edecek e\u015fsiz bir destinasyon. Bu etkileyici yaz rotas\u0131, dinginli\u011fin i\u00e7inde bir o kadar renkli deneyimler de sakl\u0131yor.<\/p>\n\n\n\n<h2 class=\"wp-block-heading\"><span class=\"ez-toc-section\" id=\"yay_burcu_agustos_ayi_seyahat_rotalari\"><\/span><strong>Yay Burcu A\u011fustos Ay\u0131 Seyahat Rotalar\u0131<\/strong><span class=\"ez-toc-section-end\"><\/span><\/h2>\n\n\n\n<figure class=\"wp-block-image size-full is-resized\"><img width=\"800\" height=\"500\" loading=\"lazy\" decoding=\"async\" src=\"data:image\/svg+xml;base64,PHN2ZyB4bWxucz0iaHR0cDovL3d3dy53My5vcmcvMjAwMC9zdmciIHdpZHRoPSI4MDAiIGhlaWdodD0iNTAwIj48cmVjdCB3aWR0aD0iMTAwJSIgaGVpZ2h0PSIxMDAlIj48YW5pbWF0ZSBhdHRyaWJ1dGVOYW1lPSJmaWxsIiB2YWx1ZXM9InJnYmEoMTUzLDE1MywxNTMsMC41KTtyZ2JhKDE1MywxNTMsMTUzLDAuMSk7cmdiYSgxNTMsMTUzLDE1MywwLjUpIiBkdXI9IjJzIiByZXBlYXRDb3VudD0iaW5kZWZpbml0ZSIgLz48L3JlY3Q+PC9zdmc+\" alt=\"Kopenhag-gezi-rehberi\" class=\"wp-post-24951 wp-image-20091\" style=\"width:1200px;height:auto\" data-public-id=\"Kopenhag-gezi-rehberi\/Kopenhag-gezi-rehberi.jpg\" data-format=\"jpg\" data-transformations=\"f_auto,q_auto:low\" data-version=\"1634028232\" data-seo=\"1\" data-size=\"800 500\" data-srcset=\"https:\/\/res.cloudinary.com\/turna\/images\/f_auto,q_auto:low\/v1634028232\/Kopenhag-gezi-rehberi\/Kopenhag-gezi-rehberi.jpg?_i=AA 800w, https:\/\/res.cloudinary.com\/turna\/images\/w_300,h_188,c_scale\/f_auto,q_auto:low\/v1634028232\/Kopenhag-gezi-rehberi\/Kopenhag-gezi-rehberi.jpg?_i=AA 300w, https:\/\/res.cloudinary.com\/turna\/images\/w_672,h_420,c_scale\/f_auto,q_auto:low\/v1634028232\/Kopenhag-gezi-rehberi\/Kopenhag-gezi-rehberi.jpg?_i=AA 672w, https:\/\/res.cloudinary.com\/turna\/images\/w_640,h_400,c_scale\/f_auto,q_auto:low\/v1634028232\/Kopenhag-gezi-rehberi\/Kopenhag-gezi-rehberi.jpg?_i=AA 640w, https:\/\/res.cloudinary.com\/turna\/images\/w_681,h_426,c_scale\/f_auto,q_auto:low\/v1634028232\/Kopenhag-gezi-rehberi\/Kopenhag-gezi-rehberi.jpg?_i=AA 681w\" data-sizes=\"(max-width: 800px) 100vw, 800px\" data-delivery=\"upload\" onload=\";window.CLDBind?CLDBind(this):null;\" data-cloudinary=\"lazy\" \/><\/figure>\n\n\n\n<p>A\u011fustos ay\u0131nda mali konularda \u015fans sizden yana,  beklenmedik \u00f6demelerle maddi anlamda g\u00fc\u00e7lenebilirsiniz. 9 A\u011fustos Kova Dolunay\u0131 ile yak\u0131n \u00e7evrenizle ilgili geli\u015fmeler g\u00fcndeme gelirken, k\u0131sa seyahatler ve \u00f6nemli g\u00f6r\u00fc\u015fmeler \u00f6n plana \u00e7\u0131kabilir. 12 A\u011fustos sonras\u0131nda ise ertelenen i\u015fler h\u0131z kazan\u0131yor. Ay sonunda kariyerinizde yeni bir ba\u015flang\u0131\u00e7 yapmak ya da yepyeni bir yolculu\u011fa \u00e7\u0131kmak i\u00e7in f\u0131rsatlar kap\u0131n\u0131z\u0131 \u00e7alabilir.<\/p>\n\n\n\n<h3 class=\"wp-block-heading\"><span class=\"ez-toc-section\" id=\"agustos_2025_yay_burclarina_ozel_rota_onerileri\"><\/span>A\u011fustos 2025 Yay Bur\u00e7lar\u0131na \u00d6zel Rota \u00d6nerileri:<span class=\"ez-toc-section-end\"><\/span><\/h3>\n\n\n\n<p>A\u011fustos ay\u0131nda \u00f6zg\u00fcr ruhlu Yay bur\u00e7lar\u0131 i\u00e7in Kopenhag ve Kastamonu\u2019nun Cide il\u00e7esi, d\u00f6rt bir yan\u0131 g\u00fczelliklerle \u00e7evrili iki farkl\u0131 d\u00fcnya sunuyor. Kopenhag\u2019\u0131n modern sokaklar\u0131, sokak sanat\u0131yla bezeli mahalleleri ve ke\u015ffe de\u011fer lezzetlerle dolu restoran ve kafeleri keyifli bir ka\u00e7\u0131\u015f vadediyor. Cide\u2019nin Karadeniz\u2019e uzanan sakin sahilleri, ye\u015fille mavinin bulu\u015ftu\u011fu do\u011fal patikalar\u0131 ve yerel hayatla i\u00e7 i\u00e7e atmosferi ruhunuzu tazelemeye aday bulunuyor. <strong><a href=\"https:\/\/www.turna.com\/otel\/kopenhag\" data-type=\"link\" data-id=\"https:\/\/www.turna.com\/otel\/kopenhag\">Kopenhag otelleri<\/a>&nbsp;<\/strong>cazip fiyatlar ve avantajl\u0131 kampanyalarla Turna\u2019da!<\/p>\n\n\n\n<h2 class=\"wp-block-heading\"><span class=\"ez-toc-section\" id=\"oglak_burcu_agustos_ayi_seyahat_rotalari\"><\/span>O\u011flak Burcu A\u011fustos Ay\u0131 Seyahat Rotalar\u0131<span class=\"ez-toc-section-end\"><\/span><\/h2>\n\n\n\n<figure class=\"wp-block-image size-full is-resized\"><img width=\"800\" height=\"500\" loading=\"lazy\" decoding=\"async\" src=\"data:image\/svg+xml;base64,PHN2ZyB4bWxucz0iaHR0cDovL3d3dy53My5vcmcvMjAwMC9zdmciIHdpZHRoPSI4MDAiIGhlaWdodD0iNTAwIj48cmVjdCB3aWR0aD0iMTAwJSIgaGVpZ2h0PSIxMDAlIj48YW5pbWF0ZSBhdHRyaWJ1dGVOYW1lPSJmaWxsIiB2YWx1ZXM9InJnYmEoMTUzLDE1MywxNTMsMC41KTtyZ2JhKDE1MywxNTMsMTUzLDAuMSk7cmdiYSgxNTMsMTUzLDE1MywwLjUpIiBkdXI9IjJzIiByZXBlYXRDb3VudD0iaW5kZWZpbml0ZSIgLz48L3JlY3Q+PC9zdmc+\" alt=\"\" class=\"wp-post-24951 wp-image-11740\" style=\"width:1200px;height:auto\" data-public-id=\"Kotor-Korfezi_dldyxk\/Kotor-Korfezi_dldyxk.jpg\" data-format=\"jpg\" data-transformations=\"f_auto,q_auto:low\" data-version=\"1519281960\" data-seo=\"1\" data-size=\"800 500\" data-srcset=\"https:\/\/res.cloudinary.com\/turna\/images\/f_auto,q_auto:low\/v1519281960\/Kotor-Korfezi_dldyxk\/Kotor-Korfezi_dldyxk.jpg?_i=AA 800w, https:\/\/res.cloudinary.com\/turna\/images\/w_300,h_188,c_scale\/f_auto,q_auto:low\/v1519281960\/Kotor-Korfezi_dldyxk\/Kotor-Korfezi_dldyxk.jpg?_i=AA 300w, https:\/\/res.cloudinary.com\/turna\/images\/w_672,h_420,c_scale\/f_auto,q_auto:low\/v1519281960\/Kotor-Korfezi_dldyxk\/Kotor-Korfezi_dldyxk.jpg?_i=AA 672w, https:\/\/res.cloudinary.com\/turna\/images\/w_640,h_400,c_scale\/f_auto,q_auto:low\/v1519281960\/Kotor-Korfezi_dldyxk\/Kotor-Korfezi_dldyxk.jpg?_i=AA 640w, https:\/\/res.cloudinary.com\/turna\/images\/w_681,h_426,c_scale\/f_auto,q_auto:low\/v1519281960\/Kotor-Korfezi_dldyxk\/Kotor-Korfezi_dldyxk.jpg?_i=AA 681w\" data-sizes=\"(max-width: 800px) 100vw, 800px\" data-delivery=\"upload\" onload=\";window.CLDBind?CLDBind(this):null;\" data-cloudinary=\"lazy\" \/><\/figure>\n\n\n\n<p>Uzmanlara g\u00f6re bu ay ili\u015fkiler ve ortakl\u0131klar alan\u0131nda \u015fansl\u0131 etkiler alt\u0131ndas\u0131n\u0131z. Ay ortas\u0131na kadar Merk\u00fcr retrosu nedeniyle \u00f6nemli kararlar\u0131 ertelemek faydal\u0131 olurken, 9 A\u011fustos Kova Dolunay\u0131 finansal konularda ani geli\u015fmeler getirebilir. Ay sonunda ise Ba\u015fak Yeniay\u0131\u2019yla birlikte yurt d\u0131\u015f\u0131, e\u011fitim ya da seyahat planlar\u0131n\u0131z h\u0131z kazanabilir.<\/p>\n\n\n\n<h3 class=\"wp-block-heading\"><span class=\"ez-toc-section\" id=\"agustos_2025_oglak_burclarina_ozel_rota_onerileri\"><\/span><strong>A\u011fustos 2025 O\u011flak Bur\u00e7lar\u0131na \u00d6zel Rota \u00d6nerileri:<\/strong><span class=\"ez-toc-section-end\"><\/span><\/h3>\n\n\n\n<p>A\u011fustos ay\u0131nda huzur ve netlik arayan O\u011flak bur\u00e7lar\u0131 i\u00e7in Alt\u0131nova ve Kotor ideal birer se\u00e7im. Alt\u0131nova, Ayval\u0131k\u2019\u0131n kalabal\u0131\u011f\u0131ndan uzak, serin sular\u0131 ve uzun kumsallar\u0131yla sakinlik vadediyor. G\u00fcn do\u011fumunda sahilde y\u00fcr\u00fcmek, O\u011flak\u2019\u0131n i\u00e7sel d\u00fczenine iyi gelecek bir f\u0131rsat sunuyor. Karada\u011f Kotor ise da\u011flarla \u00e7evrili bir masal kasabas\u0131 olarak nostaljik sokaklar\u0131, tarihi dokusu ve g\u00f6l manzaras\u0131yla ilham verici bir ka\u00e7\u0131\u015f rotas\u0131 sunuyor. <\/p>\n\n\n\n<h2 class=\"wp-block-heading\"><span class=\"ez-toc-section\" id=\"kova_burcu_agustos_ayi_seyahat_rotalari\"><\/span><strong>Kova Burcu A\u011fustos Ay\u0131 Seyahat Rotalar\u0131<\/strong><span class=\"ez-toc-section-end\"><\/span><\/h2>\n\n\n\n<figure class=\"wp-block-image size-full is-resized\"><img width=\"800\" height=\"500\" loading=\"lazy\" decoding=\"async\" src=\"data:image\/svg+xml;base64,PHN2ZyB4bWxucz0iaHR0cDovL3d3dy53My5vcmcvMjAwMC9zdmciIHdpZHRoPSI4MDAiIGhlaWdodD0iNTAwIj48cmVjdCB3aWR0aD0iMTAwJSIgaGVpZ2h0PSIxMDAlIj48YW5pbWF0ZSBhdHRyaWJ1dGVOYW1lPSJmaWxsIiB2YWx1ZXM9InJnYmEoMTUzLDE1MywxNTMsMC41KTtyZ2JhKDE1MywxNTMsMTUzLDAuMSk7cmdiYSgxNTMsMTUzLDE1MywwLjUpIiBkdXI9IjJzIiByZXBlYXRDb3VudD0iaW5kZWZpbml0ZSIgLz48L3JlY3Q+PC9zdmc+\" alt=\"Assos\" class=\"wp-post-24951 wp-image-18997\" style=\"width:1200px;height:auto\" data-public-id=\"Assos-1\/Assos-1.jpg\" data-format=\"jpg\" data-transformations=\"f_auto,q_auto:low\" data-version=\"1619196861\" data-seo=\"1\" data-size=\"800 500\" data-srcset=\"https:\/\/res.cloudinary.com\/turna\/images\/f_auto,q_auto:low\/v1619196861\/Assos-1\/Assos-1.jpg?_i=AA 800w, https:\/\/res.cloudinary.com\/turna\/images\/w_300,h_188,c_scale\/f_auto,q_auto:low\/v1619196861\/Assos-1\/Assos-1.jpg?_i=AA 300w, https:\/\/res.cloudinary.com\/turna\/images\/w_672,h_420,c_scale\/f_auto,q_auto:low\/v1619196861\/Assos-1\/Assos-1.jpg?_i=AA 672w, https:\/\/res.cloudinary.com\/turna\/images\/w_640,h_400,c_scale\/f_auto,q_auto:low\/v1619196861\/Assos-1\/Assos-1.jpg?_i=AA 640w, https:\/\/res.cloudinary.com\/turna\/images\/w_681,h_426,c_scale\/f_auto,q_auto:low\/v1619196861\/Assos-1\/Assos-1.jpg?_i=AA 681w\" data-sizes=\"(max-width: 800px) 100vw, 800px\" data-delivery=\"upload\" onload=\";window.CLDBind?CLDBind(this):null;\" data-cloudinary=\"lazy\" \/><\/figure>\n\n\n\n<p>Y\u0131ld\u0131zlar\u0131n f\u0131s\u0131ldad\u0131klar\u0131na bakacak olursak A\u011fustos ay\u0131nda hayat size yeni ufuklar a\u00e7mak istiyor; e\u011fitim, yurt d\u0131\u015f\u0131 planlar\u0131 ya da inan\u00e7lar\u0131n\u0131zla ilgili konular g\u00fcndeme gelebilir. 7 A\u011fustos sonras\u0131 Mars, sizi d\u00fc\u015f\u00fcnsel s\u0131n\u0131rlar\u0131n\u0131z\u0131n d\u0131\u015f\u0131na \u00e7\u0131kmaya, yeni \u015feyler \u00f6\u011frenmeye ve ke\u015ffetmeye y\u00f6neltebilir.  Ay sonunda ise sorgulad\u0131\u011f\u0131n\u0131z her \u015fey, yeni bir yol haritas\u0131na d\u00f6n\u00fc\u015febilir.<\/p>\n\n\n\n<h3 class=\"wp-block-heading\"><span class=\"ez-toc-section\" id=\"agustos_2025_kova_burclarina_ozel_rota_onerileri\"><\/span>A\u011fustos 2025 Kova Bur\u00e7lar\u0131na \u00d6zel Rota \u00d6nerileri:<span class=\"ez-toc-section-end\"><\/span><\/h3>\n\n\n\n<p>A\u011fustos ay\u0131nda \u00f6zg\u00fcnl\u00fck  pe\u015findeki Kova bur\u00e7lar\u0131 i\u00e7in Kalabriya ve Assos ilham dolu rotalar sunuyor. G\u00fcney \u0130talya\u2019n\u0131n gizli cevheri Kalabriya, el de\u011fmemi\u015f sahilleri, yerel lezzetleri ve otantik havas\u0131yla kal\u0131plar\u0131n d\u0131\u015f\u0131nda bir tatil vadediyor. Assos ise felsefenin izini s\u00fcrebilece\u011finiz antik atmosferi ve denize naz\u0131r ta\u015f konaklama alternatifleriyle \u015f\u0131k bir deneyim sunuyor. Sade ama \u00e7arp\u0131c\u0131 detaylar arayan Kova\u2019lar i\u00e7in <strong><a href=\"https:\/\/www.turna.com\/otel\/assos-ayvacik\" data-type=\"link\" data-id=\"https:\/\/www.turna.com\/otel\/assos-ayvacik\">Assos otelleri<\/a><\/strong> bu ke\u015ffi konforla tamamlamak i\u00e7in birebir.<\/p>\n\n\n\n<h2 class=\"wp-block-heading\"><span class=\"ez-toc-section\" id=\"balik_burcu_agustos_ayi_seyahat_rotalari\"><\/span><strong>Bal\u0131k Burcu A\u011fustos Ay\u0131 Seyahat Rotalar\u0131<\/strong><span class=\"ez-toc-section-end\"><\/span><\/h2>\n\n\n\n<figure class=\"wp-block-image size-full is-resized\"><img width=\"730\" height=\"455\" loading=\"lazy\" decoding=\"async\" src=\"data:image\/svg+xml;base64,PHN2ZyB4bWxucz0iaHR0cDovL3d3dy53My5vcmcvMjAwMC9zdmciIHdpZHRoPSI3MzAiIGhlaWdodD0iNDU1Ij48cmVjdCB3aWR0aD0iMTAwJSIgaGVpZ2h0PSIxMDAlIj48YW5pbWF0ZSBhdHRyaWJ1dGVOYW1lPSJmaWxsIiB2YWx1ZXM9InJnYmEoMTUzLDE1MywxNTMsMC41KTtyZ2JhKDE1MywxNTMsMTUzLDAuMSk7cmdiYSgxNTMsMTUzLDE1MywwLjUpIiBkdXI9IjJzIiByZXBlYXRDb3VudD0iaW5kZWZpbml0ZSIgLz48L3JlY3Q+PC9zdmc+\" alt=\"\" class=\"wp-post-24951 wp-image-14575\" style=\"width:1200px;height:auto\" data-public-id=\"Gocek_Resim_vsvzmy\/Gocek_Resim_vsvzmy.jpg\" data-format=\"jpg\" data-transformations=\"f_auto,q_auto:low\" data-version=\"1541717144\" data-seo=\"1\" data-size=\"730 455\" data-srcset=\"https:\/\/res.cloudinary.com\/turna\/images\/f_auto,q_auto:low\/v1541717144\/Gocek_Resim_vsvzmy\/Gocek_Resim_vsvzmy.jpg?_i=AA 730w, https:\/\/res.cloudinary.com\/turna\/images\/w_300,h_187,c_scale\/f_auto,q_auto:low\/v1541717144\/Gocek_Resim_vsvzmy\/Gocek_Resim_vsvzmy.jpg?_i=AA 300w, https:\/\/res.cloudinary.com\/turna\/images\/w_674,h_420,c_scale\/f_auto,q_auto:low\/v1541717144\/Gocek_Resim_vsvzmy\/Gocek_Resim_vsvzmy.jpg?_i=AA 674w, https:\/\/res.cloudinary.com\/turna\/images\/w_640,h_399,c_scale\/f_auto,q_auto:low\/v1541717144\/Gocek_Resim_vsvzmy\/Gocek_Resim_vsvzmy.jpg?_i=AA 640w, https:\/\/res.cloudinary.com\/turna\/images\/w_681,h_424,c_scale\/f_auto,q_auto:low\/v1541717144\/Gocek_Resim_vsvzmy\/Gocek_Resim_vsvzmy.jpg?_i=AA 681w\" data-sizes=\"(max-width: 730px) 100vw, 730px\" data-delivery=\"upload\" onload=\";window.CLDBind?CLDBind(this):null;\" data-cloudinary=\"lazy\" \/><\/figure>\n\n\n\n<p>A\u011fustos ay\u0131nda a\u015fk, yarat\u0131c\u0131l\u0131k ve \u00f6zel hayat\u0131n\u0131zda \u015fans sizden yana olabilir. 9 A\u011fustos\u2019taki Dolunay, perde arkas\u0131nda kalan baz\u0131 durumlar\u0131 g\u00fcn y\u00fcz\u00fcne \u00e7\u0131karabilir; bu s\u00fcre\u00e7te i\u00e7 sesinize kulak vermek size iyi gelebilir. 12 A\u011fustos sonras\u0131 i\u015f hayat\u0131nda rahatlama ba\u015flarken, 23 A\u011fustos Ba\u015fak Yeniay\u0131 ile birlikte ili\u015fkilerde yeni kararlar alabilirsiniz. Ay sonunda ise duygusal anlamda sizi mutlu edecek bir teklif g\u00fcndeme gelebilir.<\/p>\n\n\n\n<h3 class=\"wp-block-heading\"><span class=\"ez-toc-section\" id=\"agustos_2025_balik_burclarina_ozel_rota_onerileri\"><\/span>A\u011fustos 2025 Bal\u0131k Bur\u00e7lar\u0131na \u00d6zel Rota \u00d6nerileri:<span class=\"ez-toc-section-end\"><\/span><\/h3>\n\n\n\n<p>A\u011fustos ay\u0131nda hayal g\u00fcc\u00fc y\u00fcksek ve derinlik arayan Bal\u0131k bur\u00e7lar\u0131 i\u00e7in G\u00f6cek ve Krabi, r\u00fcya gibi bir yolculuk vadediyor. G\u00f6cek\u2019in sakl\u0131 koylar\u0131nda tekneyle s\u00fcz\u00fclmek, turkuaz sulara dal\u0131p dinginli\u011fe kar\u0131\u015fmak Bal\u0131k  bur\u00e7lar\u0131 i\u00e7in e\u015fsiz bir f\u0131rsat sunuyor. Krabi ise Tayland\u2019\u0131n tropik cennetlerinden, kalker kayal\u0131klar\u0131, lag\u00fcnleri ve mistik atmosferiyle gezginlere ilham veriyor. Her iki rota da Bal\u0131k bur\u00e7lar\u0131n\u0131n sezgilerini beslerken, ruhlar\u0131n\u0131 da  dinlendiriyor.  <strong><a href=\"https:\/\/www.turna.com\/ucak-bileti\/tayland\" data-type=\"link\" data-id=\"https:\/\/www.turna.com\/ucak-bileti\/tayland\">Tayland u\u00e7ak bileti<\/a><\/strong> alternatifleri avantajl\u0131 fiyatlarla Turna&#8217;da.<\/p>\n\n\n\n<p>A\u011fustos bur\u00e7 yorumlar\u0131na g\u00f6re seyahat rotalar\u0131 rehberimizin sonuna geldik. Eyl\u00fcl ay\u0131nda yeni rotalarda bulu\u015fmak \u00fczere! \ud83c\udf0d<\/p>\n\n    <div class=\"xs_social_share_widget xs_share_url after_content \t\tmain_content  wslu-style-1 wslu-share-box-shaped wslu-fill-colored wslu-none wslu-share-horizontal wslu-theme-font-no wslu-main_content\">\n\n\t\t\n        <ul>\n\t\t\t        <\/ul>\n    <\/div> \n","protected":false},"excerpt":{"rendered":"<p>Yaz aylar\u0131n\u0131n en canl\u0131 ve en hareketli zaman\u0131 olan A\u011fustos ay\u0131 geldi. G\u00fcne\u015fin en parlak y\u00fcz\u00fcn\u00fc g\u00f6sterdi\u011fi bu c\u0131v\u0131l c\u0131v\u0131l yaz ay\u0131nda, ruhumuz da t\u0131pk\u0131 yaz aylar\u0131 gibi renkleniyor. Ke\u015ffetme arzusu art\u0131yor, tatil planlar\u0131 \u00e7ok daha keyifli hale geliyor. Peki y\u0131ld\u0131zlar bu ay i\u00e7in bur\u00e7lara hangi rotalar\u0131 f\u0131s\u0131ld\u0131yor? \ud83c\udf1f Burcunuza \u00f6zel seyahat \u00f6nerileriyle, yeni rotalar [&hellip;]<\/p>\n","protected":false},"author":44,"featured_media":24953,"comment_status":"open","ping_status":"open","sticky":false,"template":"","format":"standard","meta":{"rop_custom_images_group":[],"rop_custom_messages_group":[],"rop_publish_now":"yes","rop_publish_now_accounts":[],"rop_publish_now_history":[],"rop_publish_now_status":"pending","_cloudinary_featured_overwrite":false,"footnotes":""},"categories":[1],"tags":[],"class_list":["post-24951","post","type-post","status-publish","format-standard","has-post-thumbnail","hentry","category-seyahat-rehberi"],"_links":{"self":[{"href":"https:\/\/www.turna.com\/blog\/wp-json\/wp\/v2\/posts\/24951","targetHints":{"allow":["GET"]}}],"collection":[{"href":"https:\/\/www.turna.com\/blog\/wp-json\/wp\/v2\/posts"}],"about":[{"href":"https:\/\/www.turna.com\/blog\/wp-json\/wp\/v2\/types\/post"}],"author":[{"embeddable":true,"href":"https:\/\/www.turna.com\/blog\/wp-json\/wp\/v2\/users\/44"}],"replies":[{"embeddable":true,"href":"https:\/\/www.turna.com\/blog\/wp-json\/wp\/v2\/comments?post=24951"}],"version-history":[{"count":0,"href":"https:\/\/www.turna.com\/blog\/wp-json\/wp\/v2\/posts\/24951\/revisions"}],"wp:featuredmedia":[{"embeddable":true,"href":"https:\/\/www.turna.com\/blog\/wp-json\/wp\/v2\/media\/24953"}],"wp:attachment":[{"href":"https:\/\/www.turna.com\/blog\/wp-json\/wp\/v2\/media?parent=24951"}],"wp:term":[{"taxonomy":"category","embeddable":true,"href":"https:\/\/www.turna.com\/blog\/wp-json\/wp\/v2\/categories?post=24951"},{"taxonomy":"post_tag","embeddable":true,"href":"https:\/\/www.turna.com\/blog\/wp-json\/wp\/v2\/tags?post=24951"}],"curies":[{"name":"wp","href":"https:\/\/api.w.org\/{rel}","templated":true}]}}