{"id":24932,"date":"2025-08-04T13:02:37","date_gmt":"2025-08-04T10:02:37","guid":{"rendered":"https:\/\/www.turna.com\/blog\/?p=24932"},"modified":"2025-08-04T15:47:19","modified_gmt":"2025-08-04T12:47:19","slug":"agustos-ayi-etkinlik-takvimi","status":"publish","type":"post","link":"https:\/\/www.turna.com\/blog\/agustos-ayi-etkinlik-takvimi","title":{"rendered":"A\u011fustos Ay\u0131 Etkinlik Takvimi"},"content":{"rendered":"<div id=\"ez-toc-container\" class=\"ez-toc-v2_0_82_2 counter-hierarchy ez-toc-counter ez-toc-black ez-toc-container-direction\">\n<div class=\"ez-toc-title-container\">\n<p class=\"ez-toc-title\" style=\"cursor:inherit\">\u0130\u00e7indekiler<\/p>\n<span class=\"ez-toc-title-toggle\"><a href=\"#\" class=\"ez-toc-pull-right ez-toc-btn ez-toc-btn-xs ez-toc-btn-default ez-toc-toggle\" aria-label=\"\u0130\u00e7indekiler Tablosunu A\u00e7\/Kapat\"><span class=\"ez-toc-js-icon-con\"><span class=\"\"><span class=\"eztoc-hide\" style=\"display:none;\">Toggle<\/span><span class=\"ez-toc-icon-toggle-span\"><svg style=\"fill: #ffffff;color:#ffffff\" xmlns=\"http:\/\/www.w3.org\/2000\/svg\" class=\"list-377408\" width=\"20px\" height=\"20px\" viewBox=\"0 0 24 24\" fill=\"none\"><path d=\"M6 6H4v2h2V6zm14 0H8v2h12V6zM4 11h2v2H4v-2zm16 0H8v2h12v-2zM4 16h2v2H4v-2zm16 0H8v2h12v-2z\" fill=\"currentColor\"><\/path><\/svg><svg style=\"fill: #ffffff;color:#ffffff\" class=\"arrow-unsorted-368013\" xmlns=\"http:\/\/www.w3.org\/2000\/svg\" width=\"10px\" height=\"10px\" viewBox=\"0 0 24 24\" version=\"1.2\" baseProfile=\"tiny\"><path d=\"M18.2 9.3l-6.2-6.3-6.2 6.3c-.2.2-.3.4-.3.7s.1.5.3.7c.2.2.4.3.7.3h11c.3 0 .5-.1.7-.3.2-.2.3-.5.3-.7s-.1-.5-.3-.7zM5.8 14.7l6.2 6.3 6.2-6.3c.2-.2.3-.5.3-.7s-.1-.5-.3-.7c-.2-.2-.4-.3-.7-.3h-11c-.3 0-.5.1-.7.3-.2.2-.3.5-.3.7s.1.5.3.7z\"\/><\/svg><\/span><\/span><\/span><\/a><\/span><\/div>\n<nav><ul class='ez-toc-list ez-toc-list-level-1 eztoc-toggle-hide-by-default' ><li class='ez-toc-page-1 ez-toc-heading-level-2'><a class=\"ez-toc-link ez-toc-heading-1\" href=\"https:\/\/www.turna.com\/blog\/agustos-ayi-etkinlik-takvimi\/#istanbul_agustos_ayi_etkinlik_takvimi\" >\u0130stanbul A\u011fustos Ay\u0131 Etkinlik Takvimi<\/a><ul class='ez-toc-list-level-3' ><li class='ez-toc-heading-level-3'><a class=\"ez-toc-link ez-toc-heading-2\" href=\"https:\/\/www.turna.com\/blog\/agustos-ayi-etkinlik-takvimi\/#jennifer_lopez\" >Jennifer Lopez<\/a><\/li><li class='ez-toc-page-1 ez-toc-heading-level-3'><a class=\"ez-toc-link ez-toc-heading-3\" href=\"https:\/\/www.turna.com\/blog\/agustos-ayi-etkinlik-takvimi\/#masego\" >Masego<\/a><\/li><li class='ez-toc-page-1 ez-toc-heading-level-3'><a class=\"ez-toc-link ez-toc-heading-4\" href=\"https:\/\/www.turna.com\/blog\/agustos-ayi-etkinlik-takvimi\/#wardruna\" >Wardruna<\/a><\/li><li class='ez-toc-page-1 ez-toc-heading-level-3'><a class=\"ez-toc-link ez-toc-heading-5\" href=\"https:\/\/www.turna.com\/blog\/agustos-ayi-etkinlik-takvimi\/#limp_bizkit\" >Limp Bizkit<\/a><\/li><li class='ez-toc-page-1 ez-toc-heading-level-3'><a class=\"ez-toc-link ez-toc-heading-6\" href=\"https:\/\/www.turna.com\/blog\/agustos-ayi-etkinlik-takvimi\/#yasar\" >Ya\u015far<\/a><\/li><li class='ez-toc-page-1 ez-toc-heading-level-3'><a class=\"ez-toc-link ez-toc-heading-7\" href=\"https:\/\/www.turna.com\/blog\/agustos-ayi-etkinlik-takvimi\/#sevgili_arsiz_olum_dirmit\" >Sevgili Ars\u0131z \u00d6l\u00fcm Dirmit<\/a><\/li><li class='ez-toc-page-1 ez-toc-heading-level-3'><a class=\"ez-toc-link ez-toc-heading-8\" href=\"https:\/\/www.turna.com\/blog\/agustos-ayi-etkinlik-takvimi\/#sunay_akin_%e2%80%93_memleket_kumasi\" >Sunay Ak\u0131n &#8211; Memleket Kuma\u015f\u0131<\/a><\/li><li class='ez-toc-page-1 ez-toc-heading-level-3'><a class=\"ez-toc-link ez-toc-heading-9\" href=\"https:\/\/www.turna.com\/blog\/agustos-ayi-etkinlik-takvimi\/#drakula\" >Drakula<\/a><\/li><li class='ez-toc-page-1 ez-toc-heading-level-3'><a class=\"ez-toc-link ez-toc-heading-10\" href=\"https:\/\/www.turna.com\/blog\/agustos-ayi-etkinlik-takvimi\/#yavas_fest\" >Yava\u015f Fest<\/a><\/li><\/ul><\/li><li class='ez-toc-page-1 ez-toc-heading-level-2'><a class=\"ez-toc-link ez-toc-heading-11\" href=\"https:\/\/www.turna.com\/blog\/agustos-ayi-etkinlik-takvimi\/#ankara_agustos_ayi_etkinlik_takvimi\" >Ankara A\u011fustos Ay\u0131 Etkinlik Takvimi<\/a><ul class='ez-toc-list-level-3' ><li class='ez-toc-heading-level-3'><a class=\"ez-toc-link ez-toc-heading-12\" href=\"https:\/\/www.turna.com\/blog\/agustos-ayi-etkinlik-takvimi\/#mabel_matiz\" >Mabel Matiz<\/a><\/li><li class='ez-toc-page-1 ez-toc-heading-level-3'><a class=\"ez-toc-link ez-toc-heading-13\" href=\"https:\/\/www.turna.com\/blog\/agustos-ayi-etkinlik-takvimi\/#cimri\" >Cimri<\/a><\/li><li class='ez-toc-page-1 ez-toc-heading-level-3'><a class=\"ez-toc-link ez-toc-heading-14\" href=\"https:\/\/www.turna.com\/blog\/agustos-ayi-etkinlik-takvimi\/#an_epic_symphony_gokhan_turkmen\" >An Epic Symphony &amp; G\u00f6khan T\u00fcrkmen<\/a><\/li><li class='ez-toc-page-1 ez-toc-heading-level-3'><a class=\"ez-toc-link ez-toc-heading-15\" href=\"https:\/\/www.turna.com\/blog\/agustos-ayi-etkinlik-takvimi\/#saatleri_ayarlama_enstitusu\" >Saatleri Ayarlama Enstit\u00fcs\u00fc<\/a><\/li><li class='ez-toc-page-1 ez-toc-heading-level-3'><a class=\"ez-toc-link ez-toc-heading-16\" href=\"https:\/\/www.turna.com\/blog\/agustos-ayi-etkinlik-takvimi\/#meksika_acmazi\" >Meksika A\u00e7maz\u0131<\/a><\/li><li class='ez-toc-page-1 ez-toc-heading-level-3'><a class=\"ez-toc-link ez-toc-heading-17\" href=\"https:\/\/www.turna.com\/blog\/agustos-ayi-etkinlik-takvimi\/#cok_guzel_hareketler_2\" >\u00c7ok G\u00fczel Hareketler 2&nbsp;<\/a><\/li><\/ul><\/li><li class='ez-toc-page-1 ez-toc-heading-level-2'><a class=\"ez-toc-link ez-toc-heading-18\" href=\"https:\/\/www.turna.com\/blog\/agustos-ayi-etkinlik-takvimi\/#izmir_agustos_ayi_etkinlik_takvimi\" >\u0130zmir A\u011fustos Ay\u0131 Etkinlik Takvimi<\/a><ul class='ez-toc-list-level-3' ><li class='ez-toc-heading-level-3'><a class=\"ez-toc-link ez-toc-heading-19\" href=\"https:\/\/www.turna.com\/blog\/agustos-ayi-etkinlik-takvimi\/#tolga_candar_%e2%80%93_yagmur_oncesi\" >Tolga \u00c7andar &#8211; Ya\u011fmur \u00d6ncesi&nbsp;<\/a><\/li><li class='ez-toc-page-1 ez-toc-heading-level-3'><a class=\"ez-toc-link ez-toc-heading-20\" href=\"https:\/\/www.turna.com\/blog\/agustos-ayi-etkinlik-takvimi\/#bir_80ler_hikayesi_%e2%80%93_mufit_can_sacinti\" >Bir 80&#8217;ler Hikayesi &#8211; M\u00fcfit Can Sa\u00e7\u0131nt\u0131&nbsp;<\/a><\/li><li class='ez-toc-page-1 ez-toc-heading-level-3'><a class=\"ez-toc-link ez-toc-heading-21\" href=\"https:\/\/www.turna.com\/blog\/agustos-ayi-etkinlik-takvimi\/#ajda_pekkan\" >Ajda Pekkan<\/a><\/li><li class='ez-toc-page-1 ez-toc-heading-level-3'><a class=\"ez-toc-link ez-toc-heading-22\" href=\"https:\/\/www.turna.com\/blog\/agustos-ayi-etkinlik-takvimi\/#seyfi_bey\" >Seyfi Bey<\/a><\/li><li class='ez-toc-page-1 ez-toc-heading-level-3'><a class=\"ez-toc-link ez-toc-heading-23\" href=\"https:\/\/www.turna.com\/blog\/agustos-ayi-etkinlik-takvimi\/#aydinlikevler\" >Ayd\u0131nl\u0131kevler&nbsp;<\/a><\/li><li class='ez-toc-page-1 ez-toc-heading-level-3'><a class=\"ez-toc-link ez-toc-heading-24\" href=\"https:\/\/www.turna.com\/blog\/agustos-ayi-etkinlik-takvimi\/#hayko_cepkin\" >Hayko Cepkin&nbsp;<\/a><\/li><li class='ez-toc-page-1 ez-toc-heading-level-3'><a class=\"ez-toc-link ez-toc-heading-25\" href=\"https:\/\/www.turna.com\/blog\/agustos-ayi-etkinlik-takvimi\/#ozgur_turhan_%e2%80%93_yenisi\" >\u00d6zg\u00fcr Turhan &#8211; Yenisi&nbsp;&nbsp;<\/a><\/li><\/ul><\/li><li class='ez-toc-page-1 ez-toc-heading-level-2'><a class=\"ez-toc-link ez-toc-heading-26\" href=\"https:\/\/www.turna.com\/blog\/agustos-ayi-etkinlik-takvimi\/#turkiye_genelinde_one_cikan_agustos_ayi_etkinlik_takvimi\" >T\u00fcrkiye Genelinde \u00d6ne \u00c7\u0131kan A\u011fustos Ay\u0131 Etkinlik Takvimi<\/a><ul class='ez-toc-list-level-3' ><li class='ez-toc-heading-level-3'><a class=\"ez-toc-link ez-toc-heading-27\" href=\"https:\/\/www.turna.com\/blog\/agustos-ayi-etkinlik-takvimi\/#bir_fakir_orhan_veli_%e2%80%93_samsun\" >Bir Fakir Orhan Veli &#8211; Samsun&nbsp;<\/a><\/li><li class='ez-toc-page-1 ez-toc-heading-level-3'><a class=\"ez-toc-link ez-toc-heading-28\" href=\"https:\/\/www.turna.com\/blog\/agustos-ayi-etkinlik-takvimi\/#an_epic_symphony_mustafa_sandal_%e2%80%93_bursa\" >An Epic Symphony &amp; Mustafa Sandal &#8211; Bursa<\/a><\/li><li class='ez-toc-page-1 ez-toc-heading-level-3'><a class=\"ez-toc-link ez-toc-heading-29\" href=\"https:\/\/www.turna.com\/blog\/agustos-ayi-etkinlik-takvimi\/#bulent_ersoy_konseri_%e2%80%93_antalya\" >B\u00fclent Ersoy Konseri &#8211; Antalya<\/a><\/li><li class='ez-toc-page-1 ez-toc-heading-level-3'><a class=\"ez-toc-link ez-toc-heading-30\" href=\"https:\/\/www.turna.com\/blog\/agustos-ayi-etkinlik-takvimi\/#hayvan_ciftligi_%e2%80%93_adana\" >Hayvan \u00c7iftli\u011fi &#8211; Adana<\/a><\/li><li class='ez-toc-page-1 ez-toc-heading-level-3'><a class=\"ez-toc-link ez-toc-heading-31\" href=\"https:\/\/www.turna.com\/blog\/agustos-ayi-etkinlik-takvimi\/#gokhan_turkmen_%e2%80%93_gaziantep\" >G\u00f6khan T\u00fcrkmen &#8211; Gaziantep<\/a><\/li><li class='ez-toc-page-1 ez-toc-heading-level-3'><a class=\"ez-toc-link ez-toc-heading-32\" href=\"https:\/\/www.turna.com\/blog\/agustos-ayi-etkinlik-takvimi\/#suc_ve_ceza_%e2%80%93_eskisehir\" >Su\u00e7 Ve Ceza &#8211; Eski\u015fehir&nbsp;<\/a><\/li><\/ul><\/li><\/ul><\/nav><\/div>\n\n<p>Yaz\u0131n en renkli, en hareketli ve en enerjik aylar\u0131ndan biri olan A\u011fustos, dopdolu bir etkinlik takvimiyle kar\u015f\u0131m\u0131zda kollar\u0131n\u0131 a\u00e7m\u0131\u015f bizi bekliyor! T\u00fcrkiye\u2019nin d\u00f6rt bir yan\u0131, a\u00e7\u0131k hava konserlerinden tiyatro g\u00f6sterimlerine, festivallerden \u00f6zel performanslara kadar her zevke hitap edecek etkinliklerle adeta bir sahneye d\u00f6n\u00fc\u015f\u00fcyor.&nbsp;<\/p>\n\n\n\n<p>Bu ay\u0131n takvimine \u015f\u00f6yle bir g\u00f6z att\u0131\u011f\u0131n\u0131zda bile, \u00fclkemizin nas\u0131l da nefes kesici bir k\u00fclt\u00fcr-sanat merkezi oldu\u011funu fark ediyorsunuz. \u00dcstelik sadece m\u00fczikseverlere de\u011fil, tiyatrodan dansa, edebiyattan do\u011fa i\u00e7indeki festivallere kadar pek \u00e7ok farkl\u0131 alanda etkinlikler sizi bekliyor. Haydi gelin, a\u011fustos ay\u0131nda takvimde neler var birlikte bakal\u0131m. \u2600\ufe0f\ud83c\udfa4\ud83c\udfad<\/p>\n\n\n\n<h2 class=\"wp-block-heading has-text-align-center has-neeon-button-dark-gray-color has-text-color has-link-color wp-elements-006f2ddabb8d22c27c7abd8920d9de6d\"><span class=\"ez-toc-section\" id=\"istanbul_agustos_ayi_etkinlik_takvimi\"><\/span><strong><strong><strong><strong><strong><strong><strong>\u0130stanbul A\u011fustos Ay\u0131 Etkinlik Takvimi<\/strong><\/strong><\/strong><\/strong><\/strong><\/strong><\/strong><span class=\"ez-toc-section-end\"><\/span><\/h2>\n\n\n\n<figure class=\"wp-block-image size-large\"><img width=\"1600\" height=\"1000\" data-public-id=\"martetkinlik1\/martetkinlik1.jpg\" decoding=\"async\" src=\"https:\/\/res.cloudinary.com\/turna\/images\/w_1600,h_1000,c_scale\/f_auto,q_auto:low\/v1740995166\/martetkinlik1\/martetkinlik1.jpg?_i=AA\" alt=\"\" class=\"wp-post-0 wp-image-23663\" data-format=\"jpg\" data-transformations=\"f_auto,q_auto:low\" data-version=\"1740995166\" data-seo=\"1\" srcset=\"https:\/\/res.cloudinary.com\/turna\/images\/f_auto,q_auto:low\/v1740995166\/martetkinlik1\/martetkinlik1.jpg?_i=AA 1600w, https:\/\/res.cloudinary.com\/turna\/images\/w_800,h_500,c_scale\/f_auto,q_auto:low\/v1740995166\/martetkinlik1\/martetkinlik1.jpg?_i=AA 800w, https:\/\/res.cloudinary.com\/turna\/images\/w_1024,h_640,c_scale\/f_auto,q_auto:low\/v1740995166\/martetkinlik1\/martetkinlik1.jpg?_i=AA 1024w, https:\/\/res.cloudinary.com\/turna\/images\/w_300,h_188,c_scale\/f_auto,q_auto:low\/v1740995166\/martetkinlik1\/martetkinlik1.jpg?_i=AA 300w, https:\/\/res.cloudinary.com\/turna\/images\/w_1536,h_960,c_scale\/f_auto,q_auto:low\/v1740995166\/martetkinlik1\/martetkinlik1.jpg?_i=AA 1536w, https:\/\/res.cloudinary.com\/turna\/images\/w_672,h_420,c_scale\/f_auto,q_auto:low\/v1740995166\/martetkinlik1\/martetkinlik1.jpg?_i=AA 672w, https:\/\/res.cloudinary.com\/turna\/images\/w_640,h_400,c_scale\/f_auto,q_auto:low\/v1740995166\/martetkinlik1\/martetkinlik1.jpg?_i=AA 640w, https:\/\/res.cloudinary.com\/turna\/images\/w_681,h_426,c_scale\/f_auto,q_auto:low\/v1740995166\/martetkinlik1\/martetkinlik1.jpg?_i=AA 681w\" sizes=\"(max-width: 1600px) 100vw, 1600px\" \/><\/figure>\n\n\n\n<p>A\u011fustos ay\u0131nda \u0130stanbul yine dopdolu. \u015eehrin d\u00f6rt bir yan\u0131, m\u00fczikten tiyatroya, festivalden a\u00e7\u0131k hava konserlerine kadar birbirinden keyifli etkinliklerle hareketleniyor. Geceleri serin, ritmi y\u00fcksek; g\u00fcnd\u00fcz\u00fc s\u0131cak, enerjisi bol bu ayda \u0130stanbul\u2019da her g\u00fcne ayr\u0131 bir plan yapabilirsiniz. A\u011fustos ay\u0131nda \u0130stanbul\u2019da her ruh haline uygun bir etkinlik var.<\/p>\n\n\n\n<p>K\u00fc\u00e7\u00fck bir hafta sonu ka\u00e7ama\u011f\u0131 i\u00e7in <strong><a href=\"https:\/\/www.turna.com\/ucak-bileti\/istanbul\">\u0130stanbul u\u00e7ak bileti<\/a><\/strong> se\u00e7eneklerini inceleyin.<\/p>\n\n\n\n<h3 class=\"wp-block-heading has-text-align-center has-neeon-button-dark-gray-color has-text-color has-link-color wp-elements-c7ff1622b0b7151cf1363771837d4889\"><span class=\"ez-toc-section\" id=\"jennifer_lopez\"><\/span><strong><strong><strong><strong>Jennifer Lopez<\/strong><\/strong><\/strong><\/strong><span class=\"ez-toc-section-end\"><\/span><\/h3>\n\n\n\n<p>Pop m\u00fczi\u011fin y\u0131ld\u0131z isimlerinden Jennifer Lopez, 5 A\u011fustos ak\u015fam\u0131 \u0130talya Ba\u015fkonsoloslu\u011fu\u2019nun b\u00fcy\u00fcleyici bah\u00e7esinde sahne al\u0131yor. Hem tarihi bir atmosferde hem de a\u00e7\u0131k havada d\u00fcnya y\u0131ld\u0131z\u0131n\u0131 canl\u0131 izlemek bamba\u015fka bir deneyim olacak. Dansa doymak, ritmi iliklerinize kadar hissetmek istiyorsan\u0131z, bu konser ka\u00e7maz.<\/p>\n\n\n\n<p><strong>Tarih:<\/strong> 5 A\u011fustos<\/p>\n\n\n\n<h3 class=\"wp-block-heading has-text-align-center has-neeon-button-dark-gray-color has-text-color has-link-color wp-elements-0f87cf35a2cf0acabadd7c87736d2494\"><span class=\"ez-toc-section\" id=\"masego\"><\/span><strong><strong><strong><strong>Masego<\/strong><\/strong><\/strong><\/strong><span class=\"ez-toc-section-end\"><\/span><\/h3>\n\n\n\n<p>R&amp;B, jazz ve hip-hop\u2019\u0131 ustaca harmanlayan Masego, 6 A\u011fustos\u2019ta Zorlu PSM sahnesinde olacak. Onun saksafonuyla yapt\u0131\u011f\u0131 dokunu\u015flar, sahne enerjisi ve b\u00fcy\u00fcleyici sesiyle farkl\u0131 bir ak\u015fam ya\u015famak isteyenler i\u00e7in birebir. Sakin ama derin bir m\u00fczik yolculu\u011funa haz\u0131r olun.<\/p>\n\n\n\n<p><strong>Tarih: <\/strong>6 A\u011fustos<\/p>\n\n\n\n<h3 class=\"wp-block-heading has-text-align-center has-neeon-button-dark-gray-color has-text-color has-link-color wp-elements-b8dc1cba1b11cf66490765e3f9df88bd\"><span class=\"ez-toc-section\" id=\"wardruna\"><\/span><strong><strong><strong><strong>Wardruna<\/strong><\/strong><\/strong><\/strong><span class=\"ez-toc-section-end\"><\/span><\/h3>\n\n\n\n<p>\u0130skandinav ezgilerini mistik atmosferle birle\u015ftiren Wardruna, Harbiye Cemil Topuzlu A\u00e7\u0131khava Tiyatrosu\u2019nda \u0130stanbul\u2019u bamba\u015fka bir d\u00fcnyaya ta\u015f\u0131yacak. Viking ruhunu i\u00e7inizde hissetmek, kadim t\u0131n\u0131larla dolu bir geceye tan\u0131k olmak istiyorsan\u0131z ajandan\u0131za not edin.<\/p>\n\n\n\n<p><strong>Tarih:<\/strong> 9 A\u011fustos<\/p>\n\n\n\n<h3 class=\"wp-block-heading has-text-align-center has-neeon-button-dark-gray-color has-text-color has-link-color wp-elements-ad3efb8d15da316788a0dc6ecff60c55\"><span class=\"ez-toc-section\" id=\"limp_bizkit\"><\/span><strong><strong><strong><strong>Limp Bizkit<\/strong><\/strong><\/strong><\/strong><span class=\"ez-toc-section-end\"><\/span><\/h3>\n\n\n\n<p>Nu metal efsanesi Limp Bizkit, 17 A\u011fustos ak\u015fam\u0131 \u0130stanbul\u2019u sallamaya geliyor. Atak\u00f6y Marina\u2019n\u0131n deniz kokulu a\u00e7\u0131k havas\u0131nda rock severler i\u00e7in tam bir enerji patlamas\u0131 olacak. Adrenalin, nostalji ve sert riff\u2019ler bir arada. Haz\u0131r olun.<\/p>\n\n\n\n<p><strong>Tarih: <\/strong>17 A\u011fustos<\/p>\n\n\n\n<h3 class=\"wp-block-heading has-text-align-center has-neeon-button-dark-gray-color has-text-color has-link-color wp-elements-7ecdc3913f7e5d0d08ff349f2b0d17f3\"><span class=\"ez-toc-section\" id=\"yasar\"><\/span><strong><strong><strong><strong>Ya\u015far<\/strong><\/strong><\/strong><\/strong><span class=\"ez-toc-section-end\"><\/span><\/h3>\n\n\n\n<p>Romantik \u015fark\u0131lar\u0131n duayeni Ya\u015far, 25 A\u011fustos\u2019ta Harbiye sahnesinde sevenleriyle bulu\u015fuyor. Kumral\u0131m, Ac\u0131tm\u0131yor Sevdan gibi klasiklerle kalbinize dokunmaya geliyor. Duygusal bir yaz ak\u015fam\u0131 ge\u00e7irmek isteyenler i\u00e7in Harbiye\u2019de yerinizi ay\u0131rtmay\u0131 unutmay\u0131n.<\/p>\n\n\n\n<p><strong>Tarih: <\/strong>25 A\u011fustos<\/p>\n\n\n\n<h3 class=\"wp-block-heading has-text-align-center has-neeon-button-dark-gray-color has-text-color has-link-color wp-elements-739bf4088f0179236782839dc7cf95a4\"><span class=\"ez-toc-section\" id=\"sevgili_arsiz_olum_dirmit\"><\/span><strong><strong><strong><strong>Sevgili Ars\u0131z \u00d6l\u00fcm Dirmit<\/strong><\/strong><\/strong><\/strong><span class=\"ez-toc-section-end\"><\/span><\/h3>\n\n\n\n<p>Nezaket Erden\u2019in sahneye ta\u015f\u0131d\u0131\u011f\u0131, Latife Tekin\u2019in k\u00fclt roman\u0131ndan uyarlanan bu etkileyici yap\u0131m 5 A\u011fustos ak\u015fam\u0131 a\u00e7\u0131k havada izleyiciyle bulu\u015fuyor. Tek ki\u015filik dev bir performans izlemek, tiyatroda duyguya doyaca\u011f\u0131n\u0131z bir ak\u015fam ya\u015famak isterseniz bu oyun tam size g\u00f6re.<\/p>\n\n\n\n<p><strong>Tarih:<\/strong> 5 A\u011fustos&nbsp;<\/p>\n\n\n\n<h3 class=\"wp-block-heading has-text-align-center has-neeon-button-dark-gray-color has-text-color has-link-color wp-elements-2341a30ed3c50786148ad40b350dd3b8\"><span class=\"ez-toc-section\" id=\"sunay_akin_%e2%80%93_memleket_kumasi\"><\/span><strong><strong><strong><strong>Sunay Ak\u0131n &#8211; Memleket Kuma\u015f\u0131<\/strong><\/strong><\/strong><\/strong><span class=\"ez-toc-section-end\"><\/span><\/h3>\n\n\n\n<p>\u015eiirle mizah\u0131, tarih bilgisiyle nostaljiyi harmanlayan Sunay Ak\u0131n, 7 A\u011fustos\u2019ta Kad\u0131k\u00f6y\u2019de sahnede olacak. Memleket Kuma\u015f\u0131 ile yine hem d\u00fc\u015f\u00fcnd\u00fcrecek hem g\u00fcl\u00fcmsetecek. A\u011fa\u00e7lar alt\u0131nda, serin bir yaz ak\u015fam\u0131nda anlat\u0131n\u0131n b\u00fcy\u00fcs\u00fcne kap\u0131lmak i\u00e7in harika bir f\u0131rsat.<\/p>\n\n\n\n<p><strong>Tarih:<\/strong> 7 A\u011fustos<\/p>\n\n\n\n<h3 class=\"wp-block-heading has-text-align-center has-neeon-button-dark-gray-color has-text-color has-link-color wp-elements-6228aa07fcb99e6f1291017492f0068f\"><span class=\"ez-toc-section\" id=\"drakula\"><\/span><strong><strong><strong><strong>Drakula<\/strong><\/strong><\/strong><\/strong><span class=\"ez-toc-section-end\"><\/span><\/h3>\n\n\n\n<p>Gerilim, gizem ve sahne \u0131\u015f\u0131klar\u0131 bu kez Drakula ile birle\u015fiyor. 14 A\u011fustos\u2019ta Maximum Uniq A\u00e7\u0131khava\u2019da sahnelenecek bu oyun, klasik bir hikayeyi modern dokunu\u015flarla yorumluyor. Karanl\u0131k atmosferi ve g\u00fc\u00e7l\u00fc oyunculuklar\u0131yla dikkat \u00e7eken yap\u0131m\u0131 ka\u00e7\u0131rmay\u0131n.<\/p>\n\n\n\n<p><strong>Tarih: <\/strong>14 A\u011fustos<\/p>\n\n\n\n<h3 class=\"wp-block-heading has-text-align-center has-neeon-button-dark-gray-color has-text-color has-link-color wp-elements-19b8a396dad7057f19ed2b254d5572fc\"><span class=\"ez-toc-section\" id=\"yavas_fest\"><\/span><strong><strong><strong><strong>Yava\u015f Fest<\/strong><\/strong><\/strong><\/strong><span class=\"ez-toc-section-end\"><\/span><\/h3>\n\n\n\n<p>Do\u011fa i\u00e7inde, \u015fehrin ko\u015fturmacas\u0131ndan uzak bir festival ar\u0131yorsan\u0131z Yava\u015f Fest tam size g\u00f6re. 15 A\u011fustos\u2019ta Kaan Tang\u00f6ze, Kalben ve Tu\u011fkan; 16 A\u011fustos\u2019ta ise B\u00fclent Orta\u00e7gil, Birsen Tezer ve H\u00fcsn\u00fc Arkan sahne alacak. Yerinizi ay\u0131rt\u0131n ve y\u0131ld\u0131zlar\u0131n alt\u0131nda m\u00fczi\u011fin keyfini \u00e7\u0131kar\u0131n.<\/p>\n\n\n\n<p><strong>Tarih:<\/strong> 15-16 A\u011fustos<\/p>\n\n\n\n<h2 class=\"wp-block-heading has-text-align-center has-neeon-button-dark-gray-color has-text-color has-link-color wp-elements-e1b6792de0bf996948b7a13eb4990670\"><span class=\"ez-toc-section\" id=\"ankara_agustos_ayi_etkinlik_takvimi\"><\/span><strong><strong><strong><strong><strong><strong><strong>Ankara A\u011fustos Ay\u0131 Etkinlik Takvimi<\/strong><\/strong><\/strong><\/strong><\/strong><\/strong><\/strong><span class=\"ez-toc-section-end\"><\/span><\/h2>\n\n\n\n<figure class=\"wp-block-image size-large\"><img width=\"800\" height=\"500\" data-public-id=\"nisanayietkinliktakvimikapak\/nisanayietkinliktakvimikapak.jpg\" decoding=\"async\" src=\"https:\/\/res.cloudinary.com\/turna\/images\/w_800,h_500,c_scale\/f_auto,q_auto:low\/v1743588183\/nisanayietkinliktakvimikapak\/nisanayietkinliktakvimikapak.jpg?_i=AA\" alt=\"\" class=\"wp-post-0 wp-image-23729\" data-format=\"jpg\" data-transformations=\"f_auto,q_auto:low\" data-version=\"1743588183\" data-seo=\"1\" srcset=\"https:\/\/res.cloudinary.com\/turna\/images\/f_auto,q_auto:low\/v1743588183\/nisanayietkinliktakvimikapak\/nisanayietkinliktakvimikapak.jpg?_i=AA 800w, https:\/\/res.cloudinary.com\/turna\/images\/w_300,h_188,c_scale\/f_auto,q_auto:low\/v1743588183\/nisanayietkinliktakvimikapak\/nisanayietkinliktakvimikapak.jpg?_i=AA 300w, https:\/\/res.cloudinary.com\/turna\/images\/w_672,h_420,c_scale\/f_auto,q_auto:low\/v1743588183\/nisanayietkinliktakvimikapak\/nisanayietkinliktakvimikapak.jpg?_i=AA 672w, https:\/\/res.cloudinary.com\/turna\/images\/w_640,h_400,c_scale\/f_auto,q_auto:low\/v1743588183\/nisanayietkinliktakvimikapak\/nisanayietkinliktakvimikapak.jpg?_i=AA 640w, https:\/\/res.cloudinary.com\/turna\/images\/w_681,h_426,c_scale\/f_auto,q_auto:low\/v1743588183\/nisanayietkinliktakvimikapak\/nisanayietkinliktakvimikapak.jpg?_i=AA 681w\" sizes=\"(max-width: 800px) 100vw, 800px\" \/><\/figure>\n\n\n\n<p>Ankara\u2019da yaz ak\u015famlar\u0131 bir ba\u015fka g\u00fczel. A\u011fustos ay\u0131 geldi mi, \u015fehir serinleyen geceleriyle a\u00e7\u0131k hava etkinliklerinin tad\u0131n\u0131 \u00e7\u0131karmak i\u00e7in ideal hale geliyor. Parklar, sahneler, k\u00fclt\u00fcr merkezleri dolup ta\u015f\u0131yor; hem m\u00fczikle hem kahkahayla hem de sahne sanatlar\u0131yla. Bu ay da ba\u015fkentte s\u0131k\u0131lmaya hi\u00e7 mi hi\u00e7 yer yok. A\u011fustos Ay\u0131 Etkinlik Takvimi ile Ankara\u2019da yaz ba\u015fka ya\u015fan\u0131yor.<\/p>\n\n\n\n<p>Kendinizi ve sevdiklerinizi \u015f\u0131mart\u0131n ve <a href=\"https:\/\/www.turna.com\/ucak-bileti\/ankara\"><strong>Ankara u\u00e7ak bileti<\/strong><\/a> se\u00e7eneklerini incelemeye ba\u015flay\u0131n.<\/p>\n\n\n\n<h3 class=\"wp-block-heading has-text-align-center has-neeon-button-dark-gray-color has-text-color has-link-color wp-elements-7799aeab3918b7f66a6712694ba17751\"><span class=\"ez-toc-section\" id=\"mabel_matiz\"><\/span><strong><strong><strong><strong>Mabel Matiz<\/strong><\/strong><\/strong><\/strong><span class=\"ez-toc-section-end\"><\/span><\/h3>\n\n\n\n<p>Ankaral\u0131lar, Mabel Matiz\u2019le duygu dolu bir geceye haz\u0131r m\u0131s\u0131n\u0131z? 8 A\u011fustos\u2019ta CerModern\u2019in o modern ama samimi atmosferinde sahne alacak olan sanat\u00e7\u0131, hem s\u00f6zleriyle hem de sesiyle kalplere dokunacak. Bir yandan \u015fark\u0131lara e\u015flik ederken bir yandan da yaz gecesinin b\u00fcy\u00fcs\u00fcne kap\u0131lacaks\u0131n\u0131z.<\/p>\n\n\n\n<p><strong>Tarih:<\/strong> 8 A\u011fustos&nbsp;<\/p>\n\n\n\n<h3 class=\"wp-block-heading has-text-align-center has-neeon-button-dark-gray-color has-text-color has-link-color wp-elements-d6b962b5eff18b1e1b5248340e37fe81\"><span class=\"ez-toc-section\" id=\"cimri\"><\/span><strong><strong><strong><strong>Cimri<\/strong><\/strong><\/strong><\/strong><span class=\"ez-toc-section-end\"><\/span><\/h3>\n\n\n\n<p>Moliere\u2019in klasikle\u015fmi\u015f eseri Cimri, 9 A\u011fustos ak\u015fam\u0131 Oran A\u00e7\u0131khava Sahnesi\u2019nde izleyicilerle bulu\u015fuyor. Hem mizah dolu hem d\u00fc\u015f\u00fcnd\u00fcr\u00fcc\u00fc bu tiyatro klasi\u011fi, yaz ak\u015fam\u0131nda k\u00fclt\u00fcrle bulu\u015fmak isteyenler i\u00e7in harika bir se\u00e7enek. A\u00e7\u0131k hava, iyi bir oyun ve kahkahalar. Daha ne olsun?<\/p>\n\n\n\n<p><strong>Tarih:<\/strong> 9 A\u011fustos<\/p>\n\n\n\n<h3 class=\"wp-block-heading has-text-align-center has-neeon-button-dark-gray-color has-text-color has-link-color wp-elements-2a6a7a320e0ad849df0f8976dd9e46e4\"><span class=\"ez-toc-section\" id=\"an_epic_symphony_gokhan_turkmen\"><\/span><strong><strong><strong><strong>An Epic Symphony &amp; G\u00f6khan T\u00fcrkmen<\/strong><\/strong><\/strong><\/strong><span class=\"ez-toc-section-end\"><\/span><\/h3>\n\n\n\n<p>Senfonik t\u0131n\u0131lar ve g\u00fc\u00e7l\u00fc vokaller bir araya gelince ortaya ger\u00e7ekten epik bir gece \u00e7\u0131k\u0131yor. G\u00f6khan T\u00fcrkmen\u2019in etkileyici sahnesi ve senfoni orkestras\u0131n\u0131n ihti\u015fam\u0131yla 13 A\u011fustos ak\u015fam\u0131 Oran A\u00e7\u0131khava Sahnesi, m\u00fczikseverlere unutulmaz bir deneyim ya\u015fatacak, listenize mutlaka ekleyin.<\/p>\n\n\n\n<p><strong>Tarih: <\/strong>13 A\u011fustos&nbsp;<\/p>\n\n\n\n<h3 class=\"wp-block-heading has-text-align-center has-neeon-button-dark-gray-color has-text-color has-link-color wp-elements-2f0de8a8023fedf351bdb7a2039b59d5\"><span class=\"ez-toc-section\" id=\"saatleri_ayarlama_enstitusu\"><\/span><strong><strong><strong><strong>Saatleri Ayarlama Enstit\u00fcs\u00fc<\/strong><\/strong><\/strong><\/strong><span class=\"ez-toc-section-end\"><\/span><\/h3>\n\n\n\n<p>Ahmet Hamdi Tanp\u0131nar\u2019\u0131n zamans\u0131z roman\u0131ndan sahneye uyarlanan Saatleri Ayarlama Enstit\u00fcs\u00fc, 21 A\u011fustos\u2019ta tiyatroseverleri zamanda yolculu\u011fa \u00e7\u0131kar\u0131yor. Derinlemesine bir anlat\u0131, \u00e7arp\u0131c\u0131 bir atmosfer ve ba\u015fkent gecelerine \u00e7ok yak\u0131\u015facak bir oyun.<\/p>\n\n\n\n<p><strong>Tarih: <\/strong>21 A\u011fustos<\/p>\n\n\n\n<h3 class=\"wp-block-heading has-text-align-center has-neeon-button-dark-gray-color has-text-color has-link-color wp-elements-b500d25b976ec96af443dbf199bf15a3\"><span class=\"ez-toc-section\" id=\"meksika_acmazi\"><\/span><strong><strong><strong><strong>Meksika A\u00e7maz\u0131<\/strong><\/strong><\/strong><\/strong><span class=\"ez-toc-section-end\"><\/span><\/h3>\n\n\n\n<p>Biraz kahkaha, biraz abs\u00fcrtl\u00fck, bolca e\u011flence! Meksika A\u00e7maz\u0131, 22 A\u011fustos gecesi seyirciyi kendine has esprileriyle g\u00fcld\u00fcrmeye geliyor. G\u00fcn\u00fcn stresini \u00fczerinden atmak, doya doya g\u00fclmek isteyenler i\u00e7in ideal bir se\u00e7enek.<\/p>\n\n\n\n<p><strong>Tarih: <\/strong>22 A\u011fustos<\/p>\n\n\n\n<h3 class=\"wp-block-heading has-text-align-center has-neeon-button-dark-gray-color has-text-color has-link-color wp-elements-d635aab124e9f945369c146a3d8c20a5\"><span class=\"ez-toc-section\" id=\"cok_guzel_hareketler_2\"><\/span><strong><strong><strong><strong>\u00c7ok G\u00fczel Hareketler 2&nbsp;<\/strong><\/strong><\/strong><\/strong><span class=\"ez-toc-section-end\"><\/span><\/h3>\n\n\n\n<p>E\u011flencenin ad\u0131, kahkahan\u0131n garantisi: \u00c7ok G\u00fczel Hareketler 2! 25 A\u011fustos ak\u015fam\u0131 Oran A\u00e7\u0131khava Sahnesi\u2019nde sahne alacak ekip, hem yeni ske\u00e7leriyle hem de enerjik performanslar\u0131yla yine izleyiciyi k\u0131r\u0131p ge\u00e7irecek. Arkada\u015flar\u0131 toplay\u0131n, yerinizi \u015fimdiden ay\u0131rt\u0131n.<\/p>\n\n\n\n<p><strong>Tarih: <\/strong>25 A\u011fustos<\/p>\n\n\n\n<h2 class=\"wp-block-heading has-text-align-center has-neeon-button-dark-gray-color has-text-color has-link-color wp-elements-504091bd019197ee77f451d12fbba73f\"><span class=\"ez-toc-section\" id=\"izmir_agustos_ayi_etkinlik_takvimi\"><\/span><strong><strong><strong><strong><strong><strong><strong>\u0130zmir A\u011fustos Ay\u0131 Etkinlik Takvimi<\/strong><\/strong><\/strong><\/strong><\/strong><\/strong><\/strong><span class=\"ez-toc-section-end\"><\/span><\/h2>\n\n\n\n<figure class=\"wp-block-image size-large\"><img width=\"800\" height=\"500\" data-public-id=\"mayisayietkinliktakvimi\/mayisayietkinliktakvimi.jpg\" decoding=\"async\" src=\"https:\/\/res.cloudinary.com\/turna\/images\/w_800,h_500,c_scale\/f_auto,q_auto:low\/v1746177945\/mayisayietkinliktakvimi\/mayisayietkinliktakvimi.jpg?_i=AA\" alt=\"\" class=\"wp-post-0 wp-image-23813\" data-format=\"jpg\" data-transformations=\"f_auto,q_auto:low\" data-version=\"1746177945\" data-seo=\"1\" srcset=\"https:\/\/res.cloudinary.com\/turna\/images\/f_auto,q_auto:low\/v1746177945\/mayisayietkinliktakvimi\/mayisayietkinliktakvimi.jpg?_i=AA 800w, https:\/\/res.cloudinary.com\/turna\/images\/w_300,h_188,c_scale\/f_auto,q_auto:low\/v1746177945\/mayisayietkinliktakvimi\/mayisayietkinliktakvimi.jpg?_i=AA 300w, https:\/\/res.cloudinary.com\/turna\/images\/w_672,h_420,c_scale\/f_auto,q_auto:low\/v1746177945\/mayisayietkinliktakvimi\/mayisayietkinliktakvimi.jpg?_i=AA 672w, https:\/\/res.cloudinary.com\/turna\/images\/w_640,h_400,c_scale\/f_auto,q_auto:low\/v1746177945\/mayisayietkinliktakvimi\/mayisayietkinliktakvimi.jpg?_i=AA 640w, https:\/\/res.cloudinary.com\/turna\/images\/w_681,h_426,c_scale\/f_auto,q_auto:low\/v1746177945\/mayisayietkinliktakvimi\/mayisayietkinliktakvimi.jpg?_i=AA 681w\" sizes=\"(max-width: 800px) 100vw, 800px\" \/><\/figure>\n\n\n\n<p>A\u011fustos Ay\u0131 Etkinlik Takvimi listemize \u0130zmir ile devam ediyoruz. \u0130zmir\u2019de yaz bir ba\u015fka ya\u015fan\u0131r, bunu art\u0131k hepimiz biliyoruz. Deniz kokusu, hafif esen r\u00fczgar, palmiyelerle s\u00fcsl\u00fc caddeler ve ak\u015famlar\u0131 hareketlendiren o tatl\u0131 tela\u015f. A\u011fustos ay\u0131 da tam bu ruhun v\u00fccut bulmu\u015f hali gibi. G\u00fcne\u015fin bat\u0131\u015f\u0131yla birlikte kentin her k\u00f6\u015fesi m\u00fczikle, tiyatroyla, kahkahayla dolup ta\u015f\u0131yor. A\u00e7\u0131khava sahneleri doluyor, sandalyesini kapan kendini konser alanlar\u0131na at\u0131yor. Bu ay da \u0130zmir\u2019de bo\u015f ge\u00e7ecek tek bir ak\u015fam yok; her g\u00fcne ba\u015fka bir keyif, her sahneye ayr\u0131 bir heyecan d\u00fc\u015f\u00fcyor.<\/p>\n\n\n\n<p><strong><a href=\"https:\/\/www.turna.com\/ucak-bileti\/izmir\">\u0130zmir u\u00e7ak bileti<\/a><\/strong> se\u00e7eneklerini incelemeyi unutmay\u0131n.<\/p>\n\n\n\n<h3 class=\"wp-block-heading has-text-align-center has-neeon-button-dark-gray-color has-text-color has-link-color wp-elements-b0b2f6e95c7e1a685f7ec262b914aa7c\"><span class=\"ez-toc-section\" id=\"tolga_candar_%e2%80%93_yagmur_oncesi\"><\/span><strong><strong><strong><strong>Tolga \u00c7andar &#8211; Ya\u011fmur \u00d6ncesi&nbsp;<\/strong><\/strong><\/strong><\/strong><span class=\"ez-toc-section-end\"><\/span><\/h3>\n\n\n\n<p>Ege\u2019nin ruhunu en iyi anlatan isimlerden Tolga \u00c7andar, 5 A\u011fustos ak\u015fam\u0131 Bademler Sanat K\u00f6y\u00fc\u2019nde sizi o kendine has naif ezgileriyle kar\u015f\u0131layacak. K\u00f6y\u00fcn sakin atmosferinde, Ya\u011fmur \u00d6ncesi gibi i\u00e7ten ve yal\u0131n bir konserle hem nostalji ya\u015fayacak hem de i\u00e7inizden ge\u00e7en t\u00fcrk\u00fclere e\u015flik edeceksiniz.<\/p>\n\n\n\n<p><strong>Tarih:<\/strong> 5 A\u011fustos<\/p>\n\n\n\n<h3 class=\"wp-block-heading has-text-align-center has-neeon-button-dark-gray-color has-text-color has-link-color wp-elements-e75a0496e137b84fbd815e5ccf69fa15\"><span class=\"ez-toc-section\" id=\"bir_80ler_hikayesi_%e2%80%93_mufit_can_sacinti\"><\/span><strong><strong><strong><strong>Bir 80&#8217;ler Hikayesi &#8211; M\u00fcfit Can Sa\u00e7\u0131nt\u0131&nbsp;<\/strong><\/strong><\/strong><\/strong><span class=\"ez-toc-section-end\"><\/span><\/h3>\n\n\n\n<p>80\u2019ler denince akl\u0131n\u0131za sadece omuz vatkalar\u0131 de\u011fil, samimi hikayeler ve ince mizah geliyorsa bu g\u00f6steri size g\u00f6re. M\u00fcfit Can Sa\u00e7\u0131nt\u0131\u2019n\u0131n kendi \u00fcslubuyla sundu\u011fu Bir 80\u2019ler Hikayesi, sizi hem g\u00fcld\u00fcrecek hem de eski g\u00fcnlere tatl\u0131 bir yolculu\u011fa \u00e7\u0131karacak.<\/p>\n\n\n\n<p><strong>Tarih: <\/strong>6 A\u011fustos&nbsp;<\/p>\n\n\n\n<h3 class=\"wp-block-heading has-text-align-center has-neeon-button-dark-gray-color has-text-color has-link-color wp-elements-14276f43be94137b4d2ba7ca17559755\"><span class=\"ez-toc-section\" id=\"ajda_pekkan\"><\/span><strong><strong><strong><strong>Ajda Pekkan<\/strong><\/strong><\/strong><\/strong><span class=\"ez-toc-section-end\"><\/span><\/h3>\n\n\n\n<p>S\u00fcperstar sahnede! Ajda Pekkan, 9 A\u011fustos\u2019ta \u00c7e\u015fme A\u00e7\u0131khava\u2019da t\u00fcm ihti\u015fam\u0131yla hayranlar\u0131yla bulu\u015fuyor. Hem enerjisi hem de y\u0131llara meydan okuyan \u015fark\u0131lar\u0131yla yine unutulmaz bir geceye imza atacak. Yaz ak\u015fam\u0131nda y\u0131ld\u0131zlar\u0131n alt\u0131nda Ajda\u2019yla dans etmeye haz\u0131r olun.<\/p>\n\n\n\n<p><strong>Tarih: <\/strong>9 A\u011fustos&nbsp;<\/p>\n\n\n\n<h3 class=\"wp-block-heading has-text-align-center has-neeon-button-dark-gray-color has-text-color has-link-color wp-elements-8b6bbca172c7711592a8ea4944b0d57e\"><span class=\"ez-toc-section\" id=\"seyfi_bey\"><\/span><strong><strong><strong><strong>Seyfi Bey<\/strong><\/strong><\/strong><\/strong><span class=\"ez-toc-section-end\"><\/span><\/h3>\n\n\n\n<p>Bir d\u00f6nem hikayesi, bir a\u015fk, biraz kahkaha, biraz da g\u00f6zya\u015f\u0131. Seyfi Bey oyunu 10 A\u011fustos\u2019ta sahnede. Oyunculuklar\u0131, sahne tasar\u0131m\u0131 ve dokunakl\u0131 hikayesiyle iz b\u0131rakan bu yap\u0131m, tiyatro severleri mest edecek.<\/p>\n\n\n\n<p><strong>Tarih:<\/strong> 10 A\u011fustos&nbsp;<\/p>\n\n\n\n<h3 class=\"wp-block-heading has-text-align-center has-neeon-button-dark-gray-color has-text-color has-link-color wp-elements-8aa256ef5152620d17e9c047e0fb8721\"><span class=\"ez-toc-section\" id=\"aydinlikevler\"><\/span><strong><strong><strong><strong>Ayd\u0131nl\u0131kevler&nbsp;<\/strong><\/strong><\/strong><\/strong><span class=\"ez-toc-section-end\"><\/span><\/h3>\n\n\n\n<p>Y\u0131lmaz Erdo\u011fan\u2019\u0131n yazd\u0131\u011f\u0131 Ayd\u0131nl\u0131kevler, \u00c7e\u015fme\u2019nin a\u00e7\u0131k hava sahnesine ta\u015f\u0131n\u0131yor. 12 A\u011fustos ak\u015fam\u0131, hem kahkaha ataca\u011f\u0131n\u0131z hem de ne g\u00fczel anlatm\u0131\u015flar diyece\u011finiz keyifli bir tiyatro ak\u015fam\u0131 sizi bekliyor. Oyuncu kadrosu da cabas\u0131.<\/p>\n\n\n\n<p><strong>Tarih: <\/strong>12 A\u011fustos&nbsp;<\/p>\n\n\n\n<h3 class=\"wp-block-heading has-text-align-center has-neeon-button-dark-gray-color has-text-color has-link-color wp-elements-85b72df9b092c9595800a1ef0682f17d\"><span class=\"ez-toc-section\" id=\"hayko_cepkin\"><\/span><strong><strong><strong><strong>Hayko Cepkin&nbsp;<\/strong><\/strong><\/strong><\/strong><span class=\"ez-toc-section-end\"><\/span><\/h3>\n\n\n\n<p>Sahne performans\u0131yla adeta efsanele\u015fen Hayko Cepkin, 13 A\u011fustos\u2019ta \u0130zmir\u2019in en \u00f6zel mekanlar\u0131ndan biri olan Havagaz\u0131 Fabrikas\u0131\u2019nda sahne al\u0131yor. Rock m\u00fczi\u011fin enerjisiyle dolup ta\u015faca\u011f\u0131n\u0131z bu geceyi ka\u00e7\u0131rmamak gerek. Hayko varsa durmak yok, co\u015fmak var.<\/p>\n\n\n\n<p><strong>Tarih: <\/strong>13 A\u011fustos&nbsp;<\/p>\n\n\n\n<h3 class=\"wp-block-heading has-text-align-center has-neeon-button-dark-gray-color has-text-color has-link-color wp-elements-732bd37db6e83ce2e3aee76f184ffd58\"><span class=\"ez-toc-section\" id=\"ozgur_turhan_%e2%80%93_yenisi\"><\/span><strong><strong><strong><strong>\u00d6zg\u00fcr Turhan &#8211; Yenisi&nbsp;&nbsp;<\/strong><\/strong><\/strong><\/strong><span class=\"ez-toc-section-end\"><\/span><\/h3>\n\n\n\n<p>Stand-up sahnesinin parlayan y\u0131ld\u0131zlar\u0131ndan \u00d6zg\u00fcr Turhan, Yenisi adl\u0131 g\u00f6sterisiyle 20 A\u011fustos\u2019ta \u0130zmir seyircisiyle bulu\u015fuyor. G\u00fcndelik hayat\u0131n abs\u00fcrtl\u00fc\u011f\u00fcn\u00fc mizahla bulu\u015fturan bu g\u00f6steri, keyifli bir yaz ak\u015fam\u0131nda kahkahaya doyuracak. Yerinizi ay\u0131rt\u0131n, g\u00fclmeye gelin.<\/p>\n\n\n\n<p><strong>Tarih:<\/strong> 20 A\u011fustos&nbsp;<\/p>\n\n\n\n<h2 class=\"wp-block-heading has-text-align-center has-neeon-button-dark-gray-color has-text-color has-link-color wp-elements-975a6d47e91f4190305caec1d5ec5bbf\"><span class=\"ez-toc-section\" id=\"turkiye_genelinde_one_cikan_agustos_ayi_etkinlik_takvimi\"><\/span><strong><strong><strong><strong><strong><strong>T\u00fcrkiye Genelinde \u00d6ne \u00c7\u0131kan A\u011fustos Ay\u0131 Etkinlik Takvimi<\/strong><\/strong><\/strong><\/strong><\/strong><\/strong><span class=\"ez-toc-section-end\"><\/span><\/h2>\n\n\n\n<figure class=\"wp-block-image size-large\"><img decoding=\"async\" src=\"https:\/\/res.cloudinary.com\/turna\/image\/upload\/v1751362042\/wordpress-contents\/temmuz_etkinlik_takvimi1.jpg\" alt=\"\"\/><figcaption class=\"wp-element-caption\"><strong><strong><strong><strong><strong><strong>A\u011fustos Ay\u0131 Etkinlik Takvimi<\/strong><\/strong><\/strong><\/strong><\/strong><\/strong><\/figcaption><\/figure>\n\n\n\n<h3 class=\"wp-block-heading has-text-align-center has-neeon-button-dark-gray-color has-text-color has-link-color wp-elements-714bd2084dc8f85666494bf9145aed0d\"><span class=\"ez-toc-section\" id=\"bir_fakir_orhan_veli_%e2%80%93_samsun\"><\/span><strong><strong><strong><strong>Bir Fakir Orhan Veli &#8211; Samsun&nbsp;<\/strong><\/strong><\/strong><\/strong><span class=\"ez-toc-section-end\"><\/span><\/h3>\n\n\n\n<p>Orhan Veli\u2019nin i\u00e7li dizeleri, samimi anlat\u0131m\u0131 ve kente dair g\u00f6zlemleri sahnede can buluyor. Bir Fakir Orhan Veli adl\u0131 tiyatro oyunu, 8 A\u011fustos\u2019ta Samsun Hayal At\u00f6lyesi Tiyatrosu\u2019nda sahnelenecek. \u015eiirin ve tiyatronun i\u00e7 i\u00e7e ge\u00e7ti\u011fi bu g\u00f6steri, sade ama etkileyici bir ak\u015fam vaat ediyor.<\/p>\n\n\n\n<p><strong>Tarih:<\/strong> 8 A\u011fustos<\/p>\n\n\n\n<h3 class=\"wp-block-heading has-text-align-center has-neeon-button-dark-gray-color has-text-color has-link-color wp-elements-9dde4e575a698d23b495ff7c9e312db8\"><span class=\"ez-toc-section\" id=\"an_epic_symphony_mustafa_sandal_%e2%80%93_bursa\"><\/span><strong><strong><strong><strong>An Epic Symphony &amp; Mustafa Sandal &#8211; Bursa<\/strong><\/strong><\/strong><\/strong><span class=\"ez-toc-section-end\"><\/span><\/h3>\n\n\n\n<p>Pop m\u00fczi\u011fin sevilen ismi Mustafa Sandal, bu kez senfoniyle bulu\u015fuyor. 9 A\u011fustos\u2019ta Bursa K\u00fclt\u00fcr Park A\u00e7\u0131khava Tiyatrosu\u2019nda sahnelenecek An Epic Symphony konseri, hem klasik m\u00fczik severlere hem de Aya Benzer ile co\u015fmak isteyenlere hitap ediyor. Bursa\u2019daysan\u0131z bu muhte\u015fem bulu\u015fmay\u0131 ka\u00e7\u0131rmay\u0131n.<\/p>\n\n\n\n<p><strong>Tarih:<\/strong> 09 A\u011fustos&nbsp;<\/p>\n\n\n\n<h3 class=\"wp-block-heading has-text-align-center has-neeon-button-dark-gray-color has-text-color has-link-color wp-elements-18630d32544786f810319dfb75fd8534\"><span class=\"ez-toc-section\" id=\"bulent_ersoy_konseri_%e2%80%93_antalya\"><\/span><strong><strong><strong><strong>B\u00fclent Ersoy Konseri &#8211; Antalya<\/strong><\/strong><\/strong><\/strong><span class=\"ez-toc-section-end\"><\/span><\/h3>\n\n\n\n<p>Diva Antalya\u2019ya geliyor! T\u00fcrk sanat m\u00fczi\u011finin ya\u015fayan efsanesi B\u00fclent Ersoy, 9 A\u011fustos ak\u015fam\u0131 Antalya A\u00e7\u0131khava Tiyatrosu\u2019nda sahne al\u0131yor. O g\u00fc\u00e7l\u00fc sesi, sahnedeki zarafeti ve y\u0131llara meydan okuyan repertuvar\u0131yla tam anlam\u0131yla unutulmaz bir gece olacak.<\/p>\n\n\n\n<p><strong>Tarih: <\/strong>09 A\u011fustos<\/p>\n\n\n\n<h3 class=\"wp-block-heading has-text-align-center has-neeon-button-dark-gray-color has-text-color has-link-color wp-elements-29f11b04c736f9cec759666b87f6319a\"><span class=\"ez-toc-section\" id=\"hayvan_ciftligi_%e2%80%93_adana\"><\/span><strong><strong><strong><strong>Hayvan \u00c7iftli\u011fi &#8211; Adana<\/strong><\/strong><\/strong><\/strong><span class=\"ez-toc-section-end\"><\/span><\/h3>\n\n\n\n<p>George Orwell\u2019in klasikle\u015fmi\u015f eseri Hayvan \u00c7iftli\u011fi, 20 A\u011fustos\u2019ta Adana\u2019da sahneye ta\u015f\u0131n\u0131yor. 01 Burda PGM K\u00fclt\u00fcr Merkezi\u2019nde sergilenecek bu \u00e7arp\u0131c\u0131 tiyatro oyunu, sistem ele\u015ftirisini farkl\u0131 bir g\u00f6zle anlat\u0131yor. Derin, d\u00fc\u015f\u00fcnd\u00fcr\u00fcc\u00fc ama bir o kadar da etkileyici bir ak\u015fam sizi bekliyor.<\/p>\n\n\n\n<p><strong>Tarih:<\/strong> 20 A\u011fustos&nbsp;<\/p>\n\n\n\n<h3 class=\"wp-block-heading has-text-align-center has-neeon-button-dark-gray-color has-text-color has-link-color wp-elements-599f87466b388297a554ff966349cf38\"><span class=\"ez-toc-section\" id=\"gokhan_turkmen_%e2%80%93_gaziantep\"><\/span><strong><strong><strong><strong>G\u00f6khan T\u00fcrkmen &#8211; Gaziantep<\/strong><\/strong><\/strong><\/strong><span class=\"ez-toc-section-end\"><\/span><\/h3>\n\n\n\n<p>Romantik \u015fark\u0131lar\u0131n sevilen ismi G\u00f6khan T\u00fcrkmen, 16 A\u011fustos\u2019ta Jolly Joker Gaziantep sahnesinde olacak. G\u00fc\u00e7l\u00fc sesi, samimi performans\u0131 ve enerjisiyle konser boyunca bir an bile yerinizde duramayabilirsiniz. Gaziantep\u2019in s\u0131cak yaz gecelerine \u00e7ok yak\u0131\u015facak bir konser.<\/p>\n\n\n\n<p><strong>Tarih: <\/strong>16 A\u011fustos&nbsp;<\/p>\n\n\n\n<h3 class=\"wp-block-heading has-text-align-center has-neeon-button-dark-gray-color has-text-color has-link-color wp-elements-ed351617fc973e09185bd201bc3cbb1e\"><span class=\"ez-toc-section\" id=\"suc_ve_ceza_%e2%80%93_eskisehir\"><\/span><strong><strong><strong><strong>Su\u00e7 Ve Ceza &#8211; Eski\u015fehir&nbsp;<\/strong><\/strong><\/strong><\/strong><span class=\"ez-toc-section-end\"><\/span><\/h3>\n\n\n\n<p>Dostoyevski\u2019nin ba\u015fyap\u0131t\u0131 Su\u00e7 ve Ceza, tiyatro sahnesine ta\u015f\u0131n\u0131yor ve bu kez dura\u011f\u0131 Eski\u015fehir. 22 A\u011fustos\u2019ta Mahfil Sahne\u2019de izleyiciyle bulu\u015facak bu g\u00fc\u00e7l\u00fc uyarlama, i\u00e7 hesapla\u015fmalar\u0131 ve vicdan sorgulamalar\u0131n\u0131 sahne \u0131\u015f\u0131klar\u0131 alt\u0131nda yeniden ya\u015fat\u0131yor.<\/p>\n\n\n\n<p><strong>Tarih: <\/strong>22 A\u011fustos<\/p>\n\n\n\n<p>A\u011fustos Ay\u0131 Etkinlik Takvimi listemizde ilginizi \u00e7eken bir etkinlik olduysa <strong><a href=\"https:\/\/www.turna.com\/ucak-bileti\">u\u00e7ak bileti<\/a><\/strong> ve <a href=\"https:\/\/www.turna.com\/otel\"><strong>otel rezervasyonu<\/strong><\/a> se\u00e7eneklerini inceleyin, kampanyalar\u0131 takip ederek en avantajl\u0131 fiyatlarla tatilin tad\u0131n\u0131 \u00e7\u0131kar\u0131n!<\/p>\n\n\n\n<p><\/p>\n\n    <div class=\"xs_social_share_widget xs_share_url after_content \t\tmain_content  wslu-style-1 wslu-share-box-shaped wslu-fill-colored wslu-none wslu-share-horizontal wslu-theme-font-no wslu-main_content\">\n\n\t\t\n        <ul>\n\t\t\t        <\/ul>\n    <\/div> \n","protected":false},"excerpt":{"rendered":"<p>Yaz\u0131n en renkli, en hareketli ve en enerjik aylar\u0131ndan biri olan A\u011fustos, dopdolu bir etkinlik takvimiyle kar\u015f\u0131m\u0131zda kollar\u0131n\u0131 a\u00e7m\u0131\u015f bizi bekliyor! T\u00fcrkiye\u2019nin d\u00f6rt bir yan\u0131, a\u00e7\u0131k hava konserlerinden tiyatro g\u00f6sterimlerine, festivallerden \u00f6zel performanslara kadar her zevke hitap edecek etkinliklerle adeta bir sahneye d\u00f6n\u00fc\u015f\u00fcyor.&nbsp; Bu ay\u0131n takvimine \u015f\u00f6yle bir g\u00f6z att\u0131\u011f\u0131n\u0131zda bile, \u00fclkemizin nas\u0131l da nefes [&hellip;]<\/p>\n","protected":false},"author":45,"featured_media":24933,"comment_status":"open","ping_status":"open","sticky":false,"template":"","format":"standard","meta":{"rop_custom_images_group":[],"rop_custom_messages_group":[],"rop_publish_now":"initial","rop_publish_now_accounts":[],"rop_publish_now_history":[],"rop_publish_now_status":"pending","_cloudinary_featured_overwrite":false,"footnotes":""},"categories":[1],"tags":[255,306,505,5339,204,224,978],"class_list":["post-24932","post","type-post","status-publish","format-standard","has-post-thumbnail","hentry","category-seyahat-rehberi","tag-ankara","tag-antalya","tag-eskisehir","tag-flight","tag-istanbul","tag-izmir","tag-seyahat-rehberi"],"_links":{"self":[{"href":"https:\/\/www.turna.com\/blog\/wp-json\/wp\/v2\/posts\/24932","targetHints":{"allow":["GET"]}}],"collection":[{"href":"https:\/\/www.turna.com\/blog\/wp-json\/wp\/v2\/posts"}],"about":[{"href":"https:\/\/www.turna.com\/blog\/wp-json\/wp\/v2\/types\/post"}],"author":[{"embeddable":true,"href":"https:\/\/www.turna.com\/blog\/wp-json\/wp\/v2\/users\/45"}],"replies":[{"embeddable":true,"href":"https:\/\/www.turna.com\/blog\/wp-json\/wp\/v2\/comments?post=24932"}],"version-history":[{"count":0,"href":"https:\/\/www.turna.com\/blog\/wp-json\/wp\/v2\/posts\/24932\/revisions"}],"wp:featuredmedia":[{"embeddable":true,"href":"https:\/\/www.turna.com\/blog\/wp-json\/wp\/v2\/media\/24933"}],"wp:attachment":[{"href":"https:\/\/www.turna.com\/blog\/wp-json\/wp\/v2\/media?parent=24932"}],"wp:term":[{"taxonomy":"category","embeddable":true,"href":"https:\/\/www.turna.com\/blog\/wp-json\/wp\/v2\/categories?post=24932"},{"taxonomy":"post_tag","embeddable":true,"href":"https:\/\/www.turna.com\/blog\/wp-json\/wp\/v2\/tags?post=24932"}],"curies":[{"name":"wp","href":"https:\/\/api.w.org\/{rel}","templated":true}]}}