{"id":24894,"date":"2025-07-24T11:24:02","date_gmt":"2025-07-24T08:24:02","guid":{"rendered":"https:\/\/www.turna.com\/blog\/?p=24894"},"modified":"2025-07-24T13:49:06","modified_gmt":"2025-07-24T10:49:06","slug":"erzurum-gezilecek-yerler","status":"publish","type":"post","link":"https:\/\/www.turna.com\/blog\/erzurum-gezilecek-yerler","title":{"rendered":"Erzurum Gezilecek Yerler"},"content":{"rendered":"<div id=\"ez-toc-container\" class=\"ez-toc-v2_0_82_2 counter-hierarchy ez-toc-counter ez-toc-black ez-toc-container-direction\">\n<div class=\"ez-toc-title-container\">\n<p class=\"ez-toc-title\" style=\"cursor:inherit\">\u0130\u00e7indekiler<\/p>\n<span class=\"ez-toc-title-toggle\"><a href=\"#\" class=\"ez-toc-pull-right ez-toc-btn ez-toc-btn-xs ez-toc-btn-default ez-toc-toggle\" aria-label=\"\u0130\u00e7indekiler Tablosunu A\u00e7\/Kapat\"><span class=\"ez-toc-js-icon-con\"><span class=\"\"><span class=\"eztoc-hide\" style=\"display:none;\">Toggle<\/span><span class=\"ez-toc-icon-toggle-span\"><svg style=\"fill: #ffffff;color:#ffffff\" xmlns=\"http:\/\/www.w3.org\/2000\/svg\" class=\"list-377408\" width=\"20px\" height=\"20px\" viewBox=\"0 0 24 24\" fill=\"none\"><path d=\"M6 6H4v2h2V6zm14 0H8v2h12V6zM4 11h2v2H4v-2zm16 0H8v2h12v-2zM4 16h2v2H4v-2zm16 0H8v2h12v-2z\" fill=\"currentColor\"><\/path><\/svg><svg style=\"fill: #ffffff;color:#ffffff\" class=\"arrow-unsorted-368013\" xmlns=\"http:\/\/www.w3.org\/2000\/svg\" width=\"10px\" height=\"10px\" viewBox=\"0 0 24 24\" version=\"1.2\" baseProfile=\"tiny\"><path d=\"M18.2 9.3l-6.2-6.3-6.2 6.3c-.2.2-.3.4-.3.7s.1.5.3.7c.2.2.4.3.7.3h11c.3 0 .5-.1.7-.3.2-.2.3-.5.3-.7s-.1-.5-.3-.7zM5.8 14.7l6.2 6.3 6.2-6.3c.2-.2.3-.5.3-.7s-.1-.5-.3-.7c-.2-.2-.4-.3-.7-.3h-11c-.3 0-.5.1-.7.3-.2.2-.3.5-.3.7s.1.5.3.7z\"\/><\/svg><\/span><\/span><\/span><\/a><\/span><\/div>\n<nav><ul class='ez-toc-list ez-toc-list-level-1 eztoc-toggle-hide-by-default' ><li class='ez-toc-page-1 ez-toc-heading-level-2'><a class=\"ez-toc-link ez-toc-heading-1\" href=\"https:\/\/www.turna.com\/blog\/erzurum-gezilecek-yerler\/#erzurumda_gormeniz_gereken_20_yer\" >Erzurum\u2019da G\u00f6rmeniz Gereken 20 Yer<\/a><ul class='ez-toc-list-level-3' ><li class='ez-toc-heading-level-3'><a class=\"ez-toc-link ez-toc-heading-2\" href=\"https:\/\/www.turna.com\/blog\/erzurum-gezilecek-yerler\/#1_palandoken\" >1. Paland\u00f6ken<\/a><\/li><li class='ez-toc-page-1 ez-toc-heading-level-3'><a class=\"ez-toc-link ez-toc-heading-3\" href=\"https:\/\/www.turna.com\/blog\/erzurum-gezilecek-yerler\/#2_cifte_minareli_medrese\" >2. \u00c7ifte Minareli Medrese<\/a><\/li><li class='ez-toc-page-1 ez-toc-heading-level-3'><a class=\"ez-toc-link ez-toc-heading-4\" href=\"https:\/\/www.turna.com\/blog\/erzurum-gezilecek-yerler\/#3_coruh_nehri\" >3. \u00c7oruh Nehri<\/a><\/li><li class='ez-toc-page-1 ez-toc-heading-level-3'><a class=\"ez-toc-link ez-toc-heading-5\" href=\"https:\/\/www.turna.com\/blog\/erzurum-gezilecek-yerler\/#4_tortum_selalesi\" >4. Tortum \u015eelalesi<\/a><\/li><li class='ez-toc-page-1 ez-toc-heading-level-3'><a class=\"ez-toc-link ez-toc-heading-6\" href=\"https:\/\/www.turna.com\/blog\/erzurum-gezilecek-yerler\/#5_uc_kumbetler\" >5. \u00dc\u00e7 K\u00fcmbetler<\/a><\/li><li class='ez-toc-page-1 ez-toc-heading-level-3'><a class=\"ez-toc-link ez-toc-heading-7\" href=\"https:\/\/www.turna.com\/blog\/erzurum-gezilecek-yerler\/#6_tarihi_erzurum_evleri\" >6. Tarihi Erzurum Evleri<\/a><\/li><li class='ez-toc-page-1 ez-toc-heading-level-3'><a class=\"ez-toc-link ez-toc-heading-8\" href=\"https:\/\/www.turna.com\/blog\/erzurum-gezilecek-yerler\/#7_yakutiye_medresesi\" >7. Yakutiye Medresesi<\/a><\/li><li class='ez-toc-page-1 ez-toc-heading-level-3'><a class=\"ez-toc-link ez-toc-heading-9\" href=\"https:\/\/www.turna.com\/blog\/erzurum-gezilecek-yerler\/#8_narman_peri_bacalari\" >8. Narman Peri Bacalar\u0131<\/a><\/li><li class='ez-toc-page-1 ez-toc-heading-level-3'><a class=\"ez-toc-link ez-toc-heading-10\" href=\"https:\/\/www.turna.com\/blog\/erzurum-gezilecek-yerler\/#9_erzurum_kalesi\" >9. Erzurum Kalesi<\/a><\/li><li class='ez-toc-page-1 ez-toc-heading-level-3'><a class=\"ez-toc-link ez-toc-heading-11\" href=\"https:\/\/www.turna.com\/blog\/erzurum-gezilecek-yerler\/#10_cobandede_koprusu\" >10. \u00c7obandede K\u00f6pr\u00fcs\u00fc<\/a><\/li><li class='ez-toc-page-1 ez-toc-heading-level-3'><a class=\"ez-toc-link ez-toc-heading-12\" href=\"https:\/\/www.turna.com\/blog\/erzurum-gezilecek-yerler\/#11_cimcime_hatun_kumbeti\" >11. Cimcime Hatun K\u00fcmbeti<\/a><\/li><li class='ez-toc-page-1 ez-toc-heading-level-3'><a class=\"ez-toc-link ez-toc-heading-13\" href=\"https:\/\/www.turna.com\/blog\/erzurum-gezilecek-yerler\/#12_askale_tasagil_kaplicalari\" >12. A\u015fkale Ta\u015fa\u011f\u0131l Kapl\u0131calar\u0131<\/a><\/li><li class='ez-toc-page-1 ez-toc-heading-level-3'><a class=\"ez-toc-link ez-toc-heading-14\" href=\"https:\/\/www.turna.com\/blog\/erzurum-gezilecek-yerler\/#13_rustem_pasa_kervansarayi\" >13. R\u00fcstem Pa\u015fa Kervansaray\u0131<\/a><\/li><li class='ez-toc-page-1 ez-toc-heading-level-3'><a class=\"ez-toc-link ez-toc-heading-15\" href=\"https:\/\/www.turna.com\/blog\/erzurum-gezilecek-yerler\/#14_lala_mustafa_pasa_camii\" >14. Lala Mustafa Pa\u015fa Camii<\/a><\/li><li class='ez-toc-page-1 ez-toc-heading-level-3'><a class=\"ez-toc-link ez-toc-heading-16\" href=\"https:\/\/www.turna.com\/blog\/erzurum-gezilecek-yerler\/#15_erzurum_ulu_camii\" >15. Erzurum Ulu Camii<\/a><\/li><li class='ez-toc-page-1 ez-toc-heading-level-3'><a class=\"ez-toc-link ez-toc-heading-17\" href=\"https:\/\/www.turna.com\/blog\/erzurum-gezilecek-yerler\/#16_oltu_tasi_carsisi\" >16. Oltu Ta\u015f\u0131 \u00c7ar\u015f\u0131s\u0131<\/a><\/li><li class='ez-toc-page-1 ez-toc-heading-level-3'><a class=\"ez-toc-link ez-toc-heading-18\" href=\"https:\/\/www.turna.com\/blog\/erzurum-gezilecek-yerler\/#17_ispir_yedigoller\" >17. \u0130spir Yedig\u00f6ller<\/a><\/li><li class='ez-toc-page-1 ez-toc-heading-level-3'><a class=\"ez-toc-link ez-toc-heading-19\" href=\"https:\/\/www.turna.com\/blog\/erzurum-gezilecek-yerler\/#18_gokkusagi_tepeleri\" >18. G\u00f6kku\u015fa\u011f\u0131 Tepeleri<\/a><\/li><li class='ez-toc-page-1 ez-toc-heading-level-3'><a class=\"ez-toc-link ez-toc-heading-20\" href=\"https:\/\/www.turna.com\/blog\/erzurum-gezilecek-yerler\/#19_hinis_kanyonu\" >19. H\u0131n\u0131s Kanyonu<\/a><\/li><li class='ez-toc-page-1 ez-toc-heading-level-3'><a class=\"ez-toc-link ez-toc-heading-21\" href=\"https:\/\/www.turna.com\/blog\/erzurum-gezilecek-yerler\/#20_ataturk_evi_muzesi\" >20. Atat\u00fcrk Evi M\u00fczesi<\/a><\/li><\/ul><\/li><li class='ez-toc-page-1 ez-toc-heading-level-2'><a class=\"ez-toc-link ez-toc-heading-22\" href=\"https:\/\/www.turna.com\/blog\/erzurum-gezilecek-yerler\/#erzurumda_denemeniz_gereken_lezzetler\" >Erzurum&#8217;da Denemeniz Gereken Lezzetler<\/a><\/li><li class='ez-toc-page-1 ez-toc-heading-level-2'><a class=\"ez-toc-link ez-toc-heading-23\" href=\"https:\/\/www.turna.com\/blog\/erzurum-gezilecek-yerler\/#erzuruma_nasil_gidilir\" >Erzurum\u2019a Nas\u0131l Gidilir?<\/a><\/li><\/ul><\/nav><\/div>\n\n<p>T\u00fcrkiye\u2019nin y\u00fcz\u00f6l\u00e7\u00fcm\u00fc en geni\u015f \u015fehirlerinden biri olan Erzurum, Do\u011fu Anadolu B\u00f6lgesi\u2019nin en geli\u015fmi\u015f yerle\u015fim yerleri aras\u0131nda. Denizden 1,900 metre y\u00fckseklikteki Erzurum, T\u00fcrkiye\u2019nin en \u00f6nemli kayak merkezlerinden Paland\u00f6ken\u2019e ev sahipli\u011fi yap\u0131yor. Tarihin ilk d\u00f6nemlerinden bu yana s\u00fcrekli yerle\u015fim yeri olan Erzurum, ayn\u0131 zamanda \u0130pek Yolu \u00fczerinde yer almas\u0131 sayesinde k\u00fclt\u00fcr, ticaret, sanat olanaklar\u0131yla da dikkat \u00e7ekiyor. Tarihi eserleri, k\u0131\u015f sporu tesisleri, zengin yemek k\u00fclt\u00fcr\u00fc, tar\u0131m ve hayvanc\u0131l\u0131k faaliyetleri ile \u00f6ne \u00e7\u0131kan Erzurum, y\u0131l\u0131n her d\u00f6nemi yerli ve yabanc\u0131 turistlerin ke\u015ffedebilece\u011fi g\u00fczellikleri ile ziyaret\u00e7ilerini bekliyor.<\/p>\n\n\n\n<p>Anadolu\u2019nun en eski medeniyet merkezlerinden biri olan Erzurum\u2019un ge\u00e7mi\u015fi, yap\u0131lan ara\u015ft\u0131rmalar ve kaz\u0131lara g\u00f6re yontma ta\u015f devrine kadar uzan\u0131yor. Karaz, Pulur, G\u00fczelova ve Sos h\u00f6y\u00fcklerindeki buluntular \u0130lk Tun\u00e7 \u00c7a\u011f\u0131 \u00f6zellikleri ta\u015f\u0131yor. M\u00d6 4,000\u2019li y\u0131llara kadar uzanan k\u00f6kl\u00fc tarihi boyunca Urartular, Kimmerler, \u0130skitler, Hititler, Medler, Persler, Romal\u0131lar, Bizansl\u0131lar, Sasaniler, Emeviler, Sel\u00e7uklular, Mo\u011follar, \u0130lhanl\u0131lar, Safeviler, Osmanl\u0131lar\u0131n egemenli\u011fine giren \u015fehirde t\u00fcm bu devletlerin izlerine rastlan\u0131yor.<\/p>\n\n\n\n<p>\u015eehir zengin k\u00fclt\u00fcrel birikiminin yan\u0131 s\u0131ra do\u011fan\u0131n arma\u011fan\u0131 olan iklimi ve da\u011flar\u0131 ile turizmde y\u00fckselen bir de\u011fere d\u00f6n\u00fc\u015f\u00fcyor. \u00c7evresi da\u011flarla \u00e7evrili olan Erzurum\u2019da \u015fehir merkezi Paland\u00f6ken Da\u011flar\u0131\u2019n\u0131n bat\u0131 ve g\u00fcney b\u00f6l\u00fcm\u00fcn\u00fcn eteklerinde kurulu. Verimli ovalar\u0131n \u00fczerinde kurulan \u015fehre etkileyici bir manzaradan merhaba diyen Paland\u00f6ken Da\u011flar\u0131, ge\u00e7ti\u011fimiz y\u0131llarda d\u00fczenlenen Universiade K\u0131\u015f Oyunlar\u0131 ile olimpik kalitede devasa tesislere kavu\u015ftu. Kayak tesisleri, pistler, be\u015f y\u0131ld\u0131zl\u0131 oteller ve telesiyej tesisleri ile modern kayak d\u00fcnyas\u0131n\u0131n ihtiya\u00e7lar\u0131na yan\u0131t veren Paland\u00f6ken, son y\u0131llarda d\u00fcnyan\u0131n farkl\u0131 yerlerinden \u00e7ok say\u0131da ziyaret\u00e7iyi a\u011f\u0131rl\u0131yor.<\/p>\n\n\n\n<p><strong><a href=\"https:\/\/www.turna.com\/ucak-bileti\/erzurum\" data-type=\"link\" data-id=\"https:\/\/www.turna.com\/ucak-bileti\/erzurum\">Erzurum u\u00e7ak bileti<\/a><\/strong> se\u00e7eneklerine g\u00f6z at\u0131n.<\/p>\n\n\n\n<h2 class=\"wp-block-heading has-text-align-center\"><span class=\"ez-toc-section\" id=\"erzurumda_gormeniz_gereken_20_yer\"><\/span><strong>Erzurum\u2019da G\u00f6rmeniz Gereken 20 Yer<\/strong><span class=\"ez-toc-section-end\"><\/span><\/h2>\n\n\n\n<h3 class=\"wp-block-heading has-neeon-button-dark-gray-color has-text-color has-link-color wp-elements-4f97864216f86f73c93322f1f7048a1a\"><span class=\"ez-toc-section\" id=\"1_palandoken\"><\/span><strong>1. Paland\u00f6ken<\/strong><span class=\"ez-toc-section-end\"><\/span><\/h3>\n\n\n\n<figure class=\"wp-block-image size-full is-resized\"><img width=\"800\" height=\"500\" data-public-id=\"palandoken-kayak-merkezi\/palandoken-kayak-merkezi.jpg\" fetchpriority=\"high\" decoding=\"async\" src=\"https:\/\/res.cloudinary.com\/turna\/images\/w_800,h_500,c_scale\/f_auto,q_auto:low\/v1637146418\/palandoken-kayak-merkezi\/palandoken-kayak-merkezi.jpg?_i=AA\" alt=\"Paland\u00f6ken Kayak Merkezi\" class=\"wp-post-24894 wp-image-20269\" style=\"width:1200px;height:auto\" data-format=\"jpg\" data-transformations=\"f_auto,q_auto:low\" data-version=\"1637146418\" data-seo=\"1\" srcset=\"https:\/\/res.cloudinary.com\/turna\/images\/f_auto,q_auto:low\/v1637146418\/palandoken-kayak-merkezi\/palandoken-kayak-merkezi.jpg?_i=AA 800w, https:\/\/res.cloudinary.com\/turna\/images\/w_300,h_188,c_scale\/f_auto,q_auto:low\/v1637146418\/palandoken-kayak-merkezi\/palandoken-kayak-merkezi.jpg?_i=AA 300w, https:\/\/res.cloudinary.com\/turna\/images\/w_672,h_420,c_scale\/f_auto,q_auto:low\/v1637146418\/palandoken-kayak-merkezi\/palandoken-kayak-merkezi.jpg?_i=AA 672w, https:\/\/res.cloudinary.com\/turna\/images\/w_640,h_400,c_scale\/f_auto,q_auto:low\/v1637146418\/palandoken-kayak-merkezi\/palandoken-kayak-merkezi.jpg?_i=AA 640w, https:\/\/res.cloudinary.com\/turna\/images\/w_681,h_426,c_scale\/f_auto,q_auto:low\/v1637146418\/palandoken-kayak-merkezi\/palandoken-kayak-merkezi.jpg?_i=AA 681w\" sizes=\"(max-width: 800px) 100vw, 800px\" \/><\/figure>\n\n\n\n<p>K\u0131\u015f turizminin parlayan y\u0131ld\u0131z\u0131 Paland\u00f6ken, yaln\u0131zca T\u00fcrkiye&#8217;de de\u011fil, d\u00fcnya \u00e7ap\u0131nda da tan\u0131n\u0131yor. \u015eehir merkezine sadece 7 km mesafedeki bu devasa kayak tesisi, k\u0131\u015f aylar\u0131nda kar tutkunlar\u0131n\u0131n vazge\u00e7ilmez adresi. 3.176 metreye kadar \u00e7\u0131kan zirvesi ve 70 km&#8217;ye yakla\u015fan pist uzunlu\u011fu ile hem amat\u00f6r hem de profesyonel kayak\u00e7\u0131lara hitap ediyor. Modern oteller, telesiyej sistemleri ve gece kaya\u011f\u0131 imkanlar\u0131 ile donat\u0131lm\u0131\u015f olan merkez, y\u0131l\u0131n belirli d\u00f6nemlerinde uluslararas\u0131 organizasyonlara da ev sahipli\u011fi yap\u0131yor. <strong><a href=\"https:\/\/www.turna.com\/otel\/palandoken\" data-type=\"link\" data-id=\"https:\/\/www.turna.com\/otel\/palandoken\">Paland\u00f6ken otelleri<\/a><\/strong> en avantajl\u0131 fiyatlarla Turna&#8217;da!<\/p>\n\n\n\n<h3 class=\"wp-block-heading has-neeon-button-dark-gray-color has-text-color has-link-color wp-elements-22d4a74d23454b83046d4c28886cc12b\"><span class=\"ez-toc-section\" id=\"2_cifte_minareli_medrese\"><\/span><strong>2. \u00c7ifte Minareli Medrese<\/strong><span class=\"ez-toc-section-end\"><\/span><\/h3>\n\n\n\n<figure class=\"wp-block-image size-large is-resized\"><img decoding=\"async\" src=\"https:\/\/res.cloudinary.com\/turna\/image\/upload\/v1753343422\/wordpress-contents\/%C3%A7ifte_minareli_medrese.jpg\" alt=\"\" style=\"width:1200px;height:auto\"\/><\/figure>\n\n\n\n<p>Erzurum\u2019un simgesi haline gelen \u00c7ifte Minareli Medrese, Sel\u00e7uklu mimarisinin en ihti\u015faml\u0131 \u00f6rneklerinden biri. 13. y\u00fczy\u0131lda in\u015fa edilen bu an\u0131tsal yap\u0131, ta\u015f i\u015f\u00e7ili\u011fi, detayl\u0131 s\u00fcslemeleri ve iki minaresiyle g\u00f6renleri b\u00fcy\u00fcl\u00fcyor. Medresenin hemen kar\u015f\u0131s\u0131nda yer alan \u00dc\u00e7 K\u00fcmbetler ve biraz ilerisindeki Yakutiye Medresesi ile birlikte, bu alan adeta bir a\u00e7\u0131k hava tarih kompleksi olu\u015fturuyor.<\/p>\n\n\n\n<h3 class=\"wp-block-heading has-neeon-button-dark-gray-color has-text-color has-link-color wp-elements-9910f29162af2c413da0993833876b24\"><span class=\"ez-toc-section\" id=\"3_coruh_nehri\"><\/span><strong>3. \u00c7oruh Nehri<\/strong><span class=\"ez-toc-section-end\"><\/span><\/h3>\n\n\n\n<p>Do\u011fa sporlar\u0131na ilgi duyanlar i\u00e7in \u00c7oruh Nehri, T\u00fcrkiye&#8217;nin en etkileyici rafting noktalar\u0131ndan biri olarak \u00f6n plana \u00e7\u0131k\u0131yor. \u00d6zellikle \u0130spir \u00e7evresinde nehrin co\u015fkulu ak\u0131\u015f\u0131, adrenalin dolu bir deneyim vadediyor. Rehberli rafting turlar\u0131, kamp olanaklar\u0131 ve e\u015fsiz manzaralar e\u015fli\u011finde do\u011fayla i\u00e7 i\u00e7e unutulmaz bir macera ya\u015famak m\u00fcmk\u00fcn.<\/p>\n\n\n\n<h3 class=\"wp-block-heading has-neeon-button-dark-gray-color has-text-color has-link-color wp-elements-5d1d79299053b1817ee6f3cb7251fdda\"><span class=\"ez-toc-section\" id=\"4_tortum_selalesi\"><\/span><strong>4. Tortum \u015eelalesi<\/strong><span class=\"ez-toc-section-end\"><\/span><\/h3>\n\n\n\n<figure class=\"wp-block-image size-full is-resized\"><img width=\"800\" height=\"500\" data-public-id=\"tortum_\u015felalesi\/tortum_\u015felalesi.jpg\" decoding=\"async\" src=\"https:\/\/res.cloudinary.com\/turna\/images\/w_800,h_500,c_scale\/f_auto,q_auto:low\/v1654084005\/tortum_\u015felalesi\/tortum_\u015felalesi.jpg?_i=AA\" alt=\"erzurum tortum \u015felalesi\" class=\"wp-post-24894 wp-image-20926\" style=\"width:1200px;height:auto\" data-format=\"jpg\" data-transformations=\"f_auto,q_auto:low\" data-version=\"1654084005\" data-seo=\"1\" srcset=\"https:\/\/res.cloudinary.com\/turna\/images\/f_auto,q_auto:low\/v1654084005\/tortum_\u015felalesi\/tortum_\u015felalesi.jpg?_i=AA 800w, https:\/\/res.cloudinary.com\/turna\/images\/w_300,h_188,c_scale\/f_auto,q_auto:low\/v1654084005\/tortum_\u015felalesi\/tortum_\u015felalesi.jpg?_i=AA 300w, https:\/\/res.cloudinary.com\/turna\/images\/w_672,h_420,c_scale\/f_auto,q_auto:low\/v1654084005\/tortum_\u015felalesi\/tortum_\u015felalesi.jpg?_i=AA 672w, https:\/\/res.cloudinary.com\/turna\/images\/w_640,h_400,c_scale\/f_auto,q_auto:low\/v1654084005\/tortum_\u015felalesi\/tortum_\u015felalesi.jpg?_i=AA 640w, https:\/\/res.cloudinary.com\/turna\/images\/w_681,h_426,c_scale\/f_auto,q_auto:low\/v1654084005\/tortum_\u015felalesi\/tortum_\u015felalesi.jpg?_i=AA 681w\" sizes=\"(max-width: 800px) 100vw, 800px\" \/><\/figure>\n\n\n\n<p>Erzurum \u015fehir merkezine yakla\u015f\u0131k 120 kilometre uzakl\u0131ktaki Tortum \u015eelalesi, T\u00fcrkiye\u2019nin en y\u00fcksek \u015felalelerinden biri. Yakla\u015f\u0131k 48 metre y\u00fckseklikten d\u00f6k\u00fclen suyu, \u00e7evresindeki ye\u015fil do\u011fa ile birle\u015fince ortaya b\u00fcy\u00fcleyici bir manzara \u00e7\u0131kar\u0131yor. \u00d6zellikle bahar aylar\u0131nda artan su debisiyle etkileyicili\u011fi katlanan \u015felale, do\u011fa y\u00fcr\u00fcy\u00fc\u015fleri ve piknik i\u00e7in de ideal bir nokta.<\/p>\n\n\n\n<h3 class=\"wp-block-heading has-neeon-button-dark-gray-color has-text-color has-link-color wp-elements-2f84136fbb5b4e074e74b5c6ae8d1971\"><span class=\"ez-toc-section\" id=\"5_uc_kumbetler\"><\/span><strong>5. \u00dc\u00e7 K\u00fcmbetler<\/strong><span class=\"ez-toc-section-end\"><\/span><\/h3>\n\n\n\n<figure class=\"wp-block-image size-large is-resized\"><img decoding=\"async\" src=\"https:\/\/res.cloudinary.com\/turna\/image\/upload\/v1753343422\/wordpress-contents\/uc_kumbetler.jpg\" alt=\"\" style=\"width:1200px;height:auto\"\/><\/figure>\n\n\n\n<p>Erzurum\u2019un tarihi siluetini tamamlayan \u00dc\u00e7 K\u00fcmbetler, Anadolu\u2019nun en etkileyici an\u0131t mezar topluluklar\u0131ndan biri. 12. y\u00fczy\u0131la tarihlenen bu k\u00fcmbetler, Sel\u00e7uklu d\u00f6neminin ta\u015f i\u015f\u00e7ili\u011fi ve mimari esteti\u011fini g\u00f6zler \u00f6n\u00fcne seriyor. Her biri farkl\u0131 ki\u015filere ait olan yap\u0131lar, \u00fczerlerindeki geometrik motifler ve kabartmalarla dikkat \u00e7ekiyor. Sessizli\u011fin hakim oldu\u011fu bu alan, ziyaret\u00e7ilerine hem bir tarih dersi hem de huzurlu bir seyir sunuyor. <\/p>\n\n\n\n<h3 class=\"wp-block-heading has-neeon-button-dark-gray-color has-text-color has-link-color wp-elements-553b2fcc78b9f7a549046716cae7ff2c\"><span class=\"ez-toc-section\" id=\"6_tarihi_erzurum_evleri\"><\/span><strong>6. Tarihi Erzurum Evleri<\/strong><span class=\"ez-toc-section-end\"><\/span><\/h3>\n\n\n\n<p>Tarihi Erzurum Evleri, \u015fehrin ge\u00e7mi\u015fini duvarlar\u0131nda saklayan nadide yap\u0131lar aras\u0131nda bulunuyor. Ta\u015f temelli, ah\u015fap detayl\u0131 bu evler, avlulu yap\u0131lar\u0131, cumbalar\u0131 ve ocakl\u0131 odalar\u0131yla geleneksel Erzurum ya\u015fam\u0131n\u0131 yans\u0131t\u0131yor. Karla kapl\u0131 \u00e7at\u0131lar\u0131 ve geni\u015f sa\u00e7aklar\u0131yla sert iklime meydan okuyarak, sokaklara nostaljik bir ruh kat\u0131yor.<\/p>\n\n\n\n<h3 class=\"wp-block-heading has-neeon-button-dark-gray-color has-text-color has-link-color wp-elements-0e469ec79dd37f59b3e127215dee3f5b\"><span class=\"ez-toc-section\" id=\"7_yakutiye_medresesi\"><\/span><strong>7. Yakutiye Medresesi<\/strong><span class=\"ez-toc-section-end\"><\/span><\/h3>\n\n\n\n<p>Yakutiye Medresesi, Erzurum\u2019un kalbinde y\u00fckselen bir a\u00e7\u0131k hava m\u00fczesi niteli\u011fi ta\u015f\u0131yor. 1310 y\u0131l\u0131nda \u0130lhanl\u0131lar d\u00f6neminde in\u015fa edilen yap\u0131, ta\u015f s\u00fcslemeleri, y\u00fcksek portal\u0131 ve i\u00e7 avlusuyla d\u00f6nem mimarisinin zarif bir \u00f6rne\u011fi. Bir zamanlar ilim yuvas\u0131 olan medrese, bug\u00fcn ziyaret\u00e7ilerini tarihiyle, atmosferiyle ve sergilenen etnografik eserlerle zamanda bir yolculu\u011fa davet ediyor.<\/p>\n\n\n\n<h3 class=\"wp-block-heading has-neeon-button-dark-gray-color has-text-color has-link-color wp-elements-bf7896d4d2302346be7577654a9cf228\"><span class=\"ez-toc-section\" id=\"8_narman_peri_bacalari\"><\/span><strong>8. Narman Peri Bacalar\u0131<\/strong><span class=\"ez-toc-section-end\"><\/span><\/h3>\n\n\n\n<figure class=\"wp-block-image size-large is-resized\"><img decoding=\"async\" src=\"https:\/\/res.cloudinary.com\/turna\/image\/upload\/v1753343422\/wordpress-contents\/narman_peri_bacalar%C4%B1.jpg\" alt=\"\" style=\"width:1200px;height:auto\"\/><\/figure>\n\n\n\n<p>Narman Peri Bacalar\u0131, Erzurum\u2019un gizli kalm\u0131\u015f do\u011fa harikalar\u0131ndan biri. K\u0131z\u0131l tonlardaki ilgin\u00e7 kaya olu\u015fumlar\u0131yla adeta bir ba\u015fka gezegeni and\u0131ran bu b\u00f6lge, r\u00fczgar ve suyun binlerce y\u0131ll\u0131k eme\u011fini sergiliyor. Sessizli\u011fin ve b\u00fcy\u00fcleyici manzaran\u0131n hakim oldu\u011fu vadide y\u00fcr\u00fcrken kendinizi do\u011fal bir sanat eserine ad\u0131m atm\u0131\u015f gibi hissedebilirsiniz. Foto\u011fraf tutkunlar\u0131 i\u00e7in de bu durak e\u015fsiz bir rota.<\/p>\n\n\n\n<h3 class=\"wp-block-heading\"><span class=\"ez-toc-section\" id=\"9_erzurum_kalesi\"><\/span><strong>9. Erzurum Kalesi<\/strong><span class=\"ez-toc-section-end\"><\/span><\/h3>\n\n\n\n<p>Erzurum Kalesi, \u015fehrin tam merkezinde y\u00fckselen ve ge\u00e7mi\u015fin izlerini bug\u00fcne ta\u015f\u0131yan etkileyici bir yap\u0131. Temelleri Roma d\u00f6nemine uzanan kale, surlar\u0131 ve saat kulesiyle ziyaret\u00e7ilerine b\u00f6lgede tarih boyunca ya\u015fanan savunma m\u00fccadelelerini f\u0131s\u0131ld\u0131yor. Y\u00fcksek konumu sayesinde Erzurum manzaras\u0131na hakim bir seyir noktas\u0131 sunan kale, hem tarih merakl\u0131lar\u0131 hem de foto\u011fraf tutkunlar\u0131 i\u00e7in ka\u00e7\u0131r\u0131lmayacak bir durak.<\/p>\n\n\n\n<h3 class=\"wp-block-heading has-neeon-button-dark-gray-color has-text-color has-link-color wp-elements-939c37771e3dd9ebd3e1af829d20b8a4\"><span class=\"ez-toc-section\" id=\"10_cobandede_koprusu\"><\/span><strong>10. \u00c7obandede K\u00f6pr\u00fcs\u00fc<\/strong><span class=\"ez-toc-section-end\"><\/span><\/h3>\n\n\n\n<p>\u00c7obandede K\u00f6pr\u00fcs\u00fc, Erzurum\u2019un Karayaz\u0131 il\u00e7esi yak\u0131nlar\u0131nda Aras Nehri \u00fczerine kurulmu\u015f zarif bir Sel\u00e7uklu miras\u0131. 13. y\u00fczy\u0131lda in\u015fa edilen bu yedi kemerli ta\u015f k\u00f6pr\u00fc, d\u00f6neminin m\u00fchendisli\u011fini ve estetik anlay\u0131\u015f\u0131n\u0131 yans\u0131tan eserler aras\u0131nda bulunuyor. Zamana meydan okuyan yap\u0131s\u0131yla hem tarihi bir ge\u00e7it hem de do\u011fayla i\u00e7 i\u00e7e bir seyir noktas\u0131 sunuyor. <\/p>\n\n\n\n<h3 class=\"wp-block-heading has-neeon-button-dark-gray-color has-text-color has-link-color wp-elements-a05df7d4e2766ecaeb7d728597c7987f\"><span class=\"ez-toc-section\" id=\"11_cimcime_hatun_kumbeti\"><\/span><strong>11. Cimcime Hatun K\u00fcmbeti<\/strong><span class=\"ez-toc-section-end\"><\/span><\/h3>\n\n\n\n<figure class=\"wp-block-image size-large is-resized\"><img decoding=\"async\" src=\"https:\/\/res.cloudinary.com\/turna\/image\/upload\/v1753343766\/wordpress-contents\/Cimcime_Hatun_K%C3%BCmbeti.jpg\" alt=\"\" style=\"width:1200px;height:auto\"\/><\/figure>\n\n\n\n<p>Cimcime Hatun K\u00fcmbeti, Erzurum\u2019un tarihi dokusunda zarif ve gizemli bir iz b\u0131rak\u0131yor. 14. y\u00fczy\u0131la tarihlenen bu an\u0131t mezar, sekizgen plan\u0131 ve konik k\u00fclah\u0131yla Sel\u00e7uklu mimarisinin \u00f6zg\u00fcn \u00f6rnekleri aras\u0131nda yer al\u0131yor. Hakk\u0131nda anlat\u0131lan efsanelerle birlikte hem mimarisiyle hem de ad\u0131yla merak uyand\u0131r\u0131yor.<\/p>\n\n\n\n<h3 class=\"wp-block-heading has-neeon-button-dark-gray-color has-text-color has-link-color wp-elements-2ac1768f0b2a0bcd832a32ad8f42eaf5\"><span class=\"ez-toc-section\" id=\"12_askale_tasagil_kaplicalari\"><\/span><strong>12. A\u015fkale Ta\u015fa\u011f\u0131l Kapl\u0131calar\u0131<\/strong><span class=\"ez-toc-section-end\"><\/span><\/h3>\n\n\n\n<p>Erzurum\u2019un A\u015fkale il\u00e7esinde konumlanan bu do\u011fal kapl\u0131ca, do\u011fal termal su kaynaklar\u0131yla dikkat \u00e7ekiyor. Do\u011fan\u0131n huzuruyla \u00e7evrili bu alanda hem dinlenebilir hem de dingin saatler ge\u00e7irebilirsiniz.<\/p>\n\n\n\n<h3 class=\"wp-block-heading has-neeon-button-dark-gray-color has-text-color has-link-color wp-elements-8198915e14573fa8180eda89111c1f53\"><span class=\"ez-toc-section\" id=\"13_rustem_pasa_kervansarayi\"><\/span><strong>13. R\u00fcstem Pa\u015fa Kervansaray\u0131<\/strong><span class=\"ez-toc-section-end\"><\/span><\/h3>\n\n\n\n<p>R\u00fcstem Pa\u015fa Kervansaray\u0131, Erzurum\u2019un ge\u00e7mi\u015fteki ticaret hayat\u0131na \u0131\u015f\u0131k tutan \u00f6nemli bir Osmanl\u0131 yap\u0131s\u0131. 16. y\u00fczy\u0131lda Sadrazam R\u00fcstem Pa\u015fa taraf\u0131ndan yapt\u0131r\u0131lan bu ta\u015f yap\u0131, kervanlar\u0131n mola verdi\u011fi, al\u0131\u015fveri\u015fin kalbinin att\u0131\u011f\u0131 canl\u0131 bir merkezdi. G\u00fcn\u00fcm\u00fczde ise tarihi dokusunu koruyarak zanaatkarlar\u0131n ve d\u00fckkanlar\u0131n yer ald\u0131\u011f\u0131 bir k\u00fclt\u00fcr dura\u011f\u0131 olarak varl\u0131\u011f\u0131n\u0131 s\u00fcrd\u00fcrmeye devam ediyor.<\/p>\n\n\n\n<h3 class=\"wp-block-heading has-neeon-button-dark-gray-color has-text-color has-link-color wp-elements-4635865c27f4bf0a924807cfb33949b6\"><span class=\"ez-toc-section\" id=\"14_lala_mustafa_pasa_camii\"><\/span><strong>14. Lala Mustafa Pa\u015fa Camii<\/strong><span class=\"ez-toc-section-end\"><\/span><\/h3>\n\n\n\n<p>Lala Mustafa Pa\u015fa Camii, Erzurum\u2019un merkezinde y\u00fckselen zarif bir Osmanl\u0131 eseri. 16. y\u00fczy\u0131lda yapt\u0131r\u0131lan bu cami, sade mimarisi, geni\u015f avlusu ve i\u00e7 mekandaki ah\u015fap i\u015f\u00e7ili\u011fiyle dikkat \u00e7ekiyor. Tarihi atmosferiyle Erzurum\u2019un ruhunu hissettiren bu yap\u0131, \u015fehrin en k\u0131ymetli miraslar\u0131 aras\u0131nda yer al\u0131yor.<\/p>\n\n\n\n<h3 class=\"wp-block-heading has-neeon-button-dark-gray-color has-text-color has-link-color wp-elements-7a5b1ef545c7867d5d3842c40e18d03b\"><span class=\"ez-toc-section\" id=\"15_erzurum_ulu_camii\"><\/span><strong>15. Erzurum Ulu Camii<\/strong><span class=\"ez-toc-section-end\"><\/span><\/h3>\n\n\n\n<p>Erzurum Ulu Camii, sade ama etkileyici mimarisiyle \u015fehrin en eski ibadet yap\u0131lar\u0131ndan biri. 12. y\u00fczy\u0131lda Saltuklular d\u00f6neminde in\u015fa edilen cami, kal\u0131n ta\u015f duvarlar\u0131, \u00e7ok detayl\u0131 plan\u0131 ve lo\u015f i\u00e7 mekan\u0131yla mistik bir atmosfer sunuyor. Y\u00fczy\u0131llard\u0131r ayakta kalan bu yap\u0131, hem tarihi hem de manevi bir durak olarak Erzurum\u2019un ruhunu yans\u0131t\u0131yor.<\/p>\n\n\n\n<h3 class=\"wp-block-heading has-neeon-button-dark-gray-color has-text-color has-link-color wp-elements-c3b25203f54b0097012847d1eaa04119\"><span class=\"ez-toc-section\" id=\"16_oltu_tasi_carsisi\"><\/span><strong>16. Oltu Ta\u015f\u0131 \u00c7ar\u015f\u0131s\u0131<\/strong><span class=\"ez-toc-section-end\"><\/span><\/h3>\n\n\n\n<p>Erzurum denince akla gelen en \u00f6zg\u00fcn de\u011ferlerden biri Oltu ta\u015f\u0131 oluyor. Bu siyah renkli, i\u015flenmesi kolay ve hafif yap\u0131l\u0131 de\u011ferli ta\u015f, \u00f6zellikle tespih ve tak\u0131 yap\u0131m\u0131nda kullan\u0131l\u0131yor. Oltu il\u00e7esindeki Oltu Ta\u015f\u0131 \u00c7ar\u015f\u0131s\u0131, hem bu el i\u015f\u00e7ili\u011fini yerinde g\u00f6rebilece\u011finiz hem de ustalar\u0131n at\u00f6lyelerinde ta\u015f i\u015flemecili\u011fini izleyebilece\u011finiz \u00f6zel bir durak. Y\u00fczlerce y\u0131ll\u0131k geleneksel bir zanaat\u0131n izini s\u00fcrebilece\u011finiz bu \u00e7ar\u015f\u0131da hediyelik e\u015fya al\u0131\u015fveri\u015fi de yapabilirsiniz.<\/p>\n\n\n\n<h3 class=\"wp-block-heading has-neeon-button-dark-gray-color has-text-color has-link-color wp-elements-18907b8b61293776a119c0446be2ed39\"><span class=\"ez-toc-section\" id=\"17_ispir_yedigoller\"><\/span><strong>17. \u0130spir Yedig\u00f6ller<\/strong><span class=\"ez-toc-section-end\"><\/span><\/h3>\n\n\n\n<figure class=\"wp-block-image size-large is-resized\"><img decoding=\"async\" src=\"https:\/\/res.cloudinary.com\/turna\/image\/upload\/v1753343681\/wordpress-contents\/ispir_yedig%C3%B6ller.jpg\" alt=\"\" style=\"width:1200px;height:auto\"\/><\/figure>\n\n\n\n<p>\u0130spir Yedig\u00f6ller, Erzurum\u2019un do\u011fayla i\u00e7 i\u00e7e ke\u015fif noktalar\u0131ndan biri. Y\u00fcksek da\u011flar\u0131n aras\u0131nda sakl\u0131 bu yedi buzul g\u00f6l\u00fc, berrak sular\u0131  sayesinde b\u00fcy\u00fcleyici bir manzara sunuyor. \u00d6zellikle yaz aylar\u0131nda kamp, do\u011fa y\u00fcr\u00fcy\u00fc\u015f\u00fc ve foto\u011fraf\u00e7\u0131l\u0131k i\u00e7in ideal bir rota sunuyor. <\/p>\n\n\n\n<h3 class=\"wp-block-heading has-neeon-button-dark-gray-color has-text-color has-link-color wp-elements-ec668c9e2e49c2c87a2ad730576c8f08\"><span class=\"ez-toc-section\" id=\"18_gokkusagi_tepeleri\"><\/span><strong>18. G\u00f6kku\u015fa\u011f\u0131 Tepeleri<\/strong><span class=\"ez-toc-section-end\"><\/span><\/h3>\n\n\n\n<p>G\u00f6kku\u015fa\u011f\u0131 Tepeleri, Erzurum\u2019un Narman il\u00e7esinde yer alan ve ad\u0131n\u0131 rengarenk toprak katmanlar\u0131ndan alan benzersiz bir do\u011fa olu\u015fumu. K\u0131rm\u0131z\u0131dan sar\u0131ya, turuncudan griye uzanan tonlar\u0131yla adeta bir tabloyu and\u0131ran bu tepeler, milyonlarca y\u0131ll\u0131k jeolojik birikimin izlerini ta\u015f\u0131yor. \u00d6zellikle g\u00fcn bat\u0131m\u0131nda \u0131\u015f\u0131\u011f\u0131n dans\u0131yla b\u00fcy\u00fcleyici bir g\u00f6r\u00fcn\u00fcme kavu\u015fan bu b\u00f6lge, foto\u011fraf tutkunlar\u0131 i\u00e7in e\u015fsiz bir rota.<\/p>\n\n\n\n<h3 class=\"wp-block-heading has-neeon-button-dark-gray-color has-text-color has-link-color wp-elements-b72c178a1cab00b7c63dffeb8a6ad256\"><span class=\"ez-toc-section\" id=\"19_hinis_kanyonu\"><\/span><strong>19. H\u0131n\u0131s Kanyonu<\/strong><span class=\"ez-toc-section-end\"><\/span><\/h3>\n\n\n\n<p>H\u0131n\u0131s Kanyonu, Erzurum\u2019un sakl\u0131 kalm\u0131\u015f do\u011fal g\u00fczelliklerinden biri. Derin yar\u0131klar\u0131, sarp kayal\u0131klar\u0131 ve i\u00e7inden ge\u00e7en berrak suyu ile bu etkileyici kanyon, do\u011fa y\u00fcr\u00fcy\u00fc\u015fleri ve ke\u015fif rotalar\u0131 i\u00e7in ideal bir ortam sunuyor. Sessizlik ve vah\u015fi do\u011fayla ba\u015f ba\u015fa kalmak isteyenler i\u00e7in benzersiz bir deneyim vadeden H\u0131n\u0131s Kanyonu, Erzurum\u2019un do\u011fal zenginli\u011fini g\u00f6zler \u00f6n\u00fcne seriyor.<\/p>\n\n\n\n<h3 class=\"wp-block-heading has-neeon-button-dark-gray-color has-text-color has-link-color wp-elements-0b5ef33b758ab3ad2bddc998664d2f6a\"><span class=\"ez-toc-section\" id=\"20_ataturk_evi_muzesi\"><\/span><strong>20. Atat\u00fcrk Evi M\u00fczesi<\/strong><span class=\"ez-toc-section-end\"><\/span><\/h3>\n\n\n\n<p>Erzurum\u2019daki Atat\u00fcrk Evi M\u00fczesi, T\u00fcrkiye Cumhuriyeti\u2019nin temellerinin at\u0131ld\u0131\u011f\u0131 yerlerden biri olarak tarihi bir \u00f6neme sahip. 1919 y\u0131l\u0131nda Mustafa Kemal Atat\u00fcrk\u2019\u00fcn Erzurum Kongresi s\u0131ras\u0131nda konaklad\u0131\u011f\u0131 bu iki katl\u0131 geleneksel Erzurum evi, g\u00fcn\u00fcm\u00fczde m\u00fcze olarak ziyaret\u00e7ilere a\u00e7\u0131k. \u0130\u00e7eride Atat\u00fcrk\u2019\u00fcn ki\u015fisel e\u015fyalar\u0131, kongreye dair belgeler ve d\u00f6neme ait objeler sergileniyor. M\u00fctevaz\u0131 mimarisi, tarihi atmosferi ve etkileyici anlat\u0131m\u0131yla Atat\u00fcrk Evi M\u00fczesi, Erzurum\u2019a gelen her ziyaret\u00e7inin g\u00f6rmesi gereken \u00f6zel bir durak. <\/p>\n\n\n\n<h2 class=\"wp-block-heading has-neeon-button-dark-gray-color has-text-color has-link-color wp-elements-085e6e189ad442fa8995f82edee942d9\"><span class=\"ez-toc-section\" id=\"erzurumda_denemeniz_gereken_lezzetler\"><\/span><strong>Erzurum&#8217;da Denemeniz Gereken Lezzetler<\/strong><span class=\"ez-toc-section-end\"><\/span><\/h2>\n\n\n\n<figure class=\"wp-block-image size-large is-resized\"><img decoding=\"async\" src=\"https:\/\/res.cloudinary.com\/turna\/image\/upload\/v1753343932\/wordpress-contents\/erzurum_yemek.jpg\" alt=\"\" style=\"width:1200px;height:auto\"\/><\/figure>\n\n\n\n<p>Erzurum mutfa\u011f\u0131, gezginlerin kalbini \u00e7almay\u0131 ba\u015far\u0131yor. \u015eehre geldi\u011finizde ilk dura\u011f\u0131n\u0131z mutlaka ca\u011f kebab\u0131 olmal\u0131, odun ate\u015finde pi\u015fen bu enfes etin tad\u0131 dama\u011f\u0131n\u0131zda kalacak. Tatl\u0131 severler i\u00e7in kaday\u0131f dolmas\u0131, \u00e7\u0131t\u0131r d\u0131\u015f katman\u0131 ve cevizli i\u00e7 harc\u0131yla ba\u015fl\u0131 ba\u015f\u0131na bir \u015f\u00f6len. A\u015fotu \u00e7orbas\u0131, lor dolmas\u0131, su b\u00f6re\u011fi ve dut pekmeziyle yap\u0131lan tatl\u0131lar da Erzurum\u2019un sofralar\u0131na lezzet kat\u0131yor. <\/p>\n\n\n\n<h2 class=\"wp-block-heading has-neeon-button-dark-gray-color has-text-color has-link-color wp-elements-7be9608d6b74741c1073a9dc7f9a3325\"><span class=\"ez-toc-section\" id=\"erzuruma_nasil_gidilir\"><\/span><strong>Erzurum\u2019a Nas\u0131l Gidilir?<\/strong><span class=\"ez-toc-section-end\"><\/span><\/h2>\n\n\n\n<p>Do\u011fu Anadolu\u2019nun en \u00f6nemli kav\u015faklar\u0131ndan biri olan Erzurum\u2019a \u0130stanbul, Ankara, Bursa ve \u0130zmir\u2019den direkt u\u00e7ak seferleri bulunuyor. D\u00f6nemsel olarak T\u00fcrkiye\u2019nin farkl\u0131 illeri ve ba\u015fl\u0131ca Avrupa kentlerinden de u\u00e7ak ba\u011flant\u0131s\u0131 olan \u015fehre gelmek i\u00e7in Erzurum u\u00e7ak bileti almak gerekiyor. <strong><a href=\"https:\/\/www.turna.com\/otobus-bileti\/erzurum\" data-type=\"link\" data-id=\"https:\/\/www.turna.com\/otobus-bileti\/erzurum\">Erzurum otob\u00fcs bileti<\/a><\/strong> se\u00e7enekleriyle de \u00fclkenin d\u00f6rt bir yan\u0131ndan bu \u00f6zel \u015fehre ula\u015f\u0131m sa\u011flanabiliyor. Do\u011fu Anadolu\u2019nun en k\u00f6kl\u00fc \u015fehirlerinden Erzurum, \u00fclkemizi ke\u015ffetmeye ba\u015flamak i\u00e7in en ideal duraklar aras\u0131nda yer al\u0131yor.<br><\/p>\n\n    <div class=\"xs_social_share_widget xs_share_url after_content \t\tmain_content  wslu-style-1 wslu-share-box-shaped wslu-fill-colored wslu-none wslu-share-horizontal wslu-theme-font-no wslu-main_content\">\n\n\t\t\n        <ul>\n\t\t\t        <\/ul>\n    <\/div> \n","protected":false},"excerpt":{"rendered":"<p>T\u00fcrkiye\u2019nin y\u00fcz\u00f6l\u00e7\u00fcm\u00fc en geni\u015f \u015fehirlerinden biri olan Erzurum, Do\u011fu Anadolu B\u00f6lgesi\u2019nin en geli\u015fmi\u015f yerle\u015fim yerleri aras\u0131nda. Denizden 1,900 metre y\u00fckseklikteki Erzurum, T\u00fcrkiye\u2019nin en \u00f6nemli kayak merkezlerinden Paland\u00f6ken\u2019e ev sahipli\u011fi yap\u0131yor. Tarihin ilk d\u00f6nemlerinden bu yana s\u00fcrekli yerle\u015fim yeri olan Erzurum, ayn\u0131 zamanda \u0130pek Yolu \u00fczerinde yer almas\u0131 sayesinde k\u00fclt\u00fcr, ticaret, sanat olanaklar\u0131yla da dikkat \u00e7ekiyor. [&hellip;]<\/p>\n","protected":false},"author":44,"featured_media":24896,"comment_status":"open","ping_status":"open","sticky":false,"template":"","format":"standard","meta":{"rop_custom_images_group":[],"rop_custom_messages_group":[],"rop_publish_now":"initial","rop_publish_now_accounts":[],"rop_publish_now_history":[],"rop_publish_now_status":"pending","_cloudinary_featured_overwrite":false,"footnotes":""},"categories":[1829,84],"tags":[],"class_list":["post-24894","post","type-post","status-publish","format-standard","has-post-thumbnail","hentry","category-erzurum","category-turkiye"],"_links":{"self":[{"href":"https:\/\/www.turna.com\/blog\/wp-json\/wp\/v2\/posts\/24894","targetHints":{"allow":["GET"]}}],"collection":[{"href":"https:\/\/www.turna.com\/blog\/wp-json\/wp\/v2\/posts"}],"about":[{"href":"https:\/\/www.turna.com\/blog\/wp-json\/wp\/v2\/types\/post"}],"author":[{"embeddable":true,"href":"https:\/\/www.turna.com\/blog\/wp-json\/wp\/v2\/users\/44"}],"replies":[{"embeddable":true,"href":"https:\/\/www.turna.com\/blog\/wp-json\/wp\/v2\/comments?post=24894"}],"version-history":[{"count":0,"href":"https:\/\/www.turna.com\/blog\/wp-json\/wp\/v2\/posts\/24894\/revisions"}],"wp:featuredmedia":[{"embeddable":true,"href":"https:\/\/www.turna.com\/blog\/wp-json\/wp\/v2\/media\/24896"}],"wp:attachment":[{"href":"https:\/\/www.turna.com\/blog\/wp-json\/wp\/v2\/media?parent=24894"}],"wp:term":[{"taxonomy":"category","embeddable":true,"href":"https:\/\/www.turna.com\/blog\/wp-json\/wp\/v2\/categories?post=24894"},{"taxonomy":"post_tag","embeddable":true,"href":"https:\/\/www.turna.com\/blog\/wp-json\/wp\/v2\/tags?post=24894"}],"curies":[{"name":"wp","href":"https:\/\/api.w.org\/{rel}","templated":true}]}}