{"id":24869,"date":"2025-07-14T12:31:25","date_gmt":"2025-07-14T09:31:25","guid":{"rendered":"https:\/\/www.turna.com\/blog\/?p=24869"},"modified":"2025-07-18T09:21:42","modified_gmt":"2025-07-18T06:21:42","slug":"cascade-kurali-nedir","status":"publish","type":"post","link":"https:\/\/www.turna.com\/blog\/cascade-kurali-nedir","title":{"rendered":"Schengen Vizelerinde Uygulanan &#8216;Cascade Kural\u0131&#8217; Nedir?"},"content":{"rendered":"<div id=\"ez-toc-container\" class=\"ez-toc-v2_0_82_2 counter-hierarchy ez-toc-counter ez-toc-black ez-toc-container-direction\">\n<div class=\"ez-toc-title-container\">\n<p class=\"ez-toc-title\" style=\"cursor:inherit\">\u0130\u00e7indekiler<\/p>\n<span class=\"ez-toc-title-toggle\"><a href=\"#\" class=\"ez-toc-pull-right ez-toc-btn ez-toc-btn-xs ez-toc-btn-default ez-toc-toggle\" aria-label=\"\u0130\u00e7indekiler Tablosunu A\u00e7\/Kapat\"><span class=\"ez-toc-js-icon-con\"><span class=\"\"><span class=\"eztoc-hide\" style=\"display:none;\">Toggle<\/span><span class=\"ez-toc-icon-toggle-span\"><svg style=\"fill: #ffffff;color:#ffffff\" xmlns=\"http:\/\/www.w3.org\/2000\/svg\" class=\"list-377408\" width=\"20px\" height=\"20px\" viewBox=\"0 0 24 24\" fill=\"none\"><path d=\"M6 6H4v2h2V6zm14 0H8v2h12V6zM4 11h2v2H4v-2zm16 0H8v2h12v-2zM4 16h2v2H4v-2zm16 0H8v2h12v-2z\" fill=\"currentColor\"><\/path><\/svg><svg style=\"fill: #ffffff;color:#ffffff\" class=\"arrow-unsorted-368013\" xmlns=\"http:\/\/www.w3.org\/2000\/svg\" width=\"10px\" height=\"10px\" viewBox=\"0 0 24 24\" version=\"1.2\" baseProfile=\"tiny\"><path d=\"M18.2 9.3l-6.2-6.3-6.2 6.3c-.2.2-.3.4-.3.7s.1.5.3.7c.2.2.4.3.7.3h11c.3 0 .5-.1.7-.3.2-.2.3-.5.3-.7s-.1-.5-.3-.7zM5.8 14.7l6.2 6.3 6.2-6.3c.2-.2.3-.5.3-.7s-.1-.5-.3-.7c-.2-.2-.4-.3-.7-.3h-11c-.3 0-.5.1-.7.3-.2.2-.3.5-.3.7s.1.5.3.7z\"\/><\/svg><\/span><\/span><\/span><\/a><\/span><\/div>\n<nav><ul class='ez-toc-list ez-toc-list-level-1 eztoc-toggle-hide-by-default' ><li class='ez-toc-page-1 ez-toc-heading-level-2'><a class=\"ez-toc-link ez-toc-heading-1\" href=\"https:\/\/www.turna.com\/blog\/cascade-kurali-nedir\/#cascade_kurali_nedir\" >Cascade Kural\u0131 Nedir?<\/a><\/li><li class='ez-toc-page-1 ez-toc-heading-level-2'><a class=\"ez-toc-link ez-toc-heading-2\" href=\"https:\/\/www.turna.com\/blog\/cascade-kurali-nedir\/#bu_kurala_gore_vize_almak_icin_nelere_dikkat_etmelisiniz\" >Bu Kurala G\u00f6re Vize Almak \u0130\u00e7in Nelere Dikkat Etmelisiniz?<\/a><\/li><li class='ez-toc-page-1 ez-toc-heading-level-2'><a class=\"ez-toc-link ez-toc-heading-3\" href=\"https:\/\/www.turna.com\/blog\/cascade-kurali-nedir\/#daha_uzun_sureli_vize_almak_icin_ipuclari\" >Daha Uzun S\u00fcreli Vize Almak \u0130\u00e7in \u0130pu\u00e7lar\u0131<\/a><\/li><\/ul><\/nav><\/div>\n\n<p>Schengen vizesine ba\u015fvurmak \u00e7o\u011fu zaman sab\u0131r ve titizlik isteyen bir s\u00fcre\u00e7. Hele ki s\u0131k seyahat eden biriyseniz, her defas\u0131nda ayn\u0131 evraklar\u0131 toparlamak, randevu almak, beklemek\u2026 Ger\u00e7ekten yorucu olabiliyor. \u0130\u015fte tam da bu noktada kar\u015f\u0131m\u0131za \u00e7\u0131kan Cascade Kural\u0131, vize ba\u015fvurular\u0131n\u0131 daha \u00f6ng\u00f6r\u00fclebilir ve biraz daha adil hale getiriyor. Avrupa \u00fclkelerine s\u0131k ve sorunsuz \u015fekilde seyahat eden ki\u015filer i\u00e7in daha uzun s\u00fcreli ve \u00e7ok giri\u015fli vizeler alman\u0131n kap\u0131s\u0131n\u0131 aralayan bu sistem, son zamanlarda olduk\u00e7a s\u0131k konu\u015fuluyor. E\u011fer siz de art\u0131k her seyahat \u00f6ncesi vize stresi ya\u015famak istemiyorsan\u0131z, Cascade Kural\u0131\u2019n\u0131 mutlaka yak\u0131ndan tan\u0131mal\u0131s\u0131n\u0131z.<\/p>\n\n\n\n<p>Ayr\u0131ca belirtmekte fayda var: Avrupa Parlamentosu\u2019nun Temmuz 2025\u2019te ald\u0131\u011f\u0131 yeni bir kararla birlikte, T\u00fcrkiye Cumhuriyeti vatanda\u015flar\u0131n\u0131n Schengen vizesi alma s\u00fcreci art\u0131k daha \u00f6ng\u00f6r\u00fclebilir ve avantajl\u0131 hale geliyor. Bu karara g\u00f6re, e\u011fer vize ba\u015fvurusunda bulunan ki\u015fi \u00f6nceki vizelerini kurallar\u0131na uygun \u015fekilde kullanm\u0131\u015fsa, sonraki vizelerde kademeli olarak daha uzun s\u00fcreli vizeler alabilecek. \u00d6zetle;<\/p>\n\n\n\n<div class=\"wp-block-group\"><div class=\"wp-block-group__inner-container is-layout-constrained wp-block-group-is-layout-constrained\">\n<p><strong>2. vize 6 ay<\/strong><\/p>\n\n\n\n<p><strong>3. \u2060vize 1 y\u0131l<\/strong><\/p>\n\n\n\n<p><strong>4. \u2060vize 2 y\u0131l<\/strong><\/p>\n\n\n\n<p><strong>5. \u2060vize 5 y\u0131l<\/strong> olarak verilecek.\u00a0<\/p>\n<\/div><\/div>\n\n\n\n<p>Vize s\u00fcrecinde g\u00fcvenilirlik g\u00f6steren bireylerin \u00f6d\u00fcllendirilmesini ama\u00e7layan bu uygulama, uzun vadede Schengen vizesi alma s\u00fcrecini daha da sadele\u015ftirebilir.<\/p>\n\n\n\n<h2 class=\"wp-block-heading has-text-align-center has-neeon-button-dark-gray-color has-text-color has-link-color wp-elements-3f6ffac156ce99091fbfa0f094d9d2e6\"><span class=\"ez-toc-section\" id=\"cascade_kurali_nedir\"><\/span><strong><strong>Cascade Kural\u0131 Nedir?<\/strong><\/strong><span class=\"ez-toc-section-end\"><\/span><\/h2>\n\n\n\n<figure class=\"wp-block-image size-large\"><img width=\"800\" height=\"500\" decoding=\"async\" src=\"data:image\/svg+xml;base64,PHN2ZyB4bWxucz0iaHR0cDovL3d3dy53My5vcmcvMjAwMC9zdmciIHdpZHRoPSI4MDAiIGhlaWdodD0iNTAwIj48cmVjdCB3aWR0aD0iMTAwJSIgaGVpZ2h0PSIxMDAlIj48YW5pbWF0ZSBhdHRyaWJ1dGVOYW1lPSJmaWxsIiB2YWx1ZXM9InJnYmEoMTUzLDE1MywxNTMsMC41KTtyZ2JhKDE1MywxNTMsMTUzLDAuMSk7cmdiYSgxNTMsMTUzLDE1MywwLjUpIiBkdXI9IjJzIiByZXBlYXRDb3VudD0iaW5kZWZpbml0ZSIgLz48L3JlY3Q+PC9zdmc+\" alt=\"\" data-public-id=\"Vize-Istemeyen-Ulkeler_axaanx_llfw59\/Vize-Istemeyen-Ulkeler_axaanx_llfw59.jpg\" class=\"wp-post-24869 wp-image-1721\" data-format=\"jpg\" data-transformations=\"f_auto,q_auto:low\" data-version=\"1461738077\" data-seo=\"1\" data-size=\"800 500\" data-srcset=\"https:\/\/res.cloudinary.com\/turna\/images\/f_auto,q_auto:low\/v1461738077\/Vize-Istemeyen-Ulkeler_axaanx_llfw59\/Vize-Istemeyen-Ulkeler_axaanx_llfw59.jpg?_i=AA 800w, https:\/\/res.cloudinary.com\/turna\/images\/w_300,h_188,c_scale\/f_auto,q_auto:low\/v1461738077\/Vize-Istemeyen-Ulkeler_axaanx_llfw59\/Vize-Istemeyen-Ulkeler_axaanx_llfw59.jpg?_i=AA 300w, https:\/\/res.cloudinary.com\/turna\/images\/w_672,h_420,c_scale\/f_auto,q_auto:low\/v1461738077\/Vize-Istemeyen-Ulkeler_axaanx_llfw59\/Vize-Istemeyen-Ulkeler_axaanx_llfw59.jpg?_i=AA 672w, https:\/\/res.cloudinary.com\/turna\/images\/w_640,h_400,c_scale\/f_auto,q_auto:low\/v1461738077\/Vize-Istemeyen-Ulkeler_axaanx_llfw59\/Vize-Istemeyen-Ulkeler_axaanx_llfw59.jpg?_i=AA 640w, https:\/\/res.cloudinary.com\/turna\/images\/w_681,h_426,c_scale\/f_auto,q_auto:low\/v1461738077\/Vize-Istemeyen-Ulkeler_axaanx_llfw59\/Vize-Istemeyen-Ulkeler_axaanx_llfw59.jpg?_i=AA 681w\" data-sizes=\"(max-width: 800px) 100vw, 800px\" data-delivery=\"upload\" onload=\";window.CLDBind?CLDBind(this):null;\" data-cloudinary=\"lazy\" \/><figcaption class=\"wp-element-caption\">Cascade Kural\u0131 Nedir?<\/figcaption><\/figure>\n\n\n\n<p>Cascade Kural\u0131, Schengen \u00fclkelerine yap\u0131lan k\u0131sa s\u00fcreli (C tipi) vize ba\u015fvurular\u0131nda, ki\u015finin \u00f6nceki vizelerini nas\u0131l kulland\u0131\u011f\u0131na g\u00f6re daha uzun s\u00fcreli vize almas\u0131n\u0131 m\u00fcmk\u00fcn k\u0131lan bir sistem. Asl\u0131nda basit bir mant\u0131\u011f\u0131 var: Ne kadar d\u00fczenli ve sorunsuz bir seyahat ge\u00e7mi\u015finiz varsa, o kadar uzun s\u00fcreli ve \u00e7ok giri\u015fli vize alman\u0131z te\u015fvik ediliyor. Ama tabii bu otomatik olarak verilen bir hak de\u011fil, belli \u015fartlar\u0131n sa\u011flanmas\u0131 gerekiyor.<\/p>\n\n\n\n<p>\u00d6rne\u011fin, son <strong>iki y\u0131l i\u00e7inde \u00fc\u00e7 kez vize ald\u0131ysan\u0131z<\/strong> ve bu vizeleri <strong>sorunsuz \u015fekilde, kurallara uygun olarak kulland\u0131ysan\u0131z<\/strong>, bir sonraki ba\u015fvuruda size <strong>en az bir y\u0131l ge\u00e7erli ve \u00e7ok giri\u015fli vize verilmesi tavsiye ediliyor<\/strong>. Yani vizeyi sadece almak yetmiyor, ger\u00e7ekten kullanman\u0131z ve kurallara harfiyen uyman\u0131z da \u00f6nemli.<\/p>\n\n\n\n<p>Benzer \u015fekilde, e\u011fer son iki y\u0131lda <strong>bir y\u0131ll\u0131k bir vize al\u0131p bu vizeyi d\u00fczg\u00fcn \u015fekilde kulland\u0131ysan\u0131z<\/strong>, s\u0131radaki ba\u015fvuruda <strong>iki y\u0131ll\u0131k bir vize verilmesi g\u00fcndeme gelebiliyor<\/strong>. Bu d\u00f6ng\u00fc, son \u00fc\u00e7 y\u0131l i\u00e7inde al\u0131nan iki y\u0131ll\u0131k vizenin sorunsuz kullan\u0131m\u0131na kadar uzan\u0131yor. B\u00f6yle bir durumda ise <strong>be\u015f y\u0131ll\u0131k Schengen vizesi alma ihtimaliniz do\u011fuyor<\/strong>. Ancak burada dikkat edilmesi gereken en \u00f6nemli nokta, pasaportunuzun ge\u00e7erlilik s\u00fcresinin bu vizeleri kar\u015f\u0131layabilecek kadar uzun olmas\u0131.<\/p>\n\n\n\n<p>K\u00fc\u00e7\u00fck bir \u00f6rnek verelim:<\/p>\n\n\n\n<p>Farz edelim ki bir ki\u015fi, son iki y\u0131lda \u00fc\u00e7 kez \u0130spanya, Almanya ve \u0130talya seyahatleri i\u00e7in k\u0131sa s\u00fcreli vize ald\u0131. Hepsinde kurallara uydu, vize s\u00fcresini a\u015fmad\u0131, giri\u015f-\u00e7\u0131k\u0131\u015flar\u0131n\u0131 zaman\u0131nda yapt\u0131. \u015eimdi yeni bir ba\u015fvuru yap\u0131yor. Cascade Kural\u0131 kapsam\u0131nda, bu ki\u015finin art\u0131k tek giri\u015fli 90 g\u00fcnl\u00fck vizelerle u\u011fra\u015fmak yerine, bir y\u0131l ge\u00e7erli, \u00e7ok giri\u015fli bir Schengen vizesi alma ihtimali olduk\u00e7a y\u00fcksek.<\/p>\n\n\n\n<h2 class=\"wp-block-heading has-text-align-center has-neeon-button-dark-gray-color has-text-color has-link-color wp-elements-5dc5d28c5533a1804a05fa6b9d68692e\"><span class=\"ez-toc-section\" id=\"bu_kurala_gore_vize_almak_icin_nelere_dikkat_etmelisiniz\"><\/span><strong><strong>Bu Kurala G\u00f6re Vize Almak \u0130\u00e7in Nelere Dikkat Etmelisiniz?<\/strong><\/strong><span class=\"ez-toc-section-end\"><\/span><\/h2>\n\n\n\n<figure class=\"wp-block-image size-large\"><img decoding=\"async\" src=\"https:\/\/res.cloudinary.com\/turna\/image\/upload\/v1567727064\/S%CC%A7engen-Vizesi_sc2aey.jpg\" alt=\"\"\/><\/figure>\n\n\n\n<p>Cascade Kural\u0131\u2019n\u0131n sundu\u011fu avantajlardan faydalanmak istiyorsan\u0131z, en \u00f6nemli nokta vizenizi do\u011fru ve yasalara uygun \u015fekilde kullanman\u0131z. Schengen b\u00f6lgesinde kal\u0131\u015f s\u00fcrenizi a\u015fmamal\u0131, vize s\u00fcreniz bitti\u011finde zaman\u0131nda \u00e7\u0131k\u0131\u015f yapmal\u0131s\u0131n\u0131z. Ayr\u0131ca ba\u015fvurdu\u011funuz vize t\u00fcr\u00fcne ve \u00fclkeye sad\u0131k kalman\u0131z, yani \u00f6rne\u011fin \u0130talya\u2019dan ald\u0131\u011f\u0131n\u0131z bir vizeyle ilk giri\u015finizi \u0130talya\u2019dan yapman\u0131z beklenir. T\u00fcm bu ad\u0131mlar, sistemin sizi <strong>\u201cg\u00fcvenilir yolcu\u201d<\/strong> olarak g\u00f6rmesini sa\u011flar.<\/p>\n\n\n\n<p>Bir di\u011fer \u00f6nemli unsur da, ba\u015fvurular\u0131n\u0131z aras\u0131nda s\u00fcreklilik olmas\u0131d\u0131r. Yani, son iki y\u0131lda d\u00fczenli olarak seyahat etmi\u015f ve vize alm\u0131\u015f olman\u0131z Cascade Kural\u0131\u2019n\u0131n i\u015fletilmesi a\u00e7\u0131s\u0131ndan \u00f6nemlidir. Araya uzun bo\u015fluklar girmemesi, sistemin sizi <strong>\u201caktif seyahat eden biri\u201d<\/strong> olarak de\u011ferlendirmesine katk\u0131 sa\u011flar.<\/p>\n\n\n\n<p>E\u011fer ba\u015fvurunuzu Cascade Kural\u0131\u2019n\u0131 ger\u00e7ekten dikkate alan bir \u00fclkeye yapacaksan\u0131z, bu da ba\u015fvurunun seyrini ciddi anlamda etkileyebilir. Mesela <strong>Danimarka, Hollanda <\/strong>ve<strong> \u0130sve\u00e7<\/strong> bu kurala olduk\u00e7a sad\u0131k kal\u0131yor. Bu \u00fclkelere yap\u0131lacak ba\u015fvurularda, \u00f6nceki vizelerini d\u00fczenli kullanm\u0131\u015f biriyseniz, uzun s\u00fcreli vize alma ihtimaliniz epey y\u00fcksek. Burada i\u015fin p\u00fcf noktas\u0131, k\u0131sa bir dilek\u00e7eyle \u00f6nceki seyahat ge\u00e7mi\u015fini a\u00e7\u0131klamak. Abart\u0131l\u0131 ya da resmi olmak zorunda de\u011fil; samimi ve a\u00e7\u0131k bir dilek\u00e7e yeterli. Daha \u00f6nce nerelere gitti\u011finizi, vizenizi nas\u0131l kulland\u0131\u011f\u0131n\u0131z\u0131, casade kural\u0131na uydu\u011funuzu resmi bir dille yazman\u0131z yeterli. Bu dilek\u00e7elerin \u00f6rnekleri internette kolayca bulunabiliyor. Hatta kafan\u0131z kar\u0131\u015f\u0131rsa, bu konuda \u00e7al\u0131\u015fan dan\u0131\u015fmanl\u0131k firmalar\u0131yla da g\u00f6r\u00fc\u015febilirsiniz. Sonu\u00e7ta konsolosluklar\u0131n bakt\u0131\u011f\u0131 \u015fey sadece evraklar de\u011fil; kar\u015f\u0131lar\u0131nda g\u00fcvenilir, d\u00fczenli bir yolcu profili g\u00f6rmek istiyorlar.<\/p>\n\n\n\n<h2 class=\"wp-block-heading has-text-align-center has-neeon-button-dark-gray-color has-text-color has-link-color wp-elements-2f0050947e4b0b40f093f898e370fdc1\"><span class=\"ez-toc-section\" id=\"daha_uzun_sureli_vize_almak_icin_ipuclari\"><\/span><strong><strong>Daha Uzun S\u00fcreli Vize Almak \u0130\u00e7in \u0130pu\u00e7lar\u0131<\/strong><\/strong><span class=\"ez-toc-section-end\"><\/span><\/h2>\n\n\n\n<figure class=\"wp-block-image size-large\"><img decoding=\"async\" src=\"https:\/\/res.cloudinary.com\/turna\/image\/upload\/v1714134924\/wordpress-contents\/schengen_vizesi_nedir.jpg\" alt=\"\"\/><\/figure>\n\n\n\n<ul class=\"wp-block-list\">\n<li>Vizenizi her seferinde yasalara uygun kullan\u0131n. S\u00fcre a\u015f\u0131m\u0131 yapmay\u0131n.<\/li>\n\n\n\n<li>\u0130lk giri\u015finizi, vizeyi ald\u0131\u011f\u0131n\u0131z \u00fclkeden yapmaya \u00f6zen g\u00f6sterin.<\/li>\n\n\n\n<li>Seyahat planlar\u0131n\u0131z\u0131 a\u00e7\u0131k ve mant\u0131kl\u0131 bir \u015fekilde belgeleyin.<\/li>\n\n\n\n<li>Daha \u00f6nceki vizelerinizi, seyahate ger\u00e7ekten \u00e7\u0131k\u0131p kulland\u0131\u011f\u0131n\u0131z\u0131 kan\u0131tlayacak u\u00e7ak biletleri ve otel rezervasyonlar\u0131 gibi belgeleri saklay\u0131n.<\/li>\n\n\n\n<li>Pasaportunuzun ge\u00e7erlilik s\u00fcresini kontrol edin. Daha uzun s\u00fcreli vizeler i\u00e7in daha uzun ge\u00e7erlilik gerekir.<\/li>\n\n\n\n<li>Her vize ba\u015fvurunuzda eksiksiz ve d\u00fczg\u00fcn belgeler sunun.<\/li>\n\n\n\n<li>Ba\u015fvuru formunu dikkatli doldurun, yanl\u0131\u015f ya da eksik bilgi vermekten ka\u00e7\u0131n\u0131n.<\/li>\n\n\n\n<li>Ayn\u0131 \u00fclkeye birka\u00e7 kez vize ba\u015fvurusu yapman\u0131z, o \u00fclkenin sizi tan\u0131mas\u0131n\u0131 ve g\u00fcven duymas\u0131n\u0131 sa\u011flar.<\/li>\n\n\n\n<li>\u00d6nceki vizelerinizi ayn\u0131 \u015fekilde kulland\u0131\u011f\u0131n\u0131z\u0131 anlatan bir \u00f6n yaz\u0131 eklemek, konsoloslu\u011fun sizi daha iyi anlamas\u0131na yard\u0131mc\u0131 olur.<\/li>\n\n\n\n<li>Vize ba\u015fvurusunu, seyahatten \u00e7ok k\u0131sa s\u00fcre \u00f6nce de\u011fil; ideal olarak 4-6 hafta \u00f6ncesinden yap\u0131n.<\/li>\n<\/ul>\n\n\n\n<p>Cascade Kural\u0131, s\u0131k s\u0131k Schengen \u00fclkelerine seyahat eden yolcular i\u00e7in b\u00fcy\u00fck bir kolayl\u0131k sunuyor. Do\u011fru ve d\u00fczenli vize kullan\u0131m\u0131 sayesinde art\u0131k her seferinde yeniden ba\u015fvuru yapmakla u\u011fra\u015fmak yerine, daha uzun s\u00fcreli ve \u00e7ok giri\u015fli vizeler alman\u0131z m\u00fcmk\u00fcn. Siz de yurt d\u0131\u015f\u0131 seyahatlerinizi daha az stresle planlamak istiyorsan\u0131z, bu kurala dikkat ederek ba\u015fvurular\u0131n\u0131z\u0131 \u015fekillendirebilir ve kendinize konforlu bir yol a\u00e7abilirsiniz.&nbsp;Tatilinizi planlay\u0131n, Turna ile <strong><a href=\"https:\/\/www.turna.com\/ucak-bileti\">u\u00e7ak bileti<\/a><\/strong> ve <strong><a href=\"https:\/\/www.turna.com\/otel\">otel rezervasyonu<\/a><\/strong> i\u015flemlerini yap\u0131n ve yola \u00e7\u0131k\u0131n!<\/p>\n\n\n\n<p><\/p>\n\n    <div class=\"xs_social_share_widget xs_share_url after_content \t\tmain_content  wslu-style-1 wslu-share-box-shaped wslu-fill-colored wslu-none wslu-share-horizontal wslu-theme-font-no wslu-main_content\">\n\n\t\t\n        <ul>\n\t\t\t        <\/ul>\n    <\/div> \n","protected":false},"excerpt":{"rendered":"<p>Schengen vizesine ba\u015fvurmak \u00e7o\u011fu zaman sab\u0131r ve titizlik isteyen bir s\u00fcre\u00e7. Hele ki s\u0131k seyahat eden biriyseniz, her defas\u0131nda ayn\u0131 evraklar\u0131 toparlamak, randevu almak, beklemek\u2026 Ger\u00e7ekten yorucu olabiliyor. \u0130\u015fte tam da bu noktada kar\u015f\u0131m\u0131za \u00e7\u0131kan Cascade Kural\u0131, vize ba\u015fvurular\u0131n\u0131 daha \u00f6ng\u00f6r\u00fclebilir ve biraz daha adil hale getiriyor. Avrupa \u00fclkelerine s\u0131k ve sorunsuz \u015fekilde seyahat eden [&hellip;]<\/p>\n","protected":false},"author":45,"featured_media":24870,"comment_status":"open","ping_status":"open","sticky":false,"template":"","format":"standard","meta":{"rop_custom_images_group":[],"rop_custom_messages_group":[],"rop_publish_now":"initial","rop_publish_now_accounts":[],"rop_publish_now_history":[],"rop_publish_now_status":"pending","_cloudinary_featured_overwrite":false,"footnotes":""},"categories":[1],"tags":[978],"class_list":["post-24869","post","type-post","status-publish","format-standard","has-post-thumbnail","hentry","category-seyahat-rehberi","tag-seyahat-rehberi"],"_links":{"self":[{"href":"https:\/\/www.turna.com\/blog\/wp-json\/wp\/v2\/posts\/24869","targetHints":{"allow":["GET"]}}],"collection":[{"href":"https:\/\/www.turna.com\/blog\/wp-json\/wp\/v2\/posts"}],"about":[{"href":"https:\/\/www.turna.com\/blog\/wp-json\/wp\/v2\/types\/post"}],"author":[{"embeddable":true,"href":"https:\/\/www.turna.com\/blog\/wp-json\/wp\/v2\/users\/45"}],"replies":[{"embeddable":true,"href":"https:\/\/www.turna.com\/blog\/wp-json\/wp\/v2\/comments?post=24869"}],"version-history":[{"count":0,"href":"https:\/\/www.turna.com\/blog\/wp-json\/wp\/v2\/posts\/24869\/revisions"}],"wp:featuredmedia":[{"embeddable":true,"href":"https:\/\/www.turna.com\/blog\/wp-json\/wp\/v2\/media\/24870"}],"wp:attachment":[{"href":"https:\/\/www.turna.com\/blog\/wp-json\/wp\/v2\/media?parent=24869"}],"wp:term":[{"taxonomy":"category","embeddable":true,"href":"https:\/\/www.turna.com\/blog\/wp-json\/wp\/v2\/categories?post=24869"},{"taxonomy":"post_tag","embeddable":true,"href":"https:\/\/www.turna.com\/blog\/wp-json\/wp\/v2\/tags?post=24869"}],"curies":[{"name":"wp","href":"https:\/\/api.w.org\/{rel}","templated":true}]}}