{"id":24658,"date":"2025-06-30T13:02:13","date_gmt":"2025-06-30T10:02:13","guid":{"rendered":"https:\/\/www.turna.com\/blog\/?p=24658"},"modified":"2025-06-30T13:02:14","modified_gmt":"2025-06-30T10:02:14","slug":"cocukla-kamp-yapilabilecek-yurt-ici-rotalar","status":"publish","type":"post","link":"https:\/\/www.turna.com\/blog\/cocukla-kamp-yapilabilecek-yurt-ici-rotalar","title":{"rendered":"\u00c7ocukla Kamp Yap\u0131labilecek Yurt \u0130\u00e7i Rotalar"},"content":{"rendered":"<div id=\"ez-toc-container\" class=\"ez-toc-v2_0_82_2 counter-hierarchy ez-toc-counter ez-toc-black ez-toc-container-direction\">\n<div class=\"ez-toc-title-container\">\n<p class=\"ez-toc-title\" style=\"cursor:inherit\">\u0130\u00e7indekiler<\/p>\n<span class=\"ez-toc-title-toggle\"><a href=\"#\" class=\"ez-toc-pull-right ez-toc-btn ez-toc-btn-xs ez-toc-btn-default ez-toc-toggle\" aria-label=\"\u0130\u00e7indekiler Tablosunu A\u00e7\/Kapat\"><span class=\"ez-toc-js-icon-con\"><span class=\"\"><span class=\"eztoc-hide\" style=\"display:none;\">Toggle<\/span><span class=\"ez-toc-icon-toggle-span\"><svg style=\"fill: #ffffff;color:#ffffff\" xmlns=\"http:\/\/www.w3.org\/2000\/svg\" class=\"list-377408\" width=\"20px\" height=\"20px\" viewBox=\"0 0 24 24\" fill=\"none\"><path d=\"M6 6H4v2h2V6zm14 0H8v2h12V6zM4 11h2v2H4v-2zm16 0H8v2h12v-2zM4 16h2v2H4v-2zm16 0H8v2h12v-2z\" fill=\"currentColor\"><\/path><\/svg><svg style=\"fill: #ffffff;color:#ffffff\" class=\"arrow-unsorted-368013\" xmlns=\"http:\/\/www.w3.org\/2000\/svg\" width=\"10px\" height=\"10px\" viewBox=\"0 0 24 24\" version=\"1.2\" baseProfile=\"tiny\"><path d=\"M18.2 9.3l-6.2-6.3-6.2 6.3c-.2.2-.3.4-.3.7s.1.5.3.7c.2.2.4.3.7.3h11c.3 0 .5-.1.7-.3.2-.2.3-.5.3-.7s-.1-.5-.3-.7zM5.8 14.7l6.2 6.3 6.2-6.3c.2-.2.3-.5.3-.7s-.1-.5-.3-.7c-.2-.2-.4-.3-.7-.3h-11c-.3 0-.5.1-.7.3-.2.2-.3.5-.3.7s.1.5.3.7z\"\/><\/svg><\/span><\/span><\/span><\/a><\/span><\/div>\n<nav><ul class='ez-toc-list ez-toc-list-level-1 eztoc-toggle-hide-by-default' ><li class='ez-toc-page-1 ez-toc-heading-level-3'><a class=\"ez-toc-link ez-toc-heading-1\" href=\"https:\/\/www.turna.com\/blog\/cocukla-kamp-yapilabilecek-yurt-ici-rotalar\/#izmir_gumuldur\" >\u0130zmir, G\u00fcm\u00fcld\u00fcr<\/a><\/li><li class='ez-toc-page-1 ez-toc-heading-level-3'><a class=\"ez-toc-link ez-toc-heading-2\" href=\"https:\/\/www.turna.com\/blog\/cocukla-kamp-yapilabilecek-yurt-ici-rotalar\/#mugla_datca\" >Mu\u011fla, Dat\u00e7a<\/a><\/li><li class='ez-toc-page-1 ez-toc-heading-level-3'><a class=\"ez-toc-link ez-toc-heading-3\" href=\"https:\/\/www.turna.com\/blog\/cocukla-kamp-yapilabilecek-yurt-ici-rotalar\/#bolu_yedigoller\" >Bolu, Yedig\u00f6ller<\/a><\/li><li class='ez-toc-page-1 ez-toc-heading-level-3'><a class=\"ez-toc-link ez-toc-heading-4\" href=\"https:\/\/www.turna.com\/blog\/cocukla-kamp-yapilabilecek-yurt-ici-rotalar\/#kocaeli_ormanya\" >Kocaeli, Ormanya<\/a><\/li><li class='ez-toc-page-1 ez-toc-heading-level-3'><a class=\"ez-toc-link ez-toc-heading-5\" href=\"https:\/\/www.turna.com\/blog\/cocukla-kamp-yapilabilecek-yurt-ici-rotalar\/#antalya_kas\" >Antalya, Ka\u015f<\/a><\/li><li class='ez-toc-page-1 ez-toc-heading-level-3'><a class=\"ez-toc-link ez-toc-heading-6\" href=\"https:\/\/www.turna.com\/blog\/cocukla-kamp-yapilabilecek-yurt-ici-rotalar\/#mersin_silifke\" >Mersin, Silifke<\/a><\/li><li class='ez-toc-page-1 ez-toc-heading-level-3'><a class=\"ez-toc-link ez-toc-heading-7\" href=\"https:\/\/www.turna.com\/blog\/cocukla-kamp-yapilabilecek-yurt-ici-rotalar\/#istanbul_sile\" >\u0130stanbul, \u015eile<\/a><\/li><li class='ez-toc-page-1 ez-toc-heading-level-3'><a class=\"ez-toc-link ez-toc-heading-8\" href=\"https:\/\/www.turna.com\/blog\/cocukla-kamp-yapilabilecek-yurt-ici-rotalar\/#mugla_akyaka\" >Mu\u011fla, Akyaka<\/a><\/li><li class='ez-toc-page-1 ez-toc-heading-level-3'><a class=\"ez-toc-link ez-toc-heading-9\" href=\"https:\/\/www.turna.com\/blog\/cocukla-kamp-yapilabilecek-yurt-ici-rotalar\/#antalya_olimpos\" >Antalya, Olimpos<\/a><\/li><\/ul><\/nav><\/div>\n\n<p>\u00c7ocukla kamp yap\u0131labilecek yurt i\u00e7i rotalar yaz aylar\u0131n\u0131n geli\u015fiyle pek \u00e7ok ailenin oda\u011f\u0131nda yer al\u0131yor. \u00c7\u00fcnk\u00fc ailelerin \u00e7ok iyi bildi\u011fi \u00fczere \u00e7ocukluk an\u0131lar\u0131, haf\u0131zam\u0131z\u0131n en \u00f6zel k\u00f6\u015fesinde bir \u00f6m\u00fcr yerini koruyor. Ailece kurulan bir \u00e7ad\u0131r, gece g\u00f6ky\u00fcz\u00fcn\u00fc izlerken anlat\u0131lan ne\u015feli hikayeler, sabah serinli\u011finde uyanmak ve g\u00fcne do\u011fan\u0131n kuca\u011f\u0131nda kahvalt\u0131ya ba\u015flamak\u2026 \u00c7ocu\u011fun do\u011fayla ba\u011f kurmas\u0131n\u0131n en keyifli yollar\u0131ndan biri ailesiyle \u00e7\u0131kt\u0131\u011f\u0131 k\u00fc\u00e7\u00fck kamp maceralar\u0131 oluyor. \u0130\u015fte bu y\u00fczden \u00e7ocukla yap\u0131lan her kamp yolculu\u011fu, sadece bir tatil de\u011fil, gelecekte sevgiyle hat\u0131rlanacak, anlat\u0131lacak bir hikayenin ba\u015flang\u0131c\u0131 olarak \u00f6zenli ve dikkatli bir planlama gerektiriyor. Sizin i\u00e7in \u00e7ocukla kamp yap\u0131labilecek yurt i\u00e7i rotalar hakk\u0131nda kapsaml\u0131 bir ara\u015ft\u0131rma yapt\u0131k. Haz\u0131rsan\u0131z, kamp \u00e7antan\u0131z\u0131 toplay\u0131n, \u00e7\u00fcnk\u00fc bu yaz \u00e7ocuklar i\u00e7in do\u011fayla tan\u0131\u015fman\u0131n tam zaman\u0131!<\/p>\n\n\n\n<h3 class=\"wp-block-heading has-neeon-button-dark-gray-color has-text-color has-link-color wp-elements-89dd702dfaaa25e2d0c385e3b80ee460\"><span class=\"ez-toc-section\" id=\"izmir_gumuldur\"><\/span>\u0130zmir, G\u00fcm\u00fcld\u00fcr<span class=\"ez-toc-section-end\"><\/span><\/h3>\n\n\n\n<figure class=\"wp-block-image size-large\"><img decoding=\"async\" src=\"https:\/\/res.cloudinary.com\/turna\/image\/upload\/v1751271993\/wordpress-contents\/deniz_kamp%C4%B1.jpg\" alt=\"\"\/><\/figure>\n\n\n\n<p>\u0130zmir\u2019in en sakin ve do\u011fayla i\u00e7 i\u00e7e beldelerinden biri olarak tan\u0131nan G\u00fcm\u00fcld\u00fcr, \u00e7ocukla kamp yapmak i\u00e7in ideal adresler aras\u0131nda bulunuyor. Denize s\u0131f\u0131r kamp alanlar\u0131, g\u00f6rkemli \u00e7am a\u011fa\u00e7lar\u0131 ve g\u00fcvenli plajlar\u0131 sayesinde bu rota, hem keyifli hem de huzurlu bir kamp deneyimi vadediyor. Dalga sesleri e\u015fli\u011finde uyuyup sabah serinli\u011finde sahilde y\u00fcr\u00fcy\u00fc\u015f yapmak, g\u00fcn boyunca denizin tad\u0131n\u0131 \u00e7\u0131karmak ve ak\u015famlar\u0131 do\u011fan\u0131n tam kuca\u011f\u0131nda zaman ge\u00e7irmek \u00e7ocuklar i\u00e7in unutulmaz bir tatil anlam\u0131na geliyor. \u00dcstelik G\u00fcm\u00fcld\u00fcr\u2019\u00fcn merkezine ve \u00e7evre k\u00f6ylere ula\u015f\u0131m da olduk\u00e7a pratik \u015fekilde sa\u011flan\u0131yor. <strong><a href=\"https:\/\/www.turna.com\/arac-kiralama\/sehir\/izmir\">\u0130zmir ara\u00e7 kiralama<\/a><\/strong> se\u00e7eneklerinden yararlanarak b\u00f6lgede diledi\u011finizce ke\u015ffe \u00e7\u0131kabilir, yak\u0131n il\u00e7elerde de keyifli ke\u015fifler yapabilirsiniz.<\/p>\n\n\n\n<h3 class=\"wp-block-heading has-neeon-button-dark-gray-color has-text-color has-link-color wp-elements-0d4bce5da2479490336498c0c265a485\"><span class=\"ez-toc-section\" id=\"mugla_datca\"><\/span><strong>Mu\u011fla, Dat\u00e7a<\/strong><span class=\"ez-toc-section-end\"><\/span><\/h3>\n\n\n\n<figure class=\"wp-block-image size-large\"><img decoding=\"async\" src=\"https:\/\/res.cloudinary.com\/turna\/image\/upload\/v1751272170\/wordpress-contents\/dat%C3%A7a.jpg\" alt=\"\"\/><\/figure>\n\n\n\n<p>Dat\u00e7a, \u00e7ocuklar\u0131yla kamp yapmak isteyen aileler i\u00e7in hem do\u011fa hem de ke\u015fif dolu bir kamp deneyimi sunuyor. Il\u0131ca G\u00f6l\u00fc \u00e7evresindeki kamp alanlar\u0131nda konaklayabilir, g\u00fcnd\u00fcz saatlerinde \u00e7ocuklarla birlikte do\u011fa y\u00fcr\u00fcy\u00fc\u015f\u00fcne \u00e7\u0131kabilir ya da sakin koylarda y\u00fczme molas\u0131 verebilirsiniz. Zeytinlikler aras\u0131ndaki patikalarda bisiklet turu yapmak ya da limanda dondurma yemek, bademli gazoz i\u00e7erek g\u00fcn bat\u0131m\u0131n\u0131 izlemek, k\u00fc\u00e7\u00fck gezginler i\u00e7in olmazsa olmaz bir deneyim.\u00a0\u00c7evrede konumlanan plajlar da bu tatilin g\u00fczelli\u011fine g\u00fczellik katmak i\u00e7in birebir.<\/p>\n\n\n\n<h3 class=\"wp-block-heading has-neeon-button-dark-gray-color has-text-color has-link-color wp-elements-f337f7b92f421c6ab46400265cb02ce2\"><span class=\"ez-toc-section\" id=\"bolu_yedigoller\"><\/span>Bolu, Yedig\u00f6ller<span class=\"ez-toc-section-end\"><\/span><\/h3>\n\n\n\n<figure class=\"wp-block-image size-large\"><img decoding=\"async\" src=\"https:\/\/res.cloudinary.com\/turna\/image\/upload\/v1751272866\/wordpress-contents\/yedigoller.jpg\" alt=\"\"\/><\/figure>\n\n\n\n<p>Yedig\u00f6ller, kamp deneyimini masal tad\u0131nda bir orman atmosferinde ya\u015famak isteyen aileler i\u00e7in e\u015fsiz bir se\u00e7enek. G\u00f6l \u00e7evresinde yap\u0131lan mis kokularla \u00e7evrili do\u011fa y\u00fcr\u00fcy\u00fc\u015fleri, minik ka\u015fiflerin bitki ve hayvanlar\u0131 tan\u0131mas\u0131 i\u00e7in e\u011fitici bir tatilin kap\u0131lar\u0131n\u0131 aral\u0131yor. Sessizlik ve ye\u015filin binbir tonuyla \u00e7evrili bu rota \u00f6zellikle ailece sakin birka\u00e7 g\u00fcn ge\u00e7irmek isteyen aileler i\u00e7in do\u011fru se\u00e7im.<\/p>\n\n\n\n<h3 class=\"wp-block-heading has-neeon-button-dark-gray-color has-text-color has-link-color wp-elements-fececc947c68bef5e2f81f8b88c977fb\"><span class=\"ez-toc-section\" id=\"kocaeli_ormanya\"><\/span>Kocaeli, Ormanya<span class=\"ez-toc-section-end\"><\/span><\/h3>\n\n\n\n<figure class=\"wp-block-image size-large\"><img decoding=\"async\" src=\"https:\/\/res.cloudinary.com\/turna\/image\/upload\/v1751273188\/wordpress-contents\/kocaeli.jpg\" alt=\"\"\/><\/figure>\n\n\n\n<p><br>Ormanya, \u00e7ocuklarla kamp yaparken e\u011fitici ve e\u011flenceli vakit ge\u00e7irmek isteyen aileler i\u00e7in pek \u00e7ok keyifli olanak sunan bir do\u011fa park\u0131. Yaban hayat\u0131 alan\u0131, \u00e7ocuk hayvanat bah\u00e7esi ve do\u011fa s\u0131n\u0131f\u0131 gibi b\u00f6l\u00fcmleriyle k\u00fc\u00e7\u00fcklerin ilgisini \u00e7eken bu rota, bisiklet yollar\u0131, y\u00fcr\u00fcy\u00fc\u015f parkurlar\u0131 ve geni\u015f piknik alanlar\u0131yla da ailece keyifli zaman ge\u00e7irme imkan\u0131 sa\u011fl\u0131yor. Ormanya b\u00f6lgesinde kamp alanlar\u0131 bir hayli d\u00fczenli ve g\u00fcvenli, \u00e7evre ise do\u011fal ya\u015fam\u0131 ke\u015ffetmeye merakl\u0131 minikler i\u00e7in bir a\u00e7\u0131k hava laboratuvar\u0131n\u0131 and\u0131r\u0131yor.<\/p>\n\n\n\n<h3 class=\"wp-block-heading has-neeon-button-dark-gray-color has-text-color has-link-color wp-elements-4257debda4471d621bc9b51118122910\"><span class=\"ez-toc-section\" id=\"antalya_kas\"><\/span>Antalya, Ka\u015f<span class=\"ez-toc-section-end\"><\/span><\/h3>\n\n\n\n<figure class=\"wp-block-image size-large is-resized\"><img decoding=\"async\" src=\"https:\/\/res.cloudinary.com\/turna\/image\/upload\/v1751014270\/wordpress-contents\/ka%C5%9F_otelleri1.jpg\" alt=\"\" style=\"width:1200px;height:auto\"\/><\/figure>\n\n\n\n<p><strong><a href=\"https:\/\/www.turna.com\/blog\/kas-gezi-rehberi-plajlardan-antik-kentlere\" data-type=\"link\" data-id=\"https:\/\/www.turna.com\/blog\/kas-gezi-rehberi-plajlardan-antik-kentlere\" rel=\"nofollow\">Ka\u015f<\/a><\/strong>, sadece yeti\u015fkinler i\u00e7in vazge\u00e7ilmez bir tatil rotas\u0131 de\u011fil. Bu \u00f6zel destinasyon \u00e7ocukla kamp yap\u0131labilecek yurt i\u00e7i rotalar aras\u0131nda dikkat \u00e7eken, do\u011fayla i\u00e7 i\u00e7e zaman ge\u00e7irmek isteyen aileler i\u00e7in de \u00e7ok keyifli bir ke\u015fif dura\u011f\u0131. Denize yak\u0131n kamp alanlar\u0131, cam gibi sularda y\u00fczme ve \u015fnorkelle ke\u015fif yapma imkan\u0131 sunuyor. Ayr\u0131ca \u00e7evredeki antik kentler ve y\u00fcr\u00fcy\u00fc\u015f rotalar\u0131 \u00e7ocuklara tarihi ve do\u011fay\u0131 bir arada tan\u0131ma f\u0131rsat\u0131 veriyor. Sabahlar\u0131 ku\u015f sesleriyle uyanmak, ak\u015famlar\u0131 ise y\u0131ld\u0131zlarla dolu g\u00f6ky\u00fcz\u00fcn\u00fc izlemek Ka\u015f\u2019ta her ya\u015ftan ziyaret\u00e7i i\u00e7in unutulmaz bir deneyim haline geliyor.<\/p>\n\n\n\n<h3 class=\"wp-block-heading has-neeon-button-dark-gray-color has-text-color has-link-color wp-elements-f45bee63bd9fce7db50e83f96c6efc25\"><span class=\"ez-toc-section\" id=\"mersin_silifke\"><\/span><strong>Mersin, Silifke<\/strong><span class=\"ez-toc-section-end\"><\/span><\/h3>\n\n\n\n<figure class=\"wp-block-image size-large\"><img decoding=\"async\" src=\"https:\/\/res.cloudinary.com\/turna\/image\/upload\/v1751273838\/wordpress-contents\/silifke.jpg\" alt=\"\"\/><\/figure>\n\n\n\n<p>Silifke, Akdeniz\u2019in sakin k\u0131y\u0131lar\u0131nda uzanan el de\u011fmemi\u015f bir rota olarak hem deniz keyfi yapmak hem de do\u011fayla ba\u015f ba\u015fa bir kamp deneyimlemek isteyen aileler i\u00e7in g\u00fczel bir durak. G\u00f6ksu Deltas\u0131 \u00e7evresindeki kamp alanlar\u0131nda konaklayabilirsiniz. Bu b\u00f6lgede minik ka\u015fiflerle ku\u015f g\u00f6zlemi yapabilir, lag\u00fcn \u00e7evresinde renkli do\u011fa y\u00fcr\u00fcy\u00fc\u015flerine \u00e7\u0131kabilirsiniz. Yak\u0131ndaki antik kal\u0131nt\u0131larda tarih dolu ke\u015fifler yapabilirsiniz. \u00dcstelik bu destinasyonda Silifke\u2019nin \u0131l\u0131man iklimi sayesinde kamp sezonu olduk\u00e7a uzun s\u00fcr\u00fcyor. Do\u011fayla i\u00e7 i\u00e7e, serbest ve e\u011fitici bir deneyim arayanlar i\u00e7in Silifke ideal bir durak.<\/p>\n\n\n\n<h3 class=\"wp-block-heading has-neeon-button-dark-gray-color has-text-color has-link-color wp-elements-ce538607a43119a396aec558374bf433\"><span class=\"ez-toc-section\" id=\"istanbul_sile\"><\/span><strong>\u0130stanbul, \u015eile<\/strong><span class=\"ez-toc-section-end\"><\/span><\/h3>\n\n\n\n<figure class=\"wp-block-image size-large\"><img decoding=\"async\" src=\"https:\/\/res.cloudinary.com\/turna\/image\/upload\/v1751274137\/wordpress-contents\/%C5%9File.jpg\" alt=\"\"\/><\/figure>\n\n\n\n<p>\u015eile, \u015fehirden \u00e7ok uzakla\u015fmadan \u00e7ocuklar\u0131yla birlikte do\u011fayla bulu\u015fmak isteyen aileler i\u00e7in nefes al\u0131nacak bir ka\u00e7\u0131\u015f rotas\u0131. Denize yak\u0131n kamp alanlar\u0131nda \u00e7ad\u0131r kurabilir, ailece uzun sahil y\u00fcr\u00fcy\u00fc\u015flerine \u00e7\u0131kabilir, kumsalda keyifli saatler ge\u00e7irebilirsiniz. A\u011fva\u2019ya uzanan dere k\u0131y\u0131s\u0131nda kano turu yapabilir ya da orman i\u00e7i patikalarda minik do\u011fa y\u00fcr\u00fcy\u00fc\u015fleri d\u00fczenleyebilirsiniz. \u015eile, ailesiyle birlikte sessizli\u011fin ve do\u011fan\u0131n huzurunun tad\u0131n\u0131 \u00e7\u0131karmak isteyen aileler i\u00e7in pratik ve keyifli bir se\u00e7enek.<\/p>\n\n\n\n<h3 class=\"wp-block-heading has-neeon-button-dark-gray-color has-text-color has-link-color wp-elements-fe7f6a2fdbe939e531b0a6bf374873d9\"><span class=\"ez-toc-section\" id=\"mugla_akyaka\"><\/span><strong>Mu\u011fla, Akyaka<\/strong><span class=\"ez-toc-section-end\"><\/span><\/h3>\n\n\n\n<figure class=\"wp-block-image size-large\"><img decoding=\"async\" src=\"https:\/\/res.cloudinary.com\/turna\/image\/upload\/v1751274370\/wordpress-contents\/akyaka_kamp.jpg\" alt=\"\"\/><\/figure>\n\n\n\n<p>Akyaka, kamp yapmak isteyen aileler i\u00e7in do\u011fayla i\u00e7 i\u00e7e ve konforlu bir deneyim vadediyor. Azmak Nehri boyunca uzanan kamp alanlar\u0131nda serin sulara kar\u015f\u0131 \u00e7ad\u0131r kurabilir, kano turlar\u0131na kat\u0131larak \u00e7ocuklarla birlikte macera dolu bir deneyime yelken a\u00e7abilirsiniz. R\u00fczgar s\u00f6rf\u00fc yap\u0131lan sahil b\u00f6lgesi de minikler i\u00e7in izlemeye de\u011fer renkli manzaralar sunuyor. Dilerseniz b\u00f6lgedeki do\u011fa temal\u0131 <a href=\"https:\/\/www.turna.com\/otel\/akyaka-ula\" data-type=\"link\" data-id=\"https:\/\/www.turna.com\/otel\/akyaka-ula\"><strong>Akyaka otelleri<\/strong> <\/a>aras\u0131ndan se\u00e7im yaparak da do\u011fayla konforlu bir bulu\u015fma planlayabilirsiniz.<\/p>\n\n\n\n<h3 class=\"wp-block-heading has-neeon-button-dark-gray-color has-text-color has-link-color wp-elements-07f9bc916f0bc7072f2fd2233765c198\"><span class=\"ez-toc-section\" id=\"antalya_olimpos\"><\/span><strong>Antalya, Olimpos<\/strong><span class=\"ez-toc-section-end\"><\/span><\/h3>\n\n\n\n<figure class=\"wp-block-image size-large\"><img decoding=\"async\" src=\"https:\/\/res.cloudinary.com\/turna\/image\/upload\/v1751274626\/wordpress-contents\/olimpos.jpg\" alt=\"\"\/><\/figure>\n\n\n\n<p>Olimpos, tarihi atmosferi ve do\u011fal g\u00fczellikleriyle \u00e7ocuklarla kamp yapmak isteyen aileler i\u00e7in e\u015fsiz g\u00fczelliklerle \u00e7evrili. A\u011fa\u00e7 evlerde konaklama se\u00e7ene\u011fi, kamp keyfini daha konforlu hale getiriyor. Bununla birlikte antik kent gezileri, sahil y\u00fcr\u00fcy\u00fc\u015fleri ve Yanarta\u015f\u2019a yap\u0131lan ak\u015fam turlar\u0131 minikler i\u00e7in olduk\u00e7a heyecan verici bir deneyim vadediyor. Do\u011fay\u0131 ve tarihi tek rotada bulu\u015fturan bu b\u00f6lgeye ula\u015f\u0131m da olduk\u00e7a kolay \u015fekilde sa\u011flan\u0131yor. <strong><a href=\"https:\/\/www.turna.com\/ucak-bileti\/antalya\" data-type=\"link\" data-id=\"https:\/\/www.turna.com\/ucak-bileti\/antalya\">Antalya u\u00e7ak bileti<\/a><\/strong> se\u00e7eneklerine g\u00f6z atarak yolculu\u011funuzu planlamak i\u00e7in ilk ad\u0131m\u0131 atabilir, keyifli deneyimlere yelken a\u00e7abilirsiniz. <\/p>\n\n\n\n<p>\u00c7ocukla kamp yap\u0131labilecek yurt i\u00e7i rotalar ke\u015ffimizin sonuna geldik. \u015eimdi favori rotan\u0131za karar vermenin ve yola \u00e7\u0131kman\u0131n tam vakti!<br><\/p>\n\n    <div class=\"xs_social_share_widget xs_share_url after_content \t\tmain_content  wslu-style-1 wslu-share-box-shaped wslu-fill-colored wslu-none wslu-share-horizontal wslu-theme-font-no wslu-main_content\">\n\n\t\t\n        <ul>\n\t\t\t        <\/ul>\n    <\/div> \n","protected":false},"excerpt":{"rendered":"<p>\u00c7ocukla kamp yap\u0131labilecek yurt i\u00e7i rotalar yaz aylar\u0131n\u0131n geli\u015fiyle pek \u00e7ok ailenin oda\u011f\u0131nda yer al\u0131yor. \u00c7\u00fcnk\u00fc ailelerin \u00e7ok iyi bildi\u011fi \u00fczere \u00e7ocukluk an\u0131lar\u0131, haf\u0131zam\u0131z\u0131n en \u00f6zel k\u00f6\u015fesinde bir \u00f6m\u00fcr yerini koruyor. Ailece kurulan bir \u00e7ad\u0131r, gece g\u00f6ky\u00fcz\u00fcn\u00fc izlerken anlat\u0131lan ne\u015feli hikayeler, sabah serinli\u011finde uyanmak ve g\u00fcne do\u011fan\u0131n kuca\u011f\u0131nda kahvalt\u0131ya ba\u015flamak\u2026 \u00c7ocu\u011fun do\u011fayla ba\u011f kurmas\u0131n\u0131n en [&hellip;]<\/p>\n","protected":false},"author":44,"featured_media":24662,"comment_status":"open","ping_status":"open","sticky":false,"template":"","format":"standard","meta":{"rop_custom_images_group":[],"rop_custom_messages_group":[],"rop_publish_now":"initial","rop_publish_now_accounts":[],"rop_publish_now_history":[],"rop_publish_now_status":"pending","_cloudinary_featured_overwrite":false,"footnotes":""},"categories":[1,84],"tags":[306,937,224,566,448,5342,380],"class_list":["post-24658","post","type-post","status-publish","format-standard","has-post-thumbnail","hentry","category-seyahat-rehberi","category-turkiye","tag-antalya","tag-bolu","tag-izmir","tag-mersin-icel","tag-mugla","tag-sile-agva","tag-turkiye"],"_links":{"self":[{"href":"https:\/\/www.turna.com\/blog\/wp-json\/wp\/v2\/posts\/24658","targetHints":{"allow":["GET"]}}],"collection":[{"href":"https:\/\/www.turna.com\/blog\/wp-json\/wp\/v2\/posts"}],"about":[{"href":"https:\/\/www.turna.com\/blog\/wp-json\/wp\/v2\/types\/post"}],"author":[{"embeddable":true,"href":"https:\/\/www.turna.com\/blog\/wp-json\/wp\/v2\/users\/44"}],"replies":[{"embeddable":true,"href":"https:\/\/www.turna.com\/blog\/wp-json\/wp\/v2\/comments?post=24658"}],"version-history":[{"count":0,"href":"https:\/\/www.turna.com\/blog\/wp-json\/wp\/v2\/posts\/24658\/revisions"}],"wp:featuredmedia":[{"embeddable":true,"href":"https:\/\/www.turna.com\/blog\/wp-json\/wp\/v2\/media\/24662"}],"wp:attachment":[{"href":"https:\/\/www.turna.com\/blog\/wp-json\/wp\/v2\/media?parent=24658"}],"wp:term":[{"taxonomy":"category","embeddable":true,"href":"https:\/\/www.turna.com\/blog\/wp-json\/wp\/v2\/categories?post=24658"},{"taxonomy":"post_tag","embeddable":true,"href":"https:\/\/www.turna.com\/blog\/wp-json\/wp\/v2\/tags?post=24658"}],"curies":[{"name":"wp","href":"https:\/\/api.w.org\/{rel}","templated":true}]}}