{"id":2463,"date":"2024-06-27T15:38:00","date_gmt":"2024-06-27T12:38:00","guid":{"rendered":"https:\/\/www.turna.com\/blog\/?p=2463"},"modified":"2025-07-09T17:23:24","modified_gmt":"2025-07-09T14:23:24","slug":"cesmede-guzelligi-ile-buyuleyen-5-koy-plaj","status":"publish","type":"post","link":"https:\/\/www.turna.com\/blog\/cesmede-guzelligi-ile-buyuleyen-5-koy-plaj","title":{"rendered":"\u00c7e\u015fme\u2019nin En G\u00fczel Koylar\u0131 ve Plajlar\u0131"},"content":{"rendered":"<div id=\"ez-toc-container\" class=\"ez-toc-v2_0_82_2 counter-hierarchy ez-toc-counter ez-toc-black ez-toc-container-direction\">\n<div class=\"ez-toc-title-container\">\n<p class=\"ez-toc-title\" style=\"cursor:inherit\">\u0130\u00e7indekiler<\/p>\n<span class=\"ez-toc-title-toggle\"><a href=\"#\" class=\"ez-toc-pull-right ez-toc-btn ez-toc-btn-xs ez-toc-btn-default ez-toc-toggle\" aria-label=\"\u0130\u00e7indekiler Tablosunu A\u00e7\/Kapat\"><span class=\"ez-toc-js-icon-con\"><span class=\"\"><span class=\"eztoc-hide\" style=\"display:none;\">Toggle<\/span><span class=\"ez-toc-icon-toggle-span\"><svg style=\"fill: #ffffff;color:#ffffff\" xmlns=\"http:\/\/www.w3.org\/2000\/svg\" class=\"list-377408\" width=\"20px\" height=\"20px\" viewBox=\"0 0 24 24\" fill=\"none\"><path d=\"M6 6H4v2h2V6zm14 0H8v2h12V6zM4 11h2v2H4v-2zm16 0H8v2h12v-2zM4 16h2v2H4v-2zm16 0H8v2h12v-2z\" fill=\"currentColor\"><\/path><\/svg><svg style=\"fill: #ffffff;color:#ffffff\" class=\"arrow-unsorted-368013\" xmlns=\"http:\/\/www.w3.org\/2000\/svg\" width=\"10px\" height=\"10px\" viewBox=\"0 0 24 24\" version=\"1.2\" baseProfile=\"tiny\"><path d=\"M18.2 9.3l-6.2-6.3-6.2 6.3c-.2.2-.3.4-.3.7s.1.5.3.7c.2.2.4.3.7.3h11c.3 0 .5-.1.7-.3.2-.2.3-.5.3-.7s-.1-.5-.3-.7zM5.8 14.7l6.2 6.3 6.2-6.3c.2-.2.3-.5.3-.7s-.1-.5-.3-.7c-.2-.2-.4-.3-.7-.3h-11c-.3 0-.5.1-.7.3-.2.2-.3.5-.3.7s.1.5.3.7z\"\/><\/svg><\/span><\/span><\/span><\/a><\/span><\/div>\n<nav><ul class='ez-toc-list ez-toc-list-level-1 eztoc-toggle-hide-by-default' ><li class='ez-toc-page-1 ez-toc-heading-level-2'><a class=\"ez-toc-link ez-toc-heading-1\" href=\"https:\/\/www.turna.com\/blog\/cesmede-guzelligi-ile-buyuleyen-5-koy-plaj\/#cesme_koylari_ve_plajlari\" >\u00c7e\u015fme Koylar\u0131 ve Plajlar\u0131<\/a><ul class='ez-toc-list-level-3' ><li class='ez-toc-heading-level-3'><a class=\"ez-toc-link ez-toc-heading-2\" href=\"https:\/\/www.turna.com\/blog\/cesmede-guzelligi-ile-buyuleyen-5-koy-plaj\/#pirlanta_plaji\" >P\u0131rlanta Plaj\u0131<\/a><\/li><li class='ez-toc-page-1 ez-toc-heading-level-3'><a class=\"ez-toc-link ez-toc-heading-3\" href=\"https:\/\/www.turna.com\/blog\/cesmede-guzelligi-ile-buyuleyen-5-koy-plaj\/#ilica_plaji\" >Il\u0131ca Plaj\u0131<\/a><\/li><li class='ez-toc-page-1 ez-toc-heading-level-3'><a class=\"ez-toc-link ez-toc-heading-4\" href=\"https:\/\/www.turna.com\/blog\/cesmede-guzelligi-ile-buyuleyen-5-koy-plaj\/#ayayorgi_koyu\" >Ayayorgi Koyu<\/a><\/li><li class='ez-toc-page-1 ez-toc-heading-level-3'><a class=\"ez-toc-link ez-toc-heading-5\" href=\"https:\/\/www.turna.com\/blog\/cesmede-guzelligi-ile-buyuleyen-5-koy-plaj\/#altinkum\" >Alt\u0131nkum<\/a><\/li><li class='ez-toc-page-1 ez-toc-heading-level-3'><a class=\"ez-toc-link ez-toc-heading-6\" href=\"https:\/\/www.turna.com\/blog\/cesmede-guzelligi-ile-buyuleyen-5-koy-plaj\/#pasa_limani_koyu\" >Pa\u015fa Liman\u0131 Koyu<\/a><\/li><li class='ez-toc-page-1 ez-toc-heading-level-3'><a class=\"ez-toc-link ez-toc-heading-7\" href=\"https:\/\/www.turna.com\/blog\/cesmede-guzelligi-ile-buyuleyen-5-koy-plaj\/#boyalik_plaji\" >Boyal\u0131k Plaj\u0131<\/a><\/li><li class='ez-toc-page-1 ez-toc-heading-level-3'><a class=\"ez-toc-link ez-toc-heading-8\" href=\"https:\/\/www.turna.com\/blog\/cesmede-guzelligi-ile-buyuleyen-5-koy-plaj\/#delikli_koy\" >Delikli Koy<\/a><\/li><li class='ez-toc-page-1 ez-toc-heading-level-3'><a class=\"ez-toc-link ez-toc-heading-9\" href=\"https:\/\/www.turna.com\/blog\/cesmede-guzelligi-ile-buyuleyen-5-koy-plaj\/#cark_plaji\" >\u00c7ark Plaj\u0131<\/a><\/li><\/ul><\/li><\/ul><\/nav><\/div>\n\n<p>Yaz aylar\u0131n\u0131n vazge\u00e7ilmez rotas\u0131 \u00c7e\u015fme, Ege&#8217;nin incisi \u0130zmir&#8217;de, masmavi denizi ve alt\u0131n rengi kumsallar\u0131yla sizi bekliyor! &#8220;<strong>\u00c7e\u015fme\u2019nin En G\u00fczel Koylar\u0131 ve Plajlar\u0131<\/strong>&#8221; ba\u015fl\u0131kl\u0131 bu yaz\u0131m\u0131zda, g\u00f6zlerinizi kama\u015ft\u0131racak do\u011fa harikalar\u0131n\u0131 ke\u015ffetmeye davetlisiniz. Ege&#8217;nin s\u0131cak g\u00fcne\u015fi, huzur veren dalga sesleri ve tertemiz plajlar\u0131, tatil hayallerinizi ger\u00e7e\u011fe d\u00f6n\u00fc\u015ft\u00fcrecek. Valizinizi haz\u0131rlay\u0131n ve \u00c7e\u015fme&#8217;nin b\u00fcy\u00fcleyici koylar\u0131nda unutulmaz bir ser\u00fcvene \u00e7\u0131kmaya haz\u0131r olun!<\/p>\n\n\n\n<h2 class=\"wp-block-heading has-text-align-center has-neeon-button-dark-gray-color has-text-color has-link-color wp-elements-ae2212cc82860a3dbf1bb8f9a920a7cf\"><span class=\"ez-toc-section\" id=\"cesme_koylari_ve_plajlari\"><\/span><strong>\u00c7e\u015fme Koylar\u0131 ve Plajlar\u0131<\/strong><span class=\"ez-toc-section-end\"><\/span><\/h2>\n\n\n\n<figure class=\"wp-block-image size-large\"><img width=\"800\" height=\"500\" decoding=\"async\" src=\"data:image\/svg+xml;base64,PHN2ZyB4bWxucz0iaHR0cDovL3d3dy53My5vcmcvMjAwMC9zdmciIHdpZHRoPSI4MDAiIGhlaWdodD0iNTAwIj48cmVjdCB3aWR0aD0iMTAwJSIgaGVpZ2h0PSIxMDAlIj48YW5pbWF0ZSBhdHRyaWJ1dGVOYW1lPSJmaWxsIiB2YWx1ZXM9InJnYmEoMTUzLDE1MywxNTMsMC41KTtyZ2JhKDE1MywxNTMsMTUzLDAuMSk7cmdiYSgxNTMsMTUzLDE1MywwLjUpIiBkdXI9IjJzIiByZXBlYXRDb3VudD0iaW5kZWZpbml0ZSIgLz48L3JlY3Q+PC9zdmc+\" alt=\"\u00c7e\u015fme\u2019nin En G\u00fczel Koylar\u0131 ve Plajlar\u0131\" data-public-id=\"wordpress-contents\/\u00e7e\u015fme_koylar\u0131_ve_plajlar\u0131\/\u00e7e\u015fme_koylar\u0131_ve_plajlar\u0131.jpg\" class=\"wp-post-2463 wp-image-22735\" data-format=\"jpg\" data-transformations=\"f_auto,q_auto:low\" data-version=\"1719491283\" data-seo=\"1\" data-size=\"800 500\" data-srcset=\"https:\/\/res.cloudinary.com\/turna\/images\/f_auto,q_auto:low\/v1719491283\/wordpress-contents\/\u00e7e\u015fme_koylar\u0131_ve_plajlar\u0131\/\u00e7e\u015fme_koylar\u0131_ve_plajlar\u0131.jpg?_i=AA 800w, https:\/\/res.cloudinary.com\/turna\/images\/w_300,h_188,c_scale\/f_auto,q_auto:low\/v1719491283\/wordpress-contents\/\u00e7e\u015fme_koylar\u0131_ve_plajlar\u0131\/\u00e7e\u015fme_koylar\u0131_ve_plajlar\u0131.jpg?_i=AA 300w, https:\/\/res.cloudinary.com\/turna\/images\/w_672,h_420,c_scale\/f_auto,q_auto:low\/v1719491283\/wordpress-contents\/\u00e7e\u015fme_koylar\u0131_ve_plajlar\u0131\/\u00e7e\u015fme_koylar\u0131_ve_plajlar\u0131.jpg?_i=AA 672w, https:\/\/res.cloudinary.com\/turna\/images\/w_640,h_400,c_scale\/f_auto,q_auto:low\/v1719491283\/wordpress-contents\/\u00e7e\u015fme_koylar\u0131_ve_plajlar\u0131\/\u00e7e\u015fme_koylar\u0131_ve_plajlar\u0131.jpg?_i=AA 640w, https:\/\/res.cloudinary.com\/turna\/images\/w_681,h_426,c_scale\/f_auto,q_auto:low\/v1719491283\/wordpress-contents\/\u00e7e\u015fme_koylar\u0131_ve_plajlar\u0131\/\u00e7e\u015fme_koylar\u0131_ve_plajlar\u0131.jpg?_i=AA 681w\" data-sizes=\"(max-width: 800px) 100vw, 800px\" data-delivery=\"upload\" onload=\";window.CLDBind?CLDBind(this):null;\" data-cloudinary=\"lazy\" \/><\/figure>\n\n\n\n<p>Yaz tatillerini \u0130zmir\u2019de ge\u00e7irmek isteyenlerin en \u00e7ok tercih etti\u011fi il\u00e7elerden biri olan \u00c7e\u015fme, g\u00fcnd\u00fcz birbirinden g\u00fczel plajlar\u0131 ve koylar\u0131, gece ise k\u0131p\u0131r k\u0131p\u0131r gece hayat\u0131 ve \u00e7ar\u015f\u0131s\u0131 ile g\u00f6renleri kendine hayran b\u0131rak\u0131yor.<\/p>\n\n\n\n<p>D\u00f6rt bir yan\u0131 saran begonviller ve yasemin \u00e7i\u00e7ekleri \u00c7e\u015fme sokaklar\u0131na renk katarken, il\u00e7enin merkezinde t\u00fcm heybeti ile kendini g\u00f6steren tarihi \u00c7e\u015fme Kalesi de, tarihi yap\u0131lara merakl\u0131 olan konuklar i\u00e7in keyifli bir alternatif olu\u015fturuyor. Tarihi dokusu ve sokaklar\u0131n\u0131n e\u015fsiz g\u00f6r\u00fcn\u00fcm\u00fcn\u00fcn yan\u0131 s\u0131ra dillere destan plajlar\u0131 ve masmavi koylar\u0131yla da \u00fcnlenen \u00c7e\u015fme\u2019de, g\u00fcne\u015fin s\u0131ca\u011f\u0131ndan bunal\u0131p denizle bulu\u015fabilece\u011finiz pek \u00e7ok nokta bulunuyor.<\/p>\n\n\n\n<h3 class=\"wp-block-heading has-text-align-center has-neeon-button-dark-gray-color has-text-color has-link-color wp-elements-6e2ae2a1d906d364adf5e319c44587fb\"><span class=\"ez-toc-section\" id=\"pirlanta_plaji\"><\/span><strong>P\u0131rlanta Plaj\u0131<\/strong><span class=\"ez-toc-section-end\"><\/span><\/h3>\n\n\n\n<figure class=\"wp-block-image size-large\"><img decoding=\"async\" src=\"https:\/\/res.cloudinary.com\/turna\/image\/upload\/v1719491283\/wordpress-contents\/p%C4%B1rlanta_sahili.jpg\" alt=\"\u00c7e\u015fme\u2019nin En G\u00fczel Koylar\u0131 ve Plajlar\u0131 P\u0131rlanta\"\/><\/figure>\n\n\n\n<p>\u00c7iftlikk\u00f6y\u2019de bulunan ve p\u0131rlanta gibi parlak ve g\u00fczel g\u00f6r\u00fcn\u00fcml\u00fc kumlar\u0131 y\u00fcz\u00fcnden bu isimle an\u0131lan bu muhte\u015fem plaj, serin ve dalgal\u0131 sular\u0131 ile konuklar\u0131n\u0131 kar\u015f\u0131l\u0131yor. \u00c7e\u015fme merkeze yakla\u015f\u0131k 10 kilometre uzakl\u0131kta bulunan P\u0131rlanta Plaj\u0131nda, denizin i\u00e7erisinde aya\u011f\u0131n\u0131za de\u011fen yumu\u015fac\u0131k kumlar ve muhte\u015fem bir manzara e\u015fli\u011finde tatilin tad\u0131n\u0131 \u00e7\u0131karabilirsiniz.<\/p>\n\n\n\n<p>Konum <strong><a href=\"https:\/\/maps.app.goo.gl\/HKPyD2cW2nUuvwDT9\" target=\"_blank\" rel=\"noreferrer noopener\">burada.<\/a><\/strong><\/p>\n\n\n\n<h3 class=\"wp-block-heading has-text-align-center has-neeon-button-dark-gray-color has-text-color has-link-color wp-elements-aad263228c08fe40f3cfa1ef632a2aca\"><span class=\"ez-toc-section\" id=\"ilica_plaji\"><\/span>Il\u0131ca Plaj\u0131<span class=\"ez-toc-section-end\"><\/span><\/h3>\n\n\n\n<figure class=\"wp-block-image size-large\"><img decoding=\"async\" src=\"https:\/\/res.cloudinary.com\/turna\/image\/upload\/v1719491283\/wordpress-contents\/%C4%B1l%C4%B1ca_plaj%C4%B1.jpg\" alt=\"\u00c7e\u015fme\u2019nin En G\u00fczel Koylar\u0131 ve Plajlar\u0131 Il\u0131ca\"\/><\/figure>\n\n\n\n<p>\u0130ncecik beyaz kumlar\u0131, kristal berrakl\u0131\u011f\u0131ndaki sular\u0131 ve geni\u015f kumsal\u0131yla Il\u0131ca Plaj\u0131, her ya\u015ftan ziyaret\u00e7iyi kendine hayran b\u0131rak\u0131yor. \u00c7e\u015fme halk plajlar\u0131 aras\u0131nda en pop\u00fcler olan bu plaj, yaz s\u0131caklar\u0131nda serinlemek ve g\u00fcne\u015fin tad\u0131n\u0131 \u00e7\u0131karmak i\u00e7in m\u00fckemmel bir tercih. Denizin sakin ve s\u0131\u011f olmas\u0131, \u00f6zellikle \u00e7ocuklu aileler i\u00e7in ideal bir ortam sunuyor. G\u00fcne\u015fin alt\u0131nda huzur dolu saatler ge\u00e7irmek, denizin ferahlat\u0131c\u0131 sular\u0131nda y\u00fczmek ve plaj voleybolu gibi aktivitelerle e\u011flenmek isteyen herkes i\u00e7in Il\u0131ca Plaj\u0131, unutulmaz an\u0131larla dolu bir tatil vaat ediyor.<a href=\"https:\/\/www.google.com\/search?sca_esv=340fa3151ee4c482&amp;rlz=1C1CHBD_trTR1069TR1069&amp;sxsrf=ADLYWIJVrRWqJF84Tdh3MujGmck481bLAQ:1719485139125&amp;q=%C3%87e%C5%9Fme+halk+plajlar%C4%B1&amp;sa=X&amp;ved=2ahUKEwjJ2aenzfuGAxWoA9sEHUouB8MQ1QJ6BAg1EAE\" target=\"_blank\" rel=\"noopener\"><\/a><\/p>\n\n\n\n<p>Konum <strong><a href=\"https:\/\/maps.app.goo.gl\/TmTcJn9yuv3ZFP4s9\" target=\"_blank\" rel=\"noreferrer noopener\">burada.<\/a><\/strong><\/p>\n\n\n\n<h3 class=\"wp-block-heading has-text-align-center has-neeon-button-dark-gray-color has-text-color has-link-color wp-elements-c99bd16fdabfd5645fcb48317a95aa29\"><span class=\"ez-toc-section\" id=\"ayayorgi_koyu\"><\/span>Ayayorgi Koyu<span class=\"ez-toc-section-end\"><\/span><\/h3>\n\n\n\n<figure class=\"wp-block-image size-large\"><img decoding=\"async\" src=\"https:\/\/res.cloudinary.com\/turna\/image\/upload\/v1719491283\/wordpress-contents\/ayayorgi_koyu.jpg\" alt=\"Ayayorgi Koyu\"\/><figcaption class=\"wp-element-caption\">\u00c7e\u015fme\u2019nin En G\u00fczel Koylar\u0131 ve Plajlar\u0131<\/figcaption><\/figure>\n\n\n\n<p>Ayayorgi Koyu, \u00c7e\u015fme&#8217;nin vazge\u00e7ilmez duraklar\u0131ndan biri! G\u00fcn boyunca masmavi sularda serinleyebilir, ak\u015fam ise birbirinden \u00fcnl\u00fc beach clublar\u0131nda m\u00fczi\u011fin ritmine kap\u0131labilirsiniz. Ayayorgi Plaj\u0131&#8217;nda, denizin keyfini \u00e7\u0131kar\u0131rken l\u00fcks hizmetlerin tad\u0131n\u0131 \u00e7\u0131karabilece\u011finiz \u00e7ok say\u0131da i\u015fletme bulunuyor. Peki, &#8220;<strong>Ayayorgi plaj\u0131 \u00fccretli mi?<\/strong>&#8221; diye merak ediyorsan\u0131z, evet, Ayayorgi&#8217;deki plajlar genellikle i\u015fletmeler taraf\u0131ndan i\u015fletildi\u011fi i\u00e7in giri\u015f \u00fccreti talep ediliyor. \u015eezlonglar, \u015femsiyeler, lezzetli yiyecekler ve serinletici i\u00e7eceklerle dolu bir g\u00fcn ge\u00e7irmek isteyenler i\u00e7in Ayayorgi Koyu, unutulmaz an\u0131lar biriktirece\u011finiz bir destinasyon. Yaz\u0131n enerjisini Ayayorgi&#8217;nin b\u00fcy\u00fcleyici atmosferinde hissedin ve tatilinizi bir \u00fcst seviyeye ta\u015f\u0131y\u0131n!<\/p>\n\n\n\n<p>Konum <strong><a href=\"https:\/\/maps.app.goo.gl\/q8zfHLxPuUFn8v7s8\" target=\"_blank\" rel=\"noreferrer noopener\">burada.<\/a><\/strong><\/p>\n\n\n\n<h3 class=\"wp-block-heading has-text-align-center has-neeon-button-dark-gray-color has-text-color has-link-color wp-elements-4c8c1d18bad33a657bfef83a94fad724\"><span class=\"ez-toc-section\" id=\"altinkum\"><\/span>Alt\u0131nkum<span class=\"ez-toc-section-end\"><\/span><\/h3>\n\n\n\n<figure class=\"wp-block-image size-large\"><img decoding=\"async\" src=\"https:\/\/res.cloudinary.com\/turna\/image\/upload\/v1719491282\/wordpress-contents\/alt%C4%B1nkum.jpg\" alt=\"Alt\u0131nkum\"\/><\/figure>\n\n\n\n<p>Alt\u0131nkum Plaj\u0131, <strong>\u00c7e\u015fme plajlar\u0131<\/strong> aras\u0131nda alt\u0131n rengi kumlar\u0131 ve tertemiz deniziyle adeta parlayan bir m\u00fccevher! \u00c7e\u015fme&#8217;nin g\u00fcneybat\u0131s\u0131nda yer alan bu harika plaj, geni\u015f kumsal\u0131 ve sakin atmosferiyle huzur dolu bir ka\u00e7\u0131\u015f sunuyor. Ege&#8217;nin berrak sular\u0131nda y\u00fczmenin keyfini \u00e7\u0131karabilir, r\u00fczgar s\u00f6rf\u00fc ve kitesurfing gibi su sporlar\u0131yla adrenalin dolu anlar ya\u015fayabilirsiniz. Alt\u0131nkum, \u00f6zellikle r\u00fczgar s\u00f6rf\u00fc tutkunlar\u0131n\u0131n favori mekan\u0131; burada esen kuvvetli r\u00fczgarlar, s\u00f6rf yapmak i\u00e7in m\u00fckemmel ko\u015fullar sunuyor. Aileler, \u00e7ocuklar ve gen\u00e7ler i\u00e7in ideal olan Alt\u0131nkum Plaj\u0131&#8217;nda, plaj voleybolu oynayabilir, sahilde uzun y\u00fcr\u00fcy\u00fc\u015fler yapabilir veya sadece g\u00fcne\u015fin tad\u0131n\u0131 \u00e7\u0131karabilirsiniz. Alt\u0131nkum&#8217;un b\u00fcy\u00fcleyici atmosferinde yaz\u0131n enerjisini ve \u00c7e\u015fme&#8217;nin do\u011fal g\u00fczelliklerini ke\u015ffetmeye haz\u0131r olun!<\/p>\n\n\n\n<p>Konum <strong><a href=\"https:\/\/maps.app.goo.gl\/Z8D2KRMPTnzV42Mv6\" target=\"_blank\" rel=\"noreferrer noopener\">burada.<\/a><\/strong><\/p>\n\n\n\n<h3 class=\"wp-block-heading has-text-align-center has-neeon-button-dark-gray-color has-text-color has-link-color wp-elements-1c63e86f7a573ac88052cf09c3a50daa\"><span class=\"ez-toc-section\" id=\"pasa_limani_koyu\"><\/span>Pa\u015fa Liman\u0131 Koyu<span class=\"ez-toc-section-end\"><\/span><\/h3>\n\n\n\n<figure class=\"wp-block-image size-large\"><img decoding=\"async\" src=\"https:\/\/res.cloudinary.com\/turna\/image\/upload\/v1719491283\/wordpress-contents\/pa%C5%9Fa_liman%C4%B1_koyu.jpg\" alt=\"Pa\u015fa Liman\u0131 Koyu\"\/><\/figure>\n\n\n\n<p>Pa\u015fa Liman\u0131 Koyu, <strong>\u00c7e\u015fme\u2019de hangi koylara gidilir<\/strong> sorusunun cevab\u0131n\u0131 arayanlar i\u00e7in ke\u015ffedilmesi gereken gizli bir cennet! \u00c7o\u011fu ki\u015fi Pa\u015fa Liman\u0131n\u0131 hen\u00fcz ke\u015ffetmemi\u015f olsa da buras\u0131 do\u011fal ve sakin yap\u0131s\u0131 ile \u00c7e\u015fme\u2019nin g\u00f6r\u00fclmeye de\u011fer noktalar\u0131n\u0131n ba\u015f\u0131nda geliyor. R\u00fczg\u00e2rl\u0131 havalarda bile durgun olan denizi ile \u015fahane bir manzaray\u0131 ayaklar\u0131n\u0131z\u0131n alt\u0131na seren Pa\u015fa Liman\u0131, sakin ve huzurlu bir tatil yapmak isteyenler i\u00e7in bulunmaz bir f\u0131rsat.<\/p>\n\n\n\n<p>Konum <strong><a href=\"https:\/\/maps.app.goo.gl\/whvCKyH8q8kGG5C69\" target=\"_blank\" rel=\"noreferrer noopener\">burada.<\/a><\/strong><\/p>\n\n\n\n<h3 class=\"wp-block-heading has-text-align-center has-neeon-button-dark-gray-color has-text-color has-link-color wp-elements-f2fac9eb83c7b6c96c6cfe3c7759c9b2\"><span class=\"ez-toc-section\" id=\"boyalik_plaji\"><\/span>Boyal\u0131k Plaj\u0131<span class=\"ez-toc-section-end\"><\/span><\/h3>\n\n\n\n<figure class=\"wp-block-image size-large\"><img decoding=\"async\" src=\"https:\/\/res.cloudinary.com\/turna\/image\/upload\/v1719491283\/wordpress-contents\/boyal%C4%B1k_plaj%C4%B1.jpg\" alt=\"Boyal\u0131k Plaj\u0131\"\/><\/figure>\n\n\n\n<p>Boyal\u0131k Plaj\u0131, <strong>\u00c7e\u015fme \u00fccretsiz plajlar<\/strong> aras\u0131nda yer alan, masmavi denizi ve geni\u015f kumsal\u0131 ile tatilcilerin g\u00f6nl\u00fcn\u00fc fetheden bir yer. Uzun ve geni\u015f sahil \u015feridi, herkesin rahat\u00e7a yer bulabilece\u011fi alanlar sunarken, denizin sakin ve temiz olmas\u0131 da aileler ve \u00e7ocuklar i\u00e7in ideal bir ortam olu\u015fturuyor. Plaj\u0131 kum ve s\u0131\u011f oldu\u011fu i\u00e7in \u00e7ocuklu aileler i\u00e7in olduk\u00e7a uygun. Du\u015f ve tuvalet olanaklar\u0131 ne yaz\u0131k ki yok.<\/p>\n\n\n\n<p>Konum <strong><a href=\"https:\/\/maps.app.goo.gl\/6bdsnnBtmeDd4UdE9\" target=\"_blank\" rel=\"noreferrer noopener\">burada.<\/a><\/strong><\/p>\n\n\n\n<h3 class=\"wp-block-heading has-text-align-center has-neeon-button-dark-gray-color has-text-color has-link-color wp-elements-691d1ac6bf7a3978ff75ee98e2457b69\"><span class=\"ez-toc-section\" id=\"delikli_koy\"><\/span><strong>Delikli Koy<\/strong><span class=\"ez-toc-section-end\"><\/span><\/h3>\n\n\n\n<figure class=\"wp-block-image size-large\"><img decoding=\"async\" src=\"https:\/\/res.cloudinary.com\/turna\/image\/upload\/v1719491282\/wordpress-contents\/delikli_koy.jpg\" alt=\"Delikli Koy\"\/><figcaption class=\"wp-element-caption\">\u00c7e\u015fme\u2019nin En G\u00fczel Koylar\u0131 ve Plajlar\u0131<\/figcaption><\/figure>\n\n\n\n<p>Delikli Koy, <strong>\u00c7e\u015fme koylar\u0131<\/strong> aras\u0131nda do\u011fan\u0131n sanat eseri gibi \u015fekillendirdi\u011fi b\u00fcy\u00fcleyici bir cennet! \u00c7e\u015fme\u2019nin gizli hazinelerinden biri olan bu koy, ad\u0131n\u0131 kayal\u0131klar\u0131n\u0131n ilgin\u00e7 delikli yap\u0131s\u0131ndan al\u0131yor. E\u015fsiz manzaras\u0131 ve berrak denizi ile ziyaret\u00e7ilerini kendine hayran b\u0131rakan Delikli Koy, huzur ve macera arayanlar\u0131n g\u00f6zdesi. Kayalar\u0131n \u00fczerinden denize atlayabilir, \u015fnorkelle dal\u0131\u015f yaparak su alt\u0131 d\u00fcnyas\u0131n\u0131 ke\u015ffedebilir ya da sadece g\u00fcne\u015fin tad\u0131n\u0131 \u00e7\u0131karabilirsiniz. Kalabal\u0131ktan uzakla\u015f\u0131p do\u011fayla ba\u015f ba\u015fa kalmak isteyenler i\u00e7in ideal bir ka\u00e7\u0131\u015f noktas\u0131 olan Delikli Koy, foto\u011fraf merakl\u0131lar\u0131 i\u00e7in de harika kareler sunuyor.<\/p>\n\n\n\n<p>Konum <strong><a href=\"https:\/\/maps.app.goo.gl\/GefQ66tPKpMywYHMA\" target=\"_blank\" rel=\"noopener\">burada.<\/a><\/strong><\/p>\n\n\n\n<h3 class=\"wp-block-heading has-text-align-center has-neeon-button-dark-gray-color has-text-color has-link-color wp-elements-a96228b9482d8a283974bc725213dd19\"><span class=\"ez-toc-section\" id=\"cark_plaji\"><\/span><strong>\u00c7ark Plaj\u0131<\/strong><span class=\"ez-toc-section-end\"><\/span><\/h3>\n\n\n\n<figure class=\"wp-block-image size-large\"><img decoding=\"async\" src=\"https:\/\/res.cloudinary.com\/turna\/image\/upload\/v1719491282\/wordpress-contents\/%C3%A7ark_plaj%C4%B1.jpg\" alt=\"\u00c7ark Plaj\u0131\"\/><\/figure>\n\n\n\n<p>\u00c7ark Plaj\u0131, <strong>\u00c7e\u015fme&#8217;nin en g\u00fczel plajlar\u0131<\/strong> aras\u0131nda adeta parlayan bir y\u0131ld\u0131z! Ala\u00e7at\u0131\u2019n\u0131n \u00fcnl\u00fc r\u00fczgar s\u00f6rf\u00fc merkezinde yer alan bu plaj, hem spor tutkunlar\u0131 hem de huzur arayanlar i\u00e7in m\u00fckemmel bir tercih. \u0130ncecik kumlar\u0131, berrak ve s\u0131\u011f denizi ile \u00c7ark Plaj\u0131, \u00f6zellikle \u00e7ocuklu aileler i\u00e7in ideal bir ortam sunuyor. R\u00fczgar s\u00f6rf\u00fc yapmak isteyenler i\u00e7in m\u00fckemmel r\u00fczgar ko\u015fullar\u0131na sahip olan bu plajda, deneyimli s\u00f6rf\u00e7\u00fclerden e\u011fitim alabilir veya kendi yeteneklerinizi geli\u015ftirebilirsiniz. G\u00fcn boyu g\u00fcne\u015flenip denizin tad\u0131n\u0131 \u00e7\u0131karabilece\u011finiz, ayn\u0131 zamanda plajdaki kafelerde lezzetli at\u0131\u015ft\u0131rmal\u0131klar ve serinletici i\u00e7ecekler ile keyif yapabilece\u011finiz \u00c7ark Plaj\u0131, yaz\u0131n enerjisini en y\u00fcksek noktada ya\u015faman\u0131z i\u00e7in sizi bekliyor.<\/p>\n\n\n\n<p>Konum <strong><a href=\"https:\/\/maps.app.goo.gl\/a5YZYbbM95f7GcSP7\" target=\"_blank\" rel=\"noreferrer noopener\">burada.<\/a><\/strong><\/p>\n\n\n\n<p><a href=\"https:\/\/www.turna.com\/ucak-bileti\/izmir\" target=\"_blank\" rel=\"noopener noreferrer\"><strong>\u0130zmir u\u00e7ak bileti<\/strong><\/a> sat\u0131n al\u0131p keyifli bir \u00c7e\u015fme tatiline do\u011fru yola \u00e7\u0131kman\u0131n tam zaman\u0131. \u0130zmir\u2019e yakla\u015f\u0131k 50 kilometre uzakl\u0131kta bulunan \u00c7e\u015fme\u2019ye en yak\u0131n havaliman\u0131 \u0130zmir\u2019de bulunan Adnan Menderes Havaliman\u0131. \u0130ster ara\u00e7 kiralayarak, isterseniz de havaliman\u0131ndan kalkan servisler sayesinde \u00c7e\u015fme\u2019ye kolayca ula\u015f\u0131m sa\u011flayabilirsiniz.<\/p>\n\n    <div class=\"xs_social_share_widget xs_share_url after_content \t\tmain_content  wslu-style-1 wslu-share-box-shaped wslu-fill-colored wslu-none wslu-share-horizontal wslu-theme-font-no wslu-main_content\">\n\n\t\t\n        <ul>\n\t\t\t        <\/ul>\n    <\/div> \n","protected":false},"excerpt":{"rendered":"<p>Yaz aylar\u0131n\u0131n vazge\u00e7ilmez rotas\u0131 \u00c7e\u015fme, Ege&#8217;nin incisi \u0130zmir&#8217;de, masmavi denizi ve alt\u0131n rengi kumsallar\u0131yla sizi bekliyor! &#8220;\u00c7e\u015fme\u2019nin En G\u00fczel Koylar\u0131 ve Plajlar\u0131&#8221; ba\u015fl\u0131kl\u0131 bu yaz\u0131m\u0131zda, g\u00f6zlerinizi kama\u015ft\u0131racak do\u011fa harikalar\u0131n\u0131 ke\u015ffetmeye davetlisiniz. Ege&#8217;nin s\u0131cak g\u00fcne\u015fi, huzur veren dalga sesleri ve tertemiz plajlar\u0131, tatil hayallerinizi ger\u00e7e\u011fe d\u00f6n\u00fc\u015ft\u00fcrecek. Valizinizi haz\u0131rlay\u0131n ve \u00c7e\u015fme&#8217;nin b\u00fcy\u00fcleyici koylar\u0131nda unutulmaz bir ser\u00fcvene \u00e7\u0131kmaya haz\u0131r olun!<\/p>\n","protected":false},"author":34,"featured_media":22735,"comment_status":"open","ping_status":"open","sticky":false,"template":"","format":"standard","meta":{"rop_custom_images_group":[],"rop_custom_messages_group":[],"rop_publish_now":"initial","rop_publish_now_accounts":[],"rop_publish_now_history":[],"rop_publish_now_status":"pending","_cloudinary_featured_overwrite":false,"footnotes":""},"categories":[1839],"tags":[238,224],"class_list":["post-2463","post","type-post","status-publish","format-standard","has-post-thumbnail","hentry","category-izmir","tag-cesme","tag-izmir"],"_links":{"self":[{"href":"https:\/\/www.turna.com\/blog\/wp-json\/wp\/v2\/posts\/2463","targetHints":{"allow":["GET"]}}],"collection":[{"href":"https:\/\/www.turna.com\/blog\/wp-json\/wp\/v2\/posts"}],"about":[{"href":"https:\/\/www.turna.com\/blog\/wp-json\/wp\/v2\/types\/post"}],"author":[{"embeddable":true,"href":"https:\/\/www.turna.com\/blog\/wp-json\/wp\/v2\/users\/34"}],"replies":[{"embeddable":true,"href":"https:\/\/www.turna.com\/blog\/wp-json\/wp\/v2\/comments?post=2463"}],"version-history":[{"count":0,"href":"https:\/\/www.turna.com\/blog\/wp-json\/wp\/v2\/posts\/2463\/revisions"}],"wp:featuredmedia":[{"embeddable":true,"href":"https:\/\/www.turna.com\/blog\/wp-json\/wp\/v2\/media\/22735"}],"wp:attachment":[{"href":"https:\/\/www.turna.com\/blog\/wp-json\/wp\/v2\/media?parent=2463"}],"wp:term":[{"taxonomy":"category","embeddable":true,"href":"https:\/\/www.turna.com\/blog\/wp-json\/wp\/v2\/categories?post=2463"},{"taxonomy":"post_tag","embeddable":true,"href":"https:\/\/www.turna.com\/blog\/wp-json\/wp\/v2\/tags?post=2463"}],"curies":[{"name":"wp","href":"https:\/\/api.w.org\/{rel}","templated":true}]}}