{"id":24574,"date":"2025-06-27T12:55:35","date_gmt":"2025-06-27T09:55:35","guid":{"rendered":"https:\/\/www.turna.com\/blog\/?p=24574"},"modified":"2025-06-27T12:55:36","modified_gmt":"2025-06-27T09:55:36","slug":"kasta-nerede-kalinir-en-guzel-kas-otelleri","status":"publish","type":"post","link":"https:\/\/www.turna.com\/blog\/kasta-nerede-kalinir-en-guzel-kas-otelleri","title":{"rendered":"Ka\u015f&#8217;ta Nerede Kal\u0131n\u0131r? En \u0130yi Ka\u015f Otelleri"},"content":{"rendered":"<div id=\"ez-toc-container\" class=\"ez-toc-v2_0_82_2 counter-hierarchy ez-toc-counter ez-toc-black ez-toc-container-direction\">\n<div class=\"ez-toc-title-container\">\n<p class=\"ez-toc-title\" style=\"cursor:inherit\">\u0130\u00e7indekiler<\/p>\n<span class=\"ez-toc-title-toggle\"><a href=\"#\" class=\"ez-toc-pull-right ez-toc-btn ez-toc-btn-xs ez-toc-btn-default ez-toc-toggle\" aria-label=\"\u0130\u00e7indekiler Tablosunu A\u00e7\/Kapat\"><span class=\"ez-toc-js-icon-con\"><span class=\"\"><span class=\"eztoc-hide\" style=\"display:none;\">Toggle<\/span><span class=\"ez-toc-icon-toggle-span\"><svg style=\"fill: #ffffff;color:#ffffff\" xmlns=\"http:\/\/www.w3.org\/2000\/svg\" class=\"list-377408\" width=\"20px\" height=\"20px\" viewBox=\"0 0 24 24\" fill=\"none\"><path d=\"M6 6H4v2h2V6zm14 0H8v2h12V6zM4 11h2v2H4v-2zm16 0H8v2h12v-2zM4 16h2v2H4v-2zm16 0H8v2h12v-2z\" fill=\"currentColor\"><\/path><\/svg><svg style=\"fill: #ffffff;color:#ffffff\" class=\"arrow-unsorted-368013\" xmlns=\"http:\/\/www.w3.org\/2000\/svg\" width=\"10px\" height=\"10px\" viewBox=\"0 0 24 24\" version=\"1.2\" baseProfile=\"tiny\"><path d=\"M18.2 9.3l-6.2-6.3-6.2 6.3c-.2.2-.3.4-.3.7s.1.5.3.7c.2.2.4.3.7.3h11c.3 0 .5-.1.7-.3.2-.2.3-.5.3-.7s-.1-.5-.3-.7zM5.8 14.7l6.2 6.3 6.2-6.3c.2-.2.3-.5.3-.7s-.1-.5-.3-.7c-.2-.2-.4-.3-.7-.3h-11c-.3 0-.5.1-.7.3-.2.2-.3.5-.3.7s.1.5.3.7z\"\/><\/svg><\/span><\/span><\/span><\/a><\/span><\/div>\n<nav><ul class='ez-toc-list ez-toc-list-level-1 eztoc-toggle-hide-by-default' ><li class='ez-toc-page-1 ez-toc-heading-level-2'><a class=\"ez-toc-link ez-toc-heading-1\" href=\"https:\/\/www.turna.com\/blog\/kasta-nerede-kalinir-en-guzel-kas-otelleri\/#kasta_nerede_kalinir\" >Ka\u015f&#8217;ta Nerede Kal\u0131n\u0131r?\u00a0<\/a><\/li><li class='ez-toc-page-1 ez-toc-heading-level-2'><a class=\"ez-toc-link ez-toc-heading-2\" href=\"https:\/\/www.turna.com\/blog\/kasta-nerede-kalinir-en-guzel-kas-otelleri\/#en_iyi_kas_otelleri\" >En \u0130yi Ka\u015f Otelleri<\/a><ul class='ez-toc-list-level-3' ><li class='ez-toc-heading-level-3'><a class=\"ez-toc-link ez-toc-heading-3\" href=\"https:\/\/www.turna.com\/blog\/kasta-nerede-kalinir-en-guzel-kas-otelleri\/#lukka_exclusive_hotel\" >Lukka Exclusive Hotel<\/a><\/li><li class='ez-toc-page-1 ez-toc-heading-level-3'><a class=\"ez-toc-link ez-toc-heading-4\" href=\"https:\/\/www.turna.com\/blog\/kasta-nerede-kalinir-en-guzel-kas-otelleri\/#suna_sun_hotel\" >Suna Sun Hotel<\/a><\/li><li class='ez-toc-page-1 ez-toc-heading-level-3'><a class=\"ez-toc-link ez-toc-heading-5\" href=\"https:\/\/www.turna.com\/blog\/kasta-nerede-kalinir-en-guzel-kas-otelleri\/#carruba_boutique_hotel\" >Carruba Boutique Hotel<\/a><\/li><li class='ez-toc-page-1 ez-toc-heading-level-3'><a class=\"ez-toc-link ez-toc-heading-6\" href=\"https:\/\/www.turna.com\/blog\/kasta-nerede-kalinir-en-guzel-kas-otelleri\/#rhapsody_hotel_spa_kalkan\" >Rhapsody Hotel &amp; Spa Kalkan<\/a><\/li><li class='ez-toc-page-1 ez-toc-heading-level-3'><a class=\"ez-toc-link ez-toc-heading-7\" href=\"https:\/\/www.turna.com\/blog\/kasta-nerede-kalinir-en-guzel-kas-otelleri\/#alley_prime\" >Alley Prime<\/a><\/li><\/ul><\/li><li class='ez-toc-page-1 ez-toc-heading-level-2'><a class=\"ez-toc-link ez-toc-heading-8\" href=\"https:\/\/www.turna.com\/blog\/kasta-nerede-kalinir-en-guzel-kas-otelleri\/#kasa_ne_zaman_gidilir\" >Ka\u015f\u2019a Ne Zaman Gidilir?<\/a><\/li><li class='ez-toc-page-1 ez-toc-heading-level-2'><a class=\"ez-toc-link ez-toc-heading-9\" href=\"https:\/\/www.turna.com\/blog\/kasta-nerede-kalinir-en-guzel-kas-otelleri\/#kasa_nasil_gidilir\" >Ka\u015f\u2019a Nas\u0131l Gidilir?<\/a><\/li><li class='ez-toc-page-1 ez-toc-heading-level-2'><a class=\"ez-toc-link ez-toc-heading-10\" href=\"https:\/\/www.turna.com\/blog\/kasta-nerede-kalinir-en-guzel-kas-otelleri\/#kasta_ne_yenir\" >Ka\u015f\u2019ta Ne Yenir?<\/a><\/li><li class='ez-toc-page-1 ez-toc-heading-level-2'><a class=\"ez-toc-link ez-toc-heading-11\" href=\"https:\/\/www.turna.com\/blog\/kasta-nerede-kalinir-en-guzel-kas-otelleri\/#kasta_mutlaka_yapin\" >Ka\u015f\u2019ta Mutlaka Yap\u0131n<\/a><\/li><\/ul><\/nav><\/div>\n\n<p>Akdeniz\u2019in en g\u00fczel k\u0131y\u0131lar\u0131ndan biri olan Ka\u015f, T\u00fcrkiye\u2019nin en sevilen tatil rotalar\u0131ndan biri. Masmavi koylar\u0131, ta\u015f evleriyle s\u00fcslenmi\u015f dar sokaklar\u0131 ve her k\u00f6\u015fesinden s\u00fcrpriz \u00e7\u0131karan yap\u0131s\u0131yla Ka\u015f, deniz-kum-g\u00fcne\u015f \u00fc\u00e7l\u00fcs\u00fcnden ibaret de\u011fil; bir ke\u015fif ve dinginlik yeri. Tatil anlay\u0131\u015f\u0131n\u0131z ne olursa olsun, Ka\u015f\u2019ta sizi kendine hayran b\u0131rakacak bir \u015fey mutlaka var. Bu yaz\u0131m\u0131zda Ka\u015f\u2019ta nerede kal\u0131n\u0131r sorusunun cevab\u0131n\u0131 veriyor, en iyi <strong><a href=\"https:\/\/www.turna.com\/otel\/kas\">Ka\u015f Otelleri<\/a><\/strong>&#8216;ni, gidilecek zaman\u0131, ula\u015f\u0131m yollar\u0131n\u0131 ve tad\u0131lmas\u0131 gereken lezzetleri sizin i\u00e7in bir araya getiriyoruz.<\/p>\n\n\n\n<h2 class=\"wp-block-heading has-text-align-center has-neeon-button-dark-gray-color has-text-color has-link-color wp-elements-919cd162c34914b9fc48330a710b2ca6\"><span class=\"ez-toc-section\" id=\"kasta_nerede_kalinir\"><\/span><strong><strong><strong><strong>Ka\u015f&#8217;ta Nerede Kal\u0131n\u0131r?\u00a0<\/strong><\/strong><\/strong><\/strong><span class=\"ez-toc-section-end\"><\/span><\/h2>\n\n\n\n<figure class=\"wp-block-image size-large\"><img decoding=\"async\" src=\"https:\/\/res.cloudinary.com\/turna\/image\/upload\/v1655828234\/ka%C5%9F.jpg\" alt=\"\"\/><\/figure>\n\n\n\n<p>Akdeniz\u2019in hatta belki de \u00fclkemizin en huzurlu k\u00f6\u015felerinden biri olan Ka\u015f, do\u011fal g\u00fczellikleri, masmavi denizi ve ke\u015ffedilmeyi bekleyen t\u00fcm g\u00fczellikleri ile her y\u0131l binlerce gezgini kendine \u00e7ekiyor. Buraya geldi\u011finizde dolu dolu bir tatil ya\u015f\u0131yorsunuz; g\u00fcn bat\u0131m\u0131nda y\u00fcr\u00fcy\u00fc\u015fe \u00e7\u0131k\u0131yor, ta\u015f sokaklarda kayboluyor, butik d\u00fckkanlarda kendinize ya da sevdiklerinize hediyeler se\u00e7iyorsunuz. Hal b\u00f6yle olunca, Ka\u015f tatilinde nerede kalaca\u011f\u0131n\u0131z da b\u00fcy\u00fck \u00f6nem kazan\u0131yor.&nbsp;<\/p>\n\n\n\n<p>Ka\u015f Otelleri aras\u0131nda her t\u00fcrl\u00fc konforu ve atmosferi sunan se\u00e7enekler mevcut. Tatilinizin tad\u0131n\u0131 doyas\u0131ya \u00e7\u0131karabilmek i\u00e7in do\u011fru otel se\u00e7imi, deneyiminizi bamba\u015fka bir boyuta ta\u015f\u0131yabilir. Ka\u015f\u2019\u0131n merkezine yak\u0131n olmak m\u0131 istersiniz, yoksa biraz daha uzakta, sessiz ve sakin bir k\u00f6\u015fe mi? Se\u00e7im tamamen size kalm\u0131\u015f ama biz en iyi Ka\u015f Otelleri se\u00e7eneklerini sizin i\u00e7in derledik.<\/p>\n\n\n\n<h2 class=\"wp-block-heading has-text-align-center has-neeon-button-dark-gray-color has-text-color has-link-color wp-elements-50c7d8e9b5e433da58a94e1fdc4e154e\"><span class=\"ez-toc-section\" id=\"en_iyi_kas_otelleri\"><\/span><strong><strong><strong><strong><strong>En \u0130yi Ka\u015f Otelleri<\/strong><\/strong><\/strong><\/strong><\/strong><span class=\"ez-toc-section-end\"><\/span><\/h2>\n\n\n\n<figure class=\"wp-block-image size-large\"><img width=\"800\" height=\"500\" decoding=\"async\" src=\"data:image\/svg+xml;base64,PHN2ZyB4bWxucz0iaHR0cDovL3d3dy53My5vcmcvMjAwMC9zdmciIHdpZHRoPSI4MDAiIGhlaWdodD0iNTAwIj48cmVjdCB3aWR0aD0iMTAwJSIgaGVpZ2h0PSIxMDAlIj48YW5pbWF0ZSBhdHRyaWJ1dGVOYW1lPSJmaWxsIiB2YWx1ZXM9InJnYmEoMTUzLDE1MywxNTMsMC41KTtyZ2JhKDE1MywxNTMsMTUzLDAuMSk7cmdiYSgxNTMsMTUzLDE1MywwLjUpIiBkdXI9IjJzIiByZXBlYXRDb3VudD0iaW5kZWZpbml0ZSIgLz48L3JlY3Q+PC9zdmc+\" alt=\"\" data-public-id=\"wordpress-contents\/otel_temalar\u0131_nelerdir\/otel_temalar\u0131_nelerdir.jpg\" class=\"wp-post-24574 wp-image-22710\" data-format=\"jpg\" data-transformations=\"f_auto,q_auto:low\" data-version=\"1718572444\" data-seo=\"1\" data-size=\"800 500\" data-srcset=\"https:\/\/res.cloudinary.com\/turna\/images\/f_auto,q_auto:low\/v1718572444\/wordpress-contents\/otel_temalar\u0131_nelerdir\/otel_temalar\u0131_nelerdir.jpg?_i=AA 800w, https:\/\/res.cloudinary.com\/turna\/images\/w_300,h_188,c_scale\/f_auto,q_auto:low\/v1718572444\/wordpress-contents\/otel_temalar\u0131_nelerdir\/otel_temalar\u0131_nelerdir.jpg?_i=AA 300w, https:\/\/res.cloudinary.com\/turna\/images\/w_672,h_420,c_scale\/f_auto,q_auto:low\/v1718572444\/wordpress-contents\/otel_temalar\u0131_nelerdir\/otel_temalar\u0131_nelerdir.jpg?_i=AA 672w, https:\/\/res.cloudinary.com\/turna\/images\/w_640,h_400,c_scale\/f_auto,q_auto:low\/v1718572444\/wordpress-contents\/otel_temalar\u0131_nelerdir\/otel_temalar\u0131_nelerdir.jpg?_i=AA 640w, https:\/\/res.cloudinary.com\/turna\/images\/w_681,h_426,c_scale\/f_auto,q_auto:low\/v1718572444\/wordpress-contents\/otel_temalar\u0131_nelerdir\/otel_temalar\u0131_nelerdir.jpg?_i=AA 681w\" data-sizes=\"(max-width: 800px) 100vw, 800px\" data-delivery=\"upload\" onload=\";window.CLDBind?CLDBind(this):null;\" data-cloudinary=\"lazy\" \/><figcaption class=\"wp-element-caption\">Ka\u015f Otelleri<\/figcaption><\/figure>\n\n\n\n<p>Ka\u015f Otelleri denince akla gelen ilk \u015fey; yemye\u015fil do\u011fan\u0131n merkezinde ama ayn\u0131 zamanda \u015f\u0131kl\u0131k ve konforla donat\u0131lm\u0131\u015f k\u00fc\u00e7\u00fck oteller oluyor. B\u00fcy\u00fck tatil k\u00f6ylerinden uzak, daha ki\u015fisel bir deneyim arayanlar\u0131n vazge\u00e7emedi\u011fi Ka\u015f, \u00f6zellikle butik otelleriyle \u00f6ne \u00e7\u0131k\u0131yor. Manzaras\u0131, yemekleri, dekorasyonu ve samimi atmosferiyle \u00f6ne \u00e7\u0131kan bu oteller, tatilinizi daha da \u00f6zel hale getiriyor. \u0130\u015fte Ka\u015f\u2019\u0131n en \u00e7ok be\u011fenilen otellerinden baz\u0131lar\u0131:<\/p>\n\n\n\n<h3 class=\"wp-block-heading has-text-align-center has-neeon-button-dark-gray-color has-text-color has-link-color wp-elements-529d6b31ed9ba60c07595875374d4ce2\"><span class=\"ez-toc-section\" id=\"lukka_exclusive_hotel\"><\/span><strong><strong><strong>Lukka Exclusive Hotel<\/strong><\/strong><\/strong><span class=\"ez-toc-section-end\"><\/span><\/h3>\n\n\n\n<p>Ka\u015f\u2019ta romantik bir tatil hayal edenler i\u00e7in harika bir se\u00e7im. Sadece yeti\u015fkinlere \u00f6zel olan bu otel, sakinlik arayanlar\u0131n favorisi. Denize s\u0131f\u0131r konumu, sonsuzluk havuzu ve panoramik g\u00fcn bat\u0131m\u0131 manzaras\u0131yla b\u00fcy\u00fcl\u00fcyor. Modern ve zarif dekorasyonuyla dikkat \u00e7eken odalarda konfor \u00fcst d\u00fczeyde. Kahvalt\u0131s\u0131 ise dillere destan. El yap\u0131m\u0131 re\u00e7eller, taze pi\u015fmi\u015f b\u00f6rekler ve Ege otlar\u0131yla donat\u0131lm\u0131\u015f zengin bir masa sizi bekliyor.\u00a0<\/p>\n\n\n\n<h3 class=\"wp-block-heading has-text-align-center has-neeon-button-dark-gray-color has-text-color has-link-color wp-elements-e0468f042578d6c978866be3310b6bd8\"><span class=\"ez-toc-section\" id=\"suna_sun_hotel\"><\/span><strong><strong><strong>Suna Sun Hotel<\/strong><\/strong><\/strong><span class=\"ez-toc-section-end\"><\/span><\/h3>\n\n\n\n<p>Do\u011fada olmak&nbsp; ama konfordan da \u00f6d\u00fcn vermek istemeyenler i\u00e7in Suna Sun harika bir se\u00e7enek. Akdeniz\u2019e bakan teraslar\u0131, \u00f6zel plaj\u0131 ve palmiyelerle \u00e7evrili geni\u015f bah\u00e7esiyle ruhunuzu dinlendiren bir ambiyansa sahip. Geni\u015f ve ferah odalar\u0131, zarif dekorasyonu ve g\u00fcler y\u00fczl\u00fc personeliyle kendinizi evinizde gibi hissediyorsunuz. \u00d6zellikle balay\u0131 \u00e7iftlerinin tercih etti\u011fi otel, \u00f6zel s\u00fcrprizleriyle konuklar\u0131n\u0131 mutlu etmeyi ba\u015far\u0131yor.<\/p>\n\n\n\n<h3 class=\"wp-block-heading has-text-align-center has-neeon-button-dark-gray-color has-text-color has-link-color wp-elements-78b2d9befee4feb59ed6a2bd41f588a3\"><span class=\"ez-toc-section\" id=\"carruba_boutique_hotel\"><\/span><strong><strong><strong>Carruba Boutique Hotel<\/strong><\/strong><\/strong><span class=\"ez-toc-section-end\"><\/span><\/h3>\n\n\n\n<p>Ka\u015f Otelleri aras\u0131nda bir\u00e7ok butik otel se\u00e7ene\u011fi de var. Ka\u015f merkezine olduk\u00e7a yak\u0131n konumda bulunan Carruba, ta\u015f ve ah\u015fab\u0131n uyumunu modern detaylarla birle\u015ftiriyor. Her odas\u0131 farkl\u0131 bir zevke g\u00f6re dekore edilmi\u015f ve manzaras\u0131 i\u00e7 a\u00e7\u0131c\u0131. K\u00fc\u00e7\u00fck ama \u00e7ok \u015f\u0131k bir havuzu var ve g\u00fcn\u00fcn yorgunlu\u011funu burada atmak harika bir his. Kahvalt\u0131lar\u0131 organik \u00fcr\u00fcnlerle haz\u0131rlan\u0131yor, her sabah taze tatlar ke\u015ffetmek m\u00fcmk\u00fcn.\u00a0<\/p>\n\n\n\n<h3 class=\"wp-block-heading has-text-align-center has-neeon-button-dark-gray-color has-text-color has-link-color wp-elements-a8d9538c5a181c77b6320c20086c4ba3\"><span class=\"ez-toc-section\" id=\"rhapsody_hotel_spa_kalkan\"><\/span><strong><strong><strong>Rhapsody Hotel &amp; Spa Kalkan<\/strong><\/strong><\/strong><span class=\"ez-toc-section-end\"><\/span><\/h3>\n\n\n\n<p>Ka\u015f\u2019\u0131n hemen yan\u0131ndaki Kalkan\u2019da yer alan bu otel, l\u00fcks\u00fc ve huzuru bir araya getiriyor. E\u015fsiz deniz manzaral\u0131 odalar\u0131, geni\u015f teraslar\u0131 ve \u00f6zel spa olanaklar\u0131 ile tam bir dinlenme mekan\u0131. Hem balay\u0131 \u00e7iftlerinin hem de romantik bir ka\u00e7amak yapmak isteyenlerin tercih etti\u011fi Rhapsody, kaliteli hizmetiyle \u00f6ne \u00e7\u0131k\u0131yor. \u00d6zellikle g\u00fcn bat\u0131m\u0131nda otelin restoran\u0131nda oturup Akdeniz mutfa\u011f\u0131n\u0131n tad\u0131n\u0131 \u00e7\u0131karmak unutulmaz bir deneyim.<\/p>\n\n\n\n<h3 class=\"wp-block-heading has-text-align-center has-neeon-button-dark-gray-color has-text-color has-link-color wp-elements-854ec425aedda6b1727acae9ababddbb\"><span class=\"ez-toc-section\" id=\"alley_prime\"><\/span><strong><strong><strong>Alley Prime<\/strong><\/strong><\/strong><span class=\"ez-toc-section-end\"><\/span><\/h3>\n\n\n\n<p>Ka\u015f\u2019\u0131n merkezine y\u00fcr\u00fcme mesafesinde ama kalabal\u0131ktan uzak, \u015f\u0131k ve modern bir otel ar\u0131yorsan\u0131z Alley Prime, Ka\u015f Otelleri aras\u0131nda sizin i\u00e7in olduk\u00e7a uygun. Mimarisinde sadelik ve zarafet \u00f6n planda. Odalar olduk\u00e7a ferah ve \u00e7o\u011fu deniz manzaral\u0131. Geceleri \u00e7at\u0131 kat\u0131ndaki bar\u0131nda y\u0131ld\u0131zlar\u0131n alt\u0131nda i\u00e7ece\u011finizi yudumlamak olduk\u00e7a keyifli.<\/p>\n\n\n\n<h2 class=\"wp-block-heading has-text-align-center has-neeon-button-dark-gray-color has-text-color has-link-color wp-elements-38685feb5b2451b4cba3cc758e80ffff\"><span class=\"ez-toc-section\" id=\"kasa_ne_zaman_gidilir\"><\/span><strong><strong><strong><strong><strong>Ka\u015f\u2019a Ne Zaman Gidilir?<\/strong><\/strong><\/strong><\/strong><\/strong><span class=\"ez-toc-section-end\"><\/span><\/h2>\n\n\n\n<figure class=\"wp-block-image size-large\"><img decoding=\"async\" src=\"https:\/\/res.cloudinary.com\/turna\/image\/upload\/v1751014269\/wordpress-contents\/ka%C5%9F_otelleri2.jpg\" alt=\"\"\/><\/figure>\n\n\n\n<p>Ka\u015f, y\u0131l\u0131n b\u00fcy\u00fck b\u00f6l\u00fcm\u00fcnde g\u00fcne\u015fli ve \u0131l\u0131man havas\u0131yla tatilcileri kendine \u00e7ekiyor. \u00d6zellikle Nisan ay\u0131ndan Ekim sonuna kadar olan d\u00f6nem, denize girmek isteyenler i\u00e7in ideal zamanlar. Bahar aylar\u0131nda daha sakin bir atmosfer sunan Ka\u015f, yaz aylar\u0131nda ise canlan\u0131yor; tekne turlar\u0131 ve hareketli ak\u015famlar ile rengarenk bir hal al\u0131yor. Hem denizin tad\u0131n\u0131 \u00e7\u0131karmak hem de kalabal\u0131klardan uzak durmak istiyorsan\u0131z, May\u0131s ya da Eyl\u00fcl-Ekim aylar\u0131 aras\u0131n\u0131 tercih edebilirsiniz.<\/p>\n\n\n\n<p>Temmuz ve A\u011fustos aylar\u0131 Ka\u015f\u2019\u0131n en yo\u011fun ve en s\u0131cak oldu\u011fu d\u00f6nemler. Bu d\u00f6nemde hava olduk\u00e7a s\u0131cak ve otellerde yer bulmak da biraz zorla\u015fabiliyor. E\u011fer bu aylarda gelmeyi planl\u0131yorsan\u0131z, Ka\u015f Otelleri ara\u015ft\u0131rman\u0131z\u0131 ayr\u0131nt\u0131l\u0131 yapmal\u0131 ve yerinizi mutlaka \u00f6nceden ay\u0131rtmal\u0131s\u0131n\u0131z. Yaz\u0131n yo\u011fun enerjisini seviyorsan\u0131z, sabahlara kadar s\u00fcren e\u011flenceler ve dolup ta\u015fan plajlar tam size g\u00f6re olabilir.<\/p>\n\n\n\n<h2 class=\"wp-block-heading has-text-align-center has-neeon-button-dark-gray-color has-text-color has-link-color wp-elements-fdb33ff234cdb889f95568ca4368e9cf\"><span class=\"ez-toc-section\" id=\"kasa_nasil_gidilir\"><\/span><strong><strong><strong><strong><strong>Ka\u015f\u2019a Nas\u0131l Gidilir?<\/strong><\/strong><\/strong><\/strong><\/strong><span class=\"ez-toc-section-end\"><\/span><\/h2>\n\n\n\n<figure class=\"wp-block-image size-large\"><img width=\"800\" height=\"500\" decoding=\"async\" src=\"data:image\/svg+xml;base64,PHN2ZyB4bWxucz0iaHR0cDovL3d3dy53My5vcmcvMjAwMC9zdmciIHdpZHRoPSI4MDAiIGhlaWdodD0iNTAwIj48cmVjdCB3aWR0aD0iMTAwJSIgaGVpZ2h0PSIxMDAlIj48YW5pbWF0ZSBhdHRyaWJ1dGVOYW1lPSJmaWxsIiB2YWx1ZXM9InJnYmEoMTUzLDE1MywxNTMsMC41KTtyZ2JhKDE1MywxNTMsMTUzLDAuMSk7cmdiYSgxNTMsMTUzLDE1MywwLjUpIiBkdXI9IjJzIiByZXBlYXRDb3VudD0iaW5kZWZpbml0ZSIgLz48L3JlY3Q+PC9zdmc+\" alt=\"\" data-public-id=\"Bebekle-Yolculuk_xsoa9r\/Bebekle-Yolculuk_xsoa9r.jpg\" class=\"wp-post-24574 wp-image-17413\" data-format=\"jpg\" data-transformations=\"f_auto,q_auto:low\" data-version=\"1578248461\" data-seo=\"1\" data-size=\"800 500\" data-srcset=\"https:\/\/res.cloudinary.com\/turna\/images\/f_auto,q_auto:low\/v1578248461\/Bebekle-Yolculuk_xsoa9r\/Bebekle-Yolculuk_xsoa9r.jpg?_i=AA 800w, https:\/\/res.cloudinary.com\/turna\/images\/w_300,h_188,c_scale\/f_auto,q_auto:low\/v1578248461\/Bebekle-Yolculuk_xsoa9r\/Bebekle-Yolculuk_xsoa9r.jpg?_i=AA 300w, https:\/\/res.cloudinary.com\/turna\/images\/w_672,h_420,c_scale\/f_auto,q_auto:low\/v1578248461\/Bebekle-Yolculuk_xsoa9r\/Bebekle-Yolculuk_xsoa9r.jpg?_i=AA 672w, https:\/\/res.cloudinary.com\/turna\/images\/w_640,h_400,c_scale\/f_auto,q_auto:low\/v1578248461\/Bebekle-Yolculuk_xsoa9r\/Bebekle-Yolculuk_xsoa9r.jpg?_i=AA 640w, https:\/\/res.cloudinary.com\/turna\/images\/w_681,h_426,c_scale\/f_auto,q_auto:low\/v1578248461\/Bebekle-Yolculuk_xsoa9r\/Bebekle-Yolculuk_xsoa9r.jpg?_i=AA 681w\" data-sizes=\"(max-width: 800px) 100vw, 800px\" data-delivery=\"upload\" onload=\";window.CLDBind?CLDBind(this):null;\" data-cloudinary=\"lazy\" \/><\/figure>\n\n\n\n<p>\u0130stanbul, Ankara gibi \u015fehirlerden geliyorsan\u0131z Ka\u015f\u2019a ula\u015f\u0131m i\u00e7in ilk tercih genellikle u\u00e7akla oluyor. En yak\u0131n havaliman\u0131 Antalya\u2019da bulunuyor. <strong><a href=\"https:\/\/www.turna.com\/ucak-bileti\/antalya\">Antalya u\u00e7ak bileti<\/a><\/strong> alarak \u015fehre indikten sonra, yakla\u015f\u0131k 3 saatlik bir kara yolu yolculu\u011fuyla Ka\u015f\u2019a ula\u015fabiliyorsunuz. Havaliman\u0131ndan Ka\u015f\u2019a d\u00fczenli olarak hareket eden transfer ara\u00e7lar\u0131 ve <strong><a href=\"https:\/\/www.turna.com\/arac-kiralama\">ara\u00e7 kiralama<\/a><\/strong> se\u00e7enekleri de mevcut. Havaliman\u0131ndan otele kadar \u00f6zel transfer sa\u011flayan Ka\u015f Otelleri de mevcut. \u00d6zellikle manzaral\u0131 yollar\u0131 sevenler i\u00e7in bu yolculuk olduk\u00e7a keyifli ge\u00e7iyor.<\/p>\n\n\n\n<p>Otob\u00fcsle seyahat etmeyi tercih edenler i\u00e7in de bir\u00e7ok alternatif var. T\u00fcrkiye\u2019nin pek \u00e7ok b\u00fcy\u00fck \u015fehrinden <strong><a href=\"https:\/\/www.turna.com\/otobus-bileti\/kas\">Ka\u015f otob\u00fcs bileti<\/a><\/strong> bulmak m\u00fcmk\u00fcn. Ka\u015f Otogar\u0131, il\u00e7e merkezine olduk\u00e7a yak\u0131n bir konumda yer al\u0131yor, bu da ula\u015f\u0131m\u0131n\u0131z\u0131 kolayla\u015ft\u0131r\u0131yor. E\u011fer Ka\u015f\u2019a direkt otob\u00fcs bulamayaca\u011f\u0131n\u0131zdan endi\u015feleniyorsan\u0131z da Turna size bu konuda da yard\u0131mc\u0131 oluyor. Ak\u0131ll\u0131 Sefer algoritmas\u0131 ile sizin i\u00e7in en ideal rotay\u0131 belirliyor ve g\u00fczergah\u0131n\u0131zdaki aktarmal\u0131 seferleri birle\u015ftiriyor. Vaktiniz de size kalm\u0131\u015f oluyor.<\/p>\n\n\n\n<h2 class=\"wp-block-heading has-text-align-center has-neeon-button-dark-gray-color has-text-color has-link-color wp-elements-cd8c450a0f94f1cc8e0263797423c9fa\"><span class=\"ez-toc-section\" id=\"kasta_ne_yenir\"><\/span><strong><strong><strong><strong><strong>Ka\u015f\u2019ta Ne Yenir?<\/strong><\/strong><\/strong><\/strong><\/strong><span class=\"ez-toc-section-end\"><\/span><\/h2>\n\n\n\n<figure class=\"wp-block-image size-large\"><img width=\"800\" height=\"500\" decoding=\"async\" src=\"data:image\/svg+xml;base64,PHN2ZyB4bWxucz0iaHR0cDovL3d3dy53My5vcmcvMjAwMC9zdmciIHdpZHRoPSI4MDAiIGhlaWdodD0iNTAwIj48cmVjdCB3aWR0aD0iMTAwJSIgaGVpZ2h0PSIxMDAlIj48YW5pbWF0ZSBhdHRyaWJ1dGVOYW1lPSJmaWxsIiB2YWx1ZXM9InJnYmEoMTUzLDE1MywxNTMsMC41KTtyZ2JhKDE1MywxNTMsMTUzLDAuMSk7cmdiYSgxNTMsMTUzLDE1MywwLjUpIiBkdXI9IjJzIiByZXBlYXRDb3VudD0iaW5kZWZpbml0ZSIgLz48L3JlY3Q+PC9zdmc+\" alt=\"\" data-public-id=\"antalya-ne-yenir\/antalya-ne-yenir.jpg\" class=\"wp-post-24574 wp-image-19186\" data-format=\"jpg\" data-transformations=\"f_auto,q_auto:low\" data-version=\"1622271770\" data-seo=\"1\" data-size=\"800 500\" data-srcset=\"https:\/\/res.cloudinary.com\/turna\/images\/f_auto,q_auto:low\/v1622271770\/antalya-ne-yenir\/antalya-ne-yenir.jpg?_i=AA 800w, https:\/\/res.cloudinary.com\/turna\/images\/w_300,h_188,c_scale\/f_auto,q_auto:low\/v1622271770\/antalya-ne-yenir\/antalya-ne-yenir.jpg?_i=AA 300w, https:\/\/res.cloudinary.com\/turna\/images\/w_672,h_420,c_scale\/f_auto,q_auto:low\/v1622271770\/antalya-ne-yenir\/antalya-ne-yenir.jpg?_i=AA 672w, https:\/\/res.cloudinary.com\/turna\/images\/w_640,h_400,c_scale\/f_auto,q_auto:low\/v1622271770\/antalya-ne-yenir\/antalya-ne-yenir.jpg?_i=AA 640w, https:\/\/res.cloudinary.com\/turna\/images\/w_681,h_426,c_scale\/f_auto,q_auto:low\/v1622271770\/antalya-ne-yenir\/antalya-ne-yenir.jpg?_i=AA 681w\" data-sizes=\"(max-width: 800px) 100vw, 800px\" data-delivery=\"upload\" onload=\";window.CLDBind?CLDBind(this):null;\" data-cloudinary=\"lazy\" \/><\/figure>\n\n\n\n<p>Ka\u015f mutfa\u011f\u0131, Ege ve Akdeniz\u2019in en g\u00fczel lezzetlerini bir araya getiriyor. Zeytinya\u011fl\u0131lar, taptaze bal\u0131klar, deniz mahsulleri ve mis gibi kokan otlarla haz\u0131rlanm\u0131\u015f mezeler. \u00d6zellikle liman \u00e7evresindeki restoranlarda harika sofralar sizi bekliyor. Ak\u015famlar\u0131 deniz kenar\u0131nda, hafif bir r\u00fczgar e\u015fli\u011finde leziz bir bal\u0131k, kalamar ya da ahtapot \u0131zgara yemeden d\u00f6nmeyin.<\/p>\n\n\n\n<p>Ka\u015f\u2019\u0131n k\u00fc\u00e7\u00fck kafelerinde ve sokak aralar\u0131ndaki lokantalarda da harika s\u00fcrprizlerle kar\u015f\u0131la\u015fabilirsiniz. Ev yap\u0131m\u0131 mant\u0131lardan \u00e7\u0131t\u0131r g\u00f6zlemelere, ke\u00e7i peynirli salatalardan kabak \u00e7i\u00e7e\u011fi dolmalar\u0131na kadar her damak tad\u0131na uygun se\u00e7enek var. Ka\u015f Otelleri aras\u0131nda organik \u00fcr\u00fcnlerle haz\u0131rlanan kahvalt\u0131lar sunan se\u00e7enekler de olduk\u00e7a fazla. Yerel tatlar\u0131 denemeyi sevenler i\u00e7in Ka\u015f adeta bir lezzet cenneti.\u00a0<\/p>\n\n\n\n<h2 class=\"wp-block-heading has-text-align-center has-neeon-button-dark-gray-color has-text-color has-link-color wp-elements-76fe069210e8737fb07cced8481fbee2\"><span class=\"ez-toc-section\" id=\"kasta_mutlaka_yapin\"><\/span><strong><strong><strong><strong><strong>Ka\u015f\u2019ta Mutlaka Yap\u0131n<\/strong><\/strong><\/strong><\/strong><\/strong><span class=\"ez-toc-section-end\"><\/span><\/h2>\n\n\n\n<figure class=\"wp-block-image size-large\"><img decoding=\"async\" src=\"https:\/\/res.cloudinary.com\/turna\/image\/upload\/v1751014270\/wordpress-contents\/ka%C5%9F_otelleri1.jpg\" alt=\"\"\/><\/figure>\n\n\n\n<p>Ka\u015f\u2019ta yap\u0131lacak \u015feyler, g\u00f6r\u00fclecek yerler bitmez ama birka\u00e7 \u00f6neride bulunal\u0131m:<\/p>\n\n\n\n<ul class=\"wp-block-list\">\n<li>\u2693 Kekova tekne turuna kat\u0131l\u0131n ve bat\u0131k \u015fehir kal\u0131nt\u0131lar\u0131n\u0131 g\u00f6r\u00fcn. <\/li>\n\n\n\n<li>\ud83c\udf0a Kaputa\u015f Plaj\u0131\u2019nda denize girin ve turkuaz sular\u0131n tad\u0131n\u0131 \u00e7\u0131kar\u0131n.<\/li>\n\n\n\n<li>\u2600\ufe0f Patara Antik Kenti\u2019ni ziyaret edin ve g\u00fcn bat\u0131m\u0131n\u0131 kumsalda izleyin.<\/li>\n\n\n\n<li>\ud83d\udc1f Dal\u0131\u015f yaparak Ka\u015f\u2019\u0131n su alt\u0131 d\u00fcnyas\u0131n\u0131 ke\u015ffedin.<\/li>\n\n\n\n<li>\ud83d\udecd\ufe0f Ka\u015f \u00e7ar\u015f\u0131s\u0131nda el yap\u0131m\u0131 tak\u0131lar ve hediyelik e\u015fyalar al\u0131n.<\/li>\n\n\n\n<li>\ud83c\udfad Ak\u015fam saatlerinde Ka\u015f amfi tiyatrosunda g\u00fcn bat\u0131m\u0131n\u0131 izleyin.<\/li>\n\n\n\n<li>\ud83d\udeb6 Ka\u015f\u2019\u0131n \u00e7evresindeki Likya Yolu rotalar\u0131nda y\u00fcr\u00fcy\u00fc\u015f yap\u0131n.<\/li>\n<\/ul>\n\n\n\n<p>Tatil i\u00e7in t\u00fcm ihtiya\u00e7lar\u0131n\u0131z Turna&#8217;da. Biletinizi al\u0131n, otelinizi ay\u0131rt\u0131n ve kendinizi Ka\u015f&#8217;\u0131n serin sular\u0131na b\u0131rak\u0131n. \ud83d\udc1a<\/p>\n\n    <div class=\"xs_social_share_widget xs_share_url after_content \t\tmain_content  wslu-style-1 wslu-share-box-shaped wslu-fill-colored wslu-none wslu-share-horizontal wslu-theme-font-no wslu-main_content\">\n\n\t\t\n        <ul>\n\t\t\t        <\/ul>\n    <\/div> \n","protected":false},"excerpt":{"rendered":"<p>Akdeniz\u2019in en g\u00fczel k\u0131y\u0131lar\u0131ndan biri olan Ka\u015f, T\u00fcrkiye\u2019nin en sevilen tatil rotalar\u0131ndan biri. Masmavi koylar\u0131, ta\u015f evleriyle s\u00fcslenmi\u015f dar sokaklar\u0131 ve her k\u00f6\u015fesinden s\u00fcrpriz \u00e7\u0131karan yap\u0131s\u0131yla Ka\u015f, deniz-kum-g\u00fcne\u015f \u00fc\u00e7l\u00fcs\u00fcnden ibaret de\u011fil; bir ke\u015fif ve dinginlik yeri. Tatil anlay\u0131\u015f\u0131n\u0131z ne olursa olsun, Ka\u015f\u2019ta sizi kendine hayran b\u0131rakacak bir \u015fey mutlaka var. Bu yaz\u0131m\u0131zda Ka\u015f\u2019ta nerede kal\u0131n\u0131r [&hellip;]<\/p>\n","protected":false},"author":45,"featured_media":24578,"comment_status":"open","ping_status":"open","sticky":false,"template":"","format":"standard","meta":{"rop_custom_images_group":[],"rop_custom_messages_group":[],"rop_publish_now":"initial","rop_publish_now_accounts":[],"rop_publish_now_history":[],"rop_publish_now_status":"pending","_cloudinary_featured_overwrite":false,"footnotes":""},"categories":[1811],"tags":[306,5340,5339,358,978],"class_list":["post-24574","post","type-post","status-publish","format-standard","has-post-thumbnail","hentry","category-antalya","tag-antalya","tag-bus","tag-flight","tag-kas","tag-seyahat-rehberi"],"_links":{"self":[{"href":"https:\/\/www.turna.com\/blog\/wp-json\/wp\/v2\/posts\/24574","targetHints":{"allow":["GET"]}}],"collection":[{"href":"https:\/\/www.turna.com\/blog\/wp-json\/wp\/v2\/posts"}],"about":[{"href":"https:\/\/www.turna.com\/blog\/wp-json\/wp\/v2\/types\/post"}],"author":[{"embeddable":true,"href":"https:\/\/www.turna.com\/blog\/wp-json\/wp\/v2\/users\/45"}],"replies":[{"embeddable":true,"href":"https:\/\/www.turna.com\/blog\/wp-json\/wp\/v2\/comments?post=24574"}],"version-history":[{"count":0,"href":"https:\/\/www.turna.com\/blog\/wp-json\/wp\/v2\/posts\/24574\/revisions"}],"wp:featuredmedia":[{"embeddable":true,"href":"https:\/\/www.turna.com\/blog\/wp-json\/wp\/v2\/media\/24578"}],"wp:attachment":[{"href":"https:\/\/www.turna.com\/blog\/wp-json\/wp\/v2\/media?parent=24574"}],"wp:term":[{"taxonomy":"category","embeddable":true,"href":"https:\/\/www.turna.com\/blog\/wp-json\/wp\/v2\/categories?post=24574"},{"taxonomy":"post_tag","embeddable":true,"href":"https:\/\/www.turna.com\/blog\/wp-json\/wp\/v2\/tags?post=24574"}],"curies":[{"name":"wp","href":"https:\/\/api.w.org\/{rel}","templated":true}]}}