{"id":24539,"date":"2025-06-26T12:31:36","date_gmt":"2025-06-26T09:31:36","guid":{"rendered":"https:\/\/www.turna.com\/blog\/?p=24539"},"modified":"2025-06-26T13:59:59","modified_gmt":"2025-06-26T10:59:59","slug":"alberobello-gezilecek-yerler","status":"publish","type":"post","link":"https:\/\/www.turna.com\/blog\/alberobello-gezilecek-yerler","title":{"rendered":"\u0130talya&#8217;n\u0131n \u015eirin Kasabas\u0131: Alberobello"},"content":{"rendered":"<div id=\"ez-toc-container\" class=\"ez-toc-v2_0_82_2 counter-hierarchy ez-toc-counter ez-toc-black ez-toc-container-direction\">\n<div class=\"ez-toc-title-container\">\n<p class=\"ez-toc-title\" style=\"cursor:inherit\">\u0130\u00e7indekiler<\/p>\n<span class=\"ez-toc-title-toggle\"><a href=\"#\" class=\"ez-toc-pull-right ez-toc-btn ez-toc-btn-xs ez-toc-btn-default ez-toc-toggle\" aria-label=\"\u0130\u00e7indekiler Tablosunu A\u00e7\/Kapat\"><span class=\"ez-toc-js-icon-con\"><span class=\"\"><span class=\"eztoc-hide\" style=\"display:none;\">Toggle<\/span><span class=\"ez-toc-icon-toggle-span\"><svg style=\"fill: #ffffff;color:#ffffff\" xmlns=\"http:\/\/www.w3.org\/2000\/svg\" class=\"list-377408\" width=\"20px\" height=\"20px\" viewBox=\"0 0 24 24\" fill=\"none\"><path d=\"M6 6H4v2h2V6zm14 0H8v2h12V6zM4 11h2v2H4v-2zm16 0H8v2h12v-2zM4 16h2v2H4v-2zm16 0H8v2h12v-2z\" fill=\"currentColor\"><\/path><\/svg><svg style=\"fill: #ffffff;color:#ffffff\" class=\"arrow-unsorted-368013\" xmlns=\"http:\/\/www.w3.org\/2000\/svg\" width=\"10px\" height=\"10px\" viewBox=\"0 0 24 24\" version=\"1.2\" baseProfile=\"tiny\"><path d=\"M18.2 9.3l-6.2-6.3-6.2 6.3c-.2.2-.3.4-.3.7s.1.5.3.7c.2.2.4.3.7.3h11c.3 0 .5-.1.7-.3.2-.2.3-.5.3-.7s-.1-.5-.3-.7zM5.8 14.7l6.2 6.3 6.2-6.3c.2-.2.3-.5.3-.7s-.1-.5-.3-.7c-.2-.2-.4-.3-.7-.3h-11c-.3 0-.5.1-.7.3-.2.2-.3.5-.3.7s.1.5.3.7z\"\/><\/svg><\/span><\/span><\/span><\/a><\/span><\/div>\n<nav><ul class='ez-toc-list ez-toc-list-level-1 eztoc-toggle-hide-by-default' ><li class='ez-toc-page-1 ez-toc-heading-level-2'><a class=\"ez-toc-link ez-toc-heading-1\" href=\"https:\/\/www.turna.com\/blog\/alberobello-gezilecek-yerler\/#alberobello_kasabasi_nerededir\" >Alberobello Kasabas\u0131 Nerededir?<\/a><\/li><li class='ez-toc-page-1 ez-toc-heading-level-2'><a class=\"ez-toc-link ez-toc-heading-2\" href=\"https:\/\/www.turna.com\/blog\/alberobello-gezilecek-yerler\/#trulli_evleri_nedir\" >Trulli Evleri Nedir?<\/a><\/li><li class='ez-toc-page-1 ez-toc-heading-level-2'><a class=\"ez-toc-link ez-toc-heading-3\" href=\"https:\/\/www.turna.com\/blog\/alberobello-gezilecek-yerler\/#alberobelloda_gezilecek_yerler\" >Alberobello\u2019da Gezilecek Yerler<\/a><\/li><li class='ez-toc-page-1 ez-toc-heading-level-2'><a class=\"ez-toc-link ez-toc-heading-4\" href=\"https:\/\/www.turna.com\/blog\/alberobello-gezilecek-yerler\/#alberobelloya_nasil_gidilir\" >Alberobello\u2019ya Nas\u0131l Gidilir?<\/a><\/li><li class='ez-toc-page-1 ez-toc-heading-level-2'><a class=\"ez-toc-link ez-toc-heading-5\" href=\"https:\/\/www.turna.com\/blog\/alberobello-gezilecek-yerler\/#alberobelloya_ne_zaman_gidilir\" >Alberobello\u2019ya Ne Zaman Gidilir?<\/a><\/li><li class='ez-toc-page-1 ez-toc-heading-level-2'><a class=\"ez-toc-link ez-toc-heading-6\" href=\"https:\/\/www.turna.com\/blog\/alberobello-gezilecek-yerler\/#alberobelloda_denemeniz_gereken_lezzetler\" >Alberobello\u2019da Denemeniz Gereken Lezzetler<\/a><\/li><li class='ez-toc-page-1 ez-toc-heading-level-2'><a class=\"ez-toc-link ez-toc-heading-7\" href=\"https:\/\/www.turna.com\/blog\/alberobello-gezilecek-yerler\/#alberobello_festivalleri\" >Alberobello Festivalleri<\/a><\/li><li class='ez-toc-page-1 ez-toc-heading-level-2'><a class=\"ez-toc-link ez-toc-heading-8\" href=\"https:\/\/www.turna.com\/blog\/alberobello-gezilecek-yerler\/#alberobelloda_unutulmaz_bir_gun_icin_ipuclari\" >Alberobello\u2019da Unutulmaz Bir G\u00fcn \u0130\u00e7in \u0130pu\u00e7lar\u0131<\/a><\/li><\/ul><\/nav><\/div>\n\n<p>\u0130talya\u2019n\u0131n g\u00fcneyinde, Puglia b\u00f6lgesinde konumlanan Alberobello\u2019nun ismi \u201cg\u00fczel a\u011fa\u00e7\u201d anlam\u0131na geliyor. Ad\u0131n\u0131n hakk\u0131n\u0131 verecek g\u00fczellikteki bu rota, ta\u015f sokaklar\u0131nda tarihin izlerini ta\u015f\u0131yan bir masal kasabas\u0131na benziyor. Halk\u0131n\u0131n b\u00fcy\u00fck \u00e7o\u011funlu\u011fu tar\u0131mla u\u011fra\u015fan bu k\u00fc\u00e7\u00fck yerle\u015fim, Puglia\u2019ya \u00f6zg\u00fc Trulli evlerinin merkezi olarak b\u00fcy\u00fck bir \u00fcne sahip. Har\u00e7s\u0131z ta\u015flarla \u00f6r\u00fclm\u00fc\u015f, konik \u00e7at\u0131l\u0131 beyaz yap\u0131lar\u0131yla UNESCO D\u00fcnya Miras\u0131 Listesi\u2019nde yer alan Alberobello, mimarisiyle oldu\u011fu kadar s\u0131cak atmosferiyle de be\u011feni topluyor. Kalabal\u0131klardan uzak, huzurlu ve renkli bir \u0130talya ke\u015ffi hayal edenler i\u00e7in Alberobello mutlaka \u015fans verilmesi gereken destinasyonlar aras\u0131nda yer al\u0131yor. Renkli ve detayl\u0131 bir \u00f6n ke\u015ffe haz\u0131rsan\u0131z, ba\u015fl\u0131yoruz!<\/p>\n\n\n\n<h2 class=\"wp-block-heading has-text-align-center has-neeon-button-dark-gray-color has-text-color has-link-color wp-elements-478ae028b43cc42e068ce9e09019a222\"><span class=\"ez-toc-section\" id=\"alberobello_kasabasi_nerededir\"><\/span><strong>Alberobello Kasabas\u0131 Nerededir?<\/strong><span class=\"ez-toc-section-end\"><\/span><\/h2>\n\n\n\n<figure class=\"wp-block-image size-large\"><img decoding=\"async\" src=\"https:\/\/res.cloudinary.com\/turna\/image\/upload\/v1750921996\/wordpress-contents\/italya_Alberobello.jpg\" alt=\"\"\/><\/figure>\n\n\n\n<p>Alberobello, \u0130talya&#8217;n\u0131n g\u00fcneyinde, Puglia b\u00f6lgesinin tam kalbinde yer al\u0131yor. O me\u015fhur \u00e7izme haritas\u0131n\u0131n topu\u011funda, Bari \u015fehrine yakla\u015f\u0131k bir saatlik mesafede konumlanan bu sevimli kasaba, konuklar\u0131na farkl\u0131 bir d\u00fcnyan\u0131n kap\u0131lar\u0131n\u0131 aral\u0131yor. Konik \u00e7at\u0131l\u0131 Trulli evleriyle masals\u0131 bir atmosfer sunan Alberobello, hem mimarisi hem de dokusu itibar\u0131yla s\u0131radanl\u0131ktan bir hayli uzak. UNESCO taraf\u0131ndan koruma alt\u0131na al\u0131nan bu kasaba, tarih, k\u00fclt\u00fcr ve estetik bir ke\u015ffi tek rotada bulu\u015fturuyor.<\/p>\n\n\n\n<h2 class=\"wp-block-heading has-text-align-center has-neeon-button-dark-gray-color has-text-color has-link-color wp-elements-0d7177277305aaa7879e947726af3183\"><span class=\"ez-toc-section\" id=\"trulli_evleri_nedir\"><\/span><strong>Trulli Evleri Nedir?<\/strong><span class=\"ez-toc-section-end\"><\/span><\/h2>\n\n\n\n<figure class=\"wp-block-image size-large\"><img decoding=\"async\" src=\"https:\/\/res.cloudinary.com\/turna\/image\/upload\/v1750921996\/wordpress-contents\/Alberobello_italy.jpg\" alt=\"\"\/><\/figure>\n\n\n\n<p>Trulli evleri, har\u00e7 kullan\u0131lmadan, yaln\u0131zca kire\u00e7 ta\u015f\u0131yla in\u015fa edilen yap\u0131lar\u0131 tan\u0131ml\u0131yor. Bu evler zaman\u0131nda olduk\u00e7a pratik bir neden i\u00e7in ortaya \u00e7\u0131km\u0131\u015f. O d\u00f6nem \u00e7at\u0131s\u0131 olmayan evler konut say\u0131lmad\u0131\u011f\u0131 ve vergiye tabi olmad\u0131\u011f\u0131 i\u00e7in s\u00f6k\u00fcl\u00fcp yeniden kurulabilen bu konik yap\u0131lar halk\u0131n zekas\u0131yla \u015fekillenmi\u015f diyebiliriz. Bug\u00fcn 1500\u2019den fazla trulliye ev sahipli\u011fi yapan Alberobello\u2019da bu evler sadece ge\u00e7mi\u015fin de\u011fil, g\u00fcnl\u00fck ya\u015fam\u0131n da bir par\u00e7as\u0131 olarak rol al\u0131yor. Kimi hediyelik e\u015fya d\u00fckkan\u0131, kimi kahveci, kimi de k\u00fc\u00e7\u00fck bir m\u00fczeye d\u00f6n\u00fc\u015fm\u00fc\u015f durumda. Alberobello\u2019nun masals\u0131 dokusu bu evlerin \u015firin g\u00f6r\u00fcn\u00fcm\u00fcyle ayr\u0131 bir g\u00fczelli\u011fe b\u00fcr\u00fcn\u00fcyor.<\/p>\n\n\n\n<h2 class=\"wp-block-heading has-text-align-center has-neeon-button-dark-gray-color has-text-color has-link-color wp-elements-233ee83a68f7fd1029350c43b31767b4\"><span class=\"ez-toc-section\" id=\"alberobelloda_gezilecek_yerler\"><\/span><strong>Alberobello\u2019da Gezilecek Yerler<\/strong><span class=\"ez-toc-section-end\"><\/span><\/h2>\n\n\n\n<figure class=\"wp-block-image size-large\"><img decoding=\"async\" src=\"https:\/\/res.cloudinary.com\/turna\/image\/upload\/v1750921996\/wordpress-contents\/alberobello.jpg\" alt=\"\"\/><\/figure>\n\n\n\n<ul class=\"wp-block-list\">\n<li>Rione Monti: En \u00e7ok trulli evinin yer ald\u0131\u011f\u0131, kalabal\u0131k ve b\u00fcy\u00fcleyici sokaklara sahip bir mahalle. Her k\u00f6\u015fesinde unutulmaz foto\u011fraf karelerine imza atabilirsiniz.<\/li>\n\n\n\n<li>Aia Piccola: Daha sakin, daha az turistik ama otantik dokusu \u00e7ok ba\u015far\u0131l\u0131 \u015fekilde korunan bir b\u00f6lge. Sessiz ve huzurlu bir ke\u015fif hayal edenler i\u00e7in do\u011fru tercih.<\/li>\n\n\n\n<li>Trullo Sovrano: Alberobello\u2019nun tek iki katl\u0131 trullisi olarak \u015fans vermeniz gereken duraklar aras\u0131nda. \u0130\u00e7inde minik bir m\u00fcze var ve yerel ya\u015fam\u0131 yak\u0131ndan tan\u0131mak i\u00e7in ideal.<\/li>\n\n\n\n<li>Trullo Siamese: \u0130kiz \u00e7at\u0131l\u0131 yap\u0131s\u0131yla dikkat \u00e7ekiyor. Rivayetlere g\u00f6re iki karde\u015fin dramatik hikayesine de ev sahipli\u011fi yapan bu mekan da gezginlerin pop\u00fcler duraklar\u0131 aras\u0131nda yer al\u0131yor.<\/li>\n\n\n\n<li>Sant\u2019Antonio Kilisesi: Trulli tarz\u0131nda in\u015fa edilmi\u015f bu kilise, kasaban\u0131n ruhani havas\u0131n\u0131 uyumlu \u015fekilde tamaml\u0131yor.<\/li>\n\n\n\n<li>Casa D\u2019Amore: Alberobello\u2019nun \u00f6zg\u00fcrl\u00fck m\u00fccadelesinin simgesi olan bu yap\u0131, tarihe tan\u0131kl\u0131k etmek isteyenler i\u00e7in mutlaka ziyaret edilmesi gereken bir durak.<\/li>\n<\/ul>\n\n\n\n<h2 class=\"wp-block-heading has-text-align-center has-neeon-button-dark-gray-color has-text-color has-link-color wp-elements-cf03c210f621bec4da5bd3b0f472d020\"><span class=\"ez-toc-section\" id=\"alberobelloya_nasil_gidilir\"><\/span>Alberobello\u2019ya Nas\u0131l Gidilir?<span class=\"ez-toc-section-end\"><\/span><\/h2>\n\n\n\n<figure class=\"wp-block-image size-large\"><img decoding=\"async\" src=\"https:\/\/res.cloudinary.com\/turna\/image\/upload\/v1750921996\/wordpress-contents\/italya_kasaba.jpg\" alt=\"\"\/><\/figure>\n\n\n\n<p>Alberobello\u2019ya ula\u015f\u0131m olduk\u00e7a kolay ve keyifli \u015fekilde sa\u011flanabiliyor. Sadece bir<strong><a href=\"https:\/\/www.turna.com\/ucak-bileti\/italya\" data-type=\"link\" data-id=\"https:\/\/www.turna.com\/ucak-bileti\/italya\"> \u0130talya u\u00e7ak bileti <\/a><\/strong>mesafesindeki bu rotaya olan ke\u015ffiniz i\u00e7in biletinizi Bari veya Brindisi havaliman\u0131na alabilirsiniz. Bari\u2019den arabayla yakla\u015f\u0131k 1 saatte ya da tren ve otob\u00fcs kombinasyonuyla Alberobello\u2019ya ula\u015fabilirsiniz. Dilerseniz \u00e7evredeki kasabalar\u0131 da kapsayan bir rota \u00e7izebilirsiniz. Kasaban\u0131n merkezi olduk\u00e7a k\u00fc\u00e7\u00fck ve y\u00fcr\u00fcyerek gezmek i\u00e7in ideal \u00f6zellik ta\u015f\u0131yor. Ancak Arnavut kald\u0131r\u0131ml\u0131 yollar i\u00e7in rahat bir ayakkab\u0131n\u0131z olmas\u0131 \u015fart, sak\u0131n unutmay\u0131n.<\/p>\n\n\n\n<h2 class=\"wp-block-heading has-text-align-center has-neeon-button-dark-gray-color has-text-color has-link-color wp-elements-27286895028a4d79575ef48a36c89abe\"><span class=\"ez-toc-section\" id=\"alberobelloya_ne_zaman_gidilir\"><\/span><strong>Alberobello\u2019ya Ne Zaman Gidilir?<\/strong><span class=\"ez-toc-section-end\"><\/span><\/h2>\n\n\n\n<figure class=\"wp-block-image size-large\"><img decoding=\"async\" src=\"https:\/\/res.cloudinary.com\/turna\/image\/upload\/v1750921996\/wordpress-contents\/Alberobello_ev.jpg\" alt=\"\"\/><\/figure>\n\n\n\n<p>Alberobello&#8217;yu ziyaret etmek i\u00e7in en b\u00fcy\u00fcl\u00fc zaman, ilkbahar ve yaz aylar\u0131 oluyor. Nisan\u2019dan eyl\u00fcl sonuna kadar kasaba ayr\u0131 bir g\u00fczelli\u011fe b\u00fcr\u00fcn\u00fcyor. Bahar\u0131n geli\u015fiyle birlikte do\u011fa canlan\u0131yor, sokaklar \u00e7i\u00e7ekleniyor ve a\u00e7\u0131k havada keyif yapma zaman\u0131 ba\u015fl\u0131yor. Yaz aylar\u0131nda kalabal\u0131k art\u0131yor ama yine de o masals\u0131 dinginlik hissediliyor. Daha sakin ve serin bir atmosfer arayanlar i\u00e7in ise eyl\u00fcl sonu ve ekim ba\u015f\u0131 harika bir alternatif sunuyor. <strong><a href=\"https:\/\/www.turna.com\/otel\/bari\" data-type=\"link\" data-id=\"https:\/\/www.turna.com\/otel\/bari\">Bari otelleri <\/a><\/strong>de farkl\u0131 konsept ve olanaklar\u0131yla y\u0131l boyunca keyifli bir konaklama deneyimi vadediyor.<\/p>\n\n\n\n<h2 class=\"wp-block-heading has-text-align-center has-neeon-button-dark-gray-color has-text-color has-link-color wp-elements-70b9b0f96dd81c66e320db8e3a6e83ee\"><span class=\"ez-toc-section\" id=\"alberobelloda_denemeniz_gereken_lezzetler\"><\/span>Alberobello\u2019da Denemeniz Gereken Lezzetler<span class=\"ez-toc-section-end\"><\/span><\/h2>\n\n\n\n<figure class=\"wp-block-image size-large\"><img decoding=\"async\" src=\"https:\/\/res.cloudinary.com\/turna\/image\/upload\/v1750921996\/wordpress-contents\/italya_yemek.jpg\" alt=\"\"\/><\/figure>\n\n\n\n<p>Puglia mutfa\u011f\u0131, zeytinya\u011f\u0131yla harmanlanm\u0131\u015f taze sebzeler, ev yap\u0131m\u0131 makarnalar ve yerel \u015faraplarla renkli bir sofra sunuyor. \u00d6zellikle makarnalar\u0131n\u0131 farkl\u0131 soslarla denemeden sak\u0131n d\u00f6nmeyin. Peynir tabaklar\u0131, kurutulmu\u015f etler ve ta\u015f f\u0131r\u0131ndan \u00e7\u0131kan pizzalar ise damakta iz b\u0131rakacak bir deneyim vadediyor. Alberobello sokaklar\u0131nda gezerken burnunuza gelen hamur i\u015fi kokular\u0131 sizi \u00e7a\u011f\u0131r\u0131yor gibi hissedebilirsiniz. B\u00f6lgenin ekmekleri ve kruvasanlar\u0131 da bir hayli lezzetli.<\/p>\n\n\n\n<h2 class=\"wp-block-heading has-text-align-center has-neeon-button-dark-gray-color has-text-color has-link-color wp-elements-bc05456d74da9c8b069557538730fd0b\"><span class=\"ez-toc-section\" id=\"alberobello_festivalleri\"><\/span><strong>Alberobello Festivalleri<\/strong><span class=\"ez-toc-section-end\"><\/span><\/h2>\n\n\n\n<figure class=\"wp-block-image size-large\"><img decoding=\"async\" src=\"https:\/\/res.cloudinary.com\/turna\/image\/upload\/v1750921997\/wordpress-contents\/tulip_evleri.jpg\" alt=\"\"\/><\/figure>\n\n\n\n<ul class=\"wp-block-list\">\n<li>Festival del Sovrano: Her y\u0131l a\u011fustos ay\u0131nda d\u00fczenlenen bu festival, Trulli evlerinin g\u00f6lgesinde renkli ve m\u00fczikle dolu ak\u015famlar vadediyor.\u00a0<\/li>\n\n\n\n<li>Alberobello Light Festival: Yaz ba\u015f\u0131nda d\u00fczenlenen bu etkinlikte, Trulli evlerinin konik \u00e7at\u0131lar\u0131 \u0131\u015f\u0131kla boyan\u0131yor. Renkli projeksiyon g\u00f6sterileriyle kasaba bir a\u00e7\u0131k hava sahnesine d\u00f6n\u00fc\u015f\u00fcyor.<\/li>\n\n\n\n<li>International Folk Festival: Geleneksel dans ve m\u00fczi\u011fin kutland\u0131\u011f\u0131 bu festival, d\u00fcnya k\u00fclt\u00fcrlerine uzanan bir deneyim ya\u015famak i\u00e7in birebir.<\/li>\n\n\n\n<li>Beer Within the Trulli: A\u011fustos sonunda ger\u00e7ekle\u015ftirilen bu festivalde, craft biralar ve y\u00f6resel tatlar bir araya geliyor.\u00a0<\/li>\n\n\n\n<li>Natale nei Trulli: Aral\u0131k ay\u0131nda ba\u015flayan Noel festivali, Alberobello&#8217;yu \u0131\u015f\u0131l \u0131\u015f\u0131l bir kasabaya d\u00f6n\u00fc\u015ft\u00fcr\u00fcyor.<\/li>\n<\/ul>\n\n\n\n<h2 class=\"wp-block-heading has-text-align-center has-neeon-button-dark-gray-color has-text-color has-link-color wp-elements-6b08e3532227a97e8b1a1b09979b7334\"><span class=\"ez-toc-section\" id=\"alberobelloda_unutulmaz_bir_gun_icin_ipuclari\"><\/span><strong>Alberobello\u2019da Unutulmaz Bir G\u00fcn \u0130\u00e7in \u0130pu\u00e7lar\u0131<\/strong><span class=\"ez-toc-section-end\"><\/span><\/h2>\n\n\n\n<figure class=\"wp-block-image size-large\"><img decoding=\"async\" src=\"https:\/\/res.cloudinary.com\/turna\/image\/upload\/v1750921996\/wordpress-contents\/lemon_croissant.jpg\" alt=\"\"\/><\/figure>\n\n\n\n<p><\/p>\n\n\n\n<p>\ud83c\udf4b Sabah:<br>Rione Monti&#8217;nin ta\u015f sokaklar\u0131nda limonlu kruvasan e\u015fli\u011finde g\u00fcne ba\u015flayabilirsiniz.<\/p>\n\n\n\n<p>\ud83e\uddf5 Al\u0131\u015fveri\u015f ve Hediyelik:<br>Kap\u0131 \u00f6nlerinde dantel i\u015fleyen kad\u0131nlardan el yap\u0131m\u0131 bir hat\u0131ral\u0131k almay\u0131 unutmay\u0131n. Evlerin hemen hepsinde hediyelik e\u015fyalar sat\u0131l\u0131yor ve her biri kasaban\u0131n ruhunu yans\u0131t\u0131yor.<\/p>\n\n\n\n<p>\ud83c\udf5d \u00d6\u011fle Yeme\u011fi:<br>Ta\u015f duvarl\u0131 bir Trullo restoran\u0131nda orecchiette makarna sipari\u015f edin, \u00fczerine bolca Puglia zeytinya\u011f\u0131 gezdirin.<\/p>\n\n\n\n<p>\ud83c\udf05 Manzara:<br>G\u00fcn bat\u0131m\u0131nda \u00fcst k\u0131s\u0131mlara t\u0131rman\u0131n ve beyaz \u00e7at\u0131lar \u00fczerinden batan g\u00fcne\u015fin dans\u0131n\u0131 izleyin.<\/p>\n\n\n\n<p>\ud83c\udf66 Kapan\u0131\u015f:<br>Ev yap\u0131m\u0131 dondurma al\u0131p sokaklarda y\u00fcr\u00fcyerek bu masal tad\u0131nda g\u00fcn\u00fc tamamlay\u0131n.<\/p>\n\n    <div class=\"xs_social_share_widget xs_share_url after_content \t\tmain_content  wslu-style-1 wslu-share-box-shaped wslu-fill-colored wslu-none wslu-share-horizontal wslu-theme-font-no wslu-main_content\">\n\n\t\t\n        <ul>\n\t\t\t        <\/ul>\n    <\/div> \n","protected":false},"excerpt":{"rendered":"<p>\u0130talya\u2019n\u0131n g\u00fcneyinde, Puglia b\u00f6lgesinde konumlanan Alberobello\u2019nun ismi \u201cg\u00fczel a\u011fa\u00e7\u201d anlam\u0131na geliyor. Ad\u0131n\u0131n hakk\u0131n\u0131 verecek g\u00fczellikteki bu rota, ta\u015f sokaklar\u0131nda tarihin izlerini ta\u015f\u0131yan bir masal kasabas\u0131na benziyor. Halk\u0131n\u0131n b\u00fcy\u00fck \u00e7o\u011funlu\u011fu tar\u0131mla u\u011fra\u015fan bu k\u00fc\u00e7\u00fck yerle\u015fim, Puglia\u2019ya \u00f6zg\u00fc Trulli evlerinin merkezi olarak b\u00fcy\u00fck bir \u00fcne sahip. Har\u00e7s\u0131z ta\u015flarla \u00f6r\u00fclm\u00fc\u015f, konik \u00e7at\u0131l\u0131 beyaz yap\u0131lar\u0131yla UNESCO D\u00fcnya Miras\u0131 Listesi\u2019nde [&hellip;]<\/p>\n","protected":false},"author":44,"featured_media":24540,"comment_status":"open","ping_status":"open","sticky":false,"template":"","format":"standard","meta":{"rop_custom_images_group":[],"rop_custom_messages_group":[],"rop_publish_now":"initial","rop_publish_now_accounts":[],"rop_publish_now_history":[],"rop_publish_now_status":"pending","_cloudinary_featured_overwrite":false,"footnotes":""},"categories":[27,1],"tags":[5339,40],"class_list":["post-24539","post","type-post","status-publish","format-standard","has-post-thumbnail","hentry","category-italya","category-seyahat-rehberi","tag-flight","tag-italya"],"_links":{"self":[{"href":"https:\/\/www.turna.com\/blog\/wp-json\/wp\/v2\/posts\/24539","targetHints":{"allow":["GET"]}}],"collection":[{"href":"https:\/\/www.turna.com\/blog\/wp-json\/wp\/v2\/posts"}],"about":[{"href":"https:\/\/www.turna.com\/blog\/wp-json\/wp\/v2\/types\/post"}],"author":[{"embeddable":true,"href":"https:\/\/www.turna.com\/blog\/wp-json\/wp\/v2\/users\/44"}],"replies":[{"embeddable":true,"href":"https:\/\/www.turna.com\/blog\/wp-json\/wp\/v2\/comments?post=24539"}],"version-history":[{"count":0,"href":"https:\/\/www.turna.com\/blog\/wp-json\/wp\/v2\/posts\/24539\/revisions"}],"wp:featuredmedia":[{"embeddable":true,"href":"https:\/\/www.turna.com\/blog\/wp-json\/wp\/v2\/media\/24540"}],"wp:attachment":[{"href":"https:\/\/www.turna.com\/blog\/wp-json\/wp\/v2\/media?parent=24539"}],"wp:term":[{"taxonomy":"category","embeddable":true,"href":"https:\/\/www.turna.com\/blog\/wp-json\/wp\/v2\/categories?post=24539"},{"taxonomy":"post_tag","embeddable":true,"href":"https:\/\/www.turna.com\/blog\/wp-json\/wp\/v2\/tags?post=24539"}],"curies":[{"name":"wp","href":"https:\/\/api.w.org\/{rel}","templated":true}]}}