{"id":24476,"date":"2025-06-23T15:18:55","date_gmt":"2025-06-23T12:18:55","guid":{"rendered":"https:\/\/www.turna.com\/blog\/?p=24476"},"modified":"2025-11-07T13:19:51","modified_gmt":"2025-11-07T10:19:51","slug":"kahve-severler-icin-en-iyi-destinasyonlar","status":"publish","type":"post","link":"https:\/\/www.turna.com\/blog\/kahve-severler-icin-en-iyi-destinasyonlar","title":{"rendered":"Kahve Severler \u0130\u00e7in En \u0130yi Destinasyonlar"},"content":{"rendered":"<div id=\"ez-toc-container\" class=\"ez-toc-v2_0_82_2 counter-hierarchy ez-toc-counter ez-toc-black ez-toc-container-direction\">\n<div class=\"ez-toc-title-container\">\n<p class=\"ez-toc-title\" style=\"cursor:inherit\">\u0130\u00e7indekiler<\/p>\n<span class=\"ez-toc-title-toggle\"><a href=\"#\" class=\"ez-toc-pull-right ez-toc-btn ez-toc-btn-xs ez-toc-btn-default ez-toc-toggle\" aria-label=\"\u0130\u00e7indekiler Tablosunu A\u00e7\/Kapat\"><span class=\"ez-toc-js-icon-con\"><span class=\"\"><span class=\"eztoc-hide\" style=\"display:none;\">Toggle<\/span><span class=\"ez-toc-icon-toggle-span\"><svg style=\"fill: #ffffff;color:#ffffff\" xmlns=\"http:\/\/www.w3.org\/2000\/svg\" class=\"list-377408\" width=\"20px\" height=\"20px\" viewBox=\"0 0 24 24\" fill=\"none\"><path d=\"M6 6H4v2h2V6zm14 0H8v2h12V6zM4 11h2v2H4v-2zm16 0H8v2h12v-2zM4 16h2v2H4v-2zm16 0H8v2h12v-2z\" fill=\"currentColor\"><\/path><\/svg><svg style=\"fill: #ffffff;color:#ffffff\" class=\"arrow-unsorted-368013\" xmlns=\"http:\/\/www.w3.org\/2000\/svg\" width=\"10px\" height=\"10px\" viewBox=\"0 0 24 24\" version=\"1.2\" baseProfile=\"tiny\"><path d=\"M18.2 9.3l-6.2-6.3-6.2 6.3c-.2.2-.3.4-.3.7s.1.5.3.7c.2.2.4.3.7.3h11c.3 0 .5-.1.7-.3.2-.2.3-.5.3-.7s-.1-.5-.3-.7zM5.8 14.7l6.2 6.3 6.2-6.3c.2-.2.3-.5.3-.7s-.1-.5-.3-.7c-.2-.2-.4-.3-.7-.3h-11c-.3 0-.5.1-.7.3-.2.2-.3.5-.3.7s.1.5.3.7z\"\/><\/svg><\/span><\/span><\/span><\/a><\/span><\/div>\n<nav><ul class='ez-toc-list ez-toc-list-level-1 eztoc-toggle-hide-by-default' ><li class='ez-toc-page-1 ez-toc-heading-level-2'><a class=\"ez-toc-link ez-toc-heading-1\" href=\"https:\/\/www.turna.com\/blog\/kahve-severler-icin-en-iyi-destinasyonlar\/#kahve_severler_icin_en_iyi_10_destinasyon\" >Kahve Severler i\u00e7in En \u0130yi 10 Destinasyon<\/a><ul class='ez-toc-list-level-3' ><li class='ez-toc-heading-level-3'><a class=\"ez-toc-link ez-toc-heading-2\" href=\"https:\/\/www.turna.com\/blog\/kahve-severler-icin-en-iyi-destinasyonlar\/#italya\" >\u0130talya<\/a><\/li><li class='ez-toc-page-1 ez-toc-heading-level-3'><a class=\"ez-toc-link ez-toc-heading-3\" href=\"https:\/\/www.turna.com\/blog\/kahve-severler-icin-en-iyi-destinasyonlar\/#vietnam\" >Vietnam<\/a><\/li><li class='ez-toc-page-1 ez-toc-heading-level-3'><a class=\"ez-toc-link ez-toc-heading-4\" href=\"https:\/\/www.turna.com\/blog\/kahve-severler-icin-en-iyi-destinasyonlar\/#bali_endonezya\" >Bali, Endonezya<\/a><\/li><li class='ez-toc-page-1 ez-toc-heading-level-3'><a class=\"ez-toc-link ez-toc-heading-5\" href=\"https:\/\/www.turna.com\/blog\/kahve-severler-icin-en-iyi-destinasyonlar\/#kolombiya\" >Kolombiya<\/a><\/li><li class='ez-toc-page-1 ez-toc-heading-level-3'><a class=\"ez-toc-link ez-toc-heading-6\" href=\"https:\/\/www.turna.com\/blog\/kahve-severler-icin-en-iyi-destinasyonlar\/#paris_fransa\" >Paris, Fransa<\/a><\/li><li class='ez-toc-page-1 ez-toc-heading-level-3'><a class=\"ez-toc-link ez-toc-heading-7\" href=\"https:\/\/www.turna.com\/blog\/kahve-severler-icin-en-iyi-destinasyonlar\/#tayland\" >Tayland<\/a><\/li><li class='ez-toc-page-1 ez-toc-heading-level-3'><a class=\"ez-toc-link ez-toc-heading-8\" href=\"https:\/\/www.turna.com\/blog\/kahve-severler-icin-en-iyi-destinasyonlar\/#brezilya\" >Brezilya<\/a><\/li><li class='ez-toc-page-1 ez-toc-heading-level-3'><a class=\"ez-toc-link ez-toc-heading-9\" href=\"https:\/\/www.turna.com\/blog\/kahve-severler-icin-en-iyi-destinasyonlar\/#hollanda\" >Hollanda<\/a><\/li><li class='ez-toc-page-1 ez-toc-heading-level-3'><a class=\"ez-toc-link ez-toc-heading-10\" href=\"https:\/\/www.turna.com\/blog\/kahve-severler-icin-en-iyi-destinasyonlar\/#etiyopya\" >Etiyopya<\/a><\/li><li class='ez-toc-page-1 ez-toc-heading-level-3'><a class=\"ez-toc-link ez-toc-heading-11\" href=\"https:\/\/www.turna.com\/blog\/kahve-severler-icin-en-iyi-destinasyonlar\/#peru\" >Peru<\/a><\/li><li class='ez-toc-page-1 ez-toc-heading-level-3'><a class=\"ez-toc-link ez-toc-heading-12\" href=\"https:\/\/www.turna.com\/blog\/kahve-severler-icin-en-iyi-destinasyonlar\/#bonus_turkiye\" >Bonus: T\u00fcrkiye<\/a><\/li><li class='ez-toc-page-1 ez-toc-heading-level-3'><a class=\"ez-toc-link ez-toc-heading-13\" href=\"https:\/\/www.turna.com\/blog\/kahve-severler-icin-en-iyi-destinasyonlar\/#sik_sorulan_sorular\" >S\u0131k Sorulan Sorular<\/a><\/li><li class='ez-toc-page-1 ez-toc-heading-level-3'><a class=\"ez-toc-link ez-toc-heading-14\" href=\"https:\/\/www.turna.com\/blog\/kahve-severler-icin-en-iyi-destinasyonlar\/#kahve_en_cok_nerede_tuketilir\" >Kahve en \u00e7ok nerede t\u00fcketilir?<\/a><\/li><li class='ez-toc-page-1 ez-toc-heading-level-3'><a class=\"ez-toc-link ez-toc-heading-15\" href=\"https:\/\/www.turna.com\/blog\/kahve-severler-icin-en-iyi-destinasyonlar\/#dunyada_en_cok_kahve_tuketen_ulke_hangisidir\" >D\u00fcnyada en \u00e7ok kahve t\u00fcketen \u00fclke hangisidir?<\/a><\/li><\/ul><\/li><\/ul><\/nav><\/div>\n\n<p>Sizin i\u00e7in sabaha ba\u015flaman\u0131n en keyifli yolu mis gibi kokan bir fincan kahveyse ve hatta o kokunun pe\u015finden yollara d\u00fc\u015ferim diyorsan\u0131z, tam da olman\u0131z gereken yerdesiniz. E\u011fer kahve sizin i\u00e7in bir tutkuysa, o zaman valizinizi haz\u0131rlaman\u0131z\u0131n tam vakti! Bu ke\u015ffimizde, yaln\u0131zca kahveyi de\u011fil, ona hayat veren k\u00fclt\u00fcrleri de tan\u0131yaca\u011f\u0131z. Etiyopya\u2019n\u0131n da\u011f k\u00f6ylerinden Paris\u2019in zarif kafelerine, \u0130stanbul\u2019un nostaljik sokaklar\u0131ndan Peru\u2019nun y\u00fcksek rak\u0131ml\u0131 kahve tarlalar\u0131na uzanan bu yolculukta, her yudumda sizi bamba\u015fka bir k\u00fclt\u00fcrle bulu\u015fturaca\u011f\u0131z. Haz\u0131rsan\u0131z, kahve kokusunun pusula oldu\u011fu bir yolculu\u011fa ba\u015fl\u0131yoruz; her fincanda bir \u015fehri, her yudumda bir hikayeyi ke\u015ffetmeye gidiyoruz.<\/p>\n\n\n\n<h2 class=\"wp-block-heading has-text-align-center has-neeon-button-dark-gray-color has-text-color has-link-color wp-elements-1bd93305b448c6ff73f6a10e7777b83b\"><span class=\"ez-toc-section\" id=\"kahve_severler_icin_en_iyi_10_destinasyon\"><\/span><strong><strong><strong><strong><strong><strong><strong><strong><strong><strong>Kahve Severler i\u00e7in En \u0130yi 10 Destinasyon<\/strong><\/strong><\/strong><\/strong><\/strong><\/strong><\/strong><\/strong><\/strong><\/strong><span class=\"ez-toc-section-end\"><\/span><\/h2>\n\n\n\n<figure class=\"wp-block-image size-large\"><img width=\"1600\" height=\"1000\" decoding=\"async\" src=\"data:image\/svg+xml;base64,PHN2ZyB4bWxucz0iaHR0cDovL3d3dy53My5vcmcvMjAwMC9zdmciIHdpZHRoPSIxNjAwIiBoZWlnaHQ9IjEwMDAiPjxyZWN0IHdpZHRoPSIxMDAlIiBoZWlnaHQ9IjEwMCUiPjxhbmltYXRlIGF0dHJpYnV0ZU5hbWU9ImZpbGwiIHZhbHVlcz0icmdiYSgxNTMsMTUzLDE1MywwLjUpO3JnYmEoMTUzLDE1MywxNTMsMC4xKTtyZ2JhKDE1MywxNTMsMTUzLDAuNSkiIGR1cj0iMnMiIHJlcGVhdENvdW50PSJpbmRlZmluaXRlIiAvPjwvcmVjdD48L3N2Zz4=\" alt=\"\" data-public-id=\"wordpress-contents\/blog_genel\/blog_genel.jpg\" class=\"wp-post-24476 wp-image-24490\" data-format=\"jpg\" data-transformations=\"f_auto,q_auto:low\" data-version=\"1750681308\" data-seo=\"1\" data-size=\"1600 1000\" data-srcset=\"https:\/\/res.cloudinary.com\/turna\/images\/f_auto,q_auto:low\/v1750681308\/wordpress-contents\/blog_genel\/blog_genel.jpg?_i=AA 1600w, https:\/\/res.cloudinary.com\/turna\/images\/w_1000,h_625,c_scale\/f_auto,q_auto:low\/v1750681308\/wordpress-contents\/blog_genel\/blog_genel.jpg?_i=AA 1000w, https:\/\/res.cloudinary.com\/turna\/images\/w_1024,h_640,c_scale\/f_auto,q_auto:low\/v1750681308\/wordpress-contents\/blog_genel\/blog_genel.jpg?_i=AA 1024w, https:\/\/res.cloudinary.com\/turna\/images\/w_300,h_188,c_scale\/f_auto,q_auto:low\/v1750681308\/wordpress-contents\/blog_genel\/blog_genel.jpg?_i=AA 300w, https:\/\/res.cloudinary.com\/turna\/images\/w_1536,h_960,c_scale\/f_auto,q_auto:low\/v1750681308\/wordpress-contents\/blog_genel\/blog_genel.jpg?_i=AA 1536w\" data-sizes=\"(max-width: 1600px) 100vw, 1600px\" data-delivery=\"upload\" onload=\";window.CLDBind?CLDBind(this):null;\" data-cloudinary=\"lazy\" \/><\/figure>\n\n\n\n<p>Kahve sizin i\u00e7in sadece bir i\u00e7ecek de\u011fil, t\u00fcm keyifli t\u00fcm anlar\u0131n\u0131zda akl\u0131n\u0131za d\u00fc\u015fen vazge\u00e7ilmez bir e\u015flik\u00e7iyse ho\u015f geldiniz! D\u00fcnyan\u0131n d\u00f6rt bir yan\u0131ndaki kahve duraklar\u0131n\u0131 ve k\u00fclt\u00fcrlerini ke\u015ffetmeye haz\u0131rsan\u0131z ilk dura\u011f\u0131m\u0131zla ke\u015ffimize ba\u015fl\u0131yoruz.<\/p>\n\n\n\n<h3 class=\"wp-block-heading has-text-align-center has-neeon-button-dark-gray-color has-text-color has-link-color wp-elements-5b3c85253b4f2cd26987dd3f18e56c4e\"><span class=\"ez-toc-section\" id=\"italya\"><\/span><strong><strong><strong><strong><strong><strong><strong><strong>\u0130talya<\/strong><\/strong><\/strong><\/strong><\/strong><\/strong><\/strong><\/strong><span class=\"ez-toc-section-end\"><\/span><\/h3>\n\n\n\n<figure class=\"wp-block-image size-large\"><img decoding=\"async\" src=\"https:\/\/res.cloudinary.com\/turna\/image\/upload\/v1750665655\/wordpress-contents\/italya.jpg\" alt=\"\"\/><\/figure>\n\n\n\n<p>\u0130talya denince akla gelen ilk \u015feylerden biri hi\u00e7 \u015f\u00fcphesiz kahve. \u00c7\u00fcnk\u00fc d\u00f6rt bir yan\u0131 ke\u015ffedilecek g\u00fczelliklerle \u00e7evrili bu rotada kahve bir i\u00e7ecekten \u00e7ok daha fazlas\u0131n\u0131 ifade ediyor. \u0130talya\u2019da kahve i\u00e7mek bir rit\u00fceli, bir gelene\u011fi temsil ediyor. Yerli halk sokak aralar\u0131ndaki k\u00fc\u00e7\u00fcc\u00fck espresso barlardan tarihi kafelere kadar, g\u00fcn\u00fcn her saati kahveyle i\u00e7 i\u00e7e bir rutin s\u00fcrd\u00fcr\u00fcyor. G\u00fcnler genellikle sabahlar\u0131 ayakta h\u0131zla i\u00e7ilen bir espresso ile ba\u015fl\u0131yor. \u0130talya\u2019da bir kahve istedi\u011finizde do\u011frudan bir espresso geliyor. Cappuccino, cafe latte ve macchiato da \u0130talyanlar\u0131n g\u00fcn\u00fcn farkl\u0131 anlar\u0131nda s\u0131k tercih edilen kahve t\u00fcrleri aras\u0131nda yer al\u0131yor.<br>Roma\u2019n\u0131n tarihi meydanlar\u0131nda, Floransa\u2019n\u0131n zarif sokaklar\u0131nda ya da Milano\u2019nun modern kafelerinde her yudumda bir par\u00e7a \u0130talya\u2019yla bulu\u015fmak m\u00fcmk\u00fcn oluyor. Bu \u00fclkede kahve sosyalle\u015fmenin ve ya\u015fam\u0131n tam kalbinde duran bir al\u0131\u015fkanl\u0131k olarak seyahatinize ho\u015f bir renk katmak \u00fczere ke\u015ffinizi bekliyor. \u0130talya\u2019n\u0131n ke\u015ffe de\u011fer g\u00fczellikleri ve lezzetleri yaln\u0131zca bir <a href=\"https:\/\/www.turna.com\/ucak-bileti\/italya\"><strong>\u0130talya u\u00e7ak bileti<\/strong> <\/a>mesafesinde!<\/p>\n\n\n\n<h3 class=\"wp-block-heading has-text-align-center has-neeon-button-dark-gray-color has-text-color has-link-color wp-elements-6ef91af16954fd648221038b78aa2332\"><span class=\"ez-toc-section\" id=\"vietnam\"><\/span><strong><strong><strong><strong><strong><strong><strong><strong><strong>Vietnam<\/strong><\/strong><\/strong><\/strong><\/strong><\/strong><\/strong><\/strong><\/strong><span class=\"ez-toc-section-end\"><\/span><\/h3>\n\n\n\n<figure class=\"wp-block-image size-large\"><img decoding=\"async\" src=\"https:\/\/res.cloudinary.com\/turna\/image\/upload\/v1750665656\/wordpress-contents\/vietnam.jpg\" alt=\"\"\/><\/figure>\n\n\n\n<p>Vietnam\u2019da kahve sadece bir i\u00e7ecek de\u011fil, adeta bir \u00f6zel ke\u015fif alan\u0131. \u00d6zellikle ba\u015fkent Hanoi, \u00fclkenin kahve k\u00fclt\u00fcr\u00fcn\u00fcn kalbi olarak kabul g\u00f6r\u00fcyor. Burada sabahlar\u0131 geleneksel filtre y\u00f6ntemiyle demlenen sert Vietnam kahvesiyle g\u00fcne ba\u015flan\u0131yor. Ancak as\u0131l \u00f6zg\u00fcn tat, ca phe trung yani Vietnam\u2019\u0131n me\u015fhur yumurtal\u0131 kahvesi. \u0130lk kez 1940\u2019larda Hanoi\u2019de ortaya \u00e7\u0131kan bu tarifte, yumurta sar\u0131s\u0131 yo\u011funla\u015ft\u0131r\u0131lm\u0131\u015f s\u00fctle \u00e7\u0131rp\u0131larak kadifemsi bir krema haline getiriliyor ve ard\u0131ndan s\u0131cak kahvenin \u00fczerine ekleniyor. Ortaya tatl\u0131yla i\u00e7ece\u011fin aras\u0131nda kalan e\u015fsiz bir lezzet \u00e7\u0131k\u0131yor.<\/p>\n\n\n\n<p>Hanoi&#8217;nin tarihi Old Quarter b\u00f6lgesinde k\u00fc\u00e7\u00fck, al\u00e7ak tabureli sokak kafelerinde bu i\u00e7ece\u011fi yudumlamak bir gelenek olarak Vietnam ke\u015ffinde mutlaka denemeniz gerekenler aras\u0131nda yer al\u0131yor. Yolculu\u011funuzu biraz daha derinle\u015ftirerek, Hue ve Da Nang gibi \u015fehirlerde de kahve k\u00fclt\u00fcr\u00fcn\u00fcn farkl\u0131 yorumlar\u0131n\u0131 ke\u015ffedebilirsiniz. Vietnam\u2019da kahve, yaln\u0131zca lezzet de\u011fil; yava\u015flay\u0131p an\u0131 yakalamaya davet eden \u00f6zel bir mola.<\/p>\n\n\n\n<h3 class=\"wp-block-heading has-text-align-center has-neeon-button-dark-gray-color has-text-color has-link-color wp-elements-f525f7661101fca77b3092301ea63c95\"><span class=\"ez-toc-section\" id=\"bali_endonezya\"><\/span><strong><strong><strong><strong><strong><strong><strong><strong><strong>Bali, Endonezya<\/strong><\/strong><\/strong><\/strong><\/strong><\/strong><\/strong><\/strong><\/strong><span class=\"ez-toc-section-end\"><\/span><\/h3>\n\n\n\n<figure class=\"wp-block-image size-large\"><img decoding=\"async\" src=\"https:\/\/res.cloudinary.com\/turna\/image\/upload\/v1750665656\/wordpress-contents\/bali.jpg\" alt=\"\"\/><\/figure>\n\n\n\n<p>Bali, yaln\u0131zca tropik plajlar\u0131yla de\u011fil, ayn\u0131 zamanda kendine \u00f6zg\u00fc kahve k\u00fclt\u00fcr\u00fcyle de b\u00fcy\u00fcleyici bir rota. Endonezya\u2019n\u0131n zengin volkanik topraklar\u0131, bu b\u00f6lgeyi kahve yeti\u015ftiricili\u011fi i\u00e7in bi\u00e7ilmi\u015f kaftan haline getiriyor. Bilhassa Bali\u2019de, geleneksel olarak koyu kavrulmu\u015f, \u015fekerle tatland\u0131r\u0131lm\u0131\u015f ve filtresiz \u015fekilde haz\u0131rlanan kahveler tercih ediliyor. Kintamani b\u00f6lgesi, Bali\u2019de kahve \u00fcretiminin kalbi olarak tan\u0131n\u0131yor. Elbette Bali\u2019ye gelmi\u015fken, d\u00fcnyaca \u00fcnl\u00fc ve tart\u0131\u015fmal\u0131 kopi luwak\u2019\u0131 da deneyebilirsiniz. Luwak ad\u0131 verilen k\u00fc\u00e7\u00fck bir memelinin sindirim s\u00fcrecinden ge\u00e7en kahve \u00e7ekirdeklerinden elde edilen bu i\u00e7ecek, bir\u00e7ok gezginin merak etti\u011fi bir tat.&nbsp;<\/p>\n\n\n\n<p>\u00dcstelik Bali\u2019de deneyimleyecekleriniz e\u015fsiz lezzette kahvelerle s\u0131n\u0131rl\u0131 de\u011fil. Pirin\u00e7 tarlalar\u0131 ve volkanik da\u011f manzaralar\u0131 e\u015fli\u011finde b\u00fcy\u00fcleyici bir yolculu\u011fa \u00e7\u0131kabilir, Batur G\u00f6l\u00fc \u00e7evresinde y\u00fcr\u00fcy\u00fc\u015f yaparak adan\u0131n do\u011fayla i\u00e7 i\u00e7e ruhunu ke\u015ffedebilirsiniz. G\u00fcn\u00fcn yorgunlu\u011funu atmak i\u00e7in ise rotan\u0131z\u0131 Bali\u2019nin \u00fcnl\u00fc plajlar\u0131na \u00e7evirebilirsiniz. T\u00fcm bu g\u00fczelliklere bir <strong><a href=\"https:\/\/www.turna.com\/ucak-bileti\/endonezya-id\">Endonezya u\u00e7ak bileti<\/a><\/strong> mesafesindesiniz!<\/p>\n\n\n\n<h3 class=\"wp-block-heading has-text-align-center has-neeon-button-dark-gray-color has-text-color has-link-color wp-elements-f92947dc6772f5fcf99fdf9674fa6656\"><span class=\"ez-toc-section\" id=\"kolombiya\"><\/span><strong><strong><strong><strong><strong><strong><strong><strong><strong>Kolombiya<\/strong><\/strong><\/strong><\/strong><\/strong><\/strong><\/strong><\/strong><\/strong><span class=\"ez-toc-section-end\"><\/span><\/h3>\n\n\n\n<figure class=\"wp-block-image size-large\"><img decoding=\"async\" src=\"https:\/\/res.cloudinary.com\/turna\/image\/upload\/v1750665655\/wordpress-contents\/Kolombiya.jpg\" alt=\"\"\/><\/figure>\n\n\n\n<p>Kolombiya\u2019da kahve, \u00fclke k\u00fclt\u00fcr\u00fcn\u00fcn temel \u00f6\u011feleri aras\u0131nda yer al\u0131yor. \u00dclkenin bat\u0131s\u0131nda, And Da\u011flar\u0131\u2019n\u0131n eteklerine serpi\u015ftirilmi\u015f say\u0131s\u0131z kahve \u00e7iftli\u011fi, muazzam bir manzara e\u015fli\u011finde d\u00fcnyan\u0131n en nitelikli Arabica \u00e7ekirdeklerini yeti\u015ftiriyor. \u00d6zellikle Caldas, Quind\u00edo ve Risaralda\u2019dan olu\u015fan kahve \u00fc\u00e7geni, Kolombiya&#8217;n\u0131n en verimli ve ziyaret edilesi b\u00f6lgeleri aras\u0131nda yer al\u0131yor. Bu b\u00f6lgede, \u00e7iftlikleri gezip kahvenin hasattan fincana uzanan yolculu\u011funa tan\u0131kl\u0131k edebilirsiniz. Kahveye adanm\u0131\u015f bir g\u00fcn ge\u00e7irmek isteyenler i\u00e7in en keyifli duraklardan bir di\u011feri ise Quindio&#8217;daki National Coffee Park. Burada Kolombiya kahvesinin tarihi, e\u011flence park\u0131 atmosferiyle harmanlan\u0131yor. Teleferikle da\u011flar\u0131n \u00fczerinden ge\u00e7ebilir, kahve temal\u0131 bah\u00e7eleri gezebilir, hatta aromatik \u00e7al\u0131l\u0131klar aras\u0131nda y\u00fcr\u00fcy\u00fc\u015fe \u00e7\u0131kabilirsiniz. Kolombiya\u2019da kahve, her yudumda co\u011frafyan\u0131n ruhunu ta\u015f\u0131yan bir deneyim vadediyor. T\u00fcm bu g\u00f6z al\u0131c\u0131 ke\u015fifler i\u00e7in <a href=\"https:\/\/www.turna.com\/ucak-bileti\/kolombiya\"><strong>Kolombiya u\u00e7ak bileti<\/strong> <\/a>alternatifleri avantajl\u0131 fiyatlarla Turna\u2019da ke\u015ffinizi bekliyor!<\/p>\n\n\n\n<h3 class=\"wp-block-heading has-text-align-center has-neeon-button-dark-gray-color has-text-color has-link-color wp-elements-83cc806e0059575faa88649110781d9e\"><span class=\"ez-toc-section\" id=\"paris_fransa\"><\/span><strong><strong><strong><strong><strong><strong><strong><strong><strong>Paris, Fransa<\/strong><\/strong><\/strong><\/strong><\/strong><\/strong><\/strong><\/strong><\/strong><span class=\"ez-toc-section-end\"><\/span><\/h3>\n\n\n\n<figure class=\"wp-block-image size-large\"><img decoding=\"async\" src=\"https:\/\/res.cloudinary.com\/turna\/image\/upload\/v1750665655\/wordpress-contents\/paris.jpg\" alt=\"\"\/><\/figure>\n\n\n\n<p>Paris, kahvenin hayata k\u0131sa bir mola verme ve hissetme an\u0131 oldu\u011fu \u015fehirlerin ba\u015f\u0131nda geliyor. Frans\u0131z ba\u015fkentinde sabahlar k\u00fc\u00e7\u00fck bir kahve e\u015fli\u011finde ba\u015fl\u0131yor ve mekanlarda sandalyeler daima d\u0131\u015far\u0131ya d\u00f6n\u00fck oluyor. \u00c7\u00fcnk\u00fc Paris\u2019te kahve i\u00e7erken hayat\u0131 izlemek olmazsa olmaz deneyimler aras\u0131nda yer al\u0131yor. Saint-Germain-des-Pres\u2019deki tarihi kafelerden Marais\u2019nin modern kahve barlar\u0131na kadar uzanan rotada, hem klasik Frans\u0131z havas\u0131 solunabiliyor hem de \u00fc\u00e7\u00fcnc\u00fc dalga kahvecili\u011fin y\u00fckseli\u015fine tan\u0131kl\u0131k edilebiliyor.<\/p>\n\n\n\n<p>Paris\u2019in simgesi haline gelmi\u015f Cafe de Flore veya Les Deux Magots gibi mekanlar, bir kahveden fazlas\u0131n\u0131 sunuyor.&nbsp; Ayr\u0131ca Canal Saint-Martin ve Bastille civar\u0131nda, modern kafelerde hem \u00f6zenle demlenmi\u015f kahveler hem de samimi atmosferler sizi bekliyor. Paris\u2019in zarafetini hissedece\u011finiz keyifli konaklama alternatifleri i\u00e7in <strong><a href=\"https:\/\/www.turna.com\/otel\/paris\">Paris otelleri<\/a> <\/strong>sayfas\u0131na g\u00f6z atmay\u0131 sak\u0131n unutmay\u0131n.<\/p>\n\n\n\n<h3 class=\"wp-block-heading has-text-align-center has-neeon-button-dark-gray-color has-text-color has-link-color wp-elements-2bc695e522e42a0951c09b46c45d5952\"><span class=\"ez-toc-section\" id=\"tayland\"><\/span><strong><strong><strong><strong><strong><strong><strong><strong><strong><strong>Tayland<\/strong><\/strong><\/strong><\/strong><\/strong><\/strong><\/strong><\/strong><\/strong><\/strong><span class=\"ez-toc-section-end\"><\/span><\/h3>\n\n\n\n<figure class=\"wp-block-image size-large\"><img decoding=\"async\" src=\"https:\/\/res.cloudinary.com\/turna\/image\/upload\/v1750665655\/wordpress-contents\/tayland.jpg\" alt=\"\"\/><\/figure>\n\n\n\n<p>Tayland\u2019\u0131n tropik s\u0131caklar\u0131nda keyifli bir kahve molas\u0131 vermek istiyorsan\u0131z, sizin i\u00e7in en iyi se\u00e7eneklerden biri \u00fcnl\u00fc Tay buzlu kahvesi, yani Oliang. Yo\u011funla\u015ft\u0131r\u0131lm\u0131\u015f s\u00fctle tatland\u0131r\u0131lan bu buz gibi i\u00e7ecek, demlenmi\u015f kahveyle birle\u015fti\u011finde hem ferahlat\u0131c\u0131 hem de enerji verici bir deneyim sunuyor.&nbsp; Bangkok\u2019un dinamik mahallelerinden Chiang Mai\u2019nin sakin kafelerine, her \u015fehir bu kahveye kendi yorumunu kat\u0131yor. Bazen Hindistan cevizi s\u00fct\u00fcyle, bazen de baharatlarla zenginle\u015ftirilmi\u015f versiyonlar\u0131 servis ediliyor. \u00d6zellikle kuzeydeki Pai veya da\u011fl\u0131k b\u00f6lgelerdeki lokal kafe rotalar\u0131nda, Tayland\u2019\u0131n kendi kahve \u00e7ekirde\u011finin \u00fcretimi de bir hayli pop\u00fcler.&nbsp;<\/p>\n\n\n\n<p>Tayland\u2019\u0131n kahve k\u00fclt\u00fcr\u00fcn\u00fc ke\u015ffetmek i\u00e7in en \u00f6zel rotalardan biri de Chiang Mai\u2013Pai hatt\u0131. Bu g\u00fczergahta, yemye\u015fil da\u011f yollar\u0131 boyunca s\u0131ralanm\u0131\u015f lokal kahve \u00e7iftlikleri ve kafeler \u00f6zel bir deneyim vadediyor. \u00d6zellikle Mae Hong Son b\u00f6lgesinde yer alan k\u00fc\u00e7\u00fck k\u00f6yler, hem Tay kahvesinin \u00fcretim s\u00fcrecine tan\u0131kl\u0131k etme f\u0131rsat\u0131 sunuyor hem de do\u011fayla i\u00e7 i\u00e7e, huzurlu bir atmosferde mola verme \u015fans\u0131 tan\u0131yor. Bu pastoral ve lezzetli ke\u015fifler i\u00e7in <strong><a href=\"https:\/\/www.turna.com\/ucak-bileti\/tayland\">Tayland u\u00e7ak bileti<\/a> <\/strong>alternatiflerini ke\u015ffederek ilk ad\u0131m\u0131 atabilirsiniz.<\/p>\n\n\n\n<h3 class=\"wp-block-heading has-text-align-center has-neeon-button-dark-gray-color has-text-color has-link-color wp-elements-4830ea260251d56db811cd82776ed4e0\"><span class=\"ez-toc-section\" id=\"brezilya\"><\/span><strong><strong><strong><strong><strong><strong><strong><strong><strong><strong>Brezilya<\/strong><\/strong><\/strong><\/strong><\/strong><\/strong><\/strong><\/strong><\/strong><\/strong><span class=\"ez-toc-section-end\"><\/span><\/h3>\n\n\n\n<figure class=\"wp-block-image size-large\"><img decoding=\"async\" src=\"https:\/\/res.cloudinary.com\/turna\/image\/upload\/v1750665656\/wordpress-contents\/brezilya.jpg\" alt=\"\"\/><\/figure>\n\n\n\n<p>Brezilya, kahve denince ilk akla gelen \u00fclkeler aras\u0131nda yer al\u0131yor. \u00dclkenin g\u00fcneydo\u011fusunda konumlanan Minas Gerais, Sao Paulo ve Parana b\u00f6lgeleri, geni\u015f kahve tarlalar\u0131yla bir hayli me\u015fhur. Bu b\u00f6lgelerdeki iklim ve toprak yap\u0131s\u0131, y\u00fcksek kaliteli Arabica \u00e7ekirdekleri i\u00e7in en do\u011fru ko\u015fullar\u0131 sunuyor. \u00dcstelik Brezilya\u2019da kahve sadece bir ihracat \u00fcr\u00fcn\u00fc de\u011fil; ayn\u0131 zamanda g\u00fcnl\u00fck ya\u015fam\u0131n da ayr\u0131lmaz bir par\u00e7as\u0131. Yerel halk\u0131n vazge\u00e7ilmezi olan cafezinho, k\u00fc\u00e7\u00fck fincanlarda bol \u015fekerle servis ediliyor. Daha farkl\u0131 bir deneyim arayanlar i\u00e7in ise espresso ve yo\u011funla\u015ft\u0131r\u0131lm\u0131\u015f s\u00fctle haz\u0131rlanan caipirinha kahvesi ilgi \u00e7ekici bir alternatif sunuyor. Sao Paulo \u00e7evresindeki \u00e7iftlik turlar\u0131, kahvenin topra\u011f\u0131ndan fincana uzanan ser\u00fcvenini yak\u0131ndan g\u00f6rmek isteyenler i\u00e7in e\u015fsiz bir deneyimin kap\u0131lar\u0131n\u0131 aral\u0131yor.<\/p>\n\n\n\n<h3 class=\"wp-block-heading has-text-align-center has-neeon-button-dark-gray-color has-text-color has-link-color wp-elements-39e5bc9e3fd98b1ee5d8a988b260e76f\"><span class=\"ez-toc-section\" id=\"hollanda\"><\/span><strong><strong><strong><strong><strong><strong><strong><strong><strong><strong>Hollanda<\/strong><\/strong><\/strong><\/strong><\/strong><\/strong><\/strong><\/strong><\/strong><\/strong><span class=\"ez-toc-section-end\"><\/span><\/h3>\n\n\n\n<figure class=\"wp-block-image size-large\"><img decoding=\"async\" src=\"https:\/\/res.cloudinary.com\/turna\/image\/upload\/v1750667255\/wordpress-contents\/hollanda.jpg\" alt=\"\"\/><\/figure>\n\n\n\n<p>Hollanda, Avrupa&#8217;n\u0131n en fazla kahve t\u00fcketen \u00fclkeleri aras\u0131nda yer al\u0131yor. G\u00fcnde birka\u00e7 fincan kahve i\u00e7mek bu renkli \u00fclkede s\u0131radan bir al\u0131\u015fkanl\u0131k, \u00f6zellikle de arkada\u015flarla yap\u0131lan keyifli sohbetlerde. Amsterdam\u2019da kahve k\u00fclt\u00fcr\u00fc olduk\u00e7a geni\u015f bir yelpazede ke\u015ffedilebiliyor. Bu rotada tarihi kahve d\u00fckkanlar\u0131ndan modern \u00fc\u00e7\u00fcnc\u00fc dalga kafelere kadar geni\u015f bir yelpazede \u00e7e\u015fitlenen pek \u00e7ok mekan bulunuyor. Jordaan ve De Pijp gibi semtlerde, yerel kavurucular\u0131n kahve barlar\u0131nda \u00f6zel demleme teknikleriyle haz\u0131rlanan kahveleri tadabilirsiniz. Hollandal\u0131lar\u0131n favorisi genellikle sade filtre kahve olsa da latte ve cappuccino gibi se\u00e7enekler de yayg\u0131n. Kahveyle birlikte servis edilen k\u00fc\u00e7\u00fck bir kurabiye ya da bitter \u00e7ikolata ise \u00fclkenin en tatl\u0131 gelenekleri aras\u0131nda. Bu lezzet ve keyif dolu ke\u015fif i\u00e7in konforlu konaklama alternatifleri ar\u0131yorsan\u0131z, <a href=\"https:\/\/www.turna.com\/otel\/amsterdam\"><strong>Amsterdam otelleri<\/strong> <\/a>sayfas\u0131n\u0131 ziyaret etmenizin tam vakti.<\/p>\n\n\n\n<h3 class=\"wp-block-heading has-text-align-center has-neeon-button-dark-gray-color has-text-color has-link-color wp-elements-83302449b4f2a619f21e2ff0228dc766\"><span class=\"ez-toc-section\" id=\"etiyopya\"><\/span><strong><strong><strong><strong><strong><strong><strong><strong><strong><strong>Etiyopya<\/strong><\/strong><\/strong><\/strong><\/strong><\/strong><\/strong><\/strong><\/strong><\/strong><span class=\"ez-toc-section-end\"><\/span><\/h3>\n\n\n\n<figure class=\"wp-block-image size-large\"><img decoding=\"async\" src=\"https:\/\/res.cloudinary.com\/turna\/image\/upload\/v1750665655\/wordpress-contents\/etiyopya.jpg\" alt=\"\"\/><\/figure>\n\n\n\n<p>Kahvenin do\u011fdu\u011fu topraklar aras\u0131nda yer alan Etiyopya, bir fincan kahveden \u00e7ok daha fazlas\u0131n\u0131 sunuyor: bir k\u00fclt\u00fcr, bir seremoni, bir miras. \u00dclkenin g\u00fcneyindeki Sidamo, Yirgacheffe ve Harrar b\u00f6lgeleri, d\u00fcnyan\u0131n en aromatik Arabica \u00e7ekirdeklerine ev sahipli\u011fi yap\u0131yor. Addis Ababa sokaklar\u0131ndaki modern kahve barlar\u0131 ise gen\u00e7 neslin tercihi oluyor. Ayr\u0131ca, k\u0131rsal b\u00f6lgelerde geleneksel kahve seremonileri hala g\u00fcnl\u00fck ya\u015fam\u0131n tam merkezinde yer al\u0131yor. Bu rotalarda taze kavrulmu\u015f \u00e7ekirdekler, elle demlenip t\u00fcts\u00fc e\u015fli\u011finde sunuluyor. Y\u00fczy\u0131llard\u0131r neredeyse de\u011fi\u015fmeden s\u00fcrd\u00fcr\u00fclen bu \u00fcretim bi\u00e7imi, her yudumu tarihle bulu\u015fturuyor.<br>Etiyopya rotas\u0131 etkileyici do\u011fas\u0131 ve k\u00fclt\u00fcrel zenginlikleriyle de bir hayli b\u00fcy\u00fcleyici. Lalibela\u2019daki kayaya oyulmu\u015f tarihi kiliseler, UNESCO miras\u0131 Harar\u2019\u0131n renkli sokaklar\u0131 ve Simien Da\u011flar\u0131\u2019ndaki vah\u015fi ya\u015fam, bu yolculu\u011fu unutulmaz k\u0131l\u0131yor. Geleneksel m\u00fczikler, bol baharatl\u0131 lezzetleri ve samimi halk\u0131yla Etiyopya, her ad\u0131mda \u00f6zg\u00fcn bir ke\u015fif vadediyor.<\/p>\n\n\n\n<h3 class=\"wp-block-heading has-text-align-center has-neeon-button-dark-gray-color has-text-color has-link-color wp-elements-fc90d375158b2cd916586050f9f54418\"><span class=\"ez-toc-section\" id=\"peru\"><\/span><strong><strong><strong><strong><strong><strong><strong><strong><strong><strong>Peru<\/strong><\/strong><\/strong><\/strong><\/strong><\/strong><\/strong><\/strong><\/strong><\/strong><span class=\"ez-toc-section-end\"><\/span><\/h3>\n\n\n\n<figure class=\"wp-block-image size-large\"><img decoding=\"async\" src=\"https:\/\/res.cloudinary.com\/turna\/image\/upload\/v1750665656\/wordpress-contents\/Peru.jpg\" alt=\"\"\/><\/figure>\n\n\n\n<p>Peru, G\u00fcney Amerika\u2019n\u0131n y\u00fckselen kahve y\u0131ld\u0131zlar\u0131 aras\u0131nda yer al\u0131yor. And Da\u011flar\u0131\u2019n\u0131n eteklerinde, \u00f6zellikle Cusco, Cajamarca ve Chanchamayo b\u00f6lgelerinde yeti\u015ftirilen kahveler yumu\u015fak i\u00e7im ve vanilya, kuruyemi\u015f, portakal gibi do\u011fal aromalar\u0131yla be\u011feni topluyor. Bu da Peru kahvesini hem yeni ba\u015flayanlar hem de gurmeler i\u00e7in cazip k\u0131l\u0131yor. \u00dcretimin b\u00fcy\u00fck k\u0131sm\u0131 k\u00fc\u00e7\u00fck \u00e7iftliklerde, s\u00fcrd\u00fcr\u00fclebilir y\u00f6ntemlerle ger\u00e7ekle\u015ftiriliyor. Bir\u00e7ok \u00fcretici y\u0131l boyunca \u00e7iftliklerini gezilere a\u00e7arak hem do\u011fa ke\u015ffi hem de tad\u0131m deneyimi sunuyor.<br>Kahve rotas\u0131n\u0131n \u00f6tesinde Peru, tarihi ve do\u011fal zenginlikleriyle de gezginleri b\u00fcy\u00fcl\u00fcyor. Machu Picchu\u2019nun mistik kal\u0131nt\u0131lar\u0131, Cusco\u2019nun ta\u015f sokaklar\u0131 ve Kutsal Vadi boyunca uzanan \u0130nka izleri bu yolculu\u011fu e\u015fsiz k\u0131l\u0131yor. Ayr\u0131ca Amazon ya\u011fmur ormanlar\u0131 ve Titicaca G\u00f6l\u00fc gibi do\u011fa harikalar\u0131 da Peru\u2019da ke\u015ffinizi bekleyen rotalar aras\u0131nda bulunuyor. <strong><a href=\"https:\/\/www.turna.com\/ucak-bileti\/peru-pe\">Peru u\u00e7ak bileti<\/a><\/strong> alternatifleri avantajl\u0131 fiyatlarla Turna\u2019da!<\/p>\n\n\n\n<h3 class=\"wp-block-heading has-text-align-center has-neeon-button-dark-gray-color has-text-color has-link-color wp-elements-f5dd8aa9d2d3da446c174aff437a4415\"><span class=\"ez-toc-section\" id=\"bonus_turkiye\"><\/span><strong><strong><strong>Bonus: T\u00fcrkiye<\/strong><\/strong><\/strong><span class=\"ez-toc-section-end\"><\/span><\/h3>\n\n\n\n<p>T\u00fcrkiye\u2019de kahve, sadece bir i\u00e7ecek de\u011fil, bir misafirperverlik g\u00f6stergesi. UNESCO taraf\u0131ndan Somut Olmayan K\u00fclt\u00fcrel Miras ilan edilen T\u00fcrk kahvesi, cezvede a\u011f\u0131r a\u011f\u0131r pi\u015firiliyor, bol k\u00f6p\u00fc\u011f\u00fcyle \u00f6zenle sunuluyor ve bu lezzete \u00e7o\u011funlukla bir lokum ya da su e\u015flik ediyor.&nbsp; Ancak T\u00fcrkiye\u2019nin kahve k\u00fclt\u00fcr\u00fc yaln\u0131zca T\u00fcrk kahvesiyle s\u0131n\u0131rl\u0131 de\u011fil. G\u00fcneydo\u011fu Anadolu\u2019da menengi\u00e7 kahvesi, kavrulmu\u015f f\u0131st\u0131kla haz\u0131rlan\u0131yor ve s\u00fctle pi\u015firiliyor. Mardin ve Diyarbak\u0131r gibi \u015fehirlerde dibek kahvesi ta\u015f havanda d\u00f6v\u00fclerek \u00f6zenle haz\u0131rlan\u0131yor, aromas\u0131yla fark yarat\u0131yor. Son y\u0131llarda ise b\u00fcy\u00fck \u015fehirlerde \u00fc\u00e7\u00fcnc\u00fc dalga kahvecilik yayg\u0131nla\u015farak yerel \u00e7ekirdeklerin yan\u0131 s\u0131ra d\u00fcnya kahvelerini de deneyimleme imkan\u0131 sa\u011fl\u0131yor.<\/p>\n\n\n\n<h3 class=\"wp-block-heading has-text-align-center has-neeon-button-dark-gray-color has-text-color has-link-color wp-elements-9acb0ab33ec15fc894c24166098899a7\"><span class=\"ez-toc-section\" id=\"sik_sorulan_sorular\"><\/span><strong><strong><strong><strong>S\u0131k Sorulan Sorular<\/strong><\/strong><\/strong><\/strong><span class=\"ez-toc-section-end\"><\/span><\/h3>\n\n\n<div id=\"rank-math-faq\" class=\"rank-math-block\">\n<div class=\"rank-math-list \">\n<div id=\"faq-question-685a8032d1196\" class=\"rank-math-list-item\">\n<h3 class=\"rank-math-question \"><span class=\"ez-toc-section\" id=\"kahve_en_cok_nerede_tuketilir\"><\/span><strong>Kahve en \u00e7ok nerede t\u00fcketilir?<\/strong><span class=\"ez-toc-section-end\"><\/span><\/h3>\n<div class=\"rank-math-answer \">\n\n<p>Kahve, en yo\u011fun olarak Avrupa ve Kuzey Amerika\u2019da t\u00fcketiliyor. \u00d6zellikle \u0130skandinav \u00fclkeleri ki\u015fi ba\u015f\u0131na kahve t\u00fcketimiyle dikkat \u00e7ekiyor.<\/p>\n\n<\/div>\n<\/div>\n<div id=\"faq-question-685a8032d1198\" class=\"rank-math-list-item\">\n<h3 class=\"rank-math-question \"><span class=\"ez-toc-section\" id=\"dunyada_en_cok_kahve_tuketen_ulke_hangisidir\"><\/span><strong>D\u00fcnyada en \u00e7ok kahve t\u00fcketen \u00fclke hangisidir?<\/strong><span class=\"ez-toc-section-end\"><\/span><\/h3>\n<div class=\"rank-math-answer \">\n\n<p>Ki\u015fi ba\u015f\u0131na en \u00e7ok kahve t\u00fcketilen \u00fclke Finlandiya\u2019d\u0131r. Bu rotada g\u00fcnde ortalama 3-4 fincan kahve i\u00e7ildi\u011fi aktar\u0131l\u0131yor.<\/p>\n\n<\/div>\n<\/div>\n<\/div>\n<\/div>\n\n\n<p><br><\/p>\n\n    <div class=\"xs_social_share_widget xs_share_url after_content \t\tmain_content  wslu-style-1 wslu-share-box-shaped wslu-fill-colored wslu-none wslu-share-horizontal wslu-theme-font-no wslu-main_content\">\n\n\t\t\n        <ul>\n\t\t\t        <\/ul>\n    <\/div> \n","protected":false},"excerpt":{"rendered":"<p>Kahve sizin i\u00e7in sadece bir i\u00e7ecek de\u011fil, t\u00fcm keyifli t\u00fcm anlar\u0131n\u0131zda akl\u0131n\u0131za d\u00fc\u015fen vazge\u00e7ilmez bir e\u015flik\u00e7iyse ho\u015f geldiniz! D\u00fcnyan\u0131n d\u00f6rt bir yan\u0131ndaki kahve duraklar\u0131n\u0131 ve k\u00fclt\u00fcrlerini ke\u015ffetmeye haz\u0131rsan\u0131z  ke\u015ffimize ba\u015fl\u0131yoruz.<\/p>\n","protected":false},"author":44,"featured_media":24490,"comment_status":"open","ping_status":"open","sticky":false,"template":"","format":"standard","meta":{"rop_custom_images_group":[],"rop_custom_messages_group":[],"rop_publish_now":"initial","rop_publish_now_accounts":[],"rop_publish_now_history":[],"rop_publish_now_status":"pending","_cloudinary_featured_overwrite":false,"footnotes":""},"categories":[695,1],"tags":[1985,488,1468,379,188,40,562,102,515,406,412],"class_list":["post-24476","post","type-post","status-publish","format-standard","has-post-thumbnail","hentry","category-gurme","category-seyahat-rehberi","tag-bali-denpasar","tag-brezilya","tag-etiyopya","tag-fransa","tag-hollanda","tag-italya","tag-kolombiya","tag-paris","tag-peru","tag-tayland","tag-vietnam"],"_links":{"self":[{"href":"https:\/\/www.turna.com\/blog\/wp-json\/wp\/v2\/posts\/24476","targetHints":{"allow":["GET"]}}],"collection":[{"href":"https:\/\/www.turna.com\/blog\/wp-json\/wp\/v2\/posts"}],"about":[{"href":"https:\/\/www.turna.com\/blog\/wp-json\/wp\/v2\/types\/post"}],"author":[{"embeddable":true,"href":"https:\/\/www.turna.com\/blog\/wp-json\/wp\/v2\/users\/44"}],"replies":[{"embeddable":true,"href":"https:\/\/www.turna.com\/blog\/wp-json\/wp\/v2\/comments?post=24476"}],"version-history":[{"count":0,"href":"https:\/\/www.turna.com\/blog\/wp-json\/wp\/v2\/posts\/24476\/revisions"}],"wp:featuredmedia":[{"embeddable":true,"href":"https:\/\/www.turna.com\/blog\/wp-json\/wp\/v2\/media\/24490"}],"wp:attachment":[{"href":"https:\/\/www.turna.com\/blog\/wp-json\/wp\/v2\/media?parent=24476"}],"wp:term":[{"taxonomy":"category","embeddable":true,"href":"https:\/\/www.turna.com\/blog\/wp-json\/wp\/v2\/categories?post=24476"},{"taxonomy":"post_tag","embeddable":true,"href":"https:\/\/www.turna.com\/blog\/wp-json\/wp\/v2\/tags?post=24476"}],"curies":[{"name":"wp","href":"https:\/\/api.w.org\/{rel}","templated":true}]}}