{"id":23838,"date":"2025-05-21T14:19:00","date_gmt":"2025-05-21T11:19:00","guid":{"rendered":"https:\/\/www.turna.com\/blog\/?p=23838"},"modified":"2025-06-30T16:13:13","modified_gmt":"2025-06-30T13:13:13","slug":"avrupa-nin-en-guzel-10-plaji","status":"publish","type":"post","link":"https:\/\/www.turna.com\/blog\/avrupa-nin-en-guzel-10-plaji","title":{"rendered":"Avrupa&#8217;n\u0131n En G\u00fczel 10 Plaj\u0131"},"content":{"rendered":"<div id=\"ez-toc-container\" class=\"ez-toc-v2_0_82_2 counter-hierarchy ez-toc-counter ez-toc-black ez-toc-container-direction\">\n<div class=\"ez-toc-title-container\">\n<p class=\"ez-toc-title\" style=\"cursor:inherit\">\u0130\u00e7indekiler<\/p>\n<span class=\"ez-toc-title-toggle\"><a href=\"#\" class=\"ez-toc-pull-right ez-toc-btn ez-toc-btn-xs ez-toc-btn-default ez-toc-toggle\" aria-label=\"\u0130\u00e7indekiler Tablosunu A\u00e7\/Kapat\"><span class=\"ez-toc-js-icon-con\"><span class=\"\"><span class=\"eztoc-hide\" style=\"display:none;\">Toggle<\/span><span class=\"ez-toc-icon-toggle-span\"><svg style=\"fill: #ffffff;color:#ffffff\" xmlns=\"http:\/\/www.w3.org\/2000\/svg\" class=\"list-377408\" width=\"20px\" height=\"20px\" viewBox=\"0 0 24 24\" fill=\"none\"><path d=\"M6 6H4v2h2V6zm14 0H8v2h12V6zM4 11h2v2H4v-2zm16 0H8v2h12v-2zM4 16h2v2H4v-2zm16 0H8v2h12v-2z\" fill=\"currentColor\"><\/path><\/svg><svg style=\"fill: #ffffff;color:#ffffff\" class=\"arrow-unsorted-368013\" xmlns=\"http:\/\/www.w3.org\/2000\/svg\" width=\"10px\" height=\"10px\" viewBox=\"0 0 24 24\" version=\"1.2\" baseProfile=\"tiny\"><path d=\"M18.2 9.3l-6.2-6.3-6.2 6.3c-.2.2-.3.4-.3.7s.1.5.3.7c.2.2.4.3.7.3h11c.3 0 .5-.1.7-.3.2-.2.3-.5.3-.7s-.1-.5-.3-.7zM5.8 14.7l6.2 6.3 6.2-6.3c.2-.2.3-.5.3-.7s-.1-.5-.3-.7c-.2-.2-.4-.3-.7-.3h-11c-.3 0-.5.1-.7.3-.2.2-.3.5-.3.7s.1.5.3.7z\"\/><\/svg><\/span><\/span><\/span><\/a><\/span><\/div>\n<nav><ul class='ez-toc-list ez-toc-list-level-1 eztoc-toggle-hide-by-default' ><li class='ez-toc-page-1 ez-toc-heading-level-2'><a class=\"ez-toc-link ez-toc-heading-1\" href=\"https:\/\/www.turna.com\/blog\/avrupa-nin-en-guzel-10-plaji\/#avrupanin_en_guzel_10_plaji\" >Avrupa&#8217;n\u0131n En G\u00fczel 10 Plaj\u0131<\/a><ul class='ez-toc-list-level-3' ><li class='ez-toc-heading-level-3'><a class=\"ez-toc-link ez-toc-heading-2\" href=\"https:\/\/www.turna.com\/blog\/avrupa-nin-en-guzel-10-plaji\/#10_gulpiyuri_plaji_llanes_asturias_ispanya\" >10. Gulpiyuri Plaj\u0131 \/ Llanes, Asturias, \u0130spanya<\/a><\/li><li class='ez-toc-page-1 ez-toc-heading-level-3'><a class=\"ez-toc-link ez-toc-heading-3\" href=\"https:\/\/www.turna.com\/blog\/avrupa-nin-en-guzel-10-plaji\/#9_banje_plaji_dubrovnik_hirvatistan\" >9. Banje Plaj\u0131 \/ Dubrovnik, H\u0131rvatistan<\/a><\/li><li class='ez-toc-page-1 ez-toc-heading-level-3'><a class=\"ez-toc-link ez-toc-heading-4\" href=\"https:\/\/www.turna.com\/blog\/avrupa-nin-en-guzel-10-plaji\/#8_assos_plaji_kefalonya_adasi_yunanistan\" >8. Assos Plaj\u0131 \/ Kefalonya Adas\u0131, Yunanistan<\/a><\/li><li class='ez-toc-page-1 ez-toc-heading-level-3'><a class=\"ez-toc-link ez-toc-heading-5\" href=\"https:\/\/www.turna.com\/blog\/avrupa-nin-en-guzel-10-plaji\/#7_playa_de_los_muertos_carboneras_almeria_andalusia_ispanya\" >7. Playa de Los Muertos \/ Carboneras, Almeria, Andalusia, \u0130spanya<\/a><\/li><li class='ez-toc-page-1 ez-toc-heading-level-3'><a class=\"ez-toc-link ez-toc-heading-6\" href=\"https:\/\/www.turna.com\/blog\/avrupa-nin-en-guzel-10-plaji\/#6_la_pelosa_plaji_stintino_sardinia_italya\" >6. La Pelosa Plaj\u0131 \/ Stintino, Sardinia, \u0130talya<\/a><\/li><li class='ez-toc-page-1 ez-toc-heading-level-3'><a class=\"ez-toc-link ez-toc-heading-7\" href=\"https:\/\/www.turna.com\/blog\/avrupa-nin-en-guzel-10-plaji\/#5_gale_fontainhas_plaji_grandola_%e2%80%93_alentejo_portekiz\" >5. Gale Fontainhas Plaj\u0131 \/ Grandola &#8211; Alentejo, Portekiz<\/a><\/li><li class='ez-toc-page-1 ez-toc-heading-level-3'><a class=\"ez-toc-link ez-toc-heading-8\" href=\"https:\/\/www.turna.com\/blog\/avrupa-nin-en-guzel-10-plaji\/#4_cala_luna_sardinia_italya\" >4. Cala Luna \/ Sardinia, \u0130talya<\/a><\/li><li class='ez-toc-page-1 ez-toc-heading-level-3'><a class=\"ez-toc-link ez-toc-heading-9\" href=\"https:\/\/www.turna.com\/blog\/avrupa-nin-en-guzel-10-plaji\/#3_cala_pregonda_menorca_ispanya\" >3. Cala Pregonda \/ Menorca, \u0130spanya<\/a><\/li><li class='ez-toc-page-1 ez-toc-heading-level-3'><a class=\"ez-toc-link ez-toc-heading-10\" href=\"https:\/\/www.turna.com\/blog\/avrupa-nin-en-guzel-10-plaji\/#2_cala_brandinchi_sardinia_italya\" >2. Cala Brandinchi \/ Sardinia, \u0130talya<\/a><\/li><li class='ez-toc-page-1 ez-toc-heading-level-3'><a class=\"ez-toc-link ez-toc-heading-11\" href=\"https:\/\/www.turna.com\/blog\/avrupa-nin-en-guzel-10-plaji\/#1_port_glarokavos_lagun_plaji_kassandra_yarimadasi_halkidiki_yunanistan\" >1. Port Glarokavos Lag\u00fcn Plaj\u0131 \/ Kassandra Yar\u0131madas\u0131, Halkidiki, Yunanistan<\/a><\/li><\/ul><\/li><\/ul><\/nav><\/div>\n\n<p>Yaz\u0131n geli\u015fiyle birlikte deniz, kum ve g\u00fcne\u015f hayalleri de zihnimizin bir k\u00f6\u015fesinde yerini al\u0131yor. Peki bu yaz, klasik rotalar\u0131n d\u0131\u015f\u0131na \u00e7\u0131k\u0131p Avrupa&#8217;n\u0131n en b\u00fcy\u00fcleyici plajlar\u0131n\u0131 ke\u015ffetmeye ne dersiniz? Forbes dergisi, bu y\u0131l\u0131n en g\u00fczel plajlar\u0131n\u0131 mercek alt\u0131na ald\u0131 ama bu g\u00f6z al\u0131c\u0131 Avrupa&#8217;n\u0131n En G\u00fczel 10 Plaj\u0131 listesinin mimar\u0131 asl\u0131nda European Best Destinations (EBD). Avrupa&#8217;n\u0131n d\u00f6rt bir yan\u0131ndaki en g\u00fczel destinasyonlar\u0131 kullan\u0131c\u0131lara sunan organizasyon taraf\u0131ndan olu\u015fturulan bu liste, sizi serin sulara, kartpostall\u0131k manzaralara ve unutulmaz tatil an\u0131lar\u0131na do\u011fru bir yolculu\u011fa \u00e7\u0131karacak.<\/p>\n\n\n\n<p>Haz\u0131rsan\u0131z g\u00fcne\u015f kreminizi kap\u0131n \u00e7\u00fcnk\u00fc \u015fimdi geri say\u0131mla listeye do\u011fru yola \u00e7\u0131k\u0131yoruz! \u0130spanya\u2019dan \u0130talya\u2019ya, Yunanistan\u2019dan Portekiz\u2019e uzanan bu listede, kendinize hayran kalaca\u011f\u0131n\u0131z bir plaj bulmaman\u0131z imkans\u0131z. Hangi plaj\u0131n kalbinizi \u00e7alaca\u011f\u0131 ise tamamen size kalm\u0131\u015f. \u2600\ufe0f \ud83d\udc1f<\/p>\n\n\n\n<h2 class=\"wp-block-heading has-text-align-center has-neeon-button-dark-gray-color has-text-color has-link-color wp-elements-5cf0ef38b16d4ceaf2438fa09c6bec11\"><span class=\"ez-toc-section\" id=\"avrupanin_en_guzel_10_plaji\"><\/span><strong><strong><strong><strong><strong><strong><strong><strong><strong><strong>Avrupa&#8217;n\u0131n En G\u00fczel 10 Plaj\u0131<\/strong><\/strong><\/strong><\/strong><\/strong><\/strong><\/strong><\/strong><\/strong><\/strong><span class=\"ez-toc-section-end\"><\/span><\/h2>\n\n\n\n<h3 class=\"wp-block-heading has-text-align-center has-neeon-button-dark-gray-color has-text-color has-link-color wp-elements-dfaf7d43084dcfd7b23e5bc3d5aa61ed\"><span class=\"ez-toc-section\" id=\"10_gulpiyuri_plaji_llanes_asturias_ispanya\"><\/span><strong><strong><strong><strong><strong>10. Gulpiyuri Plaj\u0131 \/ Llanes, Asturias, \u0130spanya<\/strong><\/strong><\/strong><\/strong><\/strong><span class=\"ez-toc-section-end\"><\/span><\/h3>\n\n\n\n<figure class=\"wp-block-image size-large\"><img decoding=\"async\" src=\"https:\/\/res.cloudinary.com\/turna\/image\/upload\/v1747822519\/wordpress-contents\/Gulpiyuri_Beach.jpg\" alt=\"\"\/><\/figure>\n\n\n\n<p>Listenin en s\u0131ra d\u0131\u015f\u0131 plaj\u0131yla ba\u015fl\u0131yoruz. Gulpiyuri Plaj\u0131\u2019n\u0131 \u00f6zel k\u0131lan \u015fey, onun bir k\u0131y\u0131 plaj\u0131 olmamas\u0131. Yani kar\u015f\u0131n\u0131zda koca bir okyanus yok ama denizin tuzlu sular\u0131 ayaklar\u0131n\u0131z\u0131n alt\u0131nda. Peki nas\u0131l oluyor bu? Plaj, birka\u00e7 y\u00fcz metre \u00f6teden yer alt\u0131 t\u00fcnelleriyle okyanus suyunun ta\u015f\u0131nd\u0131\u011f\u0131 k\u00fc\u00e7\u00fck bir \u00e7\u00f6k\u00fcnt\u00fcde yer al\u0131yor. Su gelgitlerle birlikte y\u00fckselip al\u00e7al\u0131yor, tam anlam\u0131yla do\u011fan\u0131n m\u00fchendislik harikas\u0131. Gulpiyuri, UNESCO taraf\u0131ndan da koruma alt\u0131na al\u0131nm\u0131\u015f. \u00dcstelik Asturias k\u0131rsal\u0131n\u0131n yemye\u015fil manzaras\u0131yla \u00e7evrili. Buraya vard\u0131\u011f\u0131n\u0131zda, sanki gizli bir d\u00fcnyaya ge\u00e7i\u015f yapm\u0131\u015f gibi hissediyorsunuz. Piknik yapmak ve ger\u00e7ekten s\u0131rad\u0131\u015f\u0131 bir plaj deneyimi ya\u015famak isteyenler i\u00e7in birebir.<\/p>\n\n\n\n<p>Bu do\u011fa harikas\u0131 plaj\u0131 g\u00f6rmek i\u00e7in <strong><a href=\"https:\/\/www.turna.com\/ucak-bileti\/ispanya\">\u0130spanya u\u00e7ak bileti<\/a><\/strong> se\u00e7eneklerine g\u00f6z atabilirsiniz.<\/p>\n\n\n\n<h3 class=\"wp-block-heading has-text-align-center has-neeon-button-dark-gray-color has-text-color has-link-color wp-elements-c5bbbeac0db50b33c85249f9719a5f70\"><span class=\"ez-toc-section\" id=\"9_banje_plaji_dubrovnik_hirvatistan\"><\/span><strong><strong><strong><strong><strong><strong>9. Banje Plaj\u0131 \/ Dubrovnik, H\u0131rvatistan<\/strong><\/strong><\/strong><\/strong><\/strong><\/strong><span class=\"ez-toc-section-end\"><\/span><\/h3>\n\n\n\n<figure class=\"wp-block-image size-large\"><img decoding=\"async\" src=\"https:\/\/res.cloudinary.com\/turna\/image\/upload\/v1747822519\/wordpress-contents\/Banje_Beach.jpg\" alt=\"\"\/><\/figure>\n\n\n\n<p>Tarihle deniz tatilini bir arada ya\u015famak isteyenler i\u00e7in ideal bir durak: Banje Plaj\u0131. Dubrovnik\u2019in tam merkezine, kale surlar\u0131na neredeyse s\u0131f\u0131r konumda yer al\u0131yor. Adriyatik Denizi&#8217;nin p\u0131r\u0131l p\u0131r\u0131l sular\u0131nda y\u00fczerken arkan\u0131za d\u00f6n\u00fcp Orta \u00c7a\u011f\u2019dan f\u0131rlam\u0131\u015f gibi g\u00f6r\u00fcnen surlara bakmak, ger\u00e7ekten b\u00fcy\u00fcleyici. Plaj, \u00e7ak\u0131l ta\u015flar\u0131yla kapl\u0131 ve deniz ayakkab\u0131s\u0131 giymek \u00f6neriliyor ama manzara ve atmosfer o kadar g\u00fczel ki bu k\u00fc\u00e7\u00fck detay hemen unutuluyor. G\u00fcn i\u00e7inde g\u00fcne\u015fin tad\u0131n\u0131 \u00e7\u0131karabilir, ak\u015fam olunca da plaj bar\u0131nda g\u00fcn bat\u0131m\u0131 e\u015fli\u011finde kokteylinizi yudumlayabilirsiniz. \u00d6zellikle Dubrovnik geziniz s\u0131ras\u0131nda k\u0131sa bir ka\u00e7amak i\u00e7in m\u00fckemmel bir yer.<\/p>\n\n\n\n<p>Benje Plaj\u0131&#8217;na gitmek i\u00e7in ilk ad\u0131m bir <a href=\"https:\/\/www.turna.com\/ucak-bileti\/hirvatistan\"><strong>H\u0131rvatistan u\u00e7ak bileti<\/strong><\/a> almak!<\/p>\n\n\n\n<h3 class=\"wp-block-heading has-text-align-center has-neeon-button-dark-gray-color has-text-color has-link-color wp-elements-09702e6cfa6390045d5a644a79bfc7b4\"><span class=\"ez-toc-section\" id=\"8_assos_plaji_kefalonya_adasi_yunanistan\"><\/span><strong><strong><strong><strong><strong><strong>8. Assos Plaj\u0131 \/ Kefalonya Adas\u0131, Yunanistan<\/strong><\/strong><\/strong><\/strong><\/strong><\/strong><span class=\"ez-toc-section-end\"><\/span><\/h3>\n\n\n\n<figure class=\"wp-block-image size-large\"><img decoding=\"async\" src=\"https:\/\/res.cloudinary.com\/turna\/image\/upload\/v1747822519\/wordpress-contents\/Assos_Beach.jpg\" alt=\"\"\/><\/figure>\n\n\n\n<p>E\u011fer sessizlik, huzur ve g\u00fczellik ar\u0131yorsan\u0131z Assos Plaj\u0131 tam da arad\u0131\u011f\u0131n\u0131z yer. Kefalonya Adas\u0131\u2019n\u0131n kuzeybat\u0131s\u0131nda yer alan bu k\u00fc\u00e7\u00fck k\u00f6y, masal g\u00fczelli\u011finde bir atmosfere sahip. Plaj, k\u00f6y\u00fcn merkezinde yer al\u0131yor ve rengarenk evlerle \u00e7evrili. Suyu tertemiz ve s\u0131\u011f, bu y\u00fczden y\u00fczmek kadar k\u0131y\u0131da vakit ge\u00e7irmek de \u00e7ok keyifli. Plaj \u00e7evresinde geleneksel Yunan mutfa\u011f\u0131n\u0131n lezzetlerini sunan tavernalar ve denize s\u0131f\u0131r kafeler de var. Kalabal\u0131k tatil beldelerinden uzak, daha sakin bir deniz tatili hayal edenler i\u00e7in Assos do\u011fru adres.<\/p>\n\n\n\n<p><strong><a href=\"https:\/\/www.turna.com\/ucak-bileti\/yunanistan\">Yunanistan u\u00e7ak bileti<\/a><\/strong> se\u00e7eneklerini inceleyerek size uygun bir tatil takvimi olu\u015fturabilirsiniz.<\/p>\n\n\n\n<h3 class=\"wp-block-heading has-text-align-center has-neeon-button-dark-gray-color has-text-color has-link-color wp-elements-3156b89e2a1a6c3fc016fe0f72fce9de\"><span class=\"ez-toc-section\" id=\"7_playa_de_los_muertos_carboneras_almeria_andalusia_ispanya\"><\/span><strong><strong><strong><strong><strong><strong>7. Playa de Los Muertos \/ Carboneras, Almeria, Andalusia, \u0130spanya<\/strong><\/strong><\/strong><\/strong><\/strong><\/strong><span class=\"ez-toc-section-end\"><\/span><\/h3>\n\n\n\n<figure class=\"wp-block-image size-large\"><img decoding=\"async\" src=\"https:\/\/res.cloudinary.com\/turna\/image\/upload\/v1747822518\/wordpress-contents\/Playa_de_Los_Muertos.jpg\" alt=\"\"\/><\/figure>\n\n\n\n<p>\u0130smine bak\u0131p da korkmay\u0131n: &#8220;\u00d6l\u00fcler Plaj\u0131&#8221; asl\u0131nda ola\u011fan\u00fcst\u00fc g\u00fczelli\u011fiyle herkesi b\u00fcy\u00fcl\u00fcyor. Almeria b\u00f6lgesinin bu bakir plaj\u0131, ad\u0131n\u0131 tarihte burada meydana gelen deniz kazalar\u0131ndan alm\u0131\u015f. Fakat bu hikayenin d\u0131\u015f\u0131nda da pek \u00e7ok efsaneye ev sahipli\u011fi yap\u0131yor. Bug\u00fcn ise Playa de Los Muertos, el de\u011fmemi\u015f do\u011fas\u0131 ve kristal berrakl\u0131\u011f\u0131ndaki turkuaz sular\u0131yla tan\u0131n\u0131yor. Plaja ula\u015fmak biraz zahmetli; yakla\u015f\u0131k 20 dakikal\u0131k bir y\u00fcr\u00fcy\u00fc\u015f gerekiyor ama vard\u0131\u011f\u0131n\u0131zda kar\u015f\u0131la\u015faca\u011f\u0131n\u0131z manzara t\u00fcm yorgunlu\u011fu unutturuyor. R\u00fczgar s\u00f6rf\u00fc, y\u00fczme ve dal\u0131\u015f i\u00e7in olduk\u00e7a uygun.&nbsp;<\/p>\n\n\n\n<h3 class=\"wp-block-heading has-text-align-center has-neeon-button-dark-gray-color has-text-color has-link-color wp-elements-6c647d80915d40790e6506695922f09b\"><span class=\"ez-toc-section\" id=\"6_la_pelosa_plaji_stintino_sardinia_italya\"><\/span><strong><strong><strong><strong><strong><strong>6. La Pelosa Plaj\u0131 \/ Stintino, Sardinia, \u0130talya<\/strong><\/strong><\/strong><\/strong><\/strong><\/strong><span class=\"ez-toc-section-end\"><\/span><\/h3>\n\n\n\n<figure class=\"wp-block-image size-large\"><img decoding=\"async\" src=\"https:\/\/res.cloudinary.com\/turna\/image\/upload\/v1747822518\/wordpress-contents\/La_Pelosa_Beach.jpg\" alt=\"\"\/><\/figure>\n\n\n\n<p>Sardinia\u2019n\u0131n kuzeybat\u0131 ucunda, adeta Karayipler&#8217;i and\u0131ran bir g\u00fczellik: La Pelosa. \u0130ncecik beyaz kumu ve akvaryum gibi berrak sular\u0131yla \u00fcnl\u00fc bu plaj, her yaz binlerce ki\u015finin r\u00fcyalar\u0131n\u0131 s\u00fcsl\u00fcyor. \u00d6zellikle \u00e7ocuklu aileler i\u00e7in ideal \u00e7\u00fcnk\u00fc sular \u00e7ok s\u0131\u011f ve durgun. Plaj\u0131n hemen kar\u015f\u0131s\u0131ndaki tarihi Torre della Pelosa (Pelosa Kulesi), foto\u011fraflar\u0131n\u0131za ayr\u0131 bir estetik kat\u0131yor. G\u00fcn boyunca denizin tad\u0131n\u0131 \u00e7\u0131karabilir, \u00f6\u011fle saatlerinde kumsaldaki k\u00fc\u00e7\u00fck b\u00fcfelerde \u0130talyan at\u0131\u015ft\u0131rmal\u0131klar\u0131yla enerji toplayabilirsiniz. Sardinia\u2019da tatil yap\u0131yorsan\u0131z, bu plaj listenizin en ba\u015f\u0131nda olmal\u0131.<\/p>\n\n\n\n<p>Cennet gibi bu plajlarda serin sulara girmek i\u00e7in yapman\u0131z gereken tek \u015fey <strong><a href=\"https:\/\/www.turna.com\/ucak-bileti\/italya\">\u0130talya u\u00e7ak bileti<\/a><\/strong> almak.<\/p>\n\n\n\n<h3 class=\"wp-block-heading has-text-align-center has-neeon-button-dark-gray-color has-text-color has-link-color wp-elements-a5fefa8decc4232ad33db8368dd15dc9\"><span class=\"ez-toc-section\" id=\"5_gale_fontainhas_plaji_grandola_%e2%80%93_alentejo_portekiz\"><\/span><strong><strong><strong><strong><strong><strong>5. Gale Fontainhas Plaj\u0131 \/ Grandola &#8211; Alentejo, Portekiz<\/strong><\/strong><\/strong><\/strong><\/strong><\/strong><span class=\"ez-toc-section-end\"><\/span><\/h3>\n\n\n\n<figure class=\"wp-block-image size-large\"><img decoding=\"async\" src=\"https:\/\/res.cloudinary.com\/turna\/image\/upload\/v1747822518\/wordpress-contents\/Gale_Fontainhas_Beach.jpg\" alt=\"\"\/><\/figure>\n\n\n\n<p>Portekiz&#8217;in bat\u0131 k\u0131y\u0131s\u0131nda, kalabal\u0131klar\u0131n \u00e7ok uza\u011f\u0131nda sakl\u0131 bir g\u00fczellik Gale Fontainhas Plaj\u0131. Buras\u0131 Portekiz\u2019in Alentejo b\u00f6lgesinde yer al\u0131yor ve \u00f6zellikle rengarenk, katman katman kaya olu\u015fumlar\u0131yla dikkat \u00e7ekiyor. Sar\u0131, pembe ve k\u0131rm\u0131z\u0131 tonlar\u0131n\u0131n dans etti\u011fi kayal\u0131klar aras\u0131nda alt\u0131n gibi parlayan bir kumsal\u2026 Deniz biraz dalgal\u0131 ama y\u00fczmek i\u00e7in olduk\u00e7a keyifli. Do\u011fal yap\u0131s\u0131 bozulmam\u0131\u015f, tesisle\u015fme yok denecek kadar az. S\u00f6rf\u00e7\u00fcler ve kamp\u00e7\u0131lar i\u00e7in pop\u00fcler bir nokta. Ayr\u0131ca plaj\u0131n hemen yak\u0131nlar\u0131nda y\u00fcr\u00fcy\u00fc\u015f parkurlar\u0131 ve manzara noktalar\u0131 da bulunuyor. Kalabal\u0131ktan uzak, \u00f6zg\u00fcrl\u00fck hissi veren bir plaj ar\u0131yorsan\u0131z buraya bay\u0131lacaks\u0131n\u0131z.<\/p>\n\n\n\n<h3 class=\"wp-block-heading has-text-align-center has-neeon-button-dark-gray-color has-text-color has-link-color wp-elements-b68eab9b71aeaff4f18528a9c25683e9\"><span class=\"ez-toc-section\" id=\"4_cala_luna_sardinia_italya\"><\/span><strong><strong><strong><strong><strong><strong>4. Cala Luna \/ Sardinia, \u0130talya<\/strong><\/strong><\/strong><\/strong><\/strong><\/strong><span class=\"ez-toc-section-end\"><\/span><\/h3>\n\n\n\n<figure class=\"wp-block-image size-large\"><img decoding=\"async\" src=\"https:\/\/res.cloudinary.com\/turna\/image\/upload\/v1747822518\/wordpress-contents\/Cala_Luna.jpg\" alt=\"\"\/><\/figure>\n\n\n\n<p>Yine Sardinia\u2019day\u0131z, bu sefer do\u011fan\u0131n en vah\u015fi haliyle tan\u0131\u015fmak i\u00e7in! Cala Luna, yaln\u0131zca tekneyle ya da zorlu ama etkileyici bir y\u00fcr\u00fcy\u00fc\u015f rotas\u0131yla ula\u015f\u0131labilen, el de\u011fmemi\u015f bir do\u011fa harikas\u0131. Plaj\u0131n arkas\u0131nda yer alan ma\u011faralar ve dev kayal\u0131klar, sizi koruyup kollayan bir do\u011fa kalesi gibi. Suyun rengi masmavi ve berrak, kum ise beyaz ve yumu\u015fak. Denizin hemen k\u0131y\u0131s\u0131nda \u015fnorkelle ke\u015ffe \u00e7\u0131kabilir ya da ma\u011faralar\u0131n g\u00f6lgesinde serinleyebilirsiniz. Maceraperest gezginler i\u00e7in unutulmaz bir durak.<\/p>\n\n\n\n<h3 class=\"wp-block-heading has-text-align-center has-neeon-button-dark-gray-color has-text-color has-link-color wp-elements-6fe5fe7ef6418cbc2d9bf57c153e9a28\"><span class=\"ez-toc-section\" id=\"3_cala_pregonda_menorca_ispanya\"><\/span><strong><strong><strong><strong><strong><strong>3. Cala Pregonda \/ Menorca, \u0130spanya<\/strong><\/strong><\/strong><\/strong><\/strong><\/strong><span class=\"ez-toc-section-end\"><\/span><\/h3>\n\n\n\n<figure class=\"wp-block-image size-large\"><img decoding=\"async\" src=\"https:\/\/res.cloudinary.com\/turna\/image\/upload\/v1747822518\/wordpress-contents\/Cala_Pregonda.jpg\" alt=\"\"\/><\/figure>\n\n\n\n<p>Avrupa&#8217;n\u0131n En G\u00fczel 10 Plaj\u0131 listesinin zirvesine do\u011fru yakla\u015f\u0131yoruz. Klasik mavi-beyaz plajlardan s\u0131k\u0131ld\u0131ysan\u0131z, 3. s\u0131radaki Cala Pregonda tam size g\u00f6re! Menorca Adas\u0131\u2019n\u0131n kuzeyinde yer alan bu e\u015fsiz plaj, k\u0131rm\u0131z\u0131ya \u00e7alan kayalar\u0131 ve alt\u0131n sar\u0131s\u0131 kumsal\u0131yla g\u00f6rsel olarak ba\u015f d\u00f6nd\u00fcr\u00fcc\u00fc. Ula\u015f\u0131m biraz zahmetli, k\u00fc\u00e7\u00fck bir y\u00fcr\u00fcy\u00fc\u015f parkurundan ge\u00e7meniz gerekiyor ama sonunda kar\u015f\u0131la\u015ft\u0131\u011f\u0131n\u0131z manzara her \u015feye de\u011fer. Sessizli\u011fi, do\u011fall\u0131\u011f\u0131 ve etraf\u0131ndaki yemye\u015fil bitki \u00f6rt\u00fcs\u00fcyle ba\u015fka bir gezegene ad\u0131m atm\u0131\u015fs\u0131n\u0131z gibi hissediyorsunuz. \u00d6zellikle do\u011fa ve foto\u011fraf tutkunlar\u0131 i\u00e7in ger\u00e7ek bir hazine.<\/p>\n\n\n\n<h3 class=\"wp-block-heading has-text-align-center has-neeon-button-dark-gray-color has-text-color has-link-color wp-elements-9126ecd7a34d3ed01972b592cfbe7359\"><span class=\"ez-toc-section\" id=\"2_cala_brandinchi_sardinia_italya\"><\/span><strong><strong><strong><strong><strong><strong>2. Cala Brandinchi \/ Sardinia, \u0130talya<\/strong><\/strong><\/strong><\/strong><\/strong><\/strong><span class=\"ez-toc-section-end\"><\/span><\/h3>\n\n\n\n<p>Cala Brandinchi\u2019ye bo\u015funa \u201cK\u00fc\u00e7\u00fck Tahiti\u201d dememi\u015fler. Ger\u00e7ekten de tropik bir adada hissedece\u011finiz t\u00fcm g\u00fczellikleri burada bulabilirsiniz. U\u00e7suz bucaks\u0131z beyaz kumlar, masmavi sular ve k\u0131y\u0131ya uzanan \u00e7am a\u011fa\u00e7lar\u0131\u2026 Su o kadar s\u0131\u011f ve temiz ki, neredeyse su \u00fcst\u00fcnde y\u00fcr\u00fcyormu\u015fsunuz gibi hissedebilirsiniz. Plaj, Sardinia&#8217;n\u0131n do\u011fu k\u0131y\u0131s\u0131nda yer al\u0131yor ve \u00f6zellikle aileler, \u00e7iftler ve foto\u011fraf severler i\u00e7in ideal. Erken saatlerde gitmenizde fayda var \u00e7\u00fcnk\u00fc yaz aylar\u0131nda olduk\u00e7a pop\u00fcler. Avrupa&#8217;n\u0131n En G\u00fczel 10 Plaj\u0131 aras\u0131nda yer almas\u0131 kesinlikle tesad\u00fcf de\u011fil!<\/p>\n\n\n\n<h3 class=\"wp-block-heading has-text-align-center has-neeon-button-dark-gray-color has-text-color has-link-color wp-elements-29c010f6bd212ff87d5de1c31d42f5b3\"><span class=\"ez-toc-section\" id=\"1_port_glarokavos_lagun_plaji_kassandra_yarimadasi_halkidiki_yunanistan\"><\/span><strong><strong><strong><strong><strong><strong>1. Port Glarokavos Lag\u00fcn Plaj\u0131 \/ Kassandra Yar\u0131madas\u0131, Halkidiki, Yunanistan<\/strong><\/strong><\/strong><\/strong><\/strong><\/strong><span class=\"ez-toc-section-end\"><\/span><\/h3>\n\n\n\n<figure class=\"wp-block-image size-large\"><img decoding=\"async\" src=\"https:\/\/res.cloudinary.com\/turna\/image\/upload\/v1747822518\/wordpress-contents\/Port_Glarokavos_Lagoon_Beach.jpg\" alt=\"\"\/><\/figure>\n\n\n\n<p>Ve zirvede: Port Glarokavos! Avrupa&#8217;n\u0131n En G\u00fczel 10 Plaj\u0131 listesinin birincisi olmay\u0131 sonuna kadar hak ediyor. Bu plaj, klasik Yunan plajlar\u0131n\u0131n aksine, lag\u00fcn yap\u0131s\u0131yla g\u00f6let gibi sakin bir su alan\u0131na sahip. \u00c7evresinde do\u011fal bitki \u00f6rt\u00fcs\u00fc, incecik beyaz kumlar ve adeta parlayan bir deniz. Glarokavos \u00f6zellikle paddle board, kano ve \u015fnorkelle y\u00fczme gibi su aktiviteleri i\u00e7in m\u00fckemmel. Huzurlu bir tatil ar\u0131yorsan\u0131z, burada ge\u00e7irece\u011finiz bir g\u00fcn ruhunuza iyi gelecek. Ayn\u0131 zamanda Halkidiki&#8217;nin lezzet duraklar\u0131na da \u00e7ok yak\u0131n. G\u00fcn\u00fc plajda ge\u00e7irin, ak\u015fam\u0131n\u0131 ise taze deniz \u00fcr\u00fcnleri e\u015fli\u011finde noktalay\u0131n.<\/p>\n\n\n\n<p>Avrupa&#8217;n\u0131n En G\u00fczel 10 Plaj\u0131 listesi, klasik turistik plajlardan \u00e7ok daha fazlas\u0131n\u0131 sunuyor. S\u0131radan rotalardan s\u0131k\u0131ld\u0131ysan\u0131z ve ger\u00e7ekten unutulmaz bir deniz tatili ar\u0131yorsan\u0131z, bu listedeki plajlar\u0131 daha ayr\u0131nt\u0131l\u0131 bir \u015fekilde incelemeli ve seyahat listenize eklemelisiniz.Bu yaz \u00e7antan\u0131za g\u00fcne\u015f g\u00f6zl\u00fc\u011f\u00fcn\u00fcz\u00fc, havlunuzu ve biraz da merak\u0131n\u0131z\u0131 koyun; Avrupa\u2019n\u0131n plajlar\u0131 sizi bekliyor!<\/p>\n\n    <div class=\"xs_social_share_widget xs_share_url after_content \t\tmain_content  wslu-style-1 wslu-share-box-shaped wslu-fill-colored wslu-none wslu-share-horizontal wslu-theme-font-no wslu-main_content\">\n\n\t\t\n        <ul>\n\t\t\t        <\/ul>\n    <\/div> \n","protected":false},"excerpt":{"rendered":"<p>Yaz\u0131n geli\u015fiyle birlikte deniz, kum ve g\u00fcne\u015f hayalleri de zihnimizin bir k\u00f6\u015fesinde yerini al\u0131yor. Peki bu yaz, klasik rotalar\u0131n d\u0131\u015f\u0131na \u00e7\u0131k\u0131p Avrupa&#8217;n\u0131n en b\u00fcy\u00fcleyici plajlar\u0131n\u0131 ke\u015ffetmeye ne dersiniz? Forbes dergisi, bu y\u0131l\u0131n en g\u00fczel plajlar\u0131n\u0131 mercek alt\u0131na ald\u0131 ama bu g\u00f6z al\u0131c\u0131 Avrupa&#8217;n\u0131n En G\u00fczel 10 Plaj\u0131 listesinin mimar\u0131 asl\u0131nda European Best Destinations (EBD). Avrupa&#8217;n\u0131n [&hellip;]<\/p>\n","protected":false},"author":45,"featured_media":23839,"comment_status":"open","ping_status":"open","sticky":false,"template":"","format":"standard","meta":{"rop_custom_images_group":[],"rop_custom_messages_group":[],"rop_publish_now":"initial","rop_publish_now_accounts":[],"rop_publish_now_history":[],"rop_publish_now_status":"pending","_cloudinary_featured_overwrite":false,"footnotes":""},"categories":[398],"tags":[5346,317,40,510,978,10],"class_list":["post-23838","post","type-post","status-publish","format-standard","has-post-thumbnail","hentry","category-avrupa","tag-flight-tr","tag-ispanya","tag-italya","tag-portekiz","tag-seyahat-rehberi","tag-yunanistan"],"_links":{"self":[{"href":"https:\/\/www.turna.com\/blog\/wp-json\/wp\/v2\/posts\/23838","targetHints":{"allow":["GET"]}}],"collection":[{"href":"https:\/\/www.turna.com\/blog\/wp-json\/wp\/v2\/posts"}],"about":[{"href":"https:\/\/www.turna.com\/blog\/wp-json\/wp\/v2\/types\/post"}],"author":[{"embeddable":true,"href":"https:\/\/www.turna.com\/blog\/wp-json\/wp\/v2\/users\/45"}],"replies":[{"embeddable":true,"href":"https:\/\/www.turna.com\/blog\/wp-json\/wp\/v2\/comments?post=23838"}],"version-history":[{"count":0,"href":"https:\/\/www.turna.com\/blog\/wp-json\/wp\/v2\/posts\/23838\/revisions"}],"wp:featuredmedia":[{"embeddable":true,"href":"https:\/\/www.turna.com\/blog\/wp-json\/wp\/v2\/media\/23839"}],"wp:attachment":[{"href":"https:\/\/www.turna.com\/blog\/wp-json\/wp\/v2\/media?parent=23838"}],"wp:term":[{"taxonomy":"category","embeddable":true,"href":"https:\/\/www.turna.com\/blog\/wp-json\/wp\/v2\/categories?post=23838"},{"taxonomy":"post_tag","embeddable":true,"href":"https:\/\/www.turna.com\/blog\/wp-json\/wp\/v2\/tags?post=23838"}],"curies":[{"name":"wp","href":"https:\/\/api.w.org\/{rel}","templated":true}]}}