{"id":23831,"date":"2025-05-15T13:26:38","date_gmt":"2025-05-15T10:26:38","guid":{"rendered":"https:\/\/www.turna.com\/blog\/?p=23831"},"modified":"2025-06-30T16:21:24","modified_gmt":"2025-06-30T13:21:24","slug":"zakintos-adasi-gezilecek-yerler","status":"publish","type":"post","link":"https:\/\/www.turna.com\/blog\/zakintos-adasi-gezilecek-yerler","title":{"rendered":"Zakintos Adas\u0131&#8217;nda Gezilecek Yerler"},"content":{"rendered":"<div id=\"ez-toc-container\" class=\"ez-toc-v2_0_82_2 counter-hierarchy ez-toc-counter ez-toc-black ez-toc-container-direction\">\n<div class=\"ez-toc-title-container\">\n<p class=\"ez-toc-title\" style=\"cursor:inherit\">\u0130\u00e7indekiler<\/p>\n<span class=\"ez-toc-title-toggle\"><a href=\"#\" class=\"ez-toc-pull-right ez-toc-btn ez-toc-btn-xs ez-toc-btn-default ez-toc-toggle\" aria-label=\"\u0130\u00e7indekiler Tablosunu A\u00e7\/Kapat\"><span class=\"ez-toc-js-icon-con\"><span class=\"\"><span class=\"eztoc-hide\" style=\"display:none;\">Toggle<\/span><span class=\"ez-toc-icon-toggle-span\"><svg style=\"fill: #ffffff;color:#ffffff\" xmlns=\"http:\/\/www.w3.org\/2000\/svg\" class=\"list-377408\" width=\"20px\" height=\"20px\" viewBox=\"0 0 24 24\" fill=\"none\"><path d=\"M6 6H4v2h2V6zm14 0H8v2h12V6zM4 11h2v2H4v-2zm16 0H8v2h12v-2zM4 16h2v2H4v-2zm16 0H8v2h12v-2z\" fill=\"currentColor\"><\/path><\/svg><svg style=\"fill: #ffffff;color:#ffffff\" class=\"arrow-unsorted-368013\" xmlns=\"http:\/\/www.w3.org\/2000\/svg\" width=\"10px\" height=\"10px\" viewBox=\"0 0 24 24\" version=\"1.2\" baseProfile=\"tiny\"><path d=\"M18.2 9.3l-6.2-6.3-6.2 6.3c-.2.2-.3.4-.3.7s.1.5.3.7c.2.2.4.3.7.3h11c.3 0 .5-.1.7-.3.2-.2.3-.5.3-.7s-.1-.5-.3-.7zM5.8 14.7l6.2 6.3 6.2-6.3c.2-.2.3-.5.3-.7s-.1-.5-.3-.7c-.2-.2-.4-.3-.7-.3h-11c-.3 0-.5.1-.7.3-.2.2-.3.5-.3.7s.1.5.3.7z\"\/><\/svg><\/span><\/span><\/span><\/a><\/span><\/div>\n<nav><ul class='ez-toc-list ez-toc-list-level-1 eztoc-toggle-hide-by-default' ><li class='ez-toc-page-1 ez-toc-heading-level-2'><a class=\"ez-toc-link ez-toc-heading-1\" href=\"https:\/\/www.turna.com\/blog\/zakintos-adasi-gezilecek-yerler\/#zakintos_adasinda_mutlaka_gormeniz_gereken_10_yer\" >Zakintos Adas\u0131&#8217;nda Mutlaka G\u00f6rmeniz Gereken 10 Yer<\/a><ul class='ez-toc-list-level-3' ><li class='ez-toc-heading-level-3'><a class=\"ez-toc-link ez-toc-heading-2\" href=\"https:\/\/www.turna.com\/blog\/zakintos-adasi-gezilecek-yerler\/#mavi_magaralar\" >Mavi Ma\u011faralar<\/a><\/li><li class='ez-toc-page-1 ez-toc-heading-level-3'><a class=\"ez-toc-link ez-toc-heading-3\" href=\"https:\/\/www.turna.com\/blog\/zakintos-adasi-gezilecek-yerler\/#maratonisi_adacigi\" >Maratonisi Adac\u0131\u011f\u0131<\/a><\/li><li class='ez-toc-page-1 ez-toc-heading-level-3'><a class=\"ez-toc-link ez-toc-heading-4\" href=\"https:\/\/www.turna.com\/blog\/zakintos-adasi-gezilecek-yerler\/#bochali_tepesi\" >Bochali Tepesi<\/a><\/li><li class='ez-toc-page-1 ez-toc-heading-level-3'><a class=\"ez-toc-link ez-toc-heading-5\" href=\"https:\/\/www.turna.com\/blog\/zakintos-adasi-gezilecek-yerler\/#navagio_plaji\" >Navagio Plaj\u0131<\/a><\/li><li class='ez-toc-page-1 ez-toc-heading-level-3'><a class=\"ez-toc-link ez-toc-heading-6\" href=\"https:\/\/www.turna.com\/blog\/zakintos-adasi-gezilecek-yerler\/#skopiotissa_manastiri\" >Skopiotissa Manast\u0131r\u0131<\/a><\/li><li class='ez-toc-page-1 ez-toc-heading-level-3'><a class=\"ez-toc-link ez-toc-heading-7\" href=\"https:\/\/www.turna.com\/blog\/zakintos-adasi-gezilecek-yerler\/#agios_dionysios_kilisesi\" >Agios Dionysios Kilisesi<\/a><\/li><li class='ez-toc-page-1 ez-toc-heading-level-3'><a class=\"ez-toc-link ez-toc-heading-8\" href=\"https:\/\/www.turna.com\/blog\/zakintos-adasi-gezilecek-yerler\/#korakonissi\" >Korakonissi<\/a><\/li><li class='ez-toc-page-1 ez-toc-heading-level-3'><a class=\"ez-toc-link ez-toc-heading-9\" href=\"https:\/\/www.turna.com\/blog\/zakintos-adasi-gezilecek-yerler\/#keri_lighthouse\" >Keri Lighthouse<\/a><\/li><li class='ez-toc-page-1 ez-toc-heading-level-3'><a class=\"ez-toc-link ez-toc-heading-10\" href=\"https:\/\/www.turna.com\/blog\/zakintos-adasi-gezilecek-yerler\/#porto_limnionas\" >Porto Limnionas<\/a><\/li><li class='ez-toc-page-1 ez-toc-heading-level-3'><a class=\"ez-toc-link ez-toc-heading-11\" href=\"https:\/\/www.turna.com\/blog\/zakintos-adasi-gezilecek-yerler\/#post_bizans_sanat_muzesi\" >Post Bizans Sanat M\u00fczesi<\/a><\/li><\/ul><\/li><li class='ez-toc-page-1 ez-toc-heading-level-2'><a class=\"ez-toc-link ez-toc-heading-12\" href=\"https:\/\/www.turna.com\/blog\/zakintos-adasi-gezilecek-yerler\/#zakintos_adasinda_bunlari_denemeden_donmeyin\" >Zakintos Adas\u0131&#8217;nda Bunlar\u0131 Denemeden D\u00f6nmeyin<\/a><\/li><li class='ez-toc-page-1 ez-toc-heading-level-2'><a class=\"ez-toc-link ez-toc-heading-13\" href=\"https:\/\/www.turna.com\/blog\/zakintos-adasi-gezilecek-yerler\/#zakintos_adasina_ne_zaman_gidilir\" >Zakintos Adas\u0131&#8217;na Ne Zaman Gidilir?<\/a><\/li><li class='ez-toc-page-1 ez-toc-heading-level-2'><a class=\"ez-toc-link ez-toc-heading-14\" href=\"https:\/\/www.turna.com\/blog\/zakintos-adasi-gezilecek-yerler\/#zakintos_adasina_nasil_gidilir\" >Zakintos Adas\u0131&#8217;na Nas\u0131l Gidilir?<\/a><\/li><li class='ez-toc-page-1 ez-toc-heading-level-2'><a class=\"ez-toc-link ez-toc-heading-15\" href=\"https:\/\/www.turna.com\/blog\/zakintos-adasi-gezilecek-yerler\/#zakintos_adasi_konaklama_olanaklari\" >Zakintos Adas\u0131 Konaklama Olanaklar\u0131<\/a><\/li><\/ul><\/nav><\/div>\n\n<p>G\u00f6zlerinizi bir anl\u0131\u011f\u0131na kapat\u0131n ve hayal edin: Mavinin en g\u00fczel tonlar\u0131nda parlayan bir deniz, bembeyaz kayal\u0131klar\u0131n g\u00f6lgesinde gizlenmi\u015f huzur dolu koylar, nostaljik dokusuyla kalbinizi \u00e7almaya aday dar sokaklar\u2026 Zakintos Adas\u0131, Yunanistan\u2019\u0131n bat\u0131 k\u0131y\u0131s\u0131nda ve Atina\u2019ya yakla\u015f\u0131k 1 saatlik u\u00e7u\u015f mesafesinde konumlan\u0131yor. Hem do\u011fas\u0131 hem de k\u00fclt\u00fcrel dokusuyla seyahatseverlerin favorisi rol\u00fcn\u00fc \u00fcstlenen bu ada, deniz tatiliyle tarih, lezzet ve ke\u015ffi bulu\u015fturan bir deneyim vadediyor. E\u011fer tatilinizde biraz huzur, biraz heyecan ve bolca do\u011fal g\u00fczellik ar\u0131yorsan\u0131z, Zakintos tam size g\u00f6re. Bu yaz\u0131da, adan\u0131n en b\u00fcy\u00fcleyici k\u00f6\u015felerini,  y\u00fcz\u00fcn\u00fcz\u00fc g\u00fcl\u00fcmsetecek deneyimleri ve seyahatinizi planlarken bilmeniz gereken p\u00fcf noktalar\u0131 bir araya getirdik. Haz\u0131rsan\u0131z, Zakintos\u2019a uzanan keyifli bir \u00f6n ke\u015fif sizi bekliyor!<\/p>\n\n\n\n<h2 class=\"wp-block-heading has-text-align-center has-neeon-button-dark-gray-color has-text-color has-link-color wp-elements-1ced859dd239f8fffec4008a22425d51\"><span class=\"ez-toc-section\" id=\"zakintos_adasinda_mutlaka_gormeniz_gereken_10_yer\"><\/span><strong><strong><strong><strong><strong><strong><strong><strong><strong><strong><strong>Zakintos Adas\u0131&#8217;nda Mutlaka G\u00f6rmeniz Gereken 10 Yer<\/strong><\/strong><\/strong><\/strong><\/strong><\/strong><\/strong><\/strong><\/strong><\/strong><\/strong><span class=\"ez-toc-section-end\"><\/span><\/h2>\n\n\n\n<figure class=\"wp-block-image size-large\"><img decoding=\"async\" src=\"https:\/\/res.cloudinary.com\/turna\/image\/upload\/v1747298038\/wordpress-contents\/zak%C4%B1ntos_adas%C4%B1.jpg\" alt=\"\"\/><\/figure>\n\n\n\n<p>Z\u00fcmr\u00fct ye\u015fili sular, sakl\u0131 koylar ve efsanelerle dolu manast\u0131rlar\u2026 Zakintos, her ad\u0131mda sizi kendine hayran b\u0131rakacak bir Yunan adas\u0131. E\u011fer bu g\u00fczelli\u011fi ke\u015ffetmeye haz\u0131rsan\u0131z, sizin i\u00e7in se\u00e7ti\u011fimiz 10 \u00f6zel durakla \u00f6n ke\u015ffimize ba\u015flayal\u0131m.<\/p>\n\n\n\n<h3 class=\"wp-block-heading has-text-align-center has-neeon-button-dark-gray-color has-text-color has-link-color wp-elements-8ee64d0f682aed1771c2438d667726b6\"><span class=\"ez-toc-section\" id=\"mavi_magaralar\"><\/span><strong><strong><strong><strong>Mavi Ma\u011faralar<\/strong><\/strong><\/strong><\/strong><span class=\"ez-toc-section-end\"><\/span><\/h3>\n\n\n\n<figure class=\"wp-block-image size-large\"><img decoding=\"async\" src=\"https:\/\/res.cloudinary.com\/turna\/image\/upload\/v1747299679\/wordpress-contents\/zkintos_mav%C4%B1_magaralar.jpg\" alt=\"\"\/><\/figure>\n\n\n\n<p>Zakintos\u2019un kuzeyinde konumlanan Mavi Ma\u011faralar, adan\u0131n en pop\u00fcler do\u011fal g\u00fczelliklerinden biri olarak mutlaka \u015fans vermeniz gereken duraklar aras\u0131nda bulunuyor. Dalga hareketleri sonucunda olu\u015fan bu ma\u011faralar, \u00f6zellikle sabah saatlerinde g\u00fcne\u015f \u0131\u015f\u0131\u011f\u0131n\u0131n yans\u0131malar\u0131yla turkuazdan koyu maviye uzanan etkileyici bir g\u00f6r\u00fcnt\u00fc sunuyor. Tekne turlar\u0131yla ma\u011faralar\u0131n i\u00e7inden ge\u00e7mek m\u00fcmk\u00fcn. Y\u00fczme ve \u015fnorkelle dal\u0131\u015f i\u00e7in de bu rota harika bir se\u00e7im.<\/p>\n\n\n\n<h3 class=\"wp-block-heading has-text-align-center has-neeon-button-dark-gray-color has-text-color has-link-color wp-elements-15e57bb67841e29a0e46bb47ffc8e458\"><span class=\"ez-toc-section\" id=\"maratonisi_adacigi\"><\/span><strong><strong><strong><strong>Maratonisi Adac\u0131\u011f\u0131<\/strong><\/strong><\/strong><\/strong><span class=\"ez-toc-section-end\"><\/span><\/h3>\n\n\n\n<figure class=\"wp-block-image size-large\"><img decoding=\"async\" src=\"https:\/\/res.cloudinary.com\/turna\/image\/upload\/v1747300080\/wordpress-contents\/Maratonisi_Adac%C4%B1%C4%9F%C4%B1.jpg\" alt=\"\"\/><\/figure>\n\n\n\n<p>Laganas K\u00f6rfezi\u2019nin ortas\u0131nda, masal tad\u0131nda bir tabloyu and\u0131ran duran Maratonisi Adac\u0131\u011f\u0131, Zakintos\u2019un en \u00f6zel duraklar\u0131ndan biri. Yerel halk\u0131n \u201cKaplumba\u011fa Adas\u0131\u201d dedi\u011fi bu k\u00fc\u00e7\u00fck cennet, caretta caretta kaplumba\u011falar\u0131n\u0131n yumurtlama alan\u0131 olmas\u0131yla da dikkat \u00e7ekiyor. K\u00fc\u00e7\u00fck teknelerle k\u0131sa s\u00fcrede ula\u015fabilece\u011finiz adada ince kumlu bir plaj ve y\u00fczmeye davet eden sakin sular sizi bekliyor.&nbsp;<\/p>\n\n\n\n<h3 class=\"wp-block-heading has-text-align-center has-neeon-button-dark-gray-color has-text-color has-link-color wp-elements-b6f0e7de8f2bbb5cc1a6950a9b67d74d\"><span class=\"ez-toc-section\" id=\"bochali_tepesi\"><\/span><strong><strong><strong><strong>Bochali Tepesi<\/strong><\/strong><\/strong><\/strong><span class=\"ez-toc-section-end\"><\/span><\/h3>\n\n\n\n<p>Zakintos\u2019u ku\u015f bak\u0131\u015f\u0131 izlemek isterseniz rotan\u0131z\u0131 mutlaka Bochali Tepesi\u2019ne \u00e7evirmelisiniz. \u015eehir merkezinden sadece birka\u00e7 dakikal\u0131k mesafede yer alan bu tepe, hem g\u00fcnd\u00fcz manzaras\u0131yla hem de gece \u0131\u015f\u0131klar\u0131yla gezginlerin be\u011fenisini topluyor. Tepede yer alan Venedik Kalesi kal\u0131nt\u0131lar\u0131 tarihe k\u0131sa bir yolculuk sunarken, \u00e7evredeki kafelerde kahvenizi yudumlamak g\u00fcn bat\u0131m\u0131 manzaras\u0131n\u0131 daha da keyifli hale getiriyor.<\/p>\n\n\n\n<h3 class=\"wp-block-heading has-text-align-center has-neeon-button-dark-gray-color has-text-color has-link-color wp-elements-f285e59a6d917c8fbae3293938278964\"><span class=\"ez-toc-section\" id=\"navagio_plaji\"><\/span><strong><strong><strong><strong>Navagio Plaj\u0131<\/strong><\/strong><\/strong><\/strong><span class=\"ez-toc-section-end\"><\/span><\/h3>\n\n\n\n<figure class=\"wp-block-image size-large\"><img decoding=\"async\" src=\"https:\/\/res.cloudinary.com\/turna\/image\/upload\/v1747300264\/wordpress-contents\/navagio_plaj%C4%B1.jpg\" alt=\"\"\/><\/figure>\n\n\n\n<p>Navagio Plaj\u0131, Zakintos\u2019un ikonik simgeleri aras\u0131nda bulunuyor. Sarp kayal\u0131klarla \u00e7evrili bu gizli koy, ortas\u0131nda y\u0131llard\u0131r duran pasl\u0131 gemi enkaz\u0131yla bamba\u015fka bir atmosfer sunuyor. Plaja yaln\u0131zca deniz yoluyla ula\u015f\u0131labiliyor. Porto Vromi veya Agios Nikolaos\u2019tan kalkan teknelerle buraya varmak m\u00fcmk\u00fcn. \u00dcstten manzaray\u0131 izlemek de ayr\u0131 bir deneyim, ama as\u0131l b\u00fcy\u00fc, o turkuaz sularda ba\u015fl\u0131yor.&nbsp;<\/p>\n\n\n\n<h3 class=\"wp-block-heading has-text-align-center has-neeon-button-dark-gray-color has-text-color has-link-color wp-elements-60391a24843886d0c669ab8218855f7e\"><span class=\"ez-toc-section\" id=\"skopiotissa_manastiri\"><\/span><strong><strong><strong><strong>Skopiotissa Manast\u0131r\u0131<\/strong><\/strong><\/strong><\/strong><span class=\"ez-toc-section-end\"><\/span><\/h3>\n\n\n\n<p>Skopiotissa Manast\u0131r\u0131, Zakintos\u2019un g\u00fcneyindeki Argassi k\u00f6y\u00fcn\u00fcn yukar\u0131s\u0131nda, tepeye kurulmu\u015f sessiz bir ke\u015fif noktas\u0131. Panagia\u2019ya adanm\u0131\u015f bu eski manast\u0131r, sundu\u011fu manzara ile konuklar\u0131n\u0131 b\u00fcy\u00fcl\u00fcyor. Tepeden bak\u0131nca, deniz g\u00f6z alabildi\u011fine uzan\u0131yor. Yol biraz engebeli ama manzaraya ve o huzurlu atmosfere kesinlikle de\u011fer. Foto\u011fraf tutkunlar\u0131, do\u011faseverler ve kalabal\u0131ktan uzak bir durak arayanlar i\u00e7in Skopiotissa, do\u011fru tercih.<\/p>\n\n\n\n<h3 class=\"wp-block-heading has-text-align-center has-neeon-button-dark-gray-color has-text-color has-link-color wp-elements-4a40eab670249aa1d5aaeabb109e4424\"><span class=\"ez-toc-section\" id=\"agios_dionysios_kilisesi\"><\/span><strong><strong><strong><strong>Agios Dionysios Kilisesi<\/strong><\/strong><\/strong><\/strong><span class=\"ez-toc-section-end\"><\/span><\/h3>\n\n\n\n<figure class=\"wp-block-image size-large\"><img decoding=\"async\" src=\"https:\/\/res.cloudinary.com\/turna\/image\/upload\/v1747300400\/wordpress-contents\/Agios_Dionysios_Kilisesi.jpg\" alt=\"\"\/><\/figure>\n\n\n\n<p>Zakintos\u2019un nostaljik ruhunu hissetmek istiyorsan\u0131z, Agios Dionysios Kilisesi\u2019ne mutlaka u\u011framal\u0131s\u0131n\u0131z. Liman yak\u0131n\u0131ndaki bu etkileyici yap\u0131, adan\u0131n koruyucu azizi Agios Dionysios\u2019un mezar\u0131na ev sahipli\u011fi yap\u0131yor. G\u00f6z al\u0131c\u0131 \u00e7an kulesi ve zarif mimarisiyle dikkat \u00e7eken kilise, sadece dini bir yap\u0131 de\u011fil, ayn\u0131 zamanda Zakintos halk\u0131n\u0131n k\u00fclt\u00fcrel haf\u0131zas\u0131n\u0131n da bir par\u00e7as\u0131 olarak \u00f6n plana \u00e7\u0131k\u0131yor. \u0130\u00e7eri girdi\u011finizde vitraylardan s\u00fcz\u00fclen \u0131\u015f\u0131k huzmeleri etraf\u0131n\u0131z\u0131 sar\u0131yor ve dingin bir deneyimin kap\u0131lar\u0131n\u0131 aral\u0131yor.<\/p>\n\n\n\n<h3 class=\"wp-block-heading has-text-align-center has-neeon-button-dark-gray-color has-text-color has-link-color wp-elements-138d69104b62db5dd65e119e7c9a9d11\"><span class=\"ez-toc-section\" id=\"korakonissi\"><\/span><strong><strong><strong><strong>Korakonissi<\/strong><\/strong><\/strong><\/strong><span class=\"ez-toc-section-end\"><\/span><\/h3>\n\n\n\n<p>Korakonissi, Zakintos\u2019un bat\u0131 k\u0131y\u0131s\u0131nda sakl\u0131 kalm\u0131\u015f do\u011fal bir y\u00fczme noktas\u0131 olarak tan\u0131n\u0131yor. U\u00e7urumlar\u0131n aras\u0131nda, denizin \u015fekillendirdi\u011fi ilgin\u00e7 kaya olu\u015fumlar\u0131yla \u00e7evrili bu b\u00f6lge, do\u011fayla ba\u015f ba\u015fa kalmak isteyenler i\u00e7in adeta bir cennet. Yan\u0131n\u0131za deniz ayakkab\u0131s\u0131 al\u0131rsan\u0131z, bu durakta deniz keyfi yapabilirsiniz. Ayr\u0131ca bu rota \u015fnorkelle dal\u0131\u015f yapmak i\u00e7in de olduk\u00e7a elveri\u015fli.<\/p>\n\n\n\n<h3 class=\"wp-block-heading has-text-align-center has-neeon-button-dark-gray-color has-text-color has-link-color wp-elements-6902d67fa2e1296b63310c4c7b591f5e\"><span class=\"ez-toc-section\" id=\"keri_lighthouse\"><\/span><strong><strong><strong><strong><strong>Keri Lighthouse<\/strong><\/strong><\/strong><\/strong><\/strong><span class=\"ez-toc-section-end\"><\/span><\/h3>\n\n\n\n<figure class=\"wp-block-image size-large\"><img decoding=\"async\" src=\"https:\/\/res.cloudinary.com\/turna\/image\/upload\/v1747298038\/wordpress-contents\/zakintos_adas%C4%B1.jpg\" alt=\"\"\/><\/figure>\n\n\n\n<p>Keri Lighthouse, Zakintos\u2019ta g\u00fcn bat\u0131m\u0131n\u0131 izlemek i\u00e7in en \u00f6zel noktalardan biri. Adan\u0131n g\u00fcneybat\u0131s\u0131nda, y\u00fcksek kayal\u0131klar\u0131n ucunda yer alan bu tarihi deniz feneri, g\u00fcn\u00fcn sonunda g\u00f6ky\u00fcz\u00fcn\u00fcn turuncuya, denizin alt\u0131n tonlar\u0131na b\u00fcr\u00fcnd\u00fc\u011f\u00fc anlara tan\u0131kl\u0131k ediyor. Manzaras\u0131 \u00f6yle b\u00fcy\u00fcleyici ki, g\u00fcn\u00fc burada noktalamak, Zakintos\u2019un sundu\u011fu en sade ama en etkileyici deneyimler aras\u0131nda yer al\u0131yor.<\/p>\n\n\n\n<h3 class=\"wp-block-heading has-text-align-center has-neeon-button-dark-gray-color has-text-color has-link-color wp-elements-3156f80f33191f75871b9ff0f620feed\"><span class=\"ez-toc-section\" id=\"porto_limnionas\"><\/span><strong><strong><strong><strong><strong>Porto Limnionas<\/strong><\/strong><\/strong><\/strong><\/strong><span class=\"ez-toc-section-end\"><\/span><\/h3>\n\n\n\n<figure class=\"wp-block-image size-large\"><img decoding=\"async\" src=\"https:\/\/res.cloudinary.com\/turna\/image\/upload\/v1747300877\/wordpress-contents\/Porto_Limnionas.jpg\" alt=\"\"\/><\/figure>\n\n\n\n<p>Porto Limnionas, Zakintos\u2019un bat\u0131 k\u0131y\u0131s\u0131nda, plajdan \u00e7ok bir do\u011fa havuzunu and\u0131ran e\u015fsiz bir koy. Kayal\u0131klar aras\u0131nda gizlenen bu mavi cennet, berrak suyu ve sakin atmosferiyle hem y\u00fczmek hem de \u015fnorkelle ke\u015fif yapmak isteyenler i\u00e7in ideal bir durak. Arac\u0131n\u0131z\u0131 tepeye park edip a\u015fa\u011f\u0131ya do\u011fru k\u0131sa bir y\u00fcr\u00fcy\u00fc\u015f yaparak bu keyifli rotaya ula\u015fabilirsiniz. Yan\u0131n\u0131za mutlaka havlu, deniz ayakkab\u0131s\u0131 ve \u015fnorkel al\u0131n.<\/p>\n\n\n\n<h3 class=\"wp-block-heading has-text-align-center has-neeon-button-dark-gray-color has-text-color has-link-color wp-elements-365092b49b876e0afa69523fceadcb73\"><span class=\"ez-toc-section\" id=\"post_bizans_sanat_muzesi\"><\/span><strong><strong><strong><strong><strong>Post Bizans Sanat M\u00fczesi<\/strong><\/strong><\/strong><\/strong><\/strong><span class=\"ez-toc-section-end\"><\/span><\/h3>\n\n\n\n<p>Zakintos\u2019un tarihine ve sanat\u0131na daha yak\u0131ndan bakmak isterseniz, Solomos Meydan\u0131\u2019ndaki Post Bizans Sanat M\u00fczesi g\u00fczel bir ba\u015flang\u0131\u00e7 vadediyor. 1953 depreminden \u00f6nceki Zakintos\u2019u yans\u0131tan dini ikonalar, freskler, ah\u015fap oymalar ve tarihi belgelerle dolu bu m\u00fcze, adan\u0131n k\u00fclt\u00fcrel belle\u011fini g\u00f6zler \u00f6n\u00fcne seriyor. \u00d6zellikle Venedik etkisini ta\u015f\u0131yan eserler bir hayli dikkat \u00e7ekici. Meydan gezinizin aras\u0131na k\u0131sa bir k\u00fclt\u00fcrel mola eklemek isterseniz bu f\u0131rsat\u0131 ka\u00e7\u0131rmay\u0131n.<\/p>\n\n\n\n<h2 class=\"wp-block-heading has-text-align-center has-neeon-button-dark-gray-color has-text-color has-link-color wp-elements-cc0145212fcc8b5627830c9da72e50ea\"><span class=\"ez-toc-section\" id=\"zakintos_adasinda_bunlari_denemeden_donmeyin\"><\/span><strong><strong><strong><strong><strong><strong><strong>Zakintos Adas\u0131&#8217;nda Bunlar\u0131 Denemeden D\u00f6nmeyin<\/strong><\/strong><\/strong><\/strong><\/strong><\/strong><\/strong><span class=\"ez-toc-section-end\"><\/span><\/h2>\n\n\n\n<figure class=\"wp-block-image size-large\"><img decoding=\"async\" src=\"https:\/\/res.cloudinary.com\/turna\/image\/upload\/v1747298080\/wordpress-contents\/zakintos.jpg\" alt=\"\"\/><\/figure>\n\n\n\n<ul class=\"wp-block-list\">\n<li>G\u00fcn bat\u0131m\u0131n\u0131 Keri Feneri\u2019nde izleyin. U\u00e7urumun tepesindeki bu manzarada g\u00fcne\u015fin denize dal\u0131\u015f\u0131n\u0131 izlemeyin, unutulmaz foto\u011fraflara imza at\u0131n.<\/li>\n\n\n\n<li>Marathonisi Adas\u0131\u2019na kano ya da k\u00fc\u00e7\u00fck tekneyle gidin. Kaplumba\u011falar\u0131n yuvas\u0131 olan bu adac\u0131kta y\u00fczmek do\u011fan\u0131n b\u00fcy\u00fcs\u00fcne kap\u0131lmak i\u00e7in birebir.<\/li>\n\n\n\n<li>Navagio Plaj\u0131\u2019n\u0131 yukar\u0131dan izlemeden d\u00f6nmeyin. Foto\u011fraf makinenizi yan\u0131n\u0131za almay\u0131 da sak\u0131n unutmay\u0131n.<\/li>\n\n\n\n<li>Bochali Tepesi\u2019nde gece y\u00fcr\u00fcy\u00fc\u015f\u00fc yap\u0131n. Sessiz bir ak\u015fam i\u00e7in ideal bir durak.<\/li>\n\n\n\n<li>Mavi Ma\u011faralar\u2019da y\u00fczmeyi deneyin. \u00d6zellikle sabah saatlerinde gitmeye \u00e7al\u0131\u015f\u0131n, bu saatlerde \u0131\u015f\u0131k oyunlar\u0131 daha etkileyici oluyor.<\/li>\n\n\n\n<li>Yerel tatl\u0131lar\u0131 tad\u0131n. Sokakta kar\u015f\u0131n\u0131za \u00e7\u0131kan k\u00fc\u00e7\u00fck d\u00fckkanlardan tatl\u0131n\u0131z\u0131 al\u0131n, yan\u0131nda da yerel balla tatland\u0131r\u0131lm\u0131\u015f bir kahve s\u00f6yleyin.&nbsp;<\/li>\n\n\n\n<li>K\u00f6y pazarlar\u0131na u\u011fray\u0131p y\u00f6resel zeytin ve peynir al\u0131\u015fveri\u015fi yap\u0131n. Kiliomenos ya da Loucha gibi geleneksel k\u00f6ylerdeki pazarlarda, hem lezzetli \u00fcr\u00fcnler hem de samimi insanlarla kar\u015f\u0131la\u015fabilirsiniz.<\/li>\n<\/ul>\n\n\n\n<h2 class=\"wp-block-heading has-text-align-center has-neeon-button-dark-gray-color has-text-color has-link-color wp-elements-be542981b21fbf3f97fc889c978bb551\"><span class=\"ez-toc-section\" id=\"zakintos_adasina_ne_zaman_gidilir\"><\/span><strong><strong><strong><strong><strong><strong><strong>Zakintos Adas\u0131&#8217;na Ne Zaman Gidilir?<\/strong><\/strong><\/strong><\/strong><\/strong><\/strong><\/strong><span class=\"ez-toc-section-end\"><\/span><\/h2>\n\n\n\n<p>Bu \u00f6zel destinasyonu ke\u015ffetmek i\u00e7in en ideal zaman, havan\u0131n \u0131s\u0131nd\u0131\u011f\u0131 ama kalabal\u0131klar\u0131n hen\u00fcz adaya ak\u0131n etmedi\u011fi May\u0131s ve Haziran aylar\u0131 oluyor. Deniz keyfi yapmak isteyenler i\u00e7in ise Temmuz ve A\u011fustos ideal \u00f6zellik ta\u015f\u0131yor. Eyl\u00fcl ise yaz\u0131n t\u00fcm g\u00fczelliklerini ta\u015f\u0131yan, ama daha sakin bir alternatif sunuyor. E\u011fer do\u011fa y\u00fcr\u00fcy\u00fc\u015f\u00fc, ke\u015fif ve biraz da huzur ar\u0131yorsan\u0131z, bahar aylar\u0131 tam sizlik. Zakintos Adas\u0131, her mevsim ba\u015fka bir g\u00fczellik vadediyor, siz hangi haliyle tan\u0131\u015fmak istersiniz?<\/p>\n\n\n\n<h2 class=\"wp-block-heading has-text-align-center has-neeon-button-dark-gray-color has-text-color has-link-color wp-elements-04ee516209e0f6839fdab8662ac221e6\"><span class=\"ez-toc-section\" id=\"zakintos_adasina_nasil_gidilir\"><\/span><strong><strong><strong><strong><strong><strong><strong>Zakintos Adas\u0131&#8217;na Nas\u0131l Gidilir?<\/strong><\/strong><\/strong><\/strong><\/strong><\/strong><\/strong><span class=\"ez-toc-section-end\"><\/span><\/h2>\n\n\n\n<figure class=\"wp-block-image size-large\"><img decoding=\"async\" src=\"https:\/\/res.cloudinary.com\/turna\/image\/upload\/v1747301942\/wordpress-contents\/zakintos_adas%C4%B1_merkez.jpg\" alt=\"\"\/><\/figure>\n\n\n\n<p>Zakintos\u2019a ula\u015fman\u0131n en pratik yolu, \u00f6nce Atina\u2019ya u\u00e7mak. T\u00fcrkiye\u2019den Atina\u2019ya ula\u015ft\u0131ktan sonra dilerseniz Atina\u2019dan k\u0131sa bir i\u00e7 hat u\u00e7u\u015fuyla do\u011frudan Zakintos\u2019a ge\u00e7ebilir ya da kara yoluyla Kyllini Liman\u0131\u2019na ula\u015f\u0131p feribotla adaya ge\u00e7ebilirsiniz. Yaz aylar\u0131nda feribot seferleri olduk\u00e7a s\u0131k d\u00fczenleniyor. <strong><a href=\"https:\/\/www.turna.com\/ucak-bileti\/atina\">Atina u\u00e7ak bileti<\/a><\/strong> alternatifleri avantajl\u0131 fiyatlarla Turna\u2019da ke\u015ffinizi bekliyor.<\/p>\n\n\n\n<h2 class=\"wp-block-heading has-text-align-center has-neeon-button-dark-gray-color has-text-color has-link-color wp-elements-3c5e5720a7fa65dced8d1c88ead90257\"><span class=\"ez-toc-section\" id=\"zakintos_adasi_konaklama_olanaklari\"><\/span><strong><strong><strong><strong><strong><strong><strong>Zakintos Adas\u0131 Konaklama Olanaklar\u0131<\/strong><\/strong><\/strong><\/strong><\/strong><\/strong><\/strong><span class=\"ez-toc-section-end\"><\/span><\/h2>\n\n\n\n<figure class=\"wp-block-image size-full\"><img width=\"800\" height=\"500\" data-public-id=\"y\u00fcksek_sezonda_ekonomik_otel\/y\u00fcksek_sezonda_ekonomik_otel.jpg\" fetchpriority=\"high\" decoding=\"async\" src=\"https:\/\/res.cloudinary.com\/turna\/images\/w_800,h_500,c_scale\/f_auto,q_auto:low\/v1660562990\/y\u00fcksek_sezonda_ekonomik_otel\/y\u00fcksek_sezonda_ekonomik_otel.jpg?_i=AA\" alt=\"y\u00fcksek sezonda ekonomik otel\" class=\"wp-post-23831 wp-image-21069\" data-format=\"jpg\" data-transformations=\"f_auto,q_auto:low\" data-version=\"1660562990\" data-seo=\"1\" srcset=\"https:\/\/res.cloudinary.com\/turna\/images\/f_auto,q_auto:low\/v1660562990\/y\u00fcksek_sezonda_ekonomik_otel\/y\u00fcksek_sezonda_ekonomik_otel.jpg?_i=AA 800w, https:\/\/res.cloudinary.com\/turna\/images\/w_300,h_188,c_scale\/f_auto,q_auto:low\/v1660562990\/y\u00fcksek_sezonda_ekonomik_otel\/y\u00fcksek_sezonda_ekonomik_otel.jpg?_i=AA 300w, https:\/\/res.cloudinary.com\/turna\/images\/w_672,h_420,c_scale\/f_auto,q_auto:low\/v1660562990\/y\u00fcksek_sezonda_ekonomik_otel\/y\u00fcksek_sezonda_ekonomik_otel.jpg?_i=AA 672w, https:\/\/res.cloudinary.com\/turna\/images\/w_640,h_400,c_scale\/f_auto,q_auto:low\/v1660562990\/y\u00fcksek_sezonda_ekonomik_otel\/y\u00fcksek_sezonda_ekonomik_otel.jpg?_i=AA 640w, https:\/\/res.cloudinary.com\/turna\/images\/w_681,h_426,c_scale\/f_auto,q_auto:low\/v1660562990\/y\u00fcksek_sezonda_ekonomik_otel\/y\u00fcksek_sezonda_ekonomik_otel.jpg?_i=AA 681w\" sizes=\"(max-width: 800px) 100vw, 800px\" \/><\/figure>\n\n\n\n<p>Zakintos Adas\u0131\u2019nda konaklama se\u00e7enekleri her b\u00fct\u00e7eye ve tatil beklentisine uygun alternatiflerle \u00e7e\u015fitleniyor. L\u00fcks bir tatil hayal edenler i\u00e7in deniz manzaral\u0131 butik oteller, do\u011fayla i\u00e7 i\u00e7e olmak isteyenler i\u00e7in ise sessiz k\u00f6y pansiyonlar\u0131 bulunuyor. E\u011fer hareketli bir tatil planl\u0131yorsan\u0131z, Laganas b\u00f6lgesi gece hayat\u0131yla \u00f6ne \u00e7\u0131karken, aileler i\u00e7in daha sakin olan Tsilivi ideal \u00f6zellik ta\u015f\u0131yor. K\u0131y\u0131ya yak\u0131n villalar ve plaj otelleri de romantik ka\u00e7amaklar i\u00e7in birebir. Keyifli ve avantajl\u0131 konaklama alternatifleri <a href=\"https:\/\/www.turna.com\/otel\"><strong>Turna otelleri<\/strong><\/a> aras\u0131nda ke\u015ffinizi bekliyor!<br><\/p>\n\n\n\n<p><br><br><\/p>\n\n\n\n<p><br><\/p>\n\n\n\n<p><br><\/p>\n\n    <div class=\"xs_social_share_widget xs_share_url after_content \t\tmain_content  wslu-style-1 wslu-share-box-shaped wslu-fill-colored wslu-none wslu-share-horizontal wslu-theme-font-no wslu-main_content\">\n\n\t\t\n        <ul>\n\t\t\t        <\/ul>\n    <\/div> \n","protected":false},"excerpt":{"rendered":"<p>G\u00f6zlerinizi bir anl\u0131\u011f\u0131na kapat\u0131n ve hayal edin: Mavinin en g\u00fczel tonlar\u0131nda parlayan bir deniz, bembeyaz kayal\u0131klar\u0131n g\u00f6lgesinde gizlenmi\u015f huzur dolu koylar, nostaljik dokusuyla kalbinizi \u00e7almaya aday dar sokaklar\u2026 Zakintos Adas\u0131, Yunanistan\u2019\u0131n bat\u0131 k\u0131y\u0131s\u0131nda ve Atina\u2019ya yakla\u015f\u0131k 1 saatlik u\u00e7u\u015f mesafesinde konumlan\u0131yor. Hem do\u011fas\u0131 hem de k\u00fclt\u00fcrel dokusuyla seyahatseverlerin favorisi rol\u00fcn\u00fc \u00fcstlenen bu ada, deniz tatiliyle [&hellip;]<\/p>\n","protected":false},"author":44,"featured_media":3100,"comment_status":"open","ping_status":"open","sticky":false,"template":"","format":"standard","meta":{"rop_custom_images_group":[],"rop_custom_messages_group":[],"rop_publish_now":"initial","rop_publish_now_accounts":[],"rop_publish_now_history":[],"rop_publish_now_status":"pending","_cloudinary_featured_overwrite":false,"footnotes":""},"categories":[1,2,18],"tags":[978,10],"class_list":["post-23831","post","type-post","status-publish","format-standard","has-post-thumbnail","hentry","category-seyahat-rehberi","category-ulkeler","category-yunanistan","tag-seyahat-rehberi","tag-yunanistan"],"_links":{"self":[{"href":"https:\/\/www.turna.com\/blog\/wp-json\/wp\/v2\/posts\/23831","targetHints":{"allow":["GET"]}}],"collection":[{"href":"https:\/\/www.turna.com\/blog\/wp-json\/wp\/v2\/posts"}],"about":[{"href":"https:\/\/www.turna.com\/blog\/wp-json\/wp\/v2\/types\/post"}],"author":[{"embeddable":true,"href":"https:\/\/www.turna.com\/blog\/wp-json\/wp\/v2\/users\/44"}],"replies":[{"embeddable":true,"href":"https:\/\/www.turna.com\/blog\/wp-json\/wp\/v2\/comments?post=23831"}],"version-history":[{"count":0,"href":"https:\/\/www.turna.com\/blog\/wp-json\/wp\/v2\/posts\/23831\/revisions"}],"wp:featuredmedia":[{"embeddable":true,"href":"https:\/\/www.turna.com\/blog\/wp-json\/wp\/v2\/media\/3100"}],"wp:attachment":[{"href":"https:\/\/www.turna.com\/blog\/wp-json\/wp\/v2\/media?parent=23831"}],"wp:term":[{"taxonomy":"category","embeddable":true,"href":"https:\/\/www.turna.com\/blog\/wp-json\/wp\/v2\/categories?post=23831"},{"taxonomy":"post_tag","embeddable":true,"href":"https:\/\/www.turna.com\/blog\/wp-json\/wp\/v2\/tags?post=23831"}],"curies":[{"name":"wp","href":"https:\/\/api.w.org\/{rel}","templated":true}]}}