{"id":23796,"date":"2025-04-22T14:05:48","date_gmt":"2025-04-22T11:05:48","guid":{"rendered":"https:\/\/www.turna.com\/blog\/?p=23796"},"modified":"2025-06-30T17:22:19","modified_gmt":"2025-06-30T14:22:19","slug":"istanbulun-en-iyi-kahvecileri","status":"publish","type":"post","link":"https:\/\/www.turna.com\/blog\/istanbulun-en-iyi-kahvecileri","title":{"rendered":"\u0130stanbul\u2019un En \u0130yi Kahvecileri"},"content":{"rendered":"<div id=\"ez-toc-container\" class=\"ez-toc-v2_0_82_2 counter-hierarchy ez-toc-counter ez-toc-black ez-toc-container-direction\">\n<div class=\"ez-toc-title-container\">\n<p class=\"ez-toc-title\" style=\"cursor:inherit\">\u0130\u00e7indekiler<\/p>\n<span class=\"ez-toc-title-toggle\"><a href=\"#\" class=\"ez-toc-pull-right ez-toc-btn ez-toc-btn-xs ez-toc-btn-default ez-toc-toggle\" aria-label=\"\u0130\u00e7indekiler Tablosunu A\u00e7\/Kapat\"><span class=\"ez-toc-js-icon-con\"><span class=\"\"><span class=\"eztoc-hide\" style=\"display:none;\">Toggle<\/span><span class=\"ez-toc-icon-toggle-span\"><svg style=\"fill: #ffffff;color:#ffffff\" xmlns=\"http:\/\/www.w3.org\/2000\/svg\" class=\"list-377408\" width=\"20px\" height=\"20px\" viewBox=\"0 0 24 24\" fill=\"none\"><path d=\"M6 6H4v2h2V6zm14 0H8v2h12V6zM4 11h2v2H4v-2zm16 0H8v2h12v-2zM4 16h2v2H4v-2zm16 0H8v2h12v-2z\" fill=\"currentColor\"><\/path><\/svg><svg style=\"fill: #ffffff;color:#ffffff\" class=\"arrow-unsorted-368013\" xmlns=\"http:\/\/www.w3.org\/2000\/svg\" width=\"10px\" height=\"10px\" viewBox=\"0 0 24 24\" version=\"1.2\" baseProfile=\"tiny\"><path d=\"M18.2 9.3l-6.2-6.3-6.2 6.3c-.2.2-.3.4-.3.7s.1.5.3.7c.2.2.4.3.7.3h11c.3 0 .5-.1.7-.3.2-.2.3-.5.3-.7s-.1-.5-.3-.7zM5.8 14.7l6.2 6.3 6.2-6.3c.2-.2.3-.5.3-.7s-.1-.5-.3-.7c-.2-.2-.4-.3-.7-.3h-11c-.3 0-.5.1-.7.3-.2.2-.3.5-.3.7s.1.5.3.7z\"\/><\/svg><\/span><\/span><\/span><\/a><\/span><\/div>\n<nav><ul class='ez-toc-list ez-toc-list-level-1 eztoc-toggle-hide-by-default' ><li class='ez-toc-page-1 ez-toc-heading-level-2'><a class=\"ez-toc-link ez-toc-heading-1\" href=\"https:\/\/www.turna.com\/blog\/istanbulun-en-iyi-kahvecileri\/#avrupa_yakasindaki_kahveciler\" >Avrupa Yakas\u0131\u2019ndaki Kahveciler<\/a><ul class='ez-toc-list-level-3' ><li class='ez-toc-heading-level-3'><a class=\"ez-toc-link ez-toc-heading-2\" href=\"https:\/\/www.turna.com\/blog\/istanbulun-en-iyi-kahvecileri\/#wtc_reserve_akaretler\" >WTC Reserve, Akaretler<\/a><\/li><li class='ez-toc-page-1 ez-toc-heading-level-3'><a class=\"ez-toc-link ez-toc-heading-3\" href=\"https:\/\/www.turna.com\/blog\/istanbulun-en-iyi-kahvecileri\/#blum_coffee_house_besiktas\" >Blum Coffee House, Be\u015fikta\u015f<\/a><\/li><li class='ez-toc-page-1 ez-toc-heading-level-3'><a class=\"ez-toc-link ez-toc-heading-4\" href=\"https:\/\/www.turna.com\/blog\/istanbulun-en-iyi-kahvecileri\/#turk_alman_kitabevi_beyoglu\" >T\u00fcrk Alman Kitabevi, Beyo\u011flu<\/a><\/li><li class='ez-toc-page-1 ez-toc-heading-level-3'><a class=\"ez-toc-link ez-toc-heading-5\" href=\"https:\/\/www.turna.com\/blog\/istanbulun-en-iyi-kahvecileri\/#federal_topagacigalata\" >Federal, Topa\u011fac\u0131\/Galata<\/a><\/li><li class='ez-toc-page-1 ez-toc-heading-level-3'><a class=\"ez-toc-link ez-toc-heading-6\" href=\"https:\/\/www.turna.com\/blog\/istanbulun-en-iyi-kahvecileri\/#casa_cooklife_bomonti\" >Casa Cooklife, Bomonti<\/a><\/li><li class='ez-toc-page-1 ez-toc-heading-level-3'><a class=\"ez-toc-link ez-toc-heading-7\" href=\"https:\/\/www.turna.com\/blog\/istanbulun-en-iyi-kahvecileri\/#deal_coffee_company_besiktas\" >Deal Coffee Company, Be\u015fikta\u015f<\/a><\/li><li class='ez-toc-page-1 ez-toc-heading-level-3'><a class=\"ez-toc-link ez-toc-heading-8\" href=\"https:\/\/www.turna.com\/blog\/istanbulun-en-iyi-kahvecileri\/#kronotrop_suadiyemodakarakoybesiktasleventsislicihangir\" >Kronotrop, Suadiye\/Moda\/Karak\u00f6y\/Be\u015fikta\u015f\/Levent\/\u015ei\u015fli\/Cihangir<\/a><\/li><li class='ez-toc-page-1 ez-toc-heading-level-3'><a class=\"ez-toc-link ez-toc-heading-9\" href=\"https:\/\/www.turna.com\/blog\/istanbulun-en-iyi-kahvecileri\/#bohems_coffee_sisli\" >Bohem\u2019S Coffee, \u015ei\u015fli<\/a><\/li><li class='ez-toc-page-1 ez-toc-heading-level-3'><a class=\"ez-toc-link ez-toc-heading-10\" href=\"https:\/\/www.turna.com\/blog\/istanbulun-en-iyi-kahvecileri\/#cup_of_joy_bebekistinye_parknisantasiayazagazorlu\" >Cup of Joy, Bebek\/\u0130stinye Park\/Ni\u015fanta\u015f\u0131\/Ayaza\u011fa\/Zorlu<\/a><\/li><li class='ez-toc-page-1 ez-toc-heading-level-3'><a class=\"ez-toc-link ez-toc-heading-11\" href=\"https:\/\/www.turna.com\/blog\/istanbulun-en-iyi-kahvecileri\/#eftalikus_beyoglu\" >Eftalikus, Beyo\u011flu<\/a><\/li><li class='ez-toc-page-1 ez-toc-heading-level-3'><a class=\"ez-toc-link ez-toc-heading-12\" href=\"https:\/\/www.turna.com\/blog\/istanbulun-en-iyi-kahvecileri\/#petra_coffee_gayrettepesishanemaslaktopagacibebekkanyon\" >Petra Coffee, Gayrettepe\/\u015ei\u015fhane\/Maslak\/Topa\u011fac\u0131\/Bebek\/Kanyon<\/a><\/li><\/ul><\/li><li class='ez-toc-page-1 ez-toc-heading-level-2'><a class=\"ez-toc-link ez-toc-heading-13\" href=\"https:\/\/www.turna.com\/blog\/istanbulun-en-iyi-kahvecileri\/#anadolu_yakasindaki_kahveciler\" >Anadolu Yakas\u0131\u2019ndaki Kahveciler<\/a><ul class='ez-toc-list-level-3' ><li class='ez-toc-heading-level-3'><a class=\"ez-toc-link ez-toc-heading-14\" href=\"https:\/\/www.turna.com\/blog\/istanbulun-en-iyi-kahvecileri\/#nove_saskinbakkalsuadiye\" >Nove, \u015ea\u015fk\u0131nbakkal\/Suadiye<\/a><\/li><li class='ez-toc-page-1 ez-toc-heading-level-3'><a class=\"ez-toc-link ez-toc-heading-15\" href=\"https:\/\/www.turna.com\/blog\/istanbulun-en-iyi-kahvecileri\/#montag_coffee_bomontimodakadikoy\" >Montag Coffee, Bomonti\/Moda\/Kad\u0131k\u00f6y<\/a><\/li><li class='ez-toc-page-1 ez-toc-heading-level-3'><a class=\"ez-toc-link ez-toc-heading-16\" href=\"https:\/\/www.turna.com\/blog\/istanbulun-en-iyi-kahvecileri\/#bruno_cookies_kalamis\" >Bruno Cookies, Kalam\u0131\u015f<\/a><\/li><li class='ez-toc-page-1 ez-toc-heading-level-3'><a class=\"ez-toc-link ez-toc-heading-17\" href=\"https:\/\/www.turna.com\/blog\/istanbulun-en-iyi-kahvecileri\/#gron_coffee_company_caddebostan\" >GR\u014cN Coffee Company, Caddebostan<\/a><\/li><li class='ez-toc-page-1 ez-toc-heading-level-3'><a class=\"ez-toc-link ez-toc-heading-18\" href=\"https:\/\/www.turna.com\/blog\/istanbulun-en-iyi-kahvecileri\/#brekkie_kadikoy\" >Brekkie, Kad\u0131k\u00f6y<\/a><\/li><li class='ez-toc-page-1 ez-toc-heading-level-3'><a class=\"ez-toc-link ez-toc-heading-19\" href=\"https:\/\/www.turna.com\/blog\/istanbulun-en-iyi-kahvecileri\/#altkat_coffee_moda\" >Altkat Coffee, Moda<\/a><\/li><li class='ez-toc-page-1 ez-toc-heading-level-3'><a class=\"ez-toc-link ez-toc-heading-20\" href=\"https:\/\/www.turna.com\/blog\/istanbulun-en-iyi-kahvecileri\/#guten_morgen_moda\" >Guten Morgen, Moda<\/a><\/li><\/ul><\/li><\/ul><\/nav><\/div>\n\n<p>Kahve k\u00fclt\u00fcr\u00fcn\u00fcn kalbinde yer alan \u0130stanbul, her k\u00f6\u015fesinde farkl\u0131 bir lezzet bar\u0131nd\u0131ran b\u00fcy\u00fcl\u00fc bir \u015fehir. \u0130stanbul\u2019un tarihi dokusuyla modernli\u011fin harmanland\u0131\u011f\u0131 mekanlar\u0131nda kahve keyfi yapman\u0131n tad\u0131 bir ba\u015fka.<\/p>\n\n\n\n<p>Bu yaz\u0131m\u0131zda, \u0130stanbul\u2019un en iyi kahvecilerini ke\u015ffedip her birinde ayr\u0131 bir deneyim ya\u015faman\u0131n hazz\u0131n\u0131 bulacaks\u0131n\u0131z. Haz\u0131rsan\u0131z kahve severlere yol g\u00f6sterecek olan \u0130stanbul kahve rehberi ile e\u015fsiz bir lezzet yolculu\u011funa \u00e7\u0131kal\u0131m!<\/p>\n\n\n\n<h2 class=\"wp-block-heading has-text-align-center has-neeon-button-dark-gray-color has-text-color has-link-color wp-elements-59083eadb5009be8e895f29c6666549e\"><span class=\"ez-toc-section\" id=\"avrupa_yakasindaki_kahveciler\"><\/span><strong><strong>Avrupa Yakas\u0131\u2019ndaki Kahveciler<\/strong><\/strong><span class=\"ez-toc-section-end\"><\/span><\/h2>\n\n\n\n<figure class=\"wp-block-image size-large\"><img width=\"1600\" height=\"1000\" decoding=\"async\" src=\"data:image\/svg+xml;base64,PHN2ZyB4bWxucz0iaHR0cDovL3d3dy53My5vcmcvMjAwMC9zdmciIHdpZHRoPSIxNjAwIiBoZWlnaHQ9IjEwMDAiPjxyZWN0IHdpZHRoPSIxMDAlIiBoZWlnaHQ9IjEwMCUiPjxhbmltYXRlIGF0dHJpYnV0ZU5hbWU9ImZpbGwiIHZhbHVlcz0icmdiYSgxNTMsMTUzLDE1MywwLjUpO3JnYmEoMTUzLDE1MywxNTMsMC4xKTtyZ2JhKDE1MywxNTMsMTUzLDAuNSkiIGR1cj0iMnMiIHJlcGVhdENvdW50PSJpbmRlZmluaXRlIiAvPjwvcmVjdD48L3N2Zz4=\" alt=\"\" data-public-id=\"wordpress-contents\/kahve\/kahve.png\" class=\"wp-post-23796 wp-image-23800\" data-format=\"png\" data-transformations=\"f_auto,q_auto:low\" data-version=\"1745316609\" data-seo=\"1\" data-size=\"1600 1000\" data-srcset=\"https:\/\/res.cloudinary.com\/turna\/images\/f_auto,q_auto:low\/v1745316609\/wordpress-contents\/kahve\/kahve.png?_i=AA 1600w, https:\/\/res.cloudinary.com\/turna\/images\/w_800,h_500,c_scale\/f_auto,q_auto:low\/v1745316609\/wordpress-contents\/kahve\/kahve.png?_i=AA 800w, https:\/\/res.cloudinary.com\/turna\/images\/w_1024,h_640,c_scale\/f_auto,q_auto:low\/v1745316609\/wordpress-contents\/kahve\/kahve.png?_i=AA 1024w, https:\/\/res.cloudinary.com\/turna\/images\/w_300,h_188,c_scale\/f_auto,q_auto:low\/v1745316609\/wordpress-contents\/kahve\/kahve.png?_i=AA 300w, https:\/\/res.cloudinary.com\/turna\/images\/w_1536,h_960,c_scale\/f_auto,q_auto:low\/v1745316609\/wordpress-contents\/kahve\/kahve.png?_i=AA 1536w, https:\/\/res.cloudinary.com\/turna\/images\/w_672,h_420,c_scale\/f_auto,q_auto:low\/v1745316609\/wordpress-contents\/kahve\/kahve.png?_i=AA 672w, https:\/\/res.cloudinary.com\/turna\/images\/w_640,h_400,c_scale\/f_auto,q_auto:low\/v1745316609\/wordpress-contents\/kahve\/kahve.png?_i=AA 640w, https:\/\/res.cloudinary.com\/turna\/images\/w_681,h_426,c_scale\/f_auto,q_auto:low\/v1745316609\/wordpress-contents\/kahve\/kahve.png?_i=AA 681w\" data-sizes=\"(max-width: 1600px) 100vw, 1600px\" data-delivery=\"upload\" onload=\";window.CLDBind?CLDBind(this):null;\" data-cloudinary=\"lazy\" \/><\/figure>\n\n\n\n<h3 class=\"wp-block-heading has-text-align-center has-neeon-button-dark-gray-color has-text-color has-link-color wp-elements-46b6cec7984ad619b3814de2634e4dfe\"><span class=\"ez-toc-section\" id=\"wtc_reserve_akaretler\"><\/span><strong><strong>WTC Reserve, Akaretler<\/strong><\/strong><span class=\"ez-toc-section-end\"><\/span><\/h3>\n\n\n\n<p>What The Coffee Reserve k\u0131sa ad\u0131yla WTC, Akaretler\u2019deki muhte\u015fem konumuyla dikkat \u00e7ekiyor. Buradaki kahvelerin lezzetleri bir yana tatl\u0131lar da olduk\u00e7a be\u011feniliyor. Favori kahvenizi yudumlarken yan\u0131na bir tatl\u0131 da s\u00f6yleyerek \u00f6zenle haz\u0131rlanan bu mekanda zevkinizi katlamak m\u00fcmk\u00fcn.<\/p>\n\n\n\n<h3 class=\"wp-block-heading has-text-align-center has-neeon-button-dark-gray-color has-text-color has-link-color wp-elements-d0d5eb493fbe929436eead8b0dac2f58\"><span class=\"ez-toc-section\" id=\"blum_coffee_house_besiktas\"><\/span>Blum Coffee House, Be\u015fikta\u015f<span class=\"ez-toc-section-end\"><\/span><\/h3>\n\n\n\n<figure class=\"wp-block-image size-large\"><img decoding=\"async\" src=\"https:\/\/res.cloudinary.com\/turna\/image\/upload\/v1745318352\/wordpress-contents\/blum_cafe.png\" alt=\"\"\/><\/figure>\n\n\n\n<p>Be\u015fikta\u015f\u2019\u0131n en iyi kahvecileri aras\u0131nda bulunan Blum Coffee House, iki k\u0131z karde\u015fin el ele verip a\u00e7t\u0131\u011f\u0131 bir yer. \u0130stanbul\u2019un en \u00f6zel kahvelerini sunan mekanlardan biri olan Blum Coffee House, espresso bazl\u0131 kahvelerden demleme \u00e7e\u015fitlerine kadar geni\u015f bir yelpazeye sahip. Yer f\u0131st\u0131kl\u0131 latte, f\u0131st\u0131kl\u0131 kapu\u00e7ino, bitter \u00e7ikolatal\u0131 americano gibi s\u0131rad\u0131\u015f\u0131 lezzetler de sunuyor. Tatl\u0131 ve at\u0131\u015ft\u0131rmal\u0131klar ise sa\u011fl\u0131kl\u0131 \u00fcr\u00fcnlerle ev yap\u0131m\u0131 olarak haz\u0131rlan\u0131yor.<\/p>\n\n\n\n<p>S\u00fcrd\u00fcr\u00fclebilirli\u011fe \u00f6nem veren Blum Coffee House, serviste plastik kullanmamas\u0131n\u0131n yan\u0131 s\u0131ra ka\u015f\u0131k, \u00e7atal ve b\u0131\u00e7aklar\u0131 hu\u015f a\u011fac\u0131ndan, pipetleri ise bu\u011fday sap\u0131ndan yap\u0131lm\u0131\u015f olarak kullan\u0131yor.<\/p>\n\n\n\n<h3 class=\"wp-block-heading has-text-align-center has-neeon-button-dark-gray-color has-text-color has-link-color wp-elements-1f000815a32742482860e56330740f1d\"><span class=\"ez-toc-section\" id=\"turk_alman_kitabevi_beyoglu\"><\/span>T\u00fcrk Alman Kitabevi, Beyo\u011flu<span class=\"ez-toc-section-end\"><\/span><\/h3>\n\n\n\n<p>60 y\u0131ll\u0131k ge\u00e7mi\u015fiyle yeni jenerasyon kahve k\u00fclt\u00fcr\u00fcn\u00fc harmanlayan \u00f6zel bir mekan olan T\u00fcrk Alman Kitabevi, Beyo\u011flu\u2019nun en iyi kahvecilerindendir. Chai Tea Latte\u2019den Aeropress\u2019e kadar say\u0131s\u0131z kahve se\u00e7ene\u011fi sunan T\u00fcrk Alman Kitabevi, kahve ve kitap tutkunlar\u0131n\u0131n vazge\u00e7ilmez lokasyonlar\u0131ndan biridir.<\/p>\n\n\n\n<p>\u0130stiklal Caddesi \u00fczerinde yer alan bu kafe, kaliteli kahvesinin yan\u0131 s\u0131ra keyifli sohbetler ve huzurlu bir \u00e7al\u0131\u015fma ortam\u0131 ortaya koyarak \u00e7ok y\u00f6nl\u00fc bir deneyim vadediyor. Mekanda dikkat \u00e7ekici tatl\u0131lardan biri olan Alman pastas\u0131 deneyimlenebiliyor. Ayn\u0131 zamanda tozlu raflarda kaybolmak da m\u00fcmk\u00fcn.<\/p>\n\n\n\n<h3 class=\"wp-block-heading has-text-align-center has-neeon-button-dark-gray-color has-text-color has-link-color wp-elements-6042de992685c22d0cd28762bd347048\"><span class=\"ez-toc-section\" id=\"federal_topagacigalata\"><\/span><strong><strong>Federal, Topa\u011fac\u0131\/Galata<\/strong><\/strong><span class=\"ez-toc-section-end\"><\/span><\/h3>\n\n\n\n<figure class=\"wp-block-image size-large\"><img decoding=\"async\" src=\"https:\/\/res.cloudinary.com\/turna\/image\/upload\/v1745318490\/wordpress-contents\/federal_kahve.png\" alt=\"\"\/><\/figure>\n\n\n\n<p>Federal\u2019\u0131n hikayesi barista e\u011fitmeni Sam \u00c7evik\u00f6z\u2019\u00fcn kendi markas\u0131n\u0131 kurmas\u0131 ile ba\u015fl\u0131yor.&nbsp;\u00c7evik\u00f6z\u2019\u00fcn e\u011fitiminden ge\u00e7mi\u015f baristalar, kahve konusunda olduk\u00e7a bilgili ve misafirperver bir \u015fekilde t\u00fcm sorular\u0131n\u0131z\u0131 yan\u0131tlamaya haz\u0131r.<\/p>\n\n\n\n<p>Federal, di\u011fer kahvecilerden farkl\u0131 olarak \u00f6zel kahveler haz\u0131rl\u0131yor. Federal\u2019de jalapeno, \u00e7i\u011f badem, baharat gibi s\u0131ra d\u0131\u015f\u0131 aromal\u0131 \u015furuplarla tatland\u0131r\u0131lm\u0131\u015f \u00f6zel kahveler sunuluyor. Kahve severlerin yeni tatlar ke\u015ffetmesi i\u00e7in ortam yaratan Federal ziyaret edilmesi gereken yerlerdendir.<\/p>\n\n\n\n<h3 class=\"wp-block-heading has-text-align-center has-neeon-button-dark-gray-color has-text-color has-link-color wp-elements-733d2551584d5a69cdb230a99fe15bb2\"><span class=\"ez-toc-section\" id=\"casa_cooklife_bomonti\"><\/span><strong><strong>Casa Cooklife, Bomonti<\/strong><\/strong><span class=\"ez-toc-section-end\"><\/span><\/h3>\n\n\n\n<p>Casa Cooklife, Bomonti\u2019nin en be\u011fenilen kahvecileri aras\u0131nda bulunuyor. Casa Cooklife\u2019da; earl grey, bitter \u00e7ikolata, limon, \u015feker kam\u0131\u015f\u0131, greyfurt gibi s\u0131rad\u0131\u015f\u0131 tatlarla haz\u0131rlanan kahveler, klasik kahve deneyiminin \u00f6tesine ge\u00e7menizi sa\u011fl\u0131yor. Farkl\u0131 aromalar denemek isteyenler i\u00e7in ideal bir mekan olan Casa Cooklife, Bomonti\u2019de ke\u015ffedilmeyi bekliyor.<\/p>\n\n\n\n<h3 class=\"wp-block-heading has-text-align-center has-neeon-button-dark-gray-color has-text-color has-link-color wp-elements-9b4873e328cda7c4e4bd9fa568ceaac8\"><span class=\"ez-toc-section\" id=\"deal_coffee_company_besiktas\"><\/span><strong><strong>Deal Coffee Company, Be\u015fikta\u015f<\/strong><\/strong><span class=\"ez-toc-section-end\"><\/span><\/h3>\n\n\n\n<p>Be\u015fikta\u015f\u2019\u0131n gizli kalm\u0131\u015f kahvecisi Deal Coffee Company, \u201ciyiye\u201d olan tutkusunu m\u00fckemmel kahveler yaratmaya adam\u0131\u015f bir mekan. S\u0131rad\u0131\u015f\u0131 ve farkl\u0131 \u00e7ekirdekleriyle ilgi uyand\u0131ran Deal Coffee Company, \u00f6zen ve sevgiyle i\u015flerini yap\u0131yor.<\/p>\n\n\n\n<p>Filtre kahve sevenlerin favorisi olmaya aday Special Blend, yo\u011fun tad\u0131 ile ilgi \u00e7ekiyor. Ayr\u0131ca evde de Deal kalitesinde kahve keyfini s\u00fcrmek isteyenler i\u00e7in kahve \u00e7ekirdekleri sat\u0131\u015fa sunuluyor.<\/p>\n\n\n\n<h3 class=\"wp-block-heading has-text-align-center has-neeon-button-dark-gray-color has-text-color has-link-color wp-elements-368c1218321730bcf80b6518959404cd\"><span class=\"ez-toc-section\" id=\"kronotrop_suadiyemodakarakoybesiktasleventsislicihangir\"><\/span><strong><strong>Kronotrop, Suadiye\/Moda\/Karak\u00f6y\/Be\u015fikta\u015f\/Levent\/\u015ei\u015fli\/Cihangir<\/strong><\/strong><span class=\"ez-toc-section-end\"><\/span><\/h3>\n\n\n\n<figure class=\"wp-block-image size-large\"><img decoding=\"async\" src=\"https:\/\/res.cloudinary.com\/turna\/image\/upload\/v1745318625\/wordpress-contents\/kronotrop.png\" alt=\"\"\/><\/figure>\n\n\n\n<p>T\u00fcrkiye\u2019nin \u00f6d\u00fcll\u00fc kavurucular\u0131ndan Kronotrop, y\u00fcksek kalitedeki kahvelerini sadece Avrupa de\u011fil Anadolu yakas\u0131ndaki \u015fubelerinde de misafirleriyle bulu\u015fturuyor. Cold Brew konusunda \u00fcn kazanan Kronotrop, \u00f6zenle se\u00e7ilmi\u015f ve kavrulmu\u015f \u00e7ekirdekleriyle biliniyor. Geni\u015f \u00e7ekirdek se\u00e7kisiyle online sat\u0131\u015fa da devam eden Kronotrop, kahve severlerin u\u011frak konumlar\u0131ndand\u0131r.<\/p>\n\n\n\n<h3 class=\"wp-block-heading has-text-align-center has-neeon-button-dark-gray-color has-text-color has-link-color wp-elements-a72d02161ae2a8aa36826b8e2ee93b5b\"><span class=\"ez-toc-section\" id=\"bohems_coffee_sisli\"><\/span><strong><strong>Bohem\u2019S Coffee, \u015ei\u015fli<\/strong><\/strong><span class=\"ez-toc-section-end\"><\/span><\/h3>\n\n\n\n<p>\u015ei\u015fli\u2019nin en iyi kahvecilerinden biri olarak \u00f6ne \u00e7\u0131kan Bohem\u2019S Coffee, Elmada\u011f Caddesi&#8217;nde yer al\u0131yor. Leziz kahve se\u00e7enekleri ve misafirperver \u00e7al\u0131\u015fanlar\u0131 ile dikkat \u00e7eken bir durakt\u0131r. Mekan\u0131n \u00e7ekicili\u011fi, sadece kahve tutkunlar\u0131n\u0131 de\u011fil ayn\u0131 zamanda tarihi ve estetik de\u011ferlere ilgi duyanlar\u0131 da cezbediyor.<\/p>\n\n\n\n<p>Bohem\u2019S Coffee, kahveleri yudumlarken \u0130stanbul\u2019un ilk apartmanlar\u0131ndan biri olan tarihi Arif Pa\u015fa Apartman\u0131\u2019n\u0131n b\u00fcy\u00fcleyici manzaras\u0131n\u0131 da seyretme f\u0131rsat\u0131 sunuyor. Hem lezzetli kahveleri hem de atmosferiyle Bohem\u2019S Coffee, \u015ei\u015fli\u2019nin incisi olarak ke\u015ffedilmeyi bekliyor.<\/p>\n\n\n\n<h3 class=\"wp-block-heading has-text-align-center has-neeon-button-dark-gray-color has-text-color has-link-color wp-elements-88bcb145f4ed61228b31d21ab11eb748\"><span class=\"ez-toc-section\" id=\"cup_of_joy_bebekistinye_parknisantasiayazagazorlu\"><\/span><strong><strong>Cup of Joy, Bebek\/\u0130stinye Park\/Ni\u015fanta\u015f\u0131\/Ayaza\u011fa\/Zorlu<\/strong><\/strong><span class=\"ez-toc-section-end\"><\/span><\/h3>\n\n\n\n<p>Bebek, Zorlu AVM, Ayaza\u011fa, \u0130stinye Park ve Ni\u015fanta\u015f\u0131 gibi farkl\u0131 lokasyonlarda \u015fubeleri olan Cup of Joy&#8217;da d\u00fcnya \u00e7ap\u0131nda \u00f6zenle se\u00e7ilmi\u015f kahveler ustaca kavruluyor.&nbsp;Cup of Joy\u2019a yolu d\u00fc\u015fenler, Flat White\u2019\u0131n iddial\u0131 aromas\u0131n\u0131n tad\u0131n\u0131 \u00e7\u0131kar\u0131yor.<\/p>\n\n\n\n<h3 class=\"wp-block-heading has-text-align-center has-neeon-button-dark-gray-color has-text-color has-link-color wp-elements-196bf5c0b88aba8737f644e9c3f314c3\"><span class=\"ez-toc-section\" id=\"eftalikus_beyoglu\"><\/span><strong><strong>Eftalikus, Beyo\u011flu<\/strong><\/strong><span class=\"ez-toc-section-end\"><\/span><\/h3>\n\n\n\n<p>Beyo\u011flu\u2019nun tarihi binalar\u0131n\u0131n i\u00e7inde keyifli bir kahve deneyimi arayanlar i\u00e7in Eftalikus harika bir alternatiftir. Ansen Otel\u2019in giri\u015finde yer alan bu bistro, tarihi bir atmosferde enfes kahveler sunuyor. &nbsp;Eftalikus, eski binalar\u0131n zarif havas\u0131nda bir kahve molas\u0131 vermek isteyenlere unutulmaz bir deneyim ya\u015fat\u0131yor.<\/p>\n\n\n\n<h3 class=\"wp-block-heading has-text-align-center has-neeon-button-dark-gray-color has-text-color has-link-color wp-elements-742d7a0e631d099b3224fd601f515392\"><span class=\"ez-toc-section\" id=\"petra_coffee_gayrettepesishanemaslaktopagacibebekkanyon\"><\/span><strong><strong>Petra Coffee, Gayrettepe\/\u015ei\u015fhane\/Maslak\/Topa\u011fac\u0131\/Bebek\/Kanyon<\/strong><\/strong><span class=\"ez-toc-section-end\"><\/span><\/h3>\n\n\n\n<figure class=\"wp-block-image size-large\"><img decoding=\"async\" src=\"https:\/\/res.cloudinary.com\/turna\/image\/upload\/v1745318211\/wordpress-contents\/petra_cafe.png\" alt=\"\"\/><\/figure>\n\n\n\n<p>\u0130stanbul\u2019un farkl\u0131 semtlerine yay\u0131lan Petra Coffee, her \u015fubesinde farkl\u0131 bir karakter sunuyor. Gayrettepe\u2019deki merkez, markan\u0131n ruhunu ta\u015f\u0131yor. \u015ei\u015fli-\u015ei\u015fhane\u2019deki yeni \u015fube, tarihi dokuyla i\u00e7 i\u00e7e bir deneyim sunuyor. Maslak Mudo Concept\u2019te yer alan Petra ise f\u00fct\u00fcristik bar tasar\u0131m\u0131yla dikkat \u00e7ekiyor; ister k\u0131sa bir mola i\u00e7in ister uzun bir \u00e7al\u0131\u015fma alan\u0131 olarak tercih edilebiliyor. Topa\u011fac\u0131 \u015fubesi, 1930\u2019lar dokusuna sahip dekorasyonu ve bar men\u00fcs\u00fcyle mahalle kahvecisi hissi ya\u015fat\u0131yor. Bebek\u2019in arka sokaklar\u0131nda konumlanan Petra, bah\u00e7esiyle eski mahalle havas\u0131n\u0131 ya\u015fat\u0131yor.<\/p>\n\n\n\n<h2 class=\"wp-block-heading has-text-align-center has-neeon-button-dark-gray-color has-text-color has-link-color wp-elements-26877db3130e0c20c68265d11f9f739a\"><span class=\"ez-toc-section\" id=\"anadolu_yakasindaki_kahveciler\"><\/span><strong><strong>Anadolu Yakas\u0131\u2019ndaki Kahveciler<\/strong><\/strong><span class=\"ez-toc-section-end\"><\/span><\/h2>\n\n\n\n<figure class=\"wp-block-image size-large\"><img decoding=\"async\" src=\"https:\/\/res.cloudinary.com\/turna\/image\/upload\/v1745317515\/wordpress-contents\/kahve_bulusmas%C4%B1.png\" alt=\"\"\/><\/figure>\n\n\n\n<h3 class=\"wp-block-heading has-text-align-center has-neeon-button-dark-gray-color has-text-color has-link-color wp-elements-469f990c60af7d23de6cca0a02f0f9a9\"><span class=\"ez-toc-section\" id=\"nove_saskinbakkalsuadiye\"><\/span><strong><strong>Nove, \u015ea\u015fk\u0131nbakkal\/Suadiye<\/strong><\/strong><span class=\"ez-toc-section-end\"><\/span><\/h3>\n\n\n\n<p>Ba\u011fdat Caddesi\u2019nin canl\u0131 atmosferinde yer alan Nove, sundu\u011fu birbirinden lezzetli kahveler ile \u00f6ne \u00e7\u0131k\u0131yor. Klasik kahve \u00e7e\u015fitlerinin yan\u0131nda golden milk, matcha ve red velvet gibi s\u0131rad\u0131\u015f\u0131 tatlar\u0131 da deneyimleyebilmenize imkan tan\u0131yor. Nove\u2019de bir fincan kahve, damakta uzun s\u00fcre kalacak bir iz demektir.<\/p>\n\n\n\n<h3 class=\"wp-block-heading has-text-align-center has-neeon-button-dark-gray-color has-text-color has-link-color wp-elements-663810ca19c710d837434a665a100341\"><span class=\"ez-toc-section\" id=\"montag_coffee_bomontimodakadikoy\"><\/span><strong><strong>Montag Coffee, Bomonti\/Moda\/Kad\u0131k\u00f6y<\/strong><\/strong><span class=\"ez-toc-section-end\"><\/span><\/h3>\n\n\n\n<figure class=\"wp-block-image size-large\"><img decoding=\"async\" src=\"https:\/\/res.cloudinary.com\/turna\/image\/upload\/v1745318793\/wordpress-contents\/montag.png\" alt=\"\"\/><\/figure>\n\n\n\n<p>Montag Coffee Roasters, \u015fehrin kahve haritas\u0131nda \u00f6nemli bir yere sahiptir. Kad\u0131k\u00f6y, Bomonti ve Moda\u2019da bulunan \u015fubeleriyle kaliteli kahve ve keyifli ortam sunma konusunda iddial\u0131 bir mekand\u0131r.<br>Deneyimli ekip ve rahatlatan atmosfer birle\u015fti\u011finde Montag Coffee\u2019nin kahve severlerin vazge\u00e7ilmez adreslerinden biri haline gelmesi de ka\u00e7\u0131n\u0131lmazd\u0131r. Montag, kahve keyfini evinde s\u00fcrd\u00fcrmek isteyenler i\u00e7in kahve sat\u0131\u015flar\u0131 da yap\u0131yor.<\/p>\n\n\n\n<h3 class=\"wp-block-heading has-text-align-center has-neeon-button-dark-gray-color has-text-color has-link-color wp-elements-a98ce6cc5488bbc8121420b1ecc2418e\"><span class=\"ez-toc-section\" id=\"bruno_cookies_kalamis\"><\/span><strong><strong>Bruno Cookies, Kalam\u0131\u015f<\/strong><\/strong><span class=\"ez-toc-section-end\"><\/span><\/h3>\n\n\n\n<p>S\u0131cak bir ortamda kahve keyfi ya\u015famak isteyenlerin u\u011frak adreslerinden olan Bruno Cookies, Fener Kalam\u0131\u015f Caddesi \u00fczerinde konumlan\u0131yor.&nbsp;4. nesil kalite kahvelerinin yan\u0131 s\u0131ra ev yap\u0131m\u0131 kurabiyeleriyle de tan\u0131n\u0131yor.<\/p>\n\n\n\n<p>Kahve ve kurabiye \u00fczerine kurulu samimi bir konsepte sahip olan mekanda k\u00fc\u00e7\u00fck ama i\u00e7ten bir atmosfer misafirleri kucakl\u0131yor. S\u0131cak ve rahat bir hissiyat uyand\u0131ran Bruno Cookies, samimi bir kahve molas\u0131 i\u00e7in m\u00fckemmel bir adres olabilir.<\/p>\n\n\n\n<h3 class=\"wp-block-heading has-text-align-center has-neeon-button-dark-gray-color has-text-color has-link-color wp-elements-698ac2e5be09cdba60e392719fde7797\"><span class=\"ez-toc-section\" id=\"gron_coffee_company_caddebostan\"><\/span>GR\u014cN Coffee Company, Caddebostan<span class=\"ez-toc-section-end\"><\/span><\/h3>\n\n\n\n<p>Ba\u011fdat Caddesi\u2019nde yer alan GR\u014cN Coffee Company, samimi bir mekanda kaliteli kahve deneyimi ya\u015famak isteyenlere hitap ediyor. A\u00e7\u0131ld\u0131ktan sonra k\u0131sa s\u00fcre i\u00e7inde m\u00fcdavim kazanan GR\u014cN, hem kahveleri hem de men\u00fcs\u00fcndeki sa\u011fl\u0131kl\u0131 yiyecekleriyle \u00f6n plana \u00e7\u0131k\u0131yor. Yeni nesil kahvalt\u0131 se\u00e7enekleriyle g\u00fcne enerjik bir ba\u015flang\u0131\u00e7 yapabilece\u011finiz ve hayvan dostu olmas\u0131yla da takdir toplayan bir lokasyon.<\/p>\n\n\n\n<h3 class=\"wp-block-heading has-text-align-center has-neeon-button-dark-gray-color has-text-color has-link-color wp-elements-4de7a45fe153949394a2313394ece520\"><span class=\"ez-toc-section\" id=\"brekkie_kadikoy\"><\/span><strong><strong>Brekkie, Kad\u0131k\u00f6y<\/strong><\/strong><span class=\"ez-toc-section-end\"><\/span><\/h3>\n\n\n\n<p>Kad\u0131k\u00f6y\u2019\u00fcn en iyi kahvecilerinden biri olan Brekkie, kahveleriyle isminden s\u00f6z ettiriyor. \u00d6zenle harmanlanan \u00e7ekirdeklerle haz\u0131rlanan kahveleri, farkl\u0131 damak tatlar\u0131n\u0131n denemesine f\u0131rsat veriyor. Moda\u2019n\u0131n pop\u00fcler k\u00f6\u015fesinde yer alan Brekkie, kaliteli kahve ve lezzetli kruvasanlar\u0131n keyfini \u00e7\u0131karabilece\u011finiz bir mekand\u0131r.<\/p>\n\n\n\n<h3 class=\"wp-block-heading has-text-align-center has-neeon-button-dark-gray-color has-text-color has-link-color wp-elements-3b4b7f5027e1ee1fb41a32e717c3a61c\"><span class=\"ez-toc-section\" id=\"altkat_coffee_moda\"><\/span><strong><strong>Altkat Coffee, Moda<\/strong><\/strong><span class=\"ez-toc-section-end\"><\/span><\/h3>\n\n\n\n<p>2021 y\u0131l\u0131n\u0131n A\u011fustos ay\u0131nda kap\u0131lar\u0131n\u0131 a\u00e7an Altkat Coffee, Moda\u2019daki Naif Tasar\u0131m\u2019\u0131n sarma\u015f\u0131klarla kapl\u0131 ofisinin zemin kat\u0131nda yer al\u0131yor. Altkat, s\u0131cac\u0131k atmosferi ve kaliteli kahveleriyle kendine \u00e7ekmeyi ba\u015far\u0131yor. Dondurmal\u0131 kruvasan\u0131 kahvenin yan\u0131na m\u00fckemmel bir e\u015flik\u00e7i oluyor. Sekiz masal\u0131 bu k\u00fc\u00e7\u00fck mekan, kahve severlerin mutlaka u\u011framas\u0131 gereken bir yer.<\/p>\n\n\n\n<h3 class=\"wp-block-heading has-text-align-center has-neeon-button-dark-gray-color has-text-color has-link-color wp-elements-46dc5038af9e4f65e41e1e7c586d8492\"><span class=\"ez-toc-section\" id=\"guten_morgen_moda\"><\/span><strong><strong>Guten Morgen, Moda<\/strong><\/strong><span class=\"ez-toc-section-end\"><\/span><\/h3>\n\n\n\n<figure class=\"wp-block-image size-large\"><img decoding=\"async\" src=\"https:\/\/res.cloudinary.com\/turna\/image\/upload\/v1745319010\/wordpress-contents\/guten_morgen.png\" alt=\"\"\/><\/figure>\n\n\n\n<p>Moda\u2019n\u0131n huzurlu sokaklar\u0131nda yer alan Guten Morgen, kahve tutkunlar\u0131 i\u00e7in muhte\u015fem bir durak. Klasik beyaz \u00e7ikolatal\u0131 brownie ve vi\u015fneli tart gibi tatl\u0131larla kahveler, zengin bir deneyim e\u015fli\u011finde t\u00fcketilebiliyor. Guten Morgen, misafirlerine her an\u0131 \u00f6zel k\u0131lacak bir kahve deneyimi sunuyor.<\/p>\n\n\n\n<p>E\u011fer siz de \u0130stanbul\u2019un farkl\u0131 semtlerinde konumlanan ve muhte\u015fem deneyimler sunan bu kahvecilerin lezzetlerini tatmak istiyorsan\u0131z hemen bir <a href=\"https:\/\/www.turna.com\/ucak-bileti\/istanbul\"><strong>u\u00e7ak bileti<\/strong><\/a> alabilir ve \u0130stanbul\u2019u ke\u015ffetmeye ba\u015flayabilirsiniz.<\/p>\n\n\n\n<p><br><br><\/p>\n\n\n\n<p><br><\/p>\n\n    <div class=\"xs_social_share_widget xs_share_url after_content \t\tmain_content  wslu-style-1 wslu-share-box-shaped wslu-fill-colored wslu-none wslu-share-horizontal wslu-theme-font-no wslu-main_content\">\n\n\t\t\n        <ul>\n\t\t\t        <\/ul>\n    <\/div> \n","protected":false},"excerpt":{"rendered":"<p>Kahve k\u00fclt\u00fcr\u00fcn\u00fcn kalbinde yer alan \u0130stanbul, her k\u00f6\u015fesinde farkl\u0131 bir lezzet bar\u0131nd\u0131ran b\u00fcy\u00fcl\u00fc bir \u015fehir. \u0130stanbul\u2019un tarihi dokusuyla modernli\u011fin harmanland\u0131\u011f\u0131 mekanlar\u0131nda kahve keyfi yapman\u0131n tad\u0131 bir ba\u015fka. Bu yaz\u0131m\u0131zda, \u0130stanbul\u2019un en iyi kahvecilerini ke\u015ffedip her birinde ayr\u0131 bir deneyim ya\u015faman\u0131n hazz\u0131n\u0131 bulacaks\u0131n\u0131z. Haz\u0131rsan\u0131z kahve severlere yol g\u00f6sterecek olan \u0130stanbul kahve rehberi ile e\u015fsiz bir lezzet [&hellip;]<\/p>\n","protected":false},"author":44,"featured_media":23800,"comment_status":"open","ping_status":"open","sticky":false,"template":"","format":"standard","meta":{"rop_custom_images_group":[],"rop_custom_messages_group":[],"rop_publish_now":"initial","rop_publish_now_accounts":[],"rop_publish_now_history":[],"rop_publish_now_status":"pending","_cloudinary_featured_overwrite":false,"footnotes":""},"categories":[1],"tags":[204],"class_list":["post-23796","post","type-post","status-publish","format-standard","has-post-thumbnail","hentry","category-seyahat-rehberi","tag-istanbul"],"_links":{"self":[{"href":"https:\/\/www.turna.com\/blog\/wp-json\/wp\/v2\/posts\/23796","targetHints":{"allow":["GET"]}}],"collection":[{"href":"https:\/\/www.turna.com\/blog\/wp-json\/wp\/v2\/posts"}],"about":[{"href":"https:\/\/www.turna.com\/blog\/wp-json\/wp\/v2\/types\/post"}],"author":[{"embeddable":true,"href":"https:\/\/www.turna.com\/blog\/wp-json\/wp\/v2\/users\/44"}],"replies":[{"embeddable":true,"href":"https:\/\/www.turna.com\/blog\/wp-json\/wp\/v2\/comments?post=23796"}],"version-history":[{"count":0,"href":"https:\/\/www.turna.com\/blog\/wp-json\/wp\/v2\/posts\/23796\/revisions"}],"wp:featuredmedia":[{"embeddable":true,"href":"https:\/\/www.turna.com\/blog\/wp-json\/wp\/v2\/media\/23800"}],"wp:attachment":[{"href":"https:\/\/www.turna.com\/blog\/wp-json\/wp\/v2\/media?parent=23796"}],"wp:term":[{"taxonomy":"category","embeddable":true,"href":"https:\/\/www.turna.com\/blog\/wp-json\/wp\/v2\/categories?post=23796"},{"taxonomy":"post_tag","embeddable":true,"href":"https:\/\/www.turna.com\/blog\/wp-json\/wp\/v2\/tags?post=23796"}],"curies":[{"name":"wp","href":"https:\/\/api.w.org\/{rel}","templated":true}]}}