{"id":23583,"date":"2025-01-21T11:23:25","date_gmt":"2025-01-21T08:23:25","guid":{"rendered":"https:\/\/www.turna.com\/blog\/?p=23583"},"modified":"2025-07-09T15:45:56","modified_gmt":"2025-07-09T12:45:56","slug":"bruksel-gezilecek-yerler","status":"publish","type":"post","link":"https:\/\/www.turna.com\/blog\/bruksel-gezilecek-yerler","title":{"rendered":"Br\u00fcksel Gezilecek Yerler"},"content":{"rendered":"<div id=\"ez-toc-container\" class=\"ez-toc-v2_0_82_2 counter-hierarchy ez-toc-counter ez-toc-black ez-toc-container-direction\">\n<div class=\"ez-toc-title-container\">\n<p class=\"ez-toc-title\" style=\"cursor:inherit\">\u0130\u00e7indekiler<\/p>\n<span class=\"ez-toc-title-toggle\"><a href=\"#\" class=\"ez-toc-pull-right ez-toc-btn ez-toc-btn-xs ez-toc-btn-default ez-toc-toggle\" aria-label=\"\u0130\u00e7indekiler Tablosunu A\u00e7\/Kapat\"><span class=\"ez-toc-js-icon-con\"><span class=\"\"><span class=\"eztoc-hide\" style=\"display:none;\">Toggle<\/span><span class=\"ez-toc-icon-toggle-span\"><svg style=\"fill: #ffffff;color:#ffffff\" xmlns=\"http:\/\/www.w3.org\/2000\/svg\" class=\"list-377408\" width=\"20px\" height=\"20px\" viewBox=\"0 0 24 24\" fill=\"none\"><path d=\"M6 6H4v2h2V6zm14 0H8v2h12V6zM4 11h2v2H4v-2zm16 0H8v2h12v-2zM4 16h2v2H4v-2zm16 0H8v2h12v-2z\" fill=\"currentColor\"><\/path><\/svg><svg style=\"fill: #ffffff;color:#ffffff\" class=\"arrow-unsorted-368013\" xmlns=\"http:\/\/www.w3.org\/2000\/svg\" width=\"10px\" height=\"10px\" viewBox=\"0 0 24 24\" version=\"1.2\" baseProfile=\"tiny\"><path d=\"M18.2 9.3l-6.2-6.3-6.2 6.3c-.2.2-.3.4-.3.7s.1.5.3.7c.2.2.4.3.7.3h11c.3 0 .5-.1.7-.3.2-.2.3-.5.3-.7s-.1-.5-.3-.7zM5.8 14.7l6.2 6.3 6.2-6.3c.2-.2.3-.5.3-.7s-.1-.5-.3-.7c-.2-.2-.4-.3-.7-.3h-11c-.3 0-.5.1-.7.3-.2.2-.3.5-.3.7s.1.5.3.7z\"\/><\/svg><\/span><\/span><\/span><\/a><\/span><\/div>\n<nav><ul class='ez-toc-list ez-toc-list-level-1 eztoc-toggle-hide-by-default' ><li class='ez-toc-page-1 ez-toc-heading-level-2'><a class=\"ez-toc-link ez-toc-heading-1\" href=\"https:\/\/www.turna.com\/blog\/bruksel-gezilecek-yerler\/#brukselde_gormeniz_gereken_15_adres\" >Br\u00fcksel\u2019de G\u00f6rmeniz Gereken 15 Adres<\/a><ul class='ez-toc-list-level-3' ><li class='ez-toc-heading-level-3'><a class=\"ez-toc-link ez-toc-heading-2\" href=\"https:\/\/www.turna.com\/blog\/bruksel-gezilecek-yerler\/#1_grand_place\" >1. Grand Place<\/a><\/li><li class='ez-toc-page-1 ez-toc-heading-level-3'><a class=\"ez-toc-link ez-toc-heading-3\" href=\"https:\/\/www.turna.com\/blog\/bruksel-gezilecek-yerler\/#2_manneken_pis\" >2. Manneken Pis<\/a><\/li><li class='ez-toc-page-1 ez-toc-heading-level-3'><a class=\"ez-toc-link ez-toc-heading-4\" href=\"https:\/\/www.turna.com\/blog\/bruksel-gezilecek-yerler\/#3_guzel_sanatlar_muzesi\" >3. G\u00fczel Sanatlar M\u00fczesi<\/a><\/li><li class='ez-toc-page-1 ez-toc-heading-level-3'><a class=\"ez-toc-link ez-toc-heading-5\" href=\"https:\/\/www.turna.com\/blog\/bruksel-gezilecek-yerler\/#4_atomium\" >4. Atomium<\/a><\/li><li class='ez-toc-page-1 ez-toc-heading-level-3'><a class=\"ez-toc-link ez-toc-heading-6\" href=\"https:\/\/www.turna.com\/blog\/bruksel-gezilecek-yerler\/#5_st_michel_et_ste-gudule_katedrali\" >5. St. Michel Et Ste-Gudule Katedrali<\/a><\/li><li class='ez-toc-page-1 ez-toc-heading-level-3'><a class=\"ez-toc-link ez-toc-heading-7\" href=\"https:\/\/www.turna.com\/blog\/bruksel-gezilecek-yerler\/#6_bruksel_belediye_binasi\" >6. Br\u00fcksel Belediye Binas\u0131<\/a><\/li><li class='ez-toc-page-1 ez-toc-heading-level-3'><a class=\"ez-toc-link ez-toc-heading-8\" href=\"https:\/\/www.turna.com\/blog\/bruksel-gezilecek-yerler\/#7_mini_europe\" >7. Mini Europe<\/a><\/li><li class='ez-toc-page-1 ez-toc-heading-level-3'><a class=\"ez-toc-link ez-toc-heading-9\" href=\"https:\/\/www.turna.com\/blog\/bruksel-gezilecek-yerler\/#8_parlamentarium\" >8. Parlamentarium<\/a><\/li><li class='ez-toc-page-1 ez-toc-heading-level-3'><a class=\"ez-toc-link ez-toc-heading-10\" href=\"https:\/\/www.turna.com\/blog\/bruksel-gezilecek-yerler\/#9_belcika_cikolata_muzesi\" >9. Bel\u00e7ika \u00c7ikolata M\u00fczesi<\/a><\/li><li class='ez-toc-page-1 ez-toc-heading-level-3'><a class=\"ez-toc-link ez-toc-heading-11\" href=\"https:\/\/www.turna.com\/blog\/bruksel-gezilecek-yerler\/#10_cinquantenaire_parki\" >10. Cinquantenaire Park\u0131<\/a><\/li><li class='ez-toc-page-1 ez-toc-heading-level-3'><a class=\"ez-toc-link ez-toc-heading-12\" href=\"https:\/\/www.turna.com\/blog\/bruksel-gezilecek-yerler\/#11_galeries_royales_saint-hubert_pasaji\" >11. Galeries Royales Saint-Hubert Pasaj\u0131<\/a><\/li><li class='ez-toc-page-1 ez-toc-heading-level-3'><a class=\"ez-toc-link ez-toc-heading-13\" href=\"https:\/\/www.turna.com\/blog\/bruksel-gezilecek-yerler\/#12_muzik_enstrumanlari_muzesi\" >12. M\u00fczik Enstr\u00fcmanlar\u0131 M\u00fczesi<\/a><\/li><li class='ez-toc-page-1 ez-toc-heading-level-3'><a class=\"ez-toc-link ez-toc-heading-14\" href=\"https:\/\/www.turna.com\/blog\/bruksel-gezilecek-yerler\/#13_belcika_cizgi_roman_muzesi\" >13. Bel\u00e7ika \u00c7izgi Roman M\u00fczesi<\/a><\/li><li class='ez-toc-page-1 ez-toc-heading-level-3'><a class=\"ez-toc-link ez-toc-heading-15\" href=\"https:\/\/www.turna.com\/blog\/bruksel-gezilecek-yerler\/#14_uzak_dogu_muzesi\" >14. Uzak Do\u011fu M\u00fczesi<\/a><\/li><li class='ez-toc-page-1 ez-toc-heading-level-3'><a class=\"ez-toc-link ez-toc-heading-16\" href=\"https:\/\/www.turna.com\/blog\/bruksel-gezilecek-yerler\/#15_sablon_meryem_ana_kilisesi\" >15. Sablon Meryem Ana Kilisesi<\/a><\/li><\/ul><\/li><li class='ez-toc-page-1 ez-toc-heading-level-2'><a class=\"ez-toc-link ez-toc-heading-17\" href=\"https:\/\/www.turna.com\/blog\/bruksel-gezilecek-yerler\/#brukselde_denemeniz_gereken_lezzetler\" >Br\u00fcksel\u2019de Denemeniz Gereken Lezzetler<\/a><\/li><li class='ez-toc-page-1 ez-toc-heading-level-2'><a class=\"ez-toc-link ez-toc-heading-18\" href=\"https:\/\/www.turna.com\/blog\/bruksel-gezilecek-yerler\/#bruksele_nasil_gidilir\" >Br\u00fcksel\u2019e Nas\u0131l Gidilir?<\/a><\/li><\/ul><\/nav><\/div>\n\n<p>Bel\u00e7ika&#8217;n\u0131n ba\u015fkenti Br\u00fcksel, hem co\u011frafi hem de politik a\u00e7\u0131dan Avrupa\u2019n\u0131n tam kalbinde yer al\u0131yor. Tarihe meydan okuyan ta\u015f sokaklar\u0131, gotik mimarisi, dik \u00e7at\u0131l\u0131 \u015firin evleri ve romantik kanallar\u0131yla s\u00fcrprizlerle dolu bu \u015fehir, \u00fcnl\u00fc \u00e7ikolatalar\u0131 ve waffle\u2019lar\u0131yla da ziyaret\u00e7ilerini cezbediyor. Avrupa Birli\u011fi\u2019nin \u00f6nemli toplant\u0131lar\u0131na ev sahipli\u011fi yapan bu dinamik ba\u015fkent, sadece bir politik merkez de\u011fil, ayn\u0131 zamanda k\u00fclt\u00fcrel ve sanatsal bir bulu\u015fma noktas\u0131. Br\u00fcksel, her k\u00f6\u015fesinde ge\u00e7mi\u015fin izlerini ta\u015f\u0131rken, modern ya\u015famla harmanlanan b\u00fcy\u00fcleyici bir deneyim sunuyor. Bu \u00f6zel destinasyonu daha yak\u0131ndan tan\u0131maya haz\u0131rsan\u0131z, Br\u00fcksel\u2019in en \u00f6zel rotalar\u0131na odaklanan \u00f6n ke\u015ffimiz ba\u015fl\u0131yor.<\/p>\n\n\n\n<h2 class=\"wp-block-heading has-text-align-center has-neeon-button-dark-gray-color has-text-color has-link-color wp-elements-c4c1cc0153529627a6239f75e902ff06\"><span class=\"ez-toc-section\" id=\"brukselde_gormeniz_gereken_15_adres\"><\/span><strong><strong><strong><strong><strong><strong><strong>Br\u00fcksel\u2019de G\u00f6rmeniz Gereken 15 Adres<\/strong><\/strong><\/strong><\/strong><\/strong><\/strong><\/strong><span class=\"ez-toc-section-end\"><\/span><\/h2>\n\n\n\n<figure class=\"wp-block-image size-large\"><img decoding=\"async\" src=\"https:\/\/res.cloudinary.com\/turna\/image\/upload\/v1737441477\/wordpress-contents\/bruksel_2.png\" alt=\"\"\/><\/figure>\n\n\n\n<p>Tarihi yap\u0131lar\u0131, etkileyici heykelleri ve zengin m\u00fczeleriyle Br\u00fcksel, ke\u015ffedilmeyi bekleyen bir k\u00fclt\u00fcr hazinesi. Canl\u0131 festivalleri ve enerjik atmosferiyle her y\u0131l milyonlarca ziyaret\u00e7iyi b\u00fcy\u00fcleyen bu e\u015fsiz \u015fehirde, mutlaka g\u00f6rmeniz gereken 15 rota yaz\u0131n\u0131n devam\u0131nda ke\u015ffinizi bekliyor.<\/p>\n\n\n\n<h3 class=\"wp-block-heading has-text-align-center has-neeon-button-dark-gray-color has-text-color has-link-color wp-elements-70ea10cab7d91cd7a98b65989f7d3598\"><span class=\"ez-toc-section\" id=\"1_grand_place\"><\/span><strong><strong><strong><strong><strong>1. Grand Place<\/strong><\/strong><\/strong><\/strong><\/strong><span class=\"ez-toc-section-end\"><\/span><\/h3>\n\n\n\n<figure class=\"wp-block-image size-full\"><img width=\"800\" height=\"500\" data-public-id=\"Bruksel-Ucak-Bileti_xk2jwv\/Bruksel-Ucak-Bileti_xk2jwv.jpg\" fetchpriority=\"high\" decoding=\"async\" src=\"https:\/\/res.cloudinary.com\/turna\/images\/w_800,h_500,c_scale\/f_auto,q_auto:low\/v1461742479\/Bruksel-Ucak-Bileti_xk2jwv\/Bruksel-Ucak-Bileti_xk2jwv.jpg?_i=AA\" alt=\"Bruksel-Ucak-Bileti\" class=\"wp-post-23583 wp-image-294\" data-format=\"jpg\" data-transformations=\"f_auto,q_auto:low\" data-version=\"1461742479\" data-seo=\"1\" srcset=\"https:\/\/res.cloudinary.com\/turna\/images\/f_auto,q_auto:low\/v1461742479\/Bruksel-Ucak-Bileti_xk2jwv\/Bruksel-Ucak-Bileti_xk2jwv.jpg?_i=AA 800w, https:\/\/res.cloudinary.com\/turna\/images\/w_300,h_188,c_scale\/f_auto,q_auto:low\/v1461742479\/Bruksel-Ucak-Bileti_xk2jwv\/Bruksel-Ucak-Bileti_xk2jwv.jpg?_i=AA 300w, https:\/\/res.cloudinary.com\/turna\/images\/w_672,h_420,c_scale\/f_auto,q_auto:low\/v1461742479\/Bruksel-Ucak-Bileti_xk2jwv\/Bruksel-Ucak-Bileti_xk2jwv.jpg?_i=AA 672w, https:\/\/res.cloudinary.com\/turna\/images\/w_640,h_400,c_scale\/f_auto,q_auto:low\/v1461742479\/Bruksel-Ucak-Bileti_xk2jwv\/Bruksel-Ucak-Bileti_xk2jwv.jpg?_i=AA 640w, https:\/\/res.cloudinary.com\/turna\/images\/w_681,h_426,c_scale\/f_auto,q_auto:low\/v1461742479\/Bruksel-Ucak-Bileti_xk2jwv\/Bruksel-Ucak-Bileti_xk2jwv.jpg?_i=AA 681w\" sizes=\"(max-width: 800px) 100vw, 800px\" \/><\/figure>\n\n\n\n<p>\u015eehrin simgesi rol\u00fcn\u00fc \u00fcstlenen ve devasa bir b\u00fcy\u00fckl\u00fc\u011fe sahip olan Grande Palace, on yedinci y\u00fczy\u0131la ait barok tarz\u0131 d\u0131\u015f mimarisine sahip d\u00fcnyan\u0131n en g\u00fczel meydanlar\u0131ndan. Bel\u00e7ika kraliyet ailesinin resmi ya\u015fam yeri olan Br\u00fcksel Saray\u0131\u2019n\u0131n da bulundu\u011fu meydan\u0131n \u00e7evresindeki sokaklara yiyecek i\u00e7ecek isimleri verilmi\u015f. Gece g\u00fcnd\u00fcz bitmeyen bir kalabal\u0131\u011fa sahip olan bu meydanda birbirinden g\u00fczel kafe ve restoranlar yer al\u0131yor.<\/p>\n\n\n\n<h3 class=\"wp-block-heading has-text-align-center has-neeon-button-dark-gray-color has-text-color has-link-color wp-elements-82db40f865fba84d9fe4f296f9a6e1be\"><span class=\"ez-toc-section\" id=\"2_manneken_pis\"><\/span><strong><strong><strong><strong><strong>2. Manneken Pis <\/strong><\/strong><\/strong><\/strong><\/strong><span class=\"ez-toc-section-end\"><\/span><\/h3>\n\n\n\n<figure class=\"wp-block-image size-full\"><img width=\"800\" height=\"500\" data-public-id=\"Manneken_Pis_q3vo1s\/Manneken_Pis_q3vo1s.jpg\" decoding=\"async\" src=\"https:\/\/res.cloudinary.com\/turna\/images\/w_800,h_500,c_scale\/f_auto,q_auto:low\/v1469481907\/Manneken_Pis_q3vo1s\/Manneken_Pis_q3vo1s.jpg?_i=AA\" alt=\"\" class=\"wp-post-23583 wp-image-3624\" data-format=\"jpg\" data-transformations=\"f_auto,q_auto:low\" data-version=\"1469481907\" data-seo=\"1\" srcset=\"https:\/\/res.cloudinary.com\/turna\/images\/f_auto,q_auto:low\/v1469481907\/Manneken_Pis_q3vo1s\/Manneken_Pis_q3vo1s.jpg?_i=AA 800w, https:\/\/res.cloudinary.com\/turna\/images\/w_300,h_188,c_scale\/f_auto,q_auto:low\/v1469481907\/Manneken_Pis_q3vo1s\/Manneken_Pis_q3vo1s.jpg?_i=AA 300w, https:\/\/res.cloudinary.com\/turna\/images\/w_672,h_420,c_scale\/f_auto,q_auto:low\/v1469481907\/Manneken_Pis_q3vo1s\/Manneken_Pis_q3vo1s.jpg?_i=AA 672w, https:\/\/res.cloudinary.com\/turna\/images\/w_640,h_400,c_scale\/f_auto,q_auto:low\/v1469481907\/Manneken_Pis_q3vo1s\/Manneken_Pis_q3vo1s.jpg?_i=AA 640w, https:\/\/res.cloudinary.com\/turna\/images\/w_681,h_426,c_scale\/f_auto,q_auto:low\/v1469481907\/Manneken_Pis_q3vo1s\/Manneken_Pis_q3vo1s.jpg?_i=AA 681w\" sizes=\"(max-width: 800px) 100vw, 800px\" \/><\/figure>\n\n\n\n<p>Br\u00fcksel\u2019in en \u00fcnl\u00fc simgesi olan, 61 santimetre boyunda bronzdan yap\u0131lm\u0131\u015f i\u015feyen \u00e7ocuk heykeli Manneken Pis, asl\u0131nda bir \u00e7e\u015fme. Br\u00fcksel\u2019e gelen t\u00fcm ziyaret\u00e7ilerin \u00f6n\u00fcnde foto\u011fraf \u00e7ektirdi\u011fi heykelin bir\u00e7ok hikayesi var. En \u00e7ok anlat\u0131lageleni ise, bir Br\u00fcksel sakininin kaybetti\u011fi o\u011flunu tam bu noktada bulmas\u0131 \u00fczerine, bu heykeli yapt\u0131rm\u0131\u015f oldu\u011fu. \u00dcnl\u00fc heykelin, d\u00fcnyan\u0131n d\u00f6rt bir yan\u0131ndan gelen ziyaret\u00e7ilerin getirdi\u011fi k\u0131yafetlerle dolu bir elbise dolab\u0131 da bulunuyor. Bu elbiseler, baz\u0131 \u00f6zel zamanlarda heykele giydirilebiliyor.<\/p>\n\n\n\n<h3 class=\"wp-block-heading has-text-align-center has-neeon-button-dark-gray-color has-text-color has-link-color wp-elements-bd17ca9287e2a88a96ffbcd04b686542\"><span class=\"ez-toc-section\" id=\"3_guzel_sanatlar_muzesi\"><\/span><strong><strong><strong><strong><strong>3. G\u00fczel Sanatlar M\u00fczesi<\/strong><\/strong><\/strong><\/strong><\/strong><span class=\"ez-toc-section-end\"><\/span><\/h3>\n\n\n\n<p>\u0130\u00e7erisinde bir\u00e7ok farkl\u0131 m\u00fczeyi bar\u0131nd\u0131ran Kraliyet G\u00fczel Sanatlar M\u00fczeleri, bir m\u00fczeler toplulu\u011fu olarak Br\u00fcksel\u2019in ziyaret edilmesi gereken yerlerinin ba\u015f\u0131nda geliyor. On dokuzuncu y\u00fczy\u0131ldan g\u00fcn\u00fcm\u00fcze kadar olan eserlerin yer ald\u0131\u011f\u0131 m\u00fczede, Otto\u2019nun Adaleti, Yas, \u0130karos\u2019un D\u00fc\u015f\u00fc\u015f\u00fc, Aziz Livinus\u2019un \u015eehit Olmas\u0131, Burgonyal\u0131 Antony\u2019in Portresi ve Aziz Sebastianus\u2019un \u015eehit Olmas\u0131 gibi \u00f6nemli eserler sergileniyor.<\/p>\n\n\n\n<h3 class=\"wp-block-heading has-text-align-center has-neeon-button-dark-gray-color has-text-color has-link-color wp-elements-88d10afd2ca4676e78139e2764c1e458\"><span class=\"ez-toc-section\" id=\"4_atomium\"><\/span><strong><strong><strong><strong><strong>4. Atomium<\/strong><\/strong><\/strong><\/strong><\/strong><span class=\"ez-toc-section-end\"><\/span><\/h3>\n\n\n\n<figure class=\"wp-block-image size-full\"><img width=\"800\" height=\"500\" data-public-id=\"_Atomium-Belcika_ttu6jt\/_Atomium-Belcika_ttu6jt.jpg\" decoding=\"async\" src=\"https:\/\/res.cloudinary.com\/turna\/images\/w_800,h_500,c_scale\/f_auto,q_auto\/f_auto,q_auto:low\/v1478456293\/_Atomium-Belcika_ttu6jt\/_Atomium-Belcika_ttu6jt.jpg?_i=AA\" alt=\"\" class=\"wp-post-23583 wp-image-5202\" data-format=\"jpg\" data-transformations=\"f_auto,q_auto\/f_auto,q_auto:low\" data-version=\"1478456293\" data-seo=\"1\" srcset=\"https:\/\/res.cloudinary.com\/turna\/images\/f_auto,q_auto\/f_auto,q_auto\/f_auto,q_auto:low\/v1478456293\/_Atomium-Belcika_ttu6jt\/_Atomium-Belcika_ttu6jt.jpg?_i=AA 800w, https:\/\/res.cloudinary.com\/turna\/images\/w_300,h_188,c_scale\/f_auto,q_auto\/f_auto,q_auto\/f_auto,q_auto:low\/v1478456293\/_Atomium-Belcika_ttu6jt\/_Atomium-Belcika_ttu6jt.jpg?_i=AA 300w, https:\/\/res.cloudinary.com\/turna\/images\/w_672,h_420,c_scale\/f_auto,q_auto\/f_auto,q_auto\/f_auto,q_auto:low\/v1478456293\/_Atomium-Belcika_ttu6jt\/_Atomium-Belcika_ttu6jt.jpg?_i=AA 672w, https:\/\/res.cloudinary.com\/turna\/images\/w_640,h_400,c_scale\/f_auto,q_auto\/f_auto,q_auto\/f_auto,q_auto:low\/v1478456293\/_Atomium-Belcika_ttu6jt\/_Atomium-Belcika_ttu6jt.jpg?_i=AA 640w, https:\/\/res.cloudinary.com\/turna\/images\/w_681,h_426,c_scale\/f_auto,q_auto\/f_auto,q_auto\/f_auto,q_auto:low\/v1478456293\/_Atomium-Belcika_ttu6jt\/_Atomium-Belcika_ttu6jt.jpg?_i=AA 681w\" sizes=\"(max-width: 800px) 100vw, 800px\" \/><\/figure>\n\n\n\n<p>\u00c7elikten yap\u0131lm\u0131\u015f bir demir kristali h\u00fccresinin 165 milyar kat b\u00fcy\u00fct\u00fclm\u00fc\u015f hali olan Atomium, Br\u00fcksel\u2019in son y\u0131llardaki simgesi. 1958\u2019de D\u00fcnya Fuar\u0131 i\u00e7in in\u015fa edilen yap\u0131 demir kristali 18 metre \u00e7ap\u0131nda 9 b\u00f6l\u00fcmden olu\u015fuyor. Atomium\u2019un \u00fcst kat\u0131na \u00e7\u0131k\u0131p kenti panoramik olarak izleyebilirsiniz. <\/p>\n\n\n\n<h3 class=\"wp-block-heading has-text-align-center has-neeon-button-dark-gray-color has-text-color has-link-color wp-elements-ba28a5223ff0a5444eb786a77bb87985\"><span class=\"ez-toc-section\" id=\"5_st_michel_et_ste-gudule_katedrali\"><\/span><strong><strong><strong><strong><strong>5. St. Michel Et Ste-Gudule Katedrali<\/strong><\/strong><\/strong><\/strong><\/strong><span class=\"ez-toc-section-end\"><\/span><\/h3>\n\n\n\n<figure class=\"wp-block-image size-full\"><img width=\"800\" height=\"500\" loading=\"lazy\" decoding=\"async\" src=\"data:image\/svg+xml;base64,PHN2ZyB4bWxucz0iaHR0cDovL3d3dy53My5vcmcvMjAwMC9zdmciIHdpZHRoPSI4MDAiIGhlaWdodD0iNTAwIj48cmVjdCB3aWR0aD0iMTAwJSIgaGVpZ2h0PSIxMDAlIj48YW5pbWF0ZSBhdHRyaWJ1dGVOYW1lPSJmaWxsIiB2YWx1ZXM9InJnYmEoMTUzLDE1MywxNTMsMC41KTtyZ2JhKDE1MywxNTMsMTUzLDAuMSk7cmdiYSgxNTMsMTUzLDE1MywwLjUpIiBkdXI9IjJzIiByZXBlYXRDb3VudD0iaW5kZWZpbml0ZSIgLz48L3JlY3Q+PC9zdmc+\" alt=\"\" class=\"wp-post-23583 wp-image-8340\" data-public-id=\"Bruksel-Belcika_aepoob\/Bruksel-Belcika_aepoob.jpg\" data-format=\"jpg\" data-transformations=\"f_auto,q_auto:low\" data-version=\"1496328132\" data-seo=\"1\" data-size=\"800 500\" data-srcset=\"https:\/\/res.cloudinary.com\/turna\/images\/f_auto,q_auto:low\/v1496328132\/Bruksel-Belcika_aepoob\/Bruksel-Belcika_aepoob.jpg?_i=AA 800w, https:\/\/res.cloudinary.com\/turna\/images\/w_300,h_188,c_scale\/f_auto,q_auto:low\/v1496328132\/Bruksel-Belcika_aepoob\/Bruksel-Belcika_aepoob.jpg?_i=AA 300w, https:\/\/res.cloudinary.com\/turna\/images\/w_672,h_420,c_scale\/f_auto,q_auto:low\/v1496328132\/Bruksel-Belcika_aepoob\/Bruksel-Belcika_aepoob.jpg?_i=AA 672w, https:\/\/res.cloudinary.com\/turna\/images\/w_640,h_400,c_scale\/f_auto,q_auto:low\/v1496328132\/Bruksel-Belcika_aepoob\/Bruksel-Belcika_aepoob.jpg?_i=AA 640w, https:\/\/res.cloudinary.com\/turna\/images\/w_681,h_426,c_scale\/f_auto,q_auto:low\/v1496328132\/Bruksel-Belcika_aepoob\/Bruksel-Belcika_aepoob.jpg?_i=AA 681w\" data-sizes=\"(max-width: 800px) 100vw, 800px\" data-delivery=\"upload\" onload=\";window.CLDBind?CLDBind(this):null;\" data-cloudinary=\"lazy\" \/><\/figure>\n\n\n\n<p>Be\u015finci y\u00fczy\u0131lda yap\u0131lan ve renkli camlara sahip muhte\u015fem bir Gotik yap\u0131 olan St. Michel et Ste-Gudule Katedrali Br\u00fcksel\u2019in en \u00fcnl\u00fc dini yap\u0131lar\u0131ndan. Halen kraliyet d\u00fc\u011f\u00fcnlerinde kullan\u0131lan katedral, i\u00e7erisinde de\u011ferli e\u015fyalar\u0131n g\u00f6r\u00fclebilece\u011fi k\u00fc\u00e7\u00fck bir m\u00fczeye de sahip.<\/p>\n\n\n\n<h3 class=\"wp-block-heading has-text-align-center has-neeon-button-dark-gray-color has-text-color has-link-color wp-elements-8cae4fb70a986f7915d894e01df432fa\"><span class=\"ez-toc-section\" id=\"6_bruksel_belediye_binasi\"><\/span><strong><strong><strong><strong><strong>6. Br\u00fcksel Belediye Binas\u0131<\/strong><\/strong><\/strong><\/strong><\/strong><span class=\"ez-toc-section-end\"><\/span><\/h3>\n\n\n\n<p>13. y\u00fczy\u0131lda yap\u0131lan Br\u00fcksel Belediye Binas\u0131, \u015fehrin mimarisi ile etkisi alt\u0131na alan yap\u0131lar\u0131 aras\u0131nda yer al\u0131yor. \u00d6zellikle 96 metre uzunlu\u011fundaki kulesi olduk\u00e7a dikkat \u00e7eken bina, kraliyet ailesi mensuplar\u0131 taraf\u0131ndan baz\u0131 \u00f6zel g\u00fcnler (d\u00fc\u011f\u00fcn, nikah vs.) i\u00e7in kullan\u0131labiliyor.<\/p>\n\n\n\n<h3 class=\"wp-block-heading has-text-align-center has-neeon-button-dark-gray-color has-text-color has-link-color wp-elements-747489bef21139c147a591eee7709160\"><span class=\"ez-toc-section\" id=\"7_mini_europe\"><\/span><strong><strong><strong><strong><strong>7. Mini Europe<\/strong><\/strong><\/strong><\/strong><\/strong><span class=\"ez-toc-section-end\"><\/span><\/h3>\n\n\n\n<figure class=\"wp-block-image size-full\"><img width=\"800\" height=\"500\" loading=\"lazy\" decoding=\"async\" src=\"data:image\/svg+xml;base64,PHN2ZyB4bWxucz0iaHR0cDovL3d3dy53My5vcmcvMjAwMC9zdmciIHdpZHRoPSI4MDAiIGhlaWdodD0iNTAwIj48cmVjdCB3aWR0aD0iMTAwJSIgaGVpZ2h0PSIxMDAlIj48YW5pbWF0ZSBhdHRyaWJ1dGVOYW1lPSJmaWxsIiB2YWx1ZXM9InJnYmEoMTUzLDE1MywxNTMsMC41KTtyZ2JhKDE1MywxNTMsMTUzLDAuMSk7cmdiYSgxNTMsMTUzLDE1MywwLjUpIiBkdXI9IjJzIiByZXBlYXRDb3VudD0iaW5kZWZpbml0ZSIgLz48L3JlY3Q+PC9zdmc+\" alt=\"\" class=\"wp-post-23583 wp-image-3628\" data-public-id=\"Minieurope-Bruksel_jmmu0m\/Minieurope-Bruksel_jmmu0m.jpg\" data-format=\"jpg\" data-transformations=\"f_auto,q_auto:low\" data-version=\"1469481976\" data-seo=\"1\" data-size=\"800 500\" data-srcset=\"https:\/\/res.cloudinary.com\/turna\/images\/f_auto,q_auto:low\/v1469481976\/Minieurope-Bruksel_jmmu0m\/Minieurope-Bruksel_jmmu0m.jpg?_i=AA 800w, https:\/\/res.cloudinary.com\/turna\/images\/w_300,h_188,c_scale\/f_auto,q_auto:low\/v1469481976\/Minieurope-Bruksel_jmmu0m\/Minieurope-Bruksel_jmmu0m.jpg?_i=AA 300w, https:\/\/res.cloudinary.com\/turna\/images\/w_672,h_420,c_scale\/f_auto,q_auto:low\/v1469481976\/Minieurope-Bruksel_jmmu0m\/Minieurope-Bruksel_jmmu0m.jpg?_i=AA 672w, https:\/\/res.cloudinary.com\/turna\/images\/w_640,h_400,c_scale\/f_auto,q_auto:low\/v1469481976\/Minieurope-Bruksel_jmmu0m\/Minieurope-Bruksel_jmmu0m.jpg?_i=AA 640w, https:\/\/res.cloudinary.com\/turna\/images\/w_681,h_426,c_scale\/f_auto,q_auto:low\/v1469481976\/Minieurope-Bruksel_jmmu0m\/Minieurope-Bruksel_jmmu0m.jpg?_i=AA 681w\" data-sizes=\"(max-width: 800px) 100vw, 800px\" data-delivery=\"upload\" onload=\";window.CLDBind?CLDBind(this):null;\" data-cloudinary=\"lazy\" \/><\/figure>\n\n\n\n<p>Avrupa\u2019n\u0131n en \u00fcnl\u00fc minyat\u00fcr parklar\u0131 aras\u0131nda yer alan Mini Europe\u2018da yakla\u015f\u0131k 350 farkl\u0131 minyat\u00fcr yap\u0131 sergileniyor. Avrupa\u2019n\u0131n en \u00f6nemli yap\u0131lar\u0131ndan esinlenerek olu\u015fturulan bu renkli park, \u015fehre gelen turistlerin u\u011frak adresleri aras\u0131nda bulunuyor.<\/p>\n\n\n\n<h3 class=\"wp-block-heading has-text-align-center has-neeon-button-dark-gray-color has-text-color has-link-color wp-elements-691eccae402013f79917e6f8533964cf\"><span class=\"ez-toc-section\" id=\"8_parlamentarium\"><\/span><strong><strong><strong><strong><strong>8. Parlamentarium<\/strong><\/strong><\/strong><\/strong><\/strong><span class=\"ez-toc-section-end\"><\/span><\/h3>\n\n\n\n<p>Avrupa Birli\u011fi\u2019nin kalbine ad\u0131m atmaya haz\u0131r olun! Parlamentarium, ziyaret\u00e7ilerini Avrupa Parlamentosu\u2019nun i\u015fleyi\u015fini ve k\u0131ta tarihindeki d\u00f6n\u00fcm noktalar\u0131n\u0131 ke\u015ffetmeye davet ediyor. Etkile\u015fimli sergiler, multimedya sunumlar ve farkl\u0131 dillerde rehberlerle bu deneyim, hem e\u011fitici hem de ilham verici bir yolculuk sunuyor. Tarihi bir binada yer alan bu modern mekan, politikaya ilgi duyan herkes i\u00e7in ka\u00e7\u0131r\u0131lmamas\u0131 gereken bir durak.<\/p>\n\n\n\n<h3 class=\"wp-block-heading has-text-align-center has-neeon-button-dark-gray-color has-text-color has-link-color wp-elements-024bed12f92f137c6c236e1261df3d0e\"><span class=\"ez-toc-section\" id=\"9_belcika_cikolata_muzesi\"><\/span><strong><strong><strong><strong><strong>9. Bel\u00e7ika \u00c7ikolata M\u00fczesi<\/strong><\/strong><\/strong><\/strong><\/strong><span class=\"ez-toc-section-end\"><\/span><\/h3>\n\n\n\n<figure class=\"wp-block-image size-large\"><img decoding=\"async\" src=\"https:\/\/res.cloudinary.com\/turna\/image\/upload\/v1737441476\/wordpress-contents\/bruksel.png\" alt=\"\"\/><\/figure>\n\n\n\n<p>Br\u00fcksel, sadece \u00e7ikolatan\u0131n ba\u015fkenti de\u011fil, ayn\u0131 zamanda \u00e7ikolatan\u0131n sanatla bulu\u015ftu\u011fu yer. Bel\u00e7ika \u00c7ikolata M\u00fczesi ise \u00e7ikolatan\u0131n kakao tarlas\u0131ndan sofralara kadar uzanan b\u00fcy\u00fcleyici yolculu\u011funu ke\u015ffetmek i\u00e7in birebir. M\u00fczede, \u00e7ikolata yap\u0131m s\u00fcre\u00e7lerini \u00f6\u011frenebilir, ustalar\u0131n h\u00fcnerlerini canl\u0131 izleyebilir ve birbirinden lezzetli Bel\u00e7ika \u00e7ikolatalar\u0131n\u0131n tad\u0131na varabilirsiniz.<\/p>\n\n\n\n<h3 class=\"wp-block-heading has-text-align-center has-neeon-button-dark-gray-color has-text-color has-link-color wp-elements-b81badbe2a18ae95c306beff7be47d78\"><span class=\"ez-toc-section\" id=\"10_cinquantenaire_parki\"><\/span><strong><strong><strong><strong><strong>10. Cinquantenaire Park\u0131<\/strong><\/strong><\/strong><\/strong><\/strong><span class=\"ez-toc-section-end\"><\/span><\/h3>\n\n\n\n<p>Br\u00fcksel\u2019in en b\u00fcy\u00fck ve \u00fcnl\u00fc ye\u015fil alanlar\u0131ndan biri olarak dikkat \u00e7eken Cinquantenaire Park\u0131, do\u011fa ile tarihin i\u00e7 i\u00e7e ge\u00e7ti\u011fi bir gezi rotas\u0131. Muhte\u015fem kemerleri ve tarihi yap\u0131lar\u0131yla b\u00fcy\u00fcleyici bir manzara sunan bu park, y\u00fcr\u00fcy\u00fc\u015f yapmak ya da piknik keyfi i\u00e7in de ideal. Ayr\u0131ca, park\u0131n i\u00e7erisinde yer alan m\u00fczelerle k\u00fclt\u00fcrel bir yolculu\u011fa \u00e7\u0131kabilir, sanat ve tarihle dolu bir g\u00fcn ge\u00e7irebilirsiniz.<\/p>\n\n\n\n<h3 class=\"wp-block-heading has-text-align-center has-neeon-button-dark-gray-color has-text-color has-link-color wp-elements-521085c714359d77e7412724b0e33425\"><span class=\"ez-toc-section\" id=\"11_galeries_royales_saint-hubert_pasaji\"><\/span><strong><strong><strong><strong><strong>11. Galeries Royales Saint-Hubert Pasaj\u0131<\/strong><\/strong><\/strong><\/strong><\/strong><span class=\"ez-toc-section-end\"><\/span><\/h3>\n\n\n\n<figure class=\"wp-block-image size-large\"><img decoding=\"async\" src=\"https:\/\/res.cloudinary.com\/turna\/image\/upload\/v1737441474\/wordpress-contents\/bruksel_Galeries_Royales_Saint-Hubert_Pasaj%C4%B1.png\" alt=\"\"\/><\/figure>\n\n\n\n<p>Avrupa\u2019n\u0131n en eski al\u0131\u015fveri\u015f galerilerinden biri olan Galeries Royales Saint-Hubert, Br\u00fcksel\u2019in zarif ruhunu ke\u015ffetmek isteyenler i\u00e7in ideal \u00f6zellik ta\u015f\u0131yor. L\u00fcks butikler, el yap\u0131m\u0131 \u00e7ikolata d\u00fckkanlar\u0131 ve \u015f\u0131k kafelerle dolu bu nostaljik pasaj, hem al\u0131\u015fveri\u015f hem de keyifli bir y\u00fcr\u00fcy\u00fc\u015f i\u00e7in keyifli bir ortam sunuyor. 1847\u2019de a\u00e7\u0131lan bu tarihi mekan, g\u00f6z kama\u015ft\u0131ran cam tavan\u0131yla da b\u00fcy\u00fcleyici bir atmosfer yarat\u0131yor.<\/p>\n\n\n\n<h3 class=\"wp-block-heading has-text-align-center has-neeon-button-dark-gray-color has-text-color has-link-color wp-elements-6b0b80c058d7b41bf30913e16a4e8d0f\"><span class=\"ez-toc-section\" id=\"12_muzik_enstrumanlari_muzesi\"><\/span><strong><strong><strong><strong><strong>12. M\u00fczik Enstr\u00fcmanlar\u0131 M\u00fczesi<\/strong><\/strong><\/strong><\/strong><\/strong><span class=\"ez-toc-section-end\"><\/span><\/h3>\n\n\n\n<p>D\u00fcnya \u00e7ap\u0131nda b\u00fcy\u00fck bir \u00fcne sahip olan M\u00fczik Enstr\u00fcmanlar\u0131 M\u00fczesi, yakla\u015f\u0131k 8.000 enstr\u00fcmandan olu\u015fan geni\u015f koleksiyonuyla tarih boyunca kullan\u0131lan \u00e7e\u015fitli m\u00fczik aletlerini bir araya getiriyor. M\u00fczenin interaktif b\u00f6l\u00fcmleri sayesinde, enstr\u00fcmanlar\u0131n seslerini dinleyebilir ve m\u00fczik tarihine tan\u0131kl\u0131k edebilirsiniz. Art Nouveau tarz\u0131ndaki b\u00fcy\u00fcleyici binas\u0131yla da dikkat \u00e7eken bu m\u00fczede keyifli saatler ge\u00e7irebilirsiniz.<\/p>\n\n\n\n<h3 class=\"wp-block-heading has-text-align-center has-neeon-button-dark-gray-color has-text-color has-link-color wp-elements-8f5459868e29608ee0565b3d2af84c8c\"><span class=\"ez-toc-section\" id=\"13_belcika_cizgi_roman_muzesi\"><\/span><strong><strong><strong><strong><strong>13. Bel\u00e7ika \u00c7izgi Roman M\u00fczesi<\/strong><\/strong><\/strong><\/strong><\/strong><span class=\"ez-toc-section-end\"><\/span><\/h3>\n\n\n\n<figure class=\"wp-block-image size-full\"><img width=\"800\" height=\"500\" loading=\"lazy\" decoding=\"async\" src=\"data:image\/svg+xml;base64,PHN2ZyB4bWxucz0iaHR0cDovL3d3dy53My5vcmcvMjAwMC9zdmciIHdpZHRoPSI4MDAiIGhlaWdodD0iNTAwIj48cmVjdCB3aWR0aD0iMTAwJSIgaGVpZ2h0PSIxMDAlIj48YW5pbWF0ZSBhdHRyaWJ1dGVOYW1lPSJmaWxsIiB2YWx1ZXM9InJnYmEoMTUzLDE1MywxNTMsMC41KTtyZ2JhKDE1MywxNTMsMTUzLDAuMSk7cmdiYSgxNTMsMTUzLDE1MywwLjUpIiBkdXI9IjJzIiByZXBlYXRDb3VudD0iaW5kZWZpbml0ZSIgLz48L3JlY3Q+PC9zdmc+\" alt=\"Bruksel-Grand-Palas\" class=\"wp-post-23583 wp-image-293\" data-public-id=\"Bruksel-Grand-Palas_libqbg\/Bruksel-Grand-Palas_libqbg.jpg\" data-format=\"jpg\" data-transformations=\"f_auto,q_auto:low\" data-version=\"1461742481\" data-seo=\"1\" data-size=\"800 500\" data-srcset=\"https:\/\/res.cloudinary.com\/turna\/images\/f_auto,q_auto:low\/v1461742481\/Bruksel-Grand-Palas_libqbg\/Bruksel-Grand-Palas_libqbg.jpg?_i=AA 800w, https:\/\/res.cloudinary.com\/turna\/images\/w_300,h_188,c_scale\/f_auto,q_auto:low\/v1461742481\/Bruksel-Grand-Palas_libqbg\/Bruksel-Grand-Palas_libqbg.jpg?_i=AA 300w, https:\/\/res.cloudinary.com\/turna\/images\/w_672,h_420,c_scale\/f_auto,q_auto:low\/v1461742481\/Bruksel-Grand-Palas_libqbg\/Bruksel-Grand-Palas_libqbg.jpg?_i=AA 672w, https:\/\/res.cloudinary.com\/turna\/images\/w_640,h_400,c_scale\/f_auto,q_auto:low\/v1461742481\/Bruksel-Grand-Palas_libqbg\/Bruksel-Grand-Palas_libqbg.jpg?_i=AA 640w, https:\/\/res.cloudinary.com\/turna\/images\/w_681,h_426,c_scale\/f_auto,q_auto:low\/v1461742481\/Bruksel-Grand-Palas_libqbg\/Bruksel-Grand-Palas_libqbg.jpg?_i=AA 681w\" data-sizes=\"(max-width: 800px) 100vw, 800px\" data-delivery=\"upload\" onload=\";window.CLDBind?CLDBind(this):null;\" data-cloudinary=\"lazy\" \/><\/figure>\n\n\n\n<p>Br\u00fcksel, \u00e7izgi roman tutkunlar\u0131 i\u00e7in tam bir hazine niteli\u011fi ta\u015f\u0131yor. Bel\u00e7ika \u00c7izgi Roman M\u00fczesi, Tintin\u2019den \u015eirinler\u2019e kadar d\u00fcnyaca \u00fcnl\u00fc karakterlerin do\u011fu\u015f hikayelerini ke\u015ffetme olana\u011f\u0131 tan\u0131yor. M\u00fcze, \u00e7izgi roman sanat\u0131n\u0131n geli\u015fimini ve yarat\u0131c\u0131 s\u00fcrecini g\u00f6zler \u00f6n\u00fcne seriyor. B\u00f6ylece hem yeti\u015fkinler hem de \u00e7ocuklar i\u00e7in e\u011flenceli bir deneyimin kap\u0131lar\u0131n\u0131 aral\u0131yor.<\/p>\n\n\n\n<h3 class=\"wp-block-heading has-text-align-center has-neeon-button-dark-gray-color has-text-color has-link-color wp-elements-6b284eb73fb958165dcf3147f8a6cc7a\"><span class=\"ez-toc-section\" id=\"14_uzak_dogu_muzesi\"><\/span><strong><strong><strong><strong><strong>14. Uzak Do\u011fu M\u00fczesi<\/strong><\/strong><\/strong><\/strong><\/strong><span class=\"ez-toc-section-end\"><\/span><\/h3>\n\n\n\n<p>Br\u00fcksel\u2019in egzotik k\u00f6\u015felerinden biri olarak \u00f6n plana \u00e7\u0131kan Uzak Do\u011fu M\u00fczesi, Asya k\u00fclt\u00fcr\u00fcn\u00fcn ihti\u015fam\u0131n\u0131 \u015fehrin merkezine ta\u015f\u0131yor. Japon ve \u00c7in tap\u0131naklar\u0131n\u0131 and\u0131ran etkileyici mimarisiyle dikkat \u00e7eken m\u00fcze, hem d\u0131\u015f hem de i\u00e7 tasar\u0131m\u0131yla b\u00fcy\u00fcl\u00fcyor. Koleksiyonunda \u00c7in porselenleri, Japon sanat eserleri ve Asya k\u00fclt\u00fcr\u00fcne dair e\u015fsiz objeler yer al\u0131yor. Bu farkl\u0131 atmosferde ve Avrupa&#8217;n\u0131n tam kalbinde Asya\u2019n\u0131n sanat ve tarihine uzanan keyifli bir yolculu\u011fa \u00e7\u0131kabilirsiniz.<\/p>\n\n\n\n<h3 class=\"wp-block-heading has-text-align-center has-neeon-button-dark-gray-color has-text-color has-link-color wp-elements-a821b2e4449cc45f836702f7d9eb883d\"><span class=\"ez-toc-section\" id=\"15_sablon_meryem_ana_kilisesi\"><\/span><strong><strong><strong><strong><strong>15. Sablon Meryem Ana Kilisesi<\/strong><\/strong><\/strong><\/strong><\/strong><span class=\"ez-toc-section-end\"><\/span><\/h3>\n\n\n\n<p>Br\u00fcksel\u2019in tarihi kiliseleri aras\u0131nda \u00f6zel bir yere sahip olan Sablon Meryem Ana Kilisesi, gotik mimarisi ve zarif detaylar\u0131yla olduk\u00e7a b\u00fcy\u00fcleyici bir yap\u0131. 15. y\u00fczy\u0131lda in\u015fa edildi\u011fi bilinen bu kilise, renkli vitraylar\u0131, barok heykelleri ve huzur dolu atmosferiyle konuklar\u0131n\u0131 adeta zamanda bir yolculu\u011fa \u00e7\u0131kar\u0131yor.<\/p>\n\n\n\n<h2 class=\"wp-block-heading has-text-align-center has-neeon-button-dark-gray-color has-text-color has-link-color wp-elements-01a1f67926b7ec1d15630ccde8c5cfd1\"><span class=\"ez-toc-section\" id=\"brukselde_denemeniz_gereken_lezzetler\"><\/span><strong><strong><strong><strong><strong><strong><strong>Br\u00fcksel\u2019de Denemeniz Gereken Lezzetler<\/strong><\/strong><\/strong><\/strong><\/strong><\/strong><\/strong><span class=\"ez-toc-section-end\"><\/span><\/h2>\n\n\n\n<figure class=\"wp-block-image size-large\"><img decoding=\"async\" src=\"https:\/\/res.cloudinary.com\/turna\/image\/upload\/v1737441470\/wordpress-contents\/bruksel_food.png\" alt=\"\"\/><\/figure>\n\n\n\n<p>Br\u00fcksel, gastronomik ke\u015fifler i\u00e7in tam bir cennet niteli\u011fi ta\u015f\u0131yor. \u015eehrin sokaklar\u0131nda dola\u015f\u0131rken, mutlaka deneyimlemeniz gereken tatlar aras\u0131nda \u00fcnl\u00fc Br\u00fcksel waffle\u2019lar\u0131 ilk s\u0131rada yer al\u0131yor. \u0130nce ve \u00e7\u0131t\u0131r dokusuyla, \u00fczerine eklenen pudra \u015fekeri, \u00e7ikolata ya da meyvelerle Bel\u00e7ika waffle&#8217;lar\u0131 tam bir sanat eserine d\u00f6n\u00fc\u015f\u00fcyor.  Bir di\u011fer olmazsa olmaz tat ise karides kroketler. Tatl\u0131 severler i\u00e7in ise Bel\u00e7ika \u00e7ikolatalar\u0131 vazge\u00e7ilmez. E\u011fer daha doyurucu bir \u015feyler ar\u0131yorsan\u0131z, stoemp (sebzeli patates p\u00fcresi) tam size g\u00f6re.<\/p>\n\n\n\n<h2 class=\"wp-block-heading has-text-align-center has-neeon-button-dark-gray-color has-text-color has-link-color wp-elements-2375676914ef5c1c88625b0a74fbcc03\"><span class=\"ez-toc-section\" id=\"bruksele_nasil_gidilir\"><\/span><strong><strong><strong><strong><strong><strong><strong>Br\u00fcksel\u2019e Nas\u0131l Gidilir?<\/strong><\/strong><\/strong><\/strong><\/strong><\/strong><\/strong><span class=\"ez-toc-section-end\"><\/span><\/h2>\n\n\n\n<figure class=\"wp-block-image size-large\"><img decoding=\"async\" src=\"https:\/\/res.cloudinary.com\/turna\/image\/upload\/v1737441789\/wordpress-contents\/ucak_yolculugu.png\" alt=\"\"\/><\/figure>\n\n\n\n<p>\u0130stanbul-Br\u00fcksel aras\u0131nda, yakla\u015f\u0131k \u00fc\u00e7 bu\u00e7uk saatlik direkt u\u00e7u\u015f seferleri bulunuyor.  Br\u00fcksel Havaalan\u0131ndan kente taksi, tren veya ile ula\u015f\u0131m m\u00fcmk\u00fcn.  Br\u00fcksel Charleroi Havaalan\u0131\u2019ndan taksiyle veya yar\u0131m saatte bir hareket eden shuttle servisleriyle kent merkezine ula\u015fabilirsiniz. <\/p>\n\n\n\n<p>Bu canl\u0131 ve hareketli \u015fehre&nbsp;yapt\u0131\u011f\u0131n\u0131z seyahat plan\u0131n\u0131 ger\u00e7e\u011fe d\u00f6n\u00fc\u015ft\u00fcrmek istiyorsan\u0131z,&nbsp;<a href=\"https:\/\/www.turna.com\/ucak-bileti\/bruksel\" target=\"_blank\" rel=\"noreferrer noopener\">Br\u00fcksel u\u00e7ak bileti<\/a>&nbsp;f\u0131rsatlar\u0131na g\u00f6z atarak, unutulmaz&nbsp;zamanlar ge\u00e7irebilirsiniz.<\/p>\n\n\n\n<p><span id=\"docs-internal-guid-5cf9e1f6-7fff-e2ae-69a2-59d02b54a1a9\"><div><span style=\"font-size: 11pt; font-family: Arial, sans-serif; background-color: transparent; font-variant-numeric: normal; font-variant-east-asian: normal; font-variant-alternates: normal; font-variant-position: normal; font-variant-emoji: normal; vertical-align: baseline;\"><\/span><\/div><\/span><\/p>\n\n    <div class=\"xs_social_share_widget xs_share_url after_content \t\tmain_content  wslu-style-1 wslu-share-box-shaped wslu-fill-colored wslu-none wslu-share-horizontal wslu-theme-font-no wslu-main_content\">\n\n\t\t\n        <ul>\n\t\t\t        <\/ul>\n    <\/div> \n","protected":false},"excerpt":{"rendered":"<p>Bel\u00e7ika&#8217;n\u0131n ba\u015fkenti Br\u00fcksel, hem co\u011frafi hem de politik a\u00e7\u0131dan Avrupa\u2019n\u0131n tam kalbinde yer al\u0131yor. Tarihe meydan okuyan ta\u015f sokaklar\u0131, gotik mimarisi, dik \u00e7at\u0131l\u0131 \u015firin evleri ve romantik kanallar\u0131yla s\u00fcrprizlerle dolu bu \u015fehir, \u00fcnl\u00fc \u00e7ikolatalar\u0131 ve waffle\u2019lar\u0131yla da ziyaret\u00e7ilerini cezbediyor. Avrupa Birli\u011fi\u2019nin \u00f6nemli toplant\u0131lar\u0131na ev sahipli\u011fi yapan bu dinamik ba\u015fkent, sadece bir politik merkez de\u011fil, ayn\u0131 [&hellip;]<\/p>\n","protected":false},"author":44,"featured_media":9913,"comment_status":"open","ping_status":"open","sticky":false,"template":"","format":"standard","meta":{"rop_custom_images_group":[],"rop_custom_messages_group":[],"rop_publish_now":"initial","rop_publish_now_accounts":[],"rop_publish_now_history":[],"rop_publish_now_status":"pending","_cloudinary_featured_overwrite":false,"footnotes":""},"categories":[1,33],"tags":[],"class_list":["post-23583","post","type-post","status-publish","format-standard","has-post-thumbnail","hentry","category-seyahat-rehberi","category-belcika"],"_links":{"self":[{"href":"https:\/\/www.turna.com\/blog\/wp-json\/wp\/v2\/posts\/23583","targetHints":{"allow":["GET"]}}],"collection":[{"href":"https:\/\/www.turna.com\/blog\/wp-json\/wp\/v2\/posts"}],"about":[{"href":"https:\/\/www.turna.com\/blog\/wp-json\/wp\/v2\/types\/post"}],"author":[{"embeddable":true,"href":"https:\/\/www.turna.com\/blog\/wp-json\/wp\/v2\/users\/44"}],"replies":[{"embeddable":true,"href":"https:\/\/www.turna.com\/blog\/wp-json\/wp\/v2\/comments?post=23583"}],"version-history":[{"count":0,"href":"https:\/\/www.turna.com\/blog\/wp-json\/wp\/v2\/posts\/23583\/revisions"}],"wp:featuredmedia":[{"embeddable":true,"href":"https:\/\/www.turna.com\/blog\/wp-json\/wp\/v2\/media\/9913"}],"wp:attachment":[{"href":"https:\/\/www.turna.com\/blog\/wp-json\/wp\/v2\/media?parent=23583"}],"wp:term":[{"taxonomy":"category","embeddable":true,"href":"https:\/\/www.turna.com\/blog\/wp-json\/wp\/v2\/categories?post=23583"},{"taxonomy":"post_tag","embeddable":true,"href":"https:\/\/www.turna.com\/blog\/wp-json\/wp\/v2\/tags?post=23583"}],"curies":[{"name":"wp","href":"https:\/\/api.w.org\/{rel}","templated":true}]}}