{"id":23529,"date":"2026-01-05T13:04:51","date_gmt":"2026-01-05T10:04:51","guid":{"rendered":"https:\/\/www.turna.com\/blog\/?p=23529"},"modified":"2026-01-05T13:04:54","modified_gmt":"2026-01-05T10:04:54","slug":"ocak-ayi-etkinlik-takvimi","status":"publish","type":"post","link":"https:\/\/www.turna.com\/blog\/ocak-ayi-etkinlik-takvimi","title":{"rendered":"Ocak Ay\u0131 Etkinlik Takvimi I 2026"},"content":{"rendered":"<div id=\"ez-toc-container\" class=\"ez-toc-v2_0_82_2 counter-hierarchy ez-toc-counter ez-toc-black ez-toc-container-direction\">\n<div class=\"ez-toc-title-container\">\n<p class=\"ez-toc-title\" style=\"cursor:inherit\">\u0130\u00e7indekiler<\/p>\n<span class=\"ez-toc-title-toggle\"><a href=\"#\" class=\"ez-toc-pull-right ez-toc-btn ez-toc-btn-xs ez-toc-btn-default ez-toc-toggle\" aria-label=\"\u0130\u00e7indekiler Tablosunu A\u00e7\/Kapat\"><span class=\"ez-toc-js-icon-con\"><span class=\"\"><span class=\"eztoc-hide\" style=\"display:none;\">Toggle<\/span><span class=\"ez-toc-icon-toggle-span\"><svg style=\"fill: #ffffff;color:#ffffff\" xmlns=\"http:\/\/www.w3.org\/2000\/svg\" class=\"list-377408\" width=\"20px\" height=\"20px\" viewBox=\"0 0 24 24\" fill=\"none\"><path d=\"M6 6H4v2h2V6zm14 0H8v2h12V6zM4 11h2v2H4v-2zm16 0H8v2h12v-2zM4 16h2v2H4v-2zm16 0H8v2h12v-2z\" fill=\"currentColor\"><\/path><\/svg><svg style=\"fill: #ffffff;color:#ffffff\" class=\"arrow-unsorted-368013\" xmlns=\"http:\/\/www.w3.org\/2000\/svg\" width=\"10px\" height=\"10px\" viewBox=\"0 0 24 24\" version=\"1.2\" baseProfile=\"tiny\"><path d=\"M18.2 9.3l-6.2-6.3-6.2 6.3c-.2.2-.3.4-.3.7s.1.5.3.7c.2.2.4.3.7.3h11c.3 0 .5-.1.7-.3.2-.2.3-.5.3-.7s-.1-.5-.3-.7zM5.8 14.7l6.2 6.3 6.2-6.3c.2-.2.3-.5.3-.7s-.1-.5-.3-.7c-.2-.2-.4-.3-.7-.3h-11c-.3 0-.5.1-.7.3-.2.2-.3.5-.3.7s.1.5.3.7z\"\/><\/svg><\/span><\/span><\/span><\/a><\/span><\/div>\n<nav><ul class='ez-toc-list ez-toc-list-level-1 eztoc-toggle-hide-by-default' ><li class='ez-toc-page-1 ez-toc-heading-level-2'><a class=\"ez-toc-link ez-toc-heading-1\" href=\"https:\/\/www.turna.com\/blog\/ocak-ayi-etkinlik-takvimi\/#istanbul_ocak_ayi_etkinlik_takvimi\" >\u0130stanbul Ocak Ay\u0131 Etkinlik Takvimi<\/a><ul class='ez-toc-list-level-3' ><li class='ez-toc-heading-level-3'><a class=\"ez-toc-link ez-toc-heading-2\" href=\"https:\/\/www.turna.com\/blog\/ocak-ayi-etkinlik-takvimi\/#ezginin_gunlugu\" >Ezginin G\u00fcnl\u00fc\u011f\u00fc<\/a><\/li><li class='ez-toc-page-1 ez-toc-heading-level-3'><a class=\"ez-toc-link ez-toc-heading-3\" href=\"https:\/\/www.turna.com\/blog\/ocak-ayi-etkinlik-takvimi\/#tarkan\" >Tarkan<\/a><\/li><li class='ez-toc-page-1 ez-toc-heading-level-3'><a class=\"ez-toc-link ez-toc-heading-4\" href=\"https:\/\/www.turna.com\/blog\/ocak-ayi-etkinlik-takvimi\/#ata_demirer_gazinosu\" >Ata Demirer Gazinosu<\/a><\/li><li class='ez-toc-page-1 ez-toc-heading-level-3'><a class=\"ez-toc-link ez-toc-heading-5\" href=\"https:\/\/www.turna.com\/blog\/ocak-ayi-etkinlik-takvimi\/#le_trio_joubran\" >Le Trio Joubran<\/a><\/li><li class='ez-toc-page-1 ez-toc-heading-level-3'><a class=\"ez-toc-link ez-toc-heading-6\" href=\"https:\/\/www.turna.com\/blog\/ocak-ayi-etkinlik-takvimi\/#vienna_mozart_orchestra\" >Vienna Mozart Orchestra<\/a><\/li><li class='ez-toc-page-1 ez-toc-heading-level-3'><a class=\"ez-toc-link ez-toc-heading-7\" href=\"https:\/\/www.turna.com\/blog\/ocak-ayi-etkinlik-takvimi\/#twilight_in_concert_alacakaranlik\" >Twilight In Concert (Alacakaranl\u0131k)<\/a><\/li><li class='ez-toc-page-1 ez-toc-heading-level-3'><a class=\"ez-toc-link ez-toc-heading-8\" href=\"https:\/\/www.turna.com\/blog\/ocak-ayi-etkinlik-takvimi\/#insanlar_mekanlar_nesneler\" >\u0130nsanlar Mekanlar Nesneler<\/a><\/li><li class='ez-toc-page-1 ez-toc-heading-level-3'><a class=\"ez-toc-link ez-toc-heading-9\" href=\"https:\/\/www.turna.com\/blog\/ocak-ayi-etkinlik-takvimi\/#aydinlikevler\" >Ayd\u0131nl\u0131kevler<\/a><\/li><\/ul><\/li><li class='ez-toc-page-1 ez-toc-heading-level-2'><a class=\"ez-toc-link ez-toc-heading-10\" href=\"https:\/\/www.turna.com\/blog\/ocak-ayi-etkinlik-takvimi\/#ankara_ocak_ayi_etkinlik_takvimi\" >Ankara Ocak Ay\u0131 Etkinlik Takvimi<\/a><ul class='ez-toc-list-level-3' ><li class='ez-toc-heading-level-3'><a class=\"ez-toc-link ez-toc-heading-11\" href=\"https:\/\/www.turna.com\/blog\/ocak-ayi-etkinlik-takvimi\/#mor_ve_otesi\" >Mor ve \u00d6tesi<\/a><\/li><li class='ez-toc-page-1 ez-toc-heading-level-3'><a class=\"ez-toc-link ez-toc-heading-12\" href=\"https:\/\/www.turna.com\/blog\/ocak-ayi-etkinlik-takvimi\/#dogan_duru\" >Do\u011fan Duru<\/a><\/li><li class='ez-toc-page-1 ez-toc-heading-level-3'><a class=\"ez-toc-link ez-toc-heading-13\" href=\"https:\/\/www.turna.com\/blog\/ocak-ayi-etkinlik-takvimi\/#vega\" >Vega<\/a><\/li><li class='ez-toc-page-1 ez-toc-heading-level-3'><a class=\"ez-toc-link ez-toc-heading-14\" href=\"https:\/\/www.turna.com\/blog\/ocak-ayi-etkinlik-takvimi\/#queen_for_strings\" >Queen for Strings<\/a><\/li><li class='ez-toc-page-1 ez-toc-heading-level-3'><a class=\"ez-toc-link ez-toc-heading-15\" href=\"https:\/\/www.turna.com\/blog\/ocak-ayi-etkinlik-takvimi\/#kac_zamparalik_gece\" >Ka\u00e7 Zamparal\u0131k Gece<\/a><\/li><li class='ez-toc-page-1 ez-toc-heading-level-3'><a class=\"ez-toc-link ez-toc-heading-16\" href=\"https:\/\/www.turna.com\/blog\/ocak-ayi-etkinlik-takvimi\/#mufettisler\" >M\u00fcfetti\u015fler<\/a><\/li><\/ul><\/li><li class='ez-toc-page-1 ez-toc-heading-level-2'><a class=\"ez-toc-link ez-toc-heading-17\" href=\"https:\/\/www.turna.com\/blog\/ocak-ayi-etkinlik-takvimi\/#izmir_ocak_ayi_etkinlik_takvimi\" >\u0130zmir Ocak Ay\u0131 Etkinlik Takvimi<\/a><ul class='ez-toc-list-level-3' ><li class='ez-toc-heading-level-3'><a class=\"ez-toc-link ez-toc-heading-18\" href=\"https:\/\/www.turna.com\/blog\/ocak-ayi-etkinlik-takvimi\/#can_bonomo\" >Can Bonomo\u00a0<\/a><\/li><li class='ez-toc-page-1 ez-toc-heading-level-3'><a class=\"ez-toc-link ez-toc-heading-19\" href=\"https:\/\/www.turna.com\/blog\/ocak-ayi-etkinlik-takvimi\/#leman_sam\" >Leman Sam\u00a0<\/a><\/li><li class='ez-toc-page-1 ez-toc-heading-level-3'><a class=\"ez-toc-link ez-toc-heading-20\" href=\"https:\/\/www.turna.com\/blog\/ocak-ayi-etkinlik-takvimi\/#pentagram\" >Pentagram<\/a><\/li><li class='ez-toc-page-1 ez-toc-heading-level-3'><a class=\"ez-toc-link ez-toc-heading-21\" href=\"https:\/\/www.turna.com\/blog\/ocak-ayi-etkinlik-takvimi\/#bir_baba_hamlet\" >Bir Baba Hamlet\u00a0<\/a><\/li><li class='ez-toc-page-1 ez-toc-heading-level-3'><a class=\"ez-toc-link ez-toc-heading-22\" href=\"https:\/\/www.turna.com\/blog\/ocak-ayi-etkinlik-takvimi\/#dogu_demirkol\" >Do\u011fu Demirkol<\/a><\/li><li class='ez-toc-page-1 ez-toc-heading-level-3'><a class=\"ez-toc-link ez-toc-heading-23\" href=\"https:\/\/www.turna.com\/blog\/ocak-ayi-etkinlik-takvimi\/#mutlu_aile_tablosu\" >Mutlu Aile Tablosu\u00a0<\/a><\/li><\/ul><\/li><li class='ez-toc-page-1 ez-toc-heading-level-2'><a class=\"ez-toc-link ez-toc-heading-24\" href=\"https:\/\/www.turna.com\/blog\/ocak-ayi-etkinlik-takvimi\/#turkiye_genelinde_one_cikan_ocak_ayi_etkinlikleri\" >T\u00fcrkiye Genelinde \u00d6ne \u00c7\u0131kan Ocak Ay\u0131 Etkinlikleri<\/a><ul class='ez-toc-list-level-3' ><li class='ez-toc-heading-level-3'><a class=\"ez-toc-link ez-toc-heading-25\" href=\"https:\/\/www.turna.com\/blog\/ocak-ayi-etkinlik-takvimi\/#drakula_%e2%80%93_adana\" >Drakula &#8211; Adana<\/a><\/li><li class='ez-toc-page-1 ez-toc-heading-level-3'><a class=\"ez-toc-link ez-toc-heading-26\" href=\"https:\/\/www.turna.com\/blog\/ocak-ayi-etkinlik-takvimi\/#eser_yenenler_ile_itiraf_et_%e2%80%93_gaziantep\" >Eser Yenenler ile \u0130tiraf Et &#8211; Gaziantep<\/a><\/li><li class='ez-toc-page-1 ez-toc-heading-level-3'><a class=\"ez-toc-link ez-toc-heading-27\" href=\"https:\/\/www.turna.com\/blog\/ocak-ayi-etkinlik-takvimi\/#meliksah_altuntas_%e2%80%9cbunu_kendime_neden_yapiyorum%e2%80%9d_%e2%80%93_antalya\" >Melik\u015fah Altunta\u015f &#8220;Bunu Kendime Neden Yap\u0131yorum?&#8221; &#8211; Antalya<\/a><\/li><li class='ez-toc-page-1 ez-toc-heading-level-3'><a class=\"ez-toc-link ez-toc-heading-28\" href=\"https:\/\/www.turna.com\/blog\/ocak-ayi-etkinlik-takvimi\/#le_trio_joubran_%e2%80%93_bursa\" >Le Trio Joubran &#8211; Bursa<\/a><\/li><li class='ez-toc-page-1 ez-toc-heading-level-3'><a class=\"ez-toc-link ez-toc-heading-29\" href=\"https:\/\/www.turna.com\/blog\/ocak-ayi-etkinlik-takvimi\/#kurk_mantolu_madonna_%e2%80%93_samsun\" >K\u00fcrk Mantolu Madonna &#8211; Samsun<\/a><\/li><\/ul><\/li><\/ul><\/nav><\/div>\n\n<p>Yeni y\u0131l\u0131n ilk ay\u0131 genelde sakin ge\u00e7ecek san\u0131l\u0131r ama asl\u0131nda Ocak, etkinlik a\u00e7\u0131s\u0131ndan y\u0131l\u0131n en keyifli d\u00f6nemlerinden biri. Tatil kalabal\u0131klar\u0131 da\u011f\u0131lm\u0131\u015ft\u0131r, \u015fehirler biraz nefes alm\u0131\u015ft\u0131r ama sahneler bo\u015f kalmaz. Konser salonlar\u0131, tiyatrolar, k\u00fclt\u00fcr merkezleri yeni y\u0131l\u0131n enerjisiyle programlar\u0131n\u0131 pe\u015f pe\u015fe a\u00e7\u0131klar. So\u011fuk havalar bahanedir; iyi bir etkinlik varsa d\u0131\u015far\u0131 \u00e7\u0131kmak her zaman daha kolay olur.<\/p>\n\n\n\n<p>Ocak 2026\u2019da T\u00fcrkiye\u2019nin d\u00f6rt bir yan\u0131nda m\u00fczikten tiyatroya, sahne \u015fovlar\u0131ndan \u00f6zel projelere uzanan geni\u015f bir etkinlik takvimi dikkat \u00e7ekiyor. B\u00fcy\u00fck \u015fehirlerde hareket hi\u00e7 azalm\u0131yor, \u00fclkenin farkl\u0131 noktalar\u0131nda da y\u0131l\u0131n ilk ay\u0131 k\u00fclt\u00fcr sanatla a\u00e7\u0131l\u0131yor. Yeni y\u0131la g\u00fczel bir ba\u015flang\u0131\u00e7 yapmak, takvime birka\u00e7 keyifli g\u00fcn eklemek isteyenler i\u00e7in Ocak ay\u0131 olduk\u00e7a c\u00f6mert.<\/p>\n\n\n\n<figure class=\"wp-block-image size-large\"><img decoding=\"async\" src=\"https:\/\/res.cloudinary.com\/turna\/image\/upload\/v1735886756\/wordpress-contents\/konser.png\" alt=\"\"\/><\/figure>\n\n\n\n<h2 class=\"wp-block-heading has-text-align-center has-neeon-button-dark-gray-color has-text-color has-link-color wp-elements-77d26a94c5c6cab56a0ad8e1d5dc03dc\"><span class=\"ez-toc-section\" id=\"istanbul_ocak_ayi_etkinlik_takvimi\"><\/span><strong><strong>\u0130stanbul Ocak Ay\u0131 Etkinlik Takvimi<\/strong><\/strong><span class=\"ez-toc-section-end\"><\/span><\/h2>\n\n\n\n<figure class=\"wp-block-image size-large\"><img width=\"1024\" height=\"684\" data-public-id=\"istanbul-s-ocean-with-cruise-ship_11zon-1\/istanbul-s-ocean-with-cruise-ship_11zon-1.jpg\" fetchpriority=\"high\" decoding=\"async\" src=\"https:\/\/res.cloudinary.com\/turna\/images\/w_1024,h_684,c_scale\/f_auto,q_auto:low\/v1692172386\/istanbul-s-ocean-with-cruise-ship_11zon-1\/istanbul-s-ocean-with-cruise-ship_11zon-1.jpg?_i=AA\" alt=\"\" class=\"wp-post-23529 wp-image-21945\" data-format=\"jpg\" data-transformations=\"f_auto,q_auto:low\" data-version=\"1692172386\" data-seo=\"1\" srcset=\"https:\/\/res.cloudinary.com\/turna\/images\/w_1024,h_684,c_scale\/f_auto,q_auto:low\/v1692172386\/istanbul-s-ocean-with-cruise-ship_11zon-1\/istanbul-s-ocean-with-cruise-ship_11zon-1.jpg?_i=AA 1024w, https:\/\/res.cloudinary.com\/turna\/images\/w_800,h_534,c_scale\/f_auto,q_auto:low\/v1692172386\/istanbul-s-ocean-with-cruise-ship_11zon-1\/istanbul-s-ocean-with-cruise-ship_11zon-1.jpg?_i=AA 800w, https:\/\/res.cloudinary.com\/turna\/images\/w_300,h_200,c_scale\/f_auto,q_auto:low\/v1692172386\/istanbul-s-ocean-with-cruise-ship_11zon-1\/istanbul-s-ocean-with-cruise-ship_11zon-1.jpg?_i=AA 300w, https:\/\/res.cloudinary.com\/turna\/images\/w_1536,h_1025,c_scale\/f_auto,q_auto:low\/v1692172386\/istanbul-s-ocean-with-cruise-ship_11zon-1\/istanbul-s-ocean-with-cruise-ship_11zon-1.jpg?_i=AA 1536w, https:\/\/res.cloudinary.com\/turna\/images\/w_2048,h_1367,c_scale\/f_auto,q_auto:low\/v1692172386\/istanbul-s-ocean-with-cruise-ship_11zon-1\/istanbul-s-ocean-with-cruise-ship_11zon-1.jpg?_i=AA 2048w, https:\/\/res.cloudinary.com\/turna\/images\/w_629,h_420,c_scale\/f_auto,q_auto:low\/v1692172386\/istanbul-s-ocean-with-cruise-ship_11zon-1\/istanbul-s-ocean-with-cruise-ship_11zon-1.jpg?_i=AA 629w, https:\/\/res.cloudinary.com\/turna\/images\/w_537,h_360,c_scale\/f_auto,q_auto:low\/v1692172386\/istanbul-s-ocean-with-cruise-ship_11zon-1\/istanbul-s-ocean-with-cruise-ship_11zon-1.jpg?_i=AA 537w, https:\/\/res.cloudinary.com\/turna\/images\/w_640,h_427,c_scale\/f_auto,q_auto:low\/v1692172386\/istanbul-s-ocean-with-cruise-ship_11zon-1\/istanbul-s-ocean-with-cruise-ship_11zon-1.jpg?_i=AA 640w, https:\/\/res.cloudinary.com\/turna\/images\/w_681,h_455,c_scale\/f_auto,q_auto:low\/v1692172386\/istanbul-s-ocean-with-cruise-ship_11zon-1\/istanbul-s-ocean-with-cruise-ship_11zon-1.jpg?_i=AA 681w\" sizes=\"(max-width: 1024px) 100vw, 1024px\" \/><\/figure>\n\n\n\n<p>\u0130stanbul\u2019da Ocak ay\u0131, \u015fehrin klasik temposundan biraz s\u0131yr\u0131l\u0131p sahnelere odakland\u0131\u011f\u0131 bir d\u00f6nem gibi. Yaz\u0131n ko\u015fturmacas\u0131 yok, sonbahar\u0131n yo\u011funlu\u011fu geride kalm\u0131\u015f; konserler ve tiyatro oyunlar\u0131 daha derli toplu bir takvimle ilerliyor. M\u00fczik, tiyatro ve sahne \u015fovlar\u0131 aras\u0131nda se\u00e7im yapmak zorla\u015f\u0131yor ama bu da i\u015fin en keyifli taraf\u0131.<\/p>\n\n\n\n<p>\u0130stanbul&#8217;un sanat dolu sokaklar\u0131yla bulu\u015fmak i\u00e7in <strong><a href=\"https:\/\/www.turna.com\/ucak-bileti\/istanbul\">\u0130stanbul u\u00e7ak bileti<\/a><\/strong> alternatiflerine g\u00f6z atmay\u0131 unutmay\u0131n.<\/p>\n\n\n\n<h3 class=\"wp-block-heading has-text-align-center has-neeon-button-dark-gray-color has-text-color has-link-color wp-elements-c6646869b28bc4ad6cc85a1eab9e6ddc\"><span class=\"ez-toc-section\" id=\"ezginin_gunlugu\"><\/span><strong><strong><strong>Ezginin G\u00fcnl\u00fc\u011f\u00fc<\/strong><\/strong><\/strong><span class=\"ez-toc-section-end\"><\/span><\/h3>\n\n\n\n<p>K\u0131\u015f aylar\u0131na en \u00e7ok yak\u0131\u015fan gruplardan biriyle ba\u015flamak iyi olur. Ezginin G\u00fcnl\u00fc\u011f\u00fc, Ocak ay\u0131nda \u0130stanbul\u2019da iki farkl\u0131 sahnede dinleyiciyle bulu\u015fuyor. 10 Ocak saat 20:30\u2019da Mall of \u0130stanbul MO\u0130 Sahne\u2019de, 23 Ocak saat 21:00\u2019de ise Zorlu PSM Turkcell Platinum Sahnesi\u2019nde sahnedeler. Sakin ama dolu bir konser ak\u015fam\u0131 arayanlar i\u00e7in g\u00fczel bir durak.<\/p>\n\n\n\n<p><strong>Tarih: <\/strong>10, 23 Ocak<\/p>\n\n\n\n<h3 class=\"wp-block-heading has-text-align-center has-neeon-button-dark-gray-color has-text-color has-link-color wp-elements-037154ef436b83e1695179b22f781834\"><span class=\"ez-toc-section\" id=\"tarkan\"><\/span><strong><strong><strong>Tarkan<\/strong><\/strong><\/strong><span class=\"ez-toc-section-end\"><\/span><\/h3>\n\n\n\n<p>Ocak ay\u0131n\u0131n en yo\u011fun program\u0131 a\u00e7\u0131k ara Tarkan\u2019a ait. Megastar, Volkswagen Arena\u2019da tam sekiz farkl\u0131 tarihte sahne al\u0131yor. Konserler, ay\u0131n neredeyse tamam\u0131na yay\u0131lm\u0131\u015f durumda. Bu kadar \u00e7ok tarih olmas\u0131, farkl\u0131 programlara uyum sa\u011flamay\u0131 kolayla\u015ft\u0131r\u0131yor. Yeni y\u0131la y\u00fcksek enerjiyle ba\u015flamak isteyenler i\u00e7in g\u00fc\u00e7l\u00fc bir se\u00e7enek.<\/p>\n\n\n\n<p><strong>Tarih: <\/strong>16, 17, 20, 23, 24, 27, 30, 31 Ocak<\/p>\n\n\n\n<h3 class=\"wp-block-heading has-text-align-center has-neeon-button-dark-gray-color has-text-color has-link-color wp-elements-f8a6ffa1ab19ed88167b851edcdbb9c6\"><span class=\"ez-toc-section\" id=\"ata_demirer_gazinosu\"><\/span><strong><strong><strong>Ata Demirer Gazinosu<\/strong><\/strong><\/strong><span class=\"ez-toc-section-end\"><\/span><\/h3>\n\n\n\n<p>Ata Demirer\u2019in sahnedeki klasikle\u015fmi\u015f format\u0131, Ocak ay\u0131nda da devam ediyor. G\u00fcndelik hayattan \u00e7\u0131kan hikayeler, tan\u0131d\u0131k karakterler ve bol kahkaha vadeden bu g\u00f6steri, i\u015f \u00e7\u0131k\u0131\u015f\u0131 ya da hafta ortas\u0131 i\u00e7in iyi bir etkinlik oluyor.<\/p>\n\n\n\n<p><strong>Tarih: <\/strong>7, 8, 22, 23, 26 Ocak<\/p>\n\n\n\n<h3 class=\"wp-block-heading has-text-align-center has-neeon-button-dark-gray-color has-text-color has-link-color wp-elements-bda081ff13f7a90d5f5e17de4a7cfdf6\"><span class=\"ez-toc-section\" id=\"le_trio_joubran\"><\/span><strong><strong><strong>Le Trio Joubran<\/strong><\/strong><\/strong><span class=\"ez-toc-section-end\"><\/span><\/h3>\n\n\n\n<p>Farkl\u0131 bir m\u00fczik deneyimi arayanlar i\u00e7in Le Trio Joubran, Ocak ay\u0131n\u0131n \u00f6ne \u00e7\u0131kan konserlerinden biri. \u00dc\u00e7 ud virt\u00fc\u00f6z\u00fcnden olu\u015fan grup, 10 Ocak saat 21:00\u2019de Hali\u00e7 Kongre Merkezi\u2019nde sahne al\u0131yor. Geleneksel ezgilerle modern yorumlar\u0131n i\u00e7 i\u00e7e ge\u00e7ti\u011fi bu konser, daha sakin ama derin bir ak\u015fam ge\u00e7irmek isteyenlere hitap ediyor.<\/p>\n\n\n\n<p><strong>Tarih: <\/strong>10 Ocak<\/p>\n\n\n\n<h3 class=\"wp-block-heading has-text-align-center has-neeon-button-dark-gray-color has-text-color has-link-color wp-elements-4f7d153c47b23e45728c8f3a3f345324\"><span class=\"ez-toc-section\" id=\"vienna_mozart_orchestra\"><\/span><strong><strong><strong>Vienna Mozart Orchestra<\/strong><\/strong><\/strong><span class=\"ez-toc-section-end\"><\/span><\/h3>\n\n\n\n<p>Klasik m\u00fczikle yeni y\u0131la zarif bir ba\u015flang\u0131\u00e7 yapmak isteyenler i\u00e7in Vienna Mozart Orchestra sahnede. 11 Ocak saat 20:00\u2019de AKM T\u00fcrk Telekom Opera Salonu\u2019nda ger\u00e7ekle\u015fecek konser, Mozart\u2019\u0131n eserleri e\u015fli\u011finde \u015f\u0131k ve zamans\u0131z bir gece sunuyor.&nbsp;<\/p>\n\n\n\n<p><strong>Tarih: <\/strong>11 Ocak<\/p>\n\n\n\n<h3 class=\"wp-block-heading has-text-align-center has-neeon-button-dark-gray-color has-text-color has-link-color wp-elements-1f6ff3e55c0bdf756f475dea94a92c66\"><span class=\"ez-toc-section\" id=\"twilight_in_concert_alacakaranlik\"><\/span><strong><strong><strong>Twilight In Concert (Alacakaranl\u0131k)<\/strong><\/strong><\/strong><span class=\"ez-toc-section-end\"><\/span><\/h3>\n\n\n\n<p>Sinema ve m\u00fczi\u011fi bir arada deneyimlemek isteyenler i\u00e7in Twilight In Concert, farkl\u0131 bir alternatif. Alacakaranl\u0131k filmi, canl\u0131 orkestra e\u015fli\u011finde 10 Ocak\u2019ta Zorlu PSM Turkcell Sahnesi\u2019nde iki seans halinde g\u00f6steriliyor. Etkinlik, klasik konserlerden biraz uzakla\u015fmak isteyenler i\u00e7in ilgi \u00e7ekici.<\/p>\n\n\n\n<p><strong>Tarih: <\/strong>10 Ocak<\/p>\n\n\n\n<h3 class=\"wp-block-heading has-text-align-center has-neeon-button-dark-gray-color has-text-color has-link-color wp-elements-ee97c14d76d0cf3fc5a5f2a6d3707366\"><span class=\"ez-toc-section\" id=\"insanlar_mekanlar_nesneler\"><\/span><strong><strong><strong>\u0130nsanlar Mekanlar Nesneler<\/strong><\/strong><\/strong><span class=\"ez-toc-section-end\"><\/span><\/h3>\n\n\n\n<p>Son d\u00f6nemin dikkat \u00e7eken tiyatro oyunlar\u0131ndan \u0130nsanlar Mekanlar Nesneler, Merve Dizdar\u2019\u0131n performans\u0131yla sahnede. Oyun, 10, 15, 28 ve 29 Ocak tarihlerinde Zorlu PSM Turkcell Platinum Sahnesi\u2019nde izlenebiliyor. Daha yo\u011fun, d\u00fc\u015f\u00fcnd\u00fcren ve seyirciyi i\u00e7ine \u00e7eken bir oyun arayanlar i\u00e7in \u00f6ne \u00e7\u0131kan yap\u0131mlardan biri.<\/p>\n\n\n\n<p><strong>Tarih: <\/strong>10, 15, 28, 29 Ocak<\/p>\n\n\n\n<h3 class=\"wp-block-heading has-text-align-center has-neeon-button-dark-gray-color has-text-color has-link-color wp-elements-6553968cf4a5ab16ec2b5494c5347ebd\"><span class=\"ez-toc-section\" id=\"aydinlikevler\"><\/span><strong><strong><strong>Ayd\u0131nl\u0131kevler<\/strong><\/strong><\/strong><span class=\"ez-toc-section-end\"><\/span><\/h3>\n\n\n\n<p>Demet Akba\u011f ve Salih Bademci\u2019nin yer ald\u0131\u011f\u0131 Ayd\u0131nl\u0131kevler, Ocak ay\u0131n\u0131n g\u00fc\u00e7l\u00fc tiyatro se\u00e7eneklerinden. Oyun, 16 ve 31 Ocak\u2019ta Maximum UNIQ Hall\u2019da sahneleniyor. Hem oyuncu kadrosu hem hikayesiyle sezon boyunca ilgi g\u00f6ren yap\u0131mlar aras\u0131nda yer al\u0131yor.<\/p>\n\n\n\n<p><strong>Tarih: <\/strong>16, 31 Ocak<\/p>\n\n\n\n<h2 class=\"wp-block-heading has-text-align-center has-neeon-button-dark-gray-color has-text-color has-link-color wp-elements-24760c52ddf8d3872adba1f0d5985166\"><span class=\"ez-toc-section\" id=\"ankara_ocak_ayi_etkinlik_takvimi\"><\/span><strong><strong>Ankara Ocak Ay\u0131 Etkinlik Takvimi<\/strong><\/strong><span class=\"ez-toc-section-end\"><\/span><\/h2>\n\n\n\n<figure class=\"wp-block-image size-large\"><img decoding=\"async\" src=\"https:\/\/res.cloudinary.com\/turna\/image\/upload\/v1735889481\/wordpress-contents\/ankara_genel.png\" alt=\"\"\/><\/figure>\n\n\n\n<p>Ankara\u2019da Ocak ay\u0131, so\u011fuk havaya ra\u011fmen k\u00fclt\u00fcr sanat a\u00e7\u0131s\u0131ndan olduk\u00e7a hareketli ge\u00e7iyor. Salonlar doluyor, konserler arka arkaya geliyor, tiyatro sahneleri neredeyse bo\u015f kalm\u0131yor. Yeni y\u0131la m\u00fczikle ya da iyi bir oyunla ba\u015flamak isteyenler i\u00e7in Ocak ay\u0131 Ankara\u2019da g\u00fc\u00e7l\u00fc se\u00e7enekler sunuyor.<\/p>\n\n\n\n<p>Ankara&#8217;da sanat dolu an\u0131lar biriktirmek i\u00e7in <strong><a href=\"https:\/\/www.turna.com\/ucak-bileti\/ankara\">Ankara u\u00e7ak bileti<\/a><\/strong> alternatiflerine g\u00f6z atmay\u0131 unutmay\u0131n.<\/p>\n\n\n\n<h3 class=\"wp-block-heading has-text-align-center has-neeon-button-dark-gray-color has-text-color has-link-color wp-elements-48d0f2444b2cc53c0084e7e3f3743d57\"><span class=\"ez-toc-section\" id=\"mor_ve_otesi\"><\/span><strong><strong><strong>Mor ve \u00d6tesi<\/strong><\/strong><\/strong><span class=\"ez-toc-section-end\"><\/span><\/h3>\n\n\n\n<p>Mor ve \u00d6tesi, Ocak ay\u0131nda Ankara\u2019da sahne alan en dikkat \u00e7ekici isimlerden biri. Grup, 13 Ocak saat 21:00\u2019de Congresium Ankara\u2019da dinleyiciyle bulu\u015fuyor. Y\u0131llard\u0131r sahnede olan \u015fark\u0131larla yeni d\u00f6nem par\u00e7alar\u0131n i\u00e7 i\u00e7e ge\u00e7ti\u011fi bu konser, hem grubun s\u0131k\u0131 takip\u00e7ileri hem de canl\u0131 performanslar\u0131 ka\u00e7\u0131rmak istemeyenler i\u00e7in \u00f6ne \u00e7\u0131k\u0131yor.&nbsp;<\/p>\n\n\n\n<p><strong>Tarih: <\/strong>13 Ocak<\/p>\n\n\n\n<h3 class=\"wp-block-heading has-text-align-center has-neeon-button-dark-gray-color has-text-color has-link-color wp-elements-b165f383bfdf79a2f846884fa6558d67\"><span class=\"ez-toc-section\" id=\"dogan_duru\"><\/span><strong><strong><strong>Do\u011fan Duru<\/strong><\/strong><\/strong><span class=\"ez-toc-section-end\"><\/span><\/h3>\n\n\n\n<p>Daha samimi bir konser ortam\u0131 arayanlar i\u00e7in Do\u011fan Duru, 16 Ocak saat 22:00\u2019de Holly Stone Performance Hall Ankara\u2019da sahne al\u0131yor. \u015eark\u0131lar\u0131n hikayelerinin daha net hissedildi\u011fi, seyirciyle mesafenin az oldu\u011fu bu tarz konserler, k\u0131\u015f ak\u015famlar\u0131na ayr\u0131 bir s\u0131cakl\u0131k kat\u0131yor.&nbsp;<\/p>\n\n\n\n<p><strong>Tarih: <\/strong>16 Ocak<\/p>\n\n\n\n<h3 class=\"wp-block-heading has-text-align-center has-neeon-button-dark-gray-color has-text-color has-link-color wp-elements-46a2877bf79c73b5b910772321759af8\"><span class=\"ez-toc-section\" id=\"vega\"><\/span><strong><strong><strong>Vega<\/strong><\/strong><\/strong><span class=\"ez-toc-section-end\"><\/span><\/h3>\n\n\n\n<p>Vega, Ankara konserleriyle her zaman ilgi g\u00f6ren gruplardan biri. 24 Ocak saat 22:00\u2019de 6:45 KK Ankara\u2019da sahnede olacak grup, hem eski \u015fark\u0131lar\u0131 hem de sahne enerjisiyle tan\u0131n\u0131yor. Daha hareketli, ayakta izlenen konserleri sevenler i\u00e7in Ocak ay\u0131n\u0131n \u00f6ne \u00e7\u0131kan duraklar\u0131ndan biri olarak g\u00f6r\u00fcl\u00fcyor.<\/p>\n\n\n\n<p><strong>Tarih: <\/strong>24 Ocak<\/p>\n\n\n\n<h3 class=\"wp-block-heading has-text-align-center has-neeon-button-dark-gray-color has-text-color has-link-color wp-elements-6b82386ae4d1d8a9b397fa6f4b70cc40\"><span class=\"ez-toc-section\" id=\"queen_for_strings\"><\/span><strong><strong><strong>Queen for Strings<\/strong><\/strong><\/strong><span class=\"ez-toc-section-end\"><\/span><\/h3>\n\n\n\n<p>Klasik m\u00fczikle rock ruhunu bir araya getiren Queen for Strings, 31 Ocak saat 20:00\u2019de CSO Ada Ankara Ana Salon\u2019da sahne al\u0131yor. Queen\u2019in unutulmaz \u015fark\u0131lar\u0131n\u0131n yayl\u0131 enstr\u00fcmanlarla yeniden yorumland\u0131\u011f\u0131 bu konser, farkl\u0131 bir m\u00fczik deneyimi arayanlara hitap ediyor.&nbsp;<\/p>\n\n\n\n<p><strong>Tarih: <\/strong>31 Ocak<\/p>\n\n\n\n<h3 class=\"wp-block-heading has-text-align-center has-neeon-button-dark-gray-color has-text-color has-link-color wp-elements-257c1f919fefea69caface98d5beeb95\"><span class=\"ez-toc-section\" id=\"kac_zamparalik_gece\"><\/span><strong><strong><strong>Ka\u00e7 Zamparal\u0131k Gece<\/strong><\/strong><\/strong><span class=\"ez-toc-section-end\"><\/span><\/h3>\n\n\n\n<p>Y\u0131lmaz Erdo\u011fan\u2019\u0131n yazd\u0131\u011f\u0131 Ka\u00e7 Zamparal\u0131k Gece, Ocak ay\u0131 boyunca Ankara\u2019da birden fazla tarihte sahneleniyor. Klasikle\u015fmi\u015f metni ve tempolu yap\u0131s\u0131yla, tiyatro ak\u015fam\u0131n\u0131 garantiye almak isteyenler i\u00e7in g\u00fcvenli bir tercih olarak \u00f6ne \u00e7\u0131k\u0131yor.<\/p>\n\n\n\n<p><strong>Tarih: <\/strong>4, 6, 14, 29, 30 Ocak<\/p>\n\n\n\n<h3 class=\"wp-block-heading has-text-align-center has-neeon-button-dark-gray-color has-text-color has-link-color wp-elements-f86361b6a376302bab9974ebf962039d\"><span class=\"ez-toc-section\" id=\"mufettisler\"><\/span><strong><strong><strong>M\u00fcfetti\u015fler<\/strong><\/strong><\/strong><span class=\"ez-toc-section-end\"><\/span><\/h3>\n\n\n\n<p>Asl\u0131han G\u00fcrb\u00fcz ve Erkan Kol\u00e7ak K\u00f6stendil\u2019in sahnede bulu\u015ftu\u011fu M\u00fcfetti\u015fler, 17 Ocak saat 20:00\u2019de TED Ankara Koleji Sahne Sanatlar\u0131 ve G\u00f6steri Merkezi Ata Sahne\u2019de izleyiciyle bulu\u015fuyor. Oyunculuk performanslar\u0131n\u0131n \u00f6n planda oldu\u011fu bu yap\u0131m, daha yo\u011fun ve dikkat isteyen bir tiyatro deneyimi arayanlara hitap ediyor.&nbsp;<\/p>\n\n\n\n<p><strong>Tarih: <\/strong>17 Ocak<\/p>\n\n\n\n<h2 class=\"wp-block-heading has-text-align-center has-neeon-button-dark-gray-color has-text-color has-link-color wp-elements-2fc378d34448cf9011b5e25963edb807\"><span class=\"ez-toc-section\" id=\"izmir_ocak_ayi_etkinlik_takvimi\"><\/span><strong><strong>\u0130zmir Ocak Ay\u0131 Etkinlik Takvimi<\/strong><\/strong><span class=\"ez-toc-section-end\"><\/span><\/h2>\n\n\n\n<figure class=\"wp-block-image size-full\"><img width=\"800\" height=\"500\" data-public-id=\"Izmir-Teleferik_icav8l\/Izmir-Teleferik_icav8l.jpg\" decoding=\"async\" src=\"https:\/\/res.cloudinary.com\/turna\/images\/w_800,h_500,c_scale\/f_auto,q_auto:low\/v1475956067\/Izmir-Teleferik_icav8l\/Izmir-Teleferik_icav8l.jpg?_i=AA\" alt=\"\" class=\"wp-post-23529 wp-image-4731\" data-format=\"jpg\" data-transformations=\"f_auto,q_auto:low\" data-version=\"1475956067\" data-seo=\"1\" srcset=\"https:\/\/res.cloudinary.com\/turna\/images\/f_auto,q_auto:low\/v1475956067\/Izmir-Teleferik_icav8l\/Izmir-Teleferik_icav8l.jpg?_i=AA 800w, https:\/\/res.cloudinary.com\/turna\/images\/w_300,h_188,c_scale\/f_auto,q_auto:low\/v1475956067\/Izmir-Teleferik_icav8l\/Izmir-Teleferik_icav8l.jpg?_i=AA 300w, https:\/\/res.cloudinary.com\/turna\/images\/w_672,h_420,c_scale\/f_auto,q_auto:low\/v1475956067\/Izmir-Teleferik_icav8l\/Izmir-Teleferik_icav8l.jpg?_i=AA 672w, https:\/\/res.cloudinary.com\/turna\/images\/w_640,h_400,c_scale\/f_auto,q_auto:low\/v1475956067\/Izmir-Teleferik_icav8l\/Izmir-Teleferik_icav8l.jpg?_i=AA 640w, https:\/\/res.cloudinary.com\/turna\/images\/w_681,h_426,c_scale\/f_auto,q_auto:low\/v1475956067\/Izmir-Teleferik_icav8l\/Izmir-Teleferik_icav8l.jpg?_i=AA 681w\" sizes=\"(max-width: 800px) 100vw, 800px\" \/><\/figure>\n\n\n\n<p>\u0130zmir\u2019de Ocak ay\u0131, k\u0131\u015f mevsimine ra\u011fmen \u015fehrin enerjisinden pek bir \u015fey kaybetmedi\u011fi zamanlardan biri. Ocak ay\u0131nda \u0130zmir, m\u00fczikten sahne g\u00f6sterilerine kadar uzanan etkinlikleriyle, \u015fehri biraz daha yava\u015f ama keyifli bir ritimde ya\u015famak isteyenlere g\u00fczel se\u00e7enekler sunuyor.<\/p>\n\n\n\n<p>\u0130zmir&#8217;de Ocak ay\u0131n\u0131za renk katacak etkinliklerle bulu\u015fmak i\u00e7in <a href=\"https:\/\/www.turna.com\/ucak-bileti\/izmir\"><strong>\u0130zmir u\u00e7ak bileti<\/strong> <\/a>alternatiflerine g\u00f6z atmay\u0131 unutmay\u0131n.<\/p>\n\n\n\n<h3 class=\"wp-block-heading has-text-align-center has-neeon-button-dark-gray-color has-text-color has-link-color wp-elements-f7d4f8c0eb96bb0d925682cf197ae86c\"><span class=\"ez-toc-section\" id=\"can_bonomo\"><\/span><strong><strong><strong>Can Bonomo\u00a0<\/strong><\/strong><\/strong><span class=\"ez-toc-section-end\"><\/span><\/h3>\n\n\n\n<p>Can Bonomo, Ocak ay\u0131n\u0131n son g\u00fcnlerine do\u011fru \u0130zmir\u2019de sahne al\u0131yor. 30 Ocak Cuma g\u00fcn\u00fc The Factory PSM Tarihi Havagaz\u0131 Fabrikas\u0131\u2019nda ger\u00e7ekle\u015fecek konser, ay\u0131n \u00f6ne \u00e7\u0131kan m\u00fczik etkinliklerinden biri. Can Bonomo\u2019nun kendine \u00f6zg\u00fc tarz\u0131 ve sahnedeki enerjisi, k\u0131\u015f ak\u015fam\u0131n\u0131 hareketlendiren bir atmosfer yarat\u0131yor.<\/p>\n\n\n\n<p><strong>Tarih: <\/strong>30 Ocak<\/p>\n\n\n\n<h3 class=\"wp-block-heading has-text-align-center has-neeon-button-dark-gray-color has-text-color has-link-color wp-elements-d30643af2b25ddb3cefe199c70e091f2\"><span class=\"ez-toc-section\" id=\"leman_sam\"><\/span><strong><strong><strong>Leman Sam\u00a0<\/strong><\/strong><\/strong><span class=\"ez-toc-section-end\"><\/span><\/h3>\n\n\n\n<p>Leman Sam, y\u0131llard\u0131r dinleyicisiyle g\u00fc\u00e7l\u00fc bir ba\u011f kuran \u015fark\u0131lar\u0131n\u0131 14 Ocak \u00c7ar\u015famba g\u00fcn\u00fc Bostanl\u0131 Suat Ta\u015fer Tiyatrosu\u2019nda seslendiriyor. Daha sakin, daha duygusal bir konser ak\u015fam\u0131 arayanlar i\u00e7in \u00f6ne \u00e7\u0131kan bu etkinlik, Ocak ay\u0131n\u0131n ortas\u0131nda durup biraz nefes almak isteyenlere hitap ediyor.<\/p>\n\n\n\n<p><strong>Tarih: <\/strong>14 Ocak<\/p>\n\n\n\n<h3 class=\"wp-block-heading has-text-align-center has-neeon-button-dark-gray-color has-text-color has-link-color wp-elements-a8c6a20ded28078f77775d36f40b58a0\"><span class=\"ez-toc-section\" id=\"pentagram\"><\/span><strong><strong><strong>Pentagram<\/strong><\/strong><\/strong><span class=\"ez-toc-section-end\"><\/span><\/h3>\n\n\n\n<p>Rock m\u00fczi\u011fin k\u00f6kl\u00fc gruplar\u0131ndan Pentagram, 10 Ocak Cumartesi g\u00fcn\u00fc Ooze Venue\u2019da sahne al\u0131yor. Daha sert bir m\u00fczik, daha y\u00fcksek tempo arayanlar i\u00e7in bu konser Ocak ay\u0131n\u0131n en dikkat \u00e7ekici duraklar\u0131ndan biri olarak \u00f6ne \u00e7\u0131k\u0131yor. Enerjisi y\u00fcksek, ayakta ge\u00e7en bir konser ak\u015fam\u0131 isteyenler i\u00e7in g\u00fc\u00e7l\u00fc bir alternatif.<\/p>\n\n\n\n<p><strong>Tarih: <\/strong>10 Ocak<span id=\"docs-internal-guid-81288175-7fff-91d7-0e12-7cee0ee210bb\"><\/span><\/p>\n\n\n\n<h3 class=\"wp-block-heading has-text-align-center has-neeon-button-dark-gray-color has-text-color has-link-color wp-elements-ca65f603b34d343bad5d4be1c85c7923\"><span class=\"ez-toc-section\" id=\"bir_baba_hamlet\"><\/span><strong><strong><strong>Bir Baba Hamlet\u00a0<\/strong><\/strong><\/strong><span class=\"ez-toc-section-end\"><\/span><\/h3>\n\n\n\n<p>Shakespeare\u2019in klasik metnini bamba\u015fka bir dille sahneye ta\u015f\u0131yan Bir Baba Hamlet, 13 Ocak Sal\u0131 g\u00fcn\u00fc Bostanl\u0131 Suat Ta\u015fer Tiyatrosu\u2019nda izleyiciyle bulu\u015fuyor. Mizah\u0131, temposu ve sahne diliyle uzun s\u00fcredir ilgi g\u00f6ren oyun, tiyatroya biraz farkl\u0131 bir yerden yakla\u015fmak isteyenler i\u00e7in keyifli bir ak\u015fam vadediyor.<br><strong>Tarih: <\/strong>13 Ocak<\/p>\n\n\n\n<h3 class=\"wp-block-heading has-text-align-center has-neeon-button-dark-gray-color has-text-color has-link-color wp-elements-615b6d430013b10ccafe450817842b7b\"><span class=\"ez-toc-section\" id=\"dogu_demirkol\"><\/span><strong><strong><strong>Do\u011fu Demirkol<\/strong><\/strong><\/strong><span class=\"ez-toc-section-end\"><\/span><\/h3>\n\n\n\n<p>Stand-up g\u00f6sterileriyle geni\u015f bir izleyici kitlesine ula\u015fan Do\u011fu Demirkol, 23 Ocak Cuma g\u00fcn\u00fc Bostanl\u0131 Suat Ta\u015fer Tiyatrosu\u2019nda sahne al\u0131yor. G\u00fcndelik hayattan \u00e7\u0131kan espriler, tan\u0131d\u0131k hikayeler ve bol kahkaha e\u015fli\u011finde ge\u00e7en bu g\u00f6steri, Ocak ay\u0131na biraz e\u011flence katmak isteyenler i\u00e7in iyi bir se\u00e7enek.<\/p>\n\n\n\n<p><strong>Tarih: <\/strong>23 Ocak<\/p>\n\n\n\n<h3 class=\"wp-block-heading has-text-align-center has-neeon-button-dark-gray-color has-text-color has-link-color wp-elements-83ea3f4f65b454d0f91b78c7ac1333de\"><span class=\"ez-toc-section\" id=\"mutlu_aile_tablosu\"><\/span><strong><strong><strong>Mutlu Aile Tablosu\u00a0<\/strong><\/strong><\/strong><span class=\"ez-toc-section-end\"><\/span><\/h3>\n\n\n\n<p>Emre K\u0131nay ve P\u0131nar Altu\u011f\u2019un rol ald\u0131\u011f\u0131 Mutlu Aile Tablosu, 21 Ocak \u00c7ar\u015famba g\u00fcn\u00fc saat 20:30\u2019da Bostanl\u0131 Suat Ta\u015fer Tiyatrosu\u2019nda sahneleniyor. Aile ili\u015fkilerine farkl\u0131 bir pencereden bakan oyun, hem oyuncu kadrosu hem de hikayesiyle dikkat \u00e7ekiyor.&nbsp;<\/p>\n\n\n\n<p><strong>Tarih: <\/strong>21 Ocak<\/p>\n\n\n\n<h2 class=\"wp-block-heading has-text-align-center has-neeon-button-dark-gray-color has-text-color has-link-color wp-elements-bb1c162133e1164bc3b574dd6e0cffd6\"><span class=\"ez-toc-section\" id=\"turkiye_genelinde_one_cikan_ocak_ayi_etkinlikleri\"><\/span><strong><strong>T\u00fcrkiye Genelinde \u00d6ne \u00c7\u0131kan Ocak Ay\u0131 Etkinlikleri<\/strong><\/strong><span class=\"ez-toc-section-end\"><\/span><\/h2>\n\n\n\n<figure class=\"wp-block-image size-large\"><img decoding=\"async\" src=\"https:\/\/res.cloudinary.com\/turna\/image\/upload\/v1735886765\/wordpress-contents\/tiyaatro.png\" alt=\"\"\/><\/figure>\n\n\n\n<p>Ocak ay\u0131, T\u00fcrkiye\u2019nin her k\u00f6\u015fesinde k\u00fclt\u00fcr, sanat ve e\u011flence dolu etkinliklerle yeni y\u0131l co\u015fkusunu ya\u015fatmaya devam ediyor. \u00dclkenin d\u00f6rt bir yan\u0131nda her zevke uygun etkinlik alternatifleri ke\u015ffinizi bekliyor.<\/p>\n\n\n\n<h3 class=\"wp-block-heading has-text-align-center has-neeon-button-dark-gray-color has-text-color has-link-color wp-elements-070fade1a4a445646c71ee5dec29b206\"><span class=\"ez-toc-section\" id=\"drakula_%e2%80%93_adana\"><\/span><strong><strong><strong>Drakula &#8211; Adana<\/strong><\/strong><\/strong><span class=\"ez-toc-section-end\"><\/span><\/h3>\n\n\n\n<p>Okan Bay\u00fclgen\u2019in sahnede oldu\u011fu Drakula, 30 Ocak Cuma ak\u015fam\u0131 saat 20:00\u2019de \u00c7ukurova \u00dcniversitesi Kongre Merkezi\u2019nde oynan\u0131yor. Karanl\u0131k atmosferi, anlat\u0131m dili ve sahne d\u00fczeniyle bilinen bu oyun, klasik bir hikayeyi farkl\u0131 bir yorumla izlemek isteyenlere hitap ediyor.<\/p>\n\n\n\n<p><strong>Tarih: <\/strong>30 Ocak<\/p>\n\n\n\n<h3 class=\"wp-block-heading has-text-align-center has-neeon-button-dark-gray-color has-text-color has-link-color wp-elements-0a5525f783cc30f90bc28437dafe4f01\"><span class=\"ez-toc-section\" id=\"eser_yenenler_ile_itiraf_et_%e2%80%93_gaziantep\"><\/span><strong><strong><strong>Eser Yenenler ile \u0130tiraf Et &#8211; Gaziantep<\/strong><\/strong><\/strong><span class=\"ez-toc-section-end\"><\/span><\/h3>\n\n\n\n<p>Eser Yenenler\u2019in seyirciyle birebir temas kurdu\u011fu \u0130tiraf Et, 9 Ocak Cuma g\u00fcn\u00fc saat 20:00\u2019de Gaziantep \u015eehitkamil K\u00fclt\u00fcr ve Kongre Merkezi\u2019nde sahnede. Daha hafif, bol kahkahal\u0131 bir ak\u015fam arayanlar i\u00e7in iyi bir alternatif.&nbsp;<br><strong>Tarih: <\/strong>9 Ocak<\/p>\n\n\n\n<h3 class=\"wp-block-heading has-text-align-center has-neeon-button-dark-gray-color has-text-color has-link-color wp-elements-df63cb3ef18a536c01db30457428f55a\"><span class=\"ez-toc-section\" id=\"meliksah_altuntas_%e2%80%9cbunu_kendime_neden_yapiyorum%e2%80%9d_%e2%80%93_antalya\"><\/span><strong><strong><strong>Melik\u015fah Altunta\u015f &#8220;Bunu Kendime Neden Yap\u0131yorum?&#8221; &#8211; Antalya<\/strong><\/strong><\/strong><span class=\"ez-toc-section-end\"><\/span><\/h3>\n\n\n\n<p>Melik\u015fah Altunta\u015f\u2019\u0131n sahnedeki anlat\u0131m\u0131yla dikkat \u00e7eken bu g\u00f6steri, 16 Ocak Cuma g\u00fcn\u00fc saat 20:30\u2019da Antalya T\u00fcrkan \u015eoray K\u00fclt\u00fcr Merkezi\u2019nde izlenebiliyor. Kendiyle dalga ge\u00e7en, yer yer d\u00fc\u015f\u00fcnd\u00fcren ama genel olarak samimi bir anlat\u0131m\u0131 var. Antalya\u2019da Ocak ay\u0131nda farkl\u0131 bir sahne i\u015fi izlemek isteyenler i\u00e7in ak\u0131lda kal\u0131c\u0131 bir se\u00e7enek.<\/p>\n\n\n\n<p><strong>Tarih: <\/strong>16 Ocak<\/p>\n\n\n\n<h3 class=\"wp-block-heading has-text-align-center has-neeon-button-dark-gray-color has-text-color has-link-color wp-elements-70dded4b3d6a3e8a3c8288595ab08d6d\"><span class=\"ez-toc-section\" id=\"le_trio_joubran_%e2%80%93_bursa\"><\/span><strong><strong><strong>Le Trio Joubran &#8211; Bursa<\/strong><\/strong><\/strong><span class=\"ez-toc-section-end\"><\/span><\/h3>\n\n\n\n<p>Le Trio Joubran, 13 Ocak Sal\u0131 g\u00fcn\u00fc saat 21:00\u2019de Bursa Merinos AKM Osmangazi Salonu\u2019nda sahne al\u0131yor. Ud a\u011f\u0131rl\u0131kl\u0131 bu konser, al\u0131\u015f\u0131lm\u0131\u015f konser formatlar\u0131n\u0131n biraz d\u0131\u015f\u0131nda kal\u0131yor. Daha sakin, daha derin bir m\u00fczik ak\u015fam\u0131 arayanlar i\u00e7in Bursa\u2019daki Ocak program\u0131nda \u00f6ne \u00e7\u0131kan i\u015flerden biri.<\/p>\n\n\n\n<p><strong>Tarih: <\/strong>13 Ocak<\/p>\n\n\n\n<h3 class=\"wp-block-heading has-text-align-center has-neeon-button-dark-gray-color has-text-color has-link-color wp-elements-7a12d6600b5fb28447c65e8f7367cddf\"><span class=\"ez-toc-section\" id=\"kurk_mantolu_madonna_%e2%80%93_samsun\"><\/span><strong><strong><strong>K\u00fcrk Mantolu Madonna &#8211; Samsun<\/strong><\/strong><\/strong><span class=\"ez-toc-section-end\"><\/span><\/h3>\n\n\n\n<p>Sabahattin Ali\u2019nin K\u00fcrk Mantolu Madonna roman\u0131ndan uyarlanan tiyatro oyunu, 25 Ocak Pazar ak\u015fam\u0131 saat 20:30\u2019da Samsun Atakum Belediyesi Ata Sahne\u2019de izleyiciyle bulu\u015fuyor. Roman\u0131 bilenler i\u00e7in tan\u0131d\u0131k bir hikaye, sahnede farkl\u0131 bir duyguyla kar\u015f\u0131l\u0131k buluyor.&nbsp;<\/p>\n\n\n\n<p><strong>Tarih: <\/strong>25 Ocak<\/p>\n\n\n\n<p>T\u00fcrkiye&#8217;nin d\u00f6rt bir yan\u0131nda ke\u015ffinizi bekleyen t\u00fcm bu etkinlikler yaln\u0131zca bir <strong><a href=\"https:\/\/www.turna.com\/ucak-bileti\">u\u00e7ak bileti <\/a><\/strong>uza\u011f\u0131n\u0131zda. \u015eimdi sanat dolu bir ocak ay\u0131 i\u00e7in ke\u015ffetmenin ve yola \u00e7\u0131kman\u0131n tam zaman\u0131!<\/p>\n\n\n\n<p><\/p>\n\n    <div class=\"xs_social_share_widget xs_share_url after_content \t\tmain_content  wslu-style-1 wslu-share-box-shaped wslu-fill-colored wslu-none wslu-share-horizontal wslu-theme-font-no wslu-main_content\">\n\n\t\t\n        <ul>\n\t\t\t        <\/ul>\n    <\/div> \n","protected":false},"excerpt":{"rendered":"<p>Yeni y\u0131l\u0131n ilk ay\u0131 genelde sakin ge\u00e7ecek san\u0131l\u0131r ama asl\u0131nda Ocak, etkinlik a\u00e7\u0131s\u0131ndan y\u0131l\u0131n en keyifli d\u00f6nemlerinden biri. Tatil kalabal\u0131klar\u0131 da\u011f\u0131lm\u0131\u015ft\u0131r, \u015fehirler biraz nefes alm\u0131\u015ft\u0131r ama sahneler bo\u015f kalmaz. Konser salonlar\u0131, tiyatrolar, k\u00fclt\u00fcr merkezleri yeni y\u0131l\u0131n enerjisiyle programlar\u0131n\u0131 pe\u015f pe\u015fe a\u00e7\u0131klar. So\u011fuk havalar bahanedir; iyi bir etkinlik varsa d\u0131\u015far\u0131 \u00e7\u0131kmak her zaman daha kolay olur. [&hellip;]<\/p>\n","protected":false},"author":45,"featured_media":23530,"comment_status":"open","ping_status":"open","sticky":false,"template":"","format":"standard","meta":{"rop_custom_images_group":[],"rop_custom_messages_group":[],"rop_publish_now":"initial","rop_publish_now_accounts":[],"rop_publish_now_history":[],"rop_publish_now_status":"pending","_cloudinary_featured_overwrite":false,"footnotes":""},"categories":[1],"tags":[],"class_list":["post-23529","post","type-post","status-publish","format-standard","has-post-thumbnail","hentry","category-seyahat-rehberi"],"_links":{"self":[{"href":"https:\/\/www.turna.com\/blog\/wp-json\/wp\/v2\/posts\/23529","targetHints":{"allow":["GET"]}}],"collection":[{"href":"https:\/\/www.turna.com\/blog\/wp-json\/wp\/v2\/posts"}],"about":[{"href":"https:\/\/www.turna.com\/blog\/wp-json\/wp\/v2\/types\/post"}],"author":[{"embeddable":true,"href":"https:\/\/www.turna.com\/blog\/wp-json\/wp\/v2\/users\/45"}],"replies":[{"embeddable":true,"href":"https:\/\/www.turna.com\/blog\/wp-json\/wp\/v2\/comments?post=23529"}],"version-history":[{"count":0,"href":"https:\/\/www.turna.com\/blog\/wp-json\/wp\/v2\/posts\/23529\/revisions"}],"wp:featuredmedia":[{"embeddable":true,"href":"https:\/\/www.turna.com\/blog\/wp-json\/wp\/v2\/media\/23530"}],"wp:attachment":[{"href":"https:\/\/www.turna.com\/blog\/wp-json\/wp\/v2\/media?parent=23529"}],"wp:term":[{"taxonomy":"category","embeddable":true,"href":"https:\/\/www.turna.com\/blog\/wp-json\/wp\/v2\/categories?post=23529"},{"taxonomy":"post_tag","embeddable":true,"href":"https:\/\/www.turna.com\/blog\/wp-json\/wp\/v2\/tags?post=23529"}],"curies":[{"name":"wp","href":"https:\/\/api.w.org\/{rel}","templated":true}]}}