{"id":23455,"date":"2024-12-02T13:56:45","date_gmt":"2024-12-02T10:56:45","guid":{"rendered":"https:\/\/www.turna.com\/blog\/?p=23455"},"modified":"2025-07-10T17:32:53","modified_gmt":"2025-07-10T14:32:53","slug":"dunyanin-en-gorkemli-yilbasi-agaclari","status":"publish","type":"post","link":"https:\/\/www.turna.com\/blog\/dunyanin-en-gorkemli-yilbasi-agaclari","title":{"rendered":"D\u00fcnyan\u0131n En G\u00f6rkemli Y\u0131lba\u015f\u0131 A\u011fa\u00e7lar\u0131"},"content":{"rendered":"<div id=\"ez-toc-container\" class=\"ez-toc-v2_0_82_2 counter-hierarchy ez-toc-counter ez-toc-black ez-toc-container-direction\">\n<div class=\"ez-toc-title-container\">\n<p class=\"ez-toc-title\" style=\"cursor:inherit\">\u0130\u00e7indekiler<\/p>\n<span class=\"ez-toc-title-toggle\"><a href=\"#\" class=\"ez-toc-pull-right ez-toc-btn ez-toc-btn-xs ez-toc-btn-default ez-toc-toggle\" aria-label=\"\u0130\u00e7indekiler Tablosunu A\u00e7\/Kapat\"><span class=\"ez-toc-js-icon-con\"><span class=\"\"><span class=\"eztoc-hide\" style=\"display:none;\">Toggle<\/span><span class=\"ez-toc-icon-toggle-span\"><svg style=\"fill: #ffffff;color:#ffffff\" xmlns=\"http:\/\/www.w3.org\/2000\/svg\" class=\"list-377408\" width=\"20px\" height=\"20px\" viewBox=\"0 0 24 24\" fill=\"none\"><path d=\"M6 6H4v2h2V6zm14 0H8v2h12V6zM4 11h2v2H4v-2zm16 0H8v2h12v-2zM4 16h2v2H4v-2zm16 0H8v2h12v-2z\" fill=\"currentColor\"><\/path><\/svg><svg style=\"fill: #ffffff;color:#ffffff\" class=\"arrow-unsorted-368013\" xmlns=\"http:\/\/www.w3.org\/2000\/svg\" width=\"10px\" height=\"10px\" viewBox=\"0 0 24 24\" version=\"1.2\" baseProfile=\"tiny\"><path d=\"M18.2 9.3l-6.2-6.3-6.2 6.3c-.2.2-.3.4-.3.7s.1.5.3.7c.2.2.4.3.7.3h11c.3 0 .5-.1.7-.3.2-.2.3-.5.3-.7s-.1-.5-.3-.7zM5.8 14.7l6.2 6.3 6.2-6.3c.2-.2.3-.5.3-.7s-.1-.5-.3-.7c-.2-.2-.4-.3-.7-.3h-11c-.3 0-.5.1-.7.3-.2.2-.3.5-.3.7s.1.5.3.7z\"\/><\/svg><\/span><\/span><\/span><\/a><\/span><\/div>\n<nav><ul class='ez-toc-list ez-toc-list-level-1 eztoc-toggle-hide-by-default' ><li class='ez-toc-page-1 ez-toc-heading-level-2'><a class=\"ez-toc-link ez-toc-heading-1\" href=\"https:\/\/www.turna.com\/blog\/dunyanin-en-gorkemli-yilbasi-agaclari\/#dunyanin_en_gorkemli_10_yilbasi_agaci\" >D\u00fcnyan\u0131n En G\u00f6rkemli 10 Y\u0131lba\u015f\u0131 A\u011fac\u0131<\/a><ul class='ez-toc-list-level-3' ><li class='ez-toc-heading-level-3'><a class=\"ez-toc-link ez-toc-heading-2\" href=\"https:\/\/www.turna.com\/blog\/dunyanin-en-gorkemli-yilbasi-agaclari\/#1_rockefeller_center_new_york_abd\" >1. Rockefeller Center, New York, ABD<\/a><\/li><li class='ez-toc-page-1 ez-toc-heading-level-3'><a class=\"ez-toc-link ez-toc-heading-3\" href=\"https:\/\/www.turna.com\/blog\/dunyanin-en-gorkemli-yilbasi-agaclari\/#2_st_peters_meydani_vatikan_italya\" >2. St. Peter&#8217;s Meydan\u0131, Vatikan, \u0130talya<\/a><\/li><li class='ez-toc-page-1 ez-toc-heading-level-3'><a class=\"ez-toc-link ez-toc-heading-4\" href=\"https:\/\/www.turna.com\/blog\/dunyanin-en-gorkemli-yilbasi-agaclari\/#3_osaka_japonya\" >3. Osaka, Japonya<\/a><\/li><li class='ez-toc-page-1 ez-toc-heading-level-3'><a class=\"ez-toc-link ez-toc-heading-5\" href=\"https:\/\/www.turna.com\/blog\/dunyanin-en-gorkemli-yilbasi-agaclari\/#4_emirates_palace_hotel_abu_dhabi_birlesik_arap_emirlikleri\" >4. Emirates Palace Hotel, Abu Dhabi, Birle\u015fik Arap Emirlikleri<\/a><\/li><li class='ez-toc-page-1 ez-toc-heading-level-3'><a class=\"ez-toc-link ez-toc-heading-6\" href=\"https:\/\/www.turna.com\/blog\/dunyanin-en-gorkemli-yilbasi-agaclari\/#5_palace_square_st_petersburg_rusya\" >5. Palace Square, St. Petersburg, Rusya<\/a><\/li><li class='ez-toc-page-1 ez-toc-heading-level-3'><a class=\"ez-toc-link ez-toc-heading-7\" href=\"https:\/\/www.turna.com\/blog\/dunyanin-en-gorkemli-yilbasi-agaclari\/#6_galeries_lafayette_paris_fransa\" >6. Galeries Lafayette, Paris, Fransa<\/a><\/li><li class='ez-toc-page-1 ez-toc-heading-level-3'><a class=\"ez-toc-link ez-toc-heading-8\" href=\"https:\/\/www.turna.com\/blog\/dunyanin-en-gorkemli-yilbasi-agaclari\/#7_trafalgar_meydani_londra_ingiltere\" >7. Trafalgar Meydan\u0131, Londra, \u0130ngiltere<\/a><\/li><li class='ez-toc-page-1 ez-toc-heading-level-3'><a class=\"ez-toc-link ez-toc-heading-9\" href=\"https:\/\/www.turna.com\/blog\/dunyanin-en-gorkemli-yilbasi-agaclari\/#8_kempinski_hotel_marbella_ispanya\" >8. Kempinski Hotel, Marbella, \u0130spanya<\/a><\/li><li class='ez-toc-page-1 ez-toc-heading-level-3'><a class=\"ez-toc-link ez-toc-heading-10\" href=\"https:\/\/www.turna.com\/blog\/dunyanin-en-gorkemli-yilbasi-agaclari\/#9_prag_cek_cumhuriyeti\" >9. Prag, \u00c7ek Cumhuriyeti<\/a><\/li><li class='ez-toc-page-1 ez-toc-heading-level-3'><a class=\"ez-toc-link ez-toc-heading-11\" href=\"https:\/\/www.turna.com\/blog\/dunyanin-en-gorkemli-yilbasi-agaclari\/#10_aachener_weihnachtsmarkt_aachen_almanya\" >10. Aachener Weihnachtsmarkt, Aachen, Almanya<\/a><\/li><\/ul><\/li><\/ul><\/nav><\/div>\n\n<p>Yeni y\u0131l, geride kalan 365 g\u00fcne veda etti\u011fimiz, ge\u00e7mi\u015fin an\u0131lar\u0131n\u0131 u\u011furlay\u0131p gelece\u011fe umutla bakt\u0131\u011f\u0131m\u0131z b\u00fcy\u00fcl\u00fc bir zaman dilimi. Ge\u00e7mi\u015fin hat\u0131ralar\u0131na veda ederken, yepyeni ba\u015flang\u0131\u00e7lara a\u00e7\u0131lan bu d\u00f6nemde bizi kar\u015f\u0131layan en g\u00f6rkemli simge ise hi\u00e7 \u015f\u00fcphesiz rengarenk y\u0131lba\u015f\u0131 a\u011fa\u00e7lar\u0131 oluyor. Zarafeti, \u0131\u015f\u0131\u011f\u0131 ve g\u00f6z al\u0131c\u0131 s\u00fcslemeleriyle g\u00f6rsel bir \u015f\u00f6lenin kap\u0131lar\u0131n\u0131 aralayan bu a\u011fa\u00e7lar, sadece yeni bir y\u0131l\u0131n de\u011fil, ayn\u0131 zamanda bir araya gelmenin, payla\u015fman\u0131n ve taze umutlar\u0131n da sembol\u00fc oluyor. D\u00fcnyan\u0131n d\u00f6rt bir yan\u0131nda farkl\u0131 tasar\u0131mlar\u0131 ve incelikli s\u00fcsleme detaylar\u0131yla be\u011feni toplayan en g\u00f6rkemli y\u0131lba\u015f\u0131 a\u011fa\u00e7lar\u0131 yaz\u0131n\u0131n devam\u0131nda ke\u015ffinizi bekliyor.<br><\/p>\n\n\n\n<h2 class=\"wp-block-heading has-text-align-center has-neeon-button-dark-gray-color has-text-color has-link-color wp-elements-653f3db80466eb5a865db146f848cadc\"><span class=\"ez-toc-section\" id=\"dunyanin_en_gorkemli_10_yilbasi_agaci\"><\/span><strong><strong>D\u00fcnyan\u0131n En G\u00f6rkemli 10 Y\u0131lba\u015f\u0131 A\u011fac\u0131<\/strong><\/strong><span class=\"ez-toc-section-end\"><\/span><\/h2>\n\n\n\n<p>Yeni y\u0131l\u0131n b\u00fcy\u00fcs\u00fcn\u00fc ve umutlar\u0131n\u0131 yans\u0131tan y\u0131lba\u015f\u0131 a\u011fa\u00e7lar\u0131, adeta hayal g\u00fcc\u00fcm\u00fcz\u00fc harekete ge\u00e7iren g\u00f6rkemli sanat eserleri gibi par\u0131ld\u0131yor. Her biri kendi hikayesini ve co\u015fkusunu ta\u015f\u0131yan bu a\u011fa\u00e7lar, yeni y\u0131l\u0131n \u0131\u015f\u0131lt\u0131s\u0131n\u0131 en renkli ve co\u015fkulu \u015fekilde yans\u0131t\u0131yor. E\u011fer \u0131\u015f\u0131klarla bezenmi\u015f bu b\u00fcy\u00fcl\u00fc d\u00fcnyaya ad\u0131m atmaya haz\u0131rsan\u0131z, i\u015fte kar\u015f\u0131n\u0131zda, d\u00fcnyan\u0131n en etkileyici 10 y\u0131lba\u015f\u0131 a\u011fac\u0131!<\/p>\n\n\n\n<h3 class=\"wp-block-heading has-text-align-center has-neeon-button-dark-gray-color has-text-color has-link-color wp-elements-22e56309cd4456d5208c8bc439ef037b\"><span class=\"ez-toc-section\" id=\"1_rockefeller_center_new_york_abd\"><\/span><strong><strong><strong>1. Rockefeller Center, New York, ABD<\/strong><\/strong><\/strong><span class=\"ez-toc-section-end\"><\/span><\/h3>\n\n\n\n<figure class=\"wp-block-image size-large\"><img decoding=\"async\" src=\"https:\/\/res.cloudinary.com\/turna\/image\/upload\/v1733130817\/wordpress-contents\/Rockefeller_Center.png\" alt=\"\"\/><\/figure>\n\n\n\n<p>New York\u2019un kalbinde, Manhattan\u2019\u0131n kozmopolit atmosferini ayd\u0131nlatan Rockefeller Center y\u0131lba\u015f\u0131 a\u011fac\u0131, bu gelene\u011fin en \u00f6nemli simgeleri aras\u0131nda yer al\u0131yor. 1931 y\u0131l\u0131nda ba\u015flayan bir gelenekle her y\u0131l se\u00e7ilen en g\u00f6steri\u015fli Norve\u00e7 ladininin her k\u00f6\u015fesi en \u00f6zel detaylarla s\u00fcsleniyor. Bu ikonik a\u011fac\u0131n tepesindeki Swarovski kristalleriyle bezeli y\u0131ld\u0131z ise s\u00fcslemelerin en ilgi \u00e7ekici detaylar\u0131 aras\u0131nda yer al\u0131yor. A\u011fac\u0131n \u00e7evresindeki buz pateni pisti de \u015fehrin k\u0131\u015f ruhunu e\u015fsiz bir uyumla tamaml\u0131yor. Aral\u0131k ay\u0131n\u0131n serin g\u00fcnlerinde bu a\u011fac\u0131n \u00f6n\u00fcnde bir foto\u011fraf \u00e7ekmek, burada vakit ge\u00e7irmek, New York\u2019u ke\u015ffetmenin olmazsa olmazlar\u0131 aras\u0131nda yer al\u0131yor. Rockefeller Center a\u011fac\u0131, sadece bir y\u0131lba\u015f\u0131 simgesi de\u011fil, New York\u2019un her daim parlayan enerjisinin bir yans\u0131mas\u0131 olarak kabul g\u00f6r\u00fcyor.<\/p>\n\n\n\n<p>New York \u015fehrini ziyaret edip, renkli sokaklar\u0131nda keyifli zamanlar ge\u00e7irmek istiyorsan\u0131z, <strong><a href=\"https:\/\/www.turna.com\/ucak-bileti\/new-york\">New York u\u00e7ak bileti<\/a><\/strong> kampanyalar\u0131n\u0131 de\u011ferlendirebilirsiniz.<\/p>\n\n\n\n<h3 class=\"wp-block-heading has-text-align-center has-neeon-button-dark-gray-color has-text-color has-link-color wp-elements-da3715295314479980d42a8083a16c97\"><span class=\"ez-toc-section\" id=\"2_st_peters_meydani_vatikan_italya\"><\/span><strong><strong><strong>2. St. Peter&#8217;s Meydan\u0131, Vatikan, \u0130talya<\/strong><\/strong><\/strong><span class=\"ez-toc-section-end\"><\/span><\/h3>\n\n\n\n<figure class=\"wp-block-image size-full\"><img width=\"800\" height=\"500\" data-public-id=\"Dunyanin-En-Kucuk-Ulkeleri-Vatikan_hktm7v\/Dunyanin-En-Kucuk-Ulkeleri-Vatikan_hktm7v.jpg\" fetchpriority=\"high\" decoding=\"async\" src=\"https:\/\/res.cloudinary.com\/turna\/images\/w_800,h_500,c_scale\/f_auto,q_auto\/f_auto,q_auto:low\/v1546688595\/Dunyanin-En-Kucuk-Ulkeleri-Vatikan_hktm7v\/Dunyanin-En-Kucuk-Ulkeleri-Vatikan_hktm7v.jpg?_i=AA\" alt=\"\" class=\"wp-post-23455 wp-image-15219\" data-format=\"jpg\" data-transformations=\"f_auto,q_auto\/f_auto,q_auto:low\" data-version=\"1546688595\" data-seo=\"1\" srcset=\"https:\/\/res.cloudinary.com\/turna\/images\/f_auto,q_auto\/f_auto,q_auto\/f_auto,q_auto:low\/v1546688595\/Dunyanin-En-Kucuk-Ulkeleri-Vatikan_hktm7v\/Dunyanin-En-Kucuk-Ulkeleri-Vatikan_hktm7v.jpg?_i=AA 800w, https:\/\/res.cloudinary.com\/turna\/images\/w_300,h_188,c_scale\/f_auto,q_auto\/f_auto,q_auto\/f_auto,q_auto:low\/v1546688595\/Dunyanin-En-Kucuk-Ulkeleri-Vatikan_hktm7v\/Dunyanin-En-Kucuk-Ulkeleri-Vatikan_hktm7v.jpg?_i=AA 300w, https:\/\/res.cloudinary.com\/turna\/images\/w_672,h_420,c_scale\/f_auto,q_auto\/f_auto,q_auto\/f_auto,q_auto:low\/v1546688595\/Dunyanin-En-Kucuk-Ulkeleri-Vatikan_hktm7v\/Dunyanin-En-Kucuk-Ulkeleri-Vatikan_hktm7v.jpg?_i=AA 672w, https:\/\/res.cloudinary.com\/turna\/images\/w_640,h_400,c_scale\/f_auto,q_auto\/f_auto,q_auto\/f_auto,q_auto:low\/v1546688595\/Dunyanin-En-Kucuk-Ulkeleri-Vatikan_hktm7v\/Dunyanin-En-Kucuk-Ulkeleri-Vatikan_hktm7v.jpg?_i=AA 640w, https:\/\/res.cloudinary.com\/turna\/images\/w_681,h_426,c_scale\/f_auto,q_auto\/f_auto,q_auto\/f_auto,q_auto:low\/v1546688595\/Dunyanin-En-Kucuk-Ulkeleri-Vatikan_hktm7v\/Dunyanin-En-Kucuk-Ulkeleri-Vatikan_hktm7v.jpg?_i=AA 681w\" sizes=\"(max-width: 800px) 100vw, 800px\" \/><\/figure>\n\n\n\n<p>Vatikan\u2019\u0131n ruhani kalbi olarak kabul g\u00f6ren St. Peter&#8217;s Meydan\u0131, yeni y\u0131l d\u00f6neminde d\u00fcnyan\u0131n d\u00f6rt bir yan\u0131ndan gelen ziyaret\u00e7ileri b\u00fcy\u00fcleyen bir \u0131\u015f\u0131k \u015f\u00f6lenine ev sahipli\u011fi yap\u0131yor. Her y\u0131l Aral\u0131k ay\u0131nda kurulan devasa y\u0131lba\u015f\u0131 a\u011fac\u0131, kutsall\u0131\u011f\u0131n ve co\u015fkunun bulu\u015fma noktas\u0131n\u0131 simgeliyor. Bu g\u00f6rkemli a\u011fa\u00e7, \u0130talya\u2019n\u0131n farkl\u0131 b\u00f6lgelerinden b\u00fcy\u00fck bir \u00f6zenle se\u00e7iliyor ve a\u011fac\u0131n etraf\u0131n\u0131 s\u00fcsleyen \u0131\u015f\u0131klar, Vatikan\u2019\u0131n ihti\u015faml\u0131 mimarisini ayd\u0131nlat\u0131yor. I\u015f\u0131klar\u0131n g\u00f6z kama\u015ft\u0131rd\u0131\u011f\u0131 bu kutsal alan, y\u0131lba\u015f\u0131nda d\u00fcnyan\u0131n d\u00f6rt bir yan\u0131ndaki insanlarla ayn\u0131 co\u015fkuyu payla\u015fmak i\u00e7in e\u015fsiz bir durak oluyor. <a href=\"https:\/\/www.turna.com\/ucak-bileti\/italya\"><strong>\u0130talya u\u00e7ak bileti<\/strong><\/a> se\u00e7enekleri Turna.com\u2019da ke\u015ffinizi bekliyor.<\/p>\n\n\n\n<h3 class=\"wp-block-heading has-text-align-center has-neeon-button-dark-gray-color has-text-color has-link-color wp-elements-2e5100c1bf475def810131bdef971fe1\"><span class=\"ez-toc-section\" id=\"3_osaka_japonya\"><\/span><strong><strong><strong>3. Osaka, Japonya<\/strong><\/strong><\/strong><span class=\"ez-toc-section-end\"><\/span><\/h3>\n\n\n\n<figure class=\"wp-block-image size-large\"><img width=\"1600\" height=\"1000\" decoding=\"async\" src=\"data:image\/svg+xml;base64,PHN2ZyB4bWxucz0iaHR0cDovL3d3dy53My5vcmcvMjAwMC9zdmciIHdpZHRoPSIxNjAwIiBoZWlnaHQ9IjEwMDAiPjxyZWN0IHdpZHRoPSIxMDAlIiBoZWlnaHQ9IjEwMCUiPjxhbmltYXRlIGF0dHJpYnV0ZU5hbWU9ImZpbGwiIHZhbHVlcz0icmdiYSgxNTMsMTUzLDE1MywwLjUpO3JnYmEoMTUzLDE1MywxNTMsMC4xKTtyZ2JhKDE1MywxNTMsMTUzLDAuNSkiIGR1cj0iMnMiIHJlcGVhdENvdW50PSJpbmRlZmluaXRlIiAvPjwvcmVjdD48L3N2Zz4=\" alt=\"\" data-public-id=\"wordpress-contents\/noel\/noel.png\" class=\"wp-post-23455 wp-image-23509\" data-format=\"png\" data-transformations=\"f_auto,q_auto:low\" data-version=\"1733132651\" data-seo=\"1\" data-size=\"1600 1000\" data-srcset=\"https:\/\/res.cloudinary.com\/turna\/images\/f_auto,q_auto:low\/v1733132651\/wordpress-contents\/noel\/noel.png?_i=AA 1600w, https:\/\/res.cloudinary.com\/turna\/images\/w_800,h_500,c_scale\/f_auto,q_auto:low\/v1733132651\/wordpress-contents\/noel\/noel.png?_i=AA 800w, https:\/\/res.cloudinary.com\/turna\/images\/w_1024,h_640,c_scale\/f_auto,q_auto:low\/v1733132651\/wordpress-contents\/noel\/noel.png?_i=AA 1024w, https:\/\/res.cloudinary.com\/turna\/images\/w_300,h_188,c_scale\/f_auto,q_auto:low\/v1733132651\/wordpress-contents\/noel\/noel.png?_i=AA 300w, https:\/\/res.cloudinary.com\/turna\/images\/w_1536,h_960,c_scale\/f_auto,q_auto:low\/v1733132651\/wordpress-contents\/noel\/noel.png?_i=AA 1536w, https:\/\/res.cloudinary.com\/turna\/images\/w_672,h_420,c_scale\/f_auto,q_auto:low\/v1733132651\/wordpress-contents\/noel\/noel.png?_i=AA 672w, https:\/\/res.cloudinary.com\/turna\/images\/w_640,h_400,c_scale\/f_auto,q_auto:low\/v1733132651\/wordpress-contents\/noel\/noel.png?_i=AA 640w, https:\/\/res.cloudinary.com\/turna\/images\/w_681,h_426,c_scale\/f_auto,q_auto:low\/v1733132651\/wordpress-contents\/noel\/noel.png?_i=AA 681w\" data-sizes=\"(max-width: 1600px) 100vw, 1600px\" data-delivery=\"upload\" onload=\";window.CLDBind?CLDBind(this):null;\" data-cloudinary=\"lazy\" \/><\/figure>\n\n\n\n<p>Osaka, Japonya, y\u0131lba\u015f\u0131 ruhunu teknoloji ve gelenekle harmanlayan bir kutlama merkezi olarak parl\u0131yor. \u015eehrin g\u00f6zde noktalar\u0131ndan Osaka Universal Studios, her y\u0131l Guinness Rekorlar Kitab\u0131\u2019na giren devasa y\u0131lba\u015f\u0131 a\u011fac\u0131yla ziyaret\u00e7ileri b\u00fcy\u00fcl\u00fcyor. Y\u00fcz binlerce LED \u0131\u015f\u0131kla donat\u0131lm\u0131\u015f bu a\u011fa\u00e7, g\u00f6rkemli \u0131\u015f\u0131k senkronizasyonlar\u0131 ve s\u00fcrekli de\u011fi\u015fen renkleriyle bir \u0131\u015f\u0131k \u015f\u00f6leni sunuyor.<\/p>\n\n\n\n<p>A\u011fac\u0131n tasar\u0131m\u0131nda da Japonya\u2019n\u0131n zarif s\u00fcsleme detaylar\u0131na rastlan\u0131yor. A\u011fac\u0131n s\u00fcslemelerinde origami \u015fekilleri, geleneksel \u00e7i\u00e7ek motifleri ve modern minimalizm bir arada kullan\u0131larak k\u00fclt\u00fcrel bir \u015f\u00f6len yarat\u0131l\u0131yor. \u00d6zellikle gece yar\u0131s\u0131 ger\u00e7ekle\u015fen \u0131\u015f\u0131k g\u00f6sterisi, yeni y\u0131l\u0131n co\u015fkusunu zirveye ta\u015f\u0131yor ve Osaka\u2019y\u0131 y\u0131lba\u015f\u0131nda mutlaka g\u00f6r\u00fclmesi gereken destinasyonlardan biri yap\u0131yor. Siz de bu renkli destinasyonu ke\u015ffetmek istiyorsan\u0131z, <a href=\"https:\/\/www.turna.com\/ucak-bileti\/osaka\"><strong>Osaka u\u00e7ak bileti<\/strong><\/a> se\u00e7enekleri i\u00e7in websitemize g\u00f6z atmay\u0131 unutmay\u0131n.<\/p>\n\n\n\n<h3 class=\"wp-block-heading has-text-align-center has-neeon-button-dark-gray-color has-text-color has-link-color wp-elements-9cb4e2e744e80c284cb6d2def479277e\"><span class=\"ez-toc-section\" id=\"4_emirates_palace_hotel_abu_dhabi_birlesik_arap_emirlikleri\"><\/span><strong><strong><strong>4. Emirates Palace Hotel, Abu Dhabi, Birle\u015fik Arap Emirlikleri<\/strong><\/strong><\/strong><span class=\"ez-toc-section-end\"><\/span><\/h3>\n\n\n\n<p>Emirates Palace Hotel, Abu Dhabi\u2019de l\u00fcks ve ihti\u015fam, y\u0131lba\u015f\u0131 ruhuyla bulu\u015fuyor. Bu b\u00fcy\u00fcleyici otel, her y\u0131l d\u00fcnyan\u0131n en pahal\u0131 ve en g\u00f6rkemli y\u0131lba\u015f\u0131 a\u011fac\u0131yla konuklar\u0131na g\u00f6rsel bir \u015f\u00f6len vadediyor. Alt\u0131n ve g\u00fcm\u00fc\u015f kaplamalarla s\u00fcslenmi\u015f, inciler, z\u00fcmr\u00fctler ve elmaslarla bezenmi\u015f bu devasa a\u011fa\u00e7, yaln\u0131zca bir y\u0131lba\u015f\u0131 dekorasyonu de\u011fil, ayn\u0131 zamanda zarafetin ve zenginli\u011fin bir simgesi olarak \u00f6ne \u00e7\u0131k\u0131yor. <\/p>\n\n\n\n<p>A\u011fa\u00e7, Emirates Palace\u2019\u0131n ihti\u015faml\u0131 lobisinde yer al\u0131yor ve \u00e7evresini saran \u0131\u015f\u0131lt\u0131l\u0131 s\u00fcslemeler otelin ihti\u015fam\u0131n\u0131 bir kat daha art\u0131r\u0131yor. Alt\u0131nda yer alan, l\u00fcks hediyelerle dolu \u00f6zel k\u00f6\u015fe ise misafirlere benzersiz bir al\u0131\u015fveri\u015f deneyimi sunuyor. Y\u0131lba\u015f\u0131 a\u011fac\u0131n\u0131n \u00e7evresinde d\u00fczenlenen canl\u0131 m\u00fczik etkinlikleri, \u00f6zel ak\u015fam yemekleri ve g\u00f6rkemli g\u00f6steriler, bu deneyimi daha da unutulmaz hale getiriyor. Siz de bu l\u00fcks ve \u00e7arp\u0131c\u0131 deneyimi ya\u015famak istiyorsan\u0131z, <a href=\"https:\/\/www.turna.com\/ucak-bileti\/abu-dhabi\"><strong>Abu Dhabi u\u00e7ak bileti<\/strong><\/a> alternatiflerini Turna.com ayr\u0131cal\u0131klar\u0131yla ke\u015ffedin!<\/p>\n\n\n\n<h3 class=\"wp-block-heading has-text-align-center has-neeon-button-dark-gray-color has-text-color has-link-color wp-elements-fb7bf08deec3547b294af5a77b0cc972\"><span class=\"ez-toc-section\" id=\"5_palace_square_st_petersburg_rusya\"><\/span><strong><strong><strong>5. Palace Square, St. Petersburg, Rusya<\/strong><\/strong><\/strong><span class=\"ez-toc-section-end\"><\/span><\/h3>\n\n\n\n<figure class=\"wp-block-image size-large\"><img decoding=\"async\" src=\"https:\/\/res.cloudinary.com\/turna\/image\/upload\/v1733133326\/wordpress-contents\/rusya_noel.png\" alt=\"\"\/><\/figure>\n\n\n\n<p>Palace Square, St. Petersburg, y\u0131lba\u015f\u0131 ruhunun tarihi bir ihti\u015famla bulu\u015ftu\u011fu b\u00fcy\u00fcleyici bir nokta olarak dikkat \u00e7ekiyor. Bu g\u00f6rkemli meydan, k\u0131\u015f aylar\u0131nda Rusya\u2019n\u0131n zarif mimarisi ve so\u011fuk kuzey \u0131\u015f\u0131klar\u0131yla adeta bir masal diyar\u0131na d\u00f6n\u00fc\u015f\u00fcyor. Meydan\u0131n merkezine dikilen devasa y\u0131lba\u015f\u0131 a\u011fac\u0131 da yaln\u0131zca s\u00fcslemeleriyle de\u011fil, arka plandaki K\u0131\u015f Saray\u0131 ve Hermitage M\u00fczesi\u2019nin tarihi dokusuyla da g\u00f6z kama\u015ft\u0131r\u0131yor. <\/p>\n\n\n\n<p>A\u011fa\u00e7, St. Petersburg\u2019un k\u00fclt\u00fcrel zenginli\u011fini yans\u0131tan zarif \u0131\u015f\u0131klarla ve geleneksel Rus motifleriyle bezeniyor. \u00c7evresindeki a\u00e7\u0131k hava buz pateni pisti ve s\u0131cak i\u00e7ecek stantlar\u0131, hem turistlere hem de yerel halka e\u015fsiz bir kutlama atmosferi sunuyor. Palace Square\u2019de y\u0131lba\u015f\u0131 kutlamas\u0131, yaln\u0131zca yeni bir y\u0131l\u0131n ba\u015flang\u0131c\u0131 de\u011fil, ayn\u0131 zamanda Rusya\u2019n\u0131n zarafetini ve k\u00fclt\u00fcrel miras\u0131n\u0131 tan\u0131mak i\u00e7in de e\u015fsiz bir deneyim vadediyor. <a href=\"https:\/\/www.turna.com\/ucak-bileti\/rusya\"><strong>Rusya u\u00e7ak bileti<\/strong><\/a> alternatiflerini inceleyerek, bu ilgi \u00e7ekici deneyim i\u00e7in ilk ad\u0131m\u0131 atmay\u0131 sak\u0131n unutmay\u0131n.<\/p>\n\n\n\n<h3 class=\"wp-block-heading has-text-align-center has-neeon-button-dark-gray-color has-text-color has-link-color wp-elements-7713c25e3c9ca02f243c8131404427bf\"><span class=\"ez-toc-section\" id=\"6_galeries_lafayette_paris_fransa\"><\/span><strong><strong><strong>6. Galeries Lafayette, Paris, Fransa<\/strong><\/strong><\/strong><span class=\"ez-toc-section-end\"><\/span><\/h3>\n\n\n\n<figure class=\"wp-block-image size-full\"><img width=\"800\" height=\"500\" data-public-id=\"Paris-Newyear_wbt3tn\/Paris-Newyear_wbt3tn.jpg\" decoding=\"async\" src=\"https:\/\/res.cloudinary.com\/turna\/images\/w_800,h_500,c_scale\/f_auto,q_auto:low\/v1482515329\/Paris-Newyear_wbt3tn\/Paris-Newyear_wbt3tn.jpg?_i=AA\" alt=\"\" class=\"wp-post-23455 wp-image-5822\" data-format=\"jpg\" data-transformations=\"f_auto,q_auto:low\" data-version=\"1482515329\" data-seo=\"1\" srcset=\"https:\/\/res.cloudinary.com\/turna\/images\/f_auto,q_auto:low\/v1482515329\/Paris-Newyear_wbt3tn\/Paris-Newyear_wbt3tn.jpg?_i=AA 800w, https:\/\/res.cloudinary.com\/turna\/images\/w_300,h_188,c_scale\/f_auto,q_auto:low\/v1482515329\/Paris-Newyear_wbt3tn\/Paris-Newyear_wbt3tn.jpg?_i=AA 300w, https:\/\/res.cloudinary.com\/turna\/images\/w_672,h_420,c_scale\/f_auto,q_auto:low\/v1482515329\/Paris-Newyear_wbt3tn\/Paris-Newyear_wbt3tn.jpg?_i=AA 672w, https:\/\/res.cloudinary.com\/turna\/images\/w_640,h_400,c_scale\/f_auto,q_auto:low\/v1482515329\/Paris-Newyear_wbt3tn\/Paris-Newyear_wbt3tn.jpg?_i=AA 640w, https:\/\/res.cloudinary.com\/turna\/images\/w_681,h_426,c_scale\/f_auto,q_auto:low\/v1482515329\/Paris-Newyear_wbt3tn\/Paris-Newyear_wbt3tn.jpg?_i=AA 681w\" sizes=\"(max-width: 800px) 100vw, 800px\" \/><\/figure>\n\n\n\n<p>Galeries Lafayette\u2019nin b\u00fcy\u00fcleyici kubbesi alt\u0131nda y\u00fckselen y\u0131lba\u015f\u0131 a\u011fac\u0131, Paris\u2019in zarafet ve ihti\u015fam\u0131n\u0131 simgeliyor. Her y\u0131l farkl\u0131 bir temayla haz\u0131rlanan bu a\u011fa\u00e7, bir nevi yarat\u0131c\u0131 bir sanat eseri olarak kar\u015f\u0131m\u0131za \u00e7\u0131k\u0131yor. Paris\u2019in moda ve estetik anlay\u0131\u015f\u0131n\u0131 yans\u0131tan bu \u00f6zel a\u011fa\u00e7, g\u00f6rkemli s\u00fcslemeleri, par\u0131ldayan \u0131\u015f\u0131klar\u0131 ve detayl\u0131 tasar\u0131m\u0131yla ziyaret\u00e7ileri kendine hayran b\u0131rak\u0131yor ve Galeries Lafayette\u2019nin \u00fcnl\u00fc vitray tavan\u0131n\u0131n alt\u0131na tam anlam\u0131yla muhte\u015fem bir uyumla yerle\u015fiyor. <\/p>\n\n\n\n<p>A\u011fa\u00e7, g\u00fcnd\u00fczleri al\u0131\u015fveri\u015f yapanlar\u0131n g\u00f6zlerini kama\u015ft\u0131r\u0131rken, geceleri d\u00fczenlenen \u0131\u015f\u0131k g\u00f6sterileriyle bir g\u00f6rsel \u015f\u00f6lenin kap\u0131lar\u0131n\u0131 aral\u0131yor. Paris\u2019in b\u00fcy\u00fcs\u00fcn\u00fc ve Galeries Lafayette\u2019nin yarat\u0131c\u0131l\u0131\u011f\u0131n\u0131 bir araya getiren bu y\u0131lba\u015f\u0131 a\u011fac\u0131n\u0131 ke\u015ffetmek i\u00e7in websitemizden <a href=\"https:\/\/www.turna.com\/ucak-bileti\/paris\"><strong>Paris u\u00e7ak bileti<\/strong><\/a> se\u00e7eneklerine g\u00f6z atmay\u0131 unutmay\u0131n.<\/p>\n\n\n\n<h3 class=\"wp-block-heading has-text-align-center has-neeon-button-dark-gray-color has-text-color has-link-color wp-elements-280d2cf67e0bcad810b52939e28f7090\"><span class=\"ez-toc-section\" id=\"7_trafalgar_meydani_londra_ingiltere\"><\/span><strong><strong><strong>7. Trafalgar Meydan\u0131, Londra, \u0130ngiltere<\/strong><\/strong><\/strong><span class=\"ez-toc-section-end\"><\/span><\/h3>\n\n\n\n<figure class=\"wp-block-image size-large\"><img decoding=\"async\" src=\"https:\/\/res.cloudinary.com\/turna\/image\/upload\/v1733134394\/wordpress-contents\/y%C4%B1lba%C5%9F%C4%B1_a%C4%9Fac%C4%B1.png\" alt=\"\"\/><\/figure>\n\n\n\n<p>Londra&#8217;n\u0131n y\u0131lba\u015f\u0131 ruhu, Trafalgar Meydan\u0131&#8217;nda g\u00f6rkemli bir \u015fekilde sergilenen y\u0131lba\u015f\u0131 a\u011fac\u0131yla hayat buluyor. Her y\u0131l Norve\u00e7\u2019in Oslo \u015fehri taraf\u0131ndan \u0130ngiltere\u2019ye hediye edilen bu a\u011fa\u00e7, dostluk ve bar\u0131\u015f\u0131n bir sembol\u00fc olarak \u015fehrin tam kalbinde y\u00fckseliyor. Trafalgar Meydan\u0131\u2019n\u0131n tarihi dokusuyla b\u00fct\u00fcnle\u015fen bu a\u011fa\u00e7, geleneksel \u0131\u015f\u0131kland\u0131rmas\u0131 ve minimalist tasar\u0131m\u0131yla be\u011feni topluyor. A\u011fa\u00e7 \u00e7evresinde d\u00fczenlenen y\u0131lba\u015f\u0131 \u015fark\u0131lar\u0131 etkinlikleri ve meydan\u0131n canl\u0131 atmosferi de Londra\u2019da yeni y\u0131l kutlamalar\u0131n\u0131 unutulmaz bir deneyime d\u00f6n\u00fc\u015ft\u00fcr\u00fcyor. Modern metropol\u00fcn tarihi dokuyla harmanland\u0131\u011f\u0131 bu noktada, Londra\u2019n\u0131n b\u00fcy\u00fcs\u00fcn\u00fc ve y\u0131lba\u015f\u0131 co\u015fkusunu tam anlam\u0131yla ya\u015famak i\u00e7in avantajl\u0131 <strong><a href=\"https:\/\/www.turna.com\/ucak-bileti\/londra\">Londra u\u00e7ak bileti<\/a><\/strong> alternatifleri Turna.com\u2019da!<\/p>\n\n\n\n<h3 class=\"wp-block-heading has-text-align-center has-neeon-button-dark-gray-color has-text-color has-link-color wp-elements-c5dad0a909ef343f1180f6ae89f2e907\"><span class=\"ez-toc-section\" id=\"8_kempinski_hotel_marbella_ispanya\"><\/span><strong><strong><strong>8. Kempinski Hotel, Marbella, \u0130spanya<\/strong><\/strong><\/strong><span class=\"ez-toc-section-end\"><\/span><\/h3>\n\n\n\n<p>Kempinski Hotel, Marbella, y\u0131lba\u015f\u0131 sezonunda \u0130spanya\u2019n\u0131n zarafet ve l\u00fcks simgesi haline geliyor. \u0130spanya\u2019n\u0131n g\u00fcne\u015fli Costa del Sol b\u00f6lgesinde konumlanan bu otel, her y\u0131l misafirlerini b\u00fcy\u00fcleyici bir y\u0131lba\u015f\u0131 a\u011fac\u0131 ile kar\u015f\u0131l\u0131yor. Ancak bu a\u011fac\u0131 \u00f6zel k\u0131lan \u015fey, sadece boyutu ya da s\u00fcslemeleri de\u011fil; ayn\u0131 zamanda bulundu\u011fu atmosferin sundu\u011fu s\u0131cakl\u0131k. Kempinski\u2019nin g\u00f6rkemli lobisinde y\u00fckselen y\u0131lba\u015f\u0131 a\u011fac\u0131, \u0130spanyol sanat\u0131n\u0131 ve Akdeniz\u2019in do\u011fal g\u00fczelliklerini par\u0131lt\u0131l\u0131 alt\u0131n tonlar\u0131nda s\u00fcslemeler ve zarif \u0131\u015f\u0131kland\u0131rmalarla bulu\u015fturuyor. Her dal\u0131na ili\u015ftirilen dekorasyonlarda \u0130spanya\u2019n\u0131n yerel el i\u015f\u00e7ili\u011finin izlerini g\u00f6rmek m\u00fcmk\u00fcn oluyor ve zeytin dallar\u0131n\u0131 an\u0131msatan detaylar ve el yap\u0131m\u0131 seramik s\u00fcsler bu g\u00f6rsel \u015f\u00f6lenin ayr\u0131lmaz bir par\u00e7as\u0131 oluyor. <\/p>\n\n\n\n<p>Marbella\u2019n\u0131n \u0131l\u0131k k\u0131\u015f ak\u015famlar\u0131nda Kempinski Hotel\u2019in bah\u00e7esinde d\u00fczenlenen y\u0131lba\u015f\u0131 etkinliklerine kat\u0131lman\u0131z i\u00e7in avantajl\u0131 <a href=\"https:\/\/www.turna.com\/ucak-bileti\/ispanya\"><strong>\u0130spanya u\u00e7ak bileti <\/strong><\/a>alternatifleri Turna.com\u2019da ke\u015ffinizi bekliyor.<\/p>\n\n\n\n<h3 class=\"wp-block-heading has-text-align-center has-neeon-button-dark-gray-color has-text-color has-link-color wp-elements-dfb103f3920d4b4c7b70a78f5d4f7583\"><span class=\"ez-toc-section\" id=\"9_prag_cek_cumhuriyeti\"><\/span><strong><strong><strong>9. Prag, \u00c7ek Cumhuriyeti<\/strong><\/strong><\/strong><span class=\"ez-toc-section-end\"><\/span><\/h3>\n\n\n\n<figure class=\"wp-block-image size-full is-resized\"><img width=\"800\" height=\"500\" data-public-id=\"Prag_byrsx9\/Prag_byrsx9.jpg\" decoding=\"async\" src=\"https:\/\/res.cloudinary.com\/turna\/images\/w_800,h_500,c_scale\/f_auto,q_auto:low\/v1485196035\/Prag_byrsx9\/Prag_byrsx9.jpg?_i=AA\" alt=\"\" class=\"wp-post-23455 wp-image-6184\" style=\"width:670px;height:auto\" data-format=\"jpg\" data-transformations=\"f_auto,q_auto:low\" data-version=\"1485196035\" data-seo=\"1\" srcset=\"https:\/\/res.cloudinary.com\/turna\/images\/f_auto,q_auto:low\/v1485196035\/Prag_byrsx9\/Prag_byrsx9.jpg?_i=AA 800w, https:\/\/res.cloudinary.com\/turna\/images\/w_300,h_188,c_scale\/f_auto,q_auto:low\/v1485196035\/Prag_byrsx9\/Prag_byrsx9.jpg?_i=AA 300w, https:\/\/res.cloudinary.com\/turna\/images\/w_672,h_420,c_scale\/f_auto,q_auto:low\/v1485196035\/Prag_byrsx9\/Prag_byrsx9.jpg?_i=AA 672w, https:\/\/res.cloudinary.com\/turna\/images\/w_640,h_400,c_scale\/f_auto,q_auto:low\/v1485196035\/Prag_byrsx9\/Prag_byrsx9.jpg?_i=AA 640w, https:\/\/res.cloudinary.com\/turna\/images\/w_681,h_426,c_scale\/f_auto,q_auto:low\/v1485196035\/Prag_byrsx9\/Prag_byrsx9.jpg?_i=AA 681w\" sizes=\"(max-width: 800px) 100vw, 800px\" \/><\/figure>\n\n\n\n<p>Prag\u2019\u0131n tarihi ve b\u00fcy\u00fcleyici atmosferinde y\u00fckselen y\u0131lba\u015f\u0131 a\u011fac\u0131, Eski \u015eehir Meydan\u0131&#8217;n\u0131n tam kalbinde parl\u0131yor. Orta\u00e7a\u011f mimarisiyle \u00e7evrili bu meydanda sergilenen y\u0131lba\u015f\u0131 a\u011fac\u0131, hem yerel halk\u0131n hem de turistlerin g\u00f6zdesi konumunda yer al\u0131yor. Geleneksel \u00c7ek s\u00fcslemeleri ve \u0131\u015f\u0131klarla bezeli a\u011fa\u00e7, adeta Prag\u2019\u0131n ge\u00e7mi\u015fle bug\u00fcn\u00fc harmanlayan ruhunu yans\u0131t\u0131yor. \u00c7evresinde kurulan b\u00fcy\u00fcleyici Noel pazar\u0131 da, s\u0131cak \u015farap, trdelnik (\u00c7ek tatl\u0131s\u0131) ve el yap\u0131m\u0131 hediyeliklerle ziyaret\u00e7ilere unutulmaz bir deneyim sunuyor. Prag\u2019\u0131n masals\u0131 kar manzaralar\u0131yla birle\u015fen bu g\u00f6rkemli a\u011fac\u0131 incelemek ve yeni y\u0131l ruhunu tam anlam\u0131yla ya\u015famak i\u00e7in <a href=\"https:\/\/www.turna.com\/ucak-bileti\/prag\"><strong>Prag u\u00e7ak bileti<\/strong><\/a> alternatifleri avantajl\u0131 fiyatlarla Turna.com\u2019da ke\u015ffinizi bekliyor.<\/p>\n\n\n\n<h3 class=\"wp-block-heading has-text-align-center has-neeon-button-dark-gray-color has-text-color has-link-color wp-elements-de6daea27e658e4cbb628b11118343f7\"><span class=\"ez-toc-section\" id=\"10_aachener_weihnachtsmarkt_aachen_almanya\"><\/span><strong><strong><strong>10. Aachener Weihnachtsmarkt, Aachen, Almanya<\/strong><\/strong><\/strong><span class=\"ez-toc-section-end\"><\/span><\/h3>\n\n\n\n<p>Aachener Weihnachtsmarkt, Aachen, Almanya, y\u0131lba\u015f\u0131 ruhunu tam anlam\u0131yla ya\u015fatan b\u00fcy\u00fcleyici bir atmosfere sahip. Almanya\u2019n\u0131n bat\u0131s\u0131ndaki bu tarihi \u015fehirde, Aral\u0131k ay\u0131 boyunca kurulan y\u0131lba\u015f\u0131 pazar\u0131 ve meydanda y\u00fckselen g\u00f6rkemli y\u0131lba\u015f\u0131 a\u011fac\u0131, ziyaret\u00e7ileri masals\u0131 bir yolculu\u011fa \u00e7\u0131kar\u0131yor. Aachen y\u0131lba\u015f\u0131 a\u011fac\u0131, sadece boyutuyla de\u011fil, zengin detaylar\u0131 ve kadim tarihiyle de dikkat \u00e7ekiyor. Alt\u0131n ve k\u0131rm\u0131z\u0131 tonlar\u0131nda \u0131\u015f\u0131kland\u0131rmalarla s\u00fcslenen a\u011fa\u00e7, \u015fehrin gotik mimarisiyle m\u00fckemmel bir kontrast sunuyor. <\/p>\n\n\n\n<p>Pazar\u0131n kalbinde yer alan bu a\u011fa\u00e7, \u00e7evresindeki rengarenk tezgahlar ve el i\u015fi s\u00fcslerle tamamlanan nostaljik bir ortam yarat\u0131yor. Siz de bu co\u015fkuya ortak olmak istiyorsan\u0131z, <a href=\"https:\/\/www.turna.com\/ucak-bileti\/almanya\"><strong>Almanya u\u00e7ak bileti<\/strong><\/a> se\u00e7eneklerine g\u00f6z atmay\u0131 unutmay\u0131n.<\/p>\n\n\n\n<p><br><span id=\"docs-internal-guid-8df80f16-7fff-e302-7ab4-0f0a0a810d22\"><div><span style=\"font-size: 11pt; font-family: Arial, sans-serif; background-color: transparent; font-variant-numeric: normal; font-variant-east-asian: normal; font-variant-alternates: normal; font-variant-position: normal; font-variant-emoji: normal; vertical-align: baseline;\"><\/span><\/div><\/span><\/p>\n\n    <div class=\"xs_social_share_widget xs_share_url after_content \t\tmain_content  wslu-style-1 wslu-share-box-shaped wslu-fill-colored wslu-none wslu-share-horizontal wslu-theme-font-no wslu-main_content\">\n\n\t\t\n        <ul>\n\t\t\t        <\/ul>\n    <\/div> \n","protected":false},"excerpt":{"rendered":"<p>Yeni y\u0131l, geride kalan 365 g\u00fcne veda etti\u011fimiz, ge\u00e7mi\u015fin an\u0131lar\u0131n\u0131 u\u011furlay\u0131p gelece\u011fe umutla bakt\u0131\u011f\u0131m\u0131z b\u00fcy\u00fcl\u00fc bir zaman dilimi. Ge\u00e7mi\u015fin hat\u0131ralar\u0131na veda ederken, yepyeni ba\u015flang\u0131\u00e7lara a\u00e7\u0131lan bu d\u00f6nemde bizi kar\u015f\u0131layan en g\u00f6rkemli simge ise hi\u00e7 \u015f\u00fcphesiz rengarenk y\u0131lba\u015f\u0131 a\u011fa\u00e7lar\u0131 oluyor. Zarafeti, \u0131\u015f\u0131\u011f\u0131 ve g\u00f6z al\u0131c\u0131 s\u00fcslemeleriyle g\u00f6rsel bir \u015f\u00f6lenin kap\u0131lar\u0131n\u0131 aralayan bu a\u011fa\u00e7lar, sadece yeni bir [&hellip;]<\/p>\n","protected":false},"author":44,"featured_media":23456,"comment_status":"open","ping_status":"open","sticky":false,"template":"","format":"standard","meta":{"rop_custom_images_group":[],"rop_custom_messages_group":[],"rop_publish_now":"initial","rop_publish_now_accounts":[],"rop_publish_now_history":[],"rop_publish_now_status":"pending","_cloudinary_featured_overwrite":false,"footnotes":""},"categories":[1,2],"tags":[],"class_list":["post-23455","post","type-post","status-publish","format-standard","has-post-thumbnail","hentry","category-seyahat-rehberi","category-ulkeler"],"_links":{"self":[{"href":"https:\/\/www.turna.com\/blog\/wp-json\/wp\/v2\/posts\/23455","targetHints":{"allow":["GET"]}}],"collection":[{"href":"https:\/\/www.turna.com\/blog\/wp-json\/wp\/v2\/posts"}],"about":[{"href":"https:\/\/www.turna.com\/blog\/wp-json\/wp\/v2\/types\/post"}],"author":[{"embeddable":true,"href":"https:\/\/www.turna.com\/blog\/wp-json\/wp\/v2\/users\/44"}],"replies":[{"embeddable":true,"href":"https:\/\/www.turna.com\/blog\/wp-json\/wp\/v2\/comments?post=23455"}],"version-history":[{"count":0,"href":"https:\/\/www.turna.com\/blog\/wp-json\/wp\/v2\/posts\/23455\/revisions"}],"wp:featuredmedia":[{"embeddable":true,"href":"https:\/\/www.turna.com\/blog\/wp-json\/wp\/v2\/media\/23456"}],"wp:attachment":[{"href":"https:\/\/www.turna.com\/blog\/wp-json\/wp\/v2\/media?parent=23455"}],"wp:term":[{"taxonomy":"category","embeddable":true,"href":"https:\/\/www.turna.com\/blog\/wp-json\/wp\/v2\/categories?post=23455"},{"taxonomy":"post_tag","embeddable":true,"href":"https:\/\/www.turna.com\/blog\/wp-json\/wp\/v2\/tags?post=23455"}],"curies":[{"name":"wp","href":"https:\/\/api.w.org\/{rel}","templated":true}]}}