{"id":23321,"date":"2024-11-06T14:32:12","date_gmt":"2024-11-06T11:32:12","guid":{"rendered":"https:\/\/www.turna.com\/blog\/?p=23321"},"modified":"2025-08-25T16:06:04","modified_gmt":"2025-08-25T13:06:04","slug":"akyaka-gezilecek-yerler","status":"publish","type":"post","link":"https:\/\/www.turna.com\/blog\/akyaka-gezilecek-yerler","title":{"rendered":"Akyaka Gezilecek Yerler: Huzurun ve Do\u011fan\u0131n Pe\u015finde"},"content":{"rendered":"<div id=\"ez-toc-container\" class=\"ez-toc-v2_0_82_2 counter-hierarchy ez-toc-counter ez-toc-black ez-toc-container-direction\">\n<div class=\"ez-toc-title-container\">\n<p class=\"ez-toc-title\" style=\"cursor:inherit\">\u0130\u00e7indekiler<\/p>\n<span class=\"ez-toc-title-toggle\"><a href=\"#\" class=\"ez-toc-pull-right ez-toc-btn ez-toc-btn-xs ez-toc-btn-default ez-toc-toggle\" aria-label=\"\u0130\u00e7indekiler Tablosunu A\u00e7\/Kapat\"><span class=\"ez-toc-js-icon-con\"><span class=\"\"><span class=\"eztoc-hide\" style=\"display:none;\">Toggle<\/span><span class=\"ez-toc-icon-toggle-span\"><svg style=\"fill: #ffffff;color:#ffffff\" xmlns=\"http:\/\/www.w3.org\/2000\/svg\" class=\"list-377408\" width=\"20px\" height=\"20px\" viewBox=\"0 0 24 24\" fill=\"none\"><path d=\"M6 6H4v2h2V6zm14 0H8v2h12V6zM4 11h2v2H4v-2zm16 0H8v2h12v-2zM4 16h2v2H4v-2zm16 0H8v2h12v-2z\" fill=\"currentColor\"><\/path><\/svg><svg style=\"fill: #ffffff;color:#ffffff\" class=\"arrow-unsorted-368013\" xmlns=\"http:\/\/www.w3.org\/2000\/svg\" width=\"10px\" height=\"10px\" viewBox=\"0 0 24 24\" version=\"1.2\" baseProfile=\"tiny\"><path d=\"M18.2 9.3l-6.2-6.3-6.2 6.3c-.2.2-.3.4-.3.7s.1.5.3.7c.2.2.4.3.7.3h11c.3 0 .5-.1.7-.3.2-.2.3-.5.3-.7s-.1-.5-.3-.7zM5.8 14.7l6.2 6.3 6.2-6.3c.2-.2.3-.5.3-.7s-.1-.5-.3-.7c-.2-.2-.4-.3-.7-.3h-11c-.3 0-.5.1-.7.3-.2.2-.3.5-.3.7s.1.5.3.7z\"\/><\/svg><\/span><\/span><\/span><\/a><\/span><\/div>\n<nav><ul class='ez-toc-list ez-toc-list-level-1 eztoc-toggle-hide-by-default' ><li class='ez-toc-page-1 ez-toc-heading-level-2'><a class=\"ez-toc-link ez-toc-heading-1\" href=\"https:\/\/www.turna.com\/blog\/akyaka-gezilecek-yerler\/#akyaka_gezilecek_yerler\" >Akyaka Gezilecek Yerler<\/a><ul class='ez-toc-list-level-3' ><li class='ez-toc-heading-level-3'><a class=\"ez-toc-link ez-toc-heading-2\" href=\"https:\/\/www.turna.com\/blog\/akyaka-gezilecek-yerler\/#azmak_nehri\" >Azmak Nehri<\/a><\/li><li class='ez-toc-page-1 ez-toc-heading-level-3'><a class=\"ez-toc-link ez-toc-heading-3\" href=\"https:\/\/www.turna.com\/blog\/akyaka-gezilecek-yerler\/#sedir_adasi\" >Sedir Adas\u0131<\/a><\/li><li class='ez-toc-page-1 ez-toc-heading-level-3'><a class=\"ez-toc-link ez-toc-heading-4\" href=\"https:\/\/www.turna.com\/blog\/akyaka-gezilecek-yerler\/#akcapinar_koyu_ve_plaji\" >Ak\u00e7ap\u0131nar K\u00f6y\u00fc ve Plaj\u0131<\/a><\/li><li class='ez-toc-page-1 ez-toc-heading-level-3'><a class=\"ez-toc-link ez-toc-heading-5\" href=\"https:\/\/www.turna.com\/blog\/akyaka-gezilecek-yerler\/#akyaka_plaji\" >Akyaka Plaj\u0131<\/a><\/li><li class='ez-toc-page-1 ez-toc-heading-level-3'><a class=\"ez-toc-link ez-toc-heading-6\" href=\"https:\/\/www.turna.com\/blog\/akyaka-gezilecek-yerler\/#sakartepe_seyir_noktasi\" >Sakartepe Seyir Noktas\u0131<\/a><\/li><li class='ez-toc-page-1 ez-toc-heading-level-3'><a class=\"ez-toc-link ez-toc-heading-7\" href=\"https:\/\/www.turna.com\/blog\/akyaka-gezilecek-yerler\/#akbuk_koyu\" >Akb\u00fck Koyu<\/a><\/li><li class='ez-toc-page-1 ez-toc-heading-level-3'><a class=\"ez-toc-link ez-toc-heading-8\" href=\"https:\/\/www.turna.com\/blog\/akyaka-gezilecek-yerler\/#nail_cakirhan_evi\" >Nail \u00c7ak\u0131rhan Evi<\/a><\/li><li class='ez-toc-page-1 ez-toc-heading-level-3'><a class=\"ez-toc-link ez-toc-heading-9\" href=\"https:\/\/www.turna.com\/blog\/akyaka-gezilecek-yerler\/#azmak_kaya_mezarlari\" >Azmak Kaya Mezarlar\u0131<\/a><\/li><li class='ez-toc-page-1 ez-toc-heading-level-3'><a class=\"ez-toc-link ez-toc-heading-10\" href=\"https:\/\/www.turna.com\/blog\/akyaka-gezilecek-yerler\/#cinar_plaji\" >\u00c7\u0131nar Plaj\u0131<\/a><\/li><li class='ez-toc-page-1 ez-toc-heading-level-3'><a class=\"ez-toc-link ez-toc-heading-11\" href=\"https:\/\/www.turna.com\/blog\/akyaka-gezilecek-yerler\/#ula_goleti\" >Ula G\u00f6leti<\/a><\/li><li class='ez-toc-page-1 ez-toc-heading-level-3'><a class=\"ez-toc-link ez-toc-heading-12\" href=\"https:\/\/www.turna.com\/blog\/akyaka-gezilecek-yerler\/#bordubet_koyu\" >B\u00f6rd\u00fcbet Koyu<\/a><\/li><\/ul><\/li><li class='ez-toc-page-1 ez-toc-heading-level-2'><a class=\"ez-toc-link ez-toc-heading-13\" href=\"https:\/\/www.turna.com\/blog\/akyaka-gezilecek-yerler\/#akyakaya_gitmek_icin_10_harika_neden\" >Akyaka\u2019ya Gitmek \u0130\u00e7in 10 Harika Neden<\/a><\/li><li class='ez-toc-page-1 ez-toc-heading-level-2'><a class=\"ez-toc-link ez-toc-heading-14\" href=\"https:\/\/www.turna.com\/blog\/akyaka-gezilecek-yerler\/#akyakada_nerede_kalinir\" >Akyaka&#8217;da Nerede Kal\u0131n\u0131r?<\/a><\/li><li class='ez-toc-page-1 ez-toc-heading-level-2'><a class=\"ez-toc-link ez-toc-heading-15\" href=\"https:\/\/www.turna.com\/blog\/akyaka-gezilecek-yerler\/#akyakada_ne_yenir\" >Akyaka&#8217;da Ne Yenir?<\/a><\/li><li class='ez-toc-page-1 ez-toc-heading-level-2'><a class=\"ez-toc-link ez-toc-heading-16\" href=\"https:\/\/www.turna.com\/blog\/akyaka-gezilecek-yerler\/#akyakaya_nasil_gidilir\" >Akyaka\u2019ya Nas\u0131l Gidilir?<\/a><\/li><\/ul><\/nav><\/div>\n\n<p>Mu\u011fla\u2019n\u0131n Ula il\u00e7esine ba\u011fl\u0131 Akyaka, do\u011fan\u0131n kuca\u011f\u0131nda, sakinli\u011fin ve huzurun h\u00fck\u00fcm s\u00fcrd\u00fc\u011f\u00fc bir ka\u00e7\u0131\u015f noktas\u0131. Ege\u2019nin en nadide hediyeleri aras\u0131nda yer alan bu eski bal\u0131k\u00e7\u0131 kasabas\u0131, hem do\u011faseverlerin hem de huzur arayan tatilcilerin pop\u00fcler rotalar\u0131 aras\u0131nda bulunuyor. \u00d6zel mimarisi, serin sular\u0131 ve el de\u011fmemi\u015f do\u011fas\u0131yla dikkat \u00e7eken Akyaka, G\u00f6kova K\u00f6rfezi\u2019nin masmavi sular\u0131nda sakin bir s\u0131\u011f\u0131nak sunuyor. Bu e\u015fsiz beldeye ula\u015fmak i\u00e7in Sakartepe Da\u011f\u0131&#8217;n\u0131n virajl\u0131 yolundan ge\u00e7erken, sizi kar\u015f\u0131layan muhte\u015fem manzaralara haz\u0131r olun! Yol \u00fczerindeki k\u00fc\u00e7\u00fck duraklardan G\u00f6kova K\u00f6rfezi\u2019ne naz\u0131r e\u015fsiz foto\u011fraflar \u00e7ekmeden ge\u00e7meyin. Marmaris ve Mu\u011fla aras\u0131nda, denizle do\u011fan\u0131n ahenk i\u00e7inde dans etti\u011fi bu \u00f6zel kasaba, Ege turunuzun en huzurlu dura\u011f\u0131 olmaya aday!<\/p>\n\n\n\n<h2 class=\"wp-block-heading has-text-align-center has-neeon-button-dark-gray-color has-text-color has-link-color wp-elements-5adaaa12d83ae912607f86aef43a80a7\"><span class=\"ez-toc-section\" id=\"akyaka_gezilecek_yerler\"><\/span><strong><strong><strong>Akyaka Gezilecek Yerler<\/strong><\/strong><\/strong><span class=\"ez-toc-section-end\"><\/span><\/h2>\n\n\n\n<p>Akyaka&#8217;n\u0131n maviyle ye\u015filin kol kola gezdi\u011fi e\u015fsiz do\u011fas\u0131nda kaybolmaya ve bu rotan\u0131n sakl\u0131 g\u00fczelliklerini ke\u015ffetmeye haz\u0131r m\u0131s\u0131n\u0131z? Azmak Nehri&#8217;nden \u00e7am ormanlar\u0131na, dingin plajlardan tarihi sokaklara uzanan b\u00fcy\u00fcl\u00fc bir yolculuk sizi bekliyor. \u00d6yleyse sizi daha fazla bekletmeden Akyaka&#8217;n\u0131n gezilecek yerlerine do\u011fru keyifli bir \u00f6n ke\u015ffe \u00e7\u0131kal\u0131m!<\/p>\n\n\n\n<h3 class=\"wp-block-heading has-text-align-center has-neeon-button-dark-gray-color has-text-color has-link-color wp-elements-fa0b5c49a1062abe8cc281ebed0fe149\"><span class=\"ez-toc-section\" id=\"azmak_nehri\"><\/span><strong><strong><strong><strong>Azmak Nehri<\/strong><\/strong><\/strong><\/strong><span class=\"ez-toc-section-end\"><\/span><\/h3>\n\n\n\n<figure class=\"wp-block-image size-full\"><img width=\"800\" height=\"500\" data-public-id=\"Akyaka_zb0mes\/Akyaka_zb0mes.jpg\" fetchpriority=\"high\" decoding=\"async\" src=\"https:\/\/res.cloudinary.com\/turna\/images\/w_800,h_500,c_scale\/f_auto,q_auto:low\/v1492254908\/Akyaka_zb0mes\/Akyaka_zb0mes.jpg?_i=AA\" alt=\"\" class=\"wp-post-23321 wp-image-7675\" data-format=\"jpg\" data-transformations=\"f_auto,q_auto:low\" data-version=\"1492254908\" data-seo=\"1\" srcset=\"https:\/\/res.cloudinary.com\/turna\/images\/f_auto,q_auto:low\/v1492254908\/Akyaka_zb0mes\/Akyaka_zb0mes.jpg?_i=AA 800w, https:\/\/res.cloudinary.com\/turna\/images\/w_300,h_188,c_scale\/f_auto,q_auto:low\/v1492254908\/Akyaka_zb0mes\/Akyaka_zb0mes.jpg?_i=AA 300w, https:\/\/res.cloudinary.com\/turna\/images\/w_672,h_420,c_scale\/f_auto,q_auto:low\/v1492254908\/Akyaka_zb0mes\/Akyaka_zb0mes.jpg?_i=AA 672w, https:\/\/res.cloudinary.com\/turna\/images\/w_640,h_400,c_scale\/f_auto,q_auto:low\/v1492254908\/Akyaka_zb0mes\/Akyaka_zb0mes.jpg?_i=AA 640w, https:\/\/res.cloudinary.com\/turna\/images\/w_681,h_426,c_scale\/f_auto,q_auto:low\/v1492254908\/Akyaka_zb0mes\/Akyaka_zb0mes.jpg?_i=AA 681w\" sizes=\"(max-width: 800px) 100vw, 800px\" \/><\/figure>\n\n\n\n<p>Azmak Nehri, Akyaka\u2019n\u0131n gezilecek yerler listesinin olmazsa olmazlar\u0131 ve ikonik simgeleri aras\u0131nda yer al\u0131yor. Sadece 3 km uzunlu\u011fundaki bu nehir, berrak suyu, zengin ekosistemi ve dinginlik veren atmosferiyle do\u011fan\u0131n tam kalbinde bir ke\u015fif olana\u011f\u0131 sunuyor. Kayna\u011f\u0131ndan \u00e7\u0131kan buz gibi sular\u0131yla y\u0131l\u0131n her d\u00f6nemi serinli\u011fini koruyan bu nehrin sodal\u0131 ve mineralli yap\u0131s\u0131n\u0131n cilt i\u00e7in gen\u00e7le\u015ftirici etkiye sahip oldu\u011fu d\u00fc\u015f\u00fcn\u00fcl\u00fcyor. Ayr\u0131ca, baz\u0131 rivayetlere dayanarak bu nehirde y\u00fczenin uzun \u00f6m\u00fcrl\u00fc olaca\u011f\u0131na inan\u0131l\u0131yor. \u00d6zellikle s\u0131cak yaz g\u00fcnlerinde k\u0131y\u0131ya yak\u0131n baz\u0131 b\u00f6lgelerde kendini suyun serinli\u011fine b\u0131rakan pek \u00e7ok gezgine rastlanabiliyor.<\/p>\n\n\n\n<p>Azmak Nehri\u2019nin sakin sular\u0131 adeta do\u011fal bir akvaryum gibi bal\u0131klar\u0131, \u00f6rdekleri ve su bitkilerini g\u00f6zler \u00f6n\u00fcne seriyor. Azmak\u2019ta tekneyle s\u00fcz\u00fclmek, ku\u015flar\u0131n e\u015fli\u011finde k\u0131sa bir kano turu yapmak veya nehir k\u0131y\u0131s\u0131ndaki restoranlarda taze bal\u0131klar\u0131n tad\u0131n\u0131 \u00e7\u0131karmak bu ke\u015fif deneyimini e\u015fsiz k\u0131l\u0131yor. Azmak Nehri, sadece bir nehir de\u011fil, dinginlik, tazelik ve do\u011fayla i\u00e7 i\u00e7e olman\u0131n kusursuz bir \u00f6rne\u011fi.<\/p>\n\n\n\n<h3 class=\"wp-block-heading has-text-align-center has-neeon-button-dark-gray-color has-text-color has-link-color wp-elements-1195b0b65c74c935f1aaea663b0c8256\"><span class=\"ez-toc-section\" id=\"sedir_adasi\"><\/span><strong><strong><strong><strong>Sedir Adas\u0131<\/strong><\/strong><\/strong><\/strong><span class=\"ez-toc-section-end\"><\/span><\/h3>\n\n\n\n<p>Sedir Adas\u0131, Akyaka\u2019n\u0131n e\u015fsiz do\u011fa harikalar\u0131ndan biri olarak, tarihi dokusu ve benzersiz kumsal\u0131yla sizi etkisi alt\u0131na almaya aday. Kleopatra Adas\u0131 olarak da bilinen bu k\u00fc\u00e7\u00fck ada, \u00fcnl\u00fc alt\u0131n rengi kumu ve turkuaz deniziyle Ege\u2019nin en \u00f6zel k\u00f6\u015felerinden biri olarak kabul g\u00f6r\u00fcyor. Efsanelere g\u00f6re, zaman\u0131nda Kleopatra ve Antonius burada vakit ge\u00e7irmi\u015f ve Kleopatra\u2019n\u0131n ayak bast\u0131\u011f\u0131 kumlar, Kuzey Afrika\u2019dan \u00f6zel olarak getirtilmi\u015f. Adan\u0131n alt\u0131n rengi, incecik kumlar\u0131 belki bu rivayetlerinde etkisiyle belki de g\u00f6z al\u0131c\u0131 g\u00fczellikleriyle her ad\u0131mda konuklar\u0131n\u0131 bir masal\u0131n i\u00e7ine \u00e7ekiyor.<\/p>\n\n\n\n<p>Siz de Sedir Adas\u0131\u2019nda antik kal\u0131nt\u0131lar\u0131 ke\u015ffederken tarihle i\u00e7 i\u00e7e olman\u0131n ve tertemiz sular\u0131nda y\u00fczmenin tad\u0131na doyas\u0131ya \u00e7\u0131karabilirsiniz. Sedir Adas\u0131\u2019na ula\u015f\u0131m yaln\u0131zca deniz yoluyla ger\u00e7ekle\u015fiyor. Akyaka\u2019dan Sedir Adas\u0131\u2019na g\u00fcn\u00fcbirlik tekne turlar\u0131 d\u00fczenleniyor ve adaya M\u00fczekart ile giri\u015f yap\u0131labiliyor.<\/p>\n\n\n\n<h3 class=\"wp-block-heading has-text-align-center has-neeon-button-dark-gray-color has-text-color has-link-color wp-elements-1db4ecc632be68c0e70777ff1cbeb783\"><span class=\"ez-toc-section\" id=\"akcapinar_koyu_ve_plaji\"><\/span><strong><strong><strong><strong>Ak\u00e7ap\u0131nar K\u00f6y\u00fc ve Plaj\u0131<\/strong><\/strong><\/strong><\/strong><span class=\"ez-toc-section-end\"><\/span><\/h3>\n\n\n\n<p>Ak\u00e7ap\u0131nar K\u00f6y\u00fc, Akyaka\u2019n\u0131n sakin ve el de\u011fmemi\u015f k\u00f6\u015feleri aras\u0131nda yer al\u0131yor. Burada sizi huzur dolu bir k\u00f6y havas\u0131, do\u011fan\u0131n g\u00f6rkemini g\u00f6zler \u00f6n\u00fcne seren heybetli zeytin a\u011fa\u00e7lar\u0131 ve s\u0131cac\u0131k bir k\u00f6y ortam bekliyor. K\u00f6y\u00fcn \u00fcnl\u00fc okalipt\u00fcs a\u011fa\u00e7lar\u0131yla \u00e7evrili dar patikas\u0131nda y\u00fcr\u00fcrken kendinizi aniden zaman\u0131n yava\u015flad\u0131\u011f\u0131 bir d\u00fcnyaya ad\u0131m atm\u0131\u015f gibi hissediyorsunuz. Ak\u00e7ap\u0131nar tostu da bir hayli me\u015fhur. Bu \u00f6zel k\u00f6y\u00fcn ritmine kap\u0131lmadan \u00f6nce lezzetli bir tost molas\u0131 verebilirsiniz. Bu k\u00f6y\u00fcn size yaln\u0131zca huzur vadetti\u011fini d\u00fc\u015f\u00fcn\u00fcyorsan\u0131z da \u015fa\u015f\u0131rmaya haz\u0131r olun. \u00c7\u00fcnk\u00fc Ak\u00e7ap\u0131nar Plaj\u0131, r\u00fczgar s\u00f6rf\u00fc tutkunlar\u0131n\u0131n da u\u011frak noktas\u0131. Ak\u00e7ap\u0131nar Plaj\u0131, dalgalar\u0131 ve r\u00fczgar\u0131yla bu sakin rotada biraz macera arayan gezginlerin kalbini \u00e7almay\u0131 ba\u015far\u0131yor. Ak\u00e7ap\u0131nar, sakin atmosferi ve macera dolu aktivite olanaklar\u0131yla z\u0131tl\u0131klar\u0131 uyumla bulu\u015fturan kendine has ve mutlaka g\u00f6r\u00fclmesi gereken bir rota.<\/p>\n\n\n\n<h3 class=\"wp-block-heading has-text-align-center has-neeon-button-dark-gray-color has-text-color has-link-color wp-elements-5e60b341efc0f657c27e76d79e43a359\"><span class=\"ez-toc-section\" id=\"akyaka_plaji\"><\/span><strong><strong><strong><strong>Akyaka Plaj\u0131<\/strong><\/strong><\/strong><\/strong><span class=\"ez-toc-section-end\"><\/span><\/h3>\n\n\n\n<figure class=\"wp-block-image size-full\"><img width=\"800\" height=\"500\" data-public-id=\"Mugla-Akyaka_kz8hnz\/Mugla-Akyaka_kz8hnz.jpg\" decoding=\"async\" src=\"https:\/\/res.cloudinary.com\/turna\/images\/w_800,h_500,c_scale\/f_auto,q_auto:low\/v1492254920\/Mugla-Akyaka_kz8hnz\/Mugla-Akyaka_kz8hnz.jpg?_i=AA\" alt=\"\" class=\"wp-post-23321 wp-image-7676\" data-format=\"jpg\" data-transformations=\"f_auto,q_auto:low\" data-version=\"1492254920\" data-seo=\"1\" srcset=\"https:\/\/res.cloudinary.com\/turna\/images\/f_auto,q_auto:low\/v1492254920\/Mugla-Akyaka_kz8hnz\/Mugla-Akyaka_kz8hnz.jpg?_i=AA 800w, https:\/\/res.cloudinary.com\/turna\/images\/w_300,h_188,c_scale\/f_auto,q_auto:low\/v1492254920\/Mugla-Akyaka_kz8hnz\/Mugla-Akyaka_kz8hnz.jpg?_i=AA 300w, https:\/\/res.cloudinary.com\/turna\/images\/w_672,h_420,c_scale\/f_auto,q_auto:low\/v1492254920\/Mugla-Akyaka_kz8hnz\/Mugla-Akyaka_kz8hnz.jpg?_i=AA 672w, https:\/\/res.cloudinary.com\/turna\/images\/w_640,h_400,c_scale\/f_auto,q_auto:low\/v1492254920\/Mugla-Akyaka_kz8hnz\/Mugla-Akyaka_kz8hnz.jpg?_i=AA 640w, https:\/\/res.cloudinary.com\/turna\/images\/w_681,h_426,c_scale\/f_auto,q_auto:low\/v1492254920\/Mugla-Akyaka_kz8hnz\/Mugla-Akyaka_kz8hnz.jpg?_i=AA 681w\" sizes=\"(max-width: 800px) 100vw, 800px\" \/><\/figure>\n\n\n\n<p>Akyaka Plaj\u0131, 250 metre uzunlu\u011fundaki sahil \u015feridi, s\u0131\u011f ve durgun sular\u0131yla \u00f6zellikle \u00e7ocuklu aileler ve sakinlik arayanlar i\u00e7in ideal bir mekan. Plaj boyunca uzanan incecik kumlar ve masmavi deniz, rahatlat\u0131c\u0131 bir ka\u00e7\u0131\u015f olana\u011f\u0131 sunuyor. \u00dcstelik Akyaka Plaj\u0131 daima hissedilen hafif esintisiyle yaz s\u0131ca\u011f\u0131nda bile serinlik hissi ya\u015fat\u0131yor. Plaj\u0131n \u00e7evresindeki kafelerde, Ege\u2019nin lezzetli tatlar\u0131n\u0131 deneyimleyeme ve sahilde g\u00f6z al\u0131c\u0131 g\u00fcn bat\u0131m\u0131 manzaralar\u0131 seyretme imkan\u0131 da yakalanabiliyor. Akyaka Plaj\u0131, her ya\u015f grubuna hitap eden sakin ve huzurlu bir tatil deneyimi i\u00e7in do\u011fru adres.<\/p>\n\n\n\n<h3 class=\"wp-block-heading has-text-align-center has-neeon-button-dark-gray-color has-text-color has-link-color wp-elements-275b512a7c1fa17a4f9529f5bb78a17b\"><span class=\"ez-toc-section\" id=\"sakartepe_seyir_noktasi\"><\/span><strong><strong><strong><strong>Sakartepe Seyir Noktas\u0131<\/strong><\/strong><\/strong><\/strong><span class=\"ez-toc-section-end\"><\/span><\/h3>\n\n\n\n<p>Sakartepe Seyir Noktas\u0131, b\u00fcy\u00fcleyici manzaras\u0131yla nefes kesen bir durak. Buradan bakt\u0131\u011f\u0131n\u0131zda, G\u00f6kova K\u00f6rfezi masmavi sular\u0131 ve yemye\u015fil do\u011fas\u0131 ayaklar\u0131n\u0131z\u0131n alt\u0131na seriliyor. \u00d6zellikle g\u00fcn bat\u0131m\u0131nda manzaras\u0131yla ya\u015fayan bir tabloyu and\u0131ran bu nokta, foto\u011fraf tutkunlar\u0131 ve do\u011faseverler i\u00e7in vazge\u00e7ilmez \u00e7ekim alanlar\u0131 aras\u0131nda bulunuyor. Sakartepe\u2019ye virajl\u0131 yollardan ula\u015f\u0131l\u0131yor. Neyse ki yolu biraz zorlu olsa da zirveye ula\u015f\u0131nca b\u00fct\u00fcn yorgunluk bu \u00f6zel manzarayla bir anda silinip gidiyor. Akyaka gezinize bir g\u00f6rsel \u015f\u00f6len deneyimi eklemek istiyorsan\u0131z, Sakartepe Seyir Noktas\u0131\u2019nda k\u0131sa bir mola vermeyi unutmay\u0131n.<\/p>\n\n\n\n<h3 class=\"wp-block-heading has-text-align-center has-neeon-button-dark-gray-color has-text-color has-link-color wp-elements-5fd2adacb565f2586780b95fc2a029ba\"><span class=\"ez-toc-section\" id=\"akbuk_koyu\"><\/span><strong><strong><strong><strong>Akb\u00fck Koyu<\/strong><\/strong><\/strong><\/strong><span class=\"ez-toc-section-end\"><\/span><\/h3>\n\n\n\n<p>\u00c7am ormanlar\u0131yla \u00e7evrili Akb\u00fck Koyu, berrak ve sakin deniziyle adeta bir akvaryumu and\u0131r\u0131yor. \u00d6zellikle sabah\u0131n erken saatlerinde cam gibi g\u00f6r\u00fcnen suyu, y\u00fczmek ya da \u015fnorkelle dal\u0131\u015f yapmak isteyenlere e\u015fsiz bir deneyim vadediyor. Akb\u00fck\u2019\u00fcn do\u011fal yap\u0131s\u0131 ve sessiz atmosferi, \u015fehirden ka\u00e7mak isteyenlerin dinginlik buldu\u011fu do\u011fal bir s\u0131\u011f\u0131na\u011f\u0131 and\u0131r\u0131yor. K\u0131y\u0131da bulunan k\u00fc\u00e7\u00fck kafeler ve restoranlar ise deniz manzaras\u0131na kar\u015f\u0131 Ege\u2019nin birbirinden \u00f6zel lezzetlerini deneyimleme imkan\u0131 sunuyor.<\/p>\n\n\n\n<h3 class=\"wp-block-heading has-text-align-center has-neeon-button-dark-gray-color has-text-color has-link-color wp-elements-5236b7571e82a190f24df6a63cc67ff3\"><span class=\"ez-toc-section\" id=\"nail_cakirhan_evi\"><\/span><strong><strong><strong><strong>Nail \u00c7ak\u0131rhan Evi<\/strong><\/strong><\/strong><\/strong><span class=\"ez-toc-section-end\"><\/span><\/h3>\n\n\n\n<figure class=\"wp-block-image size-full\"><img width=\"800\" height=\"500\" data-public-id=\"akyaka\/akyaka.jpg\" decoding=\"async\" src=\"https:\/\/res.cloudinary.com\/turna\/images\/w_800,h_500,c_scale\/f_auto,q_auto:low\/v1619154496\/akyaka\/akyaka.jpg?_i=AA\" alt=\"akyaka\" class=\"wp-post-23321 wp-image-18941\" data-format=\"jpg\" data-transformations=\"f_auto,q_auto:low\" data-version=\"1619154496\" data-seo=\"1\" srcset=\"https:\/\/res.cloudinary.com\/turna\/images\/f_auto,q_auto:low\/v1619154496\/akyaka\/akyaka.jpg?_i=AA 800w, https:\/\/res.cloudinary.com\/turna\/images\/w_300,h_188,c_scale\/f_auto,q_auto:low\/v1619154496\/akyaka\/akyaka.jpg?_i=AA 300w, https:\/\/res.cloudinary.com\/turna\/images\/w_672,h_420,c_scale\/f_auto,q_auto:low\/v1619154496\/akyaka\/akyaka.jpg?_i=AA 672w, https:\/\/res.cloudinary.com\/turna\/images\/w_640,h_400,c_scale\/f_auto,q_auto:low\/v1619154496\/akyaka\/akyaka.jpg?_i=AA 640w, https:\/\/res.cloudinary.com\/turna\/images\/w_681,h_426,c_scale\/f_auto,q_auto:low\/v1619154496\/akyaka\/akyaka.jpg?_i=AA 681w\" sizes=\"(max-width: 800px) 100vw, 800px\" \/><\/figure>\n\n\n\n<p>Geleneksel T\u00fcrk mimarisinin modern ba\u015fyap\u0131tlar\u0131 aras\u0131nda yer alan Nail \u00c7ak\u0131rhan Evi, Akyaka gezilerinin vazge\u00e7ilmezleri aras\u0131nda bulunuyor. \u015eair ve gazeteci Nail \u00c7ak\u0131rhan taraf\u0131ndan 1970\u2019lerde in\u015fa edilen bu ev, mimari e\u011fitim almam\u0131\u015f bir sanat\u00e7\u0131n\u0131n ustal\u0131k eseri olarak 1983\u2019te A\u011fa Han Mimarl\u0131k \u00d6d\u00fcl\u00fc\u2019ne lay\u0131k g\u00f6r\u00fcld\u00fc. Ula evlerinden esinlenerek ah\u015fap ve ta\u015f i\u015f\u00e7ili\u011fiyle hayat bulan bu ev, do\u011fayla uyum i\u00e7inde ve \u00e7evresiyle b\u00fct\u00fcnle\u015fen bir yap\u0131ya sahip. \u0130\u00e7 mekanda yer alan sedirler, ah\u015fap tavan s\u00fcslemeleri ve geni\u015f pencereler, evin s\u0131cak ve samimi atmosferini uyumlu bir \u015fekilde tamaml\u0131yor.<\/p>\n\n\n\n<h3 class=\"wp-block-heading has-text-align-center has-neeon-button-dark-gray-color has-text-color has-link-color wp-elements-d05d50c62c6096a0603e2e7f3f2d524f\"><span class=\"ez-toc-section\" id=\"azmak_kaya_mezarlari\"><\/span><strong><strong><strong><strong>Azmak Kaya Mezarlar\u0131<\/strong><\/strong><\/strong><\/strong><span class=\"ez-toc-section-end\"><\/span><\/h3>\n\n\n\n<p>Azmak Kaya Mezarlar\u0131, Akyaka\u2019n\u0131n tarihi ve mistik y\u00fcz\u00fcn\u00fc ke\u015ffetmek isteyenler i\u00e7in b\u00fcy\u00fcleyici bir rota. Bu antik mezarlar, sarp kayal\u0131klara oyulmu\u015f yap\u0131s\u0131yla ge\u00e7mi\u015fin izlerini g\u00fcn\u00fcm\u00fcze ta\u015f\u0131yor. Azmak Nehri\u2019nin k\u0131y\u0131s\u0131nda, y\u00fckselen bu kaya mezarlar\u0131, b\u00f6lgeye derinlik katan tarihi dokular aras\u0131nda yer al\u0131yor. Tarihi y\u00fczlerce y\u0131l \u00f6ncesine dayanan bu an\u0131t mezarlar, t\u00fcm zaman boyunca do\u011fayla uyum i\u00e7inde kalmay\u0131 ba\u015farm\u0131\u015f ve g\u00fcn\u00fcm\u00fczde ziyaret\u00e7ilerine e\u015fsiz bir atmosfer sunuyor. Burada, tarihin sessiz yank\u0131lar\u0131n\u0131 dinleyebilir ve Akyaka\u2019n\u0131n zengin ge\u00e7mi\u015fiyle de b\u00fcy\u00fcleyen bir yer oldu\u011funu ke\u015ffedebilirsiniz.<\/p>\n\n\n\n<h3 class=\"wp-block-heading has-text-align-center has-neeon-button-dark-gray-color has-text-color has-link-color wp-elements-674c0499f04028008e08ae9f6f9a0cf0\"><span class=\"ez-toc-section\" id=\"cinar_plaji\"><\/span><strong><strong><strong><strong>\u00c7\u0131nar Plaj\u0131<\/strong><\/strong><\/strong><\/strong><span class=\"ez-toc-section-end\"><\/span><\/h3>\n\n\n\n<p>Kalabal\u0131ktan uzak, sessiz bir koy ar\u0131yorsan\u0131z, \u00c7\u0131nar Plaj\u0131 tam sizlik. Denizle do\u011fan\u0131n bulu\u015ftu\u011fu bu e\u015fsiz durak, \u00e7am a\u011fa\u00e7lar\u0131yla \u00e7evrili plaj\u0131, masmavi ve berrak deniziyle ziyaret\u00e7ilerine sakin bir deniz keyfi vadediyor. \u00d6zellikle sabah saatlerinde suyun serinli\u011fi ve huzurlu atmosferi, buray\u0131 dinlenmek ve do\u011fan\u0131n tad\u0131n\u0131 \u00e7\u0131karmak isteyenler i\u00e7in m\u00fckemmel bir yer haline getiriyor. G\u00fcn boyu s\u00fcren hafif esintisi ve ferahlat\u0131c\u0131 deniziyle \u00c7\u0131nar Plaj\u0131, Ege\u2019nin en keyifli ka\u00e7\u0131\u015f noktalar\u0131 aras\u0131nda yer al\u0131yor.<\/p>\n\n\n\n<h3 class=\"wp-block-heading has-text-align-center has-neeon-button-dark-gray-color has-text-color has-link-color wp-elements-5097886ad091a2e03669345388da7f3a\"><span class=\"ez-toc-section\" id=\"ula_goleti\"><\/span><strong><strong><strong><strong>Ula G\u00f6leti<\/strong><\/strong><\/strong><\/strong><span class=\"ez-toc-section-end\"><\/span><\/h3>\n\n\n\n<p>Ula G\u00f6leti, Mu\u011fla\u2019n\u0131n Ula il\u00e7esinde sakl\u0131 kalm\u0131\u015f do\u011fa g\u00fczelliklerinden biri olarak ziyaret\u00e7ilerine huzur dolu bir ortam sunuyor. \u00c7am a\u011fa\u00e7lar\u0131yla \u00e7evrili bu g\u00f6let, berrak suyu ve sakin atmosferiyle kamp ve piknik yapmak isteyenler i\u00e7in ideal bir ka\u00e7\u0131\u015f noktas\u0131. Do\u011fa y\u00fcr\u00fcy\u00fc\u015fleri, bisiklet turlar\u0131 ve bal\u0131k\u00e7\u0131l\u0131k gibi aktiviteler i\u00e7in de elveri\u015fli olan Ula G\u00f6leti\u2019nin \u00e7evresinde yapaca\u011f\u0131n\u0131z k\u0131sa y\u00fcr\u00fcy\u00fc\u015flerde yaban hayat\u0131na tan\u0131kl\u0131k edebilir, ku\u015f sesleri aras\u0131nda do\u011fan\u0131n tad\u0131n\u0131 \u00e7\u0131karabilirsiniz.<\/p>\n\n\n\n<h3 class=\"wp-block-heading has-text-align-center has-neeon-button-dark-gray-color has-text-color has-link-color wp-elements-3f8705a41814b8ba6ef686f63637178e\"><span class=\"ez-toc-section\" id=\"bordubet_koyu\"><\/span><strong><strong><strong><strong>B\u00f6rd\u00fcbet Koyu<\/strong><\/strong><\/strong><\/strong><span class=\"ez-toc-section-end\"><\/span><\/h3>\n\n\n\n<p>B\u00f6rd\u00fcbet Koyu, ku\u015flar\u0131n huzur i\u00e7inde uyudu\u011fu bir do\u011fa cenneti. \u00c7am ormanlar\u0131n\u0131n denizle bulu\u015ftu\u011fu bu koya tekneyle ya da karadan ula\u015fmak m\u00fcmk\u00fcn; burada mangrovlara benzeyen ye\u015fillikler, ku\u015f sesleri ve sakin bir atmosferle Ege\u2019nin en saf g\u00fczelliklerini bulacaks\u0131n\u0131z.<\/p>\n\n\n\n<p><span id=\"docs-internal-guid-a9f8875c-7fff-74ec-54f6-3dca005c7654\"><p dir=\"ltr\" style=\"line-height:1.38;margin-top:0pt;margin-bottom:10pt;\"><span id=\"docs-internal-guid-a9f8875c-7fff-74ec-54f6-3dca005c7654\"><p dir=\"ltr\" style=\"line-height:1.38;margin-top:0pt;margin-bottom:10pt;\"><\/p><\/span><\/p><p dir=\"ltr\" style=\"line-height:1.38;margin-top:0pt;margin-bottom:10pt;\"><\/p><\/span><\/p>\n\n\n\n<h2 class=\"wp-block-heading has-text-align-center has-neeon-button-dark-gray-color has-text-color has-link-color wp-elements-e162b233a4c52bdbc3d591b29e865de7\"><span class=\"ez-toc-section\" id=\"akyakaya_gitmek_icin_10_harika_neden\"><\/span><strong><strong><strong><strong>Akyaka\u2019ya Gitmek \u0130\u00e7in 10 Harika Neden<\/strong><\/strong><\/strong><\/strong><span class=\"ez-toc-section-end\"><\/span><\/h2>\n\n\n\n<figure class=\"wp-block-image size-full\"><img width=\"800\" height=\"500\" loading=\"lazy\" decoding=\"async\" src=\"data:image\/svg+xml;base64,PHN2ZyB4bWxucz0iaHR0cDovL3d3dy53My5vcmcvMjAwMC9zdmciIHdpZHRoPSI4MDAiIGhlaWdodD0iNTAwIj48cmVjdCB3aWR0aD0iMTAwJSIgaGVpZ2h0PSIxMDAlIj48YW5pbWF0ZSBhdHRyaWJ1dGVOYW1lPSJmaWxsIiB2YWx1ZXM9InJnYmEoMTUzLDE1MywxNTMsMC41KTtyZ2JhKDE1MywxNTMsMTUzLDAuMSk7cmdiYSgxNTMsMTUzLDE1MywwLjUpIiBkdXI9IjJzIiByZXBlYXRDb3VudD0iaW5kZWZpbml0ZSIgLz48L3JlY3Q+PC9zdmc+\" alt=\"\" class=\"wp-post-23321 wp-image-3387\" data-public-id=\"Akyaka-Kamp_zumrpp\/Akyaka-Kamp_zumrpp.jpg\" data-format=\"jpg\" data-transformations=\"f_auto,q_auto:low\" data-version=\"1468245887\" data-seo=\"1\" data-size=\"800 500\" data-srcset=\"https:\/\/res.cloudinary.com\/turna\/images\/f_auto,q_auto:low\/v1468245887\/Akyaka-Kamp_zumrpp\/Akyaka-Kamp_zumrpp.jpg?_i=AA 800w, https:\/\/res.cloudinary.com\/turna\/images\/w_300,h_188,c_scale\/f_auto,q_auto:low\/v1468245887\/Akyaka-Kamp_zumrpp\/Akyaka-Kamp_zumrpp.jpg?_i=AA 300w, https:\/\/res.cloudinary.com\/turna\/images\/w_672,h_420,c_scale\/f_auto,q_auto:low\/v1468245887\/Akyaka-Kamp_zumrpp\/Akyaka-Kamp_zumrpp.jpg?_i=AA 672w, https:\/\/res.cloudinary.com\/turna\/images\/w_640,h_400,c_scale\/f_auto,q_auto:low\/v1468245887\/Akyaka-Kamp_zumrpp\/Akyaka-Kamp_zumrpp.jpg?_i=AA 640w, https:\/\/res.cloudinary.com\/turna\/images\/w_681,h_426,c_scale\/f_auto,q_auto:low\/v1468245887\/Akyaka-Kamp_zumrpp\/Akyaka-Kamp_zumrpp.jpg?_i=AA 681w\" data-sizes=\"(max-width: 800px) 100vw, 800px\" data-delivery=\"upload\" onload=\";window.CLDBind?CLDBind(this):null;\" data-cloudinary=\"lazy\" \/><\/figure>\n\n\n\n<p>1. Do\u011fan\u0131n tad\u0131n\u0131 \u00e7\u0131karma \u015fans\u0131 sunan \u015fahane kamp alanlar\u0131na gidip, \u015fehrin kaos ortam\u0131ndan uzakta, ku\u015f sesleri e\u015fli\u011finde bir tatil yapabilirsiniz.<\/p>\n\n\n\n<p>2. Azmak Nehri\u2019nin buz gibi sular\u0131na atlay\u0131p, s\u0131cak havan\u0131n kasvetinden uzakla\u015fabilirsiniz. Ayr\u0131ca nehir \u00fczerinde d\u00fczenlenen tekne turlar\u0131 da b\u00f6lgeyi ke\u015ffetmek i\u00e7in olduk\u00e7a ideal.<\/p>\n\n\n\n<p>3. Nail \u00c7ak\u0131rhan taraf\u0131ndan tasarlanan Mu\u011fla tarz\u0131 ah\u015fap evlerle \u00e7evrili sokaklarda dola\u015f\u0131p, huzurun ne demek oldu\u011funu hat\u0131rlayabilirsiniz.<\/p>\n\n\n\n<p>4. Bozulmam\u0131\u015f do\u011fas\u0131yla \u00fcnlenen bir tatil b\u00f6lgesi olan bu etkileyici tatil noktas\u0131nda, p\u0131r\u0131l p\u0131r\u0131l kumlar\u0131n, mavi sular\u0131n ve s\u0131cac\u0131k g\u00fcne\u015fin keyfini \u00e7\u0131kar\u0131n.&nbsp;<\/p>\n\n\n\n<p>5. Biraz macera ar\u0131yorsan\u0131z, Sakartepe seyir teras\u0131ndan yap\u0131lan yama\u00e7 para\u015f\u00fct\u00fc u\u00e7u\u015flar\u0131na kat\u0131l\u0131p, G\u00f6kova K\u00f6rfezi\u2019nin e\u015fsiz manzaras\u0131n\u0131n ve e\u011flencenin tad\u0131na var\u0131n.<\/p>\n\n\n\n<p>6. K\u0131\u015f aylar\u0131n\u0131n yan\u0131 s\u0131ra yaz\u0131n da r\u00fczgar\u0131n eksik olmad\u0131\u011f\u0131 bu \u015firin yer, s\u0131cak yaz g\u00fcnlerini ge\u00e7irmek i\u00e7in muhte\u015fem bir ka\u00e7\u0131\u015f noktas\u0131. Tabi siz yine de yan\u0131n\u0131za sinek kovucu sprey almay\u0131 unutmay\u0131n.<\/p>\n\n\n\n<p>7. Bisiklet turu, kano gezisi, do\u011fa y\u00fcr\u00fcy\u00fc\u015fleri derken burada yap\u0131lacak say\u0131s\u0131z aktivite bulabilirsiniz. Evet, bunlar\u0131 yaparken biraz yorulabilirsiniz ama g\u00f6rece\u011finiz manzaralar size t\u00fcm yorgunlu\u011funuzu unutturacak.<\/p>\n\n\n\n<p>8. Buras\u0131, yaz boyu esen termal r\u00fczgarlar, kumlu ve s\u0131\u011f sular sayesinde d\u00fcnyan\u0131n en iyi kitesurf noktalar\u0131 aras\u0131nda bulunuyor. E\u011fer kitesurf \u00f6\u011frenmek istiyorsan\u0131z, en do\u011fru adreslerden birindesiniz.<\/p>\n\n\n\n<p>9. Akyaka g\u00fcnbat\u0131m\u0131 ve g\u00fcndo\u011fumu manzaralar\u0131yla da hayranl\u0131k uyand\u0131r\u0131yor. \u00d6zellikle romantik \u00e7iftler i\u00e7in olduk\u00e7a cezbedici olan bu g\u00f6r\u00fcnt\u00fcleri izleyebilece\u011finiz en ideal yer ise Sakartepe Seyir Teras\u0131.<\/p>\n\n\n\n<p>10. Denizde yeti\u015fen tazecik bal\u0131klar ve di\u011fer deniz mahsulleri ile haz\u0131rlanm\u0131\u015f mis gibi yemekler ve mezeler sizi bekliyor. E\u011fer bu yemeklerin tad\u0131na bakmadan d\u00f6nerseniz \u00e7ok pi\u015fman olursunuz.<\/p>\n\n\n\n<h2 class=\"wp-block-heading has-text-align-center has-neeon-button-dark-gray-color has-text-color has-link-color wp-elements-0d681b383133c9f8c61a81c9611d09b1\"><span class=\"ez-toc-section\" id=\"akyakada_nerede_kalinir\"><\/span><strong><strong><strong><strong>Akyaka&#8217;da Nerede Kal\u0131n\u0131r?<\/strong><\/strong><\/strong><\/strong><span class=\"ez-toc-section-end\"><\/span><\/h2>\n\n\n\n<figure class=\"wp-block-image size-full\"><img width=\"800\" height=\"500\" loading=\"lazy\" decoding=\"async\" src=\"data:image\/svg+xml;base64,PHN2ZyB4bWxucz0iaHR0cDovL3d3dy53My5vcmcvMjAwMC9zdmciIHdpZHRoPSI4MDAiIGhlaWdodD0iNTAwIj48cmVjdCB3aWR0aD0iMTAwJSIgaGVpZ2h0PSIxMDAlIj48YW5pbWF0ZSBhdHRyaWJ1dGVOYW1lPSJmaWxsIiB2YWx1ZXM9InJnYmEoMTUzLDE1MywxNTMsMC41KTtyZ2JhKDE1MywxNTMsMTUzLDAuMSk7cmdiYSgxNTMsMTUzLDE1MywwLjUpIiBkdXI9IjJzIiByZXBlYXRDb3VudD0iaW5kZWZpbml0ZSIgLz48L3JlY3Q+PC9zdmc+\" alt=\"\" class=\"wp-post-23321 wp-image-14489\" data-public-id=\"Akyaka-Kamp_khki5h\/Akyaka-Kamp_khki5h.jpg\" data-format=\"jpg\" data-transformations=\"f_auto,q_auto:low\" data-version=\"1541356397\" data-seo=\"1\" data-size=\"800 500\" data-srcset=\"https:\/\/res.cloudinary.com\/turna\/images\/f_auto,q_auto:low\/v1541356397\/Akyaka-Kamp_khki5h\/Akyaka-Kamp_khki5h.jpg?_i=AA 800w, https:\/\/res.cloudinary.com\/turna\/images\/w_300,h_188,c_scale\/f_auto,q_auto:low\/v1541356397\/Akyaka-Kamp_khki5h\/Akyaka-Kamp_khki5h.jpg?_i=AA 300w, https:\/\/res.cloudinary.com\/turna\/images\/w_672,h_420,c_scale\/f_auto,q_auto:low\/v1541356397\/Akyaka-Kamp_khki5h\/Akyaka-Kamp_khki5h.jpg?_i=AA 672w, https:\/\/res.cloudinary.com\/turna\/images\/w_640,h_400,c_scale\/f_auto,q_auto:low\/v1541356397\/Akyaka-Kamp_khki5h\/Akyaka-Kamp_khki5h.jpg?_i=AA 640w, https:\/\/res.cloudinary.com\/turna\/images\/w_681,h_426,c_scale\/f_auto,q_auto:low\/v1541356397\/Akyaka-Kamp_khki5h\/Akyaka-Kamp_khki5h.jpg?_i=AA 681w\" data-sizes=\"(max-width: 800px) 100vw, 800px\" data-delivery=\"upload\" onload=\";window.CLDBind?CLDBind(this):null;\" data-cloudinary=\"lazy\" \/><\/figure>\n\n\n\n<p>Konaklama i\u00e7in Akyaka ve G\u00f6kova Orman Kamplar\u0131nda \u00e7ad\u0131r ya da karavanda kalabilme imkan\u0131 bulunurken, <strong><a href=\"https:\/\/www.turna.com\/otel\/akyaka\">Akyaka otel<\/a><\/strong> ve pansiyonlar\u0131 da bu anlamda tercih edilebilir ancak kalabal\u0131k d\u00f6nemlerde yer bulma sorunu ya\u015famamak i\u00e7in \u00f6nceden rezervasyon yapt\u0131rmakta fayda var. Bu g\u00fczel tatil dura\u011f\u0131nda, sabahlar\u0131 ku\u015f sesleri e\u015fli\u011finde uyan\u0131p, temiz havay\u0131 koklayarak dinlenebilir ve \u015fehrin bo\u011fuculu\u011fundan saklanabilirsiniz. K\u00fc\u00e7\u00fck bir hat\u0131rlatma olarak, bu g\u00fczel yerle\u015fim yerinde \u00e7o\u011fu ki\u015finin \u015fikayet etti\u011fi sivrisinekler konusunda sorun ya\u015famak istemeyenler, koruyucu spreylerini yanlar\u0131na almay\u0131 unutmamal\u0131.<\/p>\n\n\n\n<h2 class=\"wp-block-heading has-text-align-center has-neeon-button-dark-gray-color has-text-color has-link-color wp-elements-23be6c34788806f5e3cb1a71f0a4957a\"><span class=\"ez-toc-section\" id=\"akyakada_ne_yenir\"><\/span><strong><strong><strong><strong>Akyaka&#8217;da Ne Yenir?<\/strong><\/strong><\/strong><\/strong><span class=\"ez-toc-section-end\"><\/span><\/h2>\n\n\n\n<figure class=\"wp-block-image size-full\"><img width=\"800\" height=\"500\" loading=\"lazy\" decoding=\"async\" src=\"data:image\/svg+xml;base64,PHN2ZyB4bWxucz0iaHR0cDovL3d3dy53My5vcmcvMjAwMC9zdmciIHdpZHRoPSI4MDAiIGhlaWdodD0iNTAwIj48cmVjdCB3aWR0aD0iMTAwJSIgaGVpZ2h0PSIxMDAlIj48YW5pbWF0ZSBhdHRyaWJ1dGVOYW1lPSJmaWxsIiB2YWx1ZXM9InJnYmEoMTUzLDE1MywxNTMsMC41KTtyZ2JhKDE1MywxNTMsMTUzLDAuMSk7cmdiYSgxNTMsMTUzLDE1MywwLjUpIiBkdXI9IjJzIiByZXBlYXRDb3VudD0iaW5kZWZpbml0ZSIgLz48L3JlY3Q+PC9zdmc+\" alt=\"\" class=\"wp-post-23321 wp-image-2952\" data-public-id=\"Akyaka-Carsi_drn3uv\/Akyaka-Carsi_drn3uv.jpg\" data-format=\"jpg\" data-transformations=\"f_auto,q_auto\/f_auto,q_auto:low\" data-version=\"1465297742\" data-seo=\"1\" data-size=\"800 500\" data-srcset=\"https:\/\/res.cloudinary.com\/turna\/images\/f_auto,q_auto\/f_auto,q_auto\/f_auto,q_auto:low\/v1465297742\/Akyaka-Carsi_drn3uv\/Akyaka-Carsi_drn3uv.jpg?_i=AA 800w, https:\/\/res.cloudinary.com\/turna\/images\/w_300,h_188,c_scale\/f_auto,q_auto\/f_auto,q_auto\/f_auto,q_auto:low\/v1465297742\/Akyaka-Carsi_drn3uv\/Akyaka-Carsi_drn3uv.jpg?_i=AA 300w, https:\/\/res.cloudinary.com\/turna\/images\/w_672,h_420,c_scale\/f_auto,q_auto\/f_auto,q_auto\/f_auto,q_auto:low\/v1465297742\/Akyaka-Carsi_drn3uv\/Akyaka-Carsi_drn3uv.jpg?_i=AA 672w, https:\/\/res.cloudinary.com\/turna\/images\/w_640,h_400,c_scale\/f_auto,q_auto\/f_auto,q_auto\/f_auto,q_auto:low\/v1465297742\/Akyaka-Carsi_drn3uv\/Akyaka-Carsi_drn3uv.jpg?_i=AA 640w, https:\/\/res.cloudinary.com\/turna\/images\/w_681,h_426,c_scale\/f_auto,q_auto\/f_auto,q_auto\/f_auto,q_auto:low\/v1465297742\/Akyaka-Carsi_drn3uv\/Akyaka-Carsi_drn3uv.jpg?_i=AA 681w\" data-sizes=\"(max-width: 800px) 100vw, 800px\" data-delivery=\"upload\" onload=\";window.CLDBind?CLDBind(this):null;\" data-cloudinary=\"lazy\" \/><\/figure>\n\n\n\n<p>Akyaka\u2019da ne yenir sorusunun cevab\u0131, Ege\u2019nin e\u015fsiz lezzetlerini ke\u015ffetmek isteyenler i\u00e7in adeta bir ziyafet! Bu rota, deniz \u00fcr\u00fcnlerinden zeytinya\u011fl\u0131 mezelerle dolu bir sofraya kadar bir\u00e7ok lezzeti bir arada sunan \u00f6zel bir yer. Azmak Nehri k\u0131y\u0131s\u0131nda, suyun \u00fczerinde s\u0131ralanm\u0131\u015f restoranlarda taze tutulmu\u015f bal\u0131klar ve karides, kalamar gibi deniz \u00fcr\u00fcnleri \u00f6ne \u00e7\u0131k\u0131yor. Ege otlar\u0131yla yap\u0131lan salatalar ve zeytinya\u011fl\u0131 mezeler, damakta b\u0131rakt\u0131\u011f\u0131 hafif ama kal\u0131c\u0131 tatlarla dikkat \u00e7ekiyor. Ayr\u0131ca Akyaka\u2019da, ta\u015f f\u0131r\u0131nlarda pi\u015firilen geleneksel G\u00f6kova pidesini denemek de \u015fart! Her k\u00f6\u015fede yerel tatlarla kar\u015f\u0131la\u015faca\u011f\u0131n\u0131z bu sakin kasabada, yemekten \u00f6nce Azmak\u2019\u0131n serin sular\u0131nda manzaran\u0131n tad\u0131n\u0131 \u00e7\u0131karmay\u0131 unutmay\u0131n. Akyaka, sadece do\u011fas\u0131yla de\u011fil, mutfa\u011f\u0131yla da gelenleri kendine a\u015f\u0131k eden bir Ege masal\u0131 sunuyor!<\/p>\n\n\n\n<h2 class=\"wp-block-heading has-text-align-center has-neeon-button-dark-gray-color has-text-color has-link-color wp-elements-652357cbe16bef004a9f580a79614f95\"><span class=\"ez-toc-section\" id=\"akyakaya_nasil_gidilir\"><\/span><strong><strong><strong><strong>Akyaka\u2019ya Nas\u0131l Gidilir?<\/strong><\/strong><\/strong><\/strong><span class=\"ez-toc-section-end\"><\/span><\/h2>\n\n\n\n<figure class=\"wp-block-image size-full\"><img width=\"800\" height=\"500\" loading=\"lazy\" decoding=\"async\" src=\"data:image\/svg+xml;base64,PHN2ZyB4bWxucz0iaHR0cDovL3d3dy53My5vcmcvMjAwMC9zdmciIHdpZHRoPSI4MDAiIGhlaWdodD0iNTAwIj48cmVjdCB3aWR0aD0iMTAwJSIgaGVpZ2h0PSIxMDAlIj48YW5pbWF0ZSBhdHRyaWJ1dGVOYW1lPSJmaWxsIiB2YWx1ZXM9InJnYmEoMTUzLDE1MywxNTMsMC41KTtyZ2JhKDE1MywxNTMsMTUzLDAuMSk7cmdiYSgxNTMsMTUzLDE1MywwLjUpIiBkdXI9IjJzIiByZXBlYXRDb3VudD0iaW5kZWZpbml0ZSIgLz48L3JlY3Q+PC9zdmc+\" alt=\"Akyaka-Mugla\" class=\"wp-post-23321 wp-image-1383\" data-public-id=\"Akyaka-Mugla_cuxlaj\/Akyaka-Mugla_cuxlaj.jpg\" data-format=\"jpg\" data-transformations=\"f_auto,q_auto:low\" data-version=\"1461739802\" data-seo=\"1\" data-size=\"800 500\" data-srcset=\"https:\/\/res.cloudinary.com\/turna\/images\/f_auto,q_auto:low\/v1461739802\/Akyaka-Mugla_cuxlaj\/Akyaka-Mugla_cuxlaj.jpg?_i=AA 800w, https:\/\/res.cloudinary.com\/turna\/images\/w_300,h_188,c_scale\/f_auto,q_auto:low\/v1461739802\/Akyaka-Mugla_cuxlaj\/Akyaka-Mugla_cuxlaj.jpg?_i=AA 300w, https:\/\/res.cloudinary.com\/turna\/images\/w_672,h_420,c_scale\/f_auto,q_auto:low\/v1461739802\/Akyaka-Mugla_cuxlaj\/Akyaka-Mugla_cuxlaj.jpg?_i=AA 672w, https:\/\/res.cloudinary.com\/turna\/images\/w_640,h_400,c_scale\/f_auto,q_auto:low\/v1461739802\/Akyaka-Mugla_cuxlaj\/Akyaka-Mugla_cuxlaj.jpg?_i=AA 640w, https:\/\/res.cloudinary.com\/turna\/images\/w_681,h_426,c_scale\/f_auto,q_auto:low\/v1461739802\/Akyaka-Mugla_cuxlaj\/Akyaka-Mugla_cuxlaj.jpg?_i=AA 681w\" data-sizes=\"(max-width: 800px) 100vw, 800px\" data-delivery=\"upload\" onload=\";window.CLDBind?CLDBind(this):null;\" data-cloudinary=\"lazy\" \/><\/figure>\n\n\n\n<p>Akyaka\u2019ya u\u00e7akla gitmek isteyenler i\u00e7in \u00fc\u00e7 farkl\u0131 havaliman\u0131 se\u00e7ene\u011fi bulunuyor. Bunlardan en ideali ise Akyaka\u2019ya yakla\u015f\u0131k 67 kilometre uzakl\u0131kta bulunan Dalaman Havaliman\u0131. U\u00e7aktan indikten sonra karayolu \u00fczerinden yakla\u015f\u0131k bir saat saat yolculukla, Akyaka\u2019ya ula\u015fabilirsiniz. <a href=\"https:\/\/www.turna.com\/ucak-bileti\/dalaman\"><strong>Dalaman u\u00e7ak bileti<\/strong><\/a> konusunda sorun ya\u015faman\u0131z durumunda Akyaka\u2019ya bir bu\u00e7uk saat mesafedeki Bodrum Havaliman\u0131 ya da yakla\u015f\u0131k iki bu\u00e7uk saat uzakl\u0131ktaki \u0130zmir Adnan Menderes Havaliman\u0131 \u00fczerinden yolculu\u011funuzu tamamlayabilirsiniz. <\/p>\n\n\n\n<p>Otob\u00fcs yolculu\u011funu tercih ediyorsan\u0131z, <a href=\"https:\/\/www.turna.com\/otobus-bileti\/mugla\"><strong>Mu\u011fla otob\u00fcs bileti<\/strong><\/a> se\u00e7eneklerine g\u00f6z at\u0131n ve her y\u00f6n\u00fcyle kalbinizi \u00e7almaya aday bu rotay\u0131 ke\u015ffedin!<\/p>\n\n\n\n<p><br><\/p>\n\n\n\n<p><span id=\"docs-internal-guid-a9f8875c-7fff-74ec-54f6-3dca005c7654\"><div><span style=\"font-size: 11pt; font-family: Arial, sans-serif; background-color: transparent; font-variant-numeric: normal; font-variant-east-asian: normal; font-variant-alternates: normal; font-variant-position: normal; vertical-align: baseline;\"><\/span><span style=\"font-size: 11pt; font-family: Arial, sans-serif; background-color: transparent; font-variant-numeric: normal; font-variant-east-asian: normal; font-variant-alternates: normal; font-variant-position: normal; vertical-align: baseline;\"><\/span><span style=\"font-size: 11pt; font-family: Arial, sans-serif; background-color: transparent; font-variant-numeric: normal; font-variant-east-asian: normal; font-variant-alternates: normal; font-variant-position: normal; vertical-align: baseline;\"><\/span><span style=\"font-size: 11pt; font-family: Arial, sans-serif; background-color: transparent; font-variant-numeric: normal; font-variant-east-asian: normal; font-variant-alternates: normal; font-variant-position: normal; vertical-align: baseline;\"><\/span><\/div><\/span><\/p>\n\n    <div class=\"xs_social_share_widget xs_share_url after_content \t\tmain_content  wslu-style-1 wslu-share-box-shaped wslu-fill-colored wslu-none wslu-share-horizontal wslu-theme-font-no wslu-main_content\">\n\n\t\t\n        <ul>\n\t\t\t        <\/ul>\n    <\/div> \n","protected":false},"excerpt":{"rendered":"<p>Mu\u011fla\u2019n\u0131n Ula il\u00e7esine ba\u011fl\u0131 Akyaka, do\u011fan\u0131n kuca\u011f\u0131nda, sakinli\u011fin ve huzurun h\u00fck\u00fcm s\u00fcrd\u00fc\u011f\u00fc bir ka\u00e7\u0131\u015f noktas\u0131. Ege\u2019nin en nadide hediyeleri aras\u0131nda yer alan bu eski bal\u0131k\u00e7\u0131 kasabas\u0131, hem do\u011faseverlerin hem de huzur arayan tatilcilerin pop\u00fcler rotalar\u0131 aras\u0131nda bulunuyor. \u00d6zel mimarisi, serin sular\u0131 ve el de\u011fmemi\u015f do\u011fas\u0131yla dikkat \u00e7eken Akyaka, G\u00f6kova K\u00f6rfezi\u2019nin masmavi sular\u0131nda sakin bir s\u0131\u011f\u0131nak [&hellip;]<\/p>\n","protected":false},"author":44,"featured_media":7675,"comment_status":"open","ping_status":"open","sticky":false,"template":"","format":"standard","meta":{"rop_custom_images_group":[],"rop_custom_messages_group":[],"rop_publish_now":"initial","rop_publish_now_accounts":[],"rop_publish_now_history":[],"rop_publish_now_status":"pending","_cloudinary_featured_overwrite":false,"footnotes":""},"categories":[84],"tags":[5340],"class_list":["post-23321","post","type-post","status-publish","format-standard","has-post-thumbnail","hentry","category-turkiye","tag-bus"],"_links":{"self":[{"href":"https:\/\/www.turna.com\/blog\/wp-json\/wp\/v2\/posts\/23321","targetHints":{"allow":["GET"]}}],"collection":[{"href":"https:\/\/www.turna.com\/blog\/wp-json\/wp\/v2\/posts"}],"about":[{"href":"https:\/\/www.turna.com\/blog\/wp-json\/wp\/v2\/types\/post"}],"author":[{"embeddable":true,"href":"https:\/\/www.turna.com\/blog\/wp-json\/wp\/v2\/users\/44"}],"replies":[{"embeddable":true,"href":"https:\/\/www.turna.com\/blog\/wp-json\/wp\/v2\/comments?post=23321"}],"version-history":[{"count":0,"href":"https:\/\/www.turna.com\/blog\/wp-json\/wp\/v2\/posts\/23321\/revisions"}],"wp:featuredmedia":[{"embeddable":true,"href":"https:\/\/www.turna.com\/blog\/wp-json\/wp\/v2\/media\/7675"}],"wp:attachment":[{"href":"https:\/\/www.turna.com\/blog\/wp-json\/wp\/v2\/media?parent=23321"}],"wp:term":[{"taxonomy":"category","embeddable":true,"href":"https:\/\/www.turna.com\/blog\/wp-json\/wp\/v2\/categories?post=23321"},{"taxonomy":"post_tag","embeddable":true,"href":"https:\/\/www.turna.com\/blog\/wp-json\/wp\/v2\/tags?post=23321"}],"curies":[{"name":"wp","href":"https:\/\/api.w.org\/{rel}","templated":true}]}}