{"id":23285,"date":"2024-10-25T16:50:51","date_gmt":"2024-10-25T13:50:51","guid":{"rendered":"https:\/\/www.turna.com\/blog\/?p=23285"},"modified":"2025-08-25T17:40:40","modified_gmt":"2025-08-25T14:40:40","slug":"dedeagac-gezilecek-yerler","status":"publish","type":"post","link":"https:\/\/www.turna.com\/blog\/dedeagac-gezilecek-yerler","title":{"rendered":"Dedea\u011fa\u00e7&#8217;ta Gezilecek Yerler"},"content":{"rendered":"<div id=\"ez-toc-container\" class=\"ez-toc-v2_0_82_2 counter-hierarchy ez-toc-counter ez-toc-black ez-toc-container-direction\">\n<div class=\"ez-toc-title-container\">\n<p class=\"ez-toc-title\" style=\"cursor:inherit\">\u0130\u00e7indekiler<\/p>\n<span class=\"ez-toc-title-toggle\"><a href=\"#\" class=\"ez-toc-pull-right ez-toc-btn ez-toc-btn-xs ez-toc-btn-default ez-toc-toggle\" aria-label=\"\u0130\u00e7indekiler Tablosunu A\u00e7\/Kapat\"><span class=\"ez-toc-js-icon-con\"><span class=\"\"><span class=\"eztoc-hide\" style=\"display:none;\">Toggle<\/span><span class=\"ez-toc-icon-toggle-span\"><svg style=\"fill: #ffffff;color:#ffffff\" xmlns=\"http:\/\/www.w3.org\/2000\/svg\" class=\"list-377408\" width=\"20px\" height=\"20px\" viewBox=\"0 0 24 24\" fill=\"none\"><path d=\"M6 6H4v2h2V6zm14 0H8v2h12V6zM4 11h2v2H4v-2zm16 0H8v2h12v-2zM4 16h2v2H4v-2zm16 0H8v2h12v-2z\" fill=\"currentColor\"><\/path><\/svg><svg style=\"fill: #ffffff;color:#ffffff\" class=\"arrow-unsorted-368013\" xmlns=\"http:\/\/www.w3.org\/2000\/svg\" width=\"10px\" height=\"10px\" viewBox=\"0 0 24 24\" version=\"1.2\" baseProfile=\"tiny\"><path d=\"M18.2 9.3l-6.2-6.3-6.2 6.3c-.2.2-.3.4-.3.7s.1.5.3.7c.2.2.4.3.7.3h11c.3 0 .5-.1.7-.3.2-.2.3-.5.3-.7s-.1-.5-.3-.7zM5.8 14.7l6.2 6.3 6.2-6.3c.2-.2.3-.5.3-.7s-.1-.5-.3-.7c-.2-.2-.4-.3-.7-.3h-11c-.3 0-.5.1-.7.3-.2.2-.3.5-.3.7s.1.5.3.7z\"\/><\/svg><\/span><\/span><\/span><\/a><\/span><\/div>\n<nav><ul class='ez-toc-list ez-toc-list-level-1 eztoc-toggle-hide-by-default' ><li class='ez-toc-page-1 ez-toc-heading-level-3'><a class=\"ez-toc-link ez-toc-heading-1\" href=\"https:\/\/www.turna.com\/blog\/dedeagac-gezilecek-yerler\/#dedeagacin_tarihi\" >Dedea\u011fa\u00e7\u2019\u0131n Tarihi<\/a><\/li><li class='ez-toc-page-1 ez-toc-heading-level-3'><a class=\"ez-toc-link ez-toc-heading-2\" href=\"https:\/\/www.turna.com\/blog\/dedeagac-gezilecek-yerler\/#dedeagacta_gezilecek_yerler\" >Dedea\u011fa\u00e7&#8217;ta Gezilecek Yerler<\/a><\/li><li class='ez-toc-page-1 ez-toc-heading-level-3'><a class=\"ez-toc-link ez-toc-heading-3\" href=\"https:\/\/www.turna.com\/blog\/dedeagac-gezilecek-yerler\/#dedeagaca_nasil_gidilir\" >Dedea\u011fa\u00e7\u2019a Nas\u0131l Gidilir?<\/a><\/li><li class='ez-toc-page-1 ez-toc-heading-level-3'><a class=\"ez-toc-link ez-toc-heading-4\" href=\"https:\/\/www.turna.com\/blog\/dedeagac-gezilecek-yerler\/#alisveris_ve_yemek\" >Al\u0131\u015fveri\u015f ve Yemek<\/a><\/li><\/ul><\/nav><\/div>\n\n<p>Dedea\u011fa\u00e7, Yunanistan\u2019\u0131n Evros b\u00f6lgesinde konumlanan modern bir \u015fehir olarak dikkat \u00e7ekiyor. T\u00fcrk ziyaret\u00e7ileri cezbetmeyi ba\u015faran bu destinasyon, hem do\u011fal g\u00fczellikleri hem de zengin tarihi ile konuklar\u0131na \u00e7e\u015fitli deneyimlerin kap\u0131lar\u0131n\u0131 aral\u0131yor.<\/p>\n\n\n\n<p>Dedea\u011fa\u00e7, \u00f6zellikle temiz denizi, leziz deniz mahsulleriyle \u00fcnl\u00fc restoranlar\u0131 ve hareketli gece hayat\u0131 ile biliniyor. \u0130stanbul\u2019a yak\u0131nl\u0131\u011f\u0131yla dikkat \u00e7eken bu destinasyon, ke\u015fif dolu bir yolculukla huzurlu bir ka\u00e7ama\u011f\u0131 bir arada sunuyor. Haz\u0131rlad\u0131\u011f\u0131m\u0131z Dedea\u011fa\u00e7 gezi rehberi ile bu e\u015fsiz co\u011frafyay\u0131 tan\u0131maya haz\u0131r olun!<\/p>\n\n\n\n<figure class=\"wp-block-image size-large\"><img width=\"1024\" height=\"640\" data-public-id=\"wordpress-contents\/selanik2\/selanik2.jpg\" fetchpriority=\"high\" decoding=\"async\" src=\"https:\/\/res.cloudinary.com\/turna\/images\/w_1024,h_640,c_scale\/f_auto,q_auto:low\/v1729860974\/wordpress-contents\/selanik2\/selanik2.jpg?_i=AA\" alt=\"\" class=\"wp-post-23285 wp-image-23292\" data-format=\"jpg\" data-transformations=\"f_auto,q_auto:low\" data-version=\"1729860974\" data-seo=\"1\" srcset=\"https:\/\/res.cloudinary.com\/turna\/images\/w_1024,h_640,c_scale\/f_auto,q_auto:low\/v1729860974\/wordpress-contents\/selanik2\/selanik2.jpg?_i=AA 1024w, https:\/\/res.cloudinary.com\/turna\/images\/w_800,h_500,c_scale\/f_auto,q_auto:low\/v1729860974\/wordpress-contents\/selanik2\/selanik2.jpg?_i=AA 800w, https:\/\/res.cloudinary.com\/turna\/images\/w_300,h_188,c_scale\/f_auto,q_auto:low\/v1729860974\/wordpress-contents\/selanik2\/selanik2.jpg?_i=AA 300w, https:\/\/res.cloudinary.com\/turna\/images\/w_1536,h_960,c_scale\/f_auto,q_auto:low\/v1729860974\/wordpress-contents\/selanik2\/selanik2.jpg?_i=AA 1536w, https:\/\/res.cloudinary.com\/turna\/images\/w_672,h_420,c_scale\/f_auto,q_auto:low\/v1729860974\/wordpress-contents\/selanik2\/selanik2.jpg?_i=AA 672w, https:\/\/res.cloudinary.com\/turna\/images\/w_640,h_400,c_scale\/f_auto,q_auto:low\/v1729860974\/wordpress-contents\/selanik2\/selanik2.jpg?_i=AA 640w, https:\/\/res.cloudinary.com\/turna\/images\/w_681,h_426,c_scale\/f_auto,q_auto:low\/v1729860974\/wordpress-contents\/selanik2\/selanik2.jpg?_i=AA 681w, https:\/\/res.cloudinary.com\/turna\/images\/f_auto,q_auto:low\/v1729860974\/wordpress-contents\/selanik2\/selanik2.jpg?_i=AA 1600w\" sizes=\"(max-width: 1024px) 100vw, 1024px\" \/><\/figure>\n\n\n\n<h3 class=\"wp-block-heading has-text-align-center has-neeon-button-dark-gray-color has-text-color has-link-color wp-elements-2630e095529658f825836d14d1d15c44\"><span class=\"ez-toc-section\" id=\"dedeagacin_tarihi\"><\/span><strong><strong><strong><strong>Dedea\u011fa\u00e7\u2019\u0131n Tarihi<\/strong><\/strong><\/strong><\/strong><span class=\"ez-toc-section-end\"><\/span><\/h3>\n\n\n\n<figure class=\"wp-block-image size-large\"><img decoding=\"async\" src=\"https:\/\/res.cloudinary.com\/turna\/image\/upload\/v1729860974\/wordpress-contents\/selanik1.jpg\" alt=\"\"\/><\/figure>\n\n\n\n<p>Dedea\u011fa\u00e7\u2019\u0131n tarihi, M.\u00d6. 8. y\u00fczy\u0131la kadar uzan\u0131yor. \u0130lk yerle\u015fimcilerin Karyal\u0131lar ve T\u0131raklar oldu\u011fu biliniyor. Bu yerle\u015fimciler, Samothraki Adas\u0131\u2019na yerle\u015fip sonras\u0131nda ana karaya ge\u00e7i\u015f yapm\u0131\u015f. Dedea\u011fa\u00e7 tarih boyunca Roma, Bizans, Gatelouzoi, Venedik ve Osmanl\u0131 egemenli\u011fine girmi\u015f. Osmanl\u0131 y\u00f6netiminde olan bu topraklara 15. y\u00fczy\u0131lda bir tekke in\u015fa edilmi\u015f. Tekkede yer alan a\u011fac\u0131n kutsall\u0131\u011f\u0131na inan\u0131lmas\u0131yla da kentin ad\u0131 \u201cDedea\u011fa\u00e7\u201d olmu\u015f.<\/p>\n\n\n\n<p>B\u00fckre\u015f Antla\u015fmas\u0131 ile Bulgaristan\u2019a ba\u011flanan Dedea\u011fa\u00e7, I. D\u00fcnya Sava\u015f\u0131\u2019ndan sonra 1919 Neuilly Antla\u015fmas\u0131 ile Yunanistan\u2019a b\u0131rak\u0131lm\u0131\u015f. Yunanistan Kral\u0131 I. Aleksandros\u2019un 1920\u2019de buray\u0131 ziyaret etmesi sonras\u0131nda \u015fehrin ismi \u201cAlexandroupoli\u201d olarak de\u011fi\u015ftirilmi\u015f.<\/p>\n\n\n\n<h3 class=\"wp-block-heading has-text-align-center has-neeon-button-dark-gray-color has-text-color has-link-color wp-elements-4625b96e64c0c76f639b1a574c35fe52\"><span class=\"ez-toc-section\" id=\"dedeagacta_gezilecek_yerler\"><\/span><strong><strong><strong><strong>Dedea\u011fa\u00e7&#8217;ta Gezilecek Yerler<\/strong><\/strong><\/strong><\/strong><span class=\"ez-toc-section-end\"><\/span><\/h3>\n\n\n\n<figure class=\"wp-block-image size-large\"><img decoding=\"async\" src=\"https:\/\/res.cloudinary.com\/turna\/image\/upload\/v1729860974\/wordpress-contents\/selanik3.jpg\" alt=\"\"\/><\/figure>\n\n\n\n<ul class=\"wp-block-list\">\n<li>Alexandroupoli Deniz Feneri<\/li>\n<\/ul>\n\n\n\n<p>Dedea\u011fa\u00e7\u2019\u0131n simgelerinden biri olan Alexandroupoli Deniz Feneri, 1880 y\u0131l\u0131nda Sultan II. Abd\u00fclhamit taraf\u0131ndan yapt\u0131r\u0131lm\u0131\u015f. Deniz feneri, \u015fehre gelen ziyaret\u00e7ilere tarihi bir atmosfer sunuyor ve b\u00f6lgenin denizle olan ba\u011flant\u0131s\u0131n\u0131 simgeliyor.<\/p>\n\n\n\n<ul class=\"wp-block-list\">\n<li>Trakya Etnoloji M\u00fczesi<\/li>\n<\/ul>\n\n\n\n<p>Trakya Etnoloji M\u00fczesi, b\u00f6lgenin k\u00fclt\u00fcrel miras\u0131n\u0131 g\u00f6zler \u00f6n\u00fcne seriyor. M\u00fczede \u00e7\u00f6mlek, tekstil, m\u00fczik aletleri ve kitaplardan olu\u015fan geni\u015f bir koleksiyon mevcut. Bu m\u00fcze, Trakya&#8217;n\u0131n geleneksel ya\u015fam tarz\u0131n\u0131 ve sanat\u0131n\u0131 anlamak i\u00e7in ideal bir durak.<\/p>\n\n\n\n<ul class=\"wp-block-list\">\n<li>Makri K\u00f6y\u00fc<\/li>\n<\/ul>\n\n\n\n<p>Makri, bal\u0131k restoranlar\u0131yla \u00fcnl\u00fc bir k\u00f6y olup, taze deniz \u00fcr\u00fcnleri tatmak i\u00e7in ideal bir durak. Hem denize girip hem de lezzetli deniz mahsullerinin tad\u0131n\u0131 \u00e7\u0131karabilece\u011finiz bu yer, Ege mezeleriyle de keyifli bir gastronomi deneyimi sunuyor. K\u00f6ydeki Kiklop Polifemus Ma\u011faras\u0131, Yunan mitolojisindeki Kiklop devine at\u0131fta bulunan tarihi bir mekan olarak biliniyor. Neolitik d\u00f6neme ait kal\u0131nt\u0131lar i\u00e7eren bu ma\u011fara, tarih merakl\u0131lar\u0131 i\u00e7in ilgi \u00e7ekici ziyaret noktalar\u0131 aras\u0131nda.<\/p>\n\n\n\n<ul class=\"wp-block-list\">\n<li>Makri\u2019nin Plajlar\u0131<\/li>\n<\/ul>\n\n\n\n<p>Dedea\u011fa\u00e7\u2019\u0131n merkezi, plaj arayan ziyaret\u00e7iler i\u00e7in ilk tercih olmasa da, yak\u0131nlardaki Makri K\u00f6y\u00fc, denizin tad\u0131n\u0131 \u00e7\u0131karmak isteyenler i\u00e7in ideal bir se\u00e7enek oluyor. \u00d6zellikle Aya Yorgi Plaj\u0131, ince kumlu sahili ve berrak deniziyle bir hayli pop\u00fcler. Ziyaret\u00e7ilere rahat bir ortam sunan plajda, \u015fezlonglar i\u00e7in ekstra bir \u00fccret talep edilmiyor; yaln\u0131zca yiyecek ve i\u00e7ecekleriniz i\u00e7in \u00f6deme yapman\u0131z yeterli.<\/p>\n\n\n\n<ul class=\"wp-block-list\">\n<li>Dedea\u011fa\u00e7 Tarih M\u00fczesi<\/li>\n<\/ul>\n\n\n\n<p>Dedea\u011fa\u00e7 Tarih M\u00fczesi, \u015fehrin tarihini ve \u00e7evresindeki arkeolojik alanlar\u0131 tan\u0131t\u0131yor. Ayr\u0131ca m\u00fczede b\u00f6lge sanat\u00e7\u0131lar\u0131n\u0131n eserlerine yer veriliyor. Ressam Hariklia Hadjisavvas-Fotiou\u2019nun bir\u00e7ok eseri burada sergileniyor.<\/p>\n\n\n\n<ul class=\"wp-block-list\">\n<li>Dedea\u011fa\u00e7 Arkeoloji M\u00fczesi<\/li>\n<\/ul>\n\n\n\n<p>2022 y\u0131l\u0131nda a\u00e7\u0131lan Dedea\u011fa\u00e7 Arkeoloji M\u00fczesi, b\u00f6lgenin tarih \u00f6ncesi d\u00f6nemlerinden Roma d\u00f6nemine kadar olan buluntular\u0131 i\u00e7eriyor. Arkeolojik ke\u015fifler ve eski d\u00f6nemlere ait eserler bu m\u00fczede sergileniyor ve ziyaret\u00e7ilere zengin bir tarihin kap\u0131lar\u0131n\u0131 aral\u0131yor.<\/p>\n\n\n\n<ul class=\"wp-block-list\">\n<li>Evros (Meri\u00e7) Delta Milli Park\u0131<\/li>\n<\/ul>\n\n\n\n<p>528 km uzunlu\u011fundaki Meri\u00e7 Nehri, Bulgaristan\u2019\u0131n Rila Da\u011flar\u0131\u2019ndan do\u011farak T\u00fcrkiye s\u0131n\u0131r\u0131n\u0131 \u00e7izen bir delta olu\u015fturuyor. Evros Deltas\u0131 188 km\u00b2\u2019lik y\u00fczey alan\u0131yla 300\u2019den daha fazla ku\u015f \u00e7e\u015fidine ev sahipli\u011fi yap\u0131yor.&nbsp;Tekne turlar\u0131 ile b\u00f6lgenin do\u011fal g\u00fczelliklerini ke\u015ffetme olana\u011f\u0131 bulunuyor.<\/p>\n\n\n\n<ul class=\"wp-block-list\">\n<li>Dimokratias Caddesi<\/li>\n<\/ul>\n\n\n\n<p>\u015eehrin kalbi olan Dimokratias Caddesi, Dedea\u011fa\u00e7\u2019\u0131n en b\u00fcy\u00fck ve hareketli yerlerinden biri olarak tan\u0131n\u0131yor. Cadde \u00fczerinde bir\u00e7ok taverna, d\u00fckkan ve restoran bulunuyor. Ak\u015famlar\u0131 trafi\u011fe kapat\u0131lan cadde, y\u00fcr\u00fcy\u00fc\u015f yapmak ve \u015fehrin canl\u0131 atmosferini ya\u015famak i\u00e7in ideal.&nbsp;<\/p>\n\n\n\n<ul class=\"wp-block-list\">\n<li>Theotokos Kosmosoteira Kilisesi<\/li>\n<\/ul>\n\n\n\n<p>Theotokos Kosmosoteira Kilisesi, Feres\u2019te bulunuyor. Bizans \u0130mparatoru I. Aleksios Komnenos\u2019un o\u011flu Sebastokrator Isaac Komnenos taraf\u0131ndan yakla\u015f\u0131k 1152 y\u0131l\u0131nda Ayasofya\u2019dan esinlenerek yapt\u0131r\u0131lan bu kilise, tarihi ve mimari a\u00e7\u0131dan \u00f6nemli bir yap\u0131 olarak \u00f6ne \u00e7\u0131k\u0131yor.<\/p>\n\n\n\n<ul class=\"wp-block-list\">\n<li>Dadia Orman\u0131<\/li>\n<\/ul>\n\n\n\n<p>Dadia Orman\u0131, 7.290 hektar alana yay\u0131l\u0131yor ve \u00e7o\u011funlukla me\u015fe ve \u00e7am a\u011fa\u00e7lar\u0131ndan olu\u015fuyor. Buradaki fosille\u015fmi\u015f a\u011fa\u00e7 g\u00f6vdelerinin, 25-40 milyon y\u0131l \u00f6ncesinden kald\u0131\u011f\u0131 biliniyor. Bu orman, \u00f6zellikle do\u011faseverler i\u00e7in g\u00f6r\u00fclesi bir ziyaret noktas\u0131.<\/p>\n\n\n\n<ul class=\"wp-block-list\">\n<li>Soufli<\/li>\n<\/ul>\n\n\n\n<p>\u0130pek \u00fcretimi ile \u00fcnl\u00fc olan Soufli; \u0130pek M\u00fczesi, Cocoon House (Koza Evi) ve Folk Art M\u00fczesi gibi mekanlar\u0131 ile tan\u0131n\u0131yor. Silk Line fabrikas\u0131ndan ipek \u00fcr\u00fcnleri sat\u0131n al\u0131nabiliyor ve ipek b\u00f6ce\u011fi k\u00fclt\u00fcr\u00fc hakk\u0131nda bilgiler edinilebiliyor.<\/p>\n\n\n\n<ul class=\"wp-block-list\">\n<li>Vistonida G\u00f6l\u00fc<\/li>\n<\/ul>\n\n\n\n<p>Dedea\u011fa\u00e7 merkeze 95 km mesafedeki Vistonida G\u00f6l\u00fc, ku\u015f g\u00f6zlemcileri i\u00e7in adeta bir cennet. K\u0131\u015f aylar\u0131nda 422 farkl\u0131 ku\u015f t\u00fcr\u00fcne ev sahipli\u011fi yapan bu g\u00f6l, 42.000 d\u00f6n\u00fcml\u00fck geni\u015f bir alana yay\u0131l\u0131yor. G\u00f6l \u00fczerindeki ah\u015fap k\u00f6pr\u00fcler, ziyaret\u00e7ileri Agios Nikolaos Kilisesi ve Virgin Mary Pantanassa Ortodoks Kilisesi gibi tarihi yap\u0131lara g\u00f6t\u00fcr\u00fcrken, b\u00f6lgenin do\u011fal ve k\u00fclt\u00fcrel g\u00fczelliklerini bir arada sunuyor. Do\u011fa ve tarihin kol kola gezdi\u011fi bu lokasyon, hem do\u011fa tutkunlar\u0131 hem de derinlemesine bir tarihi ke\u015fif arayan gezginler i\u00e7in cazip bir tercih oluyor.<\/p>\n\n\n\n<ul class=\"wp-block-list\">\n<li>Loutros<\/li>\n<\/ul>\n\n\n\n<p>Loutros, kapl\u0131calar\u0131yla \u00fcnl\u00fc olup, rahatlamak ve \u015fifal\u0131 sularla yenilenmek isteyenler i\u00e7in ideal bir destinasyon. Hem dinlenme hem de sa\u011fl\u0131k turizmi i\u00e7in sundu\u011fu imkanlarla \u00f6ne \u00e7\u0131kan Loutros, do\u011fal termal sular\u0131 sayesinde ziyaret\u00e7ilerine huzurlu bir deneyim vadediyor.<\/p>\n\n\n\n<ul class=\"wp-block-list\">\n<li>Samothraki (Semadirek) Adas\u0131<\/li>\n<\/ul>\n\n\n\n<p>Samothraki Adas\u0131, Pahia Ammos plaj\u0131 ve Therma\u2019da bulunan Fonia \u015eelalesi ile bir hayli me\u015fhur. Ayr\u0131ca, b\u00f6lgede konumlanan B\u00fcy\u00fck Tanr\u0131lar Mabedi gibi \u00f6ren yerleri de gezginlerin ilgi g\u00f6sterdi\u011fi cazibe duraklar\u0131 aras\u0131nda yer al\u0131yor.<\/p>\n\n\n\n<ul class=\"wp-block-list\">\n<li>Yuppii Luna Park<\/li>\n<\/ul>\n\n\n\n<p>Yuppii Luna Park, ailece e\u011flenmek isteyenler i\u00e7in do\u011fru adres. Hem \u00e7ocuklar hem de yeti\u015fkinler i\u00e7in \u00e7e\u015fitli e\u011flence olanaklar\u0131 sunan bu park, Dedea\u011fa\u00e7\u2019\u0131n enerjik ve renkli yan\u0131n\u0131 ke\u015ffetmek isteyenlere harika bir f\u0131rsat sunuyor. \u015eehrin ne\u015feli atmosferini hissetmek ve unutulmaz an\u0131lar biriktirmek i\u00e7in Yuppii Luna Park&#8217;\u0131 gezi rotan\u0131za ekleyebilirsiniz.<\/p>\n\n\n\n<h3 class=\"wp-block-heading has-text-align-center has-neeon-button-dark-gray-color has-text-color has-link-color wp-elements-b0322f28c5dd0e19daf0562df592124a\"><span class=\"ez-toc-section\" id=\"dedeagaca_nasil_gidilir\"><\/span><strong><strong><strong><strong>Dedea\u011fa\u00e7\u2019a Nas\u0131l Gidilir?<\/strong><\/strong><\/strong><\/strong><span class=\"ez-toc-section-end\"><\/span><\/h3>\n\n\n\n<figure class=\"wp-block-image size-large\"><img width=\"1600\" height=\"1000\" data-public-id=\"wordpress-contents\/selanik2\/selanik2.jpg\" decoding=\"async\" src=\"https:\/\/res.cloudinary.com\/turna\/images\/w_1600,h_1000,c_scale\/f_auto,q_auto:low\/v1729860974\/wordpress-contents\/selanik2\/selanik2.jpg?_i=AA\" alt=\"\" class=\"wp-post-23285 wp-image-23292\" data-format=\"jpg\" data-transformations=\"f_auto,q_auto:low\" data-version=\"1729860974\" data-seo=\"1\" srcset=\"https:\/\/res.cloudinary.com\/turna\/images\/f_auto,q_auto:low\/v1729860974\/wordpress-contents\/selanik2\/selanik2.jpg?_i=AA 1600w, https:\/\/res.cloudinary.com\/turna\/images\/w_800,h_500,c_scale\/f_auto,q_auto:low\/v1729860974\/wordpress-contents\/selanik2\/selanik2.jpg?_i=AA 800w, https:\/\/res.cloudinary.com\/turna\/images\/w_1024,h_640,c_scale\/f_auto,q_auto:low\/v1729860974\/wordpress-contents\/selanik2\/selanik2.jpg?_i=AA 1024w, https:\/\/res.cloudinary.com\/turna\/images\/w_300,h_188,c_scale\/f_auto,q_auto:low\/v1729860974\/wordpress-contents\/selanik2\/selanik2.jpg?_i=AA 300w, https:\/\/res.cloudinary.com\/turna\/images\/w_1536,h_960,c_scale\/f_auto,q_auto:low\/v1729860974\/wordpress-contents\/selanik2\/selanik2.jpg?_i=AA 1536w, https:\/\/res.cloudinary.com\/turna\/images\/w_672,h_420,c_scale\/f_auto,q_auto:low\/v1729860974\/wordpress-contents\/selanik2\/selanik2.jpg?_i=AA 672w, https:\/\/res.cloudinary.com\/turna\/images\/w_640,h_400,c_scale\/f_auto,q_auto:low\/v1729860974\/wordpress-contents\/selanik2\/selanik2.jpg?_i=AA 640w, https:\/\/res.cloudinary.com\/turna\/images\/w_681,h_426,c_scale\/f_auto,q_auto:low\/v1729860974\/wordpress-contents\/selanik2\/selanik2.jpg?_i=AA 681w\" sizes=\"(max-width: 1600px) 100vw, 1600px\" \/><\/figure>\n\n\n\n<p>Dedea\u011fa\u00e7, \u0130stanbul\u2019a yakla\u015f\u0131k 300 km uzakl\u0131kta konumlan\u0131yor. Edirne\u2019nin \u0130psala S\u0131n\u0131r Kap\u0131s\u0131 ile ba\u011flant\u0131l\u0131 olan Dedea\u011fa\u00e7\u2019a ula\u015f\u0131m, \u0130stanbul&#8217;dan bireysel ara\u00e7larla ya da otob\u00fcs seferleriyle sa\u011flanabiliyor ve yolculuk ortalama 4 saat s\u00fcr\u00fcyor. Bu k\u0131sa yolculu\u011fun ard\u0131ndan b\u00f6lgede bulunan Dedea\u011fa\u00e7 otellerine yerle\u015ferek b\u00f6lgeyi ki\u015fisel rotalara g\u00f6re ke\u015ffetme imkan\u0131 bulunuyor.<\/p>\n\n\n\n<h3 class=\"wp-block-heading has-text-align-center has-neeon-button-dark-gray-color has-text-color has-link-color wp-elements-a93013be647f42e5350eac49993cd6ff\"><span class=\"ez-toc-section\" id=\"alisveris_ve_yemek\"><\/span><strong><strong><strong><strong>Al\u0131\u015fveri\u015f ve Yemek<\/strong><\/strong><\/strong><\/strong><span class=\"ez-toc-section-end\"><\/span><\/h3>\n\n\n\n<figure class=\"wp-block-image size-large\"><img decoding=\"async\" src=\"https:\/\/res.cloudinary.com\/turna\/image\/upload\/v1729860978\/wordpress-contents\/selanik5.jpg\" alt=\"\"\/><\/figure>\n\n\n\n<p>Dedea\u011fa\u00e7\u2019a gidip de hediyelik e\u015fyalar almadan d\u00f6nmek olmaz. Ancak al\u0131\u015fveri\u015f yaparken siesta saatlerine dikkat edilmeli. K\u00fc\u00e7\u00fck esnaflar genellikle 14:00-17:00 saatleri aras\u0131nda kapal\u0131 oluyor ve ard\u0131ndan ak\u015fam saatlerinde yeniden a\u00e7\u0131l\u0131yor.<\/p>\n\n\n\n<p>Dedea\u011fa\u00e7\u2019ta ne yenir diye soranlar ise muhte\u015fem Yunan mutfa\u011f\u0131n\u0131n lezzetlerini es ge\u00e7memeli. Kabak k\u0131zartmas\u0131, ahtapot tava ve mevsim bal\u0131klar\u0131 gibi y\u00f6resel tatlar, Dedea\u011fa\u00e7\u2019\u0131n mutfak k\u00fclt\u00fcr\u00fcn\u00fcn \u00f6nemli par\u00e7alar\u0131 aras\u0131nda yer al\u0131yor. T\u00fcrk ve Yunan m\u00fcziklerinin e\u015flik etti\u011fi ak\u015fam yemekleri, keyifli bir deneyim sunarak unutulmaz an\u0131lar\u0131n par\u00e7as\u0131 oluyor.<\/p>\n\n\n\n<p>Dedea\u011fa\u00e7\u2019ta yeme-i\u00e7me, gezilecek yerler listesinin zenginli\u011finin yan\u0131 s\u0131ra bu kentin tercih edilme nedenleri aras\u0131nda bulunuyor. Dedea\u011fa\u00e7\u2019ta \u00f6zellikle kalamar, mezgit ve karidesler \u00f6zenle haz\u0131rlan\u0131p servis ediliyor. Ahtapot, hafif bir k\u00f6z tad\u0131 ile pi\u015firiliyor. Kalamar ise \u00e7\u0131t\u0131r \u00e7\u0131t\u0131r k\u0131zart\u0131l\u0131yor. Taptaze, etli mezgitler ve muhte\u015fem karidesler damaklar\u0131 e\u015fsiz bir tatla bulu\u015fturuyor.<\/p>\n\n\n\n<p>Dedea\u011fa\u00e7\u2019\u0131n zengin mutfak k\u00fclt\u00fcr\u00fc sadece deniz \u00fcr\u00fcnleriyle s\u0131n\u0131rl\u0131 de\u011fil. Mezeler de son derece tatmin edici. Taze otlarla yap\u0131lan salatalar, \u00e7\u0131t\u0131r k\u0131zarm\u0131\u015f kabak dilimleri, zeytinya\u011fl\u0131 m\u00fccverler ve peynir dolgulu kabak \u00e7i\u00e7e\u011fi k\u0131zartmas\u0131 i\u015ftah kabart\u0131c\u0131 lezzetler aras\u0131nda ilk akla gelenler.<\/p>\n\n\n\n<p>Dedea\u011fa\u00e7\u2019ta k\u00f6fte de olduk\u00e7a pop\u00fcler. Deniz \u00fcr\u00fcnlerinin yan\u0131nda etli bir alternatif ar\u0131yorsan\u0131z, k\u00f6fte se\u00e7eneklerine \u015fans verebilirsiniz. E\u015fsiz bir deniz \u00fcr\u00fcn\u00fc ziyafeti sonras\u0131 k\u00f6fte yemek isteyenler bu lezzetle tan\u0131\u015ft\u0131\u011f\u0131na pi\u015fmanl\u0131k duymuyor.<\/p>\n\n\n\n<p>Gastronominin inceliklerini ke\u015ffedece\u011finiz bu rotada, her bir tabak b\u00fcy\u00fck bir \u00f6zenle haz\u0131rlan\u0131yor ve en taze malzemelerle sunuluyor. Her lezzet, yerel tatlar\u0131n \u00f6zg\u00fcn dokusunu ta\u015f\u0131yor ve damaklar\u0131 \u015fenlendiriyor.<\/p>\n\n\n\n<p>T\u00fcrkiye s\u0131n\u0131r\u0131na olduk\u00e7a yak\u0131n olan Dedea\u011fa\u00e7\u2019\u0131 gezmek \u00fczere hemen bir <a href=\"https:\/\/www.turna.com\/otobus-bileti\/dedeagac-yunanistan\">otob\u00fcs bileti<\/a>&nbsp;alarak muhte\u015fem bir ser\u00fcven i\u00e7in ilk ad\u0131m\u0131 at\u0131n! Her k\u00f6\u015fesi farkl\u0131 bir hikaye anlatan bu \u015fehirde, ruhunuzu ve dama\u011f\u0131n\u0131z\u0131 \u015f\u0131martacak an\u0131lar biriktirin.<\/p>\n\n    <div class=\"xs_social_share_widget xs_share_url after_content \t\tmain_content  wslu-style-1 wslu-share-box-shaped wslu-fill-colored wslu-none wslu-share-horizontal wslu-theme-font-no wslu-main_content\">\n\n\t\t\n        <ul>\n\t\t\t        <\/ul>\n    <\/div> \n","protected":false},"excerpt":{"rendered":"<p>Dedea\u011fa\u00e7, Yunanistan\u2019\u0131n Evros b\u00f6lgesinde konumlanan modern bir \u015fehir olarak dikkat \u00e7ekiyor. T\u00fcrk ziyaret\u00e7ileri cezbetmeyi ba\u015faran bu destinasyon, hem do\u011fal g\u00fczellikleri hem de zengin tarihi ile konuklar\u0131na \u00e7e\u015fitli deneyimlerin kap\u0131lar\u0131n\u0131 aral\u0131yor. Dedea\u011fa\u00e7, \u00f6zellikle temiz denizi, leziz deniz mahsulleriyle \u00fcnl\u00fc restoranlar\u0131 ve hareketli gece hayat\u0131 ile biliniyor. \u0130stanbul\u2019a yak\u0131nl\u0131\u011f\u0131yla dikkat \u00e7eken bu destinasyon, ke\u015fif dolu bir yolculukla [&hellip;]<\/p>\n","protected":false},"author":44,"featured_media":23292,"comment_status":"open","ping_status":"open","sticky":false,"template":"","format":"standard","meta":{"rop_custom_images_group":[],"rop_custom_messages_group":[],"rop_publish_now":"initial","rop_publish_now_accounts":[],"rop_publish_now_history":[],"rop_publish_now_status":"pending","_cloudinary_featured_overwrite":false,"footnotes":""},"categories":[1,2,18],"tags":[],"class_list":["post-23285","post","type-post","status-publish","format-standard","has-post-thumbnail","hentry","category-seyahat-rehberi","category-ulkeler","category-yunanistan"],"_links":{"self":[{"href":"https:\/\/www.turna.com\/blog\/wp-json\/wp\/v2\/posts\/23285","targetHints":{"allow":["GET"]}}],"collection":[{"href":"https:\/\/www.turna.com\/blog\/wp-json\/wp\/v2\/posts"}],"about":[{"href":"https:\/\/www.turna.com\/blog\/wp-json\/wp\/v2\/types\/post"}],"author":[{"embeddable":true,"href":"https:\/\/www.turna.com\/blog\/wp-json\/wp\/v2\/users\/44"}],"replies":[{"embeddable":true,"href":"https:\/\/www.turna.com\/blog\/wp-json\/wp\/v2\/comments?post=23285"}],"version-history":[{"count":0,"href":"https:\/\/www.turna.com\/blog\/wp-json\/wp\/v2\/posts\/23285\/revisions"}],"wp:featuredmedia":[{"embeddable":true,"href":"https:\/\/www.turna.com\/blog\/wp-json\/wp\/v2\/media\/23292"}],"wp:attachment":[{"href":"https:\/\/www.turna.com\/blog\/wp-json\/wp\/v2\/media?parent=23285"}],"wp:term":[{"taxonomy":"category","embeddable":true,"href":"https:\/\/www.turna.com\/blog\/wp-json\/wp\/v2\/categories?post=23285"},{"taxonomy":"post_tag","embeddable":true,"href":"https:\/\/www.turna.com\/blog\/wp-json\/wp\/v2\/tags?post=23285"}],"curies":[{"name":"wp","href":"https:\/\/api.w.org\/{rel}","templated":true}]}}