{"id":22905,"date":"2024-08-26T16:06:11","date_gmt":"2024-08-26T13:06:11","guid":{"rendered":"https:\/\/www.turna.com\/blog\/?p=22905"},"modified":"2025-12-08T13:28:39","modified_gmt":"2025-12-08T10:28:39","slug":"marmarisin-en-guzel-plajlari","status":"publish","type":"post","link":"https:\/\/www.turna.com\/blog\/marmarisin-en-guzel-plajlari","title":{"rendered":"Marmaris&#8217;in En G\u00fczel Plajlar\u0131"},"content":{"rendered":"<div id=\"ez-toc-container\" class=\"ez-toc-v2_0_82_2 counter-hierarchy ez-toc-counter ez-toc-black ez-toc-container-direction\">\n<div class=\"ez-toc-title-container\">\n<p class=\"ez-toc-title\" style=\"cursor:inherit\">\u0130\u00e7indekiler<\/p>\n<span class=\"ez-toc-title-toggle\"><a href=\"#\" class=\"ez-toc-pull-right ez-toc-btn ez-toc-btn-xs ez-toc-btn-default ez-toc-toggle\" aria-label=\"\u0130\u00e7indekiler Tablosunu A\u00e7\/Kapat\"><span class=\"ez-toc-js-icon-con\"><span class=\"\"><span class=\"eztoc-hide\" style=\"display:none;\">Toggle<\/span><span class=\"ez-toc-icon-toggle-span\"><svg style=\"fill: #ffffff;color:#ffffff\" xmlns=\"http:\/\/www.w3.org\/2000\/svg\" class=\"list-377408\" width=\"20px\" height=\"20px\" viewBox=\"0 0 24 24\" fill=\"none\"><path d=\"M6 6H4v2h2V6zm14 0H8v2h12V6zM4 11h2v2H4v-2zm16 0H8v2h12v-2zM4 16h2v2H4v-2zm16 0H8v2h12v-2z\" fill=\"currentColor\"><\/path><\/svg><svg style=\"fill: #ffffff;color:#ffffff\" class=\"arrow-unsorted-368013\" xmlns=\"http:\/\/www.w3.org\/2000\/svg\" width=\"10px\" height=\"10px\" viewBox=\"0 0 24 24\" version=\"1.2\" baseProfile=\"tiny\"><path d=\"M18.2 9.3l-6.2-6.3-6.2 6.3c-.2.2-.3.4-.3.7s.1.5.3.7c.2.2.4.3.7.3h11c.3 0 .5-.1.7-.3.2-.2.3-.5.3-.7s-.1-.5-.3-.7zM5.8 14.7l6.2 6.3 6.2-6.3c.2-.2.3-.5.3-.7s-.1-.5-.3-.7c-.2-.2-.4-.3-.7-.3h-11c-.3 0-.5.1-.7.3-.2.2-.3.5-.3.7s.1.5.3.7z\"\/><\/svg><\/span><\/span><\/span><\/a><\/span><\/div>\n<nav><ul class='ez-toc-list ez-toc-list-level-1 eztoc-toggle-hide-by-default' ><li class='ez-toc-page-1 ez-toc-heading-level-2'><a class=\"ez-toc-link ez-toc-heading-1\" href=\"https:\/\/www.turna.com\/blog\/marmarisin-en-guzel-plajlari\/#marmarisin_birbirinden_guzel_koy_ve_plajlari\" >Marmaris&#8217;in Birbirinden G\u00fczel Koy ve Plajlar\u0131<\/a><ul class='ez-toc-list-level-3' ><li class='ez-toc-heading-level-3'><a class=\"ez-toc-link ez-toc-heading-2\" href=\"https:\/\/www.turna.com\/blog\/marmarisin-en-guzel-plajlari\/#ciftlik_koyu\" >\u00c7iftlik Koyu<\/a><\/li><li class='ez-toc-page-1 ez-toc-heading-level-3'><a class=\"ez-toc-link ez-toc-heading-3\" href=\"https:\/\/www.turna.com\/blog\/marmarisin-en-guzel-plajlari\/#kumlubuk\" >Kumlub\u00fck<\/a><\/li><li class='ez-toc-page-1 ez-toc-heading-level-3'><a class=\"ez-toc-link ez-toc-heading-4\" href=\"https:\/\/www.turna.com\/blog\/marmarisin-en-guzel-plajlari\/#turunc_plaji\" >Turun\u00e7 Plaj\u0131<\/a><\/li><li class='ez-toc-page-1 ez-toc-heading-level-3'><a class=\"ez-toc-link ez-toc-heading-5\" href=\"https:\/\/www.turna.com\/blog\/marmarisin-en-guzel-plajlari\/#cennet_koyu\" >Cennet  Koyu<\/a><\/li><li class='ez-toc-page-1 ez-toc-heading-level-3'><a class=\"ez-toc-link ez-toc-heading-6\" href=\"https:\/\/www.turna.com\/blog\/marmarisin-en-guzel-plajlari\/#incekum_plaji\" >\u0130ncekum Plaj\u0131<\/a><\/li><li class='ez-toc-page-1 ez-toc-heading-level-3'><a class=\"ez-toc-link ez-toc-heading-7\" href=\"https:\/\/www.turna.com\/blog\/marmarisin-en-guzel-plajlari\/#bordubet_koyu\" >B\u00f6rd\u00fcbet Koyu<\/a><\/li><li class='ez-toc-page-1 ez-toc-heading-level-3'><a class=\"ez-toc-link ez-toc-heading-8\" href=\"https:\/\/www.turna.com\/blog\/marmarisin-en-guzel-plajlari\/#amos_plaji\" >Amos Plaj\u0131<\/a><\/li><\/ul><\/li><\/ul><\/nav><\/div>\n\n<p>Yaz\u0131n co\u015fkusunu iliklerinize kadar hissetmek, g\u00fcne\u015fin alt\u0131n \u0131\u015f\u0131klar\u0131yla dans etmek ve Ege&#8217;nin serin sular\u0131na kendinizi b\u0131rakmak istiyorsan\u0131z, <strong>Marmaris\u2019in en g\u00fczel plajlar\u0131<\/strong> sizi bekliyor! Do\u011fan\u0131n c\u00f6mert\u00e7e sundu\u011fu bu cennet k\u00f6\u015feleri, sadece g\u00f6zlerinizi de\u011fil, ruhunuzu da ok\u015fayacak. Her biri kendine has b\u00fcy\u00fcs\u00fcyle sizi sar\u0131p sarmalayacak bu plajlarda, deniz ve kumun muhte\u015fem uyumuna tan\u0131k olacak, her dalgada hayat\u0131n tad\u0131n\u0131 biraz daha \u00e7\u0131karacaks\u0131n\u0131z. Valizinizi haz\u0131rlay\u0131n, g\u00fcne\u015f kreminizi kap\u0131n, \u00e7\u00fcnk\u00fc Marmaris\u2019in en g\u00fczel plajlar\u0131n\u0131 ke\u015ffetmeye gidiyoruz! Bu yolculukta Ege&#8217;nin mavisi sizi kucaklayacak ve her bir koyda farkl\u0131 bir ser\u00fcven sizi bekliyor olacak. Yaz\u0131n enerjisiyle dolup ta\u015fmaya haz\u0131r olun! \u2600\ufe0f\u26f1\ufe0f\u26f5\ud83d\udc59\ud83e\ude74<\/p>\n\n\n\n<h2 class=\"wp-block-heading has-text-align-center has-neeon-button-dark-gray-color has-text-color has-link-color wp-elements-58507404fc69334c40c20173cc66eff7\"><span class=\"ez-toc-section\" id=\"marmarisin_birbirinden_guzel_koy_ve_plajlari\"><\/span><strong>Marmaris&#8217;in Birbirinden G\u00fczel Koy ve Plajlar\u0131<\/strong><span class=\"ez-toc-section-end\"><\/span><\/h2>\n\n\n\n<figure class=\"wp-block-image size-large\"><img width=\"800\" height=\"500\" decoding=\"async\" src=\"data:image\/svg+xml;base64,PHN2ZyB4bWxucz0iaHR0cDovL3d3dy53My5vcmcvMjAwMC9zdmciIHdpZHRoPSI4MDAiIGhlaWdodD0iNTAwIj48cmVjdCB3aWR0aD0iMTAwJSIgaGVpZ2h0PSIxMDAlIj48YW5pbWF0ZSBhdHRyaWJ1dGVOYW1lPSJmaWxsIiB2YWx1ZXM9InJnYmEoMTUzLDE1MywxNTMsMC41KTtyZ2JhKDE1MywxNTMsMTUzLDAuMSk7cmdiYSgxNTMsMTUzLDE1MywwLjUpIiBkdXI9IjJzIiByZXBlYXRDb3VudD0iaW5kZWZpbml0ZSIgLz48L3JlY3Q+PC9zdmc+\" alt=\"Marmaris&#039;in En G\u00fczel Plajlar\u0131\" data-public-id=\"wordpress-contents\/marmaris_plajlari\/marmaris_plajlari.jpg\" class=\"wp-post-22905 wp-image-22906\" data-format=\"jpg\" data-transformations=\"f_auto,q_auto:low\" data-version=\"1724677278\" data-seo=\"1\" data-size=\"800 500\" data-srcset=\"https:\/\/res.cloudinary.com\/turna\/images\/f_auto,q_auto:low\/v1724677278\/wordpress-contents\/marmaris_plajlari\/marmaris_plajlari.jpg?_i=AA 800w, https:\/\/res.cloudinary.com\/turna\/images\/w_300,h_188,c_scale\/f_auto,q_auto:low\/v1724677278\/wordpress-contents\/marmaris_plajlari\/marmaris_plajlari.jpg?_i=AA 300w, https:\/\/res.cloudinary.com\/turna\/images\/w_672,h_420,c_scale\/f_auto,q_auto:low\/v1724677278\/wordpress-contents\/marmaris_plajlari\/marmaris_plajlari.jpg?_i=AA 672w, https:\/\/res.cloudinary.com\/turna\/images\/w_640,h_400,c_scale\/f_auto,q_auto:low\/v1724677278\/wordpress-contents\/marmaris_plajlari\/marmaris_plajlari.jpg?_i=AA 640w, https:\/\/res.cloudinary.com\/turna\/images\/w_681,h_426,c_scale\/f_auto,q_auto:low\/v1724677278\/wordpress-contents\/marmaris_plajlari\/marmaris_plajlari.jpg?_i=AA 681w\" data-sizes=\"(max-width: 800px) 100vw, 800px\" data-delivery=\"upload\" onload=\";window.CLDBind?CLDBind(this):null;\" data-cloudinary=\"lazy\" \/><\/figure>\n\n\n\n<p>Marmaris\u2019in birbirinden g\u00fczel koy ve plajlar\u0131, adeta birer gizli hazine gibi Ege\u2019nin kollar\u0131nda saklan\u0131yor. Bu yaz\u0131da, rotam\u0131z\u0131 kara yoluyla ke\u015ffedebilece\u011finiz, her biri cennetten bir k\u00f6\u015fe olan plajlara \u00e7eviriyoruz. Evet, tekneyle gitmeye gerek yok; araban\u0131za atlay\u0131p bu b\u00fcy\u00fcl\u00fc noktalar\u0131 birer birer ke\u015ffedebilirsiniz. Hani \u00f6yle uzaklarda aramay\u0131n; g\u00f6zlerinizin \u00f6n\u00fcnde ama bir o kadar da ke\u015ffedilmeyi bekleyen g\u00fczellikler var!<\/p>\n\n\n\n<p>Her bir plaj, kendine has dokusuyla sizi selamlayacak: Kimi incecik kumlar\u0131yla \u00e7\u0131plak ayaklar\u0131n\u0131za masaj yapacak, kimi ise \u00e7am a\u011fa\u00e7lar\u0131n\u0131n g\u00f6lgesinde serinlemenize f\u0131rsat tan\u0131yacak. Denizin tuzlu kokusu burnunuzda, g\u00fcne\u015fin \u0131\u015f\u0131lt\u0131s\u0131 sa\u00e7lar\u0131n\u0131zda, her koyda ayr\u0131 bir maceraya yelken a\u00e7acaks\u0131n\u0131z. Bu plajlarda tek yapman\u0131z gereken, Ege\u2019nin serin sular\u0131na dal\u0131p \u00e7\u0131kmak ve g\u00fcne\u015fin tad\u0131n\u0131 \u00e7\u0131karmak. Hadi, araban\u0131z\u0131n direksiyonunu Marmaris\u2019in en g\u00fczel koylar\u0131na do\u011fru k\u0131r\u0131n; do\u011fa size kucak a\u00e7m\u0131\u015f, yaz co\u015fkusu ise sadece bir yolculuk mesafesinde!<\/p>\n\n\n\n<p>Bu muhte\u015fem koylarda plajlarda y\u00fczmek i\u00e7in tek yapman\u0131z gereken <strong><a href=\"https:\/\/www.turna.com\/ucak-bileti\/dalaman\" target=\"_blank\" rel=\"noreferrer noopener\">Dalaman u\u00e7ak bileti<\/a><\/strong> almak.<\/p>\n\n\n\n<h3 class=\"wp-block-heading has-text-align-center has-neeon-button-dark-gray-color has-text-color has-link-color wp-elements-573b264081f056587e917dcee6d9a109\"><span class=\"ez-toc-section\" id=\"ciftlik_koyu\"><\/span><strong>\u00c7iftlik Koyu<\/strong><span class=\"ez-toc-section-end\"><\/span><\/h3>\n\n\n\n<figure class=\"wp-block-image size-large\"><img decoding=\"async\" src=\"https:\/\/res.cloudinary.com\/turna\/image\/upload\/v1724677278\/wordpress-contents\/ciftlik_koyu.jpg\" alt=\"Marmaris'in En G\u00fczel Plajlar\u0131 \u00c7iftlik Koyu\"\/><\/figure>\n\n\n\n<p>\u00c7iftlik Koyu\u2019na do\u011fru k\u0131vr\u0131la k\u0131vr\u0131la inen yollar, sizi adeta ba\u015fka bir d\u00fcnyaya ta\u015f\u0131yor. Marmaris\u2019in kalabal\u0131\u011f\u0131ndan uzakla\u015f\u0131p do\u011fan\u0131n kuca\u011f\u0131na at\u0131lmak isteyenlerin gizli cenneti olan bu koy, tertemiz havas\u0131 ve sakin atmosferiyle tam bir enerji deposu. \u00c7am ormanlar\u0131n\u0131n denizle bulu\u015ftu\u011fu bu noktada, turkuaz rengi sulara kendinizi b\u0131rak\u0131rken etraf\u0131n\u0131zdaki do\u011fal g\u00fczelliklere hayran kalmaman\u0131z m\u00fcmk\u00fcn de\u011fil.<br><br>Deniz zemini ta\u015fl\u0131k oldu\u011fu i\u00e7in yan\u0131n\u0131za deniz ayakkab\u0131s\u0131 alman\u0131z iyi bir fikir olabilir. Ayr\u0131ca, deniz \u00e7abuk derinle\u015fti\u011fi i\u00e7in y\u00fczme bilmeyenler veya \u00e7ocuklu aileler dikkatli olmal\u0131. Koyda birka\u00e7 k\u00fc\u00e7\u00fck otel ve pansiyon bulunuyor, bunlar genellikle butik tarzda ve do\u011fayla i\u00e7 i\u00e7e konumda. Konaklama se\u00e7enekleri s\u0131n\u0131rl\u0131 olsa da, buradaki oteller samimi ve huzurlu bir tatil arayanlar i\u00e7in ideal. Yeme i\u00e7me konusunda da \u015fansl\u0131s\u0131n\u0131z; \u00c7iftlik Koyu\u2019nda sahil boyunca s\u0131ralanan restoranlar taze deniz \u00fcr\u00fcnleri ve yerel lezzetler sunuyor. Denize s\u0131f\u0131r bir masada, g\u00fcn bat\u0131m\u0131n\u0131 izlerken leziz bir bal\u0131k keyfi yapabilirsiniz.<\/p>\n\n\n\n<p>Konum <strong><a href=\"https:\/\/maps.app.goo.gl\/yoH8JKSwHXoET3S17\" target=\"_blank\" rel=\"noreferrer noopener\">burada.<\/a><\/strong><br><\/p>\n\n\n\n<h3 class=\"wp-block-heading has-text-align-center has-neeon-button-dark-gray-color has-text-color has-link-color wp-elements-a155eeaaec857b3984a30d753135ad47\"><span class=\"ez-toc-section\" id=\"kumlubuk\"><\/span><strong>Kumlub\u00fck<\/strong><span class=\"ez-toc-section-end\"><\/span><\/h3>\n\n\n\n<figure class=\"wp-block-image size-large\"><img decoding=\"async\" src=\"https:\/\/res.cloudinary.com\/turna\/image\/upload\/v1724677278\/wordpress-contents\/kumlubuk.jpg\" alt=\"Marmaris'in En G\u00fczel Plajlar\u0131 Kumlub\u00fck\"\/><\/figure>\n\n\n\n<p>Kumlub\u00fck, Marmaris\u2019in virajl\u0131 yollar\u0131n\u0131n sonunda sizi kar\u015f\u0131layan, sakl\u0131 kalm\u0131\u015f bir cennet. Evet, yollar biraz dar ve k\u0131vr\u0131ml\u0131, ama o manzaray\u0131 g\u00f6rd\u00fc\u011f\u00fcn\u00fczde t\u00fcm yolculu\u011fa de\u011fdi\u011fini anlayacaks\u0131n\u0131z. Plaja vard\u0131\u011f\u0131n\u0131zda, ilk bak\u0131\u015fta deniz giri\u015finin biraz ta\u015fl\u0131 oldu\u011funu fark edeceksiniz ama merak etmeyin, deniz ayakkab\u0131s\u0131 i\u015finizi g\u00f6r\u00fcr. Zaten deniz h\u0131zla derinle\u015fti\u011fi i\u00e7in ta\u015flar k\u0131sa s\u00fcrede geride kal\u0131yor. Kendinizi bu serin sularda buldu\u011funuzda, ta\u015flar m\u0131 kal\u0131r akl\u0131n\u0131zda?<\/p>\n\n\n\n<p>Otopark konusunda endi\u015felenmenize gerek yok, \u00e7\u00fcnk\u00fc burada yer bol. Hatta erkenden gelirseniz, araban\u0131z\u0131 neredeyse denizin dibine kadar \u00e7ekebilirsiniz. Karavanc\u0131lar i\u00e7in de m\u00fckemmel bir yer, \u00e7\u00fcnk\u00fc geni\u015f bir alana sahip ve denize s\u0131f\u0131r kamp yapmak i\u00e7in ideal. Koyda birka\u00e7 i\u015fletme var; buralarda \u015fezlong, \u015femsiye, du\u015f ve soyunma kabini gibi t\u00fcm ihtiya\u00e7lar\u0131n\u0131z\u0131 kar\u015f\u0131layabilirsiniz. \u0130\u015fletmeler d\u0131\u015f\u0131nda, a\u011fa\u00e7 g\u00f6lgelerinde serinleyebilece\u011finiz alanlar da mevcut, bu da size biraz do\u011fal klima sunuyor!<\/p>\n\n\n\n<p>Deniz temiz ve ferahlat\u0131c\u0131, \u00e7ak\u0131ll\u0131 taban\u0131yla ayaklar\u0131n\u0131z\u0131 kesecek t\u00fcrden de\u011fil. Giri\u015f k\u0131sm\u0131nda derinlik 0,5-1 metre civar\u0131nda, ancak uzun bir s\u00fcre boyunca 2-2,5 metre derinlikte kal\u0131yor, bu da y\u00fczme keyfini doyas\u0131ya ya\u015faman\u0131za olanak tan\u0131yor. Ailecek denize girip keyifli vakit ge\u00e7irebilece\u011finiz Kumlub\u00fck, Marmaris\u2019in hem huzur dolu hem de t\u00fcm ihtiya\u00e7lar\u0131n\u0131z\u0131 kar\u015f\u0131layacak kadar donan\u0131ml\u0131 bir k\u00f6\u015fesi. Bu plajda, denizin ve g\u00fcne\u015fin tad\u0131n\u0131 \u00e7\u0131kar\u0131rken \u201cBir dahaki sefere yine burada olaca\u011f\u0131m!\u201d diyeceksiniz.<\/p>\n\n\n\n<p>Konum <strong><a href=\"https:\/\/maps.app.goo.gl\/ZkkhArBBuRAFXMXk7\" target=\"_blank\" rel=\"noreferrer noopener\">burada.<\/a><\/strong><\/p>\n\n\n\n<h3 class=\"wp-block-heading has-text-align-center has-neeon-button-dark-gray-color has-text-color has-link-color wp-elements-19470527994eb04459eaadb323135dde\"><span class=\"ez-toc-section\" id=\"turunc_plaji\"><\/span><strong>Turun\u00e7 Plaj\u0131<\/strong><span class=\"ez-toc-section-end\"><\/span><\/h3>\n\n\n\n<figure class=\"wp-block-image size-large\"><img decoding=\"async\" src=\"https:\/\/res.cloudinary.com\/turna\/image\/upload\/v1724677279\/wordpress-contents\/turunc_plaji.jpg\" alt=\"Turun\u00e7 Plaj\u0131\"\/><\/figure>\n\n\n\n<p>Turun\u00e7 Plaj\u0131, Marmaris\u2019in sahil \u015feridinde ilerlerken sizi adeta &#8220;Hadi gel, beni ke\u015ffet!&#8221; diye \u00e7a\u011f\u0131ran bir g\u00fczellik. \u015eirin mi \u015firin bu plaj, mavi bayrakl\u0131 tertemiz deniziyle \u00fcnl\u00fc, yani burada denize girerken &#8220;Acaba su temiz mi?&#8221; diye d\u00fc\u015f\u00fcnmenize gerek yok! Denizin zemini ta\u015fl\u0131, ama ne ta\u015f! O kadar g\u00fczel cilalanm\u0131\u015f ki, adeta do\u011fan\u0131n do\u011fal masaj\u0131 gibi geliyor ayaklar\u0131n\u0131za. Deniz ise \u00e7abucak derinle\u015fmiyor, bu da \u00e7ocuklu aileler i\u00e7in g\u00fcvenli ve e\u011flenceli bir y\u00fczme deneyimi sunuyor.<\/p>\n\n\n\n<p>Plaj boyunca s\u0131ralanan restoran ve kafelerde bir i\u00e7ecek ya da yemek molas\u0131 verebilirsiniz. Ayr\u0131ca plajda \u015fezlong ve \u015femsiye kiralama imkanlar\u0131 da mevcut, b\u00f6ylece g\u00fcn boyu rahat\u00e7a yay\u0131l\u0131p g\u00fcne\u015fin alt\u0131nda keyif \u00e7atabilirsiniz. Du\u015f, tuvalet ve soyunma kabinleri de var, yani konforunuzdan \u00f6d\u00fcn vermenize gerek yok.<\/p>\n\n\n\n<p>Konum <strong><a href=\"https:\/\/maps.app.goo.gl\/84kC2RdbvZ7BZotCA\" target=\"_blank\" rel=\"noreferrer noopener\">burada.<\/a><\/strong><\/p>\n\n\n\n<h3 class=\"wp-block-heading has-text-align-center has-neeon-button-dark-gray-color has-text-color has-link-color wp-elements-59dfe6c62fb14caa58120c58bfa62ce9\"><span class=\"ez-toc-section\" id=\"cennet_koyu\"><\/span><strong>Cennet  Koyu<\/strong><span class=\"ez-toc-section-end\"><\/span><\/h3>\n\n\n\n<figure class=\"wp-block-image size-large\"><img decoding=\"async\" src=\"https:\/\/res.cloudinary.com\/turna\/image\/upload\/v1724677278\/wordpress-contents\/cennet_koyu_selimiye.jpg\" alt=\"Cennet  Koyu\"\/><\/figure>\n\n\n\n<p>Cennet Koyu Plaj\u0131, Marmaris\u2019in Selimiye b\u00f6lgesinde g\u00f6zlerden uzak, adeta bir do\u011fa harikas\u0131 olarak sizi bekliyor! Plajda \u015fezlong ve has\u0131r \u015femsiyeler sizi g\u00fcne\u015fin s\u0131cak kollar\u0131ndan korurken, denizin tad\u0131n\u0131 \u00e7\u0131karabilirsiniz. Burada \u00fccretsiz WC ve kabin imkanlar\u0131 mevcut, ama biraz eski ve hijyen konusunda eksikler oldu\u011funu belirtmek gerek.<\/p>\n\n\n\n<p>Sahil kum ve deniz s\u0131\u011f; k\u0131y\u0131 taraf\u0131nda su biraz bulan\u0131k olabilir ve ara ara deniz kestanelerine rastlayabilirsiniz; bu nedenle y\u00fczmeden \u00f6nce dikkatli olman\u0131zda fayda var. Ayr\u0131ca, mercanlar ve yosunlar da zaman zaman suyun i\u00e7inde g\u00f6r\u00fcn\u00fcyor. Ancak, dubalar\u0131n \u00f6tesine ge\u00e7ti\u011finizde, yani yatlar\u0131n demirledi\u011fi b\u00f6lgeye ula\u015ft\u0131\u011f\u0131n\u0131zda, denizin turkuaz rengi sizi b\u00fcy\u00fcleyecek. Burada su daha temiz ve berrak, bu y\u00fczden ileriyi g\u00f6rmek kesinlikle de\u011fer. As\u0131l \u015fans\u0131n\u0131z, bu muazzam plajda caretta carettalar\u0131 g\u00f6rebilmek. Onlarla birlikte y\u00fczme \u015fans\u0131n\u0131z, tatilinize unutulmaz bir dokunu\u015f katacak!<\/p>\n\n\n\n<p>Konum <strong><a href=\"https:\/\/maps.app.goo.gl\/d1uQAWj8sLjdxBKb8\" target=\"_blank\" rel=\"noreferrer noopener\">burada.<\/a><\/strong><\/p>\n\n\n\n<h3 class=\"wp-block-heading has-text-align-center has-neeon-button-dark-gray-color has-text-color has-link-color wp-elements-710b4b16b406a37d70fa903d58917d7a\"><span class=\"ez-toc-section\" id=\"incekum_plaji\"><\/span><strong>\u0130ncekum Plaj\u0131<\/strong><span class=\"ez-toc-section-end\"><\/span><\/h3>\n\n\n\n<figure class=\"wp-block-image size-large\"><img decoding=\"async\" src=\"https:\/\/res.cloudinary.com\/turna\/image\/upload\/v1724677279\/wordpress-contents\/marmaris_incekum.jpg\" alt=\"\u0130ncekum Plaj\u0131\"\/><\/figure>\n\n\n\n<p>\u0130ncekum Plaj\u0131, Marmaris\u2019in g\u00f6zlerden uzak, ama kalpten uzak olmayacak bir k\u00f6\u015fesi. \u0130\u015fte bu cennet k\u00f6\u015fesine ula\u015fmak, bir t\u00fcr mini macera! Arabayla belli bir yere kadar yakla\u015f\u0131p sonras\u0131nda trakt\u00f6rlere binip sahile do\u011fru tatl\u0131 bir yolculu\u011fa \u00e7\u0131kman\u0131z gerekiyor. \u0130ncekum Plaj\u0131\u2019n\u0131n incecik kumlar\u0131 ve berrak suyu, adeta bir tropikal cenneti and\u0131r\u0131yor. Deniz zemini genellikle kumluk ve s\u0131\u011f, bu da \u00e7ocuklar ve y\u00fczme bilmeyenler i\u00e7in m\u00fckemmel bir ortam sa\u011fl\u0131yor. G\u00f6zlerinizi kapat\u0131p o s\u0131cak kumlara g\u00f6m\u00fcl\u00fcp, denizin serinletici sular\u0131nda y\u00fczmek, yaz tatilinin zirvesine ula\u015fmak anlam\u0131na geliyor.<\/p>\n\n\n\n<p>\u0130ncekum Plaj\u0131&#8217;na giri\u015fte giri\u015f \u00fccreti \u00f6deniyor. Ard\u0131ndan \u015fezlong ve \u015femsiye kiralamak i\u00e7in de \u00fccret \u00f6demeniz gerekiyor. Daha kalabal\u0131k grupsan\u0131z g\u00f6lgelikli k\u00f6\u015fk de kiralayabilirsiniz. Giri\u015fte size verilen karta para y\u00fckleyip, o bakiye ile plajda harcama yapabiliyorsunuz. Hafta sonlar\u0131 epey kalabal\u0131k oldu\u011funu belirtmek isterim. Olana\u011f\u0131n\u0131z varsa hafta i\u00e7ini tercih edin derim.<\/p>\n\n\n\n<p>Konum <strong><a href=\"https:\/\/maps.app.goo.gl\/TnSq34FVhFBnvrs58\" target=\"_blank\" rel=\"noreferrer noopener\">burada.<\/a><\/strong><\/p>\n\n\n\n<h3 class=\"wp-block-heading has-text-align-center has-neeon-button-dark-gray-color has-text-color has-link-color wp-elements-4fba43d7044e508480fae7d904f79171\"><span class=\"ez-toc-section\" id=\"bordubet_koyu\"><\/span><strong>B\u00f6rd\u00fcbet Koyu<\/strong><span class=\"ez-toc-section-end\"><\/span><\/h3>\n\n\n\n<figure class=\"wp-block-image size-large\"><img decoding=\"async\" src=\"https:\/\/res.cloudinary.com\/turna\/image\/upload\/v1724677279\/wordpress-contents\/marmaris_bordubet.jpg\" alt=\"B\u00f6rd\u00fcbet Koyu\"\/><\/figure>\n\n\n\n<p>B\u00f6rd\u00fcbet Koyu, Marmaris\u2019in en huzur dolu k\u00f6\u015felerinden biri olarak kar\u015f\u0131m\u0131za \u00e7\u0131k\u0131yor ve buras\u0131 ger\u00e7ekten bir do\u011fa harikas\u0131! Koyun el de\u011fmemi\u015f do\u011fal g\u00fczelli\u011fi, sizi hemen etkisi alt\u0131na alacak. Evet, burada l\u00fcks ve \u015fatafat yok, ama bunun yerine bolca do\u011fal g\u00fczellik ve m\u00fckemmel bir deniz var. Denizi inan\u0131lmaz derecede temiz ve s\u0131\u011f, bu da y\u00fczme keyfini rahat\u00e7a ya\u015faman\u0131z\u0131 sa\u011fl\u0131yor.<\/p>\n\n\n\n<p>B\u00f6rd\u00fcbet Koyu, birka\u00e7 konaklama tesisi d\u0131\u015f\u0131nda neredeyse hi\u00e7bir altyap\u0131ya sahip de\u011fil. Yani du\u015f, tuvalet gibi temel ihtiya\u00e7lar\u0131n\u0131z ve yiyecek-i\u00e7ecek i\u00e7in yan\u0131n\u0131za her \u015feyi getirmeniz \u015fart. B\u00f6rd\u00fcbet Koyu\u2019nda, \u015fehir hayat\u0131n\u0131n karma\u015fas\u0131ndan uzakla\u015f\u0131p, sadece do\u011fan\u0131n sesleriyle ba\u015f ba\u015fa kalacaks\u0131n\u0131z.<\/p>\n\n\n\n<p>Konum <strong><a href=\"https:\/\/maps.app.goo.gl\/Zgn7G4XexYUDCG3a8\" target=\"_blank\" rel=\"noreferrer noopener\">burada.<\/a><\/strong><\/p>\n\n\n\n<h3 class=\"wp-block-heading has-text-align-center has-neeon-button-dark-gray-color has-text-color has-link-color wp-elements-f10ad8ab60f284e17ba9f1d29f6bffec\"><span class=\"ez-toc-section\" id=\"amos_plaji\"><\/span><strong>Amos Plaj\u0131<\/strong><span class=\"ez-toc-section-end\"><\/span><\/h3>\n\n\n\n<figure class=\"wp-block-image size-large\"><img decoding=\"async\" src=\"https:\/\/res.cloudinary.com\/turna\/image\/upload\/v1724677278\/wordpress-contents\/amos_koyu.jpg\" alt=\"Amos Plaj\u0131\"\/><\/figure>\n\n\n\n<p>Amos Plaj\u0131, denizi, atmosferi ve dinginli\u011fi ile adeta m\u00fckemmel bir do\u011fa par\u00e7as\u0131. Bozuk asfalt ve \u015fose yollardan ge\u00e7erken kendinizi orman i\u00e7inde kaybolmu\u015f gibi hissediyorsunuz. Ancak, bu yolculu\u011fun sonunda kar\u015f\u0131n\u0131za \u201cProfes\u00f6rler Sitesi\u201d ad\u0131nda bir konut alan\u0131 \u00e7\u0131k\u0131yor. \u0130\u015fte bu alandan ge\u00e7tikten sonra, sizi denize kadar g\u00f6t\u00fcren bir yol sizi bekliyor. Sonras\u0131nda kar\u015f\u0131n\u0131zda Amos Koyu!<\/p>\n\n\n\n<p>Amos Plaj\u0131 biraz minimalizmi sevenler i\u00e7in uygun. Plajda, yaln\u0131zca bir tesis yer al\u0131yor. \u015eezlong i\u00e7in giri\u015fte \u00fccret al\u0131n\u0131yor. Ayr\u0131ca ac\u0131kt\u0131\u011f\u0131n\u0131zda restoran\u0131 da kullanabilirsiniz. Amos Plaj\u0131, sade ve do\u011fal bir g\u00fcn ge\u00e7irmek i\u00e7in m\u00fckemmel bir se\u00e7enek. Marmaris&#8217;in En G\u00fczel Plajlar\u0131 listenizde yan\u0131na bir y\u0131ld\u0131z ili\u015ftirebilece\u011finiz bu do\u011fal akvaryumda y\u00fczmeden d\u00f6nmeyin. \ud83d\udc1f<\/p>\n\n\n\n<p>Konum <strong><a href=\"https:\/\/maps.app.goo.gl\/gXCRW5Kzd6DJyhCQ7\" target=\"_blank\" rel=\"noreferrer noopener\">burada.<\/a><\/strong><br><\/p>\n\n    <div class=\"xs_social_share_widget xs_share_url after_content \t\tmain_content  wslu-style-1 wslu-share-box-shaped wslu-fill-colored wslu-none wslu-share-horizontal wslu-theme-font-no wslu-main_content\">\n\n\t\t\n        <ul>\n\t\t\t        <\/ul>\n    <\/div> \n","protected":false},"excerpt":{"rendered":"<p>Yaz\u0131n co\u015fkusunu iliklerinize kadar hissetmek, g\u00fcne\u015fin alt\u0131n \u0131\u015f\u0131klar\u0131yla dans etmek ve Ege&#8217;nin serin sular\u0131na kendinizi b\u0131rakmak istiyorsan\u0131z, Marmaris\u2019in en g\u00fczel plajlar\u0131 sizi bekliyor! Do\u011fan\u0131n c\u00f6mert\u00e7e sundu\u011fu bu cennet k\u00f6\u015feleri, sadece g\u00f6zlerinizi de\u011fil, ruhunuzu da ok\u015fayacak. Her biri kendine has b\u00fcy\u00fcs\u00fcyle sizi sar\u0131p sarmalayacak bu plajlarda, deniz ve kumun muhte\u015fem uyumuna tan\u0131k olacak, her dalgada hayat\u0131n tad\u0131n\u0131 biraz daha \u00e7\u0131karacaks\u0131n\u0131z. Valizinizi haz\u0131rlay\u0131n, g\u00fcne\u015f kreminizi kap\u0131n, \u00e7\u00fcnk\u00fc Marmaris\u2019in en g\u00fczel plajlar\u0131n\u0131 ke\u015ffetmeye gidiyoruz! Bu yolculukta Ege&#8217;nin mavisi sizi kucaklayacak ve her bir koyda farkl\u0131 bir ser\u00fcven sizi bekliyor olacak. Yaz\u0131n enerjisiyle dolup ta\u015fmaya haz\u0131r olun! \u2600\ufe0f\u26f1\ufe0f\u26f5\ud83d\udc59\ud83e\ude74<\/p>\n","protected":false},"author":34,"featured_media":22906,"comment_status":"open","ping_status":"open","sticky":false,"template":"","format":"standard","meta":{"rop_custom_images_group":[],"rop_custom_messages_group":[],"rop_publish_now":"initial","rop_publish_now_accounts":[],"rop_publish_now_history":[],"rop_publish_now_status":"pending","_cloudinary_featured_overwrite":false,"footnotes":""},"categories":[1852],"tags":[710],"class_list":["post-22905","post","type-post","status-publish","format-standard","has-post-thumbnail","hentry","category-mugla","tag-marmaris"],"_links":{"self":[{"href":"https:\/\/www.turna.com\/blog\/wp-json\/wp\/v2\/posts\/22905","targetHints":{"allow":["GET"]}}],"collection":[{"href":"https:\/\/www.turna.com\/blog\/wp-json\/wp\/v2\/posts"}],"about":[{"href":"https:\/\/www.turna.com\/blog\/wp-json\/wp\/v2\/types\/post"}],"author":[{"embeddable":true,"href":"https:\/\/www.turna.com\/blog\/wp-json\/wp\/v2\/users\/34"}],"replies":[{"embeddable":true,"href":"https:\/\/www.turna.com\/blog\/wp-json\/wp\/v2\/comments?post=22905"}],"version-history":[{"count":0,"href":"https:\/\/www.turna.com\/blog\/wp-json\/wp\/v2\/posts\/22905\/revisions"}],"wp:featuredmedia":[{"embeddable":true,"href":"https:\/\/www.turna.com\/blog\/wp-json\/wp\/v2\/media\/22906"}],"wp:attachment":[{"href":"https:\/\/www.turna.com\/blog\/wp-json\/wp\/v2\/media?parent=22905"}],"wp:term":[{"taxonomy":"category","embeddable":true,"href":"https:\/\/www.turna.com\/blog\/wp-json\/wp\/v2\/categories?post=22905"},{"taxonomy":"post_tag","embeddable":true,"href":"https:\/\/www.turna.com\/blog\/wp-json\/wp\/v2\/tags?post=22905"}],"curies":[{"name":"wp","href":"https:\/\/api.w.org\/{rel}","templated":true}]}}