{"id":22901,"date":"2024-08-23T15:57:42","date_gmt":"2024-08-23T12:57:42","guid":{"rendered":"https:\/\/www.turna.com\/blog\/?p=22901"},"modified":"2025-12-08T13:29:33","modified_gmt":"2025-12-08T10:29:33","slug":"bozcaadanin-en-iyi-butik-otelleri","status":"publish","type":"post","link":"https:\/\/www.turna.com\/blog\/bozcaadanin-en-iyi-butik-otelleri","title":{"rendered":"Bozcaada&#8217;n\u0131n En \u0130yi Butik Otelleri"},"content":{"rendered":"<div id=\"ez-toc-container\" class=\"ez-toc-v2_0_82_2 counter-hierarchy ez-toc-counter ez-toc-black ez-toc-container-direction\">\n<div class=\"ez-toc-title-container\">\n<p class=\"ez-toc-title\" style=\"cursor:inherit\">\u0130\u00e7indekiler<\/p>\n<span class=\"ez-toc-title-toggle\"><a href=\"#\" class=\"ez-toc-pull-right ez-toc-btn ez-toc-btn-xs ez-toc-btn-default ez-toc-toggle\" aria-label=\"\u0130\u00e7indekiler Tablosunu A\u00e7\/Kapat\"><span class=\"ez-toc-js-icon-con\"><span class=\"\"><span class=\"eztoc-hide\" style=\"display:none;\">Toggle<\/span><span class=\"ez-toc-icon-toggle-span\"><svg style=\"fill: #ffffff;color:#ffffff\" xmlns=\"http:\/\/www.w3.org\/2000\/svg\" class=\"list-377408\" width=\"20px\" height=\"20px\" viewBox=\"0 0 24 24\" fill=\"none\"><path d=\"M6 6H4v2h2V6zm14 0H8v2h12V6zM4 11h2v2H4v-2zm16 0H8v2h12v-2zM4 16h2v2H4v-2zm16 0H8v2h12v-2z\" fill=\"currentColor\"><\/path><\/svg><svg style=\"fill: #ffffff;color:#ffffff\" class=\"arrow-unsorted-368013\" xmlns=\"http:\/\/www.w3.org\/2000\/svg\" width=\"10px\" height=\"10px\" viewBox=\"0 0 24 24\" version=\"1.2\" baseProfile=\"tiny\"><path d=\"M18.2 9.3l-6.2-6.3-6.2 6.3c-.2.2-.3.4-.3.7s.1.5.3.7c.2.2.4.3.7.3h11c.3 0 .5-.1.7-.3.2-.2.3-.5.3-.7s-.1-.5-.3-.7zM5.8 14.7l6.2 6.3 6.2-6.3c.2-.2.3-.5.3-.7s-.1-.5-.3-.7c-.2-.2-.4-.3-.7-.3h-11c-.3 0-.5.1-.7.3-.2.2-.3.5-.3.7s.1.5.3.7z\"\/><\/svg><\/span><\/span><\/span><\/a><\/span><\/div>\n<nav><ul class='ez-toc-list ez-toc-list-level-1 eztoc-toggle-hide-by-default' ><li class='ez-toc-page-1 ez-toc-heading-level-2'><a class=\"ez-toc-link ez-toc-heading-1\" href=\"https:\/\/www.turna.com\/blog\/bozcaadanin-en-iyi-butik-otelleri\/#bozcaadadaki_en_guzel_butik_oteller\" >Bozcaada&#8217;daki En G\u00fczel Butik Oteller<\/a><ul class='ez-toc-list-level-3' ><li class='ez-toc-heading-level-3'><a class=\"ez-toc-link ez-toc-heading-2\" href=\"https:\/\/www.turna.com\/blog\/bozcaadanin-en-iyi-butik-otelleri\/#ela_tenedos_hotel\" >Ela Tenedos Hotel<\/a><\/li><li class='ez-toc-page-1 ez-toc-heading-level-3'><a class=\"ez-toc-link ez-toc-heading-3\" href=\"https:\/\/www.turna.com\/blog\/bozcaadanin-en-iyi-butik-otelleri\/#mare_casia_hotel\" >Mare Casia Hotel<\/a><\/li><li class='ez-toc-page-1 ez-toc-heading-level-3'><a class=\"ez-toc-link ez-toc-heading-4\" href=\"https:\/\/www.turna.com\/blog\/bozcaadanin-en-iyi-butik-otelleri\/#aika_hotel\" >Aika Hotel<\/a><\/li><li class='ez-toc-page-1 ez-toc-heading-level-3'><a class=\"ez-toc-link ez-toc-heading-5\" href=\"https:\/\/www.turna.com\/blog\/bozcaadanin-en-iyi-butik-otelleri\/#armagrandi_bozcaada\" >Armagrandi Bozcaada<\/a><\/li><li class='ez-toc-page-1 ez-toc-heading-level-3'><a class=\"ez-toc-link ez-toc-heading-6\" href=\"https:\/\/www.turna.com\/blog\/bozcaadanin-en-iyi-butik-otelleri\/#hotel_fahri\" >Hotel Fahri<\/a><\/li><li class='ez-toc-page-1 ez-toc-heading-level-3'><a class=\"ez-toc-link ez-toc-heading-7\" href=\"https:\/\/www.turna.com\/blog\/bozcaadanin-en-iyi-butik-otelleri\/#ebruli_otel\" >Ebruli Otel<\/a><\/li><li class='ez-toc-page-1 ez-toc-heading-level-3'><a class=\"ez-toc-link ez-toc-heading-8\" href=\"https:\/\/www.turna.com\/blog\/bozcaadanin-en-iyi-butik-otelleri\/#kaikias_otel\" >Kaikias Otel<\/a><\/li><\/ul><\/li><\/ul><\/nav><\/div>\n\n<p>Bozcaada&#8217;n\u0131n r\u00fczgar\u0131 sa\u00e7lar\u0131n\u0131z\u0131 savururken, Ege&#8217;nin masmavi sular\u0131 \u00f6n\u00fcn\u00fczde uzan\u0131yor, \u015firin sokaklar\u0131 aras\u0131nda kaybolmak i\u00e7in sab\u0131rs\u0131zlan\u0131yorsunuz&#8230; \u0130\u015fte Bozcaada! Bu cennet adada ge\u00e7irece\u011finiz tatil, kalaca\u011f\u0131n\u0131z yeri se\u00e7mekle ba\u015fl\u0131yor. Ve biz de tam bu noktada devreye giriyoruz! <strong>Bozcaada&#8217;n\u0131n en iyi butik otelleri<\/strong> yaz\u0131m\u0131zla, size hem adan\u0131n ruhunu en g\u00fczel \u015fekilde yans\u0131tan hem de her an\u0131n\u0131z\u0131 \u00f6zel k\u0131lacak otelleri sunuyoruz. Keyif dolu sabahlara uyanmak, her k\u00f6\u015fesi ayr\u0131 bir hikaye anlatan odalarda dinlenmek ve Bozcaada&#8217;n\u0131n b\u00fcy\u00fcs\u00fcne kap\u0131lmak i\u00e7in bu listeye g\u00f6z atman\u0131z yeterli! Hadi, valizlerinizi haz\u0131rlay\u0131n; Bozcaada sizi bekliyor!<\/p>\n\n\n\n<h2 class=\"wp-block-heading has-text-align-center has-neeon-button-dark-gray-color has-text-color has-link-color wp-elements-58080b11dbca655e0f3d2f02893a62c8\"><span class=\"ez-toc-section\" id=\"bozcaadadaki_en_guzel_butik_oteller\"><\/span><strong>Bozcaada&#8217;daki En G\u00fczel Butik Oteller<\/strong><span class=\"ez-toc-section-end\"><\/span><\/h2>\n\n\n\n<figure class=\"wp-block-image size-large\"><img width=\"800\" height=\"500\" decoding=\"async\" src=\"data:image\/svg+xml;base64,PHN2ZyB4bWxucz0iaHR0cDovL3d3dy53My5vcmcvMjAwMC9zdmciIHdpZHRoPSI4MDAiIGhlaWdodD0iNTAwIj48cmVjdCB3aWR0aD0iMTAwJSIgaGVpZ2h0PSIxMDAlIj48YW5pbWF0ZSBhdHRyaWJ1dGVOYW1lPSJmaWxsIiB2YWx1ZXM9InJnYmEoMTUzLDE1MywxNTMsMC41KTtyZ2JhKDE1MywxNTMsMTUzLDAuMSk7cmdiYSgxNTMsMTUzLDE1MywwLjUpIiBkdXI9IjJzIiByZXBlYXRDb3VudD0iaW5kZWZpbml0ZSIgLz48L3JlY3Q+PC9zdmc+\" alt=\"Bozcaada&#039;n\u0131n En \u0130yi Butik Otelleri\" data-public-id=\"wordpress-contents\/bozcaada_otelleri\/bozcaada_otelleri.jpg\" class=\"wp-post-22901 wp-image-22902\" data-format=\"jpg\" data-transformations=\"f_auto,q_auto:low\" data-version=\"1724417628\" data-seo=\"1\" data-size=\"800 500\" data-srcset=\"https:\/\/res.cloudinary.com\/turna\/images\/f_auto,q_auto:low\/v1724417628\/wordpress-contents\/bozcaada_otelleri\/bozcaada_otelleri.jpg?_i=AA 800w, https:\/\/res.cloudinary.com\/turna\/images\/w_300,h_188,c_scale\/f_auto,q_auto:low\/v1724417628\/wordpress-contents\/bozcaada_otelleri\/bozcaada_otelleri.jpg?_i=AA 300w, https:\/\/res.cloudinary.com\/turna\/images\/w_672,h_420,c_scale\/f_auto,q_auto:low\/v1724417628\/wordpress-contents\/bozcaada_otelleri\/bozcaada_otelleri.jpg?_i=AA 672w, https:\/\/res.cloudinary.com\/turna\/images\/w_640,h_400,c_scale\/f_auto,q_auto:low\/v1724417628\/wordpress-contents\/bozcaada_otelleri\/bozcaada_otelleri.jpg?_i=AA 640w, https:\/\/res.cloudinary.com\/turna\/images\/w_681,h_426,c_scale\/f_auto,q_auto:low\/v1724417628\/wordpress-contents\/bozcaada_otelleri\/bozcaada_otelleri.jpg?_i=AA 681w\" data-sizes=\"(max-width: 800px) 100vw, 800px\" data-delivery=\"upload\" onload=\";window.CLDBind?CLDBind(this):null;\" data-cloudinary=\"lazy\" \/><\/figure>\n\n\n\n<p>Bozcaada\u2019da konaklamak, adan\u0131n ruhunu tam anlam\u0131yla hissetmenin en g\u00fczel yolu. Bozcaada&#8217;n\u0131n en iyi butik otelleri ise bu deneyimi unutulmaz k\u0131lmak i\u00e7in birebir! Kale manzaral\u0131 odalardan, \u00fcz\u00fcm ba\u011flar\u0131n\u0131n aras\u0131ndaki ta\u015f evlere kadar her k\u00f6\u015fe, ayr\u0131 bir g\u00fczellik sunuyor. Ayazma Plaj\u0131&#8217;n\u0131n serin sular\u0131na birka\u00e7 ad\u0131m uzakl\u0131kta, denizin kokusuyla uyanabilece\u011finiz oteller mi, yoksa ada merkezindeki ta\u015f sokaklar\u0131n b\u00fcy\u00fcs\u00fcn\u00fc her sabah ya\u015fayaca\u011f\u0131n\u0131z \u015firin bir pansiyon mu? Se\u00e7im tamamen size kalm\u0131\u015f!<\/p>\n\n\n\n<p>Bozcaada\u2019n\u0131n her b\u00f6lgesi kendine has bir \u00e7ekicili\u011fe sahip; merkezde konaklayarak adan\u0131n kalbinde olman\u0131n tad\u0131n\u0131 \u00e7\u0131karabilir, ya da biraz daha d\u0131\u015far\u0131da, do\u011fayla i\u00e7 i\u00e7e bir otelde huzurun pe\u015fine d\u00fc\u015febilirsiniz. Nerede kal\u0131rsan\u0131z kal\u0131n, Bozcaada\u2019n\u0131n b\u00fcy\u00fcs\u00fcne kap\u0131lmaya haz\u0131r olun; \u00e7\u00fcnk\u00fc bu oteller sizi evinizde hissettirecek kadar s\u0131cak, bir o kadar da \u00f6zel!<\/p>\n\n\n\n<p>\u00d6nerece\u011fimiz birbirinden keyifli otellerde konaklamak i\u00e7in Turna.com&#8217;da tesisleri inceleyebilir, <strong><a href=\"https:\/\/www.turna.com\/otel\" target=\"_blank\" rel=\"noreferrer noopener\">otel rezervasyonu<\/a><\/strong> yapabilirsiniz.<\/p>\n\n\n\n<h3 class=\"wp-block-heading has-text-align-center has-neeon-button-dark-gray-color has-text-color has-link-color wp-elements-67be45b2a145f61d1e702108f93a5be7\"><span class=\"ez-toc-section\" id=\"ela_tenedos_hotel\"><\/span>Ela <strong>Tenedos Hotel<\/strong><span class=\"ez-toc-section-end\"><\/span><\/h3>\n\n\n\n<figure class=\"wp-block-image size-large\"><img decoding=\"async\" src=\"https:\/\/res.cloudinary.com\/turna\/image\/upload\/v1724417629\/wordpress-contents\/ela_tenedos.jpg\" alt=\"Bozcaada'n\u0131n En \u0130yi Butik Otelleri Ela Tenedos\"\/><\/figure>\n\n\n\n<p>Bozcaada\u2019n\u0131n merkezinde yer alan <strong>Ela Tenedos Hotel<\/strong>, adan\u0131n tarihini ve ruhunu iliklerinize kadar hissettiren b\u00fcy\u00fcl\u00fc bir yer. Bu otel, ta\u015f duvarlar\u0131, ah\u015fap tavanlar\u0131 ve antika mobilyalar\u0131yla sanki bir zaman t\u00fcnelinden ge\u00e7ip ge\u00e7mi\u015fe yolculuk yap\u0131yormu\u015fsunuz hissi uyand\u0131r\u0131yor. Ama merak etmeyin, konfor konusunda hi\u00e7bir eksik yok!<\/p>\n\n\n\n<p>Her sabah mis gibi Ege kahvalt\u0131s\u0131yla g\u00fcne ba\u015flamak, ard\u0131ndan adan\u0131n keyfini s\u00fcrmek i\u00e7in m\u00fckemmel bir ba\u015flang\u0131\u00e7. \u00dcstelik otelin teras\u0131nda bir yudum \u00e7ay e\u015fli\u011finde g\u00fcn bat\u0131m\u0131n\u0131 izlemek, belki de Bozcaada\u2019da ge\u00e7irece\u011finiz en huzurlu anlardan biri olacak. Tenedos Hotel, adan\u0131n merkezine yak\u0131nl\u0131\u011f\u0131yla her yere y\u00fcr\u00fcyerek ula\u015fma imkan\u0131 sunarken, ayn\u0131 zamanda sakin bir ortamda dinlenmenize de olanak tan\u0131yor. Bu tarihi ve samimi atmosferde konaklarken, Bozcaada tatilinizin en g\u00fczel an\u0131lar\u0131n\u0131 kazanacaks\u0131n\u0131z. Konum <strong><a href=\"https:\/\/maps.app.goo.gl\/69VU2RyHDZz86SEc8\" target=\"_blank\" rel=\"noreferrer noopener\">burada.<\/a><\/strong><\/p>\n\n\n\n<h3 class=\"wp-block-heading has-text-align-center has-neeon-button-dark-gray-color has-text-color has-link-color wp-elements-98ab41bec1f1d1028088738f50ef24ab\"><span class=\"ez-toc-section\" id=\"mare_casia_hotel\"><\/span><strong>Mare Casia Hotel<\/strong><span class=\"ez-toc-section-end\"><\/span><\/h3>\n\n\n\n<figure class=\"wp-block-image size-large\"><img decoding=\"async\" src=\"https:\/\/res.cloudinary.com\/turna\/image\/upload\/v1724417628\/wordpress-contents\/mare_casia_bozcaada.jpg\" alt=\"Bozcaada'n\u0131n En \u0130yi Butik Otelleri Mare Casia\"\/><\/figure>\n\n\n\n<p>Bozcaada\u2019n\u0131n renkli atmosferini tam anlam\u0131yla ya\u015famak istiyorsan\u0131z, Mare Casia Hotel kesinlikle listenizin ba\u015f\u0131nda olmal\u0131! Adan\u0131n kalbinde, denize birka\u00e7 ad\u0131m uzakl\u0131kta bulunan bu otel, \u015f\u0131k ve modern tasar\u0131m\u0131yla sizi hemen etkileyecek. Her odas\u0131, deniz manzaral\u0131 balkonuyla g\u00fcne g\u00f6zlerinizi a\u00e7man\u0131n keyfini ya\u015faman\u0131z i\u00e7in tasarland\u0131.<\/p>\n\n\n\n<p>Otelin geni\u015f bah\u00e7esinde serin bir i\u00e7ecek e\u015fli\u011finde dinlenirken, g\u00fcne\u015fin tad\u0131n\u0131 \u00e7\u0131karmak da cabas\u0131. Ayr\u0131ca, Mare Casia&#8217;n\u0131n samimi ve g\u00fcler y\u00fczl\u00fc ekibi, adan\u0131n en iyi y\u00f6nlerini ke\u015ffetmenize yard\u0131mc\u0131 olmak i\u00e7in s\u00fcrekli haz\u0131r\u2014yani, bir rehber gibi de\u011fil, bir dost gibi! Ege\u2019nin ritmini ve Bozcaada\u2019n\u0131n s\u0131cakl\u0131\u011f\u0131n\u0131 hissetmek istiyorsan\u0131z, Mare Casia Hotel sizi bekliyor. E\u011flenceli ve rahatlat\u0131c\u0131 bir tatil i\u00e7in bu otel, adeta bir Ege r\u00fcyas\u0131! Konum <strong><a href=\"https:\/\/maps.app.goo.gl\/p6sdVy2ASqoVisry8\" target=\"_blank\" rel=\"noreferrer noopener\">burada.<\/a><\/strong><\/p>\n\n\n\n<h3 class=\"wp-block-heading has-text-align-center has-neeon-button-dark-gray-color has-text-color has-link-color wp-elements-64b8de1e5cb16e49da835d6ecd07b8dc\"><span class=\"ez-toc-section\" id=\"aika_hotel\"><\/span><strong>Aika Hotel<\/strong><span class=\"ez-toc-section-end\"><\/span><\/h3>\n\n\n\n<figure class=\"wp-block-image size-large\"><img decoding=\"async\" src=\"https:\/\/res.cloudinary.com\/turna\/image\/upload\/v1724417628\/wordpress-contents\/aika_bozcaada.jpg\" alt=\"Aika Hotel\"\/><\/figure>\n\n\n\n<p>Bozcaada&#8217;n\u0131n b\u00fcy\u00fcleyici atmosferini modern bir dokunu\u015fla ya\u015famak ister misiniz? O zaman <strong>Aika Hotel<\/strong> tam da arad\u0131\u011f\u0131n\u0131z yer! Bu \u015f\u0131k ve minimalist otel, ada merkezine birka\u00e7 dakikal\u0131k y\u00fcr\u00fcme mesafesinde, yani sabah kahvenizi i\u00e7erken plan yapmaya gerek yok\u2014her \u015fey kap\u0131n\u0131z\u0131n \u00f6n\u00fcnde! Aika Hotel&#8217;in zarif dekorasyonu, sade ama \u015f\u0131k detaylar\u0131yla g\u00f6z dolduruyor.<\/p>\n\n\n\n<p>Odan\u0131za ad\u0131m att\u0131\u011f\u0131n\u0131z anda ferah bir atmosfer sizi kar\u015f\u0131l\u0131yor; burada ger\u00e7ekten dinlenmek m\u00fcmk\u00fcn! Ayr\u0131ca otelin geni\u015f bah\u00e7esi, sabahlar\u0131 taze kahvalt\u0131n\u0131z\u0131n tad\u0131n\u0131 \u00e7\u0131kar\u0131rken ruhunuzu dinlendirecek bir ortam sunuyor. Ve tabii ki, ak\u015fam\u00fcst\u00fc bir bardak \u015farap e\u015fli\u011finde Bozcaada&#8217;n\u0131n e\u015fsiz g\u00fcn bat\u0131m\u0131n\u0131 izlemek de i\u015fin bonusu! Aika Hotel, adan\u0131n merkezinde olman\u0131n rahatl\u0131\u011f\u0131n\u0131 ve modern bir konforu bir arada sunarak, tatilinizi unutulmaz k\u0131lacak. Konum <strong><a href=\"https:\/\/maps.app.goo.gl\/AuYRtm74fkrSF5bR9\" target=\"_blank\" rel=\"noreferrer noopener\">burada.<\/a><\/strong><\/p>\n\n\n\n<h3 class=\"wp-block-heading has-text-align-center has-neeon-button-dark-gray-color has-text-color has-link-color wp-elements-3d2e4e60ff753aa6ba94731032c8eeae\"><span class=\"ez-toc-section\" id=\"armagrandi_bozcaada\"><\/span><strong>Armagrandi Bozcaada<\/strong><span class=\"ez-toc-section-end\"><\/span><\/h3>\n\n\n\n<figure class=\"wp-block-image size-large\"><img decoding=\"async\" src=\"https:\/\/res.cloudinary.com\/turna\/image\/upload\/v1724417628\/wordpress-contents\/armagrandi_bozcaada.jpg\" alt=\"Armagrandi Bozcaada\"\/><figcaption class=\"wp-element-caption\">Bozcaada&#8217;n\u0131n En \u0130yi Butik Otelleri<\/figcaption><\/figure>\n\n\n\n<p>Bozcaada Kalesi&#8217;ne kar\u015f\u0131 uyanmak m\u0131? Evet, do\u011fru duydunuz! <strong>Armagrandi Bozcaada<\/strong>, adan\u0131n tam kalbinde, kalenin hemen yan\u0131 ba\u015f\u0131nda yer al\u0131yor ve bu otelde konaklamak, her sabah tarih kokan bir manzaraya g\u00f6zlerinizi a\u00e7mak demek. Otelin tarihi ta\u015f binas\u0131, Bozcaada\u2019n\u0131n mistik havas\u0131n\u0131 modern olanaklarla bulu\u015fturuyor\u2014yani hem nostaljik hissedecek hem de konforunuzdan \u00f6d\u00fcn vermeyeceksiniz.<\/p>\n\n\n\n<p>Deniz manzaral\u0131 odalar\u0131yla, g\u00fcn bat\u0131m\u0131n\u0131 odan\u0131z\u0131n penceresinden izlemek ise ayr\u0131 bir keyif! Otelin teras\u0131nda serin bir i\u00e7ecek e\u015fli\u011finde y\u0131ld\u0131zlar\u0131 sayarken, \u201cBuraya yerle\u015fsem mi?\u201d diye d\u00fc\u015f\u00fcnebilirsiniz, uyaral\u0131m! Armagrandi Bozcaada, hem konumu hem de sundu\u011fu huzur dolu atmosferle, Bozcaada tatilinizi b\u00fcy\u00fcl\u00fc bir ka\u00e7\u0131\u015fa d\u00f6n\u00fc\u015ft\u00fcrecek. Konum <strong><a href=\"https:\/\/maps.app.goo.gl\/WcA4j9iA8MMxHwm98\" target=\"_blank\" rel=\"noreferrer noopener\">burada.<\/a><\/strong><\/p>\n\n\n\n<h3 class=\"wp-block-heading has-text-align-center has-neeon-button-dark-gray-color has-text-color has-link-color wp-elements-fb9b37421c71e0c8590eb07f02092afb\"><span class=\"ez-toc-section\" id=\"hotel_fahri\"><\/span><strong>Hotel Fahri<\/strong><span class=\"ez-toc-section-end\"><\/span><\/h3>\n\n\n\n<figure class=\"wp-block-image size-large\"><img decoding=\"async\" src=\"https:\/\/res.cloudinary.com\/turna\/image\/upload\/v1724417628\/wordpress-contents\/hotel_hafri.jpg\" alt=\"Hotel Fahri\"\/><\/figure>\n\n\n\n<p>Bozcaada&#8217;n\u0131n merkezinde, samimiyeti ve s\u0131cakl\u0131\u011f\u0131yla misafirlerini kucaklayan bir tesis <strong>Hotel Fahri.<\/strong> Bu otel, Bozcaada\u2019n\u0131n en k\u00f6kl\u00fc butik otellerinden biri olarak, adan\u0131n kalbinde yer al\u0131yor ve her k\u00f6\u015fesi misafirlerine \u201cEve ho\u015f geldiniz!\u201d diyor. Ta\u015f binas\u0131, ferah ve \u015f\u0131k odalar\u0131yla, burada konaklamak adeta adan\u0131n ruhunu hissetmek gibi. Sabahlar\u0131 kahvalt\u0131 masas\u0131nda sizi bekleyen taptaze Ege lezzetleriyle g\u00fcne ba\u015flay\u0131p, sonras\u0131nda adan\u0131n dar sokaklar\u0131nda keyifli bir ke\u015ffe \u00e7\u0131kabilirsiniz. \u00dcstelik, otel o kadar merkezi ki, ada turunuzun ortas\u0131nda yoruldu\u011funuzda \u201c5 dakikal\u0131k otel molas\u0131\u201d vermek bile m\u00fcmk\u00fcn! Hotel Fahri, hem adan\u0131n enerjisini yakalamak hem de s\u0131cak bir ortamda dinlenmek isteyenler i\u00e7in ideal bir tercih. Konum <strong><a href=\"https:\/\/maps.app.goo.gl\/9DfcaVT2QKtc1EfM6\" target=\"_blank\" rel=\"noreferrer noopener\">burada.<\/a><\/strong><\/p>\n\n\n\n<h3 class=\"wp-block-heading has-text-align-center has-neeon-button-dark-gray-color has-text-color has-link-color wp-elements-686c4ecc9e2c645def5cb43738a92d42\"><span class=\"ez-toc-section\" id=\"ebruli_otel\"><\/span><strong>Ebruli Otel<\/strong><span class=\"ez-toc-section-end\"><\/span><\/h3>\n\n\n\n<figure class=\"wp-block-image size-large\"><img decoding=\"async\" src=\"https:\/\/res.cloudinary.com\/turna\/image\/upload\/v1724417628\/wordpress-contents\/ebruli_otel.jpg\" alt=\"Ebruli Otel\"\/><\/figure>\n\n\n\n<p>Ebruli Hotel resmen zarafetin adadaki adresi. \ud83d\ude0d Bu otel, adan\u0131n mimari dokusuna sad\u0131k kalarak modern konforu misafirlerine sunuyor. Odan\u0131za ad\u0131m atar atmaz sizi kar\u015f\u0131layan pastel tonlar ve ince detaylarla s\u00fcslenmi\u015f dekorasyon, an\u0131nda rahatlaman\u0131z\u0131 sa\u011flayacak. Sabahlar\u0131 ise, \u015firin bah\u00e7esinde Ege&#8217;nin taze lezzetleriyle dolu bir kahvalt\u0131 sizi bekliyor olacak\u2014ard\u0131ndan da bir fincan mis gibi T\u00fcrk kahvesi!<\/p>\n\n\n\n<p>Otel, Bozcaada&#8217;n\u0131n merkezindeki konumuyla adan\u0131n t\u00fcm cazibe noktalar\u0131na sadece birka\u00e7 ad\u0131m mesafede, yani \u201cBug\u00fcn ne yapsak?\u201d sorusunun cevab\u0131 her zaman elinizin alt\u0131nda. Ebruli Hotel, \u00f6zellikle \u00e7iftlerin favorisi; romantik bir ka\u00e7amak i\u00e7in daha iyi bir yer d\u00fc\u015f\u00fcnmek zor! Hem \u015f\u0131k hem de rahat bir konaklama deneyimi ya\u015famak istiyorsan\u0131z, Ebruli Hotel\u2019de kalmak adeta Bozcaada\u2019n\u0131n zarif ruhunu kucaklamak gibi! Konum <strong><a href=\"https:\/\/maps.app.goo.gl\/LznRgGgvDBoc55FA8\" target=\"_blank\" rel=\"noreferrer noopener\">burada.<\/a><\/strong><\/p>\n\n\n\n<h3 class=\"wp-block-heading has-text-align-center has-neeon-button-dark-gray-color has-text-color has-link-color wp-elements-b0f87eb76f1a1607190839d6da1b2b58\"><span class=\"ez-toc-section\" id=\"kaikias_otel\"><\/span><strong>Kaikias Otel<\/strong><span class=\"ez-toc-section-end\"><\/span><\/h3>\n\n\n\n<figure class=\"wp-block-image size-large\"><img decoding=\"async\" src=\"https:\/\/res.cloudinary.com\/turna\/image\/upload\/v1724417628\/wordpress-contents\/kaikias_otel.jpg\" alt=\"Kaikias Otel\"\/><\/figure>\n\n\n\n<p>Bozcaada\u2019da tarih ve konforun m\u00fckemmel bulu\u015fma noktas\u0131 olan <strong>Kaikias Otel<\/strong>, sizi adan\u0131n e\u015fsiz atmosferiyle bulu\u015fturuyor. Bu \u015firin otel, denize birka\u00e7 ad\u0131m mesafede ve adan\u0131n merkezi noktas\u0131nda yer al\u0131yor\u2014yani, tatilinizi \u201cb\u00fct\u00fcn Bozcaada\u2019y\u0131 y\u00fcr\u00fcyerek ke\u015ffedece\u011fim\u201d planlar\u0131n\u0131z i\u00e7in m\u00fckemmel bir \u00fcs!<\/p>\n\n\n\n<p>Kaikias Otel\u2019in otantik dekorasyonu, eski zamanlar\u0131n b\u00fcy\u00fcs\u00fcn\u00fc modern olanaklarla birle\u015ftirerek, adeta bir zaman yolculu\u011fu sunuyor. Ve bizden s\u00f6ylemesi; odan\u0131z\u0131n penceresinden g\u00f6r\u00fclen manzara, \u00f6yle bir g\u00fczellikte ki Instagram\u2019dan \u201cg\u00fcn bat\u0131m\u0131 postu\u201d payla\u015fmadan d\u00f6nmeyin! Evinizin rahatl\u0131\u011f\u0131n\u0131 aratmayacak konforlu yataklar, s\u0131cak bir atmosfer ve i\u00e7ten bir hizmetle, burada kendinizi adeta adan\u0131n bir par\u00e7as\u0131 gibi hissedeceksiniz. Konum <strong><a href=\"https:\/\/maps.app.goo.gl\/Wcr6YNs5Rry9Dbe48\" target=\"_blank\" rel=\"noopener\">burada.<\/a><\/strong><br><br><strong><a href=\"https:\/\/www.turna.com\/blog\/bozcaada-nerede-bozcaadaya-nasil-gidilir?swcfpc=1\" target=\"_blank\" rel=\"noreferrer noopener\">Bozcaada\u2019ya Nas\u0131l Gidilir? Bozcaada Ula\u015f\u0131m Rehberi<\/a><\/strong><br><strong><a href=\"https:\/\/www.turna.com\/blog\/bozcaada-nerede-bozcaadaya-nasil-gidilir?swcfpc=1\" target=\"_blank\" rel=\"noreferrer noopener\"><br><\/a><a href=\"https:\/\/www.turna.com\/blog\/bozcaada-gezilecek-yerler-en-guzel-8-yer?swcfpc=1\" target=\"_blank\" rel=\"noreferrer noopener\">Bozcaada Gezilecek Yerler: En G\u00fczel 8 Yer<\/a><\/strong><\/p>\n\n\n\n<p><strong><a href=\"https:\/\/www.turna.com\/blog\/bozcaada-gezi-rehberi-kesif-ipuclari?swcfpc=1\" target=\"_blank\" rel=\"noreferrer noopener\">Bozcaada Gezi Rehberi: Ke\u015fif \u0130pu\u00e7lar\u0131<\/a><\/strong><\/p>\n\n    <div class=\"xs_social_share_widget xs_share_url after_content \t\tmain_content  wslu-style-1 wslu-share-box-shaped wslu-fill-colored wslu-none wslu-share-horizontal wslu-theme-font-no wslu-main_content\">\n\n\t\t\n        <ul>\n\t\t\t        <\/ul>\n    <\/div> \n","protected":false},"excerpt":{"rendered":"<p>Bozcaada&#8217;n\u0131n r\u00fczgar\u0131 sa\u00e7lar\u0131n\u0131z\u0131 savururken, Ege&#8217;nin masmavi sular\u0131 \u00f6n\u00fcn\u00fczde uzan\u0131yor, \u015firin sokaklar\u0131 aras\u0131nda kaybolmak i\u00e7in sab\u0131rs\u0131zlan\u0131yorsunuz&#8230; \u0130\u015fte Bozcaada! Bu cennet adada ge\u00e7irece\u011finiz tatil, kalaca\u011f\u0131n\u0131z yeri se\u00e7mekle ba\u015fl\u0131yor. Ve biz de tam bu noktada devreye giriyoruz! Bozcaada&#8217;n\u0131n en iyi butik otelleri yaz\u0131m\u0131zla, size hem adan\u0131n ruhunu en g\u00fczel \u015fekilde yans\u0131tan hem de her an\u0131n\u0131z\u0131 \u00f6zel k\u0131lacak otelleri sunuyoruz. Keyif dolu sabahlara uyanmak, her k\u00f6\u015fesi ayr\u0131 bir hikaye anlatan odalarda dinlenmek ve Bozcaada&#8217;n\u0131n b\u00fcy\u00fcs\u00fcne kap\u0131lmak i\u00e7in bu listeye g\u00f6z atman\u0131z yeterli! Hadi, valizlerinizi haz\u0131rlay\u0131n; Bozcaada sizi bekliyor!<\/p>\n","protected":false},"author":34,"featured_media":22902,"comment_status":"open","ping_status":"open","sticky":false,"template":"","format":"standard","meta":{"rop_custom_images_group":[],"rop_custom_messages_group":[],"rop_publish_now":"initial","rop_publish_now_accounts":[],"rop_publish_now_history":[],"rop_publish_now_status":"pending","_cloudinary_featured_overwrite":false,"footnotes":""},"categories":[1821],"tags":[244,5282],"class_list":["post-22901","post","type-post","status-publish","format-standard","has-post-thumbnail","hentry","category-canakkale","tag-bozcaada","tag-otel-rezervasyonu"],"_links":{"self":[{"href":"https:\/\/www.turna.com\/blog\/wp-json\/wp\/v2\/posts\/22901","targetHints":{"allow":["GET"]}}],"collection":[{"href":"https:\/\/www.turna.com\/blog\/wp-json\/wp\/v2\/posts"}],"about":[{"href":"https:\/\/www.turna.com\/blog\/wp-json\/wp\/v2\/types\/post"}],"author":[{"embeddable":true,"href":"https:\/\/www.turna.com\/blog\/wp-json\/wp\/v2\/users\/34"}],"replies":[{"embeddable":true,"href":"https:\/\/www.turna.com\/blog\/wp-json\/wp\/v2\/comments?post=22901"}],"version-history":[{"count":0,"href":"https:\/\/www.turna.com\/blog\/wp-json\/wp\/v2\/posts\/22901\/revisions"}],"wp:featuredmedia":[{"embeddable":true,"href":"https:\/\/www.turna.com\/blog\/wp-json\/wp\/v2\/media\/22902"}],"wp:attachment":[{"href":"https:\/\/www.turna.com\/blog\/wp-json\/wp\/v2\/media?parent=22901"}],"wp:term":[{"taxonomy":"category","embeddable":true,"href":"https:\/\/www.turna.com\/blog\/wp-json\/wp\/v2\/categories?post=22901"},{"taxonomy":"post_tag","embeddable":true,"href":"https:\/\/www.turna.com\/blog\/wp-json\/wp\/v2\/tags?post=22901"}],"curies":[{"name":"wp","href":"https:\/\/api.w.org\/{rel}","templated":true}]}}