{"id":22857,"date":"2024-08-13T15:45:18","date_gmt":"2024-08-13T12:45:18","guid":{"rendered":"https:\/\/www.turna.com\/blog\/?p=22857"},"modified":"2025-12-08T13:41:05","modified_gmt":"2025-12-08T10:41:05","slug":"kapali-maras-nerede","status":"publish","type":"post","link":"https:\/\/www.turna.com\/blog\/kapali-maras-nerede","title":{"rendered":"Kapal\u0131 Mara\u015f Nerede? Kapal\u0131 Mara\u015f Hikayesi"},"content":{"rendered":"<div id=\"ez-toc-container\" class=\"ez-toc-v2_0_82_2 counter-hierarchy ez-toc-counter ez-toc-black ez-toc-container-direction\">\n<div class=\"ez-toc-title-container\">\n<p class=\"ez-toc-title\" style=\"cursor:inherit\">\u0130\u00e7indekiler<\/p>\n<span class=\"ez-toc-title-toggle\"><a href=\"#\" class=\"ez-toc-pull-right ez-toc-btn ez-toc-btn-xs ez-toc-btn-default ez-toc-toggle\" aria-label=\"\u0130\u00e7indekiler Tablosunu A\u00e7\/Kapat\"><span class=\"ez-toc-js-icon-con\"><span class=\"\"><span class=\"eztoc-hide\" style=\"display:none;\">Toggle<\/span><span class=\"ez-toc-icon-toggle-span\"><svg style=\"fill: #ffffff;color:#ffffff\" xmlns=\"http:\/\/www.w3.org\/2000\/svg\" class=\"list-377408\" width=\"20px\" height=\"20px\" viewBox=\"0 0 24 24\" fill=\"none\"><path d=\"M6 6H4v2h2V6zm14 0H8v2h12V6zM4 11h2v2H4v-2zm16 0H8v2h12v-2zM4 16h2v2H4v-2zm16 0H8v2h12v-2z\" fill=\"currentColor\"><\/path><\/svg><svg style=\"fill: #ffffff;color:#ffffff\" class=\"arrow-unsorted-368013\" xmlns=\"http:\/\/www.w3.org\/2000\/svg\" width=\"10px\" height=\"10px\" viewBox=\"0 0 24 24\" version=\"1.2\" baseProfile=\"tiny\"><path d=\"M18.2 9.3l-6.2-6.3-6.2 6.3c-.2.2-.3.4-.3.7s.1.5.3.7c.2.2.4.3.7.3h11c.3 0 .5-.1.7-.3.2-.2.3-.5.3-.7s-.1-.5-.3-.7zM5.8 14.7l6.2 6.3 6.2-6.3c.2-.2.3-.5.3-.7s-.1-.5-.3-.7c-.2-.2-.4-.3-.7-.3h-11c-.3 0-.5.1-.7.3-.2.2-.3.5-.3.7s.1.5.3.7z\"\/><\/svg><\/span><\/span><\/span><\/a><\/span><\/div>\n<nav><ul class='ez-toc-list ez-toc-list-level-1 eztoc-toggle-hide-by-default' ><li class='ez-toc-page-1 ez-toc-heading-level-2'><a class=\"ez-toc-link ez-toc-heading-1\" href=\"https:\/\/www.turna.com\/blog\/kapali-maras-nerede\/#kapali_maras_rehberi\" >Kapal\u0131 Mara\u015f Rehberi<\/a><ul class='ez-toc-list-level-3' ><li class='ez-toc-heading-level-3'><a class=\"ez-toc-link ez-toc-heading-2\" href=\"https:\/\/www.turna.com\/blog\/kapali-maras-nerede\/#kapali_maras_nerede_nasil_gidilir\" >Kapal\u0131 Mara\u015f Nerede &amp; Nas\u0131l Gidilir?<\/a><\/li><li class='ez-toc-page-1 ez-toc-heading-level-3'><a class=\"ez-toc-link ez-toc-heading-3\" href=\"https:\/\/www.turna.com\/blog\/kapali-maras-nerede\/#kapali_marasin_tarihcesi\" >Kapal\u0131 Mara\u015f&#8217;\u0131n Tarih\u00e7esi<\/a><\/li><li class='ez-toc-page-1 ez-toc-heading-level-3'><a class=\"ez-toc-link ez-toc-heading-4\" href=\"https:\/\/www.turna.com\/blog\/kapali-maras-nerede\/#kapali_maras_hikayesi\" >Kapal\u0131 Mara\u015f Hikayesi<\/a><\/li><li class='ez-toc-page-1 ez-toc-heading-level-3'><a class=\"ez-toc-link ez-toc-heading-5\" href=\"https:\/\/www.turna.com\/blog\/kapali-maras-nerede\/#kapali_marasin_yeniden_acilmasi\" >Kapal\u0131 Mara\u015f&#8217;\u0131n Yeniden A\u00e7\u0131lmas\u0131<\/a><\/li><\/ul><\/li><\/ul><\/nav><\/div>\n\n<p>Hayalet \u015fehir olarak bilinen Kapal\u0131 Mara\u015f, Kuzey K\u0131br\u0131s\u2019\u0131n Ma\u011fusa b\u00f6lgesinde, y\u0131llard\u0131r unutulmu\u015f bir zaman diliminin i\u00e7inde saklan\u0131yor. Peki, Kapal\u0131 Mara\u015f nerede? 1974 y\u0131l\u0131ndan bu yana dikenli tellerin ard\u0131nda kalan bu b\u00f6lge, K\u0131br\u0131s\u2019\u0131n en g\u00f6zde tatil destinasyonlar\u0131ndan biri iken, bir anda kaderine terk edilmi\u015f bir hayalet \u015fehre d\u00f6n\u00fc\u015ft\u00fc. <strong>Kapal\u0131 Mara\u015f&#8217;\u0131n hikayesi<\/strong> ise adeta bir film senaryosu kadar etkileyici; terk edilmi\u015f l\u00fcks oteller, zaman\u0131n durdu\u011fu sokaklar ve tarihi an\u0131lar\u0131n yank\u0131land\u0131\u011f\u0131 bo\u015f evler\u2026 Bu yaz\u0131da, Kapal\u0131 Mara\u015f\u2019\u0131n tarihine ve dram dolu hikayesine do\u011fru bir yolculu\u011fa \u00e7\u0131kaca\u011f\u0131z.<\/p>\n\n\n\n<h2 class=\"wp-block-heading has-text-align-center has-neeon-button-dark-gray-color has-text-color has-link-color wp-elements-6d28ce83fe20d0c55b9cee0aa324dd2d\"><span class=\"ez-toc-section\" id=\"kapali_maras_rehberi\"><\/span><strong>Kapal\u0131 Mara\u015f Rehberi<\/strong><span class=\"ez-toc-section-end\"><\/span><\/h2>\n\n\n\n<h3 class=\"wp-block-heading has-text-align-center has-neeon-button-dark-gray-color has-text-color has-link-color wp-elements-f01cedc62d1a5360f4a8dc3998594695\"><span class=\"ez-toc-section\" id=\"kapali_maras_nerede_nasil_gidilir\"><\/span><strong>Kapal\u0131 Mara\u015f Nerede &amp; Nas\u0131l Gidilir?<\/strong><span class=\"ez-toc-section-end\"><\/span><\/h3>\n\n\n\n<figure class=\"wp-block-image size-large\"><img width=\"800\" height=\"500\" decoding=\"async\" src=\"data:image\/svg+xml;base64,PHN2ZyB4bWxucz0iaHR0cDovL3d3dy53My5vcmcvMjAwMC9zdmciIHdpZHRoPSI4MDAiIGhlaWdodD0iNTAwIj48cmVjdCB3aWR0aD0iMTAwJSIgaGVpZ2h0PSIxMDAlIj48YW5pbWF0ZSBhdHRyaWJ1dGVOYW1lPSJmaWxsIiB2YWx1ZXM9InJnYmEoMTUzLDE1MywxNTMsMC41KTtyZ2JhKDE1MywxNTMsMTUzLDAuMSk7cmdiYSgxNTMsMTUzLDE1MywwLjUpIiBkdXI9IjJzIiByZXBlYXRDb3VudD0iaW5kZWZpbml0ZSIgLz48L3JlY3Q+PC9zdmc+\" alt=\"kapali maras nerede\" data-public-id=\"wordpress-contents\/kapali_maras_nerede\/kapali_maras_nerede.webp\" class=\"wp-post-22857 wp-image-22858\" data-format=\"webp\" data-transformations=\"f_auto,q_auto:low\" data-version=\"1723552965\" data-seo=\"1\" data-size=\"800 500\" data-srcset=\"https:\/\/res.cloudinary.com\/turna\/images\/f_auto,q_auto:low\/v1723552965\/wordpress-contents\/kapali_maras_nerede\/kapali_maras_nerede.webp?_i=AA 800w, https:\/\/res.cloudinary.com\/turna\/images\/w_300,h_188,c_scale\/f_auto,q_auto:low\/v1723552965\/wordpress-contents\/kapali_maras_nerede\/kapali_maras_nerede.webp?_i=AA 300w, https:\/\/res.cloudinary.com\/turna\/images\/w_672,h_420,c_scale\/f_auto,q_auto:low\/v1723552965\/wordpress-contents\/kapali_maras_nerede\/kapali_maras_nerede.webp?_i=AA 672w, https:\/\/res.cloudinary.com\/turna\/images\/w_640,h_400,c_scale\/f_auto,q_auto:low\/v1723552965\/wordpress-contents\/kapali_maras_nerede\/kapali_maras_nerede.webp?_i=AA 640w, https:\/\/res.cloudinary.com\/turna\/images\/w_681,h_426,c_scale\/f_auto,q_auto:low\/v1723552965\/wordpress-contents\/kapali_maras_nerede\/kapali_maras_nerede.webp?_i=AA 681w\" data-sizes=\"(max-width: 800px) 100vw, 800px\" data-delivery=\"upload\" onload=\";window.CLDBind?CLDBind(this):null;\" data-cloudinary=\"lazy\" \/><\/figure>\n\n\n\n<p><strong>Kapal\u0131 Mara\u015f<\/strong>, Kuzey K\u0131br\u0131s\u2019\u0131n do\u011fusunda, Ma\u011fusa (Famagusta) \u015fehrinin k\u0131y\u0131s\u0131nda yer al\u0131yor. Bir zamanlar Akdeniz\u2019in en pop\u00fcler tatil beldelerinden biri olan bu b\u00f6lge, \u015fimdi ise hayalet \u015fehir olarak biliniyor. Bembeyaz kumlar\u0131, terkedilmi\u015f l\u00fcks otelleri ve sessiz sokaklar\u0131yla hem gizemli hem de b\u00fcy\u00fcleyici bir atmosfere sahip. <strong>Kapal\u0131 Mara\u015f nerede?<\/strong> sorusunun cevab\u0131, sizi tarihin donmu\u015f bir an\u0131na g\u00f6t\u00fcr\u00fcyor; bu \u015fehirde zaman sanki 1974&#8217;te duruvermi\u015f! Konum <strong><a href=\"https:\/\/maps.app.goo.gl\/9Q6JnW9WNYYTbCLD8\" target=\"_blank\" rel=\"noreferrer noopener\">burada<\/a><\/strong>.<\/p>\n\n\n\n<p>Peki, bu etkileyici yeri nas\u0131l ziyaret edebilirsiniz? Kapal\u0131 Mara\u015f\u2019a ula\u015fmak olduk\u00e7a kolay. Kuzey K\u0131br\u0131s\u2019a geldikten sonra, Ma\u011fusa \u015fehrine do\u011fru yola \u00e7\u0131kmal\u0131s\u0131n\u0131z. Lefko\u015fa\u2019dan arabayla yakla\u015f\u0131k 1 saatlik keyifli bir yolculuk sizi bekliyor. E\u011fer toplu ta\u015f\u0131ma tercih ederseniz, Lefko\u015fa ve Girne\u2019den Ma\u011fusa\u2019ya otob\u00fcs seferleri de mevcut. Ma\u011fusa\u2019ya vard\u0131\u011f\u0131n\u0131zda, Kapal\u0131 Mara\u015f\u2019a gitmek i\u00e7in k\u0131sa bir mesafe kat etmeniz yeterli.<\/p>\n\n\n\n<p><strong><a href=\"https:\/\/www.turna.com\/ucak-bileti\/kibris\" target=\"_blank\" rel=\"noreferrer noopener\">Kuzey K\u0131br\u0131s u\u00e7ak bileti<\/a><\/strong> i\u00e7in web sitemizi ziyaret edin.<\/p>\n\n\n\n<h3 class=\"wp-block-heading has-text-align-center has-neeon-button-dark-gray-color has-text-color has-link-color wp-elements-c166ef107eeb75027ad6254262cc36a0\"><span class=\"ez-toc-section\" id=\"kapali_marasin_tarihcesi\"><\/span><strong>Kapal\u0131 Mara\u015f&#8217;\u0131n Tarih\u00e7esi<\/strong><span class=\"ez-toc-section-end\"><\/span><\/h3>\n\n\n\n<figure class=\"wp-block-image size-large\"><img decoding=\"async\" src=\"https:\/\/res.cloudinary.com\/turna\/image\/upload\/v1723552965\/wordpress-contents\/kapali_maras_tarihi.webp\" alt=\"kapali maras nerede\"\/><\/figure>\n\n\n\n<p>Kapal\u0131 Mara\u015f, 1960\u2019lar\u0131n sonu ve 1970\u2019lerin ba\u015f\u0131nda adeta Akdeniz\u2019in g\u00f6z bebe\u011fi olmu\u015ftu. <strong>Kapal\u0131 Mara\u015f\u2019\u0131n tarih\u00e7esi<\/strong> adeta bir film \u015feridi gibi, par\u0131lt\u0131l\u0131 g\u00fcnlerden kalma an\u0131larla dolu. O d\u00f6nemde, Mara\u015f, d\u00fcnyan\u0131n d\u00f6rt bir yan\u0131ndan gelen turistlerin hayallerini s\u00fcsleyen bir tatil cenneti olarak biliniyordu. Berrak denizi, alt\u0131n sar\u0131s\u0131 kumsallar\u0131 ve dillere destan l\u00fcks otelleriyle buras\u0131, yaln\u0131zca K\u0131br\u0131s\u2019\u0131n de\u011fil, t\u00fcm Akdeniz\u2019in en pop\u00fcler destinasyonlar\u0131ndan biriydi. D\u00fc\u015f\u00fcn\u00fcn ki Brigitte Bardot, Elizabeth Taylor gibi Hollywood\u2019un en \u00fcnl\u00fc isimleri, tatillerini ge\u00e7irmek i\u00e7in Mara\u015f\u2019\u0131 tercih ediyordu!<\/p>\n\n\n\n<p>Mara\u015f, yaln\u0131zca \u00fcnl\u00fcleri de\u011fil, zengin ve g\u00f6steri\u015fli tatil anlay\u0131\u015f\u0131n\u0131 benimseyen herkesin r\u00fcya dura\u011f\u0131yd\u0131. \u015eehrin i\u00e7inde boy g\u00f6steren 5 y\u0131ld\u0131zl\u0131 oteller, \u00fcnl\u00fc markalar\u0131n ma\u011fazalar\u0131, \u015f\u0131k restoranlar ve capcanl\u0131 gece hayat\u0131, her biri Mara\u015f\u2019\u0131 benzersiz k\u0131lan detaylardand\u0131. Bir zamanlar <strong>&#8216;Akdeniz&#8217;in Las Vegas&#8217;\u0131&#8217;<\/strong> olarak an\u0131lan bu b\u00f6lge, her k\u00f6\u015fesinde l\u00fcks\u00fc ve zarafeti hissedebilece\u011finiz bir yerdi. Ge\u00e7mi\u015fin bu par\u0131lt\u0131l\u0131 g\u00fcnleri, bug\u00fcn bile hala bir\u00e7ok ki\u015finin hayallerinde ya\u015f\u0131yor ve Kapal\u0131 Mara\u015f\u2019\u0131n tarih\u00e7esi, g\u00f6z al\u0131c\u0131 bir d\u00f6nemden geriye kalan en de\u011ferli hat\u0131ra olarak kalplerde yerini koruyor.<\/p>\n\n\n\n<h3 class=\"wp-block-heading has-text-align-center has-neeon-button-dark-gray-color has-text-color has-link-color wp-elements-541a1dfd464c814d45050ef8b6940137\"><span class=\"ez-toc-section\" id=\"kapali_maras_hikayesi\"><\/span><strong>Kapal\u0131 Mara\u015f Hikayesi<\/strong><span class=\"ez-toc-section-end\"><\/span><\/h3>\n\n\n\n<figure class=\"wp-block-image size-large\"><img decoding=\"async\" src=\"https:\/\/res.cloudinary.com\/turna\/image\/upload\/v1723552965\/wordpress-contents\/kapali_maras_hikayesi.webp\" alt=\"Kapal\u0131 Mara\u015f Hikayesi\"\/><\/figure>\n\n\n\n<p>Kapal\u0131 Mara\u015f\u2019\u0131n hikayesi, adeta par\u0131lt\u0131l\u0131 bir masal\u0131n ans\u0131z\u0131n trajik bir sona d\u00f6n\u00fc\u015fmesi gibi. 1974 y\u0131l\u0131na kadar Akdeniz\u2019in en g\u00f6zde ve l\u00fcks destinasyonlar\u0131ndan biri olan bu cennet k\u00f6\u015fe, K\u0131br\u0131s\u2019ta ya\u015fanan siyasi \u00e7at\u0131\u015fmalar\u0131n ortas\u0131nda kal\u0131nca, bir anda sessizli\u011fe g\u00f6m\u00fcld\u00fc. 15 Temmuz 1974\u2019teki darbe ve hemen ard\u0131ndan 20 Temmuz\u2019da T\u00fcrkiye\u2019nin K\u0131br\u0131s Bar\u0131\u015f Harekat\u0131\u2019n\u0131 ba\u015flatmas\u0131yla, Mara\u015f\u2019taki hareketlilik yerini endi\u015fe dolu bir bekleyi\u015fe b\u0131rakt\u0131. B\u00f6lge sakinleri ve turistler, evlerini ve tatil hayallerini geride b\u0131rakarak h\u0131zla tahliye edildi. O zamandan bu yana, Kapal\u0131 Mara\u015f, dikenli tellerin arkas\u0131nda, zaman\u0131n adeta durdu\u011fu bir yer olarak kald\u0131.<\/p>\n\n\n\n<p>Bir zamanlar Hollywood y\u0131ld\u0131zlar\u0131n\u0131n ve d\u00fcnya jet sosyetesinin ak\u0131n etti\u011fi bu muhte\u015fem yer, art\u0131k sadece an\u0131larda ya\u015fayan bir hayalet \u015fehir. L\u00fcks otelleri, bo\u015f sokaklar\u0131 ve sessiz kumsallar\u0131, 1974\u2019ten beri neredeyse hi\u00e7 dokunulmam\u0131\u015f halde. Zaman, Mara\u015f\u2019\u0131n kap\u0131lar\u0131n\u0131 kilitleyip anahtar\u0131n\u0131 denize atm\u0131\u015f gibi; burada her \u015fey, terk edildi\u011fi g\u00fcnk\u00fc gibi duruyor. Bu trajik d\u00f6n\u00fc\u015f\u00fcm, Kapal\u0131 Mara\u015f\u2019\u0131n hikayesini daha da ilgin\u00e7 ve gizemli k\u0131l\u0131yor. \u015eehrin o d\u00f6nemdeki ihti\u015fam\u0131n\u0131 hayal etmek zor de\u011fil, ancak bu hayal bir anda kaybolmu\u015f gibi\u2026<\/p>\n\n\n\n<h3 class=\"wp-block-heading has-text-align-center has-neeon-button-dark-gray-color has-text-color has-link-color wp-elements-ef788c92e7312a893d511e9f5033b2ee\"><span class=\"ez-toc-section\" id=\"kapali_marasin_yeniden_acilmasi\"><\/span><strong>Kapal\u0131 Mara\u015f&#8217;\u0131n Yeniden A\u00e7\u0131lmas\u0131<\/strong><span class=\"ez-toc-section-end\"><\/span><\/h3>\n\n\n\n<figure class=\"wp-block-image size-large\"><img decoding=\"async\" src=\"https:\/\/res.cloudinary.com\/turna\/image\/upload\/v1723552965\/wordpress-contents\/kapali_maras.webp\" alt=\"Kapal\u0131 Mara\u015f'\u0131n Yeniden A\u00e7\u0131lmas\u0131\"\/><\/figure>\n\n\n\n<p>Kapal\u0131 Mara\u015f, y\u0131llar boyunca dikenli tellerin ard\u0131nda, zaman\u0131n ve do\u011fan\u0131n insaf\u0131na terk edilmi\u015f bir hayalet \u015fehir olarak kald\u0131. Ancak 46 y\u0131l s\u00fcren bu derin sessizlik, 2020 y\u0131l\u0131n\u0131n Ekim ay\u0131nda bozuldu. O y\u0131l, Kapal\u0131 Mara\u015f\u2019\u0131n k\u00fc\u00e7\u00fck bir b\u00f6l\u00fcm\u00fc yeniden halka a\u00e7\u0131ld\u0131, bu da b\u00f6lgeyi bir kez daha ziyaret\u00e7ilerin ilgi oda\u011f\u0131 haline getirdi. A\u00e7\u0131lan alan, sahil \u015feridini ve baz\u0131 sokaklar\u0131 kaps\u0131yor; ancak b\u00f6lgenin b\u00fcy\u00fck bir k\u0131sm\u0131 h\u00e2l\u00e2 askeri g\u00f6zetim alt\u0131nda ve halka kapal\u0131 durumda.<\/p>\n\n\n\n<p>Kapal\u0131 Mara\u015f\u2019\u0131 ziyaret etmek isteyenler i\u00e7in <strong>giri\u015f \u00fccretsiz.<\/strong> Ziyaret\u00e7iler, b\u00f6lgeyi y\u00fcr\u00fcyerek ke\u015ffedebilir ya da bisiklet kiralayarak daha geni\u015f bir alan\u0131 dola\u015fabilirler. Ge\u00e7mi\u015fin izlerini ta\u015f\u0131yan bu terk edilmi\u015f sokaklarda dola\u015fmak, adeta zaman\u0131n i\u00e7inde bir yolculu\u011fa \u00e7\u0131kmak gibi. A\u00e7\u0131k olan k\u0131s\u0131m, \u015fimdiden hem yerli hem de yabanc\u0131 turistlerin ilgisini \u00e7ekiyor; fakat buran\u0131n gelece\u011fi h\u00e2l\u00e2 b\u00fcy\u00fck bir soru i\u015fareti. Yeniden a\u00e7\u0131lma s\u00fcreci devam ederken, b\u00f6lgenin tamamen turizme kazand\u0131r\u0131lmas\u0131 ve restorasyon projeleri \u00fczerinde \u00e7e\u015fitli planlar yap\u0131l\u0131yor. E\u011fer bu planlar hayata ge\u00e7irilirse, Kapal\u0131 Mara\u015f bir kez daha Akdeniz\u2019in en \u00e7ekici destinasyonlar\u0131ndan biri olabilir. \u015eimdilik ise, buras\u0131 ge\u00e7mi\u015fin g\u00f6lgeleri aras\u0131nda merak uyand\u0131ran bir ke\u015fif rotas\u0131 olarak ziyaret\u00e7ilerini a\u011f\u0131rlamaya devam ediyor.<br><\/p>\n\n    <div class=\"xs_social_share_widget xs_share_url after_content \t\tmain_content  wslu-style-1 wslu-share-box-shaped wslu-fill-colored wslu-none wslu-share-horizontal wslu-theme-font-no wslu-main_content\">\n\n\t\t\n        <ul>\n\t\t\t        <\/ul>\n    <\/div> \n","protected":false},"excerpt":{"rendered":"<p>Hayalet \u015fehir olarak bilinen Kapal\u0131 Mara\u015f, Kuzey K\u0131br\u0131s\u2019\u0131n Ma\u011fusa b\u00f6lgesinde, y\u0131llard\u0131r unutulmu\u015f bir zaman diliminin i\u00e7inde saklan\u0131yor. Peki, Kapal\u0131 Mara\u015f nerede? 1974 y\u0131l\u0131ndan bu yana dikenli tellerin ard\u0131nda kalan bu b\u00f6lge, K\u0131br\u0131s\u2019\u0131n en g\u00f6zde tatil destinasyonlar\u0131ndan biri iken, bir anda kaderine terk edilmi\u015f bir hayalet \u015fehre d\u00f6n\u00fc\u015ft\u00fc. Kapal\u0131 Mara\u015f&#8217;\u0131n hikayesi ise adeta bir film senaryosu kadar etkileyici; terk edilmi\u015f l\u00fcks oteller, zaman\u0131n durdu\u011fu sokaklar ve tarihi an\u0131lar\u0131n yank\u0131land\u0131\u011f\u0131 bo\u015f evler\u2026 Bu yaz\u0131da, Kapal\u0131 Mara\u015f\u2019\u0131n tarihine ve dram dolu hikayesine do\u011fru bir yolculu\u011fa \u00e7\u0131kaca\u011f\u0131z.<\/p>\n","protected":false},"author":34,"featured_media":22858,"comment_status":"open","ping_status":"open","sticky":false,"template":"","format":"standard","meta":{"rop_custom_images_group":[],"rop_custom_messages_group":[],"rop_publish_now":"initial","rop_publish_now_accounts":[],"rop_publish_now_history":[],"rop_publish_now_status":"pending","_cloudinary_featured_overwrite":false,"footnotes":""},"categories":[2],"tags":[],"class_list":["post-22857","post","type-post","status-publish","format-standard","has-post-thumbnail","hentry","category-ulkeler"],"_links":{"self":[{"href":"https:\/\/www.turna.com\/blog\/wp-json\/wp\/v2\/posts\/22857","targetHints":{"allow":["GET"]}}],"collection":[{"href":"https:\/\/www.turna.com\/blog\/wp-json\/wp\/v2\/posts"}],"about":[{"href":"https:\/\/www.turna.com\/blog\/wp-json\/wp\/v2\/types\/post"}],"author":[{"embeddable":true,"href":"https:\/\/www.turna.com\/blog\/wp-json\/wp\/v2\/users\/34"}],"replies":[{"embeddable":true,"href":"https:\/\/www.turna.com\/blog\/wp-json\/wp\/v2\/comments?post=22857"}],"version-history":[{"count":0,"href":"https:\/\/www.turna.com\/blog\/wp-json\/wp\/v2\/posts\/22857\/revisions"}],"wp:featuredmedia":[{"embeddable":true,"href":"https:\/\/www.turna.com\/blog\/wp-json\/wp\/v2\/media\/22858"}],"wp:attachment":[{"href":"https:\/\/www.turna.com\/blog\/wp-json\/wp\/v2\/media?parent=22857"}],"wp:term":[{"taxonomy":"category","embeddable":true,"href":"https:\/\/www.turna.com\/blog\/wp-json\/wp\/v2\/categories?post=22857"},{"taxonomy":"post_tag","embeddable":true,"href":"https:\/\/www.turna.com\/blog\/wp-json\/wp\/v2\/tags?post=22857"}],"curies":[{"name":"wp","href":"https:\/\/api.w.org\/{rel}","templated":true}]}}