{"id":22844,"date":"2025-02-20T11:13:18","date_gmt":"2025-02-20T08:13:18","guid":{"rendered":"https:\/\/www.turna.com\/blog\/?p=22844"},"modified":"2025-07-10T11:19:55","modified_gmt":"2025-07-10T08:19:55","slug":"focada-gezilecek-yerler-en-guzel-13-durak","status":"publish","type":"post","link":"https:\/\/www.turna.com\/blog\/focada-gezilecek-yerler-en-guzel-13-durak","title":{"rendered":"Fo\u00e7a&#8217;da Gezilecek Yerler: En G\u00fczel 19 Durak"},"content":{"rendered":"<div id=\"ez-toc-container\" class=\"ez-toc-v2_0_82_2 counter-hierarchy ez-toc-counter ez-toc-black ez-toc-container-direction\">\n<div class=\"ez-toc-title-container\">\n<p class=\"ez-toc-title\" style=\"cursor:inherit\">\u0130\u00e7indekiler<\/p>\n<span class=\"ez-toc-title-toggle\"><a href=\"#\" class=\"ez-toc-pull-right ez-toc-btn ez-toc-btn-xs ez-toc-btn-default ez-toc-toggle\" aria-label=\"\u0130\u00e7indekiler Tablosunu A\u00e7\/Kapat\"><span class=\"ez-toc-js-icon-con\"><span class=\"\"><span class=\"eztoc-hide\" style=\"display:none;\">Toggle<\/span><span class=\"ez-toc-icon-toggle-span\"><svg style=\"fill: #ffffff;color:#ffffff\" xmlns=\"http:\/\/www.w3.org\/2000\/svg\" class=\"list-377408\" width=\"20px\" height=\"20px\" viewBox=\"0 0 24 24\" fill=\"none\"><path d=\"M6 6H4v2h2V6zm14 0H8v2h12V6zM4 11h2v2H4v-2zm16 0H8v2h12v-2zM4 16h2v2H4v-2zm16 0H8v2h12v-2z\" fill=\"currentColor\"><\/path><\/svg><svg style=\"fill: #ffffff;color:#ffffff\" class=\"arrow-unsorted-368013\" xmlns=\"http:\/\/www.w3.org\/2000\/svg\" width=\"10px\" height=\"10px\" viewBox=\"0 0 24 24\" version=\"1.2\" baseProfile=\"tiny\"><path d=\"M18.2 9.3l-6.2-6.3-6.2 6.3c-.2.2-.3.4-.3.7s.1.5.3.7c.2.2.4.3.7.3h11c.3 0 .5-.1.7-.3.2-.2.3-.5.3-.7s-.1-.5-.3-.7zM5.8 14.7l6.2 6.3 6.2-6.3c.2-.2.3-.5.3-.7s-.1-.5-.3-.7c-.2-.2-.4-.3-.7-.3h-11c-.3 0-.5.1-.7.3-.2.2-.3.5-.3.7s.1.5.3.7z\"\/><\/svg><\/span><\/span><\/span><\/a><\/span><\/div>\n<nav><ul class='ez-toc-list ez-toc-list-level-1 eztoc-toggle-hide-by-default' ><li class='ez-toc-page-1 ez-toc-heading-level-2'><a class=\"ez-toc-link ez-toc-heading-1\" href=\"https:\/\/www.turna.com\/blog\/focada-gezilecek-yerler-en-guzel-13-durak\/#foca_nasil_bir_yer\" >Fo\u00e7a Nas\u0131l Bir Yer?<\/a><\/li><li class='ez-toc-page-1 ez-toc-heading-level-2'><a class=\"ez-toc-link ez-toc-heading-2\" href=\"https:\/\/www.turna.com\/blog\/focada-gezilecek-yerler-en-guzel-13-durak\/#foca_ismi_nereden_geliyor\" >Fo\u00e7a \u0130smi Nereden Geliyor?<\/a><\/li><li class='ez-toc-page-1 ez-toc-heading-level-2'><a class=\"ez-toc-link ez-toc-heading-3\" href=\"https:\/\/www.turna.com\/blog\/focada-gezilecek-yerler-en-guzel-13-durak\/#focada_gorulmesi_gereken_yerler\" >Fo\u00e7a&#8217;da G\u00f6r\u00fclmesi Gereken Yerler<\/a><ul class='ez-toc-list-level-3' ><li class='ez-toc-heading-level-3'><a class=\"ez-toc-link ez-toc-heading-4\" href=\"https:\/\/www.turna.com\/blog\/focada-gezilecek-yerler-en-guzel-13-durak\/#eski_foca_limani\" >Eski Fo\u00e7a Liman\u0131<\/a><\/li><li class='ez-toc-page-1 ez-toc-heading-level-3'><a class=\"ez-toc-link ez-toc-heading-5\" href=\"https:\/\/www.turna.com\/blog\/focada-gezilecek-yerler-en-guzel-13-durak\/#beskapilar_kalesi\" >Be\u015fkap\u0131lar Kalesi<\/a><\/li><li class='ez-toc-page-1 ez-toc-heading-level-3'><a class=\"ez-toc-link ez-toc-heading-6\" href=\"https:\/\/www.turna.com\/blog\/focada-gezilecek-yerler-en-guzel-13-durak\/#agalar_konagi\" >A\u011falar Kona\u011f\u0131<\/a><\/li><li class='ez-toc-page-1 ez-toc-heading-level-3'><a class=\"ez-toc-link ez-toc-heading-7\" href=\"https:\/\/www.turna.com\/blog\/focada-gezilecek-yerler-en-guzel-13-durak\/#athena_tapinagi\" >Athena Tap\u0131na\u011f\u0131<\/a><\/li><li class='ez-toc-page-1 ez-toc-heading-level-3'><a class=\"ez-toc-link ez-toc-heading-8\" href=\"https:\/\/www.turna.com\/blog\/focada-gezilecek-yerler-en-guzel-13-durak\/#siren_kayaliklari\" >Siren Kayal\u0131klar\u0131<\/a><\/li><li class='ez-toc-page-1 ez-toc-heading-level-3'><a class=\"ez-toc-link ez-toc-heading-9\" href=\"https:\/\/www.turna.com\/blog\/focada-gezilecek-yerler-en-guzel-13-durak\/#phokaia_antik_tiyatrosu\" >Phokaia Antik Tiyatrosu<\/a><\/li><li class='ez-toc-page-1 ez-toc-heading-level-3'><a class=\"ez-toc-link ez-toc-heading-10\" href=\"https:\/\/www.turna.com\/blog\/focada-gezilecek-yerler-en-guzel-13-durak\/#kybele_acik_hava_tapinagi\" >Kybele A\u00e7\u0131k Hava Tap\u0131na\u011f\u0131<\/a><\/li><li class='ez-toc-page-1 ez-toc-heading-level-3'><a class=\"ez-toc-link ez-toc-heading-11\" href=\"https:\/\/www.turna.com\/blog\/focada-gezilecek-yerler-en-guzel-13-durak\/#eski_foca_yel_degirmenleri\" >Eski Fo\u00e7a Yel De\u011firmenleri<\/a><\/li><li class='ez-toc-page-1 ez-toc-heading-level-3'><a class=\"ez-toc-link ez-toc-heading-12\" href=\"https:\/\/www.turna.com\/blog\/focada-gezilecek-yerler-en-guzel-13-durak\/#pers_mezari_aniti\" >Pers Mezar\u0131 An\u0131t\u0131<\/a><\/li><li class='ez-toc-page-1 ez-toc-heading-level-3'><a class=\"ez-toc-link ez-toc-heading-13\" href=\"https:\/\/www.turna.com\/blog\/focada-gezilecek-yerler-en-guzel-13-durak\/#yeni_foca\" >Yeni Fo\u00e7a<\/a><\/li><li class='ez-toc-page-1 ez-toc-heading-level-3'><a class=\"ez-toc-link ez-toc-heading-14\" href=\"https:\/\/www.turna.com\/blog\/focada-gezilecek-yerler-en-guzel-13-durak\/#fatih_camii\" >Fatih Camii<\/a><\/li><li class='ez-toc-page-1 ez-toc-heading-level-3'><a class=\"ez-toc-link ez-toc-heading-15\" href=\"https:\/\/www.turna.com\/blog\/focada-gezilecek-yerler-en-guzel-13-durak\/#mersinaki_koyu\" >Mersinaki Koyu<\/a><\/li><li class='ez-toc-page-1 ez-toc-heading-level-3'><a class=\"ez-toc-link ez-toc-heading-16\" href=\"https:\/\/www.turna.com\/blog\/focada-gezilecek-yerler-en-guzel-13-durak\/#kosova_plaji\" >Kosova Plaj\u0131<\/a><\/li><li class='ez-toc-page-1 ez-toc-heading-level-3'><a class=\"ez-toc-link ez-toc-heading-17\" href=\"https:\/\/www.turna.com\/blog\/focada-gezilecek-yerler-en-guzel-13-durak\/#sazlica_plaji\" >Sazl\u0131ca Plaj\u0131<\/a><\/li><li class='ez-toc-page-1 ez-toc-heading-level-3'><a class=\"ez-toc-link ez-toc-heading-18\" href=\"https:\/\/www.turna.com\/blog\/focada-gezilecek-yerler-en-guzel-13-durak\/#canak_koyu\" >\u00c7anak Koyu<\/a><\/li><li class='ez-toc-page-1 ez-toc-heading-level-3'><a class=\"ez-toc-link ez-toc-heading-19\" href=\"https:\/\/www.turna.com\/blog\/focada-gezilecek-yerler-en-guzel-13-durak\/#yeni_foca_plaji\" >Yeni Fo\u00e7a Plaj\u0131<\/a><\/li><li class='ez-toc-page-1 ez-toc-heading-level-3'><a class=\"ez-toc-link ez-toc-heading-20\" href=\"https:\/\/www.turna.com\/blog\/focada-gezilecek-yerler-en-guzel-13-durak\/#ingiliz_burnu\" >\u0130ngiliz Burnu<\/a><\/li><li class='ez-toc-page-1 ez-toc-heading-level-3'><a class=\"ez-toc-link ez-toc-heading-21\" href=\"https:\/\/www.turna.com\/blog\/focada-gezilecek-yerler-en-guzel-13-durak\/#kozbeyli_koyu\" >Kozbeyli K\u00f6y\u00fc<\/a><\/li><li class='ez-toc-page-1 ez-toc-heading-level-3'><a class=\"ez-toc-link ez-toc-heading-22\" href=\"https:\/\/www.turna.com\/blog\/focada-gezilecek-yerler-en-guzel-13-durak\/#denizcilik_muzesi\" >Denizcilik M\u00fczesi<\/a><\/li><\/ul><\/li><\/ul><\/nav><\/div>\n\n<p>Fo\u00e7a&#8217;da gezilecek yerler denince akl\u0131na sadece Ege\u2019nin serin sular\u0131 ve darac\u0131k ta\u015f sokaklar\u0131 m\u0131 geliyor? \u00d6yleyse, bu seferki maceranda Fo\u00e7a\u2019y\u0131 yeniden ke\u015ffetmeye haz\u0131r ol! Tarihi dokusu, denizle kucakla\u015fan manzaralar\u0131 ve samimi atmosferiyle bu \u015firin kasaba, gezgin ruhunu besleyecek s\u00fcrprizlerle dolu. Haydi, bavulunu haz\u0131rla ve Ege\u2019nin en g\u00fczel k\u00f6\u015felerinden biri olan Fo\u00e7a\u2019y\u0131 ke\u015ffetmeye \u00e7\u0131kal\u0131m!<\/p>\n\n\n\n<h2 class=\"wp-block-heading has-text-align-center has-neeon-button-dark-gray-color has-text-color has-link-color wp-elements-8e7aaea4b3b1dc69eb7699c684b7cb6f\"><span class=\"ez-toc-section\" id=\"foca_nasil_bir_yer\"><\/span><strong>Fo\u00e7a Nas\u0131l Bir Yer?<\/strong><span class=\"ez-toc-section-end\"><\/span><\/h2>\n\n\n\n<figure class=\"wp-block-image size-large\"><img decoding=\"async\" src=\"https:\/\/res.cloudinary.com\/turna\/image\/upload\/v1723121813\/wordpress-contents\/foca_nasil_bir_yer.webp\" alt=\"Fo\u00e7a'da Gezilecek Yerler\"\/><\/figure>\n\n\n\n<p>Fo\u00e7a, Cittaslow unvan\u0131na sahip ve bu unvan\u0131n hakk\u0131n\u0131 sonuna kadar veren harika bir \u0130zmir il\u00e7esi. Sakin \u015eehir anlam\u0131na gelen Cittaslow; ya\u015fam\u0131n, ya\u015famaktan zevk al\u0131nacak bir h\u0131zda ya\u015fanmas\u0131n\u0131 savunan bir felsefe. Fo\u00e7a\u2019ya ad\u0131m atar atmaz, denizin masmavi sular\u0131n\u0131n seni \u00e7a\u011f\u0131rd\u0131\u011f\u0131n\u0131 duyacaks\u0131n. Fo\u00e7a&#8217;n\u0131n me\u015fhur plajlar\u0131nda g\u00fcne\u015fin tad\u0131n\u0131 \u00e7\u0131karabilir, berrak denizinde y\u00fczmenin keyfine varabilirsin. Antik kal\u0131nt\u0131lar\u0131 ke\u015ffetmek istersen, Athena Tap\u0131na\u011f\u0131\u2019ndan ba\u015flayarak Phokaia\u2019n\u0131n izlerini s\u00fcr; buran\u0131n tarihi, merakl\u0131 gezginler i\u00e7in tam bir hazine!<\/p>\n\n\n\n<p>Kalei\u00e7i\u2019nin dar sokaklar\u0131nda kaybolmak, Arnavut kald\u0131r\u0131mlar\u0131 \u00fczerinde y\u00fcr\u00fcrken tarihi evlerin ruhunu hissetmek de apayr\u0131 bir keyif. Fo\u00e7a&#8217;n\u0131n me\u015fhur siren kayal\u0131klar\u0131na gidip, mitolojinin b\u00fcy\u00fcl\u00fc hikayelerine kulak verebilirsin. Ve tabii ki, sahildeki restoranlarda taptaze deniz \u00fcr\u00fcnleriyle dolu bir ziyafet seni bekliyor. Yava\u015flamay\u0131, an\u0131 ya\u015famay\u0131 ve Ege&#8217;nin sadeli\u011finde huzuru bulmay\u0131 vadeden bu b\u00fcy\u00fcl\u00fc kasaba, gezgin ruhlara kucak a\u00e7\u0131yor. Bavulunu kap, rotan\u0131 Fo\u00e7a\u2019ya \u00e7evir, ve Ege\u2019nin bu m\u00fccevherinde unutulmaz an\u0131lar biriktirmeye ba\u015fla!<\/p>\n\n\n\n<h2 class=\"wp-block-heading has-text-align-center has-neeon-button-dark-gray-color has-text-color has-link-color wp-elements-f6915710e8aae2bc03da63248485594c\"><span class=\"ez-toc-section\" id=\"foca_ismi_nereden_geliyor\"><\/span><strong>Fo\u00e7a \u0130smi Nereden Geliyor?<\/strong><span class=\"ez-toc-section-end\"><\/span><\/h2>\n\n\n\n<figure class=\"wp-block-image size-large\"><img width=\"800\" height=\"500\" decoding=\"async\" src=\"data:image\/svg+xml;base64,PHN2ZyB4bWxucz0iaHR0cDovL3d3dy53My5vcmcvMjAwMC9zdmciIHdpZHRoPSI4MDAiIGhlaWdodD0iNTAwIj48cmVjdCB3aWR0aD0iMTAwJSIgaGVpZ2h0PSIxMDAlIj48YW5pbWF0ZSBhdHRyaWJ1dGVOYW1lPSJmaWxsIiB2YWx1ZXM9InJnYmEoMTUzLDE1MywxNTMsMC41KTtyZ2JhKDE1MywxNTMsMTUzLDAuMSk7cmdiYSgxNTMsMTUzLDE1MywwLjUpIiBkdXI9IjJzIiByZXBlYXRDb3VudD0iaW5kZWZpbml0ZSIgLz48L3JlY3Q+PC9zdmc+\" alt=\"Fo\u00e7a&#039;da Gezilecek Yerler\" data-public-id=\"wordpress-contents\/foca_gezilecek_yerler\/foca_gezilecek_yerler.webp\" class=\"wp-post-22844 wp-image-22846\" data-format=\"webp\" data-transformations=\"f_auto,q_auto:low\" data-version=\"1723121813\" data-seo=\"1\" data-size=\"800 500\" data-srcset=\"https:\/\/res.cloudinary.com\/turna\/images\/f_auto,q_auto:low\/v1723121813\/wordpress-contents\/foca_gezilecek_yerler\/foca_gezilecek_yerler.webp?_i=AA 800w, https:\/\/res.cloudinary.com\/turna\/images\/w_300,h_188,c_scale\/f_auto,q_auto:low\/v1723121813\/wordpress-contents\/foca_gezilecek_yerler\/foca_gezilecek_yerler.webp?_i=AA 300w, https:\/\/res.cloudinary.com\/turna\/images\/w_672,h_420,c_scale\/f_auto,q_auto:low\/v1723121813\/wordpress-contents\/foca_gezilecek_yerler\/foca_gezilecek_yerler.webp?_i=AA 672w, https:\/\/res.cloudinary.com\/turna\/images\/w_640,h_400,c_scale\/f_auto,q_auto:low\/v1723121813\/wordpress-contents\/foca_gezilecek_yerler\/foca_gezilecek_yerler.webp?_i=AA 640w, https:\/\/res.cloudinary.com\/turna\/images\/w_681,h_426,c_scale\/f_auto,q_auto:low\/v1723121813\/wordpress-contents\/foca_gezilecek_yerler\/foca_gezilecek_yerler.webp?_i=AA 681w\" data-sizes=\"(max-width: 800px) 100vw, 800px\" data-delivery=\"upload\" onload=\";window.CLDBind?CLDBind(this):null;\" data-cloudinary=\"lazy\" \/><\/figure>\n\n\n\n<p>Fo\u00e7a\u2019n\u0131n isminin k\u00f6keni, tarih boyunca \u00e7e\u015fitli anlamlarla \u015fekillenmi\u015f. \u0130lk olarak, Prof. Bilge Umar\u2019a g\u00f6re, \u201cPhokaia\u201d ismi, Luwi dilinde \u201csulak yer\u201d anlam\u0131na gelen \u201cPauwake\u201d kelimesinden t\u00fcremi\u015f olabilir. \u00d6te yandan, Josef Keil ise, bu ismin, liman\u0131n \u00f6n\u00fcnde su y\u00fcz\u00fcne \u00e7\u0131kan foklara benzeyen kayal\u0131klardan ilham al\u0131narak verildi\u011fini \u00f6ne s\u00fcr\u00fcyor. Fo\u00e7a\u2019n\u0131n isminin, Luwi\u2019ler zaman\u0131nda \u201cakarsuyu bol yer\u201d anlam\u0131na gelen \u201cPauwake\u201d kelimesinden t\u00fcredi\u011fi ve Helenlerin bu ad\u0131 \u201cPhokaia\u201d olarak uyarlay\u0131p \u201cfoklar\u0131n yurdu\u201d anlam\u0131n\u0131 katt\u0131klar\u0131 d\u00fc\u015f\u00fcn\u00fcl\u00fcyor. Yani, Fo\u00e7a ismi, hem do\u011fas\u0131n\u0131n zenginli\u011fi hem de mitolojik izleriyle \u015fekillenmi\u015f, tarih boyunca b\u00fcy\u00fcleyici bir anlam kazanm\u0131\u015f.<\/p>\n\n\n\n<h2 class=\"wp-block-heading has-text-align-center has-neeon-button-dark-gray-color has-text-color has-link-color wp-elements-a44fa3516fa43b0dc55b14842b648803\"><span class=\"ez-toc-section\" id=\"focada_gorulmesi_gereken_yerler\"><\/span><strong>Fo\u00e7a&#8217;da G\u00f6r\u00fclmesi Gereken Yerler<\/strong><span class=\"ez-toc-section-end\"><\/span><\/h2>\n\n\n\n<p>Fo\u00e7a&#8217;n\u0131n kendine has dokusunu, muhte\u015fem g\u00fczellikteki koylar\u0131n\u0131 ve tarihini ke\u015ffetmek i\u00e7in <strong><a href=\"https:\/\/www.turna.com\/ucak-bileti\/izmir\" target=\"_blank\" rel=\"noreferrer noopener\">\u0130zmir u\u00e7ak bileti<\/a><\/strong> ve <strong><a href=\"https:\/\/www.turna.com\/otobus-bileti\/izmir\">\u0130zmir otob\u00fcs bileti<\/a><\/strong> se\u00e7eneklerine mutlaka g\u00f6z at\u0131n.<\/p>\n\n\n\n<h3 class=\"wp-block-heading has-text-align-center has-neeon-button-dark-gray-color has-text-color has-link-color wp-elements-bc0d0de5d0fdfd62457cb4a72ee9e7b9\"><span class=\"ez-toc-section\" id=\"eski_foca_limani\"><\/span><strong><strong>Eski Fo\u00e7a Liman\u0131<\/strong><\/strong><span class=\"ez-toc-section-end\"><\/span><\/h3>\n\n\n\n<figure class=\"wp-block-image size-large\"><img decoding=\"async\" src=\"https:\/\/res.cloudinary.com\/turna\/image\/upload\/v1723121813\/wordpress-contents\/esski_foca_limani.webp\" alt=\"Fo\u00e7a'da Gezilecek Yerler Eski Fo\u00e7a\"\/><\/figure>\n\n\n\n<p>Fo\u00e7a&#8217;y\u0131 gezmeye ba\u015flamak i\u00e7in en ideal nokta <strong><a href=\"https:\/\/maps.app.goo.gl\/ZqBKTYCQxcZWBAUb7\" target=\"_blank\" rel=\"noreferrer noopener\">Eski Fo\u00e7a Liman\u0131<\/a><\/strong>. Fo\u00e7a merkezde gezilecek yerler listenizin ilk dura\u011f\u0131 buras\u0131 olsun. Burada denizin kokusunu i\u00e7inize \u00e7ekerek y\u00fcr\u00fcy\u00fc\u015f yapabilir, g\u00fcn bat\u0131m\u0131nda yatlar\u0131n denize a\u00e7\u0131l\u0131\u015f\u0131n\u0131 izleyebilirsiniz. Liman \u00e7evresindeki \u015firin kafelerde oturup kahvenizi yudumlad\u0131ktan sonra, bu b\u00f6lgeyi merkez belirleyip, Eski Fo\u00e7a&#8217;n\u0131n dar ve ta\u015f d\u00f6\u015feli sokaklar\u0131na dalabilirsiniz. Rengarenk panjurlu tarihi evlerin aras\u0131nda dola\u015f\u0131rken, her k\u00f6\u015fede ge\u00e7mi\u015fin izlerini hissedecek, bol bol foto\u011fraf \u00e7ekeceksiniz. Eski Fo\u00e7a Liman\u0131, Fo\u00e7a\u2019n\u0131n ruhunu tam anlam\u0131yla hissedece\u011finiz o yer!<\/p>\n\n\n\n<h3 class=\"wp-block-heading has-text-align-center has-neeon-button-dark-gray-color has-text-color has-link-color wp-elements-1ecb4cf2792beecad4056a1452306625\"><span class=\"ez-toc-section\" id=\"beskapilar_kalesi\"><\/span><strong><strong>Be\u015fkap\u0131lar Kalesi<\/strong><\/strong><span class=\"ez-toc-section-end\"><\/span><\/h3>\n\n\n\n<figure class=\"wp-block-image size-large\"><img decoding=\"async\" src=\"https:\/\/res.cloudinary.com\/turna\/image\/upload\/v1723121813\/wordpress-contents\/beskapilar_kalesi.webp\" alt=\"Fo\u00e7a'da Gezilecek Yerler Be\u015fkap\u0131lar Kalesi\"\/><\/figure>\n\n\n\n<p>Antik Phokaia&#8217;n\u0131n savunma duvarlar\u0131ndan kalan bu kale, adeta ge\u00e7mi\u015fe a\u00e7\u0131lan be\u015f farkl\u0131 kap\u0131s\u0131 ile sizi tarihin derinliklerine s\u00fcr\u00fckl\u00fcyor. Fo\u00e7a&#8217;n\u0131n tam kalbinde yer alan <strong><a href=\"https:\/\/maps.app.goo.gl\/4YhNisVVkHmz2MvU9\" target=\"_blank\" rel=\"noreferrer noopener\">Be\u015fkap\u0131lar Kalesi<\/a><\/strong>, bir zamanlar Fo\u00e7a\u2019n\u0131n denizden gelen tehditlere kar\u015f\u0131 korunmas\u0131n\u0131 sa\u011flarken, \u015fimdi ise ziyaret\u00e7ilerine muhte\u015fem bir manzara ve tarihi bir deneyim sunuyor. Kale, Eski Fo\u00e7a Liman\u0131\u2019na olduk\u00e7a yak\u0131n oldu\u011fu i\u00e7in, bu iki \u00f6nemli noktay\u0131 ayn\u0131 gezide rahat\u00e7a ke\u015ffedebilirsiniz. Hem tarih kokulu bir y\u00fcr\u00fcy\u00fc\u015f yapmak hem de Fo\u00e7a\u2019n\u0131n savunma s\u0131rlar\u0131n\u0131 ke\u015ffetmek i\u00e7in Be\u015fkap\u0131lar Kalesi\u2019ni listenizin ba\u015f\u0131na ekleyin.<\/p>\n\n\n\n<h3 class=\"wp-block-heading has-text-align-center has-neeon-button-dark-gray-color has-text-color has-link-color wp-elements-2bcd49f0f826d3792c038203ea6c63f6\"><span class=\"ez-toc-section\" id=\"agalar_konagi\"><\/span><strong><strong>A\u011falar Kona\u011f\u0131<\/strong><\/strong><span class=\"ez-toc-section-end\"><\/span><\/h3>\n\n\n\n<p><strong><a href=\"https:\/\/maps.app.goo.gl\/1U5DK69BQcKSMFnE7\" target=\"_blank\" rel=\"noopener\">A\u011falar Kona\u011f\u0131<\/a><\/strong>, Fo\u00e7a&#8217;n\u0131n tarihi dokusunu yans\u0131tan en \u00f6nemli tarihi yap\u0131lar\u0131ndan biri olarak dikkat \u00e7ekiyor. Osmanl\u0131 mimarisinin zarif detaylar\u0131n\u0131 g\u00f6zler \u00f6n\u00fcne seren ve g\u00fcn\u00fcm\u00fczde halka a\u00e7\u0131k olan bu konak, ziyaret\u00e7ilerine 19. y\u00fczy\u0131l Osmanl\u0131 ya\u015fam tarz\u0131n\u0131 ve estetik anlay\u0131\u015f\u0131n\u0131 deneyimleme olana\u011f\u0131 sa\u011fl\u0131yor. \u0130\u00e7 mekan\u0131ndaki d\u00f6neme \u00f6zg\u00fc mobilyalar, el i\u015f\u00e7ili\u011fi ile s\u00fcslenmi\u015f dekoratif e\u015fyalar ve o d\u00f6nemin sanatsal zevklerini yans\u0131tan eserler, kona\u011f\u0131n her k\u00f6\u015fesinde tarihle i\u00e7 i\u00e7e bir yolculu\u011fun kap\u0131lar\u0131n\u0131 aral\u0131yor.<\/p>\n\n\n\n<h3 class=\"wp-block-heading has-text-align-center has-neeon-button-dark-gray-color has-text-color has-link-color wp-elements-a28fe80f534ae145e3f6d65f9be949b4\"><span class=\"ez-toc-section\" id=\"athena_tapinagi\"><\/span><strong><strong>Athena Tap\u0131na\u011f\u0131<\/strong><\/strong><span class=\"ez-toc-section-end\"><\/span><\/h3>\n\n\n\n<p>Antik Phokaia\u2019n\u0131n gurur kayna\u011f\u0131 olan <strong><a href=\"https:\/\/maps.app.goo.gl\/MdNiLiEzdN9BPQ3y9\" target=\"_blank\" rel=\"noreferrer noopener\">Athena Tap\u0131na\u011f\u0131<\/a><\/strong>, sava\u015f tanr\u0131\u00e7as\u0131 Athena\u2019ya adanm\u0131\u015f ve \u015fehrin koruyucu ruhu olarak kabul edilmi\u015f. Bir zamanlar g\u00f6rkemli s\u00fctunlar\u0131yla t\u00fcm \u015fehre h\u00fckmeden bu tap\u0131nak, \u015fimdi tarih dolu bir deneyim sunuyor. Fo\u00e7a\u2019n\u0131n merkezine k\u0131sa bir y\u00fcr\u00fcy\u00fc\u015f mesafesinde yer alan bu kal\u0131nt\u0131lar Fo\u00e7a&#8217;da gezilecek yerler listenizde muhakkak olmal\u0131.<\/p>\n\n\n\n<h3 class=\"wp-block-heading has-text-align-center has-neeon-button-dark-gray-color has-text-color has-link-color wp-elements-0f0fa2dd51ee56c8880845c8c1115231\"><span class=\"ez-toc-section\" id=\"siren_kayaliklari\"><\/span><strong><strong>Siren Kayal\u0131klar\u0131<\/strong><\/strong><span class=\"ez-toc-section-end\"><\/span><\/h3>\n\n\n\n<figure class=\"wp-block-image size-large\"><img decoding=\"async\" src=\"https:\/\/res.cloudinary.com\/turna\/image\/upload\/v1723121813\/wordpress-contents\/siren_kayaliklari.webp\" alt=\"Siren Kayal\u0131klar\u0131\"\/><figcaption class=\"wp-element-caption\">Fo\u00e7a&#8217;da Gezilecek Yerler<\/figcaption><\/figure>\n\n\n\n<p>Fo\u00e7a\u2019da denizin ortas\u0131nda, efsanelerin ya\u015fad\u0131\u011f\u0131 bir yer var: <strong><a href=\"https:\/\/maps.app.goo.gl\/ohj1JWRuwqiJybai7\" target=\"_blank\" rel=\"noreferrer noopener\">Siren Kayal\u0131klar\u0131<\/a><\/strong>! Antik Yunan mitolojisinin ba\u015ftan \u00e7\u0131kar\u0131c\u0131 deniz k\u0131zlar\u0131 Sirenler, bu kayal\u0131klarda ya\u015farm\u0131\u015f ve \u015fark\u0131lar\u0131yla denizcileri b\u00fcy\u00fcleyip, gemilerini bu kayal\u0131klara \u00e7ekermi\u015f. Eski Fo\u00e7a\u2019n\u0131n hemen a\u00e7\u0131klar\u0131nda yer alan bu kayal\u0131klar, tekne turlar\u0131yla yak\u0131ndan ke\u015ffedilebilir. Denizden bakt\u0131\u011f\u0131n\u0131zda, bu gizemli kayal\u0131klar\u0131n neden bu kadar \u00e7ok hikayeye ilham verdi\u011fini anlayacaks\u0131n\u0131z. E\u011fer \u015fansl\u0131ysan\u0131z, belki siz de bir fok bal\u0131\u011f\u0131 g\u00f6rebilirsiniz! Siren Kayal\u0131klar\u0131, hem mitoloji merakl\u0131lar\u0131 hem de do\u011fal g\u00fczellik arayanlar i\u00e7in ka\u00e7\u0131r\u0131lmamas\u0131 gereken bir durak.<\/p>\n\n\n\n<h3 class=\"wp-block-heading has-text-align-center has-neeon-button-dark-gray-color has-text-color has-link-color wp-elements-24120b0946bd8691650d762dc3a69a04\"><span class=\"ez-toc-section\" id=\"phokaia_antik_tiyatrosu\"><\/span><strong><strong>Phokaia Antik Tiyatrosu<\/strong><\/strong><span class=\"ez-toc-section-end\"><\/span><\/h3>\n\n\n\n<p>M.\u00d6. 4. y\u00fczy\u0131lda in\u015fa edilen <strong><a href=\"https:\/\/maps.app.goo.gl\/d639cR8E8RgoaL167\" target=\"_blank\" rel=\"noreferrer noopener\">Phokaia Antik Tiyatrosu<\/a><\/strong>, zaman\u0131nda Fo\u00e7al\u0131lar\u0131n en b\u00fcy\u00fck e\u011flence kayna\u011f\u0131ym\u0131\u015f. Eski zamanlar\u0131n drama krallar\u0131 ve krali\u00e7eleri burada sahne al\u0131rken, izleyiciler Ege\u2019nin hafif esintisi e\u015fli\u011finde oyunlar\u0131n tad\u0131n\u0131 \u00e7\u0131kar\u0131rm\u0131\u015f. Bug\u00fcn ise, bu antik tiyatro, tarihin sahnesinde bir gezinti yapman\u0131za olanak tan\u0131yor. \u015eehrin tam merkezinde yer alan tiyatroya y\u00fcr\u00fcyerek kolayca ula\u015fabilirsiniz. Tiyatronun ta\u015f basamaklar\u0131na oturup, g\u00f6zlerinizi kapatarak antik \u00e7a\u011flar\u0131n yank\u0131lar\u0131n\u0131 dinleyin\u2014belki o g\u00fcn oynanan bir trajedinin f\u0131s\u0131lt\u0131lar\u0131n\u0131 bile duyabilirsiniz!<\/p>\n\n\n\n<h3 class=\"wp-block-heading has-text-align-center has-neeon-button-dark-gray-color has-text-color has-link-color wp-elements-7dc581b6477d61181f7c0ed0a9bc1851\"><span class=\"ez-toc-section\" id=\"kybele_acik_hava_tapinagi\"><\/span><strong><strong>Kybele A\u00e7\u0131k Hava Tap\u0131na\u011f\u0131<\/strong><\/strong><span class=\"ez-toc-section-end\"><\/span><\/h3>\n\n\n\n<p>Bu tap\u0131nak, antik Phokaia\u2019n\u0131n kalbinde, do\u011fan\u0131n kuca\u011f\u0131nda kurulmu\u015f ve Kybele\u2019ye, bereket ve do\u011fa tanr\u0131\u00e7as\u0131na adanm\u0131\u015f. M.\u00d6. 4. y\u00fczy\u0131ldan kalma bu etkileyici yap\u0131, etraf\u0131n\u0131 \u00e7evreleyen ye\u015fillikler aras\u0131nda konuklar\u0131n\u0131 adeta zaman yolculu\u011funa \u00e7\u0131kar\u0131yor. <strong><a href=\"https:\/\/maps.app.goo.gl\/qux2aMAoaQg9pDGe7\" target=\"_blank\" rel=\"noreferrer noopener\">Kybele tap\u0131na\u011f\u0131<\/a><\/strong>, hem tarih hem de do\u011fa severler i\u00e7in g\u00f6r\u00fclecekler listelerine eklemeleri gereken bir durak.<\/p>\n\n\n\n<h3 class=\"wp-block-heading has-text-align-center has-neeon-button-dark-gray-color has-text-color has-link-color wp-elements-1afcc715644e95c59eec8e0058f786cd\"><span class=\"ez-toc-section\" id=\"eski_foca_yel_degirmenleri\"><\/span><strong><strong>Eski Fo\u00e7a Yel De\u011firmenleri<\/strong><\/strong><span class=\"ez-toc-section-end\"><\/span><\/h3>\n\n\n\n<figure class=\"wp-block-image size-large\"><img decoding=\"async\" src=\"https:\/\/res.cloudinary.com\/turna\/image\/upload\/v1723121813\/wordpress-contents\/eski_foca_yel_de%C4%9Firmenleri.webp\" alt=\"Eski Fo\u00e7a Yel De\u011firmenleri\"\/><\/figure>\n\n\n\n<p>Fo\u00e7a\u2019n\u0131n r\u00fczgarl\u0131 ge\u00e7mi\u015fini ke\u015ffetmek i\u00e7in <strong><a href=\"https:\/\/maps.app.goo.gl\/XFxiKCwrN34xJugM8\" target=\"_blank\" rel=\"noreferrer noopener\">Eski Fo\u00e7a Yel De\u011firmenleri<\/a><\/strong>\u2019ne u\u011framadan ge\u00e7meyin! Bu antik de\u011firmenler, r\u00fczgar\u0131n tatl\u0131 melodisi e\u015fli\u011finde tah\u0131l \u00f6\u011f\u00fctmek i\u00e7in kullan\u0131lm\u0131\u015f. \u015eimdi ise, g\u00f6z al\u0131c\u0131 bir manzara sunarak, gezginlere hem tarihi hem de estetik bir deneyim vadediyor. De\u011firmenlerin etraf\u0131nda dola\u015f\u0131rken, hem denize hem de Fo\u00e7a\u2019n\u0131n k\u0131rm\u0131z\u0131 kiremitli evlerine bakabilirsiniz.<\/p>\n\n\n\n<h3 class=\"wp-block-heading has-text-align-center has-neeon-button-dark-gray-color has-text-color has-link-color wp-elements-5fd13c655e1d07dc89e478dc9ff9e73e\"><span class=\"ez-toc-section\" id=\"pers_mezari_aniti\"><\/span><strong><strong>Pers Mezar\u0131 An\u0131t\u0131<\/strong><\/strong><span class=\"ez-toc-section-end\"><\/span><\/h3>\n\n\n\n<figure class=\"wp-block-image size-large\"><img decoding=\"async\" src=\"https:\/\/res.cloudinary.com\/turna\/image\/upload\/v1723121813\/wordpress-contents\/pers_mezar_aniti.webp\" alt=\"Pers Mezar\u0131 An\u0131t\u0131\"\/><\/figure>\n\n\n\n<p><strong><a href=\"https:\/\/maps.app.goo.gl\/mLE3MW9UCh1KV7gL7\" target=\"_blank\" rel=\"noreferrer noopener\">Bu antik mezar an\u0131t\u0131<\/a><\/strong>, M.\u00d6. 4. y\u00fczy\u0131ldan kalma ve Perslerin Fo\u00e7a\u2019daki etkilerini g\u00f6zler \u00f6n\u00fcne seriyor. Y\u00fcksek bir platformun \u00fczerinde gururla duran bu ta\u015f yap\u0131, hem b\u00f6lgenin tarihine dair ipu\u00e7lar\u0131 sunuyor hem de antik mezar mimarisinin zarif \u00f6rneklerinden biri olarak kar\u015f\u0131m\u0131za \u00e7\u0131k\u0131yor. Bir zamanlar burada yatan\u0131n kim oldu\u011funu ve nas\u0131l bir ya\u015fam s\u00fcrd\u00fc\u011f\u00fcn\u00fc merak etmeden ge\u00e7mek zor. Mezar\u0131n etraf\u0131ndaki detayl\u0131 ta\u015f i\u015f\u00e7ili\u011fi ve b\u00fcy\u00fcleyici manzaras\u0131, foto\u011fraf merakl\u0131lar\u0131 i\u00e7in m\u00fckemmel bir arka plan olu\u015fturuyor.<\/p>\n\n\n\n<h3 class=\"wp-block-heading has-text-align-center has-neeon-button-dark-gray-color has-text-color has-link-color wp-elements-ed0d1faf1de53984dfa71cda2499fdc6\"><span class=\"ez-toc-section\" id=\"yeni_foca\"><\/span><strong><strong>Yeni Fo\u00e7a<\/strong><\/strong><span class=\"ez-toc-section-end\"><\/span><\/h3>\n\n\n\n<p><strong><a href=\"https:\/\/maps.app.goo.gl\/qRd47QcDG9tLiU7X9\" target=\"_blank\" rel=\"noopener\">Yeni Fo\u00e7a<\/a><\/strong>, eski kasaba merkezinin kuzeyinde konumlan\u0131yor ve modern restoranlar\u0131, geni\u015f plajlar\u0131 ve canl\u0131 barlar\u0131yla ile dinamik bir atmosfere ev sahipli\u011fi yap\u0131yor. Y\u0131l boyunca yerli ve yabanc\u0131 turistleri a\u011f\u0131rlayan Yeni Fo\u00e7a, su sporlar\u0131, plaj aktiviteleri ve g\u00fcne\u015flenmek i\u00e7in de keyifli olanaklar sunuyor. Fo\u00e7a ke\u015ffinizde b\u00f6lgenin modern y\u00fcz\u00fcyle tan\u0131\u015fmak i\u00e7in bu rotaya \u015fans verebilirsiniz.<\/p>\n\n\n\n<h3 class=\"wp-block-heading has-text-align-center has-neeon-button-dark-gray-color has-text-color has-link-color wp-elements-99ef9e97461654c06dd876020df10661\"><span class=\"ez-toc-section\" id=\"fatih_camii\"><\/span><strong><strong>Fatih Camii<\/strong><\/strong><span class=\"ez-toc-section-end\"><\/span><\/h3>\n\n\n\n<p>Fatih Camii, Fo\u00e7a&#8217;n\u0131n en eski ve tarihi camilerinden biri olarak tan\u0131n\u0131yor. Osmanl\u0131 \u0130mparatorlu\u011fu d\u00f6neminden kalan bu yap\u0131, sade mimarisi ve huzur veren atmosferi ile dikkat \u00e7ekiyor. Eski Fo\u00e7a Fatih Camii, Osmanl\u0131 d\u00f6neminden kalma klasik mimari \u00f6zelliklerle zenginle\u015ftirilmi\u015f, kesme ta\u015f ve tu\u011fla kullan\u0131larak in\u015fa edilmi\u015f. Cami, alt\u0131 zarif s\u00fctun taraf\u0131ndan desteklenen geni\u015f bir ibadet alan\u0131na ev sahipli\u011fi yap\u0131yor ve vitray pencerelerin zarif yans\u0131malar\u0131 yap\u0131ya g\u00f6z al\u0131c\u0131 bir g\u00fczellik kat\u0131yor.<\/p>\n\n\n\n<h3 class=\"wp-block-heading has-text-align-center has-neeon-button-dark-gray-color has-text-color has-link-color wp-elements-ff2bfd2e05012d8143c2ed712c8837ba\"><span class=\"ez-toc-section\" id=\"mersinaki_koyu\"><\/span><strong><strong>Mersinaki Koyu<\/strong><\/strong><span class=\"ez-toc-section-end\"><\/span><\/h3>\n\n\n\n<p>\u0130zmir s\u0131ca\u011f\u0131nda gezdik, hem yorulduk hem terledik \u015fimdi de e\u015fsiz Fo\u00e7a koylar\u0131 ve plajlar\u0131 ile serinleme zaman\u0131. Fo\u00e7a\u2019n\u0131n cennet k\u00f6\u015felerinden biri olan <strong><a href=\"https:\/\/maps.app.goo.gl\/27D1Xuh86azsNwWX8\" target=\"_blank\" rel=\"noreferrer noopener\">Mersinaki Koyu<\/a><\/strong>, masmavi denizi ve huzurlu atmosferiyle tam bir ka\u00e7\u0131\u015f noktas\u0131! Bu muazzam koy, kristal gibi temiz suyu ve yumu\u015fac\u0131k kumlar\u0131yla g\u00fcne\u015flenmek i\u00e7in ideal.<\/p>\n\n\n\n<p>Koyun etraf\u0131nda olduk\u00e7a sessiz ve huzurlu bir ortam mevcut; burada \u015fezlongunuza uzan\u0131p denizin ve g\u00fcne\u015fin tad\u0131n\u0131 \u00e7\u0131karabilirsiniz. Ayr\u0131ca, bu b\u00f6lge dal\u0131\u015f yapmay\u0131 sevenler i\u00e7in de m\u00fckemmel bir yer ve su alt\u0131ndaki renkli deniz ya\u015fam\u0131n\u0131 ke\u015ffetmek harika bir deneyim. Burada ge\u00e7irilen bir g\u00fcn, Fo\u00e7a\u2019n\u0131n en keyifli an\u0131lar\u0131na d\u00f6n\u00fc\u015fecek!<\/p>\n\n\n\n<h3 class=\"wp-block-heading has-text-align-center has-neeon-button-dark-gray-color has-text-color has-link-color wp-elements-84202754e3c4ddc5900d650126c09b03\"><span class=\"ez-toc-section\" id=\"kosova_plaji\"><\/span><strong><strong>Kosova Plaj\u0131<\/strong><\/strong><span class=\"ez-toc-section-end\"><\/span><\/h3>\n\n\n\n<figure class=\"wp-block-image size-large\"><img decoding=\"async\" src=\"https:\/\/res.cloudinary.com\/turna\/image\/upload\/v1723121813\/wordpress-contents\/kosova_plaji.webp\" alt=\"Kosova Plaj\u0131\"\/><figcaption class=\"wp-element-caption\">Fo\u00e7a&#8217;da Gezilecek Yerler<\/figcaption><\/figure>\n\n\n\n<p><strong><a href=\"https:\/\/maps.app.goo.gl\/s9LgvVeVoncnJge3A\" target=\"_blank\" rel=\"noreferrer noopener\">Kosova Plaj\u0131<\/a><\/strong>, tam anlam\u0131yla eksiksiz bir deniz keyfi sunuyor! Buras\u0131, Ege\u2019nin mavi sular\u0131na naz\u0131r, do\u011fal g\u00fczelli\u011fi bozulmam\u0131\u015f bir plaj. \u0130ncecik kumlar\u0131 ve berrak denizi ile Kosova Plaj\u0131, tatilcilerin g\u00f6zdesi olmaya aday. Plajda \u015fezlong ve \u015femsiye kiralama imkanlar\u0131 mevcut, bu y\u00fczden rahat\u00e7a g\u00fcne\u015flenebilir ve denizin tad\u0131n\u0131 \u00e7\u0131karabilirsiniz. Ayr\u0131ca, tuvalet ve du\u015f olanaklar\u0131 da var. Keyifli bir plaj g\u00fcn\u00fc i\u00e7in buray\u0131 de\u011ferlendirebilirsiniz.<\/p>\n\n\n\n<h3 class=\"wp-block-heading has-text-align-center has-neeon-button-dark-gray-color has-text-color has-link-color wp-elements-6eeb70f1b5144cc4e0a5afbe5caa0495\"><span class=\"ez-toc-section\" id=\"sazlica_plaji\"><\/span><strong><strong>Sazl\u0131ca Plaj\u0131<\/strong><\/strong><span class=\"ez-toc-section-end\"><\/span><\/h3>\n\n\n\n<p><strong><a href=\"https:\/\/maps.app.goo.gl\/LzPL7VkghK6BV4Kd6\" target=\"_blank\" rel=\"noreferrer noopener\">Sazl\u0131ca Koyu<\/a><\/strong>, huzurun ve do\u011fal g\u00fczelli\u011fin kol kola gezdi\u011fi b\u00fcy\u00fcleyici bir durak! Bu muazzam koy, hem do\u011fal hem de g\u00f6zlerden uzak bir ka\u00e7\u0131\u015f arayanlar i\u00e7in m\u00fckemmel bir alternatif. \u0130nce kumlar\u0131 ve berrak denizi ile bilinen Sazl\u0131ca, temiz ve sakin sular\u0131nda y\u00fczme keyfi yapman\u0131za olanak tan\u0131yor. Koyun etraf\u0131nda pek fazla tesis bulunmuyor, bu y\u00fczden burada geleneksel bir plaj deneyimi ya\u015farken, kendinizi do\u011fan\u0131n kuca\u011f\u0131na b\u0131rak\u0131yorsunuz. Bakir bir koy arayanlar buray\u0131 listeye als\u0131n derim.<\/p>\n\n\n\n<h3 class=\"wp-block-heading has-text-align-center has-neeon-button-dark-gray-color has-text-color has-link-color wp-elements-9d89913c2e72ac080b55fd84c3131838\"><span class=\"ez-toc-section\" id=\"canak_koyu\"><\/span><strong><strong>\u00c7anak Koyu<\/strong><\/strong><span class=\"ez-toc-section-end\"><\/span><\/h3>\n\n\n\n<figure class=\"wp-block-image size-large\"><img decoding=\"async\" src=\"https:\/\/res.cloudinary.com\/turna\/image\/upload\/v1723121813\/wordpress-contents\/canak_koyu.webp\" alt=\"\u00c7anak Koyu\"\/><\/figure>\n\n\n\n<p>Fo\u00e7a\u2019n\u0131n g\u00f6zde plajlar\u0131ndan biri olan <strong><a href=\"https:\/\/maps.app.goo.gl\/s81F6jw9UnGfkYyu5\" target=\"_blank\" rel=\"noreferrer noopener\">\u00c7anak Koyu<\/a><\/strong>, ad\u0131n\u0131, plaj\u0131n ortas\u0131nda yer alan ve bir \u00e7ana\u011f\u0131 and\u0131ran do\u011fal bir formasyondan al\u0131yor. Bu plaj, s\u0131\u011f ve kristal berrakl\u0131\u011f\u0131ndaki sular\u0131yla, \u00f6zellikle y\u00fczme ve \u015fnorkel severler i\u00e7in harika bir deneyim sunuyor. \u00c7anak Koyu&#8217;nun kumlu plaj\u0131nda, \u015fezlong ve \u015femsiye kiralama imk\u00e2n\u0131 bulunuyor, b\u00f6ylece rahat\u00e7a g\u00fcne\u015flenip denizin tad\u0131n\u0131 \u00e7\u0131karabilirsiniz. Yeme i\u00e7me konusunda ise, plaj\u0131n yak\u0131n\u0131nda yer alan k\u00fc\u00e7\u00fck bir kafe, temel ihtiya\u00e7lar\u0131n\u0131z\u0131 kar\u015f\u0131layacak at\u0131\u015ft\u0131rmal\u0131klar ve i\u00e7ecekler sunuyor. \u00c7anak Koyu, a\u011fa\u00e7l\u0131k alanlar\u0131 ve do\u011fal g\u00f6lgesiyle, g\u00fcne\u015fin alt\u0131nda biraz serinlemek isteyenler i\u00e7in m\u00fckemmel bir se\u00e7enek.<\/p>\n\n\n\n<h3 class=\"wp-block-heading has-text-align-center has-neeon-button-dark-gray-color has-text-color has-link-color wp-elements-1eb228b574e2f9a1a2e90b6436a23243\"><span class=\"ez-toc-section\" id=\"yeni_foca_plaji\"><\/span><strong><strong>Yeni Fo\u00e7a Plaj\u0131<\/strong><\/strong><span class=\"ez-toc-section-end\"><\/span><\/h3>\n\n\n\n<figure class=\"wp-block-image size-large\"><img decoding=\"async\" src=\"https:\/\/res.cloudinary.com\/turna\/image\/upload\/v1723121813\/wordpress-contents\/yenifoca_plaji.webp\" alt=\"Yeni Fo\u00e7a Plaj\u0131\"\/><\/figure>\n\n\n\n<p>Fo\u00e7a&#8217;n\u0131n modern ve dinamik y\u00fcz\u00fc <strong><a href=\"https:\/\/maps.app.goo.gl\/LZg9WpCXpoui8ETT8\" target=\"_blank\" rel=\"noreferrer noopener\">Yeni Fo\u00e7a Plaj\u0131<\/a><\/strong>, tatilcilerin g\u00f6zdesi! Bu plaj, uzun ve geni\u015f kumsal\u0131yla g\u00fcne\u015flenmek isteyenlere geni\u015f bir alan sunuyor. Kumlar\u0131 yumu\u015fac\u0131k ve denizi kristal kadar temiz. Plajda \u015fezlong ve \u015femsiye kiralama olanaklar\u0131 mevcut. Yeme i\u00e7me konusunda ise, plaj\u0131n hemen yak\u0131n\u0131nda bulunan kafeler ve restoranlar, a\u00e7l\u0131\u011f\u0131n\u0131z\u0131 giderecek lezzetli se\u00e7enekler sunuyor. Ayr\u0131ca, plajda \u00e7ocuklu aileler i\u00e7in g\u00fcvenli bir y\u00fczme alan\u0131 ve \u00e7ocuk park\u0131 da bulunuyor, bu da aileler i\u00e7in ideal bir ortam yarat\u0131yor.<\/p>\n\n\n\n<h3 class=\"wp-block-heading has-text-align-center has-neeon-button-dark-gray-color has-text-color has-link-color wp-elements-8befc4e03c8bec678ccd2887b93ac37f\"><span class=\"ez-toc-section\" id=\"ingiliz_burnu\"><\/span><strong><strong> \u0130ngiliz Burnu<\/strong><\/strong><span class=\"ez-toc-section-end\"><\/span><\/h3>\n\n\n\n<p>\u0130ngiliz Burnu, Fo\u00e7a&#8217;n\u0131n en g\u00fczel manzaralar\u0131ndan birine ev sahipli\u011fi yap\u0131yor ve \u00f6zellikle g\u00fcn bat\u0131m\u0131 saatlerinde ziyaret\u00e7ilerine e\u015fsiz bir g\u00f6rsel \u015f\u00f6len sunuyor. Ad\u0131n\u0131, I. D\u00fcnya Sava\u015f\u0131 s\u0131ras\u0131nda bu b\u00f6lgede konu\u015flanm\u0131\u015f \u0130ngiliz deniz g\u00fc\u00e7lerinden ald\u0131\u011f\u0131 d\u00fc\u015f\u00fcn\u00fclen <strong><a href=\"https:\/\/maps.app.goo.gl\/ezigw2dDKx1vXLmu9\" target=\"_blank\" rel=\"noopener\">\u0130ngiliz Burnu<\/a><\/strong>, \u015fehrin d\u0131\u015f\u0131nda sakin bir ka\u00e7amak yapmak ideal bir durak. G\u00fcn bat\u0131m\u0131 saatlerinde keyifli manzaralara tan\u0131kl\u0131k etmek i\u00e7in bu rotaya \u015fans verebilirsiniz.<\/p>\n\n\n\n<h3 class=\"wp-block-heading has-text-align-center has-neeon-button-dark-gray-color has-text-color has-link-color wp-elements-7263863ebdb416ce0d54bc1ebe6e9108\"><span class=\"ez-toc-section\" id=\"kozbeyli_koyu\"><\/span><strong><strong>Kozbeyli K\u00f6y\u00fc<\/strong><\/strong><span class=\"ez-toc-section-end\"><\/span><\/h3>\n\n\n\n<p>Fo\u00e7a\u2019ya yakla\u015f\u0131k 20 kilometre mesafede konumlanan bu \u015firin k\u00f6y, geleneksel ta\u015f evleri ve do\u011fal g\u00fczellikleri ile be\u011feni topluyor. <strong><a href=\"https:\/\/maps.app.goo.gl\/jbr2BLtn89YqNCDq8\" target=\"_blank\" rel=\"noopener\">Kozbeyli<\/a><\/strong>, ayn\u0131 zamanda organik tar\u0131m yap\u0131lan bah\u00e7eleri ve y\u00f6resel \u00fcr\u00fcnleri ile de bir hayli \u00fcnl\u00fc. K\u00f6ydeki k\u00fc\u00e7\u00fck kafelerde k\u00f6y kahvalt\u0131s\u0131n\u0131n tad\u0131n\u0131 \u00e7\u0131karabilir, y\u00f6resel peynirler, zeytinler ve ev yap\u0131m\u0131 re\u00e7eller sat\u0131n alabilirsiniz. Huzur dolu ve sakin birka\u00e7 saat ge\u00e7irmek i\u00e7in Kozbeyli K\u00f6y\u00fc do\u011fru tercih.<\/p>\n\n\n\n<h3 class=\"wp-block-heading has-text-align-center has-neeon-button-dark-gray-color has-text-color has-link-color wp-elements-ea831268b6a7a2e38a1acef4ad067e02\"><span class=\"ez-toc-section\" id=\"denizcilik_muzesi\"><\/span><strong><strong>Denizcilik M\u00fczesi<\/strong><\/strong><span class=\"ez-toc-section-end\"><\/span><\/h3>\n\n\n\n<p><strong><a href=\"https:\/\/maps.app.goo.gl\/gShMSEWYxamu1kfU9\" target=\"_blank\" rel=\"noopener\">Fo\u00e7a Denizcilik M\u00fczesi<\/a><\/strong>, Fo\u00e7a&#8217;n\u0131n kadim denizcilik tarihini ve zengin k\u00fclt\u00fcr\u00fcn\u00fc ziyaret\u00e7ilere tan\u0131tan bir m\u00fcze. M\u00fcze, antik \u00e7a\u011flardan g\u00fcn\u00fcm\u00fcze kadar olan denizcilik ara\u00e7lar\u0131, eski deniz haritalar\u0131 ve denizcilerin kullanm\u0131\u015f oldu\u011fu \u00e7e\u015fitli eserler ile keyifli bir deneyimin kap\u0131lar\u0131n\u0131 aral\u0131yor. Denizcilikle ilgili bilgi edinmek ve b\u00f6lgenin tarihi ile daha derin bir ba\u011f kurmak isteyenler Fo\u00e7a&#8217;da gezilecek yerler listesine bu m\u00fczeyi mutlaka dahil etmeli. Denizcilik M\u00fczesi pazartesi g\u00fcnleri hari\u00e7 her g\u00fcn 10:00-16:00 saatleri aras\u0131nda ziyaret edilebiliyor.<\/p>\n\n\n\n<p><\/p>\n\n    <div class=\"xs_social_share_widget xs_share_url after_content \t\tmain_content  wslu-style-1 wslu-share-box-shaped wslu-fill-colored wslu-none wslu-share-horizontal wslu-theme-font-no wslu-main_content\">\n\n\t\t\n        <ul>\n\t\t\t        <\/ul>\n    <\/div> \n","protected":false},"excerpt":{"rendered":"<p>Fo\u00e7a&#8217;da gezilecek yerler denince akl\u0131na sadece Ege\u2019nin serin sular\u0131 ve darac\u0131k ta\u015f sokaklar\u0131 m\u0131 geliyor? \u00d6yleyse, bu seferki maceranda Fo\u00e7a\u2019y\u0131 yeniden ke\u015ffetmeye haz\u0131r ol! Tarihi dokusu, denizle kucakla\u015fan manzaralar\u0131 ve samimi atmosferiyle bu \u015firin kasaba, gezgin ruhunu besleyecek s\u00fcrprizlerle dolu. Haydi, bavulunu haz\u0131rla ve Ege\u2019nin en g\u00fczel k\u00f6\u015felerinden biri olan Fo\u00e7a\u2019y\u0131 ke\u015ffetmeye \u00e7\u0131kal\u0131m!<\/p>\n","protected":false},"author":34,"featured_media":17764,"comment_status":"open","ping_status":"open","sticky":false,"template":"","format":"standard","meta":{"rop_custom_images_group":[],"rop_custom_messages_group":[],"rop_publish_now":"initial","rop_publish_now_accounts":[],"rop_publish_now_history":[],"rop_publish_now_status":"pending","_cloudinary_featured_overwrite":false,"footnotes":""},"categories":[1839],"tags":[5340,5339,248,224],"class_list":["post-22844","post","type-post","status-publish","format-standard","has-post-thumbnail","hentry","category-izmir","tag-bus","tag-flight","tag-foca","tag-izmir"],"_links":{"self":[{"href":"https:\/\/www.turna.com\/blog\/wp-json\/wp\/v2\/posts\/22844","targetHints":{"allow":["GET"]}}],"collection":[{"href":"https:\/\/www.turna.com\/blog\/wp-json\/wp\/v2\/posts"}],"about":[{"href":"https:\/\/www.turna.com\/blog\/wp-json\/wp\/v2\/types\/post"}],"author":[{"embeddable":true,"href":"https:\/\/www.turna.com\/blog\/wp-json\/wp\/v2\/users\/34"}],"replies":[{"embeddable":true,"href":"https:\/\/www.turna.com\/blog\/wp-json\/wp\/v2\/comments?post=22844"}],"version-history":[{"count":0,"href":"https:\/\/www.turna.com\/blog\/wp-json\/wp\/v2\/posts\/22844\/revisions"}],"wp:featuredmedia":[{"embeddable":true,"href":"https:\/\/www.turna.com\/blog\/wp-json\/wp\/v2\/media\/17764"}],"wp:attachment":[{"href":"https:\/\/www.turna.com\/blog\/wp-json\/wp\/v2\/media?parent=22844"}],"wp:term":[{"taxonomy":"category","embeddable":true,"href":"https:\/\/www.turna.com\/blog\/wp-json\/wp\/v2\/categories?post=22844"},{"taxonomy":"post_tag","embeddable":true,"href":"https:\/\/www.turna.com\/blog\/wp-json\/wp\/v2\/tags?post=22844"}],"curies":[{"name":"wp","href":"https:\/\/api.w.org\/{rel}","templated":true}]}}