{"id":22782,"date":"2024-07-17T17:55:34","date_gmt":"2024-07-17T14:55:34","guid":{"rendered":"https:\/\/www.turna.com\/blog\/?p=22782"},"modified":"2025-12-08T14:10:28","modified_gmt":"2025-12-08T11:10:28","slug":"yurt-disi-tatili-nasil-planlanir-adim-adim-rehber","status":"publish","type":"post","link":"https:\/\/www.turna.com\/blog\/yurt-disi-tatili-nasil-planlanir-adim-adim-rehber","title":{"rendered":"Yurt D\u0131\u015f\u0131 Tatili Nas\u0131l Planlan\u0131r? Ad\u0131m Ad\u0131m Rehber"},"content":{"rendered":"<div id=\"ez-toc-container\" class=\"ez-toc-v2_0_82_2 counter-hierarchy ez-toc-counter ez-toc-black ez-toc-container-direction\">\n<div class=\"ez-toc-title-container\">\n<p class=\"ez-toc-title\" style=\"cursor:inherit\">\u0130\u00e7indekiler<\/p>\n<span class=\"ez-toc-title-toggle\"><a href=\"#\" class=\"ez-toc-pull-right ez-toc-btn ez-toc-btn-xs ez-toc-btn-default ez-toc-toggle\" aria-label=\"\u0130\u00e7indekiler Tablosunu A\u00e7\/Kapat\"><span class=\"ez-toc-js-icon-con\"><span class=\"\"><span class=\"eztoc-hide\" style=\"display:none;\">Toggle<\/span><span class=\"ez-toc-icon-toggle-span\"><svg style=\"fill: #ffffff;color:#ffffff\" xmlns=\"http:\/\/www.w3.org\/2000\/svg\" class=\"list-377408\" width=\"20px\" height=\"20px\" viewBox=\"0 0 24 24\" fill=\"none\"><path d=\"M6 6H4v2h2V6zm14 0H8v2h12V6zM4 11h2v2H4v-2zm16 0H8v2h12v-2zM4 16h2v2H4v-2zm16 0H8v2h12v-2z\" fill=\"currentColor\"><\/path><\/svg><svg style=\"fill: #ffffff;color:#ffffff\" class=\"arrow-unsorted-368013\" xmlns=\"http:\/\/www.w3.org\/2000\/svg\" width=\"10px\" height=\"10px\" viewBox=\"0 0 24 24\" version=\"1.2\" baseProfile=\"tiny\"><path d=\"M18.2 9.3l-6.2-6.3-6.2 6.3c-.2.2-.3.4-.3.7s.1.5.3.7c.2.2.4.3.7.3h11c.3 0 .5-.1.7-.3.2-.2.3-.5.3-.7s-.1-.5-.3-.7zM5.8 14.7l6.2 6.3 6.2-6.3c.2-.2.3-.5.3-.7s-.1-.5-.3-.7c-.2-.2-.4-.3-.7-.3h-11c-.3 0-.5.1-.7.3-.2.2-.3.5-.3.7s.1.5.3.7z\"\/><\/svg><\/span><\/span><\/span><\/a><\/span><\/div>\n<nav><ul class='ez-toc-list ez-toc-list-level-1 eztoc-toggle-hide-by-default' ><li class='ez-toc-page-1 ez-toc-heading-level-2'><a class=\"ez-toc-link ez-toc-heading-1\" href=\"https:\/\/www.turna.com\/blog\/yurt-disi-tatili-nasil-planlanir-adim-adim-rehber\/#yurt_disi_seyahati_planlama_rehberi\" >Yurt D\u0131\u015f\u0131 Seyahati Planlama Rehberi<\/a><ul class='ez-toc-list-level-3' ><li class='ez-toc-heading-level-3'><a class=\"ez-toc-link ez-toc-heading-2\" href=\"https:\/\/www.turna.com\/blog\/yurt-disi-tatili-nasil-planlanir-adim-adim-rehber\/#butce_planlamasi\" >B\u00fct\u00e7e Planlamas\u0131<\/a><\/li><li class='ez-toc-page-1 ez-toc-heading-level-3'><a class=\"ez-toc-link ez-toc-heading-3\" href=\"https:\/\/www.turna.com\/blog\/yurt-disi-tatili-nasil-planlanir-adim-adim-rehber\/#seyahat_belgeleri_ve_vize_islemleri\" >Seyahat Belgeleri ve Vize \u0130\u015flemleri<\/a><\/li><li class='ez-toc-page-1 ez-toc-heading-level-3'><a class=\"ez-toc-link ez-toc-heading-4\" href=\"https:\/\/www.turna.com\/blog\/yurt-disi-tatili-nasil-planlanir-adim-adim-rehber\/#konaklama_rezervasyonlari\" >Konaklama Rezervasyonlar\u0131<\/a><\/li><li class='ez-toc-page-1 ez-toc-heading-level-3'><a class=\"ez-toc-link ez-toc-heading-5\" href=\"https:\/\/www.turna.com\/blog\/yurt-disi-tatili-nasil-planlanir-adim-adim-rehber\/#ulasim_planlamasi\" >Ula\u015f\u0131m Planlamas\u0131<\/a><\/li><li class='ez-toc-page-1 ez-toc-heading-level-3'><a class=\"ez-toc-link ez-toc-heading-6\" href=\"https:\/\/www.turna.com\/blog\/yurt-disi-tatili-nasil-planlanir-adim-adim-rehber\/#yolculuk_oncesi_hazirliklar\" >Yolculuk \u00d6ncesi Haz\u0131rl\u0131klar<\/a><\/li><li class='ez-toc-page-1 ez-toc-heading-level-3'><a class=\"ez-toc-link ez-toc-heading-7\" href=\"https:\/\/www.turna.com\/blog\/yurt-disi-tatili-nasil-planlanir-adim-adim-rehber\/#valiz_hazirligi\" >Valiz Haz\u0131rl\u0131\u011f\u0131<\/a><\/li><li class='ez-toc-page-1 ez-toc-heading-level-3'><a class=\"ez-toc-link ez-toc-heading-8\" href=\"https:\/\/www.turna.com\/blog\/yurt-disi-tatili-nasil-planlanir-adim-adim-rehber\/#gezilecek_yerler_ve_aktiviteler\" >Gezilecek Yerler ve Aktiviteler<\/a><\/li><li class='ez-toc-page-1 ez-toc-heading-level-3'><a class=\"ez-toc-link ez-toc-heading-9\" href=\"https:\/\/www.turna.com\/blog\/yurt-disi-tatili-nasil-planlanir-adim-adim-rehber\/#yeme_icme_ipuclari\" >Yeme &amp; \u0130\u00e7me \u0130pu\u00e7lar\u0131<\/a><\/li><\/ul><\/li><\/ul><\/nav><\/div>\n\n<p>Yurt d\u0131\u015f\u0131 tatili hayali kuranlar i\u00e7in &#8220;<strong>Yurt D\u0131\u015f\u0131 Tatili Nas\u0131l Planlan\u0131r?<\/strong>&#8221; sorusu, macera dolu bir yolculu\u011fun ilk ad\u0131m\u0131d\u0131r. Bir sonraki b\u00fcy\u00fck seyahatinizi planlamak, yeni k\u00fclt\u00fcrler ke\u015ffetmek ve unutulmaz an\u0131lar biriktirmek i\u00e7in heyecan verici bir s\u00fcre\u00e7tir. Detayl\u0131 bir tatil plan\u0131 ile, d\u00fcnyan\u0131n d\u00f6rt bir yan\u0131ndaki g\u00fczellikleri ke\u015ffetmeye haz\u0131rsan\u0131z, do\u011fru ad\u0131mlar\u0131 izleyerek bu deneyimi daha da unutulmaz k\u0131labilirsiniz. \u0130\u015fte, yurt d\u0131\u015f\u0131 tatilinizi m\u00fckemmel bir \u015fekilde planlaman\u0131n s\u0131rlar\u0131!<\/p>\n\n\n\n<h2 class=\"wp-block-heading has-text-align-center has-neeon-button-dark-gray-color has-text-color has-link-color wp-elements-ddef868e1da6f6d74f55635bf31a5c38\"><span class=\"ez-toc-section\" id=\"yurt_disi_seyahati_planlama_rehberi\"><\/span><strong>Yurt D\u0131\u015f\u0131 Seyahati Planlama Rehberi<\/strong><span class=\"ez-toc-section-end\"><\/span><\/h2>\n\n\n\n<figure class=\"wp-block-image size-large\"><img width=\"800\" height=\"500\" decoding=\"async\" src=\"data:image\/svg+xml;base64,PHN2ZyB4bWxucz0iaHR0cDovL3d3dy53My5vcmcvMjAwMC9zdmciIHdpZHRoPSI4MDAiIGhlaWdodD0iNTAwIj48cmVjdCB3aWR0aD0iMTAwJSIgaGVpZ2h0PSIxMDAlIj48YW5pbWF0ZSBhdHRyaWJ1dGVOYW1lPSJmaWxsIiB2YWx1ZXM9InJnYmEoMTUzLDE1MywxNTMsMC41KTtyZ2JhKDE1MywxNTMsMTUzLDAuMSk7cmdiYSgxNTMsMTUzLDE1MywwLjUpIiBkdXI9IjJzIiByZXBlYXRDb3VudD0iaW5kZWZpbml0ZSIgLz48L3JlY3Q+PC9zdmc+\" alt=\"Yurt D\u0131\u015f\u0131 Tatili Nas\u0131l Planlan\u0131r?\" data-public-id=\"wordpress-contents\/yurt_disi_seyahatler_nasil_planlanir\/yurt_disi_seyahatler_nasil_planlanir.jpg\" class=\"wp-post-22782 wp-image-22783\" data-format=\"jpg\" data-transformations=\"f_auto,q_auto:low\" data-version=\"1721227724\" data-seo=\"1\" data-size=\"800 500\" data-srcset=\"https:\/\/res.cloudinary.com\/turna\/images\/f_auto,q_auto:low\/v1721227724\/wordpress-contents\/yurt_disi_seyahatler_nasil_planlanir\/yurt_disi_seyahatler_nasil_planlanir.jpg?_i=AA 800w, https:\/\/res.cloudinary.com\/turna\/images\/w_300,h_188,c_scale\/f_auto,q_auto:low\/v1721227724\/wordpress-contents\/yurt_disi_seyahatler_nasil_planlanir\/yurt_disi_seyahatler_nasil_planlanir.jpg?_i=AA 300w, https:\/\/res.cloudinary.com\/turna\/images\/w_672,h_420,c_scale\/f_auto,q_auto:low\/v1721227724\/wordpress-contents\/yurt_disi_seyahatler_nasil_planlanir\/yurt_disi_seyahatler_nasil_planlanir.jpg?_i=AA 672w, https:\/\/res.cloudinary.com\/turna\/images\/w_640,h_400,c_scale\/f_auto,q_auto:low\/v1721227724\/wordpress-contents\/yurt_disi_seyahatler_nasil_planlanir\/yurt_disi_seyahatler_nasil_planlanir.jpg?_i=AA 640w, https:\/\/res.cloudinary.com\/turna\/images\/w_681,h_426,c_scale\/f_auto,q_auto:low\/v1721227724\/wordpress-contents\/yurt_disi_seyahatler_nasil_planlanir\/yurt_disi_seyahatler_nasil_planlanir.jpg?_i=AA 681w\" data-sizes=\"(max-width: 800px) 100vw, 800px\" data-delivery=\"upload\" onload=\";window.CLDBind?CLDBind(this):null;\" data-cloudinary=\"lazy\" \/><\/figure>\n\n\n\n<p>Yurt d\u0131\u015f\u0131 tatilinizi planlarken dikkate alman\u0131z gereken bir\u00e7ok ayr\u0131nt\u0131 var ve bu s\u00fcrecin her ad\u0131m\u0131, yolculu\u011funuzun b\u00fcy\u00fcleyici bir hikayesi haline geliyor. Peki, hangi \u00fclkeleri ke\u015ffetmek istiyorsunuz? B\u00fct\u00e7enizi nas\u0131l ayarlayacaks\u0131n\u0131z? Vize i\u015flemleri ve konaklama se\u00e7enekleri konusunda nelere dikkat etmelisiniz? T\u00fcm bu sorular\u0131n cevaplar\u0131n\u0131 bulmak, sizi yeni maceralara haz\u0131rlayan heyecan verici bir yolculu\u011fun ba\u015flang\u0131c\u0131 olacak. Yurt d\u0131\u015f\u0131 tatilinizin her an\u0131n\u0131 unutulmaz k\u0131lmak i\u00e7in, gelin birlikte bu b\u00fcy\u00fcl\u00fc yolculu\u011fun haritas\u0131n\u0131 \u00e7\u0131karal\u0131m!<\/p>\n\n\n\n<h3 class=\"wp-block-heading has-text-align-center has-neeon-button-dark-gray-color has-text-color has-link-color wp-elements-9259b41d63f92fee0660bb847e91daf8\"><span class=\"ez-toc-section\" id=\"butce_planlamasi\"><\/span><strong>B\u00fct\u00e7e Planlamas\u0131<\/strong><span class=\"ez-toc-section-end\"><\/span><\/h3>\n\n\n\n<figure class=\"wp-block-image size-large\"><img decoding=\"async\" src=\"https:\/\/res.cloudinary.com\/turna\/image\/upload\/v1721227717\/wordpress-contents\/butce_planlama.jpg\" alt=\"Yurt D\u0131\u015f\u0131 Tatili Nas\u0131l Planlan\u0131r? b\u00fct\u00e7e planlama\"\/><\/figure>\n\n\n\n<p>Yurt d\u0131\u015f\u0131 tatilinizi planlarken, <strong>seyahat b\u00fct\u00e7esi nas\u0131l yap\u0131l\u0131r<\/strong> sorusunun cevab\u0131n\u0131 bilmek, harcamalar\u0131n\u0131z\u0131 kontrol alt\u0131nda tutman\u0131z\u0131 sa\u011flar ve tatilinizi daha rahat ge\u00e7irmenize yard\u0131mc\u0131 olur. \u00d6ncelikle, toplam b\u00fct\u00e7enizi belirleyerek i\u015fe ba\u015flay\u0131n; ula\u015f\u0131m, konaklama, yeme-i\u00e7me, aktiviteler ve al\u0131\u015fveri\u015f gibi kalemlere ay\u0131raca\u011f\u0131n\u0131z miktarlar\u0131 netle\u015ftirin.<\/p>\n\n\n\n<p>U\u00e7ak biletleri ve otel rezervasyonlar\u0131 i\u00e7in erken rezervasyon f\u0131rsatlar\u0131n\u0131 de\u011ferlendirin, bu sayede \u00f6nemli \u00f6l\u00e7\u00fcde tasarruf edebilirsiniz. Seyahat edece\u011finiz \u00fclkenin para birimini ve harcama al\u0131\u015fkanl\u0131klar\u0131n\u0131 g\u00f6z \u00f6n\u00fcnde bulundurarak g\u00fcnl\u00fck harcama limitleri belirleyin. Beklenmedik masraflar i\u00e7in b\u00fct\u00e7enizin %10-15\u2019ini ay\u0131rmay\u0131 unutmay\u0131n. B\u00f6ylece, yurt d\u0131\u015f\u0131 tatilinizde mali s\u00fcrprizlerle kar\u015f\u0131la\u015fmadan keyif dolu anlar ya\u015fayabilirsiniz.<\/p>\n\n\n\n<h3 class=\"wp-block-heading has-text-align-center has-neeon-button-dark-gray-color has-text-color has-link-color wp-elements-3c8c62d0d2e4605f3479120f8c0e256c\"><span class=\"ez-toc-section\" id=\"seyahat_belgeleri_ve_vize_islemleri\"><\/span><strong>Seyahat Belgeleri ve Vize \u0130\u015flemleri<\/strong><span class=\"ez-toc-section-end\"><\/span><\/h3>\n\n\n\n<figure class=\"wp-block-image size-large\"><img decoding=\"async\" src=\"https:\/\/res.cloudinary.com\/turna\/image\/upload\/v1721227718\/wordpress-contents\/seyahat_belgeleri.jpg\" alt=\"Yurt D\u0131\u015f\u0131 Tatili Nas\u0131l Planlan\u0131r seyahat belgeleri\"\/><\/figure>\n\n\n\n<p>Yurt d\u0131\u015f\u0131 tatiliniz i\u00e7in gerekli seyahat belgeleri ve vize i\u015flemlerini tamamlamak, seyahatinizin sorunsuz ge\u00e7mesi a\u00e7\u0131s\u0131ndan b\u00fcy\u00fck \u00f6nem ta\u015f\u0131r. \u0130lk ad\u0131m olarak, pasaportunuzun ge\u00e7erlilik s\u00fcresini kontrol edin; bir\u00e7ok \u00fclke, pasaportunuzun d\u00f6n\u00fc\u015f tarihinizden itibaren en az alt\u0131 ay ge\u00e7erli olmas\u0131n\u0131 \u015fart ko\u015far. Gidece\u011finiz \u00fclkenin vize gerekliliklerini ara\u015ft\u0131rarak, online veya konsolosluk arac\u0131l\u0131\u011f\u0131yla ba\u015fvurunuzu yap\u0131n.<\/p>\n\n\n\n<p>Vize ba\u015fvurusu i\u00e7in genellikle pasaport fotokopisi, biyometrik foto\u011fraf, seyahat sigortas\u0131 ve ba\u015fvuru formu gibi belgeler gereklidir. Ba\u015fvuru s\u00fcrecinde, belgelerinizi eksiksiz ve do\u011fru \u015fekilde sunmak, i\u015flemlerin h\u0131zlanmas\u0131n\u0131 sa\u011flar. Ayr\u0131ca, vize onay s\u00fcrecinin birka\u00e7 hafta s\u00fcrebilece\u011fini g\u00f6z \u00f6n\u00fcnde bulundurarak, ba\u015fvurunuzu erken yapmay\u0131 unutmay\u0131n. Bu detaylar\u0131 dikkatlice takip ederek, yurt d\u0131\u015f\u0131 tatiliniz i\u00e7in gerekli t\u00fcm belgeleri zaman\u0131nda haz\u0131rlayabilirsiniz.<\/p>\n\n\n\n<h3 class=\"wp-block-heading has-text-align-center has-neeon-button-dark-gray-color has-text-color has-link-color wp-elements-cb833fe54082e10b60dcef81acbef8fc\"><span class=\"ez-toc-section\" id=\"konaklama_rezervasyonlari\"><\/span><strong>Konaklama Rezervasyonlar\u0131<\/strong><span class=\"ez-toc-section-end\"><\/span><\/h3>\n\n\n\n<figure class=\"wp-block-image size-large\"><img decoding=\"async\" src=\"https:\/\/res.cloudinary.com\/turna\/image\/upload\/v1721227717\/wordpress-contents\/konaklama_rezervasyon.jpg\" alt=\"Yurt D\u0131\u015f\u0131 Tatili Nas\u0131l Planlan\u0131r? konaklama\"\/><\/figure>\n\n\n\n<p>Konaklama rezervasyonlar\u0131, yurt d\u0131\u015f\u0131 tatilinizin konforlu ve keyifli ge\u00e7mesi i\u00e7in en \u00f6nemli ad\u0131mlardan biri. \u0130lk olarak, tatil yapaca\u011f\u0131n\u0131z destinasyondaki konaklama se\u00e7eneklerini ara\u015ft\u0131rarak, b\u00fct\u00e7enize ve tercihlerinize uygun otel, hostel veya Airbnb gibi se\u00e7enekleri de\u011ferlendirin. Erken rezervasyon yapmak, hem daha fazla se\u00e7enek sunar hem de genellikle daha uygun fiyatlar sa\u011flar.<\/p>\n\n\n\n<p>Rezervasyon yaparken, konumun merkeze ve toplu ta\u015f\u0131ma ara\u00e7lar\u0131na yak\u0131n olmas\u0131na dikkat edin, b\u00f6ylece seyahat s\u00fcresince ula\u015f\u0131m kolayl\u0131\u011f\u0131 sa\u011flars\u0131n\u0131z. Ayr\u0131ca, konaklama yerinin sundu\u011fu hizmetler ve olanaklar hakk\u0131nda bilgi edinmek i\u00e7in kullan\u0131c\u0131 yorumlar\u0131n\u0131 ve puanlamalar\u0131 g\u00f6zden ge\u00e7irin. Rezervasyonunuzu tamamlad\u0131ktan sonra, onay e-postas\u0131n\u0131 ve rezervasyon detaylar\u0131n\u0131 yan\u0131n\u0131za almay\u0131 unutmay\u0131n. Bu \u015fekilde, yurt d\u0131\u015f\u0131 tatilinizde konaklama ile ilgili s\u00fcrprizlerle kar\u015f\u0131la\u015fmaz, seyahatinizin keyfini doyas\u0131ya \u00e7\u0131karabilirsiniz.<\/p>\n\n\n\n<p>Turna.com&#8217;da <strong><a href=\"https:\/\/www.turna.com\/otel\" target=\"_blank\" rel=\"noreferrer noopener\">otel rezervasyonu<\/a><\/strong> i\u015flemlerinizi g\u00fcvenle ger\u00e7ekle\u015ftirebilirsiniz.<\/p>\n\n\n\n<h3 class=\"wp-block-heading has-text-align-center has-neeon-button-dark-gray-color has-text-color has-link-color wp-elements-3909b7da7c8963e1cc84524e3493e5b4\"><span class=\"ez-toc-section\" id=\"ulasim_planlamasi\"><\/span><strong>Ula\u015f\u0131m Planlamas\u0131<\/strong><span class=\"ez-toc-section-end\"><\/span><\/h3>\n\n\n\n<figure class=\"wp-block-image size-large\"><img decoding=\"async\" src=\"https:\/\/res.cloudinary.com\/turna\/image\/upload\/v1721227718\/wordpress-contents\/ulasim_planlamasi.jpg\" alt=\"Ula\u015f\u0131m Planlamas\u0131\"\/><\/figure>\n\n\n\n<p>Ula\u015f\u0131m planlamas\u0131, yurt d\u0131\u015f\u0131 tatilinizin sorunsuz ve rahat ge\u00e7mesi i\u00e7in kritik bir a\u015famad\u0131r. \u0130lk ad\u0131m olarak, var\u0131\u015f noktan\u0131za en uygun ula\u015f\u0131m \u015feklini belirleyin; u\u00e7ak, tren, otob\u00fcs veya araba kiralama gibi se\u00e7enekler aras\u0131nda kar\u015f\u0131la\u015ft\u0131rma yaparak b\u00fct\u00e7enize ve zaman\u0131n\u0131za en uygun olan\u0131n\u0131 se\u00e7in. U\u00e7ak biletlerinizi erken alarak, daha ekonomik fiyatlar yakalayabilirsiniz.<\/p>\n\n\n\n<p>Var\u0131\u015f noktan\u0131za ula\u015ft\u0131\u011f\u0131n\u0131zda, \u015fehir i\u00e7i ula\u015f\u0131m\u0131 planlamak i\u00e7in toplu ta\u015f\u0131ma kartlar\u0131, metro, otob\u00fcs hatlar\u0131 ve taksiler hakk\u0131nda bilgi edinin. Ayr\u0131ca, \u015fehir i\u00e7inde daha rahat dola\u015fmak i\u00e7in haritalar ve navigasyon uygulamalar\u0131 indirin. Gidece\u011finiz yerlerde park yerleri ve trafik durumu gibi detaylar\u0131 \u00f6nceden ara\u015ft\u0131rmak da faydal\u0131 olacakt\u0131r. Ula\u015f\u0131m plan\u0131n\u0131z\u0131 detayl\u0131 bir \u015fekilde yaparak, tatiliniz boyunca zaman kaybetmeden ve strese girmeden istedi\u011finiz yerlere kolayca ula\u015fabilirsiniz.<\/p>\n\n\n\n<h3 class=\"wp-block-heading has-text-align-center has-neeon-button-dark-gray-color has-text-color has-link-color wp-elements-ccbe1947b60ca48190e8aed6f429a563\"><span class=\"ez-toc-section\" id=\"yolculuk_oncesi_hazirliklar\"><\/span><strong>Yolculuk \u00d6ncesi Haz\u0131rl\u0131klar<\/strong><span class=\"ez-toc-section-end\"><\/span><\/h3>\n\n\n\n<figure class=\"wp-block-image size-large\"><img decoding=\"async\" src=\"https:\/\/res.cloudinary.com\/turna\/image\/upload\/v1721227718\/wordpress-contents\/seyahat_%C3%B6ncesi_haz%C4%B1rl%C4%B1klar.jpg\" alt=\"Yolculuk \u00d6ncesi Haz\u0131rl\u0131klar\"\/><\/figure>\n\n\n\n<p>Yurt D\u0131\u015f\u0131 Tatili Nas\u0131l Planlan\u0131r? sorusunun \u00f6nemli ad\u0131mlar\u0131ndan biri de yolculuk \u00f6ncesi haz\u0131rl\u0131klard\u0131r. \u0130lk olarak, sa\u011fl\u0131k kontrollerinizi yapt\u0131r\u0131n ve gerekti\u011finde a\u015f\u0131lar\u0131n\u0131z\u0131 tamamlay\u0131n. Seyahat sigortas\u0131 yapt\u0131rarak, olas\u0131 sa\u011fl\u0131k sorunlar\u0131na kar\u015f\u0131 g\u00fcvence alt\u0131na al\u0131n. Gerekli seyahat belgelerinizi, pasaport, vize, u\u00e7ak biletleri ve konaklama rezervasyonlar\u0131n\u0131 eksiksiz ve d\u00fczenli bir \u015fekilde haz\u0131rlay\u0131n. Bu belgelerin fotokopilerini \u00e7ekerek, dijital kopyalar\u0131n\u0131 bulut depolama alan\u0131n\u0131za y\u00fckleyin. T\u00fcm bu haz\u0131rl\u0131klar\u0131 dikkatlice yapman\u0131z, yurt d\u0131\u015f\u0131 tatilinizde hi\u00e7bir eksik veya sorun ya\u015famadan keyifli bir ba\u015flang\u0131\u00e7 yapman\u0131z\u0131 sa\u011flayacak.<\/p>\n\n\n\n<h3 class=\"wp-block-heading has-text-align-center has-neeon-button-dark-gray-color has-text-color has-link-color wp-elements-3a8a774f1b18550aff34766e4f2abc5e\"><span class=\"ez-toc-section\" id=\"valiz_hazirligi\"><\/span><strong>Valiz Haz\u0131rl\u0131\u011f\u0131<\/strong><span class=\"ez-toc-section-end\"><\/span><\/h3>\n\n\n\n<figure class=\"wp-block-image size-large\"><img decoding=\"async\" src=\"https:\/\/res.cloudinary.com\/turna\/image\/upload\/v1721227717\/wordpress-contents\/valiz_hazirligi.jpg\" alt=\"Valiz Haz\u0131rl\u0131\u011f\u0131\"\/><\/figure>\n\n\n\n<p>Valiz haz\u0131rl\u0131\u011f\u0131, yurt d\u0131\u015f\u0131 tatilinizin sorunsuz ve keyifli ge\u00e7mesi i\u00e7in \u00f6nemli bir ad\u0131m. \u00d6ncelikle, tatil s\u00fcrenize ve hava durumuna uygun k\u0131yafetler se\u00e7in. \u00c7ok ama\u00e7l\u0131, kolayca kombinlenebilen ve katland\u0131\u011f\u0131nda az yer kaplayan giysiler tercih edin. Temel ihtiya\u00e7lar\u0131n\u0131z\u0131 kapsayan bir kontrol listesi olu\u015fturun: g\u00fcnl\u00fck k\u0131yafetler, i\u00e7 \u00e7ama\u015f\u0131rlar\u0131, pijama, ayakkab\u0131, \u015fapka ve g\u00fcne\u015f g\u00f6zl\u00fc\u011f\u00fc gibi e\u015fyalar\u0131 listeye ekleyin.<\/p>\n\n\n\n<p>Valizinize yerle\u015ftirece\u011finiz ki\u015fisel bak\u0131m \u00fcr\u00fcnleri i\u00e7in seyahat boyutunda \u015fampuan, di\u015f macunu, sabun ve di\u011fer hijyen malzemelerini kullan\u0131n. Ayr\u0131ca, ila\u00e7lar\u0131n\u0131z\u0131 ve ilk yard\u0131m malzemelerini yan\u0131n\u0131za almay\u0131 unutmay\u0131n. Elektronik cihazlar ve \u015farj aletlerini eri\u015febilece\u011finiz bir b\u00f6lmeye yerle\u015ftirin. Belgelerinizin ve de\u011ferli e\u015fyalar\u0131n\u0131z\u0131n g\u00fcvenli\u011fi i\u00e7in ayr\u0131 bir el \u00e7antas\u0131 haz\u0131rlay\u0131n.<strong> Valiz haz\u0131rlama ipu\u00e7lar\u0131<\/strong> ile, yurt d\u0131\u015f\u0131 tatilinizde ihtiya\u00e7 duyaca\u011f\u0131n\u0131z her \u015feyi yan\u0131n\u0131za alm\u0131\u015f olur ve rahat bir yolculuk ge\u00e7irirsiniz.<\/p>\n\n\n\n<h3 class=\"wp-block-heading has-text-align-center has-neeon-button-dark-gray-color has-text-color has-link-color wp-elements-5f99782d78f117d7985f736c23bf4e1b\"><span class=\"ez-toc-section\" id=\"gezilecek_yerler_ve_aktiviteler\"><\/span><strong>Gezilecek Yerler ve Aktiviteler<\/strong><span class=\"ez-toc-section-end\"><\/span><\/h3>\n\n\n\n<figure class=\"wp-block-image size-large\"><img decoding=\"async\" src=\"https:\/\/res.cloudinary.com\/turna\/image\/upload\/v1721227718\/wordpress-contents\/gezilecek_yerler.jpg\" alt=\"Gezilecek Yerler ve Aktiviteler\"\/><\/figure>\n\n\n\n<p><strong>Tatil planlama ipu\u00e7lar\u0131<\/strong> aras\u0131nda, gezilecek yerler ve aktiviteler i\u00e7in \u00f6nceden detayl\u0131 bir ara\u015ft\u0131rma yapmak \u00f6nemli bir yer tutar. Gidece\u011finiz destinasyonun tarihi ve k\u00fclt\u00fcrel zenginliklerini ke\u015ffetmek i\u00e7in m\u00fczeler, an\u0131tlar ve tarihi yap\u0131lar hakk\u0131nda bilgi edinin. Do\u011fal g\u00fczellikler, parklar ve plajlar gibi a\u00e7\u0131k hava aktiviteleri de planlar\u0131n\u0131za dahil edin.<\/p>\n\n\n\n<p>Pop\u00fcler turistik mekanlar\u0131n yan\u0131 s\u0131ra, yerel halk\u0131n favori mekanlar\u0131n\u0131 ve gizli kalm\u0131\u015f g\u00fczellikleri de listenize ekleyin. Seyahat rehberleri, bloglar ve sosyal medya platformlar\u0131ndan ilham alarak ilginizi \u00e7eken aktiviteleri belirleyin; \u00f6rne\u011fin, yerel lezzetleri deneyebilece\u011finiz restoranlar, al\u0131\u015fveri\u015f yapabilece\u011finiz pazarlar ve kat\u0131labilece\u011finiz festivaller gibi etkinlikleri not al\u0131n. Ayr\u0131ca, g\u00fcnl\u00fck gezi rotalar\u0131 ve aktiviteler i\u00e7in \u00f6nceden rezervasyon yaparak, tatiliniz boyunca zaman\u0131n\u0131z\u0131 en verimli \u015fekilde kullanm\u0131\u015f olursunuz.<\/p>\n\n\n\n<h3 class=\"wp-block-heading has-text-align-center has-neeon-button-dark-gray-color has-text-color has-link-color wp-elements-a827f0c4354a3912d619569f449140c8\"><span class=\"ez-toc-section\" id=\"yeme_icme_ipuclari\"><\/span><strong>Yeme &amp; \u0130\u00e7me \u0130pu\u00e7lar\u0131<\/strong><span class=\"ez-toc-section-end\"><\/span><\/h3>\n\n\n\n<figure class=\"wp-block-image size-large\"><img decoding=\"async\" src=\"https:\/\/res.cloudinary.com\/turna\/image\/upload\/v1721227724\/wordpress-contents\/yeme_icme.jpg\" alt=\"Yeme &amp; \u0130\u00e7me \u0130pu\u00e7lar\u0131\"\/><\/figure>\n\n\n\n<p>Bir seyahatin keyifli ge\u00e7mesinin en \u00f6nemli yolu yeme i\u00e7me deneyimlerinden ge\u00e7er. T\u0131pk\u0131 kalbe giden yolun mideden ge\u00e7mesi gibi. \ud83d\ude04 O nedenle i\u015finizi \u015fansa b\u0131rakmay\u0131n, gidece\u011finiz destinasyonda yerel mutfa\u011f\u0131 ke\u015ffetmek i\u00e7in \u00f6nceden ara\u015ft\u0131rma yap\u0131n. Yerel restoranlar, kafeler ve sokak lezzetleri hakk\u0131nda bilgi edinerek, damak tad\u0131n\u0131za uygun yerleri belirleyin. \u00d6zellikle yerel halk\u0131n tercih etti\u011fi mekanlar, otantik tatlar\u0131 deneyimlemeniz i\u00e7in harika f\u0131rsatlar sunar. Bu ipu\u00e7lar\u0131 ile, yurt d\u0131\u015f\u0131 tatiliniz boyunca lezzetli ve keyifli bir yeme &amp; i\u00e7me deneyimi ya\u015fayabilirsiniz.<\/p>\n\n\n\n<p>&#8220;Yurt D\u0131\u015f\u0131 Tatili Nas\u0131l Planlan\u0131r?&#8221; rehberimizin sonunda, akl\u0131n\u0131zdaki soru i\u015faretlerini giderebilmi\u015fizdir umar\u0131m. Art\u0131k, ad\u0131m ad\u0131m t\u00fcm planlaman\u0131z\u0131 yapabilir, yurt d\u0131\u015f\u0131 seyahatinize g\u00f6n\u00fcl rahatl\u0131\u011f\u0131yla \u00e7\u0131kabilir, d\u00fcnyay\u0131 ke\u015ffetmenin heyecan\u0131n\u0131 doyas\u0131ya ya\u015fayabilirsiniz. Keyifli ve g\u00fcvenli yolculuklar!<\/p>\n\n    <div class=\"xs_social_share_widget xs_share_url after_content \t\tmain_content  wslu-style-1 wslu-share-box-shaped wslu-fill-colored wslu-none wslu-share-horizontal wslu-theme-font-no wslu-main_content\">\n\n\t\t\n        <ul>\n\t\t\t        <\/ul>\n    <\/div> \n","protected":false},"excerpt":{"rendered":"<p>Yurt d\u0131\u015f\u0131 tatili hayali kuranlar i\u00e7in &#8220;Yurt D\u0131\u015f\u0131 Tatili Nas\u0131l Planlan\u0131r?&#8221; sorusu, macera dolu bir yolculu\u011fun ilk ad\u0131m\u0131d\u0131r. Bir sonraki b\u00fcy\u00fck seyahatinizi planlamak, yeni k\u00fclt\u00fcrler ke\u015ffetmek ve unutulmaz an\u0131lar biriktirmek i\u00e7in heyecan verici bir s\u00fcre\u00e7tir. Detayl\u0131 bir tatil plan\u0131 ile, d\u00fcnyan\u0131n d\u00f6rt bir yan\u0131ndaki g\u00fczellikleri ke\u015ffetmeye haz\u0131rsan\u0131z, do\u011fru ad\u0131mlar\u0131 izleyerek bu deneyimi daha da unutulmaz k\u0131labilirsiniz. \u0130\u015fte, yurt d\u0131\u015f\u0131 tatilinizi m\u00fckemmel bir \u015fekilde planlaman\u0131n s\u0131rlar\u0131!<\/p>\n","protected":false},"author":34,"featured_media":22783,"comment_status":"open","ping_status":"open","sticky":false,"template":"","format":"standard","meta":{"rop_custom_images_group":[],"rop_custom_messages_group":[],"rop_publish_now":"initial","rop_publish_now_accounts":[],"rop_publish_now_history":[],"rop_publish_now_status":"pending","_cloudinary_featured_overwrite":false,"footnotes":""},"categories":[1],"tags":[],"class_list":["post-22782","post","type-post","status-publish","format-standard","has-post-thumbnail","hentry","category-seyahat-rehberi"],"_links":{"self":[{"href":"https:\/\/www.turna.com\/blog\/wp-json\/wp\/v2\/posts\/22782","targetHints":{"allow":["GET"]}}],"collection":[{"href":"https:\/\/www.turna.com\/blog\/wp-json\/wp\/v2\/posts"}],"about":[{"href":"https:\/\/www.turna.com\/blog\/wp-json\/wp\/v2\/types\/post"}],"author":[{"embeddable":true,"href":"https:\/\/www.turna.com\/blog\/wp-json\/wp\/v2\/users\/34"}],"replies":[{"embeddable":true,"href":"https:\/\/www.turna.com\/blog\/wp-json\/wp\/v2\/comments?post=22782"}],"version-history":[{"count":0,"href":"https:\/\/www.turna.com\/blog\/wp-json\/wp\/v2\/posts\/22782\/revisions"}],"wp:featuredmedia":[{"embeddable":true,"href":"https:\/\/www.turna.com\/blog\/wp-json\/wp\/v2\/media\/22783"}],"wp:attachment":[{"href":"https:\/\/www.turna.com\/blog\/wp-json\/wp\/v2\/media?parent=22782"}],"wp:term":[{"taxonomy":"category","embeddable":true,"href":"https:\/\/www.turna.com\/blog\/wp-json\/wp\/v2\/categories?post=22782"},{"taxonomy":"post_tag","embeddable":true,"href":"https:\/\/www.turna.com\/blog\/wp-json\/wp\/v2\/tags?post=22782"}],"curies":[{"name":"wp","href":"https:\/\/api.w.org\/{rel}","templated":true}]}}