{"id":22747,"date":"2024-07-02T14:50:33","date_gmt":"2024-07-02T11:50:33","guid":{"rendered":"https:\/\/www.turna.com\/blog\/?p=22747"},"modified":"2025-12-08T18:43:47","modified_gmt":"2025-12-08T15:43:47","slug":"temmuz-ayi-etkinlikleri","status":"publish","type":"post","link":"https:\/\/www.turna.com\/blog\/temmuz-ayi-etkinlikleri","title":{"rendered":"Temmuz Ay\u0131 Etkinlikleri 2024"},"content":{"rendered":"<div id=\"ez-toc-container\" class=\"ez-toc-v2_0_82_2 counter-hierarchy ez-toc-counter ez-toc-black ez-toc-container-direction\">\n<div class=\"ez-toc-title-container\">\n<p class=\"ez-toc-title\" style=\"cursor:inherit\">\u0130\u00e7indekiler<\/p>\n<span class=\"ez-toc-title-toggle\"><a href=\"#\" class=\"ez-toc-pull-right ez-toc-btn ez-toc-btn-xs ez-toc-btn-default ez-toc-toggle\" aria-label=\"\u0130\u00e7indekiler Tablosunu A\u00e7\/Kapat\"><span class=\"ez-toc-js-icon-con\"><span class=\"\"><span class=\"eztoc-hide\" style=\"display:none;\">Toggle<\/span><span class=\"ez-toc-icon-toggle-span\"><svg style=\"fill: #ffffff;color:#ffffff\" xmlns=\"http:\/\/www.w3.org\/2000\/svg\" class=\"list-377408\" width=\"20px\" height=\"20px\" viewBox=\"0 0 24 24\" fill=\"none\"><path d=\"M6 6H4v2h2V6zm14 0H8v2h12V6zM4 11h2v2H4v-2zm16 0H8v2h12v-2zM4 16h2v2H4v-2zm16 0H8v2h12v-2z\" fill=\"currentColor\"><\/path><\/svg><svg style=\"fill: #ffffff;color:#ffffff\" class=\"arrow-unsorted-368013\" xmlns=\"http:\/\/www.w3.org\/2000\/svg\" width=\"10px\" height=\"10px\" viewBox=\"0 0 24 24\" version=\"1.2\" baseProfile=\"tiny\"><path d=\"M18.2 9.3l-6.2-6.3-6.2 6.3c-.2.2-.3.4-.3.7s.1.5.3.7c.2.2.4.3.7.3h11c.3 0 .5-.1.7-.3.2-.2.3-.5.3-.7s-.1-.5-.3-.7zM5.8 14.7l6.2 6.3 6.2-6.3c.2-.2.3-.5.3-.7s-.1-.5-.3-.7c-.2-.2-.4-.3-.7-.3h-11c-.3 0-.5.1-.7.3-.2.2-.3.5-.3.7s.1.5.3.7z\"\/><\/svg><\/span><\/span><\/span><\/a><\/span><\/div>\n<nav><ul class='ez-toc-list ez-toc-list-level-1 eztoc-toggle-hide-by-default' ><li class='ez-toc-page-1 ez-toc-heading-level-2'><a class=\"ez-toc-link ez-toc-heading-1\" href=\"https:\/\/www.turna.com\/blog\/temmuz-ayi-etkinlikleri\/#temmuz_ayinda_turkiyede_neler_oluyor\" >Temmuz Ay\u0131nda T\u00fcrkiye&#8217;de Neler Oluyor?<\/a><ul class='ez-toc-list-level-3' ><li class='ez-toc-heading-level-3'><a class=\"ez-toc-link ez-toc-heading-2\" href=\"https:\/\/www.turna.com\/blog\/temmuz-ayi-etkinlikleri\/#van_kultur_yolu_festivali\" >Van K\u00fclt\u00fcr Yolu Festivali<\/a><\/li><li class='ez-toc-page-1 ez-toc-heading-level-3'><a class=\"ez-toc-link ez-toc-heading-3\" href=\"https:\/\/www.turna.com\/blog\/temmuz-ayi-etkinlikleri\/#efes_opera_ve_bale_festivali\" >Efes Opera ve Bale Festivali<\/a><\/li><li class='ez-toc-page-1 ez-toc-heading-level-3'><a class=\"ez-toc-link ez-toc-heading-4\" href=\"https:\/\/www.turna.com\/blog\/temmuz-ayi-etkinlikleri\/#harbiye_acik_hava_konserleri\" >Harbiye A\u00e7\u0131k Hava Konserleri<\/a><\/li><li class='ez-toc-page-1 ez-toc-heading-level-3'><a class=\"ez-toc-link ez-toc-heading-5\" href=\"https:\/\/www.turna.com\/blog\/temmuz-ayi-etkinlikleri\/#istanbul_caz_festivali\" >\u0130stanbul Caz Festivali<\/a><\/li><li class='ez-toc-page-1 ez-toc-heading-level-3'><a class=\"ez-toc-link ez-toc-heading-6\" href=\"https:\/\/www.turna.com\/blog\/temmuz-ayi-etkinlikleri\/#uluslararasi_gumusluk_muzik_festivali\" >Uluslararas\u0131 G\u00fcm\u00fc\u015fl\u00fck M\u00fczik Festivali<\/a><\/li><li class='ez-toc-page-1 ez-toc-heading-level-3'><a class=\"ez-toc-link ez-toc-heading-7\" href=\"https:\/\/www.turna.com\/blog\/temmuz-ayi-etkinlikleri\/#uluslararasi_bursa_festivali\" >Uluslararas\u0131 Bursa Festivali<\/a><\/li><\/ul><\/li><\/ul><\/nav><\/div>\n\n<p>Yaz mevsiminin en canl\u0131 ve heyecan dolu ay\u0131 Temmuz geldi! S\u0131cak havalar, tatil planlar\u0131 ve dolu dolu etkinlikler derken, <strong>Temmuz Ay\u0131 Etkinlikleri<\/strong> t\u00fcm enerjisiyle kap\u0131m\u0131z\u0131 \u00e7al\u0131yor. \u015eehir meydanlar\u0131nda rengarenk festivaller, sahillerde m\u00fczikle harmanlanm\u0131\u015f partiler ve sanat\u0131n her k\u00f6\u015feye yay\u0131ld\u0131\u011f\u0131 sergiler bu ay\u0131 unutulmaz k\u0131lacak. Hadi, festival co\u015fkusunu hissetmeye, yeni deneyimlere ve unutulmaz an\u0131lara kap\u0131 a\u00e7an bu etkinliklerle dolu Temmuz ay\u0131na hep birlikte g\u00f6z atal\u0131m!<\/p>\n\n\n\n<h2 class=\"wp-block-heading has-text-align-center has-neeon-button-dark-gray-color has-text-color has-link-color wp-elements-f20af0ad837f0011bf3abad56adfe386\"><span class=\"ez-toc-section\" id=\"temmuz_ayinda_turkiyede_neler_oluyor\"><\/span><strong><strong><strong><strong>Temmuz Ay\u0131nda T\u00fcrkiye&#8217;de Neler Oluyor?<\/strong><\/strong><\/strong><\/strong><span class=\"ez-toc-section-end\"><\/span><\/h2>\n\n\n\n<figure class=\"wp-block-image size-large\"><img width=\"800\" height=\"500\" decoding=\"async\" src=\"data:image\/svg+xml;base64,PHN2ZyB4bWxucz0iaHR0cDovL3d3dy53My5vcmcvMjAwMC9zdmciIHdpZHRoPSI4MDAiIGhlaWdodD0iNTAwIj48cmVjdCB3aWR0aD0iMTAwJSIgaGVpZ2h0PSIxMDAlIj48YW5pbWF0ZSBhdHRyaWJ1dGVOYW1lPSJmaWxsIiB2YWx1ZXM9InJnYmEoMTUzLDE1MywxNTMsMC41KTtyZ2JhKDE1MywxNTMsMTUzLDAuMSk7cmdiYSgxNTMsMTUzLDE1MywwLjUpIiBkdXI9IjJzIiByZXBlYXRDb3VudD0iaW5kZWZpbml0ZSIgLz48L3JlY3Q+PC9zdmc+\" alt=\"Temmuz Ay\u0131 Etkinlikleri 2024\" data-public-id=\"wordpress-contents\/temmuz_ay\u0131_etkinlikleri\/temmuz_ay\u0131_etkinlikleri.jpg\" class=\"wp-post-22747 wp-image-22748\" data-format=\"jpg\" data-transformations=\"f_auto,q_auto:low\" data-version=\"1719920540\" data-seo=\"1\" data-size=\"800 500\" data-srcset=\"https:\/\/res.cloudinary.com\/turna\/images\/f_auto,q_auto:low\/v1719920540\/wordpress-contents\/temmuz_ay\u0131_etkinlikleri\/temmuz_ay\u0131_etkinlikleri.jpg?_i=AA 800w, https:\/\/res.cloudinary.com\/turna\/images\/w_300,h_188,c_scale\/f_auto,q_auto:low\/v1719920540\/wordpress-contents\/temmuz_ay\u0131_etkinlikleri\/temmuz_ay\u0131_etkinlikleri.jpg?_i=AA 300w, https:\/\/res.cloudinary.com\/turna\/images\/w_672,h_420,c_scale\/f_auto,q_auto:low\/v1719920540\/wordpress-contents\/temmuz_ay\u0131_etkinlikleri\/temmuz_ay\u0131_etkinlikleri.jpg?_i=AA 672w, https:\/\/res.cloudinary.com\/turna\/images\/w_640,h_400,c_scale\/f_auto,q_auto:low\/v1719920540\/wordpress-contents\/temmuz_ay\u0131_etkinlikleri\/temmuz_ay\u0131_etkinlikleri.jpg?_i=AA 640w, https:\/\/res.cloudinary.com\/turna\/images\/w_681,h_426,c_scale\/f_auto,q_auto:low\/v1719920540\/wordpress-contents\/temmuz_ay\u0131_etkinlikleri\/temmuz_ay\u0131_etkinlikleri.jpg?_i=AA 681w\" data-sizes=\"(max-width: 800px) 100vw, 800px\" data-delivery=\"upload\" onload=\";window.CLDBind?CLDBind(this):null;\" data-cloudinary=\"lazy\" \/><\/figure>\n\n\n\n<p>Temmuz Ay\u0131 Etkinlikleri, T\u00fcrkiye&#8217;nin d\u00f6rt bir yan\u0131nda her zevke hitap eden bir dizi unutulmaz etkinlikle dolu! M\u00fczikten sanata, spordan gastronomiye kadar her alanda festivallerle co\u015fku dolu bir ay bizleri bekliyor. Kimi zaman tarihi sokaklarda d\u00fczenlenen caz festivallerinde ritmin tad\u0131n\u0131 \u00e7\u0131karacak, kimi zaman sahil kenar\u0131nda d\u00fczenlenen dans partilerinde sabaha kadar e\u011flenece\u011fiz. Do\u011fan\u0131n kalbinde d\u00fczenlenen yoga kamplar\u0131nda huzur bulurken, \u00fcnl\u00fc \u015feflerin h\u00fcnerlerini sergiledi\u011fi gastronomi festivallerinde damaklar\u0131m\u0131z\u0131 \u015fenlendirece\u011fiz. T\u00fcrkiye&#8217;nin her k\u00f6\u015fesinde ger\u00e7ekle\u015fen Temmuz Ay\u0131 Etkinlikleri ile bu yaz, adrenalin dolu maceralara, k\u00fclt\u00fcrel ke\u015fiflere ve e\u015fsiz an\u0131lara ev sahipli\u011fi yapacak!<\/p>\n\n\n\n<h3 class=\"wp-block-heading has-text-align-center has-neeon-button-dark-gray-color has-text-color has-link-color wp-elements-dc885fc4e3c56330cdc08138be651c44\"><span class=\"ez-toc-section\" id=\"van_kultur_yolu_festivali\"><\/span><strong><strong><strong><strong>Van K\u00fclt\u00fcr Yolu Festivali<\/strong><\/strong><\/strong><\/strong><span class=\"ez-toc-section-end\"><\/span><\/h3>\n\n\n\n<p>Van K\u00fclt\u00fcr Yolu Festivali, Do\u011fu Anadolu&#8217;nun e\u015fsiz g\u00fczellikleriyle bulu\u015farak k\u00fclt\u00fcrel zenginlikleri ke\u015ffetmeye davet ediyor. Van G\u00f6l\u00fc&#8217;n\u00fcn b\u00fcy\u00fcleyici manzaras\u0131 e\u015fli\u011finde, tarihi Van Kalesi&#8217;nden Akdamar Adas\u0131&#8217;na uzanan bu festival, sanat, m\u00fczik ve tarihin harmanland\u0131\u011f\u0131 benzersiz bir deneyim sunuyor. Festival kapsam\u0131nda d\u00fczenlenen halk danslar\u0131 g\u00f6sterileri, yerel m\u00fczik performanslar\u0131 ve el sanatlar\u0131 sergileri, b\u00f6lgenin k\u00fclt\u00fcrel miras\u0131n\u0131 ya\u015fat\u0131rken kat\u0131l\u0131mc\u0131lara unutulmaz anlar ya\u015fat\u0131yor. Festival kapsam\u0131nda Atat\u00fcrk K\u00fclt\u00fcr Park\u0131\u2019nda kurulacak ana sahnede, O\u011fuzhan Ko\u00e7, Ali\u015fan, Mert Demir, Berdan Mardini, Fatma Turgut, Merve \u00d6zbey, Beng\u00fc, Cem Adrian ve Ferhat G\u00f6\u00e7er konserleri d\u00fczenlenecek.<\/p>\n\n\n\n<p><strong>Etkinlik Tarihleri:<\/strong> 29 Haziran-9 Temmuz<\/p>\n\n\n\n<p><strong><a href=\"https:\/\/www.turna.com\/ucak-bileti\/van\" target=\"_blank\" rel=\"noreferrer noopener\">Van u\u00e7ak bileti<\/a><\/strong> se\u00e7enekleri i\u00e7in web sitemizi ziyaret edin.<\/p>\n\n\n\n<h3 class=\"wp-block-heading has-text-align-center has-neeon-button-dark-gray-color has-text-color has-link-color wp-elements-9285a9519618d039413ab08743cb0a4d\"><span class=\"ez-toc-section\" id=\"efes_opera_ve_bale_festivali\"><\/span><strong><strong><strong><strong>Efes Opera ve Bale Festivali<\/strong><\/strong><\/strong><\/strong><span class=\"ez-toc-section-end\"><\/span><\/h3>\n\n\n\n<figure class=\"wp-block-image size-large\"><img decoding=\"async\" src=\"https:\/\/res.cloudinary.com\/turna\/image\/upload\/v1719920540\/wordpress-contents\/Efes_Opera_ve_Bale_Festivali.jpg\" alt=\"Temmuz Ay\u0131 Etkinlikleri Efes Opera ve Bale Festivali\"\/><\/figure>\n\n\n\n<p>Devlet Opera ve Balesi Genel M\u00fcd\u00fcrl\u00fc\u011f\u00fc taraf\u0131ndan 2018 y\u0131l\u0131ndan bu yana d\u00fczenlenen Uluslararas\u0131 Efes Opera ve Bale Festivali, bu y\u0131l yeniden tadilat\u0131 tamamlanan Efes Antik Tiyatrosu\u2019nun b\u00fcy\u00fcleyici atmosferinde ger\u00e7ekle\u015fecek. K\u00fclt\u00fcr \u015f\u00f6leni, Ku\u011fu G\u00f6l\u00fc balesi g\u00f6sterisiyle ba\u015flad\u0131. Devam eden g\u00f6sterilerle izleyicilere hem g\u00f6rsel hem de ruhsal bir sanat ziyafeti sunacak.<\/p>\n\n\n\n<p><strong>Etkinlik Tarihleri:<\/strong> 29 Haziran-13 Temmuz<\/p>\n\n\n\n<p><strong><a href=\"https:\/\/www.turna.com\/ucak-bileti\/izmir\" target=\"_blank\" rel=\"noreferrer noopener\">\u0130zmir u\u00e7ak bileti<\/a><\/strong> se\u00e7enekleri i\u00e7in web sitemizi ziyaret edin.<\/p>\n\n\n\n<h3 class=\"wp-block-heading has-text-align-center has-neeon-button-dark-gray-color has-text-color has-link-color wp-elements-adbfa3af1fa050a83774be5b694802c2\"><span class=\"ez-toc-section\" id=\"harbiye_acik_hava_konserleri\"><\/span><strong><strong><strong><strong>Harbiye A\u00e7\u0131k Hava Konserleri<\/strong><\/strong><\/strong><\/strong><span class=\"ez-toc-section-end\"><\/span><\/h3>\n\n\n\n<figure class=\"wp-block-image size-large\"><img decoding=\"async\" src=\"https:\/\/res.cloudinary.com\/turna\/image\/upload\/v1719920540\/wordpress-contents\/harbiye_a%C3%A7%C4%B1k_hava_konserleri.jpg\" alt=\"Harbiye A\u00e7\u0131k Hava Konserleri\"\/><\/figure>\n\n\n\n<p>Harbiye Cemil Topuzlu A\u00e7\u0131khava Tiyatrosu\u2019nda ger\u00e7ekle\u015fecek Harbiye A\u00e7\u0131k Hava Yaz Konserleri\u2019nde, bu y\u0131l da T\u00fcrkiye\u2019nin ve d\u00fcnyan\u0131n \u00f6nde gelen sanat\u00e7\u0131lar\u0131 sizlerle bulu\u015facak. \u0130\u015fte Temmuz ay\u0131 konserleri listesi;<\/p>\n\n\n\n<p>1 Temmuz&nbsp;<strong>Zeynep Bast\u0131k<\/strong><br>2 Temmuz&nbsp;<strong>Loreena McKennitt<\/strong><br>3 Temmuz&nbsp;<strong>Evgeny Grinko<\/strong><br>4 Temmuz&nbsp;<strong>Sefo<\/strong><br>5 Temmuz&nbsp;<strong>An Epic Symphony &amp; Pentegram<\/strong><br>6 Temmuz&nbsp;<strong>Yngwie Malmsteen<\/strong><br>7 Temmuz&nbsp;<strong>An Epic Symphony &amp; Cem Adrian<\/strong><br>8 Temmuz&nbsp;<strong>Gregory Porter<\/strong><br>9 Temmuz&nbsp;<strong>An Epic Symphony &amp; G\u00f6khan T\u00fcrkmen<\/strong><br>10 Temmuz&nbsp;<strong>An Epic Symphony &amp; maNga<\/strong><br>11 Temmuz&nbsp;<strong>\u0130brahim Tatl\u0131ses<\/strong><br>12 Temmuz&nbsp;<strong>Chris Isaak<\/strong><br>13 Temmuz&nbsp;<strong>Teoman<\/strong><br>14 Temmuz&nbsp;<strong>Ayta S\u00f6zeri \u2013 R\u00fcya Konserleri<\/strong><br>15 Temmuz&nbsp;<strong>Teoman<\/strong><br>16 Temmuz&nbsp;<strong>Tan Ta\u015f\u00e7\u0131<\/strong><br>17 Temmuz&nbsp;<strong>Tan Ta\u015f\u00e7\u0131<\/strong><br>18 Temmuz&nbsp;<strong>Hadise<\/strong><br>19 Temmuz&nbsp;<strong>Hadise<\/strong><br>20 Temmuz&nbsp;<strong>G\u00f6ksel<\/strong><br>21 Temmuz<strong>&nbsp;Pink Martini<\/strong><br>22 Temmuz&nbsp;<strong>Mert Demir<\/strong><br>23 Temmuz&nbsp;<strong>Yasemin Sakall\u0131o\u011flu \u2013 Do\u011fru Koca Nas\u0131l Se\u00e7ilir?<\/strong><br>24 Temmuz&nbsp;<strong>Karsu<\/strong><br>25 Temmuz&nbsp;<strong>Aziza Mustafa Zadeh<\/strong><br>26 Temmuz&nbsp;<strong>Gipsy Kings feat Tonino Baliardo<\/strong><br>27 Temmuz&nbsp;<strong>Y\u0131ld\u0131z Tilbe<\/strong><br>28 Temmuz&nbsp;<strong>Nil\u00fcfer<\/strong><br>29 Temmuz&nbsp;<strong>Simge&nbsp;<\/strong><br>30 Temmuz&nbsp;<strong>Derya Bedavac\u0131<\/strong><br>31 Temmuz&nbsp;<strong>Hakan Altun<\/strong><\/p>\n\n\n\n<h3 class=\"wp-block-heading has-text-align-center has-neeon-button-dark-gray-color has-text-color has-link-color wp-elements-3cb5fb205c517a20cb464a51b3ed30bf\"><span class=\"ez-toc-section\" id=\"istanbul_caz_festivali\"><\/span><strong><strong><strong><strong>\u0130stanbul Caz Festivali<\/strong><\/strong><\/strong><\/strong><span class=\"ez-toc-section-end\"><\/span><\/h3>\n\n\n\n<figure class=\"wp-block-image size-large\"><img decoding=\"async\" src=\"https:\/\/res.cloudinary.com\/turna\/image\/upload\/v1719920540\/wordpress-contents\/istanbul_caz_festivali.jpg\" alt=\"\u0130stanbul Caz Festivali\"\/><\/figure>\n\n\n\n<p>\u0130stanbul\u2019un ritmi Temmuz Ay\u0131 Etkinlikleri ile bir ba\u015fka g\u00fczel! \u0130stanbul Caz Festivali, 1994 y\u0131l\u0131ndan bu yana \u0130stanbul K\u00fclt\u00fcr Sanat Vakf\u0131 taraf\u0131ndan her y\u0131l Temmuz ay\u0131n\u0131n ilk yar\u0131s\u0131nda d\u00fczenlenen ve kentin d\u00f6rt bir yan\u0131ndaki farkl\u0131 mekanlarda ger\u00e7ekle\u015ftirilen bir caz \u015f\u00f6leni. Bo\u011faz\u2019\u0131n e\u015fsiz manzaras\u0131 e\u015fli\u011finde, tarihi mekanlardan modern sahnelere kadar uzanan bu festivalde, caz\u0131n en se\u00e7kin isimleri b\u00fcy\u00fcleyici performanslar\u0131yla m\u00fczikseverleri mest ediyor. Festivalin b\u00fcy\u00fcleyici atmosferinde, d\u00fcnyaca \u00fcnl\u00fc caz sanat\u00e7\u0131lar\u0131 ve yerli yetenekler, \u0130stanbullulara ve \u015fehre gelen misafirlere unutulmaz bir m\u00fczik deneyimi ya\u015fat\u0131yor. \u0130stanbul Caz Festivali, m\u00fczi\u011fin kalbinde ritmi hissetmek isteyenler i\u00e7in ka\u00e7\u0131r\u0131lmayacak bir f\u0131rsat!<\/p>\n\n\n\n<p><strong>Etkinlik Tarihleri:<\/strong> 3 Temmuz-18 Temmuz<\/p>\n\n\n\n<p><strong><a href=\"https:\/\/www.turna.com\/ucak-bileti\/istanbul\" target=\"_blank\" rel=\"noreferrer noopener\">\u0130stanbul u\u00e7ak bileti<\/a><\/strong> se\u00e7enekleri i\u00e7in web sitemizi ziyaret edin.<\/p>\n\n\n\n<h3 class=\"wp-block-heading has-text-align-center has-neeon-button-dark-gray-color has-text-color has-link-color wp-elements-609f8c682f1ac8ce8cb70db572b4421e\"><span class=\"ez-toc-section\" id=\"uluslararasi_gumusluk_muzik_festivali\"><\/span><strong><strong><strong><strong>Uluslararas\u0131 G\u00fcm\u00fc\u015fl\u00fck M\u00fczik Festivali<\/strong><\/strong><\/strong><\/strong><span class=\"ez-toc-section-end\"><\/span><\/h3>\n\n\n\n<p>Bu y\u0131l \u201cTa\u015fta\u201d ba\u015fl\u0131\u011f\u0131 alt\u0131nda, tarihi Ta\u015f Oca\u011f\u0131&#8217;nda 9 konser ger\u00e7ekle\u015fecek olan G\u00fcm\u00fc\u015fl\u00fck M\u00fczik Festivali, a\u00e7\u0131l\u0131\u015f\u0131n\u0131 Macar kemanc\u0131 Krist\u00f3f Bar\u00e1ti ve gen\u00e7 T\u00fcrk piyanist Tuna Bilgin ile yapacak. Frans\u0131z piyanist Caroline Sageman, viyolonsel ustas\u0131 Poyraz Baltac\u0131gil ve piyanist Cem Esen de sahne alacak. G\u00fcm\u00fc\u015fl\u00fck sahilinde d\u00fczenlenen \u201cSuda\u201d konserlerinde ise Norve\u00e7li Mats Eilertsen Trio, \u00c7a\u011f\u0131l Kaya Sextet, Bosna Hersek\/\u0130spanya k\u00f6kenli Miron Rafajlovic, Hollandal\u0131 Tineke Postma Aria Group ve T\u00fcrk gitarist Cenk Erdo\u011fan performans sergileyecek. Festivalin son g\u00fcnlerinde, \u0130talyan piyanist Stefano Battaglia ve T\u00fcrk saksafoncu Tamer Temel\u2019in konseriyle \u201cSuda\u201d konserleri sona erecek. Festival, geni\u015f m\u00fczik yelpazesiyle her y\u0131l hem T\u00fcrkiye\u2019den hem de d\u00fcnyan\u0131n farkl\u0131 \u00fclkelerinden ilgi \u00e7ekici m\u00fczisyenleri a\u011f\u0131rl\u0131yor.<\/p>\n\n\n\n<p><strong>Etkinlik Tarihleri:<\/strong> 10 Temmuz-09 Eyl\u00fcl<\/p>\n\n\n\n<p><strong><a href=\"https:\/\/www.turna.com\/otobus-bileti\/bodrum\" target=\"_blank\" rel=\"noreferrer noopener\">Bodrum u\u00e7ak bileti<\/a><\/strong> se\u00e7enekleri i\u00e7in web sitemizi ziyaret edin.<\/p>\n\n\n\n<h3 class=\"wp-block-heading has-text-align-center has-neeon-button-dark-gray-color has-text-color has-link-color wp-elements-2386e8b0d3f7c1a0af4977ea78f9e888\"><span class=\"ez-toc-section\" id=\"uluslararasi_bursa_festivali\"><\/span><strong><strong><strong><strong>Uluslararas\u0131 Bursa Festivali<\/strong><\/strong><\/strong><\/strong><span class=\"ez-toc-section-end\"><\/span><\/h3>\n\n\n\n<p>T\u00fcrkiye\u2019nin en k\u00f6kl\u00fc etkinli\u011fi olan Uluslararas\u0131 Bursa Festivali, bu y\u0131l 62. kez 5-31 Temmuz tarihleri aras\u0131nda birbirinden \u00fcnl\u00fc sanat\u00e7\u0131 ve gruplar\u0131n kat\u0131l\u0131m\u0131yla ger\u00e7ekle\u015fecek. Festival, 5 Temmuz\u2019da Siudy Garrido Flamenko Toplulu\u011fu ve Bursa B\u00f6lge Devlet Senfoni Orkestras\u0131\u2019n\u0131n Merinos Park\u2019ta verece\u011fi konserle start alacak ve 31 Temmuz\u2019da B\u00fcy\u00fck Ev Ablukada konseriyle sona erecek. Bursal\u0131lar, bu festivalde Duble Salih, Ramazan Sesler ve G\u00fclcan Altan\u2019\u0131n e\u015fsiz performanslar\u0131n\u0131 dinleme f\u0131rsat\u0131 bulacak. Ayr\u0131ca, \u0130brahim Yaz\u0131c\u0131 \u015fefli\u011finde Pera Flarmoni Orkestras\u0131 ve \u015eevval Sam, izleyicilere unutulmaz bir m\u00fczik deneyimi ya\u015fatacak. T\u00fcrkiye\u2019nin en g\u00fc\u00e7l\u00fc seslerinden Fatih Erko\u00e7 ve \u00fcnl\u00fc caz piyanisti Kerem G\u00f6rsev de &#8216;Jazz Project&#8217; projesiyle m\u00fczikseverlerle bulu\u015facak. Bu e\u015fsiz m\u00fczik \u015f\u00f6leni, Bursa\u2019n\u0131n k\u00fclt\u00fcr ve sanat hayat\u0131n\u0131 renklendirecek.<\/p>\n\n\n\n<p><strong>Etkinlik Tarihleri:<\/strong> 5 Temmuz-31 Temmuz<\/p>\n\n\n\n<p><strong><a href=\"https:\/\/www.turna.com\/otobus-bileti\/bursa\" target=\"_blank\" rel=\"noreferrer noopener\">Bursa otob\u00fcs bileti<\/a><\/strong> se\u00e7enekleri i\u00e7in web sitemizi ziyaret edin.<\/p>\n\n    <div class=\"xs_social_share_widget xs_share_url after_content \t\tmain_content  wslu-style-1 wslu-share-box-shaped wslu-fill-colored wslu-none wslu-share-horizontal wslu-theme-font-no wslu-main_content\">\n\n\t\t\n        <ul>\n\t\t\t        <\/ul>\n    <\/div> \n","protected":false},"excerpt":{"rendered":"<p>Yaz mevsiminin en canl\u0131 ve heyecan dolu ay\u0131 Temmuz geldi! S\u0131cak havalar, tatil planlar\u0131 ve dolu dolu etkinlikler derken, Temmuz Ay\u0131 Etkinlikleri t\u00fcm enerjisiyle kap\u0131m\u0131z\u0131 \u00e7al\u0131yor. \u015eehir meydanlar\u0131nda rengarenk festivaller, sahillerde m\u00fczikle harmanlanm\u0131\u015f partiler ve sanat\u0131n her k\u00f6\u015feye yay\u0131ld\u0131\u011f\u0131 sergiler bu ay\u0131 unutulmaz k\u0131lacak. Hadi, festival co\u015fkusunu hissetmeye, yeni deneyimlere ve unutulmaz an\u0131lara kap\u0131 a\u00e7an bu etkinliklerle dolu Temmuz ay\u0131na hep birlikte g\u00f6z atal\u0131m!<\/p>\n","protected":false},"author":34,"featured_media":22748,"comment_status":"open","ping_status":"open","sticky":false,"template":"","format":"standard","meta":{"rop_custom_images_group":[],"rop_custom_messages_group":[],"rop_publish_now":"initial","rop_publish_now_accounts":[],"rop_publish_now_history":[],"rop_publish_now_status":"pending","_cloudinary_featured_overwrite":false,"footnotes":""},"categories":[1],"tags":[],"class_list":["post-22747","post","type-post","status-publish","format-standard","has-post-thumbnail","hentry","category-seyahat-rehberi"],"_links":{"self":[{"href":"https:\/\/www.turna.com\/blog\/wp-json\/wp\/v2\/posts\/22747","targetHints":{"allow":["GET"]}}],"collection":[{"href":"https:\/\/www.turna.com\/blog\/wp-json\/wp\/v2\/posts"}],"about":[{"href":"https:\/\/www.turna.com\/blog\/wp-json\/wp\/v2\/types\/post"}],"author":[{"embeddable":true,"href":"https:\/\/www.turna.com\/blog\/wp-json\/wp\/v2\/users\/34"}],"replies":[{"embeddable":true,"href":"https:\/\/www.turna.com\/blog\/wp-json\/wp\/v2\/comments?post=22747"}],"version-history":[{"count":0,"href":"https:\/\/www.turna.com\/blog\/wp-json\/wp\/v2\/posts\/22747\/revisions"}],"wp:featuredmedia":[{"embeddable":true,"href":"https:\/\/www.turna.com\/blog\/wp-json\/wp\/v2\/media\/22748"}],"wp:attachment":[{"href":"https:\/\/www.turna.com\/blog\/wp-json\/wp\/v2\/media?parent=22747"}],"wp:term":[{"taxonomy":"category","embeddable":true,"href":"https:\/\/www.turna.com\/blog\/wp-json\/wp\/v2\/categories?post=22747"},{"taxonomy":"post_tag","embeddable":true,"href":"https:\/\/www.turna.com\/blog\/wp-json\/wp\/v2\/tags?post=22747"}],"curies":[{"name":"wp","href":"https:\/\/api.w.org\/{rel}","templated":true}]}}